{"id":91659,"date":"2024-07-20T16:42:05","date_gmt":"2024-07-20T13:42:05","guid":{"rendered":"https:\/\/buletin.de\/bucuresti\/?p=91659"},"modified":"2024-07-20T16:55:53","modified_gmt":"2024-07-20T13:55:53","slug":"6-medalii-la-olimpiada-internationala-de-matematica-obtinute-de-elevii-de-la-2-licee-din-bucuresti","status":"publish","type":"post","link":"https:\/\/buletin.de\/bucuresti\/6-medalii-la-olimpiada-internationala-de-matematica-obtinute-de-elevii-de-la-2-licee-din-bucuresti\/","title":{"rendered":"6 medalii la Olimpiada Interna\u021bional\u0103 de Matematic\u0103, ob\u021binute de elevii de la 2 licee din Bucure\u0219ti"},"content":{"rendered":"\n<p><strong>6 medalii la Olimpiada Interna\u021bional\u0103 de Matematic\u0103 au fost ob\u021binute de elevii de la 2 licee din Bucure\u0219ti. Olimpicii rom\u00e2ni au ob\u021binut o medalie de aur, patru de argint \u0219i una de bronz.<\/strong><\/p>\n\n\n\n<p>La cea de-a 65-a Olimpiad\u0103 Interna\u021bional\u0103 de Matematic\u0103, organizat\u0103 la Bath, Marea Britanie, care s-a \u00eencheiat s\u00e2mb\u0103t\u0103, au fost prezen\u021bi peste 600 de copii din 110 \u021b\u0103ri, potrivit <a href=\"https:\/\/www.mediafax.ro\/social\/romania-a-obtinut-o-medalie-de-aur-patru-de-argint-si-o-una-de-bronz-la-olimpiada-de-matematica-22439116\" target=\"_blank\" rel=\"noreferrer noopener\">Ministerului Educa\u021biei.<\/a><\/p>\n\n\n\n<p>CITE\u0218TE \u0218I: <strong><a href=\"https:\/\/buletin.de\/bucuresti\/admitere-la-academia-de-politie-alexandru-ioan-cuza-au-inceput-inscrierile\/\">Admitere la Academia de Poli\u0163ie \u201eAlexandru Ioan Cuza\u201d. Au \u00eenceput \u00eenscrierile<\/a><\/strong><\/p>\n\n\n\n<h2 class=\"wp-block-heading\">Medalii la Olimpiada Interna\u021bional\u0103 de Matematic\u0103<\/h2>\n\n\n\n<p>Cele 6 medalii la Olimpiada Interna\u021bional\u0103 de Matematic\u0103 au fost ob\u021binute dup\u0103 cum urmeaz\u0103:<\/p>\n\n\n\n<p>&#8211; medalie de aur:<strong> Pavel Ciurea<\/strong> de la Liceul Interna\u021bional de Informatic\u0103 Bucure\u0219ti (ICHB)<\/p>\n\n\n\n<p>&#8211; medalii de argint: <strong>Andrei Vila,<\/strong> <strong>David-Andrei Anghel,<\/strong> <strong>Vlad-Titus Sp\u01cetaru<\/strong> de la Liceul Interna\u021bional de Informatic\u0103 Bucure\u0219ti \u015fi <strong>Andrei-Giovani Chiri\u021b\u0103<\/strong> de la Colegiul Na\u021bional de Informatic\u0103 &#8220;Tudor Vianu&#8221; din Bucure\u0219ti.<\/p>\n\n\n\n<p>&#8211; medalie de bronz: <strong>Aida Mitroi<\/strong> de la Liceul Interna\u021bional de Informatic\u0103 Bucure\u0219ti.<\/p>\n\n\n\n<p>\u201eDelega\u0163ia Rom\u00e2niei a fost coordonat\u0103 de conf. univ. dr. C\u0103t\u0103lin-Liviu Gherghe de la Facultatea de Matematic\u0103 \u015fi Informatic\u0103 a Universit\u0103\u0163ii din Bucure\u015fti (Leader), lect. univ. dr. Mihai Chi\u015f de la Facultatea de Matematic\u0103 \u015fi Informatic\u0103 a Universit\u0103\u0163ii de Vest din Timi\u015foara (Deputy Leader) \u015fi de Lucian \u0162urea, Societatea de \u015etiin\u0163e Matematice din Rom\u00e2nia. Felicit\u0103ri echipei Rom\u00e2niei pentru rezultatele ob\u0163inute\u201d, se arat\u0103 \u00een finalul comunicatului.<\/p>\n\n\n\n<p>CITE\u0218TE \u0218I:\u00a0<strong><a href=\"https:\/\/buletin.de\/bucuresti\/trenurile-spre-constanta-nu-vor-mai-pleca-din-gara-de-nord-propunere-pentru-modernizarea-complexului-feroviar-bucuresti\/\">Trenurile spre Constan\u021ba nu vor mai pleca din Gara de Nord. Propunere pentru modernizarea Complexului Feroviar Bucure\u0219ti<\/a><\/strong><\/p>\n\n\n\n<h2 class=\"wp-block-heading\">Pavel Ciurea, a doua medalie de aur consecutiv<\/h2>\n\n\n\n<p><strong>Matematica ar trebui predat\u0103 ca o poveste, declara anul trecut Pavel Ciurea, \u00eentr-un interviu pentru <a href=\"https:\/\/romania.europalibera.org\/a\/pavel-ciurea-cel-mai-tanar-olimpic-la-matematica\/32513447.html\" target=\"_blank\" rel=\"noreferrer noopener\">Europa Liber\u0103<\/a>, dup\u0103 ce a ob\u021binut, al\u0103turi de ceilal\u021bi cinci colegi, cel mai bun rezultat al Rom\u00e2niei din ultimii 24 ani.<\/strong><\/p>\n\n\n\n<p>\u0218i \u00een 2023, Pavel Ciurea a ob\u021binut tot medalia de aur, atunci fiind la prima sa participare la o asftfel de competi\u021bie interna\u021bional\u0103.<\/p>\n\n\n\n<p>\u201e\u00cen general, \u00een medie, lucrez singur acas\u0103 undeva la 60h\/s\u0103pt\u0103m\u00e2n\u0103 la matematic\u0103, \u00een timpul s\u0103pt\u0103m\u00e2nilor de \u0219coal\u0103. Dar c\u00e2nd avem liber, cum sunt de exemplu cele trei s\u0103pt\u0103m\u00e2ni dinantea olimpiadei na\u021bionale, lucrez care 90 de ore pe s\u0103pt\u0103m\u00e2n\u0103\u201d, declara elevul.<\/p>\n\n\n\n<p><strong>Olimpicul afirma c\u0103, dup\u0103 ce termin\u0103 liceul \u00een Rom\u00e2nia, vrea s\u0103 \u00ee\u0219i continue studiile fie \u00een SUA, la o universitate precum Harvard, fie r\u0103m\u00e2ne \u00een Europa, la o universitate precum Cambridge.<\/strong><\/p>\n\n\n\n<h2 class=\"wp-block-heading\">Rezultate un pic mai slabe fa\u021b\u0103 de 2023<\/h2>\n\n\n\n<p>La edi\u021bia de anul trecut, David-Andrei Anghel a luat medalia de aur, cu maximum de puncte ce puteau fi ob\u021binute. Tot aur a ob\u021binut, \u00een 2023, \u0219i Andrei Chiri\u021b\u0103. Per total, lotul Rom\u00e2niei a ob\u021binut  5 medalii de aur \u0219i una de argint, cel mai bun rezultat al Rom\u00e2niei din ultimii 24 ani<\/p>\n","protected":false},"excerpt":{"rendered":"<p>6 medalii la Olimpiada Interna\u021bional\u0103 de Matematic\u0103 au fost ob\u021binute de elevii de la 2 licee din Bucure\u0219ti. Olimpicii rom\u00e2ni au ob\u021binut o medalie de aur, patru de argint \u0219i una de bronz. La cea de-a 65-a Olimpiad\u0103 Interna\u021bional\u0103 de Matematic\u0103, organizat\u0103 la Bath, Marea Britanie, care s-a \u00eencheiat s\u00e2mb\u0103t\u0103, au fost prezen\u021bi peste 600 [&hellip;]<\/p>\n","protected":false},"author":1,"featured_media":91660,"comment_status":"closed","ping_status":"open","sticky":false,"template":"","format":"standard","meta":{"_acf_changed":false,"inline_featured_image":false,"ngg_post_thumbnail":0,"footnotes":""},"categories":[6994,3421,5762],"tags":[13505,13507,13509,13508,13504,13506],"ppma_author":[22583],"class_list":["post-91659","post","type-post","status-publish","format-standard","has-post-thumbnail","hentry","category-stiri-2","category-educatie","category-main","tag-aur-la-olimpiada","tag-elevi-olimpici","tag-liceul-de-informatica","tag-liceul-international-de-matematica","tag-medalie-de-aur","tag-olimpiada-de-matematica"],"acf":[],"yoast_head":"<!-- This site is optimized with the Yoast SEO Premium plugin v25.3 (Yoast SEO v27.5) - https:\/\/yoast.com\/product\/yoast-seo-premium-wordpress\/ -->\n<title>6 medalii la Olimpiada Interna\u021bional\u0103 de Matematic\u0103, ob\u021binute de elevii de la 2 licee din Bucure\u0219ti - Buletin de Bucure\u0219ti<\/title>\n<meta name=\"description\" content=\"6 medalii la Olimpiada Interna\u021bional\u0103 de Matematic\u0103 au fost ob\u021binute de elevii de la 2 licee: 1 de aur, 4 de argint \u0219i 1 de bronz.\" \/>\n<meta name=\"robots\" content=\"index, follow, max-snippet:-1, max-image-preview:large, max-video-preview:-1\" \/>\n<link rel=\"canonical\" href=\"https:\/\/buletin.de\/bucuresti\/6-medalii-la-olimpiada-internationala-de-matematica-obtinute-de-elevii-de-la-2-licee-din-bucuresti\/\" \/>\n<meta property=\"og:locale\" content=\"en_GB\" \/>\n<meta property=\"og:type\" content=\"article\" \/>\n<meta property=\"og:title\" content=\"6 medalii la Olimpiada Interna\u021bional\u0103 de Matematic\u0103, ob\u021binute de elevii de la 2 licee din Bucure\u0219ti\" \/>\n<meta property=\"og:description\" content=\"6 medalii la Olimpiada Interna\u021bional\u0103 de Matematic\u0103 au fost ob\u021binute de elevii de la 2 licee: 1 de aur, 4 de argint \u0219i 1 de bronz.\" \/>\n<meta property=\"og:url\" content=\"https:\/\/buletin.de\/bucuresti\/6-medalii-la-olimpiada-internationala-de-matematica-obtinute-de-elevii-de-la-2-licee-din-bucuresti\/\" \/>\n<meta property=\"og:site_name\" content=\"Buletin de Bucure\u0219ti\" \/>\n<meta property=\"article:publisher\" content=\"https:\/\/www.facebook.com\/buletin.de.buc\" \/>\n<meta property=\"article:published_time\" content=\"2024-07-20T13:42:05+00:00\" \/>\n<meta property=\"article:modified_time\" content=\"2024-07-20T13:55:53+00:00\" \/>\n<meta property=\"og:image\" content=\"https:\/\/buletin.de\/bucuresti\/wp-content\/uploads\/6medaliilaolimpiada.jpg\" \/>\n\t<meta property=\"og:image:width\" content=\"717\" \/>\n\t<meta property=\"og:image:height\" content=\"540\" \/>\n\t<meta property=\"og:image:type\" content=\"image\/jpeg\" \/>\n<meta name=\"author\" content=\"Redac\u021bia Buletin de Bucure\u0219ti\" \/>\n<meta name=\"twitter:card\" content=\"summary_large_image\" \/>\n<meta name=\"twitter:label1\" content=\"Written by\" \/>\n\t<meta name=\"twitter:data1\" content=\"Redac\u021bia Buletin de Bucure\u0219ti\" \/>\n\t<meta name=\"twitter:label2\" content=\"Estimated reading time\" \/>\n\t<meta name=\"twitter:data2\" content=\"3 minutes\" \/>\n<script type=\"application\/ld+json\" class=\"yoast-schema-graph\">{\"@context\":\"https:\\\/\\\/schema.org\",\"@graph\":[{\"@type\":\"Article\",\"@id\":\"https:\\\/\\\/buletin.de\\\/bucuresti\\\/6-medalii-la-olimpiada-internationala-de-matematica-obtinute-de-elevii-de-la-2-licee-din-bucuresti\\\/#article\",\"isPartOf\":{\"@id\":\"https:\\\/\\\/buletin.de\\\/bucuresti\\\/6-medalii-la-olimpiada-internationala-de-matematica-obtinute-de-elevii-de-la-2-licee-din-bucuresti\\\/\"},\"author\":{\"name\":\"Redac\u021bia Buletin de Bucure\u0219ti\",\"@id\":\"https:\\\/\\\/buletin.de\\\/bucuresti\\\/#\\\/schema\\\/person\\\/2bbcf854e5f2419a13804af574d06ab1\"},\"headline\":\"6 medalii la Olimpiada Interna\u021bional\u0103 de Matematic\u0103, ob\u021binute de elevii de la 2 licee din Bucure\u0219ti\",\"datePublished\":\"2024-07-20T13:42:05+00:00\",\"dateModified\":\"2024-07-20T13:55:53+00:00\",\"mainEntityOfPage\":{\"@id\":\"https:\\\/\\\/buletin.de\\\/bucuresti\\\/6-medalii-la-olimpiada-internationala-de-matematica-obtinute-de-elevii-de-la-2-licee-din-bucuresti\\\/\"},\"wordCount\":511,\"publisher\":{\"@id\":\"https:\\\/\\\/buletin.de\\\/bucuresti\\\/#organization\"},\"image\":{\"@id\":\"https:\\\/\\\/buletin.de\\\/bucuresti\\\/6-medalii-la-olimpiada-internationala-de-matematica-obtinute-de-elevii-de-la-2-licee-din-bucuresti\\\/#primaryimage\"},\"thumbnailUrl\":\"https:\\\/\\\/buletin.de\\\/bucuresti\\\/wp-content\\\/uploads\\\/6medaliilaolimpiada.jpg\",\"keywords\":[\"aur la olimpiada\",\"elevi olimpici\",\"liceul de informatica\",\"liceul international de matematica\",\"medalie de aur\",\"olimpiada de matematica\"],\"articleSection\":[\"Articole\",\"Educa\u021bie\",\"Main\"],\"inLanguage\":\"en-GB\",\"copyrightYear\":\"2024\",\"copyrightHolder\":{\"@id\":\"https:\\\/\\\/buletin.de\\\/bucuresti\\\/#organization\"}},{\"@type\":\"WebPage\",\"@id\":\"https:\\\/\\\/buletin.de\\\/bucuresti\\\/6-medalii-la-olimpiada-internationala-de-matematica-obtinute-de-elevii-de-la-2-licee-din-bucuresti\\\/\",\"url\":\"https:\\\/\\\/buletin.de\\\/bucuresti\\\/6-medalii-la-olimpiada-internationala-de-matematica-obtinute-de-elevii-de-la-2-licee-din-bucuresti\\\/\",\"name\":\"6 medalii la Olimpiada Interna\u021bional\u0103 de Matematic\u0103, ob\u021binute de elevii de la 2 licee din Bucure\u0219ti - Buletin de Bucure\u0219ti\",\"isPartOf\":{\"@id\":\"https:\\\/\\\/buletin.de\\\/bucuresti\\\/#website\"},\"primaryImageOfPage\":{\"@id\":\"https:\\\/\\\/buletin.de\\\/bucuresti\\\/6-medalii-la-olimpiada-internationala-de-matematica-obtinute-de-elevii-de-la-2-licee-din-bucuresti\\\/#primaryimage\"},\"image\":{\"@id\":\"https:\\\/\\\/buletin.de\\\/bucuresti\\\/6-medalii-la-olimpiada-internationala-de-matematica-obtinute-de-elevii-de-la-2-licee-din-bucuresti\\\/#primaryimage\"},\"thumbnailUrl\":\"https:\\\/\\\/buletin.de\\\/bucuresti\\\/wp-content\\\/uploads\\\/6medaliilaolimpiada.jpg\",\"datePublished\":\"2024-07-20T13:42:05+00:00\",\"dateModified\":\"2024-07-20T13:55:53+00:00\",\"description\":\"6 medalii la Olimpiada Interna\u021bional\u0103 de Matematic\u0103 au fost ob\u021binute de elevii de la 2 licee: 1 de aur, 4 de argint \u0219i 1 de bronz.\",\"breadcrumb\":{\"@id\":\"https:\\\/\\\/buletin.de\\\/bucuresti\\\/6-medalii-la-olimpiada-internationala-de-matematica-obtinute-de-elevii-de-la-2-licee-din-bucuresti\\\/#breadcrumb\"},\"inLanguage\":\"en-GB\",\"potentialAction\":[{\"@type\":\"ReadAction\",\"target\":[\"https:\\\/\\\/buletin.de\\\/bucuresti\\\/6-medalii-la-olimpiada-internationala-de-matematica-obtinute-de-elevii-de-la-2-licee-din-bucuresti\\\/\"]}]},{\"@type\":\"ImageObject\",\"inLanguage\":\"en-GB\",\"@id\":\"https:\\\/\\\/buletin.de\\\/bucuresti\\\/6-medalii-la-olimpiada-internationala-de-matematica-obtinute-de-elevii-de-la-2-licee-din-bucuresti\\\/#primaryimage\",\"url\":\"https:\\\/\\\/buletin.de\\\/bucuresti\\\/wp-content\\\/uploads\\\/6medaliilaolimpiada.jpg\",\"contentUrl\":\"https:\\\/\\\/buletin.de\\\/bucuresti\\\/wp-content\\\/uploads\\\/6medaliilaolimpiada.jpg\",\"width\":717,\"height\":540,\"caption\":\"6 medalii la Olimpiada Interna\u021bional\u0103 de Matematic\u0103\"},{\"@type\":\"BreadcrumbList\",\"@id\":\"https:\\\/\\\/buletin.de\\\/bucuresti\\\/6-medalii-la-olimpiada-internationala-de-matematica-obtinute-de-elevii-de-la-2-licee-din-bucuresti\\\/#breadcrumb\",\"itemListElement\":[{\"@type\":\"ListItem\",\"position\":1,\"name\":\"Acas\u0103\",\"item\":\"https:\\\/\\\/buletin.de\\\/bucuresti\\\/\"},{\"@type\":\"ListItem\",\"position\":2,\"name\":\"6 medalii la Olimpiada Interna\u021bional\u0103 de Matematic\u0103, ob\u021binute de elevii de la 2 licee din Bucure\u0219ti\"}]},{\"@type\":\"WebSite\",\"@id\":\"https:\\\/\\\/buletin.de\\\/bucuresti\\\/#website\",\"url\":\"https:\\\/\\\/buletin.de\\\/bucuresti\\\/\",\"name\":\"Buletin de Bucure\u0219ti\",\"description\":\"\u0218tiri \u0219i investiga\u021bii esen\u021biale din capital\u0103\",\"publisher\":{\"@id\":\"https:\\\/\\\/buletin.de\\\/bucuresti\\\/#organization\"},\"potentialAction\":[{\"@type\":\"SearchAction\",\"target\":{\"@type\":\"EntryPoint\",\"urlTemplate\":\"https:\\\/\\\/buletin.de\\\/bucuresti\\\/?s={search_term_string}\"},\"query-input\":{\"@type\":\"PropertyValueSpecification\",\"valueRequired\":true,\"valueName\":\"search_term_string\"}}],\"inLanguage\":\"en-GB\"},{\"@type\":\"Organization\",\"@id\":\"https:\\\/\\\/buletin.de\\\/bucuresti\\\/#organization\",\"name\":\"Buletin de Bucure\u0219ti\",\"url\":\"https:\\\/\\\/buletin.de\\\/bucuresti\\\/\",\"logo\":{\"@type\":\"ImageObject\",\"inLanguage\":\"en-GB\",\"@id\":\"https:\\\/\\\/buletin.de\\\/bucuresti\\\/#\\\/schema\\\/logo\\\/image\\\/\",\"url\":\"https:\\\/\\\/buletin.de\\\/bucuresti\\\/wp-content\\\/uploads\\\/logo-bdb-full-wide-vernil-transparent.png\",\"contentUrl\":\"https:\\\/\\\/buletin.de\\\/bucuresti\\\/wp-content\\\/uploads\\\/logo-bdb-full-wide-vernil-transparent.png\",\"width\":1782,\"height\":626,\"caption\":\"Buletin de Bucure\u0219ti\"},\"image\":{\"@id\":\"https:\\\/\\\/buletin.de\\\/bucuresti\\\/#\\\/schema\\\/logo\\\/image\\\/\"},\"sameAs\":[\"https:\\\/\\\/www.facebook.com\\\/buletin.de.buc\",\"https:\\\/\\\/www.instagram.com\\\/buletinde.bucuresti\\\/\"]},{\"@type\":\"Person\",\"@id\":\"https:\\\/\\\/buletin.de\\\/bucuresti\\\/#\\\/schema\\\/person\\\/2bbcf854e5f2419a13804af574d06ab1\",\"name\":\"Redac\u021bia Buletin de Bucure\u0219ti\",\"image\":{\"@type\":\"ImageObject\",\"inLanguage\":\"en-GB\",\"@id\":\"https:\\\/\\\/secure.gravatar.com\\\/avatar\\\/18c5342381ed1a08620e6280424e3e5efc958618f5d67c522c9e44c1bc6f9226?s=96&d=monsterid&r=g60c7cd0ad92c68c049fcd4bb3504d609\",\"url\":\"https:\\\/\\\/secure.gravatar.com\\\/avatar\\\/18c5342381ed1a08620e6280424e3e5efc958618f5d67c522c9e44c1bc6f9226?s=96&d=monsterid&r=g\",\"contentUrl\":\"https:\\\/\\\/secure.gravatar.com\\\/avatar\\\/18c5342381ed1a08620e6280424e3e5efc958618f5d67c522c9e44c1bc6f9226?s=96&d=monsterid&r=g\",\"caption\":\"Redac\u021bia Buletin de Bucure\u0219ti\"},\"description\":\"Buletin de Bucure\u0219ti exist\u0103 din vara anului 2019.\",\"url\":\"https:\\\/\\\/buletin.de\\\/bucuresti\\\/author\\\/adminbuletin\\\/\"}]}<\/script>\n<!-- \/ Yoast SEO Premium plugin. -->","yoast_head_json":{"title":"6 medalii la Olimpiada Interna\u021bional\u0103 de Matematic\u0103, ob\u021binute de elevii de la 2 licee din Bucure\u0219ti - Buletin de Bucure\u0219ti","description":"6 medalii la Olimpiada Interna\u021bional\u0103 de Matematic\u0103 au fost ob\u021binute de elevii de la 2 licee: 1 de aur, 4 de argint \u0219i 1 de bronz.","robots":{"index":"index","follow":"follow","max-snippet":"max-snippet:-1","max-image-preview":"max-image-preview:large","max-video-preview":"max-video-preview:-1"},"canonical":"https:\/\/buletin.de\/bucuresti\/6-medalii-la-olimpiada-internationala-de-matematica-obtinute-de-elevii-de-la-2-licee-din-bucuresti\/","og_locale":"en_GB","og_type":"article","og_title":"6 medalii la Olimpiada Interna\u021bional\u0103 de Matematic\u0103, ob\u021binute de elevii de la 2 licee din Bucure\u0219ti","og_description":"6 medalii la Olimpiada Interna\u021bional\u0103 de Matematic\u0103 au fost ob\u021binute de elevii de la 2 licee: 1 de aur, 4 de argint \u0219i 1 de bronz.","og_url":"https:\/\/buletin.de\/bucuresti\/6-medalii-la-olimpiada-internationala-de-matematica-obtinute-de-elevii-de-la-2-licee-din-bucuresti\/","og_site_name":"Buletin de Bucure\u0219ti","article_publisher":"https:\/\/www.facebook.com\/buletin.de.buc","article_published_time":"2024-07-20T13:42:05+00:00","article_modified_time":"2024-07-20T13:55:53+00:00","og_image":[{"width":717,"height":540,"url":"https:\/\/buletin.de\/bucuresti\/wp-content\/uploads\/6medaliilaolimpiada.jpg","type":"image\/jpeg"}],"author":"Redac\u021bia Buletin de Bucure\u0219ti","twitter_card":"summary_large_image","twitter_misc":{"Written by":"Redac\u021bia Buletin de Bucure\u0219ti","Estimated reading time":"3 minutes"},"schema":{"@context":"https:\/\/schema.org","@graph":[{"@type":"Article","@id":"https:\/\/buletin.de\/bucuresti\/6-medalii-la-olimpiada-internationala-de-matematica-obtinute-de-elevii-de-la-2-licee-din-bucuresti\/#article","isPartOf":{"@id":"https:\/\/buletin.de\/bucuresti\/6-medalii-la-olimpiada-internationala-de-matematica-obtinute-de-elevii-de-la-2-licee-din-bucuresti\/"},"author":{"name":"Redac\u021bia Buletin de Bucure\u0219ti","@id":"https:\/\/buletin.de\/bucuresti\/#\/schema\/person\/2bbcf854e5f2419a13804af574d06ab1"},"headline":"6 medalii la Olimpiada Interna\u021bional\u0103 de Matematic\u0103, ob\u021binute de elevii de la 2 licee din Bucure\u0219ti","datePublished":"2024-07-20T13:42:05+00:00","dateModified":"2024-07-20T13:55:53+00:00","mainEntityOfPage":{"@id":"https:\/\/buletin.de\/bucuresti\/6-medalii-la-olimpiada-internationala-de-matematica-obtinute-de-elevii-de-la-2-licee-din-bucuresti\/"},"wordCount":511,"publisher":{"@id":"https:\/\/buletin.de\/bucuresti\/#organization"},"image":{"@id":"https:\/\/buletin.de\/bucuresti\/6-medalii-la-olimpiada-internationala-de-matematica-obtinute-de-elevii-de-la-2-licee-din-bucuresti\/#primaryimage"},"thumbnailUrl":"https:\/\/buletin.de\/bucuresti\/wp-content\/uploads\/6medaliilaolimpiada.jpg","keywords":["aur la olimpiada","elevi olimpici","liceul de informatica","liceul international de matematica","medalie de aur","olimpiada de matematica"],"articleSection":["Articole","Educa\u021bie","Main"],"inLanguage":"en-GB","copyrightYear":"2024","copyrightHolder":{"@id":"https:\/\/buletin.de\/bucuresti\/#organization"}},{"@type":"WebPage","@id":"https:\/\/buletin.de\/bucuresti\/6-medalii-la-olimpiada-internationala-de-matematica-obtinute-de-elevii-de-la-2-licee-din-bucuresti\/","url":"https:\/\/buletin.de\/bucuresti\/6-medalii-la-olimpiada-internationala-de-matematica-obtinute-de-elevii-de-la-2-licee-din-bucuresti\/","name":"6 medalii la Olimpiada Interna\u021bional\u0103 de Matematic\u0103, ob\u021binute de elevii de la 2 licee din Bucure\u0219ti - Buletin de Bucure\u0219ti","isPartOf":{"@id":"https:\/\/buletin.de\/bucuresti\/#website"},"primaryImageOfPage":{"@id":"https:\/\/buletin.de\/bucuresti\/6-medalii-la-olimpiada-internationala-de-matematica-obtinute-de-elevii-de-la-2-licee-din-bucuresti\/#primaryimage"},"image":{"@id":"https:\/\/buletin.de\/bucuresti\/6-medalii-la-olimpiada-internationala-de-matematica-obtinute-de-elevii-de-la-2-licee-din-bucuresti\/#primaryimage"},"thumbnailUrl":"https:\/\/buletin.de\/bucuresti\/wp-content\/uploads\/6medaliilaolimpiada.jpg","datePublished":"2024-07-20T13:42:05+00:00","dateModified":"2024-07-20T13:55:53+00:00","description":"6 medalii la Olimpiada Interna\u021bional\u0103 de Matematic\u0103 au fost ob\u021binute de elevii de la 2 licee: 1 de aur, 4 de argint \u0219i 1 de bronz.","breadcrumb":{"@id":"https:\/\/buletin.de\/bucuresti\/6-medalii-la-olimpiada-internationala-de-matematica-obtinute-de-elevii-de-la-2-licee-din-bucuresti\/#breadcrumb"},"inLanguage":"en-GB","potentialAction":[{"@type":"ReadAction","target":["https:\/\/buletin.de\/bucuresti\/6-medalii-la-olimpiada-internationala-de-matematica-obtinute-de-elevii-de-la-2-licee-din-bucuresti\/"]}]},{"@type":"ImageObject","inLanguage":"en-GB","@id":"https:\/\/buletin.de\/bucuresti\/6-medalii-la-olimpiada-internationala-de-matematica-obtinute-de-elevii-de-la-2-licee-din-bucuresti\/#primaryimage","url":"https:\/\/buletin.de\/bucuresti\/wp-content\/uploads\/6medaliilaolimpiada.jpg","contentUrl":"https:\/\/buletin.de\/bucuresti\/wp-content\/uploads\/6medaliilaolimpiada.jpg","width":717,"height":540,"caption":"6 medalii la Olimpiada Interna\u021bional\u0103 de Matematic\u0103"},{"@type":"BreadcrumbList","@id":"https:\/\/buletin.de\/bucuresti\/6-medalii-la-olimpiada-internationala-de-matematica-obtinute-de-elevii-de-la-2-licee-din-bucuresti\/#breadcrumb","itemListElement":[{"@type":"ListItem","position":1,"name":"Acas\u0103","item":"https:\/\/buletin.de\/bucuresti\/"},{"@type":"ListItem","position":2,"name":"6 medalii la Olimpiada Interna\u021bional\u0103 de Matematic\u0103, ob\u021binute de elevii de la 2 licee din Bucure\u0219ti"}]},{"@type":"WebSite","@id":"https:\/\/buletin.de\/bucuresti\/#website","url":"https:\/\/buletin.de\/bucuresti\/","name":"Buletin de Bucure\u0219ti","description":"\u0218tiri \u0219i investiga\u021bii esen\u021biale din capital\u0103","publisher":{"@id":"https:\/\/buletin.de\/bucuresti\/#organization"},"potentialAction":[{"@type":"SearchAction","target":{"@type":"EntryPoint","urlTemplate":"https:\/\/buletin.de\/bucuresti\/?s={search_term_string}"},"query-input":{"@type":"PropertyValueSpecification","valueRequired":true,"valueName":"search_term_string"}}],"inLanguage":"en-GB"},{"@type":"Organization","@id":"https:\/\/buletin.de\/bucuresti\/#organization","name":"Buletin de Bucure\u0219ti","url":"https:\/\/buletin.de\/bucuresti\/","logo":{"@type":"ImageObject","inLanguage":"en-GB","@id":"https:\/\/buletin.de\/bucuresti\/#\/schema\/logo\/image\/","url":"https:\/\/buletin.de\/bucuresti\/wp-content\/uploads\/logo-bdb-full-wide-vernil-transparent.png","contentUrl":"https:\/\/buletin.de\/bucuresti\/wp-content\/uploads\/logo-bdb-full-wide-vernil-transparent.png","width":1782,"height":626,"caption":"Buletin de Bucure\u0219ti"},"image":{"@id":"https:\/\/buletin.de\/bucuresti\/#\/schema\/logo\/image\/"},"sameAs":["https:\/\/www.facebook.com\/buletin.de.buc","https:\/\/www.instagram.com\/buletinde.bucuresti\/"]},{"@type":"Person","@id":"https:\/\/buletin.de\/bucuresti\/#\/schema\/person\/2bbcf854e5f2419a13804af574d06ab1","name":"Redac\u021bia Buletin de Bucure\u0219ti","image":{"@type":"ImageObject","inLanguage":"en-GB","@id":"https:\/\/secure.gravatar.com\/avatar\/18c5342381ed1a08620e6280424e3e5efc958618f5d67c522c9e44c1bc6f9226?s=96&d=monsterid&r=g60c7cd0ad92c68c049fcd4bb3504d609","url":"https:\/\/secure.gravatar.com\/avatar\/18c5342381ed1a08620e6280424e3e5efc958618f5d67c522c9e44c1bc6f9226?s=96&d=monsterid&r=g","contentUrl":"https:\/\/secure.gravatar.com\/avatar\/18c5342381ed1a08620e6280424e3e5efc958618f5d67c522c9e44c1bc6f9226?s=96&d=monsterid&r=g","caption":"Redac\u021bia Buletin de Bucure\u0219ti"},"description":"Buletin de Bucure\u0219ti exist\u0103 din vara anului 2019.","url":"https:\/\/buletin.de\/bucuresti\/author\/adminbuletin\/"}]}},"authors":[{"term_id":22583,"user_id":1,"is_guest":0,"slug":"adminbuletin","display_name":"Redac\u021bia Buletin de Bucure\u0219ti","avatar_url":"https:\/\/secure.gravatar.com\/avatar\/18c5342381ed1a08620e6280424e3e5efc958618f5d67c522c9e44c1bc6f9226?s=96&d=monsterid&r=g","0":null,"1":"","2":"","3":"","4":"","5":"","6":"","7":"","8":""}],"_links":{"self":[{"href":"https:\/\/buletin.de\/bucuresti\/wp-json\/wp\/v2\/posts\/91659","targetHints":{"allow":["GET"]}}],"collection":[{"href":"https:\/\/buletin.de\/bucuresti\/wp-json\/wp\/v2\/posts"}],"about":[{"href":"https:\/\/buletin.de\/bucuresti\/wp-json\/wp\/v2\/types\/post"}],"author":[{"embeddable":true,"href":"https:\/\/buletin.de\/bucuresti\/wp-json\/wp\/v2\/users\/1"}],"replies":[{"embeddable":true,"href":"https:\/\/buletin.de\/bucuresti\/wp-json\/wp\/v2\/comments?post=91659"}],"version-history":[{"count":7,"href":"https:\/\/buletin.de\/bucuresti\/wp-json\/wp\/v2\/posts\/91659\/revisions"}],"predecessor-version":[{"id":91671,"href":"https:\/\/buletin.de\/bucuresti\/wp-json\/wp\/v2\/posts\/91659\/revisions\/91671"}],"wp:featuredmedia":[{"embeddable":true,"href":"https:\/\/buletin.de\/bucuresti\/wp-json\/wp\/v2\/media\/91660"}],"wp:attachment":[{"href":"https:\/\/buletin.de\/bucuresti\/wp-json\/wp\/v2\/media?parent=91659"}],"wp:term":[{"taxonomy":"category","embeddable":true,"href":"https:\/\/buletin.de\/bucuresti\/wp-json\/wp\/v2\/categories?post=91659"},{"taxonomy":"post_tag","embeddable":true,"href":"https:\/\/buletin.de\/bucuresti\/wp-json\/wp\/v2\/tags?post=91659"},{"taxonomy":"author","embeddable":true,"href":"https:\/\/buletin.de\/bucuresti\/wp-json\/wp\/v2\/ppma_author?post=91659"}],"curies":[{"name":"wp","href":"https:\/\/api.w.org\/{rel}","templated":true}]}}