{"id":91625,"date":"2024-07-23T11:46:41","date_gmt":"2024-07-23T08:46:41","guid":{"rendered":"https:\/\/buletin.de\/bucuresti\/?p=91625"},"modified":"2024-07-23T15:26:51","modified_gmt":"2024-07-23T12:26:51","slug":"editorial-de-unde-vin-drogurile-cand-vin-cazul-festivalului-saga-si-excesul-de-zel-prost-tintit-al-politiei-romane","status":"publish","type":"post","link":"https:\/\/buletin.de\/bucuresti\/editorial-de-unde-vin-drogurile-cand-vin-cazul-festivalului-saga-si-excesul-de-zel-prost-tintit-al-politiei-romane\/","title":{"rendered":"EDITORIAL | De unde vin drogurile c\u00e2nd vin? Cazul festivalului SAGA \u0219i excesul de zel prost al institu\u021biilor de for\u021b\u0103"},"content":{"rendered":"\n<p><strong>Universul drogurilor este o problem\u0103 pe vertical\u0103, de la trafican\u0163i \u015fi p\u00e2n\u0103 la consumatorii minori, dar care e tratat\u0103 de autorit\u0103\u0163ile rom\u00e2ne&#8230; \u00een zig-zag. <\/strong><\/p>\n\n\n\n<p><strong>Comunicatele pompoase ale poli\u0163i\u015ftilor \u015fi procurorilor vorbesc de capturi care mai de care, de parc\u0103 ar fi destructurat \u00eentregi carteluri, \u00eens\u0103 marii rechini cu care se trag \u00een poz\u0103 sunt de fapt mici pe\u015fti &#8211; victime ale anturajului ori ale unor r\u0103t\u0103ciri de moment. Astfel, consumatori care ar putea fi reabilita\u0163i ajung \u00eentr-o spiral\u0103 a distrugerii, \u00een vreme ce trafican\u0163ii fluier\u0103 liberi \u015fi cu buzunarele doldora, f\u0103r\u0103 nicio grij\u0103. Iar aceast\u0103 situa\u0163ie s-a v\u0103zut inclusiv la ultimul mare festival \u0163inut \u00een Capital\u0103.<\/strong><\/p>\n\n\n\n<p>Totul a pornit de la tragedia provocat\u0103 de Vlad Pascu sau, mai exact, de la incapacitatea Poli\u021biei Rom\u00e2ne s\u0103 fac\u0103 ce trebuie \u00een cazul t\u00e2n\u0103rului c\u0103zut \u00een patima drogurilor grele.<\/p>\n\n\n\n<p>\u00cen momentul \u00een care s-a mediatizat gre\u0219eala flagrant\u0103 a oamenilor legii, anume c\u0103 l-au l\u0103sat pe Vlad Pascu, nu o dat\u0103, ci de dou\u0103 ori, s\u0103 plece drogat \u0219i f\u0103r\u0103 asigurare, cu ma\u0219ina \u00eenapoi pe drumurile publice, autorit\u0103\u021bile \u0219i-au dat seama c\u0103 trebuie s\u0103 o dea cumva la \u00eentors.&nbsp;<\/p>\n\n\n\n<p>A\u0219a c\u0103, la scurt timp dup\u0103 tragicul incident, Poli\u021bia s-a pus pe treab\u0103, s-a luat de bra\u021b cu DIICOT, cu Agen\u021bia Na\u021bional\u0103 Antidrog \u0219i cine a mai vrut s\u0103 participe \u00een hora biciuirii consumatorilor de droguri \u0219i s-au pus pe o \u201ereform\u0103\u201d de jos \u00een sus, nu de sus \u00een jos. Pentru c\u0103, nu-i a\u0219a, doar \u00een cazul drogurilor pe\u0219tele de la coad\u0103 se \u00eempute, \u0219i nu invers.<\/p>\n\n\n\n<p>Mai nou, autorit\u0103\u021bile au ajuns s\u0103-i controleze pe presupu\u0219ii consumatori \u0219i \u00een spatele ochiului, c\u0103 sigur mai intr\u0103 o \u201ebobi\u021b\u0103\u201d pe acolo, dup\u0103 cum aveam s\u0103 constat la festivalul Saga.<\/p>\n\n\n\n<p>Despre tonele care ne intr\u0103 \u00een \u021bar\u0103, tot presa local\u0103 este la firul ierbii \u0219i scrie \u0219i despre asta. <\/p>\n\n\n\n<p><a href=\"https:\/\/www.info-sud-est.ro\/portul-constanta-vulnerabil-in-fata-retelelor-de-traficanti-de-droguri-avertizeaza-procurorul-general-alex-florenta-este-nevoie-de-mai-multe-scannere-si-cresterea-prezentei-politiei-in-port\/\">O analiz\u0103 a colegilor de la info-sud-est.ro <\/a>a scos la iveal\u0103 c\u0103 \u00een tot Portul Constan\u021ba doar dou\u0103&nbsp;<strong>scannere<\/strong>&nbsp;sunt func\u021bionale. Mai mult, \u00een primele nou\u0103 luni din 2022 au fost verificate doar pu\u021bin peste 10.000 de containere \u0219i vehicule, \u00een condi\u021biile \u00een care portul este tranzitat anual de aproximativ 400.000 de containere.<\/p>\n\n\n\n<p>Asta ca s\u0103 nu mai punem la socoteal\u0103 \u0219i logica bunului-sim\u021b cu privire la sistemele de supraveghere video de pe coasta M\u0103rii Negre care au c\u0103zut de cel pu\u021bin trei ori \u00een momentul \u00een care aproape<a href=\"https:\/\/www.g4media.ro\/surse-sistemele-de-supraveghere-video-la-mare-distanta-au-cazut-de-cel-putin-trei-ori-in-perioada-in-care-au-fost-descoperite-sute-de-kilograme-de-droguri-pe-coasta-marii-negre-anchetatorii-investigh.html\"> dou\u0103 tone de cocain\u0103 intrau \u00een Rom\u00e2nia pe la Sulina.<\/a><\/p>\n\n\n\n<p>CITE\u0218TE \u0218I: <strong><a href=\"https:\/\/buletin.de\/bucuresti\/bilant-politia-capitalei-aproape-800-sesizari-pe-zi-in-prima-jumatate-a-anului-2024\/\" target=\"_blank\" rel=\"noreferrer noopener\">Bilan\u021b Poli\u021bia Capitalei: Aproape 800 sesiz\u0103ri pe zi, \u00een prima jum\u0103tate a anului 2024<\/a><\/strong><\/p>\n\n\n\n<h2 class=\"wp-block-heading\"><strong>Covrigi cu mac? Dosar penal<\/strong><\/h2>\n\n\n\n<p>Performan\u021bele autorit\u0103\u021bilor sunt amplificate \u0219i de OUG 84, care, lansat\u0103 ini\u021bial la sf\u00e2r\u0219itul lunii iunie, \u00eei l\u0103sa f\u0103r\u0103 permis pe \u0219oferii care refuzau testarea antidrog, p\u00e2n\u0103 le veneau rezultatele \u00eenapoi de la laborator.\u00a0<\/p>\n\n\n\n<p>Abuzul nu a fost destul. De ce s\u0103 pedepsim doar \u0219oferii, c\u0103 doar oamenii se mai deplaseaz\u0103 \u0219i cu altceva, cu bicicleta, cu trotineta, nu? A\u0219a c\u0103 ordonan\u021ba a \u021bintit inclusiv transportului alternativ. Ei ar fi primit amenzi ustur\u0103toare dac\u0103 ar fi refuzat testul sau dac\u0103 le ie\u0219ea pozitiv.&nbsp;<\/p>\n\n\n\n<p>Dac\u0103 tot au ajuns la bicicli\u0219ti, ar fi putut totu\u0219i s\u0103 opreasc\u0103 \u0219i oamenii pe trecerea de pietoni. Ar fi fost util\u0103 \u0219i o barier\u0103 pentru pietoni, cine iese negativ e liber s\u0103 mearg\u0103 pe strad\u0103, cine iese pozitiv, s\u0103 se pun\u0103 la coada c\u0103tre audieri. Dar coada e lung\u0103 pentru c\u0103 testele sunt \u00eendoielnice. Po\u021bi s\u0103 iei un paracetamol pentru r\u0103ceal\u0103 \u0219i te treze\u0219ti \u00eempachetat \u0219i dus la sec\u021bie. Ai m\u00e2ncat covrigi cu mac? Ghinion.&nbsp;<\/p>\n\n\n\n<p>Cum explici poli\u021bi\u0219tilor c\u0103 \u00een drum spre munc\u0103 te-ai oprit s\u0103 \u00ee\u021bi iei un covrig \u0219i acum testele lor indic\u0103 faptul c\u0103 ai consumat metamfetamin\u0103? P\u0103i le explici \u00een drum spre sec\u021bie, tu \u0219i restul oamenilor \u00een aceea\u0219i situa\u021bie. Aceste \u00eentreb\u0103ri retorice \u0219i le-au mai pus mul\u021bi, at\u00e2t de mul\u021bi c\u0103 oamenii s-au mobilizat unii pe al\u021bii \u0219i au pus de un protest.&nbsp;<\/p>\n\n\n\n<p>Situa\u021bia cu ordonan\u021ba a escaladat doar \u00een limitele bunului sim\u021b, nu pentru brusca trezire la realitate a autorit\u0103\u021bilor, ci din cauza presiunilor sociale. Aproape 200.000 de rom\u00e2ni au semnalat abuzurile pe care le implica OUG 84, semn\u00e2nd peti\u021bia Declic \u201eAnula\u021bi OUG care las\u0103 f\u0103r\u0103 permis \u0219oferi nevinova\u021bi\u201d, \u00een aten\u021bia lui Marcel Ciolacu. <\/p>\n\n\n\n<p>Guvernul, v\u0103z\u00e2nd c\u0103 oamenii chiar sunt profund nemul\u021bumi\u021bi, a anun\u021bat cu c\u00e2teva ore \u00eenainte de adunarea din Pia\u021ba Victoriei, c\u0103 \u0219oferii care nu primesc rezultatele \u00een trei zile, \u00ee\u0219i primesc permisele \u00eenapoi. \u00cen plus, au p\u0103suit \u0219i bicicli\u0219tii \u0219i trotineti\u0219tii.<\/p>\n\n\n\n<h2 class=\"wp-block-heading\"><strong>Drogurile de la Saga<\/strong><\/h2>\n\n\n\n<p>Festivalul Saga, aceast\u0103 \u201epepinier\u0103\u201d bucure\u0219tean\u0103 de consumatori de droguri \u0219i mici dealeri din mentalul colectiv, a a\u0219ezat tab\u0103ra perfect\u0103 pentru o ac\u021biune de \u201eprotocol\u201d \u00eentru capturarea de droguri ca \u00een filme. <\/p>\n\n\n\n<p>Jandarmeria Capitalei \u0219i-a pus \u00een dispozitiv aproape toate trupele \u0219i a \u00eemp\u00e2nzit fiecare col\u021b al oceanului de betoane din Romaero. A\u0219a c\u0103 tinerii au ajuns s\u0103 danseze pe techno \u0219i house \u00eenghionti\u021bi din st\u00e2nga \u0219i din dreapta de bastoanele jandarmilor pu\u0219i la v\u00e2n\u0103toare.&nbsp;<\/p>\n\n\n\n<figure class=\"wp-block-image size-large\"><a href=\"https:\/\/buletin.de\/bucuresti\/wp-content\/uploads\/WhatsApp-Image-2024-07-22-at-11.05.08-3.jpeg\"><img fetchpriority=\"high\" decoding=\"async\" width=\"900\" height=\"675\" src=\"data:image\/gif;base64,R0lGODlhAQABAAAAACH5BAEKAAEALAAAAAABAAEAAAICTAEAOw==\" data-src=\"https:\/\/buletin.de\/bucuresti\/wp-content\/uploads\/WhatsApp-Image-2024-07-22-at-11.05.08-3-900x675.jpeg\" alt=\"De unde vin drogurile c\u00e2nd vin? FOTO: C\u0103t\u0103lin Anghel-Dimache\" class=\"wp-image-91776 lazyload\" data-sizes=\"auto\" data-srcset=\"https:\/\/buletin.de\/bucuresti\/wp-content\/uploads\/WhatsApp-Image-2024-07-22-at-11.05.08-3-900x675.jpeg 900w, https:\/\/buletin.de\/bucuresti\/wp-content\/uploads\/WhatsApp-Image-2024-07-22-at-11.05.08-3-300x225.jpeg 300w, https:\/\/buletin.de\/bucuresti\/wp-content\/uploads\/WhatsApp-Image-2024-07-22-at-11.05.08-3-768x576.jpeg 768w, https:\/\/buletin.de\/bucuresti\/wp-content\/uploads\/WhatsApp-Image-2024-07-22-at-11.05.08-3-1536x1152.jpeg 1536w, https:\/\/buletin.de\/bucuresti\/wp-content\/uploads\/WhatsApp-Image-2024-07-22-at-11.05.08-3-1100x825.jpeg 1100w, https:\/\/buletin.de\/bucuresti\/wp-content\/uploads\/WhatsApp-Image-2024-07-22-at-11.05.08-3-600x450.jpeg 600w, https:\/\/buletin.de\/bucuresti\/wp-content\/uploads\/WhatsApp-Image-2024-07-22-at-11.05.08-3-20x15.jpeg 20w, https:\/\/buletin.de\/bucuresti\/wp-content\/uploads\/WhatsApp-Image-2024-07-22-at-11.05.08-3.jpeg 1600w\" sizes=\"(max-width: 900px) 100vw, 900px\" \/><\/a><figcaption class=\"wp-element-caption\">De unde vin drogurile c\u00e2nd vin? FOTO: C\u0103t\u0103lin Anghel-Dimache<\/figcaption><\/figure>\n\n\n\n<p>B\u0103ie\u021bii \u00een albastru \u00eei \u00eenso\u021beau pe festivalieri ca p\u0103rin\u021bii pe absolven\u021bii de clasa a 8-a, ca nu cumva s\u0103 se ating\u0103 de sticla de \u0219ampanie de pe masa profesorilor. Dorin\u021ba de distrac\u021bie a fost \u00eenlocuit\u0103 pe parcursul serilor de hipervigilen\u021b\u0103, de o stare general\u0103 de fric\u0103 generat\u0103 de zecile de priviri suspicioase.&nbsp;<\/p>\n\n\n\n<p>Poli\u021bia Rom\u00e2n\u0103, al\u0103turi de Jandarmeria Bucure\u0219ti, Brigada de Combatere a Criminalit\u0103\u021bii Organizate Bucure\u0219ti \u0219i D.I.I.C.O.T au luat \u00een m\u00e2inile lor ordinea care trebuia stabilit\u0103 la vam\u0103 \u0219i \u00een porturi.&nbsp;<\/p>\n\n\n\n<p>A plouat cu dosare penale deschise \u00een serile festivalului Saga.<a href=\"https:\/\/buletin.de\/bucuresti\/22-000-de-pastile-ecstasy-au-fost-confiscate-de-autoritati-inainte-de-festivalul-saga\/\"> 68 de persoane, 22.000 de pastile, 800 de grame de canabis, 14 kilograme de cocain\u0103<\/a>, un meniu \u00eentreg confiscat de la petrecerea de la Romaero. To\u021bi trebuie \u00eenc\u0103tu\u0219a\u021bi \u0219i condu\u0219i cu fanfara ru\u0219inii prin \u00eentreg festivalul.&nbsp;<\/p>\n\n\n\n<figure class=\"wp-block-image size-large\"><a href=\"https:\/\/buletin.de\/bucuresti\/wp-content\/uploads\/WhatsApp-Image-2024-07-22-at-11.05.08-1.jpeg\"><img decoding=\"async\" width=\"900\" height=\"675\" src=\"data:image\/gif;base64,R0lGODlhAQABAAAAACH5BAEKAAEALAAAAAABAAEAAAICTAEAOw==\" data-src=\"https:\/\/buletin.de\/bucuresti\/wp-content\/uploads\/WhatsApp-Image-2024-07-22-at-11.05.08-1-900x675.jpeg\" alt=\"Drogurile sunt o problem\u0103 real\u0103. Dar c\u00e2t de des sunt prinse re\u021belele de stupefiante grele? FOTO: C\u0103t\u0103lin Anghel-Dimache\" class=\"wp-image-91777 lazyload\" data-sizes=\"auto\" data-srcset=\"https:\/\/buletin.de\/bucuresti\/wp-content\/uploads\/WhatsApp-Image-2024-07-22-at-11.05.08-1-900x675.jpeg 900w, https:\/\/buletin.de\/bucuresti\/wp-content\/uploads\/WhatsApp-Image-2024-07-22-at-11.05.08-1-300x225.jpeg 300w, https:\/\/buletin.de\/bucuresti\/wp-content\/uploads\/WhatsApp-Image-2024-07-22-at-11.05.08-1-768x576.jpeg 768w, https:\/\/buletin.de\/bucuresti\/wp-content\/uploads\/WhatsApp-Image-2024-07-22-at-11.05.08-1-1536x1152.jpeg 1536w, https:\/\/buletin.de\/bucuresti\/wp-content\/uploads\/WhatsApp-Image-2024-07-22-at-11.05.08-1-1100x825.jpeg 1100w, https:\/\/buletin.de\/bucuresti\/wp-content\/uploads\/WhatsApp-Image-2024-07-22-at-11.05.08-1-600x450.jpeg 600w, https:\/\/buletin.de\/bucuresti\/wp-content\/uploads\/WhatsApp-Image-2024-07-22-at-11.05.08-1-20x15.jpeg 20w, https:\/\/buletin.de\/bucuresti\/wp-content\/uploads\/WhatsApp-Image-2024-07-22-at-11.05.08-1.jpeg 1600w\" sizes=\"(max-width: 900px) 100vw, 900px\" \/><\/a><figcaption class=\"wp-element-caption\">Drogurile sunt o problem\u0103 real\u0103. Dar c\u00e2t de des sunt prinse re\u021belele de stupefiante grele? FOTO: C\u0103t\u0103lin Anghel-Dimache<\/figcaption><\/figure>\n\n\n\n<p>Asta \u00een timp ce marii importatori de droguri trec dans\u00e2nd prin port, iar consumatorii, mul\u021bi cu probleme ori c\u0103zu\u021bi prea departe \u00een adic\u021bie, pl\u0103tesc pentru gre\u0219elile \u0219i nep\u0103sarea autorit\u0103\u021bilor. <\/p>\n\n\n\n<p>Ei pl\u0103tesc cu libertatea, cu bani, cu locuri de munc\u0103, cu permise, cu pre\u021bul s\u0103n\u0103t\u0103\u021bii lor mintale. Pentru a deveni dependent nu \u021bine doar de decizie, ci de un cumul de factori. De fapt, este o boal\u0103, o durere, un neajuns pe care tot statul l-a facilitat. Asta \u00een timp ce al\u021bii \u00ee\u0219i m\u0103soar\u0103 banii \u00een kilograme.   <\/p>\n","protected":false},"excerpt":{"rendered":"<p>Universul drogurilor este o problem\u0103 pe vertical\u0103, de la trafican\u0163i \u015fi p\u00e2n\u0103 la consumatorii minori, dar care e tratat\u0103 de autorit\u0103\u0163ile rom\u00e2ne&#8230; \u00een zig-zag. Comunicatele pompoase ale poli\u0163i\u015ftilor \u015fi procurorilor vorbesc de capturi care mai de care, de parc\u0103 ar fi destructurat \u00eentregi carteluri, \u00eens\u0103 marii rechini cu care se trag \u00een poz\u0103 sunt de [&hellip;]<\/p>\n","protected":false},"author":58,"featured_media":91963,"comment_status":"closed","ping_status":"open","sticky":false,"template":"","format":"standard","meta":{"_acf_changed":false,"inline_featured_image":false,"ngg_post_thumbnail":0,"footnotes":""},"categories":[6994,41,5762,4],"tags":[11210,2063,12041,13342,2941,4214],"ppma_author":[22581],"class_list":["post-91625","post","type-post","status-publish","format-standard","has-post-thumbnail","hentry","category-stiri-2","category-editorial","category-main","category-sanatate","tag-2-mai","tag-bucuresti-2","tag-jandarmeria-bucuresti","tag-oug-84","tag-politia-romana-2","tag-saga"],"acf":[],"yoast_head":"<!-- This site is optimized with the Yoast SEO Premium plugin v25.3 (Yoast SEO v27.4) - https:\/\/yoast.com\/product\/yoast-seo-premium-wordpress\/ -->\n<title>EDITORIAL | De unde vin drogurile c\u00e2nd vin? Cazul festivalului SAGA \u0219i excesul de zel prost al institu\u021biilor de for\u021b\u0103 - Buletin de Bucure\u0219ti<\/title>\n<meta name=\"description\" content=\"EDITORIAL | De unde vin drogurile c\u00e2nd vin? Cazul festivalului SAGA \u0219i excesul de zel prost \u0163intit al Poli\u021biei Rom\u00e2ne.\" \/>\n<meta name=\"robots\" content=\"index, follow, max-snippet:-1, max-image-preview:large, max-video-preview:-1\" \/>\n<link rel=\"canonical\" href=\"https:\/\/buletin.de\/bucuresti\/editorial-de-unde-vin-drogurile-cand-vin-cazul-festivalului-saga-si-excesul-de-zel-prost-tintit-al-politiei-romane\/\" \/>\n<meta property=\"og:locale\" content=\"en_GB\" \/>\n<meta property=\"og:type\" content=\"article\" \/>\n<meta property=\"og:title\" content=\"EDITORIAL | De unde vin drogurile c\u00e2nd vin? Cazul festivalului SAGA \u0219i excesul de zel prost al institu\u021biilor de for\u021b\u0103\" \/>\n<meta property=\"og:description\" content=\"EDITORIAL | De unde vin drogurile c\u00e2nd vin? Cazul festivalului SAGA \u0219i excesul de zel prost \u0163intit al Poli\u021biei Rom\u00e2ne.\" \/>\n<meta property=\"og:url\" content=\"https:\/\/buletin.de\/bucuresti\/editorial-de-unde-vin-drogurile-cand-vin-cazul-festivalului-saga-si-excesul-de-zel-prost-tintit-al-politiei-romane\/\" \/>\n<meta property=\"og:site_name\" content=\"Buletin de Bucure\u0219ti\" \/>\n<meta property=\"article:publisher\" content=\"https:\/\/www.facebook.com\/buletin.de.buc\" \/>\n<meta property=\"article:published_time\" content=\"2024-07-23T08:46:41+00:00\" \/>\n<meta property=\"article:modified_time\" content=\"2024-07-23T12:26:51+00:00\" \/>\n<meta property=\"og:image\" content=\"https:\/\/buletin.de\/bucuresti\/wp-content\/uploads\/anadimache.jpeg\" \/>\n\t<meta property=\"og:image:width\" content=\"1200\" \/>\n\t<meta property=\"og:image:height\" content=\"823\" \/>\n\t<meta property=\"og:image:type\" content=\"image\/jpeg\" \/>\n<meta name=\"author\" content=\"Ana Anghel-Dimache\" \/>\n<meta name=\"twitter:card\" content=\"summary_large_image\" \/>\n<meta name=\"twitter:label1\" content=\"Written by\" \/>\n\t<meta name=\"twitter:data1\" content=\"Ana Anghel-Dimache\" \/>\n\t<meta name=\"twitter:label2\" content=\"Estimated reading time\" \/>\n\t<meta name=\"twitter:data2\" content=\"6 minutes\" \/>\n<script type=\"application\/ld+json\" class=\"yoast-schema-graph\">{\"@context\":\"https:\\\/\\\/schema.org\",\"@graph\":[{\"@type\":\"Article\",\"@id\":\"https:\\\/\\\/buletin.de\\\/bucuresti\\\/editorial-de-unde-vin-drogurile-cand-vin-cazul-festivalului-saga-si-excesul-de-zel-prost-tintit-al-politiei-romane\\\/#article\",\"isPartOf\":{\"@id\":\"https:\\\/\\\/buletin.de\\\/bucuresti\\\/editorial-de-unde-vin-drogurile-cand-vin-cazul-festivalului-saga-si-excesul-de-zel-prost-tintit-al-politiei-romane\\\/\"},\"author\":{\"name\":\"Ana Anghel-Dimache\",\"@id\":\"https:\\\/\\\/buletin.de\\\/bucuresti\\\/#\\\/schema\\\/person\\\/359459245996e200ed7c807f71f0551a\"},\"headline\":\"EDITORIAL | De unde vin drogurile c\u00e2nd vin? Cazul festivalului SAGA \u0219i excesul de zel prost al institu\u021biilor de for\u021b\u0103\",\"datePublished\":\"2024-07-23T08:46:41+00:00\",\"dateModified\":\"2024-07-23T12:26:51+00:00\",\"mainEntityOfPage\":{\"@id\":\"https:\\\/\\\/buletin.de\\\/bucuresti\\\/editorial-de-unde-vin-drogurile-cand-vin-cazul-festivalului-saga-si-excesul-de-zel-prost-tintit-al-politiei-romane\\\/\"},\"wordCount\":1229,\"publisher\":{\"@id\":\"https:\\\/\\\/buletin.de\\\/bucuresti\\\/#organization\"},\"image\":{\"@id\":\"https:\\\/\\\/buletin.de\\\/bucuresti\\\/editorial-de-unde-vin-drogurile-cand-vin-cazul-festivalului-saga-si-excesul-de-zel-prost-tintit-al-politiei-romane\\\/#primaryimage\"},\"thumbnailUrl\":\"https:\\\/\\\/buletin.de\\\/bucuresti\\\/wp-content\\\/uploads\\\/anadimache.jpeg\",\"keywords\":[\"2 mai\",\"Bucure\u0219ti\",\"Jandarmeria Bucuresti\",\"oug 84\",\"poli\u021bia rom\u00e2n\u0103\",\"saga\"],\"articleSection\":[\"Articole\",\"Editorial\",\"Main\",\"S\u0103n\u0103tate\"],\"inLanguage\":\"en-GB\",\"copyrightYear\":\"2024\",\"copyrightHolder\":{\"@id\":\"https:\\\/\\\/buletin.de\\\/bucuresti\\\/#organization\"}},{\"@type\":\"WebPage\",\"@id\":\"https:\\\/\\\/buletin.de\\\/bucuresti\\\/editorial-de-unde-vin-drogurile-cand-vin-cazul-festivalului-saga-si-excesul-de-zel-prost-tintit-al-politiei-romane\\\/\",\"url\":\"https:\\\/\\\/buletin.de\\\/bucuresti\\\/editorial-de-unde-vin-drogurile-cand-vin-cazul-festivalului-saga-si-excesul-de-zel-prost-tintit-al-politiei-romane\\\/\",\"name\":\"EDITORIAL | De unde vin drogurile c\u00e2nd vin? Cazul festivalului SAGA \u0219i excesul de zel prost al institu\u021biilor de for\u021b\u0103 - Buletin de Bucure\u0219ti\",\"isPartOf\":{\"@id\":\"https:\\\/\\\/buletin.de\\\/bucuresti\\\/#website\"},\"primaryImageOfPage\":{\"@id\":\"https:\\\/\\\/buletin.de\\\/bucuresti\\\/editorial-de-unde-vin-drogurile-cand-vin-cazul-festivalului-saga-si-excesul-de-zel-prost-tintit-al-politiei-romane\\\/#primaryimage\"},\"image\":{\"@id\":\"https:\\\/\\\/buletin.de\\\/bucuresti\\\/editorial-de-unde-vin-drogurile-cand-vin-cazul-festivalului-saga-si-excesul-de-zel-prost-tintit-al-politiei-romane\\\/#primaryimage\"},\"thumbnailUrl\":\"https:\\\/\\\/buletin.de\\\/bucuresti\\\/wp-content\\\/uploads\\\/anadimache.jpeg\",\"datePublished\":\"2024-07-23T08:46:41+00:00\",\"dateModified\":\"2024-07-23T12:26:51+00:00\",\"description\":\"EDITORIAL | De unde vin drogurile c\u00e2nd vin? Cazul festivalului SAGA \u0219i excesul de zel prost \u0163intit al Poli\u021biei Rom\u00e2ne.\",\"breadcrumb\":{\"@id\":\"https:\\\/\\\/buletin.de\\\/bucuresti\\\/editorial-de-unde-vin-drogurile-cand-vin-cazul-festivalului-saga-si-excesul-de-zel-prost-tintit-al-politiei-romane\\\/#breadcrumb\"},\"inLanguage\":\"en-GB\",\"potentialAction\":[{\"@type\":\"ReadAction\",\"target\":[\"https:\\\/\\\/buletin.de\\\/bucuresti\\\/editorial-de-unde-vin-drogurile-cand-vin-cazul-festivalului-saga-si-excesul-de-zel-prost-tintit-al-politiei-romane\\\/\"]}]},{\"@type\":\"ImageObject\",\"inLanguage\":\"en-GB\",\"@id\":\"https:\\\/\\\/buletin.de\\\/bucuresti\\\/editorial-de-unde-vin-drogurile-cand-vin-cazul-festivalului-saga-si-excesul-de-zel-prost-tintit-al-politiei-romane\\\/#primaryimage\",\"url\":\"https:\\\/\\\/buletin.de\\\/bucuresti\\\/wp-content\\\/uploads\\\/anadimache.jpeg\",\"contentUrl\":\"https:\\\/\\\/buletin.de\\\/bucuresti\\\/wp-content\\\/uploads\\\/anadimache.jpeg\",\"width\":1200,\"height\":823,\"caption\":\"Ana Anghel-Dimache\"},{\"@type\":\"BreadcrumbList\",\"@id\":\"https:\\\/\\\/buletin.de\\\/bucuresti\\\/editorial-de-unde-vin-drogurile-cand-vin-cazul-festivalului-saga-si-excesul-de-zel-prost-tintit-al-politiei-romane\\\/#breadcrumb\",\"itemListElement\":[{\"@type\":\"ListItem\",\"position\":1,\"name\":\"Acas\u0103\",\"item\":\"https:\\\/\\\/buletin.de\\\/bucuresti\\\/\"},{\"@type\":\"ListItem\",\"position\":2,\"name\":\"EDITORIAL | De unde vin drogurile c\u00e2nd vin? Cazul festivalului SAGA \u0219i excesul de zel prost al institu\u021biilor de for\u021b\u0103\"}]},{\"@type\":\"WebSite\",\"@id\":\"https:\\\/\\\/buletin.de\\\/bucuresti\\\/#website\",\"url\":\"https:\\\/\\\/buletin.de\\\/bucuresti\\\/\",\"name\":\"Buletin de Bucure\u0219ti\",\"description\":\"\u0218tiri \u0219i investiga\u021bii esen\u021biale din capital\u0103\",\"publisher\":{\"@id\":\"https:\\\/\\\/buletin.de\\\/bucuresti\\\/#organization\"},\"potentialAction\":[{\"@type\":\"SearchAction\",\"target\":{\"@type\":\"EntryPoint\",\"urlTemplate\":\"https:\\\/\\\/buletin.de\\\/bucuresti\\\/?s={search_term_string}\"},\"query-input\":{\"@type\":\"PropertyValueSpecification\",\"valueRequired\":true,\"valueName\":\"search_term_string\"}}],\"inLanguage\":\"en-GB\"},{\"@type\":\"Organization\",\"@id\":\"https:\\\/\\\/buletin.de\\\/bucuresti\\\/#organization\",\"name\":\"Buletin de Bucure\u0219ti\",\"url\":\"https:\\\/\\\/buletin.de\\\/bucuresti\\\/\",\"logo\":{\"@type\":\"ImageObject\",\"inLanguage\":\"en-GB\",\"@id\":\"https:\\\/\\\/buletin.de\\\/bucuresti\\\/#\\\/schema\\\/logo\\\/image\\\/\",\"url\":\"https:\\\/\\\/buletin.de\\\/bucuresti\\\/wp-content\\\/uploads\\\/logo-bdb-full-wide-vernil-transparent.png\",\"contentUrl\":\"https:\\\/\\\/buletin.de\\\/bucuresti\\\/wp-content\\\/uploads\\\/logo-bdb-full-wide-vernil-transparent.png\",\"width\":1782,\"height\":626,\"caption\":\"Buletin de Bucure\u0219ti\"},\"image\":{\"@id\":\"https:\\\/\\\/buletin.de\\\/bucuresti\\\/#\\\/schema\\\/logo\\\/image\\\/\"},\"sameAs\":[\"https:\\\/\\\/www.facebook.com\\\/buletin.de.buc\",\"https:\\\/\\\/www.instagram.com\\\/buletinde.bucuresti\\\/\"]},{\"@type\":\"Person\",\"@id\":\"https:\\\/\\\/buletin.de\\\/bucuresti\\\/#\\\/schema\\\/person\\\/359459245996e200ed7c807f71f0551a\",\"name\":\"Ana Anghel-Dimache\",\"image\":{\"@type\":\"ImageObject\",\"inLanguage\":\"en-GB\",\"@id\":\"https:\\\/\\\/buletin.de\\\/bucuresti\\\/wp-content\\\/uploads\\\/Ana-Anghel-Dimache-96x96.jpg861145fc2c4f1fe57dc81b59a6cfb674\",\"url\":\"https:\\\/\\\/buletin.de\\\/bucuresti\\\/wp-content\\\/uploads\\\/Ana-Anghel-Dimache-96x96.jpg\",\"contentUrl\":\"https:\\\/\\\/buletin.de\\\/bucuresti\\\/wp-content\\\/uploads\\\/Ana-Anghel-Dimache-96x96.jpg\",\"caption\":\"Ana Anghel-Dimache\"},\"description\":\"Sunt student\u0103 la jurnalism \u0219i m-am n\u0103scut \u00een Bucure\u0219ti, ora\u0219 plin de pove\u0219ti care merit\u0103 explorate. \u00cemi place s\u0103 scriu despre subiecte politice, de mediu \u0219i legate de transportul din Capital\u0103. \u00cencerc s\u0103 pictez o imagine c\u00e2t mai sincer\u0103 a realit\u0103\u021bii \u0219i sus\u021bin presa independent\u0103 pentru c\u0103 este esen\u021bial s\u0103 pot reda faptele \u00een formele lor adev\u0103rate.\",\"url\":\"https:\\\/\\\/buletin.de\\\/bucuresti\\\/author\\\/ana-dimache\\\/\"}]}<\/script>\n<!-- \/ Yoast SEO Premium plugin. -->","yoast_head_json":{"title":"EDITORIAL | De unde vin drogurile c\u00e2nd vin? Cazul festivalului SAGA \u0219i excesul de zel prost al institu\u021biilor de for\u021b\u0103 - Buletin de Bucure\u0219ti","description":"EDITORIAL | De unde vin drogurile c\u00e2nd vin? Cazul festivalului SAGA \u0219i excesul de zel prost \u0163intit al Poli\u021biei Rom\u00e2ne.","robots":{"index":"index","follow":"follow","max-snippet":"max-snippet:-1","max-image-preview":"max-image-preview:large","max-video-preview":"max-video-preview:-1"},"canonical":"https:\/\/buletin.de\/bucuresti\/editorial-de-unde-vin-drogurile-cand-vin-cazul-festivalului-saga-si-excesul-de-zel-prost-tintit-al-politiei-romane\/","og_locale":"en_GB","og_type":"article","og_title":"EDITORIAL | De unde vin drogurile c\u00e2nd vin? Cazul festivalului SAGA \u0219i excesul de zel prost al institu\u021biilor de for\u021b\u0103","og_description":"EDITORIAL | De unde vin drogurile c\u00e2nd vin? Cazul festivalului SAGA \u0219i excesul de zel prost \u0163intit al Poli\u021biei Rom\u00e2ne.","og_url":"https:\/\/buletin.de\/bucuresti\/editorial-de-unde-vin-drogurile-cand-vin-cazul-festivalului-saga-si-excesul-de-zel-prost-tintit-al-politiei-romane\/","og_site_name":"Buletin de Bucure\u0219ti","article_publisher":"https:\/\/www.facebook.com\/buletin.de.buc","article_published_time":"2024-07-23T08:46:41+00:00","article_modified_time":"2024-07-23T12:26:51+00:00","og_image":[{"width":1200,"height":823,"url":"https:\/\/buletin.de\/bucuresti\/wp-content\/uploads\/anadimache.jpeg","type":"image\/jpeg"}],"author":"Ana Anghel-Dimache","twitter_card":"summary_large_image","twitter_misc":{"Written by":"Ana Anghel-Dimache","Estimated reading time":"6 minutes"},"schema":{"@context":"https:\/\/schema.org","@graph":[{"@type":"Article","@id":"https:\/\/buletin.de\/bucuresti\/editorial-de-unde-vin-drogurile-cand-vin-cazul-festivalului-saga-si-excesul-de-zel-prost-tintit-al-politiei-romane\/#article","isPartOf":{"@id":"https:\/\/buletin.de\/bucuresti\/editorial-de-unde-vin-drogurile-cand-vin-cazul-festivalului-saga-si-excesul-de-zel-prost-tintit-al-politiei-romane\/"},"author":{"name":"Ana Anghel-Dimache","@id":"https:\/\/buletin.de\/bucuresti\/#\/schema\/person\/359459245996e200ed7c807f71f0551a"},"headline":"EDITORIAL | De unde vin drogurile c\u00e2nd vin? Cazul festivalului SAGA \u0219i excesul de zel prost al institu\u021biilor de for\u021b\u0103","datePublished":"2024-07-23T08:46:41+00:00","dateModified":"2024-07-23T12:26:51+00:00","mainEntityOfPage":{"@id":"https:\/\/buletin.de\/bucuresti\/editorial-de-unde-vin-drogurile-cand-vin-cazul-festivalului-saga-si-excesul-de-zel-prost-tintit-al-politiei-romane\/"},"wordCount":1229,"publisher":{"@id":"https:\/\/buletin.de\/bucuresti\/#organization"},"image":{"@id":"https:\/\/buletin.de\/bucuresti\/editorial-de-unde-vin-drogurile-cand-vin-cazul-festivalului-saga-si-excesul-de-zel-prost-tintit-al-politiei-romane\/#primaryimage"},"thumbnailUrl":"https:\/\/buletin.de\/bucuresti\/wp-content\/uploads\/anadimache.jpeg","keywords":["2 mai","Bucure\u0219ti","Jandarmeria Bucuresti","oug 84","poli\u021bia rom\u00e2n\u0103","saga"],"articleSection":["Articole","Editorial","Main","S\u0103n\u0103tate"],"inLanguage":"en-GB","copyrightYear":"2024","copyrightHolder":{"@id":"https:\/\/buletin.de\/bucuresti\/#organization"}},{"@type":"WebPage","@id":"https:\/\/buletin.de\/bucuresti\/editorial-de-unde-vin-drogurile-cand-vin-cazul-festivalului-saga-si-excesul-de-zel-prost-tintit-al-politiei-romane\/","url":"https:\/\/buletin.de\/bucuresti\/editorial-de-unde-vin-drogurile-cand-vin-cazul-festivalului-saga-si-excesul-de-zel-prost-tintit-al-politiei-romane\/","name":"EDITORIAL | De unde vin drogurile c\u00e2nd vin? Cazul festivalului SAGA \u0219i excesul de zel prost al institu\u021biilor de for\u021b\u0103 - Buletin de Bucure\u0219ti","isPartOf":{"@id":"https:\/\/buletin.de\/bucuresti\/#website"},"primaryImageOfPage":{"@id":"https:\/\/buletin.de\/bucuresti\/editorial-de-unde-vin-drogurile-cand-vin-cazul-festivalului-saga-si-excesul-de-zel-prost-tintit-al-politiei-romane\/#primaryimage"},"image":{"@id":"https:\/\/buletin.de\/bucuresti\/editorial-de-unde-vin-drogurile-cand-vin-cazul-festivalului-saga-si-excesul-de-zel-prost-tintit-al-politiei-romane\/#primaryimage"},"thumbnailUrl":"https:\/\/buletin.de\/bucuresti\/wp-content\/uploads\/anadimache.jpeg","datePublished":"2024-07-23T08:46:41+00:00","dateModified":"2024-07-23T12:26:51+00:00","description":"EDITORIAL | De unde vin drogurile c\u00e2nd vin? Cazul festivalului SAGA \u0219i excesul de zel prost \u0163intit al Poli\u021biei Rom\u00e2ne.","breadcrumb":{"@id":"https:\/\/buletin.de\/bucuresti\/editorial-de-unde-vin-drogurile-cand-vin-cazul-festivalului-saga-si-excesul-de-zel-prost-tintit-al-politiei-romane\/#breadcrumb"},"inLanguage":"en-GB","potentialAction":[{"@type":"ReadAction","target":["https:\/\/buletin.de\/bucuresti\/editorial-de-unde-vin-drogurile-cand-vin-cazul-festivalului-saga-si-excesul-de-zel-prost-tintit-al-politiei-romane\/"]}]},{"@type":"ImageObject","inLanguage":"en-GB","@id":"https:\/\/buletin.de\/bucuresti\/editorial-de-unde-vin-drogurile-cand-vin-cazul-festivalului-saga-si-excesul-de-zel-prost-tintit-al-politiei-romane\/#primaryimage","url":"https:\/\/buletin.de\/bucuresti\/wp-content\/uploads\/anadimache.jpeg","contentUrl":"https:\/\/buletin.de\/bucuresti\/wp-content\/uploads\/anadimache.jpeg","width":1200,"height":823,"caption":"Ana Anghel-Dimache"},{"@type":"BreadcrumbList","@id":"https:\/\/buletin.de\/bucuresti\/editorial-de-unde-vin-drogurile-cand-vin-cazul-festivalului-saga-si-excesul-de-zel-prost-tintit-al-politiei-romane\/#breadcrumb","itemListElement":[{"@type":"ListItem","position":1,"name":"Acas\u0103","item":"https:\/\/buletin.de\/bucuresti\/"},{"@type":"ListItem","position":2,"name":"EDITORIAL | De unde vin drogurile c\u00e2nd vin? Cazul festivalului SAGA \u0219i excesul de zel prost al institu\u021biilor de for\u021b\u0103"}]},{"@type":"WebSite","@id":"https:\/\/buletin.de\/bucuresti\/#website","url":"https:\/\/buletin.de\/bucuresti\/","name":"Buletin de Bucure\u0219ti","description":"\u0218tiri \u0219i investiga\u021bii esen\u021biale din capital\u0103","publisher":{"@id":"https:\/\/buletin.de\/bucuresti\/#organization"},"potentialAction":[{"@type":"SearchAction","target":{"@type":"EntryPoint","urlTemplate":"https:\/\/buletin.de\/bucuresti\/?s={search_term_string}"},"query-input":{"@type":"PropertyValueSpecification","valueRequired":true,"valueName":"search_term_string"}}],"inLanguage":"en-GB"},{"@type":"Organization","@id":"https:\/\/buletin.de\/bucuresti\/#organization","name":"Buletin de Bucure\u0219ti","url":"https:\/\/buletin.de\/bucuresti\/","logo":{"@type":"ImageObject","inLanguage":"en-GB","@id":"https:\/\/buletin.de\/bucuresti\/#\/schema\/logo\/image\/","url":"https:\/\/buletin.de\/bucuresti\/wp-content\/uploads\/logo-bdb-full-wide-vernil-transparent.png","contentUrl":"https:\/\/buletin.de\/bucuresti\/wp-content\/uploads\/logo-bdb-full-wide-vernil-transparent.png","width":1782,"height":626,"caption":"Buletin de Bucure\u0219ti"},"image":{"@id":"https:\/\/buletin.de\/bucuresti\/#\/schema\/logo\/image\/"},"sameAs":["https:\/\/www.facebook.com\/buletin.de.buc","https:\/\/www.instagram.com\/buletinde.bucuresti\/"]},{"@type":"Person","@id":"https:\/\/buletin.de\/bucuresti\/#\/schema\/person\/359459245996e200ed7c807f71f0551a","name":"Ana Anghel-Dimache","image":{"@type":"ImageObject","inLanguage":"en-GB","@id":"https:\/\/buletin.de\/bucuresti\/wp-content\/uploads\/Ana-Anghel-Dimache-96x96.jpg861145fc2c4f1fe57dc81b59a6cfb674","url":"https:\/\/buletin.de\/bucuresti\/wp-content\/uploads\/Ana-Anghel-Dimache-96x96.jpg","contentUrl":"https:\/\/buletin.de\/bucuresti\/wp-content\/uploads\/Ana-Anghel-Dimache-96x96.jpg","caption":"Ana Anghel-Dimache"},"description":"Sunt student\u0103 la jurnalism \u0219i m-am n\u0103scut \u00een Bucure\u0219ti, ora\u0219 plin de pove\u0219ti care merit\u0103 explorate. \u00cemi place s\u0103 scriu despre subiecte politice, de mediu \u0219i legate de transportul din Capital\u0103. \u00cencerc s\u0103 pictez o imagine c\u00e2t mai sincer\u0103 a realit\u0103\u021bii \u0219i sus\u021bin presa independent\u0103 pentru c\u0103 este esen\u021bial s\u0103 pot reda faptele \u00een formele lor adev\u0103rate.","url":"https:\/\/buletin.de\/bucuresti\/author\/ana-dimache\/"}]}},"authors":[{"term_id":22581,"user_id":58,"is_guest":0,"slug":"ana-dimache","display_name":"Ana Anghel-Dimache","avatar_url":"https:\/\/buletin.de\/bucuresti\/wp-content\/uploads\/Ana-Anghel-Dimache-96x96.jpg","0":null,"1":"","2":"","3":"","4":"","5":"","6":"","7":"","8":""}],"_links":{"self":[{"href":"https:\/\/buletin.de\/bucuresti\/wp-json\/wp\/v2\/posts\/91625","targetHints":{"allow":["GET"]}}],"collection":[{"href":"https:\/\/buletin.de\/bucuresti\/wp-json\/wp\/v2\/posts"}],"about":[{"href":"https:\/\/buletin.de\/bucuresti\/wp-json\/wp\/v2\/types\/post"}],"author":[{"embeddable":true,"href":"https:\/\/buletin.de\/bucuresti\/wp-json\/wp\/v2\/users\/58"}],"replies":[{"embeddable":true,"href":"https:\/\/buletin.de\/bucuresti\/wp-json\/wp\/v2\/comments?post=91625"}],"version-history":[{"count":14,"href":"https:\/\/buletin.de\/bucuresti\/wp-json\/wp\/v2\/posts\/91625\/revisions"}],"predecessor-version":[{"id":92008,"href":"https:\/\/buletin.de\/bucuresti\/wp-json\/wp\/v2\/posts\/91625\/revisions\/92008"}],"wp:featuredmedia":[{"embeddable":true,"href":"https:\/\/buletin.de\/bucuresti\/wp-json\/wp\/v2\/media\/91963"}],"wp:attachment":[{"href":"https:\/\/buletin.de\/bucuresti\/wp-json\/wp\/v2\/media?parent=91625"}],"wp:term":[{"taxonomy":"category","embeddable":true,"href":"https:\/\/buletin.de\/bucuresti\/wp-json\/wp\/v2\/categories?post=91625"},{"taxonomy":"post_tag","embeddable":true,"href":"https:\/\/buletin.de\/bucuresti\/wp-json\/wp\/v2\/tags?post=91625"},{"taxonomy":"author","embeddable":true,"href":"https:\/\/buletin.de\/bucuresti\/wp-json\/wp\/v2\/ppma_author?post=91625"}],"curies":[{"name":"wp","href":"https:\/\/api.w.org\/{rel}","templated":true}]}}