{"id":91576,"date":"2024-07-19T15:59:15","date_gmt":"2024-07-19T12:59:15","guid":{"rendered":"https:\/\/buletin.de\/bucuresti\/?p=91576"},"modified":"2024-07-19T16:01:01","modified_gmt":"2024-07-19T13:01:01","slug":"trenurile-spre-constanta-nu-vor-mai-pleca-din-gara-de-nord-propunere-pentru-modernizarea-complexului-feroviar-bucuresti","status":"publish","type":"post","link":"https:\/\/buletin.de\/bucuresti\/trenurile-spre-constanta-nu-vor-mai-pleca-din-gara-de-nord-propunere-pentru-modernizarea-complexului-feroviar-bucuresti\/","title":{"rendered":"Trenurile spre Constan\u021ba nu vor mai pleca din Gara de Nord. Propunere pentru modernizarea Complexului Feroviar Bucure\u0219ti"},"content":{"rendered":"\n<p><strong>Trenurile spre Constan\u021ba nu vor mai pleca din Gara de Nord, potrivit unei propuneri f\u0103cute \u00een cadrul studiului de fezabilitate\u00a0pentru modernizarea Complexului Feroviar Bucure\u0219ti. <\/strong><\/p>\n\n\n\n<p>Astfel, asocierea Baicons Impex \u2013 ISPCF SA, care a c\u00e2\u0219tigat contractul pentru realizarea studiului, lucrare aflat\u0103 \u00eentr-un stadiul de execu\u021bie de aproximativ 50%, a propus Companiei Na\u0163ionale de C\u0103i Ferate CFR SA\u00a0ca trenurile spre Constan\u021ba s\u0103 plece din Gara B\u0103neasa, arat\u0103 <a href=\"https:\/\/clubferoviar.ro\/discutabil-trenurile-spre-constanta-mutate-intr-o-alta-gara-din-bucuresti\/\" target=\"_blank\" rel=\"noreferrer noopener\">Club Feroviar<\/a>.<\/p>\n\n\n\n<p>Solu\u021bia este propus\u0103 \u00een condii\u021biile \u00een care autorii studiului de fezabilitate consider\u0103 c\u0103 exist\u0103 probleme cu \u201elipsa de capacitate pe linia Bucure\u0219ti Nord \u2013 Bucure\u0219ti B\u0103neasa, lipsa unei leg\u0103turi \u00eentre sta\u021bia Bucure\u0219ti Grivi\u021ba cap Y \u0219i sta\u021bia Bucure\u0219ti B\u0103neasa \u0219i lipsa unei sta\u021bii de c\u0103l\u0103tori care s\u0103 preia din traficul sta\u021biei Bucure\u0219ti Nord\u201d.<\/p>\n\n\n\n<p><strong><a href=\"https:\/\/buletin.de\/bucuresti\/intarzieri-pe-otopeni-din-cauza-blackout-ului-de-la-microsoft\/\" target=\"_blank\" rel=\"noreferrer noopener\">CITE\u0218TE \u0218I: \u00cent\u00e2rzieri pe Otopeni din cauza \u201eblackout-ului\u201d de la Microsoft<\/a><\/strong><\/p>\n\n\n\n<h2 class=\"wp-block-heading\">Trenurile spre Constan\u021ba ar urma s\u0103 plece din Gara B\u0103neasa<\/h2>\n\n\n\n<p>Autorii studiului de fezabilitate propun, pentru rezolvarea aglomera\u021biei din Gara de Nord \u0219i pentru un mai bun trafic spre Constan\u021ba, dublarea liniei Bucure\u0219ti Nord \u2013 Bucure\u0219ti B\u0103neasa; redeschiderea liniei de leg\u0103tur\u0103 \u00eentre sta\u021bia Bucure\u0219ti Grivi\u021ba cap Y \u0219i sta\u021bia Bucure\u0219ti B\u0103neasa \u0219i dezvoltarea sta\u021biei Bucure\u0219ti B\u0103neasa prin extinderea acesteia pe partea opus\u0103 cl\u0103dirii de c\u0103l\u0103tori (sta\u021bie cu 9 linii + linii de tragere \u0219i remizare). Se va realiza o cl\u0103dire de c\u0103l\u0103tori nou\u0103.<\/p>\n\n\n\n<p>Potrivit documentului, aceste schimb\u0103ri ar determina cre\u0219terea capacit\u0103\u021bii de circula\u021bie pe linia Bucure\u0219ti Nord \u2013 Bucure\u0219ti B\u0103neasa, elimin\u00e2ndu-se sta\u021bion\u0103rile cauzate de a\u0219tept\u0103rile pentru \u00eencruci\u0219\u0103ri cu trenuri din alte direc\u021bii.<\/p>\n\n\n\n<p>\u00cen plus, s-ar putea face circula\u021bie direct \u00eentre Bucure\u0219ti Grivi\u021ba \u0219i Bucure\u0219ti B\u0103neasa \u0219i \u00eentre Bucure\u0219ti Nord \u2013 Bucure\u0219ti B\u0103neasa \u00een cazurile accidentale \u00een care va fi \u00eenchis\u0103 linia 800.\u00a0<em>\u00cen B\u0103neasa se vor primi trenurile de c\u0103l\u0103tori de Constan\u021ba<\/em>, degrev\u00e2nd astfel Bucure\u0219ti Nord \u0219i, de asemenea, va cre\u0219te \u0219i capacitatea de remizare.<\/p>\n\n\n\n<p>\u00cen fine, ar cre\u0219te capacitatea de primire-expediere \u0219i garare \u00een sta\u021bia Bucure\u0219ti B\u0103neasa, iar prin posibilitatea remiz\u0103rii locomotivelor se va putea face schimbul personalului de tren \u00een Bucure\u0219ti B\u0103neasa \u0219i garare;<\/p>\n\n\n\n<p>Mai multe detalii, \u00een <a href=\"https:\/\/clubferoviar.ro\/discutabil-trenurile-spre-constanta-mutate-intr-o-alta-gara-din-bucuresti\/\">Club Feroviar<\/a>.<\/p>\n","protected":false},"excerpt":{"rendered":"<p>Trenurile spre Constan\u021ba nu vor mai pleca din Gara de Nord, potrivit unei propuneri f\u0103cute \u00een cadrul studiului de fezabilitate\u00a0pentru modernizarea Complexului Feroviar Bucure\u0219ti. Astfel, asocierea Baicons Impex \u2013 ISPCF SA, care a c\u00e2\u0219tigat contractul pentru realizarea studiului, lucrare aflat\u0103 \u00eentr-un stadiul de execu\u021bie de aproximativ 50%, a propus Companiei Na\u0163ionale de C\u0103i Ferate CFR [&hellip;]<\/p>\n","protected":false},"author":1,"featured_media":91578,"comment_status":"closed","ping_status":"open","sticky":false,"template":"","format":"standard","meta":{"_acf_changed":false,"inline_featured_image":false,"ngg_post_thumbnail":0,"footnotes":""},"categories":[6994,62],"tags":[13492,5835,13249,8217,13491],"ppma_author":[22583],"class_list":["post-91576","post","type-post","status-publish","format-standard","has-post-thumbnail","hentry","category-stiri-2","category-stiri","tag-bucuresti-constanta-4","tag-bucuresti-constanta","tag-bucuresti-constanta-3","tag-tren-brasov-bucuresti-constanta","tag-tren-spre-constanta"],"acf":[],"yoast_head":"<!-- This site is optimized with the Yoast SEO Premium plugin v25.3 (Yoast SEO v27.4) - https:\/\/yoast.com\/product\/yoast-seo-premium-wordpress\/ -->\n<title>Trenurile spre Constan\u021ba nu vor mai pleca din Gara de Nord<\/title>\n<meta name=\"description\" content=\"Trenurile spre Constan\u021ba nu vor mai pleca din Gara de Nord. Propunere pentru modernizarea Complexului Feroviar Bucure\u0219ti.\" \/>\n<meta name=\"robots\" content=\"index, follow, max-snippet:-1, max-image-preview:large, max-video-preview:-1\" \/>\n<link rel=\"canonical\" href=\"https:\/\/buletin.de\/bucuresti\/trenurile-spre-constanta-nu-vor-mai-pleca-din-gara-de-nord-propunere-pentru-modernizarea-complexului-feroviar-bucuresti\/\" \/>\n<meta property=\"og:locale\" content=\"en_GB\" \/>\n<meta property=\"og:type\" content=\"article\" \/>\n<meta property=\"og:title\" content=\"Trenurile spre Constan\u021ba nu vor mai pleca din Gara de Nord. Propunere pentru modernizarea Complexului Feroviar Bucure\u0219ti\" \/>\n<meta property=\"og:description\" content=\"Trenurile spre Constan\u021ba nu vor mai pleca din Gara de Nord. Propunere pentru modernizarea Complexului Feroviar Bucure\u0219ti.\" \/>\n<meta property=\"og:url\" content=\"https:\/\/buletin.de\/bucuresti\/trenurile-spre-constanta-nu-vor-mai-pleca-din-gara-de-nord-propunere-pentru-modernizarea-complexului-feroviar-bucuresti\/\" \/>\n<meta property=\"og:site_name\" content=\"Buletin de Bucure\u0219ti\" \/>\n<meta property=\"article:publisher\" content=\"https:\/\/www.facebook.com\/buletin.de.buc\" \/>\n<meta property=\"article:published_time\" content=\"2024-07-19T12:59:15+00:00\" \/>\n<meta property=\"article:modified_time\" content=\"2024-07-19T13:01:01+00:00\" \/>\n<meta property=\"og:image\" content=\"https:\/\/buletin.de\/bucuresti\/wp-content\/uploads\/Gara-Baneasa.jpg\" \/>\n\t<meta property=\"og:image:width\" content=\"512\" \/>\n\t<meta property=\"og:image:height\" content=\"512\" \/>\n\t<meta property=\"og:image:type\" content=\"image\/jpeg\" \/>\n<meta name=\"author\" content=\"Redac\u021bia Buletin de Bucure\u0219ti\" \/>\n<meta name=\"twitter:card\" content=\"summary_large_image\" \/>\n<meta name=\"twitter:label1\" content=\"Written by\" \/>\n\t<meta name=\"twitter:data1\" content=\"Redac\u021bia Buletin de Bucure\u0219ti\" \/>\n\t<meta name=\"twitter:label2\" content=\"Estimated reading time\" \/>\n\t<meta name=\"twitter:data2\" content=\"2 minutes\" \/>\n<script type=\"application\/ld+json\" class=\"yoast-schema-graph\">{\"@context\":\"https:\\\/\\\/schema.org\",\"@graph\":[{\"@type\":\"Article\",\"@id\":\"https:\\\/\\\/buletin.de\\\/bucuresti\\\/trenurile-spre-constanta-nu-vor-mai-pleca-din-gara-de-nord-propunere-pentru-modernizarea-complexului-feroviar-bucuresti\\\/#article\",\"isPartOf\":{\"@id\":\"https:\\\/\\\/buletin.de\\\/bucuresti\\\/trenurile-spre-constanta-nu-vor-mai-pleca-din-gara-de-nord-propunere-pentru-modernizarea-complexului-feroviar-bucuresti\\\/\"},\"author\":{\"name\":\"Redac\u021bia Buletin de Bucure\u0219ti\",\"@id\":\"https:\\\/\\\/buletin.de\\\/bucuresti\\\/#\\\/schema\\\/person\\\/2bbcf854e5f2419a13804af574d06ab1\"},\"headline\":\"Trenurile spre Constan\u021ba nu vor mai pleca din Gara de Nord. Propunere pentru modernizarea Complexului Feroviar Bucure\u0219ti\",\"datePublished\":\"2024-07-19T12:59:15+00:00\",\"dateModified\":\"2024-07-19T13:01:01+00:00\",\"mainEntityOfPage\":{\"@id\":\"https:\\\/\\\/buletin.de\\\/bucuresti\\\/trenurile-spre-constanta-nu-vor-mai-pleca-din-gara-de-nord-propunere-pentru-modernizarea-complexului-feroviar-bucuresti\\\/\"},\"wordCount\":433,\"publisher\":{\"@id\":\"https:\\\/\\\/buletin.de\\\/bucuresti\\\/#organization\"},\"image\":{\"@id\":\"https:\\\/\\\/buletin.de\\\/bucuresti\\\/trenurile-spre-constanta-nu-vor-mai-pleca-din-gara-de-nord-propunere-pentru-modernizarea-complexului-feroviar-bucuresti\\\/#primaryimage\"},\"thumbnailUrl\":\"https:\\\/\\\/buletin.de\\\/bucuresti\\\/wp-content\\\/uploads\\\/Gara-Baneasa.jpg\",\"keywords\":[\"Bucuresti - Constanta\",\"bucuresti constanta\",\"Bucuresti-Constanta\",\"tren brasov-bucuresti-constanta\",\"tren spre constanta\"],\"articleSection\":[\"Articole\",\"\u0218tiri\"],\"inLanguage\":\"en-GB\",\"copyrightYear\":\"2024\",\"copyrightHolder\":{\"@id\":\"https:\\\/\\\/buletin.de\\\/bucuresti\\\/#organization\"}},{\"@type\":\"WebPage\",\"@id\":\"https:\\\/\\\/buletin.de\\\/bucuresti\\\/trenurile-spre-constanta-nu-vor-mai-pleca-din-gara-de-nord-propunere-pentru-modernizarea-complexului-feroviar-bucuresti\\\/\",\"url\":\"https:\\\/\\\/buletin.de\\\/bucuresti\\\/trenurile-spre-constanta-nu-vor-mai-pleca-din-gara-de-nord-propunere-pentru-modernizarea-complexului-feroviar-bucuresti\\\/\",\"name\":\"Trenurile spre Constan\u021ba nu vor mai pleca din Gara de Nord\",\"isPartOf\":{\"@id\":\"https:\\\/\\\/buletin.de\\\/bucuresti\\\/#website\"},\"primaryImageOfPage\":{\"@id\":\"https:\\\/\\\/buletin.de\\\/bucuresti\\\/trenurile-spre-constanta-nu-vor-mai-pleca-din-gara-de-nord-propunere-pentru-modernizarea-complexului-feroviar-bucuresti\\\/#primaryimage\"},\"image\":{\"@id\":\"https:\\\/\\\/buletin.de\\\/bucuresti\\\/trenurile-spre-constanta-nu-vor-mai-pleca-din-gara-de-nord-propunere-pentru-modernizarea-complexului-feroviar-bucuresti\\\/#primaryimage\"},\"thumbnailUrl\":\"https:\\\/\\\/buletin.de\\\/bucuresti\\\/wp-content\\\/uploads\\\/Gara-Baneasa.jpg\",\"datePublished\":\"2024-07-19T12:59:15+00:00\",\"dateModified\":\"2024-07-19T13:01:01+00:00\",\"description\":\"Trenurile spre Constan\u021ba nu vor mai pleca din Gara de Nord. Propunere pentru modernizarea Complexului Feroviar Bucure\u0219ti.\",\"breadcrumb\":{\"@id\":\"https:\\\/\\\/buletin.de\\\/bucuresti\\\/trenurile-spre-constanta-nu-vor-mai-pleca-din-gara-de-nord-propunere-pentru-modernizarea-complexului-feroviar-bucuresti\\\/#breadcrumb\"},\"inLanguage\":\"en-GB\",\"potentialAction\":[{\"@type\":\"ReadAction\",\"target\":[\"https:\\\/\\\/buletin.de\\\/bucuresti\\\/trenurile-spre-constanta-nu-vor-mai-pleca-din-gara-de-nord-propunere-pentru-modernizarea-complexului-feroviar-bucuresti\\\/\"]}]},{\"@type\":\"ImageObject\",\"inLanguage\":\"en-GB\",\"@id\":\"https:\\\/\\\/buletin.de\\\/bucuresti\\\/trenurile-spre-constanta-nu-vor-mai-pleca-din-gara-de-nord-propunere-pentru-modernizarea-complexului-feroviar-bucuresti\\\/#primaryimage\",\"url\":\"https:\\\/\\\/buletin.de\\\/bucuresti\\\/wp-content\\\/uploads\\\/Gara-Baneasa.jpg\",\"contentUrl\":\"https:\\\/\\\/buletin.de\\\/bucuresti\\\/wp-content\\\/uploads\\\/Gara-Baneasa.jpg\",\"width\":512,\"height\":512,\"caption\":\"Trenurile spre Constan\u021ba nu vor mai pleca din Gara de Nord, ci din Gara B\u0103neasa. Foto: Club Feroviar\"},{\"@type\":\"BreadcrumbList\",\"@id\":\"https:\\\/\\\/buletin.de\\\/bucuresti\\\/trenurile-spre-constanta-nu-vor-mai-pleca-din-gara-de-nord-propunere-pentru-modernizarea-complexului-feroviar-bucuresti\\\/#breadcrumb\",\"itemListElement\":[{\"@type\":\"ListItem\",\"position\":1,\"name\":\"Acas\u0103\",\"item\":\"https:\\\/\\\/buletin.de\\\/bucuresti\\\/\"},{\"@type\":\"ListItem\",\"position\":2,\"name\":\"Trenurile spre Constan\u021ba nu vor mai pleca din Gara de Nord. Propunere pentru modernizarea Complexului Feroviar Bucure\u0219ti\"}]},{\"@type\":\"WebSite\",\"@id\":\"https:\\\/\\\/buletin.de\\\/bucuresti\\\/#website\",\"url\":\"https:\\\/\\\/buletin.de\\\/bucuresti\\\/\",\"name\":\"Buletin de Bucure\u0219ti\",\"description\":\"\u0218tiri \u0219i investiga\u021bii esen\u021biale din capital\u0103\",\"publisher\":{\"@id\":\"https:\\\/\\\/buletin.de\\\/bucuresti\\\/#organization\"},\"potentialAction\":[{\"@type\":\"SearchAction\",\"target\":{\"@type\":\"EntryPoint\",\"urlTemplate\":\"https:\\\/\\\/buletin.de\\\/bucuresti\\\/?s={search_term_string}\"},\"query-input\":{\"@type\":\"PropertyValueSpecification\",\"valueRequired\":true,\"valueName\":\"search_term_string\"}}],\"inLanguage\":\"en-GB\"},{\"@type\":\"Organization\",\"@id\":\"https:\\\/\\\/buletin.de\\\/bucuresti\\\/#organization\",\"name\":\"Buletin de Bucure\u0219ti\",\"url\":\"https:\\\/\\\/buletin.de\\\/bucuresti\\\/\",\"logo\":{\"@type\":\"ImageObject\",\"inLanguage\":\"en-GB\",\"@id\":\"https:\\\/\\\/buletin.de\\\/bucuresti\\\/#\\\/schema\\\/logo\\\/image\\\/\",\"url\":\"https:\\\/\\\/buletin.de\\\/bucuresti\\\/wp-content\\\/uploads\\\/logo-bdb-full-wide-vernil-transparent.png\",\"contentUrl\":\"https:\\\/\\\/buletin.de\\\/bucuresti\\\/wp-content\\\/uploads\\\/logo-bdb-full-wide-vernil-transparent.png\",\"width\":1782,\"height\":626,\"caption\":\"Buletin de Bucure\u0219ti\"},\"image\":{\"@id\":\"https:\\\/\\\/buletin.de\\\/bucuresti\\\/#\\\/schema\\\/logo\\\/image\\\/\"},\"sameAs\":[\"https:\\\/\\\/www.facebook.com\\\/buletin.de.buc\",\"https:\\\/\\\/www.instagram.com\\\/buletinde.bucuresti\\\/\"]},{\"@type\":\"Person\",\"@id\":\"https:\\\/\\\/buletin.de\\\/bucuresti\\\/#\\\/schema\\\/person\\\/2bbcf854e5f2419a13804af574d06ab1\",\"name\":\"Redac\u021bia Buletin de Bucure\u0219ti\",\"image\":{\"@type\":\"ImageObject\",\"inLanguage\":\"en-GB\",\"@id\":\"https:\\\/\\\/secure.gravatar.com\\\/avatar\\\/18c5342381ed1a08620e6280424e3e5efc958618f5d67c522c9e44c1bc6f9226?s=96&d=monsterid&r=g60c7cd0ad92c68c049fcd4bb3504d609\",\"url\":\"https:\\\/\\\/secure.gravatar.com\\\/avatar\\\/18c5342381ed1a08620e6280424e3e5efc958618f5d67c522c9e44c1bc6f9226?s=96&d=monsterid&r=g\",\"contentUrl\":\"https:\\\/\\\/secure.gravatar.com\\\/avatar\\\/18c5342381ed1a08620e6280424e3e5efc958618f5d67c522c9e44c1bc6f9226?s=96&d=monsterid&r=g\",\"caption\":\"Redac\u021bia Buletin de Bucure\u0219ti\"},\"description\":\"Buletin de Bucure\u0219ti exist\u0103 din vara anului 2019.\",\"url\":\"https:\\\/\\\/buletin.de\\\/bucuresti\\\/author\\\/adminbuletin\\\/\"}]}<\/script>\n<!-- \/ Yoast SEO Premium plugin. -->","yoast_head_json":{"title":"Trenurile spre Constan\u021ba nu vor mai pleca din Gara de Nord","description":"Trenurile spre Constan\u021ba nu vor mai pleca din Gara de Nord. Propunere pentru modernizarea Complexului Feroviar Bucure\u0219ti.","robots":{"index":"index","follow":"follow","max-snippet":"max-snippet:-1","max-image-preview":"max-image-preview:large","max-video-preview":"max-video-preview:-1"},"canonical":"https:\/\/buletin.de\/bucuresti\/trenurile-spre-constanta-nu-vor-mai-pleca-din-gara-de-nord-propunere-pentru-modernizarea-complexului-feroviar-bucuresti\/","og_locale":"en_GB","og_type":"article","og_title":"Trenurile spre Constan\u021ba nu vor mai pleca din Gara de Nord. Propunere pentru modernizarea Complexului Feroviar Bucure\u0219ti","og_description":"Trenurile spre Constan\u021ba nu vor mai pleca din Gara de Nord. Propunere pentru modernizarea Complexului Feroviar Bucure\u0219ti.","og_url":"https:\/\/buletin.de\/bucuresti\/trenurile-spre-constanta-nu-vor-mai-pleca-din-gara-de-nord-propunere-pentru-modernizarea-complexului-feroviar-bucuresti\/","og_site_name":"Buletin de Bucure\u0219ti","article_publisher":"https:\/\/www.facebook.com\/buletin.de.buc","article_published_time":"2024-07-19T12:59:15+00:00","article_modified_time":"2024-07-19T13:01:01+00:00","og_image":[{"width":512,"height":512,"url":"https:\/\/buletin.de\/bucuresti\/wp-content\/uploads\/Gara-Baneasa.jpg","type":"image\/jpeg"}],"author":"Redac\u021bia Buletin de Bucure\u0219ti","twitter_card":"summary_large_image","twitter_misc":{"Written by":"Redac\u021bia Buletin de Bucure\u0219ti","Estimated reading time":"2 minutes"},"schema":{"@context":"https:\/\/schema.org","@graph":[{"@type":"Article","@id":"https:\/\/buletin.de\/bucuresti\/trenurile-spre-constanta-nu-vor-mai-pleca-din-gara-de-nord-propunere-pentru-modernizarea-complexului-feroviar-bucuresti\/#article","isPartOf":{"@id":"https:\/\/buletin.de\/bucuresti\/trenurile-spre-constanta-nu-vor-mai-pleca-din-gara-de-nord-propunere-pentru-modernizarea-complexului-feroviar-bucuresti\/"},"author":{"name":"Redac\u021bia Buletin de Bucure\u0219ti","@id":"https:\/\/buletin.de\/bucuresti\/#\/schema\/person\/2bbcf854e5f2419a13804af574d06ab1"},"headline":"Trenurile spre Constan\u021ba nu vor mai pleca din Gara de Nord. Propunere pentru modernizarea Complexului Feroviar Bucure\u0219ti","datePublished":"2024-07-19T12:59:15+00:00","dateModified":"2024-07-19T13:01:01+00:00","mainEntityOfPage":{"@id":"https:\/\/buletin.de\/bucuresti\/trenurile-spre-constanta-nu-vor-mai-pleca-din-gara-de-nord-propunere-pentru-modernizarea-complexului-feroviar-bucuresti\/"},"wordCount":433,"publisher":{"@id":"https:\/\/buletin.de\/bucuresti\/#organization"},"image":{"@id":"https:\/\/buletin.de\/bucuresti\/trenurile-spre-constanta-nu-vor-mai-pleca-din-gara-de-nord-propunere-pentru-modernizarea-complexului-feroviar-bucuresti\/#primaryimage"},"thumbnailUrl":"https:\/\/buletin.de\/bucuresti\/wp-content\/uploads\/Gara-Baneasa.jpg","keywords":["Bucuresti - Constanta","bucuresti constanta","Bucuresti-Constanta","tren brasov-bucuresti-constanta","tren spre constanta"],"articleSection":["Articole","\u0218tiri"],"inLanguage":"en-GB","copyrightYear":"2024","copyrightHolder":{"@id":"https:\/\/buletin.de\/bucuresti\/#organization"}},{"@type":"WebPage","@id":"https:\/\/buletin.de\/bucuresti\/trenurile-spre-constanta-nu-vor-mai-pleca-din-gara-de-nord-propunere-pentru-modernizarea-complexului-feroviar-bucuresti\/","url":"https:\/\/buletin.de\/bucuresti\/trenurile-spre-constanta-nu-vor-mai-pleca-din-gara-de-nord-propunere-pentru-modernizarea-complexului-feroviar-bucuresti\/","name":"Trenurile spre Constan\u021ba nu vor mai pleca din Gara de Nord","isPartOf":{"@id":"https:\/\/buletin.de\/bucuresti\/#website"},"primaryImageOfPage":{"@id":"https:\/\/buletin.de\/bucuresti\/trenurile-spre-constanta-nu-vor-mai-pleca-din-gara-de-nord-propunere-pentru-modernizarea-complexului-feroviar-bucuresti\/#primaryimage"},"image":{"@id":"https:\/\/buletin.de\/bucuresti\/trenurile-spre-constanta-nu-vor-mai-pleca-din-gara-de-nord-propunere-pentru-modernizarea-complexului-feroviar-bucuresti\/#primaryimage"},"thumbnailUrl":"https:\/\/buletin.de\/bucuresti\/wp-content\/uploads\/Gara-Baneasa.jpg","datePublished":"2024-07-19T12:59:15+00:00","dateModified":"2024-07-19T13:01:01+00:00","description":"Trenurile spre Constan\u021ba nu vor mai pleca din Gara de Nord. Propunere pentru modernizarea Complexului Feroviar Bucure\u0219ti.","breadcrumb":{"@id":"https:\/\/buletin.de\/bucuresti\/trenurile-spre-constanta-nu-vor-mai-pleca-din-gara-de-nord-propunere-pentru-modernizarea-complexului-feroviar-bucuresti\/#breadcrumb"},"inLanguage":"en-GB","potentialAction":[{"@type":"ReadAction","target":["https:\/\/buletin.de\/bucuresti\/trenurile-spre-constanta-nu-vor-mai-pleca-din-gara-de-nord-propunere-pentru-modernizarea-complexului-feroviar-bucuresti\/"]}]},{"@type":"ImageObject","inLanguage":"en-GB","@id":"https:\/\/buletin.de\/bucuresti\/trenurile-spre-constanta-nu-vor-mai-pleca-din-gara-de-nord-propunere-pentru-modernizarea-complexului-feroviar-bucuresti\/#primaryimage","url":"https:\/\/buletin.de\/bucuresti\/wp-content\/uploads\/Gara-Baneasa.jpg","contentUrl":"https:\/\/buletin.de\/bucuresti\/wp-content\/uploads\/Gara-Baneasa.jpg","width":512,"height":512,"caption":"Trenurile spre Constan\u021ba nu vor mai pleca din Gara de Nord, ci din Gara B\u0103neasa. Foto: Club Feroviar"},{"@type":"BreadcrumbList","@id":"https:\/\/buletin.de\/bucuresti\/trenurile-spre-constanta-nu-vor-mai-pleca-din-gara-de-nord-propunere-pentru-modernizarea-complexului-feroviar-bucuresti\/#breadcrumb","itemListElement":[{"@type":"ListItem","position":1,"name":"Acas\u0103","item":"https:\/\/buletin.de\/bucuresti\/"},{"@type":"ListItem","position":2,"name":"Trenurile spre Constan\u021ba nu vor mai pleca din Gara de Nord. Propunere pentru modernizarea Complexului Feroviar Bucure\u0219ti"}]},{"@type":"WebSite","@id":"https:\/\/buletin.de\/bucuresti\/#website","url":"https:\/\/buletin.de\/bucuresti\/","name":"Buletin de Bucure\u0219ti","description":"\u0218tiri \u0219i investiga\u021bii esen\u021biale din capital\u0103","publisher":{"@id":"https:\/\/buletin.de\/bucuresti\/#organization"},"potentialAction":[{"@type":"SearchAction","target":{"@type":"EntryPoint","urlTemplate":"https:\/\/buletin.de\/bucuresti\/?s={search_term_string}"},"query-input":{"@type":"PropertyValueSpecification","valueRequired":true,"valueName":"search_term_string"}}],"inLanguage":"en-GB"},{"@type":"Organization","@id":"https:\/\/buletin.de\/bucuresti\/#organization","name":"Buletin de Bucure\u0219ti","url":"https:\/\/buletin.de\/bucuresti\/","logo":{"@type":"ImageObject","inLanguage":"en-GB","@id":"https:\/\/buletin.de\/bucuresti\/#\/schema\/logo\/image\/","url":"https:\/\/buletin.de\/bucuresti\/wp-content\/uploads\/logo-bdb-full-wide-vernil-transparent.png","contentUrl":"https:\/\/buletin.de\/bucuresti\/wp-content\/uploads\/logo-bdb-full-wide-vernil-transparent.png","width":1782,"height":626,"caption":"Buletin de Bucure\u0219ti"},"image":{"@id":"https:\/\/buletin.de\/bucuresti\/#\/schema\/logo\/image\/"},"sameAs":["https:\/\/www.facebook.com\/buletin.de.buc","https:\/\/www.instagram.com\/buletinde.bucuresti\/"]},{"@type":"Person","@id":"https:\/\/buletin.de\/bucuresti\/#\/schema\/person\/2bbcf854e5f2419a13804af574d06ab1","name":"Redac\u021bia Buletin de Bucure\u0219ti","image":{"@type":"ImageObject","inLanguage":"en-GB","@id":"https:\/\/secure.gravatar.com\/avatar\/18c5342381ed1a08620e6280424e3e5efc958618f5d67c522c9e44c1bc6f9226?s=96&d=monsterid&r=g60c7cd0ad92c68c049fcd4bb3504d609","url":"https:\/\/secure.gravatar.com\/avatar\/18c5342381ed1a08620e6280424e3e5efc958618f5d67c522c9e44c1bc6f9226?s=96&d=monsterid&r=g","contentUrl":"https:\/\/secure.gravatar.com\/avatar\/18c5342381ed1a08620e6280424e3e5efc958618f5d67c522c9e44c1bc6f9226?s=96&d=monsterid&r=g","caption":"Redac\u021bia Buletin de Bucure\u0219ti"},"description":"Buletin de Bucure\u0219ti exist\u0103 din vara anului 2019.","url":"https:\/\/buletin.de\/bucuresti\/author\/adminbuletin\/"}]}},"authors":[{"term_id":22583,"user_id":1,"is_guest":0,"slug":"adminbuletin","display_name":"Redac\u021bia Buletin de Bucure\u0219ti","avatar_url":"https:\/\/secure.gravatar.com\/avatar\/18c5342381ed1a08620e6280424e3e5efc958618f5d67c522c9e44c1bc6f9226?s=96&d=monsterid&r=g","0":null,"1":"","2":"","3":"","4":"","5":"","6":"","7":"","8":""}],"_links":{"self":[{"href":"https:\/\/buletin.de\/bucuresti\/wp-json\/wp\/v2\/posts\/91576","targetHints":{"allow":["GET"]}}],"collection":[{"href":"https:\/\/buletin.de\/bucuresti\/wp-json\/wp\/v2\/posts"}],"about":[{"href":"https:\/\/buletin.de\/bucuresti\/wp-json\/wp\/v2\/types\/post"}],"author":[{"embeddable":true,"href":"https:\/\/buletin.de\/bucuresti\/wp-json\/wp\/v2\/users\/1"}],"replies":[{"embeddable":true,"href":"https:\/\/buletin.de\/bucuresti\/wp-json\/wp\/v2\/comments?post=91576"}],"version-history":[{"count":1,"href":"https:\/\/buletin.de\/bucuresti\/wp-json\/wp\/v2\/posts\/91576\/revisions"}],"predecessor-version":[{"id":91579,"href":"https:\/\/buletin.de\/bucuresti\/wp-json\/wp\/v2\/posts\/91576\/revisions\/91579"}],"wp:featuredmedia":[{"embeddable":true,"href":"https:\/\/buletin.de\/bucuresti\/wp-json\/wp\/v2\/media\/91578"}],"wp:attachment":[{"href":"https:\/\/buletin.de\/bucuresti\/wp-json\/wp\/v2\/media?parent=91576"}],"wp:term":[{"taxonomy":"category","embeddable":true,"href":"https:\/\/buletin.de\/bucuresti\/wp-json\/wp\/v2\/categories?post=91576"},{"taxonomy":"post_tag","embeddable":true,"href":"https:\/\/buletin.de\/bucuresti\/wp-json\/wp\/v2\/tags?post=91576"},{"taxonomy":"author","embeddable":true,"href":"https:\/\/buletin.de\/bucuresti\/wp-json\/wp\/v2\/ppma_author?post=91576"}],"curies":[{"name":"wp","href":"https:\/\/api.w.org\/{rel}","templated":true}]}}