{"id":9124,"date":"2020-07-13T17:42:03","date_gmt":"2020-07-13T14:42:03","guid":{"rendered":"https:\/\/buletin.de\/bucuresti\/?p=9124"},"modified":"2020-07-20T12:35:02","modified_gmt":"2020-07-20T09:35:02","slug":"eroinele-aripilor-romanesti-pictate-pe-imobilele-din-cartierul-aviatiei","status":"publish","type":"post","link":"https:\/\/buletin.de\/bucuresti\/eroinele-aripilor-romanesti-pictate-pe-imobilele-din-cartierul-aviatiei\/","title":{"rendered":"Eroinele \u201caripilor\u201d rom\u00e2ne\u0219ti, pictate pe imobilele din Cartierul Avia\u021biei"},"content":{"rendered":"\n<p><strong>Asocia\u021bia \u201cCartier Avia\u021biei\u201d a lansat o ini\u021biativ\u0103 menit\u0103 s\u0103 schimbe imaginea zonei \u0219i s\u0103 sublinieze identitatea local\u0103 cu ajutorul unor picturi murale care \u00eenf\u0103\u021bi\u0219eaz\u0103 femeile-pionier ale avia\u021biei din Rom\u00e2nia. <\/strong><\/p>\n\n\n\n<p>Proiectul s-a inspirat din realitatea zilnic\u0103 a cartierului, unde multe persoane lucreaz\u0103 \u00een acest domeniu, sus\u021bin ini\u021biatorii. <\/p>\n\n\n\n<p>Ideea are sprijinul majorit\u0103\u021bii locuitorilor din zon\u0103 iar \u00een prezent reprezentan\u021bii asocia\u021biei caut\u0103 sprijin financiar. <\/p>\n\n\n\n<p>Pre\u021bul unei astfel de picturi variaz\u0103 \u00een func\u021bie de artist \u0219i complexitatea ei, dar \u00een general dep\u0103\u0219e\u0219te suma de  5.000 de euro pentru 100 metri p\u0103tra\u021bi.&nbsp;<\/p>\n\n\n\n<blockquote class=\"wp-block-quote is-layout-flow wp-block-quote-is-layout-flow\"><p><em>\u201e\u021ainem aceast\u0103 idee de trei ani la sertar pentru c\u0103 sunt costuri foarte mari. Acum Centrul Cultural al Sectorului 1 a lansat un concurs de proiecte, care include \u0219i idei de picturi murale \u0219i vrem s\u0103 profit\u0103m de aceast\u0103 oportunitate. Nu am stabilit \u00eenc\u0103 unde vor fi f\u0103cute picturile, dar avem c\u00e2teva variante: <strong>\u0218coala nr.12, calcanul unui bloc de pe \u0219oseaua Pipera sau strada Alexandru \u0218erb\u0103nescu \u0219i pasajul Pipera.<\/strong> \u00cen func\u021bie de ce avize primim o s\u0103 stabilim care dintre acestea r\u0103m\u00e2n\u201d, <\/em>spune pentru Buletin de Bucure\u0219ti, Octavian Pa\u0219cu, pre\u0219edintele Asocia\u021biei Cartier Avia\u021biei.<\/p><\/blockquote>\n\n\n\n<p>Picturile vor reprezenta portretele femeilor-pionier care au contribuit la dezvoltarea acestui domeniu iar schi\u021bele din acest moment ilustreaz\u0103 dou\u0103 figuri emblematice: <strong>Elena Caragiani<\/strong>, care a fost prima femeie aviator din Rom\u00e2nia \u0219i <strong>Smaranda Br\u0103escu<\/strong>, prima femeie para\u0219utist din Rom\u00e2nia, de\u021bin\u0103toare a mai multor recorduri mondiale. <\/p>\n\n\n\n<p>Ambele au fost printre primele femei brevetate \u00een aceste domenii, la nivel mondial. <\/p>\n\n\n\n<p>Reporter: Florin R\u00e2\u0219teiu<\/p>\n\n\n\n<p>Surs\u0103 cover: Asocia\u021bia Cartier Avia\u021biei<\/p>\n","protected":false},"excerpt":{"rendered":"<p>Asocia\u021bia \u201cCartier Avia\u021biei\u201d a lansat o ini\u021biativ\u0103 menit\u0103 s\u0103 schimbe imaginea zonei \u0219i s\u0103 sublinieze identitatea local\u0103 cu ajutorul unor picturi murale care \u00eenf\u0103\u021bi\u0219eaz\u0103 femeile-pionier ale avia\u021biei din Rom\u00e2nia. Proiectul s-a inspirat din realitatea zilnic\u0103 a cartierului, unde multe persoane lucreaz\u0103 \u00een acest domeniu, sus\u021bin ini\u021biatorii. Ideea are sprijinul majorit\u0103\u021bii locuitorilor din zon\u0103 iar \u00een [&hellip;]<\/p>\n","protected":false},"author":17,"featured_media":9127,"comment_status":"closed","ping_status":"open","sticky":false,"template":"","format":"standard","meta":{"_acf_changed":false,"inline_featured_image":false,"ngg_post_thumbnail":0,"footnotes":""},"categories":[81],"tags":[1304,1308,1307,1305,1306],"ppma_author":[22576],"class_list":["post-9124","post","type-post","status-publish","format-standard","has-post-thumbnail","hentry","category-cultura","tag-aviatiei","tag-cartier","tag-elena-caragini","tag-picturi-murale","tag-smaranda-breascu"],"acf":[],"yoast_head":"<!-- This site is optimized with the Yoast SEO Premium plugin v25.3 (Yoast SEO v27.4) - https:\/\/yoast.com\/product\/yoast-seo-premium-wordpress\/ -->\n<title>Eroinele \u201caripilor\u201d rom\u00e2ne\u0219ti, pictate pe imobilele din Cartierul Avia\u021biei - Buletin de Bucure\u0219ti<\/title>\n<meta name=\"robots\" content=\"index, follow, max-snippet:-1, max-image-preview:large, max-video-preview:-1\" \/>\n<link rel=\"canonical\" href=\"https:\/\/buletin.de\/bucuresti\/eroinele-aripilor-romanesti-pictate-pe-imobilele-din-cartierul-aviatiei\/\" \/>\n<meta property=\"og:locale\" content=\"en_GB\" \/>\n<meta property=\"og:type\" content=\"article\" \/>\n<meta property=\"og:title\" content=\"Eroinele \u201caripilor\u201d rom\u00e2ne\u0219ti, pictate pe imobilele din Cartierul Avia\u021biei\" \/>\n<meta property=\"og:description\" content=\"Asocia\u021bia \u201cCartier Avia\u021biei\u201d a lansat o ini\u021biativ\u0103 menit\u0103 s\u0103 schimbe imaginea zonei \u0219i s\u0103 sublinieze identitatea local\u0103 cu ajutorul unor picturi murale care \u00eenf\u0103\u021bi\u0219eaz\u0103 femeile-pionier ale avia\u021biei din Rom\u00e2nia. Proiectul s-a inspirat din realitatea zilnic\u0103 a cartierului, unde multe persoane lucreaz\u0103 \u00een acest domeniu, sus\u021bin ini\u021biatorii. Ideea are sprijinul majorit\u0103\u021bii locuitorilor din zon\u0103 iar \u00een [&hellip;]\" \/>\n<meta property=\"og:url\" content=\"https:\/\/buletin.de\/bucuresti\/eroinele-aripilor-romanesti-pictate-pe-imobilele-din-cartierul-aviatiei\/\" \/>\n<meta property=\"og:site_name\" content=\"Buletin de Bucure\u0219ti\" \/>\n<meta property=\"article:publisher\" content=\"https:\/\/www.facebook.com\/buletin.de.buc\" \/>\n<meta property=\"article:published_time\" content=\"2020-07-13T14:42:03+00:00\" \/>\n<meta property=\"article:modified_time\" content=\"2020-07-20T09:35:02+00:00\" \/>\n<meta property=\"og:image\" content=\"https:\/\/buletin.de\/bucuresti\/wp-content\/uploads\/BeFunky-collage-10-scaled.jpg\" \/>\n\t<meta property=\"og:image:width\" content=\"2560\" \/>\n\t<meta property=\"og:image:height\" content=\"986\" \/>\n\t<meta property=\"og:image:type\" content=\"image\/jpeg\" \/>\n<meta name=\"author\" content=\"Florin R\u00e2\u0219teiu\" \/>\n<meta name=\"twitter:card\" content=\"summary_large_image\" \/>\n<meta name=\"twitter:label1\" content=\"Written by\" \/>\n\t<meta name=\"twitter:data1\" content=\"Florin R\u00e2\u0219teiu\" \/>\n\t<meta name=\"twitter:label2\" content=\"Estimated reading time\" \/>\n\t<meta name=\"twitter:data2\" content=\"1 minute\" \/>\n<script type=\"application\/ld+json\" class=\"yoast-schema-graph\">{\"@context\":\"https:\\\/\\\/schema.org\",\"@graph\":[{\"@type\":\"Article\",\"@id\":\"https:\\\/\\\/buletin.de\\\/bucuresti\\\/eroinele-aripilor-romanesti-pictate-pe-imobilele-din-cartierul-aviatiei\\\/#article\",\"isPartOf\":{\"@id\":\"https:\\\/\\\/buletin.de\\\/bucuresti\\\/eroinele-aripilor-romanesti-pictate-pe-imobilele-din-cartierul-aviatiei\\\/\"},\"author\":{\"name\":\"Florin R\u00e2\u0219teiu\",\"@id\":\"https:\\\/\\\/buletin.de\\\/bucuresti\\\/#\\\/schema\\\/person\\\/b0686d7a8b666c6afc78239777fd8a89\"},\"headline\":\"Eroinele \u201caripilor\u201d rom\u00e2ne\u0219ti, pictate pe imobilele din Cartierul Avia\u021biei\",\"datePublished\":\"2020-07-13T14:42:03+00:00\",\"dateModified\":\"2020-07-20T09:35:02+00:00\",\"mainEntityOfPage\":{\"@id\":\"https:\\\/\\\/buletin.de\\\/bucuresti\\\/eroinele-aripilor-romanesti-pictate-pe-imobilele-din-cartierul-aviatiei\\\/\"},\"wordCount\":296,\"publisher\":{\"@id\":\"https:\\\/\\\/buletin.de\\\/bucuresti\\\/#organization\"},\"image\":{\"@id\":\"https:\\\/\\\/buletin.de\\\/bucuresti\\\/eroinele-aripilor-romanesti-pictate-pe-imobilele-din-cartierul-aviatiei\\\/#primaryimage\"},\"thumbnailUrl\":\"https:\\\/\\\/buletin.de\\\/bucuresti\\\/wp-content\\\/uploads\\\/BeFunky-collage-10-scaled.jpg\",\"keywords\":[\"aviatiei\",\"cartier\",\"elena caragini\",\"picturi murale\",\"smaranda breascu\"],\"articleSection\":[\"Cultur\u0103\"],\"inLanguage\":\"en-GB\",\"copyrightYear\":\"2020\",\"copyrightHolder\":{\"@id\":\"https:\\\/\\\/buletin.de\\\/bucuresti\\\/#organization\"}},{\"@type\":\"WebPage\",\"@id\":\"https:\\\/\\\/buletin.de\\\/bucuresti\\\/eroinele-aripilor-romanesti-pictate-pe-imobilele-din-cartierul-aviatiei\\\/\",\"url\":\"https:\\\/\\\/buletin.de\\\/bucuresti\\\/eroinele-aripilor-romanesti-pictate-pe-imobilele-din-cartierul-aviatiei\\\/\",\"name\":\"Eroinele \u201caripilor\u201d rom\u00e2ne\u0219ti, pictate pe imobilele din Cartierul Avia\u021biei - Buletin de Bucure\u0219ti\",\"isPartOf\":{\"@id\":\"https:\\\/\\\/buletin.de\\\/bucuresti\\\/#website\"},\"primaryImageOfPage\":{\"@id\":\"https:\\\/\\\/buletin.de\\\/bucuresti\\\/eroinele-aripilor-romanesti-pictate-pe-imobilele-din-cartierul-aviatiei\\\/#primaryimage\"},\"image\":{\"@id\":\"https:\\\/\\\/buletin.de\\\/bucuresti\\\/eroinele-aripilor-romanesti-pictate-pe-imobilele-din-cartierul-aviatiei\\\/#primaryimage\"},\"thumbnailUrl\":\"https:\\\/\\\/buletin.de\\\/bucuresti\\\/wp-content\\\/uploads\\\/BeFunky-collage-10-scaled.jpg\",\"datePublished\":\"2020-07-13T14:42:03+00:00\",\"dateModified\":\"2020-07-20T09:35:02+00:00\",\"breadcrumb\":{\"@id\":\"https:\\\/\\\/buletin.de\\\/bucuresti\\\/eroinele-aripilor-romanesti-pictate-pe-imobilele-din-cartierul-aviatiei\\\/#breadcrumb\"},\"inLanguage\":\"en-GB\",\"potentialAction\":[{\"@type\":\"ReadAction\",\"target\":[\"https:\\\/\\\/buletin.de\\\/bucuresti\\\/eroinele-aripilor-romanesti-pictate-pe-imobilele-din-cartierul-aviatiei\\\/\"]}]},{\"@type\":\"ImageObject\",\"inLanguage\":\"en-GB\",\"@id\":\"https:\\\/\\\/buletin.de\\\/bucuresti\\\/eroinele-aripilor-romanesti-pictate-pe-imobilele-din-cartierul-aviatiei\\\/#primaryimage\",\"url\":\"https:\\\/\\\/buletin.de\\\/bucuresti\\\/wp-content\\\/uploads\\\/BeFunky-collage-10-scaled.jpg\",\"contentUrl\":\"https:\\\/\\\/buletin.de\\\/bucuresti\\\/wp-content\\\/uploads\\\/BeFunky-collage-10-scaled.jpg\",\"width\":2560,\"height\":986},{\"@type\":\"BreadcrumbList\",\"@id\":\"https:\\\/\\\/buletin.de\\\/bucuresti\\\/eroinele-aripilor-romanesti-pictate-pe-imobilele-din-cartierul-aviatiei\\\/#breadcrumb\",\"itemListElement\":[{\"@type\":\"ListItem\",\"position\":1,\"name\":\"Acas\u0103\",\"item\":\"https:\\\/\\\/buletin.de\\\/bucuresti\\\/\"},{\"@type\":\"ListItem\",\"position\":2,\"name\":\"Eroinele \u201caripilor\u201d rom\u00e2ne\u0219ti, pictate pe imobilele din Cartierul Avia\u021biei\"}]},{\"@type\":\"WebSite\",\"@id\":\"https:\\\/\\\/buletin.de\\\/bucuresti\\\/#website\",\"url\":\"https:\\\/\\\/buletin.de\\\/bucuresti\\\/\",\"name\":\"Buletin de Bucure\u0219ti\",\"description\":\"\u0218tiri \u0219i investiga\u021bii esen\u021biale din capital\u0103\",\"publisher\":{\"@id\":\"https:\\\/\\\/buletin.de\\\/bucuresti\\\/#organization\"},\"potentialAction\":[{\"@type\":\"SearchAction\",\"target\":{\"@type\":\"EntryPoint\",\"urlTemplate\":\"https:\\\/\\\/buletin.de\\\/bucuresti\\\/?s={search_term_string}\"},\"query-input\":{\"@type\":\"PropertyValueSpecification\",\"valueRequired\":true,\"valueName\":\"search_term_string\"}}],\"inLanguage\":\"en-GB\"},{\"@type\":\"Organization\",\"@id\":\"https:\\\/\\\/buletin.de\\\/bucuresti\\\/#organization\",\"name\":\"Buletin de Bucure\u0219ti\",\"url\":\"https:\\\/\\\/buletin.de\\\/bucuresti\\\/\",\"logo\":{\"@type\":\"ImageObject\",\"inLanguage\":\"en-GB\",\"@id\":\"https:\\\/\\\/buletin.de\\\/bucuresti\\\/#\\\/schema\\\/logo\\\/image\\\/\",\"url\":\"https:\\\/\\\/buletin.de\\\/bucuresti\\\/wp-content\\\/uploads\\\/logo-bdb-full-wide-vernil-transparent.png\",\"contentUrl\":\"https:\\\/\\\/buletin.de\\\/bucuresti\\\/wp-content\\\/uploads\\\/logo-bdb-full-wide-vernil-transparent.png\",\"width\":1782,\"height\":626,\"caption\":\"Buletin de Bucure\u0219ti\"},\"image\":{\"@id\":\"https:\\\/\\\/buletin.de\\\/bucuresti\\\/#\\\/schema\\\/logo\\\/image\\\/\"},\"sameAs\":[\"https:\\\/\\\/www.facebook.com\\\/buletin.de.buc\",\"https:\\\/\\\/www.instagram.com\\\/buletinde.bucuresti\\\/\"]},{\"@type\":\"Person\",\"@id\":\"https:\\\/\\\/buletin.de\\\/bucuresti\\\/#\\\/schema\\\/person\\\/b0686d7a8b666c6afc78239777fd8a89\",\"name\":\"Florin R\u00e2\u0219teiu\",\"image\":{\"@type\":\"ImageObject\",\"inLanguage\":\"en-GB\",\"@id\":\"https:\\\/\\\/buletin.de\\\/bucuresti\\\/wp-content\\\/uploads\\\/Florin-Rasteiu-96x96.jpgf0a6fe28453aa12f0a60e4d0a2e3a78c\",\"url\":\"https:\\\/\\\/buletin.de\\\/bucuresti\\\/wp-content\\\/uploads\\\/Florin-Rasteiu-96x96.jpg\",\"contentUrl\":\"https:\\\/\\\/buletin.de\\\/bucuresti\\\/wp-content\\\/uploads\\\/Florin-Rasteiu-96x96.jpg\",\"caption\":\"Florin R\u00e2\u0219teiu\"},\"description\":\"Jurnalist de investiga\u021bie. Lucreaz\u0103 de aproape 6 ani la Buletin de Bucure\u0219ti, unde a publicat articole care scot la suprafa\u021b\u0103 corup\u021bia din Capital\u0103. Analizeaz\u0103 baze de date zilnic \u0219i scoate pove\u0219ti din exceluri pline de cifre. Pune reflectorul pe adev\u0103r cu fiecare ocazie. A c\u00e2\u0219tigat premiul I la categoria Pres\u0103 Local\u0103 \u00een 2025 \u0219i locul al II-lea la aceea\u0219i categorie \u00een 2024 \u00een cadrul Premiilor Superscrieri pentru jurnalism independent.\",\"url\":\"https:\\\/\\\/buletin.de\\\/bucuresti\\\/author\\\/florinrasteiu\\\/\"}]}<\/script>\n<!-- \/ Yoast SEO Premium plugin. -->","yoast_head_json":{"title":"Eroinele \u201caripilor\u201d rom\u00e2ne\u0219ti, pictate pe imobilele din Cartierul Avia\u021biei - Buletin de Bucure\u0219ti","robots":{"index":"index","follow":"follow","max-snippet":"max-snippet:-1","max-image-preview":"max-image-preview:large","max-video-preview":"max-video-preview:-1"},"canonical":"https:\/\/buletin.de\/bucuresti\/eroinele-aripilor-romanesti-pictate-pe-imobilele-din-cartierul-aviatiei\/","og_locale":"en_GB","og_type":"article","og_title":"Eroinele \u201caripilor\u201d rom\u00e2ne\u0219ti, pictate pe imobilele din Cartierul Avia\u021biei","og_description":"Asocia\u021bia \u201cCartier Avia\u021biei\u201d a lansat o ini\u021biativ\u0103 menit\u0103 s\u0103 schimbe imaginea zonei \u0219i s\u0103 sublinieze identitatea local\u0103 cu ajutorul unor picturi murale care \u00eenf\u0103\u021bi\u0219eaz\u0103 femeile-pionier ale avia\u021biei din Rom\u00e2nia. Proiectul s-a inspirat din realitatea zilnic\u0103 a cartierului, unde multe persoane lucreaz\u0103 \u00een acest domeniu, sus\u021bin ini\u021biatorii. Ideea are sprijinul majorit\u0103\u021bii locuitorilor din zon\u0103 iar \u00een [&hellip;]","og_url":"https:\/\/buletin.de\/bucuresti\/eroinele-aripilor-romanesti-pictate-pe-imobilele-din-cartierul-aviatiei\/","og_site_name":"Buletin de Bucure\u0219ti","article_publisher":"https:\/\/www.facebook.com\/buletin.de.buc","article_published_time":"2020-07-13T14:42:03+00:00","article_modified_time":"2020-07-20T09:35:02+00:00","og_image":[{"width":2560,"height":986,"url":"https:\/\/buletin.de\/bucuresti\/wp-content\/uploads\/BeFunky-collage-10-scaled.jpg","type":"image\/jpeg"}],"author":"Florin R\u00e2\u0219teiu","twitter_card":"summary_large_image","twitter_misc":{"Written by":"Florin R\u00e2\u0219teiu","Estimated reading time":"1 minute"},"schema":{"@context":"https:\/\/schema.org","@graph":[{"@type":"Article","@id":"https:\/\/buletin.de\/bucuresti\/eroinele-aripilor-romanesti-pictate-pe-imobilele-din-cartierul-aviatiei\/#article","isPartOf":{"@id":"https:\/\/buletin.de\/bucuresti\/eroinele-aripilor-romanesti-pictate-pe-imobilele-din-cartierul-aviatiei\/"},"author":{"name":"Florin R\u00e2\u0219teiu","@id":"https:\/\/buletin.de\/bucuresti\/#\/schema\/person\/b0686d7a8b666c6afc78239777fd8a89"},"headline":"Eroinele \u201caripilor\u201d rom\u00e2ne\u0219ti, pictate pe imobilele din Cartierul Avia\u021biei","datePublished":"2020-07-13T14:42:03+00:00","dateModified":"2020-07-20T09:35:02+00:00","mainEntityOfPage":{"@id":"https:\/\/buletin.de\/bucuresti\/eroinele-aripilor-romanesti-pictate-pe-imobilele-din-cartierul-aviatiei\/"},"wordCount":296,"publisher":{"@id":"https:\/\/buletin.de\/bucuresti\/#organization"},"image":{"@id":"https:\/\/buletin.de\/bucuresti\/eroinele-aripilor-romanesti-pictate-pe-imobilele-din-cartierul-aviatiei\/#primaryimage"},"thumbnailUrl":"https:\/\/buletin.de\/bucuresti\/wp-content\/uploads\/BeFunky-collage-10-scaled.jpg","keywords":["aviatiei","cartier","elena caragini","picturi murale","smaranda breascu"],"articleSection":["Cultur\u0103"],"inLanguage":"en-GB","copyrightYear":"2020","copyrightHolder":{"@id":"https:\/\/buletin.de\/bucuresti\/#organization"}},{"@type":"WebPage","@id":"https:\/\/buletin.de\/bucuresti\/eroinele-aripilor-romanesti-pictate-pe-imobilele-din-cartierul-aviatiei\/","url":"https:\/\/buletin.de\/bucuresti\/eroinele-aripilor-romanesti-pictate-pe-imobilele-din-cartierul-aviatiei\/","name":"Eroinele \u201caripilor\u201d rom\u00e2ne\u0219ti, pictate pe imobilele din Cartierul Avia\u021biei - Buletin de Bucure\u0219ti","isPartOf":{"@id":"https:\/\/buletin.de\/bucuresti\/#website"},"primaryImageOfPage":{"@id":"https:\/\/buletin.de\/bucuresti\/eroinele-aripilor-romanesti-pictate-pe-imobilele-din-cartierul-aviatiei\/#primaryimage"},"image":{"@id":"https:\/\/buletin.de\/bucuresti\/eroinele-aripilor-romanesti-pictate-pe-imobilele-din-cartierul-aviatiei\/#primaryimage"},"thumbnailUrl":"https:\/\/buletin.de\/bucuresti\/wp-content\/uploads\/BeFunky-collage-10-scaled.jpg","datePublished":"2020-07-13T14:42:03+00:00","dateModified":"2020-07-20T09:35:02+00:00","breadcrumb":{"@id":"https:\/\/buletin.de\/bucuresti\/eroinele-aripilor-romanesti-pictate-pe-imobilele-din-cartierul-aviatiei\/#breadcrumb"},"inLanguage":"en-GB","potentialAction":[{"@type":"ReadAction","target":["https:\/\/buletin.de\/bucuresti\/eroinele-aripilor-romanesti-pictate-pe-imobilele-din-cartierul-aviatiei\/"]}]},{"@type":"ImageObject","inLanguage":"en-GB","@id":"https:\/\/buletin.de\/bucuresti\/eroinele-aripilor-romanesti-pictate-pe-imobilele-din-cartierul-aviatiei\/#primaryimage","url":"https:\/\/buletin.de\/bucuresti\/wp-content\/uploads\/BeFunky-collage-10-scaled.jpg","contentUrl":"https:\/\/buletin.de\/bucuresti\/wp-content\/uploads\/BeFunky-collage-10-scaled.jpg","width":2560,"height":986},{"@type":"BreadcrumbList","@id":"https:\/\/buletin.de\/bucuresti\/eroinele-aripilor-romanesti-pictate-pe-imobilele-din-cartierul-aviatiei\/#breadcrumb","itemListElement":[{"@type":"ListItem","position":1,"name":"Acas\u0103","item":"https:\/\/buletin.de\/bucuresti\/"},{"@type":"ListItem","position":2,"name":"Eroinele \u201caripilor\u201d rom\u00e2ne\u0219ti, pictate pe imobilele din Cartierul Avia\u021biei"}]},{"@type":"WebSite","@id":"https:\/\/buletin.de\/bucuresti\/#website","url":"https:\/\/buletin.de\/bucuresti\/","name":"Buletin de Bucure\u0219ti","description":"\u0218tiri \u0219i investiga\u021bii esen\u021biale din capital\u0103","publisher":{"@id":"https:\/\/buletin.de\/bucuresti\/#organization"},"potentialAction":[{"@type":"SearchAction","target":{"@type":"EntryPoint","urlTemplate":"https:\/\/buletin.de\/bucuresti\/?s={search_term_string}"},"query-input":{"@type":"PropertyValueSpecification","valueRequired":true,"valueName":"search_term_string"}}],"inLanguage":"en-GB"},{"@type":"Organization","@id":"https:\/\/buletin.de\/bucuresti\/#organization","name":"Buletin de Bucure\u0219ti","url":"https:\/\/buletin.de\/bucuresti\/","logo":{"@type":"ImageObject","inLanguage":"en-GB","@id":"https:\/\/buletin.de\/bucuresti\/#\/schema\/logo\/image\/","url":"https:\/\/buletin.de\/bucuresti\/wp-content\/uploads\/logo-bdb-full-wide-vernil-transparent.png","contentUrl":"https:\/\/buletin.de\/bucuresti\/wp-content\/uploads\/logo-bdb-full-wide-vernil-transparent.png","width":1782,"height":626,"caption":"Buletin de Bucure\u0219ti"},"image":{"@id":"https:\/\/buletin.de\/bucuresti\/#\/schema\/logo\/image\/"},"sameAs":["https:\/\/www.facebook.com\/buletin.de.buc","https:\/\/www.instagram.com\/buletinde.bucuresti\/"]},{"@type":"Person","@id":"https:\/\/buletin.de\/bucuresti\/#\/schema\/person\/b0686d7a8b666c6afc78239777fd8a89","name":"Florin R\u00e2\u0219teiu","image":{"@type":"ImageObject","inLanguage":"en-GB","@id":"https:\/\/buletin.de\/bucuresti\/wp-content\/uploads\/Florin-Rasteiu-96x96.jpgf0a6fe28453aa12f0a60e4d0a2e3a78c","url":"https:\/\/buletin.de\/bucuresti\/wp-content\/uploads\/Florin-Rasteiu-96x96.jpg","contentUrl":"https:\/\/buletin.de\/bucuresti\/wp-content\/uploads\/Florin-Rasteiu-96x96.jpg","caption":"Florin R\u00e2\u0219teiu"},"description":"Jurnalist de investiga\u021bie. Lucreaz\u0103 de aproape 6 ani la Buletin de Bucure\u0219ti, unde a publicat articole care scot la suprafa\u021b\u0103 corup\u021bia din Capital\u0103. Analizeaz\u0103 baze de date zilnic \u0219i scoate pove\u0219ti din exceluri pline de cifre. Pune reflectorul pe adev\u0103r cu fiecare ocazie. A c\u00e2\u0219tigat premiul I la categoria Pres\u0103 Local\u0103 \u00een 2025 \u0219i locul al II-lea la aceea\u0219i categorie \u00een 2024 \u00een cadrul Premiilor Superscrieri pentru jurnalism independent.","url":"https:\/\/buletin.de\/bucuresti\/author\/florinrasteiu\/"}]}},"authors":[{"term_id":22576,"user_id":17,"is_guest":0,"slug":"florinrasteiu","display_name":"Florin R\u00e2\u0219teiu","avatar_url":"https:\/\/buletin.de\/bucuresti\/wp-content\/uploads\/Florin-Rasteiu-96x96.jpg","0":null,"1":"","2":"","3":"","4":"","5":"","6":"","7":"","8":""}],"_links":{"self":[{"href":"https:\/\/buletin.de\/bucuresti\/wp-json\/wp\/v2\/posts\/9124","targetHints":{"allow":["GET"]}}],"collection":[{"href":"https:\/\/buletin.de\/bucuresti\/wp-json\/wp\/v2\/posts"}],"about":[{"href":"https:\/\/buletin.de\/bucuresti\/wp-json\/wp\/v2\/types\/post"}],"author":[{"embeddable":true,"href":"https:\/\/buletin.de\/bucuresti\/wp-json\/wp\/v2\/users\/17"}],"replies":[{"embeddable":true,"href":"https:\/\/buletin.de\/bucuresti\/wp-json\/wp\/v2\/comments?post=9124"}],"version-history":[{"count":7,"href":"https:\/\/buletin.de\/bucuresti\/wp-json\/wp\/v2\/posts\/9124\/revisions"}],"predecessor-version":[{"id":9133,"href":"https:\/\/buletin.de\/bucuresti\/wp-json\/wp\/v2\/posts\/9124\/revisions\/9133"}],"wp:featuredmedia":[{"embeddable":true,"href":"https:\/\/buletin.de\/bucuresti\/wp-json\/wp\/v2\/media\/9127"}],"wp:attachment":[{"href":"https:\/\/buletin.de\/bucuresti\/wp-json\/wp\/v2\/media?parent=9124"}],"wp:term":[{"taxonomy":"category","embeddable":true,"href":"https:\/\/buletin.de\/bucuresti\/wp-json\/wp\/v2\/categories?post=9124"},{"taxonomy":"post_tag","embeddable":true,"href":"https:\/\/buletin.de\/bucuresti\/wp-json\/wp\/v2\/tags?post=9124"},{"taxonomy":"author","embeddable":true,"href":"https:\/\/buletin.de\/bucuresti\/wp-json\/wp\/v2\/ppma_author?post=9124"}],"curies":[{"name":"wp","href":"https:\/\/api.w.org\/{rel}","templated":true}]}}