{"id":9114,"date":"2020-07-13T13:45:40","date_gmt":"2020-07-13T10:45:40","guid":{"rendered":"https:\/\/buletin.de\/bucuresti\/?p=9114"},"modified":"2020-07-13T13:47:09","modified_gmt":"2020-07-13T10:47:09","slug":"gabriela-firea-include-si-turistii-in-programul-testam-pentru-bucuresti-in-doua-luni-au-fost-folosite-mai-putin-de-jumatate-dintre-testele-pentru-covid-19","status":"publish","type":"post","link":"https:\/\/buletin.de\/bucuresti\/gabriela-firea-include-si-turistii-in-programul-testam-pentru-bucuresti-in-doua-luni-au-fost-folosite-mai-putin-de-jumatate-dintre-testele-pentru-covid-19\/","title":{"rendered":"Gabriela Firea include \u0219i turi\u0219tii \u00een programul \u201cTest\u0103m pentru Bucure\u0219ti\u201d. \u00cen dou\u0103 luni, au fost folosite mai pu\u021bin de jum\u0103tate dintre testele pentru COVID-19"},"content":{"rendered":"\n<p><strong>Gabriela Firea a anun\u021bat cel de-al cincilea program de testare a bucure\u0219tenilor pentru COVID-19 \u2013 \u201cVacan\u021ba 2020\u201d. Acesta va fi inclus \u00een programul \u201cTest\u0103m pentru Bucure\u0219ti\u201d, lansat la sf\u00e2r\u0219itul lunii mai, la care au apelat aproximativ 4.700 de bucure\u0219teni, din peste 11.000 de persoane c\u00e2t a anticipat ini\u021bial primarul general al Capitalei.<\/strong><\/p>\n\n\n\n<p>\u201c<em>Includem(n.r. \u2013 Vacan\u021ba 2020) \u00een proiectul de testare care deja func\u021bioneaz\u0103 \u00een Capital\u0103. Noi vorbim acum de testele COVID solicitate \u00een str\u0103in\u0103tate, \u00een special \u00een Grecia, acele teste de tip antigen care arat\u0103 dac\u0103 persoana este la momentul de fa\u021b\u0103 contaminat\u0103 cu virusul SARS Cov-2<\/em>\u201d, a declarat Gabriela Firea la <a href=\"https:\/\/www.digi24.ro\/stiri\/actualitate\/social\/gabriela-firea-anunta-ca-bucurestenii-care-pleaca-in-vacanta-vor-putea-face-teste-covid-19-gratuit-1337100?fbclid=IwAR0ljRO8qJKCJ4R6kgfPPE_e_u2bo6FvWJYAR86IMSXWH2DthbPt_vOLnuM\">Digi24.<\/a><\/p>\n\n\n\n<p>\u201c<strong>Vacan\u021ba 2020<\/strong>\u201d este cel de-al cincilea proiect lansat public de primarul general al Capitalei care are ca tematic\u0103 virusul COVID-19.<\/p>\n\n\n\n<p>Tot \u00een programul <strong>\u201cTest\u0103m pentru Bucure\u0219ti\u201d<\/strong> a fost inclus \u0219i programul <strong>\u201cTest\u0103m pentru a salva economia \u015fi locurile de munc\u0103\u201d<\/strong> care prevede 3.000 de teste pentru angaja\u021bii din domeniile serviciilor farmaceutice \u0219i alimenta\u021biei publice, reprezentan\u021bi ai mass-media, angaja\u021bi ai firmelor de curierat \u0219i sportivi din cadrul Clubului Sportiv Municipal Bucure\u0219ti. <\/p>\n\n\n\n<p>Doar 4.700 de bucure\u0219teni au solicitat \u00eens\u0103 s\u0103 fie testa\u021bi pentru COVID-19, \u00een condi\u021biile in care programul &#8220;Test\u0103m pentru Bucure\u0219ti&#8221; a fost lansat la sf\u00e2r\u0219itul lunii mai \u0219i ar fi trebuit s\u0103 acopere \u00een total 11.000 de cereri. <\/p>\n\n\n\n<iframe width=\"560\" height=\"315\" src=\"https:\/\/www.youtube.com\/embed\/GZB8IaJ_izc\" frameborder=\"0\" allow=\"accelerometer; autoplay; encrypted-media; gyroscope; picture-in-picture\" allowfullscreen=\"\"><\/iframe>\n\n\n\n<p>La toate acestea se adaug\u0103 \u0219i programul \u201c<strong>Test\u0103m pentru anticorpi<\/strong>\u201d, desf\u0103\u0219urat pe Arena Na\u021bional\u0103 f\u0103r\u0103 aviz de la DSP,  \u0219i programul  &#8220;<strong>Pentru cei care NU stau acas\u0103<\/strong>&#8221; \u00een cadrul c\u0103ruiau au fost testate circa 600 de persoane. <\/p>\n\n\n\n<p>CITE\u0218TE \u0218I <a href=\"https:\/\/buletin.de\/bucuresti\/video-testam-pentru-bucuresti-un-fiasco-cu-programare-cum-a-aratat-campania-gabrielei-firea-dupa-plecarea-televiziunilor\/\">\u201cTest\u0103m pentru Bucure\u0219ti\u201d, un fiasco cu programare. Cum a ar\u0103tat campania Gabrielei Firea dup\u0103 plecarea televiziunilor<\/a><\/p>\n","protected":false},"excerpt":{"rendered":"<p>Gabriela Firea a anun\u021bat cel de-al cincilea program de testare a bucure\u0219tenilor pentru COVID-19 \u2013 \u201cVacan\u021ba 2020\u201d. Acesta va fi inclus \u00een programul \u201cTest\u0103m pentru Bucure\u0219ti\u201d, lansat la sf\u00e2r\u0219itul lunii mai, la care au apelat aproximativ 4.700 de bucure\u0219teni, din peste 11.000 de persoane c\u00e2t a anticipat ini\u021bial primarul general al Capitalei. \u201cIncludem(n.r. \u2013 Vacan\u021ba [&hellip;]<\/p>\n","protected":false},"author":10,"featured_media":8039,"comment_status":"closed","ping_status":"open","sticky":false,"template":"","format":"standard","meta":{"_acf_changed":false,"inline_featured_image":false,"ngg_post_thumbnail":0,"footnotes":""},"categories":[996],"tags":[640,28,1303,1136],"ppma_author":[22575],"class_list":["post-9114","post","type-post","status-publish","format-standard","has-post-thumbnail","hentry","category-covid-19","tag-covid","tag-firea","tag-grecia","tag-testare"],"acf":[],"yoast_head":"<!-- This site is optimized with the Yoast SEO Premium plugin v25.3 (Yoast SEO v27.4) - https:\/\/yoast.com\/product\/yoast-seo-premium-wordpress\/ -->\n<title>Gabriela Firea include \u0219i turi\u0219tii \u00een programul \u201cTest\u0103m pentru Bucure\u0219ti\u201d. \u00cen dou\u0103 luni, au fost folosite mai pu\u021bin de jum\u0103tate dintre testele pentru COVID-19 - Buletin de Bucure\u0219ti<\/title>\n<meta name=\"robots\" content=\"index, follow, max-snippet:-1, max-image-preview:large, max-video-preview:-1\" \/>\n<link rel=\"canonical\" href=\"https:\/\/buletin.de\/bucuresti\/gabriela-firea-include-si-turistii-in-programul-testam-pentru-bucuresti-in-doua-luni-au-fost-folosite-mai-putin-de-jumatate-dintre-testele-pentru-covid-19\/\" \/>\n<meta property=\"og:locale\" content=\"en_GB\" \/>\n<meta property=\"og:type\" content=\"article\" \/>\n<meta property=\"og:title\" content=\"Gabriela Firea include \u0219i turi\u0219tii \u00een programul \u201cTest\u0103m pentru Bucure\u0219ti\u201d. \u00cen dou\u0103 luni, au fost folosite mai pu\u021bin de jum\u0103tate dintre testele pentru COVID-19\" \/>\n<meta property=\"og:description\" content=\"Gabriela Firea a anun\u021bat cel de-al cincilea program de testare a bucure\u0219tenilor pentru COVID-19 \u2013 \u201cVacan\u021ba 2020\u201d. Acesta va fi inclus \u00een programul \u201cTest\u0103m pentru Bucure\u0219ti\u201d, lansat la sf\u00e2r\u0219itul lunii mai, la care au apelat aproximativ 4.700 de bucure\u0219teni, din peste 11.000 de persoane c\u00e2t a anticipat ini\u021bial primarul general al Capitalei. \u201cIncludem(n.r. \u2013 Vacan\u021ba [&hellip;]\" \/>\n<meta property=\"og:url\" content=\"https:\/\/buletin.de\/bucuresti\/gabriela-firea-include-si-turistii-in-programul-testam-pentru-bucuresti-in-doua-luni-au-fost-folosite-mai-putin-de-jumatate-dintre-testele-pentru-covid-19\/\" \/>\n<meta property=\"og:site_name\" content=\"Buletin de Bucure\u0219ti\" \/>\n<meta property=\"article:publisher\" content=\"https:\/\/www.facebook.com\/buletin.de.buc\" \/>\n<meta property=\"article:published_time\" content=\"2020-07-13T10:45:40+00:00\" \/>\n<meta property=\"article:modified_time\" content=\"2020-07-13T10:47:09+00:00\" \/>\n<meta property=\"og:image\" content=\"https:\/\/buletin.de\/bucuresti\/wp-content\/uploads\/103113520_3262774723785312_4985173219291279675_n.jpg\" \/>\n\t<meta property=\"og:image:width\" content=\"960\" \/>\n\t<meta property=\"og:image:height\" content=\"640\" \/>\n\t<meta property=\"og:image:type\" content=\"image\/jpeg\" \/>\n<meta name=\"author\" content=\"C\u0103t\u0103lin Dosca\u0219\" \/>\n<meta name=\"twitter:card\" content=\"summary_large_image\" \/>\n<meta name=\"twitter:label1\" content=\"Written by\" \/>\n\t<meta name=\"twitter:data1\" content=\"C\u0103t\u0103lin Dosca\u0219\" \/>\n\t<meta name=\"twitter:label2\" content=\"Estimated reading time\" \/>\n\t<meta name=\"twitter:data2\" content=\"1 minute\" \/>\n<script type=\"application\/ld+json\" class=\"yoast-schema-graph\">{\"@context\":\"https:\\\/\\\/schema.org\",\"@graph\":[{\"@type\":\"Article\",\"@id\":\"https:\\\/\\\/buletin.de\\\/bucuresti\\\/gabriela-firea-include-si-turistii-in-programul-testam-pentru-bucuresti-in-doua-luni-au-fost-folosite-mai-putin-de-jumatate-dintre-testele-pentru-covid-19\\\/#article\",\"isPartOf\":{\"@id\":\"https:\\\/\\\/buletin.de\\\/bucuresti\\\/gabriela-firea-include-si-turistii-in-programul-testam-pentru-bucuresti-in-doua-luni-au-fost-folosite-mai-putin-de-jumatate-dintre-testele-pentru-covid-19\\\/\"},\"author\":{\"name\":\"C\u0103t\u0103lin Dosca\u0219\",\"@id\":\"https:\\\/\\\/buletin.de\\\/bucuresti\\\/#\\\/schema\\\/person\\\/31117187ed4d0bdb0a4c7d6acc79d0f8\"},\"headline\":\"Gabriela Firea include \u0219i turi\u0219tii \u00een programul \u201cTest\u0103m pentru Bucure\u0219ti\u201d. \u00cen dou\u0103 luni, au fost folosite mai pu\u021bin de jum\u0103tate dintre testele pentru COVID-19\",\"datePublished\":\"2020-07-13T10:45:40+00:00\",\"dateModified\":\"2020-07-13T10:47:09+00:00\",\"mainEntityOfPage\":{\"@id\":\"https:\\\/\\\/buletin.de\\\/bucuresti\\\/gabriela-firea-include-si-turistii-in-programul-testam-pentru-bucuresti-in-doua-luni-au-fost-folosite-mai-putin-de-jumatate-dintre-testele-pentru-covid-19\\\/\"},\"wordCount\":325,\"publisher\":{\"@id\":\"https:\\\/\\\/buletin.de\\\/bucuresti\\\/#organization\"},\"image\":{\"@id\":\"https:\\\/\\\/buletin.de\\\/bucuresti\\\/gabriela-firea-include-si-turistii-in-programul-testam-pentru-bucuresti-in-doua-luni-au-fost-folosite-mai-putin-de-jumatate-dintre-testele-pentru-covid-19\\\/#primaryimage\"},\"thumbnailUrl\":\"https:\\\/\\\/buletin.de\\\/bucuresti\\\/wp-content\\\/uploads\\\/103113520_3262774723785312_4985173219291279675_n.jpg\",\"keywords\":[\"covid\",\"firea\",\"grecia\",\"testare\"],\"articleSection\":[\"Covid-19\"],\"inLanguage\":\"en-GB\",\"copyrightYear\":\"2020\",\"copyrightHolder\":{\"@id\":\"https:\\\/\\\/buletin.de\\\/bucuresti\\\/#organization\"}},{\"@type\":\"WebPage\",\"@id\":\"https:\\\/\\\/buletin.de\\\/bucuresti\\\/gabriela-firea-include-si-turistii-in-programul-testam-pentru-bucuresti-in-doua-luni-au-fost-folosite-mai-putin-de-jumatate-dintre-testele-pentru-covid-19\\\/\",\"url\":\"https:\\\/\\\/buletin.de\\\/bucuresti\\\/gabriela-firea-include-si-turistii-in-programul-testam-pentru-bucuresti-in-doua-luni-au-fost-folosite-mai-putin-de-jumatate-dintre-testele-pentru-covid-19\\\/\",\"name\":\"Gabriela Firea include \u0219i turi\u0219tii \u00een programul \u201cTest\u0103m pentru Bucure\u0219ti\u201d. \u00cen dou\u0103 luni, au fost folosite mai pu\u021bin de jum\u0103tate dintre testele pentru COVID-19 - Buletin de Bucure\u0219ti\",\"isPartOf\":{\"@id\":\"https:\\\/\\\/buletin.de\\\/bucuresti\\\/#website\"},\"primaryImageOfPage\":{\"@id\":\"https:\\\/\\\/buletin.de\\\/bucuresti\\\/gabriela-firea-include-si-turistii-in-programul-testam-pentru-bucuresti-in-doua-luni-au-fost-folosite-mai-putin-de-jumatate-dintre-testele-pentru-covid-19\\\/#primaryimage\"},\"image\":{\"@id\":\"https:\\\/\\\/buletin.de\\\/bucuresti\\\/gabriela-firea-include-si-turistii-in-programul-testam-pentru-bucuresti-in-doua-luni-au-fost-folosite-mai-putin-de-jumatate-dintre-testele-pentru-covid-19\\\/#primaryimage\"},\"thumbnailUrl\":\"https:\\\/\\\/buletin.de\\\/bucuresti\\\/wp-content\\\/uploads\\\/103113520_3262774723785312_4985173219291279675_n.jpg\",\"datePublished\":\"2020-07-13T10:45:40+00:00\",\"dateModified\":\"2020-07-13T10:47:09+00:00\",\"breadcrumb\":{\"@id\":\"https:\\\/\\\/buletin.de\\\/bucuresti\\\/gabriela-firea-include-si-turistii-in-programul-testam-pentru-bucuresti-in-doua-luni-au-fost-folosite-mai-putin-de-jumatate-dintre-testele-pentru-covid-19\\\/#breadcrumb\"},\"inLanguage\":\"en-GB\",\"potentialAction\":[{\"@type\":\"ReadAction\",\"target\":[\"https:\\\/\\\/buletin.de\\\/bucuresti\\\/gabriela-firea-include-si-turistii-in-programul-testam-pentru-bucuresti-in-doua-luni-au-fost-folosite-mai-putin-de-jumatate-dintre-testele-pentru-covid-19\\\/\"]}]},{\"@type\":\"ImageObject\",\"inLanguage\":\"en-GB\",\"@id\":\"https:\\\/\\\/buletin.de\\\/bucuresti\\\/gabriela-firea-include-si-turistii-in-programul-testam-pentru-bucuresti-in-doua-luni-au-fost-folosite-mai-putin-de-jumatate-dintre-testele-pentru-covid-19\\\/#primaryimage\",\"url\":\"https:\\\/\\\/buletin.de\\\/bucuresti\\\/wp-content\\\/uploads\\\/103113520_3262774723785312_4985173219291279675_n.jpg\",\"contentUrl\":\"https:\\\/\\\/buletin.de\\\/bucuresti\\\/wp-content\\\/uploads\\\/103113520_3262774723785312_4985173219291279675_n.jpg\",\"width\":960,\"height\":640},{\"@type\":\"BreadcrumbList\",\"@id\":\"https:\\\/\\\/buletin.de\\\/bucuresti\\\/gabriela-firea-include-si-turistii-in-programul-testam-pentru-bucuresti-in-doua-luni-au-fost-folosite-mai-putin-de-jumatate-dintre-testele-pentru-covid-19\\\/#breadcrumb\",\"itemListElement\":[{\"@type\":\"ListItem\",\"position\":1,\"name\":\"Acas\u0103\",\"item\":\"https:\\\/\\\/buletin.de\\\/bucuresti\\\/\"},{\"@type\":\"ListItem\",\"position\":2,\"name\":\"Gabriela Firea include \u0219i turi\u0219tii \u00een programul \u201cTest\u0103m pentru Bucure\u0219ti\u201d. \u00cen dou\u0103 luni, au fost folosite mai pu\u021bin de jum\u0103tate dintre testele pentru COVID-19\"}]},{\"@type\":\"WebSite\",\"@id\":\"https:\\\/\\\/buletin.de\\\/bucuresti\\\/#website\",\"url\":\"https:\\\/\\\/buletin.de\\\/bucuresti\\\/\",\"name\":\"Buletin de Bucure\u0219ti\",\"description\":\"\u0218tiri \u0219i investiga\u021bii esen\u021biale din capital\u0103\",\"publisher\":{\"@id\":\"https:\\\/\\\/buletin.de\\\/bucuresti\\\/#organization\"},\"potentialAction\":[{\"@type\":\"SearchAction\",\"target\":{\"@type\":\"EntryPoint\",\"urlTemplate\":\"https:\\\/\\\/buletin.de\\\/bucuresti\\\/?s={search_term_string}\"},\"query-input\":{\"@type\":\"PropertyValueSpecification\",\"valueRequired\":true,\"valueName\":\"search_term_string\"}}],\"inLanguage\":\"en-GB\"},{\"@type\":\"Organization\",\"@id\":\"https:\\\/\\\/buletin.de\\\/bucuresti\\\/#organization\",\"name\":\"Buletin de Bucure\u0219ti\",\"url\":\"https:\\\/\\\/buletin.de\\\/bucuresti\\\/\",\"logo\":{\"@type\":\"ImageObject\",\"inLanguage\":\"en-GB\",\"@id\":\"https:\\\/\\\/buletin.de\\\/bucuresti\\\/#\\\/schema\\\/logo\\\/image\\\/\",\"url\":\"https:\\\/\\\/buletin.de\\\/bucuresti\\\/wp-content\\\/uploads\\\/logo-bdb-full-wide-vernil-transparent.png\",\"contentUrl\":\"https:\\\/\\\/buletin.de\\\/bucuresti\\\/wp-content\\\/uploads\\\/logo-bdb-full-wide-vernil-transparent.png\",\"width\":1782,\"height\":626,\"caption\":\"Buletin de Bucure\u0219ti\"},\"image\":{\"@id\":\"https:\\\/\\\/buletin.de\\\/bucuresti\\\/#\\\/schema\\\/logo\\\/image\\\/\"},\"sameAs\":[\"https:\\\/\\\/www.facebook.com\\\/buletin.de.buc\",\"https:\\\/\\\/www.instagram.com\\\/buletinde.bucuresti\\\/\"]},{\"@type\":\"Person\",\"@id\":\"https:\\\/\\\/buletin.de\\\/bucuresti\\\/#\\\/schema\\\/person\\\/31117187ed4d0bdb0a4c7d6acc79d0f8\",\"name\":\"C\u0103t\u0103lin Dosca\u0219\",\"image\":{\"@type\":\"ImageObject\",\"inLanguage\":\"en-GB\",\"@id\":\"https:\\\/\\\/buletin.de\\\/bucuresti\\\/wp-content\\\/uploads\\\/Catalin-Doscas-e1732731064764-96x96.jpga93e2943bb3b1c1f9ead823df6e6317a\",\"url\":\"https:\\\/\\\/buletin.de\\\/bucuresti\\\/wp-content\\\/uploads\\\/Catalin-Doscas-e1732731064764-96x96.jpg\",\"contentUrl\":\"https:\\\/\\\/buletin.de\\\/bucuresti\\\/wp-content\\\/uploads\\\/Catalin-Doscas-e1732731064764-96x96.jpg\",\"caption\":\"C\u0103t\u0103lin Dosca\u0219\"},\"description\":\"Reporter \u0219i redactor-\u0219ef Buletin de Bucure\u0219ti. Lucreaz\u0103 \u00een mass-media de la v\u00e2rsta de 15 ani, c\u00e2nd a publicat primele articole \u00een presa local\u0103 din Tecuci. \u00cen Bucure\u0219ti a lucrat \u00een redac\u021bii radio ca reporter, redactor \u0219i prezentator (StudentFM, Na\u021bionalFM, Radio Total, Smart FM), unde a acoperit domeniile politic, economic, social \u0219i externe. Ulterior, a fost editor-coordonator al postului Realitatea FM. Experien\u021ba \u00een jurnalismul online a dob\u00e2ndit-o la portalul B365.ro, unde a fost editor. \u00cen 2012 s-a angajat \u00een televiziune. La Realitatea TV a fost, pe r\u00e2nd, reporter la sec\u021bia Social, reporter special la emisiunea de reportaje \u0219i anchete \u201eReporterii Realit\u0103\u021bii\u201d, dar \u0219i editor al jurnalelor de \u0219tiri. Ulterior, a f\u0103cut parte din sec\u021bia de Investiga\u021bii de la Digi24 \u0219i a lucrat la campania \u201eRom\u00e2nia furat\u0103\u201d. A revenit \u00een presa scris\u0103 \u00een 2017, ca reporter special, \u00een cadrul unui proiect de repozi\u021bionare a tabloidului Libertatea \u00een cotidian generalist. Este jurnalist Buletin de Bucure\u0219ti din 2019.\",\"url\":\"https:\\\/\\\/buletin.de\\\/bucuresti\\\/author\\\/catalin\\\/\"}]}<\/script>\n<!-- \/ Yoast SEO Premium plugin. -->","yoast_head_json":{"title":"Gabriela Firea include \u0219i turi\u0219tii \u00een programul \u201cTest\u0103m pentru Bucure\u0219ti\u201d. \u00cen dou\u0103 luni, au fost folosite mai pu\u021bin de jum\u0103tate dintre testele pentru COVID-19 - Buletin de Bucure\u0219ti","robots":{"index":"index","follow":"follow","max-snippet":"max-snippet:-1","max-image-preview":"max-image-preview:large","max-video-preview":"max-video-preview:-1"},"canonical":"https:\/\/buletin.de\/bucuresti\/gabriela-firea-include-si-turistii-in-programul-testam-pentru-bucuresti-in-doua-luni-au-fost-folosite-mai-putin-de-jumatate-dintre-testele-pentru-covid-19\/","og_locale":"en_GB","og_type":"article","og_title":"Gabriela Firea include \u0219i turi\u0219tii \u00een programul \u201cTest\u0103m pentru Bucure\u0219ti\u201d. \u00cen dou\u0103 luni, au fost folosite mai pu\u021bin de jum\u0103tate dintre testele pentru COVID-19","og_description":"Gabriela Firea a anun\u021bat cel de-al cincilea program de testare a bucure\u0219tenilor pentru COVID-19 \u2013 \u201cVacan\u021ba 2020\u201d. Acesta va fi inclus \u00een programul \u201cTest\u0103m pentru Bucure\u0219ti\u201d, lansat la sf\u00e2r\u0219itul lunii mai, la care au apelat aproximativ 4.700 de bucure\u0219teni, din peste 11.000 de persoane c\u00e2t a anticipat ini\u021bial primarul general al Capitalei. \u201cIncludem(n.r. \u2013 Vacan\u021ba [&hellip;]","og_url":"https:\/\/buletin.de\/bucuresti\/gabriela-firea-include-si-turistii-in-programul-testam-pentru-bucuresti-in-doua-luni-au-fost-folosite-mai-putin-de-jumatate-dintre-testele-pentru-covid-19\/","og_site_name":"Buletin de Bucure\u0219ti","article_publisher":"https:\/\/www.facebook.com\/buletin.de.buc","article_published_time":"2020-07-13T10:45:40+00:00","article_modified_time":"2020-07-13T10:47:09+00:00","og_image":[{"width":960,"height":640,"url":"https:\/\/buletin.de\/bucuresti\/wp-content\/uploads\/103113520_3262774723785312_4985173219291279675_n.jpg","type":"image\/jpeg"}],"author":"C\u0103t\u0103lin Dosca\u0219","twitter_card":"summary_large_image","twitter_misc":{"Written by":"C\u0103t\u0103lin Dosca\u0219","Estimated reading time":"1 minute"},"schema":{"@context":"https:\/\/schema.org","@graph":[{"@type":"Article","@id":"https:\/\/buletin.de\/bucuresti\/gabriela-firea-include-si-turistii-in-programul-testam-pentru-bucuresti-in-doua-luni-au-fost-folosite-mai-putin-de-jumatate-dintre-testele-pentru-covid-19\/#article","isPartOf":{"@id":"https:\/\/buletin.de\/bucuresti\/gabriela-firea-include-si-turistii-in-programul-testam-pentru-bucuresti-in-doua-luni-au-fost-folosite-mai-putin-de-jumatate-dintre-testele-pentru-covid-19\/"},"author":{"name":"C\u0103t\u0103lin Dosca\u0219","@id":"https:\/\/buletin.de\/bucuresti\/#\/schema\/person\/31117187ed4d0bdb0a4c7d6acc79d0f8"},"headline":"Gabriela Firea include \u0219i turi\u0219tii \u00een programul \u201cTest\u0103m pentru Bucure\u0219ti\u201d. \u00cen dou\u0103 luni, au fost folosite mai pu\u021bin de jum\u0103tate dintre testele pentru COVID-19","datePublished":"2020-07-13T10:45:40+00:00","dateModified":"2020-07-13T10:47:09+00:00","mainEntityOfPage":{"@id":"https:\/\/buletin.de\/bucuresti\/gabriela-firea-include-si-turistii-in-programul-testam-pentru-bucuresti-in-doua-luni-au-fost-folosite-mai-putin-de-jumatate-dintre-testele-pentru-covid-19\/"},"wordCount":325,"publisher":{"@id":"https:\/\/buletin.de\/bucuresti\/#organization"},"image":{"@id":"https:\/\/buletin.de\/bucuresti\/gabriela-firea-include-si-turistii-in-programul-testam-pentru-bucuresti-in-doua-luni-au-fost-folosite-mai-putin-de-jumatate-dintre-testele-pentru-covid-19\/#primaryimage"},"thumbnailUrl":"https:\/\/buletin.de\/bucuresti\/wp-content\/uploads\/103113520_3262774723785312_4985173219291279675_n.jpg","keywords":["covid","firea","grecia","testare"],"articleSection":["Covid-19"],"inLanguage":"en-GB","copyrightYear":"2020","copyrightHolder":{"@id":"https:\/\/buletin.de\/bucuresti\/#organization"}},{"@type":"WebPage","@id":"https:\/\/buletin.de\/bucuresti\/gabriela-firea-include-si-turistii-in-programul-testam-pentru-bucuresti-in-doua-luni-au-fost-folosite-mai-putin-de-jumatate-dintre-testele-pentru-covid-19\/","url":"https:\/\/buletin.de\/bucuresti\/gabriela-firea-include-si-turistii-in-programul-testam-pentru-bucuresti-in-doua-luni-au-fost-folosite-mai-putin-de-jumatate-dintre-testele-pentru-covid-19\/","name":"Gabriela Firea include \u0219i turi\u0219tii \u00een programul \u201cTest\u0103m pentru Bucure\u0219ti\u201d. \u00cen dou\u0103 luni, au fost folosite mai pu\u021bin de jum\u0103tate dintre testele pentru COVID-19 - Buletin de Bucure\u0219ti","isPartOf":{"@id":"https:\/\/buletin.de\/bucuresti\/#website"},"primaryImageOfPage":{"@id":"https:\/\/buletin.de\/bucuresti\/gabriela-firea-include-si-turistii-in-programul-testam-pentru-bucuresti-in-doua-luni-au-fost-folosite-mai-putin-de-jumatate-dintre-testele-pentru-covid-19\/#primaryimage"},"image":{"@id":"https:\/\/buletin.de\/bucuresti\/gabriela-firea-include-si-turistii-in-programul-testam-pentru-bucuresti-in-doua-luni-au-fost-folosite-mai-putin-de-jumatate-dintre-testele-pentru-covid-19\/#primaryimage"},"thumbnailUrl":"https:\/\/buletin.de\/bucuresti\/wp-content\/uploads\/103113520_3262774723785312_4985173219291279675_n.jpg","datePublished":"2020-07-13T10:45:40+00:00","dateModified":"2020-07-13T10:47:09+00:00","breadcrumb":{"@id":"https:\/\/buletin.de\/bucuresti\/gabriela-firea-include-si-turistii-in-programul-testam-pentru-bucuresti-in-doua-luni-au-fost-folosite-mai-putin-de-jumatate-dintre-testele-pentru-covid-19\/#breadcrumb"},"inLanguage":"en-GB","potentialAction":[{"@type":"ReadAction","target":["https:\/\/buletin.de\/bucuresti\/gabriela-firea-include-si-turistii-in-programul-testam-pentru-bucuresti-in-doua-luni-au-fost-folosite-mai-putin-de-jumatate-dintre-testele-pentru-covid-19\/"]}]},{"@type":"ImageObject","inLanguage":"en-GB","@id":"https:\/\/buletin.de\/bucuresti\/gabriela-firea-include-si-turistii-in-programul-testam-pentru-bucuresti-in-doua-luni-au-fost-folosite-mai-putin-de-jumatate-dintre-testele-pentru-covid-19\/#primaryimage","url":"https:\/\/buletin.de\/bucuresti\/wp-content\/uploads\/103113520_3262774723785312_4985173219291279675_n.jpg","contentUrl":"https:\/\/buletin.de\/bucuresti\/wp-content\/uploads\/103113520_3262774723785312_4985173219291279675_n.jpg","width":960,"height":640},{"@type":"BreadcrumbList","@id":"https:\/\/buletin.de\/bucuresti\/gabriela-firea-include-si-turistii-in-programul-testam-pentru-bucuresti-in-doua-luni-au-fost-folosite-mai-putin-de-jumatate-dintre-testele-pentru-covid-19\/#breadcrumb","itemListElement":[{"@type":"ListItem","position":1,"name":"Acas\u0103","item":"https:\/\/buletin.de\/bucuresti\/"},{"@type":"ListItem","position":2,"name":"Gabriela Firea include \u0219i turi\u0219tii \u00een programul \u201cTest\u0103m pentru Bucure\u0219ti\u201d. \u00cen dou\u0103 luni, au fost folosite mai pu\u021bin de jum\u0103tate dintre testele pentru COVID-19"}]},{"@type":"WebSite","@id":"https:\/\/buletin.de\/bucuresti\/#website","url":"https:\/\/buletin.de\/bucuresti\/","name":"Buletin de Bucure\u0219ti","description":"\u0218tiri \u0219i investiga\u021bii esen\u021biale din capital\u0103","publisher":{"@id":"https:\/\/buletin.de\/bucuresti\/#organization"},"potentialAction":[{"@type":"SearchAction","target":{"@type":"EntryPoint","urlTemplate":"https:\/\/buletin.de\/bucuresti\/?s={search_term_string}"},"query-input":{"@type":"PropertyValueSpecification","valueRequired":true,"valueName":"search_term_string"}}],"inLanguage":"en-GB"},{"@type":"Organization","@id":"https:\/\/buletin.de\/bucuresti\/#organization","name":"Buletin de Bucure\u0219ti","url":"https:\/\/buletin.de\/bucuresti\/","logo":{"@type":"ImageObject","inLanguage":"en-GB","@id":"https:\/\/buletin.de\/bucuresti\/#\/schema\/logo\/image\/","url":"https:\/\/buletin.de\/bucuresti\/wp-content\/uploads\/logo-bdb-full-wide-vernil-transparent.png","contentUrl":"https:\/\/buletin.de\/bucuresti\/wp-content\/uploads\/logo-bdb-full-wide-vernil-transparent.png","width":1782,"height":626,"caption":"Buletin de Bucure\u0219ti"},"image":{"@id":"https:\/\/buletin.de\/bucuresti\/#\/schema\/logo\/image\/"},"sameAs":["https:\/\/www.facebook.com\/buletin.de.buc","https:\/\/www.instagram.com\/buletinde.bucuresti\/"]},{"@type":"Person","@id":"https:\/\/buletin.de\/bucuresti\/#\/schema\/person\/31117187ed4d0bdb0a4c7d6acc79d0f8","name":"C\u0103t\u0103lin Dosca\u0219","image":{"@type":"ImageObject","inLanguage":"en-GB","@id":"https:\/\/buletin.de\/bucuresti\/wp-content\/uploads\/Catalin-Doscas-e1732731064764-96x96.jpga93e2943bb3b1c1f9ead823df6e6317a","url":"https:\/\/buletin.de\/bucuresti\/wp-content\/uploads\/Catalin-Doscas-e1732731064764-96x96.jpg","contentUrl":"https:\/\/buletin.de\/bucuresti\/wp-content\/uploads\/Catalin-Doscas-e1732731064764-96x96.jpg","caption":"C\u0103t\u0103lin Dosca\u0219"},"description":"Reporter \u0219i redactor-\u0219ef Buletin de Bucure\u0219ti. Lucreaz\u0103 \u00een mass-media de la v\u00e2rsta de 15 ani, c\u00e2nd a publicat primele articole \u00een presa local\u0103 din Tecuci. \u00cen Bucure\u0219ti a lucrat \u00een redac\u021bii radio ca reporter, redactor \u0219i prezentator (StudentFM, Na\u021bionalFM, Radio Total, Smart FM), unde a acoperit domeniile politic, economic, social \u0219i externe. Ulterior, a fost editor-coordonator al postului Realitatea FM. Experien\u021ba \u00een jurnalismul online a dob\u00e2ndit-o la portalul B365.ro, unde a fost editor. \u00cen 2012 s-a angajat \u00een televiziune. La Realitatea TV a fost, pe r\u00e2nd, reporter la sec\u021bia Social, reporter special la emisiunea de reportaje \u0219i anchete \u201eReporterii Realit\u0103\u021bii\u201d, dar \u0219i editor al jurnalelor de \u0219tiri. Ulterior, a f\u0103cut parte din sec\u021bia de Investiga\u021bii de la Digi24 \u0219i a lucrat la campania \u201eRom\u00e2nia furat\u0103\u201d. A revenit \u00een presa scris\u0103 \u00een 2017, ca reporter special, \u00een cadrul unui proiect de repozi\u021bionare a tabloidului Libertatea \u00een cotidian generalist. Este jurnalist Buletin de Bucure\u0219ti din 2019.","url":"https:\/\/buletin.de\/bucuresti\/author\/catalin\/"}]}},"authors":[{"term_id":22575,"user_id":10,"is_guest":0,"slug":"catalin","display_name":"C\u0103t\u0103lin Dosca\u0219","avatar_url":"https:\/\/buletin.de\/bucuresti\/wp-content\/uploads\/Catalin-Doscas-e1732731064764-96x96.jpg","0":null,"1":"","2":"","3":"","4":"","5":"","6":"","7":"","8":""}],"_links":{"self":[{"href":"https:\/\/buletin.de\/bucuresti\/wp-json\/wp\/v2\/posts\/9114","targetHints":{"allow":["GET"]}}],"collection":[{"href":"https:\/\/buletin.de\/bucuresti\/wp-json\/wp\/v2\/posts"}],"about":[{"href":"https:\/\/buletin.de\/bucuresti\/wp-json\/wp\/v2\/types\/post"}],"author":[{"embeddable":true,"href":"https:\/\/buletin.de\/bucuresti\/wp-json\/wp\/v2\/users\/10"}],"replies":[{"embeddable":true,"href":"https:\/\/buletin.de\/bucuresti\/wp-json\/wp\/v2\/comments?post=9114"}],"version-history":[{"count":7,"href":"https:\/\/buletin.de\/bucuresti\/wp-json\/wp\/v2\/posts\/9114\/revisions"}],"predecessor-version":[{"id":9121,"href":"https:\/\/buletin.de\/bucuresti\/wp-json\/wp\/v2\/posts\/9114\/revisions\/9121"}],"wp:featuredmedia":[{"embeddable":true,"href":"https:\/\/buletin.de\/bucuresti\/wp-json\/wp\/v2\/media\/8039"}],"wp:attachment":[{"href":"https:\/\/buletin.de\/bucuresti\/wp-json\/wp\/v2\/media?parent=9114"}],"wp:term":[{"taxonomy":"category","embeddable":true,"href":"https:\/\/buletin.de\/bucuresti\/wp-json\/wp\/v2\/categories?post=9114"},{"taxonomy":"post_tag","embeddable":true,"href":"https:\/\/buletin.de\/bucuresti\/wp-json\/wp\/v2\/tags?post=9114"},{"taxonomy":"author","embeddable":true,"href":"https:\/\/buletin.de\/bucuresti\/wp-json\/wp\/v2\/ppma_author?post=9114"}],"curies":[{"name":"wp","href":"https:\/\/api.w.org\/{rel}","templated":true}]}}