{"id":9106,"date":"2020-07-13T11:14:58","date_gmt":"2020-07-13T08:14:58","guid":{"rendered":"https:\/\/buletin.de\/bucuresti\/?p=9106"},"modified":"2020-07-20T12:34:43","modified_gmt":"2020-07-20T09:34:43","slug":"ajutorul-de-chirie-pentru-victimele-violentei-in-familie-pe-masa-cgmb","status":"publish","type":"post","link":"https:\/\/buletin.de\/bucuresti\/ajutorul-de-chirie-pentru-victimele-violentei-in-familie-pe-masa-cgmb\/","title":{"rendered":"Ajutorul de chirie pentru victimele violen\u021bei \u00een familie, pe masa CGMB"},"content":{"rendered":"\n<p><strong>Continuarea programului <a href=\"http:\/\/www4.pmb.ro\/wwwt\/institutii\/CGMB\/sedinte\/ordinea_de_zi\/db\/20200715_01.pdf\">\u201e\u00cempreun\u0103\u201d<\/a>, prin care victimele violen\u021bei \u00een familie de pe raza capitalei primesc 1500 lei pentru plata chiriei, va fi supus\u0103 s\u0103pt\u0103m\u00e2na aceasta la vot \u00een Consiliul General.<\/strong><\/p>\n\n\n\n<p>Programul \u00cempreun\u0103 a fost lansat \u00een iunie 2019, iar acum urmeaz\u0103 s\u0103 se voteze continuarea lui \u0219i \u00een anul 2020. <\/p>\n\n\n\n<p>Comisia de specialitate care s-a ocupat de acest proiect spune \u00een referatul comun de specialitate c\u0103 \u201epotrivit acordurilor de parteneriat \u0219i informa\u021biilor de\u021binute de c\u0103tre organiza\u021biile de profil, aproxim\u0103m&nbsp;un num\u0103r de 50 de victime ale violen\u021bei \u00een familie care vor accesa, lunar, acest program\u201d.<\/p>\n\n\n\n<p>Persoanele care pot beneficia de acest program sunt victimele violen\u021bei \u00een familie aflate \u00een eviden\u021bele Direc\u021biei de Generale de Asisten\u021b\u0103 Social\u0103 a Municipiului Bucure\u0219ti \u0219i persoanele care au beneficiat de ad\u0103post destinate acestei categorii sociale. <\/p>\n\n\n\n<p>Deasemenea, persoanele care primesc ajutor de la ONG-uri de profil nu pot beneficia de acest program.<\/p>\n\n\n\n<p>Votul asupra proiectului de hot\u0103r\u00e2re va fi dat miercuri, 15 iulie.<\/p>\n\n\n\n<p>Reporter:  Florin R\u00e2\u0219teiu <\/p>\n\n\n\n<p><a href=\"https:\/\/pixabay.com\/\">Surs\u0103 cover<\/a><\/p>\n","protected":false},"excerpt":{"rendered":"<p>Continuarea programului \u201e\u00cempreun\u0103\u201d, prin care victimele violen\u021bei \u00een familie de pe raza capitalei primesc 1500 lei pentru plata chiriei, va fi supus\u0103 s\u0103pt\u0103m\u00e2na aceasta la vot \u00een Consiliul General. Programul \u00cempreun\u0103 a fost lansat \u00een iunie 2019, iar acum urmeaz\u0103 s\u0103 se voteze continuarea lui \u0219i \u00een anul 2020. Comisia de specialitate care s-a ocupat [&hellip;]<\/p>\n","protected":false},"author":17,"featured_media":9107,"comment_status":"closed","ping_status":"open","sticky":false,"template":"","format":"standard","meta":{"_acf_changed":false,"inline_featured_image":false,"ngg_post_thumbnail":0,"footnotes":""},"categories":[24],"tags":[104],"ppma_author":[22576],"class_list":["post-9106","post","type-post","status-publish","format-standard","has-post-thumbnail","hentry","category-primarie","tag-pmb"],"acf":[],"yoast_head":"<!-- This site is optimized with the Yoast SEO Premium plugin v25.3 (Yoast SEO v27.4) - https:\/\/yoast.com\/product\/yoast-seo-premium-wordpress\/ -->\n<title>Ajutorul de chirie pentru victimele violen\u021bei \u00een familie, pe masa CGMB - Buletin de Bucure\u0219ti<\/title>\n<meta name=\"robots\" content=\"index, follow, max-snippet:-1, max-image-preview:large, max-video-preview:-1\" \/>\n<link rel=\"canonical\" href=\"https:\/\/buletin.de\/bucuresti\/ajutorul-de-chirie-pentru-victimele-violentei-in-familie-pe-masa-cgmb\/\" \/>\n<meta property=\"og:locale\" content=\"en_GB\" \/>\n<meta property=\"og:type\" content=\"article\" \/>\n<meta property=\"og:title\" content=\"Ajutorul de chirie pentru victimele violen\u021bei \u00een familie, pe masa CGMB\" \/>\n<meta property=\"og:description\" content=\"Continuarea programului \u201e\u00cempreun\u0103\u201d, prin care victimele violen\u021bei \u00een familie de pe raza capitalei primesc 1500 lei pentru plata chiriei, va fi supus\u0103 s\u0103pt\u0103m\u00e2na aceasta la vot \u00een Consiliul General. Programul \u00cempreun\u0103 a fost lansat \u00een iunie 2019, iar acum urmeaz\u0103 s\u0103 se voteze continuarea lui \u0219i \u00een anul 2020. Comisia de specialitate care s-a ocupat [&hellip;]\" \/>\n<meta property=\"og:url\" content=\"https:\/\/buletin.de\/bucuresti\/ajutorul-de-chirie-pentru-victimele-violentei-in-familie-pe-masa-cgmb\/\" \/>\n<meta property=\"og:site_name\" content=\"Buletin de Bucure\u0219ti\" \/>\n<meta property=\"article:publisher\" content=\"https:\/\/www.facebook.com\/buletin.de.buc\" \/>\n<meta property=\"article:published_time\" content=\"2020-07-13T08:14:58+00:00\" \/>\n<meta property=\"article:modified_time\" content=\"2020-07-20T09:34:43+00:00\" \/>\n<meta property=\"og:image\" content=\"https:\/\/buletin.de\/bucuresti\/wp-content\/uploads\/violence-against-women-4209778-scaled.jpg\" \/>\n\t<meta property=\"og:image:width\" content=\"2560\" \/>\n\t<meta property=\"og:image:height\" content=\"1587\" \/>\n\t<meta property=\"og:image:type\" content=\"image\/jpeg\" \/>\n<meta name=\"author\" content=\"Florin R\u00e2\u0219teiu\" \/>\n<meta name=\"twitter:card\" content=\"summary_large_image\" \/>\n<meta name=\"twitter:label1\" content=\"Written by\" \/>\n\t<meta name=\"twitter:data1\" content=\"Florin R\u00e2\u0219teiu\" \/>\n\t<meta name=\"twitter:label2\" content=\"Estimated reading time\" \/>\n\t<meta name=\"twitter:data2\" content=\"1 minute\" \/>\n<script type=\"application\/ld+json\" class=\"yoast-schema-graph\">{\"@context\":\"https:\\\/\\\/schema.org\",\"@graph\":[{\"@type\":\"Article\",\"@id\":\"https:\\\/\\\/buletin.de\\\/bucuresti\\\/ajutorul-de-chirie-pentru-victimele-violentei-in-familie-pe-masa-cgmb\\\/#article\",\"isPartOf\":{\"@id\":\"https:\\\/\\\/buletin.de\\\/bucuresti\\\/ajutorul-de-chirie-pentru-victimele-violentei-in-familie-pe-masa-cgmb\\\/\"},\"author\":{\"name\":\"Florin R\u00e2\u0219teiu\",\"@id\":\"https:\\\/\\\/buletin.de\\\/bucuresti\\\/#\\\/schema\\\/person\\\/b0686d7a8b666c6afc78239777fd8a89\"},\"headline\":\"Ajutorul de chirie pentru victimele violen\u021bei \u00een familie, pe masa CGMB\",\"datePublished\":\"2020-07-13T08:14:58+00:00\",\"dateModified\":\"2020-07-20T09:34:43+00:00\",\"mainEntityOfPage\":{\"@id\":\"https:\\\/\\\/buletin.de\\\/bucuresti\\\/ajutorul-de-chirie-pentru-victimele-violentei-in-familie-pe-masa-cgmb\\\/\"},\"wordCount\":188,\"publisher\":{\"@id\":\"https:\\\/\\\/buletin.de\\\/bucuresti\\\/#organization\"},\"image\":{\"@id\":\"https:\\\/\\\/buletin.de\\\/bucuresti\\\/ajutorul-de-chirie-pentru-victimele-violentei-in-familie-pe-masa-cgmb\\\/#primaryimage\"},\"thumbnailUrl\":\"https:\\\/\\\/buletin.de\\\/bucuresti\\\/wp-content\\\/uploads\\\/violence-against-women-4209778-scaled.jpg\",\"keywords\":[\"pmb\"],\"articleSection\":[\"Prim\u0103rie\"],\"inLanguage\":\"en-GB\",\"copyrightYear\":\"2020\",\"copyrightHolder\":{\"@id\":\"https:\\\/\\\/buletin.de\\\/bucuresti\\\/#organization\"}},{\"@type\":\"WebPage\",\"@id\":\"https:\\\/\\\/buletin.de\\\/bucuresti\\\/ajutorul-de-chirie-pentru-victimele-violentei-in-familie-pe-masa-cgmb\\\/\",\"url\":\"https:\\\/\\\/buletin.de\\\/bucuresti\\\/ajutorul-de-chirie-pentru-victimele-violentei-in-familie-pe-masa-cgmb\\\/\",\"name\":\"Ajutorul de chirie pentru victimele violen\u021bei \u00een familie, pe masa CGMB - Buletin de Bucure\u0219ti\",\"isPartOf\":{\"@id\":\"https:\\\/\\\/buletin.de\\\/bucuresti\\\/#website\"},\"primaryImageOfPage\":{\"@id\":\"https:\\\/\\\/buletin.de\\\/bucuresti\\\/ajutorul-de-chirie-pentru-victimele-violentei-in-familie-pe-masa-cgmb\\\/#primaryimage\"},\"image\":{\"@id\":\"https:\\\/\\\/buletin.de\\\/bucuresti\\\/ajutorul-de-chirie-pentru-victimele-violentei-in-familie-pe-masa-cgmb\\\/#primaryimage\"},\"thumbnailUrl\":\"https:\\\/\\\/buletin.de\\\/bucuresti\\\/wp-content\\\/uploads\\\/violence-against-women-4209778-scaled.jpg\",\"datePublished\":\"2020-07-13T08:14:58+00:00\",\"dateModified\":\"2020-07-20T09:34:43+00:00\",\"breadcrumb\":{\"@id\":\"https:\\\/\\\/buletin.de\\\/bucuresti\\\/ajutorul-de-chirie-pentru-victimele-violentei-in-familie-pe-masa-cgmb\\\/#breadcrumb\"},\"inLanguage\":\"en-GB\",\"potentialAction\":[{\"@type\":\"ReadAction\",\"target\":[\"https:\\\/\\\/buletin.de\\\/bucuresti\\\/ajutorul-de-chirie-pentru-victimele-violentei-in-familie-pe-masa-cgmb\\\/\"]}]},{\"@type\":\"ImageObject\",\"inLanguage\":\"en-GB\",\"@id\":\"https:\\\/\\\/buletin.de\\\/bucuresti\\\/ajutorul-de-chirie-pentru-victimele-violentei-in-familie-pe-masa-cgmb\\\/#primaryimage\",\"url\":\"https:\\\/\\\/buletin.de\\\/bucuresti\\\/wp-content\\\/uploads\\\/violence-against-women-4209778-scaled.jpg\",\"contentUrl\":\"https:\\\/\\\/buletin.de\\\/bucuresti\\\/wp-content\\\/uploads\\\/violence-against-women-4209778-scaled.jpg\",\"width\":2560,\"height\":1587},{\"@type\":\"BreadcrumbList\",\"@id\":\"https:\\\/\\\/buletin.de\\\/bucuresti\\\/ajutorul-de-chirie-pentru-victimele-violentei-in-familie-pe-masa-cgmb\\\/#breadcrumb\",\"itemListElement\":[{\"@type\":\"ListItem\",\"position\":1,\"name\":\"Acas\u0103\",\"item\":\"https:\\\/\\\/buletin.de\\\/bucuresti\\\/\"},{\"@type\":\"ListItem\",\"position\":2,\"name\":\"Ajutorul de chirie pentru victimele violen\u021bei \u00een familie, pe masa CGMB\"}]},{\"@type\":\"WebSite\",\"@id\":\"https:\\\/\\\/buletin.de\\\/bucuresti\\\/#website\",\"url\":\"https:\\\/\\\/buletin.de\\\/bucuresti\\\/\",\"name\":\"Buletin de Bucure\u0219ti\",\"description\":\"\u0218tiri \u0219i investiga\u021bii esen\u021biale din capital\u0103\",\"publisher\":{\"@id\":\"https:\\\/\\\/buletin.de\\\/bucuresti\\\/#organization\"},\"potentialAction\":[{\"@type\":\"SearchAction\",\"target\":{\"@type\":\"EntryPoint\",\"urlTemplate\":\"https:\\\/\\\/buletin.de\\\/bucuresti\\\/?s={search_term_string}\"},\"query-input\":{\"@type\":\"PropertyValueSpecification\",\"valueRequired\":true,\"valueName\":\"search_term_string\"}}],\"inLanguage\":\"en-GB\"},{\"@type\":\"Organization\",\"@id\":\"https:\\\/\\\/buletin.de\\\/bucuresti\\\/#organization\",\"name\":\"Buletin de Bucure\u0219ti\",\"url\":\"https:\\\/\\\/buletin.de\\\/bucuresti\\\/\",\"logo\":{\"@type\":\"ImageObject\",\"inLanguage\":\"en-GB\",\"@id\":\"https:\\\/\\\/buletin.de\\\/bucuresti\\\/#\\\/schema\\\/logo\\\/image\\\/\",\"url\":\"https:\\\/\\\/buletin.de\\\/bucuresti\\\/wp-content\\\/uploads\\\/logo-bdb-full-wide-vernil-transparent.png\",\"contentUrl\":\"https:\\\/\\\/buletin.de\\\/bucuresti\\\/wp-content\\\/uploads\\\/logo-bdb-full-wide-vernil-transparent.png\",\"width\":1782,\"height\":626,\"caption\":\"Buletin de Bucure\u0219ti\"},\"image\":{\"@id\":\"https:\\\/\\\/buletin.de\\\/bucuresti\\\/#\\\/schema\\\/logo\\\/image\\\/\"},\"sameAs\":[\"https:\\\/\\\/www.facebook.com\\\/buletin.de.buc\",\"https:\\\/\\\/www.instagram.com\\\/buletinde.bucuresti\\\/\"]},{\"@type\":\"Person\",\"@id\":\"https:\\\/\\\/buletin.de\\\/bucuresti\\\/#\\\/schema\\\/person\\\/b0686d7a8b666c6afc78239777fd8a89\",\"name\":\"Florin R\u00e2\u0219teiu\",\"image\":{\"@type\":\"ImageObject\",\"inLanguage\":\"en-GB\",\"@id\":\"https:\\\/\\\/buletin.de\\\/bucuresti\\\/wp-content\\\/uploads\\\/Florin-Rasteiu-96x96.jpgf0a6fe28453aa12f0a60e4d0a2e3a78c\",\"url\":\"https:\\\/\\\/buletin.de\\\/bucuresti\\\/wp-content\\\/uploads\\\/Florin-Rasteiu-96x96.jpg\",\"contentUrl\":\"https:\\\/\\\/buletin.de\\\/bucuresti\\\/wp-content\\\/uploads\\\/Florin-Rasteiu-96x96.jpg\",\"caption\":\"Florin R\u00e2\u0219teiu\"},\"description\":\"Jurnalist de investiga\u021bie. Lucreaz\u0103 de aproape 6 ani la Buletin de Bucure\u0219ti, unde a publicat articole care scot la suprafa\u021b\u0103 corup\u021bia din Capital\u0103. Analizeaz\u0103 baze de date zilnic \u0219i scoate pove\u0219ti din exceluri pline de cifre. Pune reflectorul pe adev\u0103r cu fiecare ocazie. A c\u00e2\u0219tigat premiul I la categoria Pres\u0103 Local\u0103 \u00een 2025 \u0219i locul al II-lea la aceea\u0219i categorie \u00een 2024 \u00een cadrul Premiilor Superscrieri pentru jurnalism independent.\",\"url\":\"https:\\\/\\\/buletin.de\\\/bucuresti\\\/author\\\/florinrasteiu\\\/\"}]}<\/script>\n<!-- \/ Yoast SEO Premium plugin. -->","yoast_head_json":{"title":"Ajutorul de chirie pentru victimele violen\u021bei \u00een familie, pe masa CGMB - Buletin de Bucure\u0219ti","robots":{"index":"index","follow":"follow","max-snippet":"max-snippet:-1","max-image-preview":"max-image-preview:large","max-video-preview":"max-video-preview:-1"},"canonical":"https:\/\/buletin.de\/bucuresti\/ajutorul-de-chirie-pentru-victimele-violentei-in-familie-pe-masa-cgmb\/","og_locale":"en_GB","og_type":"article","og_title":"Ajutorul de chirie pentru victimele violen\u021bei \u00een familie, pe masa CGMB","og_description":"Continuarea programului \u201e\u00cempreun\u0103\u201d, prin care victimele violen\u021bei \u00een familie de pe raza capitalei primesc 1500 lei pentru plata chiriei, va fi supus\u0103 s\u0103pt\u0103m\u00e2na aceasta la vot \u00een Consiliul General. Programul \u00cempreun\u0103 a fost lansat \u00een iunie 2019, iar acum urmeaz\u0103 s\u0103 se voteze continuarea lui \u0219i \u00een anul 2020. Comisia de specialitate care s-a ocupat [&hellip;]","og_url":"https:\/\/buletin.de\/bucuresti\/ajutorul-de-chirie-pentru-victimele-violentei-in-familie-pe-masa-cgmb\/","og_site_name":"Buletin de Bucure\u0219ti","article_publisher":"https:\/\/www.facebook.com\/buletin.de.buc","article_published_time":"2020-07-13T08:14:58+00:00","article_modified_time":"2020-07-20T09:34:43+00:00","og_image":[{"width":2560,"height":1587,"url":"https:\/\/buletin.de\/bucuresti\/wp-content\/uploads\/violence-against-women-4209778-scaled.jpg","type":"image\/jpeg"}],"author":"Florin R\u00e2\u0219teiu","twitter_card":"summary_large_image","twitter_misc":{"Written by":"Florin R\u00e2\u0219teiu","Estimated reading time":"1 minute"},"schema":{"@context":"https:\/\/schema.org","@graph":[{"@type":"Article","@id":"https:\/\/buletin.de\/bucuresti\/ajutorul-de-chirie-pentru-victimele-violentei-in-familie-pe-masa-cgmb\/#article","isPartOf":{"@id":"https:\/\/buletin.de\/bucuresti\/ajutorul-de-chirie-pentru-victimele-violentei-in-familie-pe-masa-cgmb\/"},"author":{"name":"Florin R\u00e2\u0219teiu","@id":"https:\/\/buletin.de\/bucuresti\/#\/schema\/person\/b0686d7a8b666c6afc78239777fd8a89"},"headline":"Ajutorul de chirie pentru victimele violen\u021bei \u00een familie, pe masa CGMB","datePublished":"2020-07-13T08:14:58+00:00","dateModified":"2020-07-20T09:34:43+00:00","mainEntityOfPage":{"@id":"https:\/\/buletin.de\/bucuresti\/ajutorul-de-chirie-pentru-victimele-violentei-in-familie-pe-masa-cgmb\/"},"wordCount":188,"publisher":{"@id":"https:\/\/buletin.de\/bucuresti\/#organization"},"image":{"@id":"https:\/\/buletin.de\/bucuresti\/ajutorul-de-chirie-pentru-victimele-violentei-in-familie-pe-masa-cgmb\/#primaryimage"},"thumbnailUrl":"https:\/\/buletin.de\/bucuresti\/wp-content\/uploads\/violence-against-women-4209778-scaled.jpg","keywords":["pmb"],"articleSection":["Prim\u0103rie"],"inLanguage":"en-GB","copyrightYear":"2020","copyrightHolder":{"@id":"https:\/\/buletin.de\/bucuresti\/#organization"}},{"@type":"WebPage","@id":"https:\/\/buletin.de\/bucuresti\/ajutorul-de-chirie-pentru-victimele-violentei-in-familie-pe-masa-cgmb\/","url":"https:\/\/buletin.de\/bucuresti\/ajutorul-de-chirie-pentru-victimele-violentei-in-familie-pe-masa-cgmb\/","name":"Ajutorul de chirie pentru victimele violen\u021bei \u00een familie, pe masa CGMB - Buletin de Bucure\u0219ti","isPartOf":{"@id":"https:\/\/buletin.de\/bucuresti\/#website"},"primaryImageOfPage":{"@id":"https:\/\/buletin.de\/bucuresti\/ajutorul-de-chirie-pentru-victimele-violentei-in-familie-pe-masa-cgmb\/#primaryimage"},"image":{"@id":"https:\/\/buletin.de\/bucuresti\/ajutorul-de-chirie-pentru-victimele-violentei-in-familie-pe-masa-cgmb\/#primaryimage"},"thumbnailUrl":"https:\/\/buletin.de\/bucuresti\/wp-content\/uploads\/violence-against-women-4209778-scaled.jpg","datePublished":"2020-07-13T08:14:58+00:00","dateModified":"2020-07-20T09:34:43+00:00","breadcrumb":{"@id":"https:\/\/buletin.de\/bucuresti\/ajutorul-de-chirie-pentru-victimele-violentei-in-familie-pe-masa-cgmb\/#breadcrumb"},"inLanguage":"en-GB","potentialAction":[{"@type":"ReadAction","target":["https:\/\/buletin.de\/bucuresti\/ajutorul-de-chirie-pentru-victimele-violentei-in-familie-pe-masa-cgmb\/"]}]},{"@type":"ImageObject","inLanguage":"en-GB","@id":"https:\/\/buletin.de\/bucuresti\/ajutorul-de-chirie-pentru-victimele-violentei-in-familie-pe-masa-cgmb\/#primaryimage","url":"https:\/\/buletin.de\/bucuresti\/wp-content\/uploads\/violence-against-women-4209778-scaled.jpg","contentUrl":"https:\/\/buletin.de\/bucuresti\/wp-content\/uploads\/violence-against-women-4209778-scaled.jpg","width":2560,"height":1587},{"@type":"BreadcrumbList","@id":"https:\/\/buletin.de\/bucuresti\/ajutorul-de-chirie-pentru-victimele-violentei-in-familie-pe-masa-cgmb\/#breadcrumb","itemListElement":[{"@type":"ListItem","position":1,"name":"Acas\u0103","item":"https:\/\/buletin.de\/bucuresti\/"},{"@type":"ListItem","position":2,"name":"Ajutorul de chirie pentru victimele violen\u021bei \u00een familie, pe masa CGMB"}]},{"@type":"WebSite","@id":"https:\/\/buletin.de\/bucuresti\/#website","url":"https:\/\/buletin.de\/bucuresti\/","name":"Buletin de Bucure\u0219ti","description":"\u0218tiri \u0219i investiga\u021bii esen\u021biale din capital\u0103","publisher":{"@id":"https:\/\/buletin.de\/bucuresti\/#organization"},"potentialAction":[{"@type":"SearchAction","target":{"@type":"EntryPoint","urlTemplate":"https:\/\/buletin.de\/bucuresti\/?s={search_term_string}"},"query-input":{"@type":"PropertyValueSpecification","valueRequired":true,"valueName":"search_term_string"}}],"inLanguage":"en-GB"},{"@type":"Organization","@id":"https:\/\/buletin.de\/bucuresti\/#organization","name":"Buletin de Bucure\u0219ti","url":"https:\/\/buletin.de\/bucuresti\/","logo":{"@type":"ImageObject","inLanguage":"en-GB","@id":"https:\/\/buletin.de\/bucuresti\/#\/schema\/logo\/image\/","url":"https:\/\/buletin.de\/bucuresti\/wp-content\/uploads\/logo-bdb-full-wide-vernil-transparent.png","contentUrl":"https:\/\/buletin.de\/bucuresti\/wp-content\/uploads\/logo-bdb-full-wide-vernil-transparent.png","width":1782,"height":626,"caption":"Buletin de Bucure\u0219ti"},"image":{"@id":"https:\/\/buletin.de\/bucuresti\/#\/schema\/logo\/image\/"},"sameAs":["https:\/\/www.facebook.com\/buletin.de.buc","https:\/\/www.instagram.com\/buletinde.bucuresti\/"]},{"@type":"Person","@id":"https:\/\/buletin.de\/bucuresti\/#\/schema\/person\/b0686d7a8b666c6afc78239777fd8a89","name":"Florin R\u00e2\u0219teiu","image":{"@type":"ImageObject","inLanguage":"en-GB","@id":"https:\/\/buletin.de\/bucuresti\/wp-content\/uploads\/Florin-Rasteiu-96x96.jpgf0a6fe28453aa12f0a60e4d0a2e3a78c","url":"https:\/\/buletin.de\/bucuresti\/wp-content\/uploads\/Florin-Rasteiu-96x96.jpg","contentUrl":"https:\/\/buletin.de\/bucuresti\/wp-content\/uploads\/Florin-Rasteiu-96x96.jpg","caption":"Florin R\u00e2\u0219teiu"},"description":"Jurnalist de investiga\u021bie. Lucreaz\u0103 de aproape 6 ani la Buletin de Bucure\u0219ti, unde a publicat articole care scot la suprafa\u021b\u0103 corup\u021bia din Capital\u0103. Analizeaz\u0103 baze de date zilnic \u0219i scoate pove\u0219ti din exceluri pline de cifre. Pune reflectorul pe adev\u0103r cu fiecare ocazie. A c\u00e2\u0219tigat premiul I la categoria Pres\u0103 Local\u0103 \u00een 2025 \u0219i locul al II-lea la aceea\u0219i categorie \u00een 2024 \u00een cadrul Premiilor Superscrieri pentru jurnalism independent.","url":"https:\/\/buletin.de\/bucuresti\/author\/florinrasteiu\/"}]}},"authors":[{"term_id":22576,"user_id":17,"is_guest":0,"slug":"florinrasteiu","display_name":"Florin R\u00e2\u0219teiu","avatar_url":"https:\/\/buletin.de\/bucuresti\/wp-content\/uploads\/Florin-Rasteiu-96x96.jpg","0":null,"1":"","2":"","3":"","4":"","5":"","6":"","7":"","8":""}],"_links":{"self":[{"href":"https:\/\/buletin.de\/bucuresti\/wp-json\/wp\/v2\/posts\/9106","targetHints":{"allow":["GET"]}}],"collection":[{"href":"https:\/\/buletin.de\/bucuresti\/wp-json\/wp\/v2\/posts"}],"about":[{"href":"https:\/\/buletin.de\/bucuresti\/wp-json\/wp\/v2\/types\/post"}],"author":[{"embeddable":true,"href":"https:\/\/buletin.de\/bucuresti\/wp-json\/wp\/v2\/users\/17"}],"replies":[{"embeddable":true,"href":"https:\/\/buletin.de\/bucuresti\/wp-json\/wp\/v2\/comments?post=9106"}],"version-history":[{"count":3,"href":"https:\/\/buletin.de\/bucuresti\/wp-json\/wp\/v2\/posts\/9106\/revisions"}],"predecessor-version":[{"id":9392,"href":"https:\/\/buletin.de\/bucuresti\/wp-json\/wp\/v2\/posts\/9106\/revisions\/9392"}],"wp:featuredmedia":[{"embeddable":true,"href":"https:\/\/buletin.de\/bucuresti\/wp-json\/wp\/v2\/media\/9107"}],"wp:attachment":[{"href":"https:\/\/buletin.de\/bucuresti\/wp-json\/wp\/v2\/media?parent=9106"}],"wp:term":[{"taxonomy":"category","embeddable":true,"href":"https:\/\/buletin.de\/bucuresti\/wp-json\/wp\/v2\/categories?post=9106"},{"taxonomy":"post_tag","embeddable":true,"href":"https:\/\/buletin.de\/bucuresti\/wp-json\/wp\/v2\/tags?post=9106"},{"taxonomy":"author","embeddable":true,"href":"https:\/\/buletin.de\/bucuresti\/wp-json\/wp\/v2\/ppma_author?post=9106"}],"curies":[{"name":"wp","href":"https:\/\/api.w.org\/{rel}","templated":true}]}}