{"id":9100,"date":"2020-07-12T21:58:53","date_gmt":"2020-07-12T18:58:53","guid":{"rendered":"https:\/\/buletin.de\/bucuresti\/?p=9100"},"modified":"2020-07-20T12:42:32","modified_gmt":"2020-07-20T09:42:32","slug":"cum-s-a-vazut-pe-facebook-protestul-impotriva-legii-izolarii","status":"publish","type":"post","link":"https:\/\/buletin.de\/bucuresti\/cum-s-a-vazut-pe-facebook-protestul-impotriva-legii-izolarii\/","title":{"rendered":"Cum s-a v\u0103zut pe Facebook protestul \u00eempotriva \u201elegii izol\u0103rii\u201d"},"content":{"rendered":"\n<p>C\u00e2teva sute de persoane au participat, timp de c\u00eeteva ore, la protestul \u201e#LaPu\u0219c\u0103rie\u201d \u00eempotriva \u201dlegii izol\u0103rii\u201d, p\u00e2n\u0103 c\u00e2nd ploaia a \u00eempr\u0103\u0219tat mul\u021bimea. <\/p>\n\n\n\n<p>Manifestarea a fost anun\u021bat\u0103 pe Facebook de Organized Crime Harm Reduction (OCHR) \u0219i Iosefina Pascal.&nbsp;<\/p>\n\n\n\n<figure class=\"wp-block-embed-facebook wp-block-embed is-type-video is-provider-facebook\"><div class=\"wp-block-embed__wrapper\">\nhttps:\/\/www.facebook.com\/iosefina.pascal.77\/videos\/609181720005898\/?d=n\n<\/div><\/figure>\n\n\n\n<p>Protestul a fost promovat de c\u0103tre majoritatea persoanelor care,pe \u00eentreaga perioad\u0103 a pandemiei, a negat existen\u021ba virusului. Printre ei, \u00eei amintim pe: Oana Lovin, Gheorghe Piperea, Dana Budeanu \u0219i mul\u021bi al\u021bii.&nbsp;<\/p>\n\n\n\n<figure class=\"wp-block-embed-facebook wp-block-embed is-type-rich is-provider-facebook\"><div class=\"wp-block-embed__wrapper\">\nhttps:\/\/www.facebook.com\/100049562616604\/posts\/150076646654422\/?d=n\n<\/div><\/figure>\n\n\n\n<figure class=\"wp-block-embed-facebook wp-block-embed is-type-rich is-provider-facebook\"><div class=\"wp-block-embed__wrapper\">\nhttps:\/\/www.facebook.com\/420223274709970\/posts\/3277887618943507\/\n<\/div><\/figure>\n\n\n\n<p>De remarcat este faptul c\u0103 de\u0219i organizatorii \u00een perioada de promovare a protestului au avut c\u00e2teva mii de reac\u021bii \u0219i distribuiri la post\u0103rile f\u0103cute pe tema protestului, au reu\u0219it s\u0103 str\u00e2ng\u0103 doar \u00een jur de 200-300 de persoane \u00een strad\u0103.<\/p>\n\n\n\n<figure class=\"wp-block-embed-facebook wp-block-embed is-type-rich is-provider-facebook\"><div class=\"wp-block-embed__wrapper\">\nhttps:\/\/www.facebook.com\/1297288100\/posts\/10217993129001948\/?d=n\n<\/div><\/figure>\n\n\n\n<figure class=\"wp-block-embed-facebook wp-block-embed is-type-rich is-provider-facebook\"><div class=\"wp-block-embed__wrapper\">\nhttps:\/\/www.facebook.com\/100000244883745\/posts\/4350622098289243\/?d=n\n<\/div><\/figure>\n\n\n\n<p>Mai mult, acest protest a reu\u0219it s\u0103 \u00eempart\u0103 at\u00e2t persoanele de pe re\u021belele sociale, c\u00e2t \u0219i presa \u00een dou\u0103 tabere, motiv pentru care majoritatea publica\u021biilor sus\u021bin c\u0103 la protest nu au participat mai mult de 200-300 de persoane, \u00een timp, \u00een aceast\u0103 sear\u0103, la emisiunea \u201eObservator\u201d de pe Antena 1 s-a spus c\u0103 sunt aproximativ 1000 de participan\u021bii.&nbsp;<\/p>\n\n\n\n\n\n<figure class=\"wp-block-embed-facebook wp-block-embed is-type-rich is-provider-facebook\"><div class=\"wp-block-embed__wrapper\">\nhttps:\/\/www.facebook.com\/1297288100\/posts\/10217993129001948\/?d=n\n<\/div><\/figure>\n\n\n\n<p>Sursa cover:  Inquam Photos \/ Octav Ganea <\/p>\n\n\n\n<p>Reporter &#8211; Florin R\u00e2\u0219teiu<\/p>\n","protected":false},"excerpt":{"rendered":"<p>C\u00e2teva sute de persoane au participat, timp de c\u00eeteva ore, la protestul \u201e#LaPu\u0219c\u0103rie\u201d \u00eempotriva \u201dlegii izol\u0103rii\u201d, p\u00e2n\u0103 c\u00e2nd ploaia a \u00eempr\u0103\u0219tat mul\u021bimea. Manifestarea a fost anun\u021bat\u0103 pe Facebook de Organized Crime Harm Reduction (OCHR) \u0219i Iosefina Pascal.&nbsp; Protestul a fost promovat de c\u0103tre majoritatea persoanelor care,pe \u00eentreaga perioad\u0103 a pandemiei, a negat existen\u021ba virusului. Printre [&hellip;]<\/p>\n","protected":false},"author":17,"featured_media":9103,"comment_status":"closed","ping_status":"open","sticky":false,"template":"","format":"standard","meta":{"_acf_changed":false,"inline_featured_image":false,"ngg_post_thumbnail":0,"footnotes":""},"categories":[1],"tags":[],"ppma_author":[22576],"class_list":["post-9100","post","type-post","status-publish","format-standard","has-post-thumbnail","hentry","category-diverse"],"acf":[],"yoast_head":"<!-- This site is optimized with the Yoast SEO Premium plugin v25.3 (Yoast SEO v27.4) - https:\/\/yoast.com\/product\/yoast-seo-premium-wordpress\/ -->\n<title>Cum s-a v\u0103zut pe Facebook protestul \u00eempotriva \u201elegii izol\u0103rii\u201d - Buletin de Bucure\u0219ti<\/title>\n<meta name=\"robots\" content=\"index, follow, max-snippet:-1, max-image-preview:large, max-video-preview:-1\" \/>\n<link rel=\"canonical\" href=\"https:\/\/buletin.de\/bucuresti\/cum-s-a-vazut-pe-facebook-protestul-impotriva-legii-izolarii\/\" \/>\n<meta property=\"og:locale\" content=\"en_GB\" \/>\n<meta property=\"og:type\" content=\"article\" \/>\n<meta property=\"og:title\" content=\"Cum s-a v\u0103zut pe Facebook protestul \u00eempotriva \u201elegii izol\u0103rii\u201d\" \/>\n<meta property=\"og:description\" content=\"C\u00e2teva sute de persoane au participat, timp de c\u00eeteva ore, la protestul \u201e#LaPu\u0219c\u0103rie\u201d \u00eempotriva \u201dlegii izol\u0103rii\u201d, p\u00e2n\u0103 c\u00e2nd ploaia a \u00eempr\u0103\u0219tat mul\u021bimea. Manifestarea a fost anun\u021bat\u0103 pe Facebook de Organized Crime Harm Reduction (OCHR) \u0219i Iosefina Pascal.&nbsp; Protestul a fost promovat de c\u0103tre majoritatea persoanelor care,pe \u00eentreaga perioad\u0103 a pandemiei, a negat existen\u021ba virusului. Printre [&hellip;]\" \/>\n<meta property=\"og:url\" content=\"https:\/\/buletin.de\/bucuresti\/cum-s-a-vazut-pe-facebook-protestul-impotriva-legii-izolarii\/\" \/>\n<meta property=\"og:site_name\" content=\"Buletin de Bucure\u0219ti\" \/>\n<meta property=\"article:publisher\" content=\"https:\/\/www.facebook.com\/buletin.de.buc\" \/>\n<meta property=\"article:published_time\" content=\"2020-07-12T18:58:53+00:00\" \/>\n<meta property=\"article:modified_time\" content=\"2020-07-20T09:42:32+00:00\" \/>\n<meta property=\"og:image\" content=\"https:\/\/buletin.de\/bucuresti\/wp-content\/uploads\/108118246_730084371115026_2454212808568061843_n.jpg\" \/>\n\t<meta property=\"og:image:width\" content=\"680\" \/>\n\t<meta property=\"og:image:height\" content=\"453\" \/>\n\t<meta property=\"og:image:type\" content=\"image\/jpeg\" \/>\n<meta name=\"author\" content=\"Florin R\u00e2\u0219teiu\" \/>\n<meta name=\"twitter:card\" content=\"summary_large_image\" \/>\n<meta name=\"twitter:label1\" content=\"Written by\" \/>\n\t<meta name=\"twitter:data1\" content=\"Florin R\u00e2\u0219teiu\" \/>\n\t<meta name=\"twitter:label2\" content=\"Estimated reading time\" \/>\n\t<meta name=\"twitter:data2\" content=\"1 minute\" \/>\n<script type=\"application\/ld+json\" class=\"yoast-schema-graph\">{\"@context\":\"https:\\\/\\\/schema.org\",\"@graph\":[{\"@type\":\"Article\",\"@id\":\"https:\\\/\\\/buletin.de\\\/bucuresti\\\/cum-s-a-vazut-pe-facebook-protestul-impotriva-legii-izolarii\\\/#article\",\"isPartOf\":{\"@id\":\"https:\\\/\\\/buletin.de\\\/bucuresti\\\/cum-s-a-vazut-pe-facebook-protestul-impotriva-legii-izolarii\\\/\"},\"author\":{\"name\":\"Florin R\u00e2\u0219teiu\",\"@id\":\"https:\\\/\\\/buletin.de\\\/bucuresti\\\/#\\\/schema\\\/person\\\/b0686d7a8b666c6afc78239777fd8a89\"},\"headline\":\"Cum s-a v\u0103zut pe Facebook protestul \u00eempotriva \u201elegii izol\u0103rii\u201d\",\"datePublished\":\"2020-07-12T18:58:53+00:00\",\"dateModified\":\"2020-07-20T09:42:32+00:00\",\"mainEntityOfPage\":{\"@id\":\"https:\\\/\\\/buletin.de\\\/bucuresti\\\/cum-s-a-vazut-pe-facebook-protestul-impotriva-legii-izolarii\\\/\"},\"wordCount\":260,\"publisher\":{\"@id\":\"https:\\\/\\\/buletin.de\\\/bucuresti\\\/#organization\"},\"image\":{\"@id\":\"https:\\\/\\\/buletin.de\\\/bucuresti\\\/cum-s-a-vazut-pe-facebook-protestul-impotriva-legii-izolarii\\\/#primaryimage\"},\"thumbnailUrl\":\"https:\\\/\\\/buletin.de\\\/bucuresti\\\/wp-content\\\/uploads\\\/108118246_730084371115026_2454212808568061843_n.jpg\",\"articleSection\":[\"Diverse\"],\"inLanguage\":\"en-GB\",\"copyrightYear\":\"2020\",\"copyrightHolder\":{\"@id\":\"https:\\\/\\\/buletin.de\\\/bucuresti\\\/#organization\"}},{\"@type\":\"WebPage\",\"@id\":\"https:\\\/\\\/buletin.de\\\/bucuresti\\\/cum-s-a-vazut-pe-facebook-protestul-impotriva-legii-izolarii\\\/\",\"url\":\"https:\\\/\\\/buletin.de\\\/bucuresti\\\/cum-s-a-vazut-pe-facebook-protestul-impotriva-legii-izolarii\\\/\",\"name\":\"Cum s-a v\u0103zut pe Facebook protestul \u00eempotriva \u201elegii izol\u0103rii\u201d - Buletin de Bucure\u0219ti\",\"isPartOf\":{\"@id\":\"https:\\\/\\\/buletin.de\\\/bucuresti\\\/#website\"},\"primaryImageOfPage\":{\"@id\":\"https:\\\/\\\/buletin.de\\\/bucuresti\\\/cum-s-a-vazut-pe-facebook-protestul-impotriva-legii-izolarii\\\/#primaryimage\"},\"image\":{\"@id\":\"https:\\\/\\\/buletin.de\\\/bucuresti\\\/cum-s-a-vazut-pe-facebook-protestul-impotriva-legii-izolarii\\\/#primaryimage\"},\"thumbnailUrl\":\"https:\\\/\\\/buletin.de\\\/bucuresti\\\/wp-content\\\/uploads\\\/108118246_730084371115026_2454212808568061843_n.jpg\",\"datePublished\":\"2020-07-12T18:58:53+00:00\",\"dateModified\":\"2020-07-20T09:42:32+00:00\",\"breadcrumb\":{\"@id\":\"https:\\\/\\\/buletin.de\\\/bucuresti\\\/cum-s-a-vazut-pe-facebook-protestul-impotriva-legii-izolarii\\\/#breadcrumb\"},\"inLanguage\":\"en-GB\",\"potentialAction\":[{\"@type\":\"ReadAction\",\"target\":[\"https:\\\/\\\/buletin.de\\\/bucuresti\\\/cum-s-a-vazut-pe-facebook-protestul-impotriva-legii-izolarii\\\/\"]}]},{\"@type\":\"ImageObject\",\"inLanguage\":\"en-GB\",\"@id\":\"https:\\\/\\\/buletin.de\\\/bucuresti\\\/cum-s-a-vazut-pe-facebook-protestul-impotriva-legii-izolarii\\\/#primaryimage\",\"url\":\"https:\\\/\\\/buletin.de\\\/bucuresti\\\/wp-content\\\/uploads\\\/108118246_730084371115026_2454212808568061843_n.jpg\",\"contentUrl\":\"https:\\\/\\\/buletin.de\\\/bucuresti\\\/wp-content\\\/uploads\\\/108118246_730084371115026_2454212808568061843_n.jpg\",\"width\":680,\"height\":453},{\"@type\":\"BreadcrumbList\",\"@id\":\"https:\\\/\\\/buletin.de\\\/bucuresti\\\/cum-s-a-vazut-pe-facebook-protestul-impotriva-legii-izolarii\\\/#breadcrumb\",\"itemListElement\":[{\"@type\":\"ListItem\",\"position\":1,\"name\":\"Acas\u0103\",\"item\":\"https:\\\/\\\/buletin.de\\\/bucuresti\\\/\"},{\"@type\":\"ListItem\",\"position\":2,\"name\":\"Cum s-a v\u0103zut pe Facebook protestul \u00eempotriva \u201elegii izol\u0103rii\u201d\"}]},{\"@type\":\"WebSite\",\"@id\":\"https:\\\/\\\/buletin.de\\\/bucuresti\\\/#website\",\"url\":\"https:\\\/\\\/buletin.de\\\/bucuresti\\\/\",\"name\":\"Buletin de Bucure\u0219ti\",\"description\":\"\u0218tiri \u0219i investiga\u021bii esen\u021biale din capital\u0103\",\"publisher\":{\"@id\":\"https:\\\/\\\/buletin.de\\\/bucuresti\\\/#organization\"},\"potentialAction\":[{\"@type\":\"SearchAction\",\"target\":{\"@type\":\"EntryPoint\",\"urlTemplate\":\"https:\\\/\\\/buletin.de\\\/bucuresti\\\/?s={search_term_string}\"},\"query-input\":{\"@type\":\"PropertyValueSpecification\",\"valueRequired\":true,\"valueName\":\"search_term_string\"}}],\"inLanguage\":\"en-GB\"},{\"@type\":\"Organization\",\"@id\":\"https:\\\/\\\/buletin.de\\\/bucuresti\\\/#organization\",\"name\":\"Buletin de Bucure\u0219ti\",\"url\":\"https:\\\/\\\/buletin.de\\\/bucuresti\\\/\",\"logo\":{\"@type\":\"ImageObject\",\"inLanguage\":\"en-GB\",\"@id\":\"https:\\\/\\\/buletin.de\\\/bucuresti\\\/#\\\/schema\\\/logo\\\/image\\\/\",\"url\":\"https:\\\/\\\/buletin.de\\\/bucuresti\\\/wp-content\\\/uploads\\\/logo-bdb-full-wide-vernil-transparent.png\",\"contentUrl\":\"https:\\\/\\\/buletin.de\\\/bucuresti\\\/wp-content\\\/uploads\\\/logo-bdb-full-wide-vernil-transparent.png\",\"width\":1782,\"height\":626,\"caption\":\"Buletin de Bucure\u0219ti\"},\"image\":{\"@id\":\"https:\\\/\\\/buletin.de\\\/bucuresti\\\/#\\\/schema\\\/logo\\\/image\\\/\"},\"sameAs\":[\"https:\\\/\\\/www.facebook.com\\\/buletin.de.buc\",\"https:\\\/\\\/www.instagram.com\\\/buletinde.bucuresti\\\/\"]},{\"@type\":\"Person\",\"@id\":\"https:\\\/\\\/buletin.de\\\/bucuresti\\\/#\\\/schema\\\/person\\\/b0686d7a8b666c6afc78239777fd8a89\",\"name\":\"Florin R\u00e2\u0219teiu\",\"image\":{\"@type\":\"ImageObject\",\"inLanguage\":\"en-GB\",\"@id\":\"https:\\\/\\\/buletin.de\\\/bucuresti\\\/wp-content\\\/uploads\\\/Florin-Rasteiu-96x96.jpgf0a6fe28453aa12f0a60e4d0a2e3a78c\",\"url\":\"https:\\\/\\\/buletin.de\\\/bucuresti\\\/wp-content\\\/uploads\\\/Florin-Rasteiu-96x96.jpg\",\"contentUrl\":\"https:\\\/\\\/buletin.de\\\/bucuresti\\\/wp-content\\\/uploads\\\/Florin-Rasteiu-96x96.jpg\",\"caption\":\"Florin R\u00e2\u0219teiu\"},\"description\":\"Jurnalist de investiga\u021bie. Lucreaz\u0103 de aproape 6 ani la Buletin de Bucure\u0219ti, unde a publicat articole care scot la suprafa\u021b\u0103 corup\u021bia din Capital\u0103. Analizeaz\u0103 baze de date zilnic \u0219i scoate pove\u0219ti din exceluri pline de cifre. Pune reflectorul pe adev\u0103r cu fiecare ocazie. A c\u00e2\u0219tigat premiul I la categoria Pres\u0103 Local\u0103 \u00een 2025 \u0219i locul al II-lea la aceea\u0219i categorie \u00een 2024 \u00een cadrul Premiilor Superscrieri pentru jurnalism independent.\",\"url\":\"https:\\\/\\\/buletin.de\\\/bucuresti\\\/author\\\/florinrasteiu\\\/\"}]}<\/script>\n<!-- \/ Yoast SEO Premium plugin. -->","yoast_head_json":{"title":"Cum s-a v\u0103zut pe Facebook protestul \u00eempotriva \u201elegii izol\u0103rii\u201d - Buletin de Bucure\u0219ti","robots":{"index":"index","follow":"follow","max-snippet":"max-snippet:-1","max-image-preview":"max-image-preview:large","max-video-preview":"max-video-preview:-1"},"canonical":"https:\/\/buletin.de\/bucuresti\/cum-s-a-vazut-pe-facebook-protestul-impotriva-legii-izolarii\/","og_locale":"en_GB","og_type":"article","og_title":"Cum s-a v\u0103zut pe Facebook protestul \u00eempotriva \u201elegii izol\u0103rii\u201d","og_description":"C\u00e2teva sute de persoane au participat, timp de c\u00eeteva ore, la protestul \u201e#LaPu\u0219c\u0103rie\u201d \u00eempotriva \u201dlegii izol\u0103rii\u201d, p\u00e2n\u0103 c\u00e2nd ploaia a \u00eempr\u0103\u0219tat mul\u021bimea. Manifestarea a fost anun\u021bat\u0103 pe Facebook de Organized Crime Harm Reduction (OCHR) \u0219i Iosefina Pascal.&nbsp; Protestul a fost promovat de c\u0103tre majoritatea persoanelor care,pe \u00eentreaga perioad\u0103 a pandemiei, a negat existen\u021ba virusului. Printre [&hellip;]","og_url":"https:\/\/buletin.de\/bucuresti\/cum-s-a-vazut-pe-facebook-protestul-impotriva-legii-izolarii\/","og_site_name":"Buletin de Bucure\u0219ti","article_publisher":"https:\/\/www.facebook.com\/buletin.de.buc","article_published_time":"2020-07-12T18:58:53+00:00","article_modified_time":"2020-07-20T09:42:32+00:00","og_image":[{"width":680,"height":453,"url":"https:\/\/buletin.de\/bucuresti\/wp-content\/uploads\/108118246_730084371115026_2454212808568061843_n.jpg","type":"image\/jpeg"}],"author":"Florin R\u00e2\u0219teiu","twitter_card":"summary_large_image","twitter_misc":{"Written by":"Florin R\u00e2\u0219teiu","Estimated reading time":"1 minute"},"schema":{"@context":"https:\/\/schema.org","@graph":[{"@type":"Article","@id":"https:\/\/buletin.de\/bucuresti\/cum-s-a-vazut-pe-facebook-protestul-impotriva-legii-izolarii\/#article","isPartOf":{"@id":"https:\/\/buletin.de\/bucuresti\/cum-s-a-vazut-pe-facebook-protestul-impotriva-legii-izolarii\/"},"author":{"name":"Florin R\u00e2\u0219teiu","@id":"https:\/\/buletin.de\/bucuresti\/#\/schema\/person\/b0686d7a8b666c6afc78239777fd8a89"},"headline":"Cum s-a v\u0103zut pe Facebook protestul \u00eempotriva \u201elegii izol\u0103rii\u201d","datePublished":"2020-07-12T18:58:53+00:00","dateModified":"2020-07-20T09:42:32+00:00","mainEntityOfPage":{"@id":"https:\/\/buletin.de\/bucuresti\/cum-s-a-vazut-pe-facebook-protestul-impotriva-legii-izolarii\/"},"wordCount":260,"publisher":{"@id":"https:\/\/buletin.de\/bucuresti\/#organization"},"image":{"@id":"https:\/\/buletin.de\/bucuresti\/cum-s-a-vazut-pe-facebook-protestul-impotriva-legii-izolarii\/#primaryimage"},"thumbnailUrl":"https:\/\/buletin.de\/bucuresti\/wp-content\/uploads\/108118246_730084371115026_2454212808568061843_n.jpg","articleSection":["Diverse"],"inLanguage":"en-GB","copyrightYear":"2020","copyrightHolder":{"@id":"https:\/\/buletin.de\/bucuresti\/#organization"}},{"@type":"WebPage","@id":"https:\/\/buletin.de\/bucuresti\/cum-s-a-vazut-pe-facebook-protestul-impotriva-legii-izolarii\/","url":"https:\/\/buletin.de\/bucuresti\/cum-s-a-vazut-pe-facebook-protestul-impotriva-legii-izolarii\/","name":"Cum s-a v\u0103zut pe Facebook protestul \u00eempotriva \u201elegii izol\u0103rii\u201d - Buletin de Bucure\u0219ti","isPartOf":{"@id":"https:\/\/buletin.de\/bucuresti\/#website"},"primaryImageOfPage":{"@id":"https:\/\/buletin.de\/bucuresti\/cum-s-a-vazut-pe-facebook-protestul-impotriva-legii-izolarii\/#primaryimage"},"image":{"@id":"https:\/\/buletin.de\/bucuresti\/cum-s-a-vazut-pe-facebook-protestul-impotriva-legii-izolarii\/#primaryimage"},"thumbnailUrl":"https:\/\/buletin.de\/bucuresti\/wp-content\/uploads\/108118246_730084371115026_2454212808568061843_n.jpg","datePublished":"2020-07-12T18:58:53+00:00","dateModified":"2020-07-20T09:42:32+00:00","breadcrumb":{"@id":"https:\/\/buletin.de\/bucuresti\/cum-s-a-vazut-pe-facebook-protestul-impotriva-legii-izolarii\/#breadcrumb"},"inLanguage":"en-GB","potentialAction":[{"@type":"ReadAction","target":["https:\/\/buletin.de\/bucuresti\/cum-s-a-vazut-pe-facebook-protestul-impotriva-legii-izolarii\/"]}]},{"@type":"ImageObject","inLanguage":"en-GB","@id":"https:\/\/buletin.de\/bucuresti\/cum-s-a-vazut-pe-facebook-protestul-impotriva-legii-izolarii\/#primaryimage","url":"https:\/\/buletin.de\/bucuresti\/wp-content\/uploads\/108118246_730084371115026_2454212808568061843_n.jpg","contentUrl":"https:\/\/buletin.de\/bucuresti\/wp-content\/uploads\/108118246_730084371115026_2454212808568061843_n.jpg","width":680,"height":453},{"@type":"BreadcrumbList","@id":"https:\/\/buletin.de\/bucuresti\/cum-s-a-vazut-pe-facebook-protestul-impotriva-legii-izolarii\/#breadcrumb","itemListElement":[{"@type":"ListItem","position":1,"name":"Acas\u0103","item":"https:\/\/buletin.de\/bucuresti\/"},{"@type":"ListItem","position":2,"name":"Cum s-a v\u0103zut pe Facebook protestul \u00eempotriva \u201elegii izol\u0103rii\u201d"}]},{"@type":"WebSite","@id":"https:\/\/buletin.de\/bucuresti\/#website","url":"https:\/\/buletin.de\/bucuresti\/","name":"Buletin de Bucure\u0219ti","description":"\u0218tiri \u0219i investiga\u021bii esen\u021biale din capital\u0103","publisher":{"@id":"https:\/\/buletin.de\/bucuresti\/#organization"},"potentialAction":[{"@type":"SearchAction","target":{"@type":"EntryPoint","urlTemplate":"https:\/\/buletin.de\/bucuresti\/?s={search_term_string}"},"query-input":{"@type":"PropertyValueSpecification","valueRequired":true,"valueName":"search_term_string"}}],"inLanguage":"en-GB"},{"@type":"Organization","@id":"https:\/\/buletin.de\/bucuresti\/#organization","name":"Buletin de Bucure\u0219ti","url":"https:\/\/buletin.de\/bucuresti\/","logo":{"@type":"ImageObject","inLanguage":"en-GB","@id":"https:\/\/buletin.de\/bucuresti\/#\/schema\/logo\/image\/","url":"https:\/\/buletin.de\/bucuresti\/wp-content\/uploads\/logo-bdb-full-wide-vernil-transparent.png","contentUrl":"https:\/\/buletin.de\/bucuresti\/wp-content\/uploads\/logo-bdb-full-wide-vernil-transparent.png","width":1782,"height":626,"caption":"Buletin de Bucure\u0219ti"},"image":{"@id":"https:\/\/buletin.de\/bucuresti\/#\/schema\/logo\/image\/"},"sameAs":["https:\/\/www.facebook.com\/buletin.de.buc","https:\/\/www.instagram.com\/buletinde.bucuresti\/"]},{"@type":"Person","@id":"https:\/\/buletin.de\/bucuresti\/#\/schema\/person\/b0686d7a8b666c6afc78239777fd8a89","name":"Florin R\u00e2\u0219teiu","image":{"@type":"ImageObject","inLanguage":"en-GB","@id":"https:\/\/buletin.de\/bucuresti\/wp-content\/uploads\/Florin-Rasteiu-96x96.jpgf0a6fe28453aa12f0a60e4d0a2e3a78c","url":"https:\/\/buletin.de\/bucuresti\/wp-content\/uploads\/Florin-Rasteiu-96x96.jpg","contentUrl":"https:\/\/buletin.de\/bucuresti\/wp-content\/uploads\/Florin-Rasteiu-96x96.jpg","caption":"Florin R\u00e2\u0219teiu"},"description":"Jurnalist de investiga\u021bie. Lucreaz\u0103 de aproape 6 ani la Buletin de Bucure\u0219ti, unde a publicat articole care scot la suprafa\u021b\u0103 corup\u021bia din Capital\u0103. Analizeaz\u0103 baze de date zilnic \u0219i scoate pove\u0219ti din exceluri pline de cifre. Pune reflectorul pe adev\u0103r cu fiecare ocazie. A c\u00e2\u0219tigat premiul I la categoria Pres\u0103 Local\u0103 \u00een 2025 \u0219i locul al II-lea la aceea\u0219i categorie \u00een 2024 \u00een cadrul Premiilor Superscrieri pentru jurnalism independent.","url":"https:\/\/buletin.de\/bucuresti\/author\/florinrasteiu\/"}]}},"authors":[{"term_id":22576,"user_id":17,"is_guest":0,"slug":"florinrasteiu","display_name":"Florin R\u00e2\u0219teiu","avatar_url":"https:\/\/buletin.de\/bucuresti\/wp-content\/uploads\/Florin-Rasteiu-96x96.jpg","0":null,"1":"","2":"","3":"","4":"","5":"","6":"","7":"","8":""}],"_links":{"self":[{"href":"https:\/\/buletin.de\/bucuresti\/wp-json\/wp\/v2\/posts\/9100","targetHints":{"allow":["GET"]}}],"collection":[{"href":"https:\/\/buletin.de\/bucuresti\/wp-json\/wp\/v2\/posts"}],"about":[{"href":"https:\/\/buletin.de\/bucuresti\/wp-json\/wp\/v2\/types\/post"}],"author":[{"embeddable":true,"href":"https:\/\/buletin.de\/bucuresti\/wp-json\/wp\/v2\/users\/17"}],"replies":[{"embeddable":true,"href":"https:\/\/buletin.de\/bucuresti\/wp-json\/wp\/v2\/comments?post=9100"}],"version-history":[{"count":6,"href":"https:\/\/buletin.de\/bucuresti\/wp-json\/wp\/v2\/posts\/9100\/revisions"}],"predecessor-version":[{"id":9278,"href":"https:\/\/buletin.de\/bucuresti\/wp-json\/wp\/v2\/posts\/9100\/revisions\/9278"}],"wp:featuredmedia":[{"embeddable":true,"href":"https:\/\/buletin.de\/bucuresti\/wp-json\/wp\/v2\/media\/9103"}],"wp:attachment":[{"href":"https:\/\/buletin.de\/bucuresti\/wp-json\/wp\/v2\/media?parent=9100"}],"wp:term":[{"taxonomy":"category","embeddable":true,"href":"https:\/\/buletin.de\/bucuresti\/wp-json\/wp\/v2\/categories?post=9100"},{"taxonomy":"post_tag","embeddable":true,"href":"https:\/\/buletin.de\/bucuresti\/wp-json\/wp\/v2\/tags?post=9100"},{"taxonomy":"author","embeddable":true,"href":"https:\/\/buletin.de\/bucuresti\/wp-json\/wp\/v2\/ppma_author?post=9100"}],"curies":[{"name":"wp","href":"https:\/\/api.w.org\/{rel}","templated":true}]}}