{"id":90863,"date":"2024-07-14T19:16:18","date_gmt":"2024-07-14T16:16:18","guid":{"rendered":"https:\/\/buletin.de\/bucuresti\/?p=90863"},"modified":"2024-07-15T07:18:37","modified_gmt":"2024-07-15T04:18:37","slug":"editorial-i-mitocanul-de-stb-pe-canicula-trump-kennedy-si-shaorma","status":"publish","type":"post","link":"https:\/\/buletin.de\/bucuresti\/editorial-i-mitocanul-de-stb-pe-canicula-trump-kennedy-si-shaorma\/","title":{"rendered":"EDITORIAL I Mitocanul de STB, pe canicul\u0103: Trump, Kennedy \u0219i shaorma"},"content":{"rendered":"\n<p>\u0218i l-au \u00eempu\u0219cat \u0219i pe Trump! A r\u0103mas a\u0219a&#8230; \u00eentr-o ureche. \u0218i pe c\u0103ldura asta, ca \u0219i la ei e canicul\u0103. Pe noi ne arde asfaltul de c\u00e2teva zile \u0219i nu sc\u0103p\u0103m, prea cur\u00e2nd. \u0218i c\u00e2nd ne \u00eenarm\u0103m cu r\u0103bdare, pentru c\u0103ldura din STB, Prim\u0103ria ne-a f\u0103cut o surpriz\u0103. Zilele acestea, toate mijloacele de transport \u00een comun au aer condi\u021bionat. Dac\u0103 nu erau 40 de grade, a\u0219 fi zis c\u0103 a venit Mo\u0219 Cr\u0103ciun.<\/p>\n\n\n\n<p>C\u0103 e cald, c\u0103 e frig, STB-ul r\u0103m\u00e2ne o poveste de succes. Acolo se deruleaz\u0103 cele mai frumoase scenarii: lec\u021bii de amor, sfaturi despre cum s\u0103 divor\u021bezi sau s\u0103 te m\u0103ri\u021bi, discu\u021bii despre cum ar trebui s\u0103 fie condus\u0103 \u021bar\u0103 noastr\u0103 sau alte \u021b\u0103ri, de ce nu. Tentativa de asasinat, asupra fostului pre\u0219edinte american Donald Trump, nu putea s\u0103 nu treac\u0103 de filtrul discu\u021biilor din STB. \u0218i, o discu\u021bie despre un asemenea eveniment, nu merge f\u0103r\u0103 shaorma. Da, shaorma m\u00e2ncat\u0103 pe scaun, discut\u00e2nd aprins despre America. C\u0103 ei ne \u201econduce\u201d, nu? <\/p>\n\n\n\n<p>A\u0219a a \u00eenceput dezbaterea \u00eentre dou\u0103 personaje haioase, care \u00eenfulecau cu poft\u0103 m\u00e2ncarea din alte \u021b\u0103ri, foarte popular\u0103 \u0219i la noi. \u0218i, cum aerul condi\u021bionat, f\u0103cut cadou de Prim\u0103rie, nu era foarte puternic, mirosul ne-a \u00eenv\u0103luit, ca o boare, pe cei care, pe vremea asta, merg la serviciu. Da, suntem \u0219i de \u0103\u0219tia! O m\u00e2n\u0103!<\/p>\n\n\n\n<p><em>\u201eCrezi c\u0103 dac\u0103 voiau s\u0103-l omoare, nu reu\u0219eau\u201d? <\/em><\/p>\n\n\n\n<p><em>\u201eCine\u201d? <\/em><\/p>\n\n\n\n<p><em>\u201eEeeee&#8230; P\u0103i pe Kennedy nu l-au mazilit\u201d? <\/em><\/p>\n\n\n\n<p><em>\u201eCine s\u0103-l omoare, domne\u201d? <\/em><\/p>\n\n\n\n<p><em>\u201eEeeee&#8230;\u201d<\/em><\/p>\n\n\n\n<p><em>\u201e\u0102la era un copil de 20 de ani\u201d.<\/em> <\/p>\n\n\n\n<p><em>\u201eEeeee&#8230; A fost pus\u201d! <\/em><\/p>\n\n\n\n<p><em>\u201eDe cine, domne\u201d? <\/em><\/p>\n\n\n\n<p><em>\u201eEeee&#8230; de ai lor\u201d! <\/em><\/p>\n\n\n\n<p><em>\u201eCare, domne&#8217;, ai lor\u201d? <\/em><\/p>\n\n\n\n<p><em>\u201eEeee&#8230; \u0103ia care s-au pus peste el, n-ai v\u0103zut\u201d? <\/em><\/p>\n\n\n\n<p><em>\u201eP\u0103i aia \u00eel ap\u0103rau\u201d! <\/em><\/p>\n\n\n\n<p><em>\u201eEeee&#8230; era la mi\u0219to! \u00cel \u021bineau acolo, poate se mai tr\u0103gea\u201d. <\/em><\/p>\n\n\n\n<p><em>\u201eP\u0103i, pe \u0103la, \u00eel omor\u00e2ser\u0103 deja\u201d! <\/em><\/p>\n\n\n\n<p><em>\u201eEeee&#8230; da chiar nu \u00een\u021belegi? A\u0219a fac ei\u201d! <\/em><\/p>\n\n\n\n<p><em>\u201eE\u0219ti idiot\u201d! <\/em><\/p>\n\n\n\n<p>\u00cen spatele lor, <em>\u201e<\/em>st\u0103tea<em>\u201d<\/em> Caragiale! Da, da! Cu z\u00e2mbetul \u0219ugub\u0103\u021b \u0219i inteligent, arunc\u00e2nd priviri sarcastice.<\/p>\n\n\n\n<p>\u00centre timp, shaorma a \u00eenceput s\u0103 curg\u0103 pe pantaloni \u0219i pe podeaua tramvaiului. Moment \u00een care, o doamn\u0103 dr\u0103gu\u021b\u0103 care, cu greu ascultase discu\u021bia purtat\u0103, cum se c\u00e2nt\u0103 la oper\u0103, atrage aten\u021bia asupra incidentului. Discret \u0219i elegant. Domnul cu onomatopeea, r\u0103spunde, cu sosul \u00een col\u021bul gurii:<\/p>\n\n\n\n<p><em>\u201e\u021aara arde \u0219i baba se piapt\u0103n\u0103! Mor pre\u0219edin\u021bii americani \u0219i tu vrei s\u0103 nu mai m\u0103n\u00e2nc shaorma\u201d! <\/em><\/p>\n\n\n\n<p>Caragiale n-a murit! Caragiale se \u00eentoarce \u00een fiecare secund\u0103 \u0219i st\u0103, pe c\u00e2te un scaun, \u00een STB. Iar mitocanul din STB nu ezit\u0103 s\u0103 \u00eemput\u0103, \u0219i la propriu \u0219i la figurat, atmosfera. De data asta, doar cu shaorma!<\/p>\n\n\n\n<p>Dac\u0103 atentatul se sf\u00e2r\u0219ea altfel, am fi aflat c\u0103 Trump st\u0103, bine merci, la soare, pe o insul\u0103 \u0219i face glume deocheate cu Elvis Presley \u0219i Michael Jackson.<\/p>\n\n\n\n<p>CITE\u015eTE \u0218I<\/p>\n\n\n\n<figure class=\"wp-block-embed is-type-wp-embed is-provider-buletin-de-bucure-ti wp-block-embed-buletin-de-bucure-ti\"><div class=\"wp-block-embed__wrapper\">\n<blockquote class=\"wp-embedded-content\" data-secret=\"QQN74ZdA17\"><a href=\"https:\/\/buletin.de\/bucuresti\/captura-ro-migratia-interlopa-din-sectorul-4-catre-aur\/\">Captura.ro | Migra\u0163ia interlop\u0103 din Sectorul 4 c\u0103tre AUR<\/a><\/blockquote><iframe class=\"wp-embedded-content\" sandbox=\"allow-scripts\" security=\"restricted\" style=\"position: absolute; clip: rect(1px, 1px, 1px, 1px);\" title=\"&#8220;Captura.ro | Migra\u0163ia interlop\u0103 din Sectorul 4 c\u0103tre AUR&#8221; &#8212; Buletin de Bucure\u0219ti\" src=\"https:\/\/buletin.de\/bucuresti\/captura-ro-migratia-interlopa-din-sectorul-4-catre-aur\/embed\/#?secret=KnxtAMipRi#?secret=QQN74ZdA17\" data-secret=\"QQN74ZdA17\" width=\"600\" height=\"338\" frameborder=\"0\" marginwidth=\"0\" marginheight=\"0\" scrolling=\"no\"><\/iframe>\n<\/div><\/figure>\n\n\n\n<p><\/p>\n","protected":false},"excerpt":{"rendered":"<p>\u0218i l-au \u00eempu\u0219cat \u0219i pe Trump! A r\u0103mas a\u0219a&#8230; \u00eentr-o ureche. \u0218i pe c\u0103ldura asta, ca \u0219i la ei e canicul\u0103. Pe noi ne arde asfaltul de c\u00e2teva zile \u0219i nu sc\u0103p\u0103m, prea cur\u00e2nd. \u0218i c\u00e2nd ne \u00eenarm\u0103m cu r\u0103bdare, pentru c\u0103ldura din STB, Prim\u0103ria ne-a f\u0103cut o surpriz\u0103. Zilele acestea, toate mijloacele de transport [&hellip;]<\/p>\n","protected":false},"author":49,"featured_media":90866,"comment_status":"closed","ping_status":"open","sticky":false,"template":"","format":"standard","meta":{"_acf_changed":false,"inline_featured_image":false,"ngg_post_thumbnail":0,"footnotes":""},"categories":[6994,41,5762],"tags":[7823,1765,6907,402],"ppma_author":[22574],"class_list":["post-90863","post","type-post","status-publish","format-standard","has-post-thumbnail","hentry","category-stiri-2","category-editorial","category-main","tag-caragiale","tag-donald-trump","tag-mitocan","tag-stb"],"acf":[],"yoast_head":"<!-- This site is optimized with the Yoast SEO Premium plugin v25.3 (Yoast SEO v27.5) - https:\/\/yoast.com\/product\/yoast-seo-premium-wordpress\/ -->\n<title>EDITORIAL I Mitocanul de STB, pe canicul\u0103: Trump, Kennedy \u0219i shaorma - Buletin de Bucure\u0219ti<\/title>\n<meta name=\"robots\" content=\"index, follow, max-snippet:-1, max-image-preview:large, max-video-preview:-1\" \/>\n<link rel=\"canonical\" href=\"https:\/\/buletin.de\/bucuresti\/editorial-i-mitocanul-de-stb-pe-canicula-trump-kennedy-si-shaorma\/\" \/>\n<meta property=\"og:locale\" content=\"en_GB\" \/>\n<meta property=\"og:type\" content=\"article\" \/>\n<meta property=\"og:title\" content=\"EDITORIAL I Mitocanul de STB, pe canicul\u0103: Trump, Kennedy \u0219i shaorma\" \/>\n<meta property=\"og:description\" content=\"\u0218i l-au \u00eempu\u0219cat \u0219i pe Trump! A r\u0103mas a\u0219a&#8230; \u00eentr-o ureche. \u0218i pe c\u0103ldura asta, ca \u0219i la ei e canicul\u0103. Pe noi ne arde asfaltul de c\u00e2teva zile \u0219i nu sc\u0103p\u0103m, prea cur\u00e2nd. \u0218i c\u00e2nd ne \u00eenarm\u0103m cu r\u0103bdare, pentru c\u0103ldura din STB, Prim\u0103ria ne-a f\u0103cut o surpriz\u0103. Zilele acestea, toate mijloacele de transport [&hellip;]\" \/>\n<meta property=\"og:url\" content=\"https:\/\/buletin.de\/bucuresti\/editorial-i-mitocanul-de-stb-pe-canicula-trump-kennedy-si-shaorma\/\" \/>\n<meta property=\"og:site_name\" content=\"Buletin de Bucure\u0219ti\" \/>\n<meta property=\"article:publisher\" content=\"https:\/\/www.facebook.com\/buletin.de.buc\" \/>\n<meta property=\"article:published_time\" content=\"2024-07-14T16:16:18+00:00\" \/>\n<meta property=\"article:modified_time\" content=\"2024-07-15T04:18:37+00:00\" \/>\n<meta property=\"og:image\" content=\"https:\/\/buletin.de\/bucuresti\/wp-content\/uploads\/IMG-20240714-WA0003.jpg\" \/>\n\t<meta property=\"og:image:width\" content=\"2048\" \/>\n\t<meta property=\"og:image:height\" content=\"1388\" \/>\n\t<meta property=\"og:image:type\" content=\"image\/jpeg\" \/>\n<meta name=\"author\" content=\"Diana Matei\" \/>\n<meta name=\"twitter:card\" content=\"summary_large_image\" \/>\n<meta name=\"twitter:label1\" content=\"Written by\" \/>\n\t<meta name=\"twitter:data1\" content=\"Diana Matei\" \/>\n\t<meta name=\"twitter:label2\" content=\"Estimated reading time\" \/>\n\t<meta name=\"twitter:data2\" content=\"3 minutes\" \/>\n<script type=\"application\/ld+json\" class=\"yoast-schema-graph\">{\"@context\":\"https:\\\/\\\/schema.org\",\"@graph\":[{\"@type\":\"Article\",\"@id\":\"https:\\\/\\\/buletin.de\\\/bucuresti\\\/editorial-i-mitocanul-de-stb-pe-canicula-trump-kennedy-si-shaorma\\\/#article\",\"isPartOf\":{\"@id\":\"https:\\\/\\\/buletin.de\\\/bucuresti\\\/editorial-i-mitocanul-de-stb-pe-canicula-trump-kennedy-si-shaorma\\\/\"},\"author\":{\"name\":\"Diana Matei\",\"@id\":\"https:\\\/\\\/buletin.de\\\/bucuresti\\\/#\\\/schema\\\/person\\\/7e46040573290777280a0835d81ea4ea\"},\"headline\":\"EDITORIAL I Mitocanul de STB, pe canicul\u0103: Trump, Kennedy \u0219i shaorma\",\"datePublished\":\"2024-07-14T16:16:18+00:00\",\"dateModified\":\"2024-07-15T04:18:37+00:00\",\"mainEntityOfPage\":{\"@id\":\"https:\\\/\\\/buletin.de\\\/bucuresti\\\/editorial-i-mitocanul-de-stb-pe-canicula-trump-kennedy-si-shaorma\\\/\"},\"wordCount\":533,\"publisher\":{\"@id\":\"https:\\\/\\\/buletin.de\\\/bucuresti\\\/#organization\"},\"image\":{\"@id\":\"https:\\\/\\\/buletin.de\\\/bucuresti\\\/editorial-i-mitocanul-de-stb-pe-canicula-trump-kennedy-si-shaorma\\\/#primaryimage\"},\"thumbnailUrl\":\"https:\\\/\\\/buletin.de\\\/bucuresti\\\/wp-content\\\/uploads\\\/IMG-20240714-WA0003.jpg\",\"keywords\":[\"caragiale\",\"donald trump\",\"mitocan\",\"stb\"],\"articleSection\":[\"Articole\",\"Editorial\",\"Main\"],\"inLanguage\":\"en-GB\",\"copyrightYear\":\"2024\",\"copyrightHolder\":{\"@id\":\"https:\\\/\\\/buletin.de\\\/bucuresti\\\/#organization\"}},{\"@type\":\"WebPage\",\"@id\":\"https:\\\/\\\/buletin.de\\\/bucuresti\\\/editorial-i-mitocanul-de-stb-pe-canicula-trump-kennedy-si-shaorma\\\/\",\"url\":\"https:\\\/\\\/buletin.de\\\/bucuresti\\\/editorial-i-mitocanul-de-stb-pe-canicula-trump-kennedy-si-shaorma\\\/\",\"name\":\"EDITORIAL I Mitocanul de STB, pe canicul\u0103: Trump, Kennedy \u0219i shaorma - Buletin de Bucure\u0219ti\",\"isPartOf\":{\"@id\":\"https:\\\/\\\/buletin.de\\\/bucuresti\\\/#website\"},\"primaryImageOfPage\":{\"@id\":\"https:\\\/\\\/buletin.de\\\/bucuresti\\\/editorial-i-mitocanul-de-stb-pe-canicula-trump-kennedy-si-shaorma\\\/#primaryimage\"},\"image\":{\"@id\":\"https:\\\/\\\/buletin.de\\\/bucuresti\\\/editorial-i-mitocanul-de-stb-pe-canicula-trump-kennedy-si-shaorma\\\/#primaryimage\"},\"thumbnailUrl\":\"https:\\\/\\\/buletin.de\\\/bucuresti\\\/wp-content\\\/uploads\\\/IMG-20240714-WA0003.jpg\",\"datePublished\":\"2024-07-14T16:16:18+00:00\",\"dateModified\":\"2024-07-15T04:18:37+00:00\",\"breadcrumb\":{\"@id\":\"https:\\\/\\\/buletin.de\\\/bucuresti\\\/editorial-i-mitocanul-de-stb-pe-canicula-trump-kennedy-si-shaorma\\\/#breadcrumb\"},\"inLanguage\":\"en-GB\",\"potentialAction\":[{\"@type\":\"ReadAction\",\"target\":[\"https:\\\/\\\/buletin.de\\\/bucuresti\\\/editorial-i-mitocanul-de-stb-pe-canicula-trump-kennedy-si-shaorma\\\/\"]}]},{\"@type\":\"ImageObject\",\"inLanguage\":\"en-GB\",\"@id\":\"https:\\\/\\\/buletin.de\\\/bucuresti\\\/editorial-i-mitocanul-de-stb-pe-canicula-trump-kennedy-si-shaorma\\\/#primaryimage\",\"url\":\"https:\\\/\\\/buletin.de\\\/bucuresti\\\/wp-content\\\/uploads\\\/IMG-20240714-WA0003.jpg\",\"contentUrl\":\"https:\\\/\\\/buletin.de\\\/bucuresti\\\/wp-content\\\/uploads\\\/IMG-20240714-WA0003.jpg\",\"width\":2048,\"height\":1388,\"caption\":\"FOTO: Unsplah\"},{\"@type\":\"BreadcrumbList\",\"@id\":\"https:\\\/\\\/buletin.de\\\/bucuresti\\\/editorial-i-mitocanul-de-stb-pe-canicula-trump-kennedy-si-shaorma\\\/#breadcrumb\",\"itemListElement\":[{\"@type\":\"ListItem\",\"position\":1,\"name\":\"Acas\u0103\",\"item\":\"https:\\\/\\\/buletin.de\\\/bucuresti\\\/\"},{\"@type\":\"ListItem\",\"position\":2,\"name\":\"EDITORIAL I Mitocanul de STB, pe canicul\u0103: Trump, Kennedy \u0219i shaorma\"}]},{\"@type\":\"WebSite\",\"@id\":\"https:\\\/\\\/buletin.de\\\/bucuresti\\\/#website\",\"url\":\"https:\\\/\\\/buletin.de\\\/bucuresti\\\/\",\"name\":\"Buletin de Bucure\u0219ti\",\"description\":\"\u0218tiri \u0219i investiga\u021bii esen\u021biale din capital\u0103\",\"publisher\":{\"@id\":\"https:\\\/\\\/buletin.de\\\/bucuresti\\\/#organization\"},\"potentialAction\":[{\"@type\":\"SearchAction\",\"target\":{\"@type\":\"EntryPoint\",\"urlTemplate\":\"https:\\\/\\\/buletin.de\\\/bucuresti\\\/?s={search_term_string}\"},\"query-input\":{\"@type\":\"PropertyValueSpecification\",\"valueRequired\":true,\"valueName\":\"search_term_string\"}}],\"inLanguage\":\"en-GB\"},{\"@type\":\"Organization\",\"@id\":\"https:\\\/\\\/buletin.de\\\/bucuresti\\\/#organization\",\"name\":\"Buletin de Bucure\u0219ti\",\"url\":\"https:\\\/\\\/buletin.de\\\/bucuresti\\\/\",\"logo\":{\"@type\":\"ImageObject\",\"inLanguage\":\"en-GB\",\"@id\":\"https:\\\/\\\/buletin.de\\\/bucuresti\\\/#\\\/schema\\\/logo\\\/image\\\/\",\"url\":\"https:\\\/\\\/buletin.de\\\/bucuresti\\\/wp-content\\\/uploads\\\/logo-bdb-full-wide-vernil-transparent.png\",\"contentUrl\":\"https:\\\/\\\/buletin.de\\\/bucuresti\\\/wp-content\\\/uploads\\\/logo-bdb-full-wide-vernil-transparent.png\",\"width\":1782,\"height\":626,\"caption\":\"Buletin de Bucure\u0219ti\"},\"image\":{\"@id\":\"https:\\\/\\\/buletin.de\\\/bucuresti\\\/#\\\/schema\\\/logo\\\/image\\\/\"},\"sameAs\":[\"https:\\\/\\\/www.facebook.com\\\/buletin.de.buc\",\"https:\\\/\\\/www.instagram.com\\\/buletinde.bucuresti\\\/\"]},{\"@type\":\"Person\",\"@id\":\"https:\\\/\\\/buletin.de\\\/bucuresti\\\/#\\\/schema\\\/person\\\/7e46040573290777280a0835d81ea4ea\",\"name\":\"Diana Matei\",\"image\":{\"@type\":\"ImageObject\",\"inLanguage\":\"en-GB\",\"@id\":\"https:\\\/\\\/buletin.de\\\/bucuresti\\\/wp-content\\\/uploads\\\/9-2-96x96.jpg1e8590b30871d70e62ebcdaf2eff570c\",\"url\":\"https:\\\/\\\/buletin.de\\\/bucuresti\\\/wp-content\\\/uploads\\\/9-2-96x96.jpg\",\"contentUrl\":\"https:\\\/\\\/buletin.de\\\/bucuresti\\\/wp-content\\\/uploads\\\/9-2-96x96.jpg\",\"caption\":\"Diana Matei\"},\"url\":\"https:\\\/\\\/buletin.de\\\/bucuresti\\\/author\\\/dianamatei\\\/\"}]}<\/script>\n<!-- \/ Yoast SEO Premium plugin. -->","yoast_head_json":{"title":"EDITORIAL I Mitocanul de STB, pe canicul\u0103: Trump, Kennedy \u0219i shaorma - Buletin de Bucure\u0219ti","robots":{"index":"index","follow":"follow","max-snippet":"max-snippet:-1","max-image-preview":"max-image-preview:large","max-video-preview":"max-video-preview:-1"},"canonical":"https:\/\/buletin.de\/bucuresti\/editorial-i-mitocanul-de-stb-pe-canicula-trump-kennedy-si-shaorma\/","og_locale":"en_GB","og_type":"article","og_title":"EDITORIAL I Mitocanul de STB, pe canicul\u0103: Trump, Kennedy \u0219i shaorma","og_description":"\u0218i l-au \u00eempu\u0219cat \u0219i pe Trump! A r\u0103mas a\u0219a&#8230; \u00eentr-o ureche. \u0218i pe c\u0103ldura asta, ca \u0219i la ei e canicul\u0103. Pe noi ne arde asfaltul de c\u00e2teva zile \u0219i nu sc\u0103p\u0103m, prea cur\u00e2nd. \u0218i c\u00e2nd ne \u00eenarm\u0103m cu r\u0103bdare, pentru c\u0103ldura din STB, Prim\u0103ria ne-a f\u0103cut o surpriz\u0103. Zilele acestea, toate mijloacele de transport [&hellip;]","og_url":"https:\/\/buletin.de\/bucuresti\/editorial-i-mitocanul-de-stb-pe-canicula-trump-kennedy-si-shaorma\/","og_site_name":"Buletin de Bucure\u0219ti","article_publisher":"https:\/\/www.facebook.com\/buletin.de.buc","article_published_time":"2024-07-14T16:16:18+00:00","article_modified_time":"2024-07-15T04:18:37+00:00","og_image":[{"width":2048,"height":1388,"url":"https:\/\/buletin.de\/bucuresti\/wp-content\/uploads\/IMG-20240714-WA0003.jpg","type":"image\/jpeg"}],"author":"Diana Matei","twitter_card":"summary_large_image","twitter_misc":{"Written by":"Diana Matei","Estimated reading time":"3 minutes"},"schema":{"@context":"https:\/\/schema.org","@graph":[{"@type":"Article","@id":"https:\/\/buletin.de\/bucuresti\/editorial-i-mitocanul-de-stb-pe-canicula-trump-kennedy-si-shaorma\/#article","isPartOf":{"@id":"https:\/\/buletin.de\/bucuresti\/editorial-i-mitocanul-de-stb-pe-canicula-trump-kennedy-si-shaorma\/"},"author":{"name":"Diana Matei","@id":"https:\/\/buletin.de\/bucuresti\/#\/schema\/person\/7e46040573290777280a0835d81ea4ea"},"headline":"EDITORIAL I Mitocanul de STB, pe canicul\u0103: Trump, Kennedy \u0219i shaorma","datePublished":"2024-07-14T16:16:18+00:00","dateModified":"2024-07-15T04:18:37+00:00","mainEntityOfPage":{"@id":"https:\/\/buletin.de\/bucuresti\/editorial-i-mitocanul-de-stb-pe-canicula-trump-kennedy-si-shaorma\/"},"wordCount":533,"publisher":{"@id":"https:\/\/buletin.de\/bucuresti\/#organization"},"image":{"@id":"https:\/\/buletin.de\/bucuresti\/editorial-i-mitocanul-de-stb-pe-canicula-trump-kennedy-si-shaorma\/#primaryimage"},"thumbnailUrl":"https:\/\/buletin.de\/bucuresti\/wp-content\/uploads\/IMG-20240714-WA0003.jpg","keywords":["caragiale","donald trump","mitocan","stb"],"articleSection":["Articole","Editorial","Main"],"inLanguage":"en-GB","copyrightYear":"2024","copyrightHolder":{"@id":"https:\/\/buletin.de\/bucuresti\/#organization"}},{"@type":"WebPage","@id":"https:\/\/buletin.de\/bucuresti\/editorial-i-mitocanul-de-stb-pe-canicula-trump-kennedy-si-shaorma\/","url":"https:\/\/buletin.de\/bucuresti\/editorial-i-mitocanul-de-stb-pe-canicula-trump-kennedy-si-shaorma\/","name":"EDITORIAL I Mitocanul de STB, pe canicul\u0103: Trump, Kennedy \u0219i shaorma - Buletin de Bucure\u0219ti","isPartOf":{"@id":"https:\/\/buletin.de\/bucuresti\/#website"},"primaryImageOfPage":{"@id":"https:\/\/buletin.de\/bucuresti\/editorial-i-mitocanul-de-stb-pe-canicula-trump-kennedy-si-shaorma\/#primaryimage"},"image":{"@id":"https:\/\/buletin.de\/bucuresti\/editorial-i-mitocanul-de-stb-pe-canicula-trump-kennedy-si-shaorma\/#primaryimage"},"thumbnailUrl":"https:\/\/buletin.de\/bucuresti\/wp-content\/uploads\/IMG-20240714-WA0003.jpg","datePublished":"2024-07-14T16:16:18+00:00","dateModified":"2024-07-15T04:18:37+00:00","breadcrumb":{"@id":"https:\/\/buletin.de\/bucuresti\/editorial-i-mitocanul-de-stb-pe-canicula-trump-kennedy-si-shaorma\/#breadcrumb"},"inLanguage":"en-GB","potentialAction":[{"@type":"ReadAction","target":["https:\/\/buletin.de\/bucuresti\/editorial-i-mitocanul-de-stb-pe-canicula-trump-kennedy-si-shaorma\/"]}]},{"@type":"ImageObject","inLanguage":"en-GB","@id":"https:\/\/buletin.de\/bucuresti\/editorial-i-mitocanul-de-stb-pe-canicula-trump-kennedy-si-shaorma\/#primaryimage","url":"https:\/\/buletin.de\/bucuresti\/wp-content\/uploads\/IMG-20240714-WA0003.jpg","contentUrl":"https:\/\/buletin.de\/bucuresti\/wp-content\/uploads\/IMG-20240714-WA0003.jpg","width":2048,"height":1388,"caption":"FOTO: Unsplah"},{"@type":"BreadcrumbList","@id":"https:\/\/buletin.de\/bucuresti\/editorial-i-mitocanul-de-stb-pe-canicula-trump-kennedy-si-shaorma\/#breadcrumb","itemListElement":[{"@type":"ListItem","position":1,"name":"Acas\u0103","item":"https:\/\/buletin.de\/bucuresti\/"},{"@type":"ListItem","position":2,"name":"EDITORIAL I Mitocanul de STB, pe canicul\u0103: Trump, Kennedy \u0219i shaorma"}]},{"@type":"WebSite","@id":"https:\/\/buletin.de\/bucuresti\/#website","url":"https:\/\/buletin.de\/bucuresti\/","name":"Buletin de Bucure\u0219ti","description":"\u0218tiri \u0219i investiga\u021bii esen\u021biale din capital\u0103","publisher":{"@id":"https:\/\/buletin.de\/bucuresti\/#organization"},"potentialAction":[{"@type":"SearchAction","target":{"@type":"EntryPoint","urlTemplate":"https:\/\/buletin.de\/bucuresti\/?s={search_term_string}"},"query-input":{"@type":"PropertyValueSpecification","valueRequired":true,"valueName":"search_term_string"}}],"inLanguage":"en-GB"},{"@type":"Organization","@id":"https:\/\/buletin.de\/bucuresti\/#organization","name":"Buletin de Bucure\u0219ti","url":"https:\/\/buletin.de\/bucuresti\/","logo":{"@type":"ImageObject","inLanguage":"en-GB","@id":"https:\/\/buletin.de\/bucuresti\/#\/schema\/logo\/image\/","url":"https:\/\/buletin.de\/bucuresti\/wp-content\/uploads\/logo-bdb-full-wide-vernil-transparent.png","contentUrl":"https:\/\/buletin.de\/bucuresti\/wp-content\/uploads\/logo-bdb-full-wide-vernil-transparent.png","width":1782,"height":626,"caption":"Buletin de Bucure\u0219ti"},"image":{"@id":"https:\/\/buletin.de\/bucuresti\/#\/schema\/logo\/image\/"},"sameAs":["https:\/\/www.facebook.com\/buletin.de.buc","https:\/\/www.instagram.com\/buletinde.bucuresti\/"]},{"@type":"Person","@id":"https:\/\/buletin.de\/bucuresti\/#\/schema\/person\/7e46040573290777280a0835d81ea4ea","name":"Diana Matei","image":{"@type":"ImageObject","inLanguage":"en-GB","@id":"https:\/\/buletin.de\/bucuresti\/wp-content\/uploads\/9-2-96x96.jpg1e8590b30871d70e62ebcdaf2eff570c","url":"https:\/\/buletin.de\/bucuresti\/wp-content\/uploads\/9-2-96x96.jpg","contentUrl":"https:\/\/buletin.de\/bucuresti\/wp-content\/uploads\/9-2-96x96.jpg","caption":"Diana Matei"},"url":"https:\/\/buletin.de\/bucuresti\/author\/dianamatei\/"}]}},"authors":[{"term_id":22574,"user_id":49,"is_guest":0,"slug":"dianamatei","display_name":"Diana Matei","avatar_url":"https:\/\/buletin.de\/bucuresti\/wp-content\/uploads\/9-2-96x96.jpg","0":null,"1":"","2":"","3":"","4":"","5":"","6":"","7":"","8":""}],"_links":{"self":[{"href":"https:\/\/buletin.de\/bucuresti\/wp-json\/wp\/v2\/posts\/90863","targetHints":{"allow":["GET"]}}],"collection":[{"href":"https:\/\/buletin.de\/bucuresti\/wp-json\/wp\/v2\/posts"}],"about":[{"href":"https:\/\/buletin.de\/bucuresti\/wp-json\/wp\/v2\/types\/post"}],"author":[{"embeddable":true,"href":"https:\/\/buletin.de\/bucuresti\/wp-json\/wp\/v2\/users\/49"}],"replies":[{"embeddable":true,"href":"https:\/\/buletin.de\/bucuresti\/wp-json\/wp\/v2\/comments?post=90863"}],"version-history":[{"count":4,"href":"https:\/\/buletin.de\/bucuresti\/wp-json\/wp\/v2\/posts\/90863\/revisions"}],"predecessor-version":[{"id":90870,"href":"https:\/\/buletin.de\/bucuresti\/wp-json\/wp\/v2\/posts\/90863\/revisions\/90870"}],"wp:featuredmedia":[{"embeddable":true,"href":"https:\/\/buletin.de\/bucuresti\/wp-json\/wp\/v2\/media\/90866"}],"wp:attachment":[{"href":"https:\/\/buletin.de\/bucuresti\/wp-json\/wp\/v2\/media?parent=90863"}],"wp:term":[{"taxonomy":"category","embeddable":true,"href":"https:\/\/buletin.de\/bucuresti\/wp-json\/wp\/v2\/categories?post=90863"},{"taxonomy":"post_tag","embeddable":true,"href":"https:\/\/buletin.de\/bucuresti\/wp-json\/wp\/v2\/tags?post=90863"},{"taxonomy":"author","embeddable":true,"href":"https:\/\/buletin.de\/bucuresti\/wp-json\/wp\/v2\/ppma_author?post=90863"}],"curies":[{"name":"wp","href":"https:\/\/api.w.org\/{rel}","templated":true}]}}