{"id":90814,"date":"2024-07-13T07:15:13","date_gmt":"2024-07-13T04:15:13","guid":{"rendered":"https:\/\/buletin.de\/bucuresti\/?p=90814"},"modified":"2024-07-13T07:15:14","modified_gmt":"2024-07-13T04:15:14","slug":"vara-verde-in-parcul-natural-vacaresti","status":"publish","type":"post","link":"https:\/\/buletin.de\/bucuresti\/vara-verde-in-parcul-natural-vacaresti\/","title":{"rendered":"\u201eVara Verde\u201d, \u00een Parcul Natural V\u0103c\u0103re\u015fti"},"content":{"rendered":"\n<p><strong>Administra\u021bia Parcului Na\u021bional V\u0103c\u0103re\u0219ti desf\u0103\u0219oar\u0103 o serie de evenimente \u0219i \u00een aceast\u0103 var\u0103, \u00een cadrul proiectului \u201eVara Verde \u00een V\u0103c\u0103re\u0219ti\u201d.<\/strong><\/p>\n\n\n\n<p>\u00cen lunile iulie \u0219i august to\u021bi cei interesa\u021bi sunt invita\u021bi s\u0103 participe la tururi ghidate pentru adul\u021bi, spectacole de teatru cu p\u0103pu\u0219i \u0219i ateliere creative pentru copii.<\/p>\n\n\n\n<p>\u00cen acest weekend se vor desf\u0103\u0219ura urm\u0103toarele evenimente:<\/p>\n\n\n\n<p><strong>S\u00e2mb\u0103t\u0103, 13 iulie<\/strong><\/p>\n\n\n\n<p><strong>1. Tur ghidat pe tema&nbsp;<em>\u201eDimineti de vara \u00een Delta V\u0103c\u0103re\u0219ti\u201d<\/em><\/strong><\/p>\n\n\n\n<ul class=\"wp-block-list\">\n<li>07:45 \u2013 Locul de \u00eent\u00e2lnire: intrarea \u00een parc dinspre blocurile Asmita Gardens.<\/li>\n\n\n\n<li>08:00 \u2013 Startul turului ghidat. Durata: ~2 ore, Distan\u021ba: ~2 km. Participarea este gratuit\u0103.<\/li>\n\n\n\n<li>Limita: 60 de persoane.<\/li>\n<\/ul>\n\n\n\n<p><strong>2. Spectacol de teatru cu p\u0103pu\u0219i pentru copii:&nbsp;<em>\u201eVulpea cea \u0219ireat\u0103\u201d<\/em><\/strong><\/p>\n\n\n\n<ul class=\"wp-block-list\">\n<li>08:30 \u2013 Locul de \u00eent\u00e2lnire: intrarea \u00een parc dinspre blocurile Asmita Gardens.<\/li>\n\n\n\n<li>09:00 \u2013 \u00cenceperea spectacolului.<\/li>\n\n\n\n<li>Limita: 60 de persoane.<\/li>\n<\/ul>\n\n\n\n<p><strong>3. Atelier de crea\u021bie pentru copii:<em>&nbsp;\u201eCuib de p\u0103s\u0103ri\u201d<\/em><\/strong><\/p>\n\n\n\n<ul class=\"wp-block-list\">\n<li>09:30 \u2013 Locul de \u00eent\u00e2lnire: intrarea \u00een parc dinspre blocurile Asmita Gardens (pentru cei care nu particip\u0103 la piesa de teatru).<\/li>\n\n\n\n<li>Limita: 60 de persoane.\u00a0<\/li>\n<\/ul>\n\n\n\n<p><strong>Duminic\u0103, 14 iulie<\/strong><\/p>\n\n\n\n<p><strong>1.Tur ghidat pe tema&nbsp;<em>\u201eDimineti de var\u0103 \u00een Delta V\u0103c\u0103re\u0219ti\u201d<\/em><\/strong><\/p>\n\n\n\n<ul class=\"wp-block-list\">\n<li>07:45 \u2013 Locul de \u00eent\u00e2lnire: Intrarea \u00een parc dinspre blocurile Asmita Gardens.<\/li>\n\n\n\n<li>8:00 \u2013 Startul turului ghidat. Durata: ~2 ore, Distan\u021ba: ~2 km. Participarea este gratuit\u0103.<\/li>\n\n\n\n<li>Limit\u0103: 60 de persoane.\u00a0<\/li>\n<\/ul>\n\n\n\n<p><strong>2. Spectacol de teatru cu p\u0103pu\u0219i pentru copii:<em>&nbsp;\u201cCoco\u0219ul cel n\u0103zdr\u0103van\u201d<\/em><\/strong><\/p>\n\n\n\n<ul class=\"wp-block-list\">\n<li>08:30 \u2013 Locul de \u00eent\u00e2lnire: Intrarea \u00een parc dinspre blocurile Asmita Gardens.<\/li>\n\n\n\n<li>9:00 \u2013 \u00cenceperea spectacolului.<\/li>\n\n\n\n<li>Limita: 60 de participan\u021bi.<\/li>\n<\/ul>\n\n\n\n<p><strong>3. Atelier de crea\u021bie pentru copii:&nbsp;<em>\u201eBuchet de flori\u201d<\/em><\/strong><\/p>\n\n\n\n<ul class=\"wp-block-list\">\n<li>Participan\u021bii pot lua parte la acest atelier imediat dup\u0103 spectacolul de teatru cu p\u0103pu\u0219i sau pot veni la punctul de informare din centrul parcului.<\/li>\n\n\n\n<li>9:20 \u2013 Locul de \u00eent\u00e2lnire (pentru cei care nu particip\u0103 la piesa de teatru): Intrarea \u00een parc dinspre blocurile Asmita Gardens.<\/li>\n\n\n\n<li>Limita: 60 de participan\u021bi.<\/li>\n<\/ul>\n\n\n\n<p><strong>4. Atelier de educa\u021bie ecologic\u0103 prin teatru pentru copii<\/strong><\/p>\n\n\n\n<ul class=\"wp-block-list\">\n<li>9:50 \u2013 Locul de \u00eent\u00e2lnire (pentru cei care nu particip\u0103 la activitate imediat dup\u0103 atelierul de crea\u021bie): Intrarea \u00een parc dinspre blocurile Asmita Gardens.<\/li>\n\n\n\n<li>10:15 \u2013 \u00cenceperea atelierului.<\/li>\n\n\n\n<li>Limita: 30 de participan\u021bi.\u00a0<\/li>\n<\/ul>\n\n\n\n<p>Detalii despre program <a href=\"https:\/\/www.apnv.ro\/evenimente\/\">AICI<\/a>.<\/p>\n\n\n\n<p><strong>CITE\u0218TE \u0218I:<\/strong><\/p>\n\n\n\n<figure class=\"wp-block-embed is-type-wp-embed is-provider-buletin-de-bucure-ti wp-block-embed-buletin-de-bucure-ti\"><div class=\"wp-block-embed__wrapper\">\n<blockquote class=\"wp-embedded-content\" data-secret=\"O1SkQtna5q\"><a href=\"https:\/\/buletin.de\/bucuresti\/autobuzele-de-pe-14-linii-vor-intoarce-in-parcarea-casei-presei-din-cauza-lucrarilor-la-magistrala-m6-de-metrou\/\">Autobuzele de pe 14 linii vor \u00eentoarce \u00een parcarea Casei Presei din cauza lucr\u0103rilor la magistrala M6 de metrou<\/a><\/blockquote><iframe class=\"wp-embedded-content\" sandbox=\"allow-scripts\" security=\"restricted\" style=\"position: absolute; clip: rect(1px, 1px, 1px, 1px);\" title=\"&#8220;Autobuzele de pe 14 linii vor \u00eentoarce \u00een parcarea Casei Presei din cauza lucr\u0103rilor la magistrala M6 de metrou&#8221; &#8212; Buletin de Bucure\u0219ti\" src=\"https:\/\/buletin.de\/bucuresti\/autobuzele-de-pe-14-linii-vor-intoarce-in-parcarea-casei-presei-din-cauza-lucrarilor-la-magistrala-m6-de-metrou\/embed\/#?secret=xbFAfKpght#?secret=O1SkQtna5q\" data-secret=\"O1SkQtna5q\" width=\"600\" height=\"338\" frameborder=\"0\" marginwidth=\"0\" marginheight=\"0\" scrolling=\"no\"><\/iframe>\n<\/div><\/figure>\n","protected":false},"excerpt":{"rendered":"<p>Administra\u021bia Parcului Na\u021bional V\u0103c\u0103re\u0219ti desf\u0103\u0219oar\u0103 o serie de evenimente \u0219i \u00een aceast\u0103 var\u0103, \u00een cadrul proiectului \u201eVara Verde \u00een V\u0103c\u0103re\u0219ti\u201d. \u00cen lunile iulie \u0219i august to\u021bi cei interesa\u021bi sunt invita\u021bi s\u0103 participe la tururi ghidate pentru adul\u021bi, spectacole de teatru cu p\u0103pu\u0219i \u0219i ateliere creative pentru copii. \u00cen acest weekend se vor desf\u0103\u0219ura urm\u0103toarele evenimente: [&hellip;]<\/p>\n","protected":false},"author":49,"featured_media":90815,"comment_status":"closed","ping_status":"open","sticky":false,"template":"","format":"standard","meta":{"_acf_changed":false,"inline_featured_image":false,"ngg_post_thumbnail":0,"footnotes":""},"categories":[6994,62],"tags":[13371,13370,6522],"ppma_author":[22574],"class_list":["post-90814","post","type-post","status-publish","format-standard","has-post-thumbnail","hentry","category-stiri-2","category-stiri","tag-administratia-parcului-vacaresti","tag-parc-vacaresti","tag-tururi-ghidate"],"acf":[],"yoast_head":"<!-- This site is optimized with the Yoast SEO Premium plugin v25.3 (Yoast SEO v27.4) - https:\/\/yoast.com\/product\/yoast-seo-premium-wordpress\/ -->\n<title>\u201eVara Verde\u201d, \u00een Parcul Natural V\u0103c\u0103re\u015fti - Buletin de Bucure\u0219ti<\/title>\n<meta name=\"robots\" content=\"index, follow, max-snippet:-1, max-image-preview:large, max-video-preview:-1\" \/>\n<link rel=\"canonical\" href=\"https:\/\/buletin.de\/bucuresti\/vara-verde-in-parcul-natural-vacaresti\/\" \/>\n<meta property=\"og:locale\" content=\"en_GB\" \/>\n<meta property=\"og:type\" content=\"article\" \/>\n<meta property=\"og:title\" content=\"\u201eVara Verde\u201d, \u00een Parcul Natural V\u0103c\u0103re\u015fti\" \/>\n<meta property=\"og:description\" content=\"Administra\u021bia Parcului Na\u021bional V\u0103c\u0103re\u0219ti desf\u0103\u0219oar\u0103 o serie de evenimente \u0219i \u00een aceast\u0103 var\u0103, \u00een cadrul proiectului \u201eVara Verde \u00een V\u0103c\u0103re\u0219ti\u201d. \u00cen lunile iulie \u0219i august to\u021bi cei interesa\u021bi sunt invita\u021bi s\u0103 participe la tururi ghidate pentru adul\u021bi, spectacole de teatru cu p\u0103pu\u0219i \u0219i ateliere creative pentru copii. \u00cen acest weekend se vor desf\u0103\u0219ura urm\u0103toarele evenimente: [&hellip;]\" \/>\n<meta property=\"og:url\" content=\"https:\/\/buletin.de\/bucuresti\/vara-verde-in-parcul-natural-vacaresti\/\" \/>\n<meta property=\"og:site_name\" content=\"Buletin de Bucure\u0219ti\" \/>\n<meta property=\"article:publisher\" content=\"https:\/\/www.facebook.com\/buletin.de.buc\" \/>\n<meta property=\"article:published_time\" content=\"2024-07-13T04:15:13+00:00\" \/>\n<meta property=\"article:modified_time\" content=\"2024-07-13T04:15:14+00:00\" \/>\n<meta property=\"og:image\" content=\"https:\/\/buletin.de\/bucuresti\/wp-content\/uploads\/parc-vacaresti.jpg\" \/>\n\t<meta property=\"og:image:width\" content=\"1920\" \/>\n\t<meta property=\"og:image:height\" content=\"1280\" \/>\n\t<meta property=\"og:image:type\" content=\"image\/jpeg\" \/>\n<meta name=\"author\" content=\"Diana Matei\" \/>\n<meta name=\"twitter:card\" content=\"summary_large_image\" \/>\n<meta name=\"twitter:label1\" content=\"Written by\" \/>\n\t<meta name=\"twitter:data1\" content=\"Diana Matei\" \/>\n\t<meta name=\"twitter:label2\" content=\"Estimated reading time\" \/>\n\t<meta name=\"twitter:data2\" content=\"2 minutes\" \/>\n<script type=\"application\/ld+json\" class=\"yoast-schema-graph\">{\"@context\":\"https:\\\/\\\/schema.org\",\"@graph\":[{\"@type\":\"Article\",\"@id\":\"https:\\\/\\\/buletin.de\\\/bucuresti\\\/vara-verde-in-parcul-natural-vacaresti\\\/#article\",\"isPartOf\":{\"@id\":\"https:\\\/\\\/buletin.de\\\/bucuresti\\\/vara-verde-in-parcul-natural-vacaresti\\\/\"},\"author\":{\"name\":\"Diana Matei\",\"@id\":\"https:\\\/\\\/buletin.de\\\/bucuresti\\\/#\\\/schema\\\/person\\\/7e46040573290777280a0835d81ea4ea\"},\"headline\":\"\u201eVara Verde\u201d, \u00een Parcul Natural V\u0103c\u0103re\u015fti\",\"datePublished\":\"2024-07-13T04:15:13+00:00\",\"dateModified\":\"2024-07-13T04:15:14+00:00\",\"mainEntityOfPage\":{\"@id\":\"https:\\\/\\\/buletin.de\\\/bucuresti\\\/vara-verde-in-parcul-natural-vacaresti\\\/\"},\"wordCount\":376,\"publisher\":{\"@id\":\"https:\\\/\\\/buletin.de\\\/bucuresti\\\/#organization\"},\"image\":{\"@id\":\"https:\\\/\\\/buletin.de\\\/bucuresti\\\/vara-verde-in-parcul-natural-vacaresti\\\/#primaryimage\"},\"thumbnailUrl\":\"https:\\\/\\\/buletin.de\\\/bucuresti\\\/wp-content\\\/uploads\\\/parc-vacaresti.jpg\",\"keywords\":[\"Administratia Parcului Vacaresti\",\"Parc Vacaresti\",\"tururi ghidate\"],\"articleSection\":[\"Articole\",\"\u0218tiri\"],\"inLanguage\":\"en-GB\",\"copyrightYear\":\"2024\",\"copyrightHolder\":{\"@id\":\"https:\\\/\\\/buletin.de\\\/bucuresti\\\/#organization\"}},{\"@type\":\"WebPage\",\"@id\":\"https:\\\/\\\/buletin.de\\\/bucuresti\\\/vara-verde-in-parcul-natural-vacaresti\\\/\",\"url\":\"https:\\\/\\\/buletin.de\\\/bucuresti\\\/vara-verde-in-parcul-natural-vacaresti\\\/\",\"name\":\"\u201eVara Verde\u201d, \u00een Parcul Natural V\u0103c\u0103re\u015fti - Buletin de Bucure\u0219ti\",\"isPartOf\":{\"@id\":\"https:\\\/\\\/buletin.de\\\/bucuresti\\\/#website\"},\"primaryImageOfPage\":{\"@id\":\"https:\\\/\\\/buletin.de\\\/bucuresti\\\/vara-verde-in-parcul-natural-vacaresti\\\/#primaryimage\"},\"image\":{\"@id\":\"https:\\\/\\\/buletin.de\\\/bucuresti\\\/vara-verde-in-parcul-natural-vacaresti\\\/#primaryimage\"},\"thumbnailUrl\":\"https:\\\/\\\/buletin.de\\\/bucuresti\\\/wp-content\\\/uploads\\\/parc-vacaresti.jpg\",\"datePublished\":\"2024-07-13T04:15:13+00:00\",\"dateModified\":\"2024-07-13T04:15:14+00:00\",\"breadcrumb\":{\"@id\":\"https:\\\/\\\/buletin.de\\\/bucuresti\\\/vara-verde-in-parcul-natural-vacaresti\\\/#breadcrumb\"},\"inLanguage\":\"en-GB\",\"potentialAction\":[{\"@type\":\"ReadAction\",\"target\":[\"https:\\\/\\\/buletin.de\\\/bucuresti\\\/vara-verde-in-parcul-natural-vacaresti\\\/\"]}]},{\"@type\":\"ImageObject\",\"inLanguage\":\"en-GB\",\"@id\":\"https:\\\/\\\/buletin.de\\\/bucuresti\\\/vara-verde-in-parcul-natural-vacaresti\\\/#primaryimage\",\"url\":\"https:\\\/\\\/buletin.de\\\/bucuresti\\\/wp-content\\\/uploads\\\/parc-vacaresti.jpg\",\"contentUrl\":\"https:\\\/\\\/buletin.de\\\/bucuresti\\\/wp-content\\\/uploads\\\/parc-vacaresti.jpg\",\"width\":1920,\"height\":1280,\"caption\":\"\u201eVara Verde \u00een V\u0103c\u0103re\u0219ti\u201d continu\u0103 \u00een luna august. FOTO: Facebook\\\/Administra\u021bia Parcul Natural V\u0103c\u0103re\u0219ti\"},{\"@type\":\"BreadcrumbList\",\"@id\":\"https:\\\/\\\/buletin.de\\\/bucuresti\\\/vara-verde-in-parcul-natural-vacaresti\\\/#breadcrumb\",\"itemListElement\":[{\"@type\":\"ListItem\",\"position\":1,\"name\":\"Acas\u0103\",\"item\":\"https:\\\/\\\/buletin.de\\\/bucuresti\\\/\"},{\"@type\":\"ListItem\",\"position\":2,\"name\":\"\u201eVara Verde\u201d, \u00een Parcul Natural V\u0103c\u0103re\u015fti\"}]},{\"@type\":\"WebSite\",\"@id\":\"https:\\\/\\\/buletin.de\\\/bucuresti\\\/#website\",\"url\":\"https:\\\/\\\/buletin.de\\\/bucuresti\\\/\",\"name\":\"Buletin de Bucure\u0219ti\",\"description\":\"\u0218tiri \u0219i investiga\u021bii esen\u021biale din capital\u0103\",\"publisher\":{\"@id\":\"https:\\\/\\\/buletin.de\\\/bucuresti\\\/#organization\"},\"potentialAction\":[{\"@type\":\"SearchAction\",\"target\":{\"@type\":\"EntryPoint\",\"urlTemplate\":\"https:\\\/\\\/buletin.de\\\/bucuresti\\\/?s={search_term_string}\"},\"query-input\":{\"@type\":\"PropertyValueSpecification\",\"valueRequired\":true,\"valueName\":\"search_term_string\"}}],\"inLanguage\":\"en-GB\"},{\"@type\":\"Organization\",\"@id\":\"https:\\\/\\\/buletin.de\\\/bucuresti\\\/#organization\",\"name\":\"Buletin de Bucure\u0219ti\",\"url\":\"https:\\\/\\\/buletin.de\\\/bucuresti\\\/\",\"logo\":{\"@type\":\"ImageObject\",\"inLanguage\":\"en-GB\",\"@id\":\"https:\\\/\\\/buletin.de\\\/bucuresti\\\/#\\\/schema\\\/logo\\\/image\\\/\",\"url\":\"https:\\\/\\\/buletin.de\\\/bucuresti\\\/wp-content\\\/uploads\\\/logo-bdb-full-wide-vernil-transparent.png\",\"contentUrl\":\"https:\\\/\\\/buletin.de\\\/bucuresti\\\/wp-content\\\/uploads\\\/logo-bdb-full-wide-vernil-transparent.png\",\"width\":1782,\"height\":626,\"caption\":\"Buletin de Bucure\u0219ti\"},\"image\":{\"@id\":\"https:\\\/\\\/buletin.de\\\/bucuresti\\\/#\\\/schema\\\/logo\\\/image\\\/\"},\"sameAs\":[\"https:\\\/\\\/www.facebook.com\\\/buletin.de.buc\",\"https:\\\/\\\/www.instagram.com\\\/buletinde.bucuresti\\\/\"]},{\"@type\":\"Person\",\"@id\":\"https:\\\/\\\/buletin.de\\\/bucuresti\\\/#\\\/schema\\\/person\\\/7e46040573290777280a0835d81ea4ea\",\"name\":\"Diana Matei\",\"image\":{\"@type\":\"ImageObject\",\"inLanguage\":\"en-GB\",\"@id\":\"https:\\\/\\\/buletin.de\\\/bucuresti\\\/wp-content\\\/uploads\\\/9-2-96x96.jpg1e8590b30871d70e62ebcdaf2eff570c\",\"url\":\"https:\\\/\\\/buletin.de\\\/bucuresti\\\/wp-content\\\/uploads\\\/9-2-96x96.jpg\",\"contentUrl\":\"https:\\\/\\\/buletin.de\\\/bucuresti\\\/wp-content\\\/uploads\\\/9-2-96x96.jpg\",\"caption\":\"Diana Matei\"},\"url\":\"https:\\\/\\\/buletin.de\\\/bucuresti\\\/author\\\/dianamatei\\\/\"}]}<\/script>\n<!-- \/ Yoast SEO Premium plugin. -->","yoast_head_json":{"title":"\u201eVara Verde\u201d, \u00een Parcul Natural V\u0103c\u0103re\u015fti - Buletin de Bucure\u0219ti","robots":{"index":"index","follow":"follow","max-snippet":"max-snippet:-1","max-image-preview":"max-image-preview:large","max-video-preview":"max-video-preview:-1"},"canonical":"https:\/\/buletin.de\/bucuresti\/vara-verde-in-parcul-natural-vacaresti\/","og_locale":"en_GB","og_type":"article","og_title":"\u201eVara Verde\u201d, \u00een Parcul Natural V\u0103c\u0103re\u015fti","og_description":"Administra\u021bia Parcului Na\u021bional V\u0103c\u0103re\u0219ti desf\u0103\u0219oar\u0103 o serie de evenimente \u0219i \u00een aceast\u0103 var\u0103, \u00een cadrul proiectului \u201eVara Verde \u00een V\u0103c\u0103re\u0219ti\u201d. \u00cen lunile iulie \u0219i august to\u021bi cei interesa\u021bi sunt invita\u021bi s\u0103 participe la tururi ghidate pentru adul\u021bi, spectacole de teatru cu p\u0103pu\u0219i \u0219i ateliere creative pentru copii. \u00cen acest weekend se vor desf\u0103\u0219ura urm\u0103toarele evenimente: [&hellip;]","og_url":"https:\/\/buletin.de\/bucuresti\/vara-verde-in-parcul-natural-vacaresti\/","og_site_name":"Buletin de Bucure\u0219ti","article_publisher":"https:\/\/www.facebook.com\/buletin.de.buc","article_published_time":"2024-07-13T04:15:13+00:00","article_modified_time":"2024-07-13T04:15:14+00:00","og_image":[{"width":1920,"height":1280,"url":"https:\/\/buletin.de\/bucuresti\/wp-content\/uploads\/parc-vacaresti.jpg","type":"image\/jpeg"}],"author":"Diana Matei","twitter_card":"summary_large_image","twitter_misc":{"Written by":"Diana Matei","Estimated reading time":"2 minutes"},"schema":{"@context":"https:\/\/schema.org","@graph":[{"@type":"Article","@id":"https:\/\/buletin.de\/bucuresti\/vara-verde-in-parcul-natural-vacaresti\/#article","isPartOf":{"@id":"https:\/\/buletin.de\/bucuresti\/vara-verde-in-parcul-natural-vacaresti\/"},"author":{"name":"Diana Matei","@id":"https:\/\/buletin.de\/bucuresti\/#\/schema\/person\/7e46040573290777280a0835d81ea4ea"},"headline":"\u201eVara Verde\u201d, \u00een Parcul Natural V\u0103c\u0103re\u015fti","datePublished":"2024-07-13T04:15:13+00:00","dateModified":"2024-07-13T04:15:14+00:00","mainEntityOfPage":{"@id":"https:\/\/buletin.de\/bucuresti\/vara-verde-in-parcul-natural-vacaresti\/"},"wordCount":376,"publisher":{"@id":"https:\/\/buletin.de\/bucuresti\/#organization"},"image":{"@id":"https:\/\/buletin.de\/bucuresti\/vara-verde-in-parcul-natural-vacaresti\/#primaryimage"},"thumbnailUrl":"https:\/\/buletin.de\/bucuresti\/wp-content\/uploads\/parc-vacaresti.jpg","keywords":["Administratia Parcului Vacaresti","Parc Vacaresti","tururi ghidate"],"articleSection":["Articole","\u0218tiri"],"inLanguage":"en-GB","copyrightYear":"2024","copyrightHolder":{"@id":"https:\/\/buletin.de\/bucuresti\/#organization"}},{"@type":"WebPage","@id":"https:\/\/buletin.de\/bucuresti\/vara-verde-in-parcul-natural-vacaresti\/","url":"https:\/\/buletin.de\/bucuresti\/vara-verde-in-parcul-natural-vacaresti\/","name":"\u201eVara Verde\u201d, \u00een Parcul Natural V\u0103c\u0103re\u015fti - Buletin de Bucure\u0219ti","isPartOf":{"@id":"https:\/\/buletin.de\/bucuresti\/#website"},"primaryImageOfPage":{"@id":"https:\/\/buletin.de\/bucuresti\/vara-verde-in-parcul-natural-vacaresti\/#primaryimage"},"image":{"@id":"https:\/\/buletin.de\/bucuresti\/vara-verde-in-parcul-natural-vacaresti\/#primaryimage"},"thumbnailUrl":"https:\/\/buletin.de\/bucuresti\/wp-content\/uploads\/parc-vacaresti.jpg","datePublished":"2024-07-13T04:15:13+00:00","dateModified":"2024-07-13T04:15:14+00:00","breadcrumb":{"@id":"https:\/\/buletin.de\/bucuresti\/vara-verde-in-parcul-natural-vacaresti\/#breadcrumb"},"inLanguage":"en-GB","potentialAction":[{"@type":"ReadAction","target":["https:\/\/buletin.de\/bucuresti\/vara-verde-in-parcul-natural-vacaresti\/"]}]},{"@type":"ImageObject","inLanguage":"en-GB","@id":"https:\/\/buletin.de\/bucuresti\/vara-verde-in-parcul-natural-vacaresti\/#primaryimage","url":"https:\/\/buletin.de\/bucuresti\/wp-content\/uploads\/parc-vacaresti.jpg","contentUrl":"https:\/\/buletin.de\/bucuresti\/wp-content\/uploads\/parc-vacaresti.jpg","width":1920,"height":1280,"caption":"\u201eVara Verde \u00een V\u0103c\u0103re\u0219ti\u201d continu\u0103 \u00een luna august. FOTO: Facebook\/Administra\u021bia Parcul Natural V\u0103c\u0103re\u0219ti"},{"@type":"BreadcrumbList","@id":"https:\/\/buletin.de\/bucuresti\/vara-verde-in-parcul-natural-vacaresti\/#breadcrumb","itemListElement":[{"@type":"ListItem","position":1,"name":"Acas\u0103","item":"https:\/\/buletin.de\/bucuresti\/"},{"@type":"ListItem","position":2,"name":"\u201eVara Verde\u201d, \u00een Parcul Natural V\u0103c\u0103re\u015fti"}]},{"@type":"WebSite","@id":"https:\/\/buletin.de\/bucuresti\/#website","url":"https:\/\/buletin.de\/bucuresti\/","name":"Buletin de Bucure\u0219ti","description":"\u0218tiri \u0219i investiga\u021bii esen\u021biale din capital\u0103","publisher":{"@id":"https:\/\/buletin.de\/bucuresti\/#organization"},"potentialAction":[{"@type":"SearchAction","target":{"@type":"EntryPoint","urlTemplate":"https:\/\/buletin.de\/bucuresti\/?s={search_term_string}"},"query-input":{"@type":"PropertyValueSpecification","valueRequired":true,"valueName":"search_term_string"}}],"inLanguage":"en-GB"},{"@type":"Organization","@id":"https:\/\/buletin.de\/bucuresti\/#organization","name":"Buletin de Bucure\u0219ti","url":"https:\/\/buletin.de\/bucuresti\/","logo":{"@type":"ImageObject","inLanguage":"en-GB","@id":"https:\/\/buletin.de\/bucuresti\/#\/schema\/logo\/image\/","url":"https:\/\/buletin.de\/bucuresti\/wp-content\/uploads\/logo-bdb-full-wide-vernil-transparent.png","contentUrl":"https:\/\/buletin.de\/bucuresti\/wp-content\/uploads\/logo-bdb-full-wide-vernil-transparent.png","width":1782,"height":626,"caption":"Buletin de Bucure\u0219ti"},"image":{"@id":"https:\/\/buletin.de\/bucuresti\/#\/schema\/logo\/image\/"},"sameAs":["https:\/\/www.facebook.com\/buletin.de.buc","https:\/\/www.instagram.com\/buletinde.bucuresti\/"]},{"@type":"Person","@id":"https:\/\/buletin.de\/bucuresti\/#\/schema\/person\/7e46040573290777280a0835d81ea4ea","name":"Diana Matei","image":{"@type":"ImageObject","inLanguage":"en-GB","@id":"https:\/\/buletin.de\/bucuresti\/wp-content\/uploads\/9-2-96x96.jpg1e8590b30871d70e62ebcdaf2eff570c","url":"https:\/\/buletin.de\/bucuresti\/wp-content\/uploads\/9-2-96x96.jpg","contentUrl":"https:\/\/buletin.de\/bucuresti\/wp-content\/uploads\/9-2-96x96.jpg","caption":"Diana Matei"},"url":"https:\/\/buletin.de\/bucuresti\/author\/dianamatei\/"}]}},"authors":[{"term_id":22574,"user_id":49,"is_guest":0,"slug":"dianamatei","display_name":"Diana Matei","avatar_url":"https:\/\/buletin.de\/bucuresti\/wp-content\/uploads\/9-2-96x96.jpg","0":null,"1":"","2":"","3":"","4":"","5":"","6":"","7":"","8":""}],"_links":{"self":[{"href":"https:\/\/buletin.de\/bucuresti\/wp-json\/wp\/v2\/posts\/90814","targetHints":{"allow":["GET"]}}],"collection":[{"href":"https:\/\/buletin.de\/bucuresti\/wp-json\/wp\/v2\/posts"}],"about":[{"href":"https:\/\/buletin.de\/bucuresti\/wp-json\/wp\/v2\/types\/post"}],"author":[{"embeddable":true,"href":"https:\/\/buletin.de\/bucuresti\/wp-json\/wp\/v2\/users\/49"}],"replies":[{"embeddable":true,"href":"https:\/\/buletin.de\/bucuresti\/wp-json\/wp\/v2\/comments?post=90814"}],"version-history":[{"count":2,"href":"https:\/\/buletin.de\/bucuresti\/wp-json\/wp\/v2\/posts\/90814\/revisions"}],"predecessor-version":[{"id":90817,"href":"https:\/\/buletin.de\/bucuresti\/wp-json\/wp\/v2\/posts\/90814\/revisions\/90817"}],"wp:featuredmedia":[{"embeddable":true,"href":"https:\/\/buletin.de\/bucuresti\/wp-json\/wp\/v2\/media\/90815"}],"wp:attachment":[{"href":"https:\/\/buletin.de\/bucuresti\/wp-json\/wp\/v2\/media?parent=90814"}],"wp:term":[{"taxonomy":"category","embeddable":true,"href":"https:\/\/buletin.de\/bucuresti\/wp-json\/wp\/v2\/categories?post=90814"},{"taxonomy":"post_tag","embeddable":true,"href":"https:\/\/buletin.de\/bucuresti\/wp-json\/wp\/v2\/tags?post=90814"},{"taxonomy":"author","embeddable":true,"href":"https:\/\/buletin.de\/bucuresti\/wp-json\/wp\/v2\/ppma_author?post=90814"}],"curies":[{"name":"wp","href":"https:\/\/api.w.org\/{rel}","templated":true}]}}