{"id":90655,"date":"2024-07-12T09:00:15","date_gmt":"2024-07-12T06:00:15","guid":{"rendered":"https:\/\/buletin.de\/bucuresti\/?p=90655"},"modified":"2024-07-12T09:00:16","modified_gmt":"2024-07-12T06:00:16","slug":"schelet-metalic-peste-hanul-solacolu-urmeaza-curatenia-generala","status":"publish","type":"post","link":"https:\/\/buletin.de\/bucuresti\/schelet-metalic-peste-hanul-solacolu-urmeaza-curatenia-generala\/","title":{"rendered":"Schelet metalic peste Hanul Solacolu. Urmeaz\u0103 cur\u0103\u021benia general\u0103"},"content":{"rendered":"\n<p><strong>Aproape 700 de tone de de\u0219euri au fost scoase din subsolul Hanului Solacolu, pentru a instala un schelet metalic pe corpul central. Cl\u0103direa veche de 160 de ani va fi pus\u0103 \u00een siguran\u021b\u0103 prin structura scheletului \u0219i urmeaz\u0103 ca de\u0219eurile \u0219i molozul s\u0103 fie adunate din celelalte dou\u0103 corpuri laterale, pentru a putea fi puse \u0219i ele \u00een siguran\u021b\u0103, a anun\u021bat primarul general, Nicu\u0219or Dan.<\/strong><\/p>\n\n\n\n<p><a href=\"https:\/\/buletin.de\/bucuresti\/video-stadiul-lucrarilor-la-hanul-solacolu-cum-arata-santierul-monumentului-din-sectorul-2\/\">\u00cen mai, au fost f\u0103cu\u021bi primii pa\u0219i<\/a> pentru restaurarea hanului. Echipele de la Trustul de Cl\u0103diri Metropolitane au \u00eenceput atunci punerea \u00een siguran\u021b\u0103 a fa\u021badelor \u0219i str\u00e2ngerea molozului acumulat \u00een zeci de ani. <a href=\"https:\/\/buletin.de\/bucuresti\/video-stadiul-lucrarilor-la-hanul-solacolu-moloz-scos-pe-banda-rulanta-ca-la-mina\/\">Acest proces a continuat \u0219i \u00een iunie<\/a>, c\u00e2nd angaja\u021bii companiei municipale au \u00eenceput automatizarea procesului, pentru a face fa\u021b\u0103 cantit\u0103\u021bilor enorme de de\u0219euri.&nbsp;<\/p>\n\n\n\n<figure class=\"wp-block-gallery has-nested-images columns-default is-cropped wp-block-gallery-1 is-layout-flex wp-block-gallery-is-layout-flex\">\n<figure class=\"wp-block-image size-large\"><img fetchpriority=\"high\" decoding=\"async\" width=\"900\" height=\"600\" data-id=\"90659\" src=\"data:image\/gif;base64,R0lGODlhAQABAAAAACH5BAEKAAEALAAAAAABAAEAAAICTAEAOw==\" data-src=\"https:\/\/buletin.de\/bucuresti\/wp-content\/uploads\/hanul-solacolu-1-1-900x600.jpg\" alt=\"\" class=\"wp-image-90659 lazyload\" data-sizes=\"auto\" data-srcset=\"https:\/\/buletin.de\/bucuresti\/wp-content\/uploads\/hanul-solacolu-1-1-900x600.jpg 900w, https:\/\/buletin.de\/bucuresti\/wp-content\/uploads\/hanul-solacolu-1-1-300x200.jpg 300w, https:\/\/buletin.de\/bucuresti\/wp-content\/uploads\/hanul-solacolu-1-1-768x512.jpg 768w, https:\/\/buletin.de\/bucuresti\/wp-content\/uploads\/hanul-solacolu-1-1-1536x1023.jpg 1536w, https:\/\/buletin.de\/bucuresti\/wp-content\/uploads\/hanul-solacolu-1-1-1100x733.jpg 1100w, https:\/\/buletin.de\/bucuresti\/wp-content\/uploads\/hanul-solacolu-1-1-600x400.jpg 600w, https:\/\/buletin.de\/bucuresti\/wp-content\/uploads\/hanul-solacolu-1-1-20x13.jpg 20w, https:\/\/buletin.de\/bucuresti\/wp-content\/uploads\/hanul-solacolu-1-1.jpg 1600w\" sizes=\"(max-width: 900px) 100vw, 900px\" \/><\/figure>\n\n\n\n<figure class=\"wp-block-image size-large\"><img decoding=\"async\" width=\"900\" height=\"600\" data-id=\"90660\" src=\"data:image\/gif;base64,R0lGODlhAQABAAAAACH5BAEKAAEALAAAAAABAAEAAAICTAEAOw==\" data-src=\"https:\/\/buletin.de\/bucuresti\/wp-content\/uploads\/hanul-solacolu-2-900x600.jpg\" alt=\"\" class=\"wp-image-90660 lazyload\" data-sizes=\"auto\" data-srcset=\"https:\/\/buletin.de\/bucuresti\/wp-content\/uploads\/hanul-solacolu-2-900x600.jpg 900w, https:\/\/buletin.de\/bucuresti\/wp-content\/uploads\/hanul-solacolu-2-300x200.jpg 300w, https:\/\/buletin.de\/bucuresti\/wp-content\/uploads\/hanul-solacolu-2-768x512.jpg 768w, https:\/\/buletin.de\/bucuresti\/wp-content\/uploads\/hanul-solacolu-2-1536x1023.jpg 1536w, https:\/\/buletin.de\/bucuresti\/wp-content\/uploads\/hanul-solacolu-2-1100x733.jpg 1100w, https:\/\/buletin.de\/bucuresti\/wp-content\/uploads\/hanul-solacolu-2-600x400.jpg 600w, https:\/\/buletin.de\/bucuresti\/wp-content\/uploads\/hanul-solacolu-2-20x13.jpg 20w, https:\/\/buletin.de\/bucuresti\/wp-content\/uploads\/hanul-solacolu-2.jpg 1600w\" sizes=\"(max-width: 900px) 100vw, 900px\" \/><\/figure>\n\n\n\n<figure class=\"wp-block-image size-large\"><img decoding=\"async\" width=\"900\" height=\"600\" data-id=\"90661\" src=\"data:image\/gif;base64,R0lGODlhAQABAAAAACH5BAEKAAEALAAAAAABAAEAAAICTAEAOw==\" data-src=\"https:\/\/buletin.de\/bucuresti\/wp-content\/uploads\/hanul-solacolu-3-900x600.jpg\" alt=\"\" class=\"wp-image-90661 lazyload\" data-sizes=\"auto\" data-srcset=\"https:\/\/buletin.de\/bucuresti\/wp-content\/uploads\/hanul-solacolu-3-900x600.jpg 900w, https:\/\/buletin.de\/bucuresti\/wp-content\/uploads\/hanul-solacolu-3-300x200.jpg 300w, https:\/\/buletin.de\/bucuresti\/wp-content\/uploads\/hanul-solacolu-3-768x512.jpg 768w, https:\/\/buletin.de\/bucuresti\/wp-content\/uploads\/hanul-solacolu-3-1536x1023.jpg 1536w, https:\/\/buletin.de\/bucuresti\/wp-content\/uploads\/hanul-solacolu-3-1100x733.jpg 1100w, https:\/\/buletin.de\/bucuresti\/wp-content\/uploads\/hanul-solacolu-3-600x400.jpg 600w, https:\/\/buletin.de\/bucuresti\/wp-content\/uploads\/hanul-solacolu-3-20x13.jpg 20w, https:\/\/buletin.de\/bucuresti\/wp-content\/uploads\/hanul-solacolu-3.jpg 1600w\" sizes=\"(max-width: 900px) 100vw, 900px\" \/><\/figure>\n<\/figure>\n\n\n\n<p>Hanul, aflat pe Calea Mo\u0219ilor nr. 134-134A,<a href=\"https:\/\/buletin.de\/bucuresti\/foto-primaria-capitalei-vrea-sa-transforme-hanul-solacolu-intr-un-spatiu-cultural\/\"> a intrat \u00een posesia Prim\u0103riei Capitalei \u00een 2022, dup\u0103 cum a mai ar\u0103tat Buletin de Bucure\u0219ti<\/a> \u0219i de atunci cl\u0103direa a fost g\u00e2ndit\u0103 drept un poten\u021bial spa\u021biu cultural pentru locuitorii Capitalei.&nbsp;<\/p>\n\n\n\n<p>Imobilul este considerat un monument istoric, ini\u021bial a fost prima fabric\u0103 de paste f\u0103inoase din Bucure\u0219ti. Tot \u00een aceea\u0219i perioad\u0103, la parterul cl\u0103dirii, pe fa\u021bada exterioar\u0103 erau pr\u0103v\u0103lii \u0219i se conecta cu zonele comerciale importante din Capital\u0103, cu Calea Mo\u0219ilor \u0219i Pdul T\u00e2rgul de Afar\u0103.&nbsp;<\/p>\n\n\n\n<p>Hanul Solacolu a fost construit \u00een 1859, la comanda fra\u021bilor Solacoglu din Istanbul. A servit ca ad\u0103post pentru c\u0103l\u0103tori p\u00e2n\u0103 dup\u0103 cel de Al Doilea R\u0103zboi Mondial. \u00cen timpul conflictului a fost grav afectat de un incendiu, iar \u00een era comunist\u0103, camerele au servit locuitorilor \u00een regim de \u00eenchiriere.&nbsp;<\/p>\n\n\n\n<p><strong>CITE\u0218TE \u0218I:\u00a0<\/strong><\/p>\n\n\n\n<figure class=\"wp-block-embed is-type-wp-embed is-provider-buletin-de-bucure-ti wp-block-embed-buletin-de-bucure-ti\"><div class=\"wp-block-embed__wrapper\">\n<blockquote class=\"wp-embedded-content\" data-secret=\"pNHq1Rs3Lp\"><a href=\"https:\/\/buletin.de\/bucuresti\/video-stadiul-lucrarilor-la-hanul-solacolu-moloz-scos-pe-banda-rulanta-ca-la-mina\/\">VIDEO | Stadiul lucr\u0103rilor la Hanul Solacolu. Moloz scos pe band\u0103 rulant\u0103, ca la min\u0103<\/a><\/blockquote><iframe class=\"wp-embedded-content\" sandbox=\"allow-scripts\" security=\"restricted\" style=\"position: absolute; clip: rect(1px, 1px, 1px, 1px);\" title=\"&#8222;VIDEO | Stadiul lucr\u0103rilor la Hanul Solacolu. Moloz scos pe band\u0103 rulant\u0103, ca la min\u0103&#8221; &#8212; Buletin de Bucure\u0219ti\" src=\"https:\/\/buletin.de\/bucuresti\/video-stadiul-lucrarilor-la-hanul-solacolu-moloz-scos-pe-banda-rulanta-ca-la-mina\/embed\/#?secret=VNNYhZPaVn#?secret=pNHq1Rs3Lp\" data-secret=\"pNHq1Rs3Lp\" width=\"600\" height=\"338\" frameborder=\"0\" marginwidth=\"0\" marginheight=\"0\" scrolling=\"no\"><\/iframe>\n<\/div><\/figure>\n\n\n\n<figure class=\"wp-block-embed is-type-wp-embed is-provider-buletin-de-bucure-ti wp-block-embed-buletin-de-bucure-ti\"><div class=\"wp-block-embed__wrapper\">\n<blockquote class=\"wp-embedded-content\" data-secret=\"2gfyQsLtWI\"><a href=\"https:\/\/buletin.de\/bucuresti\/video-stadiul-lucrarilor-la-hanul-solacolu-cum-arata-santierul-monumentului-din-sectorul-2\/\">VIDEO | Stadiul lucr\u0103rilor la Hanul Solacolu. Cum arat\u0103 \u015fantierul monumentului din Sectorul 2<\/a><\/blockquote><iframe class=\"wp-embedded-content\" sandbox=\"allow-scripts\" security=\"restricted\" style=\"position: absolute; clip: rect(1px, 1px, 1px, 1px);\" title=\"&#8222;VIDEO | Stadiul lucr\u0103rilor la Hanul Solacolu. Cum arat\u0103 \u015fantierul monumentului din Sectorul 2&#8221; &#8212; Buletin de Bucure\u0219ti\" src=\"https:\/\/buletin.de\/bucuresti\/video-stadiul-lucrarilor-la-hanul-solacolu-cum-arata-santierul-monumentului-din-sectorul-2\/embed\/#?secret=RBqroUmJfL#?secret=2gfyQsLtWI\" data-secret=\"2gfyQsLtWI\" width=\"600\" height=\"338\" frameborder=\"0\" marginwidth=\"0\" marginheight=\"0\" scrolling=\"no\"><\/iframe>\n<\/div><\/figure>\n\n\n\n<figure class=\"wp-block-embed is-type-wp-embed is-provider-buletin-de-bucure-ti wp-block-embed-buletin-de-bucure-ti\"><div class=\"wp-block-embed__wrapper\">\n<blockquote class=\"wp-embedded-content\" data-secret=\"GE1dwWjdQO\"><a href=\"https:\/\/buletin.de\/bucuresti\/foto-primaria-capitalei-vrea-sa-transforme-hanul-solacolu-intr-un-spatiu-cultural\/\">FOTO | Prim\u0103ria Capitalei vrea s\u0103 transforme Hanul Solacolu \u00eentr-un spa\u021biu cultural<\/a><\/blockquote><iframe class=\"wp-embedded-content\" sandbox=\"allow-scripts\" security=\"restricted\" style=\"position: absolute; clip: rect(1px, 1px, 1px, 1px);\" title=\"&#8222;FOTO | Prim\u0103ria Capitalei vrea s\u0103 transforme Hanul Solacolu \u00eentr-un spa\u021biu cultural&#8221; &#8212; Buletin de Bucure\u0219ti\" src=\"https:\/\/buletin.de\/bucuresti\/foto-primaria-capitalei-vrea-sa-transforme-hanul-solacolu-intr-un-spatiu-cultural\/embed\/#?secret=F27Z9O6awd#?secret=GE1dwWjdQO\" data-secret=\"GE1dwWjdQO\" width=\"600\" height=\"338\" frameborder=\"0\" marginwidth=\"0\" marginheight=\"0\" scrolling=\"no\"><\/iframe>\n<\/div><\/figure>\n","protected":false},"excerpt":{"rendered":"<p>Aproape 700 de tone de de\u0219euri au fost scoase din subsolul Hanului Solacolu, pentru a instala un schelet metalic pe corpul central. Cl\u0103direa veche de 160 de ani va fi pus\u0103 \u00een siguran\u021b\u0103 prin structura scheletului \u0219i urmeaz\u0103 ca de\u0219eurile \u0219i molozul s\u0103 fie adunate din celelalte dou\u0103 corpuri laterale, pentru a putea fi puse [&hellip;]<\/p>\n","protected":false},"author":58,"featured_media":90656,"comment_status":"closed","ping_status":"open","sticky":false,"template":"","format":"standard","meta":{"_acf_changed":false,"inline_featured_image":false,"ngg_post_thumbnail":0,"footnotes":""},"categories":[6994,81,5762,24],"tags":[2063,13338,12599,12042,13340,104,13339],"ppma_author":[22581],"class_list":["post-90655","post","type-post","status-publish","format-standard","has-post-thumbnail","hentry","category-stiri-2","category-cultura","category-main","category-primarie","tag-bucuresti-2","tag-calea-mosilor-2","tag-hanul-solacolu","tag-hanul-solacolu-lucrari","tag-monument-instoric","tag-pmb","tag-spatiu-cultural"],"acf":[],"yoast_head":"<!-- This site is optimized with the Yoast SEO Premium plugin v25.3 (Yoast SEO v27.5) - https:\/\/yoast.com\/product\/yoast-seo-premium-wordpress\/ -->\n<title>Schelet metalic peste Hanul Solacolu. Urmeaz\u0103 cur\u0103\u021benia general\u0103 - Buletin de Bucure\u0219ti<\/title>\n<meta name=\"robots\" content=\"index, follow, max-snippet:-1, max-image-preview:large, max-video-preview:-1\" \/>\n<link rel=\"canonical\" href=\"https:\/\/buletin.de\/bucuresti\/schelet-metalic-peste-hanul-solacolu-urmeaza-curatenia-generala\/\" \/>\n<meta property=\"og:locale\" content=\"en_GB\" \/>\n<meta property=\"og:type\" content=\"article\" \/>\n<meta property=\"og:title\" content=\"Schelet metalic peste Hanul Solacolu. Urmeaz\u0103 cur\u0103\u021benia general\u0103\" \/>\n<meta property=\"og:description\" content=\"Aproape 700 de tone de de\u0219euri au fost scoase din subsolul Hanului Solacolu, pentru a instala un schelet metalic pe corpul central. Cl\u0103direa veche de 160 de ani va fi pus\u0103 \u00een siguran\u021b\u0103 prin structura scheletului \u0219i urmeaz\u0103 ca de\u0219eurile \u0219i molozul s\u0103 fie adunate din celelalte dou\u0103 corpuri laterale, pentru a putea fi puse [&hellip;]\" \/>\n<meta property=\"og:url\" content=\"https:\/\/buletin.de\/bucuresti\/schelet-metalic-peste-hanul-solacolu-urmeaza-curatenia-generala\/\" \/>\n<meta property=\"og:site_name\" content=\"Buletin de Bucure\u0219ti\" \/>\n<meta property=\"article:publisher\" content=\"https:\/\/www.facebook.com\/buletin.de.buc\" \/>\n<meta property=\"article:published_time\" content=\"2024-07-12T06:00:15+00:00\" \/>\n<meta property=\"article:modified_time\" content=\"2024-07-12T06:00:16+00:00\" \/>\n<meta property=\"og:image\" content=\"https:\/\/buletin.de\/bucuresti\/wp-content\/uploads\/hanul-solacolu-4.jpg\" \/>\n\t<meta property=\"og:image:width\" content=\"1600\" \/>\n\t<meta property=\"og:image:height\" content=\"1066\" \/>\n\t<meta property=\"og:image:type\" content=\"image\/jpeg\" \/>\n<meta name=\"author\" content=\"Ana Anghel-Dimache\" \/>\n<meta name=\"twitter:card\" content=\"summary_large_image\" \/>\n<meta name=\"twitter:label1\" content=\"Written by\" \/>\n\t<meta name=\"twitter:data1\" content=\"Ana Anghel-Dimache\" \/>\n\t<meta name=\"twitter:label2\" content=\"Estimated reading time\" \/>\n\t<meta name=\"twitter:data2\" content=\"2 minutes\" \/>\n<script type=\"application\/ld+json\" class=\"yoast-schema-graph\">{\"@context\":\"https:\\\/\\\/schema.org\",\"@graph\":[{\"@type\":\"Article\",\"@id\":\"https:\\\/\\\/buletin.de\\\/bucuresti\\\/schelet-metalic-peste-hanul-solacolu-urmeaza-curatenia-generala\\\/#article\",\"isPartOf\":{\"@id\":\"https:\\\/\\\/buletin.de\\\/bucuresti\\\/schelet-metalic-peste-hanul-solacolu-urmeaza-curatenia-generala\\\/\"},\"author\":{\"name\":\"Ana Anghel-Dimache\",\"@id\":\"https:\\\/\\\/buletin.de\\\/bucuresti\\\/#\\\/schema\\\/person\\\/359459245996e200ed7c807f71f0551a\"},\"headline\":\"Schelet metalic peste Hanul Solacolu. Urmeaz\u0103 cur\u0103\u021benia general\u0103\",\"datePublished\":\"2024-07-12T06:00:15+00:00\",\"dateModified\":\"2024-07-12T06:00:16+00:00\",\"mainEntityOfPage\":{\"@id\":\"https:\\\/\\\/buletin.de\\\/bucuresti\\\/schelet-metalic-peste-hanul-solacolu-urmeaza-curatenia-generala\\\/\"},\"wordCount\":320,\"publisher\":{\"@id\":\"https:\\\/\\\/buletin.de\\\/bucuresti\\\/#organization\"},\"image\":{\"@id\":\"https:\\\/\\\/buletin.de\\\/bucuresti\\\/schelet-metalic-peste-hanul-solacolu-urmeaza-curatenia-generala\\\/#primaryimage\"},\"thumbnailUrl\":\"https:\\\/\\\/buletin.de\\\/bucuresti\\\/wp-content\\\/uploads\\\/hanul-solacolu-4.jpg\",\"keywords\":[\"Bucure\u0219ti\",\"calea mo\u0219ilor\",\"hanul solacolu\",\"hanul solacolu lucrari\",\"monument instoric\",\"pmb\",\"spa\u021biu cultural\"],\"articleSection\":[\"Articole\",\"Cultur\u0103\",\"Main\",\"Prim\u0103rie\"],\"inLanguage\":\"en-GB\",\"copyrightYear\":\"2024\",\"copyrightHolder\":{\"@id\":\"https:\\\/\\\/buletin.de\\\/bucuresti\\\/#organization\"}},{\"@type\":\"WebPage\",\"@id\":\"https:\\\/\\\/buletin.de\\\/bucuresti\\\/schelet-metalic-peste-hanul-solacolu-urmeaza-curatenia-generala\\\/\",\"url\":\"https:\\\/\\\/buletin.de\\\/bucuresti\\\/schelet-metalic-peste-hanul-solacolu-urmeaza-curatenia-generala\\\/\",\"name\":\"Schelet metalic peste Hanul Solacolu. Urmeaz\u0103 cur\u0103\u021benia general\u0103 - Buletin de Bucure\u0219ti\",\"isPartOf\":{\"@id\":\"https:\\\/\\\/buletin.de\\\/bucuresti\\\/#website\"},\"primaryImageOfPage\":{\"@id\":\"https:\\\/\\\/buletin.de\\\/bucuresti\\\/schelet-metalic-peste-hanul-solacolu-urmeaza-curatenia-generala\\\/#primaryimage\"},\"image\":{\"@id\":\"https:\\\/\\\/buletin.de\\\/bucuresti\\\/schelet-metalic-peste-hanul-solacolu-urmeaza-curatenia-generala\\\/#primaryimage\"},\"thumbnailUrl\":\"https:\\\/\\\/buletin.de\\\/bucuresti\\\/wp-content\\\/uploads\\\/hanul-solacolu-4.jpg\",\"datePublished\":\"2024-07-12T06:00:15+00:00\",\"dateModified\":\"2024-07-12T06:00:16+00:00\",\"breadcrumb\":{\"@id\":\"https:\\\/\\\/buletin.de\\\/bucuresti\\\/schelet-metalic-peste-hanul-solacolu-urmeaza-curatenia-generala\\\/#breadcrumb\"},\"inLanguage\":\"en-GB\",\"potentialAction\":[{\"@type\":\"ReadAction\",\"target\":[\"https:\\\/\\\/buletin.de\\\/bucuresti\\\/schelet-metalic-peste-hanul-solacolu-urmeaza-curatenia-generala\\\/\"]}]},{\"@type\":\"ImageObject\",\"inLanguage\":\"en-GB\",\"@id\":\"https:\\\/\\\/buletin.de\\\/bucuresti\\\/schelet-metalic-peste-hanul-solacolu-urmeaza-curatenia-generala\\\/#primaryimage\",\"url\":\"https:\\\/\\\/buletin.de\\\/bucuresti\\\/wp-content\\\/uploads\\\/hanul-solacolu-4.jpg\",\"contentUrl\":\"https:\\\/\\\/buletin.de\\\/bucuresti\\\/wp-content\\\/uploads\\\/hanul-solacolu-4.jpg\",\"width\":1600,\"height\":1066,\"caption\":\"FOTO: Facebook \\\/ Nicu\u0219or Dan\"},{\"@type\":\"BreadcrumbList\",\"@id\":\"https:\\\/\\\/buletin.de\\\/bucuresti\\\/schelet-metalic-peste-hanul-solacolu-urmeaza-curatenia-generala\\\/#breadcrumb\",\"itemListElement\":[{\"@type\":\"ListItem\",\"position\":1,\"name\":\"Acas\u0103\",\"item\":\"https:\\\/\\\/buletin.de\\\/bucuresti\\\/\"},{\"@type\":\"ListItem\",\"position\":2,\"name\":\"Schelet metalic peste Hanul Solacolu. Urmeaz\u0103 cur\u0103\u021benia general\u0103\"}]},{\"@type\":\"WebSite\",\"@id\":\"https:\\\/\\\/buletin.de\\\/bucuresti\\\/#website\",\"url\":\"https:\\\/\\\/buletin.de\\\/bucuresti\\\/\",\"name\":\"Buletin de Bucure\u0219ti\",\"description\":\"\u0218tiri \u0219i investiga\u021bii esen\u021biale din capital\u0103\",\"publisher\":{\"@id\":\"https:\\\/\\\/buletin.de\\\/bucuresti\\\/#organization\"},\"potentialAction\":[{\"@type\":\"SearchAction\",\"target\":{\"@type\":\"EntryPoint\",\"urlTemplate\":\"https:\\\/\\\/buletin.de\\\/bucuresti\\\/?s={search_term_string}\"},\"query-input\":{\"@type\":\"PropertyValueSpecification\",\"valueRequired\":true,\"valueName\":\"search_term_string\"}}],\"inLanguage\":\"en-GB\"},{\"@type\":\"Organization\",\"@id\":\"https:\\\/\\\/buletin.de\\\/bucuresti\\\/#organization\",\"name\":\"Buletin de Bucure\u0219ti\",\"url\":\"https:\\\/\\\/buletin.de\\\/bucuresti\\\/\",\"logo\":{\"@type\":\"ImageObject\",\"inLanguage\":\"en-GB\",\"@id\":\"https:\\\/\\\/buletin.de\\\/bucuresti\\\/#\\\/schema\\\/logo\\\/image\\\/\",\"url\":\"https:\\\/\\\/buletin.de\\\/bucuresti\\\/wp-content\\\/uploads\\\/logo-bdb-full-wide-vernil-transparent.png\",\"contentUrl\":\"https:\\\/\\\/buletin.de\\\/bucuresti\\\/wp-content\\\/uploads\\\/logo-bdb-full-wide-vernil-transparent.png\",\"width\":1782,\"height\":626,\"caption\":\"Buletin de Bucure\u0219ti\"},\"image\":{\"@id\":\"https:\\\/\\\/buletin.de\\\/bucuresti\\\/#\\\/schema\\\/logo\\\/image\\\/\"},\"sameAs\":[\"https:\\\/\\\/www.facebook.com\\\/buletin.de.buc\",\"https:\\\/\\\/www.instagram.com\\\/buletinde.bucuresti\\\/\"]},{\"@type\":\"Person\",\"@id\":\"https:\\\/\\\/buletin.de\\\/bucuresti\\\/#\\\/schema\\\/person\\\/359459245996e200ed7c807f71f0551a\",\"name\":\"Ana Anghel-Dimache\",\"image\":{\"@type\":\"ImageObject\",\"inLanguage\":\"en-GB\",\"@id\":\"https:\\\/\\\/buletin.de\\\/bucuresti\\\/wp-content\\\/uploads\\\/Ana-Anghel-Dimache-96x96.jpg861145fc2c4f1fe57dc81b59a6cfb674\",\"url\":\"https:\\\/\\\/buletin.de\\\/bucuresti\\\/wp-content\\\/uploads\\\/Ana-Anghel-Dimache-96x96.jpg\",\"contentUrl\":\"https:\\\/\\\/buletin.de\\\/bucuresti\\\/wp-content\\\/uploads\\\/Ana-Anghel-Dimache-96x96.jpg\",\"caption\":\"Ana Anghel-Dimache\"},\"description\":\"Sunt student\u0103 la jurnalism \u0219i m-am n\u0103scut \u00een Bucure\u0219ti, ora\u0219 plin de pove\u0219ti care merit\u0103 explorate. \u00cemi place s\u0103 scriu despre subiecte politice, de mediu \u0219i legate de transportul din Capital\u0103. \u00cencerc s\u0103 pictez o imagine c\u00e2t mai sincer\u0103 a realit\u0103\u021bii \u0219i sus\u021bin presa independent\u0103 pentru c\u0103 este esen\u021bial s\u0103 pot reda faptele \u00een formele lor adev\u0103rate.\",\"url\":\"https:\\\/\\\/buletin.de\\\/bucuresti\\\/author\\\/ana-dimache\\\/\"}]}<\/script>\n<!-- \/ Yoast SEO Premium plugin. -->","yoast_head_json":{"title":"Schelet metalic peste Hanul Solacolu. Urmeaz\u0103 cur\u0103\u021benia general\u0103 - Buletin de Bucure\u0219ti","robots":{"index":"index","follow":"follow","max-snippet":"max-snippet:-1","max-image-preview":"max-image-preview:large","max-video-preview":"max-video-preview:-1"},"canonical":"https:\/\/buletin.de\/bucuresti\/schelet-metalic-peste-hanul-solacolu-urmeaza-curatenia-generala\/","og_locale":"en_GB","og_type":"article","og_title":"Schelet metalic peste Hanul Solacolu. Urmeaz\u0103 cur\u0103\u021benia general\u0103","og_description":"Aproape 700 de tone de de\u0219euri au fost scoase din subsolul Hanului Solacolu, pentru a instala un schelet metalic pe corpul central. Cl\u0103direa veche de 160 de ani va fi pus\u0103 \u00een siguran\u021b\u0103 prin structura scheletului \u0219i urmeaz\u0103 ca de\u0219eurile \u0219i molozul s\u0103 fie adunate din celelalte dou\u0103 corpuri laterale, pentru a putea fi puse [&hellip;]","og_url":"https:\/\/buletin.de\/bucuresti\/schelet-metalic-peste-hanul-solacolu-urmeaza-curatenia-generala\/","og_site_name":"Buletin de Bucure\u0219ti","article_publisher":"https:\/\/www.facebook.com\/buletin.de.buc","article_published_time":"2024-07-12T06:00:15+00:00","article_modified_time":"2024-07-12T06:00:16+00:00","og_image":[{"width":1600,"height":1066,"url":"https:\/\/buletin.de\/bucuresti\/wp-content\/uploads\/hanul-solacolu-4.jpg","type":"image\/jpeg"}],"author":"Ana Anghel-Dimache","twitter_card":"summary_large_image","twitter_misc":{"Written by":"Ana Anghel-Dimache","Estimated reading time":"2 minutes"},"schema":{"@context":"https:\/\/schema.org","@graph":[{"@type":"Article","@id":"https:\/\/buletin.de\/bucuresti\/schelet-metalic-peste-hanul-solacolu-urmeaza-curatenia-generala\/#article","isPartOf":{"@id":"https:\/\/buletin.de\/bucuresti\/schelet-metalic-peste-hanul-solacolu-urmeaza-curatenia-generala\/"},"author":{"name":"Ana Anghel-Dimache","@id":"https:\/\/buletin.de\/bucuresti\/#\/schema\/person\/359459245996e200ed7c807f71f0551a"},"headline":"Schelet metalic peste Hanul Solacolu. Urmeaz\u0103 cur\u0103\u021benia general\u0103","datePublished":"2024-07-12T06:00:15+00:00","dateModified":"2024-07-12T06:00:16+00:00","mainEntityOfPage":{"@id":"https:\/\/buletin.de\/bucuresti\/schelet-metalic-peste-hanul-solacolu-urmeaza-curatenia-generala\/"},"wordCount":320,"publisher":{"@id":"https:\/\/buletin.de\/bucuresti\/#organization"},"image":{"@id":"https:\/\/buletin.de\/bucuresti\/schelet-metalic-peste-hanul-solacolu-urmeaza-curatenia-generala\/#primaryimage"},"thumbnailUrl":"https:\/\/buletin.de\/bucuresti\/wp-content\/uploads\/hanul-solacolu-4.jpg","keywords":["Bucure\u0219ti","calea mo\u0219ilor","hanul solacolu","hanul solacolu lucrari","monument instoric","pmb","spa\u021biu cultural"],"articleSection":["Articole","Cultur\u0103","Main","Prim\u0103rie"],"inLanguage":"en-GB","copyrightYear":"2024","copyrightHolder":{"@id":"https:\/\/buletin.de\/bucuresti\/#organization"}},{"@type":"WebPage","@id":"https:\/\/buletin.de\/bucuresti\/schelet-metalic-peste-hanul-solacolu-urmeaza-curatenia-generala\/","url":"https:\/\/buletin.de\/bucuresti\/schelet-metalic-peste-hanul-solacolu-urmeaza-curatenia-generala\/","name":"Schelet metalic peste Hanul Solacolu. Urmeaz\u0103 cur\u0103\u021benia general\u0103 - Buletin de Bucure\u0219ti","isPartOf":{"@id":"https:\/\/buletin.de\/bucuresti\/#website"},"primaryImageOfPage":{"@id":"https:\/\/buletin.de\/bucuresti\/schelet-metalic-peste-hanul-solacolu-urmeaza-curatenia-generala\/#primaryimage"},"image":{"@id":"https:\/\/buletin.de\/bucuresti\/schelet-metalic-peste-hanul-solacolu-urmeaza-curatenia-generala\/#primaryimage"},"thumbnailUrl":"https:\/\/buletin.de\/bucuresti\/wp-content\/uploads\/hanul-solacolu-4.jpg","datePublished":"2024-07-12T06:00:15+00:00","dateModified":"2024-07-12T06:00:16+00:00","breadcrumb":{"@id":"https:\/\/buletin.de\/bucuresti\/schelet-metalic-peste-hanul-solacolu-urmeaza-curatenia-generala\/#breadcrumb"},"inLanguage":"en-GB","potentialAction":[{"@type":"ReadAction","target":["https:\/\/buletin.de\/bucuresti\/schelet-metalic-peste-hanul-solacolu-urmeaza-curatenia-generala\/"]}]},{"@type":"ImageObject","inLanguage":"en-GB","@id":"https:\/\/buletin.de\/bucuresti\/schelet-metalic-peste-hanul-solacolu-urmeaza-curatenia-generala\/#primaryimage","url":"https:\/\/buletin.de\/bucuresti\/wp-content\/uploads\/hanul-solacolu-4.jpg","contentUrl":"https:\/\/buletin.de\/bucuresti\/wp-content\/uploads\/hanul-solacolu-4.jpg","width":1600,"height":1066,"caption":"FOTO: Facebook \/ Nicu\u0219or Dan"},{"@type":"BreadcrumbList","@id":"https:\/\/buletin.de\/bucuresti\/schelet-metalic-peste-hanul-solacolu-urmeaza-curatenia-generala\/#breadcrumb","itemListElement":[{"@type":"ListItem","position":1,"name":"Acas\u0103","item":"https:\/\/buletin.de\/bucuresti\/"},{"@type":"ListItem","position":2,"name":"Schelet metalic peste Hanul Solacolu. Urmeaz\u0103 cur\u0103\u021benia general\u0103"}]},{"@type":"WebSite","@id":"https:\/\/buletin.de\/bucuresti\/#website","url":"https:\/\/buletin.de\/bucuresti\/","name":"Buletin de Bucure\u0219ti","description":"\u0218tiri \u0219i investiga\u021bii esen\u021biale din capital\u0103","publisher":{"@id":"https:\/\/buletin.de\/bucuresti\/#organization"},"potentialAction":[{"@type":"SearchAction","target":{"@type":"EntryPoint","urlTemplate":"https:\/\/buletin.de\/bucuresti\/?s={search_term_string}"},"query-input":{"@type":"PropertyValueSpecification","valueRequired":true,"valueName":"search_term_string"}}],"inLanguage":"en-GB"},{"@type":"Organization","@id":"https:\/\/buletin.de\/bucuresti\/#organization","name":"Buletin de Bucure\u0219ti","url":"https:\/\/buletin.de\/bucuresti\/","logo":{"@type":"ImageObject","inLanguage":"en-GB","@id":"https:\/\/buletin.de\/bucuresti\/#\/schema\/logo\/image\/","url":"https:\/\/buletin.de\/bucuresti\/wp-content\/uploads\/logo-bdb-full-wide-vernil-transparent.png","contentUrl":"https:\/\/buletin.de\/bucuresti\/wp-content\/uploads\/logo-bdb-full-wide-vernil-transparent.png","width":1782,"height":626,"caption":"Buletin de Bucure\u0219ti"},"image":{"@id":"https:\/\/buletin.de\/bucuresti\/#\/schema\/logo\/image\/"},"sameAs":["https:\/\/www.facebook.com\/buletin.de.buc","https:\/\/www.instagram.com\/buletinde.bucuresti\/"]},{"@type":"Person","@id":"https:\/\/buletin.de\/bucuresti\/#\/schema\/person\/359459245996e200ed7c807f71f0551a","name":"Ana Anghel-Dimache","image":{"@type":"ImageObject","inLanguage":"en-GB","@id":"https:\/\/buletin.de\/bucuresti\/wp-content\/uploads\/Ana-Anghel-Dimache-96x96.jpg861145fc2c4f1fe57dc81b59a6cfb674","url":"https:\/\/buletin.de\/bucuresti\/wp-content\/uploads\/Ana-Anghel-Dimache-96x96.jpg","contentUrl":"https:\/\/buletin.de\/bucuresti\/wp-content\/uploads\/Ana-Anghel-Dimache-96x96.jpg","caption":"Ana Anghel-Dimache"},"description":"Sunt student\u0103 la jurnalism \u0219i m-am n\u0103scut \u00een Bucure\u0219ti, ora\u0219 plin de pove\u0219ti care merit\u0103 explorate. \u00cemi place s\u0103 scriu despre subiecte politice, de mediu \u0219i legate de transportul din Capital\u0103. \u00cencerc s\u0103 pictez o imagine c\u00e2t mai sincer\u0103 a realit\u0103\u021bii \u0219i sus\u021bin presa independent\u0103 pentru c\u0103 este esen\u021bial s\u0103 pot reda faptele \u00een formele lor adev\u0103rate.","url":"https:\/\/buletin.de\/bucuresti\/author\/ana-dimache\/"}]}},"authors":[{"term_id":22581,"user_id":58,"is_guest":0,"slug":"ana-dimache","display_name":"Ana Anghel-Dimache","avatar_url":"https:\/\/buletin.de\/bucuresti\/wp-content\/uploads\/Ana-Anghel-Dimache-96x96.jpg","0":null,"1":"","2":"","3":"","4":"","5":"","6":"","7":"","8":""}],"_links":{"self":[{"href":"https:\/\/buletin.de\/bucuresti\/wp-json\/wp\/v2\/posts\/90655","targetHints":{"allow":["GET"]}}],"collection":[{"href":"https:\/\/buletin.de\/bucuresti\/wp-json\/wp\/v2\/posts"}],"about":[{"href":"https:\/\/buletin.de\/bucuresti\/wp-json\/wp\/v2\/types\/post"}],"author":[{"embeddable":true,"href":"https:\/\/buletin.de\/bucuresti\/wp-json\/wp\/v2\/users\/58"}],"replies":[{"embeddable":true,"href":"https:\/\/buletin.de\/bucuresti\/wp-json\/wp\/v2\/comments?post=90655"}],"version-history":[{"count":3,"href":"https:\/\/buletin.de\/bucuresti\/wp-json\/wp\/v2\/posts\/90655\/revisions"}],"predecessor-version":[{"id":90697,"href":"https:\/\/buletin.de\/bucuresti\/wp-json\/wp\/v2\/posts\/90655\/revisions\/90697"}],"wp:featuredmedia":[{"embeddable":true,"href":"https:\/\/buletin.de\/bucuresti\/wp-json\/wp\/v2\/media\/90656"}],"wp:attachment":[{"href":"https:\/\/buletin.de\/bucuresti\/wp-json\/wp\/v2\/media?parent=90655"}],"wp:term":[{"taxonomy":"category","embeddable":true,"href":"https:\/\/buletin.de\/bucuresti\/wp-json\/wp\/v2\/categories?post=90655"},{"taxonomy":"post_tag","embeddable":true,"href":"https:\/\/buletin.de\/bucuresti\/wp-json\/wp\/v2\/tags?post=90655"},{"taxonomy":"author","embeddable":true,"href":"https:\/\/buletin.de\/bucuresti\/wp-json\/wp\/v2\/ppma_author?post=90655"}],"curies":[{"name":"wp","href":"https:\/\/api.w.org\/{rel}","templated":true}]}}