{"id":90639,"date":"2024-07-11T12:24:10","date_gmt":"2024-07-11T09:24:10","guid":{"rendered":"https:\/\/buletin.de\/bucuresti\/?p=90639"},"modified":"2024-07-11T12:25:10","modified_gmt":"2024-07-11T09:25:10","slug":"foto-arborele-tomberon-de-pe-splaiul-independentei-descoperit-dupa-furtuna-de-miercuri","status":"publish","type":"post","link":"https:\/\/buletin.de\/bucuresti\/foto-arborele-tomberon-de-pe-splaiul-independentei-descoperit-dupa-furtuna-de-miercuri\/","title":{"rendered":"FOTO | \u201eArborele-tomberon\u201d de pe Splaiul Independen\u021bei, descoperit dup\u0103 furtuna\u00a0de\u00a0miercuri"},"content":{"rendered":"\n<p><strong>Zeci de copaci au fost pu\u0219i la p\u0103m\u00e2nt de furtuna scurt\u0103, dar puternic\u0103, ce a avut loc miercuri seara \u00een Capital\u0103. Printre ei se num\u0103r\u0103 \u0219i \u201ecopacul-tomberon\u201d de pe Splaiul Independen\u021bei, ale c\u0103rui r\u0103d\u0103cini erau scufundate \u00een gunoi, arat\u0103 fotojurnalistul Octav Ganea de la agen\u021bia<a href=\"https:\/\/www.inquamphotos.com\/\"> Inquam Photos<\/a>.<\/strong><\/p>\n\n\n\n<figure class=\"wp-block-image size-large\"><a href=\"https:\/\/buletin.de\/bucuresti\/wp-content\/uploads\/450428083_10224604238004979_28414359646805874_n-1.jpg\"><img fetchpriority=\"high\" decoding=\"async\" width=\"900\" height=\"600\" src=\"data:image\/gif;base64,R0lGODlhAQABAAAAACH5BAEKAAEALAAAAAABAAEAAAICTAEAOw==\" data-src=\"https:\/\/buletin.de\/bucuresti\/wp-content\/uploads\/450428083_10224604238004979_28414359646805874_n-1-900x600.jpg\" alt=\"\" class=\"wp-image-90654 lazyload\" data-sizes=\"auto\" data-srcset=\"https:\/\/buletin.de\/bucuresti\/wp-content\/uploads\/450428083_10224604238004979_28414359646805874_n-1-900x600.jpg 900w, https:\/\/buletin.de\/bucuresti\/wp-content\/uploads\/450428083_10224604238004979_28414359646805874_n-1-300x200.jpg 300w, https:\/\/buletin.de\/bucuresti\/wp-content\/uploads\/450428083_10224604238004979_28414359646805874_n-1-768x512.jpg 768w, https:\/\/buletin.de\/bucuresti\/wp-content\/uploads\/450428083_10224604238004979_28414359646805874_n-1-1100x733.jpg 1100w, https:\/\/buletin.de\/bucuresti\/wp-content\/uploads\/450428083_10224604238004979_28414359646805874_n-1-600x400.jpg 600w, https:\/\/buletin.de\/bucuresti\/wp-content\/uploads\/450428083_10224604238004979_28414359646805874_n-1-20x13.jpg 20w, https:\/\/buletin.de\/bucuresti\/wp-content\/uploads\/450428083_10224604238004979_28414359646805874_n-1.jpg 1440w\" sizes=\"(max-width: 900px) 100vw, 900px\" \/><\/a><figcaption class=\"wp-element-caption\">FOTO: FB\/ Octav Ganea<\/figcaption><\/figure>\n\n\n\n<p>Copacul a fost surprins de fotojurnalistul <a href=\"https:\/\/www.facebook.com\/octav.ganea\/posts\/pfbid0dKj16FtyvaYBG3n84kzbEPCTPrbqD4XyARffWNUEQqJTMQr4hbrMfusnoarTRXXHl?__cft__[0]=AZVRhEtT5AZphoxX8zhEbV33nC2efuL3iF-yK0MZ5sE7hyabrhZ5cGDbvxUHJ-UW43ALfnx6-gngoOpc02FZqwSFu4ig_OH6Wh9kiGUWc5FQju53ak4xsMYAedV1jZGCWsJ66kGf3TEiHbiQ7ezqe3oA7IFtQfuGQus6seuP1ioNpvIFWl5bADbE5PfqRMvSn6egauxOyCAEyRxqu5p0rD3R&amp;__tn__=%2CO%2CP-R\">Octav Ganea<\/a>, de la agen\u021bia <a href=\"https:\/\/www.inquamphotos.com\/\">Inquam Photos<\/a>, care explic\u0103 cum gaura din trunchiul arborelui a fost folosit\u0103 drept co\u0219 de gunoi, ani de zile. \u00cen timp, de\u0219eurile au putrezit, ajung\u00e2nd s\u0103 sl\u0103beasc\u0103 r\u0103d\u0103cinile deja sufocate de asfalt.<\/p>\n\n\n\n<p>\u00cen Bucure\u0219ti, 70 copaci au fost dobor\u00e2\u021bi de furtuna de miercuri. De altfel, au fost \u00eenregistrate \u0219i alte pagube, printre care \u0219ase case \u0219i 41 ma\u0219ini.<\/p>\n\n\n\n<p> \u00cen total, 83 de solicit\u0103ri pentru interven\u021bia pompierilor au fost \u00eenregistrate la nivelul Capitalei. \u00cen Ilfov, a fost \u00eenregistrat\u0103 o singur\u0103 solicitare, pentru un st\u00e2lp de lemn c\u0103zut, potrivit bilan\u021bului ISU B-IF.<\/p>\n\n\n\n<p><strong>CITE\u0218TE \u0218I:<\/strong><\/p>\n\n\n\n<figure class=\"wp-block-embed is-type-wp-embed is-provider-buletin-de-bucure-ti wp-block-embed-buletin-de-bucure-ti\"><div class=\"wp-block-embed__wrapper\">\n<blockquote class=\"wp-embedded-content\" data-secret=\"bBg5GdtlnW\"><a href=\"https:\/\/buletin.de\/bucuresti\/week-end-cu-cod-rosu-de-canicula-in-capitala-si-ilfov\/\">Week-end cu Cod Ro\u0219u de canicul\u0103 \u00een Capital\u0103 \u0219i Ilfov<\/a><\/blockquote><iframe class=\"wp-embedded-content\" sandbox=\"allow-scripts\" security=\"restricted\" style=\"position: absolute; clip: rect(1px, 1px, 1px, 1px);\" title=\"&#8220;Week-end cu Cod Ro\u0219u de canicul\u0103 \u00een Capital\u0103 \u0219i Ilfov&#8221; &#8212; Buletin de Bucure\u0219ti\" src=\"https:\/\/buletin.de\/bucuresti\/week-end-cu-cod-rosu-de-canicula-in-capitala-si-ilfov\/embed\/#?secret=hofIRzarQE#?secret=bBg5GdtlnW\" data-secret=\"bBg5GdtlnW\" width=\"600\" height=\"338\" frameborder=\"0\" marginwidth=\"0\" marginheight=\"0\" scrolling=\"no\"><\/iframe>\n<\/div><\/figure>\n","protected":false},"excerpt":{"rendered":"<p>Zeci de copaci au fost pu\u0219i la p\u0103m\u00e2nt de furtuna scurt\u0103, dar puternic\u0103, ce a avut loc miercuri seara \u00een Capital\u0103. Printre ei se num\u0103r\u0103 \u0219i \u201ecopacul-tomberon\u201d de pe Splaiul Independen\u021bei, ale c\u0103rui r\u0103d\u0103cini erau scufundate \u00een gunoi, arat\u0103 fotojurnalistul Octav Ganea de la agen\u021bia Inquam Photos. Copacul a fost surprins de fotojurnalistul Octav Ganea, [&hellip;]<\/p>\n","protected":false},"author":55,"featured_media":90664,"comment_status":"closed","ping_status":"open","sticky":false,"template":"","format":"standard","meta":{"_acf_changed":false,"inline_featured_image":false,"ngg_post_thumbnail":0,"footnotes":""},"categories":[6994,5762,109],"tags":[2054,7037,179,55,230,820,7893,475,5228],"ppma_author":[22573],"class_list":["post-90639","post","type-post","status-publish","format-standard","has-post-thumbnail","hentry","category-stiri-2","category-main","category-mediu","tag-capitala","tag-copaci-cazuti-2","tag-deseuri","tag-furtuna","tag-gunoi","tag-ilfov","tag-isu-bif","tag-mediu","tag-meteo"],"acf":[],"yoast_head":"<!-- This site is optimized with the Yoast SEO Premium plugin v25.3 (Yoast SEO v27.4) - https:\/\/yoast.com\/product\/yoast-seo-premium-wordpress\/ -->\n<title>FOTO | \u201eArborele-tomberon\u201d de pe Splaiul Independen\u021bei, descoperit dup\u0103 furtuna\u00a0de\u00a0miercuri - Buletin de Bucure\u0219ti<\/title>\n<meta name=\"robots\" content=\"index, follow, max-snippet:-1, max-image-preview:large, max-video-preview:-1\" \/>\n<link rel=\"canonical\" href=\"https:\/\/buletin.de\/bucuresti\/foto-arborele-tomberon-de-pe-splaiul-independentei-descoperit-dupa-furtuna-de-miercuri\/\" \/>\n<meta property=\"og:locale\" content=\"en_GB\" \/>\n<meta property=\"og:type\" content=\"article\" \/>\n<meta property=\"og:title\" content=\"FOTO | \u201eArborele-tomberon\u201d de pe Splaiul Independen\u021bei, descoperit dup\u0103 furtuna\u00a0de\u00a0miercuri\" \/>\n<meta property=\"og:description\" content=\"Zeci de copaci au fost pu\u0219i la p\u0103m\u00e2nt de furtuna scurt\u0103, dar puternic\u0103, ce a avut loc miercuri seara \u00een Capital\u0103. Printre ei se num\u0103r\u0103 \u0219i \u201ecopacul-tomberon\u201d de pe Splaiul Independen\u021bei, ale c\u0103rui r\u0103d\u0103cini erau scufundate \u00een gunoi, arat\u0103 fotojurnalistul Octav Ganea de la agen\u021bia Inquam Photos. Copacul a fost surprins de fotojurnalistul Octav Ganea, [&hellip;]\" \/>\n<meta property=\"og:url\" content=\"https:\/\/buletin.de\/bucuresti\/foto-arborele-tomberon-de-pe-splaiul-independentei-descoperit-dupa-furtuna-de-miercuri\/\" \/>\n<meta property=\"og:site_name\" content=\"Buletin de Bucure\u0219ti\" \/>\n<meta property=\"article:publisher\" content=\"https:\/\/www.facebook.com\/buletin.de.buc\" \/>\n<meta property=\"article:published_time\" content=\"2024-07-11T09:24:10+00:00\" \/>\n<meta property=\"article:modified_time\" content=\"2024-07-11T09:25:10+00:00\" \/>\n<meta property=\"og:image\" content=\"https:\/\/buletin.de\/bucuresti\/wp-content\/uploads\/450428083_10224604238004979_28414359646805874_n-1-1.jpg\" \/>\n\t<meta property=\"og:image:width\" content=\"1440\" \/>\n\t<meta property=\"og:image:height\" content=\"960\" \/>\n\t<meta property=\"og:image:type\" content=\"image\/jpeg\" \/>\n<meta name=\"author\" content=\"Andreea Tudor\" \/>\n<meta name=\"twitter:card\" content=\"summary_large_image\" \/>\n<meta name=\"twitter:label1\" content=\"Written by\" \/>\n\t<meta name=\"twitter:data1\" content=\"Andreea Tudor\" \/>\n\t<meta name=\"twitter:label2\" content=\"Estimated reading time\" \/>\n\t<meta name=\"twitter:data2\" content=\"2 minutes\" \/>\n<script type=\"application\/ld+json\" class=\"yoast-schema-graph\">{\"@context\":\"https:\\\/\\\/schema.org\",\"@graph\":[{\"@type\":\"Article\",\"@id\":\"https:\\\/\\\/buletin.de\\\/bucuresti\\\/foto-arborele-tomberon-de-pe-splaiul-independentei-descoperit-dupa-furtuna-de-miercuri\\\/#article\",\"isPartOf\":{\"@id\":\"https:\\\/\\\/buletin.de\\\/bucuresti\\\/foto-arborele-tomberon-de-pe-splaiul-independentei-descoperit-dupa-furtuna-de-miercuri\\\/\"},\"author\":{\"name\":\"Andreea Tudor\",\"@id\":\"https:\\\/\\\/buletin.de\\\/bucuresti\\\/#\\\/schema\\\/person\\\/150590659efde715459d159da012f501\"},\"headline\":\"FOTO | \u201eArborele-tomberon\u201d de pe Splaiul Independen\u021bei, descoperit dup\u0103 furtuna\u00a0de\u00a0miercuri\",\"datePublished\":\"2024-07-11T09:24:10+00:00\",\"dateModified\":\"2024-07-11T09:25:10+00:00\",\"mainEntityOfPage\":{\"@id\":\"https:\\\/\\\/buletin.de\\\/bucuresti\\\/foto-arborele-tomberon-de-pe-splaiul-independentei-descoperit-dupa-furtuna-de-miercuri\\\/\"},\"wordCount\":192,\"publisher\":{\"@id\":\"https:\\\/\\\/buletin.de\\\/bucuresti\\\/#organization\"},\"image\":{\"@id\":\"https:\\\/\\\/buletin.de\\\/bucuresti\\\/foto-arborele-tomberon-de-pe-splaiul-independentei-descoperit-dupa-furtuna-de-miercuri\\\/#primaryimage\"},\"thumbnailUrl\":\"https:\\\/\\\/buletin.de\\\/bucuresti\\\/wp-content\\\/uploads\\\/450428083_10224604238004979_28414359646805874_n-1-1.jpg\",\"keywords\":[\"Capitala\",\"copaci cazuti\",\"deseuri\",\"furtuna\",\"gunoi\",\"Ilfov\",\"isu bif\",\"mediu\",\"Meteo\"],\"articleSection\":[\"Articole\",\"Main\",\"Mediu\"],\"inLanguage\":\"en-GB\",\"copyrightYear\":\"2024\",\"copyrightHolder\":{\"@id\":\"https:\\\/\\\/buletin.de\\\/bucuresti\\\/#organization\"}},{\"@type\":\"WebPage\",\"@id\":\"https:\\\/\\\/buletin.de\\\/bucuresti\\\/foto-arborele-tomberon-de-pe-splaiul-independentei-descoperit-dupa-furtuna-de-miercuri\\\/\",\"url\":\"https:\\\/\\\/buletin.de\\\/bucuresti\\\/foto-arborele-tomberon-de-pe-splaiul-independentei-descoperit-dupa-furtuna-de-miercuri\\\/\",\"name\":\"FOTO | \u201eArborele-tomberon\u201d de pe Splaiul Independen\u021bei, descoperit dup\u0103 furtuna\u00a0de\u00a0miercuri - Buletin de Bucure\u0219ti\",\"isPartOf\":{\"@id\":\"https:\\\/\\\/buletin.de\\\/bucuresti\\\/#website\"},\"primaryImageOfPage\":{\"@id\":\"https:\\\/\\\/buletin.de\\\/bucuresti\\\/foto-arborele-tomberon-de-pe-splaiul-independentei-descoperit-dupa-furtuna-de-miercuri\\\/#primaryimage\"},\"image\":{\"@id\":\"https:\\\/\\\/buletin.de\\\/bucuresti\\\/foto-arborele-tomberon-de-pe-splaiul-independentei-descoperit-dupa-furtuna-de-miercuri\\\/#primaryimage\"},\"thumbnailUrl\":\"https:\\\/\\\/buletin.de\\\/bucuresti\\\/wp-content\\\/uploads\\\/450428083_10224604238004979_28414359646805874_n-1-1.jpg\",\"datePublished\":\"2024-07-11T09:24:10+00:00\",\"dateModified\":\"2024-07-11T09:25:10+00:00\",\"breadcrumb\":{\"@id\":\"https:\\\/\\\/buletin.de\\\/bucuresti\\\/foto-arborele-tomberon-de-pe-splaiul-independentei-descoperit-dupa-furtuna-de-miercuri\\\/#breadcrumb\"},\"inLanguage\":\"en-GB\",\"potentialAction\":[{\"@type\":\"ReadAction\",\"target\":[\"https:\\\/\\\/buletin.de\\\/bucuresti\\\/foto-arborele-tomberon-de-pe-splaiul-independentei-descoperit-dupa-furtuna-de-miercuri\\\/\"]}]},{\"@type\":\"ImageObject\",\"inLanguage\":\"en-GB\",\"@id\":\"https:\\\/\\\/buletin.de\\\/bucuresti\\\/foto-arborele-tomberon-de-pe-splaiul-independentei-descoperit-dupa-furtuna-de-miercuri\\\/#primaryimage\",\"url\":\"https:\\\/\\\/buletin.de\\\/bucuresti\\\/wp-content\\\/uploads\\\/450428083_10224604238004979_28414359646805874_n-1-1.jpg\",\"contentUrl\":\"https:\\\/\\\/buletin.de\\\/bucuresti\\\/wp-content\\\/uploads\\\/450428083_10224604238004979_28414359646805874_n-1-1.jpg\",\"width\":1440,\"height\":960,\"caption\":\"FOTO: FB\\\/ Octav Ganea\"},{\"@type\":\"BreadcrumbList\",\"@id\":\"https:\\\/\\\/buletin.de\\\/bucuresti\\\/foto-arborele-tomberon-de-pe-splaiul-independentei-descoperit-dupa-furtuna-de-miercuri\\\/#breadcrumb\",\"itemListElement\":[{\"@type\":\"ListItem\",\"position\":1,\"name\":\"Acas\u0103\",\"item\":\"https:\\\/\\\/buletin.de\\\/bucuresti\\\/\"},{\"@type\":\"ListItem\",\"position\":2,\"name\":\"FOTO | \u201eArborele-tomberon\u201d de pe Splaiul Independen\u021bei, descoperit dup\u0103 furtuna\u00a0de\u00a0miercuri\"}]},{\"@type\":\"WebSite\",\"@id\":\"https:\\\/\\\/buletin.de\\\/bucuresti\\\/#website\",\"url\":\"https:\\\/\\\/buletin.de\\\/bucuresti\\\/\",\"name\":\"Buletin de Bucure\u0219ti\",\"description\":\"\u0218tiri \u0219i investiga\u021bii esen\u021biale din capital\u0103\",\"publisher\":{\"@id\":\"https:\\\/\\\/buletin.de\\\/bucuresti\\\/#organization\"},\"potentialAction\":[{\"@type\":\"SearchAction\",\"target\":{\"@type\":\"EntryPoint\",\"urlTemplate\":\"https:\\\/\\\/buletin.de\\\/bucuresti\\\/?s={search_term_string}\"},\"query-input\":{\"@type\":\"PropertyValueSpecification\",\"valueRequired\":true,\"valueName\":\"search_term_string\"}}],\"inLanguage\":\"en-GB\"},{\"@type\":\"Organization\",\"@id\":\"https:\\\/\\\/buletin.de\\\/bucuresti\\\/#organization\",\"name\":\"Buletin de Bucure\u0219ti\",\"url\":\"https:\\\/\\\/buletin.de\\\/bucuresti\\\/\",\"logo\":{\"@type\":\"ImageObject\",\"inLanguage\":\"en-GB\",\"@id\":\"https:\\\/\\\/buletin.de\\\/bucuresti\\\/#\\\/schema\\\/logo\\\/image\\\/\",\"url\":\"https:\\\/\\\/buletin.de\\\/bucuresti\\\/wp-content\\\/uploads\\\/logo-bdb-full-wide-vernil-transparent.png\",\"contentUrl\":\"https:\\\/\\\/buletin.de\\\/bucuresti\\\/wp-content\\\/uploads\\\/logo-bdb-full-wide-vernil-transparent.png\",\"width\":1782,\"height\":626,\"caption\":\"Buletin de Bucure\u0219ti\"},\"image\":{\"@id\":\"https:\\\/\\\/buletin.de\\\/bucuresti\\\/#\\\/schema\\\/logo\\\/image\\\/\"},\"sameAs\":[\"https:\\\/\\\/www.facebook.com\\\/buletin.de.buc\",\"https:\\\/\\\/www.instagram.com\\\/buletinde.bucuresti\\\/\"]},{\"@type\":\"Person\",\"@id\":\"https:\\\/\\\/buletin.de\\\/bucuresti\\\/#\\\/schema\\\/person\\\/150590659efde715459d159da012f501\",\"name\":\"Andreea Tudor\",\"image\":{\"@type\":\"ImageObject\",\"inLanguage\":\"en-GB\",\"@id\":\"https:\\\/\\\/secure.gravatar.com\\\/avatar\\\/a88705a186ab0b67f3349bcbced506c09e37256fbaad0e7f3bd1a79b4599f589?s=96&d=monsterid&r=g79290610aa1a65c2b86eebc2ca5aee8f\",\"url\":\"https:\\\/\\\/secure.gravatar.com\\\/avatar\\\/a88705a186ab0b67f3349bcbced506c09e37256fbaad0e7f3bd1a79b4599f589?s=96&d=monsterid&r=g\",\"contentUrl\":\"https:\\\/\\\/secure.gravatar.com\\\/avatar\\\/a88705a186ab0b67f3349bcbced506c09e37256fbaad0e7f3bd1a79b4599f589?s=96&d=monsterid&r=g\",\"caption\":\"Andreea Tudor\"},\"description\":\"N\u0103scut\u0103 \u0219i crescut\u0103 \u00een Bucure\u0219ti, sus\u021bin\u0103toare a presei independente. A\u0219a am ajuns redactor la Buletin de Bucure\u0219ti. Fiind eu, \u00eens\u0103mi, parte a sistemului de \u00eenv\u0103\u021b\u0103m\u00e2nt rom\u00e2nesc \u0219i pasionat\u0103 de domeniul social, pun sub lup\u0103 tot ceea ce se \u00eent\u00e2mpl\u0103 \u00een sfera educa\u021biei. Cred cu t\u0103rie c\u0103 presa \u201epentru cet\u0103\u021beni\u201d este presa independent\u0103. Oamenii au nevoie de o informare corect\u0103 pentru a \u00een\u021belege pe deplin ce se \u00eent\u00e2mpl\u0103 \u00een jurul lor \u0219i pentru a lua ac\u021biune \u00eempotriva nedrept\u0103\u021bilor.\",\"url\":\"https:\\\/\\\/buletin.de\\\/bucuresti\\\/author\\\/andreeatudor\\\/\"}]}<\/script>\n<!-- \/ Yoast SEO Premium plugin. -->","yoast_head_json":{"title":"FOTO | \u201eArborele-tomberon\u201d de pe Splaiul Independen\u021bei, descoperit dup\u0103 furtuna\u00a0de\u00a0miercuri - Buletin de Bucure\u0219ti","robots":{"index":"index","follow":"follow","max-snippet":"max-snippet:-1","max-image-preview":"max-image-preview:large","max-video-preview":"max-video-preview:-1"},"canonical":"https:\/\/buletin.de\/bucuresti\/foto-arborele-tomberon-de-pe-splaiul-independentei-descoperit-dupa-furtuna-de-miercuri\/","og_locale":"en_GB","og_type":"article","og_title":"FOTO | \u201eArborele-tomberon\u201d de pe Splaiul Independen\u021bei, descoperit dup\u0103 furtuna\u00a0de\u00a0miercuri","og_description":"Zeci de copaci au fost pu\u0219i la p\u0103m\u00e2nt de furtuna scurt\u0103, dar puternic\u0103, ce a avut loc miercuri seara \u00een Capital\u0103. Printre ei se num\u0103r\u0103 \u0219i \u201ecopacul-tomberon\u201d de pe Splaiul Independen\u021bei, ale c\u0103rui r\u0103d\u0103cini erau scufundate \u00een gunoi, arat\u0103 fotojurnalistul Octav Ganea de la agen\u021bia Inquam Photos. Copacul a fost surprins de fotojurnalistul Octav Ganea, [&hellip;]","og_url":"https:\/\/buletin.de\/bucuresti\/foto-arborele-tomberon-de-pe-splaiul-independentei-descoperit-dupa-furtuna-de-miercuri\/","og_site_name":"Buletin de Bucure\u0219ti","article_publisher":"https:\/\/www.facebook.com\/buletin.de.buc","article_published_time":"2024-07-11T09:24:10+00:00","article_modified_time":"2024-07-11T09:25:10+00:00","og_image":[{"width":1440,"height":960,"url":"https:\/\/buletin.de\/bucuresti\/wp-content\/uploads\/450428083_10224604238004979_28414359646805874_n-1-1.jpg","type":"image\/jpeg"}],"author":"Andreea Tudor","twitter_card":"summary_large_image","twitter_misc":{"Written by":"Andreea Tudor","Estimated reading time":"2 minutes"},"schema":{"@context":"https:\/\/schema.org","@graph":[{"@type":"Article","@id":"https:\/\/buletin.de\/bucuresti\/foto-arborele-tomberon-de-pe-splaiul-independentei-descoperit-dupa-furtuna-de-miercuri\/#article","isPartOf":{"@id":"https:\/\/buletin.de\/bucuresti\/foto-arborele-tomberon-de-pe-splaiul-independentei-descoperit-dupa-furtuna-de-miercuri\/"},"author":{"name":"Andreea Tudor","@id":"https:\/\/buletin.de\/bucuresti\/#\/schema\/person\/150590659efde715459d159da012f501"},"headline":"FOTO | \u201eArborele-tomberon\u201d de pe Splaiul Independen\u021bei, descoperit dup\u0103 furtuna\u00a0de\u00a0miercuri","datePublished":"2024-07-11T09:24:10+00:00","dateModified":"2024-07-11T09:25:10+00:00","mainEntityOfPage":{"@id":"https:\/\/buletin.de\/bucuresti\/foto-arborele-tomberon-de-pe-splaiul-independentei-descoperit-dupa-furtuna-de-miercuri\/"},"wordCount":192,"publisher":{"@id":"https:\/\/buletin.de\/bucuresti\/#organization"},"image":{"@id":"https:\/\/buletin.de\/bucuresti\/foto-arborele-tomberon-de-pe-splaiul-independentei-descoperit-dupa-furtuna-de-miercuri\/#primaryimage"},"thumbnailUrl":"https:\/\/buletin.de\/bucuresti\/wp-content\/uploads\/450428083_10224604238004979_28414359646805874_n-1-1.jpg","keywords":["Capitala","copaci cazuti","deseuri","furtuna","gunoi","Ilfov","isu bif","mediu","Meteo"],"articleSection":["Articole","Main","Mediu"],"inLanguage":"en-GB","copyrightYear":"2024","copyrightHolder":{"@id":"https:\/\/buletin.de\/bucuresti\/#organization"}},{"@type":"WebPage","@id":"https:\/\/buletin.de\/bucuresti\/foto-arborele-tomberon-de-pe-splaiul-independentei-descoperit-dupa-furtuna-de-miercuri\/","url":"https:\/\/buletin.de\/bucuresti\/foto-arborele-tomberon-de-pe-splaiul-independentei-descoperit-dupa-furtuna-de-miercuri\/","name":"FOTO | \u201eArborele-tomberon\u201d de pe Splaiul Independen\u021bei, descoperit dup\u0103 furtuna\u00a0de\u00a0miercuri - Buletin de Bucure\u0219ti","isPartOf":{"@id":"https:\/\/buletin.de\/bucuresti\/#website"},"primaryImageOfPage":{"@id":"https:\/\/buletin.de\/bucuresti\/foto-arborele-tomberon-de-pe-splaiul-independentei-descoperit-dupa-furtuna-de-miercuri\/#primaryimage"},"image":{"@id":"https:\/\/buletin.de\/bucuresti\/foto-arborele-tomberon-de-pe-splaiul-independentei-descoperit-dupa-furtuna-de-miercuri\/#primaryimage"},"thumbnailUrl":"https:\/\/buletin.de\/bucuresti\/wp-content\/uploads\/450428083_10224604238004979_28414359646805874_n-1-1.jpg","datePublished":"2024-07-11T09:24:10+00:00","dateModified":"2024-07-11T09:25:10+00:00","breadcrumb":{"@id":"https:\/\/buletin.de\/bucuresti\/foto-arborele-tomberon-de-pe-splaiul-independentei-descoperit-dupa-furtuna-de-miercuri\/#breadcrumb"},"inLanguage":"en-GB","potentialAction":[{"@type":"ReadAction","target":["https:\/\/buletin.de\/bucuresti\/foto-arborele-tomberon-de-pe-splaiul-independentei-descoperit-dupa-furtuna-de-miercuri\/"]}]},{"@type":"ImageObject","inLanguage":"en-GB","@id":"https:\/\/buletin.de\/bucuresti\/foto-arborele-tomberon-de-pe-splaiul-independentei-descoperit-dupa-furtuna-de-miercuri\/#primaryimage","url":"https:\/\/buletin.de\/bucuresti\/wp-content\/uploads\/450428083_10224604238004979_28414359646805874_n-1-1.jpg","contentUrl":"https:\/\/buletin.de\/bucuresti\/wp-content\/uploads\/450428083_10224604238004979_28414359646805874_n-1-1.jpg","width":1440,"height":960,"caption":"FOTO: FB\/ Octav Ganea"},{"@type":"BreadcrumbList","@id":"https:\/\/buletin.de\/bucuresti\/foto-arborele-tomberon-de-pe-splaiul-independentei-descoperit-dupa-furtuna-de-miercuri\/#breadcrumb","itemListElement":[{"@type":"ListItem","position":1,"name":"Acas\u0103","item":"https:\/\/buletin.de\/bucuresti\/"},{"@type":"ListItem","position":2,"name":"FOTO | \u201eArborele-tomberon\u201d de pe Splaiul Independen\u021bei, descoperit dup\u0103 furtuna\u00a0de\u00a0miercuri"}]},{"@type":"WebSite","@id":"https:\/\/buletin.de\/bucuresti\/#website","url":"https:\/\/buletin.de\/bucuresti\/","name":"Buletin de Bucure\u0219ti","description":"\u0218tiri \u0219i investiga\u021bii esen\u021biale din capital\u0103","publisher":{"@id":"https:\/\/buletin.de\/bucuresti\/#organization"},"potentialAction":[{"@type":"SearchAction","target":{"@type":"EntryPoint","urlTemplate":"https:\/\/buletin.de\/bucuresti\/?s={search_term_string}"},"query-input":{"@type":"PropertyValueSpecification","valueRequired":true,"valueName":"search_term_string"}}],"inLanguage":"en-GB"},{"@type":"Organization","@id":"https:\/\/buletin.de\/bucuresti\/#organization","name":"Buletin de Bucure\u0219ti","url":"https:\/\/buletin.de\/bucuresti\/","logo":{"@type":"ImageObject","inLanguage":"en-GB","@id":"https:\/\/buletin.de\/bucuresti\/#\/schema\/logo\/image\/","url":"https:\/\/buletin.de\/bucuresti\/wp-content\/uploads\/logo-bdb-full-wide-vernil-transparent.png","contentUrl":"https:\/\/buletin.de\/bucuresti\/wp-content\/uploads\/logo-bdb-full-wide-vernil-transparent.png","width":1782,"height":626,"caption":"Buletin de Bucure\u0219ti"},"image":{"@id":"https:\/\/buletin.de\/bucuresti\/#\/schema\/logo\/image\/"},"sameAs":["https:\/\/www.facebook.com\/buletin.de.buc","https:\/\/www.instagram.com\/buletinde.bucuresti\/"]},{"@type":"Person","@id":"https:\/\/buletin.de\/bucuresti\/#\/schema\/person\/150590659efde715459d159da012f501","name":"Andreea Tudor","image":{"@type":"ImageObject","inLanguage":"en-GB","@id":"https:\/\/secure.gravatar.com\/avatar\/a88705a186ab0b67f3349bcbced506c09e37256fbaad0e7f3bd1a79b4599f589?s=96&d=monsterid&r=g79290610aa1a65c2b86eebc2ca5aee8f","url":"https:\/\/secure.gravatar.com\/avatar\/a88705a186ab0b67f3349bcbced506c09e37256fbaad0e7f3bd1a79b4599f589?s=96&d=monsterid&r=g","contentUrl":"https:\/\/secure.gravatar.com\/avatar\/a88705a186ab0b67f3349bcbced506c09e37256fbaad0e7f3bd1a79b4599f589?s=96&d=monsterid&r=g","caption":"Andreea Tudor"},"description":"N\u0103scut\u0103 \u0219i crescut\u0103 \u00een Bucure\u0219ti, sus\u021bin\u0103toare a presei independente. A\u0219a am ajuns redactor la Buletin de Bucure\u0219ti. Fiind eu, \u00eens\u0103mi, parte a sistemului de \u00eenv\u0103\u021b\u0103m\u00e2nt rom\u00e2nesc \u0219i pasionat\u0103 de domeniul social, pun sub lup\u0103 tot ceea ce se \u00eent\u00e2mpl\u0103 \u00een sfera educa\u021biei. Cred cu t\u0103rie c\u0103 presa \u201epentru cet\u0103\u021beni\u201d este presa independent\u0103. Oamenii au nevoie de o informare corect\u0103 pentru a \u00een\u021belege pe deplin ce se \u00eent\u00e2mpl\u0103 \u00een jurul lor \u0219i pentru a lua ac\u021biune \u00eempotriva nedrept\u0103\u021bilor.","url":"https:\/\/buletin.de\/bucuresti\/author\/andreeatudor\/"}]}},"authors":[{"term_id":22573,"user_id":55,"is_guest":0,"slug":"andreeatudor","display_name":"Andreea Tudor","avatar_url":"https:\/\/secure.gravatar.com\/avatar\/a88705a186ab0b67f3349bcbced506c09e37256fbaad0e7f3bd1a79b4599f589?s=96&d=monsterid&r=g","0":null,"1":"","2":"","3":"","4":"","5":"","6":"","7":"","8":""}],"_links":{"self":[{"href":"https:\/\/buletin.de\/bucuresti\/wp-json\/wp\/v2\/posts\/90639","targetHints":{"allow":["GET"]}}],"collection":[{"href":"https:\/\/buletin.de\/bucuresti\/wp-json\/wp\/v2\/posts"}],"about":[{"href":"https:\/\/buletin.de\/bucuresti\/wp-json\/wp\/v2\/types\/post"}],"author":[{"embeddable":true,"href":"https:\/\/buletin.de\/bucuresti\/wp-json\/wp\/v2\/users\/55"}],"replies":[{"embeddable":true,"href":"https:\/\/buletin.de\/bucuresti\/wp-json\/wp\/v2\/comments?post=90639"}],"version-history":[{"count":5,"href":"https:\/\/buletin.de\/bucuresti\/wp-json\/wp\/v2\/posts\/90639\/revisions"}],"predecessor-version":[{"id":90670,"href":"https:\/\/buletin.de\/bucuresti\/wp-json\/wp\/v2\/posts\/90639\/revisions\/90670"}],"wp:featuredmedia":[{"embeddable":true,"href":"https:\/\/buletin.de\/bucuresti\/wp-json\/wp\/v2\/media\/90664"}],"wp:attachment":[{"href":"https:\/\/buletin.de\/bucuresti\/wp-json\/wp\/v2\/media?parent=90639"}],"wp:term":[{"taxonomy":"category","embeddable":true,"href":"https:\/\/buletin.de\/bucuresti\/wp-json\/wp\/v2\/categories?post=90639"},{"taxonomy":"post_tag","embeddable":true,"href":"https:\/\/buletin.de\/bucuresti\/wp-json\/wp\/v2\/tags?post=90639"},{"taxonomy":"author","embeddable":true,"href":"https:\/\/buletin.de\/bucuresti\/wp-json\/wp\/v2\/ppma_author?post=90639"}],"curies":[{"name":"wp","href":"https:\/\/api.w.org\/{rel}","templated":true}]}}