{"id":90619,"date":"2024-07-11T09:07:27","date_gmt":"2024-07-11T06:07:27","guid":{"rendered":"https:\/\/buletin.de\/bucuresti\/?p=90619"},"modified":"2024-07-11T09:07:28","modified_gmt":"2024-07-11T06:07:28","slug":"programul-strazi-deschise-bucuresti-promenada-urbana-anulat-in-weekend-din-cauza-caniculei","status":"publish","type":"post","link":"https:\/\/buletin.de\/bucuresti\/programul-strazi-deschise-bucuresti-promenada-urbana-anulat-in-weekend-din-cauza-caniculei\/","title":{"rendered":"Programul \u201eStr\u0103zi Deschise \u2013 Bucure\u015fti, Promenad\u0103 urban\u0103\u201c, anulat \u00een weekend, din cauza caniculei"},"content":{"rendered":"\n<p><strong>Evenimentul \u201eStr\u0103zi Deschise \u2013 Bucure\u0219ti, Promenad\u0103 urban\u0103\u201d de pe Calea Victoriei se anuleaz\u0103, pentru acest weekend. Primaria a luat aceast<strong>\u0103<\/strong> masur<strong>\u0103<\/strong> din cauza caniculei anun\u021bate pentru zilele de 13 \u0219i 14 iulie.<\/strong><\/p>\n\n\n\n<p>Totu\u0219i, se vor instaura doar zonele pietonale \u0219i se men\u021bin expozi\u021biile organizate la interior, de Muzeul Municipiului Bucure\u0219ti \u0219i \u0218coala de Art\u0103.<\/p>\n\n\n\n<p>Totodata se anuleaz\u0103 \u0219i activit\u0103\u021bile programate s\u0103 aib\u0103 loc \u00een cadrul evenimentului Str\u0103zi Deschise \u00een sectorul 4, pe strada Secuilor.<\/p>\n\n\n\n<p>Evenimentul <strong>\u201eStr\u0103zi Deschise \u2013 Bucure\u0219ti, Promenad\u0103 urban\u0103\u201d<\/strong> este organizat de<a href=\"https:\/\/www.facebook.com\/PMBucuresti?__cft__[0]=AZV121_4963u3Fvplpvz_XwbZl7uLOd1RCnH9cJV1ID-GMWclBSqs6iDc4ElCEv5WPYx-w_vSjZrECChsdNVf0UyXV3lb-KgGnuo8WBh_IAYhn-_DxAw6QOPISciTD6CC6spu2S0HPoNynOIzivR34Kfob3i34LlwobEzYa6Q9HLF25-UIBy4g7s25GgMS8znUGp7IVS0ulzZDUTQu2j2fjn&amp;__tn__=-]K-R\"><\/a><a href=\"https:\/\/www.facebook.com\/DirectiaCulturaInvatamantTurism?__cft__[0]=AZV121_4963u3Fvplpvz_XwbZl7uLOd1RCnH9cJV1ID-GMWclBSqs6iDc4ElCEv5WPYx-w_vSjZrECChsdNVf0UyXV3lb-KgGnuo8WBh_IAYhn-_DxAw6QOPISciTD6CC6spu2S0HPoNynOIzivR34Kfob3i34LlwobEzYa6Q9HLF25-UIBy4g7s25GgMS8znUGp7IVS0ulzZDUTQu2j2fjn&amp;__tn__=-]K-R\"> <\/a>Prim\u0103ria Municipilui Bucure\u0219ti, al\u0103turi de ARCUB \u0219i PROEDUS \u2013 Centrul de Proiecte Educa\u021bionale \u0219i Sportive al Municipiului Bucure\u0219ti.<\/p>\n\n\n\n<p>Capitala se afl\u0103&nbsp; sub cod portocaliu de canicul\u0103&nbsp;\u015fi disconfort termic accentuat p\u00e2n\u0103 vineri dimineata, potrivit ANM. Valul de c\u0103ldur\u0103 excesiv\u0103 va persista iar temperaturile vor dep\u0103\u0219i 40 de grade la umbr\u0103, la sf\u00e2r\u0219itul s\u0103pt\u0103m\u00e2nii, \u00een timp ce indicele temperatur\u0103-umezeal\u0103 (ITU)&nbsp;va dep\u0103\u015fi pragul critic de 80 de unit\u0103\u0163i.&nbsp;<\/p>\n\n\n\n<p><strong>CITE\u0218TE \u0218I:<\/strong><\/p>\n\n\n\n<figure class=\"wp-block-embed is-type-wp-embed is-provider-buletin-de-bucure-ti wp-block-embed-buletin-de-bucure-ti\"><div class=\"wp-block-embed__wrapper\">\n<blockquote class=\"wp-embedded-content\" data-secret=\"DHQDzcoY1d\"><a href=\"https:\/\/buletin.de\/bucuresti\/spectacole-de-muzica-si-lumina-in-parcul-teilor\/\">Sector 3 | Spectacole de muzic\u0103 \u0219i lumin\u0103, \u00een Parcul Teilor<\/a><\/blockquote><iframe class=\"wp-embedded-content\" sandbox=\"allow-scripts\" security=\"restricted\" style=\"position: absolute; clip: rect(1px, 1px, 1px, 1px);\" title=\"&#8220;Sector 3 | Spectacole de muzic\u0103 \u0219i lumin\u0103, \u00een Parcul Teilor&#8221; &#8212; Buletin de Bucure\u0219ti\" src=\"https:\/\/buletin.de\/bucuresti\/spectacole-de-muzica-si-lumina-in-parcul-teilor\/embed\/#?secret=xcVSiOrr1M#?secret=DHQDzcoY1d\" data-secret=\"DHQDzcoY1d\" width=\"600\" height=\"338\" frameborder=\"0\" marginwidth=\"0\" marginheight=\"0\" scrolling=\"no\"><\/iframe>\n<\/div><\/figure>\n\n\n\n<p><\/p>\n","protected":false},"excerpt":{"rendered":"<p>Evenimentul \u201eStr\u0103zi Deschise \u2013 Bucure\u0219ti, Promenad\u0103 urban\u0103\u201d de pe Calea Victoriei se anuleaz\u0103, pentru acest weekend. Primaria a luat aceast\u0103 masur\u0103 din cauza caniculei anun\u021bate pentru zilele de 13 \u0219i 14 iulie. Totu\u0219i, se vor instaura doar zonele pietonale \u0219i se men\u021bin expozi\u021biile organizate la interior, de Muzeul Municipiului Bucure\u0219ti \u0219i \u0218coala de Art\u0103. Totodata [&hellip;]<\/p>\n","protected":false},"author":49,"featured_media":76971,"comment_status":"closed","ping_status":"open","sticky":false,"template":"","format":"standard","meta":{"_acf_changed":false,"inline_featured_image":false,"ngg_post_thumbnail":0,"footnotes":""},"categories":[6994,62],"tags":[2998,13336,13337,2794],"ppma_author":[22574],"class_list":["post-90619","post","type-post","status-publish","format-standard","has-post-thumbnail","hentry","category-stiri-2","category-stiri","tag-canicula","tag-eveniment-anulat","tag-strada-secuilor","tag-strazi-deschise"],"acf":[],"yoast_head":"<!-- This site is optimized with the Yoast SEO Premium plugin v25.3 (Yoast SEO v27.4) - https:\/\/yoast.com\/product\/yoast-seo-premium-wordpress\/ -->\n<title>Programul \u201eStr\u0103zi Deschise \u2013 Bucure\u015fti, Promenad\u0103 urban\u0103\u201c, anulat \u00een weekend, din cauza caniculei - Buletin de Bucure\u0219ti<\/title>\n<meta name=\"robots\" content=\"index, follow, max-snippet:-1, max-image-preview:large, max-video-preview:-1\" \/>\n<link rel=\"canonical\" href=\"https:\/\/buletin.de\/bucuresti\/programul-strazi-deschise-bucuresti-promenada-urbana-anulat-in-weekend-din-cauza-caniculei\/\" \/>\n<meta property=\"og:locale\" content=\"en_GB\" \/>\n<meta property=\"og:type\" content=\"article\" \/>\n<meta property=\"og:title\" content=\"Programul \u201eStr\u0103zi Deschise \u2013 Bucure\u015fti, Promenad\u0103 urban\u0103\u201c, anulat \u00een weekend, din cauza caniculei\" \/>\n<meta property=\"og:description\" content=\"Evenimentul \u201eStr\u0103zi Deschise \u2013 Bucure\u0219ti, Promenad\u0103 urban\u0103\u201d de pe Calea Victoriei se anuleaz\u0103, pentru acest weekend. Primaria a luat aceast\u0103 masur\u0103 din cauza caniculei anun\u021bate pentru zilele de 13 \u0219i 14 iulie. Totu\u0219i, se vor instaura doar zonele pietonale \u0219i se men\u021bin expozi\u021biile organizate la interior, de Muzeul Municipiului Bucure\u0219ti \u0219i \u0218coala de Art\u0103. Totodata [&hellip;]\" \/>\n<meta property=\"og:url\" content=\"https:\/\/buletin.de\/bucuresti\/programul-strazi-deschise-bucuresti-promenada-urbana-anulat-in-weekend-din-cauza-caniculei\/\" \/>\n<meta property=\"og:site_name\" content=\"Buletin de Bucure\u0219ti\" \/>\n<meta property=\"article:publisher\" content=\"https:\/\/www.facebook.com\/buletin.de.buc\" \/>\n<meta property=\"article:published_time\" content=\"2024-07-11T06:07:27+00:00\" \/>\n<meta property=\"article:modified_time\" content=\"2024-07-11T06:07:28+00:00\" \/>\n<meta property=\"og:image\" content=\"https:\/\/buletin.de\/bucuresti\/wp-content\/uploads\/Strazi-deschise-1.jpg\" \/>\n\t<meta property=\"og:image:width\" content=\"2048\" \/>\n\t<meta property=\"og:image:height\" content=\"1366\" \/>\n\t<meta property=\"og:image:type\" content=\"image\/jpeg\" \/>\n<meta name=\"author\" content=\"Diana Matei\" \/>\n<meta name=\"twitter:card\" content=\"summary_large_image\" \/>\n<meta name=\"twitter:label1\" content=\"Written by\" \/>\n\t<meta name=\"twitter:data1\" content=\"Diana Matei\" \/>\n\t<meta name=\"twitter:label2\" content=\"Estimated reading time\" \/>\n\t<meta name=\"twitter:data2\" content=\"1 minute\" \/>\n<script type=\"application\/ld+json\" class=\"yoast-schema-graph\">{\"@context\":\"https:\\\/\\\/schema.org\",\"@graph\":[{\"@type\":\"Article\",\"@id\":\"https:\\\/\\\/buletin.de\\\/bucuresti\\\/programul-strazi-deschise-bucuresti-promenada-urbana-anulat-in-weekend-din-cauza-caniculei\\\/#article\",\"isPartOf\":{\"@id\":\"https:\\\/\\\/buletin.de\\\/bucuresti\\\/programul-strazi-deschise-bucuresti-promenada-urbana-anulat-in-weekend-din-cauza-caniculei\\\/\"},\"author\":{\"name\":\"Diana Matei\",\"@id\":\"https:\\\/\\\/buletin.de\\\/bucuresti\\\/#\\\/schema\\\/person\\\/7e46040573290777280a0835d81ea4ea\"},\"headline\":\"Programul \u201eStr\u0103zi Deschise \u2013 Bucure\u015fti, Promenad\u0103 urban\u0103\u201c, anulat \u00een weekend, din cauza caniculei\",\"datePublished\":\"2024-07-11T06:07:27+00:00\",\"dateModified\":\"2024-07-11T06:07:28+00:00\",\"mainEntityOfPage\":{\"@id\":\"https:\\\/\\\/buletin.de\\\/bucuresti\\\/programul-strazi-deschise-bucuresti-promenada-urbana-anulat-in-weekend-din-cauza-caniculei\\\/\"},\"wordCount\":196,\"publisher\":{\"@id\":\"https:\\\/\\\/buletin.de\\\/bucuresti\\\/#organization\"},\"image\":{\"@id\":\"https:\\\/\\\/buletin.de\\\/bucuresti\\\/programul-strazi-deschise-bucuresti-promenada-urbana-anulat-in-weekend-din-cauza-caniculei\\\/#primaryimage\"},\"thumbnailUrl\":\"https:\\\/\\\/buletin.de\\\/bucuresti\\\/wp-content\\\/uploads\\\/Strazi-deschise-1.jpg\",\"keywords\":[\"canicula\",\"eveniment anulat\",\"Strada Secuilor\",\"strazi deschise\"],\"articleSection\":[\"Articole\",\"\u0218tiri\"],\"inLanguage\":\"en-GB\",\"copyrightYear\":\"2024\",\"copyrightHolder\":{\"@id\":\"https:\\\/\\\/buletin.de\\\/bucuresti\\\/#organization\"}},{\"@type\":\"WebPage\",\"@id\":\"https:\\\/\\\/buletin.de\\\/bucuresti\\\/programul-strazi-deschise-bucuresti-promenada-urbana-anulat-in-weekend-din-cauza-caniculei\\\/\",\"url\":\"https:\\\/\\\/buletin.de\\\/bucuresti\\\/programul-strazi-deschise-bucuresti-promenada-urbana-anulat-in-weekend-din-cauza-caniculei\\\/\",\"name\":\"Programul \u201eStr\u0103zi Deschise \u2013 Bucure\u015fti, Promenad\u0103 urban\u0103\u201c, anulat \u00een weekend, din cauza caniculei - Buletin de Bucure\u0219ti\",\"isPartOf\":{\"@id\":\"https:\\\/\\\/buletin.de\\\/bucuresti\\\/#website\"},\"primaryImageOfPage\":{\"@id\":\"https:\\\/\\\/buletin.de\\\/bucuresti\\\/programul-strazi-deschise-bucuresti-promenada-urbana-anulat-in-weekend-din-cauza-caniculei\\\/#primaryimage\"},\"image\":{\"@id\":\"https:\\\/\\\/buletin.de\\\/bucuresti\\\/programul-strazi-deschise-bucuresti-promenada-urbana-anulat-in-weekend-din-cauza-caniculei\\\/#primaryimage\"},\"thumbnailUrl\":\"https:\\\/\\\/buletin.de\\\/bucuresti\\\/wp-content\\\/uploads\\\/Strazi-deschise-1.jpg\",\"datePublished\":\"2024-07-11T06:07:27+00:00\",\"dateModified\":\"2024-07-11T06:07:28+00:00\",\"breadcrumb\":{\"@id\":\"https:\\\/\\\/buletin.de\\\/bucuresti\\\/programul-strazi-deschise-bucuresti-promenada-urbana-anulat-in-weekend-din-cauza-caniculei\\\/#breadcrumb\"},\"inLanguage\":\"en-GB\",\"potentialAction\":[{\"@type\":\"ReadAction\",\"target\":[\"https:\\\/\\\/buletin.de\\\/bucuresti\\\/programul-strazi-deschise-bucuresti-promenada-urbana-anulat-in-weekend-din-cauza-caniculei\\\/\"]}]},{\"@type\":\"ImageObject\",\"inLanguage\":\"en-GB\",\"@id\":\"https:\\\/\\\/buletin.de\\\/bucuresti\\\/programul-strazi-deschise-bucuresti-promenada-urbana-anulat-in-weekend-din-cauza-caniculei\\\/#primaryimage\",\"url\":\"https:\\\/\\\/buletin.de\\\/bucuresti\\\/wp-content\\\/uploads\\\/Strazi-deschise-1.jpg\",\"contentUrl\":\"https:\\\/\\\/buletin.de\\\/bucuresti\\\/wp-content\\\/uploads\\\/Strazi-deschise-1.jpg\",\"width\":2048,\"height\":1366,\"caption\":\"\u201eStr\u0103zi Deschise \u2013 Bucure\u0219ti, Promenad\u0103 urban\u0103\u201d, \u00een acest weekend. Plimb\u0103ri, art\u0103 stradal\u0103 \u0219i expozi\u021bii pe Calea Victoriei. FOTO: Arhiva\"},{\"@type\":\"BreadcrumbList\",\"@id\":\"https:\\\/\\\/buletin.de\\\/bucuresti\\\/programul-strazi-deschise-bucuresti-promenada-urbana-anulat-in-weekend-din-cauza-caniculei\\\/#breadcrumb\",\"itemListElement\":[{\"@type\":\"ListItem\",\"position\":1,\"name\":\"Acas\u0103\",\"item\":\"https:\\\/\\\/buletin.de\\\/bucuresti\\\/\"},{\"@type\":\"ListItem\",\"position\":2,\"name\":\"Programul \u201eStr\u0103zi Deschise \u2013 Bucure\u015fti, Promenad\u0103 urban\u0103\u201c, anulat \u00een weekend, din cauza caniculei\"}]},{\"@type\":\"WebSite\",\"@id\":\"https:\\\/\\\/buletin.de\\\/bucuresti\\\/#website\",\"url\":\"https:\\\/\\\/buletin.de\\\/bucuresti\\\/\",\"name\":\"Buletin de Bucure\u0219ti\",\"description\":\"\u0218tiri \u0219i investiga\u021bii esen\u021biale din capital\u0103\",\"publisher\":{\"@id\":\"https:\\\/\\\/buletin.de\\\/bucuresti\\\/#organization\"},\"potentialAction\":[{\"@type\":\"SearchAction\",\"target\":{\"@type\":\"EntryPoint\",\"urlTemplate\":\"https:\\\/\\\/buletin.de\\\/bucuresti\\\/?s={search_term_string}\"},\"query-input\":{\"@type\":\"PropertyValueSpecification\",\"valueRequired\":true,\"valueName\":\"search_term_string\"}}],\"inLanguage\":\"en-GB\"},{\"@type\":\"Organization\",\"@id\":\"https:\\\/\\\/buletin.de\\\/bucuresti\\\/#organization\",\"name\":\"Buletin de Bucure\u0219ti\",\"url\":\"https:\\\/\\\/buletin.de\\\/bucuresti\\\/\",\"logo\":{\"@type\":\"ImageObject\",\"inLanguage\":\"en-GB\",\"@id\":\"https:\\\/\\\/buletin.de\\\/bucuresti\\\/#\\\/schema\\\/logo\\\/image\\\/\",\"url\":\"https:\\\/\\\/buletin.de\\\/bucuresti\\\/wp-content\\\/uploads\\\/logo-bdb-full-wide-vernil-transparent.png\",\"contentUrl\":\"https:\\\/\\\/buletin.de\\\/bucuresti\\\/wp-content\\\/uploads\\\/logo-bdb-full-wide-vernil-transparent.png\",\"width\":1782,\"height\":626,\"caption\":\"Buletin de Bucure\u0219ti\"},\"image\":{\"@id\":\"https:\\\/\\\/buletin.de\\\/bucuresti\\\/#\\\/schema\\\/logo\\\/image\\\/\"},\"sameAs\":[\"https:\\\/\\\/www.facebook.com\\\/buletin.de.buc\",\"https:\\\/\\\/www.instagram.com\\\/buletinde.bucuresti\\\/\"]},{\"@type\":\"Person\",\"@id\":\"https:\\\/\\\/buletin.de\\\/bucuresti\\\/#\\\/schema\\\/person\\\/7e46040573290777280a0835d81ea4ea\",\"name\":\"Diana Matei\",\"image\":{\"@type\":\"ImageObject\",\"inLanguage\":\"en-GB\",\"@id\":\"https:\\\/\\\/buletin.de\\\/bucuresti\\\/wp-content\\\/uploads\\\/9-2-96x96.jpg1e8590b30871d70e62ebcdaf2eff570c\",\"url\":\"https:\\\/\\\/buletin.de\\\/bucuresti\\\/wp-content\\\/uploads\\\/9-2-96x96.jpg\",\"contentUrl\":\"https:\\\/\\\/buletin.de\\\/bucuresti\\\/wp-content\\\/uploads\\\/9-2-96x96.jpg\",\"caption\":\"Diana Matei\"},\"url\":\"https:\\\/\\\/buletin.de\\\/bucuresti\\\/author\\\/dianamatei\\\/\"}]}<\/script>\n<!-- \/ Yoast SEO Premium plugin. -->","yoast_head_json":{"title":"Programul \u201eStr\u0103zi Deschise \u2013 Bucure\u015fti, Promenad\u0103 urban\u0103\u201c, anulat \u00een weekend, din cauza caniculei - Buletin de Bucure\u0219ti","robots":{"index":"index","follow":"follow","max-snippet":"max-snippet:-1","max-image-preview":"max-image-preview:large","max-video-preview":"max-video-preview:-1"},"canonical":"https:\/\/buletin.de\/bucuresti\/programul-strazi-deschise-bucuresti-promenada-urbana-anulat-in-weekend-din-cauza-caniculei\/","og_locale":"en_GB","og_type":"article","og_title":"Programul \u201eStr\u0103zi Deschise \u2013 Bucure\u015fti, Promenad\u0103 urban\u0103\u201c, anulat \u00een weekend, din cauza caniculei","og_description":"Evenimentul \u201eStr\u0103zi Deschise \u2013 Bucure\u0219ti, Promenad\u0103 urban\u0103\u201d de pe Calea Victoriei se anuleaz\u0103, pentru acest weekend. Primaria a luat aceast\u0103 masur\u0103 din cauza caniculei anun\u021bate pentru zilele de 13 \u0219i 14 iulie. Totu\u0219i, se vor instaura doar zonele pietonale \u0219i se men\u021bin expozi\u021biile organizate la interior, de Muzeul Municipiului Bucure\u0219ti \u0219i \u0218coala de Art\u0103. Totodata [&hellip;]","og_url":"https:\/\/buletin.de\/bucuresti\/programul-strazi-deschise-bucuresti-promenada-urbana-anulat-in-weekend-din-cauza-caniculei\/","og_site_name":"Buletin de Bucure\u0219ti","article_publisher":"https:\/\/www.facebook.com\/buletin.de.buc","article_published_time":"2024-07-11T06:07:27+00:00","article_modified_time":"2024-07-11T06:07:28+00:00","og_image":[{"width":2048,"height":1366,"url":"https:\/\/buletin.de\/bucuresti\/wp-content\/uploads\/Strazi-deschise-1.jpg","type":"image\/jpeg"}],"author":"Diana Matei","twitter_card":"summary_large_image","twitter_misc":{"Written by":"Diana Matei","Estimated reading time":"1 minute"},"schema":{"@context":"https:\/\/schema.org","@graph":[{"@type":"Article","@id":"https:\/\/buletin.de\/bucuresti\/programul-strazi-deschise-bucuresti-promenada-urbana-anulat-in-weekend-din-cauza-caniculei\/#article","isPartOf":{"@id":"https:\/\/buletin.de\/bucuresti\/programul-strazi-deschise-bucuresti-promenada-urbana-anulat-in-weekend-din-cauza-caniculei\/"},"author":{"name":"Diana Matei","@id":"https:\/\/buletin.de\/bucuresti\/#\/schema\/person\/7e46040573290777280a0835d81ea4ea"},"headline":"Programul \u201eStr\u0103zi Deschise \u2013 Bucure\u015fti, Promenad\u0103 urban\u0103\u201c, anulat \u00een weekend, din cauza caniculei","datePublished":"2024-07-11T06:07:27+00:00","dateModified":"2024-07-11T06:07:28+00:00","mainEntityOfPage":{"@id":"https:\/\/buletin.de\/bucuresti\/programul-strazi-deschise-bucuresti-promenada-urbana-anulat-in-weekend-din-cauza-caniculei\/"},"wordCount":196,"publisher":{"@id":"https:\/\/buletin.de\/bucuresti\/#organization"},"image":{"@id":"https:\/\/buletin.de\/bucuresti\/programul-strazi-deschise-bucuresti-promenada-urbana-anulat-in-weekend-din-cauza-caniculei\/#primaryimage"},"thumbnailUrl":"https:\/\/buletin.de\/bucuresti\/wp-content\/uploads\/Strazi-deschise-1.jpg","keywords":["canicula","eveniment anulat","Strada Secuilor","strazi deschise"],"articleSection":["Articole","\u0218tiri"],"inLanguage":"en-GB","copyrightYear":"2024","copyrightHolder":{"@id":"https:\/\/buletin.de\/bucuresti\/#organization"}},{"@type":"WebPage","@id":"https:\/\/buletin.de\/bucuresti\/programul-strazi-deschise-bucuresti-promenada-urbana-anulat-in-weekend-din-cauza-caniculei\/","url":"https:\/\/buletin.de\/bucuresti\/programul-strazi-deschise-bucuresti-promenada-urbana-anulat-in-weekend-din-cauza-caniculei\/","name":"Programul \u201eStr\u0103zi Deschise \u2013 Bucure\u015fti, Promenad\u0103 urban\u0103\u201c, anulat \u00een weekend, din cauza caniculei - Buletin de Bucure\u0219ti","isPartOf":{"@id":"https:\/\/buletin.de\/bucuresti\/#website"},"primaryImageOfPage":{"@id":"https:\/\/buletin.de\/bucuresti\/programul-strazi-deschise-bucuresti-promenada-urbana-anulat-in-weekend-din-cauza-caniculei\/#primaryimage"},"image":{"@id":"https:\/\/buletin.de\/bucuresti\/programul-strazi-deschise-bucuresti-promenada-urbana-anulat-in-weekend-din-cauza-caniculei\/#primaryimage"},"thumbnailUrl":"https:\/\/buletin.de\/bucuresti\/wp-content\/uploads\/Strazi-deschise-1.jpg","datePublished":"2024-07-11T06:07:27+00:00","dateModified":"2024-07-11T06:07:28+00:00","breadcrumb":{"@id":"https:\/\/buletin.de\/bucuresti\/programul-strazi-deschise-bucuresti-promenada-urbana-anulat-in-weekend-din-cauza-caniculei\/#breadcrumb"},"inLanguage":"en-GB","potentialAction":[{"@type":"ReadAction","target":["https:\/\/buletin.de\/bucuresti\/programul-strazi-deschise-bucuresti-promenada-urbana-anulat-in-weekend-din-cauza-caniculei\/"]}]},{"@type":"ImageObject","inLanguage":"en-GB","@id":"https:\/\/buletin.de\/bucuresti\/programul-strazi-deschise-bucuresti-promenada-urbana-anulat-in-weekend-din-cauza-caniculei\/#primaryimage","url":"https:\/\/buletin.de\/bucuresti\/wp-content\/uploads\/Strazi-deschise-1.jpg","contentUrl":"https:\/\/buletin.de\/bucuresti\/wp-content\/uploads\/Strazi-deschise-1.jpg","width":2048,"height":1366,"caption":"\u201eStr\u0103zi Deschise \u2013 Bucure\u0219ti, Promenad\u0103 urban\u0103\u201d, \u00een acest weekend. Plimb\u0103ri, art\u0103 stradal\u0103 \u0219i expozi\u021bii pe Calea Victoriei. FOTO: Arhiva"},{"@type":"BreadcrumbList","@id":"https:\/\/buletin.de\/bucuresti\/programul-strazi-deschise-bucuresti-promenada-urbana-anulat-in-weekend-din-cauza-caniculei\/#breadcrumb","itemListElement":[{"@type":"ListItem","position":1,"name":"Acas\u0103","item":"https:\/\/buletin.de\/bucuresti\/"},{"@type":"ListItem","position":2,"name":"Programul \u201eStr\u0103zi Deschise \u2013 Bucure\u015fti, Promenad\u0103 urban\u0103\u201c, anulat \u00een weekend, din cauza caniculei"}]},{"@type":"WebSite","@id":"https:\/\/buletin.de\/bucuresti\/#website","url":"https:\/\/buletin.de\/bucuresti\/","name":"Buletin de Bucure\u0219ti","description":"\u0218tiri \u0219i investiga\u021bii esen\u021biale din capital\u0103","publisher":{"@id":"https:\/\/buletin.de\/bucuresti\/#organization"},"potentialAction":[{"@type":"SearchAction","target":{"@type":"EntryPoint","urlTemplate":"https:\/\/buletin.de\/bucuresti\/?s={search_term_string}"},"query-input":{"@type":"PropertyValueSpecification","valueRequired":true,"valueName":"search_term_string"}}],"inLanguage":"en-GB"},{"@type":"Organization","@id":"https:\/\/buletin.de\/bucuresti\/#organization","name":"Buletin de Bucure\u0219ti","url":"https:\/\/buletin.de\/bucuresti\/","logo":{"@type":"ImageObject","inLanguage":"en-GB","@id":"https:\/\/buletin.de\/bucuresti\/#\/schema\/logo\/image\/","url":"https:\/\/buletin.de\/bucuresti\/wp-content\/uploads\/logo-bdb-full-wide-vernil-transparent.png","contentUrl":"https:\/\/buletin.de\/bucuresti\/wp-content\/uploads\/logo-bdb-full-wide-vernil-transparent.png","width":1782,"height":626,"caption":"Buletin de Bucure\u0219ti"},"image":{"@id":"https:\/\/buletin.de\/bucuresti\/#\/schema\/logo\/image\/"},"sameAs":["https:\/\/www.facebook.com\/buletin.de.buc","https:\/\/www.instagram.com\/buletinde.bucuresti\/"]},{"@type":"Person","@id":"https:\/\/buletin.de\/bucuresti\/#\/schema\/person\/7e46040573290777280a0835d81ea4ea","name":"Diana Matei","image":{"@type":"ImageObject","inLanguage":"en-GB","@id":"https:\/\/buletin.de\/bucuresti\/wp-content\/uploads\/9-2-96x96.jpg1e8590b30871d70e62ebcdaf2eff570c","url":"https:\/\/buletin.de\/bucuresti\/wp-content\/uploads\/9-2-96x96.jpg","contentUrl":"https:\/\/buletin.de\/bucuresti\/wp-content\/uploads\/9-2-96x96.jpg","caption":"Diana Matei"},"url":"https:\/\/buletin.de\/bucuresti\/author\/dianamatei\/"}]}},"authors":[{"term_id":22574,"user_id":49,"is_guest":0,"slug":"dianamatei","display_name":"Diana Matei","avatar_url":"https:\/\/buletin.de\/bucuresti\/wp-content\/uploads\/9-2-96x96.jpg","0":null,"1":"","2":"","3":"","4":"","5":"","6":"","7":"","8":""}],"_links":{"self":[{"href":"https:\/\/buletin.de\/bucuresti\/wp-json\/wp\/v2\/posts\/90619","targetHints":{"allow":["GET"]}}],"collection":[{"href":"https:\/\/buletin.de\/bucuresti\/wp-json\/wp\/v2\/posts"}],"about":[{"href":"https:\/\/buletin.de\/bucuresti\/wp-json\/wp\/v2\/types\/post"}],"author":[{"embeddable":true,"href":"https:\/\/buletin.de\/bucuresti\/wp-json\/wp\/v2\/users\/49"}],"replies":[{"embeddable":true,"href":"https:\/\/buletin.de\/bucuresti\/wp-json\/wp\/v2\/comments?post=90619"}],"version-history":[{"count":3,"href":"https:\/\/buletin.de\/bucuresti\/wp-json\/wp\/v2\/posts\/90619\/revisions"}],"predecessor-version":[{"id":90622,"href":"https:\/\/buletin.de\/bucuresti\/wp-json\/wp\/v2\/posts\/90619\/revisions\/90622"}],"wp:featuredmedia":[{"embeddable":true,"href":"https:\/\/buletin.de\/bucuresti\/wp-json\/wp\/v2\/media\/76971"}],"wp:attachment":[{"href":"https:\/\/buletin.de\/bucuresti\/wp-json\/wp\/v2\/media?parent=90619"}],"wp:term":[{"taxonomy":"category","embeddable":true,"href":"https:\/\/buletin.de\/bucuresti\/wp-json\/wp\/v2\/categories?post=90619"},{"taxonomy":"post_tag","embeddable":true,"href":"https:\/\/buletin.de\/bucuresti\/wp-json\/wp\/v2\/tags?post=90619"},{"taxonomy":"author","embeddable":true,"href":"https:\/\/buletin.de\/bucuresti\/wp-json\/wp\/v2\/ppma_author?post=90619"}],"curies":[{"name":"wp","href":"https:\/\/api.w.org\/{rel}","templated":true}]}}