{"id":90592,"date":"2024-07-11T07:00:00","date_gmt":"2024-07-11T04:00:00","guid":{"rendered":"https:\/\/buletin.de\/bucuresti\/?p=90592"},"modified":"2024-07-10T21:15:43","modified_gmt":"2024-07-10T18:15:43","slug":"trafic-restrictionat-pe-o-portiune-din-sos-mihai-bravu-pana-pe-15-iulie","status":"publish","type":"post","link":"https:\/\/buletin.de\/bucuresti\/trafic-restrictionat-pe-o-portiune-din-sos-mihai-bravu-pana-pe-15-iulie\/","title":{"rendered":"Trafic restric\u021bionat pe o por\u021biune din \u0218os. Mihai Bravu, p\u00e2n\u0103 pe 15 iulie"},"content":{"rendered":"\n<p><strong>Brigada Rutier\u0103 restric\u021bioneaz\u0103 traficul pe \u0218oseaua Mihai Bravu dinspre Pia\u021ba Bucur-Obor c\u0103tre Bd. Ferdinand I. M\u0103sur\u0103 va fi \u00een vigoare \u00een intervalul 12 iulie ora 22:00\u201115 iulie ora 05:00.<\/strong><\/p>\n\n\n\n<p>Inchiderea circulatiei este necesara pentru lucr\u0103ri de\u00a0redimensionare a re\u021belei de ap\u0103 potabil\u0103 \u0219i canalizare la intersec\u021bia \u0218os. Mihai Bravu cu Str. Ion Maiorescu<\/p>\n\n\n\n<p>\u00cen aceast\u0103 perioad\u0103, circula\u021bia nu va fi afectat\u0103 \u00een pasajul subteran.&nbsp; &nbsp; &nbsp; &nbsp; &nbsp; &nbsp; &nbsp; &nbsp; &nbsp; &nbsp; &nbsp;&nbsp;<\/p>\n\n\n\n<p>\u00cen acest context, sunt recomandate rute ocolitoare: \u0218os. Colentina &#8211; Str. Ziduri Mo\u0219i &#8211; Bd. Ferdinand &#8211; \u0218os. Mihai Bravu sau Calea Mo\u0219ilor &#8211; Aleea Cenu\u0219\u0103resei &#8211; \u0218os. Mihai Bravu.&nbsp; &nbsp; &nbsp; &nbsp; &nbsp;<\/p>\n\n\n\n<p>Brigada Rutier\u0103 solicit\u0103 \u0219oferilor s\u0103 circule cu pruden\u0163\u0103, s\u0103 p\u0103streze o distan\u021b\u0103 suficient\u0103 pentru a putea fr\u00e2na \u00een condi\u021bii de siguran\u021b\u0103 \u0219i s\u0103 respecte semnifica\u0163ia semnaliz\u0103rii rutiere temporare.<\/p>\n\n\n\n<p>Pietonii trebuie s\u0103 traverseze doar prin locurile special amenajate \u0219i la culoarea verde a semaforului electric, dup\u0103 ce s-au asigurat, cu atentie.<\/p>\n\n\n\n<p><strong>CITE\u0218TE \u0218I:<\/strong><\/p>\n\n\n\n<figure class=\"wp-block-embed is-type-wp-embed is-provider-buletin-de-bucure-ti wp-block-embed-buletin-de-bucure-ti\"><div class=\"wp-block-embed__wrapper\">\n<blockquote class=\"wp-embedded-content\" data-secret=\"rUlSlQTh6P\"><a href=\"https:\/\/buletin.de\/bucuresti\/ilfov-sens-unic-si-o-linie-stb-noua-in-comuna-chiajna\/\">ILFOV |  Sensuri unice \u0219i o linie STB nou\u0103 \u00een comuna Chiajna, spre str. Osiei din S6<\/a><\/blockquote><iframe class=\"wp-embedded-content\" sandbox=\"allow-scripts\" security=\"restricted\" style=\"position: absolute; clip: rect(1px, 1px, 1px, 1px);\" title=\"&#8222;ILFOV |  Sensuri unice \u0219i o linie STB nou\u0103 \u00een comuna Chiajna, spre str. Osiei din S6&#8221; &#8212; Buletin de Bucure\u0219ti\" src=\"https:\/\/buletin.de\/bucuresti\/ilfov-sens-unic-si-o-linie-stb-noua-in-comuna-chiajna\/embed\/#?secret=K2utdxf6Ve#?secret=rUlSlQTh6P\" data-secret=\"rUlSlQTh6P\" width=\"600\" height=\"338\" frameborder=\"0\" marginwidth=\"0\" marginheight=\"0\" scrolling=\"no\"><\/iframe>\n<\/div><\/figure>\n\n\n\n<p><\/p>\n","protected":false},"excerpt":{"rendered":"<p>Brigada Rutier\u0103 restric\u021bioneaz\u0103 traficul pe \u0218oseaua Mihai Bravu dinspre Pia\u021ba Bucur-Obor c\u0103tre Bd. Ferdinand I. M\u0103sur\u0103 va fi \u00een vigoare \u00een intervalul 12 iulie ora 22:00\u201115 iulie ora 05:00. Inchiderea circulatiei este necesara pentru lucr\u0103ri de\u00a0redimensionare a re\u021belei de ap\u0103 potabil\u0103 \u0219i canalizare la intersec\u021bia \u0218os. Mihai Bravu cu Str. Ion Maiorescu \u00cen aceast\u0103 perioad\u0103, [&hellip;]<\/p>\n","protected":false},"author":49,"featured_media":2892,"comment_status":"closed","ping_status":"open","sticky":false,"template":"","format":"standard","meta":{"_acf_changed":false,"inline_featured_image":false,"ngg_post_thumbnail":0,"footnotes":""},"categories":[6994,62,650],"tags":[5722,13324,13325],"ppma_author":[22574],"class_list":["post-90592","post","type-post","status-publish","format-standard","has-post-thumbnail","hentry","category-stiri-2","category-stiri","category-transport","tag-brigada-rutiera-2","tag-sos-mihai-bravu","tag-str-ion-maiorescu"],"acf":[],"yoast_head":"<!-- This site is optimized with the Yoast SEO Premium plugin v25.3 (Yoast SEO v27.4) - https:\/\/yoast.com\/product\/yoast-seo-premium-wordpress\/ -->\n<title>Trafic restric\u021bionat pe o por\u021biune din \u0218os. Mihai Bravu, p\u00e2n\u0103 pe 15 iulie - Buletin de Bucure\u0219ti<\/title>\n<meta name=\"robots\" content=\"index, follow, max-snippet:-1, max-image-preview:large, max-video-preview:-1\" \/>\n<link rel=\"canonical\" href=\"https:\/\/buletin.de\/bucuresti\/trafic-restrictionat-pe-o-portiune-din-sos-mihai-bravu-pana-pe-15-iulie\/\" \/>\n<meta property=\"og:locale\" content=\"en_GB\" \/>\n<meta property=\"og:type\" content=\"article\" \/>\n<meta property=\"og:title\" content=\"Trafic restric\u021bionat pe o por\u021biune din \u0218os. Mihai Bravu, p\u00e2n\u0103 pe 15 iulie\" \/>\n<meta property=\"og:description\" content=\"Brigada Rutier\u0103 restric\u021bioneaz\u0103 traficul pe \u0218oseaua Mihai Bravu dinspre Pia\u021ba Bucur-Obor c\u0103tre Bd. Ferdinand I. M\u0103sur\u0103 va fi \u00een vigoare \u00een intervalul 12 iulie ora 22:00\u201115 iulie ora 05:00. Inchiderea circulatiei este necesara pentru lucr\u0103ri de\u00a0redimensionare a re\u021belei de ap\u0103 potabil\u0103 \u0219i canalizare la intersec\u021bia \u0218os. Mihai Bravu cu Str. Ion Maiorescu \u00cen aceast\u0103 perioad\u0103, [&hellip;]\" \/>\n<meta property=\"og:url\" content=\"https:\/\/buletin.de\/bucuresti\/trafic-restrictionat-pe-o-portiune-din-sos-mihai-bravu-pana-pe-15-iulie\/\" \/>\n<meta property=\"og:site_name\" content=\"Buletin de Bucure\u0219ti\" \/>\n<meta property=\"article:publisher\" content=\"https:\/\/www.facebook.com\/buletin.de.buc\" \/>\n<meta property=\"article:published_time\" content=\"2024-07-11T04:00:00+00:00\" \/>\n<meta property=\"og:image\" content=\"https:\/\/buletin.de\/bucuresti\/wp-content\/uploads\/captura-mihai-bravu.jpg\" \/>\n\t<meta property=\"og:image:width\" content=\"1874\" \/>\n\t<meta property=\"og:image:height\" content=\"1066\" \/>\n\t<meta property=\"og:image:type\" content=\"image\/jpeg\" \/>\n<meta name=\"author\" content=\"Diana Matei\" \/>\n<meta name=\"twitter:card\" content=\"summary_large_image\" \/>\n<meta name=\"twitter:label1\" content=\"Written by\" \/>\n\t<meta name=\"twitter:data1\" content=\"Diana Matei\" \/>\n\t<meta name=\"twitter:label2\" content=\"Estimated reading time\" \/>\n\t<meta name=\"twitter:data2\" content=\"1 minute\" \/>\n<script type=\"application\/ld+json\" class=\"yoast-schema-graph\">{\"@context\":\"https:\\\/\\\/schema.org\",\"@graph\":[{\"@type\":\"Article\",\"@id\":\"https:\\\/\\\/buletin.de\\\/bucuresti\\\/trafic-restrictionat-pe-o-portiune-din-sos-mihai-bravu-pana-pe-15-iulie\\\/#article\",\"isPartOf\":{\"@id\":\"https:\\\/\\\/buletin.de\\\/bucuresti\\\/trafic-restrictionat-pe-o-portiune-din-sos-mihai-bravu-pana-pe-15-iulie\\\/\"},\"author\":{\"name\":\"Diana Matei\",\"@id\":\"https:\\\/\\\/buletin.de\\\/bucuresti\\\/#\\\/schema\\\/person\\\/7e46040573290777280a0835d81ea4ea\"},\"headline\":\"Trafic restric\u021bionat pe o por\u021biune din \u0218os. Mihai Bravu, p\u00e2n\u0103 pe 15 iulie\",\"datePublished\":\"2024-07-11T04:00:00+00:00\",\"mainEntityOfPage\":{\"@id\":\"https:\\\/\\\/buletin.de\\\/bucuresti\\\/trafic-restrictionat-pe-o-portiune-din-sos-mihai-bravu-pana-pe-15-iulie\\\/\"},\"wordCount\":197,\"publisher\":{\"@id\":\"https:\\\/\\\/buletin.de\\\/bucuresti\\\/#organization\"},\"image\":{\"@id\":\"https:\\\/\\\/buletin.de\\\/bucuresti\\\/trafic-restrictionat-pe-o-portiune-din-sos-mihai-bravu-pana-pe-15-iulie\\\/#primaryimage\"},\"thumbnailUrl\":\"https:\\\/\\\/buletin.de\\\/bucuresti\\\/wp-content\\\/uploads\\\/captura-mihai-bravu.jpg\",\"keywords\":[\"brigada rutiera\",\"Sos. Mihai Bravu\",\"Str. Ion Maiorescu\"],\"articleSection\":[\"Articole\",\"\u0218tiri\",\"Transport\"],\"inLanguage\":\"en-GB\",\"copyrightYear\":\"2024\",\"copyrightHolder\":{\"@id\":\"https:\\\/\\\/buletin.de\\\/bucuresti\\\/#organization\"}},{\"@type\":\"WebPage\",\"@id\":\"https:\\\/\\\/buletin.de\\\/bucuresti\\\/trafic-restrictionat-pe-o-portiune-din-sos-mihai-bravu-pana-pe-15-iulie\\\/\",\"url\":\"https:\\\/\\\/buletin.de\\\/bucuresti\\\/trafic-restrictionat-pe-o-portiune-din-sos-mihai-bravu-pana-pe-15-iulie\\\/\",\"name\":\"Trafic restric\u021bionat pe o por\u021biune din \u0218os. Mihai Bravu, p\u00e2n\u0103 pe 15 iulie - Buletin de Bucure\u0219ti\",\"isPartOf\":{\"@id\":\"https:\\\/\\\/buletin.de\\\/bucuresti\\\/#website\"},\"primaryImageOfPage\":{\"@id\":\"https:\\\/\\\/buletin.de\\\/bucuresti\\\/trafic-restrictionat-pe-o-portiune-din-sos-mihai-bravu-pana-pe-15-iulie\\\/#primaryimage\"},\"image\":{\"@id\":\"https:\\\/\\\/buletin.de\\\/bucuresti\\\/trafic-restrictionat-pe-o-portiune-din-sos-mihai-bravu-pana-pe-15-iulie\\\/#primaryimage\"},\"thumbnailUrl\":\"https:\\\/\\\/buletin.de\\\/bucuresti\\\/wp-content\\\/uploads\\\/captura-mihai-bravu.jpg\",\"datePublished\":\"2024-07-11T04:00:00+00:00\",\"breadcrumb\":{\"@id\":\"https:\\\/\\\/buletin.de\\\/bucuresti\\\/trafic-restrictionat-pe-o-portiune-din-sos-mihai-bravu-pana-pe-15-iulie\\\/#breadcrumb\"},\"inLanguage\":\"en-GB\",\"potentialAction\":[{\"@type\":\"ReadAction\",\"target\":[\"https:\\\/\\\/buletin.de\\\/bucuresti\\\/trafic-restrictionat-pe-o-portiune-din-sos-mihai-bravu-pana-pe-15-iulie\\\/\"]}]},{\"@type\":\"ImageObject\",\"inLanguage\":\"en-GB\",\"@id\":\"https:\\\/\\\/buletin.de\\\/bucuresti\\\/trafic-restrictionat-pe-o-portiune-din-sos-mihai-bravu-pana-pe-15-iulie\\\/#primaryimage\",\"url\":\"https:\\\/\\\/buletin.de\\\/bucuresti\\\/wp-content\\\/uploads\\\/captura-mihai-bravu.jpg\",\"contentUrl\":\"https:\\\/\\\/buletin.de\\\/bucuresti\\\/wp-content\\\/uploads\\\/captura-mihai-bravu.jpg\",\"width\":1874,\"height\":1066},{\"@type\":\"BreadcrumbList\",\"@id\":\"https:\\\/\\\/buletin.de\\\/bucuresti\\\/trafic-restrictionat-pe-o-portiune-din-sos-mihai-bravu-pana-pe-15-iulie\\\/#breadcrumb\",\"itemListElement\":[{\"@type\":\"ListItem\",\"position\":1,\"name\":\"Acas\u0103\",\"item\":\"https:\\\/\\\/buletin.de\\\/bucuresti\\\/\"},{\"@type\":\"ListItem\",\"position\":2,\"name\":\"Trafic restric\u021bionat pe o por\u021biune din \u0218os. Mihai Bravu, p\u00e2n\u0103 pe 15 iulie\"}]},{\"@type\":\"WebSite\",\"@id\":\"https:\\\/\\\/buletin.de\\\/bucuresti\\\/#website\",\"url\":\"https:\\\/\\\/buletin.de\\\/bucuresti\\\/\",\"name\":\"Buletin de Bucure\u0219ti\",\"description\":\"\u0218tiri \u0219i investiga\u021bii esen\u021biale din capital\u0103\",\"publisher\":{\"@id\":\"https:\\\/\\\/buletin.de\\\/bucuresti\\\/#organization\"},\"potentialAction\":[{\"@type\":\"SearchAction\",\"target\":{\"@type\":\"EntryPoint\",\"urlTemplate\":\"https:\\\/\\\/buletin.de\\\/bucuresti\\\/?s={search_term_string}\"},\"query-input\":{\"@type\":\"PropertyValueSpecification\",\"valueRequired\":true,\"valueName\":\"search_term_string\"}}],\"inLanguage\":\"en-GB\"},{\"@type\":\"Organization\",\"@id\":\"https:\\\/\\\/buletin.de\\\/bucuresti\\\/#organization\",\"name\":\"Buletin de Bucure\u0219ti\",\"url\":\"https:\\\/\\\/buletin.de\\\/bucuresti\\\/\",\"logo\":{\"@type\":\"ImageObject\",\"inLanguage\":\"en-GB\",\"@id\":\"https:\\\/\\\/buletin.de\\\/bucuresti\\\/#\\\/schema\\\/logo\\\/image\\\/\",\"url\":\"https:\\\/\\\/buletin.de\\\/bucuresti\\\/wp-content\\\/uploads\\\/logo-bdb-full-wide-vernil-transparent.png\",\"contentUrl\":\"https:\\\/\\\/buletin.de\\\/bucuresti\\\/wp-content\\\/uploads\\\/logo-bdb-full-wide-vernil-transparent.png\",\"width\":1782,\"height\":626,\"caption\":\"Buletin de Bucure\u0219ti\"},\"image\":{\"@id\":\"https:\\\/\\\/buletin.de\\\/bucuresti\\\/#\\\/schema\\\/logo\\\/image\\\/\"},\"sameAs\":[\"https:\\\/\\\/www.facebook.com\\\/buletin.de.buc\",\"https:\\\/\\\/www.instagram.com\\\/buletinde.bucuresti\\\/\"]},{\"@type\":\"Person\",\"@id\":\"https:\\\/\\\/buletin.de\\\/bucuresti\\\/#\\\/schema\\\/person\\\/7e46040573290777280a0835d81ea4ea\",\"name\":\"Diana Matei\",\"image\":{\"@type\":\"ImageObject\",\"inLanguage\":\"en-GB\",\"@id\":\"https:\\\/\\\/buletin.de\\\/bucuresti\\\/wp-content\\\/uploads\\\/9-2-96x96.jpg1e8590b30871d70e62ebcdaf2eff570c\",\"url\":\"https:\\\/\\\/buletin.de\\\/bucuresti\\\/wp-content\\\/uploads\\\/9-2-96x96.jpg\",\"contentUrl\":\"https:\\\/\\\/buletin.de\\\/bucuresti\\\/wp-content\\\/uploads\\\/9-2-96x96.jpg\",\"caption\":\"Diana Matei\"},\"url\":\"https:\\\/\\\/buletin.de\\\/bucuresti\\\/author\\\/dianamatei\\\/\"}]}<\/script>\n<!-- \/ Yoast SEO Premium plugin. -->","yoast_head_json":{"title":"Trafic restric\u021bionat pe o por\u021biune din \u0218os. Mihai Bravu, p\u00e2n\u0103 pe 15 iulie - Buletin de Bucure\u0219ti","robots":{"index":"index","follow":"follow","max-snippet":"max-snippet:-1","max-image-preview":"max-image-preview:large","max-video-preview":"max-video-preview:-1"},"canonical":"https:\/\/buletin.de\/bucuresti\/trafic-restrictionat-pe-o-portiune-din-sos-mihai-bravu-pana-pe-15-iulie\/","og_locale":"en_GB","og_type":"article","og_title":"Trafic restric\u021bionat pe o por\u021biune din \u0218os. Mihai Bravu, p\u00e2n\u0103 pe 15 iulie","og_description":"Brigada Rutier\u0103 restric\u021bioneaz\u0103 traficul pe \u0218oseaua Mihai Bravu dinspre Pia\u021ba Bucur-Obor c\u0103tre Bd. Ferdinand I. M\u0103sur\u0103 va fi \u00een vigoare \u00een intervalul 12 iulie ora 22:00\u201115 iulie ora 05:00. Inchiderea circulatiei este necesara pentru lucr\u0103ri de\u00a0redimensionare a re\u021belei de ap\u0103 potabil\u0103 \u0219i canalizare la intersec\u021bia \u0218os. Mihai Bravu cu Str. Ion Maiorescu \u00cen aceast\u0103 perioad\u0103, [&hellip;]","og_url":"https:\/\/buletin.de\/bucuresti\/trafic-restrictionat-pe-o-portiune-din-sos-mihai-bravu-pana-pe-15-iulie\/","og_site_name":"Buletin de Bucure\u0219ti","article_publisher":"https:\/\/www.facebook.com\/buletin.de.buc","article_published_time":"2024-07-11T04:00:00+00:00","og_image":[{"width":1874,"height":1066,"url":"https:\/\/buletin.de\/bucuresti\/wp-content\/uploads\/captura-mihai-bravu.jpg","type":"image\/jpeg"}],"author":"Diana Matei","twitter_card":"summary_large_image","twitter_misc":{"Written by":"Diana Matei","Estimated reading time":"1 minute"},"schema":{"@context":"https:\/\/schema.org","@graph":[{"@type":"Article","@id":"https:\/\/buletin.de\/bucuresti\/trafic-restrictionat-pe-o-portiune-din-sos-mihai-bravu-pana-pe-15-iulie\/#article","isPartOf":{"@id":"https:\/\/buletin.de\/bucuresti\/trafic-restrictionat-pe-o-portiune-din-sos-mihai-bravu-pana-pe-15-iulie\/"},"author":{"name":"Diana Matei","@id":"https:\/\/buletin.de\/bucuresti\/#\/schema\/person\/7e46040573290777280a0835d81ea4ea"},"headline":"Trafic restric\u021bionat pe o por\u021biune din \u0218os. Mihai Bravu, p\u00e2n\u0103 pe 15 iulie","datePublished":"2024-07-11T04:00:00+00:00","mainEntityOfPage":{"@id":"https:\/\/buletin.de\/bucuresti\/trafic-restrictionat-pe-o-portiune-din-sos-mihai-bravu-pana-pe-15-iulie\/"},"wordCount":197,"publisher":{"@id":"https:\/\/buletin.de\/bucuresti\/#organization"},"image":{"@id":"https:\/\/buletin.de\/bucuresti\/trafic-restrictionat-pe-o-portiune-din-sos-mihai-bravu-pana-pe-15-iulie\/#primaryimage"},"thumbnailUrl":"https:\/\/buletin.de\/bucuresti\/wp-content\/uploads\/captura-mihai-bravu.jpg","keywords":["brigada rutiera","Sos. Mihai Bravu","Str. Ion Maiorescu"],"articleSection":["Articole","\u0218tiri","Transport"],"inLanguage":"en-GB","copyrightYear":"2024","copyrightHolder":{"@id":"https:\/\/buletin.de\/bucuresti\/#organization"}},{"@type":"WebPage","@id":"https:\/\/buletin.de\/bucuresti\/trafic-restrictionat-pe-o-portiune-din-sos-mihai-bravu-pana-pe-15-iulie\/","url":"https:\/\/buletin.de\/bucuresti\/trafic-restrictionat-pe-o-portiune-din-sos-mihai-bravu-pana-pe-15-iulie\/","name":"Trafic restric\u021bionat pe o por\u021biune din \u0218os. Mihai Bravu, p\u00e2n\u0103 pe 15 iulie - Buletin de Bucure\u0219ti","isPartOf":{"@id":"https:\/\/buletin.de\/bucuresti\/#website"},"primaryImageOfPage":{"@id":"https:\/\/buletin.de\/bucuresti\/trafic-restrictionat-pe-o-portiune-din-sos-mihai-bravu-pana-pe-15-iulie\/#primaryimage"},"image":{"@id":"https:\/\/buletin.de\/bucuresti\/trafic-restrictionat-pe-o-portiune-din-sos-mihai-bravu-pana-pe-15-iulie\/#primaryimage"},"thumbnailUrl":"https:\/\/buletin.de\/bucuresti\/wp-content\/uploads\/captura-mihai-bravu.jpg","datePublished":"2024-07-11T04:00:00+00:00","breadcrumb":{"@id":"https:\/\/buletin.de\/bucuresti\/trafic-restrictionat-pe-o-portiune-din-sos-mihai-bravu-pana-pe-15-iulie\/#breadcrumb"},"inLanguage":"en-GB","potentialAction":[{"@type":"ReadAction","target":["https:\/\/buletin.de\/bucuresti\/trafic-restrictionat-pe-o-portiune-din-sos-mihai-bravu-pana-pe-15-iulie\/"]}]},{"@type":"ImageObject","inLanguage":"en-GB","@id":"https:\/\/buletin.de\/bucuresti\/trafic-restrictionat-pe-o-portiune-din-sos-mihai-bravu-pana-pe-15-iulie\/#primaryimage","url":"https:\/\/buletin.de\/bucuresti\/wp-content\/uploads\/captura-mihai-bravu.jpg","contentUrl":"https:\/\/buletin.de\/bucuresti\/wp-content\/uploads\/captura-mihai-bravu.jpg","width":1874,"height":1066},{"@type":"BreadcrumbList","@id":"https:\/\/buletin.de\/bucuresti\/trafic-restrictionat-pe-o-portiune-din-sos-mihai-bravu-pana-pe-15-iulie\/#breadcrumb","itemListElement":[{"@type":"ListItem","position":1,"name":"Acas\u0103","item":"https:\/\/buletin.de\/bucuresti\/"},{"@type":"ListItem","position":2,"name":"Trafic restric\u021bionat pe o por\u021biune din \u0218os. Mihai Bravu, p\u00e2n\u0103 pe 15 iulie"}]},{"@type":"WebSite","@id":"https:\/\/buletin.de\/bucuresti\/#website","url":"https:\/\/buletin.de\/bucuresti\/","name":"Buletin de Bucure\u0219ti","description":"\u0218tiri \u0219i investiga\u021bii esen\u021biale din capital\u0103","publisher":{"@id":"https:\/\/buletin.de\/bucuresti\/#organization"},"potentialAction":[{"@type":"SearchAction","target":{"@type":"EntryPoint","urlTemplate":"https:\/\/buletin.de\/bucuresti\/?s={search_term_string}"},"query-input":{"@type":"PropertyValueSpecification","valueRequired":true,"valueName":"search_term_string"}}],"inLanguage":"en-GB"},{"@type":"Organization","@id":"https:\/\/buletin.de\/bucuresti\/#organization","name":"Buletin de Bucure\u0219ti","url":"https:\/\/buletin.de\/bucuresti\/","logo":{"@type":"ImageObject","inLanguage":"en-GB","@id":"https:\/\/buletin.de\/bucuresti\/#\/schema\/logo\/image\/","url":"https:\/\/buletin.de\/bucuresti\/wp-content\/uploads\/logo-bdb-full-wide-vernil-transparent.png","contentUrl":"https:\/\/buletin.de\/bucuresti\/wp-content\/uploads\/logo-bdb-full-wide-vernil-transparent.png","width":1782,"height":626,"caption":"Buletin de Bucure\u0219ti"},"image":{"@id":"https:\/\/buletin.de\/bucuresti\/#\/schema\/logo\/image\/"},"sameAs":["https:\/\/www.facebook.com\/buletin.de.buc","https:\/\/www.instagram.com\/buletinde.bucuresti\/"]},{"@type":"Person","@id":"https:\/\/buletin.de\/bucuresti\/#\/schema\/person\/7e46040573290777280a0835d81ea4ea","name":"Diana Matei","image":{"@type":"ImageObject","inLanguage":"en-GB","@id":"https:\/\/buletin.de\/bucuresti\/wp-content\/uploads\/9-2-96x96.jpg1e8590b30871d70e62ebcdaf2eff570c","url":"https:\/\/buletin.de\/bucuresti\/wp-content\/uploads\/9-2-96x96.jpg","contentUrl":"https:\/\/buletin.de\/bucuresti\/wp-content\/uploads\/9-2-96x96.jpg","caption":"Diana Matei"},"url":"https:\/\/buletin.de\/bucuresti\/author\/dianamatei\/"}]}},"authors":[{"term_id":22574,"user_id":49,"is_guest":0,"slug":"dianamatei","display_name":"Diana Matei","avatar_url":"https:\/\/buletin.de\/bucuresti\/wp-content\/uploads\/9-2-96x96.jpg","0":null,"1":"","2":"","3":"","4":"","5":"","6":"","7":"","8":""}],"_links":{"self":[{"href":"https:\/\/buletin.de\/bucuresti\/wp-json\/wp\/v2\/posts\/90592","targetHints":{"allow":["GET"]}}],"collection":[{"href":"https:\/\/buletin.de\/bucuresti\/wp-json\/wp\/v2\/posts"}],"about":[{"href":"https:\/\/buletin.de\/bucuresti\/wp-json\/wp\/v2\/types\/post"}],"author":[{"embeddable":true,"href":"https:\/\/buletin.de\/bucuresti\/wp-json\/wp\/v2\/users\/49"}],"replies":[{"embeddable":true,"href":"https:\/\/buletin.de\/bucuresti\/wp-json\/wp\/v2\/comments?post=90592"}],"version-history":[{"count":2,"href":"https:\/\/buletin.de\/bucuresti\/wp-json\/wp\/v2\/posts\/90592\/revisions"}],"predecessor-version":[{"id":90598,"href":"https:\/\/buletin.de\/bucuresti\/wp-json\/wp\/v2\/posts\/90592\/revisions\/90598"}],"wp:featuredmedia":[{"embeddable":true,"href":"https:\/\/buletin.de\/bucuresti\/wp-json\/wp\/v2\/media\/2892"}],"wp:attachment":[{"href":"https:\/\/buletin.de\/bucuresti\/wp-json\/wp\/v2\/media?parent=90592"}],"wp:term":[{"taxonomy":"category","embeddable":true,"href":"https:\/\/buletin.de\/bucuresti\/wp-json\/wp\/v2\/categories?post=90592"},{"taxonomy":"post_tag","embeddable":true,"href":"https:\/\/buletin.de\/bucuresti\/wp-json\/wp\/v2\/tags?post=90592"},{"taxonomy":"author","embeddable":true,"href":"https:\/\/buletin.de\/bucuresti\/wp-json\/wp\/v2\/ppma_author?post=90592"}],"curies":[{"name":"wp","href":"https:\/\/api.w.org\/{rel}","templated":true}]}}