{"id":90582,"date":"2024-07-10T14:31:41","date_gmt":"2024-07-10T11:31:41","guid":{"rendered":"https:\/\/buletin.de\/bucuresti\/?p=90582"},"modified":"2024-07-10T14:31:41","modified_gmt":"2024-07-10T11:31:41","slug":"robotei-inteligenti-la-posta-romana","status":"publish","type":"post","link":"https:\/\/buletin.de\/bucuresti\/robotei-inteligenti-la-posta-romana\/","title":{"rendered":"Robo\u021bei inteligen\u021bi, la Po\u0219ta Rom\u00e2n\u0103"},"content":{"rendered":"\n<p><strong>Po\u0219ta Rom\u00e2n\u0103 introduce op\u021biunea de plat\u0103 self-service, \u00een diverse subunit\u0103\u021bi po\u0219tale din Capitala. Astfel, robo\u021beii moderni faciliteaz\u0103 achitarea facturilor \u0219i a taxelor, f\u0103r\u0103 a mai fi nevoie de interac\u021biunea direct\u0103 cu personalul po\u0219tal.<\/strong><\/p>\n\n\n\n<p>Clien\u021bii Po\u0219tei Rom\u00e2ne pot achita serviciile a peste 200 de furnizori, inclusiv facturi de energie electric\u0103, gaze, telefonie, internet, ap\u0103, rate la credite \u0219i diverse taxe \u0219i impozite.<\/p>\n\n\n\n<p>Utilizarea terminalelor self-service este extrem de simpl\u0103: clien\u021bii trebuie doar s\u0103 scaneze codul de bare de pe factur\u0103 \u0219i s\u0103 urmeze instruc\u021biunile de pe ecran. Meniul este accesibil chiar \u0219i pentru cei f\u0103r\u0103 experien\u021b\u0103 \u00een tehnologie iar personalul po\u0219tal poate veni in ajutorul clien\u021bilor.<\/p>\n\n\n\n<figure class=\"wp-block-image size-full is-resized\"><img fetchpriority=\"high\" decoding=\"async\" width=\"522\" height=\"326\" src=\"data:image\/gif;base64,R0lGODlhAQABAAAAACH5BAEKAAEALAAAAAABAAEAAAICTAEAOw==\" data-src=\"https:\/\/buletin.de\/bucuresti\/wp-content\/uploads\/gethumb-1-1.jpg\" alt=\"\" class=\"wp-image-90590 lazyload\" style=\"width:840px;height:auto\" data-sizes=\"auto\" data-srcset=\"https:\/\/buletin.de\/bucuresti\/wp-content\/uploads\/gethumb-1-1.jpg 522w, https:\/\/buletin.de\/bucuresti\/wp-content\/uploads\/gethumb-1-1-300x187.jpg 300w, https:\/\/buletin.de\/bucuresti\/wp-content\/uploads\/gethumb-1-1-20x12.jpg 20w\" sizes=\"(max-width: 522px) 100vw, 522px\" \/><\/figure>\n\n\n\n<p>\u00cen paralel cu digitalizarea serviciilor, Po\u0219ta Rom\u00e2n\u0103 va continua s\u0103 ofere op\u021biuni tradi\u021bionale de plat\u0103 la ghi\u0219eele po\u0219tale. De asemenea, r\u0103m\u00e2ne \u0219i plata prin intermediul factorului po\u0219tal.<\/p>\n\n\n\n<p><strong>CITE\u0218TE \u0218I:<\/strong><\/p>\n\n\n\n<figure class=\"wp-block-embed is-type-wp-embed is-provider-buletin-de-bucure-ti wp-block-embed-buletin-de-bucure-ti\"><div class=\"wp-block-embed__wrapper\">\n<blockquote class=\"wp-embedded-content\" data-secret=\"qdepAy8rN3\"><a href=\"https:\/\/buletin.de\/bucuresti\/sector-6-un-milion-de-lei-pentru-proiecte-culturale-ong-urile-se-pot-inscrie-pana-pe-24-iulie\/\">Sector 6 |\u00a0Un milion de lei pentru proiecte culturale. ONG-urile se pot \u00eenscrie p\u00e2n\u0103 pe 24 iulie<\/a><\/blockquote><iframe class=\"wp-embedded-content\" sandbox=\"allow-scripts\" security=\"restricted\" style=\"position: absolute; clip: rect(1px, 1px, 1px, 1px);\" title=\"&#8220;Sector 6 |\u00a0Un milion de lei pentru proiecte culturale. ONG-urile se pot \u00eenscrie p\u00e2n\u0103 pe 24 iulie&#8221; &#8212; Buletin de Bucure\u0219ti\" src=\"https:\/\/buletin.de\/bucuresti\/sector-6-un-milion-de-lei-pentru-proiecte-culturale-ong-urile-se-pot-inscrie-pana-pe-24-iulie\/embed\/#?secret=iXpYbJLlbf#?secret=qdepAy8rN3\" data-secret=\"qdepAy8rN3\" width=\"600\" height=\"338\" frameborder=\"0\" marginwidth=\"0\" marginheight=\"0\" scrolling=\"no\"><\/iframe>\n<\/div><\/figure>\n\n\n\n<p><\/p>\n","protected":false},"excerpt":{"rendered":"<p>Po\u0219ta Rom\u00e2n\u0103 introduce op\u021biunea de plat\u0103 self-service, \u00een diverse subunit\u0103\u021bi po\u0219tale din Capitala. Astfel, robo\u021beii moderni faciliteaz\u0103 achitarea facturilor \u0219i a taxelor, f\u0103r\u0103 a mai fi nevoie de interac\u021biunea direct\u0103 cu personalul po\u0219tal. Clien\u021bii Po\u0219tei Rom\u00e2ne pot achita serviciile a peste 200 de furnizori, inclusiv facturi de energie electric\u0103, gaze, telefonie, internet, ap\u0103, rate la [&hellip;]<\/p>\n","protected":false},"author":49,"featured_media":90589,"comment_status":"closed","ping_status":"open","sticky":false,"template":"","format":"standard","meta":{"_acf_changed":false,"inline_featured_image":false,"ngg_post_thumbnail":0,"footnotes":""},"categories":[6994,62],"tags":[13323,13322,8404],"ppma_author":[22574],"class_list":["post-90582","post","type-post","status-publish","format-standard","has-post-thumbnail","hentry","category-stiri-2","category-stiri","tag-plata-facturi","tag-posta-romana","tag-selfpay"],"acf":[],"yoast_head":"<!-- This site is optimized with the Yoast SEO Premium plugin v25.3 (Yoast SEO v27.4) - https:\/\/yoast.com\/product\/yoast-seo-premium-wordpress\/ -->\n<title>Robo\u021bei inteligen\u021bi, la Po\u0219ta Rom\u00e2n\u0103 - Buletin de Bucure\u0219ti<\/title>\n<meta name=\"robots\" content=\"index, follow, max-snippet:-1, max-image-preview:large, max-video-preview:-1\" \/>\n<link rel=\"canonical\" href=\"https:\/\/buletin.de\/bucuresti\/robotei-inteligenti-la-posta-romana\/\" \/>\n<meta property=\"og:locale\" content=\"en_GB\" \/>\n<meta property=\"og:type\" content=\"article\" \/>\n<meta property=\"og:title\" content=\"Robo\u021bei inteligen\u021bi, la Po\u0219ta Rom\u00e2n\u0103\" \/>\n<meta property=\"og:description\" content=\"Po\u0219ta Rom\u00e2n\u0103 introduce op\u021biunea de plat\u0103 self-service, \u00een diverse subunit\u0103\u021bi po\u0219tale din Capitala. Astfel, robo\u021beii moderni faciliteaz\u0103 achitarea facturilor \u0219i a taxelor, f\u0103r\u0103 a mai fi nevoie de interac\u021biunea direct\u0103 cu personalul po\u0219tal. Clien\u021bii Po\u0219tei Rom\u00e2ne pot achita serviciile a peste 200 de furnizori, inclusiv facturi de energie electric\u0103, gaze, telefonie, internet, ap\u0103, rate la [&hellip;]\" \/>\n<meta property=\"og:url\" content=\"https:\/\/buletin.de\/bucuresti\/robotei-inteligenti-la-posta-romana\/\" \/>\n<meta property=\"og:site_name\" content=\"Buletin de Bucure\u0219ti\" \/>\n<meta property=\"article:publisher\" content=\"https:\/\/www.facebook.com\/buletin.de.buc\" \/>\n<meta property=\"article:published_time\" content=\"2024-07-10T11:31:41+00:00\" \/>\n<meta property=\"og:image\" content=\"https:\/\/buletin.de\/bucuresti\/wp-content\/uploads\/start_la_proteste_in_posta_romana_80747300-630x420-1.webp\" \/>\n\t<meta property=\"og:image:width\" content=\"1020\" \/>\n\t<meta property=\"og:image:height\" content=\"574\" \/>\n\t<meta property=\"og:image:type\" content=\"image\/webp\" \/>\n<meta name=\"author\" content=\"Diana Matei\" \/>\n<meta name=\"twitter:card\" content=\"summary_large_image\" \/>\n<meta name=\"twitter:label1\" content=\"Written by\" \/>\n\t<meta name=\"twitter:data1\" content=\"Diana Matei\" \/>\n\t<meta name=\"twitter:label2\" content=\"Estimated reading time\" \/>\n\t<meta name=\"twitter:data2\" content=\"1 minute\" \/>\n<script type=\"application\/ld+json\" class=\"yoast-schema-graph\">{\"@context\":\"https:\\\/\\\/schema.org\",\"@graph\":[{\"@type\":\"Article\",\"@id\":\"https:\\\/\\\/buletin.de\\\/bucuresti\\\/robotei-inteligenti-la-posta-romana\\\/#article\",\"isPartOf\":{\"@id\":\"https:\\\/\\\/buletin.de\\\/bucuresti\\\/robotei-inteligenti-la-posta-romana\\\/\"},\"author\":{\"name\":\"Diana Matei\",\"@id\":\"https:\\\/\\\/buletin.de\\\/bucuresti\\\/#\\\/schema\\\/person\\\/7e46040573290777280a0835d81ea4ea\"},\"headline\":\"Robo\u021bei inteligen\u021bi, la Po\u0219ta Rom\u00e2n\u0103\",\"datePublished\":\"2024-07-10T11:31:41+00:00\",\"mainEntityOfPage\":{\"@id\":\"https:\\\/\\\/buletin.de\\\/bucuresti\\\/robotei-inteligenti-la-posta-romana\\\/\"},\"wordCount\":176,\"publisher\":{\"@id\":\"https:\\\/\\\/buletin.de\\\/bucuresti\\\/#organization\"},\"image\":{\"@id\":\"https:\\\/\\\/buletin.de\\\/bucuresti\\\/robotei-inteligenti-la-posta-romana\\\/#primaryimage\"},\"thumbnailUrl\":\"https:\\\/\\\/buletin.de\\\/bucuresti\\\/wp-content\\\/uploads\\\/start_la_proteste_in_posta_romana_80747300-630x420-1.webp\",\"keywords\":[\"plata facturi\",\"Posta Romana\",\"selfpay\"],\"articleSection\":[\"Articole\",\"\u0218tiri\"],\"inLanguage\":\"en-GB\",\"copyrightYear\":\"2024\",\"copyrightHolder\":{\"@id\":\"https:\\\/\\\/buletin.de\\\/bucuresti\\\/#organization\"}},{\"@type\":\"WebPage\",\"@id\":\"https:\\\/\\\/buletin.de\\\/bucuresti\\\/robotei-inteligenti-la-posta-romana\\\/\",\"url\":\"https:\\\/\\\/buletin.de\\\/bucuresti\\\/robotei-inteligenti-la-posta-romana\\\/\",\"name\":\"Robo\u021bei inteligen\u021bi, la Po\u0219ta Rom\u00e2n\u0103 - Buletin de Bucure\u0219ti\",\"isPartOf\":{\"@id\":\"https:\\\/\\\/buletin.de\\\/bucuresti\\\/#website\"},\"primaryImageOfPage\":{\"@id\":\"https:\\\/\\\/buletin.de\\\/bucuresti\\\/robotei-inteligenti-la-posta-romana\\\/#primaryimage\"},\"image\":{\"@id\":\"https:\\\/\\\/buletin.de\\\/bucuresti\\\/robotei-inteligenti-la-posta-romana\\\/#primaryimage\"},\"thumbnailUrl\":\"https:\\\/\\\/buletin.de\\\/bucuresti\\\/wp-content\\\/uploads\\\/start_la_proteste_in_posta_romana_80747300-630x420-1.webp\",\"datePublished\":\"2024-07-10T11:31:41+00:00\",\"breadcrumb\":{\"@id\":\"https:\\\/\\\/buletin.de\\\/bucuresti\\\/robotei-inteligenti-la-posta-romana\\\/#breadcrumb\"},\"inLanguage\":\"en-GB\",\"potentialAction\":[{\"@type\":\"ReadAction\",\"target\":[\"https:\\\/\\\/buletin.de\\\/bucuresti\\\/robotei-inteligenti-la-posta-romana\\\/\"]}]},{\"@type\":\"ImageObject\",\"inLanguage\":\"en-GB\",\"@id\":\"https:\\\/\\\/buletin.de\\\/bucuresti\\\/robotei-inteligenti-la-posta-romana\\\/#primaryimage\",\"url\":\"https:\\\/\\\/buletin.de\\\/bucuresti\\\/wp-content\\\/uploads\\\/start_la_proteste_in_posta_romana_80747300-630x420-1.webp\",\"contentUrl\":\"https:\\\/\\\/buletin.de\\\/bucuresti\\\/wp-content\\\/uploads\\\/start_la_proteste_in_posta_romana_80747300-630x420-1.webp\",\"width\":1020,\"height\":574,\"caption\":\"FOTO: Posta Romana\"},{\"@type\":\"BreadcrumbList\",\"@id\":\"https:\\\/\\\/buletin.de\\\/bucuresti\\\/robotei-inteligenti-la-posta-romana\\\/#breadcrumb\",\"itemListElement\":[{\"@type\":\"ListItem\",\"position\":1,\"name\":\"Acas\u0103\",\"item\":\"https:\\\/\\\/buletin.de\\\/bucuresti\\\/\"},{\"@type\":\"ListItem\",\"position\":2,\"name\":\"Robo\u021bei inteligen\u021bi, la Po\u0219ta Rom\u00e2n\u0103\"}]},{\"@type\":\"WebSite\",\"@id\":\"https:\\\/\\\/buletin.de\\\/bucuresti\\\/#website\",\"url\":\"https:\\\/\\\/buletin.de\\\/bucuresti\\\/\",\"name\":\"Buletin de Bucure\u0219ti\",\"description\":\"\u0218tiri \u0219i investiga\u021bii esen\u021biale din capital\u0103\",\"publisher\":{\"@id\":\"https:\\\/\\\/buletin.de\\\/bucuresti\\\/#organization\"},\"potentialAction\":[{\"@type\":\"SearchAction\",\"target\":{\"@type\":\"EntryPoint\",\"urlTemplate\":\"https:\\\/\\\/buletin.de\\\/bucuresti\\\/?s={search_term_string}\"},\"query-input\":{\"@type\":\"PropertyValueSpecification\",\"valueRequired\":true,\"valueName\":\"search_term_string\"}}],\"inLanguage\":\"en-GB\"},{\"@type\":\"Organization\",\"@id\":\"https:\\\/\\\/buletin.de\\\/bucuresti\\\/#organization\",\"name\":\"Buletin de Bucure\u0219ti\",\"url\":\"https:\\\/\\\/buletin.de\\\/bucuresti\\\/\",\"logo\":{\"@type\":\"ImageObject\",\"inLanguage\":\"en-GB\",\"@id\":\"https:\\\/\\\/buletin.de\\\/bucuresti\\\/#\\\/schema\\\/logo\\\/image\\\/\",\"url\":\"https:\\\/\\\/buletin.de\\\/bucuresti\\\/wp-content\\\/uploads\\\/logo-bdb-full-wide-vernil-transparent.png\",\"contentUrl\":\"https:\\\/\\\/buletin.de\\\/bucuresti\\\/wp-content\\\/uploads\\\/logo-bdb-full-wide-vernil-transparent.png\",\"width\":1782,\"height\":626,\"caption\":\"Buletin de Bucure\u0219ti\"},\"image\":{\"@id\":\"https:\\\/\\\/buletin.de\\\/bucuresti\\\/#\\\/schema\\\/logo\\\/image\\\/\"},\"sameAs\":[\"https:\\\/\\\/www.facebook.com\\\/buletin.de.buc\",\"https:\\\/\\\/www.instagram.com\\\/buletinde.bucuresti\\\/\"]},{\"@type\":\"Person\",\"@id\":\"https:\\\/\\\/buletin.de\\\/bucuresti\\\/#\\\/schema\\\/person\\\/7e46040573290777280a0835d81ea4ea\",\"name\":\"Diana Matei\",\"image\":{\"@type\":\"ImageObject\",\"inLanguage\":\"en-GB\",\"@id\":\"https:\\\/\\\/buletin.de\\\/bucuresti\\\/wp-content\\\/uploads\\\/9-2-96x96.jpg1e8590b30871d70e62ebcdaf2eff570c\",\"url\":\"https:\\\/\\\/buletin.de\\\/bucuresti\\\/wp-content\\\/uploads\\\/9-2-96x96.jpg\",\"contentUrl\":\"https:\\\/\\\/buletin.de\\\/bucuresti\\\/wp-content\\\/uploads\\\/9-2-96x96.jpg\",\"caption\":\"Diana Matei\"},\"url\":\"https:\\\/\\\/buletin.de\\\/bucuresti\\\/author\\\/dianamatei\\\/\"}]}<\/script>\n<!-- \/ Yoast SEO Premium plugin. -->","yoast_head_json":{"title":"Robo\u021bei inteligen\u021bi, la Po\u0219ta Rom\u00e2n\u0103 - Buletin de Bucure\u0219ti","robots":{"index":"index","follow":"follow","max-snippet":"max-snippet:-1","max-image-preview":"max-image-preview:large","max-video-preview":"max-video-preview:-1"},"canonical":"https:\/\/buletin.de\/bucuresti\/robotei-inteligenti-la-posta-romana\/","og_locale":"en_GB","og_type":"article","og_title":"Robo\u021bei inteligen\u021bi, la Po\u0219ta Rom\u00e2n\u0103","og_description":"Po\u0219ta Rom\u00e2n\u0103 introduce op\u021biunea de plat\u0103 self-service, \u00een diverse subunit\u0103\u021bi po\u0219tale din Capitala. Astfel, robo\u021beii moderni faciliteaz\u0103 achitarea facturilor \u0219i a taxelor, f\u0103r\u0103 a mai fi nevoie de interac\u021biunea direct\u0103 cu personalul po\u0219tal. Clien\u021bii Po\u0219tei Rom\u00e2ne pot achita serviciile a peste 200 de furnizori, inclusiv facturi de energie electric\u0103, gaze, telefonie, internet, ap\u0103, rate la [&hellip;]","og_url":"https:\/\/buletin.de\/bucuresti\/robotei-inteligenti-la-posta-romana\/","og_site_name":"Buletin de Bucure\u0219ti","article_publisher":"https:\/\/www.facebook.com\/buletin.de.buc","article_published_time":"2024-07-10T11:31:41+00:00","og_image":[{"width":1020,"height":574,"url":"https:\/\/buletin.de\/bucuresti\/wp-content\/uploads\/start_la_proteste_in_posta_romana_80747300-630x420-1.webp","type":"image\/webp"}],"author":"Diana Matei","twitter_card":"summary_large_image","twitter_misc":{"Written by":"Diana Matei","Estimated reading time":"1 minute"},"schema":{"@context":"https:\/\/schema.org","@graph":[{"@type":"Article","@id":"https:\/\/buletin.de\/bucuresti\/robotei-inteligenti-la-posta-romana\/#article","isPartOf":{"@id":"https:\/\/buletin.de\/bucuresti\/robotei-inteligenti-la-posta-romana\/"},"author":{"name":"Diana Matei","@id":"https:\/\/buletin.de\/bucuresti\/#\/schema\/person\/7e46040573290777280a0835d81ea4ea"},"headline":"Robo\u021bei inteligen\u021bi, la Po\u0219ta Rom\u00e2n\u0103","datePublished":"2024-07-10T11:31:41+00:00","mainEntityOfPage":{"@id":"https:\/\/buletin.de\/bucuresti\/robotei-inteligenti-la-posta-romana\/"},"wordCount":176,"publisher":{"@id":"https:\/\/buletin.de\/bucuresti\/#organization"},"image":{"@id":"https:\/\/buletin.de\/bucuresti\/robotei-inteligenti-la-posta-romana\/#primaryimage"},"thumbnailUrl":"https:\/\/buletin.de\/bucuresti\/wp-content\/uploads\/start_la_proteste_in_posta_romana_80747300-630x420-1.webp","keywords":["plata facturi","Posta Romana","selfpay"],"articleSection":["Articole","\u0218tiri"],"inLanguage":"en-GB","copyrightYear":"2024","copyrightHolder":{"@id":"https:\/\/buletin.de\/bucuresti\/#organization"}},{"@type":"WebPage","@id":"https:\/\/buletin.de\/bucuresti\/robotei-inteligenti-la-posta-romana\/","url":"https:\/\/buletin.de\/bucuresti\/robotei-inteligenti-la-posta-romana\/","name":"Robo\u021bei inteligen\u021bi, la Po\u0219ta Rom\u00e2n\u0103 - Buletin de Bucure\u0219ti","isPartOf":{"@id":"https:\/\/buletin.de\/bucuresti\/#website"},"primaryImageOfPage":{"@id":"https:\/\/buletin.de\/bucuresti\/robotei-inteligenti-la-posta-romana\/#primaryimage"},"image":{"@id":"https:\/\/buletin.de\/bucuresti\/robotei-inteligenti-la-posta-romana\/#primaryimage"},"thumbnailUrl":"https:\/\/buletin.de\/bucuresti\/wp-content\/uploads\/start_la_proteste_in_posta_romana_80747300-630x420-1.webp","datePublished":"2024-07-10T11:31:41+00:00","breadcrumb":{"@id":"https:\/\/buletin.de\/bucuresti\/robotei-inteligenti-la-posta-romana\/#breadcrumb"},"inLanguage":"en-GB","potentialAction":[{"@type":"ReadAction","target":["https:\/\/buletin.de\/bucuresti\/robotei-inteligenti-la-posta-romana\/"]}]},{"@type":"ImageObject","inLanguage":"en-GB","@id":"https:\/\/buletin.de\/bucuresti\/robotei-inteligenti-la-posta-romana\/#primaryimage","url":"https:\/\/buletin.de\/bucuresti\/wp-content\/uploads\/start_la_proteste_in_posta_romana_80747300-630x420-1.webp","contentUrl":"https:\/\/buletin.de\/bucuresti\/wp-content\/uploads\/start_la_proteste_in_posta_romana_80747300-630x420-1.webp","width":1020,"height":574,"caption":"FOTO: Posta Romana"},{"@type":"BreadcrumbList","@id":"https:\/\/buletin.de\/bucuresti\/robotei-inteligenti-la-posta-romana\/#breadcrumb","itemListElement":[{"@type":"ListItem","position":1,"name":"Acas\u0103","item":"https:\/\/buletin.de\/bucuresti\/"},{"@type":"ListItem","position":2,"name":"Robo\u021bei inteligen\u021bi, la Po\u0219ta Rom\u00e2n\u0103"}]},{"@type":"WebSite","@id":"https:\/\/buletin.de\/bucuresti\/#website","url":"https:\/\/buletin.de\/bucuresti\/","name":"Buletin de Bucure\u0219ti","description":"\u0218tiri \u0219i investiga\u021bii esen\u021biale din capital\u0103","publisher":{"@id":"https:\/\/buletin.de\/bucuresti\/#organization"},"potentialAction":[{"@type":"SearchAction","target":{"@type":"EntryPoint","urlTemplate":"https:\/\/buletin.de\/bucuresti\/?s={search_term_string}"},"query-input":{"@type":"PropertyValueSpecification","valueRequired":true,"valueName":"search_term_string"}}],"inLanguage":"en-GB"},{"@type":"Organization","@id":"https:\/\/buletin.de\/bucuresti\/#organization","name":"Buletin de Bucure\u0219ti","url":"https:\/\/buletin.de\/bucuresti\/","logo":{"@type":"ImageObject","inLanguage":"en-GB","@id":"https:\/\/buletin.de\/bucuresti\/#\/schema\/logo\/image\/","url":"https:\/\/buletin.de\/bucuresti\/wp-content\/uploads\/logo-bdb-full-wide-vernil-transparent.png","contentUrl":"https:\/\/buletin.de\/bucuresti\/wp-content\/uploads\/logo-bdb-full-wide-vernil-transparent.png","width":1782,"height":626,"caption":"Buletin de Bucure\u0219ti"},"image":{"@id":"https:\/\/buletin.de\/bucuresti\/#\/schema\/logo\/image\/"},"sameAs":["https:\/\/www.facebook.com\/buletin.de.buc","https:\/\/www.instagram.com\/buletinde.bucuresti\/"]},{"@type":"Person","@id":"https:\/\/buletin.de\/bucuresti\/#\/schema\/person\/7e46040573290777280a0835d81ea4ea","name":"Diana Matei","image":{"@type":"ImageObject","inLanguage":"en-GB","@id":"https:\/\/buletin.de\/bucuresti\/wp-content\/uploads\/9-2-96x96.jpg1e8590b30871d70e62ebcdaf2eff570c","url":"https:\/\/buletin.de\/bucuresti\/wp-content\/uploads\/9-2-96x96.jpg","contentUrl":"https:\/\/buletin.de\/bucuresti\/wp-content\/uploads\/9-2-96x96.jpg","caption":"Diana Matei"},"url":"https:\/\/buletin.de\/bucuresti\/author\/dianamatei\/"}]}},"authors":[{"term_id":22574,"user_id":49,"is_guest":0,"slug":"dianamatei","display_name":"Diana Matei","avatar_url":"https:\/\/buletin.de\/bucuresti\/wp-content\/uploads\/9-2-96x96.jpg","0":null,"1":"","2":"","3":"","4":"","5":"","6":"","7":"","8":""}],"_links":{"self":[{"href":"https:\/\/buletin.de\/bucuresti\/wp-json\/wp\/v2\/posts\/90582","targetHints":{"allow":["GET"]}}],"collection":[{"href":"https:\/\/buletin.de\/bucuresti\/wp-json\/wp\/v2\/posts"}],"about":[{"href":"https:\/\/buletin.de\/bucuresti\/wp-json\/wp\/v2\/types\/post"}],"author":[{"embeddable":true,"href":"https:\/\/buletin.de\/bucuresti\/wp-json\/wp\/v2\/users\/49"}],"replies":[{"embeddable":true,"href":"https:\/\/buletin.de\/bucuresti\/wp-json\/wp\/v2\/comments?post=90582"}],"version-history":[{"count":2,"href":"https:\/\/buletin.de\/bucuresti\/wp-json\/wp\/v2\/posts\/90582\/revisions"}],"predecessor-version":[{"id":90591,"href":"https:\/\/buletin.de\/bucuresti\/wp-json\/wp\/v2\/posts\/90582\/revisions\/90591"}],"wp:featuredmedia":[{"embeddable":true,"href":"https:\/\/buletin.de\/bucuresti\/wp-json\/wp\/v2\/media\/90589"}],"wp:attachment":[{"href":"https:\/\/buletin.de\/bucuresti\/wp-json\/wp\/v2\/media?parent=90582"}],"wp:term":[{"taxonomy":"category","embeddable":true,"href":"https:\/\/buletin.de\/bucuresti\/wp-json\/wp\/v2\/categories?post=90582"},{"taxonomy":"post_tag","embeddable":true,"href":"https:\/\/buletin.de\/bucuresti\/wp-json\/wp\/v2\/tags?post=90582"},{"taxonomy":"author","embeddable":true,"href":"https:\/\/buletin.de\/bucuresti\/wp-json\/wp\/v2\/ppma_author?post=90582"}],"curies":[{"name":"wp","href":"https:\/\/api.w.org\/{rel}","templated":true}]}}