{"id":90533,"date":"2024-07-10T11:17:18","date_gmt":"2024-07-10T08:17:18","guid":{"rendered":"https:\/\/buletin.de\/bucuresti\/?p=90533"},"modified":"2024-07-10T11:24:31","modified_gmt":"2024-07-10T08:24:31","slug":"perchezitii-in-capitala-intr-un-dosar-de-trafic-de-persoane-printre-victime-se-numara-si-doua-minore-de-13-si-14-ani","status":"publish","type":"post","link":"https:\/\/buletin.de\/bucuresti\/perchezitii-in-capitala-intr-un-dosar-de-trafic-de-persoane-printre-victime-se-numara-si-doua-minore-de-13-si-14-ani\/","title":{"rendered":"Perchezi\u021bii \u00een Capital\u0103, \u00eentr-un dosar de trafic de persoane. Printre victime se num\u0103r\u0103 \u0219i dou\u0103 minore de 13 \u0219i 14 ani"},"content":{"rendered":"\n<p><strong>Trei mandate de perchezi\u021bie domiciliar\u0103 au fost puse \u00een aplicare \u00een Capital\u0103. Dosarul vizeaz\u0103 infrac\u021biunile de constituire a unui grup infrac\u021bional organizat, trafic de minori, trafic de persoane, act sexual cu un minor \u0219i viol s\u0103v\u00e2r\u0219it asupra unui minor. Gruparea opera at\u00e2t pe teritoriul Rom\u00e2niei, c\u00e2t \u0219i al Marii Britanii, se arat\u0103 \u00eentr-un comunicat al Poli\u021bei din Bucure\u0219ti.<\/strong><\/p>\n\n\n\n<figure class=\"wp-block-video\"><video height=\"480\" style=\"aspect-ratio: 848 \/ 480;\" width=\"848\" controls src=\"https:\/\/buletin.de\/bucuresti\/wp-content\/uploads\/WhatsApp-Video-2024-07-10-at-09.29.44_b0bcf68a.mp4\"><\/video><\/figure>\n\n\n\n<p>Cercet\u0103rile arat\u0103 c\u0103, \u00een perioada 2019 \u2013 iulie 2024, opt suspec\u021bi, majoritatea afla\u021bi \u00een rela\u021bii de rudenie, au constituit un grup infrac\u021bional \u00een scopul ob\u021binerii de importante beneficii materiale din exploatarea sexual\u0103 a mai multor persoane v\u0103t\u0103mate, at\u00e2t pe teritoriul Rom\u00e2niei, c\u00e2t \u0219i al Marii Britanii.<\/p>\n\n\n\n<p>Din probele administrate a rezultat c\u0103, sub coordonarea liderului grupului infrac\u021bional organizat, membrii au recrutat mai multe persoane vulnerabile, pe care le-au controlat, supravegheat \u0219i \u00eenso\u021bit \u00een locurile alese pentru practicarea prostitu\u021biei (situate pe teritoriile ambelor state). <\/p>\n\n\n\n<p>Printre victime se num\u0103r\u0103 \u0219i o minor\u0103 \u00een v\u00e2rst\u0103 de 13 ani, recrutat\u0103 de liderul grup\u0103rii, prin inducere \u00een eroare. Aceasta se afla \u00eentr-o starea v\u0103dit\u0103 vulnerabilitate, cauzat\u0103 de v\u00e2rst\u0103, lipsa experien\u021bei \u0219i o situa\u021bie familial\u0103 tensionat\u0103. Victima a fost transportat\u0103 \u0219i cazat\u0103 la diferite adrese din Bucure\u0219ti \u0219i ulterior, \u00een Marea Britanie, \u00een vederea practic\u0103rii prostitu\u021biei. Suspectul \u0219i-a \u00eensu\u0219it integral sumele de bani ob\u021binute de c\u0103tre aceasta.<\/p>\n\n\n\n<p>De asemenea, liderul grupului infrac\u021bional a sprijinit unul din membrii  s\u0103 exploateze sexual o alt\u0103 victim\u0103 minor\u0103, \u00een v\u00e2rst\u0103 de 14 ani. Cei doi au \u00eentre\u021binut, \u00een mod repetat, rela\u021bii sexuale cu persoanele v\u0103t\u0103mate minore.<\/p>\n\n\n\n<p>Clien\u021bi au fost racola\u021bi prin intermediul unor anun\u021buri publicate pe site-urile de profil, stabilind totodat\u0103 tarifele serviciilor oferite \u0219i modalitatea de plat\u0103. Sumele de bani rezultate din activitatea infrac\u021bional\u0103 au fost colectate de liderul grupului infrac\u021bional \u0219i ulterior \u00eemp\u0103r\u021bite cu ceilal\u021bi suspec\u021bi.<br><\/p>\n\n\n\n<figure class=\"wp-block-image size-large\"><a href=\"https:\/\/buletin.de\/bucuresti\/wp-content\/uploads\/WhatsApp-Image-2024-07-10-at-09.29.43_770a622d.jpg\"><img fetchpriority=\"high\" decoding=\"async\" width=\"900\" height=\"566\" src=\"data:image\/gif;base64,R0lGODlhAQABAAAAACH5BAEKAAEALAAAAAABAAEAAAICTAEAOw==\" data-src=\"https:\/\/buletin.de\/bucuresti\/wp-content\/uploads\/WhatsApp-Image-2024-07-10-at-09.29.43_770a622d-900x566.jpg\" alt=\"\" class=\"wp-image-90553 lazyload\" data-sizes=\"auto\" data-srcset=\"https:\/\/buletin.de\/bucuresti\/wp-content\/uploads\/WhatsApp-Image-2024-07-10-at-09.29.43_770a622d-900x566.jpg 900w, https:\/\/buletin.de\/bucuresti\/wp-content\/uploads\/WhatsApp-Image-2024-07-10-at-09.29.43_770a622d-300x189.jpg 300w, https:\/\/buletin.de\/bucuresti\/wp-content\/uploads\/WhatsApp-Image-2024-07-10-at-09.29.43_770a622d-768x483.jpg 768w, https:\/\/buletin.de\/bucuresti\/wp-content\/uploads\/WhatsApp-Image-2024-07-10-at-09.29.43_770a622d-1536x966.jpg 1536w, https:\/\/buletin.de\/bucuresti\/wp-content\/uploads\/WhatsApp-Image-2024-07-10-at-09.29.43_770a622d-1100x692.jpg 1100w, https:\/\/buletin.de\/bucuresti\/wp-content\/uploads\/WhatsApp-Image-2024-07-10-at-09.29.43_770a622d-600x377.jpg 600w, https:\/\/buletin.de\/bucuresti\/wp-content\/uploads\/WhatsApp-Image-2024-07-10-at-09.29.43_770a622d-20x13.jpg 20w, https:\/\/buletin.de\/bucuresti\/wp-content\/uploads\/WhatsApp-Image-2024-07-10-at-09.29.43_770a622d.jpg 1600w\" sizes=\"(max-width: 900px) 100vw, 900px\" \/><\/a><\/figure>\n\n\n\n<p>Perchezi\u021biile au fost efectuate ast\u0103zi, 10 iulie, de c\u0103tre procurorii Direc\u021biei de Investigare a Infrac\u021biunilor de Criminalitate Organizat\u0103 \u0219i Terorism \u2013 Structura Central\u0103 \u0219i poli\u021bi\u0219tii Brig\u0103zii de Combatere a Criminalit\u0103\u021bii Organizate Bucure\u0219ti.<\/p>\n\n\n\n<p>Audierile se desf\u0103\u0219oar\u0103 la sediul DIICOT &#8211; Structura Central\u0103. Ac\u021biunea beneficiaz\u0103 de sprijinul jandarmilor din cadrul Brig\u0103zii Speciale de Interven\u021bie a Jandarmeriei. Suportul de specialitate a fost asigurat de c\u0103tre Direc\u021bia Opera\u021biuni Speciale din Poli\u021bia Rom\u00e2n\u0103.<\/p>\n\n\n\n<p><br>Pe \u00eentreg parcursul procesului penal, persoanele cercetate beneficiaz\u0103 de drepturile \u0219i garan\u021biile procesuale prev\u0103zute de Codul de Procedur\u0103 Penal\u0103, precum \u0219i de prezum\u021bia\u00a0de\u00a0nevinov\u0103\u021bie, transmite poli\u021bia.<\/p>\n\n\n\n<p><strong>CITE\u0218TE \u0218I:<\/strong><\/p>\n\n\n\n<figure class=\"wp-block-embed is-type-wp-embed is-provider-buletin-de-bucure-ti wp-block-embed-buletin-de-bucure-ti\"><div class=\"wp-block-embed__wrapper\">\n<blockquote class=\"wp-embedded-content\" data-secret=\"D2yiApFuVv\"><a href=\"https:\/\/buletin.de\/bucuresti\/andrew-si-tristan-tate-vor-putea-calatori-in-tari-ue-dar-raman-sub-control-judiciar\/\">Andrew \u0219i Tristan Tate vor putea c\u0103l\u0103tori \u00een \u021b\u0103ri UE, dar r\u0103m\u00e2n sub control judiciar<\/a><\/blockquote><iframe class=\"wp-embedded-content\" sandbox=\"allow-scripts\" security=\"restricted\" style=\"position: absolute; clip: rect(1px, 1px, 1px, 1px);\" title=\"&#8220;Andrew \u0219i Tristan Tate vor putea c\u0103l\u0103tori \u00een \u021b\u0103ri UE, dar r\u0103m\u00e2n sub control judiciar&#8221; &#8212; Buletin de Bucure\u0219ti\" src=\"https:\/\/buletin.de\/bucuresti\/andrew-si-tristan-tate-vor-putea-calatori-in-tari-ue-dar-raman-sub-control-judiciar\/embed\/#?secret=e34SCiLMnu#?secret=D2yiApFuVv\" data-secret=\"D2yiApFuVv\" width=\"600\" height=\"338\" frameborder=\"0\" marginwidth=\"0\" marginheight=\"0\" scrolling=\"no\"><\/iframe>\n<\/div><\/figure>\n","protected":false},"excerpt":{"rendered":"<p>Trei mandate de perchezi\u021bie domiciliar\u0103 au fost puse \u00een aplicare \u00een Capital\u0103. Dosarul vizeaz\u0103 infrac\u021biunile de constituire a unui grup infrac\u021bional organizat, trafic de minori, trafic de persoane, act sexual cu un minor \u0219i viol s\u0103v\u00e2r\u0219it asupra unui minor. Gruparea opera at\u00e2t pe teritoriul Rom\u00e2niei, c\u00e2t \u0219i al Marii Britanii, se arat\u0103 \u00eentr-un comunicat al [&hellip;]<\/p>\n","protected":false},"author":55,"featured_media":80137,"comment_status":"closed","ping_status":"open","sticky":false,"template":"","format":"standard","meta":{"_acf_changed":false,"inline_featured_image":false,"ngg_post_thumbnail":0,"footnotes":""},"categories":[6994,5762],"tags":[4491,9,2452,4788,882],"ppma_author":[22573],"class_list":["post-90533","post","type-post","status-publish","format-standard","has-post-thumbnail","hentry","category-stiri-2","category-main","tag-abuz","tag-bucuresti","tag-minori","tag-perchezitii-2","tag-politie"],"acf":[],"yoast_head":"<!-- This site is optimized with the Yoast SEO Premium plugin v25.3 (Yoast SEO v27.4) - https:\/\/yoast.com\/product\/yoast-seo-premium-wordpress\/ -->\n<title>Perchezi\u021bii \u00een Capital\u0103, \u00eentr-un dosar de trafic de persoane. Printre victime se num\u0103r\u0103 \u0219i dou\u0103 minore de 13 \u0219i 14 ani - Buletin de Bucure\u0219ti<\/title>\n<meta name=\"robots\" content=\"index, follow, max-snippet:-1, max-image-preview:large, max-video-preview:-1\" \/>\n<link rel=\"canonical\" href=\"https:\/\/buletin.de\/bucuresti\/perchezitii-in-capitala-intr-un-dosar-de-trafic-de-persoane-printre-victime-se-numara-si-doua-minore-de-13-si-14-ani\/\" \/>\n<meta property=\"og:locale\" content=\"en_GB\" \/>\n<meta property=\"og:type\" content=\"article\" \/>\n<meta property=\"og:title\" content=\"Perchezi\u021bii \u00een Capital\u0103, \u00eentr-un dosar de trafic de persoane. Printre victime se num\u0103r\u0103 \u0219i dou\u0103 minore de 13 \u0219i 14 ani\" \/>\n<meta property=\"og:description\" content=\"Trei mandate de perchezi\u021bie domiciliar\u0103 au fost puse \u00een aplicare \u00een Capital\u0103. Dosarul vizeaz\u0103 infrac\u021biunile de constituire a unui grup infrac\u021bional organizat, trafic de minori, trafic de persoane, act sexual cu un minor \u0219i viol s\u0103v\u00e2r\u0219it asupra unui minor. Gruparea opera at\u00e2t pe teritoriul Rom\u00e2niei, c\u00e2t \u0219i al Marii Britanii, se arat\u0103 \u00eentr-un comunicat al [&hellip;]\" \/>\n<meta property=\"og:url\" content=\"https:\/\/buletin.de\/bucuresti\/perchezitii-in-capitala-intr-un-dosar-de-trafic-de-persoane-printre-victime-se-numara-si-doua-minore-de-13-si-14-ani\/\" \/>\n<meta property=\"og:site_name\" content=\"Buletin de Bucure\u0219ti\" \/>\n<meta property=\"article:publisher\" content=\"https:\/\/www.facebook.com\/buletin.de.buc\" \/>\n<meta property=\"article:published_time\" content=\"2024-07-10T08:17:18+00:00\" \/>\n<meta property=\"article:modified_time\" content=\"2024-07-10T08:24:31+00:00\" \/>\n<meta property=\"og:image\" content=\"https:\/\/buletin.de\/bucuresti\/wp-content\/uploads\/ABUSE.jpg\" \/>\n\t<meta property=\"og:image:width\" content=\"640\" \/>\n\t<meta property=\"og:image:height\" content=\"425\" \/>\n\t<meta property=\"og:image:type\" content=\"image\/jpeg\" \/>\n<meta name=\"author\" content=\"Andreea Tudor\" \/>\n<meta name=\"twitter:card\" content=\"summary_large_image\" \/>\n<meta name=\"twitter:label1\" content=\"Written by\" \/>\n\t<meta name=\"twitter:data1\" content=\"Andreea Tudor\" \/>\n\t<meta name=\"twitter:label2\" content=\"Estimated reading time\" \/>\n\t<meta name=\"twitter:data2\" content=\"3 minutes\" \/>\n<script type=\"application\/ld+json\" class=\"yoast-schema-graph\">{\"@context\":\"https:\\\/\\\/schema.org\",\"@graph\":[{\"@type\":\"Article\",\"@id\":\"https:\\\/\\\/buletin.de\\\/bucuresti\\\/perchezitii-in-capitala-intr-un-dosar-de-trafic-de-persoane-printre-victime-se-numara-si-doua-minore-de-13-si-14-ani\\\/#article\",\"isPartOf\":{\"@id\":\"https:\\\/\\\/buletin.de\\\/bucuresti\\\/perchezitii-in-capitala-intr-un-dosar-de-trafic-de-persoane-printre-victime-se-numara-si-doua-minore-de-13-si-14-ani\\\/\"},\"author\":{\"name\":\"Andreea Tudor\",\"@id\":\"https:\\\/\\\/buletin.de\\\/bucuresti\\\/#\\\/schema\\\/person\\\/150590659efde715459d159da012f501\"},\"headline\":\"Perchezi\u021bii \u00een Capital\u0103, \u00eentr-un dosar de trafic de persoane. Printre victime se num\u0103r\u0103 \u0219i dou\u0103 minore de 13 \u0219i 14 ani\",\"datePublished\":\"2024-07-10T08:17:18+00:00\",\"dateModified\":\"2024-07-10T08:24:31+00:00\",\"mainEntityOfPage\":{\"@id\":\"https:\\\/\\\/buletin.de\\\/bucuresti\\\/perchezitii-in-capitala-intr-un-dosar-de-trafic-de-persoane-printre-victime-se-numara-si-doua-minore-de-13-si-14-ani\\\/\"},\"wordCount\":480,\"publisher\":{\"@id\":\"https:\\\/\\\/buletin.de\\\/bucuresti\\\/#organization\"},\"image\":{\"@id\":\"https:\\\/\\\/buletin.de\\\/bucuresti\\\/perchezitii-in-capitala-intr-un-dosar-de-trafic-de-persoane-printre-victime-se-numara-si-doua-minore-de-13-si-14-ani\\\/#primaryimage\"},\"thumbnailUrl\":\"https:\\\/\\\/buletin.de\\\/bucuresti\\\/wp-content\\\/uploads\\\/ABUSE.jpg\",\"keywords\":[\"abuz\",\"bucuresti\",\"minori\",\"Perchezi\u021bii\",\"politie\"],\"articleSection\":[\"Articole\",\"Main\"],\"inLanguage\":\"en-GB\",\"copyrightYear\":\"2024\",\"copyrightHolder\":{\"@id\":\"https:\\\/\\\/buletin.de\\\/bucuresti\\\/#organization\"}},{\"@type\":\"WebPage\",\"@id\":\"https:\\\/\\\/buletin.de\\\/bucuresti\\\/perchezitii-in-capitala-intr-un-dosar-de-trafic-de-persoane-printre-victime-se-numara-si-doua-minore-de-13-si-14-ani\\\/\",\"url\":\"https:\\\/\\\/buletin.de\\\/bucuresti\\\/perchezitii-in-capitala-intr-un-dosar-de-trafic-de-persoane-printre-victime-se-numara-si-doua-minore-de-13-si-14-ani\\\/\",\"name\":\"Perchezi\u021bii \u00een Capital\u0103, \u00eentr-un dosar de trafic de persoane. Printre victime se num\u0103r\u0103 \u0219i dou\u0103 minore de 13 \u0219i 14 ani - Buletin de Bucure\u0219ti\",\"isPartOf\":{\"@id\":\"https:\\\/\\\/buletin.de\\\/bucuresti\\\/#website\"},\"primaryImageOfPage\":{\"@id\":\"https:\\\/\\\/buletin.de\\\/bucuresti\\\/perchezitii-in-capitala-intr-un-dosar-de-trafic-de-persoane-printre-victime-se-numara-si-doua-minore-de-13-si-14-ani\\\/#primaryimage\"},\"image\":{\"@id\":\"https:\\\/\\\/buletin.de\\\/bucuresti\\\/perchezitii-in-capitala-intr-un-dosar-de-trafic-de-persoane-printre-victime-se-numara-si-doua-minore-de-13-si-14-ani\\\/#primaryimage\"},\"thumbnailUrl\":\"https:\\\/\\\/buletin.de\\\/bucuresti\\\/wp-content\\\/uploads\\\/ABUSE.jpg\",\"datePublished\":\"2024-07-10T08:17:18+00:00\",\"dateModified\":\"2024-07-10T08:24:31+00:00\",\"breadcrumb\":{\"@id\":\"https:\\\/\\\/buletin.de\\\/bucuresti\\\/perchezitii-in-capitala-intr-un-dosar-de-trafic-de-persoane-printre-victime-se-numara-si-doua-minore-de-13-si-14-ani\\\/#breadcrumb\"},\"inLanguage\":\"en-GB\",\"potentialAction\":[{\"@type\":\"ReadAction\",\"target\":[\"https:\\\/\\\/buletin.de\\\/bucuresti\\\/perchezitii-in-capitala-intr-un-dosar-de-trafic-de-persoane-printre-victime-se-numara-si-doua-minore-de-13-si-14-ani\\\/\"]}]},{\"@type\":\"ImageObject\",\"inLanguage\":\"en-GB\",\"@id\":\"https:\\\/\\\/buletin.de\\\/bucuresti\\\/perchezitii-in-capitala-intr-un-dosar-de-trafic-de-persoane-printre-victime-se-numara-si-doua-minore-de-13-si-14-ani\\\/#primaryimage\",\"url\":\"https:\\\/\\\/buletin.de\\\/bucuresti\\\/wp-content\\\/uploads\\\/ABUSE.jpg\",\"contentUrl\":\"https:\\\/\\\/buletin.de\\\/bucuresti\\\/wp-content\\\/uploads\\\/ABUSE.jpg\",\"width\":640,\"height\":425,\"caption\":\"Surs\u0103 Foro: Inquam Photos\"},{\"@type\":\"BreadcrumbList\",\"@id\":\"https:\\\/\\\/buletin.de\\\/bucuresti\\\/perchezitii-in-capitala-intr-un-dosar-de-trafic-de-persoane-printre-victime-se-numara-si-doua-minore-de-13-si-14-ani\\\/#breadcrumb\",\"itemListElement\":[{\"@type\":\"ListItem\",\"position\":1,\"name\":\"Acas\u0103\",\"item\":\"https:\\\/\\\/buletin.de\\\/bucuresti\\\/\"},{\"@type\":\"ListItem\",\"position\":2,\"name\":\"Perchezi\u021bii \u00een Capital\u0103, \u00eentr-un dosar de trafic de persoane. Printre victime se num\u0103r\u0103 \u0219i dou\u0103 minore de 13 \u0219i 14 ani\"}]},{\"@type\":\"WebSite\",\"@id\":\"https:\\\/\\\/buletin.de\\\/bucuresti\\\/#website\",\"url\":\"https:\\\/\\\/buletin.de\\\/bucuresti\\\/\",\"name\":\"Buletin de Bucure\u0219ti\",\"description\":\"\u0218tiri \u0219i investiga\u021bii esen\u021biale din capital\u0103\",\"publisher\":{\"@id\":\"https:\\\/\\\/buletin.de\\\/bucuresti\\\/#organization\"},\"potentialAction\":[{\"@type\":\"SearchAction\",\"target\":{\"@type\":\"EntryPoint\",\"urlTemplate\":\"https:\\\/\\\/buletin.de\\\/bucuresti\\\/?s={search_term_string}\"},\"query-input\":{\"@type\":\"PropertyValueSpecification\",\"valueRequired\":true,\"valueName\":\"search_term_string\"}}],\"inLanguage\":\"en-GB\"},{\"@type\":\"Organization\",\"@id\":\"https:\\\/\\\/buletin.de\\\/bucuresti\\\/#organization\",\"name\":\"Buletin de Bucure\u0219ti\",\"url\":\"https:\\\/\\\/buletin.de\\\/bucuresti\\\/\",\"logo\":{\"@type\":\"ImageObject\",\"inLanguage\":\"en-GB\",\"@id\":\"https:\\\/\\\/buletin.de\\\/bucuresti\\\/#\\\/schema\\\/logo\\\/image\\\/\",\"url\":\"https:\\\/\\\/buletin.de\\\/bucuresti\\\/wp-content\\\/uploads\\\/logo-bdb-full-wide-vernil-transparent.png\",\"contentUrl\":\"https:\\\/\\\/buletin.de\\\/bucuresti\\\/wp-content\\\/uploads\\\/logo-bdb-full-wide-vernil-transparent.png\",\"width\":1782,\"height\":626,\"caption\":\"Buletin de Bucure\u0219ti\"},\"image\":{\"@id\":\"https:\\\/\\\/buletin.de\\\/bucuresti\\\/#\\\/schema\\\/logo\\\/image\\\/\"},\"sameAs\":[\"https:\\\/\\\/www.facebook.com\\\/buletin.de.buc\",\"https:\\\/\\\/www.instagram.com\\\/buletinde.bucuresti\\\/\"]},{\"@type\":\"Person\",\"@id\":\"https:\\\/\\\/buletin.de\\\/bucuresti\\\/#\\\/schema\\\/person\\\/150590659efde715459d159da012f501\",\"name\":\"Andreea Tudor\",\"image\":{\"@type\":\"ImageObject\",\"inLanguage\":\"en-GB\",\"@id\":\"https:\\\/\\\/secure.gravatar.com\\\/avatar\\\/a88705a186ab0b67f3349bcbced506c09e37256fbaad0e7f3bd1a79b4599f589?s=96&d=monsterid&r=g79290610aa1a65c2b86eebc2ca5aee8f\",\"url\":\"https:\\\/\\\/secure.gravatar.com\\\/avatar\\\/a88705a186ab0b67f3349bcbced506c09e37256fbaad0e7f3bd1a79b4599f589?s=96&d=monsterid&r=g\",\"contentUrl\":\"https:\\\/\\\/secure.gravatar.com\\\/avatar\\\/a88705a186ab0b67f3349bcbced506c09e37256fbaad0e7f3bd1a79b4599f589?s=96&d=monsterid&r=g\",\"caption\":\"Andreea Tudor\"},\"description\":\"N\u0103scut\u0103 \u0219i crescut\u0103 \u00een Bucure\u0219ti, sus\u021bin\u0103toare a presei independente. A\u0219a am ajuns redactor la Buletin de Bucure\u0219ti. Fiind eu, \u00eens\u0103mi, parte a sistemului de \u00eenv\u0103\u021b\u0103m\u00e2nt rom\u00e2nesc \u0219i pasionat\u0103 de domeniul social, pun sub lup\u0103 tot ceea ce se \u00eent\u00e2mpl\u0103 \u00een sfera educa\u021biei. Cred cu t\u0103rie c\u0103 presa \u201epentru cet\u0103\u021beni\u201d este presa independent\u0103. Oamenii au nevoie de o informare corect\u0103 pentru a \u00een\u021belege pe deplin ce se \u00eent\u00e2mpl\u0103 \u00een jurul lor \u0219i pentru a lua ac\u021biune \u00eempotriva nedrept\u0103\u021bilor.\",\"url\":\"https:\\\/\\\/buletin.de\\\/bucuresti\\\/author\\\/andreeatudor\\\/\"}]}<\/script>\n<!-- \/ Yoast SEO Premium plugin. -->","yoast_head_json":{"title":"Perchezi\u021bii \u00een Capital\u0103, \u00eentr-un dosar de trafic de persoane. Printre victime se num\u0103r\u0103 \u0219i dou\u0103 minore de 13 \u0219i 14 ani - Buletin de Bucure\u0219ti","robots":{"index":"index","follow":"follow","max-snippet":"max-snippet:-1","max-image-preview":"max-image-preview:large","max-video-preview":"max-video-preview:-1"},"canonical":"https:\/\/buletin.de\/bucuresti\/perchezitii-in-capitala-intr-un-dosar-de-trafic-de-persoane-printre-victime-se-numara-si-doua-minore-de-13-si-14-ani\/","og_locale":"en_GB","og_type":"article","og_title":"Perchezi\u021bii \u00een Capital\u0103, \u00eentr-un dosar de trafic de persoane. Printre victime se num\u0103r\u0103 \u0219i dou\u0103 minore de 13 \u0219i 14 ani","og_description":"Trei mandate de perchezi\u021bie domiciliar\u0103 au fost puse \u00een aplicare \u00een Capital\u0103. Dosarul vizeaz\u0103 infrac\u021biunile de constituire a unui grup infrac\u021bional organizat, trafic de minori, trafic de persoane, act sexual cu un minor \u0219i viol s\u0103v\u00e2r\u0219it asupra unui minor. Gruparea opera at\u00e2t pe teritoriul Rom\u00e2niei, c\u00e2t \u0219i al Marii Britanii, se arat\u0103 \u00eentr-un comunicat al [&hellip;]","og_url":"https:\/\/buletin.de\/bucuresti\/perchezitii-in-capitala-intr-un-dosar-de-trafic-de-persoane-printre-victime-se-numara-si-doua-minore-de-13-si-14-ani\/","og_site_name":"Buletin de Bucure\u0219ti","article_publisher":"https:\/\/www.facebook.com\/buletin.de.buc","article_published_time":"2024-07-10T08:17:18+00:00","article_modified_time":"2024-07-10T08:24:31+00:00","og_image":[{"width":640,"height":425,"url":"https:\/\/buletin.de\/bucuresti\/wp-content\/uploads\/ABUSE.jpg","type":"image\/jpeg"}],"author":"Andreea Tudor","twitter_card":"summary_large_image","twitter_misc":{"Written by":"Andreea Tudor","Estimated reading time":"3 minutes"},"schema":{"@context":"https:\/\/schema.org","@graph":[{"@type":"Article","@id":"https:\/\/buletin.de\/bucuresti\/perchezitii-in-capitala-intr-un-dosar-de-trafic-de-persoane-printre-victime-se-numara-si-doua-minore-de-13-si-14-ani\/#article","isPartOf":{"@id":"https:\/\/buletin.de\/bucuresti\/perchezitii-in-capitala-intr-un-dosar-de-trafic-de-persoane-printre-victime-se-numara-si-doua-minore-de-13-si-14-ani\/"},"author":{"name":"Andreea Tudor","@id":"https:\/\/buletin.de\/bucuresti\/#\/schema\/person\/150590659efde715459d159da012f501"},"headline":"Perchezi\u021bii \u00een Capital\u0103, \u00eentr-un dosar de trafic de persoane. Printre victime se num\u0103r\u0103 \u0219i dou\u0103 minore de 13 \u0219i 14 ani","datePublished":"2024-07-10T08:17:18+00:00","dateModified":"2024-07-10T08:24:31+00:00","mainEntityOfPage":{"@id":"https:\/\/buletin.de\/bucuresti\/perchezitii-in-capitala-intr-un-dosar-de-trafic-de-persoane-printre-victime-se-numara-si-doua-minore-de-13-si-14-ani\/"},"wordCount":480,"publisher":{"@id":"https:\/\/buletin.de\/bucuresti\/#organization"},"image":{"@id":"https:\/\/buletin.de\/bucuresti\/perchezitii-in-capitala-intr-un-dosar-de-trafic-de-persoane-printre-victime-se-numara-si-doua-minore-de-13-si-14-ani\/#primaryimage"},"thumbnailUrl":"https:\/\/buletin.de\/bucuresti\/wp-content\/uploads\/ABUSE.jpg","keywords":["abuz","bucuresti","minori","Perchezi\u021bii","politie"],"articleSection":["Articole","Main"],"inLanguage":"en-GB","copyrightYear":"2024","copyrightHolder":{"@id":"https:\/\/buletin.de\/bucuresti\/#organization"}},{"@type":"WebPage","@id":"https:\/\/buletin.de\/bucuresti\/perchezitii-in-capitala-intr-un-dosar-de-trafic-de-persoane-printre-victime-se-numara-si-doua-minore-de-13-si-14-ani\/","url":"https:\/\/buletin.de\/bucuresti\/perchezitii-in-capitala-intr-un-dosar-de-trafic-de-persoane-printre-victime-se-numara-si-doua-minore-de-13-si-14-ani\/","name":"Perchezi\u021bii \u00een Capital\u0103, \u00eentr-un dosar de trafic de persoane. Printre victime se num\u0103r\u0103 \u0219i dou\u0103 minore de 13 \u0219i 14 ani - Buletin de Bucure\u0219ti","isPartOf":{"@id":"https:\/\/buletin.de\/bucuresti\/#website"},"primaryImageOfPage":{"@id":"https:\/\/buletin.de\/bucuresti\/perchezitii-in-capitala-intr-un-dosar-de-trafic-de-persoane-printre-victime-se-numara-si-doua-minore-de-13-si-14-ani\/#primaryimage"},"image":{"@id":"https:\/\/buletin.de\/bucuresti\/perchezitii-in-capitala-intr-un-dosar-de-trafic-de-persoane-printre-victime-se-numara-si-doua-minore-de-13-si-14-ani\/#primaryimage"},"thumbnailUrl":"https:\/\/buletin.de\/bucuresti\/wp-content\/uploads\/ABUSE.jpg","datePublished":"2024-07-10T08:17:18+00:00","dateModified":"2024-07-10T08:24:31+00:00","breadcrumb":{"@id":"https:\/\/buletin.de\/bucuresti\/perchezitii-in-capitala-intr-un-dosar-de-trafic-de-persoane-printre-victime-se-numara-si-doua-minore-de-13-si-14-ani\/#breadcrumb"},"inLanguage":"en-GB","potentialAction":[{"@type":"ReadAction","target":["https:\/\/buletin.de\/bucuresti\/perchezitii-in-capitala-intr-un-dosar-de-trafic-de-persoane-printre-victime-se-numara-si-doua-minore-de-13-si-14-ani\/"]}]},{"@type":"ImageObject","inLanguage":"en-GB","@id":"https:\/\/buletin.de\/bucuresti\/perchezitii-in-capitala-intr-un-dosar-de-trafic-de-persoane-printre-victime-se-numara-si-doua-minore-de-13-si-14-ani\/#primaryimage","url":"https:\/\/buletin.de\/bucuresti\/wp-content\/uploads\/ABUSE.jpg","contentUrl":"https:\/\/buletin.de\/bucuresti\/wp-content\/uploads\/ABUSE.jpg","width":640,"height":425,"caption":"Surs\u0103 Foro: Inquam Photos"},{"@type":"BreadcrumbList","@id":"https:\/\/buletin.de\/bucuresti\/perchezitii-in-capitala-intr-un-dosar-de-trafic-de-persoane-printre-victime-se-numara-si-doua-minore-de-13-si-14-ani\/#breadcrumb","itemListElement":[{"@type":"ListItem","position":1,"name":"Acas\u0103","item":"https:\/\/buletin.de\/bucuresti\/"},{"@type":"ListItem","position":2,"name":"Perchezi\u021bii \u00een Capital\u0103, \u00eentr-un dosar de trafic de persoane. Printre victime se num\u0103r\u0103 \u0219i dou\u0103 minore de 13 \u0219i 14 ani"}]},{"@type":"WebSite","@id":"https:\/\/buletin.de\/bucuresti\/#website","url":"https:\/\/buletin.de\/bucuresti\/","name":"Buletin de Bucure\u0219ti","description":"\u0218tiri \u0219i investiga\u021bii esen\u021biale din capital\u0103","publisher":{"@id":"https:\/\/buletin.de\/bucuresti\/#organization"},"potentialAction":[{"@type":"SearchAction","target":{"@type":"EntryPoint","urlTemplate":"https:\/\/buletin.de\/bucuresti\/?s={search_term_string}"},"query-input":{"@type":"PropertyValueSpecification","valueRequired":true,"valueName":"search_term_string"}}],"inLanguage":"en-GB"},{"@type":"Organization","@id":"https:\/\/buletin.de\/bucuresti\/#organization","name":"Buletin de Bucure\u0219ti","url":"https:\/\/buletin.de\/bucuresti\/","logo":{"@type":"ImageObject","inLanguage":"en-GB","@id":"https:\/\/buletin.de\/bucuresti\/#\/schema\/logo\/image\/","url":"https:\/\/buletin.de\/bucuresti\/wp-content\/uploads\/logo-bdb-full-wide-vernil-transparent.png","contentUrl":"https:\/\/buletin.de\/bucuresti\/wp-content\/uploads\/logo-bdb-full-wide-vernil-transparent.png","width":1782,"height":626,"caption":"Buletin de Bucure\u0219ti"},"image":{"@id":"https:\/\/buletin.de\/bucuresti\/#\/schema\/logo\/image\/"},"sameAs":["https:\/\/www.facebook.com\/buletin.de.buc","https:\/\/www.instagram.com\/buletinde.bucuresti\/"]},{"@type":"Person","@id":"https:\/\/buletin.de\/bucuresti\/#\/schema\/person\/150590659efde715459d159da012f501","name":"Andreea Tudor","image":{"@type":"ImageObject","inLanguage":"en-GB","@id":"https:\/\/secure.gravatar.com\/avatar\/a88705a186ab0b67f3349bcbced506c09e37256fbaad0e7f3bd1a79b4599f589?s=96&d=monsterid&r=g79290610aa1a65c2b86eebc2ca5aee8f","url":"https:\/\/secure.gravatar.com\/avatar\/a88705a186ab0b67f3349bcbced506c09e37256fbaad0e7f3bd1a79b4599f589?s=96&d=monsterid&r=g","contentUrl":"https:\/\/secure.gravatar.com\/avatar\/a88705a186ab0b67f3349bcbced506c09e37256fbaad0e7f3bd1a79b4599f589?s=96&d=monsterid&r=g","caption":"Andreea Tudor"},"description":"N\u0103scut\u0103 \u0219i crescut\u0103 \u00een Bucure\u0219ti, sus\u021bin\u0103toare a presei independente. A\u0219a am ajuns redactor la Buletin de Bucure\u0219ti. Fiind eu, \u00eens\u0103mi, parte a sistemului de \u00eenv\u0103\u021b\u0103m\u00e2nt rom\u00e2nesc \u0219i pasionat\u0103 de domeniul social, pun sub lup\u0103 tot ceea ce se \u00eent\u00e2mpl\u0103 \u00een sfera educa\u021biei. Cred cu t\u0103rie c\u0103 presa \u201epentru cet\u0103\u021beni\u201d este presa independent\u0103. Oamenii au nevoie de o informare corect\u0103 pentru a \u00een\u021belege pe deplin ce se \u00eent\u00e2mpl\u0103 \u00een jurul lor \u0219i pentru a lua ac\u021biune \u00eempotriva nedrept\u0103\u021bilor.","url":"https:\/\/buletin.de\/bucuresti\/author\/andreeatudor\/"}]}},"authors":[{"term_id":22573,"user_id":55,"is_guest":0,"slug":"andreeatudor","display_name":"Andreea Tudor","avatar_url":"https:\/\/secure.gravatar.com\/avatar\/a88705a186ab0b67f3349bcbced506c09e37256fbaad0e7f3bd1a79b4599f589?s=96&d=monsterid&r=g","0":null,"1":"","2":"","3":"","4":"","5":"","6":"","7":"","8":""}],"_links":{"self":[{"href":"https:\/\/buletin.de\/bucuresti\/wp-json\/wp\/v2\/posts\/90533","targetHints":{"allow":["GET"]}}],"collection":[{"href":"https:\/\/buletin.de\/bucuresti\/wp-json\/wp\/v2\/posts"}],"about":[{"href":"https:\/\/buletin.de\/bucuresti\/wp-json\/wp\/v2\/types\/post"}],"author":[{"embeddable":true,"href":"https:\/\/buletin.de\/bucuresti\/wp-json\/wp\/v2\/users\/55"}],"replies":[{"embeddable":true,"href":"https:\/\/buletin.de\/bucuresti\/wp-json\/wp\/v2\/comments?post=90533"}],"version-history":[{"count":6,"href":"https:\/\/buletin.de\/bucuresti\/wp-json\/wp\/v2\/posts\/90533\/revisions"}],"predecessor-version":[{"id":90561,"href":"https:\/\/buletin.de\/bucuresti\/wp-json\/wp\/v2\/posts\/90533\/revisions\/90561"}],"wp:featuredmedia":[{"embeddable":true,"href":"https:\/\/buletin.de\/bucuresti\/wp-json\/wp\/v2\/media\/80137"}],"wp:attachment":[{"href":"https:\/\/buletin.de\/bucuresti\/wp-json\/wp\/v2\/media?parent=90533"}],"wp:term":[{"taxonomy":"category","embeddable":true,"href":"https:\/\/buletin.de\/bucuresti\/wp-json\/wp\/v2\/categories?post=90533"},{"taxonomy":"post_tag","embeddable":true,"href":"https:\/\/buletin.de\/bucuresti\/wp-json\/wp\/v2\/tags?post=90533"},{"taxonomy":"author","embeddable":true,"href":"https:\/\/buletin.de\/bucuresti\/wp-json\/wp\/v2\/ppma_author?post=90533"}],"curies":[{"name":"wp","href":"https:\/\/api.w.org\/{rel}","templated":true}]}}