{"id":90469,"date":"2024-07-09T14:07:47","date_gmt":"2024-07-09T11:07:47","guid":{"rendered":"https:\/\/buletin.de\/bucuresti\/?p=90469"},"modified":"2024-07-09T16:23:10","modified_gmt":"2024-07-09T13:23:10","slug":"festivalul-saga-a-strans-180-000-de-oameni-fanii-isi-mai-pot-primi-banii-inapoi-pana-pe-12-iulie-dupa-ce-capul-de-afis-nu-a-mai-concertat","status":"publish","type":"post","link":"https:\/\/buletin.de\/bucuresti\/festivalul-saga-a-strans-180-000-de-oameni-fanii-isi-mai-pot-primi-banii-inapoi-pana-pe-12-iulie-dupa-ce-capul-de-afis-nu-a-mai-concertat\/","title":{"rendered":"Festivalul SAGA a str\u00e2ns 180.000 de oameni. Fanii \u00ee\u0219i mai pot primi banii \u00eenapoi p\u00e2n\u0103 pe 12 iulie, dup\u0103 ce capul de afi\u0219 nu a mai concertat"},"content":{"rendered":"\n<p><strong>Cei 180.000 de fani s-au distrat la SAGA pe muzica lui Armin van Buuren, Rita Ora, Loreen, Dennis Lloyd, Raye \u0219i James Hype, de pe scena principal\u0103. Fanii au s\u0103rb\u0103torit \u0219i pe beat-uri techno, house, trap sau mixuri de pop, dance \u0219i R&amp;B.<\/strong><\/p>\n\n\n\n<p>\u00centr-un comunicat al reprezentan\u021bilor Festivalului SAGA, se reg\u0103se\u0219te un r\u0103spuns cu referire la una dintre cele multe situa\u021bii pe care le-au \u00eent\u00e2mpinat unii din arti\u0219ti.<\/p>\n\n\n\n<p>\u201e<em>\u00cen urma unor acuza\u021bii nefondate \u0219i specula\u021bii privind anularea unor concerte, echipa SAGA precizeaz\u0103 c\u0103 to\u021bi arti\u0219tii au fost pl\u0103ti\u021bi conform \u00een\u021belegerilor contractuale, toate condi\u021biile financiare au fost respectate, iar echipa organizatoare a depus toate eforturile pentru a asigura prezen\u021ba arti\u0219tilor pe scena festivalului<\/em>\u201d.&nbsp;<\/p>\n\n\n\n<p>CEO-ul SAGA, Allan Hardenberg, a vorbit, prin acela\u0219i comunicat, \u0219i despre arti\u0219tii care \u0219i-au anulat prestan\u021ba cu doar c\u00e2teva ore \u00eenainte.<\/p>\n\n\n\n<blockquote class=\"wp-block-quote is-layout-flow wp-block-quote-is-layout-flow\">\n<p>\u0218i noi suferim, exact ca ei, \u0219i noi suntem dezam\u0103gi\u021bi \u0219i furio\u0219i, exact ca ei, pentru c\u0103 noi to\u021bi suntem SAGA.<\/p>\n<cite>CEO-ul SAGA, Allan Hardenberg<\/cite><\/blockquote>\n\n\n\n<p>Organizatorii reamintesc c\u0103 rapperi\u021ba american\u0103, Nicki Minaj, \u0219i-a anulat concertul cu trei ore \u00eenainte, aduc\u00e2nd \u00een fa\u021b\u0103 ca motiv principal, securitatea care i-ar fi fost pus\u0103 \u00een pericol din cauza protestelor care au loc \u00een Bucure\u0219ti \u00een aceast\u0103 perioad\u0103. Mai mult, dj-ul olandez Hardwell \u0219i-a anulat spectacolul dup\u0103 c\u00e2teva minute dup\u0103 ce intrase pe scen\u0103. El spune c\u0103 au existat probleme tehnice \u0219i sus\u021bine c\u0103 organizatorii nu l-au pl\u0103tit.&nbsp;<\/p>\n\n\n\n<p>Presiunea c\u0103 doi dintre cei mai a\u0219tepta\u021bi arti\u0219ti de anul acesta nu au mai performat la SAGA, i-a \u00eendemnat pe organizatori s\u0103 ofere rambursarea sumelor pl\u0103tite de participan\u021bi, astfel:<\/p>\n\n\n\n<ul class=\"wp-block-list\">\n<li>1-DAY SUNDAY: 30% pentru biletele din ziua de duminic\u0103, scanate<\/li>\n\n\n\n<li>1-DAY SUNDAY: 100% pentru biletele din ziua de duminic\u0103, nescanate<\/li>\n\n\n\n<li>3 DAYS PINK: 15% pentru biletele roz cu acces la toate cele trei zile&nbsp;<\/li>\n\n\n\n<li>CHOOSE YOUR DAY: 100% pentru biletele de tipul \u201eAlege-\u021bi ziua\u201d, nescanate<\/li>\n<\/ul>\n\n\n\n<p><a href=\"https:\/\/docs.google.com\/forms\/d\/e\/1FAIpQLSc-39QA-Zgv9AYAA8il8_TAhFH9dsCzsLnc0z-ruLC2aivE2g\/viewform\">Formularul pentru rambursarea banilor<\/a> mai poate fi completat p\u00e2n\u0103 pe 12 iulie.&nbsp;<\/p>\n\n\n\n<p>\u201e<em>Promitem c\u0103 vom folosi lec\u021biile primite pentru a \u00eembun\u0103t\u0103\u021bi SAGA, iar la anul va fi mai bine<\/em>\u201d, a mai ad\u0103ugat CEO-ul SAGA.<\/p>\n\n\n\n<p>Festivalul SAGA a \u00eent\u00e2mpinat de-a lungul anilor un lung \u0219ir de probleme \u0219i dezam\u0103giri pentru participan\u021bi. \u00cen edi\u021bia de anul trecut, festivalul s-a mai confruntat cu situa\u021bii similare, \u00een care arti\u0219tii au anun\u021bat \u00een ultimul moment c\u0103 nu vor mai ajunge \u00een Bucure\u0219ti s\u0103 concerteze. Mai exact, este vorba de trei dintre cei mai importan\u021bi arti\u0219ti pe care \u00eei promova festivalul, Lil Nas X, Wiz Khalifa \u0219i Sickik.&nbsp;<\/p>\n\n\n\n<p>Nu \u00een ultimul r\u00e2nd, la toate acestea, se adaug\u0103 \u0219i c\u0103 PMB cere plata a aproape 330.000 de lei de la Saga Festival SRL, solicitare care a ajuns \u00een instan\u021b\u0103. Municipalitatea acuz\u0103 c\u0103 organizatorii s-au folosit de serviciile companiei municipale Energetica \u0219i nu le-au pl\u0103tit, precum \u0219i faptul c\u0103 SAGA nu a achitat serviciile pentru amenajarea locurilor VIP de pe stadionul Arena Na\u021bional\u0103, ac\u021biuni petrecute la edi\u021bia din 2022, arat\u0103 <a href=\"http:\/\/defapt.ro\">defapt.ro.<\/a>&nbsp;<\/p>\n","protected":false},"excerpt":{"rendered":"<p>Cei 180.000 de fani s-au distrat la SAGA pe muzica lui Armin van Buuren, Rita Ora, Loreen, Dennis Lloyd, Raye \u0219i James Hype, de pe scena principal\u0103. Fanii au s\u0103rb\u0103torit \u0219i pe beat-uri techno, house, trap sau mixuri de pop, dance \u0219i R&amp;B. \u00centr-un comunicat al reprezentan\u021bilor Festivalului SAGA, se reg\u0103se\u0219te un r\u0103spuns cu referire [&hellip;]<\/p>\n","protected":false},"author":58,"featured_media":90471,"comment_status":"closed","ping_status":"open","sticky":false,"template":"","format":"standard","meta":{"_acf_changed":false,"inline_featured_image":false,"ngg_post_thumbnail":0,"footnotes":""},"categories":[6994,5762],"tags":[2063,13306,13262,104,5991,4214,4228],"ppma_author":[22581],"class_list":["post-90469","post","type-post","status-publish","format-standard","has-post-thumbnail","hentry","category-stiri-2","category-main","tag-bucuresti-2","tag-dj-hardwell","tag-nicki-minaj","tag-pmb","tag-romaero","tag-saga","tag-saga-festival"],"acf":[],"yoast_head":"<!-- This site is optimized with the Yoast SEO Premium plugin v25.3 (Yoast SEO v27.4) - https:\/\/yoast.com\/product\/yoast-seo-premium-wordpress\/ -->\n<title>Festivalul SAGA a str\u00e2ns 180.000 de oameni. Fanii \u00ee\u0219i mai pot primi banii \u00eenapoi p\u00e2n\u0103 pe 12 iulie, dup\u0103 ce capul de afi\u0219 nu a mai concertat - Buletin de Bucure\u0219ti<\/title>\n<meta name=\"robots\" content=\"index, follow, max-snippet:-1, max-image-preview:large, max-video-preview:-1\" \/>\n<link rel=\"canonical\" href=\"https:\/\/buletin.de\/bucuresti\/festivalul-saga-a-strans-180-000-de-oameni-fanii-isi-mai-pot-primi-banii-inapoi-pana-pe-12-iulie-dupa-ce-capul-de-afis-nu-a-mai-concertat\/\" \/>\n<meta property=\"og:locale\" content=\"en_GB\" \/>\n<meta property=\"og:type\" content=\"article\" \/>\n<meta property=\"og:title\" content=\"Festivalul SAGA a str\u00e2ns 180.000 de oameni. Fanii \u00ee\u0219i mai pot primi banii \u00eenapoi p\u00e2n\u0103 pe 12 iulie, dup\u0103 ce capul de afi\u0219 nu a mai concertat\" \/>\n<meta property=\"og:description\" content=\"Cei 180.000 de fani s-au distrat la SAGA pe muzica lui Armin van Buuren, Rita Ora, Loreen, Dennis Lloyd, Raye \u0219i James Hype, de pe scena principal\u0103. Fanii au s\u0103rb\u0103torit \u0219i pe beat-uri techno, house, trap sau mixuri de pop, dance \u0219i R&amp;B. \u00centr-un comunicat al reprezentan\u021bilor Festivalului SAGA, se reg\u0103se\u0219te un r\u0103spuns cu referire [&hellip;]\" \/>\n<meta property=\"og:url\" content=\"https:\/\/buletin.de\/bucuresti\/festivalul-saga-a-strans-180-000-de-oameni-fanii-isi-mai-pot-primi-banii-inapoi-pana-pe-12-iulie-dupa-ce-capul-de-afis-nu-a-mai-concertat\/\" \/>\n<meta property=\"og:site_name\" content=\"Buletin de Bucure\u0219ti\" \/>\n<meta property=\"article:publisher\" content=\"https:\/\/www.facebook.com\/buletin.de.buc\" \/>\n<meta property=\"article:published_time\" content=\"2024-07-09T11:07:47+00:00\" \/>\n<meta property=\"article:modified_time\" content=\"2024-07-09T13:23:10+00:00\" \/>\n<meta property=\"og:image\" content=\"https:\/\/buletin.de\/bucuresti\/wp-content\/uploads\/20240708-000914-CK6A7911.jpg\" \/>\n\t<meta property=\"og:image:width\" content=\"2000\" \/>\n\t<meta property=\"og:image:height\" content=\"1333\" \/>\n\t<meta property=\"og:image:type\" content=\"image\/jpeg\" \/>\n<meta name=\"author\" content=\"Ana Anghel-Dimache\" \/>\n<meta name=\"twitter:card\" content=\"summary_large_image\" \/>\n<meta name=\"twitter:label1\" content=\"Written by\" \/>\n\t<meta name=\"twitter:data1\" content=\"Ana Anghel-Dimache\" \/>\n\t<meta name=\"twitter:label2\" content=\"Estimated reading time\" \/>\n\t<meta name=\"twitter:data2\" content=\"3 minutes\" \/>\n<script type=\"application\/ld+json\" class=\"yoast-schema-graph\">{\"@context\":\"https:\\\/\\\/schema.org\",\"@graph\":[{\"@type\":\"Article\",\"@id\":\"https:\\\/\\\/buletin.de\\\/bucuresti\\\/festivalul-saga-a-strans-180-000-de-oameni-fanii-isi-mai-pot-primi-banii-inapoi-pana-pe-12-iulie-dupa-ce-capul-de-afis-nu-a-mai-concertat\\\/#article\",\"isPartOf\":{\"@id\":\"https:\\\/\\\/buletin.de\\\/bucuresti\\\/festivalul-saga-a-strans-180-000-de-oameni-fanii-isi-mai-pot-primi-banii-inapoi-pana-pe-12-iulie-dupa-ce-capul-de-afis-nu-a-mai-concertat\\\/\"},\"author\":{\"name\":\"Ana Anghel-Dimache\",\"@id\":\"https:\\\/\\\/buletin.de\\\/bucuresti\\\/#\\\/schema\\\/person\\\/359459245996e200ed7c807f71f0551a\"},\"headline\":\"Festivalul SAGA a str\u00e2ns 180.000 de oameni. Fanii \u00ee\u0219i mai pot primi banii \u00eenapoi p\u00e2n\u0103 pe 12 iulie, dup\u0103 ce capul de afi\u0219 nu a mai concertat\",\"datePublished\":\"2024-07-09T11:07:47+00:00\",\"dateModified\":\"2024-07-09T13:23:10+00:00\",\"mainEntityOfPage\":{\"@id\":\"https:\\\/\\\/buletin.de\\\/bucuresti\\\/festivalul-saga-a-strans-180-000-de-oameni-fanii-isi-mai-pot-primi-banii-inapoi-pana-pe-12-iulie-dupa-ce-capul-de-afis-nu-a-mai-concertat\\\/\"},\"wordCount\":560,\"publisher\":{\"@id\":\"https:\\\/\\\/buletin.de\\\/bucuresti\\\/#organization\"},\"image\":{\"@id\":\"https:\\\/\\\/buletin.de\\\/bucuresti\\\/festivalul-saga-a-strans-180-000-de-oameni-fanii-isi-mai-pot-primi-banii-inapoi-pana-pe-12-iulie-dupa-ce-capul-de-afis-nu-a-mai-concertat\\\/#primaryimage\"},\"thumbnailUrl\":\"https:\\\/\\\/buletin.de\\\/bucuresti\\\/wp-content\\\/uploads\\\/20240708-000914-CK6A7911.jpg\",\"keywords\":[\"Bucure\u0219ti\",\"dj hardwell\",\"Nicki Minaj\",\"pmb\",\"romaero\",\"saga\",\"saga festival\"],\"articleSection\":[\"Articole\",\"Main\"],\"inLanguage\":\"en-GB\",\"copyrightYear\":\"2024\",\"copyrightHolder\":{\"@id\":\"https:\\\/\\\/buletin.de\\\/bucuresti\\\/#organization\"}},{\"@type\":\"WebPage\",\"@id\":\"https:\\\/\\\/buletin.de\\\/bucuresti\\\/festivalul-saga-a-strans-180-000-de-oameni-fanii-isi-mai-pot-primi-banii-inapoi-pana-pe-12-iulie-dupa-ce-capul-de-afis-nu-a-mai-concertat\\\/\",\"url\":\"https:\\\/\\\/buletin.de\\\/bucuresti\\\/festivalul-saga-a-strans-180-000-de-oameni-fanii-isi-mai-pot-primi-banii-inapoi-pana-pe-12-iulie-dupa-ce-capul-de-afis-nu-a-mai-concertat\\\/\",\"name\":\"Festivalul SAGA a str\u00e2ns 180.000 de oameni. Fanii \u00ee\u0219i mai pot primi banii \u00eenapoi p\u00e2n\u0103 pe 12 iulie, dup\u0103 ce capul de afi\u0219 nu a mai concertat - Buletin de Bucure\u0219ti\",\"isPartOf\":{\"@id\":\"https:\\\/\\\/buletin.de\\\/bucuresti\\\/#website\"},\"primaryImageOfPage\":{\"@id\":\"https:\\\/\\\/buletin.de\\\/bucuresti\\\/festivalul-saga-a-strans-180-000-de-oameni-fanii-isi-mai-pot-primi-banii-inapoi-pana-pe-12-iulie-dupa-ce-capul-de-afis-nu-a-mai-concertat\\\/#primaryimage\"},\"image\":{\"@id\":\"https:\\\/\\\/buletin.de\\\/bucuresti\\\/festivalul-saga-a-strans-180-000-de-oameni-fanii-isi-mai-pot-primi-banii-inapoi-pana-pe-12-iulie-dupa-ce-capul-de-afis-nu-a-mai-concertat\\\/#primaryimage\"},\"thumbnailUrl\":\"https:\\\/\\\/buletin.de\\\/bucuresti\\\/wp-content\\\/uploads\\\/20240708-000914-CK6A7911.jpg\",\"datePublished\":\"2024-07-09T11:07:47+00:00\",\"dateModified\":\"2024-07-09T13:23:10+00:00\",\"breadcrumb\":{\"@id\":\"https:\\\/\\\/buletin.de\\\/bucuresti\\\/festivalul-saga-a-strans-180-000-de-oameni-fanii-isi-mai-pot-primi-banii-inapoi-pana-pe-12-iulie-dupa-ce-capul-de-afis-nu-a-mai-concertat\\\/#breadcrumb\"},\"inLanguage\":\"en-GB\",\"potentialAction\":[{\"@type\":\"ReadAction\",\"target\":[\"https:\\\/\\\/buletin.de\\\/bucuresti\\\/festivalul-saga-a-strans-180-000-de-oameni-fanii-isi-mai-pot-primi-banii-inapoi-pana-pe-12-iulie-dupa-ce-capul-de-afis-nu-a-mai-concertat\\\/\"]}]},{\"@type\":\"ImageObject\",\"inLanguage\":\"en-GB\",\"@id\":\"https:\\\/\\\/buletin.de\\\/bucuresti\\\/festivalul-saga-a-strans-180-000-de-oameni-fanii-isi-mai-pot-primi-banii-inapoi-pana-pe-12-iulie-dupa-ce-capul-de-afis-nu-a-mai-concertat\\\/#primaryimage\",\"url\":\"https:\\\/\\\/buletin.de\\\/bucuresti\\\/wp-content\\\/uploads\\\/20240708-000914-CK6A7911.jpg\",\"contentUrl\":\"https:\\\/\\\/buletin.de\\\/bucuresti\\\/wp-content\\\/uploads\\\/20240708-000914-CK6A7911.jpg\",\"width\":2000,\"height\":1333,\"caption\":\"FOTO: SAGA Festival\"},{\"@type\":\"BreadcrumbList\",\"@id\":\"https:\\\/\\\/buletin.de\\\/bucuresti\\\/festivalul-saga-a-strans-180-000-de-oameni-fanii-isi-mai-pot-primi-banii-inapoi-pana-pe-12-iulie-dupa-ce-capul-de-afis-nu-a-mai-concertat\\\/#breadcrumb\",\"itemListElement\":[{\"@type\":\"ListItem\",\"position\":1,\"name\":\"Acas\u0103\",\"item\":\"https:\\\/\\\/buletin.de\\\/bucuresti\\\/\"},{\"@type\":\"ListItem\",\"position\":2,\"name\":\"Festivalul SAGA a str\u00e2ns 180.000 de oameni. Fanii \u00ee\u0219i mai pot primi banii \u00eenapoi p\u00e2n\u0103 pe 12 iulie, dup\u0103 ce capul de afi\u0219 nu a mai concertat\"}]},{\"@type\":\"WebSite\",\"@id\":\"https:\\\/\\\/buletin.de\\\/bucuresti\\\/#website\",\"url\":\"https:\\\/\\\/buletin.de\\\/bucuresti\\\/\",\"name\":\"Buletin de Bucure\u0219ti\",\"description\":\"\u0218tiri \u0219i investiga\u021bii esen\u021biale din capital\u0103\",\"publisher\":{\"@id\":\"https:\\\/\\\/buletin.de\\\/bucuresti\\\/#organization\"},\"potentialAction\":[{\"@type\":\"SearchAction\",\"target\":{\"@type\":\"EntryPoint\",\"urlTemplate\":\"https:\\\/\\\/buletin.de\\\/bucuresti\\\/?s={search_term_string}\"},\"query-input\":{\"@type\":\"PropertyValueSpecification\",\"valueRequired\":true,\"valueName\":\"search_term_string\"}}],\"inLanguage\":\"en-GB\"},{\"@type\":\"Organization\",\"@id\":\"https:\\\/\\\/buletin.de\\\/bucuresti\\\/#organization\",\"name\":\"Buletin de Bucure\u0219ti\",\"url\":\"https:\\\/\\\/buletin.de\\\/bucuresti\\\/\",\"logo\":{\"@type\":\"ImageObject\",\"inLanguage\":\"en-GB\",\"@id\":\"https:\\\/\\\/buletin.de\\\/bucuresti\\\/#\\\/schema\\\/logo\\\/image\\\/\",\"url\":\"https:\\\/\\\/buletin.de\\\/bucuresti\\\/wp-content\\\/uploads\\\/logo-bdb-full-wide-vernil-transparent.png\",\"contentUrl\":\"https:\\\/\\\/buletin.de\\\/bucuresti\\\/wp-content\\\/uploads\\\/logo-bdb-full-wide-vernil-transparent.png\",\"width\":1782,\"height\":626,\"caption\":\"Buletin de Bucure\u0219ti\"},\"image\":{\"@id\":\"https:\\\/\\\/buletin.de\\\/bucuresti\\\/#\\\/schema\\\/logo\\\/image\\\/\"},\"sameAs\":[\"https:\\\/\\\/www.facebook.com\\\/buletin.de.buc\",\"https:\\\/\\\/www.instagram.com\\\/buletinde.bucuresti\\\/\"]},{\"@type\":\"Person\",\"@id\":\"https:\\\/\\\/buletin.de\\\/bucuresti\\\/#\\\/schema\\\/person\\\/359459245996e200ed7c807f71f0551a\",\"name\":\"Ana Anghel-Dimache\",\"image\":{\"@type\":\"ImageObject\",\"inLanguage\":\"en-GB\",\"@id\":\"https:\\\/\\\/buletin.de\\\/bucuresti\\\/wp-content\\\/uploads\\\/Ana-Anghel-Dimache-96x96.jpg861145fc2c4f1fe57dc81b59a6cfb674\",\"url\":\"https:\\\/\\\/buletin.de\\\/bucuresti\\\/wp-content\\\/uploads\\\/Ana-Anghel-Dimache-96x96.jpg\",\"contentUrl\":\"https:\\\/\\\/buletin.de\\\/bucuresti\\\/wp-content\\\/uploads\\\/Ana-Anghel-Dimache-96x96.jpg\",\"caption\":\"Ana Anghel-Dimache\"},\"description\":\"Sunt student\u0103 la jurnalism \u0219i m-am n\u0103scut \u00een Bucure\u0219ti, ora\u0219 plin de pove\u0219ti care merit\u0103 explorate. \u00cemi place s\u0103 scriu despre subiecte politice, de mediu \u0219i legate de transportul din Capital\u0103. \u00cencerc s\u0103 pictez o imagine c\u00e2t mai sincer\u0103 a realit\u0103\u021bii \u0219i sus\u021bin presa independent\u0103 pentru c\u0103 este esen\u021bial s\u0103 pot reda faptele \u00een formele lor adev\u0103rate.\",\"url\":\"https:\\\/\\\/buletin.de\\\/bucuresti\\\/author\\\/ana-dimache\\\/\"}]}<\/script>\n<!-- \/ Yoast SEO Premium plugin. -->","yoast_head_json":{"title":"Festivalul SAGA a str\u00e2ns 180.000 de oameni. Fanii \u00ee\u0219i mai pot primi banii \u00eenapoi p\u00e2n\u0103 pe 12 iulie, dup\u0103 ce capul de afi\u0219 nu a mai concertat - Buletin de Bucure\u0219ti","robots":{"index":"index","follow":"follow","max-snippet":"max-snippet:-1","max-image-preview":"max-image-preview:large","max-video-preview":"max-video-preview:-1"},"canonical":"https:\/\/buletin.de\/bucuresti\/festivalul-saga-a-strans-180-000-de-oameni-fanii-isi-mai-pot-primi-banii-inapoi-pana-pe-12-iulie-dupa-ce-capul-de-afis-nu-a-mai-concertat\/","og_locale":"en_GB","og_type":"article","og_title":"Festivalul SAGA a str\u00e2ns 180.000 de oameni. Fanii \u00ee\u0219i mai pot primi banii \u00eenapoi p\u00e2n\u0103 pe 12 iulie, dup\u0103 ce capul de afi\u0219 nu a mai concertat","og_description":"Cei 180.000 de fani s-au distrat la SAGA pe muzica lui Armin van Buuren, Rita Ora, Loreen, Dennis Lloyd, Raye \u0219i James Hype, de pe scena principal\u0103. Fanii au s\u0103rb\u0103torit \u0219i pe beat-uri techno, house, trap sau mixuri de pop, dance \u0219i R&amp;B. \u00centr-un comunicat al reprezentan\u021bilor Festivalului SAGA, se reg\u0103se\u0219te un r\u0103spuns cu referire [&hellip;]","og_url":"https:\/\/buletin.de\/bucuresti\/festivalul-saga-a-strans-180-000-de-oameni-fanii-isi-mai-pot-primi-banii-inapoi-pana-pe-12-iulie-dupa-ce-capul-de-afis-nu-a-mai-concertat\/","og_site_name":"Buletin de Bucure\u0219ti","article_publisher":"https:\/\/www.facebook.com\/buletin.de.buc","article_published_time":"2024-07-09T11:07:47+00:00","article_modified_time":"2024-07-09T13:23:10+00:00","og_image":[{"width":2000,"height":1333,"url":"https:\/\/buletin.de\/bucuresti\/wp-content\/uploads\/20240708-000914-CK6A7911.jpg","type":"image\/jpeg"}],"author":"Ana Anghel-Dimache","twitter_card":"summary_large_image","twitter_misc":{"Written by":"Ana Anghel-Dimache","Estimated reading time":"3 minutes"},"schema":{"@context":"https:\/\/schema.org","@graph":[{"@type":"Article","@id":"https:\/\/buletin.de\/bucuresti\/festivalul-saga-a-strans-180-000-de-oameni-fanii-isi-mai-pot-primi-banii-inapoi-pana-pe-12-iulie-dupa-ce-capul-de-afis-nu-a-mai-concertat\/#article","isPartOf":{"@id":"https:\/\/buletin.de\/bucuresti\/festivalul-saga-a-strans-180-000-de-oameni-fanii-isi-mai-pot-primi-banii-inapoi-pana-pe-12-iulie-dupa-ce-capul-de-afis-nu-a-mai-concertat\/"},"author":{"name":"Ana Anghel-Dimache","@id":"https:\/\/buletin.de\/bucuresti\/#\/schema\/person\/359459245996e200ed7c807f71f0551a"},"headline":"Festivalul SAGA a str\u00e2ns 180.000 de oameni. Fanii \u00ee\u0219i mai pot primi banii \u00eenapoi p\u00e2n\u0103 pe 12 iulie, dup\u0103 ce capul de afi\u0219 nu a mai concertat","datePublished":"2024-07-09T11:07:47+00:00","dateModified":"2024-07-09T13:23:10+00:00","mainEntityOfPage":{"@id":"https:\/\/buletin.de\/bucuresti\/festivalul-saga-a-strans-180-000-de-oameni-fanii-isi-mai-pot-primi-banii-inapoi-pana-pe-12-iulie-dupa-ce-capul-de-afis-nu-a-mai-concertat\/"},"wordCount":560,"publisher":{"@id":"https:\/\/buletin.de\/bucuresti\/#organization"},"image":{"@id":"https:\/\/buletin.de\/bucuresti\/festivalul-saga-a-strans-180-000-de-oameni-fanii-isi-mai-pot-primi-banii-inapoi-pana-pe-12-iulie-dupa-ce-capul-de-afis-nu-a-mai-concertat\/#primaryimage"},"thumbnailUrl":"https:\/\/buletin.de\/bucuresti\/wp-content\/uploads\/20240708-000914-CK6A7911.jpg","keywords":["Bucure\u0219ti","dj hardwell","Nicki Minaj","pmb","romaero","saga","saga festival"],"articleSection":["Articole","Main"],"inLanguage":"en-GB","copyrightYear":"2024","copyrightHolder":{"@id":"https:\/\/buletin.de\/bucuresti\/#organization"}},{"@type":"WebPage","@id":"https:\/\/buletin.de\/bucuresti\/festivalul-saga-a-strans-180-000-de-oameni-fanii-isi-mai-pot-primi-banii-inapoi-pana-pe-12-iulie-dupa-ce-capul-de-afis-nu-a-mai-concertat\/","url":"https:\/\/buletin.de\/bucuresti\/festivalul-saga-a-strans-180-000-de-oameni-fanii-isi-mai-pot-primi-banii-inapoi-pana-pe-12-iulie-dupa-ce-capul-de-afis-nu-a-mai-concertat\/","name":"Festivalul SAGA a str\u00e2ns 180.000 de oameni. Fanii \u00ee\u0219i mai pot primi banii \u00eenapoi p\u00e2n\u0103 pe 12 iulie, dup\u0103 ce capul de afi\u0219 nu a mai concertat - Buletin de Bucure\u0219ti","isPartOf":{"@id":"https:\/\/buletin.de\/bucuresti\/#website"},"primaryImageOfPage":{"@id":"https:\/\/buletin.de\/bucuresti\/festivalul-saga-a-strans-180-000-de-oameni-fanii-isi-mai-pot-primi-banii-inapoi-pana-pe-12-iulie-dupa-ce-capul-de-afis-nu-a-mai-concertat\/#primaryimage"},"image":{"@id":"https:\/\/buletin.de\/bucuresti\/festivalul-saga-a-strans-180-000-de-oameni-fanii-isi-mai-pot-primi-banii-inapoi-pana-pe-12-iulie-dupa-ce-capul-de-afis-nu-a-mai-concertat\/#primaryimage"},"thumbnailUrl":"https:\/\/buletin.de\/bucuresti\/wp-content\/uploads\/20240708-000914-CK6A7911.jpg","datePublished":"2024-07-09T11:07:47+00:00","dateModified":"2024-07-09T13:23:10+00:00","breadcrumb":{"@id":"https:\/\/buletin.de\/bucuresti\/festivalul-saga-a-strans-180-000-de-oameni-fanii-isi-mai-pot-primi-banii-inapoi-pana-pe-12-iulie-dupa-ce-capul-de-afis-nu-a-mai-concertat\/#breadcrumb"},"inLanguage":"en-GB","potentialAction":[{"@type":"ReadAction","target":["https:\/\/buletin.de\/bucuresti\/festivalul-saga-a-strans-180-000-de-oameni-fanii-isi-mai-pot-primi-banii-inapoi-pana-pe-12-iulie-dupa-ce-capul-de-afis-nu-a-mai-concertat\/"]}]},{"@type":"ImageObject","inLanguage":"en-GB","@id":"https:\/\/buletin.de\/bucuresti\/festivalul-saga-a-strans-180-000-de-oameni-fanii-isi-mai-pot-primi-banii-inapoi-pana-pe-12-iulie-dupa-ce-capul-de-afis-nu-a-mai-concertat\/#primaryimage","url":"https:\/\/buletin.de\/bucuresti\/wp-content\/uploads\/20240708-000914-CK6A7911.jpg","contentUrl":"https:\/\/buletin.de\/bucuresti\/wp-content\/uploads\/20240708-000914-CK6A7911.jpg","width":2000,"height":1333,"caption":"FOTO: SAGA Festival"},{"@type":"BreadcrumbList","@id":"https:\/\/buletin.de\/bucuresti\/festivalul-saga-a-strans-180-000-de-oameni-fanii-isi-mai-pot-primi-banii-inapoi-pana-pe-12-iulie-dupa-ce-capul-de-afis-nu-a-mai-concertat\/#breadcrumb","itemListElement":[{"@type":"ListItem","position":1,"name":"Acas\u0103","item":"https:\/\/buletin.de\/bucuresti\/"},{"@type":"ListItem","position":2,"name":"Festivalul SAGA a str\u00e2ns 180.000 de oameni. Fanii \u00ee\u0219i mai pot primi banii \u00eenapoi p\u00e2n\u0103 pe 12 iulie, dup\u0103 ce capul de afi\u0219 nu a mai concertat"}]},{"@type":"WebSite","@id":"https:\/\/buletin.de\/bucuresti\/#website","url":"https:\/\/buletin.de\/bucuresti\/","name":"Buletin de Bucure\u0219ti","description":"\u0218tiri \u0219i investiga\u021bii esen\u021biale din capital\u0103","publisher":{"@id":"https:\/\/buletin.de\/bucuresti\/#organization"},"potentialAction":[{"@type":"SearchAction","target":{"@type":"EntryPoint","urlTemplate":"https:\/\/buletin.de\/bucuresti\/?s={search_term_string}"},"query-input":{"@type":"PropertyValueSpecification","valueRequired":true,"valueName":"search_term_string"}}],"inLanguage":"en-GB"},{"@type":"Organization","@id":"https:\/\/buletin.de\/bucuresti\/#organization","name":"Buletin de Bucure\u0219ti","url":"https:\/\/buletin.de\/bucuresti\/","logo":{"@type":"ImageObject","inLanguage":"en-GB","@id":"https:\/\/buletin.de\/bucuresti\/#\/schema\/logo\/image\/","url":"https:\/\/buletin.de\/bucuresti\/wp-content\/uploads\/logo-bdb-full-wide-vernil-transparent.png","contentUrl":"https:\/\/buletin.de\/bucuresti\/wp-content\/uploads\/logo-bdb-full-wide-vernil-transparent.png","width":1782,"height":626,"caption":"Buletin de Bucure\u0219ti"},"image":{"@id":"https:\/\/buletin.de\/bucuresti\/#\/schema\/logo\/image\/"},"sameAs":["https:\/\/www.facebook.com\/buletin.de.buc","https:\/\/www.instagram.com\/buletinde.bucuresti\/"]},{"@type":"Person","@id":"https:\/\/buletin.de\/bucuresti\/#\/schema\/person\/359459245996e200ed7c807f71f0551a","name":"Ana Anghel-Dimache","image":{"@type":"ImageObject","inLanguage":"en-GB","@id":"https:\/\/buletin.de\/bucuresti\/wp-content\/uploads\/Ana-Anghel-Dimache-96x96.jpg861145fc2c4f1fe57dc81b59a6cfb674","url":"https:\/\/buletin.de\/bucuresti\/wp-content\/uploads\/Ana-Anghel-Dimache-96x96.jpg","contentUrl":"https:\/\/buletin.de\/bucuresti\/wp-content\/uploads\/Ana-Anghel-Dimache-96x96.jpg","caption":"Ana Anghel-Dimache"},"description":"Sunt student\u0103 la jurnalism \u0219i m-am n\u0103scut \u00een Bucure\u0219ti, ora\u0219 plin de pove\u0219ti care merit\u0103 explorate. \u00cemi place s\u0103 scriu despre subiecte politice, de mediu \u0219i legate de transportul din Capital\u0103. \u00cencerc s\u0103 pictez o imagine c\u00e2t mai sincer\u0103 a realit\u0103\u021bii \u0219i sus\u021bin presa independent\u0103 pentru c\u0103 este esen\u021bial s\u0103 pot reda faptele \u00een formele lor adev\u0103rate.","url":"https:\/\/buletin.de\/bucuresti\/author\/ana-dimache\/"}]}},"authors":[{"term_id":22581,"user_id":58,"is_guest":0,"slug":"ana-dimache","display_name":"Ana Anghel-Dimache","avatar_url":"https:\/\/buletin.de\/bucuresti\/wp-content\/uploads\/Ana-Anghel-Dimache-96x96.jpg","0":null,"1":"","2":"","3":"","4":"","5":"","6":"","7":"","8":""}],"_links":{"self":[{"href":"https:\/\/buletin.de\/bucuresti\/wp-json\/wp\/v2\/posts\/90469","targetHints":{"allow":["GET"]}}],"collection":[{"href":"https:\/\/buletin.de\/bucuresti\/wp-json\/wp\/v2\/posts"}],"about":[{"href":"https:\/\/buletin.de\/bucuresti\/wp-json\/wp\/v2\/types\/post"}],"author":[{"embeddable":true,"href":"https:\/\/buletin.de\/bucuresti\/wp-json\/wp\/v2\/users\/58"}],"replies":[{"embeddable":true,"href":"https:\/\/buletin.de\/bucuresti\/wp-json\/wp\/v2\/comments?post=90469"}],"version-history":[{"count":4,"href":"https:\/\/buletin.de\/bucuresti\/wp-json\/wp\/v2\/posts\/90469\/revisions"}],"predecessor-version":[{"id":90483,"href":"https:\/\/buletin.de\/bucuresti\/wp-json\/wp\/v2\/posts\/90469\/revisions\/90483"}],"wp:featuredmedia":[{"embeddable":true,"href":"https:\/\/buletin.de\/bucuresti\/wp-json\/wp\/v2\/media\/90471"}],"wp:attachment":[{"href":"https:\/\/buletin.de\/bucuresti\/wp-json\/wp\/v2\/media?parent=90469"}],"wp:term":[{"taxonomy":"category","embeddable":true,"href":"https:\/\/buletin.de\/bucuresti\/wp-json\/wp\/v2\/categories?post=90469"},{"taxonomy":"post_tag","embeddable":true,"href":"https:\/\/buletin.de\/bucuresti\/wp-json\/wp\/v2\/tags?post=90469"},{"taxonomy":"author","embeddable":true,"href":"https:\/\/buletin.de\/bucuresti\/wp-json\/wp\/v2\/ppma_author?post=90469"}],"curies":[{"name":"wp","href":"https:\/\/api.w.org\/{rel}","templated":true}]}}