{"id":9046,"date":"2020-07-10T09:47:17","date_gmt":"2020-07-10T06:47:17","guid":{"rendered":"https:\/\/buletin.de\/bucuresti\/?p=9046"},"modified":"2021-12-27T16:15:16","modified_gmt":"2021-12-27T14:15:16","slug":"o-noua-criza-de-citostatice-in-bucuresti-familiile-fac-tot-ce-pot-ca-sa-suplineasca-statul","status":"publish","type":"post","link":"https:\/\/buletin.de\/bucuresti\/o-noua-criza-de-citostatice-in-bucuresti-familiile-fac-tot-ce-pot-ca-sa-suplineasca-statul\/","title":{"rendered":"O nou\u0103 criz\u0103 de citostatice \u00een Bucure\u0219ti. Familiile fac tot ce pot ca s\u0103 suplineasc\u0103 statul"},"content":{"rendered":"\n<p><strong>\u00cen timp ce criza sanitar\u0103 cauzat\u0103 de noul coronavirus continu\u0103 s\u0103 se agraveze, sistemul medical \u00eencepe s\u0103 sufere \u0219i pe alte p\u0103r\u021bi.&nbsp; De la spitalul Universitar lipse\u0219te Oxaliplatin un citostatic folosit \u00een cancerul de colon. \u00cen lipsa medicamentelor, familiile pacien\u021bilor se descurc\u0103 fiecare cum poate. <br><\/strong><\/p>\n\n\n\n<p><\/p>\n\n\n\n<p>So\u021bul doamnei Carmen Kerbag este pacient al Spitalului Universitar din Bucure\u0219ti de c\u00e2teva luni de c\u00e2nd a fost diagnosticat cu adenocarcinom colonic \u0219i metastaz\u0103 hepatic\u0103. Tratamentul primit presupune \u0219edin\u021be de chimioterapie din dou\u0103 \u00een dou\u0103 s\u0103pt\u0103m\u00e2ni. P\u00e2n\u0103 acum a trecut cu bine de 6 din cele 12 \u0219edin\u021be planificate. Pe 9 iulie, a mers la spital pentru a 7-a \u0219edin\u021b\u0103 de tratament. I s-au f\u0103cut analizele de s\u00e2nge \u0219i testul Covid-19 dar nu a mai primit tratamentul cu citostatice dup\u0103 ce personalul spitalului i-a comunicat c\u0103 nu mai exist\u0103 \u00een stoc nicio doz\u0103 din medicamentul necesar \u0219edin\u021bei de chimioterapie.&nbsp;<br><\/p>\n\n\n\n<p>Medicamentul lips\u0103 se nume\u0219te Oxaliplatin, el nu se vinde la nicio farmacie din Rom\u00e2nia, pentru c\u0103 face parte din programul na\u021bional destinat persoanelor cu cancer. Este procurat de c\u0103tre fiecare spital \u00een parte,&nbsp; strict pentru pacien\u021bii \u00eenregistra\u021bi la acel spital.&nbsp;<br><\/p>\n\n\n\n<p>Medicul responsabil de domnul Kerbag lipse\u0219te \u00een aceast\u0103 perioada, iar medicul care-l \u00eenlocuie\u0219te i-a comunicat c\u0103 spitalul poate s\u0103 procure acest medicament doar la finalul acestei luni. Astfel, familia a primit din partea spitalului o re\u021bet\u0103 cu ajutorul c\u0103reia s\u0103 poat\u0103 cump\u0103ra din alt\u0103 \u021bar\u0103 acest medicament pentru a nu \u00eentrerupe tratamentul. Dup\u0103 multe \u00eencerc\u0103ri, telefoane date \u00een alte \u021b\u0103ri, stres, nervi \u0219i multe emo\u021bii, Carmen Kerbag, so\u021bia pacientului, poveste\u0219te c\u0103 a reu\u0219it cu ajutorul unei prietene s\u0103 fac\u0103 rost de o doz\u0103 de Oxaliplatin pentru ca so\u021bul ei s\u0103 poat\u0103 face \u0219edin\u021ba de chimioterapie.&nbsp;<br><\/p>\n\n\n\n<p>Domnul Kerbag este cet\u0103\u021bean rom\u00e2n, dar originar din Liban, iar cu ajutorul familiei lui de acolo a g\u0103sit la un spital alte patru doze de Oxaliplatin pentru a putea finaliza tratamentul. Achizi\u021bia medicamentului este f\u0103cut\u0103 din banii lor, f\u0103r\u0103 sprijin din partea Spitalul Universitar din Bucure\u0219ti sau al statului rom\u00e2n.&nbsp;<\/p>\n\n\n\n<p>\u00centr-un r\u0103spuns dat Buletin de Bucure\u0219ti, Spitalul Universitar de Urgen\u021b\u0103 Bucure\u0219ti sus\u021bine c\u0103 produc\u0103torul medicamentului \u00eel va livra \u00een 20 iulie \u0219i c\u0103 \u00eencearc\u0103 s\u0103 gr\u0103beasc\u0103 pe c\u00e2t posibil acest proces.&nbsp;<br><\/p>\n\n\n\n<p>P\u00e2n\u0103 atunci familiile fac tot ce pot s\u0103 suplineasc\u0103 statul apel\u00e2nd cu disperare la persoane, spitale \u0219i institu\u021bii din alte \u021b\u0103ri.&nbsp;<\/p>\n\n\n\n<p>Sursa foto &#8211; Spitalul Universitar de Urgen\u021b\u0103<\/p>\n\n\n\n<p>Reporter &#8211; Florin R\u00e2\u0219teiu<\/p>\n\n\n\n<p><\/p>\n","protected":false},"excerpt":{"rendered":"<p>\u00cen timp ce criza sanitar\u0103 cauzat\u0103 de noul coronavirus continu\u0103 s\u0103 se agraveze, sistemul medical \u00eencepe s\u0103 sufere \u0219i pe alte p\u0103r\u021bi.&nbsp; De la spitalul Universitar lipse\u0219te Oxaliplatin un citostatic folosit \u00een cancerul de colon. \u00cen lipsa medicamentelor, familiile pacien\u021bilor se descurc\u0103 fiecare cum poate. So\u021bul doamnei Carmen Kerbag este pacient al Spitalului Universitar din [&hellip;]<\/p>\n","protected":false},"author":17,"featured_media":9050,"comment_status":"closed","ping_status":"open","sticky":false,"template":"","format":"standard","meta":{"_acf_changed":false,"inline_featured_image":false,"ngg_post_thumbnail":0,"footnotes":""},"categories":[1],"tags":[],"ppma_author":[22576],"class_list":["post-9046","post","type-post","status-publish","format-standard","has-post-thumbnail","hentry","category-diverse"],"acf":[],"yoast_head":"<!-- This site is optimized with the Yoast SEO Premium plugin v25.3 (Yoast SEO v27.4) - https:\/\/yoast.com\/product\/yoast-seo-premium-wordpress\/ -->\n<title>O nou\u0103 criz\u0103 de citostatice \u00een Bucure\u0219ti. Familiile fac tot ce pot ca s\u0103 suplineasc\u0103 statul - Buletin de Bucure\u0219ti<\/title>\n<meta name=\"robots\" content=\"index, follow, max-snippet:-1, max-image-preview:large, max-video-preview:-1\" \/>\n<link rel=\"canonical\" href=\"https:\/\/buletin.de\/bucuresti\/o-noua-criza-de-citostatice-in-bucuresti-familiile-fac-tot-ce-pot-ca-sa-suplineasca-statul\/\" \/>\n<meta property=\"og:locale\" content=\"en_GB\" \/>\n<meta property=\"og:type\" content=\"article\" \/>\n<meta property=\"og:title\" content=\"O nou\u0103 criz\u0103 de citostatice \u00een Bucure\u0219ti. Familiile fac tot ce pot ca s\u0103 suplineasc\u0103 statul\" \/>\n<meta property=\"og:description\" content=\"\u00cen timp ce criza sanitar\u0103 cauzat\u0103 de noul coronavirus continu\u0103 s\u0103 se agraveze, sistemul medical \u00eencepe s\u0103 sufere \u0219i pe alte p\u0103r\u021bi.&nbsp; De la spitalul Universitar lipse\u0219te Oxaliplatin un citostatic folosit \u00een cancerul de colon. \u00cen lipsa medicamentelor, familiile pacien\u021bilor se descurc\u0103 fiecare cum poate. So\u021bul doamnei Carmen Kerbag este pacient al Spitalului Universitar din [&hellip;]\" \/>\n<meta property=\"og:url\" content=\"https:\/\/buletin.de\/bucuresti\/o-noua-criza-de-citostatice-in-bucuresti-familiile-fac-tot-ce-pot-ca-sa-suplineasca-statul\/\" \/>\n<meta property=\"og:site_name\" content=\"Buletin de Bucure\u0219ti\" \/>\n<meta property=\"article:publisher\" content=\"https:\/\/www.facebook.com\/buletin.de.buc\" \/>\n<meta property=\"article:published_time\" content=\"2020-07-10T06:47:17+00:00\" \/>\n<meta property=\"article:modified_time\" content=\"2021-12-27T14:15:16+00:00\" \/>\n<meta property=\"og:image\" content=\"https:\/\/buletin.de\/bucuresti\/wp-content\/uploads\/107737206_630801597532985_382459678471725867_n.jpg\" \/>\n\t<meta property=\"og:image:width\" content=\"2048\" \/>\n\t<meta property=\"og:image:height\" content=\"1536\" \/>\n\t<meta property=\"og:image:type\" content=\"image\/jpeg\" \/>\n<meta name=\"author\" content=\"Florin R\u00e2\u0219teiu\" \/>\n<meta name=\"twitter:card\" content=\"summary_large_image\" \/>\n<meta name=\"twitter:label1\" content=\"Written by\" \/>\n\t<meta name=\"twitter:data1\" content=\"Florin R\u00e2\u0219teiu\" \/>\n\t<meta name=\"twitter:label2\" content=\"Estimated reading time\" \/>\n\t<meta name=\"twitter:data2\" content=\"2 minutes\" \/>\n<script type=\"application\/ld+json\" class=\"yoast-schema-graph\">{\"@context\":\"https:\\\/\\\/schema.org\",\"@graph\":[{\"@type\":\"Article\",\"@id\":\"https:\\\/\\\/buletin.de\\\/bucuresti\\\/o-noua-criza-de-citostatice-in-bucuresti-familiile-fac-tot-ce-pot-ca-sa-suplineasca-statul\\\/#article\",\"isPartOf\":{\"@id\":\"https:\\\/\\\/buletin.de\\\/bucuresti\\\/o-noua-criza-de-citostatice-in-bucuresti-familiile-fac-tot-ce-pot-ca-sa-suplineasca-statul\\\/\"},\"author\":{\"name\":\"Florin R\u00e2\u0219teiu\",\"@id\":\"https:\\\/\\\/buletin.de\\\/bucuresti\\\/#\\\/schema\\\/person\\\/b0686d7a8b666c6afc78239777fd8a89\"},\"headline\":\"O nou\u0103 criz\u0103 de citostatice \u00een Bucure\u0219ti. Familiile fac tot ce pot ca s\u0103 suplineasc\u0103 statul\",\"datePublished\":\"2020-07-10T06:47:17+00:00\",\"dateModified\":\"2021-12-27T14:15:16+00:00\",\"mainEntityOfPage\":{\"@id\":\"https:\\\/\\\/buletin.de\\\/bucuresti\\\/o-noua-criza-de-citostatice-in-bucuresti-familiile-fac-tot-ce-pot-ca-sa-suplineasca-statul\\\/\"},\"wordCount\":467,\"publisher\":{\"@id\":\"https:\\\/\\\/buletin.de\\\/bucuresti\\\/#organization\"},\"image\":{\"@id\":\"https:\\\/\\\/buletin.de\\\/bucuresti\\\/o-noua-criza-de-citostatice-in-bucuresti-familiile-fac-tot-ce-pot-ca-sa-suplineasca-statul\\\/#primaryimage\"},\"thumbnailUrl\":\"https:\\\/\\\/buletin.de\\\/bucuresti\\\/wp-content\\\/uploads\\\/107737206_630801597532985_382459678471725867_n.jpg\",\"articleSection\":[\"Diverse\"],\"inLanguage\":\"en-GB\",\"copyrightYear\":\"2020\",\"copyrightHolder\":{\"@id\":\"https:\\\/\\\/buletin.de\\\/bucuresti\\\/#organization\"}},{\"@type\":\"WebPage\",\"@id\":\"https:\\\/\\\/buletin.de\\\/bucuresti\\\/o-noua-criza-de-citostatice-in-bucuresti-familiile-fac-tot-ce-pot-ca-sa-suplineasca-statul\\\/\",\"url\":\"https:\\\/\\\/buletin.de\\\/bucuresti\\\/o-noua-criza-de-citostatice-in-bucuresti-familiile-fac-tot-ce-pot-ca-sa-suplineasca-statul\\\/\",\"name\":\"O nou\u0103 criz\u0103 de citostatice \u00een Bucure\u0219ti. Familiile fac tot ce pot ca s\u0103 suplineasc\u0103 statul - Buletin de Bucure\u0219ti\",\"isPartOf\":{\"@id\":\"https:\\\/\\\/buletin.de\\\/bucuresti\\\/#website\"},\"primaryImageOfPage\":{\"@id\":\"https:\\\/\\\/buletin.de\\\/bucuresti\\\/o-noua-criza-de-citostatice-in-bucuresti-familiile-fac-tot-ce-pot-ca-sa-suplineasca-statul\\\/#primaryimage\"},\"image\":{\"@id\":\"https:\\\/\\\/buletin.de\\\/bucuresti\\\/o-noua-criza-de-citostatice-in-bucuresti-familiile-fac-tot-ce-pot-ca-sa-suplineasca-statul\\\/#primaryimage\"},\"thumbnailUrl\":\"https:\\\/\\\/buletin.de\\\/bucuresti\\\/wp-content\\\/uploads\\\/107737206_630801597532985_382459678471725867_n.jpg\",\"datePublished\":\"2020-07-10T06:47:17+00:00\",\"dateModified\":\"2021-12-27T14:15:16+00:00\",\"breadcrumb\":{\"@id\":\"https:\\\/\\\/buletin.de\\\/bucuresti\\\/o-noua-criza-de-citostatice-in-bucuresti-familiile-fac-tot-ce-pot-ca-sa-suplineasca-statul\\\/#breadcrumb\"},\"inLanguage\":\"en-GB\",\"potentialAction\":[{\"@type\":\"ReadAction\",\"target\":[\"https:\\\/\\\/buletin.de\\\/bucuresti\\\/o-noua-criza-de-citostatice-in-bucuresti-familiile-fac-tot-ce-pot-ca-sa-suplineasca-statul\\\/\"]}]},{\"@type\":\"ImageObject\",\"inLanguage\":\"en-GB\",\"@id\":\"https:\\\/\\\/buletin.de\\\/bucuresti\\\/o-noua-criza-de-citostatice-in-bucuresti-familiile-fac-tot-ce-pot-ca-sa-suplineasca-statul\\\/#primaryimage\",\"url\":\"https:\\\/\\\/buletin.de\\\/bucuresti\\\/wp-content\\\/uploads\\\/107737206_630801597532985_382459678471725867_n.jpg\",\"contentUrl\":\"https:\\\/\\\/buletin.de\\\/bucuresti\\\/wp-content\\\/uploads\\\/107737206_630801597532985_382459678471725867_n.jpg\",\"width\":2048,\"height\":1536},{\"@type\":\"BreadcrumbList\",\"@id\":\"https:\\\/\\\/buletin.de\\\/bucuresti\\\/o-noua-criza-de-citostatice-in-bucuresti-familiile-fac-tot-ce-pot-ca-sa-suplineasca-statul\\\/#breadcrumb\",\"itemListElement\":[{\"@type\":\"ListItem\",\"position\":1,\"name\":\"Acas\u0103\",\"item\":\"https:\\\/\\\/buletin.de\\\/bucuresti\\\/\"},{\"@type\":\"ListItem\",\"position\":2,\"name\":\"O nou\u0103 criz\u0103 de citostatice \u00een Bucure\u0219ti. Familiile fac tot ce pot ca s\u0103 suplineasc\u0103 statul\"}]},{\"@type\":\"WebSite\",\"@id\":\"https:\\\/\\\/buletin.de\\\/bucuresti\\\/#website\",\"url\":\"https:\\\/\\\/buletin.de\\\/bucuresti\\\/\",\"name\":\"Buletin de Bucure\u0219ti\",\"description\":\"\u0218tiri \u0219i investiga\u021bii esen\u021biale din capital\u0103\",\"publisher\":{\"@id\":\"https:\\\/\\\/buletin.de\\\/bucuresti\\\/#organization\"},\"potentialAction\":[{\"@type\":\"SearchAction\",\"target\":{\"@type\":\"EntryPoint\",\"urlTemplate\":\"https:\\\/\\\/buletin.de\\\/bucuresti\\\/?s={search_term_string}\"},\"query-input\":{\"@type\":\"PropertyValueSpecification\",\"valueRequired\":true,\"valueName\":\"search_term_string\"}}],\"inLanguage\":\"en-GB\"},{\"@type\":\"Organization\",\"@id\":\"https:\\\/\\\/buletin.de\\\/bucuresti\\\/#organization\",\"name\":\"Buletin de Bucure\u0219ti\",\"url\":\"https:\\\/\\\/buletin.de\\\/bucuresti\\\/\",\"logo\":{\"@type\":\"ImageObject\",\"inLanguage\":\"en-GB\",\"@id\":\"https:\\\/\\\/buletin.de\\\/bucuresti\\\/#\\\/schema\\\/logo\\\/image\\\/\",\"url\":\"https:\\\/\\\/buletin.de\\\/bucuresti\\\/wp-content\\\/uploads\\\/logo-bdb-full-wide-vernil-transparent.png\",\"contentUrl\":\"https:\\\/\\\/buletin.de\\\/bucuresti\\\/wp-content\\\/uploads\\\/logo-bdb-full-wide-vernil-transparent.png\",\"width\":1782,\"height\":626,\"caption\":\"Buletin de Bucure\u0219ti\"},\"image\":{\"@id\":\"https:\\\/\\\/buletin.de\\\/bucuresti\\\/#\\\/schema\\\/logo\\\/image\\\/\"},\"sameAs\":[\"https:\\\/\\\/www.facebook.com\\\/buletin.de.buc\",\"https:\\\/\\\/www.instagram.com\\\/buletinde.bucuresti\\\/\"]},{\"@type\":\"Person\",\"@id\":\"https:\\\/\\\/buletin.de\\\/bucuresti\\\/#\\\/schema\\\/person\\\/b0686d7a8b666c6afc78239777fd8a89\",\"name\":\"Florin R\u00e2\u0219teiu\",\"image\":{\"@type\":\"ImageObject\",\"inLanguage\":\"en-GB\",\"@id\":\"https:\\\/\\\/buletin.de\\\/bucuresti\\\/wp-content\\\/uploads\\\/Florin-Rasteiu-96x96.jpgf0a6fe28453aa12f0a60e4d0a2e3a78c\",\"url\":\"https:\\\/\\\/buletin.de\\\/bucuresti\\\/wp-content\\\/uploads\\\/Florin-Rasteiu-96x96.jpg\",\"contentUrl\":\"https:\\\/\\\/buletin.de\\\/bucuresti\\\/wp-content\\\/uploads\\\/Florin-Rasteiu-96x96.jpg\",\"caption\":\"Florin R\u00e2\u0219teiu\"},\"description\":\"Jurnalist de investiga\u021bie. Lucreaz\u0103 de aproape 6 ani la Buletin de Bucure\u0219ti, unde a publicat articole care scot la suprafa\u021b\u0103 corup\u021bia din Capital\u0103. Analizeaz\u0103 baze de date zilnic \u0219i scoate pove\u0219ti din exceluri pline de cifre. Pune reflectorul pe adev\u0103r cu fiecare ocazie. A c\u00e2\u0219tigat premiul I la categoria Pres\u0103 Local\u0103 \u00een 2025 \u0219i locul al II-lea la aceea\u0219i categorie \u00een 2024 \u00een cadrul Premiilor Superscrieri pentru jurnalism independent.\",\"url\":\"https:\\\/\\\/buletin.de\\\/bucuresti\\\/author\\\/florinrasteiu\\\/\"}]}<\/script>\n<!-- \/ Yoast SEO Premium plugin. -->","yoast_head_json":{"title":"O nou\u0103 criz\u0103 de citostatice \u00een Bucure\u0219ti. Familiile fac tot ce pot ca s\u0103 suplineasc\u0103 statul - Buletin de Bucure\u0219ti","robots":{"index":"index","follow":"follow","max-snippet":"max-snippet:-1","max-image-preview":"max-image-preview:large","max-video-preview":"max-video-preview:-1"},"canonical":"https:\/\/buletin.de\/bucuresti\/o-noua-criza-de-citostatice-in-bucuresti-familiile-fac-tot-ce-pot-ca-sa-suplineasca-statul\/","og_locale":"en_GB","og_type":"article","og_title":"O nou\u0103 criz\u0103 de citostatice \u00een Bucure\u0219ti. Familiile fac tot ce pot ca s\u0103 suplineasc\u0103 statul","og_description":"\u00cen timp ce criza sanitar\u0103 cauzat\u0103 de noul coronavirus continu\u0103 s\u0103 se agraveze, sistemul medical \u00eencepe s\u0103 sufere \u0219i pe alte p\u0103r\u021bi.&nbsp; De la spitalul Universitar lipse\u0219te Oxaliplatin un citostatic folosit \u00een cancerul de colon. \u00cen lipsa medicamentelor, familiile pacien\u021bilor se descurc\u0103 fiecare cum poate. So\u021bul doamnei Carmen Kerbag este pacient al Spitalului Universitar din [&hellip;]","og_url":"https:\/\/buletin.de\/bucuresti\/o-noua-criza-de-citostatice-in-bucuresti-familiile-fac-tot-ce-pot-ca-sa-suplineasca-statul\/","og_site_name":"Buletin de Bucure\u0219ti","article_publisher":"https:\/\/www.facebook.com\/buletin.de.buc","article_published_time":"2020-07-10T06:47:17+00:00","article_modified_time":"2021-12-27T14:15:16+00:00","og_image":[{"width":2048,"height":1536,"url":"https:\/\/buletin.de\/bucuresti\/wp-content\/uploads\/107737206_630801597532985_382459678471725867_n.jpg","type":"image\/jpeg"}],"author":"Florin R\u00e2\u0219teiu","twitter_card":"summary_large_image","twitter_misc":{"Written by":"Florin R\u00e2\u0219teiu","Estimated reading time":"2 minutes"},"schema":{"@context":"https:\/\/schema.org","@graph":[{"@type":"Article","@id":"https:\/\/buletin.de\/bucuresti\/o-noua-criza-de-citostatice-in-bucuresti-familiile-fac-tot-ce-pot-ca-sa-suplineasca-statul\/#article","isPartOf":{"@id":"https:\/\/buletin.de\/bucuresti\/o-noua-criza-de-citostatice-in-bucuresti-familiile-fac-tot-ce-pot-ca-sa-suplineasca-statul\/"},"author":{"name":"Florin R\u00e2\u0219teiu","@id":"https:\/\/buletin.de\/bucuresti\/#\/schema\/person\/b0686d7a8b666c6afc78239777fd8a89"},"headline":"O nou\u0103 criz\u0103 de citostatice \u00een Bucure\u0219ti. Familiile fac tot ce pot ca s\u0103 suplineasc\u0103 statul","datePublished":"2020-07-10T06:47:17+00:00","dateModified":"2021-12-27T14:15:16+00:00","mainEntityOfPage":{"@id":"https:\/\/buletin.de\/bucuresti\/o-noua-criza-de-citostatice-in-bucuresti-familiile-fac-tot-ce-pot-ca-sa-suplineasca-statul\/"},"wordCount":467,"publisher":{"@id":"https:\/\/buletin.de\/bucuresti\/#organization"},"image":{"@id":"https:\/\/buletin.de\/bucuresti\/o-noua-criza-de-citostatice-in-bucuresti-familiile-fac-tot-ce-pot-ca-sa-suplineasca-statul\/#primaryimage"},"thumbnailUrl":"https:\/\/buletin.de\/bucuresti\/wp-content\/uploads\/107737206_630801597532985_382459678471725867_n.jpg","articleSection":["Diverse"],"inLanguage":"en-GB","copyrightYear":"2020","copyrightHolder":{"@id":"https:\/\/buletin.de\/bucuresti\/#organization"}},{"@type":"WebPage","@id":"https:\/\/buletin.de\/bucuresti\/o-noua-criza-de-citostatice-in-bucuresti-familiile-fac-tot-ce-pot-ca-sa-suplineasca-statul\/","url":"https:\/\/buletin.de\/bucuresti\/o-noua-criza-de-citostatice-in-bucuresti-familiile-fac-tot-ce-pot-ca-sa-suplineasca-statul\/","name":"O nou\u0103 criz\u0103 de citostatice \u00een Bucure\u0219ti. Familiile fac tot ce pot ca s\u0103 suplineasc\u0103 statul - Buletin de Bucure\u0219ti","isPartOf":{"@id":"https:\/\/buletin.de\/bucuresti\/#website"},"primaryImageOfPage":{"@id":"https:\/\/buletin.de\/bucuresti\/o-noua-criza-de-citostatice-in-bucuresti-familiile-fac-tot-ce-pot-ca-sa-suplineasca-statul\/#primaryimage"},"image":{"@id":"https:\/\/buletin.de\/bucuresti\/o-noua-criza-de-citostatice-in-bucuresti-familiile-fac-tot-ce-pot-ca-sa-suplineasca-statul\/#primaryimage"},"thumbnailUrl":"https:\/\/buletin.de\/bucuresti\/wp-content\/uploads\/107737206_630801597532985_382459678471725867_n.jpg","datePublished":"2020-07-10T06:47:17+00:00","dateModified":"2021-12-27T14:15:16+00:00","breadcrumb":{"@id":"https:\/\/buletin.de\/bucuresti\/o-noua-criza-de-citostatice-in-bucuresti-familiile-fac-tot-ce-pot-ca-sa-suplineasca-statul\/#breadcrumb"},"inLanguage":"en-GB","potentialAction":[{"@type":"ReadAction","target":["https:\/\/buletin.de\/bucuresti\/o-noua-criza-de-citostatice-in-bucuresti-familiile-fac-tot-ce-pot-ca-sa-suplineasca-statul\/"]}]},{"@type":"ImageObject","inLanguage":"en-GB","@id":"https:\/\/buletin.de\/bucuresti\/o-noua-criza-de-citostatice-in-bucuresti-familiile-fac-tot-ce-pot-ca-sa-suplineasca-statul\/#primaryimage","url":"https:\/\/buletin.de\/bucuresti\/wp-content\/uploads\/107737206_630801597532985_382459678471725867_n.jpg","contentUrl":"https:\/\/buletin.de\/bucuresti\/wp-content\/uploads\/107737206_630801597532985_382459678471725867_n.jpg","width":2048,"height":1536},{"@type":"BreadcrumbList","@id":"https:\/\/buletin.de\/bucuresti\/o-noua-criza-de-citostatice-in-bucuresti-familiile-fac-tot-ce-pot-ca-sa-suplineasca-statul\/#breadcrumb","itemListElement":[{"@type":"ListItem","position":1,"name":"Acas\u0103","item":"https:\/\/buletin.de\/bucuresti\/"},{"@type":"ListItem","position":2,"name":"O nou\u0103 criz\u0103 de citostatice \u00een Bucure\u0219ti. Familiile fac tot ce pot ca s\u0103 suplineasc\u0103 statul"}]},{"@type":"WebSite","@id":"https:\/\/buletin.de\/bucuresti\/#website","url":"https:\/\/buletin.de\/bucuresti\/","name":"Buletin de Bucure\u0219ti","description":"\u0218tiri \u0219i investiga\u021bii esen\u021biale din capital\u0103","publisher":{"@id":"https:\/\/buletin.de\/bucuresti\/#organization"},"potentialAction":[{"@type":"SearchAction","target":{"@type":"EntryPoint","urlTemplate":"https:\/\/buletin.de\/bucuresti\/?s={search_term_string}"},"query-input":{"@type":"PropertyValueSpecification","valueRequired":true,"valueName":"search_term_string"}}],"inLanguage":"en-GB"},{"@type":"Organization","@id":"https:\/\/buletin.de\/bucuresti\/#organization","name":"Buletin de Bucure\u0219ti","url":"https:\/\/buletin.de\/bucuresti\/","logo":{"@type":"ImageObject","inLanguage":"en-GB","@id":"https:\/\/buletin.de\/bucuresti\/#\/schema\/logo\/image\/","url":"https:\/\/buletin.de\/bucuresti\/wp-content\/uploads\/logo-bdb-full-wide-vernil-transparent.png","contentUrl":"https:\/\/buletin.de\/bucuresti\/wp-content\/uploads\/logo-bdb-full-wide-vernil-transparent.png","width":1782,"height":626,"caption":"Buletin de Bucure\u0219ti"},"image":{"@id":"https:\/\/buletin.de\/bucuresti\/#\/schema\/logo\/image\/"},"sameAs":["https:\/\/www.facebook.com\/buletin.de.buc","https:\/\/www.instagram.com\/buletinde.bucuresti\/"]},{"@type":"Person","@id":"https:\/\/buletin.de\/bucuresti\/#\/schema\/person\/b0686d7a8b666c6afc78239777fd8a89","name":"Florin R\u00e2\u0219teiu","image":{"@type":"ImageObject","inLanguage":"en-GB","@id":"https:\/\/buletin.de\/bucuresti\/wp-content\/uploads\/Florin-Rasteiu-96x96.jpgf0a6fe28453aa12f0a60e4d0a2e3a78c","url":"https:\/\/buletin.de\/bucuresti\/wp-content\/uploads\/Florin-Rasteiu-96x96.jpg","contentUrl":"https:\/\/buletin.de\/bucuresti\/wp-content\/uploads\/Florin-Rasteiu-96x96.jpg","caption":"Florin R\u00e2\u0219teiu"},"description":"Jurnalist de investiga\u021bie. Lucreaz\u0103 de aproape 6 ani la Buletin de Bucure\u0219ti, unde a publicat articole care scot la suprafa\u021b\u0103 corup\u021bia din Capital\u0103. Analizeaz\u0103 baze de date zilnic \u0219i scoate pove\u0219ti din exceluri pline de cifre. Pune reflectorul pe adev\u0103r cu fiecare ocazie. A c\u00e2\u0219tigat premiul I la categoria Pres\u0103 Local\u0103 \u00een 2025 \u0219i locul al II-lea la aceea\u0219i categorie \u00een 2024 \u00een cadrul Premiilor Superscrieri pentru jurnalism independent.","url":"https:\/\/buletin.de\/bucuresti\/author\/florinrasteiu\/"}]}},"authors":[{"term_id":22576,"user_id":17,"is_guest":0,"slug":"florinrasteiu","display_name":"Florin R\u00e2\u0219teiu","avatar_url":"https:\/\/buletin.de\/bucuresti\/wp-content\/uploads\/Florin-Rasteiu-96x96.jpg","0":null,"1":"","2":"","3":"","4":"","5":"","6":"","7":"","8":""}],"_links":{"self":[{"href":"https:\/\/buletin.de\/bucuresti\/wp-json\/wp\/v2\/posts\/9046","targetHints":{"allow":["GET"]}}],"collection":[{"href":"https:\/\/buletin.de\/bucuresti\/wp-json\/wp\/v2\/posts"}],"about":[{"href":"https:\/\/buletin.de\/bucuresti\/wp-json\/wp\/v2\/types\/post"}],"author":[{"embeddable":true,"href":"https:\/\/buletin.de\/bucuresti\/wp-json\/wp\/v2\/users\/17"}],"replies":[{"embeddable":true,"href":"https:\/\/buletin.de\/bucuresti\/wp-json\/wp\/v2\/comments?post=9046"}],"version-history":[{"count":4,"href":"https:\/\/buletin.de\/bucuresti\/wp-json\/wp\/v2\/posts\/9046\/revisions"}],"predecessor-version":[{"id":36630,"href":"https:\/\/buletin.de\/bucuresti\/wp-json\/wp\/v2\/posts\/9046\/revisions\/36630"}],"wp:featuredmedia":[{"embeddable":true,"href":"https:\/\/buletin.de\/bucuresti\/wp-json\/wp\/v2\/media\/9050"}],"wp:attachment":[{"href":"https:\/\/buletin.de\/bucuresti\/wp-json\/wp\/v2\/media?parent=9046"}],"wp:term":[{"taxonomy":"category","embeddable":true,"href":"https:\/\/buletin.de\/bucuresti\/wp-json\/wp\/v2\/categories?post=9046"},{"taxonomy":"post_tag","embeddable":true,"href":"https:\/\/buletin.de\/bucuresti\/wp-json\/wp\/v2\/tags?post=9046"},{"taxonomy":"author","embeddable":true,"href":"https:\/\/buletin.de\/bucuresti\/wp-json\/wp\/v2\/ppma_author?post=9046"}],"curies":[{"name":"wp","href":"https:\/\/api.w.org\/{rel}","templated":true}]}}