{"id":90429,"date":"2024-07-09T11:00:38","date_gmt":"2024-07-09T08:00:38","guid":{"rendered":"https:\/\/buletin.de\/bucuresti\/?p=90429"},"modified":"2024-07-09T11:12:30","modified_gmt":"2024-07-09T08:12:30","slug":"trenurile-de-pe-ruta-gara-de-nord-otopeni-intarzieri-de-pana-la-90-de-minute","status":"publish","type":"post","link":"https:\/\/buletin.de\/bucuresti\/trenurile-de-pe-ruta-gara-de-nord-otopeni-intarzieri-de-pana-la-90-de-minute\/","title":{"rendered":"Trenurile de pe ruta Gara de Nord-Otopeni, \u00eent\u00e2rzieri de p\u00e2n\u0103 la\u00a090\u00a0de\u00a0minute"},"content":{"rendered":"\n<p><strong>Circula\u021bia trenurilor pe ruta Gara de Nord-Otopeni \u0219i retur se desf\u0103\u0219oar\u0103 cu dificultate din cauza unui macaz defect \u00eentre Mogo\u0219oaia \u0219i Balote\u0219ti. P\u00e2n\u0103 la remedierea defec\u021biunii, trenurile vor \u00eenregistra \u00eent\u00e2rzieri cuprinse \u00eentre 30 \u0219i 90 minute, anun\u021b\u0103 CFR.<\/strong><\/p>\n\n\n\n<p>\u00cen prezent, circula\u021bia trenurilor se desf\u0103\u0219oar\u0103 la cale liber\u0103 \u00eentre Mogo\u0219oaia \u0219i Aeroport, cu ordin de circula\u021bie, pentru a permite echipelor de interven\u021bie s\u0103 remedieze defec\u021biunea.<\/p>\n\n\n\n<p>Odat\u0103 cu finalizarea interven\u021biilor la macaz, circula\u021bia trenurilor va reveni la normal pe aceast\u0103 rut\u0103. P\u00e2n\u0103 atunci, trenurile pot \u00eenregistra \u00eent\u00e2rzieri de p\u00e2n\u0103 la o or\u0103 \u0219i jum\u0103tate.<\/p>\n\n\n\n<p>\u201eCompania Na\u0163ional\u0103 de C\u0103i Ferate CFR SA cere scuze c\u0103l\u0103torilor pentru disconfortul creat de acest deranjament \u0219i \u00eei asigur\u0103 c\u0103 interven\u0163iile desf\u0103\u015furate la fa\u0163a locului au drept scop redeschiderea circula\u021biei \u00een cel mai scurt timp, \u00een condi\u021bii\u00a0de\u00a0siguran\u021b\u0103.\u201d<\/p>\n\n\n\n<p><strong>CITE\u0218TE \u0218I:<\/strong><\/p>\n\n\n\n<figure class=\"wp-block-embed is-type-wp-embed is-provider-buletin-de-bucure-ti wp-block-embed-buletin-de-bucure-ti\"><div class=\"wp-block-embed__wrapper\">\n<blockquote class=\"wp-embedded-content\" data-secret=\"dZrUP9xWst\"><a href=\"https:\/\/buletin.de\/bucuresti\/haos-pe-otopeni-dupa-ce-10-curse-tarom-au-fost-anulate-sindicatul-unit-tarom-mai-urmeaza-si-alte-zboruri\/\">Haos pe Otopeni, dup\u0103 ce 10 curse TAROM au fost anulate. Sindicatul Unit TAROM: \u201eMai urmeaz\u0103 \u0219i alte zboruri\u201d<\/a><\/blockquote><iframe class=\"wp-embedded-content\" sandbox=\"allow-scripts\" security=\"restricted\" style=\"position: absolute; clip: rect(1px, 1px, 1px, 1px);\" title=\"&#8220;Haos pe Otopeni, dup\u0103 ce 10 curse TAROM au fost anulate. Sindicatul Unit TAROM: \u201eMai urmeaz\u0103 \u0219i alte zboruri\u201d&#8221; &#8212; Buletin de Bucure\u0219ti\" src=\"https:\/\/buletin.de\/bucuresti\/haos-pe-otopeni-dupa-ce-10-curse-tarom-au-fost-anulate-sindicatul-unit-tarom-mai-urmeaza-si-alte-zboruri\/embed\/#?secret=6lKKnWNwgv#?secret=dZrUP9xWst\" data-secret=\"dZrUP9xWst\" width=\"600\" height=\"338\" frameborder=\"0\" marginwidth=\"0\" marginheight=\"0\" scrolling=\"no\"><\/iframe>\n<\/div><\/figure>\n","protected":false},"excerpt":{"rendered":"<p>Circula\u021bia trenurilor pe ruta Gara de Nord-Otopeni \u0219i retur se desf\u0103\u0219oar\u0103 cu dificultate din cauza unui macaz defect \u00eentre Mogo\u0219oaia \u0219i Balote\u0219ti. P\u00e2n\u0103 la remedierea defec\u021biunii, trenurile vor \u00eenregistra \u00eent\u00e2rzieri cuprinse \u00eentre 30 \u0219i 90 minute, anun\u021b\u0103 CFR. \u00cen prezent, circula\u021bia trenurilor se desf\u0103\u0219oar\u0103 la cale liber\u0103 \u00eentre Mogo\u0219oaia \u0219i Aeroport, cu ordin de circula\u021bie, [&hellip;]<\/p>\n","protected":false},"author":55,"featured_media":12287,"comment_status":"closed","ping_status":"open","sticky":false,"template":"","format":"standard","meta":{"_acf_changed":false,"inline_featured_image":false,"ngg_post_thumbnail":0,"footnotes":""},"categories":[6994,5762,650],"tags":[2881,1581,599,8218,1941,13297,1102,3563,10365],"ppma_author":[22573],"class_list":["post-90429","post","type-post","status-publish","format-standard","has-post-thumbnail","hentry","category-stiri-2","category-main","category-transport","tag-aeroport-otopeni","tag-balotesti","tag-cfr","tag-circulatia-trenurilor","tag-gara-de-nord","tag-intarzieri-tren","tag-macaz","tag-mogosoaia-2","tag-tren-gara-de-nord-aeroport"],"acf":[],"yoast_head":"<!-- This site is optimized with the Yoast SEO Premium plugin v25.3 (Yoast SEO v27.4) - https:\/\/yoast.com\/product\/yoast-seo-premium-wordpress\/ -->\n<title>Trenurile de pe ruta Gara de Nord-Otopeni, \u00eent\u00e2rzieri de p\u00e2n\u0103 la\u00a090\u00a0de\u00a0minute - Buletin de Bucure\u0219ti<\/title>\n<meta name=\"robots\" content=\"index, follow, max-snippet:-1, max-image-preview:large, max-video-preview:-1\" \/>\n<link rel=\"canonical\" href=\"https:\/\/buletin.de\/bucuresti\/trenurile-de-pe-ruta-gara-de-nord-otopeni-intarzieri-de-pana-la-90-de-minute\/\" \/>\n<meta property=\"og:locale\" content=\"en_GB\" \/>\n<meta property=\"og:type\" content=\"article\" \/>\n<meta property=\"og:title\" content=\"Trenurile de pe ruta Gara de Nord-Otopeni, \u00eent\u00e2rzieri de p\u00e2n\u0103 la\u00a090\u00a0de\u00a0minute\" \/>\n<meta property=\"og:description\" content=\"Circula\u021bia trenurilor pe ruta Gara de Nord-Otopeni \u0219i retur se desf\u0103\u0219oar\u0103 cu dificultate din cauza unui macaz defect \u00eentre Mogo\u0219oaia \u0219i Balote\u0219ti. P\u00e2n\u0103 la remedierea defec\u021biunii, trenurile vor \u00eenregistra \u00eent\u00e2rzieri cuprinse \u00eentre 30 \u0219i 90 minute, anun\u021b\u0103 CFR. \u00cen prezent, circula\u021bia trenurilor se desf\u0103\u0219oar\u0103 la cale liber\u0103 \u00eentre Mogo\u0219oaia \u0219i Aeroport, cu ordin de circula\u021bie, [&hellip;]\" \/>\n<meta property=\"og:url\" content=\"https:\/\/buletin.de\/bucuresti\/trenurile-de-pe-ruta-gara-de-nord-otopeni-intarzieri-de-pana-la-90-de-minute\/\" \/>\n<meta property=\"og:site_name\" content=\"Buletin de Bucure\u0219ti\" \/>\n<meta property=\"article:publisher\" content=\"https:\/\/www.facebook.com\/buletin.de.buc\" \/>\n<meta property=\"article:published_time\" content=\"2024-07-09T08:00:38+00:00\" \/>\n<meta property=\"article:modified_time\" content=\"2024-07-09T08:12:30+00:00\" \/>\n<meta property=\"og:image\" content=\"https:\/\/buletin.de\/bucuresti\/wp-content\/uploads\/tren-sageata-albastra-in-statia-otopeni.jpg\" \/>\n\t<meta property=\"og:image:width\" content=\"1600\" \/>\n\t<meta property=\"og:image:height\" content=\"1200\" \/>\n\t<meta property=\"og:image:type\" content=\"image\/jpeg\" \/>\n<meta name=\"author\" content=\"Andreea Tudor\" \/>\n<meta name=\"twitter:card\" content=\"summary_large_image\" \/>\n<meta name=\"twitter:label1\" content=\"Written by\" \/>\n\t<meta name=\"twitter:data1\" content=\"Andreea Tudor\" \/>\n\t<meta name=\"twitter:label2\" content=\"Estimated reading time\" \/>\n\t<meta name=\"twitter:data2\" content=\"1 minute\" \/>\n<script type=\"application\/ld+json\" class=\"yoast-schema-graph\">{\"@context\":\"https:\\\/\\\/schema.org\",\"@graph\":[{\"@type\":\"Article\",\"@id\":\"https:\\\/\\\/buletin.de\\\/bucuresti\\\/trenurile-de-pe-ruta-gara-de-nord-otopeni-intarzieri-de-pana-la-90-de-minute\\\/#article\",\"isPartOf\":{\"@id\":\"https:\\\/\\\/buletin.de\\\/bucuresti\\\/trenurile-de-pe-ruta-gara-de-nord-otopeni-intarzieri-de-pana-la-90-de-minute\\\/\"},\"author\":{\"name\":\"Andreea Tudor\",\"@id\":\"https:\\\/\\\/buletin.de\\\/bucuresti\\\/#\\\/schema\\\/person\\\/150590659efde715459d159da012f501\"},\"headline\":\"Trenurile de pe ruta Gara de Nord-Otopeni, \u00eent\u00e2rzieri de p\u00e2n\u0103 la\u00a090\u00a0de\u00a0minute\",\"datePublished\":\"2024-07-09T08:00:38+00:00\",\"dateModified\":\"2024-07-09T08:12:30+00:00\",\"mainEntityOfPage\":{\"@id\":\"https:\\\/\\\/buletin.de\\\/bucuresti\\\/trenurile-de-pe-ruta-gara-de-nord-otopeni-intarzieri-de-pana-la-90-de-minute\\\/\"},\"wordCount\":181,\"publisher\":{\"@id\":\"https:\\\/\\\/buletin.de\\\/bucuresti\\\/#organization\"},\"image\":{\"@id\":\"https:\\\/\\\/buletin.de\\\/bucuresti\\\/trenurile-de-pe-ruta-gara-de-nord-otopeni-intarzieri-de-pana-la-90-de-minute\\\/#primaryimage\"},\"thumbnailUrl\":\"https:\\\/\\\/buletin.de\\\/bucuresti\\\/wp-content\\\/uploads\\\/tren-sageata-albastra-in-statia-otopeni.jpg\",\"keywords\":[\"aeroport otopeni\",\"balotesti\",\"cfr\",\"circulatia trenurilor\",\"gara de nord\",\"intarzieri tren\",\"macaz\",\"mogosoaia\",\"tren gara de nord aeroport\"],\"articleSection\":[\"Articole\",\"Main\",\"Transport\"],\"inLanguage\":\"en-GB\",\"copyrightYear\":\"2024\",\"copyrightHolder\":{\"@id\":\"https:\\\/\\\/buletin.de\\\/bucuresti\\\/#organization\"}},{\"@type\":\"WebPage\",\"@id\":\"https:\\\/\\\/buletin.de\\\/bucuresti\\\/trenurile-de-pe-ruta-gara-de-nord-otopeni-intarzieri-de-pana-la-90-de-minute\\\/\",\"url\":\"https:\\\/\\\/buletin.de\\\/bucuresti\\\/trenurile-de-pe-ruta-gara-de-nord-otopeni-intarzieri-de-pana-la-90-de-minute\\\/\",\"name\":\"Trenurile de pe ruta Gara de Nord-Otopeni, \u00eent\u00e2rzieri de p\u00e2n\u0103 la\u00a090\u00a0de\u00a0minute - Buletin de Bucure\u0219ti\",\"isPartOf\":{\"@id\":\"https:\\\/\\\/buletin.de\\\/bucuresti\\\/#website\"},\"primaryImageOfPage\":{\"@id\":\"https:\\\/\\\/buletin.de\\\/bucuresti\\\/trenurile-de-pe-ruta-gara-de-nord-otopeni-intarzieri-de-pana-la-90-de-minute\\\/#primaryimage\"},\"image\":{\"@id\":\"https:\\\/\\\/buletin.de\\\/bucuresti\\\/trenurile-de-pe-ruta-gara-de-nord-otopeni-intarzieri-de-pana-la-90-de-minute\\\/#primaryimage\"},\"thumbnailUrl\":\"https:\\\/\\\/buletin.de\\\/bucuresti\\\/wp-content\\\/uploads\\\/tren-sageata-albastra-in-statia-otopeni.jpg\",\"datePublished\":\"2024-07-09T08:00:38+00:00\",\"dateModified\":\"2024-07-09T08:12:30+00:00\",\"breadcrumb\":{\"@id\":\"https:\\\/\\\/buletin.de\\\/bucuresti\\\/trenurile-de-pe-ruta-gara-de-nord-otopeni-intarzieri-de-pana-la-90-de-minute\\\/#breadcrumb\"},\"inLanguage\":\"en-GB\",\"potentialAction\":[{\"@type\":\"ReadAction\",\"target\":[\"https:\\\/\\\/buletin.de\\\/bucuresti\\\/trenurile-de-pe-ruta-gara-de-nord-otopeni-intarzieri-de-pana-la-90-de-minute\\\/\"]}]},{\"@type\":\"ImageObject\",\"inLanguage\":\"en-GB\",\"@id\":\"https:\\\/\\\/buletin.de\\\/bucuresti\\\/trenurile-de-pe-ruta-gara-de-nord-otopeni-intarzieri-de-pana-la-90-de-minute\\\/#primaryimage\",\"url\":\"https:\\\/\\\/buletin.de\\\/bucuresti\\\/wp-content\\\/uploads\\\/tren-sageata-albastra-in-statia-otopeni.jpg\",\"contentUrl\":\"https:\\\/\\\/buletin.de\\\/bucuresti\\\/wp-content\\\/uploads\\\/tren-sageata-albastra-in-statia-otopeni.jpg\",\"width\":1600,\"height\":1200,\"caption\":\"Trenul CFR C\u0103l\u0103tori, \u00een gara de la Aeroportul Otopeni. Foto: Arhiva\"},{\"@type\":\"BreadcrumbList\",\"@id\":\"https:\\\/\\\/buletin.de\\\/bucuresti\\\/trenurile-de-pe-ruta-gara-de-nord-otopeni-intarzieri-de-pana-la-90-de-minute\\\/#breadcrumb\",\"itemListElement\":[{\"@type\":\"ListItem\",\"position\":1,\"name\":\"Acas\u0103\",\"item\":\"https:\\\/\\\/buletin.de\\\/bucuresti\\\/\"},{\"@type\":\"ListItem\",\"position\":2,\"name\":\"Trenurile de pe ruta Gara de Nord-Otopeni, \u00eent\u00e2rzieri de p\u00e2n\u0103 la\u00a090\u00a0de\u00a0minute\"}]},{\"@type\":\"WebSite\",\"@id\":\"https:\\\/\\\/buletin.de\\\/bucuresti\\\/#website\",\"url\":\"https:\\\/\\\/buletin.de\\\/bucuresti\\\/\",\"name\":\"Buletin de Bucure\u0219ti\",\"description\":\"\u0218tiri \u0219i investiga\u021bii esen\u021biale din capital\u0103\",\"publisher\":{\"@id\":\"https:\\\/\\\/buletin.de\\\/bucuresti\\\/#organization\"},\"potentialAction\":[{\"@type\":\"SearchAction\",\"target\":{\"@type\":\"EntryPoint\",\"urlTemplate\":\"https:\\\/\\\/buletin.de\\\/bucuresti\\\/?s={search_term_string}\"},\"query-input\":{\"@type\":\"PropertyValueSpecification\",\"valueRequired\":true,\"valueName\":\"search_term_string\"}}],\"inLanguage\":\"en-GB\"},{\"@type\":\"Organization\",\"@id\":\"https:\\\/\\\/buletin.de\\\/bucuresti\\\/#organization\",\"name\":\"Buletin de Bucure\u0219ti\",\"url\":\"https:\\\/\\\/buletin.de\\\/bucuresti\\\/\",\"logo\":{\"@type\":\"ImageObject\",\"inLanguage\":\"en-GB\",\"@id\":\"https:\\\/\\\/buletin.de\\\/bucuresti\\\/#\\\/schema\\\/logo\\\/image\\\/\",\"url\":\"https:\\\/\\\/buletin.de\\\/bucuresti\\\/wp-content\\\/uploads\\\/logo-bdb-full-wide-vernil-transparent.png\",\"contentUrl\":\"https:\\\/\\\/buletin.de\\\/bucuresti\\\/wp-content\\\/uploads\\\/logo-bdb-full-wide-vernil-transparent.png\",\"width\":1782,\"height\":626,\"caption\":\"Buletin de Bucure\u0219ti\"},\"image\":{\"@id\":\"https:\\\/\\\/buletin.de\\\/bucuresti\\\/#\\\/schema\\\/logo\\\/image\\\/\"},\"sameAs\":[\"https:\\\/\\\/www.facebook.com\\\/buletin.de.buc\",\"https:\\\/\\\/www.instagram.com\\\/buletinde.bucuresti\\\/\"]},{\"@type\":\"Person\",\"@id\":\"https:\\\/\\\/buletin.de\\\/bucuresti\\\/#\\\/schema\\\/person\\\/150590659efde715459d159da012f501\",\"name\":\"Andreea Tudor\",\"image\":{\"@type\":\"ImageObject\",\"inLanguage\":\"en-GB\",\"@id\":\"https:\\\/\\\/secure.gravatar.com\\\/avatar\\\/a88705a186ab0b67f3349bcbced506c09e37256fbaad0e7f3bd1a79b4599f589?s=96&d=monsterid&r=g79290610aa1a65c2b86eebc2ca5aee8f\",\"url\":\"https:\\\/\\\/secure.gravatar.com\\\/avatar\\\/a88705a186ab0b67f3349bcbced506c09e37256fbaad0e7f3bd1a79b4599f589?s=96&d=monsterid&r=g\",\"contentUrl\":\"https:\\\/\\\/secure.gravatar.com\\\/avatar\\\/a88705a186ab0b67f3349bcbced506c09e37256fbaad0e7f3bd1a79b4599f589?s=96&d=monsterid&r=g\",\"caption\":\"Andreea Tudor\"},\"description\":\"N\u0103scut\u0103 \u0219i crescut\u0103 \u00een Bucure\u0219ti, sus\u021bin\u0103toare a presei independente. A\u0219a am ajuns redactor la Buletin de Bucure\u0219ti. Fiind eu, \u00eens\u0103mi, parte a sistemului de \u00eenv\u0103\u021b\u0103m\u00e2nt rom\u00e2nesc \u0219i pasionat\u0103 de domeniul social, pun sub lup\u0103 tot ceea ce se \u00eent\u00e2mpl\u0103 \u00een sfera educa\u021biei. Cred cu t\u0103rie c\u0103 presa \u201epentru cet\u0103\u021beni\u201d este presa independent\u0103. Oamenii au nevoie de o informare corect\u0103 pentru a \u00een\u021belege pe deplin ce se \u00eent\u00e2mpl\u0103 \u00een jurul lor \u0219i pentru a lua ac\u021biune \u00eempotriva nedrept\u0103\u021bilor.\",\"url\":\"https:\\\/\\\/buletin.de\\\/bucuresti\\\/author\\\/andreeatudor\\\/\"}]}<\/script>\n<!-- \/ Yoast SEO Premium plugin. -->","yoast_head_json":{"title":"Trenurile de pe ruta Gara de Nord-Otopeni, \u00eent\u00e2rzieri de p\u00e2n\u0103 la\u00a090\u00a0de\u00a0minute - Buletin de Bucure\u0219ti","robots":{"index":"index","follow":"follow","max-snippet":"max-snippet:-1","max-image-preview":"max-image-preview:large","max-video-preview":"max-video-preview:-1"},"canonical":"https:\/\/buletin.de\/bucuresti\/trenurile-de-pe-ruta-gara-de-nord-otopeni-intarzieri-de-pana-la-90-de-minute\/","og_locale":"en_GB","og_type":"article","og_title":"Trenurile de pe ruta Gara de Nord-Otopeni, \u00eent\u00e2rzieri de p\u00e2n\u0103 la\u00a090\u00a0de\u00a0minute","og_description":"Circula\u021bia trenurilor pe ruta Gara de Nord-Otopeni \u0219i retur se desf\u0103\u0219oar\u0103 cu dificultate din cauza unui macaz defect \u00eentre Mogo\u0219oaia \u0219i Balote\u0219ti. P\u00e2n\u0103 la remedierea defec\u021biunii, trenurile vor \u00eenregistra \u00eent\u00e2rzieri cuprinse \u00eentre 30 \u0219i 90 minute, anun\u021b\u0103 CFR. \u00cen prezent, circula\u021bia trenurilor se desf\u0103\u0219oar\u0103 la cale liber\u0103 \u00eentre Mogo\u0219oaia \u0219i Aeroport, cu ordin de circula\u021bie, [&hellip;]","og_url":"https:\/\/buletin.de\/bucuresti\/trenurile-de-pe-ruta-gara-de-nord-otopeni-intarzieri-de-pana-la-90-de-minute\/","og_site_name":"Buletin de Bucure\u0219ti","article_publisher":"https:\/\/www.facebook.com\/buletin.de.buc","article_published_time":"2024-07-09T08:00:38+00:00","article_modified_time":"2024-07-09T08:12:30+00:00","og_image":[{"width":1600,"height":1200,"url":"https:\/\/buletin.de\/bucuresti\/wp-content\/uploads\/tren-sageata-albastra-in-statia-otopeni.jpg","type":"image\/jpeg"}],"author":"Andreea Tudor","twitter_card":"summary_large_image","twitter_misc":{"Written by":"Andreea Tudor","Estimated reading time":"1 minute"},"schema":{"@context":"https:\/\/schema.org","@graph":[{"@type":"Article","@id":"https:\/\/buletin.de\/bucuresti\/trenurile-de-pe-ruta-gara-de-nord-otopeni-intarzieri-de-pana-la-90-de-minute\/#article","isPartOf":{"@id":"https:\/\/buletin.de\/bucuresti\/trenurile-de-pe-ruta-gara-de-nord-otopeni-intarzieri-de-pana-la-90-de-minute\/"},"author":{"name":"Andreea Tudor","@id":"https:\/\/buletin.de\/bucuresti\/#\/schema\/person\/150590659efde715459d159da012f501"},"headline":"Trenurile de pe ruta Gara de Nord-Otopeni, \u00eent\u00e2rzieri de p\u00e2n\u0103 la\u00a090\u00a0de\u00a0minute","datePublished":"2024-07-09T08:00:38+00:00","dateModified":"2024-07-09T08:12:30+00:00","mainEntityOfPage":{"@id":"https:\/\/buletin.de\/bucuresti\/trenurile-de-pe-ruta-gara-de-nord-otopeni-intarzieri-de-pana-la-90-de-minute\/"},"wordCount":181,"publisher":{"@id":"https:\/\/buletin.de\/bucuresti\/#organization"},"image":{"@id":"https:\/\/buletin.de\/bucuresti\/trenurile-de-pe-ruta-gara-de-nord-otopeni-intarzieri-de-pana-la-90-de-minute\/#primaryimage"},"thumbnailUrl":"https:\/\/buletin.de\/bucuresti\/wp-content\/uploads\/tren-sageata-albastra-in-statia-otopeni.jpg","keywords":["aeroport otopeni","balotesti","cfr","circulatia trenurilor","gara de nord","intarzieri tren","macaz","mogosoaia","tren gara de nord aeroport"],"articleSection":["Articole","Main","Transport"],"inLanguage":"en-GB","copyrightYear":"2024","copyrightHolder":{"@id":"https:\/\/buletin.de\/bucuresti\/#organization"}},{"@type":"WebPage","@id":"https:\/\/buletin.de\/bucuresti\/trenurile-de-pe-ruta-gara-de-nord-otopeni-intarzieri-de-pana-la-90-de-minute\/","url":"https:\/\/buletin.de\/bucuresti\/trenurile-de-pe-ruta-gara-de-nord-otopeni-intarzieri-de-pana-la-90-de-minute\/","name":"Trenurile de pe ruta Gara de Nord-Otopeni, \u00eent\u00e2rzieri de p\u00e2n\u0103 la\u00a090\u00a0de\u00a0minute - Buletin de Bucure\u0219ti","isPartOf":{"@id":"https:\/\/buletin.de\/bucuresti\/#website"},"primaryImageOfPage":{"@id":"https:\/\/buletin.de\/bucuresti\/trenurile-de-pe-ruta-gara-de-nord-otopeni-intarzieri-de-pana-la-90-de-minute\/#primaryimage"},"image":{"@id":"https:\/\/buletin.de\/bucuresti\/trenurile-de-pe-ruta-gara-de-nord-otopeni-intarzieri-de-pana-la-90-de-minute\/#primaryimage"},"thumbnailUrl":"https:\/\/buletin.de\/bucuresti\/wp-content\/uploads\/tren-sageata-albastra-in-statia-otopeni.jpg","datePublished":"2024-07-09T08:00:38+00:00","dateModified":"2024-07-09T08:12:30+00:00","breadcrumb":{"@id":"https:\/\/buletin.de\/bucuresti\/trenurile-de-pe-ruta-gara-de-nord-otopeni-intarzieri-de-pana-la-90-de-minute\/#breadcrumb"},"inLanguage":"en-GB","potentialAction":[{"@type":"ReadAction","target":["https:\/\/buletin.de\/bucuresti\/trenurile-de-pe-ruta-gara-de-nord-otopeni-intarzieri-de-pana-la-90-de-minute\/"]}]},{"@type":"ImageObject","inLanguage":"en-GB","@id":"https:\/\/buletin.de\/bucuresti\/trenurile-de-pe-ruta-gara-de-nord-otopeni-intarzieri-de-pana-la-90-de-minute\/#primaryimage","url":"https:\/\/buletin.de\/bucuresti\/wp-content\/uploads\/tren-sageata-albastra-in-statia-otopeni.jpg","contentUrl":"https:\/\/buletin.de\/bucuresti\/wp-content\/uploads\/tren-sageata-albastra-in-statia-otopeni.jpg","width":1600,"height":1200,"caption":"Trenul CFR C\u0103l\u0103tori, \u00een gara de la Aeroportul Otopeni. Foto: Arhiva"},{"@type":"BreadcrumbList","@id":"https:\/\/buletin.de\/bucuresti\/trenurile-de-pe-ruta-gara-de-nord-otopeni-intarzieri-de-pana-la-90-de-minute\/#breadcrumb","itemListElement":[{"@type":"ListItem","position":1,"name":"Acas\u0103","item":"https:\/\/buletin.de\/bucuresti\/"},{"@type":"ListItem","position":2,"name":"Trenurile de pe ruta Gara de Nord-Otopeni, \u00eent\u00e2rzieri de p\u00e2n\u0103 la\u00a090\u00a0de\u00a0minute"}]},{"@type":"WebSite","@id":"https:\/\/buletin.de\/bucuresti\/#website","url":"https:\/\/buletin.de\/bucuresti\/","name":"Buletin de Bucure\u0219ti","description":"\u0218tiri \u0219i investiga\u021bii esen\u021biale din capital\u0103","publisher":{"@id":"https:\/\/buletin.de\/bucuresti\/#organization"},"potentialAction":[{"@type":"SearchAction","target":{"@type":"EntryPoint","urlTemplate":"https:\/\/buletin.de\/bucuresti\/?s={search_term_string}"},"query-input":{"@type":"PropertyValueSpecification","valueRequired":true,"valueName":"search_term_string"}}],"inLanguage":"en-GB"},{"@type":"Organization","@id":"https:\/\/buletin.de\/bucuresti\/#organization","name":"Buletin de Bucure\u0219ti","url":"https:\/\/buletin.de\/bucuresti\/","logo":{"@type":"ImageObject","inLanguage":"en-GB","@id":"https:\/\/buletin.de\/bucuresti\/#\/schema\/logo\/image\/","url":"https:\/\/buletin.de\/bucuresti\/wp-content\/uploads\/logo-bdb-full-wide-vernil-transparent.png","contentUrl":"https:\/\/buletin.de\/bucuresti\/wp-content\/uploads\/logo-bdb-full-wide-vernil-transparent.png","width":1782,"height":626,"caption":"Buletin de Bucure\u0219ti"},"image":{"@id":"https:\/\/buletin.de\/bucuresti\/#\/schema\/logo\/image\/"},"sameAs":["https:\/\/www.facebook.com\/buletin.de.buc","https:\/\/www.instagram.com\/buletinde.bucuresti\/"]},{"@type":"Person","@id":"https:\/\/buletin.de\/bucuresti\/#\/schema\/person\/150590659efde715459d159da012f501","name":"Andreea Tudor","image":{"@type":"ImageObject","inLanguage":"en-GB","@id":"https:\/\/secure.gravatar.com\/avatar\/a88705a186ab0b67f3349bcbced506c09e37256fbaad0e7f3bd1a79b4599f589?s=96&d=monsterid&r=g79290610aa1a65c2b86eebc2ca5aee8f","url":"https:\/\/secure.gravatar.com\/avatar\/a88705a186ab0b67f3349bcbced506c09e37256fbaad0e7f3bd1a79b4599f589?s=96&d=monsterid&r=g","contentUrl":"https:\/\/secure.gravatar.com\/avatar\/a88705a186ab0b67f3349bcbced506c09e37256fbaad0e7f3bd1a79b4599f589?s=96&d=monsterid&r=g","caption":"Andreea Tudor"},"description":"N\u0103scut\u0103 \u0219i crescut\u0103 \u00een Bucure\u0219ti, sus\u021bin\u0103toare a presei independente. A\u0219a am ajuns redactor la Buletin de Bucure\u0219ti. Fiind eu, \u00eens\u0103mi, parte a sistemului de \u00eenv\u0103\u021b\u0103m\u00e2nt rom\u00e2nesc \u0219i pasionat\u0103 de domeniul social, pun sub lup\u0103 tot ceea ce se \u00eent\u00e2mpl\u0103 \u00een sfera educa\u021biei. Cred cu t\u0103rie c\u0103 presa \u201epentru cet\u0103\u021beni\u201d este presa independent\u0103. Oamenii au nevoie de o informare corect\u0103 pentru a \u00een\u021belege pe deplin ce se \u00eent\u00e2mpl\u0103 \u00een jurul lor \u0219i pentru a lua ac\u021biune \u00eempotriva nedrept\u0103\u021bilor.","url":"https:\/\/buletin.de\/bucuresti\/author\/andreeatudor\/"}]}},"authors":[{"term_id":22573,"user_id":55,"is_guest":0,"slug":"andreeatudor","display_name":"Andreea Tudor","avatar_url":"https:\/\/secure.gravatar.com\/avatar\/a88705a186ab0b67f3349bcbced506c09e37256fbaad0e7f3bd1a79b4599f589?s=96&d=monsterid&r=g","0":null,"1":"","2":"","3":"","4":"","5":"","6":"","7":"","8":""}],"_links":{"self":[{"href":"https:\/\/buletin.de\/bucuresti\/wp-json\/wp\/v2\/posts\/90429","targetHints":{"allow":["GET"]}}],"collection":[{"href":"https:\/\/buletin.de\/bucuresti\/wp-json\/wp\/v2\/posts"}],"about":[{"href":"https:\/\/buletin.de\/bucuresti\/wp-json\/wp\/v2\/types\/post"}],"author":[{"embeddable":true,"href":"https:\/\/buletin.de\/bucuresti\/wp-json\/wp\/v2\/users\/55"}],"replies":[{"embeddable":true,"href":"https:\/\/buletin.de\/bucuresti\/wp-json\/wp\/v2\/comments?post=90429"}],"version-history":[{"count":4,"href":"https:\/\/buletin.de\/bucuresti\/wp-json\/wp\/v2\/posts\/90429\/revisions"}],"predecessor-version":[{"id":90438,"href":"https:\/\/buletin.de\/bucuresti\/wp-json\/wp\/v2\/posts\/90429\/revisions\/90438"}],"wp:featuredmedia":[{"embeddable":true,"href":"https:\/\/buletin.de\/bucuresti\/wp-json\/wp\/v2\/media\/12287"}],"wp:attachment":[{"href":"https:\/\/buletin.de\/bucuresti\/wp-json\/wp\/v2\/media?parent=90429"}],"wp:term":[{"taxonomy":"category","embeddable":true,"href":"https:\/\/buletin.de\/bucuresti\/wp-json\/wp\/v2\/categories?post=90429"},{"taxonomy":"post_tag","embeddable":true,"href":"https:\/\/buletin.de\/bucuresti\/wp-json\/wp\/v2\/tags?post=90429"},{"taxonomy":"author","embeddable":true,"href":"https:\/\/buletin.de\/bucuresti\/wp-json\/wp\/v2\/ppma_author?post=90429"}],"curies":[{"name":"wp","href":"https:\/\/api.w.org\/{rel}","templated":true}]}}