{"id":90421,"date":"2024-07-10T05:00:00","date_gmt":"2024-07-10T02:00:00","guid":{"rendered":"https:\/\/buletin.de\/bucuresti\/?p=90421"},"modified":"2024-07-09T20:22:47","modified_gmt":"2024-07-09T17:22:47","slug":"ilfov-sens-unic-si-o-linie-stb-noua-in-comuna-chiajna","status":"publish","type":"post","link":"https:\/\/buletin.de\/bucuresti\/ilfov-sens-unic-si-o-linie-stb-noua-in-comuna-chiajna\/","title":{"rendered":"ILFOV |  Sensuri unice \u0219i o linie STB nou\u0103 \u00een comuna Chiajna, spre str. Osiei din S6"},"content":{"rendered":"\n<p><strong>Prim\u0103ria comunei Chiajna anun\u021b\u0103 modificarea sensului rutier pe strada Rezervelor, din data de 10 iulie. Este vorba despre segmentul cuprins \u00eentre str\u0103zile Osiei \u0219i Apeductului.<\/strong><\/p>\n\n\n\n<p>Astfel, circula\u021bia se va desf\u0103\u0219ura cu sens unic dinspre strada Osiei spre strada Apeductului.<\/p>\n\n\n\n<figure class=\"wp-block-image size-full is-resized\"><img fetchpriority=\"high\" decoding=\"async\" width=\"696\" height=\"601\" src=\"data:image\/gif;base64,R0lGODlhAQABAAAAACH5BAEKAAEALAAAAAABAAEAAAICTAEAOw==\" data-src=\"https:\/\/buletin.de\/bucuresti\/wp-content\/uploads\/450186027_875878761232705_3999212082666530704_n-696x601-2.jpeg\" alt=\"\" class=\"wp-image-90430 lazyload\" style=\"width:840px;height:auto\" data-sizes=\"auto\" data-srcset=\"https:\/\/buletin.de\/bucuresti\/wp-content\/uploads\/450186027_875878761232705_3999212082666530704_n-696x601-2.jpeg 696w, https:\/\/buletin.de\/bucuresti\/wp-content\/uploads\/450186027_875878761232705_3999212082666530704_n-696x601-2-300x259.jpeg 300w, https:\/\/buletin.de\/bucuresti\/wp-content\/uploads\/450186027_875878761232705_3999212082666530704_n-696x601-2-600x518.jpeg 600w, https:\/\/buletin.de\/bucuresti\/wp-content\/uploads\/450186027_875878761232705_3999212082666530704_n-696x601-2-20x17.jpeg 20w\" sizes=\"(max-width: 696px) 100vw, 696px\" \/><\/figure>\n\n\n\n<p>Autoritatea locala precizeaz\u0103 c\u0103 lucr\u0103rile de reabilitare a structurilor rutiere \u0219i pietonale de pe strada Tineretului au fost finalizate, cu excep\u021bia sensului giratoriu. Acesta va permite intrarea \u0219i ie\u0219irea autovehiculelor \u00een complexul comercial din zon\u0103. Lucr\u0103rile sunt \u00een derulare, pentru casetarea unui apeduct al Apa Nova.<\/p>\n\n\n\n<p>Asocia\u021bia Intercomunitar\u0103 de Transport Public Bucure\u0219ti-Ilfov va reconfigura liniile STB, astfel \u00eenc\u00e2t s\u0103 fie acoperite toate zonele, iar s\u0103pt\u0103m\u00e2na viitoare se va infiin\u021ba o linie STB, pe strada Tineretului.<\/p>\n\n\n\n<p>De asemenea, se fac lucr\u0103ri pe str\u0103zile Rezervelor, tronsonul cuprins \u00eentre str\u0103zile Serg. Ilie Petre \u0219i Tineretului \u0219i intrarea Eroului, iar circula\u021bia rutier\u0103 va fi restric\u021bionat\u0103 \u00een anumite intervale orare.<\/p>\n\n\n\n<p><strong>CITE\u0218TE \u0218I:<\/strong><\/p>\n\n\n\n<figure class=\"wp-block-embed is-type-wp-embed is-provider-buletin-de-bucure-ti wp-block-embed-buletin-de-bucure-ti\"><div class=\"wp-block-embed__wrapper\">\n<blockquote class=\"wp-embedded-content\" data-secret=\"gvDGjPExON\"><a href=\"https:\/\/buletin.de\/bucuresti\/tramvaie-astra-imperio-pe-linia-7-piata-unirii-c-f-r-progresul\/\">Tramvaie Astra Imperio pe linia 7 Pia\u021ba Unirii-C.F.R. Progresul<\/a><\/blockquote><iframe class=\"wp-embedded-content\" sandbox=\"allow-scripts\" security=\"restricted\" style=\"position: absolute; clip: rect(1px, 1px, 1px, 1px);\" title=\"&#8220;Tramvaie Astra Imperio pe linia 7 Pia\u021ba Unirii-C.F.R. Progresul&#8221; &#8212; Buletin de Bucure\u0219ti\" src=\"https:\/\/buletin.de\/bucuresti\/tramvaie-astra-imperio-pe-linia-7-piata-unirii-c-f-r-progresul\/embed\/#?secret=crsY3p2pbO#?secret=gvDGjPExON\" data-secret=\"gvDGjPExON\" width=\"600\" height=\"338\" frameborder=\"0\" marginwidth=\"0\" marginheight=\"0\" scrolling=\"no\"><\/iframe>\n<\/div><\/figure>\n\n\n\n<p> <\/p>\n\n\n\n<p> <\/p>\n","protected":false},"excerpt":{"rendered":"<p>Prim\u0103ria comunei Chiajna anun\u021b\u0103 modificarea sensului rutier pe strada Rezervelor, din data de 10 iulie. Este vorba despre segmentul cuprins \u00eentre str\u0103zile Osiei \u0219i Apeductului. Astfel, circula\u021bia se va desf\u0103\u0219ura cu sens unic dinspre strada Osiei spre strada Apeductului. Autoritatea locala precizeaz\u0103 c\u0103 lucr\u0103rile de reabilitare a structurilor rutiere \u0219i pietonale de pe strada Tineretului [&hellip;]<\/p>\n","protected":false},"author":49,"featured_media":90431,"comment_status":"closed","ping_status":"open","sticky":false,"template":"","format":"standard","meta":{"_acf_changed":false,"inline_featured_image":false,"ngg_post_thumbnail":0,"footnotes":""},"categories":[6994,62],"tags":[820,6086,13296],"ppma_author":[22574],"class_list":["post-90421","post","type-post","status-publish","format-standard","has-post-thumbnail","hentry","category-stiri-2","category-stiri","tag-ilfov","tag-sens-unic","tag-strada-rezervelor"],"acf":[],"yoast_head":"<!-- This site is optimized with the Yoast SEO Premium plugin v25.3 (Yoast SEO v27.4) - https:\/\/yoast.com\/product\/yoast-seo-premium-wordpress\/ -->\n<title>ILFOV | Sensuri unice \u0219i o linie STB nou\u0103 \u00een comuna Chiajna, spre str. Osiei din S6 - Buletin de Bucure\u0219ti<\/title>\n<meta name=\"robots\" content=\"index, follow, max-snippet:-1, max-image-preview:large, max-video-preview:-1\" \/>\n<link rel=\"canonical\" href=\"https:\/\/buletin.de\/bucuresti\/ilfov-sens-unic-si-o-linie-stb-noua-in-comuna-chiajna\/\" \/>\n<meta property=\"og:locale\" content=\"en_GB\" \/>\n<meta property=\"og:type\" content=\"article\" \/>\n<meta property=\"og:title\" content=\"ILFOV | Sensuri unice \u0219i o linie STB nou\u0103 \u00een comuna Chiajna, spre str. Osiei din S6\" \/>\n<meta property=\"og:description\" content=\"Prim\u0103ria comunei Chiajna anun\u021b\u0103 modificarea sensului rutier pe strada Rezervelor, din data de 10 iulie. Este vorba despre segmentul cuprins \u00eentre str\u0103zile Osiei \u0219i Apeductului. Astfel, circula\u021bia se va desf\u0103\u0219ura cu sens unic dinspre strada Osiei spre strada Apeductului. Autoritatea locala precizeaz\u0103 c\u0103 lucr\u0103rile de reabilitare a structurilor rutiere \u0219i pietonale de pe strada Tineretului [&hellip;]\" \/>\n<meta property=\"og:url\" content=\"https:\/\/buletin.de\/bucuresti\/ilfov-sens-unic-si-o-linie-stb-noua-in-comuna-chiajna\/\" \/>\n<meta property=\"og:site_name\" content=\"Buletin de Bucure\u0219ti\" \/>\n<meta property=\"article:publisher\" content=\"https:\/\/www.facebook.com\/buletin.de.buc\" \/>\n<meta property=\"article:published_time\" content=\"2024-07-10T02:00:00+00:00\" \/>\n<meta property=\"og:image\" content=\"https:\/\/buletin.de\/bucuresti\/wp-content\/uploads\/chiajna-strada.jpeg\" \/>\n\t<meta property=\"og:image:width\" content=\"1950\" \/>\n\t<meta property=\"og:image:height\" content=\"2048\" \/>\n\t<meta property=\"og:image:type\" content=\"image\/jpeg\" \/>\n<meta name=\"author\" content=\"Diana Matei\" \/>\n<meta name=\"twitter:card\" content=\"summary_large_image\" \/>\n<meta name=\"twitter:label1\" content=\"Written by\" \/>\n\t<meta name=\"twitter:data1\" content=\"Diana Matei\" \/>\n\t<meta name=\"twitter:label2\" content=\"Estimated reading time\" \/>\n\t<meta name=\"twitter:data2\" content=\"2 minutes\" \/>\n<script type=\"application\/ld+json\" class=\"yoast-schema-graph\">{\"@context\":\"https:\\\/\\\/schema.org\",\"@graph\":[{\"@type\":\"Article\",\"@id\":\"https:\\\/\\\/buletin.de\\\/bucuresti\\\/ilfov-sens-unic-si-o-linie-stb-noua-in-comuna-chiajna\\\/#article\",\"isPartOf\":{\"@id\":\"https:\\\/\\\/buletin.de\\\/bucuresti\\\/ilfov-sens-unic-si-o-linie-stb-noua-in-comuna-chiajna\\\/\"},\"author\":{\"name\":\"Diana Matei\",\"@id\":\"https:\\\/\\\/buletin.de\\\/bucuresti\\\/#\\\/schema\\\/person\\\/7e46040573290777280a0835d81ea4ea\"},\"headline\":\"ILFOV | Sensuri unice \u0219i o linie STB nou\u0103 \u00een comuna Chiajna, spre str. Osiei din S6\",\"datePublished\":\"2024-07-10T02:00:00+00:00\",\"mainEntityOfPage\":{\"@id\":\"https:\\\/\\\/buletin.de\\\/bucuresti\\\/ilfov-sens-unic-si-o-linie-stb-noua-in-comuna-chiajna\\\/\"},\"wordCount\":188,\"publisher\":{\"@id\":\"https:\\\/\\\/buletin.de\\\/bucuresti\\\/#organization\"},\"image\":{\"@id\":\"https:\\\/\\\/buletin.de\\\/bucuresti\\\/ilfov-sens-unic-si-o-linie-stb-noua-in-comuna-chiajna\\\/#primaryimage\"},\"thumbnailUrl\":\"https:\\\/\\\/buletin.de\\\/bucuresti\\\/wp-content\\\/uploads\\\/chiajna-strada.jpeg\",\"keywords\":[\"Ilfov\",\"sens unic\",\"Strada Rezervelor\"],\"articleSection\":[\"Articole\",\"\u0218tiri\"],\"inLanguage\":\"en-GB\",\"copyrightYear\":\"2024\",\"copyrightHolder\":{\"@id\":\"https:\\\/\\\/buletin.de\\\/bucuresti\\\/#organization\"}},{\"@type\":\"WebPage\",\"@id\":\"https:\\\/\\\/buletin.de\\\/bucuresti\\\/ilfov-sens-unic-si-o-linie-stb-noua-in-comuna-chiajna\\\/\",\"url\":\"https:\\\/\\\/buletin.de\\\/bucuresti\\\/ilfov-sens-unic-si-o-linie-stb-noua-in-comuna-chiajna\\\/\",\"name\":\"ILFOV | Sensuri unice \u0219i o linie STB nou\u0103 \u00een comuna Chiajna, spre str. Osiei din S6 - Buletin de Bucure\u0219ti\",\"isPartOf\":{\"@id\":\"https:\\\/\\\/buletin.de\\\/bucuresti\\\/#website\"},\"primaryImageOfPage\":{\"@id\":\"https:\\\/\\\/buletin.de\\\/bucuresti\\\/ilfov-sens-unic-si-o-linie-stb-noua-in-comuna-chiajna\\\/#primaryimage\"},\"image\":{\"@id\":\"https:\\\/\\\/buletin.de\\\/bucuresti\\\/ilfov-sens-unic-si-o-linie-stb-noua-in-comuna-chiajna\\\/#primaryimage\"},\"thumbnailUrl\":\"https:\\\/\\\/buletin.de\\\/bucuresti\\\/wp-content\\\/uploads\\\/chiajna-strada.jpeg\",\"datePublished\":\"2024-07-10T02:00:00+00:00\",\"breadcrumb\":{\"@id\":\"https:\\\/\\\/buletin.de\\\/bucuresti\\\/ilfov-sens-unic-si-o-linie-stb-noua-in-comuna-chiajna\\\/#breadcrumb\"},\"inLanguage\":\"en-GB\",\"potentialAction\":[{\"@type\":\"ReadAction\",\"target\":[\"https:\\\/\\\/buletin.de\\\/bucuresti\\\/ilfov-sens-unic-si-o-linie-stb-noua-in-comuna-chiajna\\\/\"]}]},{\"@type\":\"ImageObject\",\"inLanguage\":\"en-GB\",\"@id\":\"https:\\\/\\\/buletin.de\\\/bucuresti\\\/ilfov-sens-unic-si-o-linie-stb-noua-in-comuna-chiajna\\\/#primaryimage\",\"url\":\"https:\\\/\\\/buletin.de\\\/bucuresti\\\/wp-content\\\/uploads\\\/chiajna-strada.jpeg\",\"contentUrl\":\"https:\\\/\\\/buletin.de\\\/bucuresti\\\/wp-content\\\/uploads\\\/chiajna-strada.jpeg\",\"width\":1950,\"height\":2048,\"caption\":\"FOTO: Primaria Chiajna\"},{\"@type\":\"BreadcrumbList\",\"@id\":\"https:\\\/\\\/buletin.de\\\/bucuresti\\\/ilfov-sens-unic-si-o-linie-stb-noua-in-comuna-chiajna\\\/#breadcrumb\",\"itemListElement\":[{\"@type\":\"ListItem\",\"position\":1,\"name\":\"Acas\u0103\",\"item\":\"https:\\\/\\\/buletin.de\\\/bucuresti\\\/\"},{\"@type\":\"ListItem\",\"position\":2,\"name\":\"ILFOV | Sensuri unice \u0219i o linie STB nou\u0103 \u00een comuna Chiajna, spre str. Osiei din S6\"}]},{\"@type\":\"WebSite\",\"@id\":\"https:\\\/\\\/buletin.de\\\/bucuresti\\\/#website\",\"url\":\"https:\\\/\\\/buletin.de\\\/bucuresti\\\/\",\"name\":\"Buletin de Bucure\u0219ti\",\"description\":\"\u0218tiri \u0219i investiga\u021bii esen\u021biale din capital\u0103\",\"publisher\":{\"@id\":\"https:\\\/\\\/buletin.de\\\/bucuresti\\\/#organization\"},\"potentialAction\":[{\"@type\":\"SearchAction\",\"target\":{\"@type\":\"EntryPoint\",\"urlTemplate\":\"https:\\\/\\\/buletin.de\\\/bucuresti\\\/?s={search_term_string}\"},\"query-input\":{\"@type\":\"PropertyValueSpecification\",\"valueRequired\":true,\"valueName\":\"search_term_string\"}}],\"inLanguage\":\"en-GB\"},{\"@type\":\"Organization\",\"@id\":\"https:\\\/\\\/buletin.de\\\/bucuresti\\\/#organization\",\"name\":\"Buletin de Bucure\u0219ti\",\"url\":\"https:\\\/\\\/buletin.de\\\/bucuresti\\\/\",\"logo\":{\"@type\":\"ImageObject\",\"inLanguage\":\"en-GB\",\"@id\":\"https:\\\/\\\/buletin.de\\\/bucuresti\\\/#\\\/schema\\\/logo\\\/image\\\/\",\"url\":\"https:\\\/\\\/buletin.de\\\/bucuresti\\\/wp-content\\\/uploads\\\/logo-bdb-full-wide-vernil-transparent.png\",\"contentUrl\":\"https:\\\/\\\/buletin.de\\\/bucuresti\\\/wp-content\\\/uploads\\\/logo-bdb-full-wide-vernil-transparent.png\",\"width\":1782,\"height\":626,\"caption\":\"Buletin de Bucure\u0219ti\"},\"image\":{\"@id\":\"https:\\\/\\\/buletin.de\\\/bucuresti\\\/#\\\/schema\\\/logo\\\/image\\\/\"},\"sameAs\":[\"https:\\\/\\\/www.facebook.com\\\/buletin.de.buc\",\"https:\\\/\\\/www.instagram.com\\\/buletinde.bucuresti\\\/\"]},{\"@type\":\"Person\",\"@id\":\"https:\\\/\\\/buletin.de\\\/bucuresti\\\/#\\\/schema\\\/person\\\/7e46040573290777280a0835d81ea4ea\",\"name\":\"Diana Matei\",\"image\":{\"@type\":\"ImageObject\",\"inLanguage\":\"en-GB\",\"@id\":\"https:\\\/\\\/buletin.de\\\/bucuresti\\\/wp-content\\\/uploads\\\/9-2-96x96.jpg1e8590b30871d70e62ebcdaf2eff570c\",\"url\":\"https:\\\/\\\/buletin.de\\\/bucuresti\\\/wp-content\\\/uploads\\\/9-2-96x96.jpg\",\"contentUrl\":\"https:\\\/\\\/buletin.de\\\/bucuresti\\\/wp-content\\\/uploads\\\/9-2-96x96.jpg\",\"caption\":\"Diana Matei\"},\"url\":\"https:\\\/\\\/buletin.de\\\/bucuresti\\\/author\\\/dianamatei\\\/\"}]}<\/script>\n<!-- \/ Yoast SEO Premium plugin. -->","yoast_head_json":{"title":"ILFOV | Sensuri unice \u0219i o linie STB nou\u0103 \u00een comuna Chiajna, spre str. Osiei din S6 - Buletin de Bucure\u0219ti","robots":{"index":"index","follow":"follow","max-snippet":"max-snippet:-1","max-image-preview":"max-image-preview:large","max-video-preview":"max-video-preview:-1"},"canonical":"https:\/\/buletin.de\/bucuresti\/ilfov-sens-unic-si-o-linie-stb-noua-in-comuna-chiajna\/","og_locale":"en_GB","og_type":"article","og_title":"ILFOV | Sensuri unice \u0219i o linie STB nou\u0103 \u00een comuna Chiajna, spre str. Osiei din S6","og_description":"Prim\u0103ria comunei Chiajna anun\u021b\u0103 modificarea sensului rutier pe strada Rezervelor, din data de 10 iulie. Este vorba despre segmentul cuprins \u00eentre str\u0103zile Osiei \u0219i Apeductului. Astfel, circula\u021bia se va desf\u0103\u0219ura cu sens unic dinspre strada Osiei spre strada Apeductului. Autoritatea locala precizeaz\u0103 c\u0103 lucr\u0103rile de reabilitare a structurilor rutiere \u0219i pietonale de pe strada Tineretului [&hellip;]","og_url":"https:\/\/buletin.de\/bucuresti\/ilfov-sens-unic-si-o-linie-stb-noua-in-comuna-chiajna\/","og_site_name":"Buletin de Bucure\u0219ti","article_publisher":"https:\/\/www.facebook.com\/buletin.de.buc","article_published_time":"2024-07-10T02:00:00+00:00","og_image":[{"width":1950,"height":2048,"url":"https:\/\/buletin.de\/bucuresti\/wp-content\/uploads\/chiajna-strada.jpeg","type":"image\/jpeg"}],"author":"Diana Matei","twitter_card":"summary_large_image","twitter_misc":{"Written by":"Diana Matei","Estimated reading time":"2 minutes"},"schema":{"@context":"https:\/\/schema.org","@graph":[{"@type":"Article","@id":"https:\/\/buletin.de\/bucuresti\/ilfov-sens-unic-si-o-linie-stb-noua-in-comuna-chiajna\/#article","isPartOf":{"@id":"https:\/\/buletin.de\/bucuresti\/ilfov-sens-unic-si-o-linie-stb-noua-in-comuna-chiajna\/"},"author":{"name":"Diana Matei","@id":"https:\/\/buletin.de\/bucuresti\/#\/schema\/person\/7e46040573290777280a0835d81ea4ea"},"headline":"ILFOV | Sensuri unice \u0219i o linie STB nou\u0103 \u00een comuna Chiajna, spre str. Osiei din S6","datePublished":"2024-07-10T02:00:00+00:00","mainEntityOfPage":{"@id":"https:\/\/buletin.de\/bucuresti\/ilfov-sens-unic-si-o-linie-stb-noua-in-comuna-chiajna\/"},"wordCount":188,"publisher":{"@id":"https:\/\/buletin.de\/bucuresti\/#organization"},"image":{"@id":"https:\/\/buletin.de\/bucuresti\/ilfov-sens-unic-si-o-linie-stb-noua-in-comuna-chiajna\/#primaryimage"},"thumbnailUrl":"https:\/\/buletin.de\/bucuresti\/wp-content\/uploads\/chiajna-strada.jpeg","keywords":["Ilfov","sens unic","Strada Rezervelor"],"articleSection":["Articole","\u0218tiri"],"inLanguage":"en-GB","copyrightYear":"2024","copyrightHolder":{"@id":"https:\/\/buletin.de\/bucuresti\/#organization"}},{"@type":"WebPage","@id":"https:\/\/buletin.de\/bucuresti\/ilfov-sens-unic-si-o-linie-stb-noua-in-comuna-chiajna\/","url":"https:\/\/buletin.de\/bucuresti\/ilfov-sens-unic-si-o-linie-stb-noua-in-comuna-chiajna\/","name":"ILFOV | Sensuri unice \u0219i o linie STB nou\u0103 \u00een comuna Chiajna, spre str. Osiei din S6 - Buletin de Bucure\u0219ti","isPartOf":{"@id":"https:\/\/buletin.de\/bucuresti\/#website"},"primaryImageOfPage":{"@id":"https:\/\/buletin.de\/bucuresti\/ilfov-sens-unic-si-o-linie-stb-noua-in-comuna-chiajna\/#primaryimage"},"image":{"@id":"https:\/\/buletin.de\/bucuresti\/ilfov-sens-unic-si-o-linie-stb-noua-in-comuna-chiajna\/#primaryimage"},"thumbnailUrl":"https:\/\/buletin.de\/bucuresti\/wp-content\/uploads\/chiajna-strada.jpeg","datePublished":"2024-07-10T02:00:00+00:00","breadcrumb":{"@id":"https:\/\/buletin.de\/bucuresti\/ilfov-sens-unic-si-o-linie-stb-noua-in-comuna-chiajna\/#breadcrumb"},"inLanguage":"en-GB","potentialAction":[{"@type":"ReadAction","target":["https:\/\/buletin.de\/bucuresti\/ilfov-sens-unic-si-o-linie-stb-noua-in-comuna-chiajna\/"]}]},{"@type":"ImageObject","inLanguage":"en-GB","@id":"https:\/\/buletin.de\/bucuresti\/ilfov-sens-unic-si-o-linie-stb-noua-in-comuna-chiajna\/#primaryimage","url":"https:\/\/buletin.de\/bucuresti\/wp-content\/uploads\/chiajna-strada.jpeg","contentUrl":"https:\/\/buletin.de\/bucuresti\/wp-content\/uploads\/chiajna-strada.jpeg","width":1950,"height":2048,"caption":"FOTO: Primaria Chiajna"},{"@type":"BreadcrumbList","@id":"https:\/\/buletin.de\/bucuresti\/ilfov-sens-unic-si-o-linie-stb-noua-in-comuna-chiajna\/#breadcrumb","itemListElement":[{"@type":"ListItem","position":1,"name":"Acas\u0103","item":"https:\/\/buletin.de\/bucuresti\/"},{"@type":"ListItem","position":2,"name":"ILFOV | Sensuri unice \u0219i o linie STB nou\u0103 \u00een comuna Chiajna, spre str. Osiei din S6"}]},{"@type":"WebSite","@id":"https:\/\/buletin.de\/bucuresti\/#website","url":"https:\/\/buletin.de\/bucuresti\/","name":"Buletin de Bucure\u0219ti","description":"\u0218tiri \u0219i investiga\u021bii esen\u021biale din capital\u0103","publisher":{"@id":"https:\/\/buletin.de\/bucuresti\/#organization"},"potentialAction":[{"@type":"SearchAction","target":{"@type":"EntryPoint","urlTemplate":"https:\/\/buletin.de\/bucuresti\/?s={search_term_string}"},"query-input":{"@type":"PropertyValueSpecification","valueRequired":true,"valueName":"search_term_string"}}],"inLanguage":"en-GB"},{"@type":"Organization","@id":"https:\/\/buletin.de\/bucuresti\/#organization","name":"Buletin de Bucure\u0219ti","url":"https:\/\/buletin.de\/bucuresti\/","logo":{"@type":"ImageObject","inLanguage":"en-GB","@id":"https:\/\/buletin.de\/bucuresti\/#\/schema\/logo\/image\/","url":"https:\/\/buletin.de\/bucuresti\/wp-content\/uploads\/logo-bdb-full-wide-vernil-transparent.png","contentUrl":"https:\/\/buletin.de\/bucuresti\/wp-content\/uploads\/logo-bdb-full-wide-vernil-transparent.png","width":1782,"height":626,"caption":"Buletin de Bucure\u0219ti"},"image":{"@id":"https:\/\/buletin.de\/bucuresti\/#\/schema\/logo\/image\/"},"sameAs":["https:\/\/www.facebook.com\/buletin.de.buc","https:\/\/www.instagram.com\/buletinde.bucuresti\/"]},{"@type":"Person","@id":"https:\/\/buletin.de\/bucuresti\/#\/schema\/person\/7e46040573290777280a0835d81ea4ea","name":"Diana Matei","image":{"@type":"ImageObject","inLanguage":"en-GB","@id":"https:\/\/buletin.de\/bucuresti\/wp-content\/uploads\/9-2-96x96.jpg1e8590b30871d70e62ebcdaf2eff570c","url":"https:\/\/buletin.de\/bucuresti\/wp-content\/uploads\/9-2-96x96.jpg","contentUrl":"https:\/\/buletin.de\/bucuresti\/wp-content\/uploads\/9-2-96x96.jpg","caption":"Diana Matei"},"url":"https:\/\/buletin.de\/bucuresti\/author\/dianamatei\/"}]}},"authors":[{"term_id":22574,"user_id":49,"is_guest":0,"slug":"dianamatei","display_name":"Diana Matei","avatar_url":"https:\/\/buletin.de\/bucuresti\/wp-content\/uploads\/9-2-96x96.jpg","0":null,"1":"","2":"","3":"","4":"","5":"","6":"","7":"","8":""}],"_links":{"self":[{"href":"https:\/\/buletin.de\/bucuresti\/wp-json\/wp\/v2\/posts\/90421","targetHints":{"allow":["GET"]}}],"collection":[{"href":"https:\/\/buletin.de\/bucuresti\/wp-json\/wp\/v2\/posts"}],"about":[{"href":"https:\/\/buletin.de\/bucuresti\/wp-json\/wp\/v2\/types\/post"}],"author":[{"embeddable":true,"href":"https:\/\/buletin.de\/bucuresti\/wp-json\/wp\/v2\/users\/49"}],"replies":[{"embeddable":true,"href":"https:\/\/buletin.de\/bucuresti\/wp-json\/wp\/v2\/comments?post=90421"}],"version-history":[{"count":5,"href":"https:\/\/buletin.de\/bucuresti\/wp-json\/wp\/v2\/posts\/90421\/revisions"}],"predecessor-version":[{"id":90498,"href":"https:\/\/buletin.de\/bucuresti\/wp-json\/wp\/v2\/posts\/90421\/revisions\/90498"}],"wp:featuredmedia":[{"embeddable":true,"href":"https:\/\/buletin.de\/bucuresti\/wp-json\/wp\/v2\/media\/90431"}],"wp:attachment":[{"href":"https:\/\/buletin.de\/bucuresti\/wp-json\/wp\/v2\/media?parent=90421"}],"wp:term":[{"taxonomy":"category","embeddable":true,"href":"https:\/\/buletin.de\/bucuresti\/wp-json\/wp\/v2\/categories?post=90421"},{"taxonomy":"post_tag","embeddable":true,"href":"https:\/\/buletin.de\/bucuresti\/wp-json\/wp\/v2\/tags?post=90421"},{"taxonomy":"author","embeddable":true,"href":"https:\/\/buletin.de\/bucuresti\/wp-json\/wp\/v2\/ppma_author?post=90421"}],"curies":[{"name":"wp","href":"https:\/\/api.w.org\/{rel}","templated":true}]}}