{"id":90371,"date":"2024-07-09T07:39:19","date_gmt":"2024-07-09T04:39:19","guid":{"rendered":"https:\/\/buletin.de\/bucuresti\/?p=90371"},"modified":"2024-07-09T07:39:19","modified_gmt":"2024-07-09T04:39:19","slug":"sector-1-scena-teatrului-de-vara-nicolae-balcescu-din-parcul-bazilescu-a-fost-refacuta","status":"publish","type":"post","link":"https:\/\/buletin.de\/bucuresti\/sector-1-scena-teatrului-de-vara-nicolae-balcescu-din-parcul-bazilescu-a-fost-refacuta\/","title":{"rendered":"Sector 1 | Scena Teatrului de Var\u0103 \u201eNicolae B\u0103lcescu&#8221; din Parcul Bazilescu a fost ref\u0103cut\u0103"},"content":{"rendered":"\n<p><strong>Prim\u0103ria Sectorului 1 anun\u021b\u0103 refacerea scenei de la Teatrul de Var\u0103 \u201eNicolae B\u0103lcescu&#8221; din Parcul Bazilescu. S\u0103pt\u0103m\u00e2na trecut\u0103 a fost turnat\u0103 o plac\u0103 de baz\u0103 nou\u0103, din beton armat.<\/strong><\/p>\n\n\n\n<p>Autoritatea local\u0103 aminte\u0219te c\u0103 sunt, deja, echipe care lucreaz\u0103 la interior, se consolideaz\u0103 pere\u021bii \u0219i se toarn\u0103 funda\u021bii. De asemenea, au fost cur\u0103\u021bate integral terasele de la etajele superioare \u0219i se reface porticul, galeria exterioar\u0103, sus\u021binut\u0103 de coloane.  <\/p>\n\n\n\n<p>La finalul anului 2022, Clotilde Armand anun\u021ba lansarea licita\u021biei pentru lucr\u0103rile de proiectare \u0219i execu\u021bie a lucr\u0103rilor de consolidare a monumentului istoric aflat \u00een paragin\u0103. Bugetul alocat investi\u021biei este de 17 milioane de lei.<\/p>\n\n\n\n<p>Dup\u0103 ce va fi reabilitat, Teatrul de Var\u0103 B\u0103lcescu va putea g\u0103zdui 1550 de spectatori, iar la ultimul etaj va fi amenajat un bar sau o cafenea:&nbsp;<em>\u201ePe l\u00e2ng\u0103 evenimente artistice, aici se vor desf\u0103\u0219ura vernisaje, lans\u0103ri de c\u0103r\u021bi \u0219i albume, mici festivaluri de muzic\u0103 \u0219i film,\u201d&nbsp;<\/em>declara primarul Sectorului 1, la \u00eenceputul procesului de reabilitare.<\/p>\n\n\n\n<figure class=\"wp-block-gallery has-nested-images columns-default is-cropped wp-block-gallery-1 is-layout-flex wp-block-gallery-is-layout-flex\">\n<figure class=\"wp-block-image size-large\"><img fetchpriority=\"high\" decoding=\"async\" width=\"550\" height=\"307\" data-id=\"90373\" src=\"data:image\/gif;base64,R0lGODlhAQABAAAAACH5BAEKAAEALAAAAAABAAEAAAICTAEAOw==\" data-src=\"https:\/\/buletin.de\/bucuresti\/wp-content\/uploads\/308128185_639827330841929_3871537568081416945_n-550x307-1.jpg\" alt=\"\" class=\"wp-image-90373 lazyload\" data-sizes=\"auto\" data-srcset=\"https:\/\/buletin.de\/bucuresti\/wp-content\/uploads\/308128185_639827330841929_3871537568081416945_n-550x307-1.jpg 550w, https:\/\/buletin.de\/bucuresti\/wp-content\/uploads\/308128185_639827330841929_3871537568081416945_n-550x307-1-300x167.jpg 300w, https:\/\/buletin.de\/bucuresti\/wp-content\/uploads\/308128185_639827330841929_3871537568081416945_n-550x307-1-20x11.jpg 20w\" sizes=\"(max-width: 550px) 100vw, 550px\" \/><\/figure>\n\n\n\n<figure class=\"wp-block-image size-large\"><img decoding=\"async\" width=\"550\" height=\"310\" data-id=\"90374\" src=\"data:image\/gif;base64,R0lGODlhAQABAAAAACH5BAEKAAEALAAAAAABAAEAAAICTAEAOw==\" data-src=\"https:\/\/buletin.de\/bucuresti\/wp-content\/uploads\/308115123_639827357508593_5422273362570129186_n-550x310-1.jpg\" alt=\"\" class=\"wp-image-90374 lazyload\" data-sizes=\"auto\" data-srcset=\"https:\/\/buletin.de\/bucuresti\/wp-content\/uploads\/308115123_639827357508593_5422273362570129186_n-550x310-1.jpg 550w, https:\/\/buletin.de\/bucuresti\/wp-content\/uploads\/308115123_639827357508593_5422273362570129186_n-550x310-1-300x169.jpg 300w, https:\/\/buletin.de\/bucuresti\/wp-content\/uploads\/308115123_639827357508593_5422273362570129186_n-550x310-1-20x11.jpg 20w\" sizes=\"(max-width: 550px) 100vw, 550px\" \/><\/figure>\n<\/figure>\n\n\n\n<figure class=\"wp-block-image size-full is-resized\"><img decoding=\"async\" width=\"768\" height=\"429\" src=\"data:image\/gif;base64,R0lGODlhAQABAAAAACH5BAEKAAEALAAAAAABAAEAAAICTAEAOw==\" data-src=\"https:\/\/buletin.de\/bucuresti\/wp-content\/uploads\/307920012_639827337508595_1911121685219750121_n-768x429-2.jpg\" alt=\"\" class=\"wp-image-90375 lazyload\" style=\"width:840px;height:auto\" data-sizes=\"auto\" data-srcset=\"https:\/\/buletin.de\/bucuresti\/wp-content\/uploads\/307920012_639827337508595_1911121685219750121_n-768x429-2.jpg 768w, https:\/\/buletin.de\/bucuresti\/wp-content\/uploads\/307920012_639827337508595_1911121685219750121_n-768x429-2-300x168.jpg 300w, https:\/\/buletin.de\/bucuresti\/wp-content\/uploads\/307920012_639827337508595_1911121685219750121_n-768x429-2-600x335.jpg 600w, https:\/\/buletin.de\/bucuresti\/wp-content\/uploads\/307920012_639827337508595_1911121685219750121_n-768x429-2-20x11.jpg 20w\" sizes=\"(max-width: 768px) 100vw, 768px\" \/><\/figure>\n\n\n\n<p>Din 2019,<a href=\"https:\/\/buletin.de\/bucuresti\/reportaj-teatrul-de-vara-nicolae-balcescu-ruina-din-mijlocul-parcului-bazilescu\/\">&nbsp;teatrul din Bucure\u0219tii Noi este \u00een administrarea Prim\u0103riei Sector 1 \u0219i tot de atunci au \u00eenceput \u0219i discu\u021biile despre posibila sa reabilitare<\/a>: multe promisiuni goale, \u00een care oamenii nu mai aveau \u00eencredere. Fostul edil, Daniel Tudorache, promitea \u00een prag de campanie electoral\u0103 c\u0103 teatrul va intra \u00een reabilitare, c\u0103 are \u0219i banii \u0219i dorin\u021ba. Promisiunea electoral\u0103 nu a devenit realitate, iar teatrul a r\u0103mas, din nou, uitat \u00een ruin\u0103.<\/p>\n\n\n\n<p>Conform cifrelor primite de Buletin de Bucure\u0219ti de la Prim\u0103ria Sectorului 1, punerea \u201epe picioare\u201d a teatrului de var\u0103, conform pre\u021burilor din decembrie 2019, ar fi costat 34,9 milioane de euro. Practic, un metru p\u0103trat reabilitat ar fi urmat s\u0103 coste 1467 euro. Tot \u00een 2019 au fost f\u0103cute c\u00e2teva interven\u021bii \u00een regim de urgen\u021b\u0103, pentru punerea \u00een siguran\u021b\u0103 a construc\u021biei.<\/p>\n\n\n\n<p>Monumentul istoric are aproape 70 de ani, a fost construit \u00een 1953, de arhitectul Paul Emil Miclescu, \u0219i inaugurat cu ocazia Festivalului Mondial al Tineretului \u0219i Studen\u021bilor din acela\u0219i an.\u00a0<\/p>\n\n\n\n<p><a href=\"https:\/\/archive.primarias1.ro\/anunturi-achizitii-publice\/2022\/284.%20J-AC%20284_23.12.2022%20Teatrul%20Balcescu%20RomService.pdf\">Contractul pentru consolidarea, modernizarea \u0219i restaurarea teatrului<\/a> a fost semnat pe 23 decembrie 2022 iar durata de execu\u021bie este de 30 de luni.<\/p>\n\n\n\n<p><strong>CITE\u0218TE \u0218I:<\/strong><\/p>\n\n\n\n<figure class=\"wp-block-embed is-type-wp-embed is-provider-buletin-de-bucure-ti wp-block-embed-buletin-de-bucure-ti\"><div class=\"wp-block-embed__wrapper\">\n<blockquote class=\"wp-embedded-content\" data-secret=\"4L9atAbt5h\"><a href=\"https:\/\/buletin.de\/bucuresti\/ilfov-apa-potabila-cu-portia-in-comuna-balotesti\/\">ILFOV | Ap\u0103 potabil\u0103 \u201ecu por\u021bia\u201d, \u00een comuna Balote\u0219ti<\/a><\/blockquote><iframe class=\"wp-embedded-content\" sandbox=\"allow-scripts\" security=\"restricted\" style=\"position: absolute; clip: rect(1px, 1px, 1px, 1px);\" title=\"&#8220;ILFOV | Ap\u0103 potabil\u0103 \u201ecu por\u021bia\u201d, \u00een comuna Balote\u0219ti&#8221; &#8212; Buletin de Bucure\u0219ti\" src=\"https:\/\/buletin.de\/bucuresti\/ilfov-apa-potabila-cu-portia-in-comuna-balotesti\/embed\/#?secret=ZgS45CsPNb#?secret=4L9atAbt5h\" data-secret=\"4L9atAbt5h\" width=\"600\" height=\"338\" frameborder=\"0\" marginwidth=\"0\" marginheight=\"0\" scrolling=\"no\"><\/iframe>\n<\/div><\/figure>\n","protected":false},"excerpt":{"rendered":"<p>Prim\u0103ria Sectorului 1 anun\u021b\u0103 refacerea scenei de la Teatrul de Var\u0103 \u201eNicolae B\u0103lcescu&#8221; din Parcul Bazilescu. S\u0103pt\u0103m\u00e2na trecut\u0103 a fost turnat\u0103 o plac\u0103 de baz\u0103 nou\u0103, din beton armat. Autoritatea local\u0103 aminte\u0219te c\u0103 sunt, deja, echipe care lucreaz\u0103 la interior, se consolideaz\u0103 pere\u021bii \u0219i se toarn\u0103 funda\u021bii. De asemenea, au fost cur\u0103\u021bate integral terasele de [&hellip;]<\/p>\n","protected":false},"author":49,"featured_media":38613,"comment_status":"closed","ping_status":"open","sticky":false,"template":"","format":"standard","meta":{"_acf_changed":false,"inline_featured_image":false,"ngg_post_thumbnail":0,"footnotes":""},"categories":[6994,5762,24],"tags":[308,13286,13285],"ppma_author":[22574],"class_list":["post-90371","post","type-post","status-publish","format-standard","has-post-thumbnail","hentry","category-stiri-2","category-main","category-primarie","tag-sector-1","tag-teatrul-bazilescu","tag-teatrul-de-vara-nicolae-balcescu-2"],"acf":[],"yoast_head":"<!-- This site is optimized with the Yoast SEO Premium plugin v25.3 (Yoast SEO v27.4) - https:\/\/yoast.com\/product\/yoast-seo-premium-wordpress\/ -->\n<title>Sector 1 | Scena Teatrului de Var\u0103 \u201eNicolae B\u0103lcescu&quot; din Parcul Bazilescu a fost ref\u0103cut\u0103 - Buletin de Bucure\u0219ti<\/title>\n<meta name=\"robots\" content=\"index, follow, max-snippet:-1, max-image-preview:large, max-video-preview:-1\" \/>\n<link rel=\"canonical\" href=\"https:\/\/buletin.de\/bucuresti\/sector-1-scena-teatrului-de-vara-nicolae-balcescu-din-parcul-bazilescu-a-fost-refacuta\/\" \/>\n<meta property=\"og:locale\" content=\"en_GB\" \/>\n<meta property=\"og:type\" content=\"article\" \/>\n<meta property=\"og:title\" content=\"Sector 1 | Scena Teatrului de Var\u0103 \u201eNicolae B\u0103lcescu&quot; din Parcul Bazilescu a fost ref\u0103cut\u0103\" \/>\n<meta property=\"og:description\" content=\"Prim\u0103ria Sectorului 1 anun\u021b\u0103 refacerea scenei de la Teatrul de Var\u0103 \u201eNicolae B\u0103lcescu&#8221; din Parcul Bazilescu. S\u0103pt\u0103m\u00e2na trecut\u0103 a fost turnat\u0103 o plac\u0103 de baz\u0103 nou\u0103, din beton armat. Autoritatea local\u0103 aminte\u0219te c\u0103 sunt, deja, echipe care lucreaz\u0103 la interior, se consolideaz\u0103 pere\u021bii \u0219i se toarn\u0103 funda\u021bii. De asemenea, au fost cur\u0103\u021bate integral terasele de [&hellip;]\" \/>\n<meta property=\"og:url\" content=\"https:\/\/buletin.de\/bucuresti\/sector-1-scena-teatrului-de-vara-nicolae-balcescu-din-parcul-bazilescu-a-fost-refacuta\/\" \/>\n<meta property=\"og:site_name\" content=\"Buletin de Bucure\u0219ti\" \/>\n<meta property=\"article:publisher\" content=\"https:\/\/www.facebook.com\/buletin.de.buc\" \/>\n<meta property=\"article:published_time\" content=\"2024-07-09T04:39:19+00:00\" \/>\n<meta property=\"og:image\" content=\"https:\/\/buletin.de\/bucuresti\/wp-content\/uploads\/IMG_20220210_162948_630.jpg\" \/>\n\t<meta property=\"og:image:width\" content=\"1156\" \/>\n\t<meta property=\"og:image:height\" content=\"1444\" \/>\n\t<meta property=\"og:image:type\" content=\"image\/jpeg\" \/>\n<meta name=\"author\" content=\"Diana Matei\" \/>\n<meta name=\"twitter:card\" content=\"summary_large_image\" \/>\n<meta name=\"twitter:label1\" content=\"Written by\" \/>\n\t<meta name=\"twitter:data1\" content=\"Diana Matei\" \/>\n\t<meta name=\"twitter:label2\" content=\"Estimated reading time\" \/>\n\t<meta name=\"twitter:data2\" content=\"3 minutes\" \/>\n<script type=\"application\/ld+json\" class=\"yoast-schema-graph\">{\"@context\":\"https:\\\/\\\/schema.org\",\"@graph\":[{\"@type\":\"Article\",\"@id\":\"https:\\\/\\\/buletin.de\\\/bucuresti\\\/sector-1-scena-teatrului-de-vara-nicolae-balcescu-din-parcul-bazilescu-a-fost-refacuta\\\/#article\",\"isPartOf\":{\"@id\":\"https:\\\/\\\/buletin.de\\\/bucuresti\\\/sector-1-scena-teatrului-de-vara-nicolae-balcescu-din-parcul-bazilescu-a-fost-refacuta\\\/\"},\"author\":{\"name\":\"Diana Matei\",\"@id\":\"https:\\\/\\\/buletin.de\\\/bucuresti\\\/#\\\/schema\\\/person\\\/7e46040573290777280a0835d81ea4ea\"},\"headline\":\"Sector 1 | Scena Teatrului de Var\u0103 \u201eNicolae B\u0103lcescu&#8221; din Parcul Bazilescu a fost ref\u0103cut\u0103\",\"datePublished\":\"2024-07-09T04:39:19+00:00\",\"mainEntityOfPage\":{\"@id\":\"https:\\\/\\\/buletin.de\\\/bucuresti\\\/sector-1-scena-teatrului-de-vara-nicolae-balcescu-din-parcul-bazilescu-a-fost-refacuta\\\/\"},\"wordCount\":390,\"publisher\":{\"@id\":\"https:\\\/\\\/buletin.de\\\/bucuresti\\\/#organization\"},\"image\":{\"@id\":\"https:\\\/\\\/buletin.de\\\/bucuresti\\\/sector-1-scena-teatrului-de-vara-nicolae-balcescu-din-parcul-bazilescu-a-fost-refacuta\\\/#primaryimage\"},\"thumbnailUrl\":\"https:\\\/\\\/buletin.de\\\/bucuresti\\\/wp-content\\\/uploads\\\/IMG_20220210_162948_630.jpg\",\"keywords\":[\"Sector 1\",\"Teatrul Bazilescu\",\"teatrul de vara Nicolae Balcescu\"],\"articleSection\":[\"Articole\",\"Main\",\"Prim\u0103rie\"],\"inLanguage\":\"en-GB\",\"copyrightYear\":\"2024\",\"copyrightHolder\":{\"@id\":\"https:\\\/\\\/buletin.de\\\/bucuresti\\\/#organization\"}},{\"@type\":\"WebPage\",\"@id\":\"https:\\\/\\\/buletin.de\\\/bucuresti\\\/sector-1-scena-teatrului-de-vara-nicolae-balcescu-din-parcul-bazilescu-a-fost-refacuta\\\/\",\"url\":\"https:\\\/\\\/buletin.de\\\/bucuresti\\\/sector-1-scena-teatrului-de-vara-nicolae-balcescu-din-parcul-bazilescu-a-fost-refacuta\\\/\",\"name\":\"Sector 1 | Scena Teatrului de Var\u0103 \u201eNicolae B\u0103lcescu\\\" din Parcul Bazilescu a fost ref\u0103cut\u0103 - Buletin de Bucure\u0219ti\",\"isPartOf\":{\"@id\":\"https:\\\/\\\/buletin.de\\\/bucuresti\\\/#website\"},\"primaryImageOfPage\":{\"@id\":\"https:\\\/\\\/buletin.de\\\/bucuresti\\\/sector-1-scena-teatrului-de-vara-nicolae-balcescu-din-parcul-bazilescu-a-fost-refacuta\\\/#primaryimage\"},\"image\":{\"@id\":\"https:\\\/\\\/buletin.de\\\/bucuresti\\\/sector-1-scena-teatrului-de-vara-nicolae-balcescu-din-parcul-bazilescu-a-fost-refacuta\\\/#primaryimage\"},\"thumbnailUrl\":\"https:\\\/\\\/buletin.de\\\/bucuresti\\\/wp-content\\\/uploads\\\/IMG_20220210_162948_630.jpg\",\"datePublished\":\"2024-07-09T04:39:19+00:00\",\"breadcrumb\":{\"@id\":\"https:\\\/\\\/buletin.de\\\/bucuresti\\\/sector-1-scena-teatrului-de-vara-nicolae-balcescu-din-parcul-bazilescu-a-fost-refacuta\\\/#breadcrumb\"},\"inLanguage\":\"en-GB\",\"potentialAction\":[{\"@type\":\"ReadAction\",\"target\":[\"https:\\\/\\\/buletin.de\\\/bucuresti\\\/sector-1-scena-teatrului-de-vara-nicolae-balcescu-din-parcul-bazilescu-a-fost-refacuta\\\/\"]}]},{\"@type\":\"ImageObject\",\"inLanguage\":\"en-GB\",\"@id\":\"https:\\\/\\\/buletin.de\\\/bucuresti\\\/sector-1-scena-teatrului-de-vara-nicolae-balcescu-din-parcul-bazilescu-a-fost-refacuta\\\/#primaryimage\",\"url\":\"https:\\\/\\\/buletin.de\\\/bucuresti\\\/wp-content\\\/uploads\\\/IMG_20220210_162948_630.jpg\",\"contentUrl\":\"https:\\\/\\\/buletin.de\\\/bucuresti\\\/wp-content\\\/uploads\\\/IMG_20220210_162948_630.jpg\",\"width\":1156,\"height\":1444,\"caption\":\"FOTO: Arhiva\"},{\"@type\":\"BreadcrumbList\",\"@id\":\"https:\\\/\\\/buletin.de\\\/bucuresti\\\/sector-1-scena-teatrului-de-vara-nicolae-balcescu-din-parcul-bazilescu-a-fost-refacuta\\\/#breadcrumb\",\"itemListElement\":[{\"@type\":\"ListItem\",\"position\":1,\"name\":\"Acas\u0103\",\"item\":\"https:\\\/\\\/buletin.de\\\/bucuresti\\\/\"},{\"@type\":\"ListItem\",\"position\":2,\"name\":\"Sector 1 | Scena Teatrului de Var\u0103 \u201eNicolae B\u0103lcescu&#8221; din Parcul Bazilescu a fost ref\u0103cut\u0103\"}]},{\"@type\":\"WebSite\",\"@id\":\"https:\\\/\\\/buletin.de\\\/bucuresti\\\/#website\",\"url\":\"https:\\\/\\\/buletin.de\\\/bucuresti\\\/\",\"name\":\"Buletin de Bucure\u0219ti\",\"description\":\"\u0218tiri \u0219i investiga\u021bii esen\u021biale din capital\u0103\",\"publisher\":{\"@id\":\"https:\\\/\\\/buletin.de\\\/bucuresti\\\/#organization\"},\"potentialAction\":[{\"@type\":\"SearchAction\",\"target\":{\"@type\":\"EntryPoint\",\"urlTemplate\":\"https:\\\/\\\/buletin.de\\\/bucuresti\\\/?s={search_term_string}\"},\"query-input\":{\"@type\":\"PropertyValueSpecification\",\"valueRequired\":true,\"valueName\":\"search_term_string\"}}],\"inLanguage\":\"en-GB\"},{\"@type\":\"Organization\",\"@id\":\"https:\\\/\\\/buletin.de\\\/bucuresti\\\/#organization\",\"name\":\"Buletin de Bucure\u0219ti\",\"url\":\"https:\\\/\\\/buletin.de\\\/bucuresti\\\/\",\"logo\":{\"@type\":\"ImageObject\",\"inLanguage\":\"en-GB\",\"@id\":\"https:\\\/\\\/buletin.de\\\/bucuresti\\\/#\\\/schema\\\/logo\\\/image\\\/\",\"url\":\"https:\\\/\\\/buletin.de\\\/bucuresti\\\/wp-content\\\/uploads\\\/logo-bdb-full-wide-vernil-transparent.png\",\"contentUrl\":\"https:\\\/\\\/buletin.de\\\/bucuresti\\\/wp-content\\\/uploads\\\/logo-bdb-full-wide-vernil-transparent.png\",\"width\":1782,\"height\":626,\"caption\":\"Buletin de Bucure\u0219ti\"},\"image\":{\"@id\":\"https:\\\/\\\/buletin.de\\\/bucuresti\\\/#\\\/schema\\\/logo\\\/image\\\/\"},\"sameAs\":[\"https:\\\/\\\/www.facebook.com\\\/buletin.de.buc\",\"https:\\\/\\\/www.instagram.com\\\/buletinde.bucuresti\\\/\"]},{\"@type\":\"Person\",\"@id\":\"https:\\\/\\\/buletin.de\\\/bucuresti\\\/#\\\/schema\\\/person\\\/7e46040573290777280a0835d81ea4ea\",\"name\":\"Diana Matei\",\"image\":{\"@type\":\"ImageObject\",\"inLanguage\":\"en-GB\",\"@id\":\"https:\\\/\\\/buletin.de\\\/bucuresti\\\/wp-content\\\/uploads\\\/9-2-96x96.jpg1e8590b30871d70e62ebcdaf2eff570c\",\"url\":\"https:\\\/\\\/buletin.de\\\/bucuresti\\\/wp-content\\\/uploads\\\/9-2-96x96.jpg\",\"contentUrl\":\"https:\\\/\\\/buletin.de\\\/bucuresti\\\/wp-content\\\/uploads\\\/9-2-96x96.jpg\",\"caption\":\"Diana Matei\"},\"url\":\"https:\\\/\\\/buletin.de\\\/bucuresti\\\/author\\\/dianamatei\\\/\"}]}<\/script>\n<!-- \/ Yoast SEO Premium plugin. -->","yoast_head_json":{"title":"Sector 1 | Scena Teatrului de Var\u0103 \u201eNicolae B\u0103lcescu\" din Parcul Bazilescu a fost ref\u0103cut\u0103 - Buletin de Bucure\u0219ti","robots":{"index":"index","follow":"follow","max-snippet":"max-snippet:-1","max-image-preview":"max-image-preview:large","max-video-preview":"max-video-preview:-1"},"canonical":"https:\/\/buletin.de\/bucuresti\/sector-1-scena-teatrului-de-vara-nicolae-balcescu-din-parcul-bazilescu-a-fost-refacuta\/","og_locale":"en_GB","og_type":"article","og_title":"Sector 1 | Scena Teatrului de Var\u0103 \u201eNicolae B\u0103lcescu\" din Parcul Bazilescu a fost ref\u0103cut\u0103","og_description":"Prim\u0103ria Sectorului 1 anun\u021b\u0103 refacerea scenei de la Teatrul de Var\u0103 \u201eNicolae B\u0103lcescu&#8221; din Parcul Bazilescu. S\u0103pt\u0103m\u00e2na trecut\u0103 a fost turnat\u0103 o plac\u0103 de baz\u0103 nou\u0103, din beton armat. Autoritatea local\u0103 aminte\u0219te c\u0103 sunt, deja, echipe care lucreaz\u0103 la interior, se consolideaz\u0103 pere\u021bii \u0219i se toarn\u0103 funda\u021bii. De asemenea, au fost cur\u0103\u021bate integral terasele de [&hellip;]","og_url":"https:\/\/buletin.de\/bucuresti\/sector-1-scena-teatrului-de-vara-nicolae-balcescu-din-parcul-bazilescu-a-fost-refacuta\/","og_site_name":"Buletin de Bucure\u0219ti","article_publisher":"https:\/\/www.facebook.com\/buletin.de.buc","article_published_time":"2024-07-09T04:39:19+00:00","og_image":[{"width":1156,"height":1444,"url":"https:\/\/buletin.de\/bucuresti\/wp-content\/uploads\/IMG_20220210_162948_630.jpg","type":"image\/jpeg"}],"author":"Diana Matei","twitter_card":"summary_large_image","twitter_misc":{"Written by":"Diana Matei","Estimated reading time":"3 minutes"},"schema":{"@context":"https:\/\/schema.org","@graph":[{"@type":"Article","@id":"https:\/\/buletin.de\/bucuresti\/sector-1-scena-teatrului-de-vara-nicolae-balcescu-din-parcul-bazilescu-a-fost-refacuta\/#article","isPartOf":{"@id":"https:\/\/buletin.de\/bucuresti\/sector-1-scena-teatrului-de-vara-nicolae-balcescu-din-parcul-bazilescu-a-fost-refacuta\/"},"author":{"name":"Diana Matei","@id":"https:\/\/buletin.de\/bucuresti\/#\/schema\/person\/7e46040573290777280a0835d81ea4ea"},"headline":"Sector 1 | Scena Teatrului de Var\u0103 \u201eNicolae B\u0103lcescu&#8221; din Parcul Bazilescu a fost ref\u0103cut\u0103","datePublished":"2024-07-09T04:39:19+00:00","mainEntityOfPage":{"@id":"https:\/\/buletin.de\/bucuresti\/sector-1-scena-teatrului-de-vara-nicolae-balcescu-din-parcul-bazilescu-a-fost-refacuta\/"},"wordCount":390,"publisher":{"@id":"https:\/\/buletin.de\/bucuresti\/#organization"},"image":{"@id":"https:\/\/buletin.de\/bucuresti\/sector-1-scena-teatrului-de-vara-nicolae-balcescu-din-parcul-bazilescu-a-fost-refacuta\/#primaryimage"},"thumbnailUrl":"https:\/\/buletin.de\/bucuresti\/wp-content\/uploads\/IMG_20220210_162948_630.jpg","keywords":["Sector 1","Teatrul Bazilescu","teatrul de vara Nicolae Balcescu"],"articleSection":["Articole","Main","Prim\u0103rie"],"inLanguage":"en-GB","copyrightYear":"2024","copyrightHolder":{"@id":"https:\/\/buletin.de\/bucuresti\/#organization"}},{"@type":"WebPage","@id":"https:\/\/buletin.de\/bucuresti\/sector-1-scena-teatrului-de-vara-nicolae-balcescu-din-parcul-bazilescu-a-fost-refacuta\/","url":"https:\/\/buletin.de\/bucuresti\/sector-1-scena-teatrului-de-vara-nicolae-balcescu-din-parcul-bazilescu-a-fost-refacuta\/","name":"Sector 1 | Scena Teatrului de Var\u0103 \u201eNicolae B\u0103lcescu\" din Parcul Bazilescu a fost ref\u0103cut\u0103 - Buletin de Bucure\u0219ti","isPartOf":{"@id":"https:\/\/buletin.de\/bucuresti\/#website"},"primaryImageOfPage":{"@id":"https:\/\/buletin.de\/bucuresti\/sector-1-scena-teatrului-de-vara-nicolae-balcescu-din-parcul-bazilescu-a-fost-refacuta\/#primaryimage"},"image":{"@id":"https:\/\/buletin.de\/bucuresti\/sector-1-scena-teatrului-de-vara-nicolae-balcescu-din-parcul-bazilescu-a-fost-refacuta\/#primaryimage"},"thumbnailUrl":"https:\/\/buletin.de\/bucuresti\/wp-content\/uploads\/IMG_20220210_162948_630.jpg","datePublished":"2024-07-09T04:39:19+00:00","breadcrumb":{"@id":"https:\/\/buletin.de\/bucuresti\/sector-1-scena-teatrului-de-vara-nicolae-balcescu-din-parcul-bazilescu-a-fost-refacuta\/#breadcrumb"},"inLanguage":"en-GB","potentialAction":[{"@type":"ReadAction","target":["https:\/\/buletin.de\/bucuresti\/sector-1-scena-teatrului-de-vara-nicolae-balcescu-din-parcul-bazilescu-a-fost-refacuta\/"]}]},{"@type":"ImageObject","inLanguage":"en-GB","@id":"https:\/\/buletin.de\/bucuresti\/sector-1-scena-teatrului-de-vara-nicolae-balcescu-din-parcul-bazilescu-a-fost-refacuta\/#primaryimage","url":"https:\/\/buletin.de\/bucuresti\/wp-content\/uploads\/IMG_20220210_162948_630.jpg","contentUrl":"https:\/\/buletin.de\/bucuresti\/wp-content\/uploads\/IMG_20220210_162948_630.jpg","width":1156,"height":1444,"caption":"FOTO: Arhiva"},{"@type":"BreadcrumbList","@id":"https:\/\/buletin.de\/bucuresti\/sector-1-scena-teatrului-de-vara-nicolae-balcescu-din-parcul-bazilescu-a-fost-refacuta\/#breadcrumb","itemListElement":[{"@type":"ListItem","position":1,"name":"Acas\u0103","item":"https:\/\/buletin.de\/bucuresti\/"},{"@type":"ListItem","position":2,"name":"Sector 1 | Scena Teatrului de Var\u0103 \u201eNicolae B\u0103lcescu&#8221; din Parcul Bazilescu a fost ref\u0103cut\u0103"}]},{"@type":"WebSite","@id":"https:\/\/buletin.de\/bucuresti\/#website","url":"https:\/\/buletin.de\/bucuresti\/","name":"Buletin de Bucure\u0219ti","description":"\u0218tiri \u0219i investiga\u021bii esen\u021biale din capital\u0103","publisher":{"@id":"https:\/\/buletin.de\/bucuresti\/#organization"},"potentialAction":[{"@type":"SearchAction","target":{"@type":"EntryPoint","urlTemplate":"https:\/\/buletin.de\/bucuresti\/?s={search_term_string}"},"query-input":{"@type":"PropertyValueSpecification","valueRequired":true,"valueName":"search_term_string"}}],"inLanguage":"en-GB"},{"@type":"Organization","@id":"https:\/\/buletin.de\/bucuresti\/#organization","name":"Buletin de Bucure\u0219ti","url":"https:\/\/buletin.de\/bucuresti\/","logo":{"@type":"ImageObject","inLanguage":"en-GB","@id":"https:\/\/buletin.de\/bucuresti\/#\/schema\/logo\/image\/","url":"https:\/\/buletin.de\/bucuresti\/wp-content\/uploads\/logo-bdb-full-wide-vernil-transparent.png","contentUrl":"https:\/\/buletin.de\/bucuresti\/wp-content\/uploads\/logo-bdb-full-wide-vernil-transparent.png","width":1782,"height":626,"caption":"Buletin de Bucure\u0219ti"},"image":{"@id":"https:\/\/buletin.de\/bucuresti\/#\/schema\/logo\/image\/"},"sameAs":["https:\/\/www.facebook.com\/buletin.de.buc","https:\/\/www.instagram.com\/buletinde.bucuresti\/"]},{"@type":"Person","@id":"https:\/\/buletin.de\/bucuresti\/#\/schema\/person\/7e46040573290777280a0835d81ea4ea","name":"Diana Matei","image":{"@type":"ImageObject","inLanguage":"en-GB","@id":"https:\/\/buletin.de\/bucuresti\/wp-content\/uploads\/9-2-96x96.jpg1e8590b30871d70e62ebcdaf2eff570c","url":"https:\/\/buletin.de\/bucuresti\/wp-content\/uploads\/9-2-96x96.jpg","contentUrl":"https:\/\/buletin.de\/bucuresti\/wp-content\/uploads\/9-2-96x96.jpg","caption":"Diana Matei"},"url":"https:\/\/buletin.de\/bucuresti\/author\/dianamatei\/"}]}},"authors":[{"term_id":22574,"user_id":49,"is_guest":0,"slug":"dianamatei","display_name":"Diana Matei","avatar_url":"https:\/\/buletin.de\/bucuresti\/wp-content\/uploads\/9-2-96x96.jpg","0":null,"1":"","2":"","3":"","4":"","5":"","6":"","7":"","8":""}],"_links":{"self":[{"href":"https:\/\/buletin.de\/bucuresti\/wp-json\/wp\/v2\/posts\/90371","targetHints":{"allow":["GET"]}}],"collection":[{"href":"https:\/\/buletin.de\/bucuresti\/wp-json\/wp\/v2\/posts"}],"about":[{"href":"https:\/\/buletin.de\/bucuresti\/wp-json\/wp\/v2\/types\/post"}],"author":[{"embeddable":true,"href":"https:\/\/buletin.de\/bucuresti\/wp-json\/wp\/v2\/users\/49"}],"replies":[{"embeddable":true,"href":"https:\/\/buletin.de\/bucuresti\/wp-json\/wp\/v2\/comments?post=90371"}],"version-history":[{"count":2,"href":"https:\/\/buletin.de\/bucuresti\/wp-json\/wp\/v2\/posts\/90371\/revisions"}],"predecessor-version":[{"id":90415,"href":"https:\/\/buletin.de\/bucuresti\/wp-json\/wp\/v2\/posts\/90371\/revisions\/90415"}],"wp:featuredmedia":[{"embeddable":true,"href":"https:\/\/buletin.de\/bucuresti\/wp-json\/wp\/v2\/media\/38613"}],"wp:attachment":[{"href":"https:\/\/buletin.de\/bucuresti\/wp-json\/wp\/v2\/media?parent=90371"}],"wp:term":[{"taxonomy":"category","embeddable":true,"href":"https:\/\/buletin.de\/bucuresti\/wp-json\/wp\/v2\/categories?post=90371"},{"taxonomy":"post_tag","embeddable":true,"href":"https:\/\/buletin.de\/bucuresti\/wp-json\/wp\/v2\/tags?post=90371"},{"taxonomy":"author","embeddable":true,"href":"https:\/\/buletin.de\/bucuresti\/wp-json\/wp\/v2\/ppma_author?post=90371"}],"curies":[{"name":"wp","href":"https:\/\/api.w.org\/{rel}","templated":true}]}}