{"id":90290,"date":"2024-07-08T13:54:32","date_gmt":"2024-07-08T10:54:32","guid":{"rendered":"https:\/\/buletin.de\/bucuresti\/?p=90290"},"modified":"2024-07-08T14:00:56","modified_gmt":"2024-07-08T11:00:56","slug":"saga-de-la-saga-tepele-artistilor-si-razboiul-in-instanta-cu-pmb-ce-alte-nereguli-au-mai-fost-de-a-lungul-anului","status":"publish","type":"post","link":"https:\/\/buletin.de\/bucuresti\/saga-de-la-saga-tepele-artistilor-si-razboiul-in-instanta-cu-pmb-ce-alte-nereguli-au-mai-fost-de-a-lungul-anului\/","title":{"rendered":"\u201eSaga\u201d de la SAGA: \u201e\u021aepele\u201d arti\u0219tilor \u0219i \u201er\u0103zboiul\u201d \u00een instan\u021b\u0103 cu PMB. Ce alte nereguli au mai fost de-a lungul timpului"},"content":{"rendered":"\n<p><strong>Festivalul SAGA a \u00eent\u00e2mpinat de-a lungul anilor un lung \u0219ir de probleme \u0219i dezam\u0103giri pentru participan\u021bi. Anul acesta, capul de afi\u0219 al festivalului, Nicki Minaj, ar fi urmat s\u0103 urce pe scen\u0103 duminic\u0103, pe 7 iulie, dar a anun\u021bat pe platforma X, cunoscut\u0103 \u0219i Twitter, c\u0103 nu se va mai prezenta din cauza unor probleme de securitate. La aceasta se adaug\u0103 \u0219i c\u0103 PMB cere plata a aproape 330.000 de lei de la Saga Festival SRL, solicitare care a ajuns \u00een instan\u021b\u0103. Municipalitatea acuz\u0103 c\u0103 organizatorii s-au folosit de serviciile companiei municipale Energetica \u0219i nu le-au pl\u0103tit, precum \u0219i faptul c\u0103 SAGA nu a achitat serviciile pentru amenajarea locurilor VIP de pe stadionul Arena Na\u021bional\u0103, ac\u021biuni petrecute la edi\u021bia din 2022, arat\u0103 <a href=\"http:\/\/PMB cere plata a aproape 330.000 de lei de la Saga Festival SRL, \u00een urma ce prim\u0103ria lui Nicu\u0219or Dan a dat festivalul \u00een judecat\u0103. PMB acuz\u0103 c\u0103 organizatorii s-au folosit de serviciile companiei municipale Energetica \u0219i nu le-au pl\u0103tit, precum \u0219i faptul c\u0103 SAGA nu a achitat serviciile pentru amenajarea locurilor VIP de pe stadionul Arena Na\u021bional\u0103, ac\u021biuni petrecute la edi\u021bia din 2022, arat\u0103 defapt.ro.\">defapt.ro<\/a>.&nbsp;<\/strong><\/p>\n\n\n\n<p>Conform cererii de chemare \u00een judecat\u0103, citat\u0103 de<strong> <a href=\"http:\/\/PMB cere plata a aproape 330.000 de lei de la Saga Festival SRL, \u00een urma ce prim\u0103ria lui Nicu\u0219or Dan a dat festivalul \u00een judecat\u0103. PMB acuz\u0103 c\u0103 organizatorii s-au folosit de serviciile companiei municipale Energetica \u0219i nu le-au pl\u0103tit, precum \u0219i faptul c\u0103 SAGA nu a achitat serviciile pentru amenajarea locurilor VIP de pe stadionul Arena Na\u021bional\u0103, ac\u021biuni petrecute la edi\u021bia din 2022, arat\u0103 defapt.ro.\">defapt.ro<\/a><\/strong>, Prim\u0103ria General\u0103 cere suma de aproape 330.000 de lei \u00een temeiul art. 3 \u0219i art. 5.2.22 din Contractul de \u00eenchiriere privind organizarea pe stadionul Arena Na\u021bional\u0103 a evenimentului Festivalul Saga 2022 nr. 205\/06.05.2022, format\u0103 din:<\/p>\n\n\n\n<ul class=\"wp-block-list\">\n<li>suma de 290.486,00 lei reprezent\u00e2nd contravaloare consumului de energie electric\u0103 pentru Festivalul Saga 2022;<\/li>\n\n\n\n<li>suma de 38.193,46 lei reprezent\u00e2nd contravaloarea consumului de ap\u0103 \u0219i canal pentru Festivalul Saga 2022\u2033.<\/li>\n<\/ul>\n\n\n\n<p>Prim\u0103ria, pe l\u00e2ng\u0103 suma solicitat\u0103, mai cere daune \u0219i plata costurilor de judecat\u0103, se mai arat\u0103 \u00een cererea de chemare \u00een judecat\u0103. Firma care a organizat festivalul refuz\u0103 s\u0103 pl\u0103teasc\u0103 utilit\u0103\u021bile invoc\u00e2nd lipsa documentelor justificative pentru cheltuieli. Totu\u0219i, PMB sus\u021bine c\u0103 toate cheltuielile au fost acceptate \u0219i semnate de administratorul SAGA Festival SRL.&nbsp;<\/p>\n\n\n\n<p>Festivalul SAGA a \u00eent\u00e2mpinat de-a lungul anilor un lung \u0219ir de probleme \u0219i dezam\u0103giri pentru participan\u021bi. Anul acesta, capul de afi\u0219 al festivalului, Nicki Minaj, ar fi urmat s\u0103 urce pe scen\u0103 pe 7 iulie, dar a anun\u021bat pe platforma X, cunoscut\u0103 \u0219i Twitter, c\u0103 nu se va mai prezenta din cauze unor probleme se securitate.<\/p>\n\n\n\n<p>\u201e<em>Din \u00eengrijorare pentru bun\u0103starea echipei noastre \u0219i a mea, am fost sf\u0103tuit\u0103 de echipa mea de securitate s\u0103 nu m\u0103 deplasez la festivalul din Rom\u00e2nia \u00een aceast\u0103 sear\u0103 din cauza problemelor de siguran\u021b\u0103 legate de protestele din zon\u0103. A\u0219tept cu ner\u0103bdare s\u0103 v\u0103 v\u0103d pe to\u021bi alt\u0103 dat\u0103.&nbsp; <strong>Ca mam\u0103, trebuie s\u0103 m\u0103 asigur c\u0103 iau decizii corecte pentru ca eu s\u0103 ajung acas\u0103 la fiul meu \u0219i pentru ca echipa mea s\u0103 ajung\u0103 acas\u0103 la familiile lor.<\/strong> S\u0103 nu \u021bin cont de sfaturile de securitate \u00een acest moment pur \u0219i simplu nu este ceea ce cred c\u0103 ar trebui s\u0103 fac. V\u0103 iubesc \u0219i v\u0103 mul\u021bumesc pentru \u00een\u021belegere \u0219i sprijin. Sunt foarte \u00eenc\u00e2ntat\u0103 s\u0103-mi v\u0103d fanii vinerea aceasta la Londra pentru un alt spectacol foarte special, la Festivalul Wireless<\/em>\u201d, a transmis artista pe Twitter.<\/p>\n\n\n\n<figure class=\"wp-block-image size-full\"><a href=\"https:\/\/buletin.de\/bucuresti\/wp-content\/uploads\/nicki-saga.png\"><img fetchpriority=\"high\" decoding=\"async\" width=\"562\" height=\"598\" src=\"data:image\/gif;base64,R0lGODlhAQABAAAAACH5BAEKAAEALAAAAAABAAEAAAICTAEAOw==\" data-src=\"https:\/\/buletin.de\/bucuresti\/wp-content\/uploads\/nicki-saga.png\" alt=\"\" class=\"wp-image-90291 lazyload\" data-sizes=\"auto\" data-srcset=\"https:\/\/buletin.de\/bucuresti\/wp-content\/uploads\/nicki-saga.png 562w, https:\/\/buletin.de\/bucuresti\/wp-content\/uploads\/nicki-saga-282x300.png 282w, https:\/\/buletin.de\/bucuresti\/wp-content\/uploads\/nicki-saga-20x21.png 20w\" sizes=\"(max-width: 562px) 100vw, 562px\" \/><\/a><\/figure>\n\n\n\n<p>Tot anul acesta, chiar \u00een prima zi de festival, dj-ul olandez Hardwell \u0219i-a anulat spectacolul dup\u0103 c\u00e2teva minute dup\u0103 ce intrase pe scen\u0103. El spune c\u0103 au existat probleme tehnice \u0219i sus\u021bine c\u0103 organizatorii nu l-au pl\u0103tit.&nbsp;<\/p>\n\n\n\n<p>\u201e<em>Sunt aici, am c\u0103l\u0103torit tocmai din Olanda pentru a performa pentru voi. Sunt aici, asta v\u0103 spun. Ca s\u0103 fiu sincer, acest festival de ### nu mi-a dat niciun ### de ban pentru a fi aici \u00een aceast\u0103 sear\u0103 dar tot sunt aici, iar echipamentul lor e de ###. Nu func\u021bioneaz\u0103 nimic. Dac\u0103 sunt aici \u00eenseamn\u0103 c\u0103 vreau s\u0103 performez pentru voi, dar \u00eentregul echipament m\u0103 dezam\u0103ge\u0219te. Nu pot s\u0103 performez, este imposibil pentru mine s\u0103 fac asta<\/em>\u201d, a spus Hardwell \u00eenainte s\u0103 se retrag\u0103 de pe scen\u0103.&nbsp;<\/p>\n\n\n\n<p>Organizatorii au comunicat ulterior pe pagina de instagram SAGA c\u0103 erau dispu\u0219i s\u0103 rezolve orice problem\u0103, ca artistul s\u0103 poat\u0103 s\u0103-\u0219i continue actul.&nbsp;<\/p>\n\n\n\n<p>\u201e<em>P\u0103i, Hardwell, ne pare r\u0103u c\u0103 Rita Ora, Sickick, Loreen \u0219i to\u021bi DJ-ii de la celelalte 5 scene au apucat s\u0103 performeze \u00een prima zi de SAGA iar tu nu. Echipamentul a venit tocmai din Olanda, la fel ca \u0219i tine. Acela\u0219i set pare s\u0103 func\u021bioneze acum perfect pentru Will Sparks. Am muncit at\u00e2t de mult pentru a construi SAGA de anul acesta pentru arti\u0219ti \u0219i participan\u021bi. Am fi rezolvat orice dificultate tehnic\u0103 f\u0103r\u0103 efort \u0219i \u00een cel mai scurt timp, dac\u0103 ne-ai fi l\u0103sat \u0219i nu ai fi oprit setul at\u00e2t de repede. Am f\u0103cut tot ce ne-a stat \u00een putin\u021b\u0103 pentru a-\u021bi r\u0103spunde cerin\u021belor, inclusiv cele legate de plat\u0103. Ne pare r\u0103u pentru fanii t\u0103i, ai no\u0219tri. Le-ar fi pl\u0103cut s\u0103 te vad\u0103 \u00een sf\u00e2r\u0219it la Bucure\u0219ti. Nimic \u00een afar\u0103 de iubire \u0219i \u00ee\u021bi dorim s\u0103-\u021bi fie bine. SAGA<\/em>\u201d, au transmis organizatorii.&nbsp;<\/p>\n\n\n\n<figure class=\"wp-block-image size-full\"><a href=\"https:\/\/buletin.de\/bucuresti\/wp-content\/uploads\/hardwell-saga.png\"><img decoding=\"async\" width=\"652\" height=\"812\" src=\"data:image\/gif;base64,R0lGODlhAQABAAAAACH5BAEKAAEALAAAAAABAAEAAAICTAEAOw==\" data-src=\"https:\/\/buletin.de\/bucuresti\/wp-content\/uploads\/hardwell-saga.png\" alt=\"\" class=\"wp-image-90292 lazyload\" data-sizes=\"auto\" data-srcset=\"https:\/\/buletin.de\/bucuresti\/wp-content\/uploads\/hardwell-saga.png 652w, https:\/\/buletin.de\/bucuresti\/wp-content\/uploads\/hardwell-saga-241x300.png 241w, https:\/\/buletin.de\/bucuresti\/wp-content\/uploads\/hardwell-saga-600x747.png 600w, https:\/\/buletin.de\/bucuresti\/wp-content\/uploads\/hardwell-saga-20x25.png 20w\" sizes=\"(max-width: 652px) 100vw, 652px\" \/><\/a><\/figure>\n\n\n\n<p>Organizatorii unui alt festival, care a avut loc \u00een perioada 4-7 iulie, doar c\u0103 pe litoral \u0219i anume Neversea, a s\u0103rit \u00een ajutorul fanilor dezam\u0103gi\u021bi de la SAGA. Neversea a postat \u00een ultima zi a festivalului c\u0103 orice persoan\u0103 cu br\u0103\u021bar\u0103 de la alt festival are acces gratuit la concertele de pe malul m\u0103rii.&nbsp;<\/p>\n\n\n\n<figure class=\"wp-block-image size-full\"><a href=\"https:\/\/buletin.de\/bucuresti\/wp-content\/uploads\/neversea-anunt-bun.png\"><img decoding=\"async\" width=\"796\" height=\"797\" src=\"data:image\/gif;base64,R0lGODlhAQABAAAAACH5BAEKAAEALAAAAAABAAEAAAICTAEAOw==\" data-src=\"https:\/\/buletin.de\/bucuresti\/wp-content\/uploads\/neversea-anunt-bun.png\" alt=\"\" class=\"wp-image-90293 lazyload\" data-sizes=\"auto\" data-srcset=\"https:\/\/buletin.de\/bucuresti\/wp-content\/uploads\/neversea-anunt-bun.png 796w, https:\/\/buletin.de\/bucuresti\/wp-content\/uploads\/neversea-anunt-bun-300x300.png 300w, https:\/\/buletin.de\/bucuresti\/wp-content\/uploads\/neversea-anunt-bun-150x150.png 150w, https:\/\/buletin.de\/bucuresti\/wp-content\/uploads\/neversea-anunt-bun-768x769.png 768w, https:\/\/buletin.de\/bucuresti\/wp-content\/uploads\/neversea-anunt-bun-600x601.png 600w, https:\/\/buletin.de\/bucuresti\/wp-content\/uploads\/neversea-anunt-bun-20x20.png 20w\" sizes=\"(max-width: 796px) 100vw, 796px\" \/><\/a><\/figure>\n\n\n\n<p>\u201eThis is for real. Vino cu br\u0103\u021bara de la alt festival \u0219i cu buletinul la punctul de check-in (deschis p\u00e2n\u0103 la 4:00) \u0219i prime\u0219ti acces. Save this night and enjoy the sunrise!\u201d, a fost descrierea post\u0103rii. <\/p>\n\n\n\n<p>\u00cen edi\u021bia de anul trecut, SAGA s-a mai confruntat cu situa\u021bii similare, \u00een care arti\u0219tii au anun\u021bat \u00een ultimul moment c\u0103 nu vor mai ajunge \u00een Bucure\u0219ti s\u0103 concerteze. Mai exact, este vorba de trei dintre cei mai importan\u021bi arti\u0219ti pe care \u00eei promova festivalul, Lil Nas X, Wiz Khalifa \u0219i Sickik.&nbsp;<\/p>\n\n\n\n<p>Lil Nas X a spus atunci pe re\u021belele de socializare c\u0103, de\u0219i echipa lui se afla deja la Bucure\u0219ti, starea lui de s\u0103n\u0103tate nu i-a mai permis s\u0103 sus\u021bin\u0103 concertul.&nbsp;<\/p>\n\n\n\n<p>La fel, \u0219i Wiz Khalifa a lipsit de la edi\u021bia SAGA din 2023 din cauza unei r\u0103niri la picior, iar artistul Fisher a perfomat \u00een locul lui.\u00a0<\/p>\n\n\n\n<p>CITE\u0218TE \u0218I<\/p>\n\n\n\n<figure class=\"wp-block-embed is-type-wp-embed is-provider-buletin-de-bucure-ti wp-block-embed-buletin-de-bucure-ti\"><div class=\"wp-block-embed__wrapper\">\n<blockquote class=\"wp-embedded-content\" data-secret=\"HTBNHMQ8Az\"><a href=\"https:\/\/buletin.de\/bucuresti\/saga-2024-capul-de-afis-si-a-anulat-concertul-inainte-cu-trei-ore-din-cauza-protestelor-din-zona-organizatorul-anunta-returnarea-banilor-pentru-bilete\/\">Saga 2024 | Capul de afi\u0219 \u0219i-a anulat concertul din cauza \u201eprotestelor din zon\u0103\u201d. Organizatorul anun\u021b\u0103 returnarea banilor pentru bilete<\/a><\/blockquote><iframe class=\"wp-embedded-content\" sandbox=\"allow-scripts\" security=\"restricted\" style=\"position: absolute; clip: rect(1px, 1px, 1px, 1px);\" title=\"&#8220;Saga 2024 | Capul de afi\u0219 \u0219i-a anulat concertul din cauza \u201eprotestelor din zon\u0103\u201d. Organizatorul anun\u021b\u0103 returnarea banilor pentru bilete&#8221; &#8212; Buletin de Bucure\u0219ti\" src=\"https:\/\/buletin.de\/bucuresti\/saga-2024-capul-de-afis-si-a-anulat-concertul-inainte-cu-trei-ore-din-cauza-protestelor-din-zona-organizatorul-anunta-returnarea-banilor-pentru-bilete\/embed\/#?secret=QnNcti7vNZ#?secret=HTBNHMQ8Az\" data-secret=\"HTBNHMQ8Az\" width=\"600\" height=\"338\" frameborder=\"0\" marginwidth=\"0\" marginheight=\"0\" scrolling=\"no\"><\/iframe>\n<\/div><\/figure>\n","protected":false},"excerpt":{"rendered":"<p>Festivalul SAGA a \u00eent\u00e2mpinat de-a lungul anilor un lung \u0219ir de probleme \u0219i dezam\u0103giri pentru participan\u021bi. Anul acesta, capul de afi\u0219 al festivalului, Nicki Minaj, ar fi urmat s\u0103 urce pe scen\u0103 duminic\u0103, pe 7 iulie, dar a anun\u021bat pe platforma X, cunoscut\u0103 \u0219i Twitter, c\u0103 nu se va mai prezenta din cauza unor probleme [&hellip;]<\/p>\n","protected":false},"author":58,"featured_media":90301,"comment_status":"closed","ping_status":"open","sticky":false,"template":"","format":"standard","meta":{"_acf_changed":false,"inline_featured_image":false,"ngg_post_thumbnail":0,"footnotes":""},"categories":[6994,9026,5762],"tags":[2063,1899,104,5991,4228],"ppma_author":[22581],"class_list":["post-90290","post","type-post","status-publish","format-standard","has-post-thumbnail","hentry","category-stiri-2","category-eveniment","category-main","tag-bucuresti-2","tag-nicusor-dan-2","tag-pmb","tag-romaero","tag-saga-festival"],"acf":[],"yoast_head":"<!-- This site is optimized with the Yoast SEO Premium plugin v25.3 (Yoast SEO v27.5) - https:\/\/yoast.com\/product\/yoast-seo-premium-wordpress\/ -->\n<title>\u201eSaga\u201d de la SAGA: \u201e\u021aepele\u201d arti\u0219tilor \u0219i \u201er\u0103zboiul\u201d \u00een instan\u021b\u0103 cu PMB. Ce alte nereguli au mai fost de-a lungul timpului - Buletin de Bucure\u0219ti<\/title>\n<meta name=\"robots\" content=\"index, follow, max-snippet:-1, max-image-preview:large, max-video-preview:-1\" \/>\n<link rel=\"canonical\" href=\"https:\/\/buletin.de\/bucuresti\/saga-de-la-saga-tepele-artistilor-si-razboiul-in-instanta-cu-pmb-ce-alte-nereguli-au-mai-fost-de-a-lungul-anului\/\" \/>\n<meta property=\"og:locale\" content=\"en_GB\" \/>\n<meta property=\"og:type\" content=\"article\" \/>\n<meta property=\"og:title\" content=\"\u201eSaga\u201d de la SAGA: \u201e\u021aepele\u201d arti\u0219tilor \u0219i \u201er\u0103zboiul\u201d \u00een instan\u021b\u0103 cu PMB. Ce alte nereguli au mai fost de-a lungul timpului\" \/>\n<meta property=\"og:description\" content=\"Festivalul SAGA a \u00eent\u00e2mpinat de-a lungul anilor un lung \u0219ir de probleme \u0219i dezam\u0103giri pentru participan\u021bi. Anul acesta, capul de afi\u0219 al festivalului, Nicki Minaj, ar fi urmat s\u0103 urce pe scen\u0103 duminic\u0103, pe 7 iulie, dar a anun\u021bat pe platforma X, cunoscut\u0103 \u0219i Twitter, c\u0103 nu se va mai prezenta din cauza unor probleme [&hellip;]\" \/>\n<meta property=\"og:url\" content=\"https:\/\/buletin.de\/bucuresti\/saga-de-la-saga-tepele-artistilor-si-razboiul-in-instanta-cu-pmb-ce-alte-nereguli-au-mai-fost-de-a-lungul-anului\/\" \/>\n<meta property=\"og:site_name\" content=\"Buletin de Bucure\u0219ti\" \/>\n<meta property=\"article:publisher\" content=\"https:\/\/www.facebook.com\/buletin.de.buc\" \/>\n<meta property=\"article:published_time\" content=\"2024-07-08T10:54:32+00:00\" \/>\n<meta property=\"article:modified_time\" content=\"2024-07-08T11:00:56+00:00\" \/>\n<meta property=\"og:image\" content=\"https:\/\/buletin.de\/bucuresti\/wp-content\/uploads\/image00001-1-1.jpeg\" \/>\n\t<meta property=\"og:image:width\" content=\"2000\" \/>\n\t<meta property=\"og:image:height\" content=\"1500\" \/>\n\t<meta property=\"og:image:type\" content=\"image\/jpeg\" \/>\n<meta name=\"author\" content=\"Ana Anghel-Dimache\" \/>\n<meta name=\"twitter:card\" content=\"summary_large_image\" \/>\n<meta name=\"twitter:label1\" content=\"Written by\" \/>\n\t<meta name=\"twitter:data1\" content=\"Ana Anghel-Dimache\" \/>\n\t<meta name=\"twitter:label2\" content=\"Estimated reading time\" \/>\n\t<meta name=\"twitter:data2\" content=\"5 minutes\" \/>\n<script type=\"application\/ld+json\" class=\"yoast-schema-graph\">{\"@context\":\"https:\\\/\\\/schema.org\",\"@graph\":[{\"@type\":\"Article\",\"@id\":\"https:\\\/\\\/buletin.de\\\/bucuresti\\\/saga-de-la-saga-tepele-artistilor-si-razboiul-in-instanta-cu-pmb-ce-alte-nereguli-au-mai-fost-de-a-lungul-anului\\\/#article\",\"isPartOf\":{\"@id\":\"https:\\\/\\\/buletin.de\\\/bucuresti\\\/saga-de-la-saga-tepele-artistilor-si-razboiul-in-instanta-cu-pmb-ce-alte-nereguli-au-mai-fost-de-a-lungul-anului\\\/\"},\"author\":{\"name\":\"Ana Anghel-Dimache\",\"@id\":\"https:\\\/\\\/buletin.de\\\/bucuresti\\\/#\\\/schema\\\/person\\\/359459245996e200ed7c807f71f0551a\"},\"headline\":\"\u201eSaga\u201d de la SAGA: \u201e\u021aepele\u201d arti\u0219tilor \u0219i \u201er\u0103zboiul\u201d \u00een instan\u021b\u0103 cu PMB. Ce alte nereguli au mai fost de-a lungul timpului\",\"datePublished\":\"2024-07-08T10:54:32+00:00\",\"dateModified\":\"2024-07-08T11:00:56+00:00\",\"mainEntityOfPage\":{\"@id\":\"https:\\\/\\\/buletin.de\\\/bucuresti\\\/saga-de-la-saga-tepele-artistilor-si-razboiul-in-instanta-cu-pmb-ce-alte-nereguli-au-mai-fost-de-a-lungul-anului\\\/\"},\"wordCount\":1050,\"publisher\":{\"@id\":\"https:\\\/\\\/buletin.de\\\/bucuresti\\\/#organization\"},\"image\":{\"@id\":\"https:\\\/\\\/buletin.de\\\/bucuresti\\\/saga-de-la-saga-tepele-artistilor-si-razboiul-in-instanta-cu-pmb-ce-alte-nereguli-au-mai-fost-de-a-lungul-anului\\\/#primaryimage\"},\"thumbnailUrl\":\"https:\\\/\\\/buletin.de\\\/bucuresti\\\/wp-content\\\/uploads\\\/image00001-1-1.jpeg\",\"keywords\":[\"Bucure\u0219ti\",\"Nicu\u0219or Dan\",\"pmb\",\"romaero\",\"saga festival\"],\"articleSection\":[\"Articole\",\"Eveniment\",\"Main\"],\"inLanguage\":\"en-GB\",\"copyrightYear\":\"2024\",\"copyrightHolder\":{\"@id\":\"https:\\\/\\\/buletin.de\\\/bucuresti\\\/#organization\"}},{\"@type\":\"WebPage\",\"@id\":\"https:\\\/\\\/buletin.de\\\/bucuresti\\\/saga-de-la-saga-tepele-artistilor-si-razboiul-in-instanta-cu-pmb-ce-alte-nereguli-au-mai-fost-de-a-lungul-anului\\\/\",\"url\":\"https:\\\/\\\/buletin.de\\\/bucuresti\\\/saga-de-la-saga-tepele-artistilor-si-razboiul-in-instanta-cu-pmb-ce-alte-nereguli-au-mai-fost-de-a-lungul-anului\\\/\",\"name\":\"\u201eSaga\u201d de la SAGA: \u201e\u021aepele\u201d arti\u0219tilor \u0219i \u201er\u0103zboiul\u201d \u00een instan\u021b\u0103 cu PMB. Ce alte nereguli au mai fost de-a lungul timpului - Buletin de Bucure\u0219ti\",\"isPartOf\":{\"@id\":\"https:\\\/\\\/buletin.de\\\/bucuresti\\\/#website\"},\"primaryImageOfPage\":{\"@id\":\"https:\\\/\\\/buletin.de\\\/bucuresti\\\/saga-de-la-saga-tepele-artistilor-si-razboiul-in-instanta-cu-pmb-ce-alte-nereguli-au-mai-fost-de-a-lungul-anului\\\/#primaryimage\"},\"image\":{\"@id\":\"https:\\\/\\\/buletin.de\\\/bucuresti\\\/saga-de-la-saga-tepele-artistilor-si-razboiul-in-instanta-cu-pmb-ce-alte-nereguli-au-mai-fost-de-a-lungul-anului\\\/#primaryimage\"},\"thumbnailUrl\":\"https:\\\/\\\/buletin.de\\\/bucuresti\\\/wp-content\\\/uploads\\\/image00001-1-1.jpeg\",\"datePublished\":\"2024-07-08T10:54:32+00:00\",\"dateModified\":\"2024-07-08T11:00:56+00:00\",\"breadcrumb\":{\"@id\":\"https:\\\/\\\/buletin.de\\\/bucuresti\\\/saga-de-la-saga-tepele-artistilor-si-razboiul-in-instanta-cu-pmb-ce-alte-nereguli-au-mai-fost-de-a-lungul-anului\\\/#breadcrumb\"},\"inLanguage\":\"en-GB\",\"potentialAction\":[{\"@type\":\"ReadAction\",\"target\":[\"https:\\\/\\\/buletin.de\\\/bucuresti\\\/saga-de-la-saga-tepele-artistilor-si-razboiul-in-instanta-cu-pmb-ce-alte-nereguli-au-mai-fost-de-a-lungul-anului\\\/\"]}]},{\"@type\":\"ImageObject\",\"inLanguage\":\"en-GB\",\"@id\":\"https:\\\/\\\/buletin.de\\\/bucuresti\\\/saga-de-la-saga-tepele-artistilor-si-razboiul-in-instanta-cu-pmb-ce-alte-nereguli-au-mai-fost-de-a-lungul-anului\\\/#primaryimage\",\"url\":\"https:\\\/\\\/buletin.de\\\/bucuresti\\\/wp-content\\\/uploads\\\/image00001-1-1.jpeg\",\"contentUrl\":\"https:\\\/\\\/buletin.de\\\/bucuresti\\\/wp-content\\\/uploads\\\/image00001-1-1.jpeg\",\"width\":2000,\"height\":1500,\"caption\":\"FOTO: Ana Anghel-Dimache\"},{\"@type\":\"BreadcrumbList\",\"@id\":\"https:\\\/\\\/buletin.de\\\/bucuresti\\\/saga-de-la-saga-tepele-artistilor-si-razboiul-in-instanta-cu-pmb-ce-alte-nereguli-au-mai-fost-de-a-lungul-anului\\\/#breadcrumb\",\"itemListElement\":[{\"@type\":\"ListItem\",\"position\":1,\"name\":\"Acas\u0103\",\"item\":\"https:\\\/\\\/buletin.de\\\/bucuresti\\\/\"},{\"@type\":\"ListItem\",\"position\":2,\"name\":\"\u201eSaga\u201d de la SAGA: \u201e\u021aepele\u201d arti\u0219tilor \u0219i \u201er\u0103zboiul\u201d \u00een instan\u021b\u0103 cu PMB. Ce alte nereguli au mai fost de-a lungul timpului\"}]},{\"@type\":\"WebSite\",\"@id\":\"https:\\\/\\\/buletin.de\\\/bucuresti\\\/#website\",\"url\":\"https:\\\/\\\/buletin.de\\\/bucuresti\\\/\",\"name\":\"Buletin de Bucure\u0219ti\",\"description\":\"\u0218tiri \u0219i investiga\u021bii esen\u021biale din capital\u0103\",\"publisher\":{\"@id\":\"https:\\\/\\\/buletin.de\\\/bucuresti\\\/#organization\"},\"potentialAction\":[{\"@type\":\"SearchAction\",\"target\":{\"@type\":\"EntryPoint\",\"urlTemplate\":\"https:\\\/\\\/buletin.de\\\/bucuresti\\\/?s={search_term_string}\"},\"query-input\":{\"@type\":\"PropertyValueSpecification\",\"valueRequired\":true,\"valueName\":\"search_term_string\"}}],\"inLanguage\":\"en-GB\"},{\"@type\":\"Organization\",\"@id\":\"https:\\\/\\\/buletin.de\\\/bucuresti\\\/#organization\",\"name\":\"Buletin de Bucure\u0219ti\",\"url\":\"https:\\\/\\\/buletin.de\\\/bucuresti\\\/\",\"logo\":{\"@type\":\"ImageObject\",\"inLanguage\":\"en-GB\",\"@id\":\"https:\\\/\\\/buletin.de\\\/bucuresti\\\/#\\\/schema\\\/logo\\\/image\\\/\",\"url\":\"https:\\\/\\\/buletin.de\\\/bucuresti\\\/wp-content\\\/uploads\\\/logo-bdb-full-wide-vernil-transparent.png\",\"contentUrl\":\"https:\\\/\\\/buletin.de\\\/bucuresti\\\/wp-content\\\/uploads\\\/logo-bdb-full-wide-vernil-transparent.png\",\"width\":1782,\"height\":626,\"caption\":\"Buletin de Bucure\u0219ti\"},\"image\":{\"@id\":\"https:\\\/\\\/buletin.de\\\/bucuresti\\\/#\\\/schema\\\/logo\\\/image\\\/\"},\"sameAs\":[\"https:\\\/\\\/www.facebook.com\\\/buletin.de.buc\",\"https:\\\/\\\/www.instagram.com\\\/buletinde.bucuresti\\\/\"]},{\"@type\":\"Person\",\"@id\":\"https:\\\/\\\/buletin.de\\\/bucuresti\\\/#\\\/schema\\\/person\\\/359459245996e200ed7c807f71f0551a\",\"name\":\"Ana Anghel-Dimache\",\"image\":{\"@type\":\"ImageObject\",\"inLanguage\":\"en-GB\",\"@id\":\"https:\\\/\\\/buletin.de\\\/bucuresti\\\/wp-content\\\/uploads\\\/Ana-Anghel-Dimache-96x96.jpg861145fc2c4f1fe57dc81b59a6cfb674\",\"url\":\"https:\\\/\\\/buletin.de\\\/bucuresti\\\/wp-content\\\/uploads\\\/Ana-Anghel-Dimache-96x96.jpg\",\"contentUrl\":\"https:\\\/\\\/buletin.de\\\/bucuresti\\\/wp-content\\\/uploads\\\/Ana-Anghel-Dimache-96x96.jpg\",\"caption\":\"Ana Anghel-Dimache\"},\"description\":\"Sunt student\u0103 la jurnalism \u0219i m-am n\u0103scut \u00een Bucure\u0219ti, ora\u0219 plin de pove\u0219ti care merit\u0103 explorate. \u00cemi place s\u0103 scriu despre subiecte politice, de mediu \u0219i legate de transportul din Capital\u0103. \u00cencerc s\u0103 pictez o imagine c\u00e2t mai sincer\u0103 a realit\u0103\u021bii \u0219i sus\u021bin presa independent\u0103 pentru c\u0103 este esen\u021bial s\u0103 pot reda faptele \u00een formele lor adev\u0103rate.\",\"url\":\"https:\\\/\\\/buletin.de\\\/bucuresti\\\/author\\\/ana-dimache\\\/\"}]}<\/script>\n<!-- \/ Yoast SEO Premium plugin. -->","yoast_head_json":{"title":"\u201eSaga\u201d de la SAGA: \u201e\u021aepele\u201d arti\u0219tilor \u0219i \u201er\u0103zboiul\u201d \u00een instan\u021b\u0103 cu PMB. Ce alte nereguli au mai fost de-a lungul timpului - Buletin de Bucure\u0219ti","robots":{"index":"index","follow":"follow","max-snippet":"max-snippet:-1","max-image-preview":"max-image-preview:large","max-video-preview":"max-video-preview:-1"},"canonical":"https:\/\/buletin.de\/bucuresti\/saga-de-la-saga-tepele-artistilor-si-razboiul-in-instanta-cu-pmb-ce-alte-nereguli-au-mai-fost-de-a-lungul-anului\/","og_locale":"en_GB","og_type":"article","og_title":"\u201eSaga\u201d de la SAGA: \u201e\u021aepele\u201d arti\u0219tilor \u0219i \u201er\u0103zboiul\u201d \u00een instan\u021b\u0103 cu PMB. Ce alte nereguli au mai fost de-a lungul timpului","og_description":"Festivalul SAGA a \u00eent\u00e2mpinat de-a lungul anilor un lung \u0219ir de probleme \u0219i dezam\u0103giri pentru participan\u021bi. Anul acesta, capul de afi\u0219 al festivalului, Nicki Minaj, ar fi urmat s\u0103 urce pe scen\u0103 duminic\u0103, pe 7 iulie, dar a anun\u021bat pe platforma X, cunoscut\u0103 \u0219i Twitter, c\u0103 nu se va mai prezenta din cauza unor probleme [&hellip;]","og_url":"https:\/\/buletin.de\/bucuresti\/saga-de-la-saga-tepele-artistilor-si-razboiul-in-instanta-cu-pmb-ce-alte-nereguli-au-mai-fost-de-a-lungul-anului\/","og_site_name":"Buletin de Bucure\u0219ti","article_publisher":"https:\/\/www.facebook.com\/buletin.de.buc","article_published_time":"2024-07-08T10:54:32+00:00","article_modified_time":"2024-07-08T11:00:56+00:00","og_image":[{"width":2000,"height":1500,"url":"https:\/\/buletin.de\/bucuresti\/wp-content\/uploads\/image00001-1-1.jpeg","type":"image\/jpeg"}],"author":"Ana Anghel-Dimache","twitter_card":"summary_large_image","twitter_misc":{"Written by":"Ana Anghel-Dimache","Estimated reading time":"5 minutes"},"schema":{"@context":"https:\/\/schema.org","@graph":[{"@type":"Article","@id":"https:\/\/buletin.de\/bucuresti\/saga-de-la-saga-tepele-artistilor-si-razboiul-in-instanta-cu-pmb-ce-alte-nereguli-au-mai-fost-de-a-lungul-anului\/#article","isPartOf":{"@id":"https:\/\/buletin.de\/bucuresti\/saga-de-la-saga-tepele-artistilor-si-razboiul-in-instanta-cu-pmb-ce-alte-nereguli-au-mai-fost-de-a-lungul-anului\/"},"author":{"name":"Ana Anghel-Dimache","@id":"https:\/\/buletin.de\/bucuresti\/#\/schema\/person\/359459245996e200ed7c807f71f0551a"},"headline":"\u201eSaga\u201d de la SAGA: \u201e\u021aepele\u201d arti\u0219tilor \u0219i \u201er\u0103zboiul\u201d \u00een instan\u021b\u0103 cu PMB. Ce alte nereguli au mai fost de-a lungul timpului","datePublished":"2024-07-08T10:54:32+00:00","dateModified":"2024-07-08T11:00:56+00:00","mainEntityOfPage":{"@id":"https:\/\/buletin.de\/bucuresti\/saga-de-la-saga-tepele-artistilor-si-razboiul-in-instanta-cu-pmb-ce-alte-nereguli-au-mai-fost-de-a-lungul-anului\/"},"wordCount":1050,"publisher":{"@id":"https:\/\/buletin.de\/bucuresti\/#organization"},"image":{"@id":"https:\/\/buletin.de\/bucuresti\/saga-de-la-saga-tepele-artistilor-si-razboiul-in-instanta-cu-pmb-ce-alte-nereguli-au-mai-fost-de-a-lungul-anului\/#primaryimage"},"thumbnailUrl":"https:\/\/buletin.de\/bucuresti\/wp-content\/uploads\/image00001-1-1.jpeg","keywords":["Bucure\u0219ti","Nicu\u0219or Dan","pmb","romaero","saga festival"],"articleSection":["Articole","Eveniment","Main"],"inLanguage":"en-GB","copyrightYear":"2024","copyrightHolder":{"@id":"https:\/\/buletin.de\/bucuresti\/#organization"}},{"@type":"WebPage","@id":"https:\/\/buletin.de\/bucuresti\/saga-de-la-saga-tepele-artistilor-si-razboiul-in-instanta-cu-pmb-ce-alte-nereguli-au-mai-fost-de-a-lungul-anului\/","url":"https:\/\/buletin.de\/bucuresti\/saga-de-la-saga-tepele-artistilor-si-razboiul-in-instanta-cu-pmb-ce-alte-nereguli-au-mai-fost-de-a-lungul-anului\/","name":"\u201eSaga\u201d de la SAGA: \u201e\u021aepele\u201d arti\u0219tilor \u0219i \u201er\u0103zboiul\u201d \u00een instan\u021b\u0103 cu PMB. Ce alte nereguli au mai fost de-a lungul timpului - Buletin de Bucure\u0219ti","isPartOf":{"@id":"https:\/\/buletin.de\/bucuresti\/#website"},"primaryImageOfPage":{"@id":"https:\/\/buletin.de\/bucuresti\/saga-de-la-saga-tepele-artistilor-si-razboiul-in-instanta-cu-pmb-ce-alte-nereguli-au-mai-fost-de-a-lungul-anului\/#primaryimage"},"image":{"@id":"https:\/\/buletin.de\/bucuresti\/saga-de-la-saga-tepele-artistilor-si-razboiul-in-instanta-cu-pmb-ce-alte-nereguli-au-mai-fost-de-a-lungul-anului\/#primaryimage"},"thumbnailUrl":"https:\/\/buletin.de\/bucuresti\/wp-content\/uploads\/image00001-1-1.jpeg","datePublished":"2024-07-08T10:54:32+00:00","dateModified":"2024-07-08T11:00:56+00:00","breadcrumb":{"@id":"https:\/\/buletin.de\/bucuresti\/saga-de-la-saga-tepele-artistilor-si-razboiul-in-instanta-cu-pmb-ce-alte-nereguli-au-mai-fost-de-a-lungul-anului\/#breadcrumb"},"inLanguage":"en-GB","potentialAction":[{"@type":"ReadAction","target":["https:\/\/buletin.de\/bucuresti\/saga-de-la-saga-tepele-artistilor-si-razboiul-in-instanta-cu-pmb-ce-alte-nereguli-au-mai-fost-de-a-lungul-anului\/"]}]},{"@type":"ImageObject","inLanguage":"en-GB","@id":"https:\/\/buletin.de\/bucuresti\/saga-de-la-saga-tepele-artistilor-si-razboiul-in-instanta-cu-pmb-ce-alte-nereguli-au-mai-fost-de-a-lungul-anului\/#primaryimage","url":"https:\/\/buletin.de\/bucuresti\/wp-content\/uploads\/image00001-1-1.jpeg","contentUrl":"https:\/\/buletin.de\/bucuresti\/wp-content\/uploads\/image00001-1-1.jpeg","width":2000,"height":1500,"caption":"FOTO: Ana Anghel-Dimache"},{"@type":"BreadcrumbList","@id":"https:\/\/buletin.de\/bucuresti\/saga-de-la-saga-tepele-artistilor-si-razboiul-in-instanta-cu-pmb-ce-alte-nereguli-au-mai-fost-de-a-lungul-anului\/#breadcrumb","itemListElement":[{"@type":"ListItem","position":1,"name":"Acas\u0103","item":"https:\/\/buletin.de\/bucuresti\/"},{"@type":"ListItem","position":2,"name":"\u201eSaga\u201d de la SAGA: \u201e\u021aepele\u201d arti\u0219tilor \u0219i \u201er\u0103zboiul\u201d \u00een instan\u021b\u0103 cu PMB. Ce alte nereguli au mai fost de-a lungul timpului"}]},{"@type":"WebSite","@id":"https:\/\/buletin.de\/bucuresti\/#website","url":"https:\/\/buletin.de\/bucuresti\/","name":"Buletin de Bucure\u0219ti","description":"\u0218tiri \u0219i investiga\u021bii esen\u021biale din capital\u0103","publisher":{"@id":"https:\/\/buletin.de\/bucuresti\/#organization"},"potentialAction":[{"@type":"SearchAction","target":{"@type":"EntryPoint","urlTemplate":"https:\/\/buletin.de\/bucuresti\/?s={search_term_string}"},"query-input":{"@type":"PropertyValueSpecification","valueRequired":true,"valueName":"search_term_string"}}],"inLanguage":"en-GB"},{"@type":"Organization","@id":"https:\/\/buletin.de\/bucuresti\/#organization","name":"Buletin de Bucure\u0219ti","url":"https:\/\/buletin.de\/bucuresti\/","logo":{"@type":"ImageObject","inLanguage":"en-GB","@id":"https:\/\/buletin.de\/bucuresti\/#\/schema\/logo\/image\/","url":"https:\/\/buletin.de\/bucuresti\/wp-content\/uploads\/logo-bdb-full-wide-vernil-transparent.png","contentUrl":"https:\/\/buletin.de\/bucuresti\/wp-content\/uploads\/logo-bdb-full-wide-vernil-transparent.png","width":1782,"height":626,"caption":"Buletin de Bucure\u0219ti"},"image":{"@id":"https:\/\/buletin.de\/bucuresti\/#\/schema\/logo\/image\/"},"sameAs":["https:\/\/www.facebook.com\/buletin.de.buc","https:\/\/www.instagram.com\/buletinde.bucuresti\/"]},{"@type":"Person","@id":"https:\/\/buletin.de\/bucuresti\/#\/schema\/person\/359459245996e200ed7c807f71f0551a","name":"Ana Anghel-Dimache","image":{"@type":"ImageObject","inLanguage":"en-GB","@id":"https:\/\/buletin.de\/bucuresti\/wp-content\/uploads\/Ana-Anghel-Dimache-96x96.jpg861145fc2c4f1fe57dc81b59a6cfb674","url":"https:\/\/buletin.de\/bucuresti\/wp-content\/uploads\/Ana-Anghel-Dimache-96x96.jpg","contentUrl":"https:\/\/buletin.de\/bucuresti\/wp-content\/uploads\/Ana-Anghel-Dimache-96x96.jpg","caption":"Ana Anghel-Dimache"},"description":"Sunt student\u0103 la jurnalism \u0219i m-am n\u0103scut \u00een Bucure\u0219ti, ora\u0219 plin de pove\u0219ti care merit\u0103 explorate. \u00cemi place s\u0103 scriu despre subiecte politice, de mediu \u0219i legate de transportul din Capital\u0103. \u00cencerc s\u0103 pictez o imagine c\u00e2t mai sincer\u0103 a realit\u0103\u021bii \u0219i sus\u021bin presa independent\u0103 pentru c\u0103 este esen\u021bial s\u0103 pot reda faptele \u00een formele lor adev\u0103rate.","url":"https:\/\/buletin.de\/bucuresti\/author\/ana-dimache\/"}]}},"authors":[{"term_id":22581,"user_id":58,"is_guest":0,"slug":"ana-dimache","display_name":"Ana Anghel-Dimache","avatar_url":"https:\/\/buletin.de\/bucuresti\/wp-content\/uploads\/Ana-Anghel-Dimache-96x96.jpg","0":null,"1":"","2":"","3":"","4":"","5":"","6":"","7":"","8":""}],"_links":{"self":[{"href":"https:\/\/buletin.de\/bucuresti\/wp-json\/wp\/v2\/posts\/90290","targetHints":{"allow":["GET"]}}],"collection":[{"href":"https:\/\/buletin.de\/bucuresti\/wp-json\/wp\/v2\/posts"}],"about":[{"href":"https:\/\/buletin.de\/bucuresti\/wp-json\/wp\/v2\/types\/post"}],"author":[{"embeddable":true,"href":"https:\/\/buletin.de\/bucuresti\/wp-json\/wp\/v2\/users\/58"}],"replies":[{"embeddable":true,"href":"https:\/\/buletin.de\/bucuresti\/wp-json\/wp\/v2\/comments?post=90290"}],"version-history":[{"count":5,"href":"https:\/\/buletin.de\/bucuresti\/wp-json\/wp\/v2\/posts\/90290\/revisions"}],"predecessor-version":[{"id":90314,"href":"https:\/\/buletin.de\/bucuresti\/wp-json\/wp\/v2\/posts\/90290\/revisions\/90314"}],"wp:featuredmedia":[{"embeddable":true,"href":"https:\/\/buletin.de\/bucuresti\/wp-json\/wp\/v2\/media\/90301"}],"wp:attachment":[{"href":"https:\/\/buletin.de\/bucuresti\/wp-json\/wp\/v2\/media?parent=90290"}],"wp:term":[{"taxonomy":"category","embeddable":true,"href":"https:\/\/buletin.de\/bucuresti\/wp-json\/wp\/v2\/categories?post=90290"},{"taxonomy":"post_tag","embeddable":true,"href":"https:\/\/buletin.de\/bucuresti\/wp-json\/wp\/v2\/tags?post=90290"},{"taxonomy":"author","embeddable":true,"href":"https:\/\/buletin.de\/bucuresti\/wp-json\/wp\/v2\/ppma_author?post=90290"}],"curies":[{"name":"wp","href":"https:\/\/api.w.org\/{rel}","templated":true}]}}