{"id":90269,"date":"2024-07-08T11:51:18","date_gmt":"2024-07-08T08:51:18","guid":{"rendered":"https:\/\/buletin.de\/bucuresti\/?p=90269"},"modified":"2024-07-09T10:42:13","modified_gmt":"2024-07-09T07:42:13","slug":"haos-pe-otopeni-dupa-ce-10-curse-tarom-au-fost-anulate-sindicatul-unit-tarom-mai-urmeaza-si-alte-zboruri","status":"publish","type":"post","link":"https:\/\/buletin.de\/bucuresti\/haos-pe-otopeni-dupa-ce-10-curse-tarom-au-fost-anulate-sindicatul-unit-tarom-mai-urmeaza-si-alte-zboruri\/","title":{"rendered":"Haos pe Otopeni, dup\u0103 ce 10 curse TAROM au fost anulate. Sindicatul Unit TAROM: \u201eMai urmeaz\u0103 \u0219i alte zboruri\u201d"},"content":{"rendered":"\n<p>Update 5: TAROM anun\u021b\u0103 c\u0103 toate cursele programate \u00een aceast\u0103 diminea\u021b\u0103, 9 iulie, se desf\u0103\u0219oar\u0103 normal, conform programului de zbor. Compania a \u00eencheiat un acord salarial cu persoanalul navigant. M\u0103surile agreate vor fi negociate \u00een cadrul Contractului Individual de Munc\u0103 cu membrii echipei.<\/p>\n\n\n\n<p>Update 4: \u00cenc\u0103 \u0219apte zboruri au fost anulate, anun\u021b\u0103 TAROM. Este vorba despre:<\/p>\n\n\n\n<ul class=\"wp-block-list\">\n<li>ROT211\/2 \u2013 Otopeni \u2013 Belgrad \u2013 Otopeni,<\/li>\n\n\n\n<li>ROT627\/8 \u2013 Otopeni \u2013 Oradea \u2013 Otopeni, <\/li>\n\n\n\n<li>ROT383\/4 \u2013 Otopeni \u2013 Paris\u2013 Otopeni, <\/li>\n\n\n\n<li>ROT237\/8 \u2013 Otopeni \u2013 Budapesta \u2013 Otopeni, <\/li>\n\n\n\n<li>ROT363\/4 \u2013 Otopeni \u2013 Amsterdam \u2013 Otopeni, <\/li>\n\n\n\n<li>ROT305\/6 \u2013 Otopeni \u2013 Frankfurt \u2013 Otopeni, <\/li>\n\n\n\n<li>ROT607\/8 \u2013 Otopeni \u2013 Timi\u0219oara \u2013 Otopeni.<\/li>\n<\/ul>\n\n\n\n<p>Reporterii Buletin de Bucure\u0219ti l-au contactat pe purt\u0103torul de cuv\u00e2nt al companiei, Alexandru Anghel, care declar\u0103 c\u0103 <strong>peste 2000 de pasageri au fost afecta\u021bi de anularea curselor<\/strong>.<\/p>\n\n\n\n<blockquote class=\"wp-block-quote is-layout-flow wp-block-quote-is-layout-flow\">\n<p>Se caut\u0103 solu\u021bii pentru to\u021bi, fie pentru rerutare, fie pentru reprogramare.<\/p>\n<\/blockquote>\n\n\n\n<p>\u00cen cursul zilei de ast\u0103zi, a avut loc o \u00eent\u00e2lnire de lucru \u00eentre managementul companiei \u0219i reprezentan\u021bii echipajelor de zbor:<\/p>\n\n\n\n<blockquote class=\"wp-block-quote is-layout-flow wp-block-quote-is-layout-flow\">\n<p>A existat o \u00eent\u00e2lnire de lucru \u00eentre managementul companiei \u0219i reprezentan\u021bii echipajelor de zbor pentru solu\u021bii pe tema aceasta: deblocarea situa\u021biei \u0219i reluarea activit\u0103\u021bii conform programului de zbor. Exist\u0103 \u0219i m\u00e2ine o \u00eent\u00e2lnire de lucru, iar pe list\u0103 sunt \u0219i c\u00e2teva solicit\u0103ri din partea personalului TAROM.<\/p>\n<\/blockquote>\n\n\n\n<p>Printre acestea se num\u0103r\u0103 <strong>revendic\u0103ri salariale<\/strong>, transmite Alexandru Anghel pentru Buletin de Bucure\u0219ti. Acesta adaug\u0103 c\u0103 \u201eundeva \u00een luna septembrie ar trebui renegociat \u0219i contractul colectiv de munc\u0103, deci negocierile ar trebui s\u0103 \u00eenceap\u0103 peste ceva timp, s\u0103 zicem o lun\u0103\u201d.<\/p>\n\n\n\n<p>Update 3: 29 de pilo\u021bi sau comandan\u021bi, \u00een func\u021bie de caz, s-au declarat \u201einap\u021bi de zbor\u201d, declar\u0103 purt\u0103torul de cuv\u00e2nt al TAROM, Alexandru Anghel, pentru <a href=\"https:\/\/www.digi24.ro\/stiri\/actualitate\/evenimente\/haos-pe-aeroportul-otopeni-din-cauza-unui-protest-mascat-la-tarom-mai-multe-curse-au-fost-anulate-pilotii-nu-au-mai-venit-la-munca-2853419\">Digi24<\/a>. O \u00eent\u00e2lnire de lucru va avea loc \u00een aceast\u0103 dup\u0103-amiaz\u0103, \u00een \u00eencercarea de a g\u0103si solu\u021bii pentru reluarea  zborurilor \u00een cel mai scurt timp.<\/p>\n\n\n\n<p>Update 2:  \u00cenc\u0103 patru zboruri au fost anulate, anun\u021b\u0103 TAROM. Este vorba despre:<\/p>\n\n\n\n<ul class=\"wp-block-list\">\n<li>ROT415\/6 Otopeni &#8211; Madrid &#8211; Otopeni,<\/li>\n\n\n\n<li>ROT291\/2 Otopeni &#8211; Sofia &#8211; Otopeni,<\/li>\n\n\n\n<li>ROT643\/4 Otopeni &#8211; Cluj &#8211; Otopeni,<\/li>\n\n\n\n<li>ROT703\/4 Otopeni &#8211; Ia\u0219i &#8211; Otopeni.<\/li>\n<\/ul>\n\n\n\n<p>Update: TAROM a publicat o list\u0103 de <a href=\"https:\/\/www.tarom.ro\/stiri\/contacte-utile-pentru-pasagerii-ale-caror-zboruri-au-fost-anulate\/\">contacte utile pentru pasagerii ale c\u0103ror zboruri au fost anulate<\/a>.<\/p>\n\n\n\n<p><strong>Compania TAROM a anulat zece curse programate luni, 8 iulie, dup\u0103 ce mai mul\u021bi pilo\u021bi s-au declarat \u201einap\u021bi de zbor\u201d. Pre\u0219edintele Sindicatului Unit TAROM, Narcis Pa\u0219cu declar\u0103 pentru Buletin de Bucure\u0219ti: \u201eCred c\u0103 mai urmeaz\u0103 s\u0103 fie mai multe zboruri anulate\u201d.<\/strong><\/p>\n\n\n\n<p>Pre\u0219edintele Sindicatului Unit TAROM, Narcis Pa\u0219cu, a explicat c\u0103 nu este o form\u0103 de grev\u0103 sau de protest \u0219i c\u0103 zborurile au fost anulate \u00een contextul lipsei pilo\u021bilor de rezerv\u0103:<\/p>\n\n\n\n<blockquote class=\"wp-block-quote is-layout-flow wp-block-quote-is-layout-flow\">\n<p>Se \u00eemboln\u0103ve\u0219te un pilot, \u0219i al doilea, \u0219i al treilea. Deja e ca bulg\u0103rele de z\u0103pad\u0103. Nu ai pe cine s\u0103 pui \u00een loc \u0219i atunci se anuleaz\u0103 zborurile.<\/p>\n<cite>Pre\u0219edintele Sindicatului Unit TAROM, Narcis Pa\u0219cu <\/cite><\/blockquote>\n\n\n\n<p>Printre cele zece zboruri anulate, se num\u0103r\u0103 at\u00e2t curse interne, c\u00e2t \u0219i externe, astfel:<\/p>\n\n\n\n<ul class=\"wp-block-list\">\n<li>ROT101\/2 Otopeni &#8211; Cairo &#8211; Otopeni,<\/li>\n\n\n\n<li>ROT167\/8 Otopeni &#8211; Beyrut &#8211; Otopeni, <\/li>\n\n\n\n<li>ROT187\/8 Otopeni &#8211; Amman &#8211; Otopeni, <\/li>\n\n\n\n<li>ROT701\/2 Otopeni &#8211; Ia\u0219i &#8211; Otopeni, <\/li>\n\n\n\n<li>ROT621\/2 \u2013 Otopeni &#8211; Oradea &#8211; Otopeni, <\/li>\n\n\n\n<li>ROT261\/2 \u2013 Otopeni &#8211; Istanbul &#8211; Otopeni, <\/li>\n\n\n\n<li>ROT231\/2 \u2013 Otopeni &#8211; Budapesta &#8211; Otopeni,<\/li>\n\n\n\n<li>ROT 301\/2 \u2013 Otopeni &#8211; Frankfurt- Otopeni, <\/li>\n\n\n\n<li>ROT361\/2 \u2013 Otopeni &#8211; Amsterdam &#8211; Otopeni, <\/li>\n\n\n\n<li>ROT381\/2 \u2013 Otopeni &#8211; Paris &#8211; Otopeni.<\/li>\n<\/ul>\n\n\n\n<blockquote class=\"wp-block-quote is-layout-flow wp-block-quote-is-layout-flow\">\n<p>\u00cen conformitate cu reglement\u0103rile interna\u021bionale de avia\u021bie \u0219i politicile interne stricte privind siguran\u021ba zborurilor, fiecare dintre cursele respective a fost anulat\u0103 deoarece un membru din echipajul fiec\u0103rei aeronave s-a declarat \u201cinapt de zbor\u201d. <\/p>\n<cite>Comunicat de Pres\u0103 TAROM<\/cite><\/blockquote>\n\n\n\n<p>Pasagerii vor fi reruta\u021bi c\u0103tre alte zboruri ale companiei. \u00cen cazul \u00een care aceast\u0103 variant\u0103 nu este posibil\u0103, \u00ee\u0219i vor primi banii \u00eenapoi, conform prevederilor <a href=\"https:\/\/eur-lex.europa.eu\/legal-content\/RO\/TXT\/?uri=CELEX%3A32004R0261\">regulamentului european<\/a>, transmite Narcis Pa\u0219cu.<\/p>\n\n\n\n<p>Decizia ar fi un semn de \u201egrev\u0103 mascat\u0103\u201d, pilo\u021bii fiind nemul\u021bumi\u021bi de condi\u021biile de munc\u0103, potrivit <a href=\"https:\/\/www.presshouse.ro\/2024\/07\/08\/greva-mascata-la-tarom-mai-multe-curse-au-fost-anulate-beirut-cairo-amman-iasi-oradea-paris-amsterdam-budapesta-istanbul\/?fbclid=IwZXh0bgNhZW0CMTEAAR1KakE7yrVdcKHgai7uttAlRkpAfKs6rdIpHaS4cU2Fd_P2Z3pnE5-gaNU_aem_NK6sHGeb6VelRj3_YRHlTA\">Presshouse.ro<\/a><strong>.<\/strong> Un pilot al companiei declar\u0103 pentru sursa citat\u0103:<\/p>\n\n\n\n<blockquote class=\"wp-block-quote is-layout-flow wp-block-quote-is-layout-flow\">\n<p>\u00ce\u0219i bat joc pilo\u021bi, f\u0103r\u0103 salarii \u0219i indemniza\u021bii majorate, banii de la Uniunea European\u0103 stau la minister, \u00eei \u00eempart unde au chef. S\u0103 \u00eenchid\u0103 TAROM, s\u0103 nu mai aib\u0103 \u0103\u0219tia de unde sa m\u0103n\u00e2nce de pe spatele nostru<\/p>\n<cite>Declara\u021bii Pilot Tarom pentru Presshouse<\/cite><\/blockquote>\n\n\n\n<p>Ministrul Transporturilor, Sorin Grindeanu, a transmis la scurt timp c\u0103 a solicitat managementului companiei TAROM s\u0103 ia urgent m\u0103suri pentru situa\u021bia actual\u0103.<\/p>\n\n\n\n<blockquote class=\"wp-block-quote is-layout-flow wp-block-quote-is-layout-flow\">\n<p>Echipa managerial\u0103, selec\u021bionat\u0103 \u00een baza prevederilor Ordonan\u021bei privind managementul corporativ, are toate p\u00e2rghiile legale s\u0103 ia decizii administrative necesare pentru evitarea unor astfel de blocaje \u0219i pentru a preveni repetarea lor! De aceea, echipa managerial\u0103 trebuie s\u0103 vin\u0103 urgent cu un plan eficient de restructurare, prin care s\u0103 asigure capacitatea operativ\u0103 a companiei TAROM. Accentul trebuie pus pe asigurarea personalului navigant \u0219i nu pe men\u021binerea \u00een schem\u0103 a unor persoane care nu au o contribu\u021bie la buna func\u021bionare a TAROM! A\u0219tept o comunicare public\u0103 aplicat\u0103 \u0219i detaliat\u0103 a Directorului General al TAROM prin care s\u0103 anun\u021be solu\u021biile identificate!<\/p>\n<cite>ministrul Transporturilor, Sorin Grindeanu<\/cite><\/blockquote>\n\n\n\n<p>Amintim, la finalul lunii mai, <a href=\"https:\/\/buletin.de\/bucuresti\/ajutorul-de-100-de-milioane-de-euro-pentru-tarom-a-fost-aprobat-de-guvern\/\">Guvernul a aprobat un ajutor de 100 de milioane de euro pentru TAROM<\/a>. Acesta face parte din planul pentru restructurarea companiei propus de autorit\u0103\u021bile rom\u00e2ne \u00een \u00eencercarea de a evita falimentul.<\/p>\n\n\n\n<p>\u00cen anul 2023, societatea anun\u021ba finalizarea \u00een\u021belegerii cu forul european \u0219i \u00eendeplinirea condi\u021biilor pentru primirea banilor.<\/p>\n\n\n\n<p>2007 a fost ultimul an \u00een care compania a \u00eenregistrat profit. \u00cen cei 17 ani de pierderi, TAROM a suspendat mai multe zboruri, cum ar fi cele c\u0103tre Viena \u0219i Munchen. Pe de alt\u0103 parte, zborurile c\u0103tre Israel au fost reluate de la \u00eenceputul anului.<\/p>\n\n\n\n<p><strong>CITE\u0218TE \u0218I:<\/strong><\/p>\n\n\n\n<figure class=\"wp-block-embed is-type-wp-embed is-provider-buletin-de-bucure-ti wp-block-embed-buletin-de-bucure-ti\"><div class=\"wp-block-embed__wrapper\">\n<blockquote class=\"wp-embedded-content\" data-secret=\"m6ETBfARea\"><a href=\"https:\/\/buletin.de\/bucuresti\/ajutorul-de-100-de-milioane-de-euro-pentru-tarom-a-fost-aprobat-de-guvern\/\">Ajutorul de 100 de milioane de euro pentru TAROM a fost aprobat de Guvern<\/a><\/blockquote><iframe class=\"wp-embedded-content\" sandbox=\"allow-scripts\" security=\"restricted\" style=\"position: absolute; clip: rect(1px, 1px, 1px, 1px);\" title=\"&#8220;Ajutorul de 100 de milioane de euro pentru TAROM a fost aprobat de Guvern&#8221; &#8212; Buletin de Bucure\u0219ti\" src=\"https:\/\/buletin.de\/bucuresti\/ajutorul-de-100-de-milioane-de-euro-pentru-tarom-a-fost-aprobat-de-guvern\/embed\/#?secret=8zZRx1BiDO#?secret=m6ETBfARea\" data-secret=\"m6ETBfARea\" width=\"600\" height=\"338\" frameborder=\"0\" marginwidth=\"0\" marginheight=\"0\" scrolling=\"no\"><\/iframe>\n<\/div><\/figure>\n","protected":false},"excerpt":{"rendered":"<p>Update 5: TAROM anun\u021b\u0103 c\u0103 toate cursele programate \u00een aceast\u0103 diminea\u021b\u0103, 9 iulie, se desf\u0103\u0219oar\u0103 normal, conform programului de zbor. Compania a \u00eencheiat un acord salarial cu persoanalul navigant. M\u0103surile agreate vor fi negociate \u00een cadrul Contractului Individual de Munc\u0103 cu membrii echipei. Update 4: \u00cenc\u0103 \u0219apte zboruri au fost anulate, anun\u021b\u0103 TAROM. Este vorba [&hellip;]<\/p>\n","protected":false},"author":55,"featured_media":90278,"comment_status":"closed","ping_status":"open","sticky":false,"template":"","format":"standard","meta":{"_acf_changed":false,"inline_featured_image":false,"ngg_post_thumbnail":0,"footnotes":""},"categories":[6994,5762,650],"tags":[7157,6697,9729,9481,13272,13270,5455,8031],"ppma_author":[22573],"class_list":["post-90269","post","type-post","status-publish","format-standard","has-post-thumbnail","hentry","category-stiri-2","category-main","category-transport","tag-aeroportul-henri-coanda","tag-aeroportul-otopeni","tag-ajutor-de-stat","tag-curse-anulate","tag-inapt-medical","tag-piloti-inapti-de-zbor","tag-tarom","tag-zboruri-anulate"],"acf":[],"yoast_head":"<!-- This site is optimized with the Yoast SEO Premium plugin v25.3 (Yoast SEO v27.5) - https:\/\/yoast.com\/product\/yoast-seo-premium-wordpress\/ -->\n<title>Haos pe Otopeni, dup\u0103 ce 10 curse TAROM au fost anulate. Sindicatul Unit TAROM: \u201eMai urmeaz\u0103 \u0219i alte zboruri\u201d - Buletin de Bucure\u0219ti<\/title>\n<meta name=\"robots\" content=\"index, follow, max-snippet:-1, max-image-preview:large, max-video-preview:-1\" \/>\n<link rel=\"canonical\" href=\"https:\/\/buletin.de\/bucuresti\/haos-pe-otopeni-dupa-ce-10-curse-tarom-au-fost-anulate-sindicatul-unit-tarom-mai-urmeaza-si-alte-zboruri\/\" \/>\n<meta property=\"og:locale\" content=\"en_GB\" \/>\n<meta property=\"og:type\" content=\"article\" \/>\n<meta property=\"og:title\" content=\"Haos pe Otopeni, dup\u0103 ce 10 curse TAROM au fost anulate. Sindicatul Unit TAROM: \u201eMai urmeaz\u0103 \u0219i alte zboruri\u201d\" \/>\n<meta property=\"og:description\" content=\"Update 5: TAROM anun\u021b\u0103 c\u0103 toate cursele programate \u00een aceast\u0103 diminea\u021b\u0103, 9 iulie, se desf\u0103\u0219oar\u0103 normal, conform programului de zbor. Compania a \u00eencheiat un acord salarial cu persoanalul navigant. M\u0103surile agreate vor fi negociate \u00een cadrul Contractului Individual de Munc\u0103 cu membrii echipei. Update 4: \u00cenc\u0103 \u0219apte zboruri au fost anulate, anun\u021b\u0103 TAROM. Este vorba [&hellip;]\" \/>\n<meta property=\"og:url\" content=\"https:\/\/buletin.de\/bucuresti\/haos-pe-otopeni-dupa-ce-10-curse-tarom-au-fost-anulate-sindicatul-unit-tarom-mai-urmeaza-si-alte-zboruri\/\" \/>\n<meta property=\"og:site_name\" content=\"Buletin de Bucure\u0219ti\" \/>\n<meta property=\"article:publisher\" content=\"https:\/\/www.facebook.com\/buletin.de.buc\" \/>\n<meta property=\"article:published_time\" content=\"2024-07-08T08:51:18+00:00\" \/>\n<meta property=\"article:modified_time\" content=\"2024-07-09T07:42:13+00:00\" \/>\n<meta property=\"og:image\" content=\"https:\/\/buletin.de\/bucuresti\/wp-content\/uploads\/ID269192_INQUAM_Photos_Ovidiu_Micsik.jpg\" \/>\n\t<meta property=\"og:image:width\" content=\"2000\" \/>\n\t<meta property=\"og:image:height\" content=\"1333\" \/>\n\t<meta property=\"og:image:type\" content=\"image\/jpeg\" \/>\n<meta name=\"author\" content=\"Andreea Tudor\" \/>\n<meta name=\"twitter:card\" content=\"summary_large_image\" \/>\n<meta name=\"twitter:label1\" content=\"Written by\" \/>\n\t<meta name=\"twitter:data1\" content=\"Andreea Tudor\" \/>\n\t<meta name=\"twitter:label2\" content=\"Estimated reading time\" \/>\n\t<meta name=\"twitter:data2\" content=\"3 minutes\" \/>\n<script type=\"application\/ld+json\" class=\"yoast-schema-graph\">{\"@context\":\"https:\\\/\\\/schema.org\",\"@graph\":[{\"@type\":\"Article\",\"@id\":\"https:\\\/\\\/buletin.de\\\/bucuresti\\\/haos-pe-otopeni-dupa-ce-10-curse-tarom-au-fost-anulate-sindicatul-unit-tarom-mai-urmeaza-si-alte-zboruri\\\/#article\",\"isPartOf\":{\"@id\":\"https:\\\/\\\/buletin.de\\\/bucuresti\\\/haos-pe-otopeni-dupa-ce-10-curse-tarom-au-fost-anulate-sindicatul-unit-tarom-mai-urmeaza-si-alte-zboruri\\\/\"},\"author\":{\"name\":\"Andreea Tudor\",\"@id\":\"https:\\\/\\\/buletin.de\\\/bucuresti\\\/#\\\/schema\\\/person\\\/150590659efde715459d159da012f501\"},\"headline\":\"Haos pe Otopeni, dup\u0103 ce 10 curse TAROM au fost anulate. Sindicatul Unit TAROM: \u201eMai urmeaz\u0103 \u0219i alte zboruri\u201d\",\"datePublished\":\"2024-07-08T08:51:18+00:00\",\"dateModified\":\"2024-07-09T07:42:13+00:00\",\"mainEntityOfPage\":{\"@id\":\"https:\\\/\\\/buletin.de\\\/bucuresti\\\/haos-pe-otopeni-dupa-ce-10-curse-tarom-au-fost-anulate-sindicatul-unit-tarom-mai-urmeaza-si-alte-zboruri\\\/\"},\"wordCount\":975,\"publisher\":{\"@id\":\"https:\\\/\\\/buletin.de\\\/bucuresti\\\/#organization\"},\"image\":{\"@id\":\"https:\\\/\\\/buletin.de\\\/bucuresti\\\/haos-pe-otopeni-dupa-ce-10-curse-tarom-au-fost-anulate-sindicatul-unit-tarom-mai-urmeaza-si-alte-zboruri\\\/#primaryimage\"},\"thumbnailUrl\":\"https:\\\/\\\/buletin.de\\\/bucuresti\\\/wp-content\\\/uploads\\\/ID269192_INQUAM_Photos_Ovidiu_Micsik.jpg\",\"keywords\":[\"aeroportul henri coanda\",\"Aeroportul Otopeni\",\"ajutor de stat\",\"curse anulate\",\"inapt medical\",\"piloti inapti de zbor\",\"Tarom\",\"zboruri anulate\"],\"articleSection\":[\"Articole\",\"Main\",\"Transport\"],\"inLanguage\":\"en-GB\",\"copyrightYear\":\"2024\",\"copyrightHolder\":{\"@id\":\"https:\\\/\\\/buletin.de\\\/bucuresti\\\/#organization\"}},{\"@type\":\"WebPage\",\"@id\":\"https:\\\/\\\/buletin.de\\\/bucuresti\\\/haos-pe-otopeni-dupa-ce-10-curse-tarom-au-fost-anulate-sindicatul-unit-tarom-mai-urmeaza-si-alte-zboruri\\\/\",\"url\":\"https:\\\/\\\/buletin.de\\\/bucuresti\\\/haos-pe-otopeni-dupa-ce-10-curse-tarom-au-fost-anulate-sindicatul-unit-tarom-mai-urmeaza-si-alte-zboruri\\\/\",\"name\":\"Haos pe Otopeni, dup\u0103 ce 10 curse TAROM au fost anulate. Sindicatul Unit TAROM: \u201eMai urmeaz\u0103 \u0219i alte zboruri\u201d - Buletin de Bucure\u0219ti\",\"isPartOf\":{\"@id\":\"https:\\\/\\\/buletin.de\\\/bucuresti\\\/#website\"},\"primaryImageOfPage\":{\"@id\":\"https:\\\/\\\/buletin.de\\\/bucuresti\\\/haos-pe-otopeni-dupa-ce-10-curse-tarom-au-fost-anulate-sindicatul-unit-tarom-mai-urmeaza-si-alte-zboruri\\\/#primaryimage\"},\"image\":{\"@id\":\"https:\\\/\\\/buletin.de\\\/bucuresti\\\/haos-pe-otopeni-dupa-ce-10-curse-tarom-au-fost-anulate-sindicatul-unit-tarom-mai-urmeaza-si-alte-zboruri\\\/#primaryimage\"},\"thumbnailUrl\":\"https:\\\/\\\/buletin.de\\\/bucuresti\\\/wp-content\\\/uploads\\\/ID269192_INQUAM_Photos_Ovidiu_Micsik.jpg\",\"datePublished\":\"2024-07-08T08:51:18+00:00\",\"dateModified\":\"2024-07-09T07:42:13+00:00\",\"breadcrumb\":{\"@id\":\"https:\\\/\\\/buletin.de\\\/bucuresti\\\/haos-pe-otopeni-dupa-ce-10-curse-tarom-au-fost-anulate-sindicatul-unit-tarom-mai-urmeaza-si-alte-zboruri\\\/#breadcrumb\"},\"inLanguage\":\"en-GB\",\"potentialAction\":[{\"@type\":\"ReadAction\",\"target\":[\"https:\\\/\\\/buletin.de\\\/bucuresti\\\/haos-pe-otopeni-dupa-ce-10-curse-tarom-au-fost-anulate-sindicatul-unit-tarom-mai-urmeaza-si-alte-zboruri\\\/\"]}]},{\"@type\":\"ImageObject\",\"inLanguage\":\"en-GB\",\"@id\":\"https:\\\/\\\/buletin.de\\\/bucuresti\\\/haos-pe-otopeni-dupa-ce-10-curse-tarom-au-fost-anulate-sindicatul-unit-tarom-mai-urmeaza-si-alte-zboruri\\\/#primaryimage\",\"url\":\"https:\\\/\\\/buletin.de\\\/bucuresti\\\/wp-content\\\/uploads\\\/ID269192_INQUAM_Photos_Ovidiu_Micsik.jpg\",\"contentUrl\":\"https:\\\/\\\/buletin.de\\\/bucuresti\\\/wp-content\\\/uploads\\\/ID269192_INQUAM_Photos_Ovidiu_Micsik.jpg\",\"width\":2000,\"height\":1333,\"caption\":\"Zboruri TAROM suspendate spre Beirut. FOTO: Inquam Photos \\\/ Ovidiu Micsik\"},{\"@type\":\"BreadcrumbList\",\"@id\":\"https:\\\/\\\/buletin.de\\\/bucuresti\\\/haos-pe-otopeni-dupa-ce-10-curse-tarom-au-fost-anulate-sindicatul-unit-tarom-mai-urmeaza-si-alte-zboruri\\\/#breadcrumb\",\"itemListElement\":[{\"@type\":\"ListItem\",\"position\":1,\"name\":\"Acas\u0103\",\"item\":\"https:\\\/\\\/buletin.de\\\/bucuresti\\\/\"},{\"@type\":\"ListItem\",\"position\":2,\"name\":\"Haos pe Otopeni, dup\u0103 ce 10 curse TAROM au fost anulate. Sindicatul Unit TAROM: \u201eMai urmeaz\u0103 \u0219i alte zboruri\u201d\"}]},{\"@type\":\"WebSite\",\"@id\":\"https:\\\/\\\/buletin.de\\\/bucuresti\\\/#website\",\"url\":\"https:\\\/\\\/buletin.de\\\/bucuresti\\\/\",\"name\":\"Buletin de Bucure\u0219ti\",\"description\":\"\u0218tiri \u0219i investiga\u021bii esen\u021biale din capital\u0103\",\"publisher\":{\"@id\":\"https:\\\/\\\/buletin.de\\\/bucuresti\\\/#organization\"},\"potentialAction\":[{\"@type\":\"SearchAction\",\"target\":{\"@type\":\"EntryPoint\",\"urlTemplate\":\"https:\\\/\\\/buletin.de\\\/bucuresti\\\/?s={search_term_string}\"},\"query-input\":{\"@type\":\"PropertyValueSpecification\",\"valueRequired\":true,\"valueName\":\"search_term_string\"}}],\"inLanguage\":\"en-GB\"},{\"@type\":\"Organization\",\"@id\":\"https:\\\/\\\/buletin.de\\\/bucuresti\\\/#organization\",\"name\":\"Buletin de Bucure\u0219ti\",\"url\":\"https:\\\/\\\/buletin.de\\\/bucuresti\\\/\",\"logo\":{\"@type\":\"ImageObject\",\"inLanguage\":\"en-GB\",\"@id\":\"https:\\\/\\\/buletin.de\\\/bucuresti\\\/#\\\/schema\\\/logo\\\/image\\\/\",\"url\":\"https:\\\/\\\/buletin.de\\\/bucuresti\\\/wp-content\\\/uploads\\\/logo-bdb-full-wide-vernil-transparent.png\",\"contentUrl\":\"https:\\\/\\\/buletin.de\\\/bucuresti\\\/wp-content\\\/uploads\\\/logo-bdb-full-wide-vernil-transparent.png\",\"width\":1782,\"height\":626,\"caption\":\"Buletin de Bucure\u0219ti\"},\"image\":{\"@id\":\"https:\\\/\\\/buletin.de\\\/bucuresti\\\/#\\\/schema\\\/logo\\\/image\\\/\"},\"sameAs\":[\"https:\\\/\\\/www.facebook.com\\\/buletin.de.buc\",\"https:\\\/\\\/www.instagram.com\\\/buletinde.bucuresti\\\/\"]},{\"@type\":\"Person\",\"@id\":\"https:\\\/\\\/buletin.de\\\/bucuresti\\\/#\\\/schema\\\/person\\\/150590659efde715459d159da012f501\",\"name\":\"Andreea Tudor\",\"image\":{\"@type\":\"ImageObject\",\"inLanguage\":\"en-GB\",\"@id\":\"https:\\\/\\\/secure.gravatar.com\\\/avatar\\\/a88705a186ab0b67f3349bcbced506c09e37256fbaad0e7f3bd1a79b4599f589?s=96&d=monsterid&r=g79290610aa1a65c2b86eebc2ca5aee8f\",\"url\":\"https:\\\/\\\/secure.gravatar.com\\\/avatar\\\/a88705a186ab0b67f3349bcbced506c09e37256fbaad0e7f3bd1a79b4599f589?s=96&d=monsterid&r=g\",\"contentUrl\":\"https:\\\/\\\/secure.gravatar.com\\\/avatar\\\/a88705a186ab0b67f3349bcbced506c09e37256fbaad0e7f3bd1a79b4599f589?s=96&d=monsterid&r=g\",\"caption\":\"Andreea Tudor\"},\"description\":\"N\u0103scut\u0103 \u0219i crescut\u0103 \u00een Bucure\u0219ti, sus\u021bin\u0103toare a presei independente. A\u0219a am ajuns redactor la Buletin de Bucure\u0219ti. Fiind eu, \u00eens\u0103mi, parte a sistemului de \u00eenv\u0103\u021b\u0103m\u00e2nt rom\u00e2nesc \u0219i pasionat\u0103 de domeniul social, pun sub lup\u0103 tot ceea ce se \u00eent\u00e2mpl\u0103 \u00een sfera educa\u021biei. Cred cu t\u0103rie c\u0103 presa \u201epentru cet\u0103\u021beni\u201d este presa independent\u0103. Oamenii au nevoie de o informare corect\u0103 pentru a \u00een\u021belege pe deplin ce se \u00eent\u00e2mpl\u0103 \u00een jurul lor \u0219i pentru a lua ac\u021biune \u00eempotriva nedrept\u0103\u021bilor.\",\"url\":\"https:\\\/\\\/buletin.de\\\/bucuresti\\\/author\\\/andreeatudor\\\/\"}]}<\/script>\n<!-- \/ Yoast SEO Premium plugin. -->","yoast_head_json":{"title":"Haos pe Otopeni, dup\u0103 ce 10 curse TAROM au fost anulate. Sindicatul Unit TAROM: \u201eMai urmeaz\u0103 \u0219i alte zboruri\u201d - Buletin de Bucure\u0219ti","robots":{"index":"index","follow":"follow","max-snippet":"max-snippet:-1","max-image-preview":"max-image-preview:large","max-video-preview":"max-video-preview:-1"},"canonical":"https:\/\/buletin.de\/bucuresti\/haos-pe-otopeni-dupa-ce-10-curse-tarom-au-fost-anulate-sindicatul-unit-tarom-mai-urmeaza-si-alte-zboruri\/","og_locale":"en_GB","og_type":"article","og_title":"Haos pe Otopeni, dup\u0103 ce 10 curse TAROM au fost anulate. Sindicatul Unit TAROM: \u201eMai urmeaz\u0103 \u0219i alte zboruri\u201d","og_description":"Update 5: TAROM anun\u021b\u0103 c\u0103 toate cursele programate \u00een aceast\u0103 diminea\u021b\u0103, 9 iulie, se desf\u0103\u0219oar\u0103 normal, conform programului de zbor. Compania a \u00eencheiat un acord salarial cu persoanalul navigant. M\u0103surile agreate vor fi negociate \u00een cadrul Contractului Individual de Munc\u0103 cu membrii echipei. Update 4: \u00cenc\u0103 \u0219apte zboruri au fost anulate, anun\u021b\u0103 TAROM. Este vorba [&hellip;]","og_url":"https:\/\/buletin.de\/bucuresti\/haos-pe-otopeni-dupa-ce-10-curse-tarom-au-fost-anulate-sindicatul-unit-tarom-mai-urmeaza-si-alte-zboruri\/","og_site_name":"Buletin de Bucure\u0219ti","article_publisher":"https:\/\/www.facebook.com\/buletin.de.buc","article_published_time":"2024-07-08T08:51:18+00:00","article_modified_time":"2024-07-09T07:42:13+00:00","og_image":[{"width":2000,"height":1333,"url":"https:\/\/buletin.de\/bucuresti\/wp-content\/uploads\/ID269192_INQUAM_Photos_Ovidiu_Micsik.jpg","type":"image\/jpeg"}],"author":"Andreea Tudor","twitter_card":"summary_large_image","twitter_misc":{"Written by":"Andreea Tudor","Estimated reading time":"3 minutes"},"schema":{"@context":"https:\/\/schema.org","@graph":[{"@type":"Article","@id":"https:\/\/buletin.de\/bucuresti\/haos-pe-otopeni-dupa-ce-10-curse-tarom-au-fost-anulate-sindicatul-unit-tarom-mai-urmeaza-si-alte-zboruri\/#article","isPartOf":{"@id":"https:\/\/buletin.de\/bucuresti\/haos-pe-otopeni-dupa-ce-10-curse-tarom-au-fost-anulate-sindicatul-unit-tarom-mai-urmeaza-si-alte-zboruri\/"},"author":{"name":"Andreea Tudor","@id":"https:\/\/buletin.de\/bucuresti\/#\/schema\/person\/150590659efde715459d159da012f501"},"headline":"Haos pe Otopeni, dup\u0103 ce 10 curse TAROM au fost anulate. Sindicatul Unit TAROM: \u201eMai urmeaz\u0103 \u0219i alte zboruri\u201d","datePublished":"2024-07-08T08:51:18+00:00","dateModified":"2024-07-09T07:42:13+00:00","mainEntityOfPage":{"@id":"https:\/\/buletin.de\/bucuresti\/haos-pe-otopeni-dupa-ce-10-curse-tarom-au-fost-anulate-sindicatul-unit-tarom-mai-urmeaza-si-alte-zboruri\/"},"wordCount":975,"publisher":{"@id":"https:\/\/buletin.de\/bucuresti\/#organization"},"image":{"@id":"https:\/\/buletin.de\/bucuresti\/haos-pe-otopeni-dupa-ce-10-curse-tarom-au-fost-anulate-sindicatul-unit-tarom-mai-urmeaza-si-alte-zboruri\/#primaryimage"},"thumbnailUrl":"https:\/\/buletin.de\/bucuresti\/wp-content\/uploads\/ID269192_INQUAM_Photos_Ovidiu_Micsik.jpg","keywords":["aeroportul henri coanda","Aeroportul Otopeni","ajutor de stat","curse anulate","inapt medical","piloti inapti de zbor","Tarom","zboruri anulate"],"articleSection":["Articole","Main","Transport"],"inLanguage":"en-GB","copyrightYear":"2024","copyrightHolder":{"@id":"https:\/\/buletin.de\/bucuresti\/#organization"}},{"@type":"WebPage","@id":"https:\/\/buletin.de\/bucuresti\/haos-pe-otopeni-dupa-ce-10-curse-tarom-au-fost-anulate-sindicatul-unit-tarom-mai-urmeaza-si-alte-zboruri\/","url":"https:\/\/buletin.de\/bucuresti\/haos-pe-otopeni-dupa-ce-10-curse-tarom-au-fost-anulate-sindicatul-unit-tarom-mai-urmeaza-si-alte-zboruri\/","name":"Haos pe Otopeni, dup\u0103 ce 10 curse TAROM au fost anulate. Sindicatul Unit TAROM: \u201eMai urmeaz\u0103 \u0219i alte zboruri\u201d - Buletin de Bucure\u0219ti","isPartOf":{"@id":"https:\/\/buletin.de\/bucuresti\/#website"},"primaryImageOfPage":{"@id":"https:\/\/buletin.de\/bucuresti\/haos-pe-otopeni-dupa-ce-10-curse-tarom-au-fost-anulate-sindicatul-unit-tarom-mai-urmeaza-si-alte-zboruri\/#primaryimage"},"image":{"@id":"https:\/\/buletin.de\/bucuresti\/haos-pe-otopeni-dupa-ce-10-curse-tarom-au-fost-anulate-sindicatul-unit-tarom-mai-urmeaza-si-alte-zboruri\/#primaryimage"},"thumbnailUrl":"https:\/\/buletin.de\/bucuresti\/wp-content\/uploads\/ID269192_INQUAM_Photos_Ovidiu_Micsik.jpg","datePublished":"2024-07-08T08:51:18+00:00","dateModified":"2024-07-09T07:42:13+00:00","breadcrumb":{"@id":"https:\/\/buletin.de\/bucuresti\/haos-pe-otopeni-dupa-ce-10-curse-tarom-au-fost-anulate-sindicatul-unit-tarom-mai-urmeaza-si-alte-zboruri\/#breadcrumb"},"inLanguage":"en-GB","potentialAction":[{"@type":"ReadAction","target":["https:\/\/buletin.de\/bucuresti\/haos-pe-otopeni-dupa-ce-10-curse-tarom-au-fost-anulate-sindicatul-unit-tarom-mai-urmeaza-si-alte-zboruri\/"]}]},{"@type":"ImageObject","inLanguage":"en-GB","@id":"https:\/\/buletin.de\/bucuresti\/haos-pe-otopeni-dupa-ce-10-curse-tarom-au-fost-anulate-sindicatul-unit-tarom-mai-urmeaza-si-alte-zboruri\/#primaryimage","url":"https:\/\/buletin.de\/bucuresti\/wp-content\/uploads\/ID269192_INQUAM_Photos_Ovidiu_Micsik.jpg","contentUrl":"https:\/\/buletin.de\/bucuresti\/wp-content\/uploads\/ID269192_INQUAM_Photos_Ovidiu_Micsik.jpg","width":2000,"height":1333,"caption":"Zboruri TAROM suspendate spre Beirut. FOTO: Inquam Photos \/ Ovidiu Micsik"},{"@type":"BreadcrumbList","@id":"https:\/\/buletin.de\/bucuresti\/haos-pe-otopeni-dupa-ce-10-curse-tarom-au-fost-anulate-sindicatul-unit-tarom-mai-urmeaza-si-alte-zboruri\/#breadcrumb","itemListElement":[{"@type":"ListItem","position":1,"name":"Acas\u0103","item":"https:\/\/buletin.de\/bucuresti\/"},{"@type":"ListItem","position":2,"name":"Haos pe Otopeni, dup\u0103 ce 10 curse TAROM au fost anulate. Sindicatul Unit TAROM: \u201eMai urmeaz\u0103 \u0219i alte zboruri\u201d"}]},{"@type":"WebSite","@id":"https:\/\/buletin.de\/bucuresti\/#website","url":"https:\/\/buletin.de\/bucuresti\/","name":"Buletin de Bucure\u0219ti","description":"\u0218tiri \u0219i investiga\u021bii esen\u021biale din capital\u0103","publisher":{"@id":"https:\/\/buletin.de\/bucuresti\/#organization"},"potentialAction":[{"@type":"SearchAction","target":{"@type":"EntryPoint","urlTemplate":"https:\/\/buletin.de\/bucuresti\/?s={search_term_string}"},"query-input":{"@type":"PropertyValueSpecification","valueRequired":true,"valueName":"search_term_string"}}],"inLanguage":"en-GB"},{"@type":"Organization","@id":"https:\/\/buletin.de\/bucuresti\/#organization","name":"Buletin de Bucure\u0219ti","url":"https:\/\/buletin.de\/bucuresti\/","logo":{"@type":"ImageObject","inLanguage":"en-GB","@id":"https:\/\/buletin.de\/bucuresti\/#\/schema\/logo\/image\/","url":"https:\/\/buletin.de\/bucuresti\/wp-content\/uploads\/logo-bdb-full-wide-vernil-transparent.png","contentUrl":"https:\/\/buletin.de\/bucuresti\/wp-content\/uploads\/logo-bdb-full-wide-vernil-transparent.png","width":1782,"height":626,"caption":"Buletin de Bucure\u0219ti"},"image":{"@id":"https:\/\/buletin.de\/bucuresti\/#\/schema\/logo\/image\/"},"sameAs":["https:\/\/www.facebook.com\/buletin.de.buc","https:\/\/www.instagram.com\/buletinde.bucuresti\/"]},{"@type":"Person","@id":"https:\/\/buletin.de\/bucuresti\/#\/schema\/person\/150590659efde715459d159da012f501","name":"Andreea Tudor","image":{"@type":"ImageObject","inLanguage":"en-GB","@id":"https:\/\/secure.gravatar.com\/avatar\/a88705a186ab0b67f3349bcbced506c09e37256fbaad0e7f3bd1a79b4599f589?s=96&d=monsterid&r=g79290610aa1a65c2b86eebc2ca5aee8f","url":"https:\/\/secure.gravatar.com\/avatar\/a88705a186ab0b67f3349bcbced506c09e37256fbaad0e7f3bd1a79b4599f589?s=96&d=monsterid&r=g","contentUrl":"https:\/\/secure.gravatar.com\/avatar\/a88705a186ab0b67f3349bcbced506c09e37256fbaad0e7f3bd1a79b4599f589?s=96&d=monsterid&r=g","caption":"Andreea Tudor"},"description":"N\u0103scut\u0103 \u0219i crescut\u0103 \u00een Bucure\u0219ti, sus\u021bin\u0103toare a presei independente. A\u0219a am ajuns redactor la Buletin de Bucure\u0219ti. Fiind eu, \u00eens\u0103mi, parte a sistemului de \u00eenv\u0103\u021b\u0103m\u00e2nt rom\u00e2nesc \u0219i pasionat\u0103 de domeniul social, pun sub lup\u0103 tot ceea ce se \u00eent\u00e2mpl\u0103 \u00een sfera educa\u021biei. Cred cu t\u0103rie c\u0103 presa \u201epentru cet\u0103\u021beni\u201d este presa independent\u0103. Oamenii au nevoie de o informare corect\u0103 pentru a \u00een\u021belege pe deplin ce se \u00eent\u00e2mpl\u0103 \u00een jurul lor \u0219i pentru a lua ac\u021biune \u00eempotriva nedrept\u0103\u021bilor.","url":"https:\/\/buletin.de\/bucuresti\/author\/andreeatudor\/"}]}},"authors":[{"term_id":22573,"user_id":55,"is_guest":0,"slug":"andreeatudor","display_name":"Andreea Tudor","avatar_url":"https:\/\/secure.gravatar.com\/avatar\/a88705a186ab0b67f3349bcbced506c09e37256fbaad0e7f3bd1a79b4599f589?s=96&d=monsterid&r=g","0":null,"1":"","2":"","3":"","4":"","5":"","6":"","7":"","8":""}],"_links":{"self":[{"href":"https:\/\/buletin.de\/bucuresti\/wp-json\/wp\/v2\/posts\/90269","targetHints":{"allow":["GET"]}}],"collection":[{"href":"https:\/\/buletin.de\/bucuresti\/wp-json\/wp\/v2\/posts"}],"about":[{"href":"https:\/\/buletin.de\/bucuresti\/wp-json\/wp\/v2\/types\/post"}],"author":[{"embeddable":true,"href":"https:\/\/buletin.de\/bucuresti\/wp-json\/wp\/v2\/users\/55"}],"replies":[{"embeddable":true,"href":"https:\/\/buletin.de\/bucuresti\/wp-json\/wp\/v2\/comments?post=90269"}],"version-history":[{"count":16,"href":"https:\/\/buletin.de\/bucuresti\/wp-json\/wp\/v2\/posts\/90269\/revisions"}],"predecessor-version":[{"id":90427,"href":"https:\/\/buletin.de\/bucuresti\/wp-json\/wp\/v2\/posts\/90269\/revisions\/90427"}],"wp:featuredmedia":[{"embeddable":true,"href":"https:\/\/buletin.de\/bucuresti\/wp-json\/wp\/v2\/media\/90278"}],"wp:attachment":[{"href":"https:\/\/buletin.de\/bucuresti\/wp-json\/wp\/v2\/media?parent=90269"}],"wp:term":[{"taxonomy":"category","embeddable":true,"href":"https:\/\/buletin.de\/bucuresti\/wp-json\/wp\/v2\/categories?post=90269"},{"taxonomy":"post_tag","embeddable":true,"href":"https:\/\/buletin.de\/bucuresti\/wp-json\/wp\/v2\/tags?post=90269"},{"taxonomy":"author","embeddable":true,"href":"https:\/\/buletin.de\/bucuresti\/wp-json\/wp\/v2\/ppma_author?post=90269"}],"curies":[{"name":"wp","href":"https:\/\/api.w.org\/{rel}","templated":true}]}}