{"id":9012,"date":"2020-07-09T13:06:38","date_gmt":"2020-07-09T10:06:38","guid":{"rendered":"https:\/\/buletin.de\/bucuresti\/?p=9012"},"modified":"2020-07-16T14:36:02","modified_gmt":"2020-07-16T11:36:02","slug":"un-nou-record-de-infectari-live-text-coronavirus-bucuresti-9-iulie-2020-ziua-135-614-de-noi-cazuri-din-13-179-testari","status":"publish","type":"post","link":"https:\/\/buletin.de\/bucuresti\/un-nou-record-de-infectari-live-text-coronavirus-bucuresti-9-iulie-2020-ziua-135-614-de-noi-cazuri-din-13-179-testari\/","title":{"rendered":"Un nou record de infect\u0103ri. LIVE TEXT. Coronavirus &#8211; Bucure\u0219ti, 9 iulie 2020, ziua 135. 614 de noi cazuri din 13.179 test\u0103ri"},"content":{"rendered":"\n<p><strong>\u00cen ultimele 24 de ore a fost \u00eenregistrat un nou record de infect\u0103ri cu COVID-19: 614 de noi cazuri de COVID-19 din 13.179 test\u0103ri \u00een Rom\u00e2nia. Num\u0103rul de pacien\u021bi confirma\u021bi cu Covid-19 pe teritoriul Rom\u00e2niei a trecut de 30.000. Exploreaz\u0103 mai jos graficele cu cele mai recente informa\u021bii de ast\u0103zi. G\u0103se\u0219ti&nbsp;<a href=\"https:\/\/buletin.de\/bucuresti\/cv\/\">aici<\/a> toate nout\u0103\u021bile din zilele trecute.<\/strong><\/p>\n\n\n\n<h3 class=\"has-vivid-cyan-blue-color has-text-color has-text-align-center wp-block-heading\"><strong>Iat\u0103 cifrele din spatele epidemiei de Coronavirus \u0219i actualiz\u0103ri zilnice&nbsp;\u2b07\ufe0f<\/strong><\/h3>\n\n\n\n<style>\n\n.full-width {\n  width: 100vw;\n  position: relative;\n  left: 50%;\n  right: 50%;\n  margin-left: -50vw;\n  margin-right: -50vw;\n}\n\n<\/style>\n\n\n\n<p><\/p>\n\n\n\n<div class=\"full-width\">\n<div class=\"infogram-embed\" data-id=\"1f5513cd-9580-4a0a-a9d4-0ba250ebbb4a\" data-type=\"interactive\" data-title=\"Livetext coronavirus MK2 (not ready)\"><\/div><script>!function(e,i,n,s){var t=\"InfogramEmbeds\",d=e.getElementsByTagName(\"script\")[0];if(window[t]&&window[t].initialized)window[t].process&&window[t].process();else if(!e.getElementById(n)){var o=e.createElement(\"script\");o.async=1,o.id=n,o.src=\"https:\/\/e.infogram.com\/js\/dist\/embed-loader-min.js\",d.parentNode.insertBefore(o,d)}}(document,0,\"infogram-async\");<\/script>\n<\/div>\n<style>\nh2 {\nmargin-top: 150px;\nfont-size: 3em;\ntext-align: center;\n}\n<\/style>\n\n\n\n<h3 class=\"wp-block-heading\">Ora 13:00<\/h3>\n\n\n\n<p>614 de noi cazuri de COVID-19 din 13.179 test\u0103ri.<\/p>\n\n\n\n<p>P\u00e2n\u0103 ast\u0103zi, 9 iulie, pe teritoriul Rom\u00e2niei, au fost confirmate 30.789 de cazuri de persoane infectate cu noul coronavirus (COVID \u2013 19). Dintre persoanele confirmate pozitiv, 22.574 au fost externate, dintre care 20.969 de pacien\u021bi vindeca\u021bi \u0219i 1.605 de pacien\u021bi asimptomatici, externa\u021bi la 10 zile dup\u0103 depistare.<\/p>\n\n\n\n<p>P\u00e2n\u0103 ast\u0103zi, 1.834 persoane diagnosticate cu infec\u021bie cu COVID-19 au decedat.<\/p>\n\n\n\n<p>\u00cen intervalul 08.07.2020 (10:00) \u2013 09.07.2020 (10:00) au fost \u00eenregistrate 17 decese (13 b\u0103rba\u021bi \u0219i 4 femei), ale unor pacien\u021bi infecta\u021bi cu noul coronavirus, interna\u021bi \u00een spitalele din Arge\u0219, Bihor, Bistri\u021ba-N\u0103s\u0103ud, Bra\u0219ov, Cluj, D\u00e2mbovi\u021ba, Gala\u021bi, Gorj, Bucure\u0219ti, Tulcea \u0219i Vrancea.<\/p>\n\n\n\n<p>Dintre acestea, 1 deces a fost \u00eentregistrat la categoria de v\u00e2rst\u0103 30-39 ani, 3 decese la categoria de v\u00e2rst\u0103 50-59 ani, 5 decese la categoria de v\u00e2rst\u0103 60-69 ani, 4 decese la categoria de v\u00e2rst\u0103 70-79 ani \u0219i 4 decese la persoane de peste 80 de ani.<\/p>\n\n\n\n<p>16 dintre decese sunt ale unor pacien\u021bi care au prezentat comorbidit\u0103\u021bi. Pentru 1 deces nu au fost raportate comorbidit\u0103\u021bi.<\/p>\n\n\n\n<p>De la ultima informare transmis\u0103 de Grupul de Comunicare Strategic\u0103, au fost \u00eenregistrate alte 614 noi cazuri de \u00eemboln\u0103vire.<br><\/p>\n","protected":false},"excerpt":{"rendered":"<p>\u00cen ultimele 24 de ore a fost \u00eenregistrat un nou record de infect\u0103ri cu COVID-19: 614 de noi cazuri de COVID-19 din 13.179 test\u0103ri \u00een Rom\u00e2nia. Num\u0103rul de pacien\u021bi confirma\u021bi cu Covid-19 pe teritoriul Rom\u00e2niei a trecut de 30.000. Exploreaz\u0103 mai jos graficele cu cele mai recente informa\u021bii de ast\u0103zi. G\u0103se\u0219ti&nbsp;aici toate nout\u0103\u021bile din zilele [&hellip;]<\/p>\n","protected":false},"author":15,"featured_media":9024,"comment_status":"closed","ping_status":"open","sticky":false,"template":"","format":"standard","meta":{"_acf_changed":false,"inline_featured_image":false,"ngg_post_thumbnail":0,"footnotes":""},"categories":[996],"tags":[529,677],"ppma_author":[22592],"class_list":["post-9012","post","type-post","status-publish","format-standard","has-post-thumbnail","hentry","category-covid-19","tag-coronavirus","tag-livetext"],"acf":[],"yoast_head":"<!-- This site is optimized with the Yoast SEO Premium plugin v25.3 (Yoast SEO v27.4) - https:\/\/yoast.com\/product\/yoast-seo-premium-wordpress\/ -->\n<title>Un nou record de infect\u0103ri. LIVE TEXT. Coronavirus - Bucure\u0219ti, 9 iulie 2020, ziua 135. 614 de noi cazuri din 13.179 test\u0103ri - Buletin de Bucure\u0219ti<\/title>\n<meta name=\"robots\" content=\"index, follow, max-snippet:-1, max-image-preview:large, max-video-preview:-1\" \/>\n<link rel=\"canonical\" href=\"https:\/\/buletin.de\/bucuresti\/un-nou-record-de-infectari-live-text-coronavirus-bucuresti-9-iulie-2020-ziua-135-614-de-noi-cazuri-din-13-179-testari\/\" \/>\n<meta property=\"og:locale\" content=\"en_GB\" \/>\n<meta property=\"og:type\" content=\"article\" \/>\n<meta property=\"og:title\" content=\"Un nou record de infect\u0103ri. LIVE TEXT. Coronavirus - Bucure\u0219ti, 9 iulie 2020, ziua 135. 614 de noi cazuri din 13.179 test\u0103ri\" \/>\n<meta property=\"og:description\" content=\"\u00cen ultimele 24 de ore a fost \u00eenregistrat un nou record de infect\u0103ri cu COVID-19: 614 de noi cazuri de COVID-19 din 13.179 test\u0103ri \u00een Rom\u00e2nia. Num\u0103rul de pacien\u021bi confirma\u021bi cu Covid-19 pe teritoriul Rom\u00e2niei a trecut de 30.000. Exploreaz\u0103 mai jos graficele cu cele mai recente informa\u021bii de ast\u0103zi. G\u0103se\u0219ti&nbsp;aici toate nout\u0103\u021bile din zilele [&hellip;]\" \/>\n<meta property=\"og:url\" content=\"https:\/\/buletin.de\/bucuresti\/un-nou-record-de-infectari-live-text-coronavirus-bucuresti-9-iulie-2020-ziua-135-614-de-noi-cazuri-din-13-179-testari\/\" \/>\n<meta property=\"og:site_name\" content=\"Buletin de Bucure\u0219ti\" \/>\n<meta property=\"article:publisher\" content=\"https:\/\/www.facebook.com\/buletin.de.buc\" \/>\n<meta property=\"article:published_time\" content=\"2020-07-09T10:06:38+00:00\" \/>\n<meta property=\"article:modified_time\" content=\"2020-07-16T11:36:02+00:00\" \/>\n<meta property=\"og:image\" content=\"https:\/\/buletin.de\/bucuresti\/wp-content\/uploads\/screenshot_2020-07-09_at_12.55.19.png\" \/>\n\t<meta property=\"og:image:width\" content=\"1504\" \/>\n\t<meta property=\"og:image:height\" content=\"663\" \/>\n\t<meta property=\"og:image:type\" content=\"image\/png\" \/>\n<meta name=\"author\" content=\"Irina Anghel\" \/>\n<meta name=\"twitter:card\" content=\"summary_large_image\" \/>\n<meta name=\"twitter:label1\" content=\"Written by\" \/>\n\t<meta name=\"twitter:data1\" content=\"Irina Anghel\" \/>\n\t<meta name=\"twitter:label2\" content=\"Estimated reading time\" \/>\n\t<meta name=\"twitter:data2\" content=\"1 minute\" \/>\n<script type=\"application\/ld+json\" class=\"yoast-schema-graph\">{\"@context\":\"https:\\\/\\\/schema.org\",\"@graph\":[{\"@type\":\"Article\",\"@id\":\"https:\\\/\\\/buletin.de\\\/bucuresti\\\/un-nou-record-de-infectari-live-text-coronavirus-bucuresti-9-iulie-2020-ziua-135-614-de-noi-cazuri-din-13-179-testari\\\/#article\",\"isPartOf\":{\"@id\":\"https:\\\/\\\/buletin.de\\\/bucuresti\\\/un-nou-record-de-infectari-live-text-coronavirus-bucuresti-9-iulie-2020-ziua-135-614-de-noi-cazuri-din-13-179-testari\\\/\"},\"author\":{\"name\":\"Irina Anghel\",\"@id\":\"https:\\\/\\\/buletin.de\\\/bucuresti\\\/#\\\/schema\\\/person\\\/7a01591ad05c4d2c7261fe7f0383d2af\"},\"headline\":\"Un nou record de infect\u0103ri. LIVE TEXT. Coronavirus &#8211; Bucure\u0219ti, 9 iulie 2020, ziua 135. 614 de noi cazuri din 13.179 test\u0103ri\",\"datePublished\":\"2020-07-09T10:06:38+00:00\",\"dateModified\":\"2020-07-16T11:36:02+00:00\",\"mainEntityOfPage\":{\"@id\":\"https:\\\/\\\/buletin.de\\\/bucuresti\\\/un-nou-record-de-infectari-live-text-coronavirus-bucuresti-9-iulie-2020-ziua-135-614-de-noi-cazuri-din-13-179-testari\\\/\"},\"wordCount\":295,\"publisher\":{\"@id\":\"https:\\\/\\\/buletin.de\\\/bucuresti\\\/#organization\"},\"image\":{\"@id\":\"https:\\\/\\\/buletin.de\\\/bucuresti\\\/un-nou-record-de-infectari-live-text-coronavirus-bucuresti-9-iulie-2020-ziua-135-614-de-noi-cazuri-din-13-179-testari\\\/#primaryimage\"},\"thumbnailUrl\":\"https:\\\/\\\/buletin.de\\\/bucuresti\\\/wp-content\\\/uploads\\\/screenshot_2020-07-09_at_12.55.19.png\",\"keywords\":[\"coronavirus\",\"livetext\"],\"articleSection\":[\"Covid-19\"],\"inLanguage\":\"en-GB\",\"copyrightYear\":\"2020\",\"copyrightHolder\":{\"@id\":\"https:\\\/\\\/buletin.de\\\/bucuresti\\\/#organization\"}},{\"@type\":\"WebPage\",\"@id\":\"https:\\\/\\\/buletin.de\\\/bucuresti\\\/un-nou-record-de-infectari-live-text-coronavirus-bucuresti-9-iulie-2020-ziua-135-614-de-noi-cazuri-din-13-179-testari\\\/\",\"url\":\"https:\\\/\\\/buletin.de\\\/bucuresti\\\/un-nou-record-de-infectari-live-text-coronavirus-bucuresti-9-iulie-2020-ziua-135-614-de-noi-cazuri-din-13-179-testari\\\/\",\"name\":\"Un nou record de infect\u0103ri. LIVE TEXT. Coronavirus - Bucure\u0219ti, 9 iulie 2020, ziua 135. 614 de noi cazuri din 13.179 test\u0103ri - Buletin de Bucure\u0219ti\",\"isPartOf\":{\"@id\":\"https:\\\/\\\/buletin.de\\\/bucuresti\\\/#website\"},\"primaryImageOfPage\":{\"@id\":\"https:\\\/\\\/buletin.de\\\/bucuresti\\\/un-nou-record-de-infectari-live-text-coronavirus-bucuresti-9-iulie-2020-ziua-135-614-de-noi-cazuri-din-13-179-testari\\\/#primaryimage\"},\"image\":{\"@id\":\"https:\\\/\\\/buletin.de\\\/bucuresti\\\/un-nou-record-de-infectari-live-text-coronavirus-bucuresti-9-iulie-2020-ziua-135-614-de-noi-cazuri-din-13-179-testari\\\/#primaryimage\"},\"thumbnailUrl\":\"https:\\\/\\\/buletin.de\\\/bucuresti\\\/wp-content\\\/uploads\\\/screenshot_2020-07-09_at_12.55.19.png\",\"datePublished\":\"2020-07-09T10:06:38+00:00\",\"dateModified\":\"2020-07-16T11:36:02+00:00\",\"breadcrumb\":{\"@id\":\"https:\\\/\\\/buletin.de\\\/bucuresti\\\/un-nou-record-de-infectari-live-text-coronavirus-bucuresti-9-iulie-2020-ziua-135-614-de-noi-cazuri-din-13-179-testari\\\/#breadcrumb\"},\"inLanguage\":\"en-GB\",\"potentialAction\":[{\"@type\":\"ReadAction\",\"target\":[\"https:\\\/\\\/buletin.de\\\/bucuresti\\\/un-nou-record-de-infectari-live-text-coronavirus-bucuresti-9-iulie-2020-ziua-135-614-de-noi-cazuri-din-13-179-testari\\\/\"]}]},{\"@type\":\"ImageObject\",\"inLanguage\":\"en-GB\",\"@id\":\"https:\\\/\\\/buletin.de\\\/bucuresti\\\/un-nou-record-de-infectari-live-text-coronavirus-bucuresti-9-iulie-2020-ziua-135-614-de-noi-cazuri-din-13-179-testari\\\/#primaryimage\",\"url\":\"https:\\\/\\\/buletin.de\\\/bucuresti\\\/wp-content\\\/uploads\\\/screenshot_2020-07-09_at_12.55.19.png\",\"contentUrl\":\"https:\\\/\\\/buletin.de\\\/bucuresti\\\/wp-content\\\/uploads\\\/screenshot_2020-07-09_at_12.55.19.png\",\"width\":1504,\"height\":663},{\"@type\":\"BreadcrumbList\",\"@id\":\"https:\\\/\\\/buletin.de\\\/bucuresti\\\/un-nou-record-de-infectari-live-text-coronavirus-bucuresti-9-iulie-2020-ziua-135-614-de-noi-cazuri-din-13-179-testari\\\/#breadcrumb\",\"itemListElement\":[{\"@type\":\"ListItem\",\"position\":1,\"name\":\"Acas\u0103\",\"item\":\"https:\\\/\\\/buletin.de\\\/bucuresti\\\/\"},{\"@type\":\"ListItem\",\"position\":2,\"name\":\"Un nou record de infect\u0103ri. LIVE TEXT. Coronavirus &#8211; Bucure\u0219ti, 9 iulie 2020, ziua 135. 614 de noi cazuri din 13.179 test\u0103ri\"}]},{\"@type\":\"WebSite\",\"@id\":\"https:\\\/\\\/buletin.de\\\/bucuresti\\\/#website\",\"url\":\"https:\\\/\\\/buletin.de\\\/bucuresti\\\/\",\"name\":\"Buletin de Bucure\u0219ti\",\"description\":\"\u0218tiri \u0219i investiga\u021bii esen\u021biale din capital\u0103\",\"publisher\":{\"@id\":\"https:\\\/\\\/buletin.de\\\/bucuresti\\\/#organization\"},\"potentialAction\":[{\"@type\":\"SearchAction\",\"target\":{\"@type\":\"EntryPoint\",\"urlTemplate\":\"https:\\\/\\\/buletin.de\\\/bucuresti\\\/?s={search_term_string}\"},\"query-input\":{\"@type\":\"PropertyValueSpecification\",\"valueRequired\":true,\"valueName\":\"search_term_string\"}}],\"inLanguage\":\"en-GB\"},{\"@type\":\"Organization\",\"@id\":\"https:\\\/\\\/buletin.de\\\/bucuresti\\\/#organization\",\"name\":\"Buletin de Bucure\u0219ti\",\"url\":\"https:\\\/\\\/buletin.de\\\/bucuresti\\\/\",\"logo\":{\"@type\":\"ImageObject\",\"inLanguage\":\"en-GB\",\"@id\":\"https:\\\/\\\/buletin.de\\\/bucuresti\\\/#\\\/schema\\\/logo\\\/image\\\/\",\"url\":\"https:\\\/\\\/buletin.de\\\/bucuresti\\\/wp-content\\\/uploads\\\/logo-bdb-full-wide-vernil-transparent.png\",\"contentUrl\":\"https:\\\/\\\/buletin.de\\\/bucuresti\\\/wp-content\\\/uploads\\\/logo-bdb-full-wide-vernil-transparent.png\",\"width\":1782,\"height\":626,\"caption\":\"Buletin de Bucure\u0219ti\"},\"image\":{\"@id\":\"https:\\\/\\\/buletin.de\\\/bucuresti\\\/#\\\/schema\\\/logo\\\/image\\\/\"},\"sameAs\":[\"https:\\\/\\\/www.facebook.com\\\/buletin.de.buc\",\"https:\\\/\\\/www.instagram.com\\\/buletinde.bucuresti\\\/\"]},{\"@type\":\"Person\",\"@id\":\"https:\\\/\\\/buletin.de\\\/bucuresti\\\/#\\\/schema\\\/person\\\/7a01591ad05c4d2c7261fe7f0383d2af\",\"name\":\"Irina Anghel\",\"image\":{\"@type\":\"ImageObject\",\"inLanguage\":\"en-GB\",\"@id\":\"https:\\\/\\\/secure.gravatar.com\\\/avatar\\\/e7d429cbd0c7fe915f817961c0ffb96b407bc87e15aa35cee85f77146f8cce7e?s=96&d=monsterid&r=g693374df2a66e3f4935d210ea15b95ff\",\"url\":\"https:\\\/\\\/secure.gravatar.com\\\/avatar\\\/e7d429cbd0c7fe915f817961c0ffb96b407bc87e15aa35cee85f77146f8cce7e?s=96&d=monsterid&r=g\",\"contentUrl\":\"https:\\\/\\\/secure.gravatar.com\\\/avatar\\\/e7d429cbd0c7fe915f817961c0ffb96b407bc87e15aa35cee85f77146f8cce7e?s=96&d=monsterid&r=g\",\"caption\":\"Irina Anghel\"},\"url\":\"https:\\\/\\\/buletin.de\\\/bucuresti\\\/author\\\/irina\\\/\"}]}<\/script>\n<!-- \/ Yoast SEO Premium plugin. -->","yoast_head_json":{"title":"Un nou record de infect\u0103ri. LIVE TEXT. Coronavirus - Bucure\u0219ti, 9 iulie 2020, ziua 135. 614 de noi cazuri din 13.179 test\u0103ri - Buletin de Bucure\u0219ti","robots":{"index":"index","follow":"follow","max-snippet":"max-snippet:-1","max-image-preview":"max-image-preview:large","max-video-preview":"max-video-preview:-1"},"canonical":"https:\/\/buletin.de\/bucuresti\/un-nou-record-de-infectari-live-text-coronavirus-bucuresti-9-iulie-2020-ziua-135-614-de-noi-cazuri-din-13-179-testari\/","og_locale":"en_GB","og_type":"article","og_title":"Un nou record de infect\u0103ri. LIVE TEXT. Coronavirus - Bucure\u0219ti, 9 iulie 2020, ziua 135. 614 de noi cazuri din 13.179 test\u0103ri","og_description":"\u00cen ultimele 24 de ore a fost \u00eenregistrat un nou record de infect\u0103ri cu COVID-19: 614 de noi cazuri de COVID-19 din 13.179 test\u0103ri \u00een Rom\u00e2nia. Num\u0103rul de pacien\u021bi confirma\u021bi cu Covid-19 pe teritoriul Rom\u00e2niei a trecut de 30.000. Exploreaz\u0103 mai jos graficele cu cele mai recente informa\u021bii de ast\u0103zi. G\u0103se\u0219ti&nbsp;aici toate nout\u0103\u021bile din zilele [&hellip;]","og_url":"https:\/\/buletin.de\/bucuresti\/un-nou-record-de-infectari-live-text-coronavirus-bucuresti-9-iulie-2020-ziua-135-614-de-noi-cazuri-din-13-179-testari\/","og_site_name":"Buletin de Bucure\u0219ti","article_publisher":"https:\/\/www.facebook.com\/buletin.de.buc","article_published_time":"2020-07-09T10:06:38+00:00","article_modified_time":"2020-07-16T11:36:02+00:00","og_image":[{"width":1504,"height":663,"url":"https:\/\/buletin.de\/bucuresti\/wp-content\/uploads\/screenshot_2020-07-09_at_12.55.19.png","type":"image\/png"}],"author":"Irina Anghel","twitter_card":"summary_large_image","twitter_misc":{"Written by":"Irina Anghel","Estimated reading time":"1 minute"},"schema":{"@context":"https:\/\/schema.org","@graph":[{"@type":"Article","@id":"https:\/\/buletin.de\/bucuresti\/un-nou-record-de-infectari-live-text-coronavirus-bucuresti-9-iulie-2020-ziua-135-614-de-noi-cazuri-din-13-179-testari\/#article","isPartOf":{"@id":"https:\/\/buletin.de\/bucuresti\/un-nou-record-de-infectari-live-text-coronavirus-bucuresti-9-iulie-2020-ziua-135-614-de-noi-cazuri-din-13-179-testari\/"},"author":{"name":"Irina Anghel","@id":"https:\/\/buletin.de\/bucuresti\/#\/schema\/person\/7a01591ad05c4d2c7261fe7f0383d2af"},"headline":"Un nou record de infect\u0103ri. LIVE TEXT. Coronavirus &#8211; Bucure\u0219ti, 9 iulie 2020, ziua 135. 614 de noi cazuri din 13.179 test\u0103ri","datePublished":"2020-07-09T10:06:38+00:00","dateModified":"2020-07-16T11:36:02+00:00","mainEntityOfPage":{"@id":"https:\/\/buletin.de\/bucuresti\/un-nou-record-de-infectari-live-text-coronavirus-bucuresti-9-iulie-2020-ziua-135-614-de-noi-cazuri-din-13-179-testari\/"},"wordCount":295,"publisher":{"@id":"https:\/\/buletin.de\/bucuresti\/#organization"},"image":{"@id":"https:\/\/buletin.de\/bucuresti\/un-nou-record-de-infectari-live-text-coronavirus-bucuresti-9-iulie-2020-ziua-135-614-de-noi-cazuri-din-13-179-testari\/#primaryimage"},"thumbnailUrl":"https:\/\/buletin.de\/bucuresti\/wp-content\/uploads\/screenshot_2020-07-09_at_12.55.19.png","keywords":["coronavirus","livetext"],"articleSection":["Covid-19"],"inLanguage":"en-GB","copyrightYear":"2020","copyrightHolder":{"@id":"https:\/\/buletin.de\/bucuresti\/#organization"}},{"@type":"WebPage","@id":"https:\/\/buletin.de\/bucuresti\/un-nou-record-de-infectari-live-text-coronavirus-bucuresti-9-iulie-2020-ziua-135-614-de-noi-cazuri-din-13-179-testari\/","url":"https:\/\/buletin.de\/bucuresti\/un-nou-record-de-infectari-live-text-coronavirus-bucuresti-9-iulie-2020-ziua-135-614-de-noi-cazuri-din-13-179-testari\/","name":"Un nou record de infect\u0103ri. LIVE TEXT. Coronavirus - Bucure\u0219ti, 9 iulie 2020, ziua 135. 614 de noi cazuri din 13.179 test\u0103ri - Buletin de Bucure\u0219ti","isPartOf":{"@id":"https:\/\/buletin.de\/bucuresti\/#website"},"primaryImageOfPage":{"@id":"https:\/\/buletin.de\/bucuresti\/un-nou-record-de-infectari-live-text-coronavirus-bucuresti-9-iulie-2020-ziua-135-614-de-noi-cazuri-din-13-179-testari\/#primaryimage"},"image":{"@id":"https:\/\/buletin.de\/bucuresti\/un-nou-record-de-infectari-live-text-coronavirus-bucuresti-9-iulie-2020-ziua-135-614-de-noi-cazuri-din-13-179-testari\/#primaryimage"},"thumbnailUrl":"https:\/\/buletin.de\/bucuresti\/wp-content\/uploads\/screenshot_2020-07-09_at_12.55.19.png","datePublished":"2020-07-09T10:06:38+00:00","dateModified":"2020-07-16T11:36:02+00:00","breadcrumb":{"@id":"https:\/\/buletin.de\/bucuresti\/un-nou-record-de-infectari-live-text-coronavirus-bucuresti-9-iulie-2020-ziua-135-614-de-noi-cazuri-din-13-179-testari\/#breadcrumb"},"inLanguage":"en-GB","potentialAction":[{"@type":"ReadAction","target":["https:\/\/buletin.de\/bucuresti\/un-nou-record-de-infectari-live-text-coronavirus-bucuresti-9-iulie-2020-ziua-135-614-de-noi-cazuri-din-13-179-testari\/"]}]},{"@type":"ImageObject","inLanguage":"en-GB","@id":"https:\/\/buletin.de\/bucuresti\/un-nou-record-de-infectari-live-text-coronavirus-bucuresti-9-iulie-2020-ziua-135-614-de-noi-cazuri-din-13-179-testari\/#primaryimage","url":"https:\/\/buletin.de\/bucuresti\/wp-content\/uploads\/screenshot_2020-07-09_at_12.55.19.png","contentUrl":"https:\/\/buletin.de\/bucuresti\/wp-content\/uploads\/screenshot_2020-07-09_at_12.55.19.png","width":1504,"height":663},{"@type":"BreadcrumbList","@id":"https:\/\/buletin.de\/bucuresti\/un-nou-record-de-infectari-live-text-coronavirus-bucuresti-9-iulie-2020-ziua-135-614-de-noi-cazuri-din-13-179-testari\/#breadcrumb","itemListElement":[{"@type":"ListItem","position":1,"name":"Acas\u0103","item":"https:\/\/buletin.de\/bucuresti\/"},{"@type":"ListItem","position":2,"name":"Un nou record de infect\u0103ri. LIVE TEXT. Coronavirus &#8211; Bucure\u0219ti, 9 iulie 2020, ziua 135. 614 de noi cazuri din 13.179 test\u0103ri"}]},{"@type":"WebSite","@id":"https:\/\/buletin.de\/bucuresti\/#website","url":"https:\/\/buletin.de\/bucuresti\/","name":"Buletin de Bucure\u0219ti","description":"\u0218tiri \u0219i investiga\u021bii esen\u021biale din capital\u0103","publisher":{"@id":"https:\/\/buletin.de\/bucuresti\/#organization"},"potentialAction":[{"@type":"SearchAction","target":{"@type":"EntryPoint","urlTemplate":"https:\/\/buletin.de\/bucuresti\/?s={search_term_string}"},"query-input":{"@type":"PropertyValueSpecification","valueRequired":true,"valueName":"search_term_string"}}],"inLanguage":"en-GB"},{"@type":"Organization","@id":"https:\/\/buletin.de\/bucuresti\/#organization","name":"Buletin de Bucure\u0219ti","url":"https:\/\/buletin.de\/bucuresti\/","logo":{"@type":"ImageObject","inLanguage":"en-GB","@id":"https:\/\/buletin.de\/bucuresti\/#\/schema\/logo\/image\/","url":"https:\/\/buletin.de\/bucuresti\/wp-content\/uploads\/logo-bdb-full-wide-vernil-transparent.png","contentUrl":"https:\/\/buletin.de\/bucuresti\/wp-content\/uploads\/logo-bdb-full-wide-vernil-transparent.png","width":1782,"height":626,"caption":"Buletin de Bucure\u0219ti"},"image":{"@id":"https:\/\/buletin.de\/bucuresti\/#\/schema\/logo\/image\/"},"sameAs":["https:\/\/www.facebook.com\/buletin.de.buc","https:\/\/www.instagram.com\/buletinde.bucuresti\/"]},{"@type":"Person","@id":"https:\/\/buletin.de\/bucuresti\/#\/schema\/person\/7a01591ad05c4d2c7261fe7f0383d2af","name":"Irina Anghel","image":{"@type":"ImageObject","inLanguage":"en-GB","@id":"https:\/\/secure.gravatar.com\/avatar\/e7d429cbd0c7fe915f817961c0ffb96b407bc87e15aa35cee85f77146f8cce7e?s=96&d=monsterid&r=g693374df2a66e3f4935d210ea15b95ff","url":"https:\/\/secure.gravatar.com\/avatar\/e7d429cbd0c7fe915f817961c0ffb96b407bc87e15aa35cee85f77146f8cce7e?s=96&d=monsterid&r=g","contentUrl":"https:\/\/secure.gravatar.com\/avatar\/e7d429cbd0c7fe915f817961c0ffb96b407bc87e15aa35cee85f77146f8cce7e?s=96&d=monsterid&r=g","caption":"Irina Anghel"},"url":"https:\/\/buletin.de\/bucuresti\/author\/irina\/"}]}},"authors":[{"term_id":22592,"user_id":15,"is_guest":0,"slug":"irina","display_name":"Irina Anghel","avatar_url":"https:\/\/secure.gravatar.com\/avatar\/e7d429cbd0c7fe915f817961c0ffb96b407bc87e15aa35cee85f77146f8cce7e?s=96&d=monsterid&r=g","0":null,"1":"","2":"","3":"","4":"","5":"","6":"","7":"","8":""}],"_links":{"self":[{"href":"https:\/\/buletin.de\/bucuresti\/wp-json\/wp\/v2\/posts\/9012","targetHints":{"allow":["GET"]}}],"collection":[{"href":"https:\/\/buletin.de\/bucuresti\/wp-json\/wp\/v2\/posts"}],"about":[{"href":"https:\/\/buletin.de\/bucuresti\/wp-json\/wp\/v2\/types\/post"}],"author":[{"embeddable":true,"href":"https:\/\/buletin.de\/bucuresti\/wp-json\/wp\/v2\/users\/15"}],"replies":[{"embeddable":true,"href":"https:\/\/buletin.de\/bucuresti\/wp-json\/wp\/v2\/comments?post=9012"}],"version-history":[{"count":15,"href":"https:\/\/buletin.de\/bucuresti\/wp-json\/wp\/v2\/posts\/9012\/revisions"}],"predecessor-version":[{"id":9030,"href":"https:\/\/buletin.de\/bucuresti\/wp-json\/wp\/v2\/posts\/9012\/revisions\/9030"}],"wp:featuredmedia":[{"embeddable":true,"href":"https:\/\/buletin.de\/bucuresti\/wp-json\/wp\/v2\/media\/9024"}],"wp:attachment":[{"href":"https:\/\/buletin.de\/bucuresti\/wp-json\/wp\/v2\/media?parent=9012"}],"wp:term":[{"taxonomy":"category","embeddable":true,"href":"https:\/\/buletin.de\/bucuresti\/wp-json\/wp\/v2\/categories?post=9012"},{"taxonomy":"post_tag","embeddable":true,"href":"https:\/\/buletin.de\/bucuresti\/wp-json\/wp\/v2\/tags?post=9012"},{"taxonomy":"author","embeddable":true,"href":"https:\/\/buletin.de\/bucuresti\/wp-json\/wp\/v2\/ppma_author?post=9012"}],"curies":[{"name":"wp","href":"https:\/\/api.w.org\/{rel}","templated":true}]}}