{"id":9009,"date":"2020-07-08T17:47:15","date_gmt":"2020-07-08T15:47:15","guid":{"rendered":"https:\/\/buletin.de\/bucuresti\/?p=9009"},"modified":"2023-09-19T15:29:48","modified_gmt":"2023-09-19T13:29:48","slug":"site-ul-lui-bogdan-chirieac-bani-de-la-daniel-florea-in-buza-campaniei-electorale","status":"publish","type":"post","link":"https:\/\/buletin.de\/bucuresti\/site-ul-lui-bogdan-chirieac-bani-de-la-daniel-florea-in-buza-campaniei-electorale\/","title":{"rendered":"Site-ul lui Bogdan Chirieac, bani de la Daniel Florea \u00een buza campaniei electorale"},"content":{"rendered":"\n<p> <strong>15.004,03 EURO a primit, pe 7 iulie, publica\u021bia DCNews de la Prim\u0103ria Sectorului 5, condus\u0103 de Daniel Florea (PSD), pentru promovare, arat\u0103 <a href=\"\/rpp.252039355272540\/904191713390631\/?type=3&amp;theater)\">Banii No\u0219tri.<\/a>\u00a0<\/strong><\/p>\n\n\n\n<p>\u201ePACHET PARTENER\u201d, a\u0219a cum este denumit\u0103 achizi\u021bia pe site-ul <a href=\"https:\/\/www.e-licitatie.ro\/\">https:\/\/www.e-licitatie.ro\/<\/a>, stipuleaz\u0103 ce trebuie s\u0103 fac\u0103 firma DCNews Media Group, condus\u0103 de Bogdan Chirieac, pentru a primi 72.567,00 RON: de la prezentare de materiale \u00een online, p\u00e2n\u0103 la roll-up-uri pentru eveniment, CD de prezentare, sau articole de pres\u0103 ce vor fi publicate pe platformele grupului, toate apar \u00een rubrica destinat\u0103 descrierii pachetului. (<\/p>\n\n\n\n<p>Nimic nu a fost, totu\u0219i, stabilit la \u00eent\u00e2mplare. O analiz\u0103 a achizi\u021biei arat\u0103 faptul c\u0103 nu a existat un anun\u021b de participare pe platforma SEAP, \u00een urma c\u0103ruia mai mul\u021bi operatori economici ar fi putut veni cu oferte, poate chiar mai mici de 15 mii de euro, ci doar o achizi\u021bie direct\u0103 DCNews a fost, aparent, lozul dorit, nu neap\u0103rat c\u00e2\u0219tig\u0103tor, dac\u0103 privim suma. Totodat\u0103, nu exist\u0103 un caiet de sarcini \u0219i nici un \u201eDOCUMENT ANEXAT\u201d, a\u0219a cum este descris pachetul, ci doar o descriere pompoas\u0103 a kitului de promovare, introdus\u0103 direct pe site.&nbsp;<br><\/p>\n\n\n\n<p>\u00cen ultima lun\u0103, DCNews a publicat 18 articole despre Daniel Florea, favorabile pentru acesta, fie c\u0103 vorbim despre declara\u021bii ale primarului sau despre noi proiecte, pe care acesta le are \u00een plan, precum noile locuri de parcare din Sectorul 5. Materialele sunt pe site-ul trustului de pres\u0103 \u0219i au fost distribuite pe re\u021belele de socializare \u0219i sunt \u00eenso\u021bite de materiale video, interviuri cu primarul, care sus\u021bin \u0219tirile \u00een cauz\u0103 \u0219i fac subiectul mult mai dinamic, mai atr\u0103g\u0103tor.&nbsp;<br><\/p>\n\n\n\n<p>Nu este <a href=\"http:\/\/(https:\/\/buletin.de\/bucuresti\/firma-lui-bogdan-chiriac-dc-news-media-group-contract-de-25-milioane-de-lei-pentru-organizarea-de-evenimente-in-plina-pandemie\/)\">prima dat\u0103 <\/a>c\u00e2nd o prim\u0103rie ofer\u0103 o sum\u0103 considerabil\u0103 de bani pentru promovare. Firma lui Bogdan Chirieac a primit bani, \u00een plin\u0103 pandemie, de data aceasta din partea Prim\u0103riei Sectorului 4, condus\u0103 de Daniel B\u0103lu\u021b\u0103. Contractul \u00een valoare de 2.5 milioane de euro pentru organizarea de evenimente a fost atribuit de Prim\u0103rie \u00een parteneriat cu Direc\u021bia General\u0103 de Impozite \u0219i Taxe Locale Sector 4 la data de 1 aprilie, anul curent. <\/p>\n\n\n\n<p><\/p>\n\n\n\n<p>Reporter: Alexandra Paraschiv<br><\/p>\n","protected":false},"excerpt":{"rendered":"<p>15.004,03 EURO a primit, pe 7 iulie, publica\u021bia DCNews de la Prim\u0103ria Sectorului 5, condus\u0103 de Daniel Florea (PSD), pentru promovare, arat\u0103 Banii No\u0219tri.\u00a0 \u201ePACHET PARTENER\u201d, a\u0219a cum este denumit\u0103 achizi\u021bia pe site-ul https:\/\/www.e-licitatie.ro\/, stipuleaz\u0103 ce trebuie s\u0103 fac\u0103 firma DCNews Media Group, condus\u0103 de Bogdan Chirieac, pentru a primi 72.567,00 RON: de la prezentare [&hellip;]<\/p>\n","protected":false},"author":2,"featured_media":7704,"comment_status":"closed","ping_status":"open","sticky":false,"template":"","format":"standard","meta":{"_acf_changed":false,"inline_featured_image":false,"ngg_post_thumbnail":0,"footnotes":""},"categories":[1113],"tags":[],"ppma_author":[22584],"class_list":["post-9009","post","type-post","status-publish","format-standard","has-post-thumbnail","hentry","category-locale-2020"],"acf":[],"yoast_head":"<!-- This site is optimized with the Yoast SEO Premium plugin v25.3 (Yoast SEO v27.4) - https:\/\/yoast.com\/product\/yoast-seo-premium-wordpress\/ -->\n<title>Site-ul lui Bogdan Chirieac, bani de la Daniel Florea \u00een buza campaniei electorale - Buletin de Bucure\u0219ti<\/title>\n<meta name=\"robots\" content=\"index, follow, max-snippet:-1, max-image-preview:large, max-video-preview:-1\" \/>\n<link rel=\"canonical\" href=\"https:\/\/buletin.de\/bucuresti\/site-ul-lui-bogdan-chirieac-bani-de-la-daniel-florea-in-buza-campaniei-electorale\/\" \/>\n<meta property=\"og:locale\" content=\"en_GB\" \/>\n<meta property=\"og:type\" content=\"article\" \/>\n<meta property=\"og:title\" content=\"Site-ul lui Bogdan Chirieac, bani de la Daniel Florea \u00een buza campaniei electorale\" \/>\n<meta property=\"og:description\" content=\"15.004,03 EURO a primit, pe 7 iulie, publica\u021bia DCNews de la Prim\u0103ria Sectorului 5, condus\u0103 de Daniel Florea (PSD), pentru promovare, arat\u0103 Banii No\u0219tri.\u00a0 \u201ePACHET PARTENER\u201d, a\u0219a cum este denumit\u0103 achizi\u021bia pe site-ul https:\/\/www.e-licitatie.ro\/, stipuleaz\u0103 ce trebuie s\u0103 fac\u0103 firma DCNews Media Group, condus\u0103 de Bogdan Chirieac, pentru a primi 72.567,00 RON: de la prezentare [&hellip;]\" \/>\n<meta property=\"og:url\" content=\"https:\/\/buletin.de\/bucuresti\/site-ul-lui-bogdan-chirieac-bani-de-la-daniel-florea-in-buza-campaniei-electorale\/\" \/>\n<meta property=\"og:site_name\" content=\"Buletin de Bucure\u0219ti\" \/>\n<meta property=\"article:publisher\" content=\"https:\/\/www.facebook.com\/buletin.de.buc\" \/>\n<meta property=\"article:published_time\" content=\"2020-07-08T15:47:15+00:00\" \/>\n<meta property=\"article:modified_time\" content=\"2023-09-19T13:29:48+00:00\" \/>\n<meta property=\"og:image\" content=\"https:\/\/buletin.de\/bucuresti\/wp-content\/uploads\/Screenshot_44-1.png\" \/>\n\t<meta property=\"og:image:width\" content=\"1325\" \/>\n\t<meta property=\"og:image:height\" content=\"649\" \/>\n\t<meta property=\"og:image:type\" content=\"image\/png\" \/>\n<meta name=\"author\" content=\"Oana Despa\" \/>\n<meta name=\"twitter:card\" content=\"summary_large_image\" \/>\n<meta name=\"twitter:label1\" content=\"Written by\" \/>\n\t<meta name=\"twitter:data1\" content=\"Oana Despa\" \/>\n\t<meta name=\"twitter:label2\" content=\"Estimated reading time\" \/>\n\t<meta name=\"twitter:data2\" content=\"2 minutes\" \/>\n<script type=\"application\/ld+json\" class=\"yoast-schema-graph\">{\"@context\":\"https:\\\/\\\/schema.org\",\"@graph\":[{\"@type\":\"Article\",\"@id\":\"https:\\\/\\\/buletin.de\\\/bucuresti\\\/site-ul-lui-bogdan-chirieac-bani-de-la-daniel-florea-in-buza-campaniei-electorale\\\/#article\",\"isPartOf\":{\"@id\":\"https:\\\/\\\/buletin.de\\\/bucuresti\\\/site-ul-lui-bogdan-chirieac-bani-de-la-daniel-florea-in-buza-campaniei-electorale\\\/\"},\"author\":{\"name\":\"Oana Despa\",\"@id\":\"https:\\\/\\\/buletin.de\\\/bucuresti\\\/#\\\/schema\\\/person\\\/f02780e5e00039cf0bc1d929798d0239\"},\"headline\":\"Site-ul lui Bogdan Chirieac, bani de la Daniel Florea \u00een buza campaniei electorale\",\"datePublished\":\"2020-07-08T15:47:15+00:00\",\"dateModified\":\"2023-09-19T13:29:48+00:00\",\"mainEntityOfPage\":{\"@id\":\"https:\\\/\\\/buletin.de\\\/bucuresti\\\/site-ul-lui-bogdan-chirieac-bani-de-la-daniel-florea-in-buza-campaniei-electorale\\\/\"},\"wordCount\":367,\"publisher\":{\"@id\":\"https:\\\/\\\/buletin.de\\\/bucuresti\\\/#organization\"},\"image\":{\"@id\":\"https:\\\/\\\/buletin.de\\\/bucuresti\\\/site-ul-lui-bogdan-chirieac-bani-de-la-daniel-florea-in-buza-campaniei-electorale\\\/#primaryimage\"},\"thumbnailUrl\":\"https:\\\/\\\/buletin.de\\\/bucuresti\\\/wp-content\\\/uploads\\\/Screenshot_44-1.png\",\"articleSection\":[\"Locale 2020\"],\"inLanguage\":\"en-GB\",\"copyrightYear\":\"2020\",\"copyrightHolder\":{\"@id\":\"https:\\\/\\\/buletin.de\\\/bucuresti\\\/#organization\"}},{\"@type\":\"WebPage\",\"@id\":\"https:\\\/\\\/buletin.de\\\/bucuresti\\\/site-ul-lui-bogdan-chirieac-bani-de-la-daniel-florea-in-buza-campaniei-electorale\\\/\",\"url\":\"https:\\\/\\\/buletin.de\\\/bucuresti\\\/site-ul-lui-bogdan-chirieac-bani-de-la-daniel-florea-in-buza-campaniei-electorale\\\/\",\"name\":\"Site-ul lui Bogdan Chirieac, bani de la Daniel Florea \u00een buza campaniei electorale - Buletin de Bucure\u0219ti\",\"isPartOf\":{\"@id\":\"https:\\\/\\\/buletin.de\\\/bucuresti\\\/#website\"},\"primaryImageOfPage\":{\"@id\":\"https:\\\/\\\/buletin.de\\\/bucuresti\\\/site-ul-lui-bogdan-chirieac-bani-de-la-daniel-florea-in-buza-campaniei-electorale\\\/#primaryimage\"},\"image\":{\"@id\":\"https:\\\/\\\/buletin.de\\\/bucuresti\\\/site-ul-lui-bogdan-chirieac-bani-de-la-daniel-florea-in-buza-campaniei-electorale\\\/#primaryimage\"},\"thumbnailUrl\":\"https:\\\/\\\/buletin.de\\\/bucuresti\\\/wp-content\\\/uploads\\\/Screenshot_44-1.png\",\"datePublished\":\"2020-07-08T15:47:15+00:00\",\"dateModified\":\"2023-09-19T13:29:48+00:00\",\"breadcrumb\":{\"@id\":\"https:\\\/\\\/buletin.de\\\/bucuresti\\\/site-ul-lui-bogdan-chirieac-bani-de-la-daniel-florea-in-buza-campaniei-electorale\\\/#breadcrumb\"},\"inLanguage\":\"en-GB\",\"potentialAction\":[{\"@type\":\"ReadAction\",\"target\":[\"https:\\\/\\\/buletin.de\\\/bucuresti\\\/site-ul-lui-bogdan-chirieac-bani-de-la-daniel-florea-in-buza-campaniei-electorale\\\/\"]}]},{\"@type\":\"ImageObject\",\"inLanguage\":\"en-GB\",\"@id\":\"https:\\\/\\\/buletin.de\\\/bucuresti\\\/site-ul-lui-bogdan-chirieac-bani-de-la-daniel-florea-in-buza-campaniei-electorale\\\/#primaryimage\",\"url\":\"https:\\\/\\\/buletin.de\\\/bucuresti\\\/wp-content\\\/uploads\\\/Screenshot_44-1.png\",\"contentUrl\":\"https:\\\/\\\/buletin.de\\\/bucuresti\\\/wp-content\\\/uploads\\\/Screenshot_44-1.png\",\"width\":1325,\"height\":649},{\"@type\":\"BreadcrumbList\",\"@id\":\"https:\\\/\\\/buletin.de\\\/bucuresti\\\/site-ul-lui-bogdan-chirieac-bani-de-la-daniel-florea-in-buza-campaniei-electorale\\\/#breadcrumb\",\"itemListElement\":[{\"@type\":\"ListItem\",\"position\":1,\"name\":\"Acas\u0103\",\"item\":\"https:\\\/\\\/buletin.de\\\/bucuresti\\\/\"},{\"@type\":\"ListItem\",\"position\":2,\"name\":\"Site-ul lui Bogdan Chirieac, bani de la Daniel Florea \u00een buza campaniei electorale\"}]},{\"@type\":\"WebSite\",\"@id\":\"https:\\\/\\\/buletin.de\\\/bucuresti\\\/#website\",\"url\":\"https:\\\/\\\/buletin.de\\\/bucuresti\\\/\",\"name\":\"Buletin de Bucure\u0219ti\",\"description\":\"\u0218tiri \u0219i investiga\u021bii esen\u021biale din capital\u0103\",\"publisher\":{\"@id\":\"https:\\\/\\\/buletin.de\\\/bucuresti\\\/#organization\"},\"potentialAction\":[{\"@type\":\"SearchAction\",\"target\":{\"@type\":\"EntryPoint\",\"urlTemplate\":\"https:\\\/\\\/buletin.de\\\/bucuresti\\\/?s={search_term_string}\"},\"query-input\":{\"@type\":\"PropertyValueSpecification\",\"valueRequired\":true,\"valueName\":\"search_term_string\"}}],\"inLanguage\":\"en-GB\"},{\"@type\":\"Organization\",\"@id\":\"https:\\\/\\\/buletin.de\\\/bucuresti\\\/#organization\",\"name\":\"Buletin de Bucure\u0219ti\",\"url\":\"https:\\\/\\\/buletin.de\\\/bucuresti\\\/\",\"logo\":{\"@type\":\"ImageObject\",\"inLanguage\":\"en-GB\",\"@id\":\"https:\\\/\\\/buletin.de\\\/bucuresti\\\/#\\\/schema\\\/logo\\\/image\\\/\",\"url\":\"https:\\\/\\\/buletin.de\\\/bucuresti\\\/wp-content\\\/uploads\\\/logo-bdb-full-wide-vernil-transparent.png\",\"contentUrl\":\"https:\\\/\\\/buletin.de\\\/bucuresti\\\/wp-content\\\/uploads\\\/logo-bdb-full-wide-vernil-transparent.png\",\"width\":1782,\"height\":626,\"caption\":\"Buletin de Bucure\u0219ti\"},\"image\":{\"@id\":\"https:\\\/\\\/buletin.de\\\/bucuresti\\\/#\\\/schema\\\/logo\\\/image\\\/\"},\"sameAs\":[\"https:\\\/\\\/www.facebook.com\\\/buletin.de.buc\",\"https:\\\/\\\/www.instagram.com\\\/buletinde.bucuresti\\\/\"]},{\"@type\":\"Person\",\"@id\":\"https:\\\/\\\/buletin.de\\\/bucuresti\\\/#\\\/schema\\\/person\\\/f02780e5e00039cf0bc1d929798d0239\",\"name\":\"Oana Despa\",\"image\":{\"@type\":\"ImageObject\",\"inLanguage\":\"en-GB\",\"@id\":\"https:\\\/\\\/secure.gravatar.com\\\/avatar\\\/315d42f2ee19dcce5c47d87713af9f3ec85494d7026ca420f44668b51324357e?s=96&d=monsterid&r=g9679e8786333bebe875735ec1e7b81f0\",\"url\":\"https:\\\/\\\/secure.gravatar.com\\\/avatar\\\/315d42f2ee19dcce5c47d87713af9f3ec85494d7026ca420f44668b51324357e?s=96&d=monsterid&r=g\",\"contentUrl\":\"https:\\\/\\\/secure.gravatar.com\\\/avatar\\\/315d42f2ee19dcce5c47d87713af9f3ec85494d7026ca420f44668b51324357e?s=96&d=monsterid&r=g\",\"caption\":\"Oana Despa\"},\"description\":\"Editor\",\"url\":\"https:\\\/\\\/buletin.de\\\/bucuresti\\\/author\\\/oanadespa\\\/\"}]}<\/script>\n<!-- \/ Yoast SEO Premium plugin. -->","yoast_head_json":{"title":"Site-ul lui Bogdan Chirieac, bani de la Daniel Florea \u00een buza campaniei electorale - Buletin de Bucure\u0219ti","robots":{"index":"index","follow":"follow","max-snippet":"max-snippet:-1","max-image-preview":"max-image-preview:large","max-video-preview":"max-video-preview:-1"},"canonical":"https:\/\/buletin.de\/bucuresti\/site-ul-lui-bogdan-chirieac-bani-de-la-daniel-florea-in-buza-campaniei-electorale\/","og_locale":"en_GB","og_type":"article","og_title":"Site-ul lui Bogdan Chirieac, bani de la Daniel Florea \u00een buza campaniei electorale","og_description":"15.004,03 EURO a primit, pe 7 iulie, publica\u021bia DCNews de la Prim\u0103ria Sectorului 5, condus\u0103 de Daniel Florea (PSD), pentru promovare, arat\u0103 Banii No\u0219tri.\u00a0 \u201ePACHET PARTENER\u201d, a\u0219a cum este denumit\u0103 achizi\u021bia pe site-ul https:\/\/www.e-licitatie.ro\/, stipuleaz\u0103 ce trebuie s\u0103 fac\u0103 firma DCNews Media Group, condus\u0103 de Bogdan Chirieac, pentru a primi 72.567,00 RON: de la prezentare [&hellip;]","og_url":"https:\/\/buletin.de\/bucuresti\/site-ul-lui-bogdan-chirieac-bani-de-la-daniel-florea-in-buza-campaniei-electorale\/","og_site_name":"Buletin de Bucure\u0219ti","article_publisher":"https:\/\/www.facebook.com\/buletin.de.buc","article_published_time":"2020-07-08T15:47:15+00:00","article_modified_time":"2023-09-19T13:29:48+00:00","og_image":[{"width":1325,"height":649,"url":"https:\/\/buletin.de\/bucuresti\/wp-content\/uploads\/Screenshot_44-1.png","type":"image\/png"}],"author":"Oana Despa","twitter_card":"summary_large_image","twitter_misc":{"Written by":"Oana Despa","Estimated reading time":"2 minutes"},"schema":{"@context":"https:\/\/schema.org","@graph":[{"@type":"Article","@id":"https:\/\/buletin.de\/bucuresti\/site-ul-lui-bogdan-chirieac-bani-de-la-daniel-florea-in-buza-campaniei-electorale\/#article","isPartOf":{"@id":"https:\/\/buletin.de\/bucuresti\/site-ul-lui-bogdan-chirieac-bani-de-la-daniel-florea-in-buza-campaniei-electorale\/"},"author":{"name":"Oana Despa","@id":"https:\/\/buletin.de\/bucuresti\/#\/schema\/person\/f02780e5e00039cf0bc1d929798d0239"},"headline":"Site-ul lui Bogdan Chirieac, bani de la Daniel Florea \u00een buza campaniei electorale","datePublished":"2020-07-08T15:47:15+00:00","dateModified":"2023-09-19T13:29:48+00:00","mainEntityOfPage":{"@id":"https:\/\/buletin.de\/bucuresti\/site-ul-lui-bogdan-chirieac-bani-de-la-daniel-florea-in-buza-campaniei-electorale\/"},"wordCount":367,"publisher":{"@id":"https:\/\/buletin.de\/bucuresti\/#organization"},"image":{"@id":"https:\/\/buletin.de\/bucuresti\/site-ul-lui-bogdan-chirieac-bani-de-la-daniel-florea-in-buza-campaniei-electorale\/#primaryimage"},"thumbnailUrl":"https:\/\/buletin.de\/bucuresti\/wp-content\/uploads\/Screenshot_44-1.png","articleSection":["Locale 2020"],"inLanguage":"en-GB","copyrightYear":"2020","copyrightHolder":{"@id":"https:\/\/buletin.de\/bucuresti\/#organization"}},{"@type":"WebPage","@id":"https:\/\/buletin.de\/bucuresti\/site-ul-lui-bogdan-chirieac-bani-de-la-daniel-florea-in-buza-campaniei-electorale\/","url":"https:\/\/buletin.de\/bucuresti\/site-ul-lui-bogdan-chirieac-bani-de-la-daniel-florea-in-buza-campaniei-electorale\/","name":"Site-ul lui Bogdan Chirieac, bani de la Daniel Florea \u00een buza campaniei electorale - Buletin de Bucure\u0219ti","isPartOf":{"@id":"https:\/\/buletin.de\/bucuresti\/#website"},"primaryImageOfPage":{"@id":"https:\/\/buletin.de\/bucuresti\/site-ul-lui-bogdan-chirieac-bani-de-la-daniel-florea-in-buza-campaniei-electorale\/#primaryimage"},"image":{"@id":"https:\/\/buletin.de\/bucuresti\/site-ul-lui-bogdan-chirieac-bani-de-la-daniel-florea-in-buza-campaniei-electorale\/#primaryimage"},"thumbnailUrl":"https:\/\/buletin.de\/bucuresti\/wp-content\/uploads\/Screenshot_44-1.png","datePublished":"2020-07-08T15:47:15+00:00","dateModified":"2023-09-19T13:29:48+00:00","breadcrumb":{"@id":"https:\/\/buletin.de\/bucuresti\/site-ul-lui-bogdan-chirieac-bani-de-la-daniel-florea-in-buza-campaniei-electorale\/#breadcrumb"},"inLanguage":"en-GB","potentialAction":[{"@type":"ReadAction","target":["https:\/\/buletin.de\/bucuresti\/site-ul-lui-bogdan-chirieac-bani-de-la-daniel-florea-in-buza-campaniei-electorale\/"]}]},{"@type":"ImageObject","inLanguage":"en-GB","@id":"https:\/\/buletin.de\/bucuresti\/site-ul-lui-bogdan-chirieac-bani-de-la-daniel-florea-in-buza-campaniei-electorale\/#primaryimage","url":"https:\/\/buletin.de\/bucuresti\/wp-content\/uploads\/Screenshot_44-1.png","contentUrl":"https:\/\/buletin.de\/bucuresti\/wp-content\/uploads\/Screenshot_44-1.png","width":1325,"height":649},{"@type":"BreadcrumbList","@id":"https:\/\/buletin.de\/bucuresti\/site-ul-lui-bogdan-chirieac-bani-de-la-daniel-florea-in-buza-campaniei-electorale\/#breadcrumb","itemListElement":[{"@type":"ListItem","position":1,"name":"Acas\u0103","item":"https:\/\/buletin.de\/bucuresti\/"},{"@type":"ListItem","position":2,"name":"Site-ul lui Bogdan Chirieac, bani de la Daniel Florea \u00een buza campaniei electorale"}]},{"@type":"WebSite","@id":"https:\/\/buletin.de\/bucuresti\/#website","url":"https:\/\/buletin.de\/bucuresti\/","name":"Buletin de Bucure\u0219ti","description":"\u0218tiri \u0219i investiga\u021bii esen\u021biale din capital\u0103","publisher":{"@id":"https:\/\/buletin.de\/bucuresti\/#organization"},"potentialAction":[{"@type":"SearchAction","target":{"@type":"EntryPoint","urlTemplate":"https:\/\/buletin.de\/bucuresti\/?s={search_term_string}"},"query-input":{"@type":"PropertyValueSpecification","valueRequired":true,"valueName":"search_term_string"}}],"inLanguage":"en-GB"},{"@type":"Organization","@id":"https:\/\/buletin.de\/bucuresti\/#organization","name":"Buletin de Bucure\u0219ti","url":"https:\/\/buletin.de\/bucuresti\/","logo":{"@type":"ImageObject","inLanguage":"en-GB","@id":"https:\/\/buletin.de\/bucuresti\/#\/schema\/logo\/image\/","url":"https:\/\/buletin.de\/bucuresti\/wp-content\/uploads\/logo-bdb-full-wide-vernil-transparent.png","contentUrl":"https:\/\/buletin.de\/bucuresti\/wp-content\/uploads\/logo-bdb-full-wide-vernil-transparent.png","width":1782,"height":626,"caption":"Buletin de Bucure\u0219ti"},"image":{"@id":"https:\/\/buletin.de\/bucuresti\/#\/schema\/logo\/image\/"},"sameAs":["https:\/\/www.facebook.com\/buletin.de.buc","https:\/\/www.instagram.com\/buletinde.bucuresti\/"]},{"@type":"Person","@id":"https:\/\/buletin.de\/bucuresti\/#\/schema\/person\/f02780e5e00039cf0bc1d929798d0239","name":"Oana Despa","image":{"@type":"ImageObject","inLanguage":"en-GB","@id":"https:\/\/secure.gravatar.com\/avatar\/315d42f2ee19dcce5c47d87713af9f3ec85494d7026ca420f44668b51324357e?s=96&d=monsterid&r=g9679e8786333bebe875735ec1e7b81f0","url":"https:\/\/secure.gravatar.com\/avatar\/315d42f2ee19dcce5c47d87713af9f3ec85494d7026ca420f44668b51324357e?s=96&d=monsterid&r=g","contentUrl":"https:\/\/secure.gravatar.com\/avatar\/315d42f2ee19dcce5c47d87713af9f3ec85494d7026ca420f44668b51324357e?s=96&d=monsterid&r=g","caption":"Oana Despa"},"description":"Editor","url":"https:\/\/buletin.de\/bucuresti\/author\/oanadespa\/"}]}},"authors":[{"term_id":22584,"user_id":2,"is_guest":0,"slug":"oanadespa","display_name":"Oana Despa","avatar_url":"https:\/\/secure.gravatar.com\/avatar\/315d42f2ee19dcce5c47d87713af9f3ec85494d7026ca420f44668b51324357e?s=96&d=monsterid&r=g","0":null,"1":"","2":"","3":"","4":"","5":"","6":"","7":"","8":""}],"_links":{"self":[{"href":"https:\/\/buletin.de\/bucuresti\/wp-json\/wp\/v2\/posts\/9009","targetHints":{"allow":["GET"]}}],"collection":[{"href":"https:\/\/buletin.de\/bucuresti\/wp-json\/wp\/v2\/posts"}],"about":[{"href":"https:\/\/buletin.de\/bucuresti\/wp-json\/wp\/v2\/types\/post"}],"author":[{"embeddable":true,"href":"https:\/\/buletin.de\/bucuresti\/wp-json\/wp\/v2\/users\/2"}],"replies":[{"embeddable":true,"href":"https:\/\/buletin.de\/bucuresti\/wp-json\/wp\/v2\/comments?post=9009"}],"version-history":[{"count":2,"href":"https:\/\/buletin.de\/bucuresti\/wp-json\/wp\/v2\/posts\/9009\/revisions"}],"predecessor-version":[{"id":9011,"href":"https:\/\/buletin.de\/bucuresti\/wp-json\/wp\/v2\/posts\/9009\/revisions\/9011"}],"wp:featuredmedia":[{"embeddable":true,"href":"https:\/\/buletin.de\/bucuresti\/wp-json\/wp\/v2\/media\/7704"}],"wp:attachment":[{"href":"https:\/\/buletin.de\/bucuresti\/wp-json\/wp\/v2\/media?parent=9009"}],"wp:term":[{"taxonomy":"category","embeddable":true,"href":"https:\/\/buletin.de\/bucuresti\/wp-json\/wp\/v2\/categories?post=9009"},{"taxonomy":"post_tag","embeddable":true,"href":"https:\/\/buletin.de\/bucuresti\/wp-json\/wp\/v2\/tags?post=9009"},{"taxonomy":"author","embeddable":true,"href":"https:\/\/buletin.de\/bucuresti\/wp-json\/wp\/v2\/ppma_author?post=9009"}],"curies":[{"name":"wp","href":"https:\/\/api.w.org\/{rel}","templated":true}]}}