{"id":90086,"date":"2024-07-05T13:23:31","date_gmt":"2024-07-05T10:23:31","guid":{"rendered":"https:\/\/buletin.de\/bucuresti\/?p=90086"},"modified":"2024-07-05T14:34:31","modified_gmt":"2024-07-05T11:34:31","slug":"lucrarile-la-magistrala-6-de-metrou-din-zona-clabucet-vor-fi-amanate-liniile-de-transport-public-vor-functiona-normal","status":"publish","type":"post","link":"https:\/\/buletin.de\/bucuresti\/lucrarile-la-magistrala-6-de-metrou-din-zona-clabucet-vor-fi-amanate-liniile-de-transport-public-vor-functiona-normal\/","title":{"rendered":"Lucr\u0103rile la Magistrala 6 de metrou din Zona Cl\u0103bucet vor fi am\u00e2nate. Liniile de transport public vor func\u021biona normal"},"content":{"rendered":"\n<p><em><strong>ACTUALIZARE<\/strong>:<\/em> <em>Metrorex anun\u021b\u0103 \u00eentr-un comunicat schimbarea perioadei de implementare a restric\u021biilor \u00een zona Pia\u021ba Montreal &#8211; Pia\u021ba Presei Libere. Restric\u021biile erau programate s\u0103 \u00eenceap\u0103 pe 6 iulie \u0219i acum a fost confirmat c\u0103 vor avea loc \u00eencep\u00e2nd cu 13 iulie, la solicitarea Asocia\u021biei de Dezvoltare intercomunitar\u0103 pentru Transport Public Bucure\u0219ti-Ilfov (TPBI).<\/em><\/p>\n\n\n\n<p><strong>Lucr\u0103rile de construire a Magistralei 6 de metrou, care erau programate s\u0103 \u00eenceap\u0103 la 6 iulie \u00een zona terminalului Cl\u0103bucet, au fost am\u00e2nate. Firma desemnat\u0103 s\u0103 execute lucr\u0103rile nu a ob\u021binut \u00eenc\u0103 avizele necesare, anun\u021b\u0103 Asocia\u021bia de Dezvoltare Intercomunitar\u0103.&nbsp;<\/strong><\/p>\n\n\n\n<p>Liniile de transport \u00een comun din zon\u0103 vor circula \u00een continuare pe traseele normale, iar lucr\u0103rile urmeaz\u0103 s\u0103 fie reluate la o dat\u0103 care va fi comunicat\u0103 ulterior de autorit\u0103\u021bi.&nbsp;<\/p>\n\n\n\n<p><a href=\"https:\/\/buletin.de\/bucuresti\/m6-otopeni-trei-linii-stb-suspendate-cinci-deviate-si-alte-patru-nou-infiintate-pentru-santierul-noii-magistrale-de-metrou\/\">Ini\u021bial, Societatea de Transport Bucure\u0219ti (STB) anun\u021base<\/a> c\u0103 trei linii vor fi suspendate, alte cinci vor circula pe trasee modificate \u0219i vor fi introduse patru linii \u0219i trei sta\u021bii noi.&nbsp;<\/p>\n\n\n\n<figure class=\"wp-block-image size-full\"><img fetchpriority=\"high\" decoding=\"async\" width=\"900\" height=\"506\" src=\"data:image\/gif;base64,R0lGODlhAQABAAAAACH5BAEKAAEALAAAAAABAAEAAAICTAEAOw==\" data-src=\"https:\/\/buletin.de\/bucuresti\/wp-content\/uploads\/m6-clabucet.jpg\" alt=\"\" class=\"wp-image-90087 lazyload\" data-sizes=\"auto\" data-srcset=\"https:\/\/buletin.de\/bucuresti\/wp-content\/uploads\/m6-clabucet.jpg 900w, https:\/\/buletin.de\/bucuresti\/wp-content\/uploads\/m6-clabucet-300x169.jpg 300w, https:\/\/buletin.de\/bucuresti\/wp-content\/uploads\/m6-clabucet-768x432.jpg 768w, https:\/\/buletin.de\/bucuresti\/wp-content\/uploads\/m6-clabucet-600x337.jpg 600w, https:\/\/buletin.de\/bucuresti\/wp-content\/uploads\/m6-clabucet-20x11.jpg 20w\" sizes=\"(max-width: 900px) 100vw, 900px\" \/><\/figure>\n\n\n\n<p>Linia de troleibuz 86 ar fi circulat pe un traseu modificat, cuprins \u00eentre \u201eArena Na\u0163ional\u0103\u201d \u015fi \u201eCl\u0103bucet\u201d, ca urmare a realiz\u0103rii bretelei de \u00eentoarcere pentru troleibuze pe Calea Grivi\u0163ei.&nbsp;<\/p>\n\n\n\n<p>Dar p\u00e2n\u0103 c\u00e2nd vor \u00eencepe lucr\u0103rile, liniile de transport \u00een comun nu \u00ee\u0219i vor modifica traseul.<\/p>\n\n\n\n<p>CITE\u0218TE \u0218I:<\/p>\n\n\n\n<figure class=\"wp-block-embed is-type-wp-embed is-provider-buletin-de-bucure-ti wp-block-embed-buletin-de-bucure-ti\"><div class=\"wp-block-embed__wrapper\">\n<blockquote class=\"wp-embedded-content\" data-secret=\"nam7yxTrka\"><a href=\"https:\/\/buletin.de\/bucuresti\/m6-otopeni-trei-linii-stb-suspendate-cinci-deviate-si-alte-patru-nou-infiintate-pentru-santierul-noii-magistrale-de-metrou\/\">M6 Otopeni |\u00a0Trei linii STB suspendate, cinci deviate \u0219i alte patru nou \u00eenfiin\u021bate pentru \u0219antierul noii magistrale de metrou<\/a><\/blockquote><iframe class=\"wp-embedded-content\" sandbox=\"allow-scripts\" security=\"restricted\" style=\"position: absolute; clip: rect(1px, 1px, 1px, 1px);\" title=\"&#8220;M6 Otopeni |\u00a0Trei linii STB suspendate, cinci deviate \u0219i alte patru nou \u00eenfiin\u021bate pentru \u0219antierul noii magistrale de metrou&#8221; &#8212; Buletin de Bucure\u0219ti\" src=\"https:\/\/buletin.de\/bucuresti\/m6-otopeni-trei-linii-stb-suspendate-cinci-deviate-si-alte-patru-nou-infiintate-pentru-santierul-noii-magistrale-de-metrou\/embed\/#?secret=3uDGCbgBFj#?secret=nam7yxTrka\" data-secret=\"nam7yxTrka\" width=\"600\" height=\"338\" frameborder=\"0\" marginwidth=\"0\" marginheight=\"0\" scrolling=\"no\"><\/iframe>\n<\/div><\/figure>\n","protected":false},"excerpt":{"rendered":"<p>ACTUALIZARE: Metrorex anun\u021b\u0103 \u00eentr-un comunicat schimbarea perioadei de implementare a restric\u021biilor \u00een zona Pia\u021ba Montreal &#8211; Pia\u021ba Presei Libere. Restric\u021biile erau programate s\u0103 \u00eenceap\u0103 pe 6 iulie \u0219i acum a fost confirmat c\u0103 vor avea loc \u00eencep\u00e2nd cu 13 iulie, la solicitarea Asocia\u021biei de Dezvoltare intercomunitar\u0103 pentru Transport Public Bucure\u0219ti-Ilfov (TPBI). Lucr\u0103rile de construire a [&hellip;]<\/p>\n","protected":false},"author":58,"featured_media":90090,"comment_status":"closed","ping_status":"open","sticky":false,"template":"","format":"standard","meta":{"_acf_changed":false,"inline_featured_image":false,"ngg_post_thumbnail":0,"footnotes":""},"categories":[6994,62,650],"tags":[2063,2779,6880,402,3736,13228],"ppma_author":[22581],"class_list":["post-90086","post","type-post","status-publish","format-standard","has-post-thumbnail","hentry","category-stiri-2","category-stiri","category-transport","tag-bucuresti-2","tag-capitala-2","tag-magistrala-6","tag-stb","tag-transport-in-comun","tag-zona-clabucet"],"acf":[],"yoast_head":"<!-- This site is optimized with the Yoast SEO Premium plugin v25.3 (Yoast SEO v27.4) - https:\/\/yoast.com\/product\/yoast-seo-premium-wordpress\/ -->\n<title>Lucr\u0103rile la Magistrala 6 de metrou din Zona Cl\u0103bucet vor fi am\u00e2nate. Liniile de transport public vor func\u021biona normal - Buletin de Bucure\u0219ti<\/title>\n<meta name=\"robots\" content=\"index, follow, max-snippet:-1, max-image-preview:large, max-video-preview:-1\" \/>\n<link rel=\"canonical\" href=\"https:\/\/buletin.de\/bucuresti\/lucrarile-la-magistrala-6-de-metrou-din-zona-clabucet-vor-fi-amanate-liniile-de-transport-public-vor-functiona-normal\/\" \/>\n<meta property=\"og:locale\" content=\"en_GB\" \/>\n<meta property=\"og:type\" content=\"article\" \/>\n<meta property=\"og:title\" content=\"Lucr\u0103rile la Magistrala 6 de metrou din Zona Cl\u0103bucet vor fi am\u00e2nate. Liniile de transport public vor func\u021biona normal\" \/>\n<meta property=\"og:description\" content=\"ACTUALIZARE: Metrorex anun\u021b\u0103 \u00eentr-un comunicat schimbarea perioadei de implementare a restric\u021biilor \u00een zona Pia\u021ba Montreal &#8211; Pia\u021ba Presei Libere. Restric\u021biile erau programate s\u0103 \u00eenceap\u0103 pe 6 iulie \u0219i acum a fost confirmat c\u0103 vor avea loc \u00eencep\u00e2nd cu 13 iulie, la solicitarea Asocia\u021biei de Dezvoltare intercomunitar\u0103 pentru Transport Public Bucure\u0219ti-Ilfov (TPBI). Lucr\u0103rile de construire a [&hellip;]\" \/>\n<meta property=\"og:url\" content=\"https:\/\/buletin.de\/bucuresti\/lucrarile-la-magistrala-6-de-metrou-din-zona-clabucet-vor-fi-amanate-liniile-de-transport-public-vor-functiona-normal\/\" \/>\n<meta property=\"og:site_name\" content=\"Buletin de Bucure\u0219ti\" \/>\n<meta property=\"article:publisher\" content=\"https:\/\/www.facebook.com\/buletin.de.buc\" \/>\n<meta property=\"article:published_time\" content=\"2024-07-05T10:23:31+00:00\" \/>\n<meta property=\"article:modified_time\" content=\"2024-07-05T11:34:31+00:00\" \/>\n<meta property=\"og:image\" content=\"https:\/\/buletin.de\/bucuresti\/wp-content\/uploads\/m6-tpbi.jpg\" \/>\n\t<meta property=\"og:image:width\" content=\"600\" \/>\n\t<meta property=\"og:image:height\" content=\"503\" \/>\n\t<meta property=\"og:image:type\" content=\"image\/jpeg\" \/>\n<meta name=\"author\" content=\"Ana Anghel-Dimache\" \/>\n<meta name=\"twitter:card\" content=\"summary_large_image\" \/>\n<meta name=\"twitter:label1\" content=\"Written by\" \/>\n\t<meta name=\"twitter:data1\" content=\"Ana Anghel-Dimache\" \/>\n\t<meta name=\"twitter:label2\" content=\"Estimated reading time\" \/>\n\t<meta name=\"twitter:data2\" content=\"2 minutes\" \/>\n<script type=\"application\/ld+json\" class=\"yoast-schema-graph\">{\"@context\":\"https:\\\/\\\/schema.org\",\"@graph\":[{\"@type\":\"Article\",\"@id\":\"https:\\\/\\\/buletin.de\\\/bucuresti\\\/lucrarile-la-magistrala-6-de-metrou-din-zona-clabucet-vor-fi-amanate-liniile-de-transport-public-vor-functiona-normal\\\/#article\",\"isPartOf\":{\"@id\":\"https:\\\/\\\/buletin.de\\\/bucuresti\\\/lucrarile-la-magistrala-6-de-metrou-din-zona-clabucet-vor-fi-amanate-liniile-de-transport-public-vor-functiona-normal\\\/\"},\"author\":{\"name\":\"Ana Anghel-Dimache\",\"@id\":\"https:\\\/\\\/buletin.de\\\/bucuresti\\\/#\\\/schema\\\/person\\\/359459245996e200ed7c807f71f0551a\"},\"headline\":\"Lucr\u0103rile la Magistrala 6 de metrou din Zona Cl\u0103bucet vor fi am\u00e2nate. Liniile de transport public vor func\u021biona normal\",\"datePublished\":\"2024-07-05T10:23:31+00:00\",\"dateModified\":\"2024-07-05T11:34:31+00:00\",\"mainEntityOfPage\":{\"@id\":\"https:\\\/\\\/buletin.de\\\/bucuresti\\\/lucrarile-la-magistrala-6-de-metrou-din-zona-clabucet-vor-fi-amanate-liniile-de-transport-public-vor-functiona-normal\\\/\"},\"wordCount\":251,\"publisher\":{\"@id\":\"https:\\\/\\\/buletin.de\\\/bucuresti\\\/#organization\"},\"image\":{\"@id\":\"https:\\\/\\\/buletin.de\\\/bucuresti\\\/lucrarile-la-magistrala-6-de-metrou-din-zona-clabucet-vor-fi-amanate-liniile-de-transport-public-vor-functiona-normal\\\/#primaryimage\"},\"thumbnailUrl\":\"https:\\\/\\\/buletin.de\\\/bucuresti\\\/wp-content\\\/uploads\\\/m6-tpbi.jpg\",\"keywords\":[\"Bucure\u0219ti\",\"Capital\u0103\",\"magistrala 6\",\"stb\",\"Transport \u00een comun\",\"Zona Cl\u0103bucet\"],\"articleSection\":[\"Articole\",\"\u0218tiri\",\"Transport\"],\"inLanguage\":\"en-GB\",\"copyrightYear\":\"2024\",\"copyrightHolder\":{\"@id\":\"https:\\\/\\\/buletin.de\\\/bucuresti\\\/#organization\"}},{\"@type\":\"WebPage\",\"@id\":\"https:\\\/\\\/buletin.de\\\/bucuresti\\\/lucrarile-la-magistrala-6-de-metrou-din-zona-clabucet-vor-fi-amanate-liniile-de-transport-public-vor-functiona-normal\\\/\",\"url\":\"https:\\\/\\\/buletin.de\\\/bucuresti\\\/lucrarile-la-magistrala-6-de-metrou-din-zona-clabucet-vor-fi-amanate-liniile-de-transport-public-vor-functiona-normal\\\/\",\"name\":\"Lucr\u0103rile la Magistrala 6 de metrou din Zona Cl\u0103bucet vor fi am\u00e2nate. Liniile de transport public vor func\u021biona normal - Buletin de Bucure\u0219ti\",\"isPartOf\":{\"@id\":\"https:\\\/\\\/buletin.de\\\/bucuresti\\\/#website\"},\"primaryImageOfPage\":{\"@id\":\"https:\\\/\\\/buletin.de\\\/bucuresti\\\/lucrarile-la-magistrala-6-de-metrou-din-zona-clabucet-vor-fi-amanate-liniile-de-transport-public-vor-functiona-normal\\\/#primaryimage\"},\"image\":{\"@id\":\"https:\\\/\\\/buletin.de\\\/bucuresti\\\/lucrarile-la-magistrala-6-de-metrou-din-zona-clabucet-vor-fi-amanate-liniile-de-transport-public-vor-functiona-normal\\\/#primaryimage\"},\"thumbnailUrl\":\"https:\\\/\\\/buletin.de\\\/bucuresti\\\/wp-content\\\/uploads\\\/m6-tpbi.jpg\",\"datePublished\":\"2024-07-05T10:23:31+00:00\",\"dateModified\":\"2024-07-05T11:34:31+00:00\",\"breadcrumb\":{\"@id\":\"https:\\\/\\\/buletin.de\\\/bucuresti\\\/lucrarile-la-magistrala-6-de-metrou-din-zona-clabucet-vor-fi-amanate-liniile-de-transport-public-vor-functiona-normal\\\/#breadcrumb\"},\"inLanguage\":\"en-GB\",\"potentialAction\":[{\"@type\":\"ReadAction\",\"target\":[\"https:\\\/\\\/buletin.de\\\/bucuresti\\\/lucrarile-la-magistrala-6-de-metrou-din-zona-clabucet-vor-fi-amanate-liniile-de-transport-public-vor-functiona-normal\\\/\"]}]},{\"@type\":\"ImageObject\",\"inLanguage\":\"en-GB\",\"@id\":\"https:\\\/\\\/buletin.de\\\/bucuresti\\\/lucrarile-la-magistrala-6-de-metrou-din-zona-clabucet-vor-fi-amanate-liniile-de-transport-public-vor-functiona-normal\\\/#primaryimage\",\"url\":\"https:\\\/\\\/buletin.de\\\/bucuresti\\\/wp-content\\\/uploads\\\/m6-tpbi.jpg\",\"contentUrl\":\"https:\\\/\\\/buletin.de\\\/bucuresti\\\/wp-content\\\/uploads\\\/m6-tpbi.jpg\",\"width\":600,\"height\":503,\"caption\":\"FOTO: Facebook \\\/ Asocia\u021bia de Dezvoltare Intercomunitar\u0103\"},{\"@type\":\"BreadcrumbList\",\"@id\":\"https:\\\/\\\/buletin.de\\\/bucuresti\\\/lucrarile-la-magistrala-6-de-metrou-din-zona-clabucet-vor-fi-amanate-liniile-de-transport-public-vor-functiona-normal\\\/#breadcrumb\",\"itemListElement\":[{\"@type\":\"ListItem\",\"position\":1,\"name\":\"Acas\u0103\",\"item\":\"https:\\\/\\\/buletin.de\\\/bucuresti\\\/\"},{\"@type\":\"ListItem\",\"position\":2,\"name\":\"Lucr\u0103rile la Magistrala 6 de metrou din Zona Cl\u0103bucet vor fi am\u00e2nate. Liniile de transport public vor func\u021biona normal\"}]},{\"@type\":\"WebSite\",\"@id\":\"https:\\\/\\\/buletin.de\\\/bucuresti\\\/#website\",\"url\":\"https:\\\/\\\/buletin.de\\\/bucuresti\\\/\",\"name\":\"Buletin de Bucure\u0219ti\",\"description\":\"\u0218tiri \u0219i investiga\u021bii esen\u021biale din capital\u0103\",\"publisher\":{\"@id\":\"https:\\\/\\\/buletin.de\\\/bucuresti\\\/#organization\"},\"potentialAction\":[{\"@type\":\"SearchAction\",\"target\":{\"@type\":\"EntryPoint\",\"urlTemplate\":\"https:\\\/\\\/buletin.de\\\/bucuresti\\\/?s={search_term_string}\"},\"query-input\":{\"@type\":\"PropertyValueSpecification\",\"valueRequired\":true,\"valueName\":\"search_term_string\"}}],\"inLanguage\":\"en-GB\"},{\"@type\":\"Organization\",\"@id\":\"https:\\\/\\\/buletin.de\\\/bucuresti\\\/#organization\",\"name\":\"Buletin de Bucure\u0219ti\",\"url\":\"https:\\\/\\\/buletin.de\\\/bucuresti\\\/\",\"logo\":{\"@type\":\"ImageObject\",\"inLanguage\":\"en-GB\",\"@id\":\"https:\\\/\\\/buletin.de\\\/bucuresti\\\/#\\\/schema\\\/logo\\\/image\\\/\",\"url\":\"https:\\\/\\\/buletin.de\\\/bucuresti\\\/wp-content\\\/uploads\\\/logo-bdb-full-wide-vernil-transparent.png\",\"contentUrl\":\"https:\\\/\\\/buletin.de\\\/bucuresti\\\/wp-content\\\/uploads\\\/logo-bdb-full-wide-vernil-transparent.png\",\"width\":1782,\"height\":626,\"caption\":\"Buletin de Bucure\u0219ti\"},\"image\":{\"@id\":\"https:\\\/\\\/buletin.de\\\/bucuresti\\\/#\\\/schema\\\/logo\\\/image\\\/\"},\"sameAs\":[\"https:\\\/\\\/www.facebook.com\\\/buletin.de.buc\",\"https:\\\/\\\/www.instagram.com\\\/buletinde.bucuresti\\\/\"]},{\"@type\":\"Person\",\"@id\":\"https:\\\/\\\/buletin.de\\\/bucuresti\\\/#\\\/schema\\\/person\\\/359459245996e200ed7c807f71f0551a\",\"name\":\"Ana Anghel-Dimache\",\"image\":{\"@type\":\"ImageObject\",\"inLanguage\":\"en-GB\",\"@id\":\"https:\\\/\\\/buletin.de\\\/bucuresti\\\/wp-content\\\/uploads\\\/Ana-Anghel-Dimache-96x96.jpg861145fc2c4f1fe57dc81b59a6cfb674\",\"url\":\"https:\\\/\\\/buletin.de\\\/bucuresti\\\/wp-content\\\/uploads\\\/Ana-Anghel-Dimache-96x96.jpg\",\"contentUrl\":\"https:\\\/\\\/buletin.de\\\/bucuresti\\\/wp-content\\\/uploads\\\/Ana-Anghel-Dimache-96x96.jpg\",\"caption\":\"Ana Anghel-Dimache\"},\"description\":\"Sunt student\u0103 la jurnalism \u0219i m-am n\u0103scut \u00een Bucure\u0219ti, ora\u0219 plin de pove\u0219ti care merit\u0103 explorate. \u00cemi place s\u0103 scriu despre subiecte politice, de mediu \u0219i legate de transportul din Capital\u0103. \u00cencerc s\u0103 pictez o imagine c\u00e2t mai sincer\u0103 a realit\u0103\u021bii \u0219i sus\u021bin presa independent\u0103 pentru c\u0103 este esen\u021bial s\u0103 pot reda faptele \u00een formele lor adev\u0103rate.\",\"url\":\"https:\\\/\\\/buletin.de\\\/bucuresti\\\/author\\\/ana-dimache\\\/\"}]}<\/script>\n<!-- \/ Yoast SEO Premium plugin. -->","yoast_head_json":{"title":"Lucr\u0103rile la Magistrala 6 de metrou din Zona Cl\u0103bucet vor fi am\u00e2nate. Liniile de transport public vor func\u021biona normal - Buletin de Bucure\u0219ti","robots":{"index":"index","follow":"follow","max-snippet":"max-snippet:-1","max-image-preview":"max-image-preview:large","max-video-preview":"max-video-preview:-1"},"canonical":"https:\/\/buletin.de\/bucuresti\/lucrarile-la-magistrala-6-de-metrou-din-zona-clabucet-vor-fi-amanate-liniile-de-transport-public-vor-functiona-normal\/","og_locale":"en_GB","og_type":"article","og_title":"Lucr\u0103rile la Magistrala 6 de metrou din Zona Cl\u0103bucet vor fi am\u00e2nate. Liniile de transport public vor func\u021biona normal","og_description":"ACTUALIZARE: Metrorex anun\u021b\u0103 \u00eentr-un comunicat schimbarea perioadei de implementare a restric\u021biilor \u00een zona Pia\u021ba Montreal &#8211; Pia\u021ba Presei Libere. Restric\u021biile erau programate s\u0103 \u00eenceap\u0103 pe 6 iulie \u0219i acum a fost confirmat c\u0103 vor avea loc \u00eencep\u00e2nd cu 13 iulie, la solicitarea Asocia\u021biei de Dezvoltare intercomunitar\u0103 pentru Transport Public Bucure\u0219ti-Ilfov (TPBI). Lucr\u0103rile de construire a [&hellip;]","og_url":"https:\/\/buletin.de\/bucuresti\/lucrarile-la-magistrala-6-de-metrou-din-zona-clabucet-vor-fi-amanate-liniile-de-transport-public-vor-functiona-normal\/","og_site_name":"Buletin de Bucure\u0219ti","article_publisher":"https:\/\/www.facebook.com\/buletin.de.buc","article_published_time":"2024-07-05T10:23:31+00:00","article_modified_time":"2024-07-05T11:34:31+00:00","og_image":[{"width":600,"height":503,"url":"https:\/\/buletin.de\/bucuresti\/wp-content\/uploads\/m6-tpbi.jpg","type":"image\/jpeg"}],"author":"Ana Anghel-Dimache","twitter_card":"summary_large_image","twitter_misc":{"Written by":"Ana Anghel-Dimache","Estimated reading time":"2 minutes"},"schema":{"@context":"https:\/\/schema.org","@graph":[{"@type":"Article","@id":"https:\/\/buletin.de\/bucuresti\/lucrarile-la-magistrala-6-de-metrou-din-zona-clabucet-vor-fi-amanate-liniile-de-transport-public-vor-functiona-normal\/#article","isPartOf":{"@id":"https:\/\/buletin.de\/bucuresti\/lucrarile-la-magistrala-6-de-metrou-din-zona-clabucet-vor-fi-amanate-liniile-de-transport-public-vor-functiona-normal\/"},"author":{"name":"Ana Anghel-Dimache","@id":"https:\/\/buletin.de\/bucuresti\/#\/schema\/person\/359459245996e200ed7c807f71f0551a"},"headline":"Lucr\u0103rile la Magistrala 6 de metrou din Zona Cl\u0103bucet vor fi am\u00e2nate. Liniile de transport public vor func\u021biona normal","datePublished":"2024-07-05T10:23:31+00:00","dateModified":"2024-07-05T11:34:31+00:00","mainEntityOfPage":{"@id":"https:\/\/buletin.de\/bucuresti\/lucrarile-la-magistrala-6-de-metrou-din-zona-clabucet-vor-fi-amanate-liniile-de-transport-public-vor-functiona-normal\/"},"wordCount":251,"publisher":{"@id":"https:\/\/buletin.de\/bucuresti\/#organization"},"image":{"@id":"https:\/\/buletin.de\/bucuresti\/lucrarile-la-magistrala-6-de-metrou-din-zona-clabucet-vor-fi-amanate-liniile-de-transport-public-vor-functiona-normal\/#primaryimage"},"thumbnailUrl":"https:\/\/buletin.de\/bucuresti\/wp-content\/uploads\/m6-tpbi.jpg","keywords":["Bucure\u0219ti","Capital\u0103","magistrala 6","stb","Transport \u00een comun","Zona Cl\u0103bucet"],"articleSection":["Articole","\u0218tiri","Transport"],"inLanguage":"en-GB","copyrightYear":"2024","copyrightHolder":{"@id":"https:\/\/buletin.de\/bucuresti\/#organization"}},{"@type":"WebPage","@id":"https:\/\/buletin.de\/bucuresti\/lucrarile-la-magistrala-6-de-metrou-din-zona-clabucet-vor-fi-amanate-liniile-de-transport-public-vor-functiona-normal\/","url":"https:\/\/buletin.de\/bucuresti\/lucrarile-la-magistrala-6-de-metrou-din-zona-clabucet-vor-fi-amanate-liniile-de-transport-public-vor-functiona-normal\/","name":"Lucr\u0103rile la Magistrala 6 de metrou din Zona Cl\u0103bucet vor fi am\u00e2nate. Liniile de transport public vor func\u021biona normal - Buletin de Bucure\u0219ti","isPartOf":{"@id":"https:\/\/buletin.de\/bucuresti\/#website"},"primaryImageOfPage":{"@id":"https:\/\/buletin.de\/bucuresti\/lucrarile-la-magistrala-6-de-metrou-din-zona-clabucet-vor-fi-amanate-liniile-de-transport-public-vor-functiona-normal\/#primaryimage"},"image":{"@id":"https:\/\/buletin.de\/bucuresti\/lucrarile-la-magistrala-6-de-metrou-din-zona-clabucet-vor-fi-amanate-liniile-de-transport-public-vor-functiona-normal\/#primaryimage"},"thumbnailUrl":"https:\/\/buletin.de\/bucuresti\/wp-content\/uploads\/m6-tpbi.jpg","datePublished":"2024-07-05T10:23:31+00:00","dateModified":"2024-07-05T11:34:31+00:00","breadcrumb":{"@id":"https:\/\/buletin.de\/bucuresti\/lucrarile-la-magistrala-6-de-metrou-din-zona-clabucet-vor-fi-amanate-liniile-de-transport-public-vor-functiona-normal\/#breadcrumb"},"inLanguage":"en-GB","potentialAction":[{"@type":"ReadAction","target":["https:\/\/buletin.de\/bucuresti\/lucrarile-la-magistrala-6-de-metrou-din-zona-clabucet-vor-fi-amanate-liniile-de-transport-public-vor-functiona-normal\/"]}]},{"@type":"ImageObject","inLanguage":"en-GB","@id":"https:\/\/buletin.de\/bucuresti\/lucrarile-la-magistrala-6-de-metrou-din-zona-clabucet-vor-fi-amanate-liniile-de-transport-public-vor-functiona-normal\/#primaryimage","url":"https:\/\/buletin.de\/bucuresti\/wp-content\/uploads\/m6-tpbi.jpg","contentUrl":"https:\/\/buletin.de\/bucuresti\/wp-content\/uploads\/m6-tpbi.jpg","width":600,"height":503,"caption":"FOTO: Facebook \/ Asocia\u021bia de Dezvoltare Intercomunitar\u0103"},{"@type":"BreadcrumbList","@id":"https:\/\/buletin.de\/bucuresti\/lucrarile-la-magistrala-6-de-metrou-din-zona-clabucet-vor-fi-amanate-liniile-de-transport-public-vor-functiona-normal\/#breadcrumb","itemListElement":[{"@type":"ListItem","position":1,"name":"Acas\u0103","item":"https:\/\/buletin.de\/bucuresti\/"},{"@type":"ListItem","position":2,"name":"Lucr\u0103rile la Magistrala 6 de metrou din Zona Cl\u0103bucet vor fi am\u00e2nate. Liniile de transport public vor func\u021biona normal"}]},{"@type":"WebSite","@id":"https:\/\/buletin.de\/bucuresti\/#website","url":"https:\/\/buletin.de\/bucuresti\/","name":"Buletin de Bucure\u0219ti","description":"\u0218tiri \u0219i investiga\u021bii esen\u021biale din capital\u0103","publisher":{"@id":"https:\/\/buletin.de\/bucuresti\/#organization"},"potentialAction":[{"@type":"SearchAction","target":{"@type":"EntryPoint","urlTemplate":"https:\/\/buletin.de\/bucuresti\/?s={search_term_string}"},"query-input":{"@type":"PropertyValueSpecification","valueRequired":true,"valueName":"search_term_string"}}],"inLanguage":"en-GB"},{"@type":"Organization","@id":"https:\/\/buletin.de\/bucuresti\/#organization","name":"Buletin de Bucure\u0219ti","url":"https:\/\/buletin.de\/bucuresti\/","logo":{"@type":"ImageObject","inLanguage":"en-GB","@id":"https:\/\/buletin.de\/bucuresti\/#\/schema\/logo\/image\/","url":"https:\/\/buletin.de\/bucuresti\/wp-content\/uploads\/logo-bdb-full-wide-vernil-transparent.png","contentUrl":"https:\/\/buletin.de\/bucuresti\/wp-content\/uploads\/logo-bdb-full-wide-vernil-transparent.png","width":1782,"height":626,"caption":"Buletin de Bucure\u0219ti"},"image":{"@id":"https:\/\/buletin.de\/bucuresti\/#\/schema\/logo\/image\/"},"sameAs":["https:\/\/www.facebook.com\/buletin.de.buc","https:\/\/www.instagram.com\/buletinde.bucuresti\/"]},{"@type":"Person","@id":"https:\/\/buletin.de\/bucuresti\/#\/schema\/person\/359459245996e200ed7c807f71f0551a","name":"Ana Anghel-Dimache","image":{"@type":"ImageObject","inLanguage":"en-GB","@id":"https:\/\/buletin.de\/bucuresti\/wp-content\/uploads\/Ana-Anghel-Dimache-96x96.jpg861145fc2c4f1fe57dc81b59a6cfb674","url":"https:\/\/buletin.de\/bucuresti\/wp-content\/uploads\/Ana-Anghel-Dimache-96x96.jpg","contentUrl":"https:\/\/buletin.de\/bucuresti\/wp-content\/uploads\/Ana-Anghel-Dimache-96x96.jpg","caption":"Ana Anghel-Dimache"},"description":"Sunt student\u0103 la jurnalism \u0219i m-am n\u0103scut \u00een Bucure\u0219ti, ora\u0219 plin de pove\u0219ti care merit\u0103 explorate. \u00cemi place s\u0103 scriu despre subiecte politice, de mediu \u0219i legate de transportul din Capital\u0103. \u00cencerc s\u0103 pictez o imagine c\u00e2t mai sincer\u0103 a realit\u0103\u021bii \u0219i sus\u021bin presa independent\u0103 pentru c\u0103 este esen\u021bial s\u0103 pot reda faptele \u00een formele lor adev\u0103rate.","url":"https:\/\/buletin.de\/bucuresti\/author\/ana-dimache\/"}]}},"authors":[{"term_id":22581,"user_id":58,"is_guest":0,"slug":"ana-dimache","display_name":"Ana Anghel-Dimache","avatar_url":"https:\/\/buletin.de\/bucuresti\/wp-content\/uploads\/Ana-Anghel-Dimache-96x96.jpg","0":null,"1":"","2":"","3":"","4":"","5":"","6":"","7":"","8":""}],"_links":{"self":[{"href":"https:\/\/buletin.de\/bucuresti\/wp-json\/wp\/v2\/posts\/90086","targetHints":{"allow":["GET"]}}],"collection":[{"href":"https:\/\/buletin.de\/bucuresti\/wp-json\/wp\/v2\/posts"}],"about":[{"href":"https:\/\/buletin.de\/bucuresti\/wp-json\/wp\/v2\/types\/post"}],"author":[{"embeddable":true,"href":"https:\/\/buletin.de\/bucuresti\/wp-json\/wp\/v2\/users\/58"}],"replies":[{"embeddable":true,"href":"https:\/\/buletin.de\/bucuresti\/wp-json\/wp\/v2\/comments?post=90086"}],"version-history":[{"count":5,"href":"https:\/\/buletin.de\/bucuresti\/wp-json\/wp\/v2\/posts\/90086\/revisions"}],"predecessor-version":[{"id":90112,"href":"https:\/\/buletin.de\/bucuresti\/wp-json\/wp\/v2\/posts\/90086\/revisions\/90112"}],"wp:featuredmedia":[{"embeddable":true,"href":"https:\/\/buletin.de\/bucuresti\/wp-json\/wp\/v2\/media\/90090"}],"wp:attachment":[{"href":"https:\/\/buletin.de\/bucuresti\/wp-json\/wp\/v2\/media?parent=90086"}],"wp:term":[{"taxonomy":"category","embeddable":true,"href":"https:\/\/buletin.de\/bucuresti\/wp-json\/wp\/v2\/categories?post=90086"},{"taxonomy":"post_tag","embeddable":true,"href":"https:\/\/buletin.de\/bucuresti\/wp-json\/wp\/v2\/tags?post=90086"},{"taxonomy":"author","embeddable":true,"href":"https:\/\/buletin.de\/bucuresti\/wp-json\/wp\/v2\/ppma_author?post=90086"}],"curies":[{"name":"wp","href":"https:\/\/api.w.org\/{rel}","templated":true}]}}