{"id":90082,"date":"2024-07-05T13:21:41","date_gmt":"2024-07-05T10:21:41","guid":{"rendered":"https:\/\/buletin.de\/bucuresti\/?p=90082"},"modified":"2024-07-05T13:21:41","modified_gmt":"2024-07-05T10:21:41","slug":"liniile-452-457-si-458-vor-avea-capatul-la-terminalul-pantelimon-de-sambata","status":"publish","type":"post","link":"https:\/\/buletin.de\/bucuresti\/liniile-452-457-si-458-vor-avea-capatul-la-terminalul-pantelimon-de-sambata\/","title":{"rendered":"Liniile 452, 457 \u0219i 458 vor avea cap\u0103tul la terminalul \u201ePantelimon\u201d, de s\u00e2mb\u0103t\u0103"},"content":{"rendered":"\n<p><strong>TPBI anun\u021b\u0103 c\u0103, incep\u00e2nd de\u00a0s\u00e2mb\u0103t\u0103, 06 iulie, autobuzele\u00a0liniilor 452, 457 \u0219i 458\u00a0vor avea cap\u0103tul la terminalul\u00a0\u201ePantelimon\u201d. Masinile nu vor mai \u00eentoarce la \u201eRepublica\u201d, a\u0219a cum se \u00eent\u00e2mpl\u0103 \u00een prezent.<\/strong><\/p>\n\n\n\n<p>Astfel, vehiculele vor efectua sta\u021bia din interiorul terminalului \u201ePantelimon\u201d, la peronul 3. Apoi vor circula pe \u0218os. Pantelimon, Bd. Biruin\u021bei \u0219i vor continua pe traseele de baz\u0103 p\u00e2n\u0103 la terminalele Jude\u021bul Ilfov.<\/p>\n\n\n\n<figure class=\"wp-block-image size-large\"><img fetchpriority=\"high\" decoding=\"async\" width=\"900\" height=\"341\" src=\"data:image\/gif;base64,R0lGODlhAQABAAAAACH5BAEKAAEALAAAAAABAAEAAAICTAEAOw==\" data-src=\"https:\/\/buletin.de\/bucuresti\/wp-content\/uploads\/Screenshot-2024-07-05-at-13.12.37-900x341.png\" alt=\"\" class=\"wp-image-90085 lazyload\" data-sizes=\"auto\" data-srcset=\"https:\/\/buletin.de\/bucuresti\/wp-content\/uploads\/Screenshot-2024-07-05-at-13.12.37-900x341.png 900w, https:\/\/buletin.de\/bucuresti\/wp-content\/uploads\/Screenshot-2024-07-05-at-13.12.37-300x114.png 300w, https:\/\/buletin.de\/bucuresti\/wp-content\/uploads\/Screenshot-2024-07-05-at-13.12.37-768x291.png 768w, https:\/\/buletin.de\/bucuresti\/wp-content\/uploads\/Screenshot-2024-07-05-at-13.12.37-1100x417.png 1100w, https:\/\/buletin.de\/bucuresti\/wp-content\/uploads\/Screenshot-2024-07-05-at-13.12.37-600x227.png 600w, https:\/\/buletin.de\/bucuresti\/wp-content\/uploads\/Screenshot-2024-07-05-at-13.12.37-20x8.png 20w, https:\/\/buletin.de\/bucuresti\/wp-content\/uploads\/Screenshot-2024-07-05-at-13.12.37.png 1286w\" sizes=\"(max-width: 900px) 100vw, 900px\" \/><\/figure>\n\n\n\n<p>\u00cen acest fel, c\u0103l\u0103torii vor avea posibilitatea unor transbord\u0103ri facile c\u0103tre liniile de tramvai \u0219i de autobuz care deservesc zona.<\/p>\n\n\n\n<p><strong>CITE\u0218TE \u0218I:<\/strong><\/p>\n\n\n\n<figure class=\"wp-block-embed is-type-wp-embed is-provider-buletin-de-bucure-ti wp-block-embed-buletin-de-bucure-ti\"><div class=\"wp-block-embed__wrapper\">\n<blockquote class=\"wp-embedded-content\" data-secret=\"bEhKukJAom\"><a href=\"https:\/\/buletin.de\/bucuresti\/doua-linii-naveta-asigura-transportul-public-in-zona-cartierului-bucurestii-noi-in-weekend\/\">Dou\u0103 linii navet\u0103 asigur\u0103 transportul public \u00een zona cartierului Bucure\u0219tii Noi, \u00een weekend<\/a><\/blockquote><iframe class=\"wp-embedded-content\" sandbox=\"allow-scripts\" security=\"restricted\" style=\"position: absolute; clip: rect(1px, 1px, 1px, 1px);\" title=\"&#8222;Dou\u0103 linii navet\u0103 asigur\u0103 transportul public \u00een zona cartierului Bucure\u0219tii Noi, \u00een weekend&#8221; &#8212; Buletin de Bucure\u0219ti\" src=\"https:\/\/buletin.de\/bucuresti\/doua-linii-naveta-asigura-transportul-public-in-zona-cartierului-bucurestii-noi-in-weekend\/embed\/#?secret=XxHF0abLgy#?secret=bEhKukJAom\" data-secret=\"bEhKukJAom\" width=\"600\" height=\"338\" frameborder=\"0\" marginwidth=\"0\" marginheight=\"0\" scrolling=\"no\"><\/iframe>\n<\/div><\/figure>\n","protected":false},"excerpt":{"rendered":"<p>TPBI anun\u021b\u0103 c\u0103, incep\u00e2nd de\u00a0s\u00e2mb\u0103t\u0103, 06 iulie, autobuzele\u00a0liniilor 452, 457 \u0219i 458\u00a0vor avea cap\u0103tul la terminalul\u00a0\u201ePantelimon\u201d. Masinile nu vor mai \u00eentoarce la \u201eRepublica\u201d, a\u0219a cum se \u00eent\u00e2mpl\u0103 \u00een prezent. Astfel, vehiculele vor efectua sta\u021bia din interiorul terminalului \u201ePantelimon\u201d, la peronul 3. Apoi vor circula pe \u0218os. Pantelimon, Bd. Biruin\u021bei \u0219i vor continua pe traseele de [&hellip;]<\/p>\n","protected":false},"author":49,"featured_media":90084,"comment_status":"closed","ping_status":"open","sticky":false,"template":"","format":"standard","meta":{"_acf_changed":false,"inline_featured_image":false,"ngg_post_thumbnail":0,"footnotes":""},"categories":[6994,62,650],"tags":[13229,1545,8391,2842],"ppma_author":[22574],"class_list":["post-90082","post","type-post","status-publish","format-standard","has-post-thumbnail","hentry","category-stiri-2","category-stiri","category-transport","tag-bd-biruintei","tag-pantelimon","tag-statia-republica","tag-tpbi"],"acf":[],"yoast_head":"<!-- This site is optimized with the Yoast SEO Premium plugin v25.3 (Yoast SEO v27.4) - https:\/\/yoast.com\/product\/yoast-seo-premium-wordpress\/ -->\n<title>Liniile 452, 457 \u0219i 458 vor avea cap\u0103tul la terminalul \u201ePantelimon\u201d, de s\u00e2mb\u0103t\u0103 - Buletin de Bucure\u0219ti<\/title>\n<meta name=\"robots\" content=\"index, follow, max-snippet:-1, max-image-preview:large, max-video-preview:-1\" \/>\n<link rel=\"canonical\" href=\"https:\/\/buletin.de\/bucuresti\/liniile-452-457-si-458-vor-avea-capatul-la-terminalul-pantelimon-de-sambata\/\" \/>\n<meta property=\"og:locale\" content=\"en_GB\" \/>\n<meta property=\"og:type\" content=\"article\" \/>\n<meta property=\"og:title\" content=\"Liniile 452, 457 \u0219i 458 vor avea cap\u0103tul la terminalul \u201ePantelimon\u201d, de s\u00e2mb\u0103t\u0103\" \/>\n<meta property=\"og:description\" content=\"TPBI anun\u021b\u0103 c\u0103, incep\u00e2nd de\u00a0s\u00e2mb\u0103t\u0103, 06 iulie, autobuzele\u00a0liniilor 452, 457 \u0219i 458\u00a0vor avea cap\u0103tul la terminalul\u00a0\u201ePantelimon\u201d. Masinile nu vor mai \u00eentoarce la \u201eRepublica\u201d, a\u0219a cum se \u00eent\u00e2mpl\u0103 \u00een prezent. Astfel, vehiculele vor efectua sta\u021bia din interiorul terminalului \u201ePantelimon\u201d, la peronul 3. Apoi vor circula pe \u0218os. Pantelimon, Bd. Biruin\u021bei \u0219i vor continua pe traseele de [&hellip;]\" \/>\n<meta property=\"og:url\" content=\"https:\/\/buletin.de\/bucuresti\/liniile-452-457-si-458-vor-avea-capatul-la-terminalul-pantelimon-de-sambata\/\" \/>\n<meta property=\"og:site_name\" content=\"Buletin de Bucure\u0219ti\" \/>\n<meta property=\"article:publisher\" content=\"https:\/\/www.facebook.com\/buletin.de.buc\" \/>\n<meta property=\"article:published_time\" content=\"2024-07-05T10:21:41+00:00\" \/>\n<meta property=\"og:image\" content=\"https:\/\/buletin.de\/bucuresti\/wp-content\/uploads\/pantelimon-iulie-fb-002-1-900x755.png\" \/>\n\t<meta property=\"og:image:width\" content=\"900\" \/>\n\t<meta property=\"og:image:height\" content=\"755\" \/>\n\t<meta property=\"og:image:type\" content=\"image\/png\" \/>\n<meta name=\"author\" content=\"Diana Matei\" \/>\n<meta name=\"twitter:card\" content=\"summary_large_image\" \/>\n<meta name=\"twitter:label1\" content=\"Written by\" \/>\n\t<meta name=\"twitter:data1\" content=\"Diana Matei\" \/>\n\t<meta name=\"twitter:label2\" content=\"Estimated reading time\" \/>\n\t<meta name=\"twitter:data2\" content=\"1 minute\" \/>\n<script type=\"application\/ld+json\" class=\"yoast-schema-graph\">{\"@context\":\"https:\\\/\\\/schema.org\",\"@graph\":[{\"@type\":\"Article\",\"@id\":\"https:\\\/\\\/buletin.de\\\/bucuresti\\\/liniile-452-457-si-458-vor-avea-capatul-la-terminalul-pantelimon-de-sambata\\\/#article\",\"isPartOf\":{\"@id\":\"https:\\\/\\\/buletin.de\\\/bucuresti\\\/liniile-452-457-si-458-vor-avea-capatul-la-terminalul-pantelimon-de-sambata\\\/\"},\"author\":{\"name\":\"Diana Matei\",\"@id\":\"https:\\\/\\\/buletin.de\\\/bucuresti\\\/#\\\/schema\\\/person\\\/7e46040573290777280a0835d81ea4ea\"},\"headline\":\"Liniile 452, 457 \u0219i 458 vor avea cap\u0103tul la terminalul \u201ePantelimon\u201d, de s\u00e2mb\u0103t\u0103\",\"datePublished\":\"2024-07-05T10:21:41+00:00\",\"mainEntityOfPage\":{\"@id\":\"https:\\\/\\\/buletin.de\\\/bucuresti\\\/liniile-452-457-si-458-vor-avea-capatul-la-terminalul-pantelimon-de-sambata\\\/\"},\"wordCount\":115,\"publisher\":{\"@id\":\"https:\\\/\\\/buletin.de\\\/bucuresti\\\/#organization\"},\"image\":{\"@id\":\"https:\\\/\\\/buletin.de\\\/bucuresti\\\/liniile-452-457-si-458-vor-avea-capatul-la-terminalul-pantelimon-de-sambata\\\/#primaryimage\"},\"thumbnailUrl\":\"https:\\\/\\\/buletin.de\\\/bucuresti\\\/wp-content\\\/uploads\\\/pantelimon-iulie-fb-002-1.png\",\"keywords\":[\"Bd. Biruintei\",\"Pantelimon\",\"Statia Republica\",\"tpbi\"],\"articleSection\":[\"Articole\",\"\u0218tiri\",\"Transport\"],\"inLanguage\":\"en-GB\",\"copyrightYear\":\"2024\",\"copyrightHolder\":{\"@id\":\"https:\\\/\\\/buletin.de\\\/bucuresti\\\/#organization\"}},{\"@type\":\"WebPage\",\"@id\":\"https:\\\/\\\/buletin.de\\\/bucuresti\\\/liniile-452-457-si-458-vor-avea-capatul-la-terminalul-pantelimon-de-sambata\\\/\",\"url\":\"https:\\\/\\\/buletin.de\\\/bucuresti\\\/liniile-452-457-si-458-vor-avea-capatul-la-terminalul-pantelimon-de-sambata\\\/\",\"name\":\"Liniile 452, 457 \u0219i 458 vor avea cap\u0103tul la terminalul \u201ePantelimon\u201d, de s\u00e2mb\u0103t\u0103 - Buletin de Bucure\u0219ti\",\"isPartOf\":{\"@id\":\"https:\\\/\\\/buletin.de\\\/bucuresti\\\/#website\"},\"primaryImageOfPage\":{\"@id\":\"https:\\\/\\\/buletin.de\\\/bucuresti\\\/liniile-452-457-si-458-vor-avea-capatul-la-terminalul-pantelimon-de-sambata\\\/#primaryimage\"},\"image\":{\"@id\":\"https:\\\/\\\/buletin.de\\\/bucuresti\\\/liniile-452-457-si-458-vor-avea-capatul-la-terminalul-pantelimon-de-sambata\\\/#primaryimage\"},\"thumbnailUrl\":\"https:\\\/\\\/buletin.de\\\/bucuresti\\\/wp-content\\\/uploads\\\/pantelimon-iulie-fb-002-1.png\",\"datePublished\":\"2024-07-05T10:21:41+00:00\",\"breadcrumb\":{\"@id\":\"https:\\\/\\\/buletin.de\\\/bucuresti\\\/liniile-452-457-si-458-vor-avea-capatul-la-terminalul-pantelimon-de-sambata\\\/#breadcrumb\"},\"inLanguage\":\"en-GB\",\"potentialAction\":[{\"@type\":\"ReadAction\",\"target\":[\"https:\\\/\\\/buletin.de\\\/bucuresti\\\/liniile-452-457-si-458-vor-avea-capatul-la-terminalul-pantelimon-de-sambata\\\/\"]}]},{\"@type\":\"ImageObject\",\"inLanguage\":\"en-GB\",\"@id\":\"https:\\\/\\\/buletin.de\\\/bucuresti\\\/liniile-452-457-si-458-vor-avea-capatul-la-terminalul-pantelimon-de-sambata\\\/#primaryimage\",\"url\":\"https:\\\/\\\/buletin.de\\\/bucuresti\\\/wp-content\\\/uploads\\\/pantelimon-iulie-fb-002-1.png\",\"contentUrl\":\"https:\\\/\\\/buletin.de\\\/bucuresti\\\/wp-content\\\/uploads\\\/pantelimon-iulie-fb-002-1.png\",\"width\":2000,\"height\":1677,\"caption\":\"FOTO: TPBI\"},{\"@type\":\"BreadcrumbList\",\"@id\":\"https:\\\/\\\/buletin.de\\\/bucuresti\\\/liniile-452-457-si-458-vor-avea-capatul-la-terminalul-pantelimon-de-sambata\\\/#breadcrumb\",\"itemListElement\":[{\"@type\":\"ListItem\",\"position\":1,\"name\":\"Acas\u0103\",\"item\":\"https:\\\/\\\/buletin.de\\\/bucuresti\\\/\"},{\"@type\":\"ListItem\",\"position\":2,\"name\":\"Liniile 452, 457 \u0219i 458 vor avea cap\u0103tul la terminalul \u201ePantelimon\u201d, de s\u00e2mb\u0103t\u0103\"}]},{\"@type\":\"WebSite\",\"@id\":\"https:\\\/\\\/buletin.de\\\/bucuresti\\\/#website\",\"url\":\"https:\\\/\\\/buletin.de\\\/bucuresti\\\/\",\"name\":\"Buletin de Bucure\u0219ti\",\"description\":\"\u0218tiri \u0219i investiga\u021bii esen\u021biale din capital\u0103\",\"publisher\":{\"@id\":\"https:\\\/\\\/buletin.de\\\/bucuresti\\\/#organization\"},\"potentialAction\":[{\"@type\":\"SearchAction\",\"target\":{\"@type\":\"EntryPoint\",\"urlTemplate\":\"https:\\\/\\\/buletin.de\\\/bucuresti\\\/?s={search_term_string}\"},\"query-input\":{\"@type\":\"PropertyValueSpecification\",\"valueRequired\":true,\"valueName\":\"search_term_string\"}}],\"inLanguage\":\"en-GB\"},{\"@type\":\"Organization\",\"@id\":\"https:\\\/\\\/buletin.de\\\/bucuresti\\\/#organization\",\"name\":\"Buletin de Bucure\u0219ti\",\"url\":\"https:\\\/\\\/buletin.de\\\/bucuresti\\\/\",\"logo\":{\"@type\":\"ImageObject\",\"inLanguage\":\"en-GB\",\"@id\":\"https:\\\/\\\/buletin.de\\\/bucuresti\\\/#\\\/schema\\\/logo\\\/image\\\/\",\"url\":\"https:\\\/\\\/buletin.de\\\/bucuresti\\\/wp-content\\\/uploads\\\/logo-bdb-full-wide-vernil-transparent.png\",\"contentUrl\":\"https:\\\/\\\/buletin.de\\\/bucuresti\\\/wp-content\\\/uploads\\\/logo-bdb-full-wide-vernil-transparent.png\",\"width\":1782,\"height\":626,\"caption\":\"Buletin de Bucure\u0219ti\"},\"image\":{\"@id\":\"https:\\\/\\\/buletin.de\\\/bucuresti\\\/#\\\/schema\\\/logo\\\/image\\\/\"},\"sameAs\":[\"https:\\\/\\\/www.facebook.com\\\/buletin.de.buc\",\"https:\\\/\\\/www.instagram.com\\\/buletinde.bucuresti\\\/\"]},{\"@type\":\"Person\",\"@id\":\"https:\\\/\\\/buletin.de\\\/bucuresti\\\/#\\\/schema\\\/person\\\/7e46040573290777280a0835d81ea4ea\",\"name\":\"Diana Matei\",\"image\":{\"@type\":\"ImageObject\",\"inLanguage\":\"en-GB\",\"@id\":\"https:\\\/\\\/buletin.de\\\/bucuresti\\\/wp-content\\\/uploads\\\/9-2-96x96.jpg1e8590b30871d70e62ebcdaf2eff570c\",\"url\":\"https:\\\/\\\/buletin.de\\\/bucuresti\\\/wp-content\\\/uploads\\\/9-2-96x96.jpg\",\"contentUrl\":\"https:\\\/\\\/buletin.de\\\/bucuresti\\\/wp-content\\\/uploads\\\/9-2-96x96.jpg\",\"caption\":\"Diana Matei\"},\"url\":\"https:\\\/\\\/buletin.de\\\/bucuresti\\\/author\\\/dianamatei\\\/\"}]}<\/script>\n<!-- \/ Yoast SEO Premium plugin. -->","yoast_head_json":{"title":"Liniile 452, 457 \u0219i 458 vor avea cap\u0103tul la terminalul \u201ePantelimon\u201d, de s\u00e2mb\u0103t\u0103 - Buletin de Bucure\u0219ti","robots":{"index":"index","follow":"follow","max-snippet":"max-snippet:-1","max-image-preview":"max-image-preview:large","max-video-preview":"max-video-preview:-1"},"canonical":"https:\/\/buletin.de\/bucuresti\/liniile-452-457-si-458-vor-avea-capatul-la-terminalul-pantelimon-de-sambata\/","og_locale":"en_GB","og_type":"article","og_title":"Liniile 452, 457 \u0219i 458 vor avea cap\u0103tul la terminalul \u201ePantelimon\u201d, de s\u00e2mb\u0103t\u0103","og_description":"TPBI anun\u021b\u0103 c\u0103, incep\u00e2nd de\u00a0s\u00e2mb\u0103t\u0103, 06 iulie, autobuzele\u00a0liniilor 452, 457 \u0219i 458\u00a0vor avea cap\u0103tul la terminalul\u00a0\u201ePantelimon\u201d. Masinile nu vor mai \u00eentoarce la \u201eRepublica\u201d, a\u0219a cum se \u00eent\u00e2mpl\u0103 \u00een prezent. Astfel, vehiculele vor efectua sta\u021bia din interiorul terminalului \u201ePantelimon\u201d, la peronul 3. Apoi vor circula pe \u0218os. Pantelimon, Bd. Biruin\u021bei \u0219i vor continua pe traseele de [&hellip;]","og_url":"https:\/\/buletin.de\/bucuresti\/liniile-452-457-si-458-vor-avea-capatul-la-terminalul-pantelimon-de-sambata\/","og_site_name":"Buletin de Bucure\u0219ti","article_publisher":"https:\/\/www.facebook.com\/buletin.de.buc","article_published_time":"2024-07-05T10:21:41+00:00","og_image":[{"width":900,"height":755,"url":"https:\/\/buletin.de\/bucuresti\/wp-content\/uploads\/pantelimon-iulie-fb-002-1-900x755.png","type":"image\/png"}],"author":"Diana Matei","twitter_card":"summary_large_image","twitter_misc":{"Written by":"Diana Matei","Estimated reading time":"1 minute"},"schema":{"@context":"https:\/\/schema.org","@graph":[{"@type":"Article","@id":"https:\/\/buletin.de\/bucuresti\/liniile-452-457-si-458-vor-avea-capatul-la-terminalul-pantelimon-de-sambata\/#article","isPartOf":{"@id":"https:\/\/buletin.de\/bucuresti\/liniile-452-457-si-458-vor-avea-capatul-la-terminalul-pantelimon-de-sambata\/"},"author":{"name":"Diana Matei","@id":"https:\/\/buletin.de\/bucuresti\/#\/schema\/person\/7e46040573290777280a0835d81ea4ea"},"headline":"Liniile 452, 457 \u0219i 458 vor avea cap\u0103tul la terminalul \u201ePantelimon\u201d, de s\u00e2mb\u0103t\u0103","datePublished":"2024-07-05T10:21:41+00:00","mainEntityOfPage":{"@id":"https:\/\/buletin.de\/bucuresti\/liniile-452-457-si-458-vor-avea-capatul-la-terminalul-pantelimon-de-sambata\/"},"wordCount":115,"publisher":{"@id":"https:\/\/buletin.de\/bucuresti\/#organization"},"image":{"@id":"https:\/\/buletin.de\/bucuresti\/liniile-452-457-si-458-vor-avea-capatul-la-terminalul-pantelimon-de-sambata\/#primaryimage"},"thumbnailUrl":"https:\/\/buletin.de\/bucuresti\/wp-content\/uploads\/pantelimon-iulie-fb-002-1.png","keywords":["Bd. Biruintei","Pantelimon","Statia Republica","tpbi"],"articleSection":["Articole","\u0218tiri","Transport"],"inLanguage":"en-GB","copyrightYear":"2024","copyrightHolder":{"@id":"https:\/\/buletin.de\/bucuresti\/#organization"}},{"@type":"WebPage","@id":"https:\/\/buletin.de\/bucuresti\/liniile-452-457-si-458-vor-avea-capatul-la-terminalul-pantelimon-de-sambata\/","url":"https:\/\/buletin.de\/bucuresti\/liniile-452-457-si-458-vor-avea-capatul-la-terminalul-pantelimon-de-sambata\/","name":"Liniile 452, 457 \u0219i 458 vor avea cap\u0103tul la terminalul \u201ePantelimon\u201d, de s\u00e2mb\u0103t\u0103 - Buletin de Bucure\u0219ti","isPartOf":{"@id":"https:\/\/buletin.de\/bucuresti\/#website"},"primaryImageOfPage":{"@id":"https:\/\/buletin.de\/bucuresti\/liniile-452-457-si-458-vor-avea-capatul-la-terminalul-pantelimon-de-sambata\/#primaryimage"},"image":{"@id":"https:\/\/buletin.de\/bucuresti\/liniile-452-457-si-458-vor-avea-capatul-la-terminalul-pantelimon-de-sambata\/#primaryimage"},"thumbnailUrl":"https:\/\/buletin.de\/bucuresti\/wp-content\/uploads\/pantelimon-iulie-fb-002-1.png","datePublished":"2024-07-05T10:21:41+00:00","breadcrumb":{"@id":"https:\/\/buletin.de\/bucuresti\/liniile-452-457-si-458-vor-avea-capatul-la-terminalul-pantelimon-de-sambata\/#breadcrumb"},"inLanguage":"en-GB","potentialAction":[{"@type":"ReadAction","target":["https:\/\/buletin.de\/bucuresti\/liniile-452-457-si-458-vor-avea-capatul-la-terminalul-pantelimon-de-sambata\/"]}]},{"@type":"ImageObject","inLanguage":"en-GB","@id":"https:\/\/buletin.de\/bucuresti\/liniile-452-457-si-458-vor-avea-capatul-la-terminalul-pantelimon-de-sambata\/#primaryimage","url":"https:\/\/buletin.de\/bucuresti\/wp-content\/uploads\/pantelimon-iulie-fb-002-1.png","contentUrl":"https:\/\/buletin.de\/bucuresti\/wp-content\/uploads\/pantelimon-iulie-fb-002-1.png","width":2000,"height":1677,"caption":"FOTO: TPBI"},{"@type":"BreadcrumbList","@id":"https:\/\/buletin.de\/bucuresti\/liniile-452-457-si-458-vor-avea-capatul-la-terminalul-pantelimon-de-sambata\/#breadcrumb","itemListElement":[{"@type":"ListItem","position":1,"name":"Acas\u0103","item":"https:\/\/buletin.de\/bucuresti\/"},{"@type":"ListItem","position":2,"name":"Liniile 452, 457 \u0219i 458 vor avea cap\u0103tul la terminalul \u201ePantelimon\u201d, de s\u00e2mb\u0103t\u0103"}]},{"@type":"WebSite","@id":"https:\/\/buletin.de\/bucuresti\/#website","url":"https:\/\/buletin.de\/bucuresti\/","name":"Buletin de Bucure\u0219ti","description":"\u0218tiri \u0219i investiga\u021bii esen\u021biale din capital\u0103","publisher":{"@id":"https:\/\/buletin.de\/bucuresti\/#organization"},"potentialAction":[{"@type":"SearchAction","target":{"@type":"EntryPoint","urlTemplate":"https:\/\/buletin.de\/bucuresti\/?s={search_term_string}"},"query-input":{"@type":"PropertyValueSpecification","valueRequired":true,"valueName":"search_term_string"}}],"inLanguage":"en-GB"},{"@type":"Organization","@id":"https:\/\/buletin.de\/bucuresti\/#organization","name":"Buletin de Bucure\u0219ti","url":"https:\/\/buletin.de\/bucuresti\/","logo":{"@type":"ImageObject","inLanguage":"en-GB","@id":"https:\/\/buletin.de\/bucuresti\/#\/schema\/logo\/image\/","url":"https:\/\/buletin.de\/bucuresti\/wp-content\/uploads\/logo-bdb-full-wide-vernil-transparent.png","contentUrl":"https:\/\/buletin.de\/bucuresti\/wp-content\/uploads\/logo-bdb-full-wide-vernil-transparent.png","width":1782,"height":626,"caption":"Buletin de Bucure\u0219ti"},"image":{"@id":"https:\/\/buletin.de\/bucuresti\/#\/schema\/logo\/image\/"},"sameAs":["https:\/\/www.facebook.com\/buletin.de.buc","https:\/\/www.instagram.com\/buletinde.bucuresti\/"]},{"@type":"Person","@id":"https:\/\/buletin.de\/bucuresti\/#\/schema\/person\/7e46040573290777280a0835d81ea4ea","name":"Diana Matei","image":{"@type":"ImageObject","inLanguage":"en-GB","@id":"https:\/\/buletin.de\/bucuresti\/wp-content\/uploads\/9-2-96x96.jpg1e8590b30871d70e62ebcdaf2eff570c","url":"https:\/\/buletin.de\/bucuresti\/wp-content\/uploads\/9-2-96x96.jpg","contentUrl":"https:\/\/buletin.de\/bucuresti\/wp-content\/uploads\/9-2-96x96.jpg","caption":"Diana Matei"},"url":"https:\/\/buletin.de\/bucuresti\/author\/dianamatei\/"}]}},"authors":[{"term_id":22574,"user_id":49,"is_guest":0,"slug":"dianamatei","display_name":"Diana Matei","avatar_url":"https:\/\/buletin.de\/bucuresti\/wp-content\/uploads\/9-2-96x96.jpg","0":null,"1":"","2":"","3":"","4":"","5":"","6":"","7":"","8":""}],"_links":{"self":[{"href":"https:\/\/buletin.de\/bucuresti\/wp-json\/wp\/v2\/posts\/90082","targetHints":{"allow":["GET"]}}],"collection":[{"href":"https:\/\/buletin.de\/bucuresti\/wp-json\/wp\/v2\/posts"}],"about":[{"href":"https:\/\/buletin.de\/bucuresti\/wp-json\/wp\/v2\/types\/post"}],"author":[{"embeddable":true,"href":"https:\/\/buletin.de\/bucuresti\/wp-json\/wp\/v2\/users\/49"}],"replies":[{"embeddable":true,"href":"https:\/\/buletin.de\/bucuresti\/wp-json\/wp\/v2\/comments?post=90082"}],"version-history":[{"count":2,"href":"https:\/\/buletin.de\/bucuresti\/wp-json\/wp\/v2\/posts\/90082\/revisions"}],"predecessor-version":[{"id":90092,"href":"https:\/\/buletin.de\/bucuresti\/wp-json\/wp\/v2\/posts\/90082\/revisions\/90092"}],"wp:featuredmedia":[{"embeddable":true,"href":"https:\/\/buletin.de\/bucuresti\/wp-json\/wp\/v2\/media\/90084"}],"wp:attachment":[{"href":"https:\/\/buletin.de\/bucuresti\/wp-json\/wp\/v2\/media?parent=90082"}],"wp:term":[{"taxonomy":"category","embeddable":true,"href":"https:\/\/buletin.de\/bucuresti\/wp-json\/wp\/v2\/categories?post=90082"},{"taxonomy":"post_tag","embeddable":true,"href":"https:\/\/buletin.de\/bucuresti\/wp-json\/wp\/v2\/tags?post=90082"},{"taxonomy":"author","embeddable":true,"href":"https:\/\/buletin.de\/bucuresti\/wp-json\/wp\/v2\/ppma_author?post=90082"}],"curies":[{"name":"wp","href":"https:\/\/api.w.org\/{rel}","templated":true}]}}