{"id":90063,"date":"2024-07-06T10:00:00","date_gmt":"2024-07-06T07:00:00","guid":{"rendered":"https:\/\/buletin.de\/bucuresti\/?p=90063"},"modified":"2024-07-06T15:37:51","modified_gmt":"2024-07-06T12:37:51","slug":"inca-un-weekend-cu-strazi-deschise-bucuresti-promenada-urbana-concerte-teatru-si-dans-pe-calea-victoriei","status":"publish","type":"post","link":"https:\/\/buletin.de\/bucuresti\/inca-un-weekend-cu-strazi-deschise-bucuresti-promenada-urbana-concerte-teatru-si-dans-pe-calea-victoriei\/","title":{"rendered":"\u00cenc\u0103 un weekend cu \u201eStr\u0103zi deschise, Bucure\u015fti \u2013 Promenad\u0103 urban\u0103\u201d. Concerte, teatru \u0219i dans, pe Calea Victoriei"},"content":{"rendered":"\n<p><strong>\u201eStr\u0103zi deschise, Bucure\u015fti \u2013 Promenad\u0103 urban\u0103\u201d are loc \u0219i \u00een acest weekend, la Bucure\u0219ti. Evenimentul se desf\u0103\u0219oar\u0103 pe Calea Victoriei \u0219i strada Giuseppe Verdi, din Sectorul 2.<\/strong><\/p>\n\n\n\n<p>Ca de fiecare dat\u0103, se vor organiza activit\u0103\u021bi dedicate publicului: concerte stradale, spectacole de teatru \u0219i dans, ateliere pentru copii, demonstra\u021bii de pictur\u0103.<\/p>\n\n\n\n<p><strong>PROGRAMUL EVENIMENTULUI<\/strong><\/p>\n\n\n\n<p><strong>S\u00c2MB\u0102T\u0102, 6 IULIE <\/strong><\/p>\n\n\n\n<p>Calea Victoriei \u2013 Muzeul Municipiului Bucure\u0219ti \u2013 Casa Filipescu-Cesianu<\/p>\n\n\n\n<p>10:00 \u2013 17:30: \u201eMuzeul V\u00e2rstelor \u2013 de la copil\u0103rie la senectute\u201d \/\/ \u201e\u00cen apropierea sfin\u021bilor. Frescele M\u0103n\u0103stirii V\u0103c\u0103re\u0219ti dup\u0103 40 de ani\u201d \u2013 expozi\u021bii permanente (Muzeul Municipiului Bucure\u0219ti).<\/p>\n\n\n\n<p><strong>Calea Victoriei \u2013 zona Teatrul Odeon<\/strong><\/p>\n\n\n\n<p>10:00 \u2013 21:00: ODEON Theatre Fountain \u2013 instala\u021bie de art\u0103 interactiv\u0103 (Teatrul Odeon).<\/p>\n\n\n\n<p><strong>Calea Victoriei \u2013 zona Muzeul Na\u021bional de Istorie a Rom\u00e2niei \/ Palatul CEC<\/strong><\/p>\n\n\n\n<p>17:00 \u2013 20:00: PPC \u0219i Itsy Bitsy energizeaz\u0103 atmosfera \u00een direct pe Calea Victoriei \u2013 miniparty pentru copii &amp; interven\u021bii live la radio (PPC \u0219i Itsy Bitsy);<\/p>\n\n\n\n<p><strong>Calea Victoriei \u2013 zona Monumentul Rena\u0219terii\u00a0<\/strong><\/p>\n\n\n\n<p>19:30 \u2013 20:00: Minishow de acroba\u021bie (Circul Metropolitan Bucure\u0219ti);<\/p>\n\n\n\n<p><strong>Sectorul 4 \u2013 Strada Cuza Vod\u0103 nr. 100\u00a0<\/strong><\/p>\n\n\n\n<p>14:00 \u2013 20:00: \u201eDesene invizibile\u201d \u2013 workshop de pictur\u0103 pentru copii \u2013 expert: Ioana Ionescu (\u0218coala de Art\u0103 Bucure\u0219ti);<\/p>\n\n\n\n<p><strong>Sectorul 2 \u2013 Strada Giuseppe Verdi (\u00eentre Strada Barbu V\u0103c\u0103rescu \u0219i Strada Giuseppe Garibaldi)<\/strong><\/p>\n\n\n\n<ul class=\"wp-block-list\">\n<li>09:00 \u2013 21:00: Activit\u0103\u021bi sportive \u2013 teren de baschet \u0219i mas\u0103 de ping-pong;<\/li>\n\n\n\n<li>10:00 \u2013 11:00: Cvartet acustic \u2013 Petru Giurc\u0103neanu (chitar\u0103), Antonio Iliosu (contrabas), Mihai Munteanu (tobe), C\u0103t\u0103lin Toma (saxofon);<\/li>\n\n\n\n<li>10:30 \u2013 11:00: Parada Personajelor (Opera Comic\u0103 pentru Copii);<\/li>\n\n\n\n<li>11:00 \u2013 11:30: \u201eMAGITOT sunt eu\u201d \u2013 spectacol de magie (Teatrul Dramaturgilor Rom\u00e2ni)&nbsp;&nbsp;<\/li>\n\n\n\n<li>11:30 \u2013 12:00: Atelier de jocuri teatrale (Teatrul Mic)<\/li>\n\n\n\n<li>12:00 \u2013 12:30: \u201eStela \u00een vacan\u021b\u0103\u201d \u2013 atelier de joac\u0103 (Teatrul \u201eStela Popescu\u201d);<\/li>\n\n\n\n<li>13:00 \u2013 20:00: Caricaturi \u2013 Vasile Catrina;<\/li>\n\n\n\n<li>13:00 \u2013 16:00: Ateliere de pictur\u0103 pe p\u00e2nz\u0103 (AKKA Show);<\/li>\n\n\n\n<li>16:00 \u2013 19:00: Instala\u021bia PIXELATA (Asocia\u021bia nonprofit Alucro);<\/li>\n\n\n\n<li>17:00 \u2013 20:00: \u201eZei de zi cu zi\u201d \u2013 instala\u021bie interactiv\u0103 (Teatrul Masca);<\/li>\n\n\n\n<li>17:00 \u2013 18:00: \u201eCapra cu trei iezi\u201d \u2013 spectacol de teatru pentru copii (Teatrul de Anima\u021bie \u021a\u0103nd\u0103ric\u0103);<\/li>\n\n\n\n<li>18:00 \u2013 19:00: Concert de muzic\u0103 popular\u0103, sec\u021bia Canto Muzic\u0103 Popular\u0103 \u2013 expert: Maria Constantin (\u0218coala de Art\u0103 Bucure\u0219ti);<\/li>\n\n\n\n<li>19:00 \u2013 20:00: Spectacol de dans modern \u0219i contemporan, sec\u021bia Coregrafie \u2013 expert: Elena Zamfirescu (\u0218coala de Art\u0103 Bucure\u0219ti);<\/li>\n\n\n\n<li>20:00 \u2013 21:00: Concert de percu\u021bie, sec\u021bia Percu\u021bie \u2013 expert: Pavel Stoica (\u0218coala de Art\u0103 Bucure\u0219ti).<\/li>\n<\/ul>\n\n\n\n<p><strong>DUMINIC\u0102, 7 IULIE 2024<\/strong><\/p>\n\n\n\n<p><strong>Calea Victoriei \u2013 Muzeul Municipiului Bucure\u0219ti \u2013 Casa Filipescu-Cesianu<\/strong><\/p>\n\n\n\n<p>10:00 \u2013 17:30: \u201eMuzeul V\u00e2rstelor \u2013 de la copil\u0103rie la senectute\u201d \/\/ \u201e\u00cen apropierea sfin\u021bilor. Frescele M\u0103n\u0103stirii V\u0103c\u0103re\u0219ti dup\u0103 40 de ani\u201d \u2013 expozi\u021bii permanente (Muzeul Municipiului Bucure\u0219ti);<\/p>\n\n\n\n<p><strong>Calea Victoriei \u2013 zona Teatrul Odeon<\/strong><\/p>\n\n\n\n<p>10:00 \u2013 21:00: ODEON Theatre Fountain \u2013 instala\u021bie de art\u0103 interactiv\u0103 (Teatrul Odeon);<\/p>\n\n\n\n<p><strong>Calea Victoriei \u2013 zona Cercul Militar Na\u021bional<\/strong><\/p>\n\n\n\n<ul class=\"wp-block-list\">\n<li>16:00 \u2013 21:00: Spectacol oferit de Muzica Militar\u0103 Reprezentativ\u0103 a Jandarmeriei Rom\u00e2ne \/\/ Exerci\u021bii de tip drill cu personalul G\u0103rzii de Onoare a Jandarmeriei Rom\u00e2ne (Inspectoratul General al Jandarmeriei Rom\u00e2ne \u2013 Baza de Administrare \u0219i Deservire a Jandarmeriei Rom\u00e2ne);<\/li>\n\n\n\n<li>16:00 \u2013 21:00: Demonstra\u021bii cu echipaje ecvestre \u0219i canine (Direc\u021bia General\u0103 de Jandarmi a Municipiului Bucure\u0219ti).<\/li>\n<\/ul>\n\n\n\n<p><strong>Calea Victoriei \u2013 zona Muzeul Na\u021bional de Art\u0103 al Rom\u00e2niei (spre Biserica Kretzulescu)<\/strong><\/p>\n\n\n\n<p>18:00 \u2013 19:20: \u201eFreestyle Puppetry\u201d \u2013 spectacol de anima\u021bie (Teatrul de Anima\u021bie \u021a\u0103nd\u0103ric\u0103).<\/p>\n\n\n\n<p><strong>Sectorul 2 \u2013 Strada Giuseppe Verdi (\u00eentre Strada Barbu V\u0103c\u0103rescu \u0219i Strada Giuseppe Garibaldi)<\/strong><\/p>\n\n\n\n<ul class=\"wp-block-list\">\n<li>09:00 \u2013 21:00: Activit\u0103\u021bi sportive \u2013 teren de baschet \u0219i mas\u0103 de ping-pong;<\/li>\n\n\n\n<li>10:00 \u2013 12:00: Party zone \u2013 activit\u0103\u021bi de modelare baloane \u0219i studio de hair styling (AKKA Show);<\/li>\n\n\n\n<li>11:00 \u2013 11:30: Parada Personajelor (Opera Comic\u0103 pentru Copii);<\/li>\n\n\n\n<li>12:00 \u2013 12:30: \u201eStela \u00een vacan\u021b\u0103\u201d \u2013 atelier de joac\u0103 (Teatrul \u201eStela Popescu\u201d);<\/li>\n\n\n\n<li>12:00 \u2013 14:00: Ateliere de construc\u021bie \u0219i instruc\u021biuni de m\u00e2nuire p\u0103pu\u0219i \u2013 Br\u00e2ndu\u0219a Oanc\u0103;<\/li>\n\n\n\n<li>13:00 \u2013 20:00: Caricaturi \u2013 Vasile Catrina;\u00a0<\/li>\n\n\n\n<li>16:00 \u2013 19:00: Instala\u021bia PIXELATA (Asocia\u021bia nonprofit Alucro);<\/li>\n\n\n\n<li>16:00 \u2013 17:00: Cvartet acustic \u2013 Petru Giurc\u0103neanu (chitar\u0103), Antonio Iliosu (contrabas), Mihai Munteanu (tobe), C\u0103t\u0103lin Toma (saxofon);<\/li>\n\n\n\n<li>16:00 \u2013 18:00: Ateliere de pictur\u0103 pe p\u00e2nz\u0103 (AKKA Show);<\/li>\n\n\n\n<li>17:00 \u2013 20:00: \u201eZei de zi cu zi\u201d \u2013 instala\u021bie interactiv\u0103 (Teatrul Masca);<\/li>\n\n\n\n<li>18:00 \u2013 19:00: Concert de muzic\u0103 popular\u0103, sec\u021bia Canto Muzic\u0103 Popular\u0103 \u2013 expert: Maria Constantin (\u0218coala de Art\u0103 Bucure\u0219ti);<\/li>\n\n\n\n<li>19:00 \u2013 20:00: Spectacol de dans modern \u0219i contemporan, sec\u021bia Coregrafie \u2013 expert: Elena Zamfirescu (\u0218coala de Art\u0103 Bucure\u0219ti);<\/li>\n\n\n\n<li>20:00 \u2013 21:00: Concert de percu\u021bie, sec\u021bia Percu\u021bie \u2013 expert: Pavel Stoica (\u0218coala de Art\u0103 Bucure\u0219ti).<\/li>\n<\/ul>\n\n\n\n<p>Pe durata restric\u0163iilor instituite, \u00een weekend, pe Calea Victoriei, se va permite traversarea, pe segmentul de drum bulevardul Dacia, strada \u015etirbei Vod\u0103, strada Ion C\u00e2mpineanu, bulevardul Regina Elisabeta. Traficul Societ\u0103\u0163ii de Transport Bucure\u015fti va fi deviat, f\u0103r\u0103 afectarea c\u0103l\u0103torilor.<\/p>\n\n\n\n<p>\u00cen weekendurile \u00een care se desf\u0103\u015foar\u0103 \u201eStr\u0103zi deschise\u201d, traficul rutier pe Calea Victoriei se reia pe timpul nop\u0163ii de s\u00e2mb\u0103t\u0103 p\u00e2n\u0103 duminic\u0103 diminea\u0163a, de la ora 23,00, p\u00e2n\u0103 la ora 9,00.<\/p>\n\n\n\n<p>\u00cen Sectorul 2, de s\u00e2mb\u0103t\u0103, ora 7:00, p\u00e2n\u0103 luni, 8 iulie, ora 02:00, traficul este restric\u0163ionat pe strada Giuseppe Verdi, pe segmentul de drum dintre str\u0103zile Barbu V\u0103c\u0103rescu \u015fi Giuseppe Garibaldi.<\/p>\n\n\n\n<p><strong>CITE\u0218TE \u0218I:<\/strong><\/p>\n\n\n\n<figure class=\"wp-block-embed is-type-wp-embed is-provider-buletin-de-bucure-ti wp-block-embed-buletin-de-bucure-ti\"><div class=\"wp-block-embed__wrapper\">\n<blockquote class=\"wp-embedded-content\" data-secret=\"AJfDL4nmIw\"><a href=\"https:\/\/buletin.de\/bucuresti\/sector-5-portile-terenurilor-de-sport-ale-scolilor-vor-fi-deschise-pentru-copii-pe-timpul-vacantei\/\">Sector 5 | Por\u021bile terenurilor de sport ale \u0219colilor vor fi deschise pentru copii, pe timpul vacan\u021bei<\/a><\/blockquote><iframe class=\"wp-embedded-content\" sandbox=\"allow-scripts\" security=\"restricted\" style=\"position: absolute; clip: rect(1px, 1px, 1px, 1px);\" title=\"&#8222;Sector 5 | Por\u021bile terenurilor de sport ale \u0219colilor vor fi deschise pentru copii, pe timpul vacan\u021bei&#8221; &#8212; Buletin de Bucure\u0219ti\" src=\"https:\/\/buletin.de\/bucuresti\/sector-5-portile-terenurilor-de-sport-ale-scolilor-vor-fi-deschise-pentru-copii-pe-timpul-vacantei\/embed\/#?secret=8flUDNKp5j#?secret=AJfDL4nmIw\" data-secret=\"AJfDL4nmIw\" width=\"600\" height=\"338\" frameborder=\"0\" marginwidth=\"0\" marginheight=\"0\" scrolling=\"no\"><\/iframe>\n<\/div><\/figure>\n","protected":false},"excerpt":{"rendered":"<p>\u201eStr\u0103zi deschise, Bucure\u015fti \u2013 Promenad\u0103 urban\u0103\u201d are loc \u0219i \u00een acest weekend, la Bucure\u0219ti. Evenimentul se desf\u0103\u0219oar\u0103 pe Calea Victoriei \u0219i strada Giuseppe Verdi, din Sectorul 2. Ca de fiecare dat\u0103, se vor organiza activit\u0103\u021bi dedicate publicului: concerte stradale, spectacole de teatru \u0219i dans, ateliere pentru copii, demonstra\u021bii de pictur\u0103. PROGRAMUL EVENIMENTULUI S\u00c2MB\u0102T\u0102, 6 IULIE [&hellip;]<\/p>\n","protected":false},"author":49,"featured_media":87787,"comment_status":"closed","ping_status":"open","sticky":false,"template":"","format":"standard","meta":{"_acf_changed":false,"inline_featured_image":false,"ngg_post_thumbnail":0,"footnotes":""},"categories":[6994,5762],"tags":[4419,13222,2794,6385],"ppma_author":[22574],"class_list":["post-90063","post","type-post","status-publish","format-standard","has-post-thumbnail","hentry","category-stiri-2","category-main","tag-calea-victoriei","tag-strada-giuseppe-verdi","tag-strazi-deschise","tag-strazi-deschise-promenada-urbana"],"acf":[],"yoast_head":"<!-- This site is optimized with the Yoast SEO Premium plugin v25.3 (Yoast SEO v27.4) - https:\/\/yoast.com\/product\/yoast-seo-premium-wordpress\/ -->\n<title>\u00cenc\u0103 un weekend cu \u201eStr\u0103zi deschise, Bucure\u015fti \u2013 Promenad\u0103 urban\u0103\u201d. Concerte, teatru \u0219i dans, pe Calea Victoriei - Buletin de Bucure\u0219ti<\/title>\n<meta name=\"robots\" content=\"index, follow, max-snippet:-1, max-image-preview:large, max-video-preview:-1\" \/>\n<link rel=\"canonical\" href=\"https:\/\/buletin.de\/bucuresti\/inca-un-weekend-cu-strazi-deschise-bucuresti-promenada-urbana-concerte-teatru-si-dans-pe-calea-victoriei\/\" \/>\n<meta property=\"og:locale\" content=\"en_GB\" \/>\n<meta property=\"og:type\" content=\"article\" \/>\n<meta property=\"og:title\" content=\"\u00cenc\u0103 un weekend cu \u201eStr\u0103zi deschise, Bucure\u015fti \u2013 Promenad\u0103 urban\u0103\u201d. Concerte, teatru \u0219i dans, pe Calea Victoriei\" \/>\n<meta property=\"og:description\" content=\"\u201eStr\u0103zi deschise, Bucure\u015fti \u2013 Promenad\u0103 urban\u0103\u201d are loc \u0219i \u00een acest weekend, la Bucure\u0219ti. Evenimentul se desf\u0103\u0219oar\u0103 pe Calea Victoriei \u0219i strada Giuseppe Verdi, din Sectorul 2. Ca de fiecare dat\u0103, se vor organiza activit\u0103\u021bi dedicate publicului: concerte stradale, spectacole de teatru \u0219i dans, ateliere pentru copii, demonstra\u021bii de pictur\u0103. PROGRAMUL EVENIMENTULUI S\u00c2MB\u0102T\u0102, 6 IULIE [&hellip;]\" \/>\n<meta property=\"og:url\" content=\"https:\/\/buletin.de\/bucuresti\/inca-un-weekend-cu-strazi-deschise-bucuresti-promenada-urbana-concerte-teatru-si-dans-pe-calea-victoriei\/\" \/>\n<meta property=\"og:site_name\" content=\"Buletin de Bucure\u0219ti\" \/>\n<meta property=\"article:publisher\" content=\"https:\/\/www.facebook.com\/buletin.de.buc\" \/>\n<meta property=\"article:published_time\" content=\"2024-07-06T07:00:00+00:00\" \/>\n<meta property=\"article:modified_time\" content=\"2024-07-06T12:37:51+00:00\" \/>\n<meta property=\"og:image\" content=\"https:\/\/buletin.de\/bucuresti\/wp-content\/uploads\/ID233869_INQUAM_Photos_George_Calin.jpg\" \/>\n\t<meta property=\"og:image:width\" content=\"2000\" \/>\n\t<meta property=\"og:image:height\" content=\"1333\" \/>\n\t<meta property=\"og:image:type\" content=\"image\/jpeg\" \/>\n<meta name=\"author\" content=\"Diana Matei\" \/>\n<meta name=\"twitter:card\" content=\"summary_large_image\" \/>\n<meta name=\"twitter:label1\" content=\"Written by\" \/>\n\t<meta name=\"twitter:data1\" content=\"Diana Matei\" \/>\n\t<meta name=\"twitter:label2\" content=\"Estimated reading time\" \/>\n\t<meta name=\"twitter:data2\" content=\"4 minutes\" \/>\n<script type=\"application\/ld+json\" class=\"yoast-schema-graph\">{\"@context\":\"https:\\\/\\\/schema.org\",\"@graph\":[{\"@type\":\"Article\",\"@id\":\"https:\\\/\\\/buletin.de\\\/bucuresti\\\/inca-un-weekend-cu-strazi-deschise-bucuresti-promenada-urbana-concerte-teatru-si-dans-pe-calea-victoriei\\\/#article\",\"isPartOf\":{\"@id\":\"https:\\\/\\\/buletin.de\\\/bucuresti\\\/inca-un-weekend-cu-strazi-deschise-bucuresti-promenada-urbana-concerte-teatru-si-dans-pe-calea-victoriei\\\/\"},\"author\":{\"name\":\"Diana Matei\",\"@id\":\"https:\\\/\\\/buletin.de\\\/bucuresti\\\/#\\\/schema\\\/person\\\/7e46040573290777280a0835d81ea4ea\"},\"headline\":\"\u00cenc\u0103 un weekend cu \u201eStr\u0103zi deschise, Bucure\u015fti \u2013 Promenad\u0103 urban\u0103\u201d. Concerte, teatru \u0219i dans, pe Calea Victoriei\",\"datePublished\":\"2024-07-06T07:00:00+00:00\",\"dateModified\":\"2024-07-06T12:37:51+00:00\",\"mainEntityOfPage\":{\"@id\":\"https:\\\/\\\/buletin.de\\\/bucuresti\\\/inca-un-weekend-cu-strazi-deschise-bucuresti-promenada-urbana-concerte-teatru-si-dans-pe-calea-victoriei\\\/\"},\"wordCount\":806,\"publisher\":{\"@id\":\"https:\\\/\\\/buletin.de\\\/bucuresti\\\/#organization\"},\"image\":{\"@id\":\"https:\\\/\\\/buletin.de\\\/bucuresti\\\/inca-un-weekend-cu-strazi-deschise-bucuresti-promenada-urbana-concerte-teatru-si-dans-pe-calea-victoriei\\\/#primaryimage\"},\"thumbnailUrl\":\"https:\\\/\\\/buletin.de\\\/bucuresti\\\/wp-content\\\/uploads\\\/ID233869_INQUAM_Photos_George_Calin.jpg\",\"keywords\":[\"calea victoriei\",\"strada Giuseppe Verdi\",\"strazi deschise\",\"strazi deschise promenada urbana\"],\"articleSection\":[\"Articole\",\"Main\"],\"inLanguage\":\"en-GB\",\"copyrightYear\":\"2024\",\"copyrightHolder\":{\"@id\":\"https:\\\/\\\/buletin.de\\\/bucuresti\\\/#organization\"}},{\"@type\":\"WebPage\",\"@id\":\"https:\\\/\\\/buletin.de\\\/bucuresti\\\/inca-un-weekend-cu-strazi-deschise-bucuresti-promenada-urbana-concerte-teatru-si-dans-pe-calea-victoriei\\\/\",\"url\":\"https:\\\/\\\/buletin.de\\\/bucuresti\\\/inca-un-weekend-cu-strazi-deschise-bucuresti-promenada-urbana-concerte-teatru-si-dans-pe-calea-victoriei\\\/\",\"name\":\"\u00cenc\u0103 un weekend cu \u201eStr\u0103zi deschise, Bucure\u015fti \u2013 Promenad\u0103 urban\u0103\u201d. Concerte, teatru \u0219i dans, pe Calea Victoriei - Buletin de Bucure\u0219ti\",\"isPartOf\":{\"@id\":\"https:\\\/\\\/buletin.de\\\/bucuresti\\\/#website\"},\"primaryImageOfPage\":{\"@id\":\"https:\\\/\\\/buletin.de\\\/bucuresti\\\/inca-un-weekend-cu-strazi-deschise-bucuresti-promenada-urbana-concerte-teatru-si-dans-pe-calea-victoriei\\\/#primaryimage\"},\"image\":{\"@id\":\"https:\\\/\\\/buletin.de\\\/bucuresti\\\/inca-un-weekend-cu-strazi-deschise-bucuresti-promenada-urbana-concerte-teatru-si-dans-pe-calea-victoriei\\\/#primaryimage\"},\"thumbnailUrl\":\"https:\\\/\\\/buletin.de\\\/bucuresti\\\/wp-content\\\/uploads\\\/ID233869_INQUAM_Photos_George_Calin.jpg\",\"datePublished\":\"2024-07-06T07:00:00+00:00\",\"dateModified\":\"2024-07-06T12:37:51+00:00\",\"breadcrumb\":{\"@id\":\"https:\\\/\\\/buletin.de\\\/bucuresti\\\/inca-un-weekend-cu-strazi-deschise-bucuresti-promenada-urbana-concerte-teatru-si-dans-pe-calea-victoriei\\\/#breadcrumb\"},\"inLanguage\":\"en-GB\",\"potentialAction\":[{\"@type\":\"ReadAction\",\"target\":[\"https:\\\/\\\/buletin.de\\\/bucuresti\\\/inca-un-weekend-cu-strazi-deschise-bucuresti-promenada-urbana-concerte-teatru-si-dans-pe-calea-victoriei\\\/\"]}]},{\"@type\":\"ImageObject\",\"inLanguage\":\"en-GB\",\"@id\":\"https:\\\/\\\/buletin.de\\\/bucuresti\\\/inca-un-weekend-cu-strazi-deschise-bucuresti-promenada-urbana-concerte-teatru-si-dans-pe-calea-victoriei\\\/#primaryimage\",\"url\":\"https:\\\/\\\/buletin.de\\\/bucuresti\\\/wp-content\\\/uploads\\\/ID233869_INQUAM_Photos_George_Calin.jpg\",\"contentUrl\":\"https:\\\/\\\/buletin.de\\\/bucuresti\\\/wp-content\\\/uploads\\\/ID233869_INQUAM_Photos_George_Calin.jpg\",\"width\":2000,\"height\":1333,\"caption\":\"Surs\u0103 Foto: Inquam Photos \\\/ George C\u0103lin\"},{\"@type\":\"BreadcrumbList\",\"@id\":\"https:\\\/\\\/buletin.de\\\/bucuresti\\\/inca-un-weekend-cu-strazi-deschise-bucuresti-promenada-urbana-concerte-teatru-si-dans-pe-calea-victoriei\\\/#breadcrumb\",\"itemListElement\":[{\"@type\":\"ListItem\",\"position\":1,\"name\":\"Acas\u0103\",\"item\":\"https:\\\/\\\/buletin.de\\\/bucuresti\\\/\"},{\"@type\":\"ListItem\",\"position\":2,\"name\":\"\u00cenc\u0103 un weekend cu \u201eStr\u0103zi deschise, Bucure\u015fti \u2013 Promenad\u0103 urban\u0103\u201d. Concerte, teatru \u0219i dans, pe Calea Victoriei\"}]},{\"@type\":\"WebSite\",\"@id\":\"https:\\\/\\\/buletin.de\\\/bucuresti\\\/#website\",\"url\":\"https:\\\/\\\/buletin.de\\\/bucuresti\\\/\",\"name\":\"Buletin de Bucure\u0219ti\",\"description\":\"\u0218tiri \u0219i investiga\u021bii esen\u021biale din capital\u0103\",\"publisher\":{\"@id\":\"https:\\\/\\\/buletin.de\\\/bucuresti\\\/#organization\"},\"potentialAction\":[{\"@type\":\"SearchAction\",\"target\":{\"@type\":\"EntryPoint\",\"urlTemplate\":\"https:\\\/\\\/buletin.de\\\/bucuresti\\\/?s={search_term_string}\"},\"query-input\":{\"@type\":\"PropertyValueSpecification\",\"valueRequired\":true,\"valueName\":\"search_term_string\"}}],\"inLanguage\":\"en-GB\"},{\"@type\":\"Organization\",\"@id\":\"https:\\\/\\\/buletin.de\\\/bucuresti\\\/#organization\",\"name\":\"Buletin de Bucure\u0219ti\",\"url\":\"https:\\\/\\\/buletin.de\\\/bucuresti\\\/\",\"logo\":{\"@type\":\"ImageObject\",\"inLanguage\":\"en-GB\",\"@id\":\"https:\\\/\\\/buletin.de\\\/bucuresti\\\/#\\\/schema\\\/logo\\\/image\\\/\",\"url\":\"https:\\\/\\\/buletin.de\\\/bucuresti\\\/wp-content\\\/uploads\\\/logo-bdb-full-wide-vernil-transparent.png\",\"contentUrl\":\"https:\\\/\\\/buletin.de\\\/bucuresti\\\/wp-content\\\/uploads\\\/logo-bdb-full-wide-vernil-transparent.png\",\"width\":1782,\"height\":626,\"caption\":\"Buletin de Bucure\u0219ti\"},\"image\":{\"@id\":\"https:\\\/\\\/buletin.de\\\/bucuresti\\\/#\\\/schema\\\/logo\\\/image\\\/\"},\"sameAs\":[\"https:\\\/\\\/www.facebook.com\\\/buletin.de.buc\",\"https:\\\/\\\/www.instagram.com\\\/buletinde.bucuresti\\\/\"]},{\"@type\":\"Person\",\"@id\":\"https:\\\/\\\/buletin.de\\\/bucuresti\\\/#\\\/schema\\\/person\\\/7e46040573290777280a0835d81ea4ea\",\"name\":\"Diana Matei\",\"image\":{\"@type\":\"ImageObject\",\"inLanguage\":\"en-GB\",\"@id\":\"https:\\\/\\\/buletin.de\\\/bucuresti\\\/wp-content\\\/uploads\\\/9-2-96x96.jpg1e8590b30871d70e62ebcdaf2eff570c\",\"url\":\"https:\\\/\\\/buletin.de\\\/bucuresti\\\/wp-content\\\/uploads\\\/9-2-96x96.jpg\",\"contentUrl\":\"https:\\\/\\\/buletin.de\\\/bucuresti\\\/wp-content\\\/uploads\\\/9-2-96x96.jpg\",\"caption\":\"Diana Matei\"},\"url\":\"https:\\\/\\\/buletin.de\\\/bucuresti\\\/author\\\/dianamatei\\\/\"}]}<\/script>\n<!-- \/ Yoast SEO Premium plugin. -->","yoast_head_json":{"title":"\u00cenc\u0103 un weekend cu \u201eStr\u0103zi deschise, Bucure\u015fti \u2013 Promenad\u0103 urban\u0103\u201d. Concerte, teatru \u0219i dans, pe Calea Victoriei - Buletin de Bucure\u0219ti","robots":{"index":"index","follow":"follow","max-snippet":"max-snippet:-1","max-image-preview":"max-image-preview:large","max-video-preview":"max-video-preview:-1"},"canonical":"https:\/\/buletin.de\/bucuresti\/inca-un-weekend-cu-strazi-deschise-bucuresti-promenada-urbana-concerte-teatru-si-dans-pe-calea-victoriei\/","og_locale":"en_GB","og_type":"article","og_title":"\u00cenc\u0103 un weekend cu \u201eStr\u0103zi deschise, Bucure\u015fti \u2013 Promenad\u0103 urban\u0103\u201d. Concerte, teatru \u0219i dans, pe Calea Victoriei","og_description":"\u201eStr\u0103zi deschise, Bucure\u015fti \u2013 Promenad\u0103 urban\u0103\u201d are loc \u0219i \u00een acest weekend, la Bucure\u0219ti. Evenimentul se desf\u0103\u0219oar\u0103 pe Calea Victoriei \u0219i strada Giuseppe Verdi, din Sectorul 2. Ca de fiecare dat\u0103, se vor organiza activit\u0103\u021bi dedicate publicului: concerte stradale, spectacole de teatru \u0219i dans, ateliere pentru copii, demonstra\u021bii de pictur\u0103. PROGRAMUL EVENIMENTULUI S\u00c2MB\u0102T\u0102, 6 IULIE [&hellip;]","og_url":"https:\/\/buletin.de\/bucuresti\/inca-un-weekend-cu-strazi-deschise-bucuresti-promenada-urbana-concerte-teatru-si-dans-pe-calea-victoriei\/","og_site_name":"Buletin de Bucure\u0219ti","article_publisher":"https:\/\/www.facebook.com\/buletin.de.buc","article_published_time":"2024-07-06T07:00:00+00:00","article_modified_time":"2024-07-06T12:37:51+00:00","og_image":[{"width":2000,"height":1333,"url":"https:\/\/buletin.de\/bucuresti\/wp-content\/uploads\/ID233869_INQUAM_Photos_George_Calin.jpg","type":"image\/jpeg"}],"author":"Diana Matei","twitter_card":"summary_large_image","twitter_misc":{"Written by":"Diana Matei","Estimated reading time":"4 minutes"},"schema":{"@context":"https:\/\/schema.org","@graph":[{"@type":"Article","@id":"https:\/\/buletin.de\/bucuresti\/inca-un-weekend-cu-strazi-deschise-bucuresti-promenada-urbana-concerte-teatru-si-dans-pe-calea-victoriei\/#article","isPartOf":{"@id":"https:\/\/buletin.de\/bucuresti\/inca-un-weekend-cu-strazi-deschise-bucuresti-promenada-urbana-concerte-teatru-si-dans-pe-calea-victoriei\/"},"author":{"name":"Diana Matei","@id":"https:\/\/buletin.de\/bucuresti\/#\/schema\/person\/7e46040573290777280a0835d81ea4ea"},"headline":"\u00cenc\u0103 un weekend cu \u201eStr\u0103zi deschise, Bucure\u015fti \u2013 Promenad\u0103 urban\u0103\u201d. Concerte, teatru \u0219i dans, pe Calea Victoriei","datePublished":"2024-07-06T07:00:00+00:00","dateModified":"2024-07-06T12:37:51+00:00","mainEntityOfPage":{"@id":"https:\/\/buletin.de\/bucuresti\/inca-un-weekend-cu-strazi-deschise-bucuresti-promenada-urbana-concerte-teatru-si-dans-pe-calea-victoriei\/"},"wordCount":806,"publisher":{"@id":"https:\/\/buletin.de\/bucuresti\/#organization"},"image":{"@id":"https:\/\/buletin.de\/bucuresti\/inca-un-weekend-cu-strazi-deschise-bucuresti-promenada-urbana-concerte-teatru-si-dans-pe-calea-victoriei\/#primaryimage"},"thumbnailUrl":"https:\/\/buletin.de\/bucuresti\/wp-content\/uploads\/ID233869_INQUAM_Photos_George_Calin.jpg","keywords":["calea victoriei","strada Giuseppe Verdi","strazi deschise","strazi deschise promenada urbana"],"articleSection":["Articole","Main"],"inLanguage":"en-GB","copyrightYear":"2024","copyrightHolder":{"@id":"https:\/\/buletin.de\/bucuresti\/#organization"}},{"@type":"WebPage","@id":"https:\/\/buletin.de\/bucuresti\/inca-un-weekend-cu-strazi-deschise-bucuresti-promenada-urbana-concerte-teatru-si-dans-pe-calea-victoriei\/","url":"https:\/\/buletin.de\/bucuresti\/inca-un-weekend-cu-strazi-deschise-bucuresti-promenada-urbana-concerte-teatru-si-dans-pe-calea-victoriei\/","name":"\u00cenc\u0103 un weekend cu \u201eStr\u0103zi deschise, Bucure\u015fti \u2013 Promenad\u0103 urban\u0103\u201d. Concerte, teatru \u0219i dans, pe Calea Victoriei - Buletin de Bucure\u0219ti","isPartOf":{"@id":"https:\/\/buletin.de\/bucuresti\/#website"},"primaryImageOfPage":{"@id":"https:\/\/buletin.de\/bucuresti\/inca-un-weekend-cu-strazi-deschise-bucuresti-promenada-urbana-concerte-teatru-si-dans-pe-calea-victoriei\/#primaryimage"},"image":{"@id":"https:\/\/buletin.de\/bucuresti\/inca-un-weekend-cu-strazi-deschise-bucuresti-promenada-urbana-concerte-teatru-si-dans-pe-calea-victoriei\/#primaryimage"},"thumbnailUrl":"https:\/\/buletin.de\/bucuresti\/wp-content\/uploads\/ID233869_INQUAM_Photos_George_Calin.jpg","datePublished":"2024-07-06T07:00:00+00:00","dateModified":"2024-07-06T12:37:51+00:00","breadcrumb":{"@id":"https:\/\/buletin.de\/bucuresti\/inca-un-weekend-cu-strazi-deschise-bucuresti-promenada-urbana-concerte-teatru-si-dans-pe-calea-victoriei\/#breadcrumb"},"inLanguage":"en-GB","potentialAction":[{"@type":"ReadAction","target":["https:\/\/buletin.de\/bucuresti\/inca-un-weekend-cu-strazi-deschise-bucuresti-promenada-urbana-concerte-teatru-si-dans-pe-calea-victoriei\/"]}]},{"@type":"ImageObject","inLanguage":"en-GB","@id":"https:\/\/buletin.de\/bucuresti\/inca-un-weekend-cu-strazi-deschise-bucuresti-promenada-urbana-concerte-teatru-si-dans-pe-calea-victoriei\/#primaryimage","url":"https:\/\/buletin.de\/bucuresti\/wp-content\/uploads\/ID233869_INQUAM_Photos_George_Calin.jpg","contentUrl":"https:\/\/buletin.de\/bucuresti\/wp-content\/uploads\/ID233869_INQUAM_Photos_George_Calin.jpg","width":2000,"height":1333,"caption":"Surs\u0103 Foto: Inquam Photos \/ George C\u0103lin"},{"@type":"BreadcrumbList","@id":"https:\/\/buletin.de\/bucuresti\/inca-un-weekend-cu-strazi-deschise-bucuresti-promenada-urbana-concerte-teatru-si-dans-pe-calea-victoriei\/#breadcrumb","itemListElement":[{"@type":"ListItem","position":1,"name":"Acas\u0103","item":"https:\/\/buletin.de\/bucuresti\/"},{"@type":"ListItem","position":2,"name":"\u00cenc\u0103 un weekend cu \u201eStr\u0103zi deschise, Bucure\u015fti \u2013 Promenad\u0103 urban\u0103\u201d. Concerte, teatru \u0219i dans, pe Calea Victoriei"}]},{"@type":"WebSite","@id":"https:\/\/buletin.de\/bucuresti\/#website","url":"https:\/\/buletin.de\/bucuresti\/","name":"Buletin de Bucure\u0219ti","description":"\u0218tiri \u0219i investiga\u021bii esen\u021biale din capital\u0103","publisher":{"@id":"https:\/\/buletin.de\/bucuresti\/#organization"},"potentialAction":[{"@type":"SearchAction","target":{"@type":"EntryPoint","urlTemplate":"https:\/\/buletin.de\/bucuresti\/?s={search_term_string}"},"query-input":{"@type":"PropertyValueSpecification","valueRequired":true,"valueName":"search_term_string"}}],"inLanguage":"en-GB"},{"@type":"Organization","@id":"https:\/\/buletin.de\/bucuresti\/#organization","name":"Buletin de Bucure\u0219ti","url":"https:\/\/buletin.de\/bucuresti\/","logo":{"@type":"ImageObject","inLanguage":"en-GB","@id":"https:\/\/buletin.de\/bucuresti\/#\/schema\/logo\/image\/","url":"https:\/\/buletin.de\/bucuresti\/wp-content\/uploads\/logo-bdb-full-wide-vernil-transparent.png","contentUrl":"https:\/\/buletin.de\/bucuresti\/wp-content\/uploads\/logo-bdb-full-wide-vernil-transparent.png","width":1782,"height":626,"caption":"Buletin de Bucure\u0219ti"},"image":{"@id":"https:\/\/buletin.de\/bucuresti\/#\/schema\/logo\/image\/"},"sameAs":["https:\/\/www.facebook.com\/buletin.de.buc","https:\/\/www.instagram.com\/buletinde.bucuresti\/"]},{"@type":"Person","@id":"https:\/\/buletin.de\/bucuresti\/#\/schema\/person\/7e46040573290777280a0835d81ea4ea","name":"Diana Matei","image":{"@type":"ImageObject","inLanguage":"en-GB","@id":"https:\/\/buletin.de\/bucuresti\/wp-content\/uploads\/9-2-96x96.jpg1e8590b30871d70e62ebcdaf2eff570c","url":"https:\/\/buletin.de\/bucuresti\/wp-content\/uploads\/9-2-96x96.jpg","contentUrl":"https:\/\/buletin.de\/bucuresti\/wp-content\/uploads\/9-2-96x96.jpg","caption":"Diana Matei"},"url":"https:\/\/buletin.de\/bucuresti\/author\/dianamatei\/"}]}},"authors":[{"term_id":22574,"user_id":49,"is_guest":0,"slug":"dianamatei","display_name":"Diana Matei","avatar_url":"https:\/\/buletin.de\/bucuresti\/wp-content\/uploads\/9-2-96x96.jpg","0":null,"1":"","2":"","3":"","4":"","5":"","6":"","7":"","8":""}],"_links":{"self":[{"href":"https:\/\/buletin.de\/bucuresti\/wp-json\/wp\/v2\/posts\/90063","targetHints":{"allow":["GET"]}}],"collection":[{"href":"https:\/\/buletin.de\/bucuresti\/wp-json\/wp\/v2\/posts"}],"about":[{"href":"https:\/\/buletin.de\/bucuresti\/wp-json\/wp\/v2\/types\/post"}],"author":[{"embeddable":true,"href":"https:\/\/buletin.de\/bucuresti\/wp-json\/wp\/v2\/users\/49"}],"replies":[{"embeddable":true,"href":"https:\/\/buletin.de\/bucuresti\/wp-json\/wp\/v2\/comments?post=90063"}],"version-history":[{"count":2,"href":"https:\/\/buletin.de\/bucuresti\/wp-json\/wp\/v2\/posts\/90063\/revisions"}],"predecessor-version":[{"id":90127,"href":"https:\/\/buletin.de\/bucuresti\/wp-json\/wp\/v2\/posts\/90063\/revisions\/90127"}],"wp:featuredmedia":[{"embeddable":true,"href":"https:\/\/buletin.de\/bucuresti\/wp-json\/wp\/v2\/media\/87787"}],"wp:attachment":[{"href":"https:\/\/buletin.de\/bucuresti\/wp-json\/wp\/v2\/media?parent=90063"}],"wp:term":[{"taxonomy":"category","embeddable":true,"href":"https:\/\/buletin.de\/bucuresti\/wp-json\/wp\/v2\/categories?post=90063"},{"taxonomy":"post_tag","embeddable":true,"href":"https:\/\/buletin.de\/bucuresti\/wp-json\/wp\/v2\/tags?post=90063"},{"taxonomy":"author","embeddable":true,"href":"https:\/\/buletin.de\/bucuresti\/wp-json\/wp\/v2\/ppma_author?post=90063"}],"curies":[{"name":"wp","href":"https:\/\/api.w.org\/{rel}","templated":true}]}}