{"id":90001,"date":"2024-07-05T12:51:41","date_gmt":"2024-07-05T09:51:41","guid":{"rendered":"https:\/\/buletin.de\/bucuresti\/?p=90001"},"modified":"2024-07-05T14:09:53","modified_gmt":"2024-07-05T11:09:53","slug":"reportaj-cutremurul-nestiut-spectacolul-de-teatru-care-reconstituie-sedinta-care-ne-a-alterat-prezentul","status":"publish","type":"post","link":"https:\/\/buletin.de\/bucuresti\/reportaj-cutremurul-nestiut-spectacolul-de-teatru-care-reconstituie-sedinta-care-ne-a-alterat-prezentul\/","title":{"rendered":"REPORTAJ | \u201eCutremurul ne\u0219tiut\u201d, spectacolul de teatru care reconstituie \u0219edin\u021ba care ne-a alterat prezentul"},"content":{"rendered":"\n<p><strong>Pe 4 martie 1977 a avut loc o tragedie \u00eentip\u0103rit\u0103 \u00een mentalul colectiv, dar poate prea pu\u021bin rostit\u0103 pe buzele bucure\u0219tenilor, \u00een prezent. 56 de secunde au fost suficiente pentru a schimba vie\u021bile a milioane de oameni. \u00cen urma cutremurului, 1.578 de oameni au murit. Cei mai mul\u021bi \u00een Bucure\u0219ti. Peste 11.300 au fost r\u0103ni\u021bi. \u201eTovar\u0103\u0219ul secretar general\u201d, Nicolae Ceau\u0219escu, a avut nevoie de aproximativ o or\u0103, c\u00e2t a durat \u0219edin\u021ba de la Sala Omnia &#8211; fosta sal\u0103 plenar\u0103 a Comitetului Central al Partidului Comunist Rom\u00e2n, pentru a ne altera prezentul.<\/strong><\/p>\n\n\n<div class=\"wp-block-image\">\n<figure class=\"aligncenter size-large\"><a href=\"https:\/\/buletin.de\/bucuresti\/wp-content\/uploads\/WhatsApp-Image-2024-07-05-at-08.58.06_6195611b.jpg\"><img fetchpriority=\"high\" decoding=\"async\" width=\"900\" height=\"675\" src=\"data:image\/gif;base64,R0lGODlhAQABAAAAACH5BAEKAAEALAAAAAABAAEAAAICTAEAOw==\" data-src=\"https:\/\/buletin.de\/bucuresti\/wp-content\/uploads\/WhatsApp-Image-2024-07-05-at-08.58.06_6195611b-900x675.jpg\" alt=\"\" class=\"wp-image-90017 lazyload\" data-sizes=\"auto\" data-srcset=\"https:\/\/buletin.de\/bucuresti\/wp-content\/uploads\/WhatsApp-Image-2024-07-05-at-08.58.06_6195611b-900x675.jpg 900w, https:\/\/buletin.de\/bucuresti\/wp-content\/uploads\/WhatsApp-Image-2024-07-05-at-08.58.06_6195611b-300x225.jpg 300w, https:\/\/buletin.de\/bucuresti\/wp-content\/uploads\/WhatsApp-Image-2024-07-05-at-08.58.06_6195611b-768x576.jpg 768w, https:\/\/buletin.de\/bucuresti\/wp-content\/uploads\/WhatsApp-Image-2024-07-05-at-08.58.06_6195611b-1536x1152.jpg 1536w, https:\/\/buletin.de\/bucuresti\/wp-content\/uploads\/WhatsApp-Image-2024-07-05-at-08.58.06_6195611b-1100x825.jpg 1100w, https:\/\/buletin.de\/bucuresti\/wp-content\/uploads\/WhatsApp-Image-2024-07-05-at-08.58.06_6195611b-600x450.jpg 600w, https:\/\/buletin.de\/bucuresti\/wp-content\/uploads\/WhatsApp-Image-2024-07-05-at-08.58.06_6195611b-20x15.jpg 20w, https:\/\/buletin.de\/bucuresti\/wp-content\/uploads\/WhatsApp-Image-2024-07-05-at-08.58.06_6195611b.jpg 1600w\" sizes=\"(max-width: 900px) 100vw, 900px\" \/><\/a><\/figure>\n<\/div>\n\n\n<h2 class=\"wp-block-heading\"><strong>Povestea \u201ecutremurului ne\u0219tiut\u201d<\/strong><\/h2>\n\n\n\n<p>Povestea <em>\u201ecutremurului ne\u0219tiut\u201d<\/em> este dus\u0103 mai departe cu ajutorul lui Andrei Ursu, fiul inginerului disident Gheorghe Ursu &#8211; cel care a pl\u0103tit cu propria via\u021b\u0103 pentru c\u0103 s-a \u00eempotrivit deciziei de sistare a lucr\u0103rilor de consolidare, precum \u0219i al <a href=\"https:\/\/www.rerise.org\">Asocia\u021biei pentru Reducerea Riscului Seismic &#8211; <strong>Re:Rise<\/strong><\/a>.<\/p>\n\n\n\n<blockquote class=\"wp-block-quote is-layout-flow wp-block-quote-is-layout-flow\">\n<p>Scopul nostru este foarte precis, reducerea riscului seismic, care \u00een termeni simpli \u00eenseamn\u0103 mai pu\u021bine pierderi de vie\u021bi omene\u0219ti \u0219i mai pu\u021bine pierderi materiale la urm\u0103torul mare cutremur.<\/p>\n<cite>Matei Sumbasacu, inginer Specializat \u00cen Cutremure \u0219i Fondator Re:Rise<\/cite><\/blockquote>\n\n\n\n<p>\u0218edin\u021ba de la 4 iulie 1977 a fost adus\u0103 \u00een fa\u021ba bucure\u0219tenilor printr-un spectacol de reenactment teatral bazat pe <strong><a href=\"https:\/\/www.ordinulcriminal.ro\/stenograma\">stenograma <\/a><\/strong>acesteia. Reprezenta\u021bia a avut loc \u00een chiar \u00een Sala Omnia, locul unde <em>\u201etovar\u0103\u0219ul secretar general\u201d <\/em>ordona, cu 47 ani \u00een urm\u0103, ca toate lucr\u0103rile de consolidare a cl\u0103dirilor afectate de cutremurul din martie s\u0103 fie oprite.<\/p>\n\n\n\n<blockquote class=\"wp-block-quote is-layout-flow wp-block-quote-is-layout-flow\">\n<p>Consider aceasta nu sfaturi \u2013 ordine obligatorii, \u015fi de partid \u015fi de stat, \u015fi trebuie executate \u00een \u00eentregime!<\/p>\n<cite>Stenograma \u0219edin\u021bei din 4 iulie 1977<\/cite><\/blockquote>\n\n\n\n<p>La acel moment, circa 300 de persoane, ingineri, arhitec\u021bi, lideri de partid \u0219i ai administra\u021biei locale, au fost convocate la o \u0219edin\u021b\u0103 urgent\u0103.<\/p>\n\n\n\n<p>Joi seara, 4 iulie 2024, aproximativ 80 de persoane, printre care m\u0103 num\u0103r \u0219i eu, au a\u0219teptat \u00een parterul cl\u0103dirii, \u00een \u00eencercarea de a sim\u021bi pe propria piele, m\u0103car o fr\u00e2ntur\u0103 din emo\u021biile celor prezen\u021bi la \u0219edin\u021b\u0103 de partid.<\/p>\n\n\n<div class=\"wp-block-image\">\n<figure class=\"aligncenter size-large\"><a href=\"https:\/\/buletin.de\/bucuresti\/wp-content\/uploads\/WhatsApp-Image-2024-07-05-at-09.51.55_256bd2b1.jpg\"><img decoding=\"async\" width=\"900\" height=\"675\" src=\"data:image\/gif;base64,R0lGODlhAQABAAAAACH5BAEKAAEALAAAAAABAAEAAAICTAEAOw==\" data-src=\"https:\/\/buletin.de\/bucuresti\/wp-content\/uploads\/WhatsApp-Image-2024-07-05-at-09.51.55_256bd2b1-900x675.jpg\" alt=\"\" class=\"wp-image-90037 lazyload\" data-sizes=\"auto\" data-srcset=\"https:\/\/buletin.de\/bucuresti\/wp-content\/uploads\/WhatsApp-Image-2024-07-05-at-09.51.55_256bd2b1-900x675.jpg 900w, https:\/\/buletin.de\/bucuresti\/wp-content\/uploads\/WhatsApp-Image-2024-07-05-at-09.51.55_256bd2b1-300x225.jpg 300w, https:\/\/buletin.de\/bucuresti\/wp-content\/uploads\/WhatsApp-Image-2024-07-05-at-09.51.55_256bd2b1-768x576.jpg 768w, https:\/\/buletin.de\/bucuresti\/wp-content\/uploads\/WhatsApp-Image-2024-07-05-at-09.51.55_256bd2b1-1536x1152.jpg 1536w, https:\/\/buletin.de\/bucuresti\/wp-content\/uploads\/WhatsApp-Image-2024-07-05-at-09.51.55_256bd2b1-1100x825.jpg 1100w, https:\/\/buletin.de\/bucuresti\/wp-content\/uploads\/WhatsApp-Image-2024-07-05-at-09.51.55_256bd2b1-600x450.jpg 600w, https:\/\/buletin.de\/bucuresti\/wp-content\/uploads\/WhatsApp-Image-2024-07-05-at-09.51.55_256bd2b1-20x15.jpg 20w, https:\/\/buletin.de\/bucuresti\/wp-content\/uploads\/WhatsApp-Image-2024-07-05-at-09.51.55_256bd2b1.jpg 1600w\" sizes=\"(max-width: 900px) 100vw, 900px\" \/><\/a><\/figure>\n<\/div>\n\n\n<h2 class=\"wp-block-heading\">Selfie-uri cu casca de protec\u021bie<\/h2>\n\n\n\n<p>Majoritatea dintre noi eram destul de tineri, undeva pe la 20-30 ani. Nu am prins cutremurul din &#8217;77, \u00eens\u0103 am auzit pove\u0219ti pe care ni le-au spus p\u0103rin\u021bii sau bunicii. Pove\u0219ti despre cei care au ie\u0219it terifia\u021bi \u00een strad\u0103, \u00een pijamale, capoate, cum au apucat. Pove\u0219ti despre cei care au murit prin\u0219i sub d\u0103r\u0103m\u0103turi. Pove\u0219ti despre molozul ce inunda Capitala.<\/p>\n\n\n\n<p>Sala Omnia a fost proiectat\u0103 \u00een 1967 de arhitectul Cezar L\u0103z\u0103rescu. Odat\u0103 cu trecerea timpului, nefiind utlizat\u0103, cl\u0103direa s-a degradat. Din motive de siguran\u021b\u0103, to\u021bi cei prezen\u021bi, cu excep\u021bia actorilor, am fost nevoi\u021bi s\u0103 purt\u0103m c\u0103\u0219ti de protec\u021bie.<\/p>\n\n\n\n<figure class=\"wp-block-gallery has-nested-images columns-2 is-cropped wp-block-gallery-1 is-layout-flex wp-block-gallery-is-layout-flex\">\n<figure class=\"wp-block-image size-large\"><a href=\"https:\/\/buletin.de\/bucuresti\/wp-content\/uploads\/WhatsApp-Image-2024-07-05-at-12.07.43_03588ddb.jpg\"><img decoding=\"async\" width=\"900\" height=\"675\" data-id=\"90069\" src=\"data:image\/gif;base64,R0lGODlhAQABAAAAACH5BAEKAAEALAAAAAABAAEAAAICTAEAOw==\" data-src=\"https:\/\/buletin.de\/bucuresti\/wp-content\/uploads\/WhatsApp-Image-2024-07-05-at-12.07.43_03588ddb-900x675.jpg\" alt=\"\" class=\"wp-image-90069 lazyload\" data-sizes=\"auto\" data-srcset=\"https:\/\/buletin.de\/bucuresti\/wp-content\/uploads\/WhatsApp-Image-2024-07-05-at-12.07.43_03588ddb-900x675.jpg 900w, https:\/\/buletin.de\/bucuresti\/wp-content\/uploads\/WhatsApp-Image-2024-07-05-at-12.07.43_03588ddb-300x225.jpg 300w, https:\/\/buletin.de\/bucuresti\/wp-content\/uploads\/WhatsApp-Image-2024-07-05-at-12.07.43_03588ddb-768x576.jpg 768w, https:\/\/buletin.de\/bucuresti\/wp-content\/uploads\/WhatsApp-Image-2024-07-05-at-12.07.43_03588ddb-1536x1152.jpg 1536w, https:\/\/buletin.de\/bucuresti\/wp-content\/uploads\/WhatsApp-Image-2024-07-05-at-12.07.43_03588ddb-1600x1200.jpg 1600w, https:\/\/buletin.de\/bucuresti\/wp-content\/uploads\/WhatsApp-Image-2024-07-05-at-12.07.43_03588ddb-1100x825.jpg 1100w, https:\/\/buletin.de\/bucuresti\/wp-content\/uploads\/WhatsApp-Image-2024-07-05-at-12.07.43_03588ddb-600x450.jpg 600w, https:\/\/buletin.de\/bucuresti\/wp-content\/uploads\/WhatsApp-Image-2024-07-05-at-12.07.43_03588ddb-20x15.jpg 20w, https:\/\/buletin.de\/bucuresti\/wp-content\/uploads\/WhatsApp-Image-2024-07-05-at-12.07.43_03588ddb.jpg 2048w\" sizes=\"(max-width: 900px) 100vw, 900px\" \/><\/a><\/figure>\n\n\n\n<figure class=\"wp-block-image size-large\"><a href=\"https:\/\/buletin.de\/bucuresti\/wp-content\/uploads\/WhatsApp-Image-2024-07-05-at-12.07.42_e483977a.jpg\"><img loading=\"lazy\" decoding=\"async\" width=\"506\" height=\"900\" data-id=\"90070\" src=\"data:image\/gif;base64,R0lGODlhAQABAAAAACH5BAEKAAEALAAAAAABAAEAAAICTAEAOw==\" data-src=\"https:\/\/buletin.de\/bucuresti\/wp-content\/uploads\/WhatsApp-Image-2024-07-05-at-12.07.42_e483977a-506x900.jpg\" alt=\"\" class=\"wp-image-90070 lazyload\" data-sizes=\"auto\" data-srcset=\"https:\/\/buletin.de\/bucuresti\/wp-content\/uploads\/WhatsApp-Image-2024-07-05-at-12.07.42_e483977a-506x900.jpg 506w, https:\/\/buletin.de\/bucuresti\/wp-content\/uploads\/WhatsApp-Image-2024-07-05-at-12.07.42_e483977a-169x300.jpg 169w, https:\/\/buletin.de\/bucuresti\/wp-content\/uploads\/WhatsApp-Image-2024-07-05-at-12.07.42_e483977a-768x1365.jpg 768w, https:\/\/buletin.de\/bucuresti\/wp-content\/uploads\/WhatsApp-Image-2024-07-05-at-12.07.42_e483977a-864x1536.jpg 864w, https:\/\/buletin.de\/bucuresti\/wp-content\/uploads\/WhatsApp-Image-2024-07-05-at-12.07.42_e483977a-1100x1956.jpg 1100w, https:\/\/buletin.de\/bucuresti\/wp-content\/uploads\/WhatsApp-Image-2024-07-05-at-12.07.42_e483977a-600x1067.jpg 600w, https:\/\/buletin.de\/bucuresti\/wp-content\/uploads\/WhatsApp-Image-2024-07-05-at-12.07.42_e483977a-20x36.jpg 20w, https:\/\/buletin.de\/bucuresti\/wp-content\/uploads\/WhatsApp-Image-2024-07-05-at-12.07.42_e483977a.jpg 1152w\" sizes=\"(max-width: 506px) 100vw, 506px\" \/><\/a><\/figure>\n\n\n\n<figure class=\"wp-block-image size-large\"><a href=\"https:\/\/buletin.de\/bucuresti\/wp-content\/uploads\/WhatsApp-Image-2024-07-05-at-12.07.42_d02c030c.jpg\"><img loading=\"lazy\" decoding=\"async\" width=\"900\" height=\"675\" data-id=\"90071\" src=\"data:image\/gif;base64,R0lGODlhAQABAAAAACH5BAEKAAEALAAAAAABAAEAAAICTAEAOw==\" data-src=\"https:\/\/buletin.de\/bucuresti\/wp-content\/uploads\/WhatsApp-Image-2024-07-05-at-12.07.42_d02c030c-900x675.jpg\" alt=\"\" class=\"wp-image-90071 lazyload\" data-sizes=\"auto\" data-srcset=\"https:\/\/buletin.de\/bucuresti\/wp-content\/uploads\/WhatsApp-Image-2024-07-05-at-12.07.42_d02c030c-900x675.jpg 900w, https:\/\/buletin.de\/bucuresti\/wp-content\/uploads\/WhatsApp-Image-2024-07-05-at-12.07.42_d02c030c-300x225.jpg 300w, https:\/\/buletin.de\/bucuresti\/wp-content\/uploads\/WhatsApp-Image-2024-07-05-at-12.07.42_d02c030c-768x576.jpg 768w, https:\/\/buletin.de\/bucuresti\/wp-content\/uploads\/WhatsApp-Image-2024-07-05-at-12.07.42_d02c030c-1536x1152.jpg 1536w, https:\/\/buletin.de\/bucuresti\/wp-content\/uploads\/WhatsApp-Image-2024-07-05-at-12.07.42_d02c030c-1600x1200.jpg 1600w, https:\/\/buletin.de\/bucuresti\/wp-content\/uploads\/WhatsApp-Image-2024-07-05-at-12.07.42_d02c030c-1100x825.jpg 1100w, https:\/\/buletin.de\/bucuresti\/wp-content\/uploads\/WhatsApp-Image-2024-07-05-at-12.07.42_d02c030c-600x450.jpg 600w, https:\/\/buletin.de\/bucuresti\/wp-content\/uploads\/WhatsApp-Image-2024-07-05-at-12.07.42_d02c030c-20x15.jpg 20w, https:\/\/buletin.de\/bucuresti\/wp-content\/uploads\/WhatsApp-Image-2024-07-05-at-12.07.42_d02c030c.jpg 2048w\" sizes=\"(max-width: 900px) 100vw, 900px\" \/><\/a><\/figure>\n<\/figure>\n\n\n\n<p>Uit\u00e2ndu-m\u0103 \u00een jur, \u00eent\u00e2lneam priviri curioase care analizau pere\u021bii decoji\u021bi de tencuial\u0103, gr\u0103mezile de materiale de construc\u021bii formate \u00een col\u021buri. Cei mai mul\u021bi au venit \u00een grupule\u021be, al\u0103turi de parteneri, prieteni sau familie. C\u00e2t a\u0219teptau s\u0103 intre toat\u0103 lumea, \u00ee\u0219i f\u0103ceau poze r\u00e2z\u00e2nd. Cum spa\u021biul este de obicei \u00eenchis, mul\u021bi dintre noi p\u0103\u0219eam pentru prima dat\u0103 \u00een cl\u0103dire. Per total, atmosfera era vesel\u0103, se f\u0103ceau selfie-uri, se auzeau chicoteli.<\/p>\n\n\n\n<p>Odat\u0103 ce am urcat \u00een sala de conferin\u021be de la etajul 1, atmosfera s-a schimbat. Din partea celor din jurul meu, auzeam, cel mult, c\u00e2te o respira\u021bie mai greoaie. Nimic altceva.<\/p>\n\n\n\n<h2 class=\"wp-block-heading\">\u201eOrdinul criminal\u201d<\/h2>\n\n\n\n<p>Dup\u0103 o scurt\u0103 introducere a subiectului, a \u00eenceput spectacolul. Cei cinci actori \u00ee\u0219i ocupaser\u0103 locurile pe scena din fa\u021ba s\u0103lii. Cu reflectoarele a\u021bintite spre el, \u201etovar\u0103\u0219ul secretar general\u201d declara \u0219edin\u021ba \u00eenceput\u0103.<\/p>\n\n\n\n<figure class=\"wp-block-gallery aligncenter has-nested-images columns-default is-cropped wp-block-gallery-2 is-layout-flex wp-block-gallery-is-layout-flex\">\n<figure class=\"wp-block-image size-large\"><a href=\"https:\/\/buletin.de\/bucuresti\/wp-content\/uploads\/WhatsApp-Image-2024-07-05-at-12.07.31_33a174df.jpg\"><img loading=\"lazy\" decoding=\"async\" width=\"900\" height=\"675\" data-id=\"90075\" src=\"data:image\/gif;base64,R0lGODlhAQABAAAAACH5BAEKAAEALAAAAAABAAEAAAICTAEAOw==\" data-src=\"https:\/\/buletin.de\/bucuresti\/wp-content\/uploads\/WhatsApp-Image-2024-07-05-at-12.07.31_33a174df-900x675.jpg\" alt=\"\" class=\"wp-image-90075 lazyload\" data-sizes=\"auto\" data-srcset=\"https:\/\/buletin.de\/bucuresti\/wp-content\/uploads\/WhatsApp-Image-2024-07-05-at-12.07.31_33a174df-900x675.jpg 900w, https:\/\/buletin.de\/bucuresti\/wp-content\/uploads\/WhatsApp-Image-2024-07-05-at-12.07.31_33a174df-300x225.jpg 300w, https:\/\/buletin.de\/bucuresti\/wp-content\/uploads\/WhatsApp-Image-2024-07-05-at-12.07.31_33a174df-768x576.jpg 768w, https:\/\/buletin.de\/bucuresti\/wp-content\/uploads\/WhatsApp-Image-2024-07-05-at-12.07.31_33a174df-1536x1152.jpg 1536w, https:\/\/buletin.de\/bucuresti\/wp-content\/uploads\/WhatsApp-Image-2024-07-05-at-12.07.31_33a174df-1600x1200.jpg 1600w, https:\/\/buletin.de\/bucuresti\/wp-content\/uploads\/WhatsApp-Image-2024-07-05-at-12.07.31_33a174df-1100x825.jpg 1100w, https:\/\/buletin.de\/bucuresti\/wp-content\/uploads\/WhatsApp-Image-2024-07-05-at-12.07.31_33a174df-600x450.jpg 600w, https:\/\/buletin.de\/bucuresti\/wp-content\/uploads\/WhatsApp-Image-2024-07-05-at-12.07.31_33a174df-20x15.jpg 20w, https:\/\/buletin.de\/bucuresti\/wp-content\/uploads\/WhatsApp-Image-2024-07-05-at-12.07.31_33a174df.jpg 2048w\" sizes=\"(max-width: 900px) 100vw, 900px\" \/><\/a><\/figure>\n\n\n\n<figure class=\"wp-block-image size-large\"><a href=\"https:\/\/buletin.de\/bucuresti\/wp-content\/uploads\/WhatsApp-Image-2024-07-05-at-12.50.25_91e00465.jpg\"><img loading=\"lazy\" decoding=\"async\" width=\"900\" height=\"675\" data-id=\"90098\" src=\"data:image\/gif;base64,R0lGODlhAQABAAAAACH5BAEKAAEALAAAAAABAAEAAAICTAEAOw==\" data-src=\"https:\/\/buletin.de\/bucuresti\/wp-content\/uploads\/WhatsApp-Image-2024-07-05-at-12.50.25_91e00465-900x675.jpg\" alt=\"\" class=\"wp-image-90098 lazyload\" data-sizes=\"auto\" data-srcset=\"https:\/\/buletin.de\/bucuresti\/wp-content\/uploads\/WhatsApp-Image-2024-07-05-at-12.50.25_91e00465-900x675.jpg 900w, https:\/\/buletin.de\/bucuresti\/wp-content\/uploads\/WhatsApp-Image-2024-07-05-at-12.50.25_91e00465-300x225.jpg 300w, https:\/\/buletin.de\/bucuresti\/wp-content\/uploads\/WhatsApp-Image-2024-07-05-at-12.50.25_91e00465-768x576.jpg 768w, https:\/\/buletin.de\/bucuresti\/wp-content\/uploads\/WhatsApp-Image-2024-07-05-at-12.50.25_91e00465-1536x1152.jpg 1536w, https:\/\/buletin.de\/bucuresti\/wp-content\/uploads\/WhatsApp-Image-2024-07-05-at-12.50.25_91e00465-1100x825.jpg 1100w, https:\/\/buletin.de\/bucuresti\/wp-content\/uploads\/WhatsApp-Image-2024-07-05-at-12.50.25_91e00465-600x450.jpg 600w, https:\/\/buletin.de\/bucuresti\/wp-content\/uploads\/WhatsApp-Image-2024-07-05-at-12.50.25_91e00465-20x15.jpg 20w, https:\/\/buletin.de\/bucuresti\/wp-content\/uploads\/WhatsApp-Image-2024-07-05-at-12.50.25_91e00465.jpg 1600w\" sizes=\"(max-width: 900px) 100vw, 900px\" \/><\/a><\/figure>\n<\/figure>\n\n\n\n<p>Primul care a luat cuv\u00e2ntul a fost \u201eIon Dinc\u0103\u201d, primarul general al Capitalei de la acea vreme. Dup\u0103 o trecere prin revist\u0103 a principalelor ac\u021biuni \u00eentreprinse la nivelul Capitalei, \u00een care nu a ezitat s\u0103 declare o parte din \u201elucr\u0103rile de repara\u021bii \u0219i consolid\u0103ri\u201d ca fiind \u201enejustificate\u201d sau \u201eexager\u0103ri\u201d a venit r\u00e2ndul edililor de sector s\u0103 prezinte raportul.<\/p>\n\n\n\n<blockquote class=\"wp-block-quote is-layout-flow wp-block-quote-is-layout-flow\">\n<p>De asemenea, au fost unele cazuri c\u00eend proiectan\u0163ii, sub influen\u0163a cererilor locatarilor, au prev\u0103zut \u00een proiecte lucr\u0103ri care, trebuie s\u0103 le spun, nejustificate, de repara\u0163ii \u015fi consolid\u0103ri; \u015fi \u00een toate aceste probleme, f\u0103r\u0103 \u00eendoial\u0103, \u00een primul r\u00eend eu n-am intervenit pentru ca s\u0103 pun cap\u0103t acestor exager\u0103ri care se fac \u00een problema repara\u0163iilor.<\/p>\n<cite>Stenograma \u0219edin\u021bei din 4 iulie 1977<\/cite><\/blockquote>\n\n\n\n<p>Nesiguran\u021ba edililor de sector se sim\u021bea \u00een voce. Deseori, \u00een timp ce prezentau situa\u021bia din sector, erau \u00eentrerup\u021bi \u0219i acuza\u021bi c\u0103 \u201eau distrus Capitala\u201d. \u00cen discursul ceau\u0219ist, decopertarea pare s\u0103 fi fost mai degrab\u0103 sinonim cu demolarea dec\u00e2t o tehnic\u0103 necesar\u0103 \u00een vederea consolid\u0103rii.<\/p>\n\n\n\n<figure class=\"wp-block-gallery has-nested-images columns-default is-cropped wp-block-gallery-3 is-layout-flex wp-block-gallery-is-layout-flex\">\n<figure class=\"wp-block-image size-large\"><a href=\"https:\/\/buletin.de\/bucuresti\/wp-content\/uploads\/WhatsApp-Image-2024-07-05-at-12.07.30_d96167e9.jpg\"><img loading=\"lazy\" decoding=\"async\" width=\"900\" height=\"675\" data-id=\"90074\" src=\"data:image\/gif;base64,R0lGODlhAQABAAAAACH5BAEKAAEALAAAAAABAAEAAAICTAEAOw==\" data-src=\"https:\/\/buletin.de\/bucuresti\/wp-content\/uploads\/WhatsApp-Image-2024-07-05-at-12.07.30_d96167e9-900x675.jpg\" alt=\"\" class=\"wp-image-90074 lazyload\" data-sizes=\"auto\" data-srcset=\"https:\/\/buletin.de\/bucuresti\/wp-content\/uploads\/WhatsApp-Image-2024-07-05-at-12.07.30_d96167e9-900x675.jpg 900w, https:\/\/buletin.de\/bucuresti\/wp-content\/uploads\/WhatsApp-Image-2024-07-05-at-12.07.30_d96167e9-300x225.jpg 300w, https:\/\/buletin.de\/bucuresti\/wp-content\/uploads\/WhatsApp-Image-2024-07-05-at-12.07.30_d96167e9-768x576.jpg 768w, https:\/\/buletin.de\/bucuresti\/wp-content\/uploads\/WhatsApp-Image-2024-07-05-at-12.07.30_d96167e9-1536x1152.jpg 1536w, https:\/\/buletin.de\/bucuresti\/wp-content\/uploads\/WhatsApp-Image-2024-07-05-at-12.07.30_d96167e9-1600x1200.jpg 1600w, https:\/\/buletin.de\/bucuresti\/wp-content\/uploads\/WhatsApp-Image-2024-07-05-at-12.07.30_d96167e9-1100x825.jpg 1100w, https:\/\/buletin.de\/bucuresti\/wp-content\/uploads\/WhatsApp-Image-2024-07-05-at-12.07.30_d96167e9-600x450.jpg 600w, https:\/\/buletin.de\/bucuresti\/wp-content\/uploads\/WhatsApp-Image-2024-07-05-at-12.07.30_d96167e9-20x15.jpg 20w, https:\/\/buletin.de\/bucuresti\/wp-content\/uploads\/WhatsApp-Image-2024-07-05-at-12.07.30_d96167e9.jpg 2048w\" sizes=\"(max-width: 900px) 100vw, 900px\" \/><\/a><\/figure>\n\n\n\n<figure class=\"wp-block-image size-large\"><a href=\"https:\/\/buletin.de\/bucuresti\/wp-content\/uploads\/WhatsApp-Image-2024-07-05-at-12.07.30_40459291.jpg\"><img loading=\"lazy\" decoding=\"async\" width=\"900\" height=\"675\" data-id=\"90073\" src=\"data:image\/gif;base64,R0lGODlhAQABAAAAACH5BAEKAAEALAAAAAABAAEAAAICTAEAOw==\" data-src=\"https:\/\/buletin.de\/bucuresti\/wp-content\/uploads\/WhatsApp-Image-2024-07-05-at-12.07.30_40459291-900x675.jpg\" alt=\"\" class=\"wp-image-90073 lazyload\" data-sizes=\"auto\" data-srcset=\"https:\/\/buletin.de\/bucuresti\/wp-content\/uploads\/WhatsApp-Image-2024-07-05-at-12.07.30_40459291-900x675.jpg 900w, https:\/\/buletin.de\/bucuresti\/wp-content\/uploads\/WhatsApp-Image-2024-07-05-at-12.07.30_40459291-300x225.jpg 300w, https:\/\/buletin.de\/bucuresti\/wp-content\/uploads\/WhatsApp-Image-2024-07-05-at-12.07.30_40459291-768x576.jpg 768w, https:\/\/buletin.de\/bucuresti\/wp-content\/uploads\/WhatsApp-Image-2024-07-05-at-12.07.30_40459291-1536x1152.jpg 1536w, https:\/\/buletin.de\/bucuresti\/wp-content\/uploads\/WhatsApp-Image-2024-07-05-at-12.07.30_40459291-1600x1200.jpg 1600w, https:\/\/buletin.de\/bucuresti\/wp-content\/uploads\/WhatsApp-Image-2024-07-05-at-12.07.30_40459291-1100x825.jpg 1100w, https:\/\/buletin.de\/bucuresti\/wp-content\/uploads\/WhatsApp-Image-2024-07-05-at-12.07.30_40459291-600x450.jpg 600w, https:\/\/buletin.de\/bucuresti\/wp-content\/uploads\/WhatsApp-Image-2024-07-05-at-12.07.30_40459291-20x15.jpg 20w, https:\/\/buletin.de\/bucuresti\/wp-content\/uploads\/WhatsApp-Image-2024-07-05-at-12.07.30_40459291.jpg 2048w\" sizes=\"(max-width: 900px) 100vw, 900px\" \/><\/a><\/figure>\n<\/figure>\n\n\n\n<p>Singura care pare s\u0103-i fi \u021binut piept secretarului general a fost Adriana Moraru, prim-secretara Sectorului 2, pus\u0103 \u00een scen\u0103 de Silvana Mihai. \u00cen rest, \u0219efii de sector se b\u00e2lb\u00e2iau, \u00ee\u0219i \u021bineau umili capul plecat sau ridicau din umeri neputincio\u0219i. Asta, \u00een timp ce \u201emili\u021bia\u201d se plimba constant prin sal\u0103.<\/p>\n\n\n\n<p>Reprezenta\u021bia a durat circa 45 minute \u0219i s-a \u00eencheiat cu \u201eordinul criminal\u201d, prin care Nicolae Ceau\u0219escu interzice continuarea expertiz\u0103rii imobilelor \u0219i a lucr\u0103rilor de consolidare. Cu un ton poruncitor, declar\u0103 c\u0103 repara\u021biile trebuie s\u0103 se \u00eencheie p\u00e2n\u0103 la 23 august, sub pretextul c\u0103 au existat pl\u00e2ngeri din partea cet\u0103\u021benilor.<\/p>\n\n\n\n<blockquote class=\"wp-block-quote is-layout-flow wp-block-quote-is-layout-flow\">\n<p>De ast\u0103zi, am dat ordin la Mili\u0163ie \u015fi Procuratur\u0103: \u00eei aresteaz\u0103 \u015fi \u00eei trimite \u00een \u00eenchisoare cine mai intr\u0103 \u00een casa oamenilor!<\/p>\n<cite>Stenograma \u0219edin\u021bei din 4 iulie 1977<\/cite><\/blockquote>\n\n\n\n<figure class=\"wp-block-image size-large\"><a href=\"https:\/\/buletin.de\/bucuresti\/wp-content\/uploads\/Featured-2.jpg\"><img loading=\"lazy\" decoding=\"async\" width=\"900\" height=\"675\" src=\"data:image\/gif;base64,R0lGODlhAQABAAAAACH5BAEKAAEALAAAAAABAAEAAAICTAEAOw==\" data-src=\"https:\/\/buletin.de\/bucuresti\/wp-content\/uploads\/Featured-2-900x675.jpg\" alt=\"\" class=\"wp-image-90104 lazyload\" data-sizes=\"auto\" data-srcset=\"https:\/\/buletin.de\/bucuresti\/wp-content\/uploads\/Featured-2-900x675.jpg 900w, https:\/\/buletin.de\/bucuresti\/wp-content\/uploads\/Featured-2-300x225.jpg 300w, https:\/\/buletin.de\/bucuresti\/wp-content\/uploads\/Featured-2-768x576.jpg 768w, https:\/\/buletin.de\/bucuresti\/wp-content\/uploads\/Featured-2-1536x1152.jpg 1536w, https:\/\/buletin.de\/bucuresti\/wp-content\/uploads\/Featured-2-1600x1200.jpg 1600w, https:\/\/buletin.de\/bucuresti\/wp-content\/uploads\/Featured-2-1100x825.jpg 1100w, https:\/\/buletin.de\/bucuresti\/wp-content\/uploads\/Featured-2-600x450.jpg 600w, https:\/\/buletin.de\/bucuresti\/wp-content\/uploads\/Featured-2-20x15.jpg 20w, https:\/\/buletin.de\/bucuresti\/wp-content\/uploads\/Featured-2.jpg 2048w\" sizes=\"(max-width: 900px) 100vw, 900px\" \/><\/a><\/figure>\n\n\n\n<h2 class=\"wp-block-heading\">\u201eDin delirul unui om ni s-a falsificat realitatea\u201d<\/h2>\n\n\n\n<p>Printre cele 300 de persoane prezente la \u0219edin\u021ba din 4 iulie 1977 se num\u0103r\u0103 \u0219i inginerul disident Gheorghe Ursu, \u0219eful de proiect al blocului Aro-Patria. <\/p>\n\n\n\n<p>Dup\u0103 cum spunea chiar fiul acestuia, Andrei Ursu, prezent la spectacol: este foarte posibil ca, \u00een seara de 4 iulie 2024, unul dintre noi s\u0103 fi ocupat locul tat\u0103lui s\u0103u. Evenimentul s-a \u00eencheiat cu discursul s\u0103u \u00een care poveste\u0219e cum, \u00een urma \u0219edin\u021bei, Gheorghe Ursu a fost m\u0103cinat de sentimentul de vinov\u0103\u021bie. \u00ce\u0219i repro\u0219a c\u0103 nu a avut curajul s\u0103 se opun\u0103 dictatorului.<\/p>\n\n\n\n<figure class=\"wp-block-image size-large\"><a href=\"https:\/\/buletin.de\/bucuresti\/wp-content\/uploads\/WhatsApp-Image-2024-07-05-at-13.33.32_0fc6efd3.jpg\"><img loading=\"lazy\" decoding=\"async\" width=\"900\" height=\"675\" src=\"data:image\/gif;base64,R0lGODlhAQABAAAAACH5BAEKAAEALAAAAAABAAEAAAICTAEAOw==\" data-src=\"https:\/\/buletin.de\/bucuresti\/wp-content\/uploads\/WhatsApp-Image-2024-07-05-at-13.33.32_0fc6efd3-900x675.jpg\" alt=\"\" class=\"wp-image-90105 lazyload\" data-sizes=\"auto\" data-srcset=\"https:\/\/buletin.de\/bucuresti\/wp-content\/uploads\/WhatsApp-Image-2024-07-05-at-13.33.32_0fc6efd3-900x675.jpg 900w, https:\/\/buletin.de\/bucuresti\/wp-content\/uploads\/WhatsApp-Image-2024-07-05-at-13.33.32_0fc6efd3-300x225.jpg 300w, https:\/\/buletin.de\/bucuresti\/wp-content\/uploads\/WhatsApp-Image-2024-07-05-at-13.33.32_0fc6efd3-768x576.jpg 768w, https:\/\/buletin.de\/bucuresti\/wp-content\/uploads\/WhatsApp-Image-2024-07-05-at-13.33.32_0fc6efd3-1536x1152.jpg 1536w, https:\/\/buletin.de\/bucuresti\/wp-content\/uploads\/WhatsApp-Image-2024-07-05-at-13.33.32_0fc6efd3-1100x825.jpg 1100w, https:\/\/buletin.de\/bucuresti\/wp-content\/uploads\/WhatsApp-Image-2024-07-05-at-13.33.32_0fc6efd3-600x450.jpg 600w, https:\/\/buletin.de\/bucuresti\/wp-content\/uploads\/WhatsApp-Image-2024-07-05-at-13.33.32_0fc6efd3-20x15.jpg 20w, https:\/\/buletin.de\/bucuresti\/wp-content\/uploads\/WhatsApp-Image-2024-07-05-at-13.33.32_0fc6efd3.jpg 1600w\" sizes=\"(max-width: 900px) 100vw, 900px\" \/><\/a><\/figure>\n\n\n\n<p>Con\u0219tiin\u021ba l-a \u00eempiedicat s\u0103 se supun\u0103 \u201eordinului criminal\u201d, motiv pentru care a semnalat sistarea prematur\u0103 a consolid\u0103rii imobilelor, printr-o scrisoare la postul de radio Europa Liber\u0103, lucru care a \u00eensemnat condamnarea sa la moarte.<\/p>\n\n\n\n<p>\u00cen noiembrie 1985, dup\u0103 zile de tortur\u0103 \u00een care a refuzat constant s\u0103-\u0219i toarne apropia\u021bii \u0219i s\u0103 se dezic\u0103 de scrisoarea de la&nbsp;Europa&nbsp;Liber\u0103, Gheorghe Ursu moare la Spitalul Penitenciar Jilava.<\/p>\n\n\n\n<p><a href=\"https:\/\/buletin.de\/bucuresti\/tortionarii-disidentului-gheorghe-ursu-raman-liberi-curtea-de-apel-bucuresti-a-respins-calea-de-atac-a-procurorilor-si-urmasilor\/\">Tor\u0163ionarii s\u0103i sunt \u00eenc\u0103 \u00een libertate, dup\u0103 ce<strong> <\/strong>au ob\u021binut, \u00een iulie 2023, decizia de achitare \u00een dosarul judecat de \u00cenalta Curte de Casa\u021bie \u0219i Justi\u021bie<\/a>.<\/p>\n\n\n\n<p>Mu\u0219amalizarea deciziei de sistare a lucr\u0103rilor de consolidare ne afecteaz\u0103 \u0219i \u00een prezent, prin miturile r\u0103sp\u00e2ndite \u00een jurul nostru de vecini, administratori de bloc. C\u00e2teodat\u0103, chiar de noi \u00een\u0219ine. Probabil, cei mai mul\u021bi dintre noi ne g\u00e2ndim la pericolul unui cutremur o dat\u0103 pe an, pe data de 4 martie.<\/p>\n\n\n\n<figure class=\"wp-block-gallery has-nested-images columns-default is-cropped wp-block-gallery-4 is-layout-flex wp-block-gallery-is-layout-flex\">\n<figure class=\"wp-block-image size-large\"><a href=\"https:\/\/buletin.de\/bucuresti\/wp-content\/uploads\/WhatsApp-Image-2024-07-05-at-12.06.55_58361bdc.jpg\"><img loading=\"lazy\" decoding=\"async\" width=\"900\" height=\"675\" data-id=\"90100\" src=\"data:image\/gif;base64,R0lGODlhAQABAAAAACH5BAEKAAEALAAAAAABAAEAAAICTAEAOw==\" data-src=\"https:\/\/buletin.de\/bucuresti\/wp-content\/uploads\/WhatsApp-Image-2024-07-05-at-12.06.55_58361bdc-900x675.jpg\" alt=\"\" class=\"wp-image-90100 lazyload\" data-sizes=\"auto\" data-srcset=\"https:\/\/buletin.de\/bucuresti\/wp-content\/uploads\/WhatsApp-Image-2024-07-05-at-12.06.55_58361bdc-900x675.jpg 900w, https:\/\/buletin.de\/bucuresti\/wp-content\/uploads\/WhatsApp-Image-2024-07-05-at-12.06.55_58361bdc-300x225.jpg 300w, https:\/\/buletin.de\/bucuresti\/wp-content\/uploads\/WhatsApp-Image-2024-07-05-at-12.06.55_58361bdc-768x576.jpg 768w, https:\/\/buletin.de\/bucuresti\/wp-content\/uploads\/WhatsApp-Image-2024-07-05-at-12.06.55_58361bdc-1536x1152.jpg 1536w, https:\/\/buletin.de\/bucuresti\/wp-content\/uploads\/WhatsApp-Image-2024-07-05-at-12.06.55_58361bdc-1600x1200.jpg 1600w, https:\/\/buletin.de\/bucuresti\/wp-content\/uploads\/WhatsApp-Image-2024-07-05-at-12.06.55_58361bdc-1100x825.jpg 1100w, https:\/\/buletin.de\/bucuresti\/wp-content\/uploads\/WhatsApp-Image-2024-07-05-at-12.06.55_58361bdc-600x450.jpg 600w, https:\/\/buletin.de\/bucuresti\/wp-content\/uploads\/WhatsApp-Image-2024-07-05-at-12.06.55_58361bdc-20x15.jpg 20w, https:\/\/buletin.de\/bucuresti\/wp-content\/uploads\/WhatsApp-Image-2024-07-05-at-12.06.55_58361bdc.jpg 2048w\" sizes=\"(max-width: 900px) 100vw, 900px\" \/><\/a><\/figure>\n\n\n\n<figure class=\"wp-block-image size-large\"><a href=\"https:\/\/buletin.de\/bucuresti\/wp-content\/uploads\/WhatsApp-Image-2024-07-05-at-12.06.55_889ae5fe.jpg\"><img loading=\"lazy\" decoding=\"async\" width=\"900\" height=\"675\" data-id=\"90101\" src=\"data:image\/gif;base64,R0lGODlhAQABAAAAACH5BAEKAAEALAAAAAABAAEAAAICTAEAOw==\" data-src=\"https:\/\/buletin.de\/bucuresti\/wp-content\/uploads\/WhatsApp-Image-2024-07-05-at-12.06.55_889ae5fe-900x675.jpg\" alt=\"\" class=\"wp-image-90101 lazyload\" data-sizes=\"auto\" data-srcset=\"https:\/\/buletin.de\/bucuresti\/wp-content\/uploads\/WhatsApp-Image-2024-07-05-at-12.06.55_889ae5fe-900x675.jpg 900w, https:\/\/buletin.de\/bucuresti\/wp-content\/uploads\/WhatsApp-Image-2024-07-05-at-12.06.55_889ae5fe-300x225.jpg 300w, https:\/\/buletin.de\/bucuresti\/wp-content\/uploads\/WhatsApp-Image-2024-07-05-at-12.06.55_889ae5fe-768x576.jpg 768w, https:\/\/buletin.de\/bucuresti\/wp-content\/uploads\/WhatsApp-Image-2024-07-05-at-12.06.55_889ae5fe-1536x1152.jpg 1536w, https:\/\/buletin.de\/bucuresti\/wp-content\/uploads\/WhatsApp-Image-2024-07-05-at-12.06.55_889ae5fe-1600x1200.jpg 1600w, https:\/\/buletin.de\/bucuresti\/wp-content\/uploads\/WhatsApp-Image-2024-07-05-at-12.06.55_889ae5fe-1100x825.jpg 1100w, https:\/\/buletin.de\/bucuresti\/wp-content\/uploads\/WhatsApp-Image-2024-07-05-at-12.06.55_889ae5fe-600x450.jpg 600w, https:\/\/buletin.de\/bucuresti\/wp-content\/uploads\/WhatsApp-Image-2024-07-05-at-12.06.55_889ae5fe-20x15.jpg 20w, https:\/\/buletin.de\/bucuresti\/wp-content\/uploads\/WhatsApp-Image-2024-07-05-at-12.06.55_889ae5fe.jpg 2048w\" sizes=\"(max-width: 900px) 100vw, 900px\" \/><\/a><\/figure>\n<\/figure>\n\n\n\n<p><strong>CITE\u0218TE \u0218I:<\/strong><\/p>\n\n\n\n<figure class=\"wp-block-embed is-type-wp-embed is-provider-buletin-de-bucure-ti wp-block-embed-buletin-de-bucure-ti\"><div class=\"wp-block-embed__wrapper\">\n<blockquote class=\"wp-embedded-content\" data-secret=\"088ESZ4nbn\"><a href=\"https:\/\/buletin.de\/bucuresti\/tortionarii-disidentului-gheorghe-ursu-raman-liberi-curtea-de-apel-bucuresti-a-respins-calea-de-atac-a-procurorilor-si-urmasilor\/\">Tor\u0163ionarii disidentului Gheorghe Ursu r\u0103m\u00e2n liberi. Curtea de Apel Bucure\u015fti a respins calea de atac a procurorilor \u015fi urma\u015filor<\/a><\/blockquote><iframe class=\"wp-embedded-content\" sandbox=\"allow-scripts\" security=\"restricted\" style=\"position: absolute; clip: rect(1px, 1px, 1px, 1px);\" title=\"&#8220;Tor\u0163ionarii disidentului Gheorghe Ursu r\u0103m\u00e2n liberi. Curtea de Apel Bucure\u015fti a respins calea de atac a procurorilor \u015fi urma\u015filor&#8221; &#8212; Buletin de Bucure\u0219ti\" src=\"https:\/\/buletin.de\/bucuresti\/tortionarii-disidentului-gheorghe-ursu-raman-liberi-curtea-de-apel-bucuresti-a-respins-calea-de-atac-a-procurorilor-si-urmasilor\/embed\/#?secret=ukEEJut6EZ#?secret=088ESZ4nbn\" data-secret=\"088ESZ4nbn\" width=\"600\" height=\"338\" frameborder=\"0\" marginwidth=\"0\" marginheight=\"0\" scrolling=\"no\"><\/iframe>\n<\/div><\/figure>\n","protected":false},"excerpt":{"rendered":"<p>Pe 4 martie 1977 a avut loc o tragedie \u00eentip\u0103rit\u0103 \u00een mentalul colectiv, dar poate prea pu\u021bin rostit\u0103 pe buzele bucure\u0219tenilor, \u00een prezent. 56 de secunde au fost suficiente pentru a schimba vie\u021bile a milioane de oameni. \u00cen urma cutremurului, 1.578 de oameni au murit. Cei mai mul\u021bi \u00een Bucure\u0219ti. Peste 11.300 au fost r\u0103ni\u021bi. [&hellip;]<\/p>\n","protected":false},"author":55,"featured_media":90080,"comment_status":"closed","ping_status":"open","sticky":false,"template":"","format":"standard","meta":{"_acf_changed":false,"inline_featured_image":false,"ngg_post_thumbnail":0,"footnotes":""},"categories":[6994,3419,169],"tags":[9865,626,13223,13226,13227,13225,13224],"ppma_author":[22573],"class_list":["post-90001","post","type-post","status-publish","format-standard","has-post-thumbnail","hentry","category-stiri-2","category-featured","category-reportaj","tag-andrei-ursu","tag-cutremur","tag-cutremurul-nestiut","tag-gheroghe-ursu","tag-partidul-comunist","tag-rerise","tag-spectacol-teatru"],"acf":[],"yoast_head":"<!-- This site is optimized with the Yoast SEO Premium plugin v25.3 (Yoast SEO v27.5) - https:\/\/yoast.com\/product\/yoast-seo-premium-wordpress\/ -->\n<title>REPORTAJ | \u201eCutremurul ne\u0219tiut\u201d, spectacolul de teatru care reconstituie \u0219edin\u021ba care ne-a alterat prezentul - Buletin de Bucure\u0219ti<\/title>\n<meta name=\"robots\" content=\"index, follow, max-snippet:-1, max-image-preview:large, max-video-preview:-1\" \/>\n<link rel=\"canonical\" href=\"https:\/\/buletin.de\/bucuresti\/reportaj-cutremurul-nestiut-spectacolul-de-teatru-care-reconstituie-sedinta-care-ne-a-alterat-prezentul\/\" \/>\n<meta property=\"og:locale\" content=\"en_GB\" \/>\n<meta property=\"og:type\" content=\"article\" \/>\n<meta property=\"og:title\" content=\"REPORTAJ | \u201eCutremurul ne\u0219tiut\u201d, spectacolul de teatru care reconstituie \u0219edin\u021ba care ne-a alterat prezentul\" \/>\n<meta property=\"og:description\" content=\"Pe 4 martie 1977 a avut loc o tragedie \u00eentip\u0103rit\u0103 \u00een mentalul colectiv, dar poate prea pu\u021bin rostit\u0103 pe buzele bucure\u0219tenilor, \u00een prezent. 56 de secunde au fost suficiente pentru a schimba vie\u021bile a milioane de oameni. \u00cen urma cutremurului, 1.578 de oameni au murit. Cei mai mul\u021bi \u00een Bucure\u0219ti. Peste 11.300 au fost r\u0103ni\u021bi. [&hellip;]\" \/>\n<meta property=\"og:url\" content=\"https:\/\/buletin.de\/bucuresti\/reportaj-cutremurul-nestiut-spectacolul-de-teatru-care-reconstituie-sedinta-care-ne-a-alterat-prezentul\/\" \/>\n<meta property=\"og:site_name\" content=\"Buletin de Bucure\u0219ti\" \/>\n<meta property=\"article:publisher\" content=\"https:\/\/www.facebook.com\/buletin.de.buc\" \/>\n<meta property=\"article:published_time\" content=\"2024-07-05T09:51:41+00:00\" \/>\n<meta property=\"article:modified_time\" content=\"2024-07-05T11:09:53+00:00\" \/>\n<meta property=\"og:image\" content=\"https:\/\/buletin.de\/bucuresti\/wp-content\/uploads\/WhatsApp-Image-2024-07-05-at-12.50.25_228a4f97.jpg\" \/>\n\t<meta property=\"og:image:width\" content=\"1600\" \/>\n\t<meta property=\"og:image:height\" content=\"1200\" \/>\n\t<meta property=\"og:image:type\" content=\"image\/jpeg\" \/>\n<meta name=\"author\" content=\"Andreea Tudor\" \/>\n<meta name=\"twitter:card\" content=\"summary_large_image\" \/>\n<meta name=\"twitter:label1\" content=\"Written by\" \/>\n\t<meta name=\"twitter:data1\" content=\"Andreea Tudor\" \/>\n\t<meta name=\"twitter:label2\" content=\"Estimated reading time\" \/>\n\t<meta name=\"twitter:data2\" content=\"7 minutes\" \/>\n<script type=\"application\/ld+json\" class=\"yoast-schema-graph\">{\"@context\":\"https:\\\/\\\/schema.org\",\"@graph\":[{\"@type\":\"Article\",\"@id\":\"https:\\\/\\\/buletin.de\\\/bucuresti\\\/reportaj-cutremurul-nestiut-spectacolul-de-teatru-care-reconstituie-sedinta-care-ne-a-alterat-prezentul\\\/#article\",\"isPartOf\":{\"@id\":\"https:\\\/\\\/buletin.de\\\/bucuresti\\\/reportaj-cutremurul-nestiut-spectacolul-de-teatru-care-reconstituie-sedinta-care-ne-a-alterat-prezentul\\\/\"},\"author\":{\"name\":\"Andreea Tudor\",\"@id\":\"https:\\\/\\\/buletin.de\\\/bucuresti\\\/#\\\/schema\\\/person\\\/150590659efde715459d159da012f501\"},\"headline\":\"REPORTAJ | \u201eCutremurul ne\u0219tiut\u201d, spectacolul de teatru care reconstituie \u0219edin\u021ba care ne-a alterat prezentul\",\"datePublished\":\"2024-07-05T09:51:41+00:00\",\"dateModified\":\"2024-07-05T11:09:53+00:00\",\"mainEntityOfPage\":{\"@id\":\"https:\\\/\\\/buletin.de\\\/bucuresti\\\/reportaj-cutremurul-nestiut-spectacolul-de-teatru-care-reconstituie-sedinta-care-ne-a-alterat-prezentul\\\/\"},\"wordCount\":1239,\"publisher\":{\"@id\":\"https:\\\/\\\/buletin.de\\\/bucuresti\\\/#organization\"},\"image\":{\"@id\":\"https:\\\/\\\/buletin.de\\\/bucuresti\\\/reportaj-cutremurul-nestiut-spectacolul-de-teatru-care-reconstituie-sedinta-care-ne-a-alterat-prezentul\\\/#primaryimage\"},\"thumbnailUrl\":\"https:\\\/\\\/buletin.de\\\/bucuresti\\\/wp-content\\\/uploads\\\/WhatsApp-Image-2024-07-05-at-12.50.25_228a4f97.jpg\",\"keywords\":[\"Andrei Ursu\",\"Cutremur\",\"Cutremurul ne\u0219tiut\",\"gheroghe ursu\",\"partidul comunist\",\"re:rise\",\"spectacol teatru\"],\"articleSection\":[\"Articole\",\"Featured\",\"Reportaj\"],\"inLanguage\":\"en-GB\",\"copyrightYear\":\"2024\",\"copyrightHolder\":{\"@id\":\"https:\\\/\\\/buletin.de\\\/bucuresti\\\/#organization\"}},{\"@type\":\"WebPage\",\"@id\":\"https:\\\/\\\/buletin.de\\\/bucuresti\\\/reportaj-cutremurul-nestiut-spectacolul-de-teatru-care-reconstituie-sedinta-care-ne-a-alterat-prezentul\\\/\",\"url\":\"https:\\\/\\\/buletin.de\\\/bucuresti\\\/reportaj-cutremurul-nestiut-spectacolul-de-teatru-care-reconstituie-sedinta-care-ne-a-alterat-prezentul\\\/\",\"name\":\"REPORTAJ | \u201eCutremurul ne\u0219tiut\u201d, spectacolul de teatru care reconstituie \u0219edin\u021ba care ne-a alterat prezentul - Buletin de Bucure\u0219ti\",\"isPartOf\":{\"@id\":\"https:\\\/\\\/buletin.de\\\/bucuresti\\\/#website\"},\"primaryImageOfPage\":{\"@id\":\"https:\\\/\\\/buletin.de\\\/bucuresti\\\/reportaj-cutremurul-nestiut-spectacolul-de-teatru-care-reconstituie-sedinta-care-ne-a-alterat-prezentul\\\/#primaryimage\"},\"image\":{\"@id\":\"https:\\\/\\\/buletin.de\\\/bucuresti\\\/reportaj-cutremurul-nestiut-spectacolul-de-teatru-care-reconstituie-sedinta-care-ne-a-alterat-prezentul\\\/#primaryimage\"},\"thumbnailUrl\":\"https:\\\/\\\/buletin.de\\\/bucuresti\\\/wp-content\\\/uploads\\\/WhatsApp-Image-2024-07-05-at-12.50.25_228a4f97.jpg\",\"datePublished\":\"2024-07-05T09:51:41+00:00\",\"dateModified\":\"2024-07-05T11:09:53+00:00\",\"breadcrumb\":{\"@id\":\"https:\\\/\\\/buletin.de\\\/bucuresti\\\/reportaj-cutremurul-nestiut-spectacolul-de-teatru-care-reconstituie-sedinta-care-ne-a-alterat-prezentul\\\/#breadcrumb\"},\"inLanguage\":\"en-GB\",\"potentialAction\":[{\"@type\":\"ReadAction\",\"target\":[\"https:\\\/\\\/buletin.de\\\/bucuresti\\\/reportaj-cutremurul-nestiut-spectacolul-de-teatru-care-reconstituie-sedinta-care-ne-a-alterat-prezentul\\\/\"]}]},{\"@type\":\"ImageObject\",\"inLanguage\":\"en-GB\",\"@id\":\"https:\\\/\\\/buletin.de\\\/bucuresti\\\/reportaj-cutremurul-nestiut-spectacolul-de-teatru-care-reconstituie-sedinta-care-ne-a-alterat-prezentul\\\/#primaryimage\",\"url\":\"https:\\\/\\\/buletin.de\\\/bucuresti\\\/wp-content\\\/uploads\\\/WhatsApp-Image-2024-07-05-at-12.50.25_228a4f97.jpg\",\"contentUrl\":\"https:\\\/\\\/buletin.de\\\/bucuresti\\\/wp-content\\\/uploads\\\/WhatsApp-Image-2024-07-05-at-12.50.25_228a4f97.jpg\",\"width\":1600,\"height\":1200,\"caption\":\"FOTO: Andreea Tudor\"},{\"@type\":\"BreadcrumbList\",\"@id\":\"https:\\\/\\\/buletin.de\\\/bucuresti\\\/reportaj-cutremurul-nestiut-spectacolul-de-teatru-care-reconstituie-sedinta-care-ne-a-alterat-prezentul\\\/#breadcrumb\",\"itemListElement\":[{\"@type\":\"ListItem\",\"position\":1,\"name\":\"Acas\u0103\",\"item\":\"https:\\\/\\\/buletin.de\\\/bucuresti\\\/\"},{\"@type\":\"ListItem\",\"position\":2,\"name\":\"REPORTAJ | \u201eCutremurul ne\u0219tiut\u201d, spectacolul de teatru care reconstituie \u0219edin\u021ba care ne-a alterat prezentul\"}]},{\"@type\":\"WebSite\",\"@id\":\"https:\\\/\\\/buletin.de\\\/bucuresti\\\/#website\",\"url\":\"https:\\\/\\\/buletin.de\\\/bucuresti\\\/\",\"name\":\"Buletin de Bucure\u0219ti\",\"description\":\"\u0218tiri \u0219i investiga\u021bii esen\u021biale din capital\u0103\",\"publisher\":{\"@id\":\"https:\\\/\\\/buletin.de\\\/bucuresti\\\/#organization\"},\"potentialAction\":[{\"@type\":\"SearchAction\",\"target\":{\"@type\":\"EntryPoint\",\"urlTemplate\":\"https:\\\/\\\/buletin.de\\\/bucuresti\\\/?s={search_term_string}\"},\"query-input\":{\"@type\":\"PropertyValueSpecification\",\"valueRequired\":true,\"valueName\":\"search_term_string\"}}],\"inLanguage\":\"en-GB\"},{\"@type\":\"Organization\",\"@id\":\"https:\\\/\\\/buletin.de\\\/bucuresti\\\/#organization\",\"name\":\"Buletin de Bucure\u0219ti\",\"url\":\"https:\\\/\\\/buletin.de\\\/bucuresti\\\/\",\"logo\":{\"@type\":\"ImageObject\",\"inLanguage\":\"en-GB\",\"@id\":\"https:\\\/\\\/buletin.de\\\/bucuresti\\\/#\\\/schema\\\/logo\\\/image\\\/\",\"url\":\"https:\\\/\\\/buletin.de\\\/bucuresti\\\/wp-content\\\/uploads\\\/logo-bdb-full-wide-vernil-transparent.png\",\"contentUrl\":\"https:\\\/\\\/buletin.de\\\/bucuresti\\\/wp-content\\\/uploads\\\/logo-bdb-full-wide-vernil-transparent.png\",\"width\":1782,\"height\":626,\"caption\":\"Buletin de Bucure\u0219ti\"},\"image\":{\"@id\":\"https:\\\/\\\/buletin.de\\\/bucuresti\\\/#\\\/schema\\\/logo\\\/image\\\/\"},\"sameAs\":[\"https:\\\/\\\/www.facebook.com\\\/buletin.de.buc\",\"https:\\\/\\\/www.instagram.com\\\/buletinde.bucuresti\\\/\"]},{\"@type\":\"Person\",\"@id\":\"https:\\\/\\\/buletin.de\\\/bucuresti\\\/#\\\/schema\\\/person\\\/150590659efde715459d159da012f501\",\"name\":\"Andreea Tudor\",\"image\":{\"@type\":\"ImageObject\",\"inLanguage\":\"en-GB\",\"@id\":\"https:\\\/\\\/secure.gravatar.com\\\/avatar\\\/a88705a186ab0b67f3349bcbced506c09e37256fbaad0e7f3bd1a79b4599f589?s=96&d=monsterid&r=g79290610aa1a65c2b86eebc2ca5aee8f\",\"url\":\"https:\\\/\\\/secure.gravatar.com\\\/avatar\\\/a88705a186ab0b67f3349bcbced506c09e37256fbaad0e7f3bd1a79b4599f589?s=96&d=monsterid&r=g\",\"contentUrl\":\"https:\\\/\\\/secure.gravatar.com\\\/avatar\\\/a88705a186ab0b67f3349bcbced506c09e37256fbaad0e7f3bd1a79b4599f589?s=96&d=monsterid&r=g\",\"caption\":\"Andreea Tudor\"},\"description\":\"N\u0103scut\u0103 \u0219i crescut\u0103 \u00een Bucure\u0219ti, sus\u021bin\u0103toare a presei independente. A\u0219a am ajuns redactor la Buletin de Bucure\u0219ti. Fiind eu, \u00eens\u0103mi, parte a sistemului de \u00eenv\u0103\u021b\u0103m\u00e2nt rom\u00e2nesc \u0219i pasionat\u0103 de domeniul social, pun sub lup\u0103 tot ceea ce se \u00eent\u00e2mpl\u0103 \u00een sfera educa\u021biei. Cred cu t\u0103rie c\u0103 presa \u201epentru cet\u0103\u021beni\u201d este presa independent\u0103. Oamenii au nevoie de o informare corect\u0103 pentru a \u00een\u021belege pe deplin ce se \u00eent\u00e2mpl\u0103 \u00een jurul lor \u0219i pentru a lua ac\u021biune \u00eempotriva nedrept\u0103\u021bilor.\",\"url\":\"https:\\\/\\\/buletin.de\\\/bucuresti\\\/author\\\/andreeatudor\\\/\"}]}<\/script>\n<!-- \/ Yoast SEO Premium plugin. -->","yoast_head_json":{"title":"REPORTAJ | \u201eCutremurul ne\u0219tiut\u201d, spectacolul de teatru care reconstituie \u0219edin\u021ba care ne-a alterat prezentul - Buletin de Bucure\u0219ti","robots":{"index":"index","follow":"follow","max-snippet":"max-snippet:-1","max-image-preview":"max-image-preview:large","max-video-preview":"max-video-preview:-1"},"canonical":"https:\/\/buletin.de\/bucuresti\/reportaj-cutremurul-nestiut-spectacolul-de-teatru-care-reconstituie-sedinta-care-ne-a-alterat-prezentul\/","og_locale":"en_GB","og_type":"article","og_title":"REPORTAJ | \u201eCutremurul ne\u0219tiut\u201d, spectacolul de teatru care reconstituie \u0219edin\u021ba care ne-a alterat prezentul","og_description":"Pe 4 martie 1977 a avut loc o tragedie \u00eentip\u0103rit\u0103 \u00een mentalul colectiv, dar poate prea pu\u021bin rostit\u0103 pe buzele bucure\u0219tenilor, \u00een prezent. 56 de secunde au fost suficiente pentru a schimba vie\u021bile a milioane de oameni. \u00cen urma cutremurului, 1.578 de oameni au murit. Cei mai mul\u021bi \u00een Bucure\u0219ti. Peste 11.300 au fost r\u0103ni\u021bi. [&hellip;]","og_url":"https:\/\/buletin.de\/bucuresti\/reportaj-cutremurul-nestiut-spectacolul-de-teatru-care-reconstituie-sedinta-care-ne-a-alterat-prezentul\/","og_site_name":"Buletin de Bucure\u0219ti","article_publisher":"https:\/\/www.facebook.com\/buletin.de.buc","article_published_time":"2024-07-05T09:51:41+00:00","article_modified_time":"2024-07-05T11:09:53+00:00","og_image":[{"width":1600,"height":1200,"url":"https:\/\/buletin.de\/bucuresti\/wp-content\/uploads\/WhatsApp-Image-2024-07-05-at-12.50.25_228a4f97.jpg","type":"image\/jpeg"}],"author":"Andreea Tudor","twitter_card":"summary_large_image","twitter_misc":{"Written by":"Andreea Tudor","Estimated reading time":"7 minutes"},"schema":{"@context":"https:\/\/schema.org","@graph":[{"@type":"Article","@id":"https:\/\/buletin.de\/bucuresti\/reportaj-cutremurul-nestiut-spectacolul-de-teatru-care-reconstituie-sedinta-care-ne-a-alterat-prezentul\/#article","isPartOf":{"@id":"https:\/\/buletin.de\/bucuresti\/reportaj-cutremurul-nestiut-spectacolul-de-teatru-care-reconstituie-sedinta-care-ne-a-alterat-prezentul\/"},"author":{"name":"Andreea Tudor","@id":"https:\/\/buletin.de\/bucuresti\/#\/schema\/person\/150590659efde715459d159da012f501"},"headline":"REPORTAJ | \u201eCutremurul ne\u0219tiut\u201d, spectacolul de teatru care reconstituie \u0219edin\u021ba care ne-a alterat prezentul","datePublished":"2024-07-05T09:51:41+00:00","dateModified":"2024-07-05T11:09:53+00:00","mainEntityOfPage":{"@id":"https:\/\/buletin.de\/bucuresti\/reportaj-cutremurul-nestiut-spectacolul-de-teatru-care-reconstituie-sedinta-care-ne-a-alterat-prezentul\/"},"wordCount":1239,"publisher":{"@id":"https:\/\/buletin.de\/bucuresti\/#organization"},"image":{"@id":"https:\/\/buletin.de\/bucuresti\/reportaj-cutremurul-nestiut-spectacolul-de-teatru-care-reconstituie-sedinta-care-ne-a-alterat-prezentul\/#primaryimage"},"thumbnailUrl":"https:\/\/buletin.de\/bucuresti\/wp-content\/uploads\/WhatsApp-Image-2024-07-05-at-12.50.25_228a4f97.jpg","keywords":["Andrei Ursu","Cutremur","Cutremurul ne\u0219tiut","gheroghe ursu","partidul comunist","re:rise","spectacol teatru"],"articleSection":["Articole","Featured","Reportaj"],"inLanguage":"en-GB","copyrightYear":"2024","copyrightHolder":{"@id":"https:\/\/buletin.de\/bucuresti\/#organization"}},{"@type":"WebPage","@id":"https:\/\/buletin.de\/bucuresti\/reportaj-cutremurul-nestiut-spectacolul-de-teatru-care-reconstituie-sedinta-care-ne-a-alterat-prezentul\/","url":"https:\/\/buletin.de\/bucuresti\/reportaj-cutremurul-nestiut-spectacolul-de-teatru-care-reconstituie-sedinta-care-ne-a-alterat-prezentul\/","name":"REPORTAJ | \u201eCutremurul ne\u0219tiut\u201d, spectacolul de teatru care reconstituie \u0219edin\u021ba care ne-a alterat prezentul - Buletin de Bucure\u0219ti","isPartOf":{"@id":"https:\/\/buletin.de\/bucuresti\/#website"},"primaryImageOfPage":{"@id":"https:\/\/buletin.de\/bucuresti\/reportaj-cutremurul-nestiut-spectacolul-de-teatru-care-reconstituie-sedinta-care-ne-a-alterat-prezentul\/#primaryimage"},"image":{"@id":"https:\/\/buletin.de\/bucuresti\/reportaj-cutremurul-nestiut-spectacolul-de-teatru-care-reconstituie-sedinta-care-ne-a-alterat-prezentul\/#primaryimage"},"thumbnailUrl":"https:\/\/buletin.de\/bucuresti\/wp-content\/uploads\/WhatsApp-Image-2024-07-05-at-12.50.25_228a4f97.jpg","datePublished":"2024-07-05T09:51:41+00:00","dateModified":"2024-07-05T11:09:53+00:00","breadcrumb":{"@id":"https:\/\/buletin.de\/bucuresti\/reportaj-cutremurul-nestiut-spectacolul-de-teatru-care-reconstituie-sedinta-care-ne-a-alterat-prezentul\/#breadcrumb"},"inLanguage":"en-GB","potentialAction":[{"@type":"ReadAction","target":["https:\/\/buletin.de\/bucuresti\/reportaj-cutremurul-nestiut-spectacolul-de-teatru-care-reconstituie-sedinta-care-ne-a-alterat-prezentul\/"]}]},{"@type":"ImageObject","inLanguage":"en-GB","@id":"https:\/\/buletin.de\/bucuresti\/reportaj-cutremurul-nestiut-spectacolul-de-teatru-care-reconstituie-sedinta-care-ne-a-alterat-prezentul\/#primaryimage","url":"https:\/\/buletin.de\/bucuresti\/wp-content\/uploads\/WhatsApp-Image-2024-07-05-at-12.50.25_228a4f97.jpg","contentUrl":"https:\/\/buletin.de\/bucuresti\/wp-content\/uploads\/WhatsApp-Image-2024-07-05-at-12.50.25_228a4f97.jpg","width":1600,"height":1200,"caption":"FOTO: Andreea Tudor"},{"@type":"BreadcrumbList","@id":"https:\/\/buletin.de\/bucuresti\/reportaj-cutremurul-nestiut-spectacolul-de-teatru-care-reconstituie-sedinta-care-ne-a-alterat-prezentul\/#breadcrumb","itemListElement":[{"@type":"ListItem","position":1,"name":"Acas\u0103","item":"https:\/\/buletin.de\/bucuresti\/"},{"@type":"ListItem","position":2,"name":"REPORTAJ | \u201eCutremurul ne\u0219tiut\u201d, spectacolul de teatru care reconstituie \u0219edin\u021ba care ne-a alterat prezentul"}]},{"@type":"WebSite","@id":"https:\/\/buletin.de\/bucuresti\/#website","url":"https:\/\/buletin.de\/bucuresti\/","name":"Buletin de Bucure\u0219ti","description":"\u0218tiri \u0219i investiga\u021bii esen\u021biale din capital\u0103","publisher":{"@id":"https:\/\/buletin.de\/bucuresti\/#organization"},"potentialAction":[{"@type":"SearchAction","target":{"@type":"EntryPoint","urlTemplate":"https:\/\/buletin.de\/bucuresti\/?s={search_term_string}"},"query-input":{"@type":"PropertyValueSpecification","valueRequired":true,"valueName":"search_term_string"}}],"inLanguage":"en-GB"},{"@type":"Organization","@id":"https:\/\/buletin.de\/bucuresti\/#organization","name":"Buletin de Bucure\u0219ti","url":"https:\/\/buletin.de\/bucuresti\/","logo":{"@type":"ImageObject","inLanguage":"en-GB","@id":"https:\/\/buletin.de\/bucuresti\/#\/schema\/logo\/image\/","url":"https:\/\/buletin.de\/bucuresti\/wp-content\/uploads\/logo-bdb-full-wide-vernil-transparent.png","contentUrl":"https:\/\/buletin.de\/bucuresti\/wp-content\/uploads\/logo-bdb-full-wide-vernil-transparent.png","width":1782,"height":626,"caption":"Buletin de Bucure\u0219ti"},"image":{"@id":"https:\/\/buletin.de\/bucuresti\/#\/schema\/logo\/image\/"},"sameAs":["https:\/\/www.facebook.com\/buletin.de.buc","https:\/\/www.instagram.com\/buletinde.bucuresti\/"]},{"@type":"Person","@id":"https:\/\/buletin.de\/bucuresti\/#\/schema\/person\/150590659efde715459d159da012f501","name":"Andreea Tudor","image":{"@type":"ImageObject","inLanguage":"en-GB","@id":"https:\/\/secure.gravatar.com\/avatar\/a88705a186ab0b67f3349bcbced506c09e37256fbaad0e7f3bd1a79b4599f589?s=96&d=monsterid&r=g79290610aa1a65c2b86eebc2ca5aee8f","url":"https:\/\/secure.gravatar.com\/avatar\/a88705a186ab0b67f3349bcbced506c09e37256fbaad0e7f3bd1a79b4599f589?s=96&d=monsterid&r=g","contentUrl":"https:\/\/secure.gravatar.com\/avatar\/a88705a186ab0b67f3349bcbced506c09e37256fbaad0e7f3bd1a79b4599f589?s=96&d=monsterid&r=g","caption":"Andreea Tudor"},"description":"N\u0103scut\u0103 \u0219i crescut\u0103 \u00een Bucure\u0219ti, sus\u021bin\u0103toare a presei independente. A\u0219a am ajuns redactor la Buletin de Bucure\u0219ti. Fiind eu, \u00eens\u0103mi, parte a sistemului de \u00eenv\u0103\u021b\u0103m\u00e2nt rom\u00e2nesc \u0219i pasionat\u0103 de domeniul social, pun sub lup\u0103 tot ceea ce se \u00eent\u00e2mpl\u0103 \u00een sfera educa\u021biei. Cred cu t\u0103rie c\u0103 presa \u201epentru cet\u0103\u021beni\u201d este presa independent\u0103. Oamenii au nevoie de o informare corect\u0103 pentru a \u00een\u021belege pe deplin ce se \u00eent\u00e2mpl\u0103 \u00een jurul lor \u0219i pentru a lua ac\u021biune \u00eempotriva nedrept\u0103\u021bilor.","url":"https:\/\/buletin.de\/bucuresti\/author\/andreeatudor\/"}]}},"authors":[{"term_id":22573,"user_id":55,"is_guest":0,"slug":"andreeatudor","display_name":"Andreea Tudor","avatar_url":"https:\/\/secure.gravatar.com\/avatar\/a88705a186ab0b67f3349bcbced506c09e37256fbaad0e7f3bd1a79b4599f589?s=96&d=monsterid&r=g","0":null,"1":"","2":"","3":"","4":"","5":"","6":"","7":"","8":""}],"_links":{"self":[{"href":"https:\/\/buletin.de\/bucuresti\/wp-json\/wp\/v2\/posts\/90001","targetHints":{"allow":["GET"]}}],"collection":[{"href":"https:\/\/buletin.de\/bucuresti\/wp-json\/wp\/v2\/posts"}],"about":[{"href":"https:\/\/buletin.de\/bucuresti\/wp-json\/wp\/v2\/types\/post"}],"author":[{"embeddable":true,"href":"https:\/\/buletin.de\/bucuresti\/wp-json\/wp\/v2\/users\/55"}],"replies":[{"embeddable":true,"href":"https:\/\/buletin.de\/bucuresti\/wp-json\/wp\/v2\/comments?post=90001"}],"version-history":[{"count":33,"href":"https:\/\/buletin.de\/bucuresti\/wp-json\/wp\/v2\/posts\/90001\/revisions"}],"predecessor-version":[{"id":90110,"href":"https:\/\/buletin.de\/bucuresti\/wp-json\/wp\/v2\/posts\/90001\/revisions\/90110"}],"wp:featuredmedia":[{"embeddable":true,"href":"https:\/\/buletin.de\/bucuresti\/wp-json\/wp\/v2\/media\/90080"}],"wp:attachment":[{"href":"https:\/\/buletin.de\/bucuresti\/wp-json\/wp\/v2\/media?parent=90001"}],"wp:term":[{"taxonomy":"category","embeddable":true,"href":"https:\/\/buletin.de\/bucuresti\/wp-json\/wp\/v2\/categories?post=90001"},{"taxonomy":"post_tag","embeddable":true,"href":"https:\/\/buletin.de\/bucuresti\/wp-json\/wp\/v2\/tags?post=90001"},{"taxonomy":"author","embeddable":true,"href":"https:\/\/buletin.de\/bucuresti\/wp-json\/wp\/v2\/ppma_author?post=90001"}],"curies":[{"name":"wp","href":"https:\/\/api.w.org\/{rel}","templated":true}]}}