{"id":89877,"date":"2024-07-03T14:55:40","date_gmt":"2024-07-03T11:55:40","guid":{"rendered":"https:\/\/buletin.de\/bucuresti\/?p=89877"},"modified":"2024-07-03T14:56:01","modified_gmt":"2024-07-03T11:56:01","slug":"public-record-doi-angajati-ai-curtii-de-conturi-si-au-reclamat-sefa-printre-altele-pentru-ca-se-folosea-de-functie-sa-primeasca-autorizatii-de-construire-in-sectorul-1","status":"publish","type":"post","link":"https:\/\/buletin.de\/bucuresti\/public-record-doi-angajati-ai-curtii-de-conturi-si-au-reclamat-sefa-printre-altele-pentru-ca-se-folosea-de-functie-sa-primeasca-autorizatii-de-construire-in-sectorul-1\/","title":{"rendered":"Public Record: Doi angaja\u021bi ai Cur\u021bii de Conturi \u0219i-au reclamat \u0219efa, printre altele, pentru c\u0103 se folosea de func\u021bie s\u0103 primeasc\u0103 autoriza\u021bii de construire \u00een Sectorul 1"},"content":{"rendered":"\n<p><strong>Doi angaja\u021bi ai Cur\u021bii de Conturi a Rom\u00e2niei au f\u0103cut o sesizare \u0219efei lor, o consilier\u0103 de conturi, pentru c\u0103 \u00ee\u0219i folosea titulatura pentru a ob\u021bine autoriza\u021bii de construire. Ea \u00eei mai obliga colegi s\u0103 fac\u0103 chet\u0103 \u0219i s\u0103-i ofere bani la anivers\u0103ri, zile de na\u0219tere \u0219i onomastice \u0219i alte ocazii, ani la r\u00e2nd, arat\u0103 o investiga\u021bie <a href=\"https:\/\/publicrecord.ro\/2024\/07\/03\/de-ce-nu-ati-contribuit-pentru-ziua-mea-de-nastere\/\">Public Record<\/a>.<\/strong><\/p>\n\n\n\n<p>\u00cen investiga\u021bie se arat\u0103 cum consiliera se folosea de func\u021bia ei pentru a presa autorit\u0103\u021bile s\u0103-i dea autoriza\u021bie de construire pe un teren din Sectorul 1. Avea nevoie de documente de la Direc\u021bia General\u0103 Cultur\u0103 a Municipiului Bucure\u0219ti, de la Prim\u0103ria General\u0103, prim\u0103ria de sector \u0219i de la Comisia pentru Monumente din cadrul Ministerului Culturii. <\/p>\n\n\n\n<p><em>\u201e(\u2026) din derularea faptelor (\u2026) a urm\u0103rit introducerea \u00een plan a unor misiuni de audit la entit\u0103\u021bile de mai sus, \u00een vederea ob\u021binerii aprob\u0103rilor, avizelor, certificate de urbanism etc necesare autoriz\u0103rii de construire\u201d<\/em>, arat\u0103 un pasaj din sesizarea angaja\u021bilor Cur\u021bii de Conturi.<\/p>\n\n\n\n<p>Pl\u00e2ngerea dateaz\u0103 \u00eenc\u0103 din 2020, c\u00e2nd cei doi angaja\u021bi au adresat sesizarea conducerii, iar de atunci, consiliera s-a pensionat.&nbsp;<\/p>\n\n\n\n<p>\u201eDin anul 2016, doamna Consilier de Conturi Carmen Georgeta St\u0103nescu a IMPUS DREPT OBLIGATORIU ca pentru ziua domniei sale de na\u0219tere, de nume sau pentru alte s\u0103rb\u0103tori legale (1 \/ 8 martie) subsemnatului&nbsp; s\u0103 str\u00e2ng bani de la personalul aflat \u00een subordinea domniei sale, respectiv auditori publici externi, directori, secretar\u0103, \u0219ofer \u0219i \u0219ef de cabinet, av\u00e2nd drept rezultat ob\u021binerea unui folos material de pe urma acestora\u201d, reiese din sesizarea angaja\u021bilor. <\/p>\n\n\n\n<p>Jurnali\u0219tii Public Record arat\u0103 cum o alt\u0103 coleg\u0103 ceruse zile de concediu, iar r\u0103spunsul Georgetei St\u0103nescu a fost \u201eDe ce nu a\u021bi contribuit pentru ziua mea de na\u0219tere?\u201d. Ulterior, angajata a contribuit cu 100 de lei.&nbsp;<\/p>\n\n\n\n<p>\u00cen alt\u0103 instan\u021b\u0103, femeia a cerut unei alte anagajate drept cadou bijuterii \u00een valoare de 27.400 de lei.&nbsp;<\/p>\n\n\n\n<p>Angaja\u021bii men\u021bioneaz\u0103 \u00een sesizare faptul c\u0103 \u201eToate aceste decizii \u0219i dispozi\u021bii date de doamna consilier de conturi Carmen Georgeta St\u0103nescu (\u2026) au avut un interes personal\u201d.&nbsp;<\/p>\n\n\n\n<p>Parcursul documentului de pe o mas\u0103 pe alta, plimbat timp de patru ani, dintre care \u00een trei nu s-a mai \u00eent\u00e2mplat nimic cu el, \u00eel prezint\u0103 \u00een detaliu <a href=\"https:\/\/publicrecord.ro\/2024\/07\/03\/de-ce-nu-ati-contribuit-pentru-ziua-mea-de-nastere\/\">investiga\u021bia Public Record<\/a>. De asemenea, \u0219i alte nereguli grave sesizate \u00een 2020 de cei doi angaja\u021bi pot fi consultate pe site-ul publica\u021biei.&nbsp;<\/p>\n","protected":false},"excerpt":{"rendered":"<p>Doi angaja\u021bi ai Cur\u021bii de Conturi a Rom\u00e2niei au f\u0103cut o sesizare \u0219efei lor, o consilier\u0103 de conturi, pentru c\u0103 \u00ee\u0219i folosea titulatura pentru a ob\u021bine autoriza\u021bii de construire. Ea \u00eei mai obliga colegi s\u0103 fac\u0103 chet\u0103 \u0219i s\u0103-i ofere bani la anivers\u0103ri, zile de na\u0219tere \u0219i onomastice \u0219i alte ocazii, ani la r\u00e2nd, arat\u0103 [&hellip;]<\/p>\n","protected":false},"author":58,"featured_media":89879,"comment_status":"closed","ping_status":"open","sticky":false,"template":"","format":"standard","meta":{"_acf_changed":false,"inline_featured_image":false,"ngg_post_thumbnail":0,"footnotes":""},"categories":[6994,5762],"tags":[13191,2063,518,417,13190],"ppma_author":[22581],"class_list":["post-89877","post","type-post","status-publish","format-standard","has-post-thumbnail","hentry","category-stiri-2","category-main","tag-autorizatie-2","tag-bucuresti-2","tag-curtea-de-conturi","tag-sectorul-1","tag-sesizare"],"acf":[],"yoast_head":"<!-- This site is optimized with the Yoast SEO Premium plugin v25.3 (Yoast SEO v27.5) - https:\/\/yoast.com\/product\/yoast-seo-premium-wordpress\/ -->\n<title>Public Record: Doi angaja\u021bi ai Cur\u021bii de Conturi \u0219i-au reclamat \u0219efa, printre altele, pentru c\u0103 se folosea de func\u021bie s\u0103 primeasc\u0103 autoriza\u021bii de construire \u00een Sectorul 1 - Buletin de Bucure\u0219ti<\/title>\n<meta name=\"robots\" content=\"index, follow, max-snippet:-1, max-image-preview:large, max-video-preview:-1\" \/>\n<link rel=\"canonical\" href=\"https:\/\/buletin.de\/bucuresti\/public-record-doi-angajati-ai-curtii-de-conturi-si-au-reclamat-sefa-printre-altele-pentru-ca-se-folosea-de-functie-sa-primeasca-autorizatii-de-construire-in-sectorul-1\/\" \/>\n<meta property=\"og:locale\" content=\"en_GB\" \/>\n<meta property=\"og:type\" content=\"article\" \/>\n<meta property=\"og:title\" content=\"Public Record: Doi angaja\u021bi ai Cur\u021bii de Conturi \u0219i-au reclamat \u0219efa, printre altele, pentru c\u0103 se folosea de func\u021bie s\u0103 primeasc\u0103 autoriza\u021bii de construire \u00een Sectorul 1\" \/>\n<meta property=\"og:description\" content=\"Doi angaja\u021bi ai Cur\u021bii de Conturi a Rom\u00e2niei au f\u0103cut o sesizare \u0219efei lor, o consilier\u0103 de conturi, pentru c\u0103 \u00ee\u0219i folosea titulatura pentru a ob\u021bine autoriza\u021bii de construire. Ea \u00eei mai obliga colegi s\u0103 fac\u0103 chet\u0103 \u0219i s\u0103-i ofere bani la anivers\u0103ri, zile de na\u0219tere \u0219i onomastice \u0219i alte ocazii, ani la r\u00e2nd, arat\u0103 [&hellip;]\" \/>\n<meta property=\"og:url\" content=\"https:\/\/buletin.de\/bucuresti\/public-record-doi-angajati-ai-curtii-de-conturi-si-au-reclamat-sefa-printre-altele-pentru-ca-se-folosea-de-functie-sa-primeasca-autorizatii-de-construire-in-sectorul-1\/\" \/>\n<meta property=\"og:site_name\" content=\"Buletin de Bucure\u0219ti\" \/>\n<meta property=\"article:publisher\" content=\"https:\/\/www.facebook.com\/buletin.de.buc\" \/>\n<meta property=\"article:published_time\" content=\"2024-07-03T11:55:40+00:00\" \/>\n<meta property=\"article:modified_time\" content=\"2024-07-03T11:56:01+00:00\" \/>\n<meta property=\"og:image\" content=\"https:\/\/buletin.de\/bucuresti\/wp-content\/uploads\/449760746_122157003596228509_2070290601139044420_n.jpg\" \/>\n\t<meta property=\"og:image:width\" content=\"1280\" \/>\n\t<meta property=\"og:image:height\" content=\"1280\" \/>\n\t<meta property=\"og:image:type\" content=\"image\/jpeg\" \/>\n<meta name=\"author\" content=\"Ana Anghel-Dimache\" \/>\n<meta name=\"twitter:card\" content=\"summary_large_image\" \/>\n<meta name=\"twitter:label1\" content=\"Written by\" \/>\n\t<meta name=\"twitter:data1\" content=\"Ana Anghel-Dimache\" \/>\n\t<meta name=\"twitter:label2\" content=\"Estimated reading time\" \/>\n\t<meta name=\"twitter:data2\" content=\"2 minutes\" \/>\n<script type=\"application\/ld+json\" class=\"yoast-schema-graph\">{\"@context\":\"https:\\\/\\\/schema.org\",\"@graph\":[{\"@type\":\"Article\",\"@id\":\"https:\\\/\\\/buletin.de\\\/bucuresti\\\/public-record-doi-angajati-ai-curtii-de-conturi-si-au-reclamat-sefa-printre-altele-pentru-ca-se-folosea-de-functie-sa-primeasca-autorizatii-de-construire-in-sectorul-1\\\/#article\",\"isPartOf\":{\"@id\":\"https:\\\/\\\/buletin.de\\\/bucuresti\\\/public-record-doi-angajati-ai-curtii-de-conturi-si-au-reclamat-sefa-printre-altele-pentru-ca-se-folosea-de-functie-sa-primeasca-autorizatii-de-construire-in-sectorul-1\\\/\"},\"author\":{\"name\":\"Ana Anghel-Dimache\",\"@id\":\"https:\\\/\\\/buletin.de\\\/bucuresti\\\/#\\\/schema\\\/person\\\/359459245996e200ed7c807f71f0551a\"},\"headline\":\"Public Record: Doi angaja\u021bi ai Cur\u021bii de Conturi \u0219i-au reclamat \u0219efa, printre altele, pentru c\u0103 se folosea de func\u021bie s\u0103 primeasc\u0103 autoriza\u021bii de construire \u00een Sectorul 1\",\"datePublished\":\"2024-07-03T11:55:40+00:00\",\"dateModified\":\"2024-07-03T11:56:01+00:00\",\"mainEntityOfPage\":{\"@id\":\"https:\\\/\\\/buletin.de\\\/bucuresti\\\/public-record-doi-angajati-ai-curtii-de-conturi-si-au-reclamat-sefa-printre-altele-pentru-ca-se-folosea-de-functie-sa-primeasca-autorizatii-de-construire-in-sectorul-1\\\/\"},\"wordCount\":450,\"publisher\":{\"@id\":\"https:\\\/\\\/buletin.de\\\/bucuresti\\\/#organization\"},\"image\":{\"@id\":\"https:\\\/\\\/buletin.de\\\/bucuresti\\\/public-record-doi-angajati-ai-curtii-de-conturi-si-au-reclamat-sefa-printre-altele-pentru-ca-se-folosea-de-functie-sa-primeasca-autorizatii-de-construire-in-sectorul-1\\\/#primaryimage\"},\"thumbnailUrl\":\"https:\\\/\\\/buletin.de\\\/bucuresti\\\/wp-content\\\/uploads\\\/449760746_122157003596228509_2070290601139044420_n.jpg\",\"keywords\":[\"autoriza\u021bie\",\"Bucure\u0219ti\",\"curtea de conturi\",\"sectorul 1\",\"sesizare\"],\"articleSection\":[\"Articole\",\"Main\"],\"inLanguage\":\"en-GB\",\"copyrightYear\":\"2024\",\"copyrightHolder\":{\"@id\":\"https:\\\/\\\/buletin.de\\\/bucuresti\\\/#organization\"}},{\"@type\":\"WebPage\",\"@id\":\"https:\\\/\\\/buletin.de\\\/bucuresti\\\/public-record-doi-angajati-ai-curtii-de-conturi-si-au-reclamat-sefa-printre-altele-pentru-ca-se-folosea-de-functie-sa-primeasca-autorizatii-de-construire-in-sectorul-1\\\/\",\"url\":\"https:\\\/\\\/buletin.de\\\/bucuresti\\\/public-record-doi-angajati-ai-curtii-de-conturi-si-au-reclamat-sefa-printre-altele-pentru-ca-se-folosea-de-functie-sa-primeasca-autorizatii-de-construire-in-sectorul-1\\\/\",\"name\":\"Public Record: Doi angaja\u021bi ai Cur\u021bii de Conturi \u0219i-au reclamat \u0219efa, printre altele, pentru c\u0103 se folosea de func\u021bie s\u0103 primeasc\u0103 autoriza\u021bii de construire \u00een Sectorul 1 - Buletin de Bucure\u0219ti\",\"isPartOf\":{\"@id\":\"https:\\\/\\\/buletin.de\\\/bucuresti\\\/#website\"},\"primaryImageOfPage\":{\"@id\":\"https:\\\/\\\/buletin.de\\\/bucuresti\\\/public-record-doi-angajati-ai-curtii-de-conturi-si-au-reclamat-sefa-printre-altele-pentru-ca-se-folosea-de-functie-sa-primeasca-autorizatii-de-construire-in-sectorul-1\\\/#primaryimage\"},\"image\":{\"@id\":\"https:\\\/\\\/buletin.de\\\/bucuresti\\\/public-record-doi-angajati-ai-curtii-de-conturi-si-au-reclamat-sefa-printre-altele-pentru-ca-se-folosea-de-functie-sa-primeasca-autorizatii-de-construire-in-sectorul-1\\\/#primaryimage\"},\"thumbnailUrl\":\"https:\\\/\\\/buletin.de\\\/bucuresti\\\/wp-content\\\/uploads\\\/449760746_122157003596228509_2070290601139044420_n.jpg\",\"datePublished\":\"2024-07-03T11:55:40+00:00\",\"dateModified\":\"2024-07-03T11:56:01+00:00\",\"breadcrumb\":{\"@id\":\"https:\\\/\\\/buletin.de\\\/bucuresti\\\/public-record-doi-angajati-ai-curtii-de-conturi-si-au-reclamat-sefa-printre-altele-pentru-ca-se-folosea-de-functie-sa-primeasca-autorizatii-de-construire-in-sectorul-1\\\/#breadcrumb\"},\"inLanguage\":\"en-GB\",\"potentialAction\":[{\"@type\":\"ReadAction\",\"target\":[\"https:\\\/\\\/buletin.de\\\/bucuresti\\\/public-record-doi-angajati-ai-curtii-de-conturi-si-au-reclamat-sefa-printre-altele-pentru-ca-se-folosea-de-functie-sa-primeasca-autorizatii-de-construire-in-sectorul-1\\\/\"]}]},{\"@type\":\"ImageObject\",\"inLanguage\":\"en-GB\",\"@id\":\"https:\\\/\\\/buletin.de\\\/bucuresti\\\/public-record-doi-angajati-ai-curtii-de-conturi-si-au-reclamat-sefa-printre-altele-pentru-ca-se-folosea-de-functie-sa-primeasca-autorizatii-de-construire-in-sectorul-1\\\/#primaryimage\",\"url\":\"https:\\\/\\\/buletin.de\\\/bucuresti\\\/wp-content\\\/uploads\\\/449760746_122157003596228509_2070290601139044420_n.jpg\",\"contentUrl\":\"https:\\\/\\\/buletin.de\\\/bucuresti\\\/wp-content\\\/uploads\\\/449760746_122157003596228509_2070290601139044420_n.jpg\",\"width\":1280,\"height\":1280},{\"@type\":\"BreadcrumbList\",\"@id\":\"https:\\\/\\\/buletin.de\\\/bucuresti\\\/public-record-doi-angajati-ai-curtii-de-conturi-si-au-reclamat-sefa-printre-altele-pentru-ca-se-folosea-de-functie-sa-primeasca-autorizatii-de-construire-in-sectorul-1\\\/#breadcrumb\",\"itemListElement\":[{\"@type\":\"ListItem\",\"position\":1,\"name\":\"Acas\u0103\",\"item\":\"https:\\\/\\\/buletin.de\\\/bucuresti\\\/\"},{\"@type\":\"ListItem\",\"position\":2,\"name\":\"Public Record: Doi angaja\u021bi ai Cur\u021bii de Conturi \u0219i-au reclamat \u0219efa, printre altele, pentru c\u0103 se folosea de func\u021bie s\u0103 primeasc\u0103 autoriza\u021bii de construire \u00een Sectorul 1\"}]},{\"@type\":\"WebSite\",\"@id\":\"https:\\\/\\\/buletin.de\\\/bucuresti\\\/#website\",\"url\":\"https:\\\/\\\/buletin.de\\\/bucuresti\\\/\",\"name\":\"Buletin de Bucure\u0219ti\",\"description\":\"\u0218tiri \u0219i investiga\u021bii esen\u021biale din capital\u0103\",\"publisher\":{\"@id\":\"https:\\\/\\\/buletin.de\\\/bucuresti\\\/#organization\"},\"potentialAction\":[{\"@type\":\"SearchAction\",\"target\":{\"@type\":\"EntryPoint\",\"urlTemplate\":\"https:\\\/\\\/buletin.de\\\/bucuresti\\\/?s={search_term_string}\"},\"query-input\":{\"@type\":\"PropertyValueSpecification\",\"valueRequired\":true,\"valueName\":\"search_term_string\"}}],\"inLanguage\":\"en-GB\"},{\"@type\":\"Organization\",\"@id\":\"https:\\\/\\\/buletin.de\\\/bucuresti\\\/#organization\",\"name\":\"Buletin de Bucure\u0219ti\",\"url\":\"https:\\\/\\\/buletin.de\\\/bucuresti\\\/\",\"logo\":{\"@type\":\"ImageObject\",\"inLanguage\":\"en-GB\",\"@id\":\"https:\\\/\\\/buletin.de\\\/bucuresti\\\/#\\\/schema\\\/logo\\\/image\\\/\",\"url\":\"https:\\\/\\\/buletin.de\\\/bucuresti\\\/wp-content\\\/uploads\\\/logo-bdb-full-wide-vernil-transparent.png\",\"contentUrl\":\"https:\\\/\\\/buletin.de\\\/bucuresti\\\/wp-content\\\/uploads\\\/logo-bdb-full-wide-vernil-transparent.png\",\"width\":1782,\"height\":626,\"caption\":\"Buletin de Bucure\u0219ti\"},\"image\":{\"@id\":\"https:\\\/\\\/buletin.de\\\/bucuresti\\\/#\\\/schema\\\/logo\\\/image\\\/\"},\"sameAs\":[\"https:\\\/\\\/www.facebook.com\\\/buletin.de.buc\",\"https:\\\/\\\/www.instagram.com\\\/buletinde.bucuresti\\\/\"]},{\"@type\":\"Person\",\"@id\":\"https:\\\/\\\/buletin.de\\\/bucuresti\\\/#\\\/schema\\\/person\\\/359459245996e200ed7c807f71f0551a\",\"name\":\"Ana Anghel-Dimache\",\"image\":{\"@type\":\"ImageObject\",\"inLanguage\":\"en-GB\",\"@id\":\"https:\\\/\\\/buletin.de\\\/bucuresti\\\/wp-content\\\/uploads\\\/Ana-Anghel-Dimache-96x96.jpg861145fc2c4f1fe57dc81b59a6cfb674\",\"url\":\"https:\\\/\\\/buletin.de\\\/bucuresti\\\/wp-content\\\/uploads\\\/Ana-Anghel-Dimache-96x96.jpg\",\"contentUrl\":\"https:\\\/\\\/buletin.de\\\/bucuresti\\\/wp-content\\\/uploads\\\/Ana-Anghel-Dimache-96x96.jpg\",\"caption\":\"Ana Anghel-Dimache\"},\"description\":\"Sunt student\u0103 la jurnalism \u0219i m-am n\u0103scut \u00een Bucure\u0219ti, ora\u0219 plin de pove\u0219ti care merit\u0103 explorate. \u00cemi place s\u0103 scriu despre subiecte politice, de mediu \u0219i legate de transportul din Capital\u0103. \u00cencerc s\u0103 pictez o imagine c\u00e2t mai sincer\u0103 a realit\u0103\u021bii \u0219i sus\u021bin presa independent\u0103 pentru c\u0103 este esen\u021bial s\u0103 pot reda faptele \u00een formele lor adev\u0103rate.\",\"url\":\"https:\\\/\\\/buletin.de\\\/bucuresti\\\/author\\\/ana-dimache\\\/\"}]}<\/script>\n<!-- \/ Yoast SEO Premium plugin. -->","yoast_head_json":{"title":"Public Record: Doi angaja\u021bi ai Cur\u021bii de Conturi \u0219i-au reclamat \u0219efa, printre altele, pentru c\u0103 se folosea de func\u021bie s\u0103 primeasc\u0103 autoriza\u021bii de construire \u00een Sectorul 1 - Buletin de Bucure\u0219ti","robots":{"index":"index","follow":"follow","max-snippet":"max-snippet:-1","max-image-preview":"max-image-preview:large","max-video-preview":"max-video-preview:-1"},"canonical":"https:\/\/buletin.de\/bucuresti\/public-record-doi-angajati-ai-curtii-de-conturi-si-au-reclamat-sefa-printre-altele-pentru-ca-se-folosea-de-functie-sa-primeasca-autorizatii-de-construire-in-sectorul-1\/","og_locale":"en_GB","og_type":"article","og_title":"Public Record: Doi angaja\u021bi ai Cur\u021bii de Conturi \u0219i-au reclamat \u0219efa, printre altele, pentru c\u0103 se folosea de func\u021bie s\u0103 primeasc\u0103 autoriza\u021bii de construire \u00een Sectorul 1","og_description":"Doi angaja\u021bi ai Cur\u021bii de Conturi a Rom\u00e2niei au f\u0103cut o sesizare \u0219efei lor, o consilier\u0103 de conturi, pentru c\u0103 \u00ee\u0219i folosea titulatura pentru a ob\u021bine autoriza\u021bii de construire. Ea \u00eei mai obliga colegi s\u0103 fac\u0103 chet\u0103 \u0219i s\u0103-i ofere bani la anivers\u0103ri, zile de na\u0219tere \u0219i onomastice \u0219i alte ocazii, ani la r\u00e2nd, arat\u0103 [&hellip;]","og_url":"https:\/\/buletin.de\/bucuresti\/public-record-doi-angajati-ai-curtii-de-conturi-si-au-reclamat-sefa-printre-altele-pentru-ca-se-folosea-de-functie-sa-primeasca-autorizatii-de-construire-in-sectorul-1\/","og_site_name":"Buletin de Bucure\u0219ti","article_publisher":"https:\/\/www.facebook.com\/buletin.de.buc","article_published_time":"2024-07-03T11:55:40+00:00","article_modified_time":"2024-07-03T11:56:01+00:00","og_image":[{"width":1280,"height":1280,"url":"https:\/\/buletin.de\/bucuresti\/wp-content\/uploads\/449760746_122157003596228509_2070290601139044420_n.jpg","type":"image\/jpeg"}],"author":"Ana Anghel-Dimache","twitter_card":"summary_large_image","twitter_misc":{"Written by":"Ana Anghel-Dimache","Estimated reading time":"2 minutes"},"schema":{"@context":"https:\/\/schema.org","@graph":[{"@type":"Article","@id":"https:\/\/buletin.de\/bucuresti\/public-record-doi-angajati-ai-curtii-de-conturi-si-au-reclamat-sefa-printre-altele-pentru-ca-se-folosea-de-functie-sa-primeasca-autorizatii-de-construire-in-sectorul-1\/#article","isPartOf":{"@id":"https:\/\/buletin.de\/bucuresti\/public-record-doi-angajati-ai-curtii-de-conturi-si-au-reclamat-sefa-printre-altele-pentru-ca-se-folosea-de-functie-sa-primeasca-autorizatii-de-construire-in-sectorul-1\/"},"author":{"name":"Ana Anghel-Dimache","@id":"https:\/\/buletin.de\/bucuresti\/#\/schema\/person\/359459245996e200ed7c807f71f0551a"},"headline":"Public Record: Doi angaja\u021bi ai Cur\u021bii de Conturi \u0219i-au reclamat \u0219efa, printre altele, pentru c\u0103 se folosea de func\u021bie s\u0103 primeasc\u0103 autoriza\u021bii de construire \u00een Sectorul 1","datePublished":"2024-07-03T11:55:40+00:00","dateModified":"2024-07-03T11:56:01+00:00","mainEntityOfPage":{"@id":"https:\/\/buletin.de\/bucuresti\/public-record-doi-angajati-ai-curtii-de-conturi-si-au-reclamat-sefa-printre-altele-pentru-ca-se-folosea-de-functie-sa-primeasca-autorizatii-de-construire-in-sectorul-1\/"},"wordCount":450,"publisher":{"@id":"https:\/\/buletin.de\/bucuresti\/#organization"},"image":{"@id":"https:\/\/buletin.de\/bucuresti\/public-record-doi-angajati-ai-curtii-de-conturi-si-au-reclamat-sefa-printre-altele-pentru-ca-se-folosea-de-functie-sa-primeasca-autorizatii-de-construire-in-sectorul-1\/#primaryimage"},"thumbnailUrl":"https:\/\/buletin.de\/bucuresti\/wp-content\/uploads\/449760746_122157003596228509_2070290601139044420_n.jpg","keywords":["autoriza\u021bie","Bucure\u0219ti","curtea de conturi","sectorul 1","sesizare"],"articleSection":["Articole","Main"],"inLanguage":"en-GB","copyrightYear":"2024","copyrightHolder":{"@id":"https:\/\/buletin.de\/bucuresti\/#organization"}},{"@type":"WebPage","@id":"https:\/\/buletin.de\/bucuresti\/public-record-doi-angajati-ai-curtii-de-conturi-si-au-reclamat-sefa-printre-altele-pentru-ca-se-folosea-de-functie-sa-primeasca-autorizatii-de-construire-in-sectorul-1\/","url":"https:\/\/buletin.de\/bucuresti\/public-record-doi-angajati-ai-curtii-de-conturi-si-au-reclamat-sefa-printre-altele-pentru-ca-se-folosea-de-functie-sa-primeasca-autorizatii-de-construire-in-sectorul-1\/","name":"Public Record: Doi angaja\u021bi ai Cur\u021bii de Conturi \u0219i-au reclamat \u0219efa, printre altele, pentru c\u0103 se folosea de func\u021bie s\u0103 primeasc\u0103 autoriza\u021bii de construire \u00een Sectorul 1 - Buletin de Bucure\u0219ti","isPartOf":{"@id":"https:\/\/buletin.de\/bucuresti\/#website"},"primaryImageOfPage":{"@id":"https:\/\/buletin.de\/bucuresti\/public-record-doi-angajati-ai-curtii-de-conturi-si-au-reclamat-sefa-printre-altele-pentru-ca-se-folosea-de-functie-sa-primeasca-autorizatii-de-construire-in-sectorul-1\/#primaryimage"},"image":{"@id":"https:\/\/buletin.de\/bucuresti\/public-record-doi-angajati-ai-curtii-de-conturi-si-au-reclamat-sefa-printre-altele-pentru-ca-se-folosea-de-functie-sa-primeasca-autorizatii-de-construire-in-sectorul-1\/#primaryimage"},"thumbnailUrl":"https:\/\/buletin.de\/bucuresti\/wp-content\/uploads\/449760746_122157003596228509_2070290601139044420_n.jpg","datePublished":"2024-07-03T11:55:40+00:00","dateModified":"2024-07-03T11:56:01+00:00","breadcrumb":{"@id":"https:\/\/buletin.de\/bucuresti\/public-record-doi-angajati-ai-curtii-de-conturi-si-au-reclamat-sefa-printre-altele-pentru-ca-se-folosea-de-functie-sa-primeasca-autorizatii-de-construire-in-sectorul-1\/#breadcrumb"},"inLanguage":"en-GB","potentialAction":[{"@type":"ReadAction","target":["https:\/\/buletin.de\/bucuresti\/public-record-doi-angajati-ai-curtii-de-conturi-si-au-reclamat-sefa-printre-altele-pentru-ca-se-folosea-de-functie-sa-primeasca-autorizatii-de-construire-in-sectorul-1\/"]}]},{"@type":"ImageObject","inLanguage":"en-GB","@id":"https:\/\/buletin.de\/bucuresti\/public-record-doi-angajati-ai-curtii-de-conturi-si-au-reclamat-sefa-printre-altele-pentru-ca-se-folosea-de-functie-sa-primeasca-autorizatii-de-construire-in-sectorul-1\/#primaryimage","url":"https:\/\/buletin.de\/bucuresti\/wp-content\/uploads\/449760746_122157003596228509_2070290601139044420_n.jpg","contentUrl":"https:\/\/buletin.de\/bucuresti\/wp-content\/uploads\/449760746_122157003596228509_2070290601139044420_n.jpg","width":1280,"height":1280},{"@type":"BreadcrumbList","@id":"https:\/\/buletin.de\/bucuresti\/public-record-doi-angajati-ai-curtii-de-conturi-si-au-reclamat-sefa-printre-altele-pentru-ca-se-folosea-de-functie-sa-primeasca-autorizatii-de-construire-in-sectorul-1\/#breadcrumb","itemListElement":[{"@type":"ListItem","position":1,"name":"Acas\u0103","item":"https:\/\/buletin.de\/bucuresti\/"},{"@type":"ListItem","position":2,"name":"Public Record: Doi angaja\u021bi ai Cur\u021bii de Conturi \u0219i-au reclamat \u0219efa, printre altele, pentru c\u0103 se folosea de func\u021bie s\u0103 primeasc\u0103 autoriza\u021bii de construire \u00een Sectorul 1"}]},{"@type":"WebSite","@id":"https:\/\/buletin.de\/bucuresti\/#website","url":"https:\/\/buletin.de\/bucuresti\/","name":"Buletin de Bucure\u0219ti","description":"\u0218tiri \u0219i investiga\u021bii esen\u021biale din capital\u0103","publisher":{"@id":"https:\/\/buletin.de\/bucuresti\/#organization"},"potentialAction":[{"@type":"SearchAction","target":{"@type":"EntryPoint","urlTemplate":"https:\/\/buletin.de\/bucuresti\/?s={search_term_string}"},"query-input":{"@type":"PropertyValueSpecification","valueRequired":true,"valueName":"search_term_string"}}],"inLanguage":"en-GB"},{"@type":"Organization","@id":"https:\/\/buletin.de\/bucuresti\/#organization","name":"Buletin de Bucure\u0219ti","url":"https:\/\/buletin.de\/bucuresti\/","logo":{"@type":"ImageObject","inLanguage":"en-GB","@id":"https:\/\/buletin.de\/bucuresti\/#\/schema\/logo\/image\/","url":"https:\/\/buletin.de\/bucuresti\/wp-content\/uploads\/logo-bdb-full-wide-vernil-transparent.png","contentUrl":"https:\/\/buletin.de\/bucuresti\/wp-content\/uploads\/logo-bdb-full-wide-vernil-transparent.png","width":1782,"height":626,"caption":"Buletin de Bucure\u0219ti"},"image":{"@id":"https:\/\/buletin.de\/bucuresti\/#\/schema\/logo\/image\/"},"sameAs":["https:\/\/www.facebook.com\/buletin.de.buc","https:\/\/www.instagram.com\/buletinde.bucuresti\/"]},{"@type":"Person","@id":"https:\/\/buletin.de\/bucuresti\/#\/schema\/person\/359459245996e200ed7c807f71f0551a","name":"Ana Anghel-Dimache","image":{"@type":"ImageObject","inLanguage":"en-GB","@id":"https:\/\/buletin.de\/bucuresti\/wp-content\/uploads\/Ana-Anghel-Dimache-96x96.jpg861145fc2c4f1fe57dc81b59a6cfb674","url":"https:\/\/buletin.de\/bucuresti\/wp-content\/uploads\/Ana-Anghel-Dimache-96x96.jpg","contentUrl":"https:\/\/buletin.de\/bucuresti\/wp-content\/uploads\/Ana-Anghel-Dimache-96x96.jpg","caption":"Ana Anghel-Dimache"},"description":"Sunt student\u0103 la jurnalism \u0219i m-am n\u0103scut \u00een Bucure\u0219ti, ora\u0219 plin de pove\u0219ti care merit\u0103 explorate. \u00cemi place s\u0103 scriu despre subiecte politice, de mediu \u0219i legate de transportul din Capital\u0103. \u00cencerc s\u0103 pictez o imagine c\u00e2t mai sincer\u0103 a realit\u0103\u021bii \u0219i sus\u021bin presa independent\u0103 pentru c\u0103 este esen\u021bial s\u0103 pot reda faptele \u00een formele lor adev\u0103rate.","url":"https:\/\/buletin.de\/bucuresti\/author\/ana-dimache\/"}]}},"authors":[{"term_id":22581,"user_id":58,"is_guest":0,"slug":"ana-dimache","display_name":"Ana Anghel-Dimache","avatar_url":"https:\/\/buletin.de\/bucuresti\/wp-content\/uploads\/Ana-Anghel-Dimache-96x96.jpg","0":null,"1":"","2":"","3":"","4":"","5":"","6":"","7":"","8":""}],"_links":{"self":[{"href":"https:\/\/buletin.de\/bucuresti\/wp-json\/wp\/v2\/posts\/89877","targetHints":{"allow":["GET"]}}],"collection":[{"href":"https:\/\/buletin.de\/bucuresti\/wp-json\/wp\/v2\/posts"}],"about":[{"href":"https:\/\/buletin.de\/bucuresti\/wp-json\/wp\/v2\/types\/post"}],"author":[{"embeddable":true,"href":"https:\/\/buletin.de\/bucuresti\/wp-json\/wp\/v2\/users\/58"}],"replies":[{"embeddable":true,"href":"https:\/\/buletin.de\/bucuresti\/wp-json\/wp\/v2\/comments?post=89877"}],"version-history":[{"count":4,"href":"https:\/\/buletin.de\/bucuresti\/wp-json\/wp\/v2\/posts\/89877\/revisions"}],"predecessor-version":[{"id":89889,"href":"https:\/\/buletin.de\/bucuresti\/wp-json\/wp\/v2\/posts\/89877\/revisions\/89889"}],"wp:featuredmedia":[{"embeddable":true,"href":"https:\/\/buletin.de\/bucuresti\/wp-json\/wp\/v2\/media\/89879"}],"wp:attachment":[{"href":"https:\/\/buletin.de\/bucuresti\/wp-json\/wp\/v2\/media?parent=89877"}],"wp:term":[{"taxonomy":"category","embeddable":true,"href":"https:\/\/buletin.de\/bucuresti\/wp-json\/wp\/v2\/categories?post=89877"},{"taxonomy":"post_tag","embeddable":true,"href":"https:\/\/buletin.de\/bucuresti\/wp-json\/wp\/v2\/tags?post=89877"},{"taxonomy":"author","embeddable":true,"href":"https:\/\/buletin.de\/bucuresti\/wp-json\/wp\/v2\/ppma_author?post=89877"}],"curies":[{"name":"wp","href":"https:\/\/api.w.org\/{rel}","templated":true}]}}