{"id":8984,"date":"2020-07-08T16:52:53","date_gmt":"2020-07-08T13:52:53","guid":{"rendered":"https:\/\/buletin.de\/bucuresti\/?p=8984"},"modified":"2020-07-08T16:58:04","modified_gmt":"2020-07-08T13:58:04","slug":"grafic-lista-neagra-vs-zona-verde-tot-mai-multe-tari-impun-restrictii-de-calatorie-pentru-romani-din-cauza-cresterii-numarului-de-cazuri","status":"publish","type":"post","link":"https:\/\/buletin.de\/bucuresti\/grafic-lista-neagra-vs-zona-verde-tot-mai-multe-tari-impun-restrictii-de-calatorie-pentru-romani-din-cauza-cresterii-numarului-de-cazuri\/","title":{"rendered":"GRAFIC: Lista neagr\u0103 vs. zona verde! Tot mai multe \u021b\u0103ri impun restric\u021bii de c\u0103l\u0103torie pentru rom\u00e2ni din cauza cre\u0219terii num\u0103rului de cazuri"},"content":{"rendered":"\n<p><strong>Rom\u00e2nia a ridicat m\u0103surile de carantin\u0103 pentru c\u0103l\u0103torii din peste 30 de \u021b\u0103ri din \u201ezona verde\u201d,  \u00eens\u0103 tot mai multe state impun restric\u021bii de c\u0103l\u0103torie pentru rom\u00e2ni din cauza \u00eenr\u0103ut\u0103\u021birii crizei de coronavirus<\/strong>. <strong>Am f\u0103cut o hart\u0103 pentru a vizualiza noile condi\u021bii de c\u0103l\u0103torie pentru rom\u00e2ni \u00een Europa.<\/strong><\/p>\n\n\n\n<p>Po\u021bi plimba cursorul peste fiecare \u021bar\u0103 pentru a vedea care sunt restric\u021biile de c\u0103l\u0103torie impuse turi\u0219tilor rom\u00e2ni.<\/p>\n\n\n\n<div class=\"infogram-embed\" data-id=\"9f7e2e72-4a70-4cfa-9b95-76711f34a9cc\" data-type=\"interactive\" data-title=\"Restric\u021bii c\u0103l\u0103torie\"><\/div><script>!function(e,i,n,s){var t=\"InfogramEmbeds\",d=e.getElementsByTagName(\"script\")[0];if(window[t]&&window[t].initialized)window[t].process&&window[t].process();else if(!e.getElementById(n)){var o=e.createElement(\"script\");o.async=1,o.id=n,o.src=\"https:\/\/e.infogram.com\/js\/dist\/embed-loader-min.js\",d.parentNode.insertBefore(o,d)}}(document,0,\"infogram-async\");<\/script>\n\n\n<p>\n<!--StartFragment--><\/p>\n\n\n<p>Ast\u0103zi Rom\u00e2nia a \u00eenregistrat 555 de noi infect\u0103ri cu COVID-19, cel mai mare num\u0103r de p\u00e2n\u0103 acum, iar num\u0103rul total de cazuri a dep\u0103\u0219it astfel 30.000. <\/p>\n\n\n\n<p>Cu pu\u021bin timp \u00eenainte, <a href=\"https:\/\/buletin.de\/bucuresti\/austria-impune-carantina-obligatorie-celor-care-vin-din-romania\/\">Austria<\/a> anun\u021base c\u0103 to\u021bi c\u0103l\u0103torii din Rom\u00e2nia trebuie s\u0103 stea \u00een carantin\u0103 pentru 14 zile sau s\u0103 prezinte dovada unui test negativ COVID-19, din cauza cre\u0219terii num\u0103rului de cazuri.<\/p>\n\n\n\n<p>Austria este a 12-a \u021bar\u0103 din cele din \u201ezona verde\u201d din cele peste 30 din \u201ezona verde\u201d care pune Rom\u00e2nia pe \u201elista neagr\u0103\u201d. Printre \u021b\u0103rile care au anun\u021bat restric\u021bii de c\u0103l\u0103torie pentru rom\u00e2ni se mai num\u0103r\u0103 Norvegia, Finlanda, Malta, Estonia, Lituania, Letonia, Irlanda, Slovenia, Slovacia, Danemarca, Cipru \u0219i Islanda (pentru Islanda, to\u021bi c\u0103l\u0103torii din \u021b\u0103ri membre ale Uniunii Europene\/EEA, EFTA \u0219i din Marea Britanie sunt testa\u021bi gratuit pentru COVID-19 la sosire ca alterntiv\u0103 la intrarea imediat\u0103 \u00een carantin\u0103).<\/p>\n\n\n\n<p>Rom\u00e2nia a ad\u0103ugat luni 22 de noi state \u00een<a href=\"https:\/\/buletin.de\/bucuresti\/cei-care-vin-din-marea-britanie-spania-si-canada-nu-trebuie-sa-mai-stea-in-izolare-harta-actualizata\/\"> \u201ezona verde\u201d<\/a>, pentru care autoizolarea c\u0103l\u0103torilor la sosirea \u00een Rom\u00e2nia nu mai este obligatorie.<\/p>\n\n\n\n<p><em><strong>Harta are scop orientativ.<\/strong><\/em> <strong><em>Pentru mai multe detalii despre condi\u021biile de c\u0103l\u0103torie \u00een Europa \u0219i care sunt documentele de care ave\u021bi nevoie pentru a trece grani\u021ba (carte de identitate, <a href=\"https:\/\/travel.gov.gr\/#\/\">Passenger Locator Form<\/a> etc.), consulta\u021bi <a href=\"http:\/\/www.mae.ro\/node\/51880#null\">lista<\/a> cu aten\u021bion\u0103ri de c\u0103l\u0103torie realizat\u0103 de Ministerul Afacerilor Externe \u0219i platforma realizat\u0103 de Uniunea European\u0103 <a href=\"https:\/\/reopen.europa.eu\/en\/map\/AUT\">Re-open EU<\/a>.<\/em><\/strong><\/p>\n\n\n\n<p>Surs\u0103 informa\u021bii: <a href=\"https:\/\/reopen.europa.eu\/en\/map\/AUT\">Re-open EU<\/a>, <a href=\"https:\/\/politi.dk\/en\/coronavirus-in-denmark\/travelling-in-or-out-of-denmark\/entry-into-denmark\">Poli\u021bia Danez\u0103<\/a>, <a href=\"https:\/\/um.dk\/en\/travel-and-residence\/coronavirus-covid-19\/\">Ministerul Afacerilor Externe Danemarca<\/a>, <a href=\"https:\/\/covid19.gov.lv\/en\/support-society\/persons-returning-abroad\/persons-who-want-return-latvia\">Guvernul Letoniei<\/a>, <a href=\"https:\/\/www.gov.ie\/en\/publication\/e885b2-covid-19-coronavirus-travel-advice\/\">Guvernul Irlandei<\/a>, <a href=\"https:\/\/www.nijz.si\/en\">Ministerul S\u0103n\u0103t\u0103\u021bii Slovenia<\/a>, <a href=\"https:\/\/www.visitcyprus.com\/index.php\/en\/cyprus-covid19-travel-protocol\">Cipru<\/a>, <a href=\"https:\/\/www.utl.is\/index.php\/en\/about-directorate-of-immigration\/news\">Islanda<\/a>, <a href=\"https:\/\/koronavirus.mzcr.cz\/seznam-evropskych-zemi-podle-miry-rizika-nakazy\/\">Cehia<\/a>.<\/p>\n","protected":false},"excerpt":{"rendered":"<p>Rom\u00e2nia a ridicat m\u0103surile de carantin\u0103 pentru c\u0103l\u0103torii din peste 30 de \u021b\u0103ri din \u201ezona verde\u201d, \u00eens\u0103 tot mai multe state impun restric\u021bii de c\u0103l\u0103torie pentru rom\u00e2ni din cauza \u00eenr\u0103ut\u0103\u021birii crizei de coronavirus. Am f\u0103cut o hart\u0103 pentru a vizualiza noile condi\u021bii de c\u0103l\u0103torie pentru rom\u00e2ni \u00een Europa. Po\u021bi plimba cursorul peste fiecare \u021bar\u0103 pentru [&hellip;]<\/p>\n","protected":false},"author":15,"featured_media":8991,"comment_status":"closed","ping_status":"open","sticky":false,"template":"","format":"standard","meta":{"_acf_changed":false,"inline_featured_image":false,"ngg_post_thumbnail":0,"footnotes":""},"categories":[996,650],"tags":[1155,529,1158,787,401,1202],"ppma_author":[22592],"class_list":["post-8984","post","type-post","status-publish","format-standard","has-post-thumbnail","hentry","category-covid-19","category-transport","tag-calatorie","tag-coronavirus","tag-harta","tag-restrictii-circulatie","tag-transport","tag-zona-verde"],"acf":[],"yoast_head":"<!-- This site is optimized with the Yoast SEO Premium plugin v25.3 (Yoast SEO v27.4) - https:\/\/yoast.com\/product\/yoast-seo-premium-wordpress\/ -->\n<title>GRAFIC: Lista neagr\u0103 vs. zona verde! Tot mai multe \u021b\u0103ri impun restric\u021bii de c\u0103l\u0103torie pentru rom\u00e2ni din cauza cre\u0219terii num\u0103rului de cazuri - Buletin de Bucure\u0219ti<\/title>\n<meta name=\"robots\" content=\"index, follow, max-snippet:-1, max-image-preview:large, max-video-preview:-1\" \/>\n<link rel=\"canonical\" href=\"https:\/\/buletin.de\/bucuresti\/grafic-lista-neagra-vs-zona-verde-tot-mai-multe-tari-impun-restrictii-de-calatorie-pentru-romani-din-cauza-cresterii-numarului-de-cazuri\/\" \/>\n<meta property=\"og:locale\" content=\"en_GB\" \/>\n<meta property=\"og:type\" content=\"article\" \/>\n<meta property=\"og:title\" content=\"GRAFIC: Lista neagr\u0103 vs. zona verde! Tot mai multe \u021b\u0103ri impun restric\u021bii de c\u0103l\u0103torie pentru rom\u00e2ni din cauza cre\u0219terii num\u0103rului de cazuri\" \/>\n<meta property=\"og:description\" content=\"Rom\u00e2nia a ridicat m\u0103surile de carantin\u0103 pentru c\u0103l\u0103torii din peste 30 de \u021b\u0103ri din \u201ezona verde\u201d, \u00eens\u0103 tot mai multe state impun restric\u021bii de c\u0103l\u0103torie pentru rom\u00e2ni din cauza \u00eenr\u0103ut\u0103\u021birii crizei de coronavirus. Am f\u0103cut o hart\u0103 pentru a vizualiza noile condi\u021bii de c\u0103l\u0103torie pentru rom\u00e2ni \u00een Europa. Po\u021bi plimba cursorul peste fiecare \u021bar\u0103 pentru [&hellip;]\" \/>\n<meta property=\"og:url\" content=\"https:\/\/buletin.de\/bucuresti\/grafic-lista-neagra-vs-zona-verde-tot-mai-multe-tari-impun-restrictii-de-calatorie-pentru-romani-din-cauza-cresterii-numarului-de-cazuri\/\" \/>\n<meta property=\"og:site_name\" content=\"Buletin de Bucure\u0219ti\" \/>\n<meta property=\"article:publisher\" content=\"https:\/\/www.facebook.com\/buletin.de.buc\" \/>\n<meta property=\"article:published_time\" content=\"2020-07-08T13:52:53+00:00\" \/>\n<meta property=\"article:modified_time\" content=\"2020-07-08T13:58:04+00:00\" \/>\n<meta property=\"og:image\" content=\"https:\/\/buletin.de\/bucuresti\/wp-content\/uploads\/Screen-Shot-2020-07-08-at-15.36.25.png\" \/>\n\t<meta property=\"og:image:width\" content=\"1066\" \/>\n\t<meta property=\"og:image:height\" content=\"904\" \/>\n\t<meta property=\"og:image:type\" content=\"image\/png\" \/>\n<meta name=\"author\" content=\"Irina Anghel\" \/>\n<meta name=\"twitter:card\" content=\"summary_large_image\" \/>\n<meta name=\"twitter:label1\" content=\"Written by\" \/>\n\t<meta name=\"twitter:data1\" content=\"Irina Anghel\" \/>\n\t<meta name=\"twitter:label2\" content=\"Estimated reading time\" \/>\n\t<meta name=\"twitter:data2\" content=\"2 minutes\" \/>\n<script type=\"application\/ld+json\" class=\"yoast-schema-graph\">{\"@context\":\"https:\\\/\\\/schema.org\",\"@graph\":[{\"@type\":\"Article\",\"@id\":\"https:\\\/\\\/buletin.de\\\/bucuresti\\\/grafic-lista-neagra-vs-zona-verde-tot-mai-multe-tari-impun-restrictii-de-calatorie-pentru-romani-din-cauza-cresterii-numarului-de-cazuri\\\/#article\",\"isPartOf\":{\"@id\":\"https:\\\/\\\/buletin.de\\\/bucuresti\\\/grafic-lista-neagra-vs-zona-verde-tot-mai-multe-tari-impun-restrictii-de-calatorie-pentru-romani-din-cauza-cresterii-numarului-de-cazuri\\\/\"},\"author\":{\"name\":\"Irina Anghel\",\"@id\":\"https:\\\/\\\/buletin.de\\\/bucuresti\\\/#\\\/schema\\\/person\\\/7a01591ad05c4d2c7261fe7f0383d2af\"},\"headline\":\"GRAFIC: Lista neagr\u0103 vs. zona verde! Tot mai multe \u021b\u0103ri impun restric\u021bii de c\u0103l\u0103torie pentru rom\u00e2ni din cauza cre\u0219terii num\u0103rului de cazuri\",\"datePublished\":\"2020-07-08T13:52:53+00:00\",\"dateModified\":\"2020-07-08T13:58:04+00:00\",\"mainEntityOfPage\":{\"@id\":\"https:\\\/\\\/buletin.de\\\/bucuresti\\\/grafic-lista-neagra-vs-zona-verde-tot-mai-multe-tari-impun-restrictii-de-calatorie-pentru-romani-din-cauza-cresterii-numarului-de-cazuri\\\/\"},\"wordCount\":387,\"publisher\":{\"@id\":\"https:\\\/\\\/buletin.de\\\/bucuresti\\\/#organization\"},\"image\":{\"@id\":\"https:\\\/\\\/buletin.de\\\/bucuresti\\\/grafic-lista-neagra-vs-zona-verde-tot-mai-multe-tari-impun-restrictii-de-calatorie-pentru-romani-din-cauza-cresterii-numarului-de-cazuri\\\/#primaryimage\"},\"thumbnailUrl\":\"https:\\\/\\\/buletin.de\\\/bucuresti\\\/wp-content\\\/uploads\\\/Screen-Shot-2020-07-08-at-15.36.25.png\",\"keywords\":[\"calatorie\",\"coronavirus\",\"harta\",\"restrictii circulatie\",\"transport\",\"zona verde\"],\"articleSection\":[\"Covid-19\",\"Transport\"],\"inLanguage\":\"en-GB\",\"copyrightYear\":\"2020\",\"copyrightHolder\":{\"@id\":\"https:\\\/\\\/buletin.de\\\/bucuresti\\\/#organization\"}},{\"@type\":\"WebPage\",\"@id\":\"https:\\\/\\\/buletin.de\\\/bucuresti\\\/grafic-lista-neagra-vs-zona-verde-tot-mai-multe-tari-impun-restrictii-de-calatorie-pentru-romani-din-cauza-cresterii-numarului-de-cazuri\\\/\",\"url\":\"https:\\\/\\\/buletin.de\\\/bucuresti\\\/grafic-lista-neagra-vs-zona-verde-tot-mai-multe-tari-impun-restrictii-de-calatorie-pentru-romani-din-cauza-cresterii-numarului-de-cazuri\\\/\",\"name\":\"GRAFIC: Lista neagr\u0103 vs. zona verde! Tot mai multe \u021b\u0103ri impun restric\u021bii de c\u0103l\u0103torie pentru rom\u00e2ni din cauza cre\u0219terii num\u0103rului de cazuri - Buletin de Bucure\u0219ti\",\"isPartOf\":{\"@id\":\"https:\\\/\\\/buletin.de\\\/bucuresti\\\/#website\"},\"primaryImageOfPage\":{\"@id\":\"https:\\\/\\\/buletin.de\\\/bucuresti\\\/grafic-lista-neagra-vs-zona-verde-tot-mai-multe-tari-impun-restrictii-de-calatorie-pentru-romani-din-cauza-cresterii-numarului-de-cazuri\\\/#primaryimage\"},\"image\":{\"@id\":\"https:\\\/\\\/buletin.de\\\/bucuresti\\\/grafic-lista-neagra-vs-zona-verde-tot-mai-multe-tari-impun-restrictii-de-calatorie-pentru-romani-din-cauza-cresterii-numarului-de-cazuri\\\/#primaryimage\"},\"thumbnailUrl\":\"https:\\\/\\\/buletin.de\\\/bucuresti\\\/wp-content\\\/uploads\\\/Screen-Shot-2020-07-08-at-15.36.25.png\",\"datePublished\":\"2020-07-08T13:52:53+00:00\",\"dateModified\":\"2020-07-08T13:58:04+00:00\",\"breadcrumb\":{\"@id\":\"https:\\\/\\\/buletin.de\\\/bucuresti\\\/grafic-lista-neagra-vs-zona-verde-tot-mai-multe-tari-impun-restrictii-de-calatorie-pentru-romani-din-cauza-cresterii-numarului-de-cazuri\\\/#breadcrumb\"},\"inLanguage\":\"en-GB\",\"potentialAction\":[{\"@type\":\"ReadAction\",\"target\":[\"https:\\\/\\\/buletin.de\\\/bucuresti\\\/grafic-lista-neagra-vs-zona-verde-tot-mai-multe-tari-impun-restrictii-de-calatorie-pentru-romani-din-cauza-cresterii-numarului-de-cazuri\\\/\"]}]},{\"@type\":\"ImageObject\",\"inLanguage\":\"en-GB\",\"@id\":\"https:\\\/\\\/buletin.de\\\/bucuresti\\\/grafic-lista-neagra-vs-zona-verde-tot-mai-multe-tari-impun-restrictii-de-calatorie-pentru-romani-din-cauza-cresterii-numarului-de-cazuri\\\/#primaryimage\",\"url\":\"https:\\\/\\\/buletin.de\\\/bucuresti\\\/wp-content\\\/uploads\\\/Screen-Shot-2020-07-08-at-15.36.25.png\",\"contentUrl\":\"https:\\\/\\\/buletin.de\\\/bucuresti\\\/wp-content\\\/uploads\\\/Screen-Shot-2020-07-08-at-15.36.25.png\",\"width\":1066,\"height\":904},{\"@type\":\"BreadcrumbList\",\"@id\":\"https:\\\/\\\/buletin.de\\\/bucuresti\\\/grafic-lista-neagra-vs-zona-verde-tot-mai-multe-tari-impun-restrictii-de-calatorie-pentru-romani-din-cauza-cresterii-numarului-de-cazuri\\\/#breadcrumb\",\"itemListElement\":[{\"@type\":\"ListItem\",\"position\":1,\"name\":\"Acas\u0103\",\"item\":\"https:\\\/\\\/buletin.de\\\/bucuresti\\\/\"},{\"@type\":\"ListItem\",\"position\":2,\"name\":\"GRAFIC: Lista neagr\u0103 vs. zona verde! Tot mai multe \u021b\u0103ri impun restric\u021bii de c\u0103l\u0103torie pentru rom\u00e2ni din cauza cre\u0219terii num\u0103rului de cazuri\"}]},{\"@type\":\"WebSite\",\"@id\":\"https:\\\/\\\/buletin.de\\\/bucuresti\\\/#website\",\"url\":\"https:\\\/\\\/buletin.de\\\/bucuresti\\\/\",\"name\":\"Buletin de Bucure\u0219ti\",\"description\":\"\u0218tiri \u0219i investiga\u021bii esen\u021biale din capital\u0103\",\"publisher\":{\"@id\":\"https:\\\/\\\/buletin.de\\\/bucuresti\\\/#organization\"},\"potentialAction\":[{\"@type\":\"SearchAction\",\"target\":{\"@type\":\"EntryPoint\",\"urlTemplate\":\"https:\\\/\\\/buletin.de\\\/bucuresti\\\/?s={search_term_string}\"},\"query-input\":{\"@type\":\"PropertyValueSpecification\",\"valueRequired\":true,\"valueName\":\"search_term_string\"}}],\"inLanguage\":\"en-GB\"},{\"@type\":\"Organization\",\"@id\":\"https:\\\/\\\/buletin.de\\\/bucuresti\\\/#organization\",\"name\":\"Buletin de Bucure\u0219ti\",\"url\":\"https:\\\/\\\/buletin.de\\\/bucuresti\\\/\",\"logo\":{\"@type\":\"ImageObject\",\"inLanguage\":\"en-GB\",\"@id\":\"https:\\\/\\\/buletin.de\\\/bucuresti\\\/#\\\/schema\\\/logo\\\/image\\\/\",\"url\":\"https:\\\/\\\/buletin.de\\\/bucuresti\\\/wp-content\\\/uploads\\\/logo-bdb-full-wide-vernil-transparent.png\",\"contentUrl\":\"https:\\\/\\\/buletin.de\\\/bucuresti\\\/wp-content\\\/uploads\\\/logo-bdb-full-wide-vernil-transparent.png\",\"width\":1782,\"height\":626,\"caption\":\"Buletin de Bucure\u0219ti\"},\"image\":{\"@id\":\"https:\\\/\\\/buletin.de\\\/bucuresti\\\/#\\\/schema\\\/logo\\\/image\\\/\"},\"sameAs\":[\"https:\\\/\\\/www.facebook.com\\\/buletin.de.buc\",\"https:\\\/\\\/www.instagram.com\\\/buletinde.bucuresti\\\/\"]},{\"@type\":\"Person\",\"@id\":\"https:\\\/\\\/buletin.de\\\/bucuresti\\\/#\\\/schema\\\/person\\\/7a01591ad05c4d2c7261fe7f0383d2af\",\"name\":\"Irina Anghel\",\"image\":{\"@type\":\"ImageObject\",\"inLanguage\":\"en-GB\",\"@id\":\"https:\\\/\\\/secure.gravatar.com\\\/avatar\\\/e7d429cbd0c7fe915f817961c0ffb96b407bc87e15aa35cee85f77146f8cce7e?s=96&d=monsterid&r=g693374df2a66e3f4935d210ea15b95ff\",\"url\":\"https:\\\/\\\/secure.gravatar.com\\\/avatar\\\/e7d429cbd0c7fe915f817961c0ffb96b407bc87e15aa35cee85f77146f8cce7e?s=96&d=monsterid&r=g\",\"contentUrl\":\"https:\\\/\\\/secure.gravatar.com\\\/avatar\\\/e7d429cbd0c7fe915f817961c0ffb96b407bc87e15aa35cee85f77146f8cce7e?s=96&d=monsterid&r=g\",\"caption\":\"Irina Anghel\"},\"url\":\"https:\\\/\\\/buletin.de\\\/bucuresti\\\/author\\\/irina\\\/\"}]}<\/script>\n<!-- \/ Yoast SEO Premium plugin. -->","yoast_head_json":{"title":"GRAFIC: Lista neagr\u0103 vs. zona verde! Tot mai multe \u021b\u0103ri impun restric\u021bii de c\u0103l\u0103torie pentru rom\u00e2ni din cauza cre\u0219terii num\u0103rului de cazuri - Buletin de Bucure\u0219ti","robots":{"index":"index","follow":"follow","max-snippet":"max-snippet:-1","max-image-preview":"max-image-preview:large","max-video-preview":"max-video-preview:-1"},"canonical":"https:\/\/buletin.de\/bucuresti\/grafic-lista-neagra-vs-zona-verde-tot-mai-multe-tari-impun-restrictii-de-calatorie-pentru-romani-din-cauza-cresterii-numarului-de-cazuri\/","og_locale":"en_GB","og_type":"article","og_title":"GRAFIC: Lista neagr\u0103 vs. zona verde! Tot mai multe \u021b\u0103ri impun restric\u021bii de c\u0103l\u0103torie pentru rom\u00e2ni din cauza cre\u0219terii num\u0103rului de cazuri","og_description":"Rom\u00e2nia a ridicat m\u0103surile de carantin\u0103 pentru c\u0103l\u0103torii din peste 30 de \u021b\u0103ri din \u201ezona verde\u201d, \u00eens\u0103 tot mai multe state impun restric\u021bii de c\u0103l\u0103torie pentru rom\u00e2ni din cauza \u00eenr\u0103ut\u0103\u021birii crizei de coronavirus. Am f\u0103cut o hart\u0103 pentru a vizualiza noile condi\u021bii de c\u0103l\u0103torie pentru rom\u00e2ni \u00een Europa. Po\u021bi plimba cursorul peste fiecare \u021bar\u0103 pentru [&hellip;]","og_url":"https:\/\/buletin.de\/bucuresti\/grafic-lista-neagra-vs-zona-verde-tot-mai-multe-tari-impun-restrictii-de-calatorie-pentru-romani-din-cauza-cresterii-numarului-de-cazuri\/","og_site_name":"Buletin de Bucure\u0219ti","article_publisher":"https:\/\/www.facebook.com\/buletin.de.buc","article_published_time":"2020-07-08T13:52:53+00:00","article_modified_time":"2020-07-08T13:58:04+00:00","og_image":[{"width":1066,"height":904,"url":"https:\/\/buletin.de\/bucuresti\/wp-content\/uploads\/Screen-Shot-2020-07-08-at-15.36.25.png","type":"image\/png"}],"author":"Irina Anghel","twitter_card":"summary_large_image","twitter_misc":{"Written by":"Irina Anghel","Estimated reading time":"2 minutes"},"schema":{"@context":"https:\/\/schema.org","@graph":[{"@type":"Article","@id":"https:\/\/buletin.de\/bucuresti\/grafic-lista-neagra-vs-zona-verde-tot-mai-multe-tari-impun-restrictii-de-calatorie-pentru-romani-din-cauza-cresterii-numarului-de-cazuri\/#article","isPartOf":{"@id":"https:\/\/buletin.de\/bucuresti\/grafic-lista-neagra-vs-zona-verde-tot-mai-multe-tari-impun-restrictii-de-calatorie-pentru-romani-din-cauza-cresterii-numarului-de-cazuri\/"},"author":{"name":"Irina Anghel","@id":"https:\/\/buletin.de\/bucuresti\/#\/schema\/person\/7a01591ad05c4d2c7261fe7f0383d2af"},"headline":"GRAFIC: Lista neagr\u0103 vs. zona verde! Tot mai multe \u021b\u0103ri impun restric\u021bii de c\u0103l\u0103torie pentru rom\u00e2ni din cauza cre\u0219terii num\u0103rului de cazuri","datePublished":"2020-07-08T13:52:53+00:00","dateModified":"2020-07-08T13:58:04+00:00","mainEntityOfPage":{"@id":"https:\/\/buletin.de\/bucuresti\/grafic-lista-neagra-vs-zona-verde-tot-mai-multe-tari-impun-restrictii-de-calatorie-pentru-romani-din-cauza-cresterii-numarului-de-cazuri\/"},"wordCount":387,"publisher":{"@id":"https:\/\/buletin.de\/bucuresti\/#organization"},"image":{"@id":"https:\/\/buletin.de\/bucuresti\/grafic-lista-neagra-vs-zona-verde-tot-mai-multe-tari-impun-restrictii-de-calatorie-pentru-romani-din-cauza-cresterii-numarului-de-cazuri\/#primaryimage"},"thumbnailUrl":"https:\/\/buletin.de\/bucuresti\/wp-content\/uploads\/Screen-Shot-2020-07-08-at-15.36.25.png","keywords":["calatorie","coronavirus","harta","restrictii circulatie","transport","zona verde"],"articleSection":["Covid-19","Transport"],"inLanguage":"en-GB","copyrightYear":"2020","copyrightHolder":{"@id":"https:\/\/buletin.de\/bucuresti\/#organization"}},{"@type":"WebPage","@id":"https:\/\/buletin.de\/bucuresti\/grafic-lista-neagra-vs-zona-verde-tot-mai-multe-tari-impun-restrictii-de-calatorie-pentru-romani-din-cauza-cresterii-numarului-de-cazuri\/","url":"https:\/\/buletin.de\/bucuresti\/grafic-lista-neagra-vs-zona-verde-tot-mai-multe-tari-impun-restrictii-de-calatorie-pentru-romani-din-cauza-cresterii-numarului-de-cazuri\/","name":"GRAFIC: Lista neagr\u0103 vs. zona verde! Tot mai multe \u021b\u0103ri impun restric\u021bii de c\u0103l\u0103torie pentru rom\u00e2ni din cauza cre\u0219terii num\u0103rului de cazuri - Buletin de Bucure\u0219ti","isPartOf":{"@id":"https:\/\/buletin.de\/bucuresti\/#website"},"primaryImageOfPage":{"@id":"https:\/\/buletin.de\/bucuresti\/grafic-lista-neagra-vs-zona-verde-tot-mai-multe-tari-impun-restrictii-de-calatorie-pentru-romani-din-cauza-cresterii-numarului-de-cazuri\/#primaryimage"},"image":{"@id":"https:\/\/buletin.de\/bucuresti\/grafic-lista-neagra-vs-zona-verde-tot-mai-multe-tari-impun-restrictii-de-calatorie-pentru-romani-din-cauza-cresterii-numarului-de-cazuri\/#primaryimage"},"thumbnailUrl":"https:\/\/buletin.de\/bucuresti\/wp-content\/uploads\/Screen-Shot-2020-07-08-at-15.36.25.png","datePublished":"2020-07-08T13:52:53+00:00","dateModified":"2020-07-08T13:58:04+00:00","breadcrumb":{"@id":"https:\/\/buletin.de\/bucuresti\/grafic-lista-neagra-vs-zona-verde-tot-mai-multe-tari-impun-restrictii-de-calatorie-pentru-romani-din-cauza-cresterii-numarului-de-cazuri\/#breadcrumb"},"inLanguage":"en-GB","potentialAction":[{"@type":"ReadAction","target":["https:\/\/buletin.de\/bucuresti\/grafic-lista-neagra-vs-zona-verde-tot-mai-multe-tari-impun-restrictii-de-calatorie-pentru-romani-din-cauza-cresterii-numarului-de-cazuri\/"]}]},{"@type":"ImageObject","inLanguage":"en-GB","@id":"https:\/\/buletin.de\/bucuresti\/grafic-lista-neagra-vs-zona-verde-tot-mai-multe-tari-impun-restrictii-de-calatorie-pentru-romani-din-cauza-cresterii-numarului-de-cazuri\/#primaryimage","url":"https:\/\/buletin.de\/bucuresti\/wp-content\/uploads\/Screen-Shot-2020-07-08-at-15.36.25.png","contentUrl":"https:\/\/buletin.de\/bucuresti\/wp-content\/uploads\/Screen-Shot-2020-07-08-at-15.36.25.png","width":1066,"height":904},{"@type":"BreadcrumbList","@id":"https:\/\/buletin.de\/bucuresti\/grafic-lista-neagra-vs-zona-verde-tot-mai-multe-tari-impun-restrictii-de-calatorie-pentru-romani-din-cauza-cresterii-numarului-de-cazuri\/#breadcrumb","itemListElement":[{"@type":"ListItem","position":1,"name":"Acas\u0103","item":"https:\/\/buletin.de\/bucuresti\/"},{"@type":"ListItem","position":2,"name":"GRAFIC: Lista neagr\u0103 vs. zona verde! Tot mai multe \u021b\u0103ri impun restric\u021bii de c\u0103l\u0103torie pentru rom\u00e2ni din cauza cre\u0219terii num\u0103rului de cazuri"}]},{"@type":"WebSite","@id":"https:\/\/buletin.de\/bucuresti\/#website","url":"https:\/\/buletin.de\/bucuresti\/","name":"Buletin de Bucure\u0219ti","description":"\u0218tiri \u0219i investiga\u021bii esen\u021biale din capital\u0103","publisher":{"@id":"https:\/\/buletin.de\/bucuresti\/#organization"},"potentialAction":[{"@type":"SearchAction","target":{"@type":"EntryPoint","urlTemplate":"https:\/\/buletin.de\/bucuresti\/?s={search_term_string}"},"query-input":{"@type":"PropertyValueSpecification","valueRequired":true,"valueName":"search_term_string"}}],"inLanguage":"en-GB"},{"@type":"Organization","@id":"https:\/\/buletin.de\/bucuresti\/#organization","name":"Buletin de Bucure\u0219ti","url":"https:\/\/buletin.de\/bucuresti\/","logo":{"@type":"ImageObject","inLanguage":"en-GB","@id":"https:\/\/buletin.de\/bucuresti\/#\/schema\/logo\/image\/","url":"https:\/\/buletin.de\/bucuresti\/wp-content\/uploads\/logo-bdb-full-wide-vernil-transparent.png","contentUrl":"https:\/\/buletin.de\/bucuresti\/wp-content\/uploads\/logo-bdb-full-wide-vernil-transparent.png","width":1782,"height":626,"caption":"Buletin de Bucure\u0219ti"},"image":{"@id":"https:\/\/buletin.de\/bucuresti\/#\/schema\/logo\/image\/"},"sameAs":["https:\/\/www.facebook.com\/buletin.de.buc","https:\/\/www.instagram.com\/buletinde.bucuresti\/"]},{"@type":"Person","@id":"https:\/\/buletin.de\/bucuresti\/#\/schema\/person\/7a01591ad05c4d2c7261fe7f0383d2af","name":"Irina Anghel","image":{"@type":"ImageObject","inLanguage":"en-GB","@id":"https:\/\/secure.gravatar.com\/avatar\/e7d429cbd0c7fe915f817961c0ffb96b407bc87e15aa35cee85f77146f8cce7e?s=96&d=monsterid&r=g693374df2a66e3f4935d210ea15b95ff","url":"https:\/\/secure.gravatar.com\/avatar\/e7d429cbd0c7fe915f817961c0ffb96b407bc87e15aa35cee85f77146f8cce7e?s=96&d=monsterid&r=g","contentUrl":"https:\/\/secure.gravatar.com\/avatar\/e7d429cbd0c7fe915f817961c0ffb96b407bc87e15aa35cee85f77146f8cce7e?s=96&d=monsterid&r=g","caption":"Irina Anghel"},"url":"https:\/\/buletin.de\/bucuresti\/author\/irina\/"}]}},"authors":[{"term_id":22592,"user_id":15,"is_guest":0,"slug":"irina","display_name":"Irina Anghel","avatar_url":"https:\/\/secure.gravatar.com\/avatar\/e7d429cbd0c7fe915f817961c0ffb96b407bc87e15aa35cee85f77146f8cce7e?s=96&d=monsterid&r=g","0":null,"1":"","2":"","3":"","4":"","5":"","6":"","7":"","8":""}],"_links":{"self":[{"href":"https:\/\/buletin.de\/bucuresti\/wp-json\/wp\/v2\/posts\/8984","targetHints":{"allow":["GET"]}}],"collection":[{"href":"https:\/\/buletin.de\/bucuresti\/wp-json\/wp\/v2\/posts"}],"about":[{"href":"https:\/\/buletin.de\/bucuresti\/wp-json\/wp\/v2\/types\/post"}],"author":[{"embeddable":true,"href":"https:\/\/buletin.de\/bucuresti\/wp-json\/wp\/v2\/users\/15"}],"replies":[{"embeddable":true,"href":"https:\/\/buletin.de\/bucuresti\/wp-json\/wp\/v2\/comments?post=8984"}],"version-history":[{"count":23,"href":"https:\/\/buletin.de\/bucuresti\/wp-json\/wp\/v2\/posts\/8984\/revisions"}],"predecessor-version":[{"id":9340,"href":"https:\/\/buletin.de\/bucuresti\/wp-json\/wp\/v2\/posts\/8984\/revisions\/9340"}],"wp:featuredmedia":[{"embeddable":true,"href":"https:\/\/buletin.de\/bucuresti\/wp-json\/wp\/v2\/media\/8991"}],"wp:attachment":[{"href":"https:\/\/buletin.de\/bucuresti\/wp-json\/wp\/v2\/media?parent=8984"}],"wp:term":[{"taxonomy":"category","embeddable":true,"href":"https:\/\/buletin.de\/bucuresti\/wp-json\/wp\/v2\/categories?post=8984"},{"taxonomy":"post_tag","embeddable":true,"href":"https:\/\/buletin.de\/bucuresti\/wp-json\/wp\/v2\/tags?post=8984"},{"taxonomy":"author","embeddable":true,"href":"https:\/\/buletin.de\/bucuresti\/wp-json\/wp\/v2\/ppma_author?post=8984"}],"curies":[{"name":"wp","href":"https:\/\/api.w.org\/{rel}","templated":true}]}}