{"id":89832,"date":"2024-07-03T11:37:12","date_gmt":"2024-07-03T08:37:12","guid":{"rendered":"https:\/\/buletin.de\/bucuresti\/?p=89832"},"modified":"2024-07-03T11:37:13","modified_gmt":"2024-07-03T08:37:13","slug":"sector-6-16-puncte-de-colectare-pentru-deseuri-voluminoase-pe-parcursul-lunii-iulie","status":"publish","type":"post","link":"https:\/\/buletin.de\/bucuresti\/sector-6-16-puncte-de-colectare-pentru-deseuri-voluminoase-pe-parcursul-lunii-iulie\/","title":{"rendered":"SECTOR 6 | 16 puncte de colectare pentru de\u0219euri voluminoase, pe parcursul lunii iulie"},"content":{"rendered":"\n<p><strong>Prim\u0103ria Sectorului 6 a anun\u021bat c\u0103 \u00een ultimele opt zile ale lunii iulie vor fi amplasate containere la care pot fi aruncate, gratuit, de\u0219euri voluminoase. Acestea se vor reg\u0103si \u00een toate punctele cheie ale sectorului, de la Calea Giule\u0219ti, p\u00e2n\u0103 la Lujerului sau Drumul Taberei. <\/strong><\/p>\n\n\n\n<p>Institu\u021bia informeaz\u0103 c\u0103 vor fi 16 puncte de colectare, iar fiecare container sta\u021bioneaz\u0103 o zi la fiecare adres\u0103, \u00een ultimele 8 zile ale lunii. \u00cen iulie, programul va fi:<\/p>\n\n\n\n<ul class=\"wp-block-list\">\n<li>Ziua 1 (24 iulie) \u2013 Calea Giule\u0219ti (cap\u0103t tramvai) \u0219i Podul Giule\u0219ti;<\/li>\n\n\n\n<li>Ziua 2 (25 iulie) \u2013 Alexandru Ivasiuc \u0219i Mehadia, l\u00e2ng\u0103 parc (deserve\u0219te Cartierul Cr\u00e2nga\u0219i \u0219i str\u0103zile adiacente);<\/li>\n\n\n\n<li>Ziua 3 (26 iulie) \u2013 Pia\u021ba Apusului \u0219i intersec\u021bia Ajustorului cu Uverturii;<\/li>\n\n\n\n<li>Ziua 4 (27 iulie) \u2013 Strada Fabricii (canton Urban) \u0219i Strada Oboga (\u00een spatele Autog\u0103rii);<\/li>\n\n\n\n<li>Ziua 5 (28 iulie) \u2013 Lujerului (calea ferat\u0103) \u0219i intersec\u021bia Valea Oltului cu Bulevardul Timi\u0219oara;<\/li>\n\n\n\n<li>Ziua 6 (29 iulie) \u2013 Moine\u0219ti (calea ferat\u0103) \u0219i intersec\u021bia Prelungirea Ghencea cu Valea Oltului;<\/li>\n\n\n\n<li>Ziua 7 (30 iulie) \u2013 Intersec\u021bia Bulevardului Ghencea cu Strada Bra\u0219ov \u0219i intersec\u021bia Drumul Taberei cu T\u00e2rgu Neam\u021b (spre parc);<\/li>\n\n\n\n<li>Ziua 8 (31 iulie) \u2013 \u00een spatele Complexului Favorit \u0219i intersec\u021bia Bulevardului Timi\u0219oara cu Romancierilor.<\/li>\n<\/ul>\n\n\n\n<p>Locuitorii Sectorului 6 nu vor putea arunca la containerele de mai sus de\u015feuri din construc\u0163ii, cum ar fi moloz, vopseluri, \u015fi nici electrocasnice \u015fi electronice. \u00cen schimb, printre altele, vor putea arunca mobilier de orice tip, dup\u0103 cum urmeaz\u0103:<\/p>\n\n\n\n<ul class=\"wp-block-list\">\n<li>mobilier de gr\u0103din\u0103: scaune, mese, figurine, cu\u0219ti de animale;<\/li>\n\n\n\n<li>mobilier din locuin\u021be: dulapuri, mese, scaune, canapele, paturi, saltele, fotolii, tablouri, lustre;<\/li>\n\n\n\n<li>juc\u0103rii de mari dimensiuni: tobogane, piscine hobby, biciclete, trotinete, tractora\u0219e \u0219i ma\u0219inu\u021be de juc\u0103rie;<\/li>\n\n\n\n<li>elemente de stolerie (confec\u021bionate de t\u00e2mplar): tocuri, u\u0219i, ferestre;<\/li>\n\n\n\n<li>obiecte de mari dimensiuni pentru recreere\/joac\u0103\/\u00eentre\u021binere corporal\u0103, cum ar fi: leag\u0103ne, c\u0103rucioare copii, balansoare, mese de masaj;<\/li>\n\n\n\n<li>obiecte textile: covoare, pre\u0219uri, carpete.<\/li>\n<\/ul>\n\n\n<div class=\"wp-block-image\">\n<figure class=\"aligncenter size-large\"><a href=\"https:\/\/buletin.de\/bucuresti\/wp-content\/uploads\/449754102_878436987647573_540767290991771942_n.jpg\"><img fetchpriority=\"high\" decoding=\"async\" width=\"900\" height=\"606\" src=\"data:image\/gif;base64,R0lGODlhAQABAAAAACH5BAEKAAEALAAAAAABAAEAAAICTAEAOw==\" data-src=\"https:\/\/buletin.de\/bucuresti\/wp-content\/uploads\/449754102_878436987647573_540767290991771942_n-900x606.jpg\" alt=\"\" class=\"wp-image-89835 lazyload\" data-sizes=\"auto\" data-srcset=\"https:\/\/buletin.de\/bucuresti\/wp-content\/uploads\/449754102_878436987647573_540767290991771942_n-900x606.jpg 900w, https:\/\/buletin.de\/bucuresti\/wp-content\/uploads\/449754102_878436987647573_540767290991771942_n-300x202.jpg 300w, https:\/\/buletin.de\/bucuresti\/wp-content\/uploads\/449754102_878436987647573_540767290991771942_n-768x517.jpg 768w, https:\/\/buletin.de\/bucuresti\/wp-content\/uploads\/449754102_878436987647573_540767290991771942_n-1100x741.jpg 1100w, https:\/\/buletin.de\/bucuresti\/wp-content\/uploads\/449754102_878436987647573_540767290991771942_n-600x404.jpg 600w, https:\/\/buletin.de\/bucuresti\/wp-content\/uploads\/449754102_878436987647573_540767290991771942_n-20x13.jpg 20w, https:\/\/buletin.de\/bucuresti\/wp-content\/uploads\/449754102_878436987647573_540767290991771942_n.jpg 1200w\" sizes=\"(max-width: 900px) 100vw, 900px\" \/><\/a><figcaption class=\"wp-element-caption\"><em>Surs\u0103 Foto: Facebook \/ Prim\u0103ria Sectorului 6<\/em><\/figcaption><\/figure>\n<\/div>\n\n\n<p>De asemenea, Prim\u0103ria Sectorului 6 anun\u021b\u0103 c\u0103 pentru luna august, perioada de colectare a de\u0219eurilor voluminoase va fi \u00eentre zilele 24 \u0219i 31, iar pentru luna septembrie, \u00eentre zilele 23 \u0219i 30.<\/p>\n\n\n\n<p><strong>CITE\u0218TE \u0218I: <\/strong><\/p>\n\n\n\n<ul class=\"wp-block-list\">\n<li><a href=\"https:\/\/buletin.de\/bucuresti\/sector-6-centru-de-recuperare-neuromotorie-de-peste-1-milion-de-euro-in-cartierul-brancusi\/\">Sector 6 | Centru de recuperare neuromotorie, de peste 1 milion de euro, \u00een cartierul Br\u00e2ncu\u0219i<\/a><\/li>\n\n\n\n<li><a href=\"https:\/\/buletin.de\/bucuresti\/sector-6-500-de-mii-de-euro-pentru-reamenajarea-zonei-frigocom\/\">Sector 6 | 500 de mii de euro pentru reamenajarea zonei Frigocom<\/a><\/li>\n\n\n\n<li><a href=\"https:\/\/buletin.de\/bucuresti\/sector-6-peste-45-milioane-de-euro-pentru-renovarea-mult-asteptata-a-colegiului-tehnic-de-posta-si-telecomunicatii\/\">Sector 6 | Peste 45 milioane de euro pentru renovarea mult a\u0219teptat\u0103 a Colegiului Tehnic de Po\u0219t\u0103 \u0219i Telecomunica\u021bii<\/a><\/li>\n<\/ul>\n","protected":false},"excerpt":{"rendered":"<p>Prim\u0103ria Sectorului 6 a anun\u021bat c\u0103 \u00een ultimele opt zile ale lunii iulie vor fi amplasate containere la care pot fi aruncate, gratuit, de\u0219euri voluminoase. Acestea se vor reg\u0103si \u00een toate punctele cheie ale sectorului, de la Calea Giule\u0219ti, p\u00e2n\u0103 la Lujerului sau Drumul Taberei. Institu\u021bia informeaz\u0103 c\u0103 vor fi 16 puncte de colectare, iar [&hellip;]<\/p>\n","protected":false},"author":17,"featured_media":89843,"comment_status":"closed","ping_status":"open","sticky":false,"template":"","format":"standard","meta":{"_acf_changed":false,"inline_featured_image":false,"ngg_post_thumbnail":0,"footnotes":""},"categories":[6994,24,62],"tags":[13172,2563,13171,523],"ppma_author":[22576],"class_list":["post-89832","post","type-post","status-publish","format-standard","has-post-thumbnail","hentry","category-stiri-2","category-primarie","category-stiri","tag-16-locatii","tag-deseuri-2","tag-deseuri-voluminoase","tag-sector-6"],"acf":[],"yoast_head":"<!-- This site is optimized with the Yoast SEO Premium plugin v25.3 (Yoast SEO v27.4) - https:\/\/yoast.com\/product\/yoast-seo-premium-wordpress\/ -->\n<title>SECTOR 6 | 16 puncte de colectare pentru de\u0219euri voluminoase, pe parcursul lunii iulie - Buletin de Bucure\u0219ti<\/title>\n<meta name=\"robots\" content=\"index, follow, max-snippet:-1, max-image-preview:large, max-video-preview:-1\" \/>\n<link rel=\"canonical\" href=\"https:\/\/buletin.de\/bucuresti\/sector-6-16-puncte-de-colectare-pentru-deseuri-voluminoase-pe-parcursul-lunii-iulie\/\" \/>\n<meta property=\"og:locale\" content=\"en_GB\" \/>\n<meta property=\"og:type\" content=\"article\" \/>\n<meta property=\"og:title\" content=\"SECTOR 6 | 16 puncte de colectare pentru de\u0219euri voluminoase, pe parcursul lunii iulie\" \/>\n<meta property=\"og:description\" content=\"Prim\u0103ria Sectorului 6 a anun\u021bat c\u0103 \u00een ultimele opt zile ale lunii iulie vor fi amplasate containere la care pot fi aruncate, gratuit, de\u0219euri voluminoase. Acestea se vor reg\u0103si \u00een toate punctele cheie ale sectorului, de la Calea Giule\u0219ti, p\u00e2n\u0103 la Lujerului sau Drumul Taberei. Institu\u021bia informeaz\u0103 c\u0103 vor fi 16 puncte de colectare, iar [&hellip;]\" \/>\n<meta property=\"og:url\" content=\"https:\/\/buletin.de\/bucuresti\/sector-6-16-puncte-de-colectare-pentru-deseuri-voluminoase-pe-parcursul-lunii-iulie\/\" \/>\n<meta property=\"og:site_name\" content=\"Buletin de Bucure\u0219ti\" \/>\n<meta property=\"article:publisher\" content=\"https:\/\/www.facebook.com\/buletin.de.buc\" \/>\n<meta property=\"article:published_time\" content=\"2024-07-03T08:37:12+00:00\" \/>\n<meta property=\"article:modified_time\" content=\"2024-07-03T08:37:13+00:00\" \/>\n<meta property=\"og:image\" content=\"https:\/\/buletin.de\/bucuresti\/wp-content\/uploads\/container-deseuri-1.jpeg\" \/>\n\t<meta property=\"og:image:width\" content=\"1066\" \/>\n\t<meta property=\"og:image:height\" content=\"511\" \/>\n\t<meta property=\"og:image:type\" content=\"image\/jpeg\" \/>\n<meta name=\"author\" content=\"Florin R\u00e2\u0219teiu\" \/>\n<meta name=\"twitter:card\" content=\"summary_large_image\" \/>\n<meta name=\"twitter:label1\" content=\"Written by\" \/>\n\t<meta name=\"twitter:data1\" content=\"Florin R\u00e2\u0219teiu\" \/>\n\t<meta name=\"twitter:label2\" content=\"Estimated reading time\" \/>\n\t<meta name=\"twitter:data2\" content=\"3 minutes\" \/>\n<script type=\"application\/ld+json\" class=\"yoast-schema-graph\">{\"@context\":\"https:\\\/\\\/schema.org\",\"@graph\":[{\"@type\":\"Article\",\"@id\":\"https:\\\/\\\/buletin.de\\\/bucuresti\\\/sector-6-16-puncte-de-colectare-pentru-deseuri-voluminoase-pe-parcursul-lunii-iulie\\\/#article\",\"isPartOf\":{\"@id\":\"https:\\\/\\\/buletin.de\\\/bucuresti\\\/sector-6-16-puncte-de-colectare-pentru-deseuri-voluminoase-pe-parcursul-lunii-iulie\\\/\"},\"author\":{\"name\":\"Florin R\u00e2\u0219teiu\",\"@id\":\"https:\\\/\\\/buletin.de\\\/bucuresti\\\/#\\\/schema\\\/person\\\/b0686d7a8b666c6afc78239777fd8a89\"},\"headline\":\"SECTOR 6 | 16 puncte de colectare pentru de\u0219euri voluminoase, pe parcursul lunii iulie\",\"datePublished\":\"2024-07-03T08:37:12+00:00\",\"dateModified\":\"2024-07-03T08:37:13+00:00\",\"mainEntityOfPage\":{\"@id\":\"https:\\\/\\\/buletin.de\\\/bucuresti\\\/sector-6-16-puncte-de-colectare-pentru-deseuri-voluminoase-pe-parcursul-lunii-iulie\\\/\"},\"wordCount\":413,\"publisher\":{\"@id\":\"https:\\\/\\\/buletin.de\\\/bucuresti\\\/#organization\"},\"image\":{\"@id\":\"https:\\\/\\\/buletin.de\\\/bucuresti\\\/sector-6-16-puncte-de-colectare-pentru-deseuri-voluminoase-pe-parcursul-lunii-iulie\\\/#primaryimage\"},\"thumbnailUrl\":\"https:\\\/\\\/buletin.de\\\/bucuresti\\\/wp-content\\\/uploads\\\/container-deseuri-1.jpeg\",\"keywords\":[\"16 loca\u021bii\",\"De\u0219euri\",\"de\u0219euri voluminoase\",\"Sector 6\"],\"articleSection\":[\"Articole\",\"Prim\u0103rie\",\"\u0218tiri\"],\"inLanguage\":\"en-GB\",\"copyrightYear\":\"2024\",\"copyrightHolder\":{\"@id\":\"https:\\\/\\\/buletin.de\\\/bucuresti\\\/#organization\"}},{\"@type\":\"WebPage\",\"@id\":\"https:\\\/\\\/buletin.de\\\/bucuresti\\\/sector-6-16-puncte-de-colectare-pentru-deseuri-voluminoase-pe-parcursul-lunii-iulie\\\/\",\"url\":\"https:\\\/\\\/buletin.de\\\/bucuresti\\\/sector-6-16-puncte-de-colectare-pentru-deseuri-voluminoase-pe-parcursul-lunii-iulie\\\/\",\"name\":\"SECTOR 6 | 16 puncte de colectare pentru de\u0219euri voluminoase, pe parcursul lunii iulie - Buletin de Bucure\u0219ti\",\"isPartOf\":{\"@id\":\"https:\\\/\\\/buletin.de\\\/bucuresti\\\/#website\"},\"primaryImageOfPage\":{\"@id\":\"https:\\\/\\\/buletin.de\\\/bucuresti\\\/sector-6-16-puncte-de-colectare-pentru-deseuri-voluminoase-pe-parcursul-lunii-iulie\\\/#primaryimage\"},\"image\":{\"@id\":\"https:\\\/\\\/buletin.de\\\/bucuresti\\\/sector-6-16-puncte-de-colectare-pentru-deseuri-voluminoase-pe-parcursul-lunii-iulie\\\/#primaryimage\"},\"thumbnailUrl\":\"https:\\\/\\\/buletin.de\\\/bucuresti\\\/wp-content\\\/uploads\\\/container-deseuri-1.jpeg\",\"datePublished\":\"2024-07-03T08:37:12+00:00\",\"dateModified\":\"2024-07-03T08:37:13+00:00\",\"breadcrumb\":{\"@id\":\"https:\\\/\\\/buletin.de\\\/bucuresti\\\/sector-6-16-puncte-de-colectare-pentru-deseuri-voluminoase-pe-parcursul-lunii-iulie\\\/#breadcrumb\"},\"inLanguage\":\"en-GB\",\"potentialAction\":[{\"@type\":\"ReadAction\",\"target\":[\"https:\\\/\\\/buletin.de\\\/bucuresti\\\/sector-6-16-puncte-de-colectare-pentru-deseuri-voluminoase-pe-parcursul-lunii-iulie\\\/\"]}]},{\"@type\":\"ImageObject\",\"inLanguage\":\"en-GB\",\"@id\":\"https:\\\/\\\/buletin.de\\\/bucuresti\\\/sector-6-16-puncte-de-colectare-pentru-deseuri-voluminoase-pe-parcursul-lunii-iulie\\\/#primaryimage\",\"url\":\"https:\\\/\\\/buletin.de\\\/bucuresti\\\/wp-content\\\/uploads\\\/container-deseuri-1.jpeg\",\"contentUrl\":\"https:\\\/\\\/buletin.de\\\/bucuresti\\\/wp-content\\\/uploads\\\/container-deseuri-1.jpeg\",\"width\":1066,\"height\":511,\"caption\":\"Surs\u0103 Foto: Prim\u0103ria Sectorului 6\"},{\"@type\":\"BreadcrumbList\",\"@id\":\"https:\\\/\\\/buletin.de\\\/bucuresti\\\/sector-6-16-puncte-de-colectare-pentru-deseuri-voluminoase-pe-parcursul-lunii-iulie\\\/#breadcrumb\",\"itemListElement\":[{\"@type\":\"ListItem\",\"position\":1,\"name\":\"Acas\u0103\",\"item\":\"https:\\\/\\\/buletin.de\\\/bucuresti\\\/\"},{\"@type\":\"ListItem\",\"position\":2,\"name\":\"SECTOR 6 | 16 puncte de colectare pentru de\u0219euri voluminoase, pe parcursul lunii iulie\"}]},{\"@type\":\"WebSite\",\"@id\":\"https:\\\/\\\/buletin.de\\\/bucuresti\\\/#website\",\"url\":\"https:\\\/\\\/buletin.de\\\/bucuresti\\\/\",\"name\":\"Buletin de Bucure\u0219ti\",\"description\":\"\u0218tiri \u0219i investiga\u021bii esen\u021biale din capital\u0103\",\"publisher\":{\"@id\":\"https:\\\/\\\/buletin.de\\\/bucuresti\\\/#organization\"},\"potentialAction\":[{\"@type\":\"SearchAction\",\"target\":{\"@type\":\"EntryPoint\",\"urlTemplate\":\"https:\\\/\\\/buletin.de\\\/bucuresti\\\/?s={search_term_string}\"},\"query-input\":{\"@type\":\"PropertyValueSpecification\",\"valueRequired\":true,\"valueName\":\"search_term_string\"}}],\"inLanguage\":\"en-GB\"},{\"@type\":\"Organization\",\"@id\":\"https:\\\/\\\/buletin.de\\\/bucuresti\\\/#organization\",\"name\":\"Buletin de Bucure\u0219ti\",\"url\":\"https:\\\/\\\/buletin.de\\\/bucuresti\\\/\",\"logo\":{\"@type\":\"ImageObject\",\"inLanguage\":\"en-GB\",\"@id\":\"https:\\\/\\\/buletin.de\\\/bucuresti\\\/#\\\/schema\\\/logo\\\/image\\\/\",\"url\":\"https:\\\/\\\/buletin.de\\\/bucuresti\\\/wp-content\\\/uploads\\\/logo-bdb-full-wide-vernil-transparent.png\",\"contentUrl\":\"https:\\\/\\\/buletin.de\\\/bucuresti\\\/wp-content\\\/uploads\\\/logo-bdb-full-wide-vernil-transparent.png\",\"width\":1782,\"height\":626,\"caption\":\"Buletin de Bucure\u0219ti\"},\"image\":{\"@id\":\"https:\\\/\\\/buletin.de\\\/bucuresti\\\/#\\\/schema\\\/logo\\\/image\\\/\"},\"sameAs\":[\"https:\\\/\\\/www.facebook.com\\\/buletin.de.buc\",\"https:\\\/\\\/www.instagram.com\\\/buletinde.bucuresti\\\/\"]},{\"@type\":\"Person\",\"@id\":\"https:\\\/\\\/buletin.de\\\/bucuresti\\\/#\\\/schema\\\/person\\\/b0686d7a8b666c6afc78239777fd8a89\",\"name\":\"Florin R\u00e2\u0219teiu\",\"image\":{\"@type\":\"ImageObject\",\"inLanguage\":\"en-GB\",\"@id\":\"https:\\\/\\\/buletin.de\\\/bucuresti\\\/wp-content\\\/uploads\\\/Florin-Rasteiu-96x96.jpgf0a6fe28453aa12f0a60e4d0a2e3a78c\",\"url\":\"https:\\\/\\\/buletin.de\\\/bucuresti\\\/wp-content\\\/uploads\\\/Florin-Rasteiu-96x96.jpg\",\"contentUrl\":\"https:\\\/\\\/buletin.de\\\/bucuresti\\\/wp-content\\\/uploads\\\/Florin-Rasteiu-96x96.jpg\",\"caption\":\"Florin R\u00e2\u0219teiu\"},\"description\":\"Jurnalist de investiga\u021bie. Lucreaz\u0103 de aproape 6 ani la Buletin de Bucure\u0219ti, unde a publicat articole care scot la suprafa\u021b\u0103 corup\u021bia din Capital\u0103. Analizeaz\u0103 baze de date zilnic \u0219i scoate pove\u0219ti din exceluri pline de cifre. Pune reflectorul pe adev\u0103r cu fiecare ocazie. A c\u00e2\u0219tigat premiul I la categoria Pres\u0103 Local\u0103 \u00een 2025 \u0219i locul al II-lea la aceea\u0219i categorie \u00een 2024 \u00een cadrul Premiilor Superscrieri pentru jurnalism independent.\",\"url\":\"https:\\\/\\\/buletin.de\\\/bucuresti\\\/author\\\/florinrasteiu\\\/\"}]}<\/script>\n<!-- \/ Yoast SEO Premium plugin. -->","yoast_head_json":{"title":"SECTOR 6 | 16 puncte de colectare pentru de\u0219euri voluminoase, pe parcursul lunii iulie - Buletin de Bucure\u0219ti","robots":{"index":"index","follow":"follow","max-snippet":"max-snippet:-1","max-image-preview":"max-image-preview:large","max-video-preview":"max-video-preview:-1"},"canonical":"https:\/\/buletin.de\/bucuresti\/sector-6-16-puncte-de-colectare-pentru-deseuri-voluminoase-pe-parcursul-lunii-iulie\/","og_locale":"en_GB","og_type":"article","og_title":"SECTOR 6 | 16 puncte de colectare pentru de\u0219euri voluminoase, pe parcursul lunii iulie","og_description":"Prim\u0103ria Sectorului 6 a anun\u021bat c\u0103 \u00een ultimele opt zile ale lunii iulie vor fi amplasate containere la care pot fi aruncate, gratuit, de\u0219euri voluminoase. Acestea se vor reg\u0103si \u00een toate punctele cheie ale sectorului, de la Calea Giule\u0219ti, p\u00e2n\u0103 la Lujerului sau Drumul Taberei. Institu\u021bia informeaz\u0103 c\u0103 vor fi 16 puncte de colectare, iar [&hellip;]","og_url":"https:\/\/buletin.de\/bucuresti\/sector-6-16-puncte-de-colectare-pentru-deseuri-voluminoase-pe-parcursul-lunii-iulie\/","og_site_name":"Buletin de Bucure\u0219ti","article_publisher":"https:\/\/www.facebook.com\/buletin.de.buc","article_published_time":"2024-07-03T08:37:12+00:00","article_modified_time":"2024-07-03T08:37:13+00:00","og_image":[{"width":1066,"height":511,"url":"https:\/\/buletin.de\/bucuresti\/wp-content\/uploads\/container-deseuri-1.jpeg","type":"image\/jpeg"}],"author":"Florin R\u00e2\u0219teiu","twitter_card":"summary_large_image","twitter_misc":{"Written by":"Florin R\u00e2\u0219teiu","Estimated reading time":"3 minutes"},"schema":{"@context":"https:\/\/schema.org","@graph":[{"@type":"Article","@id":"https:\/\/buletin.de\/bucuresti\/sector-6-16-puncte-de-colectare-pentru-deseuri-voluminoase-pe-parcursul-lunii-iulie\/#article","isPartOf":{"@id":"https:\/\/buletin.de\/bucuresti\/sector-6-16-puncte-de-colectare-pentru-deseuri-voluminoase-pe-parcursul-lunii-iulie\/"},"author":{"name":"Florin R\u00e2\u0219teiu","@id":"https:\/\/buletin.de\/bucuresti\/#\/schema\/person\/b0686d7a8b666c6afc78239777fd8a89"},"headline":"SECTOR 6 | 16 puncte de colectare pentru de\u0219euri voluminoase, pe parcursul lunii iulie","datePublished":"2024-07-03T08:37:12+00:00","dateModified":"2024-07-03T08:37:13+00:00","mainEntityOfPage":{"@id":"https:\/\/buletin.de\/bucuresti\/sector-6-16-puncte-de-colectare-pentru-deseuri-voluminoase-pe-parcursul-lunii-iulie\/"},"wordCount":413,"publisher":{"@id":"https:\/\/buletin.de\/bucuresti\/#organization"},"image":{"@id":"https:\/\/buletin.de\/bucuresti\/sector-6-16-puncte-de-colectare-pentru-deseuri-voluminoase-pe-parcursul-lunii-iulie\/#primaryimage"},"thumbnailUrl":"https:\/\/buletin.de\/bucuresti\/wp-content\/uploads\/container-deseuri-1.jpeg","keywords":["16 loca\u021bii","De\u0219euri","de\u0219euri voluminoase","Sector 6"],"articleSection":["Articole","Prim\u0103rie","\u0218tiri"],"inLanguage":"en-GB","copyrightYear":"2024","copyrightHolder":{"@id":"https:\/\/buletin.de\/bucuresti\/#organization"}},{"@type":"WebPage","@id":"https:\/\/buletin.de\/bucuresti\/sector-6-16-puncte-de-colectare-pentru-deseuri-voluminoase-pe-parcursul-lunii-iulie\/","url":"https:\/\/buletin.de\/bucuresti\/sector-6-16-puncte-de-colectare-pentru-deseuri-voluminoase-pe-parcursul-lunii-iulie\/","name":"SECTOR 6 | 16 puncte de colectare pentru de\u0219euri voluminoase, pe parcursul lunii iulie - Buletin de Bucure\u0219ti","isPartOf":{"@id":"https:\/\/buletin.de\/bucuresti\/#website"},"primaryImageOfPage":{"@id":"https:\/\/buletin.de\/bucuresti\/sector-6-16-puncte-de-colectare-pentru-deseuri-voluminoase-pe-parcursul-lunii-iulie\/#primaryimage"},"image":{"@id":"https:\/\/buletin.de\/bucuresti\/sector-6-16-puncte-de-colectare-pentru-deseuri-voluminoase-pe-parcursul-lunii-iulie\/#primaryimage"},"thumbnailUrl":"https:\/\/buletin.de\/bucuresti\/wp-content\/uploads\/container-deseuri-1.jpeg","datePublished":"2024-07-03T08:37:12+00:00","dateModified":"2024-07-03T08:37:13+00:00","breadcrumb":{"@id":"https:\/\/buletin.de\/bucuresti\/sector-6-16-puncte-de-colectare-pentru-deseuri-voluminoase-pe-parcursul-lunii-iulie\/#breadcrumb"},"inLanguage":"en-GB","potentialAction":[{"@type":"ReadAction","target":["https:\/\/buletin.de\/bucuresti\/sector-6-16-puncte-de-colectare-pentru-deseuri-voluminoase-pe-parcursul-lunii-iulie\/"]}]},{"@type":"ImageObject","inLanguage":"en-GB","@id":"https:\/\/buletin.de\/bucuresti\/sector-6-16-puncte-de-colectare-pentru-deseuri-voluminoase-pe-parcursul-lunii-iulie\/#primaryimage","url":"https:\/\/buletin.de\/bucuresti\/wp-content\/uploads\/container-deseuri-1.jpeg","contentUrl":"https:\/\/buletin.de\/bucuresti\/wp-content\/uploads\/container-deseuri-1.jpeg","width":1066,"height":511,"caption":"Surs\u0103 Foto: Prim\u0103ria Sectorului 6"},{"@type":"BreadcrumbList","@id":"https:\/\/buletin.de\/bucuresti\/sector-6-16-puncte-de-colectare-pentru-deseuri-voluminoase-pe-parcursul-lunii-iulie\/#breadcrumb","itemListElement":[{"@type":"ListItem","position":1,"name":"Acas\u0103","item":"https:\/\/buletin.de\/bucuresti\/"},{"@type":"ListItem","position":2,"name":"SECTOR 6 | 16 puncte de colectare pentru de\u0219euri voluminoase, pe parcursul lunii iulie"}]},{"@type":"WebSite","@id":"https:\/\/buletin.de\/bucuresti\/#website","url":"https:\/\/buletin.de\/bucuresti\/","name":"Buletin de Bucure\u0219ti","description":"\u0218tiri \u0219i investiga\u021bii esen\u021biale din capital\u0103","publisher":{"@id":"https:\/\/buletin.de\/bucuresti\/#organization"},"potentialAction":[{"@type":"SearchAction","target":{"@type":"EntryPoint","urlTemplate":"https:\/\/buletin.de\/bucuresti\/?s={search_term_string}"},"query-input":{"@type":"PropertyValueSpecification","valueRequired":true,"valueName":"search_term_string"}}],"inLanguage":"en-GB"},{"@type":"Organization","@id":"https:\/\/buletin.de\/bucuresti\/#organization","name":"Buletin de Bucure\u0219ti","url":"https:\/\/buletin.de\/bucuresti\/","logo":{"@type":"ImageObject","inLanguage":"en-GB","@id":"https:\/\/buletin.de\/bucuresti\/#\/schema\/logo\/image\/","url":"https:\/\/buletin.de\/bucuresti\/wp-content\/uploads\/logo-bdb-full-wide-vernil-transparent.png","contentUrl":"https:\/\/buletin.de\/bucuresti\/wp-content\/uploads\/logo-bdb-full-wide-vernil-transparent.png","width":1782,"height":626,"caption":"Buletin de Bucure\u0219ti"},"image":{"@id":"https:\/\/buletin.de\/bucuresti\/#\/schema\/logo\/image\/"},"sameAs":["https:\/\/www.facebook.com\/buletin.de.buc","https:\/\/www.instagram.com\/buletinde.bucuresti\/"]},{"@type":"Person","@id":"https:\/\/buletin.de\/bucuresti\/#\/schema\/person\/b0686d7a8b666c6afc78239777fd8a89","name":"Florin R\u00e2\u0219teiu","image":{"@type":"ImageObject","inLanguage":"en-GB","@id":"https:\/\/buletin.de\/bucuresti\/wp-content\/uploads\/Florin-Rasteiu-96x96.jpgf0a6fe28453aa12f0a60e4d0a2e3a78c","url":"https:\/\/buletin.de\/bucuresti\/wp-content\/uploads\/Florin-Rasteiu-96x96.jpg","contentUrl":"https:\/\/buletin.de\/bucuresti\/wp-content\/uploads\/Florin-Rasteiu-96x96.jpg","caption":"Florin R\u00e2\u0219teiu"},"description":"Jurnalist de investiga\u021bie. Lucreaz\u0103 de aproape 6 ani la Buletin de Bucure\u0219ti, unde a publicat articole care scot la suprafa\u021b\u0103 corup\u021bia din Capital\u0103. Analizeaz\u0103 baze de date zilnic \u0219i scoate pove\u0219ti din exceluri pline de cifre. Pune reflectorul pe adev\u0103r cu fiecare ocazie. A c\u00e2\u0219tigat premiul I la categoria Pres\u0103 Local\u0103 \u00een 2025 \u0219i locul al II-lea la aceea\u0219i categorie \u00een 2024 \u00een cadrul Premiilor Superscrieri pentru jurnalism independent.","url":"https:\/\/buletin.de\/bucuresti\/author\/florinrasteiu\/"}]}},"authors":[{"term_id":22576,"user_id":17,"is_guest":0,"slug":"florinrasteiu","display_name":"Florin R\u00e2\u0219teiu","avatar_url":"https:\/\/buletin.de\/bucuresti\/wp-content\/uploads\/Florin-Rasteiu-96x96.jpg","0":null,"1":"","2":"","3":"","4":"","5":"","6":"","7":"","8":""}],"_links":{"self":[{"href":"https:\/\/buletin.de\/bucuresti\/wp-json\/wp\/v2\/posts\/89832","targetHints":{"allow":["GET"]}}],"collection":[{"href":"https:\/\/buletin.de\/bucuresti\/wp-json\/wp\/v2\/posts"}],"about":[{"href":"https:\/\/buletin.de\/bucuresti\/wp-json\/wp\/v2\/types\/post"}],"author":[{"embeddable":true,"href":"https:\/\/buletin.de\/bucuresti\/wp-json\/wp\/v2\/users\/17"}],"replies":[{"embeddable":true,"href":"https:\/\/buletin.de\/bucuresti\/wp-json\/wp\/v2\/comments?post=89832"}],"version-history":[{"count":2,"href":"https:\/\/buletin.de\/bucuresti\/wp-json\/wp\/v2\/posts\/89832\/revisions"}],"predecessor-version":[{"id":89846,"href":"https:\/\/buletin.de\/bucuresti\/wp-json\/wp\/v2\/posts\/89832\/revisions\/89846"}],"wp:featuredmedia":[{"embeddable":true,"href":"https:\/\/buletin.de\/bucuresti\/wp-json\/wp\/v2\/media\/89843"}],"wp:attachment":[{"href":"https:\/\/buletin.de\/bucuresti\/wp-json\/wp\/v2\/media?parent=89832"}],"wp:term":[{"taxonomy":"category","embeddable":true,"href":"https:\/\/buletin.de\/bucuresti\/wp-json\/wp\/v2\/categories?post=89832"},{"taxonomy":"post_tag","embeddable":true,"href":"https:\/\/buletin.de\/bucuresti\/wp-json\/wp\/v2\/tags?post=89832"},{"taxonomy":"author","embeddable":true,"href":"https:\/\/buletin.de\/bucuresti\/wp-json\/wp\/v2\/ppma_author?post=89832"}],"curies":[{"name":"wp","href":"https:\/\/api.w.org\/{rel}","templated":true}]}}