{"id":89831,"date":"2024-07-03T11:48:29","date_gmt":"2024-07-03T08:48:29","guid":{"rendered":"https:\/\/buletin.de\/bucuresti\/?p=89831"},"modified":"2024-07-03T11:48:50","modified_gmt":"2024-07-03T08:48:50","slug":"metrorex-a-cumparat-14-kilometri-de-sina-noua-pentru-magistralele-de-metrou-m1-si-m2","status":"publish","type":"post","link":"https:\/\/buletin.de\/bucuresti\/metrorex-a-cumparat-14-kilometri-de-sina-noua-pentru-magistralele-de-metrou-m1-si-m2\/","title":{"rendered":"Metrorex a cump\u0103rat 14 kilometri de \u0219in\u0103 nou\u0103 pentru magistralele de metrou M1 \u0219i M2"},"content":{"rendered":"\n<p><strong>Metrorex a achizi\u021bionat 14 kilometri de \u0219in\u0103 nou\u0103 de tip Vignol pentru magistralele M1 Pantelimon &#8211; Dristor 2, respectiv M2 Berceni &#8211; Pipera. Lucr\u0103rile de \u00eenlocuire se vor face pe timpul nop\u021bii, f\u0103r\u0103 afectarea circula\u021biei metrourilor, anun\u021b\u0103 compania.<\/strong><\/p>\n\n\n\n<p>Magistrala 1 este cea mai veche linie de metrou din Capital\u0103, pe c\u00e2nd Magistrala 2 este cea mai aglomerat\u0103, fiind cunoscut\u0103 \u0219i drept \u201eMagistrala Corporati\u015ftilor\u201d.<\/p>\n\n\n\n<figure class=\"wp-block-gallery has-nested-images columns-default is-cropped wp-block-gallery-1 is-layout-flex wp-block-gallery-is-layout-flex\">\n<figure class=\"wp-block-image size-large\"><a href=\"https:\/\/buletin.de\/bucuresti\/wp-content\/uploads\/Sina-4.jpg\"><img fetchpriority=\"high\" decoding=\"async\" width=\"506\" height=\"900\" data-id=\"89838\" src=\"data:image\/gif;base64,R0lGODlhAQABAAAAACH5BAEKAAEALAAAAAABAAEAAAICTAEAOw==\" data-src=\"https:\/\/buletin.de\/bucuresti\/wp-content\/uploads\/Sina-4-506x900.jpg\" alt=\"\" class=\"wp-image-89838 lazyload\" data-sizes=\"auto\" data-srcset=\"https:\/\/buletin.de\/bucuresti\/wp-content\/uploads\/Sina-4-506x900.jpg 506w, https:\/\/buletin.de\/bucuresti\/wp-content\/uploads\/Sina-4-169x300.jpg 169w, https:\/\/buletin.de\/bucuresti\/wp-content\/uploads\/Sina-4-768x1366.jpg 768w, https:\/\/buletin.de\/bucuresti\/wp-content\/uploads\/Sina-4-864x1536.jpg 864w, https:\/\/buletin.de\/bucuresti\/wp-content\/uploads\/Sina-4-600x1067.jpg 600w, https:\/\/buletin.de\/bucuresti\/wp-content\/uploads\/Sina-4-20x36.jpg 20w, https:\/\/buletin.de\/bucuresti\/wp-content\/uploads\/Sina-4.jpg 899w\" sizes=\"(max-width: 506px) 100vw, 506px\" \/><\/a><\/figure>\n\n\n\n<figure class=\"wp-block-image size-large\"><a href=\"https:\/\/buletin.de\/bucuresti\/wp-content\/uploads\/Metrorex-2-1.jpg\"><img decoding=\"async\" width=\"506\" height=\"900\" data-id=\"89840\" src=\"data:image\/gif;base64,R0lGODlhAQABAAAAACH5BAEKAAEALAAAAAABAAEAAAICTAEAOw==\" data-src=\"https:\/\/buletin.de\/bucuresti\/wp-content\/uploads\/Metrorex-2-1-506x900.jpg\" alt=\"\" class=\"wp-image-89840 lazyload\" data-sizes=\"auto\" data-srcset=\"https:\/\/buletin.de\/bucuresti\/wp-content\/uploads\/Metrorex-2-1-506x900.jpg 506w, https:\/\/buletin.de\/bucuresti\/wp-content\/uploads\/Metrorex-2-1-169x300.jpg 169w, https:\/\/buletin.de\/bucuresti\/wp-content\/uploads\/Metrorex-2-1-768x1366.jpg 768w, https:\/\/buletin.de\/bucuresti\/wp-content\/uploads\/Metrorex-2-1-864x1536.jpg 864w, https:\/\/buletin.de\/bucuresti\/wp-content\/uploads\/Metrorex-2-1-600x1067.jpg 600w, https:\/\/buletin.de\/bucuresti\/wp-content\/uploads\/Metrorex-2-1-20x36.jpg 20w, https:\/\/buletin.de\/bucuresti\/wp-content\/uploads\/Metrorex-2-1.jpg 899w\" sizes=\"(max-width: 506px) 100vw, 506px\" \/><\/a><\/figure>\n\n\n\n<figure class=\"wp-block-image size-large\"><a href=\"https:\/\/buletin.de\/bucuresti\/wp-content\/uploads\/Sina-3.jpg\"><img decoding=\"async\" width=\"506\" height=\"900\" data-id=\"89839\" src=\"data:image\/gif;base64,R0lGODlhAQABAAAAACH5BAEKAAEALAAAAAABAAEAAAICTAEAOw==\" data-src=\"https:\/\/buletin.de\/bucuresti\/wp-content\/uploads\/Sina-3-506x900.jpg\" alt=\"\" class=\"wp-image-89839 lazyload\" data-sizes=\"auto\" data-srcset=\"https:\/\/buletin.de\/bucuresti\/wp-content\/uploads\/Sina-3-506x900.jpg 506w, https:\/\/buletin.de\/bucuresti\/wp-content\/uploads\/Sina-3-169x300.jpg 169w, https:\/\/buletin.de\/bucuresti\/wp-content\/uploads\/Sina-3-768x1366.jpg 768w, https:\/\/buletin.de\/bucuresti\/wp-content\/uploads\/Sina-3-864x1536.jpg 864w, https:\/\/buletin.de\/bucuresti\/wp-content\/uploads\/Sina-3-600x1067.jpg 600w, https:\/\/buletin.de\/bucuresti\/wp-content\/uploads\/Sina-3-20x36.jpg 20w, https:\/\/buletin.de\/bucuresti\/wp-content\/uploads\/Sina-3.jpg 899w\" sizes=\"(max-width: 506px) 100vw, 506px\" \/><\/a><\/figure>\n<figcaption class=\"blocks-gallery-caption wp-element-caption\">FOTO: FB\/ Metrorex<\/figcaption><\/figure>\n\n\n\n<p>Ansamblul de \u0219ine are o greutate de 752 de tone \u0219i o rezisten\u021b\u0103 la trac\u021biune mult mai mare. Cele 114 buc\u0103\u021bi de \u0219in\u0103 au fost desc\u0103rcate \u00een Depoul Berceni, urm\u00e2nd s\u0103 fie transportate pe teren, transmite Metrorex printr-<a href=\"https:\/\/www.facebook.com\/metrorexoficial.ro\/posts\/pfbid0LB2wHY6UG2KkBy7CQMqvU419RYS3B9D9gfVqgGpqDaztxqbVbUtdRtJgCQMm6qJdl?__cft__[0]=AZUpCQt1lb39OSHPJsZ4OiLh8X1VttKJPLVWfjmyuq5Rr0Xwma7oeTGQOdFTlsIfHvv3qsx8M_dB3YlNY97CvZ-HZWmq0l6oNtxiTLmhBnrd9BtilRmt9q6jWl9F7ipyQCh3G-EohOkfspfN_Ph291QdZgQjcZ8pUYnTrYEFASHebMEmenZpUNcMZqw7xFnx5YQ&amp;__tn__=%2CO%2CP-R\">o postare de Facebook<\/a>.<\/p>\n\n\n\n<p>Lucr\u0103rile de \u00eenlocuire a \u0219inei se vor realiza \u00een ultimele patru luni ale acestui an, pe timp de noapte, f\u0103r\u0103 afectarea circula\u021biei metrourilor.<\/p>\n\n\n\n<h2 class=\"wp-block-heading\">Conturi blocate pentru o datorie de 21 milioane de euro<\/h2>\n\n\n\n<p>La finalul s\u0103pt\u0103m\u00e2nii trecute, Buletin de Bucure\u0219ti arat\u0103 cum<strong> <\/strong><a href=\"https:\/\/buletin.de\/bucuresti\/metrorex-are-conturile-blocate-pentru-o-datorie-de-21-de-milioane-de-euro\/\">conturile Metrorex au fost blocate, dup\u0103 o decizie definitiv\u0103 a instan\u0163ei, care a hot\u0103r\u00e2t c\u0103 imensa companie de stat trebuie s\u0103 pl\u0103teasc\u0103 o datorie c\u0103tre Webuild (fost\u0103 Astaldi)<\/a>, pentru lucr\u0103ri efectuate \u00een 2011.\u00a0<\/p>\n\n\n\n<p>Drept urmare, compania are dificult\u0103\u0163i inclusiv \u00een ceea ce prive\u015fte plata salariilor \u015fi are nevoie de ajutorul Ministerului Transporturilor, dup\u0103 cum\u00a0<a href=\"https:\/\/www.gandul.ro\/actualitate\/metrorex-are-conturile-blocate-webuild-fosta-astaldi-solicita-21-de-milioane-de-euro-de-la-compania-de-metrou-nu-putem-face-plati-20242356\">G\u00e2ndul\u00a0<\/a>a scris ini\u0163ial.<\/p>\n\n\n\n<p>Suma de 108 milioane de lei (aproximativ 21 de milioane de euro) provine din lucr\u0103ri nepl\u0103tite, dob\u00e2nzi \u015fi penaliz\u0103ri. Decizia instan\u0163ei este definitiv\u0103, \u00eens\u0103 Metrorex a solicitat supendarea ei, pentru a nu da peste cap activitatea companiei.<\/p>\n\n\n\n<p><strong>CITE\u0218TE \u0218I:<\/strong><\/p>\n\n\n\n<figure class=\"wp-block-embed is-type-wp-embed is-provider-buletin-de-bucure-ti wp-block-embed-buletin-de-bucure-ti\"><div class=\"wp-block-embed__wrapper\">\n<blockquote class=\"wp-embedded-content\" data-secret=\"YMRaJC5ZfR\"><a href=\"https:\/\/buletin.de\/bucuresti\/metrorex-are-conturile-blocate-pentru-o-datorie-de-21-de-milioane-de-euro\/\">Metrorex are conturile blocate pentru o datorie de 21 de milioane de euro<\/a><\/blockquote><iframe class=\"wp-embedded-content\" sandbox=\"allow-scripts\" security=\"restricted\" style=\"position: absolute; clip: rect(1px, 1px, 1px, 1px);\" title=\"&#8222;Metrorex are conturile blocate pentru o datorie de 21 de milioane de euro&#8221; &#8212; Buletin de Bucure\u0219ti\" src=\"https:\/\/buletin.de\/bucuresti\/metrorex-are-conturile-blocate-pentru-o-datorie-de-21-de-milioane-de-euro\/embed\/#?secret=OHNOnTK9d2#?secret=YMRaJC5ZfR\" data-secret=\"YMRaJC5ZfR\" width=\"600\" height=\"338\" frameborder=\"0\" marginwidth=\"0\" marginheight=\"0\" scrolling=\"no\"><\/iframe>\n<\/div><\/figure>\n","protected":false},"excerpt":{"rendered":"<p>Metrorex a achizi\u021bionat 14 kilometri de \u0219in\u0103 nou\u0103 de tip Vignol pentru magistralele M1 Pantelimon &#8211; Dristor 2, respectiv M2 Berceni &#8211; Pipera. Lucr\u0103rile de \u00eenlocuire se vor face pe timpul nop\u021bii, f\u0103r\u0103 afectarea circula\u021biei metrourilor, anun\u021b\u0103 compania. Magistrala 1 este cea mai veche linie de metrou din Capital\u0103, pe c\u00e2nd Magistrala 2 este cea [&hellip;]<\/p>\n","protected":false},"author":55,"featured_media":89836,"comment_status":"closed","ping_status":"open","sticky":false,"template":"","format":"standard","meta":{"_acf_changed":false,"inline_featured_image":false,"ngg_post_thumbnail":0,"footnotes":""},"categories":[6994,5762,650],"tags":[13174,13176,10161,8537,377,376,13175,13173],"ppma_author":[22573],"class_list":["post-89831","post","type-post","status-publish","format-standard","has-post-thumbnail","hentry","category-stiri-2","category-main","category-transport","tag-conturi-blocate-metrorex","tag-lucrari-de-inlocuire-sine","tag-m1","tag-m2","tag-metrorex","tag-metrou","tag-reparatii-magistrale","tag-sina-noua"],"acf":[],"yoast_head":"<!-- This site is optimized with the Yoast SEO Premium plugin v25.3 (Yoast SEO v27.4) - https:\/\/yoast.com\/product\/yoast-seo-premium-wordpress\/ -->\n<title>Metrorex a cump\u0103rat 14 kilometri de \u0219in\u0103 nou\u0103 pentru magistralele de metrou M1 \u0219i M2 - Buletin de Bucure\u0219ti<\/title>\n<meta name=\"robots\" content=\"index, follow, max-snippet:-1, max-image-preview:large, max-video-preview:-1\" \/>\n<link rel=\"canonical\" href=\"https:\/\/buletin.de\/bucuresti\/metrorex-a-cumparat-14-kilometri-de-sina-noua-pentru-magistralele-de-metrou-m1-si-m2\/\" \/>\n<meta property=\"og:locale\" content=\"en_GB\" \/>\n<meta property=\"og:type\" content=\"article\" \/>\n<meta property=\"og:title\" content=\"Metrorex a cump\u0103rat 14 kilometri de \u0219in\u0103 nou\u0103 pentru magistralele de metrou M1 \u0219i M2\" \/>\n<meta property=\"og:description\" content=\"Metrorex a achizi\u021bionat 14 kilometri de \u0219in\u0103 nou\u0103 de tip Vignol pentru magistralele M1 Pantelimon &#8211; Dristor 2, respectiv M2 Berceni &#8211; Pipera. Lucr\u0103rile de \u00eenlocuire se vor face pe timpul nop\u021bii, f\u0103r\u0103 afectarea circula\u021biei metrourilor, anun\u021b\u0103 compania. Magistrala 1 este cea mai veche linie de metrou din Capital\u0103, pe c\u00e2nd Magistrala 2 este cea [&hellip;]\" \/>\n<meta property=\"og:url\" content=\"https:\/\/buletin.de\/bucuresti\/metrorex-a-cumparat-14-kilometri-de-sina-noua-pentru-magistralele-de-metrou-m1-si-m2\/\" \/>\n<meta property=\"og:site_name\" content=\"Buletin de Bucure\u0219ti\" \/>\n<meta property=\"article:publisher\" content=\"https:\/\/www.facebook.com\/buletin.de.buc\" \/>\n<meta property=\"article:published_time\" content=\"2024-07-03T08:48:29+00:00\" \/>\n<meta property=\"article:modified_time\" content=\"2024-07-03T08:48:50+00:00\" \/>\n<meta property=\"og:image\" content=\"https:\/\/buletin.de\/bucuresti\/wp-content\/uploads\/Sina-Metrorex.jpg\" \/>\n\t<meta property=\"og:image:width\" content=\"1600\" \/>\n\t<meta property=\"og:image:height\" content=\"1200\" \/>\n\t<meta property=\"og:image:type\" content=\"image\/jpeg\" \/>\n<meta name=\"author\" content=\"Andreea Tudor\" \/>\n<meta name=\"twitter:card\" content=\"summary_large_image\" \/>\n<meta name=\"twitter:label1\" content=\"Written by\" \/>\n\t<meta name=\"twitter:data1\" content=\"Andreea Tudor\" \/>\n\t<meta name=\"twitter:label2\" content=\"Estimated reading time\" \/>\n\t<meta name=\"twitter:data2\" content=\"2 minutes\" \/>\n<script type=\"application\/ld+json\" class=\"yoast-schema-graph\">{\"@context\":\"https:\\\/\\\/schema.org\",\"@graph\":[{\"@type\":\"Article\",\"@id\":\"https:\\\/\\\/buletin.de\\\/bucuresti\\\/metrorex-a-cumparat-14-kilometri-de-sina-noua-pentru-magistralele-de-metrou-m1-si-m2\\\/#article\",\"isPartOf\":{\"@id\":\"https:\\\/\\\/buletin.de\\\/bucuresti\\\/metrorex-a-cumparat-14-kilometri-de-sina-noua-pentru-magistralele-de-metrou-m1-si-m2\\\/\"},\"author\":{\"name\":\"Andreea Tudor\",\"@id\":\"https:\\\/\\\/buletin.de\\\/bucuresti\\\/#\\\/schema\\\/person\\\/150590659efde715459d159da012f501\"},\"headline\":\"Metrorex a cump\u0103rat 14 kilometri de \u0219in\u0103 nou\u0103 pentru magistralele de metrou M1 \u0219i M2\",\"datePublished\":\"2024-07-03T08:48:29+00:00\",\"dateModified\":\"2024-07-03T08:48:50+00:00\",\"mainEntityOfPage\":{\"@id\":\"https:\\\/\\\/buletin.de\\\/bucuresti\\\/metrorex-a-cumparat-14-kilometri-de-sina-noua-pentru-magistralele-de-metrou-m1-si-m2\\\/\"},\"wordCount\":291,\"publisher\":{\"@id\":\"https:\\\/\\\/buletin.de\\\/bucuresti\\\/#organization\"},\"image\":{\"@id\":\"https:\\\/\\\/buletin.de\\\/bucuresti\\\/metrorex-a-cumparat-14-kilometri-de-sina-noua-pentru-magistralele-de-metrou-m1-si-m2\\\/#primaryimage\"},\"thumbnailUrl\":\"https:\\\/\\\/buletin.de\\\/bucuresti\\\/wp-content\\\/uploads\\\/Sina-Metrorex.jpg\",\"keywords\":[\"conturi blocate metrorex\",\"lucrari de inlocuire sine\",\"m1\",\"m2\",\"metrorex\",\"metrou\",\"reparatii magistrale\",\"sina noua\"],\"articleSection\":[\"Articole\",\"Main\",\"Transport\"],\"inLanguage\":\"en-GB\",\"copyrightYear\":\"2024\",\"copyrightHolder\":{\"@id\":\"https:\\\/\\\/buletin.de\\\/bucuresti\\\/#organization\"}},{\"@type\":\"WebPage\",\"@id\":\"https:\\\/\\\/buletin.de\\\/bucuresti\\\/metrorex-a-cumparat-14-kilometri-de-sina-noua-pentru-magistralele-de-metrou-m1-si-m2\\\/\",\"url\":\"https:\\\/\\\/buletin.de\\\/bucuresti\\\/metrorex-a-cumparat-14-kilometri-de-sina-noua-pentru-magistralele-de-metrou-m1-si-m2\\\/\",\"name\":\"Metrorex a cump\u0103rat 14 kilometri de \u0219in\u0103 nou\u0103 pentru magistralele de metrou M1 \u0219i M2 - Buletin de Bucure\u0219ti\",\"isPartOf\":{\"@id\":\"https:\\\/\\\/buletin.de\\\/bucuresti\\\/#website\"},\"primaryImageOfPage\":{\"@id\":\"https:\\\/\\\/buletin.de\\\/bucuresti\\\/metrorex-a-cumparat-14-kilometri-de-sina-noua-pentru-magistralele-de-metrou-m1-si-m2\\\/#primaryimage\"},\"image\":{\"@id\":\"https:\\\/\\\/buletin.de\\\/bucuresti\\\/metrorex-a-cumparat-14-kilometri-de-sina-noua-pentru-magistralele-de-metrou-m1-si-m2\\\/#primaryimage\"},\"thumbnailUrl\":\"https:\\\/\\\/buletin.de\\\/bucuresti\\\/wp-content\\\/uploads\\\/Sina-Metrorex.jpg\",\"datePublished\":\"2024-07-03T08:48:29+00:00\",\"dateModified\":\"2024-07-03T08:48:50+00:00\",\"breadcrumb\":{\"@id\":\"https:\\\/\\\/buletin.de\\\/bucuresti\\\/metrorex-a-cumparat-14-kilometri-de-sina-noua-pentru-magistralele-de-metrou-m1-si-m2\\\/#breadcrumb\"},\"inLanguage\":\"en-GB\",\"potentialAction\":[{\"@type\":\"ReadAction\",\"target\":[\"https:\\\/\\\/buletin.de\\\/bucuresti\\\/metrorex-a-cumparat-14-kilometri-de-sina-noua-pentru-magistralele-de-metrou-m1-si-m2\\\/\"]}]},{\"@type\":\"ImageObject\",\"inLanguage\":\"en-GB\",\"@id\":\"https:\\\/\\\/buletin.de\\\/bucuresti\\\/metrorex-a-cumparat-14-kilometri-de-sina-noua-pentru-magistralele-de-metrou-m1-si-m2\\\/#primaryimage\",\"url\":\"https:\\\/\\\/buletin.de\\\/bucuresti\\\/wp-content\\\/uploads\\\/Sina-Metrorex.jpg\",\"contentUrl\":\"https:\\\/\\\/buletin.de\\\/bucuresti\\\/wp-content\\\/uploads\\\/Sina-Metrorex.jpg\",\"width\":1600,\"height\":1200,\"caption\":\"FOTO: FB\\\/ Metrorex\"},{\"@type\":\"BreadcrumbList\",\"@id\":\"https:\\\/\\\/buletin.de\\\/bucuresti\\\/metrorex-a-cumparat-14-kilometri-de-sina-noua-pentru-magistralele-de-metrou-m1-si-m2\\\/#breadcrumb\",\"itemListElement\":[{\"@type\":\"ListItem\",\"position\":1,\"name\":\"Acas\u0103\",\"item\":\"https:\\\/\\\/buletin.de\\\/bucuresti\\\/\"},{\"@type\":\"ListItem\",\"position\":2,\"name\":\"Metrorex a cump\u0103rat 14 kilometri de \u0219in\u0103 nou\u0103 pentru magistralele de metrou M1 \u0219i M2\"}]},{\"@type\":\"WebSite\",\"@id\":\"https:\\\/\\\/buletin.de\\\/bucuresti\\\/#website\",\"url\":\"https:\\\/\\\/buletin.de\\\/bucuresti\\\/\",\"name\":\"Buletin de Bucure\u0219ti\",\"description\":\"\u0218tiri \u0219i investiga\u021bii esen\u021biale din capital\u0103\",\"publisher\":{\"@id\":\"https:\\\/\\\/buletin.de\\\/bucuresti\\\/#organization\"},\"potentialAction\":[{\"@type\":\"SearchAction\",\"target\":{\"@type\":\"EntryPoint\",\"urlTemplate\":\"https:\\\/\\\/buletin.de\\\/bucuresti\\\/?s={search_term_string}\"},\"query-input\":{\"@type\":\"PropertyValueSpecification\",\"valueRequired\":true,\"valueName\":\"search_term_string\"}}],\"inLanguage\":\"en-GB\"},{\"@type\":\"Organization\",\"@id\":\"https:\\\/\\\/buletin.de\\\/bucuresti\\\/#organization\",\"name\":\"Buletin de Bucure\u0219ti\",\"url\":\"https:\\\/\\\/buletin.de\\\/bucuresti\\\/\",\"logo\":{\"@type\":\"ImageObject\",\"inLanguage\":\"en-GB\",\"@id\":\"https:\\\/\\\/buletin.de\\\/bucuresti\\\/#\\\/schema\\\/logo\\\/image\\\/\",\"url\":\"https:\\\/\\\/buletin.de\\\/bucuresti\\\/wp-content\\\/uploads\\\/logo-bdb-full-wide-vernil-transparent.png\",\"contentUrl\":\"https:\\\/\\\/buletin.de\\\/bucuresti\\\/wp-content\\\/uploads\\\/logo-bdb-full-wide-vernil-transparent.png\",\"width\":1782,\"height\":626,\"caption\":\"Buletin de Bucure\u0219ti\"},\"image\":{\"@id\":\"https:\\\/\\\/buletin.de\\\/bucuresti\\\/#\\\/schema\\\/logo\\\/image\\\/\"},\"sameAs\":[\"https:\\\/\\\/www.facebook.com\\\/buletin.de.buc\",\"https:\\\/\\\/www.instagram.com\\\/buletinde.bucuresti\\\/\"]},{\"@type\":\"Person\",\"@id\":\"https:\\\/\\\/buletin.de\\\/bucuresti\\\/#\\\/schema\\\/person\\\/150590659efde715459d159da012f501\",\"name\":\"Andreea Tudor\",\"image\":{\"@type\":\"ImageObject\",\"inLanguage\":\"en-GB\",\"@id\":\"https:\\\/\\\/secure.gravatar.com\\\/avatar\\\/a88705a186ab0b67f3349bcbced506c09e37256fbaad0e7f3bd1a79b4599f589?s=96&d=monsterid&r=g79290610aa1a65c2b86eebc2ca5aee8f\",\"url\":\"https:\\\/\\\/secure.gravatar.com\\\/avatar\\\/a88705a186ab0b67f3349bcbced506c09e37256fbaad0e7f3bd1a79b4599f589?s=96&d=monsterid&r=g\",\"contentUrl\":\"https:\\\/\\\/secure.gravatar.com\\\/avatar\\\/a88705a186ab0b67f3349bcbced506c09e37256fbaad0e7f3bd1a79b4599f589?s=96&d=monsterid&r=g\",\"caption\":\"Andreea Tudor\"},\"description\":\"N\u0103scut\u0103 \u0219i crescut\u0103 \u00een Bucure\u0219ti, sus\u021bin\u0103toare a presei independente. A\u0219a am ajuns redactor la Buletin de Bucure\u0219ti. Fiind eu, \u00eens\u0103mi, parte a sistemului de \u00eenv\u0103\u021b\u0103m\u00e2nt rom\u00e2nesc \u0219i pasionat\u0103 de domeniul social, pun sub lup\u0103 tot ceea ce se \u00eent\u00e2mpl\u0103 \u00een sfera educa\u021biei. Cred cu t\u0103rie c\u0103 presa \u201epentru cet\u0103\u021beni\u201d este presa independent\u0103. Oamenii au nevoie de o informare corect\u0103 pentru a \u00een\u021belege pe deplin ce se \u00eent\u00e2mpl\u0103 \u00een jurul lor \u0219i pentru a lua ac\u021biune \u00eempotriva nedrept\u0103\u021bilor.\",\"url\":\"https:\\\/\\\/buletin.de\\\/bucuresti\\\/author\\\/andreeatudor\\\/\"}]}<\/script>\n<!-- \/ Yoast SEO Premium plugin. -->","yoast_head_json":{"title":"Metrorex a cump\u0103rat 14 kilometri de \u0219in\u0103 nou\u0103 pentru magistralele de metrou M1 \u0219i M2 - Buletin de Bucure\u0219ti","robots":{"index":"index","follow":"follow","max-snippet":"max-snippet:-1","max-image-preview":"max-image-preview:large","max-video-preview":"max-video-preview:-1"},"canonical":"https:\/\/buletin.de\/bucuresti\/metrorex-a-cumparat-14-kilometri-de-sina-noua-pentru-magistralele-de-metrou-m1-si-m2\/","og_locale":"en_GB","og_type":"article","og_title":"Metrorex a cump\u0103rat 14 kilometri de \u0219in\u0103 nou\u0103 pentru magistralele de metrou M1 \u0219i M2","og_description":"Metrorex a achizi\u021bionat 14 kilometri de \u0219in\u0103 nou\u0103 de tip Vignol pentru magistralele M1 Pantelimon &#8211; Dristor 2, respectiv M2 Berceni &#8211; Pipera. Lucr\u0103rile de \u00eenlocuire se vor face pe timpul nop\u021bii, f\u0103r\u0103 afectarea circula\u021biei metrourilor, anun\u021b\u0103 compania. Magistrala 1 este cea mai veche linie de metrou din Capital\u0103, pe c\u00e2nd Magistrala 2 este cea [&hellip;]","og_url":"https:\/\/buletin.de\/bucuresti\/metrorex-a-cumparat-14-kilometri-de-sina-noua-pentru-magistralele-de-metrou-m1-si-m2\/","og_site_name":"Buletin de Bucure\u0219ti","article_publisher":"https:\/\/www.facebook.com\/buletin.de.buc","article_published_time":"2024-07-03T08:48:29+00:00","article_modified_time":"2024-07-03T08:48:50+00:00","og_image":[{"width":1600,"height":1200,"url":"https:\/\/buletin.de\/bucuresti\/wp-content\/uploads\/Sina-Metrorex.jpg","type":"image\/jpeg"}],"author":"Andreea Tudor","twitter_card":"summary_large_image","twitter_misc":{"Written by":"Andreea Tudor","Estimated reading time":"2 minutes"},"schema":{"@context":"https:\/\/schema.org","@graph":[{"@type":"Article","@id":"https:\/\/buletin.de\/bucuresti\/metrorex-a-cumparat-14-kilometri-de-sina-noua-pentru-magistralele-de-metrou-m1-si-m2\/#article","isPartOf":{"@id":"https:\/\/buletin.de\/bucuresti\/metrorex-a-cumparat-14-kilometri-de-sina-noua-pentru-magistralele-de-metrou-m1-si-m2\/"},"author":{"name":"Andreea Tudor","@id":"https:\/\/buletin.de\/bucuresti\/#\/schema\/person\/150590659efde715459d159da012f501"},"headline":"Metrorex a cump\u0103rat 14 kilometri de \u0219in\u0103 nou\u0103 pentru magistralele de metrou M1 \u0219i M2","datePublished":"2024-07-03T08:48:29+00:00","dateModified":"2024-07-03T08:48:50+00:00","mainEntityOfPage":{"@id":"https:\/\/buletin.de\/bucuresti\/metrorex-a-cumparat-14-kilometri-de-sina-noua-pentru-magistralele-de-metrou-m1-si-m2\/"},"wordCount":291,"publisher":{"@id":"https:\/\/buletin.de\/bucuresti\/#organization"},"image":{"@id":"https:\/\/buletin.de\/bucuresti\/metrorex-a-cumparat-14-kilometri-de-sina-noua-pentru-magistralele-de-metrou-m1-si-m2\/#primaryimage"},"thumbnailUrl":"https:\/\/buletin.de\/bucuresti\/wp-content\/uploads\/Sina-Metrorex.jpg","keywords":["conturi blocate metrorex","lucrari de inlocuire sine","m1","m2","metrorex","metrou","reparatii magistrale","sina noua"],"articleSection":["Articole","Main","Transport"],"inLanguage":"en-GB","copyrightYear":"2024","copyrightHolder":{"@id":"https:\/\/buletin.de\/bucuresti\/#organization"}},{"@type":"WebPage","@id":"https:\/\/buletin.de\/bucuresti\/metrorex-a-cumparat-14-kilometri-de-sina-noua-pentru-magistralele-de-metrou-m1-si-m2\/","url":"https:\/\/buletin.de\/bucuresti\/metrorex-a-cumparat-14-kilometri-de-sina-noua-pentru-magistralele-de-metrou-m1-si-m2\/","name":"Metrorex a cump\u0103rat 14 kilometri de \u0219in\u0103 nou\u0103 pentru magistralele de metrou M1 \u0219i M2 - Buletin de Bucure\u0219ti","isPartOf":{"@id":"https:\/\/buletin.de\/bucuresti\/#website"},"primaryImageOfPage":{"@id":"https:\/\/buletin.de\/bucuresti\/metrorex-a-cumparat-14-kilometri-de-sina-noua-pentru-magistralele-de-metrou-m1-si-m2\/#primaryimage"},"image":{"@id":"https:\/\/buletin.de\/bucuresti\/metrorex-a-cumparat-14-kilometri-de-sina-noua-pentru-magistralele-de-metrou-m1-si-m2\/#primaryimage"},"thumbnailUrl":"https:\/\/buletin.de\/bucuresti\/wp-content\/uploads\/Sina-Metrorex.jpg","datePublished":"2024-07-03T08:48:29+00:00","dateModified":"2024-07-03T08:48:50+00:00","breadcrumb":{"@id":"https:\/\/buletin.de\/bucuresti\/metrorex-a-cumparat-14-kilometri-de-sina-noua-pentru-magistralele-de-metrou-m1-si-m2\/#breadcrumb"},"inLanguage":"en-GB","potentialAction":[{"@type":"ReadAction","target":["https:\/\/buletin.de\/bucuresti\/metrorex-a-cumparat-14-kilometri-de-sina-noua-pentru-magistralele-de-metrou-m1-si-m2\/"]}]},{"@type":"ImageObject","inLanguage":"en-GB","@id":"https:\/\/buletin.de\/bucuresti\/metrorex-a-cumparat-14-kilometri-de-sina-noua-pentru-magistralele-de-metrou-m1-si-m2\/#primaryimage","url":"https:\/\/buletin.de\/bucuresti\/wp-content\/uploads\/Sina-Metrorex.jpg","contentUrl":"https:\/\/buletin.de\/bucuresti\/wp-content\/uploads\/Sina-Metrorex.jpg","width":1600,"height":1200,"caption":"FOTO: FB\/ Metrorex"},{"@type":"BreadcrumbList","@id":"https:\/\/buletin.de\/bucuresti\/metrorex-a-cumparat-14-kilometri-de-sina-noua-pentru-magistralele-de-metrou-m1-si-m2\/#breadcrumb","itemListElement":[{"@type":"ListItem","position":1,"name":"Acas\u0103","item":"https:\/\/buletin.de\/bucuresti\/"},{"@type":"ListItem","position":2,"name":"Metrorex a cump\u0103rat 14 kilometri de \u0219in\u0103 nou\u0103 pentru magistralele de metrou M1 \u0219i M2"}]},{"@type":"WebSite","@id":"https:\/\/buletin.de\/bucuresti\/#website","url":"https:\/\/buletin.de\/bucuresti\/","name":"Buletin de Bucure\u0219ti","description":"\u0218tiri \u0219i investiga\u021bii esen\u021biale din capital\u0103","publisher":{"@id":"https:\/\/buletin.de\/bucuresti\/#organization"},"potentialAction":[{"@type":"SearchAction","target":{"@type":"EntryPoint","urlTemplate":"https:\/\/buletin.de\/bucuresti\/?s={search_term_string}"},"query-input":{"@type":"PropertyValueSpecification","valueRequired":true,"valueName":"search_term_string"}}],"inLanguage":"en-GB"},{"@type":"Organization","@id":"https:\/\/buletin.de\/bucuresti\/#organization","name":"Buletin de Bucure\u0219ti","url":"https:\/\/buletin.de\/bucuresti\/","logo":{"@type":"ImageObject","inLanguage":"en-GB","@id":"https:\/\/buletin.de\/bucuresti\/#\/schema\/logo\/image\/","url":"https:\/\/buletin.de\/bucuresti\/wp-content\/uploads\/logo-bdb-full-wide-vernil-transparent.png","contentUrl":"https:\/\/buletin.de\/bucuresti\/wp-content\/uploads\/logo-bdb-full-wide-vernil-transparent.png","width":1782,"height":626,"caption":"Buletin de Bucure\u0219ti"},"image":{"@id":"https:\/\/buletin.de\/bucuresti\/#\/schema\/logo\/image\/"},"sameAs":["https:\/\/www.facebook.com\/buletin.de.buc","https:\/\/www.instagram.com\/buletinde.bucuresti\/"]},{"@type":"Person","@id":"https:\/\/buletin.de\/bucuresti\/#\/schema\/person\/150590659efde715459d159da012f501","name":"Andreea Tudor","image":{"@type":"ImageObject","inLanguage":"en-GB","@id":"https:\/\/secure.gravatar.com\/avatar\/a88705a186ab0b67f3349bcbced506c09e37256fbaad0e7f3bd1a79b4599f589?s=96&d=monsterid&r=g79290610aa1a65c2b86eebc2ca5aee8f","url":"https:\/\/secure.gravatar.com\/avatar\/a88705a186ab0b67f3349bcbced506c09e37256fbaad0e7f3bd1a79b4599f589?s=96&d=monsterid&r=g","contentUrl":"https:\/\/secure.gravatar.com\/avatar\/a88705a186ab0b67f3349bcbced506c09e37256fbaad0e7f3bd1a79b4599f589?s=96&d=monsterid&r=g","caption":"Andreea Tudor"},"description":"N\u0103scut\u0103 \u0219i crescut\u0103 \u00een Bucure\u0219ti, sus\u021bin\u0103toare a presei independente. A\u0219a am ajuns redactor la Buletin de Bucure\u0219ti. Fiind eu, \u00eens\u0103mi, parte a sistemului de \u00eenv\u0103\u021b\u0103m\u00e2nt rom\u00e2nesc \u0219i pasionat\u0103 de domeniul social, pun sub lup\u0103 tot ceea ce se \u00eent\u00e2mpl\u0103 \u00een sfera educa\u021biei. Cred cu t\u0103rie c\u0103 presa \u201epentru cet\u0103\u021beni\u201d este presa independent\u0103. Oamenii au nevoie de o informare corect\u0103 pentru a \u00een\u021belege pe deplin ce se \u00eent\u00e2mpl\u0103 \u00een jurul lor \u0219i pentru a lua ac\u021biune \u00eempotriva nedrept\u0103\u021bilor.","url":"https:\/\/buletin.de\/bucuresti\/author\/andreeatudor\/"}]}},"authors":[{"term_id":22573,"user_id":55,"is_guest":0,"slug":"andreeatudor","display_name":"Andreea Tudor","avatar_url":"https:\/\/secure.gravatar.com\/avatar\/a88705a186ab0b67f3349bcbced506c09e37256fbaad0e7f3bd1a79b4599f589?s=96&d=monsterid&r=g","0":null,"1":"","2":"","3":"","4":"","5":"","6":"","7":"","8":""}],"_links":{"self":[{"href":"https:\/\/buletin.de\/bucuresti\/wp-json\/wp\/v2\/posts\/89831","targetHints":{"allow":["GET"]}}],"collection":[{"href":"https:\/\/buletin.de\/bucuresti\/wp-json\/wp\/v2\/posts"}],"about":[{"href":"https:\/\/buletin.de\/bucuresti\/wp-json\/wp\/v2\/types\/post"}],"author":[{"embeddable":true,"href":"https:\/\/buletin.de\/bucuresti\/wp-json\/wp\/v2\/users\/55"}],"replies":[{"embeddable":true,"href":"https:\/\/buletin.de\/bucuresti\/wp-json\/wp\/v2\/comments?post=89831"}],"version-history":[{"count":6,"href":"https:\/\/buletin.de\/bucuresti\/wp-json\/wp\/v2\/posts\/89831\/revisions"}],"predecessor-version":[{"id":89852,"href":"https:\/\/buletin.de\/bucuresti\/wp-json\/wp\/v2\/posts\/89831\/revisions\/89852"}],"wp:featuredmedia":[{"embeddable":true,"href":"https:\/\/buletin.de\/bucuresti\/wp-json\/wp\/v2\/media\/89836"}],"wp:attachment":[{"href":"https:\/\/buletin.de\/bucuresti\/wp-json\/wp\/v2\/media?parent=89831"}],"wp:term":[{"taxonomy":"category","embeddable":true,"href":"https:\/\/buletin.de\/bucuresti\/wp-json\/wp\/v2\/categories?post=89831"},{"taxonomy":"post_tag","embeddable":true,"href":"https:\/\/buletin.de\/bucuresti\/wp-json\/wp\/v2\/tags?post=89831"},{"taxonomy":"author","embeddable":true,"href":"https:\/\/buletin.de\/bucuresti\/wp-json\/wp\/v2\/ppma_author?post=89831"}],"curies":[{"name":"wp","href":"https:\/\/api.w.org\/{rel}","templated":true}]}}