{"id":89772,"date":"2024-07-02T15:21:45","date_gmt":"2024-07-02T12:21:45","guid":{"rendered":"https:\/\/buletin.de\/bucuresti\/?p=89772"},"modified":"2024-07-02T15:25:22","modified_gmt":"2024-07-02T12:25:22","slug":"o-noua-editie-a-evenimentului-cupa-titan-la-caiac-canoe-pe-lacul-ior","status":"publish","type":"post","link":"https:\/\/buletin.de\/bucuresti\/o-noua-editie-a-evenimentului-cupa-titan-la-caiac-canoe-pe-lacul-ior\/","title":{"rendered":"O nou\u0103 edi\u021bie a evenimentului \u201eCupa Titan la caiac-canoe\u201d, pe Lacul IOR"},"content":{"rendered":"\n<p class=\"wp-block-paragraph\"><strong>O nou\u0103 edi\u021bie a \u201e<a href=\"https:\/\/www.kayakchampions.ro\/cupa-titan\">Cupei Titan la caiac-canoe<\/a>\u201d va avea loc \u00een data de 20 iulie, pe lacul Titan din parcul Alexandru Ioan Cuza (IOR). Competi\u021bia se adreseaz\u0103 at\u00e2t sportivilor de performan\u021b\u0103, c\u00e2t \u0219i sportivilor amatori, iar \u00eenscrierea este gratuit\u0103, anun\u021b\u0103 Asocia\u021bia Club Sportiv Nautic Titanii.<\/strong><\/p>\n\n\n\n<p class=\"wp-block-paragraph\">Evenimentul include \u0219ase categorii de concurs, printre care \u0219i una de para-canoe pentru sportivii paralimpici care se preg\u0103tesc pentru a participa la prima prob\u0103 oficial\u0103 din cadrul Campionatului Na\u021bional.<\/p>\n\n\n\n<ul class=\"wp-block-list\">\n<li><em>Caiac sprint 200 m, pentru sportivii de performan\u021b\u0103, masculin \u0219i feminin: K1 U12, K1 cade\u021bi (13-14 ani), K1 juniori 2 (15-16 ani), K1 juniori 1 (17-18 ani) \u0219i K1 seniori (19-35 ani);<\/em><\/li>\n\n\n\n<li><em>C1 canoe, juniori, masculin \u0219i feminin;<\/em><\/li>\n\n\n\n<li><em>Para-canoe, masculin \u0219i feminin;<\/em><\/li>\n\n\n\n<li><em>Caiac tur\u0103 amatori, 1000 m, K1 tura open, 19 ani +, masculin \u0219i feminin;<\/em><\/li>\n\n\n\n<li><em>Dragon boat mixt, 200 m<\/em>;<\/li>\n\n\n\n<li><em>V\u00e2sle\u0219te f\u0103r\u0103 padel\u0103, open, masculin \u0219i feminin.<\/em><\/li>\n<\/ul>\n\n\n\n<p class=\"wp-block-paragraph\">\u00censcrierea la toate categoriile de concurs este gratuit\u0103, at\u00e2t pentru copii, c\u00e2t \u0219i pentru adul\u021bi. Formularul de \u00eenscriere, programul \u0219i toate detaliile evenimentului se g\u0103sesc pe pagina competi\u021biei, <a href=\"https:\/\/www.kayakchampions.ro\/cupa-titan\"><strong>aici<\/strong><\/a>.<\/p>\n\n\n\n<p class=\"wp-block-paragraph\">Cupa Titan face parte din \u201cCampioni \u00een caiac &#8211; Titan\u201d, proiect finan\u021bat de Prim\u0103ria Sectorului 3, prin fonduri nerambursabile de la bugetul local.<\/p>\n\n\n\n<p class=\"wp-block-paragraph\"><strong>CITE\u0218TE \u0218I:<\/strong><\/p>\n\n\n\n<figure class=\"wp-block-embed is-type-wp-embed is-provider-buletin-de-bucure-ti wp-block-embed-buletin-de-bucure-ti\"><div class=\"wp-block-embed__wrapper\">\n<blockquote class=\"wp-embedded-content\" data-secret=\"Nz4OZGIfjt\"><a href=\"https:\/\/buletin.de\/bucuresti\/grupul-de-initiativa-civica-ior-titan-da-in-judecata-primaria-capitalei\/\">Grupul de ini\u021biativ\u0103 civic\u0103 IOR-Titan d\u0103 \u00een judecat\u0103 Prim\u0103ria Capitalei<\/a><\/blockquote><iframe class=\"wp-embedded-content\" sandbox=\"allow-scripts\" security=\"restricted\" style=\"position: absolute; clip: rect(1px, 1px, 1px, 1px);\" title=\"&#8222;Grupul de ini\u021biativ\u0103 civic\u0103 IOR-Titan d\u0103 \u00een judecat\u0103 Prim\u0103ria Capitalei&#8221; &#8212; Buletin de Bucure\u0219ti\" src=\"https:\/\/buletin.de\/bucuresti\/grupul-de-initiativa-civica-ior-titan-da-in-judecata-primaria-capitalei\/embed\/#?secret=DFx0LHrgp7#?secret=Nz4OZGIfjt\" data-secret=\"Nz4OZGIfjt\" width=\"600\" height=\"338\" frameborder=\"0\" marginwidth=\"0\" marginheight=\"0\" scrolling=\"no\"><\/iframe>\n<\/div><\/figure>\n","protected":false},"excerpt":{"rendered":"<p>O nou\u0103 edi\u021bie a \u201eCupei Titan la caiac-canoe\u201d va avea loc \u00een data de 20 iulie, pe lacul Titan din parcul Alexandru Ioan Cuza (IOR). Competi\u021bia se adreseaz\u0103 at\u00e2t sportivilor de performan\u021b\u0103, c\u00e2t \u0219i sportivilor amatori, iar \u00eenscrierea este gratuit\u0103, anun\u021b\u0103 Asocia\u021bia Club Sportiv Nautic Titanii. Evenimentul include \u0219ase categorii de concurs, printre care \u0219i [&hellip;]<\/p>\n","protected":false},"author":55,"featured_media":89776,"comment_status":"closed","ping_status":"open","sticky":false,"template":"","format":"standard","meta":{"_acf_changed":false,"inline_featured_image":false,"ngg_post_thumbnail":0,"footnotes":""},"categories":[6994,5762],"tags":[13158,13159,11089,6311,5726,7185,13160,13161,4830,440],"ppma_author":[22573],"class_list":["post-89772","post","type-post","status-publish","format-standard","has-post-thumbnail","hentry","category-stiri-2","category-main","tag-caiac","tag-canoe","tag-competitii-sportive","tag-cupa-titan","tag-ior","tag-kayak-champions","tag-lacul-titan","tag-para-canoe","tag-parcul-alexandru-ioan-cuza","tag-sector-3"],"acf":[],"a3_pvc":{"activated":false,"total_views":0,"today_views":0},"yoast_head":"<!-- This site is optimized with the Yoast SEO Premium plugin v28.0 (Yoast SEO v28.4) - https:\/\/yoast.com\/product\/yoast-seo-premium-wordpress\/ -->\n<title>O nou\u0103 edi\u021bie a evenimentului \u201eCupa Titan la caiac-canoe\u201d, pe Lacul IOR - Buletin de Bucure\u0219ti<\/title>\n<meta name=\"robots\" content=\"index, follow, max-snippet:-1, max-image-preview:large, max-video-preview:-1\" \/>\n<link rel=\"canonical\" href=\"https:\/\/buletin.de\/bucuresti\/o-noua-editie-a-evenimentului-cupa-titan-la-caiac-canoe-pe-lacul-ior\/\" \/>\n<meta property=\"og:locale\" content=\"en_GB\" \/>\n<meta property=\"og:type\" content=\"article\" \/>\n<meta property=\"og:title\" content=\"O nou\u0103 edi\u021bie a evenimentului \u201eCupa Titan la caiac-canoe\u201d, pe Lacul IOR\" \/>\n<meta property=\"og:description\" content=\"O nou\u0103 edi\u021bie a \u201eCupei Titan la caiac-canoe\u201d va avea loc \u00een data de 20 iulie, pe lacul Titan din parcul Alexandru Ioan Cuza (IOR). Competi\u021bia se adreseaz\u0103 at\u00e2t sportivilor de performan\u021b\u0103, c\u00e2t \u0219i sportivilor amatori, iar \u00eenscrierea este gratuit\u0103, anun\u021b\u0103 Asocia\u021bia Club Sportiv Nautic Titanii. Evenimentul include \u0219ase categorii de concurs, printre care \u0219i [&hellip;]\" \/>\n<meta property=\"og:url\" content=\"https:\/\/buletin.de\/bucuresti\/o-noua-editie-a-evenimentului-cupa-titan-la-caiac-canoe-pe-lacul-ior\/\" \/>\n<meta property=\"og:site_name\" content=\"Buletin de Bucure\u0219ti\" \/>\n<meta property=\"article:publisher\" content=\"https:\/\/www.facebook.com\/buletin.de.buc\" \/>\n<meta property=\"article:published_time\" content=\"2024-07-02T12:21:45+00:00\" \/>\n<meta property=\"article:modified_time\" content=\"2024-07-02T12:25:22+00:00\" \/>\n<meta property=\"og:image\" content=\"https:\/\/buletin.de\/bucuresti\/wp-content\/uploads\/cupa-titan-gallery10.webp\" \/>\n\t<meta property=\"og:image:width\" content=\"1156\" \/>\n\t<meta property=\"og:image:height\" content=\"734\" \/>\n\t<meta property=\"og:image:type\" content=\"image\/webp\" \/>\n<meta name=\"author\" content=\"Andreea Tudor\" \/>\n<meta name=\"twitter:card\" content=\"summary_large_image\" \/>\n<meta name=\"twitter:label1\" content=\"Written by\" \/>\n\t<meta name=\"twitter:data1\" content=\"Andreea Tudor\" \/>\n\t<meta name=\"twitter:label2\" content=\"Estimated reading time\" \/>\n\t<meta name=\"twitter:data2\" content=\"2 minutes\" \/>\n<script type=\"application\/ld+json\" class=\"yoast-schema-graph\">{\"@context\":\"https:\\\/\\\/schema.org\",\"@graph\":[{\"@type\":\"Article\",\"@id\":\"https:\\\/\\\/buletin.de\\\/bucuresti\\\/o-noua-editie-a-evenimentului-cupa-titan-la-caiac-canoe-pe-lacul-ior\\\/#article\",\"isPartOf\":{\"@id\":\"https:\\\/\\\/buletin.de\\\/bucuresti\\\/o-noua-editie-a-evenimentului-cupa-titan-la-caiac-canoe-pe-lacul-ior\\\/\"},\"author\":{\"name\":\"Andreea Tudor\",\"@id\":\"https:\\\/\\\/buletin.de\\\/bucuresti\\\/#\\\/schema\\\/person\\\/150590659efde715459d159da012f501\"},\"headline\":\"O nou\u0103 edi\u021bie a evenimentului \u201eCupa Titan la caiac-canoe\u201d, pe Lacul IOR\",\"datePublished\":\"2024-07-02T12:21:45+00:00\",\"dateModified\":\"2024-07-02T12:25:22+00:00\",\"mainEntityOfPage\":{\"@id\":\"https:\\\/\\\/buletin.de\\\/bucuresti\\\/o-noua-editie-a-evenimentului-cupa-titan-la-caiac-canoe-pe-lacul-ior\\\/\"},\"wordCount\":225,\"publisher\":{\"@id\":\"https:\\\/\\\/buletin.de\\\/bucuresti\\\/#organization\"},\"image\":{\"@id\":\"https:\\\/\\\/buletin.de\\\/bucuresti\\\/o-noua-editie-a-evenimentului-cupa-titan-la-caiac-canoe-pe-lacul-ior\\\/#primaryimage\"},\"thumbnailUrl\":\"https:\\\/\\\/buletin.de\\\/bucuresti\\\/wp-content\\\/uploads\\\/cupa-titan-gallery10.webp\",\"keywords\":[\"caiac\",\"canoe\",\"competitii sportive\",\"cupa titan\",\"IOR\",\"Kayak Champions\",\"lacul Titan\",\"para-canoe\",\"parcul alexandru ioan cuza\",\"Sector 3\"],\"articleSection\":[\"Articole\",\"Main\"],\"inLanguage\":\"en-GB\",\"copyrightYear\":\"2024\",\"copyrightHolder\":{\"@id\":\"https:\\\/\\\/buletin.de\\\/bucuresti\\\/#organization\"}},{\"@type\":\"WebPage\",\"@id\":\"https:\\\/\\\/buletin.de\\\/bucuresti\\\/o-noua-editie-a-evenimentului-cupa-titan-la-caiac-canoe-pe-lacul-ior\\\/\",\"url\":\"https:\\\/\\\/buletin.de\\\/bucuresti\\\/o-noua-editie-a-evenimentului-cupa-titan-la-caiac-canoe-pe-lacul-ior\\\/\",\"name\":\"O nou\u0103 edi\u021bie a evenimentului \u201eCupa Titan la caiac-canoe\u201d, pe Lacul IOR - Buletin de Bucure\u0219ti\",\"isPartOf\":{\"@id\":\"https:\\\/\\\/buletin.de\\\/bucuresti\\\/#website\"},\"primaryImageOfPage\":{\"@id\":\"https:\\\/\\\/buletin.de\\\/bucuresti\\\/o-noua-editie-a-evenimentului-cupa-titan-la-caiac-canoe-pe-lacul-ior\\\/#primaryimage\"},\"image\":{\"@id\":\"https:\\\/\\\/buletin.de\\\/bucuresti\\\/o-noua-editie-a-evenimentului-cupa-titan-la-caiac-canoe-pe-lacul-ior\\\/#primaryimage\"},\"thumbnailUrl\":\"https:\\\/\\\/buletin.de\\\/bucuresti\\\/wp-content\\\/uploads\\\/cupa-titan-gallery10.webp\",\"datePublished\":\"2024-07-02T12:21:45+00:00\",\"dateModified\":\"2024-07-02T12:25:22+00:00\",\"breadcrumb\":{\"@id\":\"https:\\\/\\\/buletin.de\\\/bucuresti\\\/o-noua-editie-a-evenimentului-cupa-titan-la-caiac-canoe-pe-lacul-ior\\\/#breadcrumb\"},\"inLanguage\":\"en-GB\",\"potentialAction\":[{\"@type\":\"ReadAction\",\"target\":[\"https:\\\/\\\/buletin.de\\\/bucuresti\\\/o-noua-editie-a-evenimentului-cupa-titan-la-caiac-canoe-pe-lacul-ior\\\/\"]}]},{\"@type\":\"ImageObject\",\"inLanguage\":\"en-GB\",\"@id\":\"https:\\\/\\\/buletin.de\\\/bucuresti\\\/o-noua-editie-a-evenimentului-cupa-titan-la-caiac-canoe-pe-lacul-ior\\\/#primaryimage\",\"url\":\"https:\\\/\\\/buletin.de\\\/bucuresti\\\/wp-content\\\/uploads\\\/cupa-titan-gallery10.webp\",\"contentUrl\":\"https:\\\/\\\/buletin.de\\\/bucuresti\\\/wp-content\\\/uploads\\\/cupa-titan-gallery10.webp\",\"width\":1156,\"height\":734,\"caption\":\"FOTO: kayakchampions.ro\"},{\"@type\":\"BreadcrumbList\",\"@id\":\"https:\\\/\\\/buletin.de\\\/bucuresti\\\/o-noua-editie-a-evenimentului-cupa-titan-la-caiac-canoe-pe-lacul-ior\\\/#breadcrumb\",\"itemListElement\":[{\"@type\":\"ListItem\",\"position\":1,\"name\":\"Acas\u0103\",\"item\":\"https:\\\/\\\/buletin.de\\\/bucuresti\\\/\"},{\"@type\":\"ListItem\",\"position\":2,\"name\":\"O nou\u0103 edi\u021bie a evenimentului \u201eCupa Titan la caiac-canoe\u201d, pe Lacul IOR\"}]},{\"@type\":\"WebSite\",\"@id\":\"https:\\\/\\\/buletin.de\\\/bucuresti\\\/#website\",\"url\":\"https:\\\/\\\/buletin.de\\\/bucuresti\\\/\",\"name\":\"Buletin de Bucure\u0219ti\",\"description\":\"\u0218tiri \u0219i investiga\u021bii esen\u021biale din capital\u0103\",\"publisher\":{\"@id\":\"https:\\\/\\\/buletin.de\\\/bucuresti\\\/#organization\"},\"potentialAction\":[{\"@type\":\"SearchAction\",\"target\":{\"@type\":\"EntryPoint\",\"urlTemplate\":\"https:\\\/\\\/buletin.de\\\/bucuresti\\\/?s={search_term_string}\"},\"query-input\":{\"@type\":\"PropertyValueSpecification\",\"valueRequired\":true,\"valueName\":\"search_term_string\"}}],\"inLanguage\":\"en-GB\"},{\"@type\":\"Organization\",\"@id\":\"https:\\\/\\\/buletin.de\\\/bucuresti\\\/#organization\",\"name\":\"Buletin de Bucure\u0219ti\",\"url\":\"https:\\\/\\\/buletin.de\\\/bucuresti\\\/\",\"logo\":{\"@type\":\"ImageObject\",\"inLanguage\":\"en-GB\",\"@id\":\"https:\\\/\\\/buletin.de\\\/bucuresti\\\/#\\\/schema\\\/logo\\\/image\\\/\",\"url\":\"https:\\\/\\\/buletin.de\\\/bucuresti\\\/wp-content\\\/uploads\\\/logo-bdb-full-wide-vernil-transparent.png\",\"contentUrl\":\"https:\\\/\\\/buletin.de\\\/bucuresti\\\/wp-content\\\/uploads\\\/logo-bdb-full-wide-vernil-transparent.png\",\"width\":1782,\"height\":626,\"caption\":\"Buletin de Bucure\u0219ti\"},\"image\":{\"@id\":\"https:\\\/\\\/buletin.de\\\/bucuresti\\\/#\\\/schema\\\/logo\\\/image\\\/\"},\"sameAs\":[\"https:\\\/\\\/www.facebook.com\\\/buletin.de.buc\",\"https:\\\/\\\/www.instagram.com\\\/buletinde.bucuresti\\\/\"]},{\"@type\":\"Person\",\"@id\":\"https:\\\/\\\/buletin.de\\\/bucuresti\\\/#\\\/schema\\\/person\\\/150590659efde715459d159da012f501\",\"name\":\"Andreea Tudor\",\"image\":{\"@type\":\"ImageObject\",\"inLanguage\":\"en-GB\",\"@id\":\"https:\\\/\\\/buletin.de\\\/bucuresti\\\/wp-content\\\/uploads\\\/2026\\\/06\\\/BDB_Andreea_T-5-96x96.jpg2291f994b0ece9443cb8e95c805b8b20\",\"url\":\"https:\\\/\\\/buletin.de\\\/bucuresti\\\/wp-content\\\/uploads\\\/2026\\\/06\\\/BDB_Andreea_T-5-96x96.jpg\",\"contentUrl\":\"https:\\\/\\\/buletin.de\\\/bucuresti\\\/wp-content\\\/uploads\\\/2026\\\/06\\\/BDB_Andreea_T-5-96x96.jpg\",\"caption\":\"Andreea Tudor\"},\"description\":\"Reporter la Buletin de Bucure\u0219ti de doi ani \u0219i jum\u0103tate. Sus\u021bin\u0103toare a presei independente, pasionat\u0103 de subiectele de mediu.\",\"url\":\"https:\\\/\\\/buletin.de\\\/bucuresti\\\/author\\\/andreeatudor\\\/\"}]}<\/script>\n<!-- \/ Yoast SEO Premium plugin. -->","yoast_head_json":{"title":"O nou\u0103 edi\u021bie a evenimentului \u201eCupa Titan la caiac-canoe\u201d, pe Lacul IOR - Buletin de Bucure\u0219ti","robots":{"index":"index","follow":"follow","max-snippet":"max-snippet:-1","max-image-preview":"max-image-preview:large","max-video-preview":"max-video-preview:-1"},"canonical":"https:\/\/buletin.de\/bucuresti\/o-noua-editie-a-evenimentului-cupa-titan-la-caiac-canoe-pe-lacul-ior\/","og_locale":"en_GB","og_type":"article","og_title":"O nou\u0103 edi\u021bie a evenimentului \u201eCupa Titan la caiac-canoe\u201d, pe Lacul IOR","og_description":"O nou\u0103 edi\u021bie a \u201eCupei Titan la caiac-canoe\u201d va avea loc \u00een data de 20 iulie, pe lacul Titan din parcul Alexandru Ioan Cuza (IOR). Competi\u021bia se adreseaz\u0103 at\u00e2t sportivilor de performan\u021b\u0103, c\u00e2t \u0219i sportivilor amatori, iar \u00eenscrierea este gratuit\u0103, anun\u021b\u0103 Asocia\u021bia Club Sportiv Nautic Titanii. Evenimentul include \u0219ase categorii de concurs, printre care \u0219i [&hellip;]","og_url":"https:\/\/buletin.de\/bucuresti\/o-noua-editie-a-evenimentului-cupa-titan-la-caiac-canoe-pe-lacul-ior\/","og_site_name":"Buletin de Bucure\u0219ti","article_publisher":"https:\/\/www.facebook.com\/buletin.de.buc","article_published_time":"2024-07-02T12:21:45+00:00","article_modified_time":"2024-07-02T12:25:22+00:00","og_image":[{"width":1156,"height":734,"url":"https:\/\/buletin.de\/bucuresti\/wp-content\/uploads\/cupa-titan-gallery10.webp","type":"image\/webp"}],"author":"Andreea Tudor","twitter_card":"summary_large_image","twitter_misc":{"Written by":"Andreea Tudor","Estimated reading time":"2 minutes"},"schema":{"@context":"https:\/\/schema.org","@graph":[{"@type":"Article","@id":"https:\/\/buletin.de\/bucuresti\/o-noua-editie-a-evenimentului-cupa-titan-la-caiac-canoe-pe-lacul-ior\/#article","isPartOf":{"@id":"https:\/\/buletin.de\/bucuresti\/o-noua-editie-a-evenimentului-cupa-titan-la-caiac-canoe-pe-lacul-ior\/"},"author":{"name":"Andreea Tudor","@id":"https:\/\/buletin.de\/bucuresti\/#\/schema\/person\/150590659efde715459d159da012f501"},"headline":"O nou\u0103 edi\u021bie a evenimentului \u201eCupa Titan la caiac-canoe\u201d, pe Lacul IOR","datePublished":"2024-07-02T12:21:45+00:00","dateModified":"2024-07-02T12:25:22+00:00","mainEntityOfPage":{"@id":"https:\/\/buletin.de\/bucuresti\/o-noua-editie-a-evenimentului-cupa-titan-la-caiac-canoe-pe-lacul-ior\/"},"wordCount":225,"publisher":{"@id":"https:\/\/buletin.de\/bucuresti\/#organization"},"image":{"@id":"https:\/\/buletin.de\/bucuresti\/o-noua-editie-a-evenimentului-cupa-titan-la-caiac-canoe-pe-lacul-ior\/#primaryimage"},"thumbnailUrl":"https:\/\/buletin.de\/bucuresti\/wp-content\/uploads\/cupa-titan-gallery10.webp","keywords":["caiac","canoe","competitii sportive","cupa titan","IOR","Kayak Champions","lacul Titan","para-canoe","parcul alexandru ioan cuza","Sector 3"],"articleSection":["Articole","Main"],"inLanguage":"en-GB","copyrightYear":"2024","copyrightHolder":{"@id":"https:\/\/buletin.de\/bucuresti\/#organization"}},{"@type":"WebPage","@id":"https:\/\/buletin.de\/bucuresti\/o-noua-editie-a-evenimentului-cupa-titan-la-caiac-canoe-pe-lacul-ior\/","url":"https:\/\/buletin.de\/bucuresti\/o-noua-editie-a-evenimentului-cupa-titan-la-caiac-canoe-pe-lacul-ior\/","name":"O nou\u0103 edi\u021bie a evenimentului \u201eCupa Titan la caiac-canoe\u201d, pe Lacul IOR - Buletin de Bucure\u0219ti","isPartOf":{"@id":"https:\/\/buletin.de\/bucuresti\/#website"},"primaryImageOfPage":{"@id":"https:\/\/buletin.de\/bucuresti\/o-noua-editie-a-evenimentului-cupa-titan-la-caiac-canoe-pe-lacul-ior\/#primaryimage"},"image":{"@id":"https:\/\/buletin.de\/bucuresti\/o-noua-editie-a-evenimentului-cupa-titan-la-caiac-canoe-pe-lacul-ior\/#primaryimage"},"thumbnailUrl":"https:\/\/buletin.de\/bucuresti\/wp-content\/uploads\/cupa-titan-gallery10.webp","datePublished":"2024-07-02T12:21:45+00:00","dateModified":"2024-07-02T12:25:22+00:00","breadcrumb":{"@id":"https:\/\/buletin.de\/bucuresti\/o-noua-editie-a-evenimentului-cupa-titan-la-caiac-canoe-pe-lacul-ior\/#breadcrumb"},"inLanguage":"en-GB","potentialAction":[{"@type":"ReadAction","target":["https:\/\/buletin.de\/bucuresti\/o-noua-editie-a-evenimentului-cupa-titan-la-caiac-canoe-pe-lacul-ior\/"]}]},{"@type":"ImageObject","inLanguage":"en-GB","@id":"https:\/\/buletin.de\/bucuresti\/o-noua-editie-a-evenimentului-cupa-titan-la-caiac-canoe-pe-lacul-ior\/#primaryimage","url":"https:\/\/buletin.de\/bucuresti\/wp-content\/uploads\/cupa-titan-gallery10.webp","contentUrl":"https:\/\/buletin.de\/bucuresti\/wp-content\/uploads\/cupa-titan-gallery10.webp","width":1156,"height":734,"caption":"FOTO: kayakchampions.ro"},{"@type":"BreadcrumbList","@id":"https:\/\/buletin.de\/bucuresti\/o-noua-editie-a-evenimentului-cupa-titan-la-caiac-canoe-pe-lacul-ior\/#breadcrumb","itemListElement":[{"@type":"ListItem","position":1,"name":"Acas\u0103","item":"https:\/\/buletin.de\/bucuresti\/"},{"@type":"ListItem","position":2,"name":"O nou\u0103 edi\u021bie a evenimentului \u201eCupa Titan la caiac-canoe\u201d, pe Lacul IOR"}]},{"@type":"WebSite","@id":"https:\/\/buletin.de\/bucuresti\/#website","url":"https:\/\/buletin.de\/bucuresti\/","name":"Buletin de Bucure\u0219ti","description":"\u0218tiri \u0219i investiga\u021bii esen\u021biale din capital\u0103","publisher":{"@id":"https:\/\/buletin.de\/bucuresti\/#organization"},"potentialAction":[{"@type":"SearchAction","target":{"@type":"EntryPoint","urlTemplate":"https:\/\/buletin.de\/bucuresti\/?s={search_term_string}"},"query-input":{"@type":"PropertyValueSpecification","valueRequired":true,"valueName":"search_term_string"}}],"inLanguage":"en-GB"},{"@type":"Organization","@id":"https:\/\/buletin.de\/bucuresti\/#organization","name":"Buletin de Bucure\u0219ti","url":"https:\/\/buletin.de\/bucuresti\/","logo":{"@type":"ImageObject","inLanguage":"en-GB","@id":"https:\/\/buletin.de\/bucuresti\/#\/schema\/logo\/image\/","url":"https:\/\/buletin.de\/bucuresti\/wp-content\/uploads\/logo-bdb-full-wide-vernil-transparent.png","contentUrl":"https:\/\/buletin.de\/bucuresti\/wp-content\/uploads\/logo-bdb-full-wide-vernil-transparent.png","width":1782,"height":626,"caption":"Buletin de Bucure\u0219ti"},"image":{"@id":"https:\/\/buletin.de\/bucuresti\/#\/schema\/logo\/image\/"},"sameAs":["https:\/\/www.facebook.com\/buletin.de.buc","https:\/\/www.instagram.com\/buletinde.bucuresti\/"]},{"@type":"Person","@id":"https:\/\/buletin.de\/bucuresti\/#\/schema\/person\/150590659efde715459d159da012f501","name":"Andreea Tudor","image":{"@type":"ImageObject","inLanguage":"en-GB","@id":"https:\/\/buletin.de\/bucuresti\/wp-content\/uploads\/2026\/06\/BDB_Andreea_T-5-96x96.jpg2291f994b0ece9443cb8e95c805b8b20","url":"https:\/\/buletin.de\/bucuresti\/wp-content\/uploads\/2026\/06\/BDB_Andreea_T-5-96x96.jpg","contentUrl":"https:\/\/buletin.de\/bucuresti\/wp-content\/uploads\/2026\/06\/BDB_Andreea_T-5-96x96.jpg","caption":"Andreea Tudor"},"description":"Reporter la Buletin de Bucure\u0219ti de doi ani \u0219i jum\u0103tate. Sus\u021bin\u0103toare a presei independente, pasionat\u0103 de subiectele de mediu.","url":"https:\/\/buletin.de\/bucuresti\/author\/andreeatudor\/"}]}},"authors":[{"term_id":22573,"user_id":55,"is_guest":0,"slug":"andreeatudor","display_name":"Andreea Tudor","avatar_url":"https:\/\/buletin.de\/bucuresti\/wp-content\/uploads\/2026\/06\/BDB_Andreea_T-5-96x96.jpg","author_category":"","first_name":"Andreea","last_name":"Tudor","user_url":"","job_title":"","description":"Reporter la Buletin de Bucure\u0219ti de doi ani \u0219i jum\u0103tate. Sus\u021bin\u0103toare a presei independente, pasionat\u0103 de subiectele de mediu."}],"_links":{"self":[{"href":"https:\/\/buletin.de\/bucuresti\/wp-json\/wp\/v2\/posts\/89772","targetHints":{"allow":["GET"]}}],"collection":[{"href":"https:\/\/buletin.de\/bucuresti\/wp-json\/wp\/v2\/posts"}],"about":[{"href":"https:\/\/buletin.de\/bucuresti\/wp-json\/wp\/v2\/types\/post"}],"author":[{"embeddable":true,"href":"https:\/\/buletin.de\/bucuresti\/wp-json\/wp\/v2\/users\/55"}],"replies":[{"embeddable":true,"href":"https:\/\/buletin.de\/bucuresti\/wp-json\/wp\/v2\/comments?post=89772"}],"version-history":[{"count":4,"href":"https:\/\/buletin.de\/bucuresti\/wp-json\/wp\/v2\/posts\/89772\/revisions"}],"predecessor-version":[{"id":89782,"href":"https:\/\/buletin.de\/bucuresti\/wp-json\/wp\/v2\/posts\/89772\/revisions\/89782"}],"wp:featuredmedia":[{"embeddable":true,"href":"https:\/\/buletin.de\/bucuresti\/wp-json\/wp\/v2\/media\/89776"}],"wp:attachment":[{"href":"https:\/\/buletin.de\/bucuresti\/wp-json\/wp\/v2\/media?parent=89772"}],"wp:term":[{"taxonomy":"category","embeddable":true,"href":"https:\/\/buletin.de\/bucuresti\/wp-json\/wp\/v2\/categories?post=89772"},{"taxonomy":"post_tag","embeddable":true,"href":"https:\/\/buletin.de\/bucuresti\/wp-json\/wp\/v2\/tags?post=89772"},{"taxonomy":"author","embeddable":true,"href":"https:\/\/buletin.de\/bucuresti\/wp-json\/wp\/v2\/ppma_author?post=89772"}],"curies":[{"name":"wp","href":"https:\/\/api.w.org\/{rel}","templated":true}]}}