{"id":89744,"date":"2024-07-02T10:07:06","date_gmt":"2024-07-02T07:07:06","guid":{"rendered":"https:\/\/buletin.de\/bucuresti\/?p=89744"},"modified":"2024-07-02T10:07:07","modified_gmt":"2024-07-02T07:07:07","slug":"meteo-maxime-termice-ridicate-averse-si-vant-in-capitala-sunt-in-vigoare-doua-coduri-galbene","status":"publish","type":"post","link":"https:\/\/buletin.de\/bucuresti\/meteo-maxime-termice-ridicate-averse-si-vant-in-capitala-sunt-in-vigoare-doua-coduri-galbene\/","title":{"rendered":"METEO | Maxime termice ridicate, averse \u0219i v\u00e2nt, \u00een Capital\u0103. Sunt \u00een vigoare dou\u0103 coduri galbene"},"content":{"rendered":"\n<p><strong>Temperaturile ridicate revin, \u00een Capital\u0103. Administra\u021bia Na\u021bional\u0103 de Meteorologie a emis dou\u0103 aten\u021bion\u0103ri meteorologice. ANM a emis \u0219i o aten\u021bionare meteorologic\u0103 cod galben de instabilitate atmosferic\u0103. Vor fi averse \u0219i desc\u0103rc\u0103ri electrice, v\u00e2nt puternic \u0219i, izolat, grindin\u0103.<\/strong><\/p>\n\n\n\n<p>Prima aten\u021bionare meteorologic\u0103 cod galben de canicul\u0103 \u0219i disconfort termic ridicat este valabil\u0103 ast\u0103zi, 2 iulie. Potrivit meteorologilor, vor fi temperaturi deosebit de ridicate, canicul\u0103 \u0219i disconfort termic ridicat, iar indicele temperatur\u0103-umezeal\u0103 (I\u021aU) va dep\u0103\u0219i u\u0219or pragul critic de 80 de unit\u0103\u021bi. Maxima termic\u0103 urc\u0103 la 35&#8230; 37 de grade iar minima nu coboar\u0103 sub 20 de grade.<\/p>\n\n\n\n<p>ANM a emis \u0219i o aten\u021bionare meteorologic\u0103 cod galben de instabilitate atmosferic\u0103, valabil\u0103 \u00een perioada 2 iulie, ora 10:00 &#8211; 3 iulie pentru municipiul Bucure\u0219ti \u0219i jude\u021bul Ilfov. Vor fi averse \u0219i desc\u0103rc\u0103ri electrice, v\u00e2nt puternic \u0219i, izolat, grindin\u0103. Cantit\u0103\u021bile de ap\u0103 pot dep\u0103\u0219i 40 l\/mp.<\/p>\n\n\n\n<p>Speciali\u0219tii au \u0219i c\u00e2teva recomand\u0103ri, pentru popula\u021bie, \u00een aceast\u0103 perioad\u0103:<\/p>\n\n\n\n<ul class=\"wp-block-list\">\n<li>pentru persoanele aflate pe strad\u0103, se va evita ad\u0103postirea sau trecerea prin apropierea copacilor, st\u00e2lpilor, panourilor publicitare, construc\u0163iilor cu elemente de arhitectur\u0103 ce pot fi u\u015for dislocate, precum \u015fi a imobilelor aflate \u00een construc\u0163ie;<\/li>\n\n\n\n<li>sistarea activit\u0103\u0163ilor desf\u0103\u015furate \u00een teren deschis sau la \u00een\u0103l\u0163ime;<\/li>\n\n\n\n<li>\u00eenchiderea tuturor ferestrelor locuin\u0163elor \u015fi altor categorii de construc\u0163ii;<\/li>\n\n\n\n<li>evitarea atingerii st\u00e2lpilor sau firelor c\u0103zute la p\u0103m\u00e2nt.<\/li>\n<\/ul>\n\n\n\n<p>ANM avertizeaz\u0103 c\u0103 temperaturile crescute se vor p\u0103stra \u0219i la sf\u00e2r\u0219itul s\u0103pt\u0103m\u00e2nii.<\/p>\n","protected":false},"excerpt":{"rendered":"<p>Temperaturile ridicate revin, \u00een Capital\u0103. Administra\u021bia Na\u021bional\u0103 de Meteorologie a emis dou\u0103 aten\u021bion\u0103ri meteorologice. ANM a emis \u0219i o aten\u021bionare meteorologic\u0103 cod galben de instabilitate atmosferic\u0103. Vor fi averse \u0219i desc\u0103rc\u0103ri electrice, v\u00e2nt puternic \u0219i, izolat, grindin\u0103. Prima aten\u021bionare meteorologic\u0103 cod galben de canicul\u0103 \u0219i disconfort termic ridicat este valabil\u0103 ast\u0103zi, 2 iulie. Potrivit meteorologilor, [&hellip;]<\/p>\n","protected":false},"author":49,"featured_media":81697,"comment_status":"closed","ping_status":"open","sticky":false,"template":"","format":"standard","meta":{"_acf_changed":false,"inline_featured_image":false,"ngg_post_thumbnail":0,"footnotes":""},"categories":[6994,62],"tags":[4314,5928,2998,6554,13151],"ppma_author":[22574],"class_list":["post-89744","post","type-post","status-publish","format-standard","has-post-thumbnail","hentry","category-stiri-2","category-stiri","tag-anm","tag-anm-prognoza-meteo","tag-canicula","tag-cod-galben","tag-vijelie"],"acf":[],"yoast_head":"<!-- This site is optimized with the Yoast SEO Premium plugin v25.3 (Yoast SEO v27.5) - https:\/\/yoast.com\/product\/yoast-seo-premium-wordpress\/ -->\n<title>METEO | Maxime termice ridicate, averse \u0219i v\u00e2nt, \u00een Capital\u0103. Sunt \u00een vigoare dou\u0103 coduri galbene - Buletin de Bucure\u0219ti<\/title>\n<meta name=\"robots\" content=\"index, follow, max-snippet:-1, max-image-preview:large, max-video-preview:-1\" \/>\n<link rel=\"canonical\" href=\"https:\/\/buletin.de\/bucuresti\/meteo-maxime-termice-ridicate-averse-si-vant-in-capitala-sunt-in-vigoare-doua-coduri-galbene\/\" \/>\n<meta property=\"og:locale\" content=\"en_GB\" \/>\n<meta property=\"og:type\" content=\"article\" \/>\n<meta property=\"og:title\" content=\"METEO | Maxime termice ridicate, averse \u0219i v\u00e2nt, \u00een Capital\u0103. Sunt \u00een vigoare dou\u0103 coduri galbene\" \/>\n<meta property=\"og:description\" content=\"Temperaturile ridicate revin, \u00een Capital\u0103. Administra\u021bia Na\u021bional\u0103 de Meteorologie a emis dou\u0103 aten\u021bion\u0103ri meteorologice. ANM a emis \u0219i o aten\u021bionare meteorologic\u0103 cod galben de instabilitate atmosferic\u0103. Vor fi averse \u0219i desc\u0103rc\u0103ri electrice, v\u00e2nt puternic \u0219i, izolat, grindin\u0103. Prima aten\u021bionare meteorologic\u0103 cod galben de canicul\u0103 \u0219i disconfort termic ridicat este valabil\u0103 ast\u0103zi, 2 iulie. Potrivit meteorologilor, [&hellip;]\" \/>\n<meta property=\"og:url\" content=\"https:\/\/buletin.de\/bucuresti\/meteo-maxime-termice-ridicate-averse-si-vant-in-capitala-sunt-in-vigoare-doua-coduri-galbene\/\" \/>\n<meta property=\"og:site_name\" content=\"Buletin de Bucure\u0219ti\" \/>\n<meta property=\"article:publisher\" content=\"https:\/\/www.facebook.com\/buletin.de.buc\" \/>\n<meta property=\"article:published_time\" content=\"2024-07-02T07:07:06+00:00\" \/>\n<meta property=\"article:modified_time\" content=\"2024-07-02T07:07:07+00:00\" \/>\n<meta property=\"og:image\" content=\"https:\/\/buletin.de\/bucuresti\/wp-content\/uploads\/https___www.gandul.ro_wp-content_uploads_2024_04_1.webp\" \/>\n\t<meta property=\"og:image:width\" content=\"820\" \/>\n\t<meta property=\"og:image:height\" content=\"460\" \/>\n\t<meta property=\"og:image:type\" content=\"image\/webp\" \/>\n<meta name=\"author\" content=\"Diana Matei\" \/>\n<meta name=\"twitter:card\" content=\"summary_large_image\" \/>\n<meta name=\"twitter:label1\" content=\"Written by\" \/>\n\t<meta name=\"twitter:data1\" content=\"Diana Matei\" \/>\n\t<meta name=\"twitter:label2\" content=\"Estimated reading time\" \/>\n\t<meta name=\"twitter:data2\" content=\"2 minutes\" \/>\n<script type=\"application\/ld+json\" class=\"yoast-schema-graph\">{\"@context\":\"https:\\\/\\\/schema.org\",\"@graph\":[{\"@type\":\"Article\",\"@id\":\"https:\\\/\\\/buletin.de\\\/bucuresti\\\/meteo-maxime-termice-ridicate-averse-si-vant-in-capitala-sunt-in-vigoare-doua-coduri-galbene\\\/#article\",\"isPartOf\":{\"@id\":\"https:\\\/\\\/buletin.de\\\/bucuresti\\\/meteo-maxime-termice-ridicate-averse-si-vant-in-capitala-sunt-in-vigoare-doua-coduri-galbene\\\/\"},\"author\":{\"name\":\"Diana Matei\",\"@id\":\"https:\\\/\\\/buletin.de\\\/bucuresti\\\/#\\\/schema\\\/person\\\/7e46040573290777280a0835d81ea4ea\"},\"headline\":\"METEO | Maxime termice ridicate, averse \u0219i v\u00e2nt, \u00een Capital\u0103. Sunt \u00een vigoare dou\u0103 coduri galbene\",\"datePublished\":\"2024-07-02T07:07:06+00:00\",\"dateModified\":\"2024-07-02T07:07:07+00:00\",\"mainEntityOfPage\":{\"@id\":\"https:\\\/\\\/buletin.de\\\/bucuresti\\\/meteo-maxime-termice-ridicate-averse-si-vant-in-capitala-sunt-in-vigoare-doua-coduri-galbene\\\/\"},\"wordCount\":279,\"publisher\":{\"@id\":\"https:\\\/\\\/buletin.de\\\/bucuresti\\\/#organization\"},\"image\":{\"@id\":\"https:\\\/\\\/buletin.de\\\/bucuresti\\\/meteo-maxime-termice-ridicate-averse-si-vant-in-capitala-sunt-in-vigoare-doua-coduri-galbene\\\/#primaryimage\"},\"thumbnailUrl\":\"https:\\\/\\\/buletin.de\\\/bucuresti\\\/wp-content\\\/uploads\\\/https___www.gandul.ro_wp-content_uploads_2024_04_1.webp\",\"keywords\":[\"anm\",\"anm prognoza meteo\",\"canicula\",\"cod galben\",\"vijelie\"],\"articleSection\":[\"Articole\",\"\u0218tiri\"],\"inLanguage\":\"en-GB\",\"copyrightYear\":\"2024\",\"copyrightHolder\":{\"@id\":\"https:\\\/\\\/buletin.de\\\/bucuresti\\\/#organization\"}},{\"@type\":\"WebPage\",\"@id\":\"https:\\\/\\\/buletin.de\\\/bucuresti\\\/meteo-maxime-termice-ridicate-averse-si-vant-in-capitala-sunt-in-vigoare-doua-coduri-galbene\\\/\",\"url\":\"https:\\\/\\\/buletin.de\\\/bucuresti\\\/meteo-maxime-termice-ridicate-averse-si-vant-in-capitala-sunt-in-vigoare-doua-coduri-galbene\\\/\",\"name\":\"METEO | Maxime termice ridicate, averse \u0219i v\u00e2nt, \u00een Capital\u0103. Sunt \u00een vigoare dou\u0103 coduri galbene - Buletin de Bucure\u0219ti\",\"isPartOf\":{\"@id\":\"https:\\\/\\\/buletin.de\\\/bucuresti\\\/#website\"},\"primaryImageOfPage\":{\"@id\":\"https:\\\/\\\/buletin.de\\\/bucuresti\\\/meteo-maxime-termice-ridicate-averse-si-vant-in-capitala-sunt-in-vigoare-doua-coduri-galbene\\\/#primaryimage\"},\"image\":{\"@id\":\"https:\\\/\\\/buletin.de\\\/bucuresti\\\/meteo-maxime-termice-ridicate-averse-si-vant-in-capitala-sunt-in-vigoare-doua-coduri-galbene\\\/#primaryimage\"},\"thumbnailUrl\":\"https:\\\/\\\/buletin.de\\\/bucuresti\\\/wp-content\\\/uploads\\\/https___www.gandul.ro_wp-content_uploads_2024_04_1.webp\",\"datePublished\":\"2024-07-02T07:07:06+00:00\",\"dateModified\":\"2024-07-02T07:07:07+00:00\",\"breadcrumb\":{\"@id\":\"https:\\\/\\\/buletin.de\\\/bucuresti\\\/meteo-maxime-termice-ridicate-averse-si-vant-in-capitala-sunt-in-vigoare-doua-coduri-galbene\\\/#breadcrumb\"},\"inLanguage\":\"en-GB\",\"potentialAction\":[{\"@type\":\"ReadAction\",\"target\":[\"https:\\\/\\\/buletin.de\\\/bucuresti\\\/meteo-maxime-termice-ridicate-averse-si-vant-in-capitala-sunt-in-vigoare-doua-coduri-galbene\\\/\"]}]},{\"@type\":\"ImageObject\",\"inLanguage\":\"en-GB\",\"@id\":\"https:\\\/\\\/buletin.de\\\/bucuresti\\\/meteo-maxime-termice-ridicate-averse-si-vant-in-capitala-sunt-in-vigoare-doua-coduri-galbene\\\/#primaryimage\",\"url\":\"https:\\\/\\\/buletin.de\\\/bucuresti\\\/wp-content\\\/uploads\\\/https___www.gandul.ro_wp-content_uploads_2024_04_1.webp\",\"contentUrl\":\"https:\\\/\\\/buletin.de\\\/bucuresti\\\/wp-content\\\/uploads\\\/https___www.gandul.ro_wp-content_uploads_2024_04_1.webp\",\"width\":820,\"height\":460,\"caption\":\"METEO | Cod galben de v\u00e2nt, \u00een Capital\u0103. Vremea se r\u0103ce\u0219te iar temperatura maxim\u0103 nu mai trece de 21 de grade. FOTO: Arhiv\u0103\"},{\"@type\":\"BreadcrumbList\",\"@id\":\"https:\\\/\\\/buletin.de\\\/bucuresti\\\/meteo-maxime-termice-ridicate-averse-si-vant-in-capitala-sunt-in-vigoare-doua-coduri-galbene\\\/#breadcrumb\",\"itemListElement\":[{\"@type\":\"ListItem\",\"position\":1,\"name\":\"Acas\u0103\",\"item\":\"https:\\\/\\\/buletin.de\\\/bucuresti\\\/\"},{\"@type\":\"ListItem\",\"position\":2,\"name\":\"METEO | Maxime termice ridicate, averse \u0219i v\u00e2nt, \u00een Capital\u0103. Sunt \u00een vigoare dou\u0103 coduri galbene\"}]},{\"@type\":\"WebSite\",\"@id\":\"https:\\\/\\\/buletin.de\\\/bucuresti\\\/#website\",\"url\":\"https:\\\/\\\/buletin.de\\\/bucuresti\\\/\",\"name\":\"Buletin de Bucure\u0219ti\",\"description\":\"\u0218tiri \u0219i investiga\u021bii esen\u021biale din capital\u0103\",\"publisher\":{\"@id\":\"https:\\\/\\\/buletin.de\\\/bucuresti\\\/#organization\"},\"potentialAction\":[{\"@type\":\"SearchAction\",\"target\":{\"@type\":\"EntryPoint\",\"urlTemplate\":\"https:\\\/\\\/buletin.de\\\/bucuresti\\\/?s={search_term_string}\"},\"query-input\":{\"@type\":\"PropertyValueSpecification\",\"valueRequired\":true,\"valueName\":\"search_term_string\"}}],\"inLanguage\":\"en-GB\"},{\"@type\":\"Organization\",\"@id\":\"https:\\\/\\\/buletin.de\\\/bucuresti\\\/#organization\",\"name\":\"Buletin de Bucure\u0219ti\",\"url\":\"https:\\\/\\\/buletin.de\\\/bucuresti\\\/\",\"logo\":{\"@type\":\"ImageObject\",\"inLanguage\":\"en-GB\",\"@id\":\"https:\\\/\\\/buletin.de\\\/bucuresti\\\/#\\\/schema\\\/logo\\\/image\\\/\",\"url\":\"https:\\\/\\\/buletin.de\\\/bucuresti\\\/wp-content\\\/uploads\\\/logo-bdb-full-wide-vernil-transparent.png\",\"contentUrl\":\"https:\\\/\\\/buletin.de\\\/bucuresti\\\/wp-content\\\/uploads\\\/logo-bdb-full-wide-vernil-transparent.png\",\"width\":1782,\"height\":626,\"caption\":\"Buletin de Bucure\u0219ti\"},\"image\":{\"@id\":\"https:\\\/\\\/buletin.de\\\/bucuresti\\\/#\\\/schema\\\/logo\\\/image\\\/\"},\"sameAs\":[\"https:\\\/\\\/www.facebook.com\\\/buletin.de.buc\",\"https:\\\/\\\/www.instagram.com\\\/buletinde.bucuresti\\\/\"]},{\"@type\":\"Person\",\"@id\":\"https:\\\/\\\/buletin.de\\\/bucuresti\\\/#\\\/schema\\\/person\\\/7e46040573290777280a0835d81ea4ea\",\"name\":\"Diana Matei\",\"image\":{\"@type\":\"ImageObject\",\"inLanguage\":\"en-GB\",\"@id\":\"https:\\\/\\\/buletin.de\\\/bucuresti\\\/wp-content\\\/uploads\\\/9-2-96x96.jpg1e8590b30871d70e62ebcdaf2eff570c\",\"url\":\"https:\\\/\\\/buletin.de\\\/bucuresti\\\/wp-content\\\/uploads\\\/9-2-96x96.jpg\",\"contentUrl\":\"https:\\\/\\\/buletin.de\\\/bucuresti\\\/wp-content\\\/uploads\\\/9-2-96x96.jpg\",\"caption\":\"Diana Matei\"},\"url\":\"https:\\\/\\\/buletin.de\\\/bucuresti\\\/author\\\/dianamatei\\\/\"}]}<\/script>\n<!-- \/ Yoast SEO Premium plugin. -->","yoast_head_json":{"title":"METEO | Maxime termice ridicate, averse \u0219i v\u00e2nt, \u00een Capital\u0103. Sunt \u00een vigoare dou\u0103 coduri galbene - Buletin de Bucure\u0219ti","robots":{"index":"index","follow":"follow","max-snippet":"max-snippet:-1","max-image-preview":"max-image-preview:large","max-video-preview":"max-video-preview:-1"},"canonical":"https:\/\/buletin.de\/bucuresti\/meteo-maxime-termice-ridicate-averse-si-vant-in-capitala-sunt-in-vigoare-doua-coduri-galbene\/","og_locale":"en_GB","og_type":"article","og_title":"METEO | Maxime termice ridicate, averse \u0219i v\u00e2nt, \u00een Capital\u0103. Sunt \u00een vigoare dou\u0103 coduri galbene","og_description":"Temperaturile ridicate revin, \u00een Capital\u0103. Administra\u021bia Na\u021bional\u0103 de Meteorologie a emis dou\u0103 aten\u021bion\u0103ri meteorologice. ANM a emis \u0219i o aten\u021bionare meteorologic\u0103 cod galben de instabilitate atmosferic\u0103. Vor fi averse \u0219i desc\u0103rc\u0103ri electrice, v\u00e2nt puternic \u0219i, izolat, grindin\u0103. Prima aten\u021bionare meteorologic\u0103 cod galben de canicul\u0103 \u0219i disconfort termic ridicat este valabil\u0103 ast\u0103zi, 2 iulie. Potrivit meteorologilor, [&hellip;]","og_url":"https:\/\/buletin.de\/bucuresti\/meteo-maxime-termice-ridicate-averse-si-vant-in-capitala-sunt-in-vigoare-doua-coduri-galbene\/","og_site_name":"Buletin de Bucure\u0219ti","article_publisher":"https:\/\/www.facebook.com\/buletin.de.buc","article_published_time":"2024-07-02T07:07:06+00:00","article_modified_time":"2024-07-02T07:07:07+00:00","og_image":[{"width":820,"height":460,"url":"https:\/\/buletin.de\/bucuresti\/wp-content\/uploads\/https___www.gandul.ro_wp-content_uploads_2024_04_1.webp","type":"image\/webp"}],"author":"Diana Matei","twitter_card":"summary_large_image","twitter_misc":{"Written by":"Diana Matei","Estimated reading time":"2 minutes"},"schema":{"@context":"https:\/\/schema.org","@graph":[{"@type":"Article","@id":"https:\/\/buletin.de\/bucuresti\/meteo-maxime-termice-ridicate-averse-si-vant-in-capitala-sunt-in-vigoare-doua-coduri-galbene\/#article","isPartOf":{"@id":"https:\/\/buletin.de\/bucuresti\/meteo-maxime-termice-ridicate-averse-si-vant-in-capitala-sunt-in-vigoare-doua-coduri-galbene\/"},"author":{"name":"Diana Matei","@id":"https:\/\/buletin.de\/bucuresti\/#\/schema\/person\/7e46040573290777280a0835d81ea4ea"},"headline":"METEO | Maxime termice ridicate, averse \u0219i v\u00e2nt, \u00een Capital\u0103. Sunt \u00een vigoare dou\u0103 coduri galbene","datePublished":"2024-07-02T07:07:06+00:00","dateModified":"2024-07-02T07:07:07+00:00","mainEntityOfPage":{"@id":"https:\/\/buletin.de\/bucuresti\/meteo-maxime-termice-ridicate-averse-si-vant-in-capitala-sunt-in-vigoare-doua-coduri-galbene\/"},"wordCount":279,"publisher":{"@id":"https:\/\/buletin.de\/bucuresti\/#organization"},"image":{"@id":"https:\/\/buletin.de\/bucuresti\/meteo-maxime-termice-ridicate-averse-si-vant-in-capitala-sunt-in-vigoare-doua-coduri-galbene\/#primaryimage"},"thumbnailUrl":"https:\/\/buletin.de\/bucuresti\/wp-content\/uploads\/https___www.gandul.ro_wp-content_uploads_2024_04_1.webp","keywords":["anm","anm prognoza meteo","canicula","cod galben","vijelie"],"articleSection":["Articole","\u0218tiri"],"inLanguage":"en-GB","copyrightYear":"2024","copyrightHolder":{"@id":"https:\/\/buletin.de\/bucuresti\/#organization"}},{"@type":"WebPage","@id":"https:\/\/buletin.de\/bucuresti\/meteo-maxime-termice-ridicate-averse-si-vant-in-capitala-sunt-in-vigoare-doua-coduri-galbene\/","url":"https:\/\/buletin.de\/bucuresti\/meteo-maxime-termice-ridicate-averse-si-vant-in-capitala-sunt-in-vigoare-doua-coduri-galbene\/","name":"METEO | Maxime termice ridicate, averse \u0219i v\u00e2nt, \u00een Capital\u0103. Sunt \u00een vigoare dou\u0103 coduri galbene - Buletin de Bucure\u0219ti","isPartOf":{"@id":"https:\/\/buletin.de\/bucuresti\/#website"},"primaryImageOfPage":{"@id":"https:\/\/buletin.de\/bucuresti\/meteo-maxime-termice-ridicate-averse-si-vant-in-capitala-sunt-in-vigoare-doua-coduri-galbene\/#primaryimage"},"image":{"@id":"https:\/\/buletin.de\/bucuresti\/meteo-maxime-termice-ridicate-averse-si-vant-in-capitala-sunt-in-vigoare-doua-coduri-galbene\/#primaryimage"},"thumbnailUrl":"https:\/\/buletin.de\/bucuresti\/wp-content\/uploads\/https___www.gandul.ro_wp-content_uploads_2024_04_1.webp","datePublished":"2024-07-02T07:07:06+00:00","dateModified":"2024-07-02T07:07:07+00:00","breadcrumb":{"@id":"https:\/\/buletin.de\/bucuresti\/meteo-maxime-termice-ridicate-averse-si-vant-in-capitala-sunt-in-vigoare-doua-coduri-galbene\/#breadcrumb"},"inLanguage":"en-GB","potentialAction":[{"@type":"ReadAction","target":["https:\/\/buletin.de\/bucuresti\/meteo-maxime-termice-ridicate-averse-si-vant-in-capitala-sunt-in-vigoare-doua-coduri-galbene\/"]}]},{"@type":"ImageObject","inLanguage":"en-GB","@id":"https:\/\/buletin.de\/bucuresti\/meteo-maxime-termice-ridicate-averse-si-vant-in-capitala-sunt-in-vigoare-doua-coduri-galbene\/#primaryimage","url":"https:\/\/buletin.de\/bucuresti\/wp-content\/uploads\/https___www.gandul.ro_wp-content_uploads_2024_04_1.webp","contentUrl":"https:\/\/buletin.de\/bucuresti\/wp-content\/uploads\/https___www.gandul.ro_wp-content_uploads_2024_04_1.webp","width":820,"height":460,"caption":"METEO | Cod galben de v\u00e2nt, \u00een Capital\u0103. Vremea se r\u0103ce\u0219te iar temperatura maxim\u0103 nu mai trece de 21 de grade. FOTO: Arhiv\u0103"},{"@type":"BreadcrumbList","@id":"https:\/\/buletin.de\/bucuresti\/meteo-maxime-termice-ridicate-averse-si-vant-in-capitala-sunt-in-vigoare-doua-coduri-galbene\/#breadcrumb","itemListElement":[{"@type":"ListItem","position":1,"name":"Acas\u0103","item":"https:\/\/buletin.de\/bucuresti\/"},{"@type":"ListItem","position":2,"name":"METEO | Maxime termice ridicate, averse \u0219i v\u00e2nt, \u00een Capital\u0103. Sunt \u00een vigoare dou\u0103 coduri galbene"}]},{"@type":"WebSite","@id":"https:\/\/buletin.de\/bucuresti\/#website","url":"https:\/\/buletin.de\/bucuresti\/","name":"Buletin de Bucure\u0219ti","description":"\u0218tiri \u0219i investiga\u021bii esen\u021biale din capital\u0103","publisher":{"@id":"https:\/\/buletin.de\/bucuresti\/#organization"},"potentialAction":[{"@type":"SearchAction","target":{"@type":"EntryPoint","urlTemplate":"https:\/\/buletin.de\/bucuresti\/?s={search_term_string}"},"query-input":{"@type":"PropertyValueSpecification","valueRequired":true,"valueName":"search_term_string"}}],"inLanguage":"en-GB"},{"@type":"Organization","@id":"https:\/\/buletin.de\/bucuresti\/#organization","name":"Buletin de Bucure\u0219ti","url":"https:\/\/buletin.de\/bucuresti\/","logo":{"@type":"ImageObject","inLanguage":"en-GB","@id":"https:\/\/buletin.de\/bucuresti\/#\/schema\/logo\/image\/","url":"https:\/\/buletin.de\/bucuresti\/wp-content\/uploads\/logo-bdb-full-wide-vernil-transparent.png","contentUrl":"https:\/\/buletin.de\/bucuresti\/wp-content\/uploads\/logo-bdb-full-wide-vernil-transparent.png","width":1782,"height":626,"caption":"Buletin de Bucure\u0219ti"},"image":{"@id":"https:\/\/buletin.de\/bucuresti\/#\/schema\/logo\/image\/"},"sameAs":["https:\/\/www.facebook.com\/buletin.de.buc","https:\/\/www.instagram.com\/buletinde.bucuresti\/"]},{"@type":"Person","@id":"https:\/\/buletin.de\/bucuresti\/#\/schema\/person\/7e46040573290777280a0835d81ea4ea","name":"Diana Matei","image":{"@type":"ImageObject","inLanguage":"en-GB","@id":"https:\/\/buletin.de\/bucuresti\/wp-content\/uploads\/9-2-96x96.jpg1e8590b30871d70e62ebcdaf2eff570c","url":"https:\/\/buletin.de\/bucuresti\/wp-content\/uploads\/9-2-96x96.jpg","contentUrl":"https:\/\/buletin.de\/bucuresti\/wp-content\/uploads\/9-2-96x96.jpg","caption":"Diana Matei"},"url":"https:\/\/buletin.de\/bucuresti\/author\/dianamatei\/"}]}},"authors":[{"term_id":22574,"user_id":49,"is_guest":0,"slug":"dianamatei","display_name":"Diana Matei","avatar_url":"https:\/\/buletin.de\/bucuresti\/wp-content\/uploads\/9-2-96x96.jpg","0":null,"1":"","2":"","3":"","4":"","5":"","6":"","7":"","8":""}],"_links":{"self":[{"href":"https:\/\/buletin.de\/bucuresti\/wp-json\/wp\/v2\/posts\/89744","targetHints":{"allow":["GET"]}}],"collection":[{"href":"https:\/\/buletin.de\/bucuresti\/wp-json\/wp\/v2\/posts"}],"about":[{"href":"https:\/\/buletin.de\/bucuresti\/wp-json\/wp\/v2\/types\/post"}],"author":[{"embeddable":true,"href":"https:\/\/buletin.de\/bucuresti\/wp-json\/wp\/v2\/users\/49"}],"replies":[{"embeddable":true,"href":"https:\/\/buletin.de\/bucuresti\/wp-json\/wp\/v2\/comments?post=89744"}],"version-history":[{"count":3,"href":"https:\/\/buletin.de\/bucuresti\/wp-json\/wp\/v2\/posts\/89744\/revisions"}],"predecessor-version":[{"id":89750,"href":"https:\/\/buletin.de\/bucuresti\/wp-json\/wp\/v2\/posts\/89744\/revisions\/89750"}],"wp:featuredmedia":[{"embeddable":true,"href":"https:\/\/buletin.de\/bucuresti\/wp-json\/wp\/v2\/media\/81697"}],"wp:attachment":[{"href":"https:\/\/buletin.de\/bucuresti\/wp-json\/wp\/v2\/media?parent=89744"}],"wp:term":[{"taxonomy":"category","embeddable":true,"href":"https:\/\/buletin.de\/bucuresti\/wp-json\/wp\/v2\/categories?post=89744"},{"taxonomy":"post_tag","embeddable":true,"href":"https:\/\/buletin.de\/bucuresti\/wp-json\/wp\/v2\/tags?post=89744"},{"taxonomy":"author","embeddable":true,"href":"https:\/\/buletin.de\/bucuresti\/wp-json\/wp\/v2\/ppma_author?post=89744"}],"curies":[{"name":"wp","href":"https:\/\/api.w.org\/{rel}","templated":true}]}}