{"id":8973,"date":"2020-07-08T13:09:57","date_gmt":"2020-07-08T10:09:57","guid":{"rendered":"https:\/\/buletin.de\/bucuresti\/?p=8973"},"modified":"2020-07-09T13:14:01","modified_gmt":"2020-07-09T10:14:01","slug":"live-text-coronavirus-bucuresti-8-iulie-2020-ziua-134-555-de-noi-cazuri-din-13-137-testari","status":"publish","type":"post","link":"https:\/\/buletin.de\/bucuresti\/live-text-coronavirus-bucuresti-8-iulie-2020-ziua-134-555-de-noi-cazuri-din-13-137-testari\/","title":{"rendered":"Record de noi cazuri. LIVE TEXT. Coronavirus \u2013 Bucure\u0219ti, 8 iulie 2020, ziua 134. 555 de noi cazuri din 13.137 test\u0103ri"},"content":{"rendered":"\n<p><em><br>Num\u0103rul de pacien\u021bi confirma\u021bi cu Covid-19 pe teritoriul Rom\u00e2niei a trecut de 30.000. Rom\u00e2nia a ie\u0219it din starea de urgen\u021b\u0103 \u0219i se afl\u0103 acum \u00een<a href=\"https:\/\/buletin.de\/bucuresti\/infografic-ce-putem-si-ce-nu-putem-face-de-pe-15-mai-masurile-finale-care-intra-in-aplicare-azi\/\">&nbsp;stare de alert\u0103<\/a> pentru o perioad\u0103 de 30 de zile. Restric\u021biile s-au relaxat iar cet\u0103\u021benii pot c\u0103l\u0103tori \u00een localitate \u0219i \u00een afara ei f\u0103r\u0103 declara\u021bie, pot merge la terase \u0219i pot participa la spectacole. Toate cu respectarea m\u0103surilor de siguran\u021b\u0103 obligatorii.<br><br>Vezi mai jos cele mai recente informa\u021bii oficiale de ast\u0103zi. Toate nout\u0103\u021bile din zilele trecute le g\u0103se\u0219ti&nbsp;<a href=\"https:\/\/buletin.de\/bucuresti\/cv\/\">aici.<\/a><\/em><\/p>\n\n\n\n<h3 class=\"has-vivid-cyan-blue-color has-text-color has-text-align-center wp-block-heading\"><strong>Iat\u0103 cifrele din spatele epidemiei de Coronavirus \u0219i actualiz\u0103ri zilnice&nbsp;\u2b07\ufe0f<\/strong><br><\/h3>\n\n\n\n<style>\n\n.full-width {\n  width: 100vw;\n  position: relative;\n  left: 50%;\n  right: 50%;\n  margin-left: -50vw;\n  margin-right: -50vw;\n}\n\n<\/style>\n\n\n\n<p><\/p>\n\n\n\n<div class=\"full-width\">\n<div class=\"infogram-embed\" data-id=\"27f09ce8-c508-413b-ac49-b60b01815be0\" data-type=\"interactive\" data-title=\"Livetext coronavirus\"><\/div><script>!function(e,i,n,s){var t=\"InfogramEmbeds\",d=e.getElementsByTagName(\"script\")[0];if(window[t]&&window[t].initialized)window[t].process&&window[t].process();else if(!e.getElementById(n)){var o=e.createElement(\"script\");o.async=1,o.id=n,o.src=\"https:\/\/e.infogram.com\/js\/dist\/embed-loader-min.js\",d.parentNode.insertBefore(o,d)}}(document,0,\"infogram-async\");<\/script>\n<\/div>\n<style>\nh2 {\nmargin-top: 150px;\nfont-size: 3em;\ntext-align: center;\n}\n<\/style>\n\n\n\n<h3 class=\"wp-block-heading\">Ora 13:00<\/h3>\n\n\n\n<p>555 de noi cazuri din 13.137 test\u0103ri.<\/p>\n\n\n\n<p>P\u00e2n\u0103 ast\u0103zi, 8 iulie, pe teritoriul Rom\u00e2niei, au fost confirmate 30.175 de cazuri de persoane infectate cu noul coronavirus (COVID \u2013 19). Dintre persoanele confirmate pozitiv, 22.284 au fost externate, dintre care 20.799 de pacien\u021bi vindeca\u021bi \u0219i 1.485 de pacien\u021bi asimptomatici, externa\u021bi la 10 zile dup\u0103 depistare.<\/p>\n\n\n\n<p>P\u00e2n\u0103 ast\u0103zi, 1.817 persoane diagnosticate cu infec\u021bie cu COVID-19 au decedat.<\/p>\n\n\n\n<p>\u00cen intervalul 07.07.2020 (10:00) \u2013 08.07.2020 (10:00) au fost \u00eenregistrate 18 decese (6 b\u0103rba\u021bi \u0219i 12 femei), ale unor pacien\u021bi infecta\u021bi cu noul coronavirus, interna\u021bi \u00een spitalele din Bra\u0219ov, D\u00e2mbovi\u021ba, Gala\u021bi, Bucure\u0219ti, Prahova, S\u0103laj, Suceava \u0219i V\u00e2lcea.<\/p>\n\n\n\n<p>Dintre acestea, 2 decese au fost \u00eenregistrate la categoria de v\u00e2rst\u0103 50-59 ani, 6 decese la categoria de v\u00e2rst\u0103 60-69 ani, 3 decese la categoria de v\u00e2rst\u0103 70-79 ani \u0219i 7 decese la persoane de peste 80 de ani.<\/p>\n\n\n\n<p>Toate decesele sunt ale unor pacien\u021bi care au prezentat comorbidit\u0103\u021bi.<\/p>\n","protected":false},"excerpt":{"rendered":"<p>Num\u0103rul de pacien\u021bi confirma\u021bi cu Covid-19 pe teritoriul Rom\u00e2niei a trecut de 30.000. Rom\u00e2nia a ie\u0219it din starea de urgen\u021b\u0103 \u0219i se afl\u0103 acum \u00een&nbsp;stare de alert\u0103 pentru o perioad\u0103 de 30 de zile. Restric\u021biile s-au relaxat iar cet\u0103\u021benii pot c\u0103l\u0103tori \u00een localitate \u0219i \u00een afara ei f\u0103r\u0103 declara\u021bie, pot merge la terase \u0219i pot [&hellip;]<\/p>\n","protected":false},"author":15,"featured_media":8981,"comment_status":"closed","ping_status":"open","sticky":false,"template":"","format":"standard","meta":{"_acf_changed":false,"inline_featured_image":false,"ngg_post_thumbnail":0,"footnotes":""},"categories":[996],"tags":[529,677],"ppma_author":[22592],"class_list":["post-8973","post","type-post","status-publish","format-standard","has-post-thumbnail","hentry","category-covid-19","tag-coronavirus","tag-livetext"],"acf":[],"yoast_head":"<!-- This site is optimized with the Yoast SEO Premium plugin v25.3 (Yoast SEO v27.4) - https:\/\/yoast.com\/product\/yoast-seo-premium-wordpress\/ -->\n<title>Record de noi cazuri. LIVE TEXT. Coronavirus \u2013 Bucure\u0219ti, 8 iulie 2020, ziua 134. 555 de noi cazuri din 13.137 test\u0103ri - Buletin de Bucure\u0219ti<\/title>\n<meta name=\"robots\" content=\"index, follow, max-snippet:-1, max-image-preview:large, max-video-preview:-1\" \/>\n<link rel=\"canonical\" href=\"https:\/\/buletin.de\/bucuresti\/live-text-coronavirus-bucuresti-8-iulie-2020-ziua-134-555-de-noi-cazuri-din-13-137-testari\/\" \/>\n<meta property=\"og:locale\" content=\"en_GB\" \/>\n<meta property=\"og:type\" content=\"article\" \/>\n<meta property=\"og:title\" content=\"Record de noi cazuri. LIVE TEXT. Coronavirus \u2013 Bucure\u0219ti, 8 iulie 2020, ziua 134. 555 de noi cazuri din 13.137 test\u0103ri\" \/>\n<meta property=\"og:description\" content=\"Num\u0103rul de pacien\u021bi confirma\u021bi cu Covid-19 pe teritoriul Rom\u00e2niei a trecut de 30.000. Rom\u00e2nia a ie\u0219it din starea de urgen\u021b\u0103 \u0219i se afl\u0103 acum \u00een&nbsp;stare de alert\u0103 pentru o perioad\u0103 de 30 de zile. Restric\u021biile s-au relaxat iar cet\u0103\u021benii pot c\u0103l\u0103tori \u00een localitate \u0219i \u00een afara ei f\u0103r\u0103 declara\u021bie, pot merge la terase \u0219i pot [&hellip;]\" \/>\n<meta property=\"og:url\" content=\"https:\/\/buletin.de\/bucuresti\/live-text-coronavirus-bucuresti-8-iulie-2020-ziua-134-555-de-noi-cazuri-din-13-137-testari\/\" \/>\n<meta property=\"og:site_name\" content=\"Buletin de Bucure\u0219ti\" \/>\n<meta property=\"article:publisher\" content=\"https:\/\/www.facebook.com\/buletin.de.buc\" \/>\n<meta property=\"article:published_time\" content=\"2020-07-08T10:09:57+00:00\" \/>\n<meta property=\"article:modified_time\" content=\"2020-07-09T10:14:01+00:00\" \/>\n<meta property=\"og:image\" content=\"https:\/\/buletin.de\/bucuresti\/wp-content\/uploads\/Screen-Shot-2020-07-08-at-13.11.02.png\" \/>\n\t<meta property=\"og:image:width\" content=\"1782\" \/>\n\t<meta property=\"og:image:height\" content=\"704\" \/>\n\t<meta property=\"og:image:type\" content=\"image\/png\" \/>\n<meta name=\"author\" content=\"Irina Anghel\" \/>\n<meta name=\"twitter:card\" content=\"summary_large_image\" \/>\n<meta name=\"twitter:label1\" content=\"Written by\" \/>\n\t<meta name=\"twitter:data1\" content=\"Irina Anghel\" \/>\n\t<meta name=\"twitter:label2\" content=\"Estimated reading time\" \/>\n\t<meta name=\"twitter:data2\" content=\"1 minute\" \/>\n<script type=\"application\/ld+json\" class=\"yoast-schema-graph\">{\"@context\":\"https:\\\/\\\/schema.org\",\"@graph\":[{\"@type\":\"Article\",\"@id\":\"https:\\\/\\\/buletin.de\\\/bucuresti\\\/live-text-coronavirus-bucuresti-8-iulie-2020-ziua-134-555-de-noi-cazuri-din-13-137-testari\\\/#article\",\"isPartOf\":{\"@id\":\"https:\\\/\\\/buletin.de\\\/bucuresti\\\/live-text-coronavirus-bucuresti-8-iulie-2020-ziua-134-555-de-noi-cazuri-din-13-137-testari\\\/\"},\"author\":{\"name\":\"Irina Anghel\",\"@id\":\"https:\\\/\\\/buletin.de\\\/bucuresti\\\/#\\\/schema\\\/person\\\/7a01591ad05c4d2c7261fe7f0383d2af\"},\"headline\":\"Record de noi cazuri. LIVE TEXT. Coronavirus \u2013 Bucure\u0219ti, 8 iulie 2020, ziua 134. 555 de noi cazuri din 13.137 test\u0103ri\",\"datePublished\":\"2020-07-08T10:09:57+00:00\",\"dateModified\":\"2020-07-09T10:14:01+00:00\",\"mainEntityOfPage\":{\"@id\":\"https:\\\/\\\/buletin.de\\\/bucuresti\\\/live-text-coronavirus-bucuresti-8-iulie-2020-ziua-134-555-de-noi-cazuri-din-13-137-testari\\\/\"},\"wordCount\":287,\"publisher\":{\"@id\":\"https:\\\/\\\/buletin.de\\\/bucuresti\\\/#organization\"},\"image\":{\"@id\":\"https:\\\/\\\/buletin.de\\\/bucuresti\\\/live-text-coronavirus-bucuresti-8-iulie-2020-ziua-134-555-de-noi-cazuri-din-13-137-testari\\\/#primaryimage\"},\"thumbnailUrl\":\"https:\\\/\\\/buletin.de\\\/bucuresti\\\/wp-content\\\/uploads\\\/Screen-Shot-2020-07-08-at-13.11.02.png\",\"keywords\":[\"coronavirus\",\"livetext\"],\"articleSection\":[\"Covid-19\"],\"inLanguage\":\"en-GB\",\"copyrightYear\":\"2020\",\"copyrightHolder\":{\"@id\":\"https:\\\/\\\/buletin.de\\\/bucuresti\\\/#organization\"}},{\"@type\":\"WebPage\",\"@id\":\"https:\\\/\\\/buletin.de\\\/bucuresti\\\/live-text-coronavirus-bucuresti-8-iulie-2020-ziua-134-555-de-noi-cazuri-din-13-137-testari\\\/\",\"url\":\"https:\\\/\\\/buletin.de\\\/bucuresti\\\/live-text-coronavirus-bucuresti-8-iulie-2020-ziua-134-555-de-noi-cazuri-din-13-137-testari\\\/\",\"name\":\"Record de noi cazuri. LIVE TEXT. Coronavirus \u2013 Bucure\u0219ti, 8 iulie 2020, ziua 134. 555 de noi cazuri din 13.137 test\u0103ri - Buletin de Bucure\u0219ti\",\"isPartOf\":{\"@id\":\"https:\\\/\\\/buletin.de\\\/bucuresti\\\/#website\"},\"primaryImageOfPage\":{\"@id\":\"https:\\\/\\\/buletin.de\\\/bucuresti\\\/live-text-coronavirus-bucuresti-8-iulie-2020-ziua-134-555-de-noi-cazuri-din-13-137-testari\\\/#primaryimage\"},\"image\":{\"@id\":\"https:\\\/\\\/buletin.de\\\/bucuresti\\\/live-text-coronavirus-bucuresti-8-iulie-2020-ziua-134-555-de-noi-cazuri-din-13-137-testari\\\/#primaryimage\"},\"thumbnailUrl\":\"https:\\\/\\\/buletin.de\\\/bucuresti\\\/wp-content\\\/uploads\\\/Screen-Shot-2020-07-08-at-13.11.02.png\",\"datePublished\":\"2020-07-08T10:09:57+00:00\",\"dateModified\":\"2020-07-09T10:14:01+00:00\",\"breadcrumb\":{\"@id\":\"https:\\\/\\\/buletin.de\\\/bucuresti\\\/live-text-coronavirus-bucuresti-8-iulie-2020-ziua-134-555-de-noi-cazuri-din-13-137-testari\\\/#breadcrumb\"},\"inLanguage\":\"en-GB\",\"potentialAction\":[{\"@type\":\"ReadAction\",\"target\":[\"https:\\\/\\\/buletin.de\\\/bucuresti\\\/live-text-coronavirus-bucuresti-8-iulie-2020-ziua-134-555-de-noi-cazuri-din-13-137-testari\\\/\"]}]},{\"@type\":\"ImageObject\",\"inLanguage\":\"en-GB\",\"@id\":\"https:\\\/\\\/buletin.de\\\/bucuresti\\\/live-text-coronavirus-bucuresti-8-iulie-2020-ziua-134-555-de-noi-cazuri-din-13-137-testari\\\/#primaryimage\",\"url\":\"https:\\\/\\\/buletin.de\\\/bucuresti\\\/wp-content\\\/uploads\\\/Screen-Shot-2020-07-08-at-13.11.02.png\",\"contentUrl\":\"https:\\\/\\\/buletin.de\\\/bucuresti\\\/wp-content\\\/uploads\\\/Screen-Shot-2020-07-08-at-13.11.02.png\",\"width\":1782,\"height\":704},{\"@type\":\"BreadcrumbList\",\"@id\":\"https:\\\/\\\/buletin.de\\\/bucuresti\\\/live-text-coronavirus-bucuresti-8-iulie-2020-ziua-134-555-de-noi-cazuri-din-13-137-testari\\\/#breadcrumb\",\"itemListElement\":[{\"@type\":\"ListItem\",\"position\":1,\"name\":\"Acas\u0103\",\"item\":\"https:\\\/\\\/buletin.de\\\/bucuresti\\\/\"},{\"@type\":\"ListItem\",\"position\":2,\"name\":\"Record de noi cazuri. LIVE TEXT. Coronavirus \u2013 Bucure\u0219ti, 8 iulie 2020, ziua 134. 555 de noi cazuri din 13.137 test\u0103ri\"}]},{\"@type\":\"WebSite\",\"@id\":\"https:\\\/\\\/buletin.de\\\/bucuresti\\\/#website\",\"url\":\"https:\\\/\\\/buletin.de\\\/bucuresti\\\/\",\"name\":\"Buletin de Bucure\u0219ti\",\"description\":\"\u0218tiri \u0219i investiga\u021bii esen\u021biale din capital\u0103\",\"publisher\":{\"@id\":\"https:\\\/\\\/buletin.de\\\/bucuresti\\\/#organization\"},\"potentialAction\":[{\"@type\":\"SearchAction\",\"target\":{\"@type\":\"EntryPoint\",\"urlTemplate\":\"https:\\\/\\\/buletin.de\\\/bucuresti\\\/?s={search_term_string}\"},\"query-input\":{\"@type\":\"PropertyValueSpecification\",\"valueRequired\":true,\"valueName\":\"search_term_string\"}}],\"inLanguage\":\"en-GB\"},{\"@type\":\"Organization\",\"@id\":\"https:\\\/\\\/buletin.de\\\/bucuresti\\\/#organization\",\"name\":\"Buletin de Bucure\u0219ti\",\"url\":\"https:\\\/\\\/buletin.de\\\/bucuresti\\\/\",\"logo\":{\"@type\":\"ImageObject\",\"inLanguage\":\"en-GB\",\"@id\":\"https:\\\/\\\/buletin.de\\\/bucuresti\\\/#\\\/schema\\\/logo\\\/image\\\/\",\"url\":\"https:\\\/\\\/buletin.de\\\/bucuresti\\\/wp-content\\\/uploads\\\/logo-bdb-full-wide-vernil-transparent.png\",\"contentUrl\":\"https:\\\/\\\/buletin.de\\\/bucuresti\\\/wp-content\\\/uploads\\\/logo-bdb-full-wide-vernil-transparent.png\",\"width\":1782,\"height\":626,\"caption\":\"Buletin de Bucure\u0219ti\"},\"image\":{\"@id\":\"https:\\\/\\\/buletin.de\\\/bucuresti\\\/#\\\/schema\\\/logo\\\/image\\\/\"},\"sameAs\":[\"https:\\\/\\\/www.facebook.com\\\/buletin.de.buc\",\"https:\\\/\\\/www.instagram.com\\\/buletinde.bucuresti\\\/\"]},{\"@type\":\"Person\",\"@id\":\"https:\\\/\\\/buletin.de\\\/bucuresti\\\/#\\\/schema\\\/person\\\/7a01591ad05c4d2c7261fe7f0383d2af\",\"name\":\"Irina Anghel\",\"image\":{\"@type\":\"ImageObject\",\"inLanguage\":\"en-GB\",\"@id\":\"https:\\\/\\\/secure.gravatar.com\\\/avatar\\\/e7d429cbd0c7fe915f817961c0ffb96b407bc87e15aa35cee85f77146f8cce7e?s=96&d=monsterid&r=g693374df2a66e3f4935d210ea15b95ff\",\"url\":\"https:\\\/\\\/secure.gravatar.com\\\/avatar\\\/e7d429cbd0c7fe915f817961c0ffb96b407bc87e15aa35cee85f77146f8cce7e?s=96&d=monsterid&r=g\",\"contentUrl\":\"https:\\\/\\\/secure.gravatar.com\\\/avatar\\\/e7d429cbd0c7fe915f817961c0ffb96b407bc87e15aa35cee85f77146f8cce7e?s=96&d=monsterid&r=g\",\"caption\":\"Irina Anghel\"},\"url\":\"https:\\\/\\\/buletin.de\\\/bucuresti\\\/author\\\/irina\\\/\"}]}<\/script>\n<!-- \/ Yoast SEO Premium plugin. -->","yoast_head_json":{"title":"Record de noi cazuri. LIVE TEXT. Coronavirus \u2013 Bucure\u0219ti, 8 iulie 2020, ziua 134. 555 de noi cazuri din 13.137 test\u0103ri - Buletin de Bucure\u0219ti","robots":{"index":"index","follow":"follow","max-snippet":"max-snippet:-1","max-image-preview":"max-image-preview:large","max-video-preview":"max-video-preview:-1"},"canonical":"https:\/\/buletin.de\/bucuresti\/live-text-coronavirus-bucuresti-8-iulie-2020-ziua-134-555-de-noi-cazuri-din-13-137-testari\/","og_locale":"en_GB","og_type":"article","og_title":"Record de noi cazuri. LIVE TEXT. Coronavirus \u2013 Bucure\u0219ti, 8 iulie 2020, ziua 134. 555 de noi cazuri din 13.137 test\u0103ri","og_description":"Num\u0103rul de pacien\u021bi confirma\u021bi cu Covid-19 pe teritoriul Rom\u00e2niei a trecut de 30.000. Rom\u00e2nia a ie\u0219it din starea de urgen\u021b\u0103 \u0219i se afl\u0103 acum \u00een&nbsp;stare de alert\u0103 pentru o perioad\u0103 de 30 de zile. Restric\u021biile s-au relaxat iar cet\u0103\u021benii pot c\u0103l\u0103tori \u00een localitate \u0219i \u00een afara ei f\u0103r\u0103 declara\u021bie, pot merge la terase \u0219i pot [&hellip;]","og_url":"https:\/\/buletin.de\/bucuresti\/live-text-coronavirus-bucuresti-8-iulie-2020-ziua-134-555-de-noi-cazuri-din-13-137-testari\/","og_site_name":"Buletin de Bucure\u0219ti","article_publisher":"https:\/\/www.facebook.com\/buletin.de.buc","article_published_time":"2020-07-08T10:09:57+00:00","article_modified_time":"2020-07-09T10:14:01+00:00","og_image":[{"width":1782,"height":704,"url":"https:\/\/buletin.de\/bucuresti\/wp-content\/uploads\/Screen-Shot-2020-07-08-at-13.11.02.png","type":"image\/png"}],"author":"Irina Anghel","twitter_card":"summary_large_image","twitter_misc":{"Written by":"Irina Anghel","Estimated reading time":"1 minute"},"schema":{"@context":"https:\/\/schema.org","@graph":[{"@type":"Article","@id":"https:\/\/buletin.de\/bucuresti\/live-text-coronavirus-bucuresti-8-iulie-2020-ziua-134-555-de-noi-cazuri-din-13-137-testari\/#article","isPartOf":{"@id":"https:\/\/buletin.de\/bucuresti\/live-text-coronavirus-bucuresti-8-iulie-2020-ziua-134-555-de-noi-cazuri-din-13-137-testari\/"},"author":{"name":"Irina Anghel","@id":"https:\/\/buletin.de\/bucuresti\/#\/schema\/person\/7a01591ad05c4d2c7261fe7f0383d2af"},"headline":"Record de noi cazuri. LIVE TEXT. Coronavirus \u2013 Bucure\u0219ti, 8 iulie 2020, ziua 134. 555 de noi cazuri din 13.137 test\u0103ri","datePublished":"2020-07-08T10:09:57+00:00","dateModified":"2020-07-09T10:14:01+00:00","mainEntityOfPage":{"@id":"https:\/\/buletin.de\/bucuresti\/live-text-coronavirus-bucuresti-8-iulie-2020-ziua-134-555-de-noi-cazuri-din-13-137-testari\/"},"wordCount":287,"publisher":{"@id":"https:\/\/buletin.de\/bucuresti\/#organization"},"image":{"@id":"https:\/\/buletin.de\/bucuresti\/live-text-coronavirus-bucuresti-8-iulie-2020-ziua-134-555-de-noi-cazuri-din-13-137-testari\/#primaryimage"},"thumbnailUrl":"https:\/\/buletin.de\/bucuresti\/wp-content\/uploads\/Screen-Shot-2020-07-08-at-13.11.02.png","keywords":["coronavirus","livetext"],"articleSection":["Covid-19"],"inLanguage":"en-GB","copyrightYear":"2020","copyrightHolder":{"@id":"https:\/\/buletin.de\/bucuresti\/#organization"}},{"@type":"WebPage","@id":"https:\/\/buletin.de\/bucuresti\/live-text-coronavirus-bucuresti-8-iulie-2020-ziua-134-555-de-noi-cazuri-din-13-137-testari\/","url":"https:\/\/buletin.de\/bucuresti\/live-text-coronavirus-bucuresti-8-iulie-2020-ziua-134-555-de-noi-cazuri-din-13-137-testari\/","name":"Record de noi cazuri. LIVE TEXT. Coronavirus \u2013 Bucure\u0219ti, 8 iulie 2020, ziua 134. 555 de noi cazuri din 13.137 test\u0103ri - Buletin de Bucure\u0219ti","isPartOf":{"@id":"https:\/\/buletin.de\/bucuresti\/#website"},"primaryImageOfPage":{"@id":"https:\/\/buletin.de\/bucuresti\/live-text-coronavirus-bucuresti-8-iulie-2020-ziua-134-555-de-noi-cazuri-din-13-137-testari\/#primaryimage"},"image":{"@id":"https:\/\/buletin.de\/bucuresti\/live-text-coronavirus-bucuresti-8-iulie-2020-ziua-134-555-de-noi-cazuri-din-13-137-testari\/#primaryimage"},"thumbnailUrl":"https:\/\/buletin.de\/bucuresti\/wp-content\/uploads\/Screen-Shot-2020-07-08-at-13.11.02.png","datePublished":"2020-07-08T10:09:57+00:00","dateModified":"2020-07-09T10:14:01+00:00","breadcrumb":{"@id":"https:\/\/buletin.de\/bucuresti\/live-text-coronavirus-bucuresti-8-iulie-2020-ziua-134-555-de-noi-cazuri-din-13-137-testari\/#breadcrumb"},"inLanguage":"en-GB","potentialAction":[{"@type":"ReadAction","target":["https:\/\/buletin.de\/bucuresti\/live-text-coronavirus-bucuresti-8-iulie-2020-ziua-134-555-de-noi-cazuri-din-13-137-testari\/"]}]},{"@type":"ImageObject","inLanguage":"en-GB","@id":"https:\/\/buletin.de\/bucuresti\/live-text-coronavirus-bucuresti-8-iulie-2020-ziua-134-555-de-noi-cazuri-din-13-137-testari\/#primaryimage","url":"https:\/\/buletin.de\/bucuresti\/wp-content\/uploads\/Screen-Shot-2020-07-08-at-13.11.02.png","contentUrl":"https:\/\/buletin.de\/bucuresti\/wp-content\/uploads\/Screen-Shot-2020-07-08-at-13.11.02.png","width":1782,"height":704},{"@type":"BreadcrumbList","@id":"https:\/\/buletin.de\/bucuresti\/live-text-coronavirus-bucuresti-8-iulie-2020-ziua-134-555-de-noi-cazuri-din-13-137-testari\/#breadcrumb","itemListElement":[{"@type":"ListItem","position":1,"name":"Acas\u0103","item":"https:\/\/buletin.de\/bucuresti\/"},{"@type":"ListItem","position":2,"name":"Record de noi cazuri. LIVE TEXT. Coronavirus \u2013 Bucure\u0219ti, 8 iulie 2020, ziua 134. 555 de noi cazuri din 13.137 test\u0103ri"}]},{"@type":"WebSite","@id":"https:\/\/buletin.de\/bucuresti\/#website","url":"https:\/\/buletin.de\/bucuresti\/","name":"Buletin de Bucure\u0219ti","description":"\u0218tiri \u0219i investiga\u021bii esen\u021biale din capital\u0103","publisher":{"@id":"https:\/\/buletin.de\/bucuresti\/#organization"},"potentialAction":[{"@type":"SearchAction","target":{"@type":"EntryPoint","urlTemplate":"https:\/\/buletin.de\/bucuresti\/?s={search_term_string}"},"query-input":{"@type":"PropertyValueSpecification","valueRequired":true,"valueName":"search_term_string"}}],"inLanguage":"en-GB"},{"@type":"Organization","@id":"https:\/\/buletin.de\/bucuresti\/#organization","name":"Buletin de Bucure\u0219ti","url":"https:\/\/buletin.de\/bucuresti\/","logo":{"@type":"ImageObject","inLanguage":"en-GB","@id":"https:\/\/buletin.de\/bucuresti\/#\/schema\/logo\/image\/","url":"https:\/\/buletin.de\/bucuresti\/wp-content\/uploads\/logo-bdb-full-wide-vernil-transparent.png","contentUrl":"https:\/\/buletin.de\/bucuresti\/wp-content\/uploads\/logo-bdb-full-wide-vernil-transparent.png","width":1782,"height":626,"caption":"Buletin de Bucure\u0219ti"},"image":{"@id":"https:\/\/buletin.de\/bucuresti\/#\/schema\/logo\/image\/"},"sameAs":["https:\/\/www.facebook.com\/buletin.de.buc","https:\/\/www.instagram.com\/buletinde.bucuresti\/"]},{"@type":"Person","@id":"https:\/\/buletin.de\/bucuresti\/#\/schema\/person\/7a01591ad05c4d2c7261fe7f0383d2af","name":"Irina Anghel","image":{"@type":"ImageObject","inLanguage":"en-GB","@id":"https:\/\/secure.gravatar.com\/avatar\/e7d429cbd0c7fe915f817961c0ffb96b407bc87e15aa35cee85f77146f8cce7e?s=96&d=monsterid&r=g693374df2a66e3f4935d210ea15b95ff","url":"https:\/\/secure.gravatar.com\/avatar\/e7d429cbd0c7fe915f817961c0ffb96b407bc87e15aa35cee85f77146f8cce7e?s=96&d=monsterid&r=g","contentUrl":"https:\/\/secure.gravatar.com\/avatar\/e7d429cbd0c7fe915f817961c0ffb96b407bc87e15aa35cee85f77146f8cce7e?s=96&d=monsterid&r=g","caption":"Irina Anghel"},"url":"https:\/\/buletin.de\/bucuresti\/author\/irina\/"}]}},"authors":[{"term_id":22592,"user_id":15,"is_guest":0,"slug":"irina","display_name":"Irina Anghel","avatar_url":"https:\/\/secure.gravatar.com\/avatar\/e7d429cbd0c7fe915f817961c0ffb96b407bc87e15aa35cee85f77146f8cce7e?s=96&d=monsterid&r=g","0":null,"1":"","2":"","3":"","4":"","5":"","6":"","7":"","8":""}],"_links":{"self":[{"href":"https:\/\/buletin.de\/bucuresti\/wp-json\/wp\/v2\/posts\/8973","targetHints":{"allow":["GET"]}}],"collection":[{"href":"https:\/\/buletin.de\/bucuresti\/wp-json\/wp\/v2\/posts"}],"about":[{"href":"https:\/\/buletin.de\/bucuresti\/wp-json\/wp\/v2\/types\/post"}],"author":[{"embeddable":true,"href":"https:\/\/buletin.de\/bucuresti\/wp-json\/wp\/v2\/users\/15"}],"replies":[{"embeddable":true,"href":"https:\/\/buletin.de\/bucuresti\/wp-json\/wp\/v2\/comments?post=8973"}],"version-history":[{"count":6,"href":"https:\/\/buletin.de\/bucuresti\/wp-json\/wp\/v2\/posts\/8973\/revisions"}],"predecessor-version":[{"id":8983,"href":"https:\/\/buletin.de\/bucuresti\/wp-json\/wp\/v2\/posts\/8973\/revisions\/8983"}],"wp:featuredmedia":[{"embeddable":true,"href":"https:\/\/buletin.de\/bucuresti\/wp-json\/wp\/v2\/media\/8981"}],"wp:attachment":[{"href":"https:\/\/buletin.de\/bucuresti\/wp-json\/wp\/v2\/media?parent=8973"}],"wp:term":[{"taxonomy":"category","embeddable":true,"href":"https:\/\/buletin.de\/bucuresti\/wp-json\/wp\/v2\/categories?post=8973"},{"taxonomy":"post_tag","embeddable":true,"href":"https:\/\/buletin.de\/bucuresti\/wp-json\/wp\/v2\/tags?post=8973"},{"taxonomy":"author","embeddable":true,"href":"https:\/\/buletin.de\/bucuresti\/wp-json\/wp\/v2\/ppma_author?post=8973"}],"curies":[{"name":"wp","href":"https:\/\/api.w.org\/{rel}","templated":true}]}}