{"id":89678,"date":"2024-07-01T10:47:18","date_gmt":"2024-07-01T07:47:18","guid":{"rendered":"https:\/\/buletin.de\/bucuresti\/?p=89678"},"modified":"2024-07-01T10:47:18","modified_gmt":"2024-07-01T07:47:18","slug":"ham-grija-de-tine-terapie-cu-catei-in-spitalele-din-ilfov","status":"publish","type":"post","link":"https:\/\/buletin.de\/bucuresti\/ham-grija-de-tine-terapie-cu-catei-in-spitalele-din-ilfov\/","title":{"rendered":"\u201eHAM grij\u0103 de tine!\u201d, terapie cu c\u0103\u021bei \u00een spitalele din Ilfov"},"content":{"rendered":"\n<p><strong>C\u00e2inii de terapie vor vizita periodic pacien\u021bii Spitalului Jude\u021bean Ilfov, Spitalul de Obstetric\u0103 \u015fi Ginecologie Buftea \u015fi Spitalul de Psihiatrie \u201eEftimie Diamandescu&#8221;, printr-un proiect nemai\u00eent\u00e2lnit. O  \u0219edin\u021b\u0103 de acest fel dureaz\u0103 \u00een jur de o or\u0103. Proiectul este implementat de c\u0103tre Consiliul Jude\u0163ean Ilfov, prin Biroul Protec\u0163ia Animalelor, \u00een colaborare cu Asocia\u0163ia Clubul C\u00e2inilor Utilitari, anun\u021b\u0103 <a href=\"https:\/\/www.agerpres.ro\/comunicate\/2024\/07\/01\/comunicat-de-presa-consiliul-judetean-ilfov--1320799\">Agerpres<\/a>.\u00a0<\/strong><\/p>\n\n\n\n<p>\u201eTerapeu\u021bii\u201d canini sunt antrena\u021bi special, sunt evalua\u021bi des, iar mul\u021bi dintre ei sunt salva\u021bi de pe str\u0103zi. \u0218edin\u021bele de terapie cu c\u00e2inii pot aduce beneficii fizice \u0219i emo\u021bionale, iar prin ridicarea moralului, pacien\u021bii pot s\u0103 u\u0219ureze procesul de vindecare.\u00a0<\/p>\n\n\n\n<blockquote class=\"wp-block-quote is-layout-flow wp-block-quote-is-layout-flow\">\n<p>Terapia Asistat\u0103 de Animale (TAA) reduce stresul \u015fi anxietatea, \u00eembun\u0103t\u0103\u0163e\u015fte starea de spirit, cre\u015fte stima de sine, \u00eembun\u0103t\u0103\u0163e\u015fte abilit\u0103\u0163ile sociale (comunicare, empatie), reduce sentimentul de izolare, ne ajut\u0103 s\u0103 ne concentr\u0103m mai bine \u015fi, evident, \u00eenseamn\u0103 acceptare \u015fi iubire necondi\u0163ionate. Vorbim numai de beneficii \u015fi ne bucur\u0103m enorm s\u0103 vedem c\u0103 statul \u00eencepe s\u0103 fac\u0103 mai mult. Ne dorim ca acest proiect s\u0103 devin\u0103 un exemplu de bune practici.<\/p>\n<cite>Luciana Manole, psiholog Clubul C\u00e2inilor Utilitari<\/cite><\/blockquote>\n\n\n\n<p>Ideea unei terapii cu ajutorul patrupezilor este inspirat\u0103 din str\u0103in\u0103tate, iar \u00een unele locuri, c\u00e2inii de terapie sunt nelipsi\u021bi \u00een procesul tratamentului.<\/p>\n\n\n\n<p><em>\u201eAm preluat acest proiect de peste hotare. Recent, s-a implementat ceva similar \u00een Spania, la nivel de sistem public. Exist\u0103 \u015fi \u00een Marea Britanie, \u00een Statele Unite ale Americii. \u00cen multe state, c\u00e2inii de terapie sunt deja parte integrant\u0103 a tratamentului medical. Nu trebuie s\u0103 ne fie ru\u015fine s\u0103 ne uit\u0103m la al\u0163ii cum fac \u015fi s\u0103 prelu\u0103m \u015fi noi. E ceva complet normal. Toat\u0103 lumea a primit aceast\u0103 idee cu entuziasm, nu e nicio implicare financiar\u0103. Practic, nu ne cost\u0103 nimic s\u0103 facem bine&#8221;<\/em>, comunic\u0103 \u0219eful Biroului Protec\u021bia Animalelor, Teodora Hilde, citat\u0103 de Agerpres.\u00a0<\/p>\n\n\n\n<p>Totu\u0219i, nu este prima ini\u021biativ\u0103 de acest fel, Spitalul de Psihiatrie \u201eEftimie Diamandescu&#8221; a mai reu\u0219it s\u0103 integreze programe de terapie care implicau interac\u021biunea om-c\u00e2ine, cu ajutorul Asocia\u021biei Partners and Friends.&nbsp;<\/p>\n","protected":false},"excerpt":{"rendered":"<p>C\u00e2inii de terapie vor vizita periodic pacien\u021bii Spitalului Jude\u021bean Ilfov, Spitalul de Obstetric\u0103 \u015fi Ginecologie Buftea \u015fi Spitalul de Psihiatrie \u201eEftimie Diamandescu&#8221;, printr-un proiect nemai\u00eent\u00e2lnit. O \u0219edin\u021b\u0103 de acest fel dureaz\u0103 \u00een jur de o or\u0103. Proiectul este implementat de c\u0103tre Consiliul Jude\u0163ean Ilfov, prin Biroul Protec\u0163ia Animalelor, \u00een colaborare cu Asocia\u0163ia Clubul C\u00e2inilor Utilitari, [&hellip;]<\/p>\n","protected":false},"author":58,"featured_media":89679,"comment_status":"closed","ping_status":"open","sticky":false,"template":"","format":"standard","meta":{"_acf_changed":false,"inline_featured_image":false,"ngg_post_thumbnail":0,"footnotes":""},"categories":[6994,5762,4],"tags":[820,11,13137],"ppma_author":[22581],"class_list":["post-89678","post","type-post","status-publish","format-standard","has-post-thumbnail","hentry","category-stiri-2","category-main","category-sanatate","tag-ilfov","tag-spitale","tag-terapie-cu-caini"],"acf":[],"yoast_head":"<!-- This site is optimized with the Yoast SEO Premium plugin v25.3 (Yoast SEO v27.4) - https:\/\/yoast.com\/product\/yoast-seo-premium-wordpress\/ -->\n<title>\u201eHAM grij\u0103 de tine!\u201d, terapie cu c\u0103\u021bei \u00een spitalele din Ilfov - Buletin de Bucure\u0219ti<\/title>\n<meta name=\"robots\" content=\"index, follow, max-snippet:-1, max-image-preview:large, max-video-preview:-1\" \/>\n<link rel=\"canonical\" href=\"https:\/\/buletin.de\/bucuresti\/ham-grija-de-tine-terapie-cu-catei-in-spitalele-din-ilfov\/\" \/>\n<meta property=\"og:locale\" content=\"en_GB\" \/>\n<meta property=\"og:type\" content=\"article\" \/>\n<meta property=\"og:title\" content=\"\u201eHAM grij\u0103 de tine!\u201d, terapie cu c\u0103\u021bei \u00een spitalele din Ilfov\" \/>\n<meta property=\"og:description\" content=\"C\u00e2inii de terapie vor vizita periodic pacien\u021bii Spitalului Jude\u021bean Ilfov, Spitalul de Obstetric\u0103 \u015fi Ginecologie Buftea \u015fi Spitalul de Psihiatrie \u201eEftimie Diamandescu&#8221;, printr-un proiect nemai\u00eent\u00e2lnit. O \u0219edin\u021b\u0103 de acest fel dureaz\u0103 \u00een jur de o or\u0103. Proiectul este implementat de c\u0103tre Consiliul Jude\u0163ean Ilfov, prin Biroul Protec\u0163ia Animalelor, \u00een colaborare cu Asocia\u0163ia Clubul C\u00e2inilor Utilitari, [&hellip;]\" \/>\n<meta property=\"og:url\" content=\"https:\/\/buletin.de\/bucuresti\/ham-grija-de-tine-terapie-cu-catei-in-spitalele-din-ilfov\/\" \/>\n<meta property=\"og:site_name\" content=\"Buletin de Bucure\u0219ti\" \/>\n<meta property=\"article:publisher\" content=\"https:\/\/www.facebook.com\/buletin.de.buc\" \/>\n<meta property=\"article:published_time\" content=\"2024-07-01T07:47:18+00:00\" \/>\n<meta property=\"og:image\" content=\"https:\/\/buletin.de\/bucuresti\/wp-content\/uploads\/36166-1.jpg\" \/>\n\t<meta property=\"og:image:width\" content=\"2000\" \/>\n\t<meta property=\"og:image:height\" content=\"1333\" \/>\n\t<meta property=\"og:image:type\" content=\"image\/jpeg\" \/>\n<meta name=\"author\" content=\"Ana Anghel-Dimache\" \/>\n<meta name=\"twitter:card\" content=\"summary_large_image\" \/>\n<meta name=\"twitter:label1\" content=\"Written by\" \/>\n\t<meta name=\"twitter:data1\" content=\"Ana Anghel-Dimache\" \/>\n\t<meta name=\"twitter:label2\" content=\"Estimated reading time\" \/>\n\t<meta name=\"twitter:data2\" content=\"2 minutes\" \/>\n<script type=\"application\/ld+json\" class=\"yoast-schema-graph\">{\"@context\":\"https:\\\/\\\/schema.org\",\"@graph\":[{\"@type\":\"Article\",\"@id\":\"https:\\\/\\\/buletin.de\\\/bucuresti\\\/ham-grija-de-tine-terapie-cu-catei-in-spitalele-din-ilfov\\\/#article\",\"isPartOf\":{\"@id\":\"https:\\\/\\\/buletin.de\\\/bucuresti\\\/ham-grija-de-tine-terapie-cu-catei-in-spitalele-din-ilfov\\\/\"},\"author\":{\"name\":\"Ana Anghel-Dimache\",\"@id\":\"https:\\\/\\\/buletin.de\\\/bucuresti\\\/#\\\/schema\\\/person\\\/359459245996e200ed7c807f71f0551a\"},\"headline\":\"\u201eHAM grij\u0103 de tine!\u201d, terapie cu c\u0103\u021bei \u00een spitalele din Ilfov\",\"datePublished\":\"2024-07-01T07:47:18+00:00\",\"mainEntityOfPage\":{\"@id\":\"https:\\\/\\\/buletin.de\\\/bucuresti\\\/ham-grija-de-tine-terapie-cu-catei-in-spitalele-din-ilfov\\\/\"},\"wordCount\":381,\"publisher\":{\"@id\":\"https:\\\/\\\/buletin.de\\\/bucuresti\\\/#organization\"},\"image\":{\"@id\":\"https:\\\/\\\/buletin.de\\\/bucuresti\\\/ham-grija-de-tine-terapie-cu-catei-in-spitalele-din-ilfov\\\/#primaryimage\"},\"thumbnailUrl\":\"https:\\\/\\\/buletin.de\\\/bucuresti\\\/wp-content\\\/uploads\\\/36166-1.jpg\",\"keywords\":[\"Ilfov\",\"spitale\",\"terapie cu c\u00e2ini\"],\"articleSection\":[\"Articole\",\"Main\",\"S\u0103n\u0103tate\"],\"inLanguage\":\"en-GB\",\"copyrightYear\":\"2024\",\"copyrightHolder\":{\"@id\":\"https:\\\/\\\/buletin.de\\\/bucuresti\\\/#organization\"}},{\"@type\":\"WebPage\",\"@id\":\"https:\\\/\\\/buletin.de\\\/bucuresti\\\/ham-grija-de-tine-terapie-cu-catei-in-spitalele-din-ilfov\\\/\",\"url\":\"https:\\\/\\\/buletin.de\\\/bucuresti\\\/ham-grija-de-tine-terapie-cu-catei-in-spitalele-din-ilfov\\\/\",\"name\":\"\u201eHAM grij\u0103 de tine!\u201d, terapie cu c\u0103\u021bei \u00een spitalele din Ilfov - Buletin de Bucure\u0219ti\",\"isPartOf\":{\"@id\":\"https:\\\/\\\/buletin.de\\\/bucuresti\\\/#website\"},\"primaryImageOfPage\":{\"@id\":\"https:\\\/\\\/buletin.de\\\/bucuresti\\\/ham-grija-de-tine-terapie-cu-catei-in-spitalele-din-ilfov\\\/#primaryimage\"},\"image\":{\"@id\":\"https:\\\/\\\/buletin.de\\\/bucuresti\\\/ham-grija-de-tine-terapie-cu-catei-in-spitalele-din-ilfov\\\/#primaryimage\"},\"thumbnailUrl\":\"https:\\\/\\\/buletin.de\\\/bucuresti\\\/wp-content\\\/uploads\\\/36166-1.jpg\",\"datePublished\":\"2024-07-01T07:47:18+00:00\",\"breadcrumb\":{\"@id\":\"https:\\\/\\\/buletin.de\\\/bucuresti\\\/ham-grija-de-tine-terapie-cu-catei-in-spitalele-din-ilfov\\\/#breadcrumb\"},\"inLanguage\":\"en-GB\",\"potentialAction\":[{\"@type\":\"ReadAction\",\"target\":[\"https:\\\/\\\/buletin.de\\\/bucuresti\\\/ham-grija-de-tine-terapie-cu-catei-in-spitalele-din-ilfov\\\/\"]}]},{\"@type\":\"ImageObject\",\"inLanguage\":\"en-GB\",\"@id\":\"https:\\\/\\\/buletin.de\\\/bucuresti\\\/ham-grija-de-tine-terapie-cu-catei-in-spitalele-din-ilfov\\\/#primaryimage\",\"url\":\"https:\\\/\\\/buletin.de\\\/bucuresti\\\/wp-content\\\/uploads\\\/36166-1.jpg\",\"contentUrl\":\"https:\\\/\\\/buletin.de\\\/bucuresti\\\/wp-content\\\/uploads\\\/36166-1.jpg\",\"width\":2000,\"height\":1333,\"caption\":\"FOTO: freepik.com\"},{\"@type\":\"BreadcrumbList\",\"@id\":\"https:\\\/\\\/buletin.de\\\/bucuresti\\\/ham-grija-de-tine-terapie-cu-catei-in-spitalele-din-ilfov\\\/#breadcrumb\",\"itemListElement\":[{\"@type\":\"ListItem\",\"position\":1,\"name\":\"Acas\u0103\",\"item\":\"https:\\\/\\\/buletin.de\\\/bucuresti\\\/\"},{\"@type\":\"ListItem\",\"position\":2,\"name\":\"\u201eHAM grij\u0103 de tine!\u201d, terapie cu c\u0103\u021bei \u00een spitalele din Ilfov\"}]},{\"@type\":\"WebSite\",\"@id\":\"https:\\\/\\\/buletin.de\\\/bucuresti\\\/#website\",\"url\":\"https:\\\/\\\/buletin.de\\\/bucuresti\\\/\",\"name\":\"Buletin de Bucure\u0219ti\",\"description\":\"\u0218tiri \u0219i investiga\u021bii esen\u021biale din capital\u0103\",\"publisher\":{\"@id\":\"https:\\\/\\\/buletin.de\\\/bucuresti\\\/#organization\"},\"potentialAction\":[{\"@type\":\"SearchAction\",\"target\":{\"@type\":\"EntryPoint\",\"urlTemplate\":\"https:\\\/\\\/buletin.de\\\/bucuresti\\\/?s={search_term_string}\"},\"query-input\":{\"@type\":\"PropertyValueSpecification\",\"valueRequired\":true,\"valueName\":\"search_term_string\"}}],\"inLanguage\":\"en-GB\"},{\"@type\":\"Organization\",\"@id\":\"https:\\\/\\\/buletin.de\\\/bucuresti\\\/#organization\",\"name\":\"Buletin de Bucure\u0219ti\",\"url\":\"https:\\\/\\\/buletin.de\\\/bucuresti\\\/\",\"logo\":{\"@type\":\"ImageObject\",\"inLanguage\":\"en-GB\",\"@id\":\"https:\\\/\\\/buletin.de\\\/bucuresti\\\/#\\\/schema\\\/logo\\\/image\\\/\",\"url\":\"https:\\\/\\\/buletin.de\\\/bucuresti\\\/wp-content\\\/uploads\\\/logo-bdb-full-wide-vernil-transparent.png\",\"contentUrl\":\"https:\\\/\\\/buletin.de\\\/bucuresti\\\/wp-content\\\/uploads\\\/logo-bdb-full-wide-vernil-transparent.png\",\"width\":1782,\"height\":626,\"caption\":\"Buletin de Bucure\u0219ti\"},\"image\":{\"@id\":\"https:\\\/\\\/buletin.de\\\/bucuresti\\\/#\\\/schema\\\/logo\\\/image\\\/\"},\"sameAs\":[\"https:\\\/\\\/www.facebook.com\\\/buletin.de.buc\",\"https:\\\/\\\/www.instagram.com\\\/buletinde.bucuresti\\\/\"]},{\"@type\":\"Person\",\"@id\":\"https:\\\/\\\/buletin.de\\\/bucuresti\\\/#\\\/schema\\\/person\\\/359459245996e200ed7c807f71f0551a\",\"name\":\"Ana Anghel-Dimache\",\"image\":{\"@type\":\"ImageObject\",\"inLanguage\":\"en-GB\",\"@id\":\"https:\\\/\\\/buletin.de\\\/bucuresti\\\/wp-content\\\/uploads\\\/Ana-Anghel-Dimache-96x96.jpg861145fc2c4f1fe57dc81b59a6cfb674\",\"url\":\"https:\\\/\\\/buletin.de\\\/bucuresti\\\/wp-content\\\/uploads\\\/Ana-Anghel-Dimache-96x96.jpg\",\"contentUrl\":\"https:\\\/\\\/buletin.de\\\/bucuresti\\\/wp-content\\\/uploads\\\/Ana-Anghel-Dimache-96x96.jpg\",\"caption\":\"Ana Anghel-Dimache\"},\"description\":\"Sunt student\u0103 la jurnalism \u0219i m-am n\u0103scut \u00een Bucure\u0219ti, ora\u0219 plin de pove\u0219ti care merit\u0103 explorate. \u00cemi place s\u0103 scriu despre subiecte politice, de mediu \u0219i legate de transportul din Capital\u0103. \u00cencerc s\u0103 pictez o imagine c\u00e2t mai sincer\u0103 a realit\u0103\u021bii \u0219i sus\u021bin presa independent\u0103 pentru c\u0103 este esen\u021bial s\u0103 pot reda faptele \u00een formele lor adev\u0103rate.\",\"url\":\"https:\\\/\\\/buletin.de\\\/bucuresti\\\/author\\\/ana-dimache\\\/\"}]}<\/script>\n<!-- \/ Yoast SEO Premium plugin. -->","yoast_head_json":{"title":"\u201eHAM grij\u0103 de tine!\u201d, terapie cu c\u0103\u021bei \u00een spitalele din Ilfov - Buletin de Bucure\u0219ti","robots":{"index":"index","follow":"follow","max-snippet":"max-snippet:-1","max-image-preview":"max-image-preview:large","max-video-preview":"max-video-preview:-1"},"canonical":"https:\/\/buletin.de\/bucuresti\/ham-grija-de-tine-terapie-cu-catei-in-spitalele-din-ilfov\/","og_locale":"en_GB","og_type":"article","og_title":"\u201eHAM grij\u0103 de tine!\u201d, terapie cu c\u0103\u021bei \u00een spitalele din Ilfov","og_description":"C\u00e2inii de terapie vor vizita periodic pacien\u021bii Spitalului Jude\u021bean Ilfov, Spitalul de Obstetric\u0103 \u015fi Ginecologie Buftea \u015fi Spitalul de Psihiatrie \u201eEftimie Diamandescu&#8221;, printr-un proiect nemai\u00eent\u00e2lnit. O \u0219edin\u021b\u0103 de acest fel dureaz\u0103 \u00een jur de o or\u0103. Proiectul este implementat de c\u0103tre Consiliul Jude\u0163ean Ilfov, prin Biroul Protec\u0163ia Animalelor, \u00een colaborare cu Asocia\u0163ia Clubul C\u00e2inilor Utilitari, [&hellip;]","og_url":"https:\/\/buletin.de\/bucuresti\/ham-grija-de-tine-terapie-cu-catei-in-spitalele-din-ilfov\/","og_site_name":"Buletin de Bucure\u0219ti","article_publisher":"https:\/\/www.facebook.com\/buletin.de.buc","article_published_time":"2024-07-01T07:47:18+00:00","og_image":[{"width":2000,"height":1333,"url":"https:\/\/buletin.de\/bucuresti\/wp-content\/uploads\/36166-1.jpg","type":"image\/jpeg"}],"author":"Ana Anghel-Dimache","twitter_card":"summary_large_image","twitter_misc":{"Written by":"Ana Anghel-Dimache","Estimated reading time":"2 minutes"},"schema":{"@context":"https:\/\/schema.org","@graph":[{"@type":"Article","@id":"https:\/\/buletin.de\/bucuresti\/ham-grija-de-tine-terapie-cu-catei-in-spitalele-din-ilfov\/#article","isPartOf":{"@id":"https:\/\/buletin.de\/bucuresti\/ham-grija-de-tine-terapie-cu-catei-in-spitalele-din-ilfov\/"},"author":{"name":"Ana Anghel-Dimache","@id":"https:\/\/buletin.de\/bucuresti\/#\/schema\/person\/359459245996e200ed7c807f71f0551a"},"headline":"\u201eHAM grij\u0103 de tine!\u201d, terapie cu c\u0103\u021bei \u00een spitalele din Ilfov","datePublished":"2024-07-01T07:47:18+00:00","mainEntityOfPage":{"@id":"https:\/\/buletin.de\/bucuresti\/ham-grija-de-tine-terapie-cu-catei-in-spitalele-din-ilfov\/"},"wordCount":381,"publisher":{"@id":"https:\/\/buletin.de\/bucuresti\/#organization"},"image":{"@id":"https:\/\/buletin.de\/bucuresti\/ham-grija-de-tine-terapie-cu-catei-in-spitalele-din-ilfov\/#primaryimage"},"thumbnailUrl":"https:\/\/buletin.de\/bucuresti\/wp-content\/uploads\/36166-1.jpg","keywords":["Ilfov","spitale","terapie cu c\u00e2ini"],"articleSection":["Articole","Main","S\u0103n\u0103tate"],"inLanguage":"en-GB","copyrightYear":"2024","copyrightHolder":{"@id":"https:\/\/buletin.de\/bucuresti\/#organization"}},{"@type":"WebPage","@id":"https:\/\/buletin.de\/bucuresti\/ham-grija-de-tine-terapie-cu-catei-in-spitalele-din-ilfov\/","url":"https:\/\/buletin.de\/bucuresti\/ham-grija-de-tine-terapie-cu-catei-in-spitalele-din-ilfov\/","name":"\u201eHAM grij\u0103 de tine!\u201d, terapie cu c\u0103\u021bei \u00een spitalele din Ilfov - Buletin de Bucure\u0219ti","isPartOf":{"@id":"https:\/\/buletin.de\/bucuresti\/#website"},"primaryImageOfPage":{"@id":"https:\/\/buletin.de\/bucuresti\/ham-grija-de-tine-terapie-cu-catei-in-spitalele-din-ilfov\/#primaryimage"},"image":{"@id":"https:\/\/buletin.de\/bucuresti\/ham-grija-de-tine-terapie-cu-catei-in-spitalele-din-ilfov\/#primaryimage"},"thumbnailUrl":"https:\/\/buletin.de\/bucuresti\/wp-content\/uploads\/36166-1.jpg","datePublished":"2024-07-01T07:47:18+00:00","breadcrumb":{"@id":"https:\/\/buletin.de\/bucuresti\/ham-grija-de-tine-terapie-cu-catei-in-spitalele-din-ilfov\/#breadcrumb"},"inLanguage":"en-GB","potentialAction":[{"@type":"ReadAction","target":["https:\/\/buletin.de\/bucuresti\/ham-grija-de-tine-terapie-cu-catei-in-spitalele-din-ilfov\/"]}]},{"@type":"ImageObject","inLanguage":"en-GB","@id":"https:\/\/buletin.de\/bucuresti\/ham-grija-de-tine-terapie-cu-catei-in-spitalele-din-ilfov\/#primaryimage","url":"https:\/\/buletin.de\/bucuresti\/wp-content\/uploads\/36166-1.jpg","contentUrl":"https:\/\/buletin.de\/bucuresti\/wp-content\/uploads\/36166-1.jpg","width":2000,"height":1333,"caption":"FOTO: freepik.com"},{"@type":"BreadcrumbList","@id":"https:\/\/buletin.de\/bucuresti\/ham-grija-de-tine-terapie-cu-catei-in-spitalele-din-ilfov\/#breadcrumb","itemListElement":[{"@type":"ListItem","position":1,"name":"Acas\u0103","item":"https:\/\/buletin.de\/bucuresti\/"},{"@type":"ListItem","position":2,"name":"\u201eHAM grij\u0103 de tine!\u201d, terapie cu c\u0103\u021bei \u00een spitalele din Ilfov"}]},{"@type":"WebSite","@id":"https:\/\/buletin.de\/bucuresti\/#website","url":"https:\/\/buletin.de\/bucuresti\/","name":"Buletin de Bucure\u0219ti","description":"\u0218tiri \u0219i investiga\u021bii esen\u021biale din capital\u0103","publisher":{"@id":"https:\/\/buletin.de\/bucuresti\/#organization"},"potentialAction":[{"@type":"SearchAction","target":{"@type":"EntryPoint","urlTemplate":"https:\/\/buletin.de\/bucuresti\/?s={search_term_string}"},"query-input":{"@type":"PropertyValueSpecification","valueRequired":true,"valueName":"search_term_string"}}],"inLanguage":"en-GB"},{"@type":"Organization","@id":"https:\/\/buletin.de\/bucuresti\/#organization","name":"Buletin de Bucure\u0219ti","url":"https:\/\/buletin.de\/bucuresti\/","logo":{"@type":"ImageObject","inLanguage":"en-GB","@id":"https:\/\/buletin.de\/bucuresti\/#\/schema\/logo\/image\/","url":"https:\/\/buletin.de\/bucuresti\/wp-content\/uploads\/logo-bdb-full-wide-vernil-transparent.png","contentUrl":"https:\/\/buletin.de\/bucuresti\/wp-content\/uploads\/logo-bdb-full-wide-vernil-transparent.png","width":1782,"height":626,"caption":"Buletin de Bucure\u0219ti"},"image":{"@id":"https:\/\/buletin.de\/bucuresti\/#\/schema\/logo\/image\/"},"sameAs":["https:\/\/www.facebook.com\/buletin.de.buc","https:\/\/www.instagram.com\/buletinde.bucuresti\/"]},{"@type":"Person","@id":"https:\/\/buletin.de\/bucuresti\/#\/schema\/person\/359459245996e200ed7c807f71f0551a","name":"Ana Anghel-Dimache","image":{"@type":"ImageObject","inLanguage":"en-GB","@id":"https:\/\/buletin.de\/bucuresti\/wp-content\/uploads\/Ana-Anghel-Dimache-96x96.jpg861145fc2c4f1fe57dc81b59a6cfb674","url":"https:\/\/buletin.de\/bucuresti\/wp-content\/uploads\/Ana-Anghel-Dimache-96x96.jpg","contentUrl":"https:\/\/buletin.de\/bucuresti\/wp-content\/uploads\/Ana-Anghel-Dimache-96x96.jpg","caption":"Ana Anghel-Dimache"},"description":"Sunt student\u0103 la jurnalism \u0219i m-am n\u0103scut \u00een Bucure\u0219ti, ora\u0219 plin de pove\u0219ti care merit\u0103 explorate. \u00cemi place s\u0103 scriu despre subiecte politice, de mediu \u0219i legate de transportul din Capital\u0103. \u00cencerc s\u0103 pictez o imagine c\u00e2t mai sincer\u0103 a realit\u0103\u021bii \u0219i sus\u021bin presa independent\u0103 pentru c\u0103 este esen\u021bial s\u0103 pot reda faptele \u00een formele lor adev\u0103rate.","url":"https:\/\/buletin.de\/bucuresti\/author\/ana-dimache\/"}]}},"authors":[{"term_id":22581,"user_id":58,"is_guest":0,"slug":"ana-dimache","display_name":"Ana Anghel-Dimache","avatar_url":"https:\/\/buletin.de\/bucuresti\/wp-content\/uploads\/Ana-Anghel-Dimache-96x96.jpg","0":null,"1":"","2":"","3":"","4":"","5":"","6":"","7":"","8":""}],"_links":{"self":[{"href":"https:\/\/buletin.de\/bucuresti\/wp-json\/wp\/v2\/posts\/89678","targetHints":{"allow":["GET"]}}],"collection":[{"href":"https:\/\/buletin.de\/bucuresti\/wp-json\/wp\/v2\/posts"}],"about":[{"href":"https:\/\/buletin.de\/bucuresti\/wp-json\/wp\/v2\/types\/post"}],"author":[{"embeddable":true,"href":"https:\/\/buletin.de\/bucuresti\/wp-json\/wp\/v2\/users\/58"}],"replies":[{"embeddable":true,"href":"https:\/\/buletin.de\/bucuresti\/wp-json\/wp\/v2\/comments?post=89678"}],"version-history":[{"count":2,"href":"https:\/\/buletin.de\/bucuresti\/wp-json\/wp\/v2\/posts\/89678\/revisions"}],"predecessor-version":[{"id":89682,"href":"https:\/\/buletin.de\/bucuresti\/wp-json\/wp\/v2\/posts\/89678\/revisions\/89682"}],"wp:featuredmedia":[{"embeddable":true,"href":"https:\/\/buletin.de\/bucuresti\/wp-json\/wp\/v2\/media\/89679"}],"wp:attachment":[{"href":"https:\/\/buletin.de\/bucuresti\/wp-json\/wp\/v2\/media?parent=89678"}],"wp:term":[{"taxonomy":"category","embeddable":true,"href":"https:\/\/buletin.de\/bucuresti\/wp-json\/wp\/v2\/categories?post=89678"},{"taxonomy":"post_tag","embeddable":true,"href":"https:\/\/buletin.de\/bucuresti\/wp-json\/wp\/v2\/tags?post=89678"},{"taxonomy":"author","embeddable":true,"href":"https:\/\/buletin.de\/bucuresti\/wp-json\/wp\/v2\/ppma_author?post=89678"}],"curies":[{"name":"wp","href":"https:\/\/api.w.org\/{rel}","templated":true}]}}