{"id":89609,"date":"2024-06-30T12:15:20","date_gmt":"2024-06-30T09:15:20","guid":{"rendered":"https:\/\/buletin.de\/bucuresti\/?p=89609"},"modified":"2024-06-30T12:15:21","modified_gmt":"2024-06-30T09:15:21","slug":"cod-galben-de-canicula-in-capitala-si-ilfov-temperaturile-vor-ajunge-la-36-de-grade","status":"publish","type":"post","link":"https:\/\/buletin.de\/bucuresti\/cod-galben-de-canicula-in-capitala-si-ilfov-temperaturile-vor-ajunge-la-36-de-grade\/","title":{"rendered":"Cod galben de canicul\u0103 \u00een Capital\u0103 \u0219i Ilfov. Temperaturile vor ajunge la 36 de grade"},"content":{"rendered":"\n<p><br><strong>Administra\u021bia Na\u021bional\u0103 de Meteorologie (ANM) a emis o aten\u021bionare meteorologic\u0103 de cod galben de canicul\u0103 \u00een Bucure\u0219ti, dar \u0219i \u00een Ilfov valabil p\u00e2n\u0103 m\u00e2ine, 1 iulie 2024. Temperaturile maxime vor fi de 35 36 de grade, iar cele minime nu vor cobor\u00ee sub 20 de grade.<\/strong><\/p>\n\n\n\n<p>De asemenea, ANM sus\u021bine c\u0103 disconfortul termic se va men\u021bine accentuat, indicele temperatur\u0103 &#8211; umezeal\u0103 (ITU) va dep\u0103\u0219i u\u0219or pragul critic de 80 de unit\u0103\u021bi \u0219i va fi canicul\u0103.<\/p>\n\n\n\n<p>Autorit\u0103\u021bile au transmis \u0219i o list\u0103 de de recomand\u0103ri pe care bucure\u0219tenii \u0219i ilfovenii s\u0103 le urmeze pentru a evita posibile incidente cauzate de canicul\u0103, dup\u0103 cum urmeaz\u0103:   <\/p>\n\n\n\n<ul class=\"wp-block-list\">\n<li>Purta\u0163i haine lejere, sub\u0163iri, deschise la culoare, p\u0103l\u0103rii \u015fi ochelari de soare;<\/li>\n\n\n\n<li>Be\u0163i 1,5-2 litri de lichide pe zi, nu prea reci, ap\u0103, sucuri naturale din fructe \u015fi ceaiuri c\u0103ldu\u0163e;<\/li>\n\n\n\n<li>Evita\u0163i b\u0103uturile ce con\u0163in cofein\u0103 sau zah\u0103r \u00een cantitate mare;<\/li>\n\n\n\n<li>Nu consuma\u0163i alcool \u2013 v\u0103 deshidrateaz\u0103;<\/li>\n\n\n\n<li>Evita\u0163i alimentele cu un con\u0163inut sporit de gr\u0103simi;<\/li>\n\n\n\n<li>Nu l\u0103sa\u0163i copiii\/animalele de companie singuri\/singure \u00een autoturisme;<\/li>\n\n\n\n<li>Cere\u0163i sfatul medicului de familie la cel mai mic semn de suferin\u021b\u0103.<\/li>\n<\/ul>\n\n\n\n<p>Nu este prima zi de canicul\u0103 cu care bucure\u0219tenii se confrunt\u0103 \u00een aceast\u0103 var\u0103. \u00cenc\u0103 din de la jum\u0103tatea lunii iunie temperaturile din Capital\u0103 au fost foarte ridicate. <a href=\"https:\/\/buletin.de\/bucuresti\/cod-rosu-de-canicula-in-bucuresti-nopti-tropicale-si-depasiri-ale-pragului-critic-temperatura-umezeala\/\">Pe 23 iunie \u00een Capital\u0103 a fost cod ro\u0219u de c\u0103ldur\u0103, \u00eenregistr\u00e2ndu-sde \u00een termometre 38-39 de grade Celsius<\/a>. <\/p>\n","protected":false},"excerpt":{"rendered":"<p>Administra\u021bia Na\u021bional\u0103 de Meteorologie (ANM) a emis o aten\u021bionare meteorologic\u0103 de cod galben de canicul\u0103 \u00een Bucure\u0219ti, dar \u0219i \u00een Ilfov valabil p\u00e2n\u0103 m\u00e2ine, 1 iulie 2024. Temperaturile maxime vor fi de 35 36 de grade, iar cele minime nu vor cobor\u00ee sub 20 de grade. De asemenea, ANM sus\u021bine c\u0103 disconfortul termic se va [&hellip;]<\/p>\n","protected":false},"author":17,"featured_media":88706,"comment_status":"closed","ping_status":"open","sticky":false,"template":"","format":"standard","meta":{"_acf_changed":false,"inline_featured_image":false,"ngg_post_thumbnail":0,"footnotes":""},"categories":[6994,62],"tags":[4314,2063,4584,7028,820,5228],"ppma_author":[22576],"class_list":["post-89609","post","type-post","status-publish","format-standard","has-post-thumbnail","hentry","category-stiri-2","category-stiri","tag-anm","tag-bucuresti-2","tag-caldura-2","tag-canicula-2","tag-ilfov","tag-meteo"],"acf":[],"yoast_head":"<!-- This site is optimized with the Yoast SEO Premium plugin v25.3 (Yoast SEO v27.4) - https:\/\/yoast.com\/product\/yoast-seo-premium-wordpress\/ -->\n<title>Cod galben de canicul\u0103 \u00een Capital\u0103 \u0219i Ilfov. Temperaturile vor ajunge la 36 de grade - Buletin de Bucure\u0219ti<\/title>\n<meta name=\"robots\" content=\"index, follow, max-snippet:-1, max-image-preview:large, max-video-preview:-1\" \/>\n<link rel=\"canonical\" href=\"https:\/\/buletin.de\/bucuresti\/cod-galben-de-canicula-in-capitala-si-ilfov-temperaturile-vor-ajunge-la-36-de-grade\/\" \/>\n<meta property=\"og:locale\" content=\"en_GB\" \/>\n<meta property=\"og:type\" content=\"article\" \/>\n<meta property=\"og:title\" content=\"Cod galben de canicul\u0103 \u00een Capital\u0103 \u0219i Ilfov. Temperaturile vor ajunge la 36 de grade\" \/>\n<meta property=\"og:description\" content=\"Administra\u021bia Na\u021bional\u0103 de Meteorologie (ANM) a emis o aten\u021bionare meteorologic\u0103 de cod galben de canicul\u0103 \u00een Bucure\u0219ti, dar \u0219i \u00een Ilfov valabil p\u00e2n\u0103 m\u00e2ine, 1 iulie 2024. Temperaturile maxime vor fi de 35 36 de grade, iar cele minime nu vor cobor\u00ee sub 20 de grade. De asemenea, ANM sus\u021bine c\u0103 disconfortul termic se va [&hellip;]\" \/>\n<meta property=\"og:url\" content=\"https:\/\/buletin.de\/bucuresti\/cod-galben-de-canicula-in-capitala-si-ilfov-temperaturile-vor-ajunge-la-36-de-grade\/\" \/>\n<meta property=\"og:site_name\" content=\"Buletin de Bucure\u0219ti\" \/>\n<meta property=\"article:publisher\" content=\"https:\/\/www.facebook.com\/buletin.de.buc\" \/>\n<meta property=\"article:published_time\" content=\"2024-06-30T09:15:20+00:00\" \/>\n<meta property=\"article:modified_time\" content=\"2024-06-30T09:15:21+00:00\" \/>\n<meta property=\"og:image\" content=\"https:\/\/buletin.de\/bucuresti\/wp-content\/uploads\/ID199467_INQUAM_Photos_Octav_Ganea-2-1600x1066-1.jpg\" \/>\n\t<meta property=\"og:image:width\" content=\"1600\" \/>\n\t<meta property=\"og:image:height\" content=\"1066\" \/>\n\t<meta property=\"og:image:type\" content=\"image\/jpeg\" \/>\n<meta name=\"author\" content=\"Florin R\u00e2\u0219teiu\" \/>\n<meta name=\"twitter:card\" content=\"summary_large_image\" \/>\n<meta name=\"twitter:label1\" content=\"Written by\" \/>\n\t<meta name=\"twitter:data1\" content=\"Florin R\u00e2\u0219teiu\" \/>\n\t<meta name=\"twitter:label2\" content=\"Estimated reading time\" \/>\n\t<meta name=\"twitter:data2\" content=\"2 minutes\" \/>\n<script type=\"application\/ld+json\" class=\"yoast-schema-graph\">{\"@context\":\"https:\\\/\\\/schema.org\",\"@graph\":[{\"@type\":\"Article\",\"@id\":\"https:\\\/\\\/buletin.de\\\/bucuresti\\\/cod-galben-de-canicula-in-capitala-si-ilfov-temperaturile-vor-ajunge-la-36-de-grade\\\/#article\",\"isPartOf\":{\"@id\":\"https:\\\/\\\/buletin.de\\\/bucuresti\\\/cod-galben-de-canicula-in-capitala-si-ilfov-temperaturile-vor-ajunge-la-36-de-grade\\\/\"},\"author\":{\"name\":\"Florin R\u00e2\u0219teiu\",\"@id\":\"https:\\\/\\\/buletin.de\\\/bucuresti\\\/#\\\/schema\\\/person\\\/b0686d7a8b666c6afc78239777fd8a89\"},\"headline\":\"Cod galben de canicul\u0103 \u00een Capital\u0103 \u0219i Ilfov. Temperaturile vor ajunge la 36 de grade\",\"datePublished\":\"2024-06-30T09:15:20+00:00\",\"dateModified\":\"2024-06-30T09:15:21+00:00\",\"mainEntityOfPage\":{\"@id\":\"https:\\\/\\\/buletin.de\\\/bucuresti\\\/cod-galben-de-canicula-in-capitala-si-ilfov-temperaturile-vor-ajunge-la-36-de-grade\\\/\"},\"wordCount\":268,\"publisher\":{\"@id\":\"https:\\\/\\\/buletin.de\\\/bucuresti\\\/#organization\"},\"image\":{\"@id\":\"https:\\\/\\\/buletin.de\\\/bucuresti\\\/cod-galben-de-canicula-in-capitala-si-ilfov-temperaturile-vor-ajunge-la-36-de-grade\\\/#primaryimage\"},\"thumbnailUrl\":\"https:\\\/\\\/buletin.de\\\/bucuresti\\\/wp-content\\\/uploads\\\/ID199467_INQUAM_Photos_Octav_Ganea-2-1600x1066-1.jpg\",\"keywords\":[\"anm\",\"Bucure\u0219ti\",\"c\u0103ldur\u0103\",\"Canicul\u0103\",\"Ilfov\",\"Meteo\"],\"articleSection\":[\"Articole\",\"\u0218tiri\"],\"inLanguage\":\"en-GB\",\"copyrightYear\":\"2024\",\"copyrightHolder\":{\"@id\":\"https:\\\/\\\/buletin.de\\\/bucuresti\\\/#organization\"}},{\"@type\":\"WebPage\",\"@id\":\"https:\\\/\\\/buletin.de\\\/bucuresti\\\/cod-galben-de-canicula-in-capitala-si-ilfov-temperaturile-vor-ajunge-la-36-de-grade\\\/\",\"url\":\"https:\\\/\\\/buletin.de\\\/bucuresti\\\/cod-galben-de-canicula-in-capitala-si-ilfov-temperaturile-vor-ajunge-la-36-de-grade\\\/\",\"name\":\"Cod galben de canicul\u0103 \u00een Capital\u0103 \u0219i Ilfov. Temperaturile vor ajunge la 36 de grade - Buletin de Bucure\u0219ti\",\"isPartOf\":{\"@id\":\"https:\\\/\\\/buletin.de\\\/bucuresti\\\/#website\"},\"primaryImageOfPage\":{\"@id\":\"https:\\\/\\\/buletin.de\\\/bucuresti\\\/cod-galben-de-canicula-in-capitala-si-ilfov-temperaturile-vor-ajunge-la-36-de-grade\\\/#primaryimage\"},\"image\":{\"@id\":\"https:\\\/\\\/buletin.de\\\/bucuresti\\\/cod-galben-de-canicula-in-capitala-si-ilfov-temperaturile-vor-ajunge-la-36-de-grade\\\/#primaryimage\"},\"thumbnailUrl\":\"https:\\\/\\\/buletin.de\\\/bucuresti\\\/wp-content\\\/uploads\\\/ID199467_INQUAM_Photos_Octav_Ganea-2-1600x1066-1.jpg\",\"datePublished\":\"2024-06-30T09:15:20+00:00\",\"dateModified\":\"2024-06-30T09:15:21+00:00\",\"breadcrumb\":{\"@id\":\"https:\\\/\\\/buletin.de\\\/bucuresti\\\/cod-galben-de-canicula-in-capitala-si-ilfov-temperaturile-vor-ajunge-la-36-de-grade\\\/#breadcrumb\"},\"inLanguage\":\"en-GB\",\"potentialAction\":[{\"@type\":\"ReadAction\",\"target\":[\"https:\\\/\\\/buletin.de\\\/bucuresti\\\/cod-galben-de-canicula-in-capitala-si-ilfov-temperaturile-vor-ajunge-la-36-de-grade\\\/\"]}]},{\"@type\":\"ImageObject\",\"inLanguage\":\"en-GB\",\"@id\":\"https:\\\/\\\/buletin.de\\\/bucuresti\\\/cod-galben-de-canicula-in-capitala-si-ilfov-temperaturile-vor-ajunge-la-36-de-grade\\\/#primaryimage\",\"url\":\"https:\\\/\\\/buletin.de\\\/bucuresti\\\/wp-content\\\/uploads\\\/ID199467_INQUAM_Photos_Octav_Ganea-2-1600x1066-1.jpg\",\"contentUrl\":\"https:\\\/\\\/buletin.de\\\/bucuresti\\\/wp-content\\\/uploads\\\/ID199467_INQUAM_Photos_Octav_Ganea-2-1600x1066-1.jpg\",\"width\":1600,\"height\":1066,\"caption\":\"Codul portocaliu de c\u0103ldur\u0103 se prelunge\u0219te Foto: Inquam Photos \\\/ Octav Ganea\"},{\"@type\":\"BreadcrumbList\",\"@id\":\"https:\\\/\\\/buletin.de\\\/bucuresti\\\/cod-galben-de-canicula-in-capitala-si-ilfov-temperaturile-vor-ajunge-la-36-de-grade\\\/#breadcrumb\",\"itemListElement\":[{\"@type\":\"ListItem\",\"position\":1,\"name\":\"Acas\u0103\",\"item\":\"https:\\\/\\\/buletin.de\\\/bucuresti\\\/\"},{\"@type\":\"ListItem\",\"position\":2,\"name\":\"Cod galben de canicul\u0103 \u00een Capital\u0103 \u0219i Ilfov. Temperaturile vor ajunge la 36 de grade\"}]},{\"@type\":\"WebSite\",\"@id\":\"https:\\\/\\\/buletin.de\\\/bucuresti\\\/#website\",\"url\":\"https:\\\/\\\/buletin.de\\\/bucuresti\\\/\",\"name\":\"Buletin de Bucure\u0219ti\",\"description\":\"\u0218tiri \u0219i investiga\u021bii esen\u021biale din capital\u0103\",\"publisher\":{\"@id\":\"https:\\\/\\\/buletin.de\\\/bucuresti\\\/#organization\"},\"potentialAction\":[{\"@type\":\"SearchAction\",\"target\":{\"@type\":\"EntryPoint\",\"urlTemplate\":\"https:\\\/\\\/buletin.de\\\/bucuresti\\\/?s={search_term_string}\"},\"query-input\":{\"@type\":\"PropertyValueSpecification\",\"valueRequired\":true,\"valueName\":\"search_term_string\"}}],\"inLanguage\":\"en-GB\"},{\"@type\":\"Organization\",\"@id\":\"https:\\\/\\\/buletin.de\\\/bucuresti\\\/#organization\",\"name\":\"Buletin de Bucure\u0219ti\",\"url\":\"https:\\\/\\\/buletin.de\\\/bucuresti\\\/\",\"logo\":{\"@type\":\"ImageObject\",\"inLanguage\":\"en-GB\",\"@id\":\"https:\\\/\\\/buletin.de\\\/bucuresti\\\/#\\\/schema\\\/logo\\\/image\\\/\",\"url\":\"https:\\\/\\\/buletin.de\\\/bucuresti\\\/wp-content\\\/uploads\\\/logo-bdb-full-wide-vernil-transparent.png\",\"contentUrl\":\"https:\\\/\\\/buletin.de\\\/bucuresti\\\/wp-content\\\/uploads\\\/logo-bdb-full-wide-vernil-transparent.png\",\"width\":1782,\"height\":626,\"caption\":\"Buletin de Bucure\u0219ti\"},\"image\":{\"@id\":\"https:\\\/\\\/buletin.de\\\/bucuresti\\\/#\\\/schema\\\/logo\\\/image\\\/\"},\"sameAs\":[\"https:\\\/\\\/www.facebook.com\\\/buletin.de.buc\",\"https:\\\/\\\/www.instagram.com\\\/buletinde.bucuresti\\\/\"]},{\"@type\":\"Person\",\"@id\":\"https:\\\/\\\/buletin.de\\\/bucuresti\\\/#\\\/schema\\\/person\\\/b0686d7a8b666c6afc78239777fd8a89\",\"name\":\"Florin R\u00e2\u0219teiu\",\"image\":{\"@type\":\"ImageObject\",\"inLanguage\":\"en-GB\",\"@id\":\"https:\\\/\\\/buletin.de\\\/bucuresti\\\/wp-content\\\/uploads\\\/Florin-Rasteiu-96x96.jpgf0a6fe28453aa12f0a60e4d0a2e3a78c\",\"url\":\"https:\\\/\\\/buletin.de\\\/bucuresti\\\/wp-content\\\/uploads\\\/Florin-Rasteiu-96x96.jpg\",\"contentUrl\":\"https:\\\/\\\/buletin.de\\\/bucuresti\\\/wp-content\\\/uploads\\\/Florin-Rasteiu-96x96.jpg\",\"caption\":\"Florin R\u00e2\u0219teiu\"},\"description\":\"Jurnalist de investiga\u021bie. Lucreaz\u0103 de aproape 6 ani la Buletin de Bucure\u0219ti, unde a publicat articole care scot la suprafa\u021b\u0103 corup\u021bia din Capital\u0103. Analizeaz\u0103 baze de date zilnic \u0219i scoate pove\u0219ti din exceluri pline de cifre. Pune reflectorul pe adev\u0103r cu fiecare ocazie. A c\u00e2\u0219tigat premiul I la categoria Pres\u0103 Local\u0103 \u00een 2025 \u0219i locul al II-lea la aceea\u0219i categorie \u00een 2024 \u00een cadrul Premiilor Superscrieri pentru jurnalism independent.\",\"url\":\"https:\\\/\\\/buletin.de\\\/bucuresti\\\/author\\\/florinrasteiu\\\/\"}]}<\/script>\n<!-- \/ Yoast SEO Premium plugin. -->","yoast_head_json":{"title":"Cod galben de canicul\u0103 \u00een Capital\u0103 \u0219i Ilfov. Temperaturile vor ajunge la 36 de grade - Buletin de Bucure\u0219ti","robots":{"index":"index","follow":"follow","max-snippet":"max-snippet:-1","max-image-preview":"max-image-preview:large","max-video-preview":"max-video-preview:-1"},"canonical":"https:\/\/buletin.de\/bucuresti\/cod-galben-de-canicula-in-capitala-si-ilfov-temperaturile-vor-ajunge-la-36-de-grade\/","og_locale":"en_GB","og_type":"article","og_title":"Cod galben de canicul\u0103 \u00een Capital\u0103 \u0219i Ilfov. Temperaturile vor ajunge la 36 de grade","og_description":"Administra\u021bia Na\u021bional\u0103 de Meteorologie (ANM) a emis o aten\u021bionare meteorologic\u0103 de cod galben de canicul\u0103 \u00een Bucure\u0219ti, dar \u0219i \u00een Ilfov valabil p\u00e2n\u0103 m\u00e2ine, 1 iulie 2024. Temperaturile maxime vor fi de 35 36 de grade, iar cele minime nu vor cobor\u00ee sub 20 de grade. De asemenea, ANM sus\u021bine c\u0103 disconfortul termic se va [&hellip;]","og_url":"https:\/\/buletin.de\/bucuresti\/cod-galben-de-canicula-in-capitala-si-ilfov-temperaturile-vor-ajunge-la-36-de-grade\/","og_site_name":"Buletin de Bucure\u0219ti","article_publisher":"https:\/\/www.facebook.com\/buletin.de.buc","article_published_time":"2024-06-30T09:15:20+00:00","article_modified_time":"2024-06-30T09:15:21+00:00","og_image":[{"width":1600,"height":1066,"url":"https:\/\/buletin.de\/bucuresti\/wp-content\/uploads\/ID199467_INQUAM_Photos_Octav_Ganea-2-1600x1066-1.jpg","type":"image\/jpeg"}],"author":"Florin R\u00e2\u0219teiu","twitter_card":"summary_large_image","twitter_misc":{"Written by":"Florin R\u00e2\u0219teiu","Estimated reading time":"2 minutes"},"schema":{"@context":"https:\/\/schema.org","@graph":[{"@type":"Article","@id":"https:\/\/buletin.de\/bucuresti\/cod-galben-de-canicula-in-capitala-si-ilfov-temperaturile-vor-ajunge-la-36-de-grade\/#article","isPartOf":{"@id":"https:\/\/buletin.de\/bucuresti\/cod-galben-de-canicula-in-capitala-si-ilfov-temperaturile-vor-ajunge-la-36-de-grade\/"},"author":{"name":"Florin R\u00e2\u0219teiu","@id":"https:\/\/buletin.de\/bucuresti\/#\/schema\/person\/b0686d7a8b666c6afc78239777fd8a89"},"headline":"Cod galben de canicul\u0103 \u00een Capital\u0103 \u0219i Ilfov. Temperaturile vor ajunge la 36 de grade","datePublished":"2024-06-30T09:15:20+00:00","dateModified":"2024-06-30T09:15:21+00:00","mainEntityOfPage":{"@id":"https:\/\/buletin.de\/bucuresti\/cod-galben-de-canicula-in-capitala-si-ilfov-temperaturile-vor-ajunge-la-36-de-grade\/"},"wordCount":268,"publisher":{"@id":"https:\/\/buletin.de\/bucuresti\/#organization"},"image":{"@id":"https:\/\/buletin.de\/bucuresti\/cod-galben-de-canicula-in-capitala-si-ilfov-temperaturile-vor-ajunge-la-36-de-grade\/#primaryimage"},"thumbnailUrl":"https:\/\/buletin.de\/bucuresti\/wp-content\/uploads\/ID199467_INQUAM_Photos_Octav_Ganea-2-1600x1066-1.jpg","keywords":["anm","Bucure\u0219ti","c\u0103ldur\u0103","Canicul\u0103","Ilfov","Meteo"],"articleSection":["Articole","\u0218tiri"],"inLanguage":"en-GB","copyrightYear":"2024","copyrightHolder":{"@id":"https:\/\/buletin.de\/bucuresti\/#organization"}},{"@type":"WebPage","@id":"https:\/\/buletin.de\/bucuresti\/cod-galben-de-canicula-in-capitala-si-ilfov-temperaturile-vor-ajunge-la-36-de-grade\/","url":"https:\/\/buletin.de\/bucuresti\/cod-galben-de-canicula-in-capitala-si-ilfov-temperaturile-vor-ajunge-la-36-de-grade\/","name":"Cod galben de canicul\u0103 \u00een Capital\u0103 \u0219i Ilfov. Temperaturile vor ajunge la 36 de grade - Buletin de Bucure\u0219ti","isPartOf":{"@id":"https:\/\/buletin.de\/bucuresti\/#website"},"primaryImageOfPage":{"@id":"https:\/\/buletin.de\/bucuresti\/cod-galben-de-canicula-in-capitala-si-ilfov-temperaturile-vor-ajunge-la-36-de-grade\/#primaryimage"},"image":{"@id":"https:\/\/buletin.de\/bucuresti\/cod-galben-de-canicula-in-capitala-si-ilfov-temperaturile-vor-ajunge-la-36-de-grade\/#primaryimage"},"thumbnailUrl":"https:\/\/buletin.de\/bucuresti\/wp-content\/uploads\/ID199467_INQUAM_Photos_Octav_Ganea-2-1600x1066-1.jpg","datePublished":"2024-06-30T09:15:20+00:00","dateModified":"2024-06-30T09:15:21+00:00","breadcrumb":{"@id":"https:\/\/buletin.de\/bucuresti\/cod-galben-de-canicula-in-capitala-si-ilfov-temperaturile-vor-ajunge-la-36-de-grade\/#breadcrumb"},"inLanguage":"en-GB","potentialAction":[{"@type":"ReadAction","target":["https:\/\/buletin.de\/bucuresti\/cod-galben-de-canicula-in-capitala-si-ilfov-temperaturile-vor-ajunge-la-36-de-grade\/"]}]},{"@type":"ImageObject","inLanguage":"en-GB","@id":"https:\/\/buletin.de\/bucuresti\/cod-galben-de-canicula-in-capitala-si-ilfov-temperaturile-vor-ajunge-la-36-de-grade\/#primaryimage","url":"https:\/\/buletin.de\/bucuresti\/wp-content\/uploads\/ID199467_INQUAM_Photos_Octav_Ganea-2-1600x1066-1.jpg","contentUrl":"https:\/\/buletin.de\/bucuresti\/wp-content\/uploads\/ID199467_INQUAM_Photos_Octav_Ganea-2-1600x1066-1.jpg","width":1600,"height":1066,"caption":"Codul portocaliu de c\u0103ldur\u0103 se prelunge\u0219te Foto: Inquam Photos \/ Octav Ganea"},{"@type":"BreadcrumbList","@id":"https:\/\/buletin.de\/bucuresti\/cod-galben-de-canicula-in-capitala-si-ilfov-temperaturile-vor-ajunge-la-36-de-grade\/#breadcrumb","itemListElement":[{"@type":"ListItem","position":1,"name":"Acas\u0103","item":"https:\/\/buletin.de\/bucuresti\/"},{"@type":"ListItem","position":2,"name":"Cod galben de canicul\u0103 \u00een Capital\u0103 \u0219i Ilfov. Temperaturile vor ajunge la 36 de grade"}]},{"@type":"WebSite","@id":"https:\/\/buletin.de\/bucuresti\/#website","url":"https:\/\/buletin.de\/bucuresti\/","name":"Buletin de Bucure\u0219ti","description":"\u0218tiri \u0219i investiga\u021bii esen\u021biale din capital\u0103","publisher":{"@id":"https:\/\/buletin.de\/bucuresti\/#organization"},"potentialAction":[{"@type":"SearchAction","target":{"@type":"EntryPoint","urlTemplate":"https:\/\/buletin.de\/bucuresti\/?s={search_term_string}"},"query-input":{"@type":"PropertyValueSpecification","valueRequired":true,"valueName":"search_term_string"}}],"inLanguage":"en-GB"},{"@type":"Organization","@id":"https:\/\/buletin.de\/bucuresti\/#organization","name":"Buletin de Bucure\u0219ti","url":"https:\/\/buletin.de\/bucuresti\/","logo":{"@type":"ImageObject","inLanguage":"en-GB","@id":"https:\/\/buletin.de\/bucuresti\/#\/schema\/logo\/image\/","url":"https:\/\/buletin.de\/bucuresti\/wp-content\/uploads\/logo-bdb-full-wide-vernil-transparent.png","contentUrl":"https:\/\/buletin.de\/bucuresti\/wp-content\/uploads\/logo-bdb-full-wide-vernil-transparent.png","width":1782,"height":626,"caption":"Buletin de Bucure\u0219ti"},"image":{"@id":"https:\/\/buletin.de\/bucuresti\/#\/schema\/logo\/image\/"},"sameAs":["https:\/\/www.facebook.com\/buletin.de.buc","https:\/\/www.instagram.com\/buletinde.bucuresti\/"]},{"@type":"Person","@id":"https:\/\/buletin.de\/bucuresti\/#\/schema\/person\/b0686d7a8b666c6afc78239777fd8a89","name":"Florin R\u00e2\u0219teiu","image":{"@type":"ImageObject","inLanguage":"en-GB","@id":"https:\/\/buletin.de\/bucuresti\/wp-content\/uploads\/Florin-Rasteiu-96x96.jpgf0a6fe28453aa12f0a60e4d0a2e3a78c","url":"https:\/\/buletin.de\/bucuresti\/wp-content\/uploads\/Florin-Rasteiu-96x96.jpg","contentUrl":"https:\/\/buletin.de\/bucuresti\/wp-content\/uploads\/Florin-Rasteiu-96x96.jpg","caption":"Florin R\u00e2\u0219teiu"},"description":"Jurnalist de investiga\u021bie. Lucreaz\u0103 de aproape 6 ani la Buletin de Bucure\u0219ti, unde a publicat articole care scot la suprafa\u021b\u0103 corup\u021bia din Capital\u0103. Analizeaz\u0103 baze de date zilnic \u0219i scoate pove\u0219ti din exceluri pline de cifre. Pune reflectorul pe adev\u0103r cu fiecare ocazie. A c\u00e2\u0219tigat premiul I la categoria Pres\u0103 Local\u0103 \u00een 2025 \u0219i locul al II-lea la aceea\u0219i categorie \u00een 2024 \u00een cadrul Premiilor Superscrieri pentru jurnalism independent.","url":"https:\/\/buletin.de\/bucuresti\/author\/florinrasteiu\/"}]}},"authors":[{"term_id":22576,"user_id":17,"is_guest":0,"slug":"florinrasteiu","display_name":"Florin R\u00e2\u0219teiu","avatar_url":"https:\/\/buletin.de\/bucuresti\/wp-content\/uploads\/Florin-Rasteiu-96x96.jpg","0":null,"1":"","2":"","3":"","4":"","5":"","6":"","7":"","8":""}],"_links":{"self":[{"href":"https:\/\/buletin.de\/bucuresti\/wp-json\/wp\/v2\/posts\/89609","targetHints":{"allow":["GET"]}}],"collection":[{"href":"https:\/\/buletin.de\/bucuresti\/wp-json\/wp\/v2\/posts"}],"about":[{"href":"https:\/\/buletin.de\/bucuresti\/wp-json\/wp\/v2\/types\/post"}],"author":[{"embeddable":true,"href":"https:\/\/buletin.de\/bucuresti\/wp-json\/wp\/v2\/users\/17"}],"replies":[{"embeddable":true,"href":"https:\/\/buletin.de\/bucuresti\/wp-json\/wp\/v2\/comments?post=89609"}],"version-history":[{"count":1,"href":"https:\/\/buletin.de\/bucuresti\/wp-json\/wp\/v2\/posts\/89609\/revisions"}],"predecessor-version":[{"id":89610,"href":"https:\/\/buletin.de\/bucuresti\/wp-json\/wp\/v2\/posts\/89609\/revisions\/89610"}],"wp:featuredmedia":[{"embeddable":true,"href":"https:\/\/buletin.de\/bucuresti\/wp-json\/wp\/v2\/media\/88706"}],"wp:attachment":[{"href":"https:\/\/buletin.de\/bucuresti\/wp-json\/wp\/v2\/media?parent=89609"}],"wp:term":[{"taxonomy":"category","embeddable":true,"href":"https:\/\/buletin.de\/bucuresti\/wp-json\/wp\/v2\/categories?post=89609"},{"taxonomy":"post_tag","embeddable":true,"href":"https:\/\/buletin.de\/bucuresti\/wp-json\/wp\/v2\/tags?post=89609"},{"taxonomy":"author","embeddable":true,"href":"https:\/\/buletin.de\/bucuresti\/wp-json\/wp\/v2\/ppma_author?post=89609"}],"curies":[{"name":"wp","href":"https:\/\/api.w.org\/{rel}","templated":true}]}}