{"id":89459,"date":"2024-06-29T08:56:00","date_gmt":"2024-06-29T05:56:00","guid":{"rendered":"https:\/\/buletin.de\/bucuresti\/?p=89459"},"modified":"2024-06-28T22:42:13","modified_gmt":"2024-06-28T19:42:13","slug":"sector-6-centru-de-recuperare-neuromotorie-de-peste-1-milion-de-euro-in-cartierul-brancusi","status":"publish","type":"post","link":"https:\/\/buletin.de\/bucuresti\/sector-6-centru-de-recuperare-neuromotorie-de-peste-1-milion-de-euro-in-cartierul-brancusi\/","title":{"rendered":"Sector 6 | Centru de recuperare neuromotorie, de peste 1 milion de euro, \u00een cartierul Br\u00e2ncu\u0219i"},"content":{"rendered":"\n<p><strong>Persoanele cu dizabilit\u0103\u021bi din Sectorul 6 vor beneficia de un centru nou de recuperare neuromotorie. Elaborarea documenta\u021biei necesare pentru construirea \u0219i deschiderea sa este \u00een curs de finalizare.<\/strong><\/p>\n\n\n\n<p>Centrul de recuperare neuromotorie va func\u021biona pe Aleea Danaide, din cartierul Br\u00e2ncu\u0219i iar lucr\u0103rile vor dura 26 de luni. De servicii medicale vor beneficia 90 de persoane adulte, cu handicap locomotor sau neuromotor, din Sectorul 6, al\u0103turi de familiile lor.<\/p>\n\n\n\n<p>De asemenea, la exterior, va fi amenajat\u0103 o gr\u0103din\u0103 senzorial\u0103, pentru recuperare \u0219i terapie.<\/p>\n\n\n\n<figure class=\"wp-block-gallery has-nested-images columns-default is-cropped wp-block-gallery-1 is-layout-flex wp-block-gallery-is-layout-flex\">\n<figure class=\"wp-block-image size-large\"><img fetchpriority=\"high\" decoding=\"async\" width=\"900\" height=\"506\" data-id=\"89461\" src=\"data:image\/gif;base64,R0lGODlhAQABAAAAACH5BAEKAAEALAAAAAABAAEAAAICTAEAOw==\" data-src=\"https:\/\/buletin.de\/bucuresti\/wp-content\/uploads\/449322179_875165424641396_8044132037300677772_n-1-900x506.jpg\" alt=\"\" class=\"wp-image-89461 lazyload\" data-sizes=\"auto\" data-srcset=\"https:\/\/buletin.de\/bucuresti\/wp-content\/uploads\/449322179_875165424641396_8044132037300677772_n-1-900x506.jpg 900w, https:\/\/buletin.de\/bucuresti\/wp-content\/uploads\/449322179_875165424641396_8044132037300677772_n-1-300x169.jpg 300w, https:\/\/buletin.de\/bucuresti\/wp-content\/uploads\/449322179_875165424641396_8044132037300677772_n-1-768x432.jpg 768w, https:\/\/buletin.de\/bucuresti\/wp-content\/uploads\/449322179_875165424641396_8044132037300677772_n-1-1536x864.jpg 1536w, https:\/\/buletin.de\/bucuresti\/wp-content\/uploads\/449322179_875165424641396_8044132037300677772_n-1-1100x619.jpg 1100w, https:\/\/buletin.de\/bucuresti\/wp-content\/uploads\/449322179_875165424641396_8044132037300677772_n-1-600x338.jpg 600w, https:\/\/buletin.de\/bucuresti\/wp-content\/uploads\/449322179_875165424641396_8044132037300677772_n-1-20x11.jpg 20w, https:\/\/buletin.de\/bucuresti\/wp-content\/uploads\/449322179_875165424641396_8044132037300677772_n-1.jpg 1600w\" sizes=\"(max-width: 900px) 100vw, 900px\" \/><\/figure>\n\n\n\n<figure class=\"wp-block-image size-large\"><img decoding=\"async\" width=\"900\" height=\"506\" data-id=\"89462\" src=\"data:image\/gif;base64,R0lGODlhAQABAAAAACH5BAEKAAEALAAAAAABAAEAAAICTAEAOw==\" data-src=\"https:\/\/buletin.de\/bucuresti\/wp-content\/uploads\/449334374_875165417974730_2156616440370420141_n-900x506.jpg\" alt=\"\" class=\"wp-image-89462 lazyload\" data-sizes=\"auto\" data-srcset=\"https:\/\/buletin.de\/bucuresti\/wp-content\/uploads\/449334374_875165417974730_2156616440370420141_n-900x506.jpg 900w, https:\/\/buletin.de\/bucuresti\/wp-content\/uploads\/449334374_875165417974730_2156616440370420141_n-300x169.jpg 300w, https:\/\/buletin.de\/bucuresti\/wp-content\/uploads\/449334374_875165417974730_2156616440370420141_n-768x432.jpg 768w, https:\/\/buletin.de\/bucuresti\/wp-content\/uploads\/449334374_875165417974730_2156616440370420141_n-1536x864.jpg 1536w, https:\/\/buletin.de\/bucuresti\/wp-content\/uploads\/449334374_875165417974730_2156616440370420141_n-1100x619.jpg 1100w, https:\/\/buletin.de\/bucuresti\/wp-content\/uploads\/449334374_875165417974730_2156616440370420141_n-600x338.jpg 600w, https:\/\/buletin.de\/bucuresti\/wp-content\/uploads\/449334374_875165417974730_2156616440370420141_n-20x11.jpg 20w, https:\/\/buletin.de\/bucuresti\/wp-content\/uploads\/449334374_875165417974730_2156616440370420141_n.jpg 1600w\" sizes=\"(max-width: 900px) 100vw, 900px\" \/><\/figure>\n\n\n\n<figure class=\"wp-block-image size-large\"><img decoding=\"async\" width=\"900\" height=\"506\" data-id=\"89460\" src=\"data:image\/gif;base64,R0lGODlhAQABAAAAACH5BAEKAAEALAAAAAABAAEAAAICTAEAOw==\" data-src=\"https:\/\/buletin.de\/bucuresti\/wp-content\/uploads\/449449942_875165414641397_9221797622563553064_n-900x506.jpg\" alt=\"\" class=\"wp-image-89460 lazyload\" data-sizes=\"auto\" data-srcset=\"https:\/\/buletin.de\/bucuresti\/wp-content\/uploads\/449449942_875165414641397_9221797622563553064_n-900x506.jpg 900w, https:\/\/buletin.de\/bucuresti\/wp-content\/uploads\/449449942_875165414641397_9221797622563553064_n-300x169.jpg 300w, https:\/\/buletin.de\/bucuresti\/wp-content\/uploads\/449449942_875165414641397_9221797622563553064_n-768x432.jpg 768w, https:\/\/buletin.de\/bucuresti\/wp-content\/uploads\/449449942_875165414641397_9221797622563553064_n-1100x619.jpg 1100w, https:\/\/buletin.de\/bucuresti\/wp-content\/uploads\/449449942_875165414641397_9221797622563553064_n-600x338.jpg 600w, https:\/\/buletin.de\/bucuresti\/wp-content\/uploads\/449449942_875165414641397_9221797622563553064_n-20x11.jpg 20w, https:\/\/buletin.de\/bucuresti\/wp-content\/uploads\/449449942_875165414641397_9221797622563553064_n.jpg 1280w\" sizes=\"(max-width: 900px) 100vw, 900px\" \/><\/figure>\n\n\n\n<figure class=\"wp-block-image size-large\"><img loading=\"lazy\" decoding=\"async\" width=\"900\" height=\"506\" data-id=\"89463\" src=\"data:image\/gif;base64,R0lGODlhAQABAAAAACH5BAEKAAEALAAAAAABAAEAAAICTAEAOw==\" data-src=\"https:\/\/buletin.de\/bucuresti\/wp-content\/uploads\/449416860_875165474641391_962179996351106249_n-900x506.jpg\" alt=\"\" class=\"wp-image-89463 lazyload\" data-sizes=\"auto\" data-srcset=\"https:\/\/buletin.de\/bucuresti\/wp-content\/uploads\/449416860_875165474641391_962179996351106249_n-900x506.jpg 900w, https:\/\/buletin.de\/bucuresti\/wp-content\/uploads\/449416860_875165474641391_962179996351106249_n-300x169.jpg 300w, https:\/\/buletin.de\/bucuresti\/wp-content\/uploads\/449416860_875165474641391_962179996351106249_n-768x432.jpg 768w, https:\/\/buletin.de\/bucuresti\/wp-content\/uploads\/449416860_875165474641391_962179996351106249_n-1536x864.jpg 1536w, https:\/\/buletin.de\/bucuresti\/wp-content\/uploads\/449416860_875165474641391_962179996351106249_n-1100x619.jpg 1100w, https:\/\/buletin.de\/bucuresti\/wp-content\/uploads\/449416860_875165474641391_962179996351106249_n-600x338.jpg 600w, https:\/\/buletin.de\/bucuresti\/wp-content\/uploads\/449416860_875165474641391_962179996351106249_n-20x11.jpg 20w, https:\/\/buletin.de\/bucuresti\/wp-content\/uploads\/449416860_875165474641391_962179996351106249_n.jpg 1600w\" sizes=\"(max-width: 900px) 100vw, 900px\" \/><\/figure>\n<\/figure>\n\n\n\n<p>Centrul de recuperare va func\u021biona \u00een regim ambulatoriu \u0219i va avea urm\u0103toarele servicii:<\/p>\n\n\n\n<ul class=\"wp-block-list\">\n<li>Kinetoterapie;<\/li>\n\n\n\n<li>Fizioterapie;<\/li>\n\n\n\n<li>Masajul terapeutic;<\/li>\n\n\n\n<li>Terapie ocupa\u021bional\u0103;<\/li>\n\n\n\n<li>Terapie neurofeedback;<\/li>\n\n\n\n<li>Consiliere psihologic\u0103 \u0219i social\u0103;<\/li>\n\n\n\n<li>Echipa mobil\u0103, care va asista la domiciliu persoanele cu dizabilit\u0103\u021bi netransportabile;<\/li>\n\n\n\n<li>Informare \u0219i consiliere pentru apar\u021bin\u0103tori.<\/li>\n<\/ul>\n\n\n\n<p>Costul total al proiectul este 5.776.876 de lei, din care 3.342.334 de lei sunt fonduri nerambursabile, din PNRR.<\/p>\n\n\n\n<p><strong>&nbsp;CITE\u0218TE \u0218I:<\/strong><\/p>\n\n\n\n<figure class=\"wp-block-embed is-type-wp-embed is-provider-buletin-de-bucure-ti wp-block-embed-buletin-de-bucure-ti\"><div class=\"wp-block-embed__wrapper\">\n<blockquote class=\"wp-embedded-content\" data-secret=\"cAmM1vSZIT\"><a href=\"https:\/\/buletin.de\/bucuresti\/sector-6-500-de-mii-de-euro-pentru-reamenajarea-zonei-frigocom\/\">Sector 6 | 500 de mii de euro pentru reamenajarea zonei Frigocom<\/a><\/blockquote><iframe class=\"wp-embedded-content\" sandbox=\"allow-scripts\" security=\"restricted\" style=\"position: absolute; clip: rect(1px, 1px, 1px, 1px);\" title=\"&#8220;Sector 6 | 500 de mii de euro pentru reamenajarea zonei Frigocom&#8221; &#8212; Buletin de Bucure\u0219ti\" src=\"https:\/\/buletin.de\/bucuresti\/sector-6-500-de-mii-de-euro-pentru-reamenajarea-zonei-frigocom\/embed\/#?secret=FKYIXsx3Ab#?secret=cAmM1vSZIT\" data-secret=\"cAmM1vSZIT\" width=\"600\" height=\"338\" frameborder=\"0\" marginwidth=\"0\" marginheight=\"0\" scrolling=\"no\"><\/iframe>\n<\/div><\/figure>\n","protected":false},"excerpt":{"rendered":"<p>Persoanele cu dizabilit\u0103\u021bi din Sectorul 6 vor beneficia de un centru nou de recuperare neuromotorie. Elaborarea documenta\u021biei necesare pentru construirea \u0219i deschiderea sa este \u00een curs de finalizare. Centrul de recuperare neuromotorie va func\u021biona pe Aleea Danaide, din cartierul Br\u00e2ncu\u0219i iar lucr\u0103rile vor dura 26 de luni. De servicii medicale vor beneficia 90 de persoane [&hellip;]<\/p>\n","protected":false},"author":49,"featured_media":89460,"comment_status":"closed","ping_status":"open","sticky":false,"template":"","format":"standard","meta":{"_acf_changed":false,"inline_featured_image":false,"ngg_post_thumbnail":0,"footnotes":""},"categories":[6994,24,62],"tags":[8966,13076,523],"ppma_author":[22574],"class_list":["post-89459","post","type-post","status-publish","format-standard","has-post-thumbnail","hentry","category-stiri-2","category-primarie","category-stiri","tag-cartier-brancusi","tag-centru-recuperare-neuromotorie","tag-sector-6"],"acf":[],"yoast_head":"<!-- This site is optimized with the Yoast SEO Premium plugin v25.3 (Yoast SEO v27.4) - https:\/\/yoast.com\/product\/yoast-seo-premium-wordpress\/ -->\n<title>Sector 6 | Centru de recuperare neuromotorie, de peste 1 milion de euro, \u00een cartierul Br\u00e2ncu\u0219i - Buletin de Bucure\u0219ti<\/title>\n<meta name=\"robots\" content=\"index, follow, max-snippet:-1, max-image-preview:large, max-video-preview:-1\" \/>\n<link rel=\"canonical\" href=\"https:\/\/buletin.de\/bucuresti\/sector-6-centru-de-recuperare-neuromotorie-de-peste-1-milion-de-euro-in-cartierul-brancusi\/\" \/>\n<meta property=\"og:locale\" content=\"en_GB\" \/>\n<meta property=\"og:type\" content=\"article\" \/>\n<meta property=\"og:title\" content=\"Sector 6 | Centru de recuperare neuromotorie, de peste 1 milion de euro, \u00een cartierul Br\u00e2ncu\u0219i\" \/>\n<meta property=\"og:description\" content=\"Persoanele cu dizabilit\u0103\u021bi din Sectorul 6 vor beneficia de un centru nou de recuperare neuromotorie. Elaborarea documenta\u021biei necesare pentru construirea \u0219i deschiderea sa este \u00een curs de finalizare. Centrul de recuperare neuromotorie va func\u021biona pe Aleea Danaide, din cartierul Br\u00e2ncu\u0219i iar lucr\u0103rile vor dura 26 de luni. De servicii medicale vor beneficia 90 de persoane [&hellip;]\" \/>\n<meta property=\"og:url\" content=\"https:\/\/buletin.de\/bucuresti\/sector-6-centru-de-recuperare-neuromotorie-de-peste-1-milion-de-euro-in-cartierul-brancusi\/\" \/>\n<meta property=\"og:site_name\" content=\"Buletin de Bucure\u0219ti\" \/>\n<meta property=\"article:publisher\" content=\"https:\/\/www.facebook.com\/buletin.de.buc\" \/>\n<meta property=\"article:published_time\" content=\"2024-06-29T05:56:00+00:00\" \/>\n<meta property=\"og:image\" content=\"https:\/\/buletin.de\/bucuresti\/wp-content\/uploads\/449449942_875165414641397_9221797622563553064_n.jpg\" \/>\n\t<meta property=\"og:image:width\" content=\"1280\" \/>\n\t<meta property=\"og:image:height\" content=\"720\" \/>\n\t<meta property=\"og:image:type\" content=\"image\/jpeg\" \/>\n<meta name=\"author\" content=\"Diana Matei\" \/>\n<meta name=\"twitter:card\" content=\"summary_large_image\" \/>\n<meta name=\"twitter:label1\" content=\"Written by\" \/>\n\t<meta name=\"twitter:data1\" content=\"Diana Matei\" \/>\n\t<meta name=\"twitter:label2\" content=\"Estimated reading time\" \/>\n\t<meta name=\"twitter:data2\" content=\"2 minutes\" \/>\n<script type=\"application\/ld+json\" class=\"yoast-schema-graph\">{\"@context\":\"https:\\\/\\\/schema.org\",\"@graph\":[{\"@type\":\"Article\",\"@id\":\"https:\\\/\\\/buletin.de\\\/bucuresti\\\/sector-6-centru-de-recuperare-neuromotorie-de-peste-1-milion-de-euro-in-cartierul-brancusi\\\/#article\",\"isPartOf\":{\"@id\":\"https:\\\/\\\/buletin.de\\\/bucuresti\\\/sector-6-centru-de-recuperare-neuromotorie-de-peste-1-milion-de-euro-in-cartierul-brancusi\\\/\"},\"author\":{\"name\":\"Diana Matei\",\"@id\":\"https:\\\/\\\/buletin.de\\\/bucuresti\\\/#\\\/schema\\\/person\\\/7e46040573290777280a0835d81ea4ea\"},\"headline\":\"Sector 6 | Centru de recuperare neuromotorie, de peste 1 milion de euro, \u00een cartierul Br\u00e2ncu\u0219i\",\"datePublished\":\"2024-06-29T05:56:00+00:00\",\"mainEntityOfPage\":{\"@id\":\"https:\\\/\\\/buletin.de\\\/bucuresti\\\/sector-6-centru-de-recuperare-neuromotorie-de-peste-1-milion-de-euro-in-cartierul-brancusi\\\/\"},\"wordCount\":175,\"publisher\":{\"@id\":\"https:\\\/\\\/buletin.de\\\/bucuresti\\\/#organization\"},\"image\":{\"@id\":\"https:\\\/\\\/buletin.de\\\/bucuresti\\\/sector-6-centru-de-recuperare-neuromotorie-de-peste-1-milion-de-euro-in-cartierul-brancusi\\\/#primaryimage\"},\"thumbnailUrl\":\"https:\\\/\\\/buletin.de\\\/bucuresti\\\/wp-content\\\/uploads\\\/449449942_875165414641397_9221797622563553064_n.jpg\",\"keywords\":[\"Cartier Brancusi\",\"centru recuperare neuromotorie\",\"Sector 6\"],\"articleSection\":[\"Articole\",\"Prim\u0103rie\",\"\u0218tiri\"],\"inLanguage\":\"en-GB\",\"copyrightYear\":\"2024\",\"copyrightHolder\":{\"@id\":\"https:\\\/\\\/buletin.de\\\/bucuresti\\\/#organization\"}},{\"@type\":\"WebPage\",\"@id\":\"https:\\\/\\\/buletin.de\\\/bucuresti\\\/sector-6-centru-de-recuperare-neuromotorie-de-peste-1-milion-de-euro-in-cartierul-brancusi\\\/\",\"url\":\"https:\\\/\\\/buletin.de\\\/bucuresti\\\/sector-6-centru-de-recuperare-neuromotorie-de-peste-1-milion-de-euro-in-cartierul-brancusi\\\/\",\"name\":\"Sector 6 | Centru de recuperare neuromotorie, de peste 1 milion de euro, \u00een cartierul Br\u00e2ncu\u0219i - Buletin de Bucure\u0219ti\",\"isPartOf\":{\"@id\":\"https:\\\/\\\/buletin.de\\\/bucuresti\\\/#website\"},\"primaryImageOfPage\":{\"@id\":\"https:\\\/\\\/buletin.de\\\/bucuresti\\\/sector-6-centru-de-recuperare-neuromotorie-de-peste-1-milion-de-euro-in-cartierul-brancusi\\\/#primaryimage\"},\"image\":{\"@id\":\"https:\\\/\\\/buletin.de\\\/bucuresti\\\/sector-6-centru-de-recuperare-neuromotorie-de-peste-1-milion-de-euro-in-cartierul-brancusi\\\/#primaryimage\"},\"thumbnailUrl\":\"https:\\\/\\\/buletin.de\\\/bucuresti\\\/wp-content\\\/uploads\\\/449449942_875165414641397_9221797622563553064_n.jpg\",\"datePublished\":\"2024-06-29T05:56:00+00:00\",\"breadcrumb\":{\"@id\":\"https:\\\/\\\/buletin.de\\\/bucuresti\\\/sector-6-centru-de-recuperare-neuromotorie-de-peste-1-milion-de-euro-in-cartierul-brancusi\\\/#breadcrumb\"},\"inLanguage\":\"en-GB\",\"potentialAction\":[{\"@type\":\"ReadAction\",\"target\":[\"https:\\\/\\\/buletin.de\\\/bucuresti\\\/sector-6-centru-de-recuperare-neuromotorie-de-peste-1-milion-de-euro-in-cartierul-brancusi\\\/\"]}]},{\"@type\":\"ImageObject\",\"inLanguage\":\"en-GB\",\"@id\":\"https:\\\/\\\/buletin.de\\\/bucuresti\\\/sector-6-centru-de-recuperare-neuromotorie-de-peste-1-milion-de-euro-in-cartierul-brancusi\\\/#primaryimage\",\"url\":\"https:\\\/\\\/buletin.de\\\/bucuresti\\\/wp-content\\\/uploads\\\/449449942_875165414641397_9221797622563553064_n.jpg\",\"contentUrl\":\"https:\\\/\\\/buletin.de\\\/bucuresti\\\/wp-content\\\/uploads\\\/449449942_875165414641397_9221797622563553064_n.jpg\",\"width\":1280,\"height\":720,\"caption\":\"FOTO: Primaria Sector 6\"},{\"@type\":\"BreadcrumbList\",\"@id\":\"https:\\\/\\\/buletin.de\\\/bucuresti\\\/sector-6-centru-de-recuperare-neuromotorie-de-peste-1-milion-de-euro-in-cartierul-brancusi\\\/#breadcrumb\",\"itemListElement\":[{\"@type\":\"ListItem\",\"position\":1,\"name\":\"Acas\u0103\",\"item\":\"https:\\\/\\\/buletin.de\\\/bucuresti\\\/\"},{\"@type\":\"ListItem\",\"position\":2,\"name\":\"Sector 6 | Centru de recuperare neuromotorie, de peste 1 milion de euro, \u00een cartierul Br\u00e2ncu\u0219i\"}]},{\"@type\":\"WebSite\",\"@id\":\"https:\\\/\\\/buletin.de\\\/bucuresti\\\/#website\",\"url\":\"https:\\\/\\\/buletin.de\\\/bucuresti\\\/\",\"name\":\"Buletin de Bucure\u0219ti\",\"description\":\"\u0218tiri \u0219i investiga\u021bii esen\u021biale din capital\u0103\",\"publisher\":{\"@id\":\"https:\\\/\\\/buletin.de\\\/bucuresti\\\/#organization\"},\"potentialAction\":[{\"@type\":\"SearchAction\",\"target\":{\"@type\":\"EntryPoint\",\"urlTemplate\":\"https:\\\/\\\/buletin.de\\\/bucuresti\\\/?s={search_term_string}\"},\"query-input\":{\"@type\":\"PropertyValueSpecification\",\"valueRequired\":true,\"valueName\":\"search_term_string\"}}],\"inLanguage\":\"en-GB\"},{\"@type\":\"Organization\",\"@id\":\"https:\\\/\\\/buletin.de\\\/bucuresti\\\/#organization\",\"name\":\"Buletin de Bucure\u0219ti\",\"url\":\"https:\\\/\\\/buletin.de\\\/bucuresti\\\/\",\"logo\":{\"@type\":\"ImageObject\",\"inLanguage\":\"en-GB\",\"@id\":\"https:\\\/\\\/buletin.de\\\/bucuresti\\\/#\\\/schema\\\/logo\\\/image\\\/\",\"url\":\"https:\\\/\\\/buletin.de\\\/bucuresti\\\/wp-content\\\/uploads\\\/logo-bdb-full-wide-vernil-transparent.png\",\"contentUrl\":\"https:\\\/\\\/buletin.de\\\/bucuresti\\\/wp-content\\\/uploads\\\/logo-bdb-full-wide-vernil-transparent.png\",\"width\":1782,\"height\":626,\"caption\":\"Buletin de Bucure\u0219ti\"},\"image\":{\"@id\":\"https:\\\/\\\/buletin.de\\\/bucuresti\\\/#\\\/schema\\\/logo\\\/image\\\/\"},\"sameAs\":[\"https:\\\/\\\/www.facebook.com\\\/buletin.de.buc\",\"https:\\\/\\\/www.instagram.com\\\/buletinde.bucuresti\\\/\"]},{\"@type\":\"Person\",\"@id\":\"https:\\\/\\\/buletin.de\\\/bucuresti\\\/#\\\/schema\\\/person\\\/7e46040573290777280a0835d81ea4ea\",\"name\":\"Diana Matei\",\"image\":{\"@type\":\"ImageObject\",\"inLanguage\":\"en-GB\",\"@id\":\"https:\\\/\\\/buletin.de\\\/bucuresti\\\/wp-content\\\/uploads\\\/9-2-96x96.jpg1e8590b30871d70e62ebcdaf2eff570c\",\"url\":\"https:\\\/\\\/buletin.de\\\/bucuresti\\\/wp-content\\\/uploads\\\/9-2-96x96.jpg\",\"contentUrl\":\"https:\\\/\\\/buletin.de\\\/bucuresti\\\/wp-content\\\/uploads\\\/9-2-96x96.jpg\",\"caption\":\"Diana Matei\"},\"url\":\"https:\\\/\\\/buletin.de\\\/bucuresti\\\/author\\\/dianamatei\\\/\"}]}<\/script>\n<!-- \/ Yoast SEO Premium plugin. -->","yoast_head_json":{"title":"Sector 6 | Centru de recuperare neuromotorie, de peste 1 milion de euro, \u00een cartierul Br\u00e2ncu\u0219i - Buletin de Bucure\u0219ti","robots":{"index":"index","follow":"follow","max-snippet":"max-snippet:-1","max-image-preview":"max-image-preview:large","max-video-preview":"max-video-preview:-1"},"canonical":"https:\/\/buletin.de\/bucuresti\/sector-6-centru-de-recuperare-neuromotorie-de-peste-1-milion-de-euro-in-cartierul-brancusi\/","og_locale":"en_GB","og_type":"article","og_title":"Sector 6 | Centru de recuperare neuromotorie, de peste 1 milion de euro, \u00een cartierul Br\u00e2ncu\u0219i","og_description":"Persoanele cu dizabilit\u0103\u021bi din Sectorul 6 vor beneficia de un centru nou de recuperare neuromotorie. Elaborarea documenta\u021biei necesare pentru construirea \u0219i deschiderea sa este \u00een curs de finalizare. Centrul de recuperare neuromotorie va func\u021biona pe Aleea Danaide, din cartierul Br\u00e2ncu\u0219i iar lucr\u0103rile vor dura 26 de luni. De servicii medicale vor beneficia 90 de persoane [&hellip;]","og_url":"https:\/\/buletin.de\/bucuresti\/sector-6-centru-de-recuperare-neuromotorie-de-peste-1-milion-de-euro-in-cartierul-brancusi\/","og_site_name":"Buletin de Bucure\u0219ti","article_publisher":"https:\/\/www.facebook.com\/buletin.de.buc","article_published_time":"2024-06-29T05:56:00+00:00","og_image":[{"width":1280,"height":720,"url":"https:\/\/buletin.de\/bucuresti\/wp-content\/uploads\/449449942_875165414641397_9221797622563553064_n.jpg","type":"image\/jpeg"}],"author":"Diana Matei","twitter_card":"summary_large_image","twitter_misc":{"Written by":"Diana Matei","Estimated reading time":"2 minutes"},"schema":{"@context":"https:\/\/schema.org","@graph":[{"@type":"Article","@id":"https:\/\/buletin.de\/bucuresti\/sector-6-centru-de-recuperare-neuromotorie-de-peste-1-milion-de-euro-in-cartierul-brancusi\/#article","isPartOf":{"@id":"https:\/\/buletin.de\/bucuresti\/sector-6-centru-de-recuperare-neuromotorie-de-peste-1-milion-de-euro-in-cartierul-brancusi\/"},"author":{"name":"Diana Matei","@id":"https:\/\/buletin.de\/bucuresti\/#\/schema\/person\/7e46040573290777280a0835d81ea4ea"},"headline":"Sector 6 | Centru de recuperare neuromotorie, de peste 1 milion de euro, \u00een cartierul Br\u00e2ncu\u0219i","datePublished":"2024-06-29T05:56:00+00:00","mainEntityOfPage":{"@id":"https:\/\/buletin.de\/bucuresti\/sector-6-centru-de-recuperare-neuromotorie-de-peste-1-milion-de-euro-in-cartierul-brancusi\/"},"wordCount":175,"publisher":{"@id":"https:\/\/buletin.de\/bucuresti\/#organization"},"image":{"@id":"https:\/\/buletin.de\/bucuresti\/sector-6-centru-de-recuperare-neuromotorie-de-peste-1-milion-de-euro-in-cartierul-brancusi\/#primaryimage"},"thumbnailUrl":"https:\/\/buletin.de\/bucuresti\/wp-content\/uploads\/449449942_875165414641397_9221797622563553064_n.jpg","keywords":["Cartier Brancusi","centru recuperare neuromotorie","Sector 6"],"articleSection":["Articole","Prim\u0103rie","\u0218tiri"],"inLanguage":"en-GB","copyrightYear":"2024","copyrightHolder":{"@id":"https:\/\/buletin.de\/bucuresti\/#organization"}},{"@type":"WebPage","@id":"https:\/\/buletin.de\/bucuresti\/sector-6-centru-de-recuperare-neuromotorie-de-peste-1-milion-de-euro-in-cartierul-brancusi\/","url":"https:\/\/buletin.de\/bucuresti\/sector-6-centru-de-recuperare-neuromotorie-de-peste-1-milion-de-euro-in-cartierul-brancusi\/","name":"Sector 6 | Centru de recuperare neuromotorie, de peste 1 milion de euro, \u00een cartierul Br\u00e2ncu\u0219i - Buletin de Bucure\u0219ti","isPartOf":{"@id":"https:\/\/buletin.de\/bucuresti\/#website"},"primaryImageOfPage":{"@id":"https:\/\/buletin.de\/bucuresti\/sector-6-centru-de-recuperare-neuromotorie-de-peste-1-milion-de-euro-in-cartierul-brancusi\/#primaryimage"},"image":{"@id":"https:\/\/buletin.de\/bucuresti\/sector-6-centru-de-recuperare-neuromotorie-de-peste-1-milion-de-euro-in-cartierul-brancusi\/#primaryimage"},"thumbnailUrl":"https:\/\/buletin.de\/bucuresti\/wp-content\/uploads\/449449942_875165414641397_9221797622563553064_n.jpg","datePublished":"2024-06-29T05:56:00+00:00","breadcrumb":{"@id":"https:\/\/buletin.de\/bucuresti\/sector-6-centru-de-recuperare-neuromotorie-de-peste-1-milion-de-euro-in-cartierul-brancusi\/#breadcrumb"},"inLanguage":"en-GB","potentialAction":[{"@type":"ReadAction","target":["https:\/\/buletin.de\/bucuresti\/sector-6-centru-de-recuperare-neuromotorie-de-peste-1-milion-de-euro-in-cartierul-brancusi\/"]}]},{"@type":"ImageObject","inLanguage":"en-GB","@id":"https:\/\/buletin.de\/bucuresti\/sector-6-centru-de-recuperare-neuromotorie-de-peste-1-milion-de-euro-in-cartierul-brancusi\/#primaryimage","url":"https:\/\/buletin.de\/bucuresti\/wp-content\/uploads\/449449942_875165414641397_9221797622563553064_n.jpg","contentUrl":"https:\/\/buletin.de\/bucuresti\/wp-content\/uploads\/449449942_875165414641397_9221797622563553064_n.jpg","width":1280,"height":720,"caption":"FOTO: Primaria Sector 6"},{"@type":"BreadcrumbList","@id":"https:\/\/buletin.de\/bucuresti\/sector-6-centru-de-recuperare-neuromotorie-de-peste-1-milion-de-euro-in-cartierul-brancusi\/#breadcrumb","itemListElement":[{"@type":"ListItem","position":1,"name":"Acas\u0103","item":"https:\/\/buletin.de\/bucuresti\/"},{"@type":"ListItem","position":2,"name":"Sector 6 | Centru de recuperare neuromotorie, de peste 1 milion de euro, \u00een cartierul Br\u00e2ncu\u0219i"}]},{"@type":"WebSite","@id":"https:\/\/buletin.de\/bucuresti\/#website","url":"https:\/\/buletin.de\/bucuresti\/","name":"Buletin de Bucure\u0219ti","description":"\u0218tiri \u0219i investiga\u021bii esen\u021biale din capital\u0103","publisher":{"@id":"https:\/\/buletin.de\/bucuresti\/#organization"},"potentialAction":[{"@type":"SearchAction","target":{"@type":"EntryPoint","urlTemplate":"https:\/\/buletin.de\/bucuresti\/?s={search_term_string}"},"query-input":{"@type":"PropertyValueSpecification","valueRequired":true,"valueName":"search_term_string"}}],"inLanguage":"en-GB"},{"@type":"Organization","@id":"https:\/\/buletin.de\/bucuresti\/#organization","name":"Buletin de Bucure\u0219ti","url":"https:\/\/buletin.de\/bucuresti\/","logo":{"@type":"ImageObject","inLanguage":"en-GB","@id":"https:\/\/buletin.de\/bucuresti\/#\/schema\/logo\/image\/","url":"https:\/\/buletin.de\/bucuresti\/wp-content\/uploads\/logo-bdb-full-wide-vernil-transparent.png","contentUrl":"https:\/\/buletin.de\/bucuresti\/wp-content\/uploads\/logo-bdb-full-wide-vernil-transparent.png","width":1782,"height":626,"caption":"Buletin de Bucure\u0219ti"},"image":{"@id":"https:\/\/buletin.de\/bucuresti\/#\/schema\/logo\/image\/"},"sameAs":["https:\/\/www.facebook.com\/buletin.de.buc","https:\/\/www.instagram.com\/buletinde.bucuresti\/"]},{"@type":"Person","@id":"https:\/\/buletin.de\/bucuresti\/#\/schema\/person\/7e46040573290777280a0835d81ea4ea","name":"Diana Matei","image":{"@type":"ImageObject","inLanguage":"en-GB","@id":"https:\/\/buletin.de\/bucuresti\/wp-content\/uploads\/9-2-96x96.jpg1e8590b30871d70e62ebcdaf2eff570c","url":"https:\/\/buletin.de\/bucuresti\/wp-content\/uploads\/9-2-96x96.jpg","contentUrl":"https:\/\/buletin.de\/bucuresti\/wp-content\/uploads\/9-2-96x96.jpg","caption":"Diana Matei"},"url":"https:\/\/buletin.de\/bucuresti\/author\/dianamatei\/"}]}},"authors":[{"term_id":22574,"user_id":49,"is_guest":0,"slug":"dianamatei","display_name":"Diana Matei","avatar_url":"https:\/\/buletin.de\/bucuresti\/wp-content\/uploads\/9-2-96x96.jpg","0":null,"1":"","2":"","3":"","4":"","5":"","6":"","7":"","8":""}],"_links":{"self":[{"href":"https:\/\/buletin.de\/bucuresti\/wp-json\/wp\/v2\/posts\/89459","targetHints":{"allow":["GET"]}}],"collection":[{"href":"https:\/\/buletin.de\/bucuresti\/wp-json\/wp\/v2\/posts"}],"about":[{"href":"https:\/\/buletin.de\/bucuresti\/wp-json\/wp\/v2\/types\/post"}],"author":[{"embeddable":true,"href":"https:\/\/buletin.de\/bucuresti\/wp-json\/wp\/v2\/users\/49"}],"replies":[{"embeddable":true,"href":"https:\/\/buletin.de\/bucuresti\/wp-json\/wp\/v2\/comments?post=89459"}],"version-history":[{"count":2,"href":"https:\/\/buletin.de\/bucuresti\/wp-json\/wp\/v2\/posts\/89459\/revisions"}],"predecessor-version":[{"id":89533,"href":"https:\/\/buletin.de\/bucuresti\/wp-json\/wp\/v2\/posts\/89459\/revisions\/89533"}],"wp:featuredmedia":[{"embeddable":true,"href":"https:\/\/buletin.de\/bucuresti\/wp-json\/wp\/v2\/media\/89460"}],"wp:attachment":[{"href":"https:\/\/buletin.de\/bucuresti\/wp-json\/wp\/v2\/media?parent=89459"}],"wp:term":[{"taxonomy":"category","embeddable":true,"href":"https:\/\/buletin.de\/bucuresti\/wp-json\/wp\/v2\/categories?post=89459"},{"taxonomy":"post_tag","embeddable":true,"href":"https:\/\/buletin.de\/bucuresti\/wp-json\/wp\/v2\/tags?post=89459"},{"taxonomy":"author","embeddable":true,"href":"https:\/\/buletin.de\/bucuresti\/wp-json\/wp\/v2\/ppma_author?post=89459"}],"curies":[{"name":"wp","href":"https:\/\/api.w.org\/{rel}","templated":true}]}}