{"id":89440,"date":"2024-06-28T10:50:41","date_gmt":"2024-06-28T07:50:41","guid":{"rendered":"https:\/\/buletin.de\/bucuresti\/?p=89440"},"modified":"2024-06-28T10:57:27","modified_gmt":"2024-06-28T07:57:27","slug":"m6-otopeni-trafic-restrictionat-in-zona-piata-presei-libere","status":"publish","type":"post","link":"https:\/\/buletin.de\/bucuresti\/m6-otopeni-trafic-restrictionat-in-zona-piata-presei-libere\/","title":{"rendered":"M6 Otopeni | Trafic restric\u021bionat \u00een zona Pia\u021ba Presei Libere"},"content":{"rendered":"\n<p><strong>Metrorex anun\u021b\u0103 restric\u021bii de trafic \u00eentre Pia\u021ba Montreal \u0219i Pia\u021ba Presei Libere \u00een perioada 6 iulie &#8211; 7 septembrie, din cauza lucr\u0103rilor la magistrala de metrou M6 pe sec\u021biunea 1 Mai &#8211; Otopeni.&nbsp;<\/strong><\/p>\n\n\n\n<p>Traficul se va desf\u0103\u0219ura pe trei benzi de circula\u021bie de pe Bd. M\u0103r\u0103\u0219ti, \u00eentre Pia\u021ba Montreal \u0219i Pia\u021ba Presei Libere. Aceste m\u0103suri sunt impuse de planul de lucr\u0103ri pentru viitoarea sta\u021bie de metrou Pia\u021ba Montreal de pe aliniamentul viitoarei Magistrale M6, Sec\u021biunea Sud. Lucr\u0103rile includ construc\u021bia sta\u021biilor, galeriilor \u0219i tunelurilor pentru sec\u021biunea 1 Mai &#8211; Tokyo.<\/p>\n\n\n\n<figure class=\"wp-block-image size-large\"><img fetchpriority=\"high\" decoding=\"async\" width=\"900\" height=\"613\" src=\"data:image\/gif;base64,R0lGODlhAQABAAAAACH5BAEKAAEALAAAAAABAAEAAAICTAEAOw==\" data-src=\"https:\/\/buletin.de\/bucuresti\/wp-content\/uploads\/metrorex-restrictii-m6-1-900x613.jpg\" alt=\"\" class=\"wp-image-89443 lazyload\" data-sizes=\"auto\" data-srcset=\"https:\/\/buletin.de\/bucuresti\/wp-content\/uploads\/metrorex-restrictii-m6-1-900x613.jpg 900w, https:\/\/buletin.de\/bucuresti\/wp-content\/uploads\/metrorex-restrictii-m6-1-300x204.jpg 300w, https:\/\/buletin.de\/bucuresti\/wp-content\/uploads\/metrorex-restrictii-m6-1-768x523.jpg 768w, https:\/\/buletin.de\/bucuresti\/wp-content\/uploads\/metrorex-restrictii-m6-1-600x408.jpg 600w, https:\/\/buletin.de\/bucuresti\/wp-content\/uploads\/metrorex-restrictii-m6-1-20x14.jpg 20w, https:\/\/buletin.de\/bucuresti\/wp-content\/uploads\/metrorex-restrictii-m6-1.jpg 1080w\" sizes=\"(max-width: 900px) 100vw, 900px\" \/><\/figure>\n\n\n\n<p>FOTO: Facebook \/ Metrorex<\/p>\n\n\n\n<p>Traficul va fi deviat \u0219i semnalat corespunz\u0103tor \u00een intersec\u021biile principale din zon\u0103:&nbsp;<\/p>\n\n\n\n<ul class=\"wp-block-list\">\n<li>Bd. Ion Mihalache &#8211; Str. Aviator Popi\u0219teanu<\/li>\n\n\n\n<li>Str. Aviator Popi\u0219teanu &#8211; Bd. Expozi\u021biei<\/li>\n\n\n\n<li>Str. Parcului &#8211; Bd. Expozi\u021biei &#8211; Str. Aviator Traian Vasile<\/li>\n\n\n\n<li>Bd. M\u0103r\u0103\u0219ti &#8211; Str. Alexandru Constantinescu<\/li>\n\n\n\n<li>Bd. M\u0103r\u0103\u0219ti &#8211; Bd. Mare\u0219al Alexandru Averescu<\/li>\n<\/ul>\n\n\n\n<p>De asemenea, pietonii vor putea traversa pe trecerile de pietoni existente la capetele tronsonului restric\u021bionat.&nbsp;<\/p>\n\n\n\n<p>Magistrala M6 va conecta Gara de Nord cu Aeroportul Otopeni, f\u0103r\u0103 ca pasagerii s\u0103 mai schimbe trenurile la sta\u021bia 1 Mai \u0219i va acoperi un traseu de 14,2 km. Se va desf\u0103\u0219ura pe 12 sta\u021bii: Pajura, Expozi\u021biei, Pia\u021ba Montreal, Gara B\u0103neasa, Aeroportul B\u0103neasa, Tokyo, Washington, Paris, Bruxelles, Otopeni, Ion I. C. Br\u0103tianu \u0219i Aeroportul Interna\u021bional Henri Coand\u0103.<\/p>\n\n\n\n<p>Proiectul de interes na\u021bional este finan\u021bat din fonduri externe rambursabile \u0219i nerambursabile.&nbsp;<\/p>\n\n\n\n<p>Aceste noi restric\u021bii se adaug\u0103 celor anun\u021bate anterior pentru zona Gara B\u0103neasa \u2013 F\u00e2nt\u00e2na Miori\u021ba. \u00cencep\u00e2nd de s\u00e2mb\u0103t\u0103, 29 iunie, primele dou\u0103 benzi de pe DN1 vor fi \u00eenchise \u00een sensul de intrare \u00een Capital\u0103, tot din cauza \u0219antierului magistralei de metrou M6.\u00a0<\/p>\n\n\n\n<p>CITE\u0218TE \u0218I:&nbsp;<\/p>\n\n\n\n<figure class=\"wp-block-embed is-type-wp-embed is-provider-buletin-de-bucure-ti wp-block-embed-buletin-de-bucure-ti\"><div class=\"wp-block-embed__wrapper\">\n<blockquote class=\"wp-embedded-content\" data-secret=\"8tIEmtF40Q\"><a href=\"https:\/\/buletin.de\/bucuresti\/m6-otopeni-restrictii-de-circulatie-in-zona-miorita-doua-benzi-de-pe-dn1-blocate\/\">M6 Otopeni | Restric\u0163ii de circula\u0163ie \u00een zona Miori\u0163a. Dou\u0103 benzi de\u00a0pe\u00a0DN1,\u00a0blocate<\/a><\/blockquote><iframe class=\"wp-embedded-content\" sandbox=\"allow-scripts\" security=\"restricted\" style=\"position: absolute; clip: rect(1px, 1px, 1px, 1px);\" title=\"&#8220;M6 Otopeni | Restric\u0163ii de circula\u0163ie \u00een zona Miori\u0163a. Dou\u0103 benzi de\u00a0pe\u00a0DN1,\u00a0blocate&#8221; &#8212; Buletin de Bucure\u0219ti\" src=\"https:\/\/buletin.de\/bucuresti\/m6-otopeni-restrictii-de-circulatie-in-zona-miorita-doua-benzi-de-pe-dn1-blocate\/embed\/#?secret=LEQe11NOsA#?secret=8tIEmtF40Q\" data-secret=\"8tIEmtF40Q\" width=\"600\" height=\"338\" frameborder=\"0\" marginwidth=\"0\" marginheight=\"0\" scrolling=\"no\"><\/iframe>\n<\/div><\/figure>\n","protected":false},"excerpt":{"rendered":"<p>Metrorex anun\u021b\u0103 restric\u021bii de trafic \u00eentre Pia\u021ba Montreal \u0219i Pia\u021ba Presei Libere \u00een perioada 6 iulie &#8211; 7 septembrie, din cauza lucr\u0103rilor la magistrala de metrou M6 pe sec\u021biunea 1 Mai &#8211; Otopeni.&nbsp; Traficul se va desf\u0103\u0219ura pe trei benzi de circula\u021bie de pe Bd. M\u0103r\u0103\u0219ti, \u00eentre Pia\u021ba Montreal \u0219i Pia\u021ba Presei Libere. Aceste m\u0103suri [&hellip;]<\/p>\n","protected":false},"author":58,"featured_media":89445,"comment_status":"closed","ping_status":"open","sticky":false,"template":"","format":"standard","meta":{"_acf_changed":false,"inline_featured_image":false,"ngg_post_thumbnail":0,"footnotes":""},"categories":[6994,62,650],"tags":[13073,2173,377,13072,11820,135],"ppma_author":[22581],"class_list":["post-89440","post","type-post","status-publish","format-standard","has-post-thumbnail","hentry","category-stiri-2","category-stiri","category-transport","tag-bulevard-marasti","tag-m6","tag-metrorex","tag-piata-montreal","tag-piata-presei-libere","tag-restrictii"],"acf":[],"yoast_head":"<!-- This site is optimized with the Yoast SEO Premium plugin v25.3 (Yoast SEO v27.5) - https:\/\/yoast.com\/product\/yoast-seo-premium-wordpress\/ -->\n<title>M6 Otopeni | Trafic restric\u021bionat \u00een zona Pia\u021ba Presei Libere - Buletin de Bucure\u0219ti<\/title>\n<meta name=\"robots\" content=\"index, follow, max-snippet:-1, max-image-preview:large, max-video-preview:-1\" \/>\n<link rel=\"canonical\" href=\"https:\/\/buletin.de\/bucuresti\/m6-otopeni-trafic-restrictionat-in-zona-piata-presei-libere\/\" \/>\n<meta property=\"og:locale\" content=\"en_GB\" \/>\n<meta property=\"og:type\" content=\"article\" \/>\n<meta property=\"og:title\" content=\"M6 Otopeni | Trafic restric\u021bionat \u00een zona Pia\u021ba Presei Libere\" \/>\n<meta property=\"og:description\" content=\"Metrorex anun\u021b\u0103 restric\u021bii de trafic \u00eentre Pia\u021ba Montreal \u0219i Pia\u021ba Presei Libere \u00een perioada 6 iulie &#8211; 7 septembrie, din cauza lucr\u0103rilor la magistrala de metrou M6 pe sec\u021biunea 1 Mai &#8211; Otopeni.&nbsp; Traficul se va desf\u0103\u0219ura pe trei benzi de circula\u021bie de pe Bd. M\u0103r\u0103\u0219ti, \u00eentre Pia\u021ba Montreal \u0219i Pia\u021ba Presei Libere. Aceste m\u0103suri [&hellip;]\" \/>\n<meta property=\"og:url\" content=\"https:\/\/buletin.de\/bucuresti\/m6-otopeni-trafic-restrictionat-in-zona-piata-presei-libere\/\" \/>\n<meta property=\"og:site_name\" content=\"Buletin de Bucure\u0219ti\" \/>\n<meta property=\"article:publisher\" content=\"https:\/\/www.facebook.com\/buletin.de.buc\" \/>\n<meta property=\"article:published_time\" content=\"2024-06-28T07:50:41+00:00\" \/>\n<meta property=\"article:modified_time\" content=\"2024-06-28T07:57:27+00:00\" \/>\n<meta property=\"og:image\" content=\"https:\/\/buletin.de\/bucuresti\/wp-content\/uploads\/bulevardul-marasti.png\" \/>\n\t<meta property=\"og:image:width\" content=\"1245\" \/>\n\t<meta property=\"og:image:height\" content=\"653\" \/>\n\t<meta property=\"og:image:type\" content=\"image\/png\" \/>\n<meta name=\"author\" content=\"Ana Anghel-Dimache\" \/>\n<meta name=\"twitter:card\" content=\"summary_large_image\" \/>\n<meta name=\"twitter:label1\" content=\"Written by\" \/>\n\t<meta name=\"twitter:data1\" content=\"Ana Anghel-Dimache\" \/>\n\t<meta name=\"twitter:label2\" content=\"Estimated reading time\" \/>\n\t<meta name=\"twitter:data2\" content=\"2 minutes\" \/>\n<script type=\"application\/ld+json\" class=\"yoast-schema-graph\">{\"@context\":\"https:\\\/\\\/schema.org\",\"@graph\":[{\"@type\":\"Article\",\"@id\":\"https:\\\/\\\/buletin.de\\\/bucuresti\\\/m6-otopeni-trafic-restrictionat-in-zona-piata-presei-libere\\\/#article\",\"isPartOf\":{\"@id\":\"https:\\\/\\\/buletin.de\\\/bucuresti\\\/m6-otopeni-trafic-restrictionat-in-zona-piata-presei-libere\\\/\"},\"author\":{\"name\":\"Ana Anghel-Dimache\",\"@id\":\"https:\\\/\\\/buletin.de\\\/bucuresti\\\/#\\\/schema\\\/person\\\/359459245996e200ed7c807f71f0551a\"},\"headline\":\"M6 Otopeni | Trafic restric\u021bionat \u00een zona Pia\u021ba Presei Libere\",\"datePublished\":\"2024-06-28T07:50:41+00:00\",\"dateModified\":\"2024-06-28T07:57:27+00:00\",\"mainEntityOfPage\":{\"@id\":\"https:\\\/\\\/buletin.de\\\/bucuresti\\\/m6-otopeni-trafic-restrictionat-in-zona-piata-presei-libere\\\/\"},\"wordCount\":337,\"publisher\":{\"@id\":\"https:\\\/\\\/buletin.de\\\/bucuresti\\\/#organization\"},\"image\":{\"@id\":\"https:\\\/\\\/buletin.de\\\/bucuresti\\\/m6-otopeni-trafic-restrictionat-in-zona-piata-presei-libere\\\/#primaryimage\"},\"thumbnailUrl\":\"https:\\\/\\\/buletin.de\\\/bucuresti\\\/wp-content\\\/uploads\\\/bulevardul-marasti.png\",\"keywords\":[\"Bulevard M\u0103r\u0103\u0219ti\",\"m6\",\"metrorex\",\"pia\u021ba montreal\",\"Pia\u021ba Presei Libere\",\"restric\u021bii\"],\"articleSection\":[\"Articole\",\"\u0218tiri\",\"Transport\"],\"inLanguage\":\"en-GB\",\"copyrightYear\":\"2024\",\"copyrightHolder\":{\"@id\":\"https:\\\/\\\/buletin.de\\\/bucuresti\\\/#organization\"}},{\"@type\":\"WebPage\",\"@id\":\"https:\\\/\\\/buletin.de\\\/bucuresti\\\/m6-otopeni-trafic-restrictionat-in-zona-piata-presei-libere\\\/\",\"url\":\"https:\\\/\\\/buletin.de\\\/bucuresti\\\/m6-otopeni-trafic-restrictionat-in-zona-piata-presei-libere\\\/\",\"name\":\"M6 Otopeni | Trafic restric\u021bionat \u00een zona Pia\u021ba Presei Libere - Buletin de Bucure\u0219ti\",\"isPartOf\":{\"@id\":\"https:\\\/\\\/buletin.de\\\/bucuresti\\\/#website\"},\"primaryImageOfPage\":{\"@id\":\"https:\\\/\\\/buletin.de\\\/bucuresti\\\/m6-otopeni-trafic-restrictionat-in-zona-piata-presei-libere\\\/#primaryimage\"},\"image\":{\"@id\":\"https:\\\/\\\/buletin.de\\\/bucuresti\\\/m6-otopeni-trafic-restrictionat-in-zona-piata-presei-libere\\\/#primaryimage\"},\"thumbnailUrl\":\"https:\\\/\\\/buletin.de\\\/bucuresti\\\/wp-content\\\/uploads\\\/bulevardul-marasti.png\",\"datePublished\":\"2024-06-28T07:50:41+00:00\",\"dateModified\":\"2024-06-28T07:57:27+00:00\",\"breadcrumb\":{\"@id\":\"https:\\\/\\\/buletin.de\\\/bucuresti\\\/m6-otopeni-trafic-restrictionat-in-zona-piata-presei-libere\\\/#breadcrumb\"},\"inLanguage\":\"en-GB\",\"potentialAction\":[{\"@type\":\"ReadAction\",\"target\":[\"https:\\\/\\\/buletin.de\\\/bucuresti\\\/m6-otopeni-trafic-restrictionat-in-zona-piata-presei-libere\\\/\"]}]},{\"@type\":\"ImageObject\",\"inLanguage\":\"en-GB\",\"@id\":\"https:\\\/\\\/buletin.de\\\/bucuresti\\\/m6-otopeni-trafic-restrictionat-in-zona-piata-presei-libere\\\/#primaryimage\",\"url\":\"https:\\\/\\\/buletin.de\\\/bucuresti\\\/wp-content\\\/uploads\\\/bulevardul-marasti.png\",\"contentUrl\":\"https:\\\/\\\/buletin.de\\\/bucuresti\\\/wp-content\\\/uploads\\\/bulevardul-marasti.png\",\"width\":1245,\"height\":653,\"caption\":\"FOTO: Google Street View\"},{\"@type\":\"BreadcrumbList\",\"@id\":\"https:\\\/\\\/buletin.de\\\/bucuresti\\\/m6-otopeni-trafic-restrictionat-in-zona-piata-presei-libere\\\/#breadcrumb\",\"itemListElement\":[{\"@type\":\"ListItem\",\"position\":1,\"name\":\"Acas\u0103\",\"item\":\"https:\\\/\\\/buletin.de\\\/bucuresti\\\/\"},{\"@type\":\"ListItem\",\"position\":2,\"name\":\"M6 Otopeni | Trafic restric\u021bionat \u00een zona Pia\u021ba Presei Libere\"}]},{\"@type\":\"WebSite\",\"@id\":\"https:\\\/\\\/buletin.de\\\/bucuresti\\\/#website\",\"url\":\"https:\\\/\\\/buletin.de\\\/bucuresti\\\/\",\"name\":\"Buletin de Bucure\u0219ti\",\"description\":\"\u0218tiri \u0219i investiga\u021bii esen\u021biale din capital\u0103\",\"publisher\":{\"@id\":\"https:\\\/\\\/buletin.de\\\/bucuresti\\\/#organization\"},\"potentialAction\":[{\"@type\":\"SearchAction\",\"target\":{\"@type\":\"EntryPoint\",\"urlTemplate\":\"https:\\\/\\\/buletin.de\\\/bucuresti\\\/?s={search_term_string}\"},\"query-input\":{\"@type\":\"PropertyValueSpecification\",\"valueRequired\":true,\"valueName\":\"search_term_string\"}}],\"inLanguage\":\"en-GB\"},{\"@type\":\"Organization\",\"@id\":\"https:\\\/\\\/buletin.de\\\/bucuresti\\\/#organization\",\"name\":\"Buletin de Bucure\u0219ti\",\"url\":\"https:\\\/\\\/buletin.de\\\/bucuresti\\\/\",\"logo\":{\"@type\":\"ImageObject\",\"inLanguage\":\"en-GB\",\"@id\":\"https:\\\/\\\/buletin.de\\\/bucuresti\\\/#\\\/schema\\\/logo\\\/image\\\/\",\"url\":\"https:\\\/\\\/buletin.de\\\/bucuresti\\\/wp-content\\\/uploads\\\/logo-bdb-full-wide-vernil-transparent.png\",\"contentUrl\":\"https:\\\/\\\/buletin.de\\\/bucuresti\\\/wp-content\\\/uploads\\\/logo-bdb-full-wide-vernil-transparent.png\",\"width\":1782,\"height\":626,\"caption\":\"Buletin de Bucure\u0219ti\"},\"image\":{\"@id\":\"https:\\\/\\\/buletin.de\\\/bucuresti\\\/#\\\/schema\\\/logo\\\/image\\\/\"},\"sameAs\":[\"https:\\\/\\\/www.facebook.com\\\/buletin.de.buc\",\"https:\\\/\\\/www.instagram.com\\\/buletinde.bucuresti\\\/\"]},{\"@type\":\"Person\",\"@id\":\"https:\\\/\\\/buletin.de\\\/bucuresti\\\/#\\\/schema\\\/person\\\/359459245996e200ed7c807f71f0551a\",\"name\":\"Ana Anghel-Dimache\",\"image\":{\"@type\":\"ImageObject\",\"inLanguage\":\"en-GB\",\"@id\":\"https:\\\/\\\/buletin.de\\\/bucuresti\\\/wp-content\\\/uploads\\\/Ana-Anghel-Dimache-96x96.jpg861145fc2c4f1fe57dc81b59a6cfb674\",\"url\":\"https:\\\/\\\/buletin.de\\\/bucuresti\\\/wp-content\\\/uploads\\\/Ana-Anghel-Dimache-96x96.jpg\",\"contentUrl\":\"https:\\\/\\\/buletin.de\\\/bucuresti\\\/wp-content\\\/uploads\\\/Ana-Anghel-Dimache-96x96.jpg\",\"caption\":\"Ana Anghel-Dimache\"},\"description\":\"Sunt student\u0103 la jurnalism \u0219i m-am n\u0103scut \u00een Bucure\u0219ti, ora\u0219 plin de pove\u0219ti care merit\u0103 explorate. \u00cemi place s\u0103 scriu despre subiecte politice, de mediu \u0219i legate de transportul din Capital\u0103. \u00cencerc s\u0103 pictez o imagine c\u00e2t mai sincer\u0103 a realit\u0103\u021bii \u0219i sus\u021bin presa independent\u0103 pentru c\u0103 este esen\u021bial s\u0103 pot reda faptele \u00een formele lor adev\u0103rate.\",\"url\":\"https:\\\/\\\/buletin.de\\\/bucuresti\\\/author\\\/ana-dimache\\\/\"}]}<\/script>\n<!-- \/ Yoast SEO Premium plugin. -->","yoast_head_json":{"title":"M6 Otopeni | Trafic restric\u021bionat \u00een zona Pia\u021ba Presei Libere - Buletin de Bucure\u0219ti","robots":{"index":"index","follow":"follow","max-snippet":"max-snippet:-1","max-image-preview":"max-image-preview:large","max-video-preview":"max-video-preview:-1"},"canonical":"https:\/\/buletin.de\/bucuresti\/m6-otopeni-trafic-restrictionat-in-zona-piata-presei-libere\/","og_locale":"en_GB","og_type":"article","og_title":"M6 Otopeni | Trafic restric\u021bionat \u00een zona Pia\u021ba Presei Libere","og_description":"Metrorex anun\u021b\u0103 restric\u021bii de trafic \u00eentre Pia\u021ba Montreal \u0219i Pia\u021ba Presei Libere \u00een perioada 6 iulie &#8211; 7 septembrie, din cauza lucr\u0103rilor la magistrala de metrou M6 pe sec\u021biunea 1 Mai &#8211; Otopeni.&nbsp; Traficul se va desf\u0103\u0219ura pe trei benzi de circula\u021bie de pe Bd. M\u0103r\u0103\u0219ti, \u00eentre Pia\u021ba Montreal \u0219i Pia\u021ba Presei Libere. Aceste m\u0103suri [&hellip;]","og_url":"https:\/\/buletin.de\/bucuresti\/m6-otopeni-trafic-restrictionat-in-zona-piata-presei-libere\/","og_site_name":"Buletin de Bucure\u0219ti","article_publisher":"https:\/\/www.facebook.com\/buletin.de.buc","article_published_time":"2024-06-28T07:50:41+00:00","article_modified_time":"2024-06-28T07:57:27+00:00","og_image":[{"width":1245,"height":653,"url":"https:\/\/buletin.de\/bucuresti\/wp-content\/uploads\/bulevardul-marasti.png","type":"image\/png"}],"author":"Ana Anghel-Dimache","twitter_card":"summary_large_image","twitter_misc":{"Written by":"Ana Anghel-Dimache","Estimated reading time":"2 minutes"},"schema":{"@context":"https:\/\/schema.org","@graph":[{"@type":"Article","@id":"https:\/\/buletin.de\/bucuresti\/m6-otopeni-trafic-restrictionat-in-zona-piata-presei-libere\/#article","isPartOf":{"@id":"https:\/\/buletin.de\/bucuresti\/m6-otopeni-trafic-restrictionat-in-zona-piata-presei-libere\/"},"author":{"name":"Ana Anghel-Dimache","@id":"https:\/\/buletin.de\/bucuresti\/#\/schema\/person\/359459245996e200ed7c807f71f0551a"},"headline":"M6 Otopeni | Trafic restric\u021bionat \u00een zona Pia\u021ba Presei Libere","datePublished":"2024-06-28T07:50:41+00:00","dateModified":"2024-06-28T07:57:27+00:00","mainEntityOfPage":{"@id":"https:\/\/buletin.de\/bucuresti\/m6-otopeni-trafic-restrictionat-in-zona-piata-presei-libere\/"},"wordCount":337,"publisher":{"@id":"https:\/\/buletin.de\/bucuresti\/#organization"},"image":{"@id":"https:\/\/buletin.de\/bucuresti\/m6-otopeni-trafic-restrictionat-in-zona-piata-presei-libere\/#primaryimage"},"thumbnailUrl":"https:\/\/buletin.de\/bucuresti\/wp-content\/uploads\/bulevardul-marasti.png","keywords":["Bulevard M\u0103r\u0103\u0219ti","m6","metrorex","pia\u021ba montreal","Pia\u021ba Presei Libere","restric\u021bii"],"articleSection":["Articole","\u0218tiri","Transport"],"inLanguage":"en-GB","copyrightYear":"2024","copyrightHolder":{"@id":"https:\/\/buletin.de\/bucuresti\/#organization"}},{"@type":"WebPage","@id":"https:\/\/buletin.de\/bucuresti\/m6-otopeni-trafic-restrictionat-in-zona-piata-presei-libere\/","url":"https:\/\/buletin.de\/bucuresti\/m6-otopeni-trafic-restrictionat-in-zona-piata-presei-libere\/","name":"M6 Otopeni | Trafic restric\u021bionat \u00een zona Pia\u021ba Presei Libere - Buletin de Bucure\u0219ti","isPartOf":{"@id":"https:\/\/buletin.de\/bucuresti\/#website"},"primaryImageOfPage":{"@id":"https:\/\/buletin.de\/bucuresti\/m6-otopeni-trafic-restrictionat-in-zona-piata-presei-libere\/#primaryimage"},"image":{"@id":"https:\/\/buletin.de\/bucuresti\/m6-otopeni-trafic-restrictionat-in-zona-piata-presei-libere\/#primaryimage"},"thumbnailUrl":"https:\/\/buletin.de\/bucuresti\/wp-content\/uploads\/bulevardul-marasti.png","datePublished":"2024-06-28T07:50:41+00:00","dateModified":"2024-06-28T07:57:27+00:00","breadcrumb":{"@id":"https:\/\/buletin.de\/bucuresti\/m6-otopeni-trafic-restrictionat-in-zona-piata-presei-libere\/#breadcrumb"},"inLanguage":"en-GB","potentialAction":[{"@type":"ReadAction","target":["https:\/\/buletin.de\/bucuresti\/m6-otopeni-trafic-restrictionat-in-zona-piata-presei-libere\/"]}]},{"@type":"ImageObject","inLanguage":"en-GB","@id":"https:\/\/buletin.de\/bucuresti\/m6-otopeni-trafic-restrictionat-in-zona-piata-presei-libere\/#primaryimage","url":"https:\/\/buletin.de\/bucuresti\/wp-content\/uploads\/bulevardul-marasti.png","contentUrl":"https:\/\/buletin.de\/bucuresti\/wp-content\/uploads\/bulevardul-marasti.png","width":1245,"height":653,"caption":"FOTO: Google Street View"},{"@type":"BreadcrumbList","@id":"https:\/\/buletin.de\/bucuresti\/m6-otopeni-trafic-restrictionat-in-zona-piata-presei-libere\/#breadcrumb","itemListElement":[{"@type":"ListItem","position":1,"name":"Acas\u0103","item":"https:\/\/buletin.de\/bucuresti\/"},{"@type":"ListItem","position":2,"name":"M6 Otopeni | Trafic restric\u021bionat \u00een zona Pia\u021ba Presei Libere"}]},{"@type":"WebSite","@id":"https:\/\/buletin.de\/bucuresti\/#website","url":"https:\/\/buletin.de\/bucuresti\/","name":"Buletin de Bucure\u0219ti","description":"\u0218tiri \u0219i investiga\u021bii esen\u021biale din capital\u0103","publisher":{"@id":"https:\/\/buletin.de\/bucuresti\/#organization"},"potentialAction":[{"@type":"SearchAction","target":{"@type":"EntryPoint","urlTemplate":"https:\/\/buletin.de\/bucuresti\/?s={search_term_string}"},"query-input":{"@type":"PropertyValueSpecification","valueRequired":true,"valueName":"search_term_string"}}],"inLanguage":"en-GB"},{"@type":"Organization","@id":"https:\/\/buletin.de\/bucuresti\/#organization","name":"Buletin de Bucure\u0219ti","url":"https:\/\/buletin.de\/bucuresti\/","logo":{"@type":"ImageObject","inLanguage":"en-GB","@id":"https:\/\/buletin.de\/bucuresti\/#\/schema\/logo\/image\/","url":"https:\/\/buletin.de\/bucuresti\/wp-content\/uploads\/logo-bdb-full-wide-vernil-transparent.png","contentUrl":"https:\/\/buletin.de\/bucuresti\/wp-content\/uploads\/logo-bdb-full-wide-vernil-transparent.png","width":1782,"height":626,"caption":"Buletin de Bucure\u0219ti"},"image":{"@id":"https:\/\/buletin.de\/bucuresti\/#\/schema\/logo\/image\/"},"sameAs":["https:\/\/www.facebook.com\/buletin.de.buc","https:\/\/www.instagram.com\/buletinde.bucuresti\/"]},{"@type":"Person","@id":"https:\/\/buletin.de\/bucuresti\/#\/schema\/person\/359459245996e200ed7c807f71f0551a","name":"Ana Anghel-Dimache","image":{"@type":"ImageObject","inLanguage":"en-GB","@id":"https:\/\/buletin.de\/bucuresti\/wp-content\/uploads\/Ana-Anghel-Dimache-96x96.jpg861145fc2c4f1fe57dc81b59a6cfb674","url":"https:\/\/buletin.de\/bucuresti\/wp-content\/uploads\/Ana-Anghel-Dimache-96x96.jpg","contentUrl":"https:\/\/buletin.de\/bucuresti\/wp-content\/uploads\/Ana-Anghel-Dimache-96x96.jpg","caption":"Ana Anghel-Dimache"},"description":"Sunt student\u0103 la jurnalism \u0219i m-am n\u0103scut \u00een Bucure\u0219ti, ora\u0219 plin de pove\u0219ti care merit\u0103 explorate. \u00cemi place s\u0103 scriu despre subiecte politice, de mediu \u0219i legate de transportul din Capital\u0103. \u00cencerc s\u0103 pictez o imagine c\u00e2t mai sincer\u0103 a realit\u0103\u021bii \u0219i sus\u021bin presa independent\u0103 pentru c\u0103 este esen\u021bial s\u0103 pot reda faptele \u00een formele lor adev\u0103rate.","url":"https:\/\/buletin.de\/bucuresti\/author\/ana-dimache\/"}]}},"authors":[{"term_id":22581,"user_id":58,"is_guest":0,"slug":"ana-dimache","display_name":"Ana Anghel-Dimache","avatar_url":"https:\/\/buletin.de\/bucuresti\/wp-content\/uploads\/Ana-Anghel-Dimache-96x96.jpg","0":null,"1":"","2":"","3":"","4":"","5":"","6":"","7":"","8":""}],"_links":{"self":[{"href":"https:\/\/buletin.de\/bucuresti\/wp-json\/wp\/v2\/posts\/89440","targetHints":{"allow":["GET"]}}],"collection":[{"href":"https:\/\/buletin.de\/bucuresti\/wp-json\/wp\/v2\/posts"}],"about":[{"href":"https:\/\/buletin.de\/bucuresti\/wp-json\/wp\/v2\/types\/post"}],"author":[{"embeddable":true,"href":"https:\/\/buletin.de\/bucuresti\/wp-json\/wp\/v2\/users\/58"}],"replies":[{"embeddable":true,"href":"https:\/\/buletin.de\/bucuresti\/wp-json\/wp\/v2\/comments?post=89440"}],"version-history":[{"count":4,"href":"https:\/\/buletin.de\/bucuresti\/wp-json\/wp\/v2\/posts\/89440\/revisions"}],"predecessor-version":[{"id":89451,"href":"https:\/\/buletin.de\/bucuresti\/wp-json\/wp\/v2\/posts\/89440\/revisions\/89451"}],"wp:featuredmedia":[{"embeddable":true,"href":"https:\/\/buletin.de\/bucuresti\/wp-json\/wp\/v2\/media\/89445"}],"wp:attachment":[{"href":"https:\/\/buletin.de\/bucuresti\/wp-json\/wp\/v2\/media?parent=89440"}],"wp:term":[{"taxonomy":"category","embeddable":true,"href":"https:\/\/buletin.de\/bucuresti\/wp-json\/wp\/v2\/categories?post=89440"},{"taxonomy":"post_tag","embeddable":true,"href":"https:\/\/buletin.de\/bucuresti\/wp-json\/wp\/v2\/tags?post=89440"},{"taxonomy":"author","embeddable":true,"href":"https:\/\/buletin.de\/bucuresti\/wp-json\/wp\/v2\/ppma_author?post=89440"}],"curies":[{"name":"wp","href":"https:\/\/api.w.org\/{rel}","templated":true}]}}