{"id":89424,"date":"2024-06-28T09:28:40","date_gmt":"2024-06-28T06:28:40","guid":{"rendered":"https:\/\/buletin.de\/bucuresti\/?p=89424"},"modified":"2024-06-28T09:28:40","modified_gmt":"2024-06-28T06:28:40","slug":"sector-6-500-de-mii-de-euro-pentru-reamenajarea-zonei-frigocom","status":"publish","type":"post","link":"https:\/\/buletin.de\/bucuresti\/sector-6-500-de-mii-de-euro-pentru-reamenajarea-zonei-frigocom\/","title":{"rendered":"Sector 6 | 500 de mii de euro pentru reamenajarea zonei Frigocom"},"content":{"rendered":"\n<p><strong>Zona ne\u00eengrijit\u0103 de pe Bulevardul Timi\u0219oara nr. 73-75, cunoscut\u0103 \u00een sector drept Frigocom, se va transforma \u00eentr-o zon\u0103 modern\u0103, curat\u0103, pe unde pietonii se pot plimba \u00een lini\u0219te printre copaci, anun\u021b\u0103 Prim\u0103ria Sectorului 6 pe platforma Facebook.&nbsp;<\/strong><\/p>\n\n\n\n<p>Consiliul Local a adoptat joi, 27 iunie, proiectul de reabilitare \u0219i modernizare a zonei de 1.771 de metri p\u0103tra\u021bi, pe care mul\u021bi ar vrea s\u0103 o evite acum pentru c\u0103 este gri \u0219i nu este primitoare cu trec\u0103torii.\u00a0<\/p>\n\n\n\n<p>Proiectare 6, institu\u021bia \u00eenfiin\u021bat\u0103 recent de administra\u021bia local\u0103, a propus patru spa\u021bii comerciale, moderne, \u0219i \u201ecu finisaje prietenoase cu mediul\u201d. Spa\u021biile vor fi racordate la ap\u0103, canalizare, electricitate \u0219i internet.\u00a0Suma alocat\u0103 acestui proiect este de aproximativ 500.000 de euro. <\/p>\n\n\n\n<p>Prim\u0103ria comunic\u0103 pe aceast\u0103 cale c\u0103 pu\u021bina vegeta\u021bie de pe Bd. Timi\u0219oara nr. 73-75 din prezent nu poate fi salvat\u0103, iar \u00een locul ei vor fi planta\u021bi arbori, arbu\u0219ti, flori perene \u0219i va fi a\u0219ezat gazon rezistent la secet\u0103. Aceste lucr\u0103ri sunt estimate c\u0103 vor dura aproximativ 12 luni.&nbsp;<\/p>\n\n\n\n<p>Institu\u021bia Proiectare 6 mai are \u00een derulare alte 15 proiecte, printre care \u0219i cel al Parcului Groz\u0103ve\u0219ti, iar lucr\u0103rile pentru acest plan vor \u00eencepe c\u00e2t mai cur\u00e2nd, mai anun\u021b\u0103 Prim\u0103ria.&nbsp;&nbsp;<\/p>\n","protected":false},"excerpt":{"rendered":"<p>Zona ne\u00eengrijit\u0103 de pe Bulevardul Timi\u0219oara nr. 73-75, cunoscut\u0103 \u00een sector drept Frigocom, se va transforma \u00eentr-o zon\u0103 modern\u0103, curat\u0103, pe unde pietonii se pot plimba \u00een lini\u0219te printre copaci, anun\u021b\u0103 Prim\u0103ria Sectorului 6 pe platforma Facebook.&nbsp; Consiliul Local a adoptat joi, 27 iunie, proiectul de reabilitare \u0219i modernizare a zonei de 1.771 de metri [&hellip;]<\/p>\n","protected":false},"author":58,"featured_media":89425,"comment_status":"closed","ping_status":"open","sticky":false,"template":"","format":"standard","meta":{"_acf_changed":false,"inline_featured_image":false,"ngg_post_thumbnail":0,"footnotes":""},"categories":[6994,24,62],"tags":[2063,6878,13070,1088,523,8724],"ppma_author":[22581],"class_list":["post-89424","post","type-post","status-publish","format-standard","has-post-thumbnail","hentry","category-stiri-2","category-primarie","category-stiri","tag-bucuresti-2","tag-bulevardul-timisoara","tag-frigocom","tag-modernizare","tag-sector-6","tag-spatii-comerciale-2"],"acf":[],"yoast_head":"<!-- This site is optimized with the Yoast SEO Premium plugin v25.3 (Yoast SEO v27.4) - https:\/\/yoast.com\/product\/yoast-seo-premium-wordpress\/ -->\n<title>Sector 6 | 500 de mii de euro pentru reamenajarea zonei Frigocom - Buletin de Bucure\u0219ti<\/title>\n<meta name=\"robots\" content=\"index, follow, max-snippet:-1, max-image-preview:large, max-video-preview:-1\" \/>\n<link rel=\"canonical\" href=\"https:\/\/buletin.de\/bucuresti\/sector-6-500-de-mii-de-euro-pentru-reamenajarea-zonei-frigocom\/\" \/>\n<meta property=\"og:locale\" content=\"en_GB\" \/>\n<meta property=\"og:type\" content=\"article\" \/>\n<meta property=\"og:title\" content=\"Sector 6 | 500 de mii de euro pentru reamenajarea zonei Frigocom\" \/>\n<meta property=\"og:description\" content=\"Zona ne\u00eengrijit\u0103 de pe Bulevardul Timi\u0219oara nr. 73-75, cunoscut\u0103 \u00een sector drept Frigocom, se va transforma \u00eentr-o zon\u0103 modern\u0103, curat\u0103, pe unde pietonii se pot plimba \u00een lini\u0219te printre copaci, anun\u021b\u0103 Prim\u0103ria Sectorului 6 pe platforma Facebook.&nbsp; Consiliul Local a adoptat joi, 27 iunie, proiectul de reabilitare \u0219i modernizare a zonei de 1.771 de metri [&hellip;]\" \/>\n<meta property=\"og:url\" content=\"https:\/\/buletin.de\/bucuresti\/sector-6-500-de-mii-de-euro-pentru-reamenajarea-zonei-frigocom\/\" \/>\n<meta property=\"og:site_name\" content=\"Buletin de Bucure\u0219ti\" \/>\n<meta property=\"article:publisher\" content=\"https:\/\/www.facebook.com\/buletin.de.buc\" \/>\n<meta property=\"article:published_time\" content=\"2024-06-28T06:28:40+00:00\" \/>\n<meta property=\"og:image\" content=\"https:\/\/buletin.de\/bucuresti\/wp-content\/uploads\/frigocom.jpg\" \/>\n\t<meta property=\"og:image:width\" content=\"832\" \/>\n\t<meta property=\"og:image:height\" content=\"457\" \/>\n\t<meta property=\"og:image:type\" content=\"image\/jpeg\" \/>\n<meta name=\"author\" content=\"Ana Anghel-Dimache\" \/>\n<meta name=\"twitter:card\" content=\"summary_large_image\" \/>\n<meta name=\"twitter:label1\" content=\"Written by\" \/>\n\t<meta name=\"twitter:data1\" content=\"Ana Anghel-Dimache\" \/>\n\t<meta name=\"twitter:label2\" content=\"Estimated reading time\" \/>\n\t<meta name=\"twitter:data2\" content=\"2 minutes\" \/>\n<script type=\"application\/ld+json\" class=\"yoast-schema-graph\">{\"@context\":\"https:\\\/\\\/schema.org\",\"@graph\":[{\"@type\":\"Article\",\"@id\":\"https:\\\/\\\/buletin.de\\\/bucuresti\\\/sector-6-500-de-mii-de-euro-pentru-reamenajarea-zonei-frigocom\\\/#article\",\"isPartOf\":{\"@id\":\"https:\\\/\\\/buletin.de\\\/bucuresti\\\/sector-6-500-de-mii-de-euro-pentru-reamenajarea-zonei-frigocom\\\/\"},\"author\":{\"name\":\"Ana Anghel-Dimache\",\"@id\":\"https:\\\/\\\/buletin.de\\\/bucuresti\\\/#\\\/schema\\\/person\\\/359459245996e200ed7c807f71f0551a\"},\"headline\":\"Sector 6 | 500 de mii de euro pentru reamenajarea zonei Frigocom\",\"datePublished\":\"2024-06-28T06:28:40+00:00\",\"mainEntityOfPage\":{\"@id\":\"https:\\\/\\\/buletin.de\\\/bucuresti\\\/sector-6-500-de-mii-de-euro-pentru-reamenajarea-zonei-frigocom\\\/\"},\"wordCount\":227,\"publisher\":{\"@id\":\"https:\\\/\\\/buletin.de\\\/bucuresti\\\/#organization\"},\"image\":{\"@id\":\"https:\\\/\\\/buletin.de\\\/bucuresti\\\/sector-6-500-de-mii-de-euro-pentru-reamenajarea-zonei-frigocom\\\/#primaryimage\"},\"thumbnailUrl\":\"https:\\\/\\\/buletin.de\\\/bucuresti\\\/wp-content\\\/uploads\\\/frigocom.jpg\",\"keywords\":[\"Bucure\u0219ti\",\"bulevardul Timi\u0219oara\",\"Frigocom\",\"modernizare\",\"Sector 6\",\"spa\u021bii comerciale\"],\"articleSection\":[\"Articole\",\"Prim\u0103rie\",\"\u0218tiri\"],\"inLanguage\":\"en-GB\",\"copyrightYear\":\"2024\",\"copyrightHolder\":{\"@id\":\"https:\\\/\\\/buletin.de\\\/bucuresti\\\/#organization\"}},{\"@type\":\"WebPage\",\"@id\":\"https:\\\/\\\/buletin.de\\\/bucuresti\\\/sector-6-500-de-mii-de-euro-pentru-reamenajarea-zonei-frigocom\\\/\",\"url\":\"https:\\\/\\\/buletin.de\\\/bucuresti\\\/sector-6-500-de-mii-de-euro-pentru-reamenajarea-zonei-frigocom\\\/\",\"name\":\"Sector 6 | 500 de mii de euro pentru reamenajarea zonei Frigocom - Buletin de Bucure\u0219ti\",\"isPartOf\":{\"@id\":\"https:\\\/\\\/buletin.de\\\/bucuresti\\\/#website\"},\"primaryImageOfPage\":{\"@id\":\"https:\\\/\\\/buletin.de\\\/bucuresti\\\/sector-6-500-de-mii-de-euro-pentru-reamenajarea-zonei-frigocom\\\/#primaryimage\"},\"image\":{\"@id\":\"https:\\\/\\\/buletin.de\\\/bucuresti\\\/sector-6-500-de-mii-de-euro-pentru-reamenajarea-zonei-frigocom\\\/#primaryimage\"},\"thumbnailUrl\":\"https:\\\/\\\/buletin.de\\\/bucuresti\\\/wp-content\\\/uploads\\\/frigocom.jpg\",\"datePublished\":\"2024-06-28T06:28:40+00:00\",\"breadcrumb\":{\"@id\":\"https:\\\/\\\/buletin.de\\\/bucuresti\\\/sector-6-500-de-mii-de-euro-pentru-reamenajarea-zonei-frigocom\\\/#breadcrumb\"},\"inLanguage\":\"en-GB\",\"potentialAction\":[{\"@type\":\"ReadAction\",\"target\":[\"https:\\\/\\\/buletin.de\\\/bucuresti\\\/sector-6-500-de-mii-de-euro-pentru-reamenajarea-zonei-frigocom\\\/\"]}]},{\"@type\":\"ImageObject\",\"inLanguage\":\"en-GB\",\"@id\":\"https:\\\/\\\/buletin.de\\\/bucuresti\\\/sector-6-500-de-mii-de-euro-pentru-reamenajarea-zonei-frigocom\\\/#primaryimage\",\"url\":\"https:\\\/\\\/buletin.de\\\/bucuresti\\\/wp-content\\\/uploads\\\/frigocom.jpg\",\"contentUrl\":\"https:\\\/\\\/buletin.de\\\/bucuresti\\\/wp-content\\\/uploads\\\/frigocom.jpg\",\"width\":832,\"height\":457,\"caption\":\"FOTO: Facebook \\\/ Prim\u0103ria Sectorului 6\"},{\"@type\":\"BreadcrumbList\",\"@id\":\"https:\\\/\\\/buletin.de\\\/bucuresti\\\/sector-6-500-de-mii-de-euro-pentru-reamenajarea-zonei-frigocom\\\/#breadcrumb\",\"itemListElement\":[{\"@type\":\"ListItem\",\"position\":1,\"name\":\"Acas\u0103\",\"item\":\"https:\\\/\\\/buletin.de\\\/bucuresti\\\/\"},{\"@type\":\"ListItem\",\"position\":2,\"name\":\"Sector 6 | 500 de mii de euro pentru reamenajarea zonei Frigocom\"}]},{\"@type\":\"WebSite\",\"@id\":\"https:\\\/\\\/buletin.de\\\/bucuresti\\\/#website\",\"url\":\"https:\\\/\\\/buletin.de\\\/bucuresti\\\/\",\"name\":\"Buletin de Bucure\u0219ti\",\"description\":\"\u0218tiri \u0219i investiga\u021bii esen\u021biale din capital\u0103\",\"publisher\":{\"@id\":\"https:\\\/\\\/buletin.de\\\/bucuresti\\\/#organization\"},\"potentialAction\":[{\"@type\":\"SearchAction\",\"target\":{\"@type\":\"EntryPoint\",\"urlTemplate\":\"https:\\\/\\\/buletin.de\\\/bucuresti\\\/?s={search_term_string}\"},\"query-input\":{\"@type\":\"PropertyValueSpecification\",\"valueRequired\":true,\"valueName\":\"search_term_string\"}}],\"inLanguage\":\"en-GB\"},{\"@type\":\"Organization\",\"@id\":\"https:\\\/\\\/buletin.de\\\/bucuresti\\\/#organization\",\"name\":\"Buletin de Bucure\u0219ti\",\"url\":\"https:\\\/\\\/buletin.de\\\/bucuresti\\\/\",\"logo\":{\"@type\":\"ImageObject\",\"inLanguage\":\"en-GB\",\"@id\":\"https:\\\/\\\/buletin.de\\\/bucuresti\\\/#\\\/schema\\\/logo\\\/image\\\/\",\"url\":\"https:\\\/\\\/buletin.de\\\/bucuresti\\\/wp-content\\\/uploads\\\/logo-bdb-full-wide-vernil-transparent.png\",\"contentUrl\":\"https:\\\/\\\/buletin.de\\\/bucuresti\\\/wp-content\\\/uploads\\\/logo-bdb-full-wide-vernil-transparent.png\",\"width\":1782,\"height\":626,\"caption\":\"Buletin de Bucure\u0219ti\"},\"image\":{\"@id\":\"https:\\\/\\\/buletin.de\\\/bucuresti\\\/#\\\/schema\\\/logo\\\/image\\\/\"},\"sameAs\":[\"https:\\\/\\\/www.facebook.com\\\/buletin.de.buc\",\"https:\\\/\\\/www.instagram.com\\\/buletinde.bucuresti\\\/\"]},{\"@type\":\"Person\",\"@id\":\"https:\\\/\\\/buletin.de\\\/bucuresti\\\/#\\\/schema\\\/person\\\/359459245996e200ed7c807f71f0551a\",\"name\":\"Ana Anghel-Dimache\",\"image\":{\"@type\":\"ImageObject\",\"inLanguage\":\"en-GB\",\"@id\":\"https:\\\/\\\/buletin.de\\\/bucuresti\\\/wp-content\\\/uploads\\\/Ana-Anghel-Dimache-96x96.jpg861145fc2c4f1fe57dc81b59a6cfb674\",\"url\":\"https:\\\/\\\/buletin.de\\\/bucuresti\\\/wp-content\\\/uploads\\\/Ana-Anghel-Dimache-96x96.jpg\",\"contentUrl\":\"https:\\\/\\\/buletin.de\\\/bucuresti\\\/wp-content\\\/uploads\\\/Ana-Anghel-Dimache-96x96.jpg\",\"caption\":\"Ana Anghel-Dimache\"},\"description\":\"Sunt student\u0103 la jurnalism \u0219i m-am n\u0103scut \u00een Bucure\u0219ti, ora\u0219 plin de pove\u0219ti care merit\u0103 explorate. \u00cemi place s\u0103 scriu despre subiecte politice, de mediu \u0219i legate de transportul din Capital\u0103. \u00cencerc s\u0103 pictez o imagine c\u00e2t mai sincer\u0103 a realit\u0103\u021bii \u0219i sus\u021bin presa independent\u0103 pentru c\u0103 este esen\u021bial s\u0103 pot reda faptele \u00een formele lor adev\u0103rate.\",\"url\":\"https:\\\/\\\/buletin.de\\\/bucuresti\\\/author\\\/ana-dimache\\\/\"}]}<\/script>\n<!-- \/ Yoast SEO Premium plugin. -->","yoast_head_json":{"title":"Sector 6 | 500 de mii de euro pentru reamenajarea zonei Frigocom - Buletin de Bucure\u0219ti","robots":{"index":"index","follow":"follow","max-snippet":"max-snippet:-1","max-image-preview":"max-image-preview:large","max-video-preview":"max-video-preview:-1"},"canonical":"https:\/\/buletin.de\/bucuresti\/sector-6-500-de-mii-de-euro-pentru-reamenajarea-zonei-frigocom\/","og_locale":"en_GB","og_type":"article","og_title":"Sector 6 | 500 de mii de euro pentru reamenajarea zonei Frigocom","og_description":"Zona ne\u00eengrijit\u0103 de pe Bulevardul Timi\u0219oara nr. 73-75, cunoscut\u0103 \u00een sector drept Frigocom, se va transforma \u00eentr-o zon\u0103 modern\u0103, curat\u0103, pe unde pietonii se pot plimba \u00een lini\u0219te printre copaci, anun\u021b\u0103 Prim\u0103ria Sectorului 6 pe platforma Facebook.&nbsp; Consiliul Local a adoptat joi, 27 iunie, proiectul de reabilitare \u0219i modernizare a zonei de 1.771 de metri [&hellip;]","og_url":"https:\/\/buletin.de\/bucuresti\/sector-6-500-de-mii-de-euro-pentru-reamenajarea-zonei-frigocom\/","og_site_name":"Buletin de Bucure\u0219ti","article_publisher":"https:\/\/www.facebook.com\/buletin.de.buc","article_published_time":"2024-06-28T06:28:40+00:00","og_image":[{"width":832,"height":457,"url":"https:\/\/buletin.de\/bucuresti\/wp-content\/uploads\/frigocom.jpg","type":"image\/jpeg"}],"author":"Ana Anghel-Dimache","twitter_card":"summary_large_image","twitter_misc":{"Written by":"Ana Anghel-Dimache","Estimated reading time":"2 minutes"},"schema":{"@context":"https:\/\/schema.org","@graph":[{"@type":"Article","@id":"https:\/\/buletin.de\/bucuresti\/sector-6-500-de-mii-de-euro-pentru-reamenajarea-zonei-frigocom\/#article","isPartOf":{"@id":"https:\/\/buletin.de\/bucuresti\/sector-6-500-de-mii-de-euro-pentru-reamenajarea-zonei-frigocom\/"},"author":{"name":"Ana Anghel-Dimache","@id":"https:\/\/buletin.de\/bucuresti\/#\/schema\/person\/359459245996e200ed7c807f71f0551a"},"headline":"Sector 6 | 500 de mii de euro pentru reamenajarea zonei Frigocom","datePublished":"2024-06-28T06:28:40+00:00","mainEntityOfPage":{"@id":"https:\/\/buletin.de\/bucuresti\/sector-6-500-de-mii-de-euro-pentru-reamenajarea-zonei-frigocom\/"},"wordCount":227,"publisher":{"@id":"https:\/\/buletin.de\/bucuresti\/#organization"},"image":{"@id":"https:\/\/buletin.de\/bucuresti\/sector-6-500-de-mii-de-euro-pentru-reamenajarea-zonei-frigocom\/#primaryimage"},"thumbnailUrl":"https:\/\/buletin.de\/bucuresti\/wp-content\/uploads\/frigocom.jpg","keywords":["Bucure\u0219ti","bulevardul Timi\u0219oara","Frigocom","modernizare","Sector 6","spa\u021bii comerciale"],"articleSection":["Articole","Prim\u0103rie","\u0218tiri"],"inLanguage":"en-GB","copyrightYear":"2024","copyrightHolder":{"@id":"https:\/\/buletin.de\/bucuresti\/#organization"}},{"@type":"WebPage","@id":"https:\/\/buletin.de\/bucuresti\/sector-6-500-de-mii-de-euro-pentru-reamenajarea-zonei-frigocom\/","url":"https:\/\/buletin.de\/bucuresti\/sector-6-500-de-mii-de-euro-pentru-reamenajarea-zonei-frigocom\/","name":"Sector 6 | 500 de mii de euro pentru reamenajarea zonei Frigocom - Buletin de Bucure\u0219ti","isPartOf":{"@id":"https:\/\/buletin.de\/bucuresti\/#website"},"primaryImageOfPage":{"@id":"https:\/\/buletin.de\/bucuresti\/sector-6-500-de-mii-de-euro-pentru-reamenajarea-zonei-frigocom\/#primaryimage"},"image":{"@id":"https:\/\/buletin.de\/bucuresti\/sector-6-500-de-mii-de-euro-pentru-reamenajarea-zonei-frigocom\/#primaryimage"},"thumbnailUrl":"https:\/\/buletin.de\/bucuresti\/wp-content\/uploads\/frigocom.jpg","datePublished":"2024-06-28T06:28:40+00:00","breadcrumb":{"@id":"https:\/\/buletin.de\/bucuresti\/sector-6-500-de-mii-de-euro-pentru-reamenajarea-zonei-frigocom\/#breadcrumb"},"inLanguage":"en-GB","potentialAction":[{"@type":"ReadAction","target":["https:\/\/buletin.de\/bucuresti\/sector-6-500-de-mii-de-euro-pentru-reamenajarea-zonei-frigocom\/"]}]},{"@type":"ImageObject","inLanguage":"en-GB","@id":"https:\/\/buletin.de\/bucuresti\/sector-6-500-de-mii-de-euro-pentru-reamenajarea-zonei-frigocom\/#primaryimage","url":"https:\/\/buletin.de\/bucuresti\/wp-content\/uploads\/frigocom.jpg","contentUrl":"https:\/\/buletin.de\/bucuresti\/wp-content\/uploads\/frigocom.jpg","width":832,"height":457,"caption":"FOTO: Facebook \/ Prim\u0103ria Sectorului 6"},{"@type":"BreadcrumbList","@id":"https:\/\/buletin.de\/bucuresti\/sector-6-500-de-mii-de-euro-pentru-reamenajarea-zonei-frigocom\/#breadcrumb","itemListElement":[{"@type":"ListItem","position":1,"name":"Acas\u0103","item":"https:\/\/buletin.de\/bucuresti\/"},{"@type":"ListItem","position":2,"name":"Sector 6 | 500 de mii de euro pentru reamenajarea zonei Frigocom"}]},{"@type":"WebSite","@id":"https:\/\/buletin.de\/bucuresti\/#website","url":"https:\/\/buletin.de\/bucuresti\/","name":"Buletin de Bucure\u0219ti","description":"\u0218tiri \u0219i investiga\u021bii esen\u021biale din capital\u0103","publisher":{"@id":"https:\/\/buletin.de\/bucuresti\/#organization"},"potentialAction":[{"@type":"SearchAction","target":{"@type":"EntryPoint","urlTemplate":"https:\/\/buletin.de\/bucuresti\/?s={search_term_string}"},"query-input":{"@type":"PropertyValueSpecification","valueRequired":true,"valueName":"search_term_string"}}],"inLanguage":"en-GB"},{"@type":"Organization","@id":"https:\/\/buletin.de\/bucuresti\/#organization","name":"Buletin de Bucure\u0219ti","url":"https:\/\/buletin.de\/bucuresti\/","logo":{"@type":"ImageObject","inLanguage":"en-GB","@id":"https:\/\/buletin.de\/bucuresti\/#\/schema\/logo\/image\/","url":"https:\/\/buletin.de\/bucuresti\/wp-content\/uploads\/logo-bdb-full-wide-vernil-transparent.png","contentUrl":"https:\/\/buletin.de\/bucuresti\/wp-content\/uploads\/logo-bdb-full-wide-vernil-transparent.png","width":1782,"height":626,"caption":"Buletin de Bucure\u0219ti"},"image":{"@id":"https:\/\/buletin.de\/bucuresti\/#\/schema\/logo\/image\/"},"sameAs":["https:\/\/www.facebook.com\/buletin.de.buc","https:\/\/www.instagram.com\/buletinde.bucuresti\/"]},{"@type":"Person","@id":"https:\/\/buletin.de\/bucuresti\/#\/schema\/person\/359459245996e200ed7c807f71f0551a","name":"Ana Anghel-Dimache","image":{"@type":"ImageObject","inLanguage":"en-GB","@id":"https:\/\/buletin.de\/bucuresti\/wp-content\/uploads\/Ana-Anghel-Dimache-96x96.jpg861145fc2c4f1fe57dc81b59a6cfb674","url":"https:\/\/buletin.de\/bucuresti\/wp-content\/uploads\/Ana-Anghel-Dimache-96x96.jpg","contentUrl":"https:\/\/buletin.de\/bucuresti\/wp-content\/uploads\/Ana-Anghel-Dimache-96x96.jpg","caption":"Ana Anghel-Dimache"},"description":"Sunt student\u0103 la jurnalism \u0219i m-am n\u0103scut \u00een Bucure\u0219ti, ora\u0219 plin de pove\u0219ti care merit\u0103 explorate. \u00cemi place s\u0103 scriu despre subiecte politice, de mediu \u0219i legate de transportul din Capital\u0103. \u00cencerc s\u0103 pictez o imagine c\u00e2t mai sincer\u0103 a realit\u0103\u021bii \u0219i sus\u021bin presa independent\u0103 pentru c\u0103 este esen\u021bial s\u0103 pot reda faptele \u00een formele lor adev\u0103rate.","url":"https:\/\/buletin.de\/bucuresti\/author\/ana-dimache\/"}]}},"authors":[{"term_id":22581,"user_id":58,"is_guest":0,"slug":"ana-dimache","display_name":"Ana Anghel-Dimache","avatar_url":"https:\/\/buletin.de\/bucuresti\/wp-content\/uploads\/Ana-Anghel-Dimache-96x96.jpg","0":null,"1":"","2":"","3":"","4":"","5":"","6":"","7":"","8":""}],"_links":{"self":[{"href":"https:\/\/buletin.de\/bucuresti\/wp-json\/wp\/v2\/posts\/89424","targetHints":{"allow":["GET"]}}],"collection":[{"href":"https:\/\/buletin.de\/bucuresti\/wp-json\/wp\/v2\/posts"}],"about":[{"href":"https:\/\/buletin.de\/bucuresti\/wp-json\/wp\/v2\/types\/post"}],"author":[{"embeddable":true,"href":"https:\/\/buletin.de\/bucuresti\/wp-json\/wp\/v2\/users\/58"}],"replies":[{"embeddable":true,"href":"https:\/\/buletin.de\/bucuresti\/wp-json\/wp\/v2\/comments?post=89424"}],"version-history":[{"count":4,"href":"https:\/\/buletin.de\/bucuresti\/wp-json\/wp\/v2\/posts\/89424\/revisions"}],"predecessor-version":[{"id":89430,"href":"https:\/\/buletin.de\/bucuresti\/wp-json\/wp\/v2\/posts\/89424\/revisions\/89430"}],"wp:featuredmedia":[{"embeddable":true,"href":"https:\/\/buletin.de\/bucuresti\/wp-json\/wp\/v2\/media\/89425"}],"wp:attachment":[{"href":"https:\/\/buletin.de\/bucuresti\/wp-json\/wp\/v2\/media?parent=89424"}],"wp:term":[{"taxonomy":"category","embeddable":true,"href":"https:\/\/buletin.de\/bucuresti\/wp-json\/wp\/v2\/categories?post=89424"},{"taxonomy":"post_tag","embeddable":true,"href":"https:\/\/buletin.de\/bucuresti\/wp-json\/wp\/v2\/tags?post=89424"},{"taxonomy":"author","embeddable":true,"href":"https:\/\/buletin.de\/bucuresti\/wp-json\/wp\/v2\/ppma_author?post=89424"}],"curies":[{"name":"wp","href":"https:\/\/api.w.org\/{rel}","templated":true}]}}