{"id":89335,"date":"2024-07-01T08:40:24","date_gmt":"2024-07-01T05:40:24","guid":{"rendered":"https:\/\/buletin.de\/bucuresti\/?p=89335"},"modified":"2024-06-30T08:42:30","modified_gmt":"2024-06-30T05:42:30","slug":"ciclistii-amatori-se-vor-intrece-in-cursa-ca-profesionistii-in-septembrie-la-letape-romania-by-tour-de-france","status":"publish","type":"post","link":"https:\/\/buletin.de\/bucuresti\/ciclistii-amatori-se-vor-intrece-in-cursa-ca-profesionistii-in-septembrie-la-letape-romania-by-tour-de-france\/","title":{"rendered":"Turul Fran\u021bei \u201etrece\u201d prin Bucure\u0219ti: cicli\u0219tii amatori se vor \u00eentrece ca profesioni\u0219tii, \u00een septembrie"},"content":{"rendered":"\n<p><strong>Persoanele pasionate de ciclism, indiferent de nivelul de preg\u0103tire, se pot \u00eentrece pe 1 septembrie pe cele trei trasee care se vor desf\u0103\u0219ura \u00een centrul Bucure\u0219tiului cu ocazia L&#8217;Etape Romania by Tour de France.\u00a0<\/strong><\/p>\n\n\n\n<p>V\u00e2rsta minim\u0103 de \u00eenscriere este de opt ani, iar accesul \u00een curs\u0103 se poate face at\u00e2t cu biciclete de \u0219osea, c\u00e2t \u0219i cu cele de tip mountain bike.&nbsp;<\/p>\n\n\n\n<p><strong>City Adventure <\/strong>este primul traseu, \u0219i cel mai scurt dintre cele 3: <\/p>\n\n\n\n<ul class=\"wp-block-list\">\n<li>\u00cencepe la ora 7:30;&nbsp;<\/li>\n\n\n\n<li>Are o distan\u021b\u0103 de 14 km;<\/li>\n\n\n\n<li>Diferen\u021b\u0103 de nivel de 50 de metri.<\/li>\n<\/ul>\n\n\n\n<p><strong>The Ride<\/strong>, \u201emaratonul\u201d evenimentului, este cel de-al doilea drum pe care \u00eel pot parcurge bicicli\u0219tii:<\/p>\n\n\n\n<ul class=\"wp-block-list\">\n<li>\u00cencepe la ora 8:30;<\/li>\n\n\n\n<li>Are o distan\u021b\u0103 de 42 de km;<\/li>\n\n\n\n<li>Diferen\u021ba de nivel este de 100 de metri.<\/li>\n<\/ul>\n\n\n\n<p><strong>The Race<\/strong> este ultima curs\u0103 pe care o pot face pasiona\u021bii de ciclism:<\/p>\n\n\n\n<ul class=\"wp-block-list\">\n<li>\u00cencepe la ora 10:00;<\/li>\n\n\n\n<li>Are o distan\u021b\u0103 de 85 de km;<\/li>\n\n\n\n<li>Diferen\u021ba de nivel este de 200 de metri.&nbsp;<\/li>\n<\/ul>\n\n\n\n<p>La evenimentele L&#8217;Etape by Tour de France, cei mai buni cicli\u0219ti pot c\u00e2\u0219tiga tricouri originale din lumea ciclismului. C\u00e2\u0219tig\u0103torii curselor de masculin \u0219i feminin vor fi recompensa\u021bi cu <strong>tricoul galben<\/strong>. O sec\u021biune de traseu de c\u00e2teva sute de metri, pe plat, va fi cronometrat\u0103, iar cei mai rapizi dintre bicicli\u0219ti au \u0219ansa de a c\u00e2\u0219tiga <strong>tricoul verde<\/strong>. Cel mai bun ciclist sub 25 de ani va primi <strong>tricoul alb<\/strong>.<\/p>\n\n\n\n<p>Traseul oficial nu a fost confirmat \u00eenc\u0103, dar va fi anun\u021bat \u00een cur\u00e2nd, a\u0219a cum reiese de pe <a href=\"https:\/\/romania.letapebytourdefrance.com\/stages\">site-ul oficial al cursei.<\/a><\/p>\n\n\n\n<p>\u00cen 2024, L&#8217;Etape by Tour de France&nbsp;face \u00eenconjurul lumii, organiz\u00e2nd evenimente precum cel din Bucure\u0219ti prin toat\u0103 Europa, \u00een Asia, America de Nord \u0219i de Sud. Pe l\u00e2ng\u0103 Rom\u00e2nia, alte 21 de \u021b\u0103ri sunt incluse \u00een planul de evenimente al bicicli\u0219tilor.<\/p>\n","protected":false},"excerpt":{"rendered":"<p>Persoanele pasionate de ciclism, indiferent de nivelul de preg\u0103tire, se pot \u00eentrece pe 1 septembrie pe cele trei trasee care se vor desf\u0103\u0219ura \u00een centrul Bucure\u0219tiului cu ocazia L&#8217;Etape Romania by Tour de France.\u00a0 V\u00e2rsta minim\u0103 de \u00eenscriere este de opt ani, iar accesul \u00een curs\u0103 se poate face at\u00e2t cu biciclete de \u0219osea, c\u00e2t [&hellip;]<\/p>\n","protected":false},"author":58,"featured_media":89336,"comment_status":"closed","ping_status":"open","sticky":false,"template":"","format":"standard","meta":{"_acf_changed":false,"inline_featured_image":false,"ngg_post_thumbnail":0,"footnotes":""},"categories":[6994,62],"tags":[333,955,13039,6613],"ppma_author":[22581],"class_list":["post-89335","post","type-post","status-publish","format-standard","has-post-thumbnail","hentry","category-stiri-2","category-stiri","tag-biciclete","tag-ciclism","tag-letape-romania-by-tour-de-france","tag-letape-by-tour-de-france"],"acf":[],"yoast_head":"<!-- This site is optimized with the Yoast SEO Premium plugin v25.3 (Yoast SEO v27.5) - https:\/\/yoast.com\/product\/yoast-seo-premium-wordpress\/ -->\n<title>Turul Fran\u021bei \u201etrece\u201d prin Bucure\u0219ti: cicli\u0219tii amatori se vor \u00eentrece ca profesioni\u0219tii, \u00een septembrie - Buletin de Bucure\u0219ti<\/title>\n<meta name=\"robots\" content=\"index, follow, max-snippet:-1, max-image-preview:large, max-video-preview:-1\" \/>\n<link rel=\"canonical\" href=\"https:\/\/buletin.de\/bucuresti\/ciclistii-amatori-se-vor-intrece-in-cursa-ca-profesionistii-in-septembrie-la-letape-romania-by-tour-de-france\/\" \/>\n<meta property=\"og:locale\" content=\"en_GB\" \/>\n<meta property=\"og:type\" content=\"article\" \/>\n<meta property=\"og:title\" content=\"Turul Fran\u021bei \u201etrece\u201d prin Bucure\u0219ti: cicli\u0219tii amatori se vor \u00eentrece ca profesioni\u0219tii, \u00een septembrie\" \/>\n<meta property=\"og:description\" content=\"Persoanele pasionate de ciclism, indiferent de nivelul de preg\u0103tire, se pot \u00eentrece pe 1 septembrie pe cele trei trasee care se vor desf\u0103\u0219ura \u00een centrul Bucure\u0219tiului cu ocazia L&#8217;Etape Romania by Tour de France.\u00a0 V\u00e2rsta minim\u0103 de \u00eenscriere este de opt ani, iar accesul \u00een curs\u0103 se poate face at\u00e2t cu biciclete de \u0219osea, c\u00e2t [&hellip;]\" \/>\n<meta property=\"og:url\" content=\"https:\/\/buletin.de\/bucuresti\/ciclistii-amatori-se-vor-intrece-in-cursa-ca-profesionistii-in-septembrie-la-letape-romania-by-tour-de-france\/\" \/>\n<meta property=\"og:site_name\" content=\"Buletin de Bucure\u0219ti\" \/>\n<meta property=\"article:publisher\" content=\"https:\/\/www.facebook.com\/buletin.de.buc\" \/>\n<meta property=\"article:published_time\" content=\"2024-07-01T05:40:24+00:00\" \/>\n<meta property=\"og:image\" content=\"https:\/\/buletin.de\/bucuresti\/wp-content\/uploads\/LEtape-by-Tour-de-France.jpg\" \/>\n\t<meta property=\"og:image:width\" content=\"1024\" \/>\n\t<meta property=\"og:image:height\" content=\"683\" \/>\n\t<meta property=\"og:image:type\" content=\"image\/jpeg\" \/>\n<meta name=\"author\" content=\"Ana Anghel-Dimache\" \/>\n<meta name=\"twitter:card\" content=\"summary_large_image\" \/>\n<meta name=\"twitter:label1\" content=\"Written by\" \/>\n\t<meta name=\"twitter:data1\" content=\"Ana Anghel-Dimache\" \/>\n\t<meta name=\"twitter:label2\" content=\"Estimated reading time\" \/>\n\t<meta name=\"twitter:data2\" content=\"2 minutes\" \/>\n<script type=\"application\/ld+json\" class=\"yoast-schema-graph\">{\"@context\":\"https:\\\/\\\/schema.org\",\"@graph\":[{\"@type\":\"Article\",\"@id\":\"https:\\\/\\\/buletin.de\\\/bucuresti\\\/ciclistii-amatori-se-vor-intrece-in-cursa-ca-profesionistii-in-septembrie-la-letape-romania-by-tour-de-france\\\/#article\",\"isPartOf\":{\"@id\":\"https:\\\/\\\/buletin.de\\\/bucuresti\\\/ciclistii-amatori-se-vor-intrece-in-cursa-ca-profesionistii-in-septembrie-la-letape-romania-by-tour-de-france\\\/\"},\"author\":{\"name\":\"Ana Anghel-Dimache\",\"@id\":\"https:\\\/\\\/buletin.de\\\/bucuresti\\\/#\\\/schema\\\/person\\\/359459245996e200ed7c807f71f0551a\"},\"headline\":\"Turul Fran\u021bei \u201etrece\u201d prin Bucure\u0219ti: cicli\u0219tii amatori se vor \u00eentrece ca profesioni\u0219tii, \u00een septembrie\",\"datePublished\":\"2024-07-01T05:40:24+00:00\",\"mainEntityOfPage\":{\"@id\":\"https:\\\/\\\/buletin.de\\\/bucuresti\\\/ciclistii-amatori-se-vor-intrece-in-cursa-ca-profesionistii-in-septembrie-la-letape-romania-by-tour-de-france\\\/\"},\"wordCount\":328,\"publisher\":{\"@id\":\"https:\\\/\\\/buletin.de\\\/bucuresti\\\/#organization\"},\"image\":{\"@id\":\"https:\\\/\\\/buletin.de\\\/bucuresti\\\/ciclistii-amatori-se-vor-intrece-in-cursa-ca-profesionistii-in-septembrie-la-letape-romania-by-tour-de-france\\\/#primaryimage\"},\"thumbnailUrl\":\"https:\\\/\\\/buletin.de\\\/bucuresti\\\/wp-content\\\/uploads\\\/LEtape-by-Tour-de-France.jpg\",\"keywords\":[\"biciclete\",\"ciclism\",\"L'Etape Romania by Tour de France\",\"L&#039;\u00c9tape by Tour de France\"],\"articleSection\":[\"Articole\",\"\u0218tiri\"],\"inLanguage\":\"en-GB\",\"copyrightYear\":\"2024\",\"copyrightHolder\":{\"@id\":\"https:\\\/\\\/buletin.de\\\/bucuresti\\\/#organization\"}},{\"@type\":\"WebPage\",\"@id\":\"https:\\\/\\\/buletin.de\\\/bucuresti\\\/ciclistii-amatori-se-vor-intrece-in-cursa-ca-profesionistii-in-septembrie-la-letape-romania-by-tour-de-france\\\/\",\"url\":\"https:\\\/\\\/buletin.de\\\/bucuresti\\\/ciclistii-amatori-se-vor-intrece-in-cursa-ca-profesionistii-in-septembrie-la-letape-romania-by-tour-de-france\\\/\",\"name\":\"Turul Fran\u021bei \u201etrece\u201d prin Bucure\u0219ti: cicli\u0219tii amatori se vor \u00eentrece ca profesioni\u0219tii, \u00een septembrie - Buletin de Bucure\u0219ti\",\"isPartOf\":{\"@id\":\"https:\\\/\\\/buletin.de\\\/bucuresti\\\/#website\"},\"primaryImageOfPage\":{\"@id\":\"https:\\\/\\\/buletin.de\\\/bucuresti\\\/ciclistii-amatori-se-vor-intrece-in-cursa-ca-profesionistii-in-septembrie-la-letape-romania-by-tour-de-france\\\/#primaryimage\"},\"image\":{\"@id\":\"https:\\\/\\\/buletin.de\\\/bucuresti\\\/ciclistii-amatori-se-vor-intrece-in-cursa-ca-profesionistii-in-septembrie-la-letape-romania-by-tour-de-france\\\/#primaryimage\"},\"thumbnailUrl\":\"https:\\\/\\\/buletin.de\\\/bucuresti\\\/wp-content\\\/uploads\\\/LEtape-by-Tour-de-France.jpg\",\"datePublished\":\"2024-07-01T05:40:24+00:00\",\"breadcrumb\":{\"@id\":\"https:\\\/\\\/buletin.de\\\/bucuresti\\\/ciclistii-amatori-se-vor-intrece-in-cursa-ca-profesionistii-in-septembrie-la-letape-romania-by-tour-de-france\\\/#breadcrumb\"},\"inLanguage\":\"en-GB\",\"potentialAction\":[{\"@type\":\"ReadAction\",\"target\":[\"https:\\\/\\\/buletin.de\\\/bucuresti\\\/ciclistii-amatori-se-vor-intrece-in-cursa-ca-profesionistii-in-septembrie-la-letape-romania-by-tour-de-france\\\/\"]}]},{\"@type\":\"ImageObject\",\"inLanguage\":\"en-GB\",\"@id\":\"https:\\\/\\\/buletin.de\\\/bucuresti\\\/ciclistii-amatori-se-vor-intrece-in-cursa-ca-profesionistii-in-septembrie-la-letape-romania-by-tour-de-france\\\/#primaryimage\",\"url\":\"https:\\\/\\\/buletin.de\\\/bucuresti\\\/wp-content\\\/uploads\\\/LEtape-by-Tour-de-France.jpg\",\"contentUrl\":\"https:\\\/\\\/buletin.de\\\/bucuresti\\\/wp-content\\\/uploads\\\/LEtape-by-Tour-de-France.jpg\",\"width\":1024,\"height\":683,\"caption\":\"FOTO: Facebook \\\/ L'Etape by Tour de France\"},{\"@type\":\"BreadcrumbList\",\"@id\":\"https:\\\/\\\/buletin.de\\\/bucuresti\\\/ciclistii-amatori-se-vor-intrece-in-cursa-ca-profesionistii-in-septembrie-la-letape-romania-by-tour-de-france\\\/#breadcrumb\",\"itemListElement\":[{\"@type\":\"ListItem\",\"position\":1,\"name\":\"Acas\u0103\",\"item\":\"https:\\\/\\\/buletin.de\\\/bucuresti\\\/\"},{\"@type\":\"ListItem\",\"position\":2,\"name\":\"Turul Fran\u021bei \u201etrece\u201d prin Bucure\u0219ti: cicli\u0219tii amatori se vor \u00eentrece ca profesioni\u0219tii, \u00een septembrie\"}]},{\"@type\":\"WebSite\",\"@id\":\"https:\\\/\\\/buletin.de\\\/bucuresti\\\/#website\",\"url\":\"https:\\\/\\\/buletin.de\\\/bucuresti\\\/\",\"name\":\"Buletin de Bucure\u0219ti\",\"description\":\"\u0218tiri \u0219i investiga\u021bii esen\u021biale din capital\u0103\",\"publisher\":{\"@id\":\"https:\\\/\\\/buletin.de\\\/bucuresti\\\/#organization\"},\"potentialAction\":[{\"@type\":\"SearchAction\",\"target\":{\"@type\":\"EntryPoint\",\"urlTemplate\":\"https:\\\/\\\/buletin.de\\\/bucuresti\\\/?s={search_term_string}\"},\"query-input\":{\"@type\":\"PropertyValueSpecification\",\"valueRequired\":true,\"valueName\":\"search_term_string\"}}],\"inLanguage\":\"en-GB\"},{\"@type\":\"Organization\",\"@id\":\"https:\\\/\\\/buletin.de\\\/bucuresti\\\/#organization\",\"name\":\"Buletin de Bucure\u0219ti\",\"url\":\"https:\\\/\\\/buletin.de\\\/bucuresti\\\/\",\"logo\":{\"@type\":\"ImageObject\",\"inLanguage\":\"en-GB\",\"@id\":\"https:\\\/\\\/buletin.de\\\/bucuresti\\\/#\\\/schema\\\/logo\\\/image\\\/\",\"url\":\"https:\\\/\\\/buletin.de\\\/bucuresti\\\/wp-content\\\/uploads\\\/logo-bdb-full-wide-vernil-transparent.png\",\"contentUrl\":\"https:\\\/\\\/buletin.de\\\/bucuresti\\\/wp-content\\\/uploads\\\/logo-bdb-full-wide-vernil-transparent.png\",\"width\":1782,\"height\":626,\"caption\":\"Buletin de Bucure\u0219ti\"},\"image\":{\"@id\":\"https:\\\/\\\/buletin.de\\\/bucuresti\\\/#\\\/schema\\\/logo\\\/image\\\/\"},\"sameAs\":[\"https:\\\/\\\/www.facebook.com\\\/buletin.de.buc\",\"https:\\\/\\\/www.instagram.com\\\/buletinde.bucuresti\\\/\"]},{\"@type\":\"Person\",\"@id\":\"https:\\\/\\\/buletin.de\\\/bucuresti\\\/#\\\/schema\\\/person\\\/359459245996e200ed7c807f71f0551a\",\"name\":\"Ana Anghel-Dimache\",\"image\":{\"@type\":\"ImageObject\",\"inLanguage\":\"en-GB\",\"@id\":\"https:\\\/\\\/buletin.de\\\/bucuresti\\\/wp-content\\\/uploads\\\/Ana-Anghel-Dimache-96x96.jpg861145fc2c4f1fe57dc81b59a6cfb674\",\"url\":\"https:\\\/\\\/buletin.de\\\/bucuresti\\\/wp-content\\\/uploads\\\/Ana-Anghel-Dimache-96x96.jpg\",\"contentUrl\":\"https:\\\/\\\/buletin.de\\\/bucuresti\\\/wp-content\\\/uploads\\\/Ana-Anghel-Dimache-96x96.jpg\",\"caption\":\"Ana Anghel-Dimache\"},\"description\":\"Sunt student\u0103 la jurnalism \u0219i m-am n\u0103scut \u00een Bucure\u0219ti, ora\u0219 plin de pove\u0219ti care merit\u0103 explorate. \u00cemi place s\u0103 scriu despre subiecte politice, de mediu \u0219i legate de transportul din Capital\u0103. \u00cencerc s\u0103 pictez o imagine c\u00e2t mai sincer\u0103 a realit\u0103\u021bii \u0219i sus\u021bin presa independent\u0103 pentru c\u0103 este esen\u021bial s\u0103 pot reda faptele \u00een formele lor adev\u0103rate.\",\"url\":\"https:\\\/\\\/buletin.de\\\/bucuresti\\\/author\\\/ana-dimache\\\/\"}]}<\/script>\n<!-- \/ Yoast SEO Premium plugin. -->","yoast_head_json":{"title":"Turul Fran\u021bei \u201etrece\u201d prin Bucure\u0219ti: cicli\u0219tii amatori se vor \u00eentrece ca profesioni\u0219tii, \u00een septembrie - Buletin de Bucure\u0219ti","robots":{"index":"index","follow":"follow","max-snippet":"max-snippet:-1","max-image-preview":"max-image-preview:large","max-video-preview":"max-video-preview:-1"},"canonical":"https:\/\/buletin.de\/bucuresti\/ciclistii-amatori-se-vor-intrece-in-cursa-ca-profesionistii-in-septembrie-la-letape-romania-by-tour-de-france\/","og_locale":"en_GB","og_type":"article","og_title":"Turul Fran\u021bei \u201etrece\u201d prin Bucure\u0219ti: cicli\u0219tii amatori se vor \u00eentrece ca profesioni\u0219tii, \u00een septembrie","og_description":"Persoanele pasionate de ciclism, indiferent de nivelul de preg\u0103tire, se pot \u00eentrece pe 1 septembrie pe cele trei trasee care se vor desf\u0103\u0219ura \u00een centrul Bucure\u0219tiului cu ocazia L&#8217;Etape Romania by Tour de France.\u00a0 V\u00e2rsta minim\u0103 de \u00eenscriere este de opt ani, iar accesul \u00een curs\u0103 se poate face at\u00e2t cu biciclete de \u0219osea, c\u00e2t [&hellip;]","og_url":"https:\/\/buletin.de\/bucuresti\/ciclistii-amatori-se-vor-intrece-in-cursa-ca-profesionistii-in-septembrie-la-letape-romania-by-tour-de-france\/","og_site_name":"Buletin de Bucure\u0219ti","article_publisher":"https:\/\/www.facebook.com\/buletin.de.buc","article_published_time":"2024-07-01T05:40:24+00:00","og_image":[{"width":1024,"height":683,"url":"https:\/\/buletin.de\/bucuresti\/wp-content\/uploads\/LEtape-by-Tour-de-France.jpg","type":"image\/jpeg"}],"author":"Ana Anghel-Dimache","twitter_card":"summary_large_image","twitter_misc":{"Written by":"Ana Anghel-Dimache","Estimated reading time":"2 minutes"},"schema":{"@context":"https:\/\/schema.org","@graph":[{"@type":"Article","@id":"https:\/\/buletin.de\/bucuresti\/ciclistii-amatori-se-vor-intrece-in-cursa-ca-profesionistii-in-septembrie-la-letape-romania-by-tour-de-france\/#article","isPartOf":{"@id":"https:\/\/buletin.de\/bucuresti\/ciclistii-amatori-se-vor-intrece-in-cursa-ca-profesionistii-in-septembrie-la-letape-romania-by-tour-de-france\/"},"author":{"name":"Ana Anghel-Dimache","@id":"https:\/\/buletin.de\/bucuresti\/#\/schema\/person\/359459245996e200ed7c807f71f0551a"},"headline":"Turul Fran\u021bei \u201etrece\u201d prin Bucure\u0219ti: cicli\u0219tii amatori se vor \u00eentrece ca profesioni\u0219tii, \u00een septembrie","datePublished":"2024-07-01T05:40:24+00:00","mainEntityOfPage":{"@id":"https:\/\/buletin.de\/bucuresti\/ciclistii-amatori-se-vor-intrece-in-cursa-ca-profesionistii-in-septembrie-la-letape-romania-by-tour-de-france\/"},"wordCount":328,"publisher":{"@id":"https:\/\/buletin.de\/bucuresti\/#organization"},"image":{"@id":"https:\/\/buletin.de\/bucuresti\/ciclistii-amatori-se-vor-intrece-in-cursa-ca-profesionistii-in-septembrie-la-letape-romania-by-tour-de-france\/#primaryimage"},"thumbnailUrl":"https:\/\/buletin.de\/bucuresti\/wp-content\/uploads\/LEtape-by-Tour-de-France.jpg","keywords":["biciclete","ciclism","L'Etape Romania by Tour de France","L&#039;\u00c9tape by Tour de France"],"articleSection":["Articole","\u0218tiri"],"inLanguage":"en-GB","copyrightYear":"2024","copyrightHolder":{"@id":"https:\/\/buletin.de\/bucuresti\/#organization"}},{"@type":"WebPage","@id":"https:\/\/buletin.de\/bucuresti\/ciclistii-amatori-se-vor-intrece-in-cursa-ca-profesionistii-in-septembrie-la-letape-romania-by-tour-de-france\/","url":"https:\/\/buletin.de\/bucuresti\/ciclistii-amatori-se-vor-intrece-in-cursa-ca-profesionistii-in-septembrie-la-letape-romania-by-tour-de-france\/","name":"Turul Fran\u021bei \u201etrece\u201d prin Bucure\u0219ti: cicli\u0219tii amatori se vor \u00eentrece ca profesioni\u0219tii, \u00een septembrie - Buletin de Bucure\u0219ti","isPartOf":{"@id":"https:\/\/buletin.de\/bucuresti\/#website"},"primaryImageOfPage":{"@id":"https:\/\/buletin.de\/bucuresti\/ciclistii-amatori-se-vor-intrece-in-cursa-ca-profesionistii-in-septembrie-la-letape-romania-by-tour-de-france\/#primaryimage"},"image":{"@id":"https:\/\/buletin.de\/bucuresti\/ciclistii-amatori-se-vor-intrece-in-cursa-ca-profesionistii-in-septembrie-la-letape-romania-by-tour-de-france\/#primaryimage"},"thumbnailUrl":"https:\/\/buletin.de\/bucuresti\/wp-content\/uploads\/LEtape-by-Tour-de-France.jpg","datePublished":"2024-07-01T05:40:24+00:00","breadcrumb":{"@id":"https:\/\/buletin.de\/bucuresti\/ciclistii-amatori-se-vor-intrece-in-cursa-ca-profesionistii-in-septembrie-la-letape-romania-by-tour-de-france\/#breadcrumb"},"inLanguage":"en-GB","potentialAction":[{"@type":"ReadAction","target":["https:\/\/buletin.de\/bucuresti\/ciclistii-amatori-se-vor-intrece-in-cursa-ca-profesionistii-in-septembrie-la-letape-romania-by-tour-de-france\/"]}]},{"@type":"ImageObject","inLanguage":"en-GB","@id":"https:\/\/buletin.de\/bucuresti\/ciclistii-amatori-se-vor-intrece-in-cursa-ca-profesionistii-in-septembrie-la-letape-romania-by-tour-de-france\/#primaryimage","url":"https:\/\/buletin.de\/bucuresti\/wp-content\/uploads\/LEtape-by-Tour-de-France.jpg","contentUrl":"https:\/\/buletin.de\/bucuresti\/wp-content\/uploads\/LEtape-by-Tour-de-France.jpg","width":1024,"height":683,"caption":"FOTO: Facebook \/ L'Etape by Tour de France"},{"@type":"BreadcrumbList","@id":"https:\/\/buletin.de\/bucuresti\/ciclistii-amatori-se-vor-intrece-in-cursa-ca-profesionistii-in-septembrie-la-letape-romania-by-tour-de-france\/#breadcrumb","itemListElement":[{"@type":"ListItem","position":1,"name":"Acas\u0103","item":"https:\/\/buletin.de\/bucuresti\/"},{"@type":"ListItem","position":2,"name":"Turul Fran\u021bei \u201etrece\u201d prin Bucure\u0219ti: cicli\u0219tii amatori se vor \u00eentrece ca profesioni\u0219tii, \u00een septembrie"}]},{"@type":"WebSite","@id":"https:\/\/buletin.de\/bucuresti\/#website","url":"https:\/\/buletin.de\/bucuresti\/","name":"Buletin de Bucure\u0219ti","description":"\u0218tiri \u0219i investiga\u021bii esen\u021biale din capital\u0103","publisher":{"@id":"https:\/\/buletin.de\/bucuresti\/#organization"},"potentialAction":[{"@type":"SearchAction","target":{"@type":"EntryPoint","urlTemplate":"https:\/\/buletin.de\/bucuresti\/?s={search_term_string}"},"query-input":{"@type":"PropertyValueSpecification","valueRequired":true,"valueName":"search_term_string"}}],"inLanguage":"en-GB"},{"@type":"Organization","@id":"https:\/\/buletin.de\/bucuresti\/#organization","name":"Buletin de Bucure\u0219ti","url":"https:\/\/buletin.de\/bucuresti\/","logo":{"@type":"ImageObject","inLanguage":"en-GB","@id":"https:\/\/buletin.de\/bucuresti\/#\/schema\/logo\/image\/","url":"https:\/\/buletin.de\/bucuresti\/wp-content\/uploads\/logo-bdb-full-wide-vernil-transparent.png","contentUrl":"https:\/\/buletin.de\/bucuresti\/wp-content\/uploads\/logo-bdb-full-wide-vernil-transparent.png","width":1782,"height":626,"caption":"Buletin de Bucure\u0219ti"},"image":{"@id":"https:\/\/buletin.de\/bucuresti\/#\/schema\/logo\/image\/"},"sameAs":["https:\/\/www.facebook.com\/buletin.de.buc","https:\/\/www.instagram.com\/buletinde.bucuresti\/"]},{"@type":"Person","@id":"https:\/\/buletin.de\/bucuresti\/#\/schema\/person\/359459245996e200ed7c807f71f0551a","name":"Ana Anghel-Dimache","image":{"@type":"ImageObject","inLanguage":"en-GB","@id":"https:\/\/buletin.de\/bucuresti\/wp-content\/uploads\/Ana-Anghel-Dimache-96x96.jpg861145fc2c4f1fe57dc81b59a6cfb674","url":"https:\/\/buletin.de\/bucuresti\/wp-content\/uploads\/Ana-Anghel-Dimache-96x96.jpg","contentUrl":"https:\/\/buletin.de\/bucuresti\/wp-content\/uploads\/Ana-Anghel-Dimache-96x96.jpg","caption":"Ana Anghel-Dimache"},"description":"Sunt student\u0103 la jurnalism \u0219i m-am n\u0103scut \u00een Bucure\u0219ti, ora\u0219 plin de pove\u0219ti care merit\u0103 explorate. \u00cemi place s\u0103 scriu despre subiecte politice, de mediu \u0219i legate de transportul din Capital\u0103. \u00cencerc s\u0103 pictez o imagine c\u00e2t mai sincer\u0103 a realit\u0103\u021bii \u0219i sus\u021bin presa independent\u0103 pentru c\u0103 este esen\u021bial s\u0103 pot reda faptele \u00een formele lor adev\u0103rate.","url":"https:\/\/buletin.de\/bucuresti\/author\/ana-dimache\/"}]}},"authors":[{"term_id":22581,"user_id":58,"is_guest":0,"slug":"ana-dimache","display_name":"Ana Anghel-Dimache","avatar_url":"https:\/\/buletin.de\/bucuresti\/wp-content\/uploads\/Ana-Anghel-Dimache-96x96.jpg","0":null,"1":"","2":"","3":"","4":"","5":"","6":"","7":"","8":""}],"_links":{"self":[{"href":"https:\/\/buletin.de\/bucuresti\/wp-json\/wp\/v2\/posts\/89335","targetHints":{"allow":["GET"]}}],"collection":[{"href":"https:\/\/buletin.de\/bucuresti\/wp-json\/wp\/v2\/posts"}],"about":[{"href":"https:\/\/buletin.de\/bucuresti\/wp-json\/wp\/v2\/types\/post"}],"author":[{"embeddable":true,"href":"https:\/\/buletin.de\/bucuresti\/wp-json\/wp\/v2\/users\/58"}],"replies":[{"embeddable":true,"href":"https:\/\/buletin.de\/bucuresti\/wp-json\/wp\/v2\/comments?post=89335"}],"version-history":[{"count":6,"href":"https:\/\/buletin.de\/bucuresti\/wp-json\/wp\/v2\/posts\/89335\/revisions"}],"predecessor-version":[{"id":89588,"href":"https:\/\/buletin.de\/bucuresti\/wp-json\/wp\/v2\/posts\/89335\/revisions\/89588"}],"wp:featuredmedia":[{"embeddable":true,"href":"https:\/\/buletin.de\/bucuresti\/wp-json\/wp\/v2\/media\/89336"}],"wp:attachment":[{"href":"https:\/\/buletin.de\/bucuresti\/wp-json\/wp\/v2\/media?parent=89335"}],"wp:term":[{"taxonomy":"category","embeddable":true,"href":"https:\/\/buletin.de\/bucuresti\/wp-json\/wp\/v2\/categories?post=89335"},{"taxonomy":"post_tag","embeddable":true,"href":"https:\/\/buletin.de\/bucuresti\/wp-json\/wp\/v2\/tags?post=89335"},{"taxonomy":"author","embeddable":true,"href":"https:\/\/buletin.de\/bucuresti\/wp-json\/wp\/v2\/ppma_author?post=89335"}],"curies":[{"name":"wp","href":"https:\/\/api.w.org\/{rel}","templated":true}]}}