{"id":89212,"date":"2024-06-26T10:55:23","date_gmt":"2024-06-26T07:55:23","guid":{"rendered":"https:\/\/buletin.de\/bucuresti\/?p=89212"},"modified":"2024-06-26T10:55:24","modified_gmt":"2024-06-26T07:55:24","slug":"avarie-la-sistemul-de-aer-conditionat-din-zona-de-imbarcari-pe-aeroportul-henri-coanda","status":"publish","type":"post","link":"https:\/\/buletin.de\/bucuresti\/avarie-la-sistemul-de-aer-conditionat-din-zona-de-imbarcari-pe-aeroportul-henri-coanda\/","title":{"rendered":"Avarie la sistemul de aer condi\u0163ionat din zona de \u00eembarc\u0103ri, pe aeroportul Henri Coand\u0103"},"content":{"rendered":"\n<p><strong>Sistemul de aer condi\u0163ionat al aeroportului Otopeni func\u0163ioneaz\u0103 deficitar din cauza suprasolicit\u0103rii din aceast\u0103 perioad\u0103 canicular\u0103. Sunt probleme \u00een special \u00een zona de \u00eembarc\u0103ri. Administratorii lucreaz\u0103 s\u0103 remedieze situa\u0163ia. Conform acestora, p\u00e2n\u0103 la 32 de grade afar\u0103, aparatele de aer condi\u0163ionat pot s\u0103 asigure o temperatur\u0103 la interior de 24-25 de grade, c\u00e2t scrie \u00een normative.<\/strong><\/p>\n\n\n\n<p>Compania Na\u0163ional\u0103 Aeroporturi Bucure\u015fti transmite c\u0103 au fost luate m\u0103suri pentru remedierea avariei, dar \u015fi pentru suplimentarea cu noi echipamente, ce vor fi instalate provizoriu \u201e\u00een cel mai scurt timp\u201d.<\/p>\n\n\n\n<p>De asemenea, \u00een aceast\u0103 perioad\u0103 sunt \u00een curs de reamenajare \u0219i spa\u021biile comerciale, care vor fi dotate cu sisteme de climatizare proprii.<\/p>\n\n\n\n<blockquote class=\"wp-block-quote is-layout-flow wp-block-quote-is-layout-flow\">\n<p class=\"has-medium-font-size\"><strong>CN Aeroporturi Bucure\u0219ti anun\u021b\u0103 c\u0103 sunt \u00een curs de evaluare ofertele pentru lucr\u0103rile de modernizare a terminalelor de pasageri, care vor include si modernizarea sistemului de climatizare. Procedura de licita\u021bie este estimat\u0103 a fi finalizat\u0103 \u00een luna iulie 2024.<\/strong><\/p>\n<cite>comunicat CN Aeroporturi Bucure\u015fti<\/cite><\/blockquote>\n\n\n\n<p><\/p>\n\n\n\n<p><strong>CITE\u015eTE \u015eI:<\/strong><\/p>\n\n\n\n<figure class=\"wp-block-embed is-type-wp-embed is-provider-buletin-de-bucure-ti wp-block-embed-buletin-de-bucure-ti\"><div class=\"wp-block-embed__wrapper\">\n<blockquote class=\"wp-embedded-content\" data-secret=\"V482l8WsXJ\"><a href=\"https:\/\/buletin.de\/bucuresti\/o-parcare-de-aproape-3-milioane-de-euro-va-fi-construita-la-aeroportul-henri-coanda\/\">O parcare de aproape 3 milioane de euro va fi construit\u0103 la Aeroportul Henri Coand\u0103<\/a><\/blockquote><iframe class=\"wp-embedded-content\" sandbox=\"allow-scripts\" security=\"restricted\" style=\"position: absolute; clip: rect(1px, 1px, 1px, 1px);\" title=\"&#8220;O parcare de aproape 3 milioane de euro va fi construit\u0103 la Aeroportul Henri Coand\u0103&#8221; &#8212; Buletin de Bucure\u0219ti\" src=\"https:\/\/buletin.de\/bucuresti\/o-parcare-de-aproape-3-milioane-de-euro-va-fi-construita-la-aeroportul-henri-coanda\/embed\/#?secret=N5zUJAGHQv#?secret=V482l8WsXJ\" data-secret=\"V482l8WsXJ\" width=\"600\" height=\"338\" frameborder=\"0\" marginwidth=\"0\" marginheight=\"0\" scrolling=\"no\"><\/iframe>\n<\/div><\/figure>\n\n\n\n<figure class=\"wp-block-embed is-type-wp-embed is-provider-buletin-de-bucure-ti wp-block-embed-buletin-de-bucure-ti\"><div class=\"wp-block-embed__wrapper\">\n<blockquote class=\"wp-embedded-content\" data-secret=\"cnVmekTiiy\"><a href=\"https:\/\/buletin.de\/bucuresti\/spatiile-comerciale-duty-paid-din-aeroportul-henri-coanda-vor-fi-scoase-la-licitatie\/\">Spa\u021biile comerciale duty-paid din Aeroportul Henri Coand\u0103 vor fi scoase la licita\u021bie<\/a><\/blockquote><iframe class=\"wp-embedded-content\" sandbox=\"allow-scripts\" security=\"restricted\" style=\"position: absolute; clip: rect(1px, 1px, 1px, 1px);\" title=\"&#8220;Spa\u021biile comerciale duty-paid din Aeroportul Henri Coand\u0103 vor fi scoase la licita\u021bie&#8221; &#8212; Buletin de Bucure\u0219ti\" src=\"https:\/\/buletin.de\/bucuresti\/spatiile-comerciale-duty-paid-din-aeroportul-henri-coanda-vor-fi-scoase-la-licitatie\/embed\/#?secret=rjKIYjyepi#?secret=cnVmekTiiy\" data-secret=\"cnVmekTiiy\" width=\"600\" height=\"338\" frameborder=\"0\" marginwidth=\"0\" marginheight=\"0\" scrolling=\"no\"><\/iframe>\n<\/div><\/figure>\n\n\n\n<figure class=\"wp-block-embed is-type-wp-embed is-provider-buletin-de-bucure-ti wp-block-embed-buletin-de-bucure-ti\"><div class=\"wp-block-embed__wrapper\">\n<blockquote class=\"wp-embedded-content\" data-secret=\"MSiv0Hvkpp\"><a href=\"https:\/\/buletin.de\/bucuresti\/fost-director-al-companiei-nationale-aeroporturi-bucuresti-si-trei-oameni-de-afaceri-retinuti-de-dna-dosarul-vizeaza-inchirierea-spatiilor-comerciale-din-aeroport\/\">Fost director al Companiei Na\u021bionale Aeroporturi Bucure\u0219ti \u0219i trei oameni de afaceri, re\u021binu\u021bi de DNA. Dosarul vizeaz\u0103 \u00eenchirierea spa\u021biilor comerciale din aeroport<\/a><\/blockquote><iframe class=\"wp-embedded-content\" sandbox=\"allow-scripts\" security=\"restricted\" style=\"position: absolute; clip: rect(1px, 1px, 1px, 1px);\" title=\"&#8220;Fost director al Companiei Na\u021bionale Aeroporturi Bucure\u0219ti \u0219i trei oameni de afaceri, re\u021binu\u021bi de DNA. Dosarul vizeaz\u0103 \u00eenchirierea spa\u021biilor comerciale din aeroport&#8221; &#8212; Buletin de Bucure\u0219ti\" src=\"https:\/\/buletin.de\/bucuresti\/fost-director-al-companiei-nationale-aeroporturi-bucuresti-si-trei-oameni-de-afaceri-retinuti-de-dna-dosarul-vizeaza-inchirierea-spatiilor-comerciale-din-aeroport\/embed\/#?secret=sCjIANb4KO#?secret=MSiv0Hvkpp\" data-secret=\"MSiv0Hvkpp\" width=\"600\" height=\"338\" frameborder=\"0\" marginwidth=\"0\" marginheight=\"0\" scrolling=\"no\"><\/iframe>\n<\/div><\/figure>\n\n\n\n<figure class=\"wp-block-embed is-type-wp-embed is-provider-buletin-de-bucure-ti wp-block-embed-buletin-de-bucure-ti\"><div class=\"wp-block-embed__wrapper\">\n<blockquote class=\"wp-embedded-content\" data-secret=\"WVLQByyIxE\"><a href=\"https:\/\/buletin.de\/bucuresti\/mai-multi-operatori-economici-din-aeroportul-otopeni-au-fost-sanctionati-de-anpc\/\">Mai mul\u021bi operatori economici din Aeroportul Otopeni au fost sanc\u021biona\u021bi de ANPC<\/a><\/blockquote><iframe class=\"wp-embedded-content\" sandbox=\"allow-scripts\" security=\"restricted\" style=\"position: absolute; clip: rect(1px, 1px, 1px, 1px);\" title=\"&#8220;Mai mul\u021bi operatori economici din Aeroportul Otopeni au fost sanc\u021biona\u021bi de ANPC&#8221; &#8212; Buletin de Bucure\u0219ti\" src=\"https:\/\/buletin.de\/bucuresti\/mai-multi-operatori-economici-din-aeroportul-otopeni-au-fost-sanctionati-de-anpc\/embed\/#?secret=EK7BbKSu4M#?secret=WVLQByyIxE\" data-secret=\"WVLQByyIxE\" width=\"600\" height=\"338\" frameborder=\"0\" marginwidth=\"0\" marginheight=\"0\" scrolling=\"no\"><\/iframe>\n<\/div><\/figure>\n","protected":false},"excerpt":{"rendered":"<p>Sistemul de aer condi\u0163ionat al aeroportului Otopeni func\u0163ioneaz\u0103 deficitar din cauza suprasolicit\u0103rii din aceast\u0103 perioad\u0103 canicular\u0103. Sunt probleme \u00een special \u00een zona de \u00eembarc\u0103ri. Administratorii lucreaz\u0103 s\u0103 remedieze situa\u0163ia. Conform acestora, p\u00e2n\u0103 la 32 de grade afar\u0103, aparatele de aer condi\u0163ionat pot s\u0103 asigure o temperatur\u0103 la interior de 24-25 de grade, c\u00e2t scrie \u00een [&hellip;]<\/p>\n","protected":false},"author":8,"featured_media":5239,"comment_status":"closed","ping_status":"open","sticky":false,"template":"","format":"standard","meta":{"_acf_changed":false,"inline_featured_image":false,"ngg_post_thumbnail":0,"footnotes":""},"categories":[6994,5762,650],"tags":[13001,13002,13003],"ppma_author":[22586],"class_list":["post-89212","post","type-post","status-publish","format-standard","has-post-thumbnail","hentry","category-stiri-2","category-main","category-transport","tag-aeroport-otopeni-aer-conditionat","tag-avarie-aer-conditionat-henri-coanda","tag-imbarcari-probleme-aer-conditionat-aeroport-bucuresti"],"acf":[],"yoast_head":"<!-- This site is optimized with the Yoast SEO Premium plugin v25.3 (Yoast SEO v27.4) - https:\/\/yoast.com\/product\/yoast-seo-premium-wordpress\/ -->\n<title>Avarie la sistemul de aer condi\u0163ionat din zona de \u00eembarc\u0103ri, pe aeroportul Henri Coand\u0103 - Buletin de Bucure\u0219ti<\/title>\n<meta name=\"robots\" content=\"index, follow, max-snippet:-1, max-image-preview:large, max-video-preview:-1\" \/>\n<link rel=\"canonical\" href=\"https:\/\/buletin.de\/bucuresti\/avarie-la-sistemul-de-aer-conditionat-din-zona-de-imbarcari-pe-aeroportul-henri-coanda\/\" \/>\n<meta property=\"og:locale\" content=\"en_GB\" \/>\n<meta property=\"og:type\" content=\"article\" \/>\n<meta property=\"og:title\" content=\"Avarie la sistemul de aer condi\u0163ionat din zona de \u00eembarc\u0103ri, pe aeroportul Henri Coand\u0103\" \/>\n<meta property=\"og:description\" content=\"Sistemul de aer condi\u0163ionat al aeroportului Otopeni func\u0163ioneaz\u0103 deficitar din cauza suprasolicit\u0103rii din aceast\u0103 perioad\u0103 canicular\u0103. Sunt probleme \u00een special \u00een zona de \u00eembarc\u0103ri. Administratorii lucreaz\u0103 s\u0103 remedieze situa\u0163ia. Conform acestora, p\u00e2n\u0103 la 32 de grade afar\u0103, aparatele de aer condi\u0163ionat pot s\u0103 asigure o temperatur\u0103 la interior de 24-25 de grade, c\u00e2t scrie \u00een [&hellip;]\" \/>\n<meta property=\"og:url\" content=\"https:\/\/buletin.de\/bucuresti\/avarie-la-sistemul-de-aer-conditionat-din-zona-de-imbarcari-pe-aeroportul-henri-coanda\/\" \/>\n<meta property=\"og:site_name\" content=\"Buletin de Bucure\u0219ti\" \/>\n<meta property=\"article:publisher\" content=\"https:\/\/www.facebook.com\/buletin.de.buc\" \/>\n<meta property=\"article:published_time\" content=\"2024-06-26T07:55:23+00:00\" \/>\n<meta property=\"article:modified_time\" content=\"2024-06-26T07:55:24+00:00\" \/>\n<meta property=\"og:image\" content=\"https:\/\/buletin.de\/bucuresti\/wp-content\/uploads\/aeroport.jpg\" \/>\n\t<meta property=\"og:image:width\" content=\"1418\" \/>\n\t<meta property=\"og:image:height\" content=\"586\" \/>\n\t<meta property=\"og:image:type\" content=\"image\/jpeg\" \/>\n<meta name=\"author\" content=\"Ionu\u021b Lepa\" \/>\n<meta name=\"twitter:card\" content=\"summary_large_image\" \/>\n<meta name=\"twitter:label1\" content=\"Written by\" \/>\n\t<meta name=\"twitter:data1\" content=\"Ionu\u021b Lepa\" \/>\n\t<meta name=\"twitter:label2\" content=\"Estimated reading time\" \/>\n\t<meta name=\"twitter:data2\" content=\"1 minute\" \/>\n<script type=\"application\/ld+json\" class=\"yoast-schema-graph\">{\"@context\":\"https:\\\/\\\/schema.org\",\"@graph\":[{\"@type\":\"Article\",\"@id\":\"https:\\\/\\\/buletin.de\\\/bucuresti\\\/avarie-la-sistemul-de-aer-conditionat-din-zona-de-imbarcari-pe-aeroportul-henri-coanda\\\/#article\",\"isPartOf\":{\"@id\":\"https:\\\/\\\/buletin.de\\\/bucuresti\\\/avarie-la-sistemul-de-aer-conditionat-din-zona-de-imbarcari-pe-aeroportul-henri-coanda\\\/\"},\"author\":{\"name\":\"Ionu\u021b Lepa\",\"@id\":\"https:\\\/\\\/buletin.de\\\/bucuresti\\\/#\\\/schema\\\/person\\\/5272b8a057b33890940b57b837fc4ce6\"},\"headline\":\"Avarie la sistemul de aer condi\u0163ionat din zona de \u00eembarc\u0103ri, pe aeroportul Henri Coand\u0103\",\"datePublished\":\"2024-06-26T07:55:23+00:00\",\"dateModified\":\"2024-06-26T07:55:24+00:00\",\"mainEntityOfPage\":{\"@id\":\"https:\\\/\\\/buletin.de\\\/bucuresti\\\/avarie-la-sistemul-de-aer-conditionat-din-zona-de-imbarcari-pe-aeroportul-henri-coanda\\\/\"},\"wordCount\":205,\"publisher\":{\"@id\":\"https:\\\/\\\/buletin.de\\\/bucuresti\\\/#organization\"},\"image\":{\"@id\":\"https:\\\/\\\/buletin.de\\\/bucuresti\\\/avarie-la-sistemul-de-aer-conditionat-din-zona-de-imbarcari-pe-aeroportul-henri-coanda\\\/#primaryimage\"},\"thumbnailUrl\":\"https:\\\/\\\/buletin.de\\\/bucuresti\\\/wp-content\\\/uploads\\\/aeroport.jpg\",\"keywords\":[\"aeroport otopeni aer conditionat\",\"avarie aer conditionat henri coanda\",\"imbarcari probleme aer conditionat aeroport bucuresti\"],\"articleSection\":[\"Articole\",\"Main\",\"Transport\"],\"inLanguage\":\"en-GB\",\"copyrightYear\":\"2024\",\"copyrightHolder\":{\"@id\":\"https:\\\/\\\/buletin.de\\\/bucuresti\\\/#organization\"}},{\"@type\":\"WebPage\",\"@id\":\"https:\\\/\\\/buletin.de\\\/bucuresti\\\/avarie-la-sistemul-de-aer-conditionat-din-zona-de-imbarcari-pe-aeroportul-henri-coanda\\\/\",\"url\":\"https:\\\/\\\/buletin.de\\\/bucuresti\\\/avarie-la-sistemul-de-aer-conditionat-din-zona-de-imbarcari-pe-aeroportul-henri-coanda\\\/\",\"name\":\"Avarie la sistemul de aer condi\u0163ionat din zona de \u00eembarc\u0103ri, pe aeroportul Henri Coand\u0103 - Buletin de Bucure\u0219ti\",\"isPartOf\":{\"@id\":\"https:\\\/\\\/buletin.de\\\/bucuresti\\\/#website\"},\"primaryImageOfPage\":{\"@id\":\"https:\\\/\\\/buletin.de\\\/bucuresti\\\/avarie-la-sistemul-de-aer-conditionat-din-zona-de-imbarcari-pe-aeroportul-henri-coanda\\\/#primaryimage\"},\"image\":{\"@id\":\"https:\\\/\\\/buletin.de\\\/bucuresti\\\/avarie-la-sistemul-de-aer-conditionat-din-zona-de-imbarcari-pe-aeroportul-henri-coanda\\\/#primaryimage\"},\"thumbnailUrl\":\"https:\\\/\\\/buletin.de\\\/bucuresti\\\/wp-content\\\/uploads\\\/aeroport.jpg\",\"datePublished\":\"2024-06-26T07:55:23+00:00\",\"dateModified\":\"2024-06-26T07:55:24+00:00\",\"breadcrumb\":{\"@id\":\"https:\\\/\\\/buletin.de\\\/bucuresti\\\/avarie-la-sistemul-de-aer-conditionat-din-zona-de-imbarcari-pe-aeroportul-henri-coanda\\\/#breadcrumb\"},\"inLanguage\":\"en-GB\",\"potentialAction\":[{\"@type\":\"ReadAction\",\"target\":[\"https:\\\/\\\/buletin.de\\\/bucuresti\\\/avarie-la-sistemul-de-aer-conditionat-din-zona-de-imbarcari-pe-aeroportul-henri-coanda\\\/\"]}]},{\"@type\":\"ImageObject\",\"inLanguage\":\"en-GB\",\"@id\":\"https:\\\/\\\/buletin.de\\\/bucuresti\\\/avarie-la-sistemul-de-aer-conditionat-din-zona-de-imbarcari-pe-aeroportul-henri-coanda\\\/#primaryimage\",\"url\":\"https:\\\/\\\/buletin.de\\\/bucuresti\\\/wp-content\\\/uploads\\\/aeroport.jpg\",\"contentUrl\":\"https:\\\/\\\/buletin.de\\\/bucuresti\\\/wp-content\\\/uploads\\\/aeroport.jpg\",\"width\":1418,\"height\":586,\"caption\":\"Foto: Arhiva\"},{\"@type\":\"BreadcrumbList\",\"@id\":\"https:\\\/\\\/buletin.de\\\/bucuresti\\\/avarie-la-sistemul-de-aer-conditionat-din-zona-de-imbarcari-pe-aeroportul-henri-coanda\\\/#breadcrumb\",\"itemListElement\":[{\"@type\":\"ListItem\",\"position\":1,\"name\":\"Acas\u0103\",\"item\":\"https:\\\/\\\/buletin.de\\\/bucuresti\\\/\"},{\"@type\":\"ListItem\",\"position\":2,\"name\":\"Avarie la sistemul de aer condi\u0163ionat din zona de \u00eembarc\u0103ri, pe aeroportul Henri Coand\u0103\"}]},{\"@type\":\"WebSite\",\"@id\":\"https:\\\/\\\/buletin.de\\\/bucuresti\\\/#website\",\"url\":\"https:\\\/\\\/buletin.de\\\/bucuresti\\\/\",\"name\":\"Buletin de Bucure\u0219ti\",\"description\":\"\u0218tiri \u0219i investiga\u021bii esen\u021biale din capital\u0103\",\"publisher\":{\"@id\":\"https:\\\/\\\/buletin.de\\\/bucuresti\\\/#organization\"},\"potentialAction\":[{\"@type\":\"SearchAction\",\"target\":{\"@type\":\"EntryPoint\",\"urlTemplate\":\"https:\\\/\\\/buletin.de\\\/bucuresti\\\/?s={search_term_string}\"},\"query-input\":{\"@type\":\"PropertyValueSpecification\",\"valueRequired\":true,\"valueName\":\"search_term_string\"}}],\"inLanguage\":\"en-GB\"},{\"@type\":\"Organization\",\"@id\":\"https:\\\/\\\/buletin.de\\\/bucuresti\\\/#organization\",\"name\":\"Buletin de Bucure\u0219ti\",\"url\":\"https:\\\/\\\/buletin.de\\\/bucuresti\\\/\",\"logo\":{\"@type\":\"ImageObject\",\"inLanguage\":\"en-GB\",\"@id\":\"https:\\\/\\\/buletin.de\\\/bucuresti\\\/#\\\/schema\\\/logo\\\/image\\\/\",\"url\":\"https:\\\/\\\/buletin.de\\\/bucuresti\\\/wp-content\\\/uploads\\\/logo-bdb-full-wide-vernil-transparent.png\",\"contentUrl\":\"https:\\\/\\\/buletin.de\\\/bucuresti\\\/wp-content\\\/uploads\\\/logo-bdb-full-wide-vernil-transparent.png\",\"width\":1782,\"height\":626,\"caption\":\"Buletin de Bucure\u0219ti\"},\"image\":{\"@id\":\"https:\\\/\\\/buletin.de\\\/bucuresti\\\/#\\\/schema\\\/logo\\\/image\\\/\"},\"sameAs\":[\"https:\\\/\\\/www.facebook.com\\\/buletin.de.buc\",\"https:\\\/\\\/www.instagram.com\\\/buletinde.bucuresti\\\/\"]},{\"@type\":\"Person\",\"@id\":\"https:\\\/\\\/buletin.de\\\/bucuresti\\\/#\\\/schema\\\/person\\\/5272b8a057b33890940b57b837fc4ce6\",\"name\":\"Ionu\u021b Lepa\",\"image\":{\"@type\":\"ImageObject\",\"inLanguage\":\"en-GB\",\"@id\":\"https:\\\/\\\/buletin.de\\\/bucuresti\\\/wp-content\\\/uploads\\\/Ionut-Lepa-96x96.jpg5c4e4d9e049808799a8821652d2410a4\",\"url\":\"https:\\\/\\\/buletin.de\\\/bucuresti\\\/wp-content\\\/uploads\\\/Ionut-Lepa-96x96.jpg\",\"contentUrl\":\"https:\\\/\\\/buletin.de\\\/bucuresti\\\/wp-content\\\/uploads\\\/Ionut-Lepa-96x96.jpg\",\"caption\":\"Ionu\u021b Lepa\"},\"url\":\"https:\\\/\\\/buletin.de\\\/bucuresti\\\/author\\\/ionutlepa\\\/\"}]}<\/script>\n<!-- \/ Yoast SEO Premium plugin. -->","yoast_head_json":{"title":"Avarie la sistemul de aer condi\u0163ionat din zona de \u00eembarc\u0103ri, pe aeroportul Henri Coand\u0103 - Buletin de Bucure\u0219ti","robots":{"index":"index","follow":"follow","max-snippet":"max-snippet:-1","max-image-preview":"max-image-preview:large","max-video-preview":"max-video-preview:-1"},"canonical":"https:\/\/buletin.de\/bucuresti\/avarie-la-sistemul-de-aer-conditionat-din-zona-de-imbarcari-pe-aeroportul-henri-coanda\/","og_locale":"en_GB","og_type":"article","og_title":"Avarie la sistemul de aer condi\u0163ionat din zona de \u00eembarc\u0103ri, pe aeroportul Henri Coand\u0103","og_description":"Sistemul de aer condi\u0163ionat al aeroportului Otopeni func\u0163ioneaz\u0103 deficitar din cauza suprasolicit\u0103rii din aceast\u0103 perioad\u0103 canicular\u0103. Sunt probleme \u00een special \u00een zona de \u00eembarc\u0103ri. Administratorii lucreaz\u0103 s\u0103 remedieze situa\u0163ia. Conform acestora, p\u00e2n\u0103 la 32 de grade afar\u0103, aparatele de aer condi\u0163ionat pot s\u0103 asigure o temperatur\u0103 la interior de 24-25 de grade, c\u00e2t scrie \u00een [&hellip;]","og_url":"https:\/\/buletin.de\/bucuresti\/avarie-la-sistemul-de-aer-conditionat-din-zona-de-imbarcari-pe-aeroportul-henri-coanda\/","og_site_name":"Buletin de Bucure\u0219ti","article_publisher":"https:\/\/www.facebook.com\/buletin.de.buc","article_published_time":"2024-06-26T07:55:23+00:00","article_modified_time":"2024-06-26T07:55:24+00:00","og_image":[{"width":1418,"height":586,"url":"https:\/\/buletin.de\/bucuresti\/wp-content\/uploads\/aeroport.jpg","type":"image\/jpeg"}],"author":"Ionu\u021b Lepa","twitter_card":"summary_large_image","twitter_misc":{"Written by":"Ionu\u021b Lepa","Estimated reading time":"1 minute"},"schema":{"@context":"https:\/\/schema.org","@graph":[{"@type":"Article","@id":"https:\/\/buletin.de\/bucuresti\/avarie-la-sistemul-de-aer-conditionat-din-zona-de-imbarcari-pe-aeroportul-henri-coanda\/#article","isPartOf":{"@id":"https:\/\/buletin.de\/bucuresti\/avarie-la-sistemul-de-aer-conditionat-din-zona-de-imbarcari-pe-aeroportul-henri-coanda\/"},"author":{"name":"Ionu\u021b Lepa","@id":"https:\/\/buletin.de\/bucuresti\/#\/schema\/person\/5272b8a057b33890940b57b837fc4ce6"},"headline":"Avarie la sistemul de aer condi\u0163ionat din zona de \u00eembarc\u0103ri, pe aeroportul Henri Coand\u0103","datePublished":"2024-06-26T07:55:23+00:00","dateModified":"2024-06-26T07:55:24+00:00","mainEntityOfPage":{"@id":"https:\/\/buletin.de\/bucuresti\/avarie-la-sistemul-de-aer-conditionat-din-zona-de-imbarcari-pe-aeroportul-henri-coanda\/"},"wordCount":205,"publisher":{"@id":"https:\/\/buletin.de\/bucuresti\/#organization"},"image":{"@id":"https:\/\/buletin.de\/bucuresti\/avarie-la-sistemul-de-aer-conditionat-din-zona-de-imbarcari-pe-aeroportul-henri-coanda\/#primaryimage"},"thumbnailUrl":"https:\/\/buletin.de\/bucuresti\/wp-content\/uploads\/aeroport.jpg","keywords":["aeroport otopeni aer conditionat","avarie aer conditionat henri coanda","imbarcari probleme aer conditionat aeroport bucuresti"],"articleSection":["Articole","Main","Transport"],"inLanguage":"en-GB","copyrightYear":"2024","copyrightHolder":{"@id":"https:\/\/buletin.de\/bucuresti\/#organization"}},{"@type":"WebPage","@id":"https:\/\/buletin.de\/bucuresti\/avarie-la-sistemul-de-aer-conditionat-din-zona-de-imbarcari-pe-aeroportul-henri-coanda\/","url":"https:\/\/buletin.de\/bucuresti\/avarie-la-sistemul-de-aer-conditionat-din-zona-de-imbarcari-pe-aeroportul-henri-coanda\/","name":"Avarie la sistemul de aer condi\u0163ionat din zona de \u00eembarc\u0103ri, pe aeroportul Henri Coand\u0103 - Buletin de Bucure\u0219ti","isPartOf":{"@id":"https:\/\/buletin.de\/bucuresti\/#website"},"primaryImageOfPage":{"@id":"https:\/\/buletin.de\/bucuresti\/avarie-la-sistemul-de-aer-conditionat-din-zona-de-imbarcari-pe-aeroportul-henri-coanda\/#primaryimage"},"image":{"@id":"https:\/\/buletin.de\/bucuresti\/avarie-la-sistemul-de-aer-conditionat-din-zona-de-imbarcari-pe-aeroportul-henri-coanda\/#primaryimage"},"thumbnailUrl":"https:\/\/buletin.de\/bucuresti\/wp-content\/uploads\/aeroport.jpg","datePublished":"2024-06-26T07:55:23+00:00","dateModified":"2024-06-26T07:55:24+00:00","breadcrumb":{"@id":"https:\/\/buletin.de\/bucuresti\/avarie-la-sistemul-de-aer-conditionat-din-zona-de-imbarcari-pe-aeroportul-henri-coanda\/#breadcrumb"},"inLanguage":"en-GB","potentialAction":[{"@type":"ReadAction","target":["https:\/\/buletin.de\/bucuresti\/avarie-la-sistemul-de-aer-conditionat-din-zona-de-imbarcari-pe-aeroportul-henri-coanda\/"]}]},{"@type":"ImageObject","inLanguage":"en-GB","@id":"https:\/\/buletin.de\/bucuresti\/avarie-la-sistemul-de-aer-conditionat-din-zona-de-imbarcari-pe-aeroportul-henri-coanda\/#primaryimage","url":"https:\/\/buletin.de\/bucuresti\/wp-content\/uploads\/aeroport.jpg","contentUrl":"https:\/\/buletin.de\/bucuresti\/wp-content\/uploads\/aeroport.jpg","width":1418,"height":586,"caption":"Foto: Arhiva"},{"@type":"BreadcrumbList","@id":"https:\/\/buletin.de\/bucuresti\/avarie-la-sistemul-de-aer-conditionat-din-zona-de-imbarcari-pe-aeroportul-henri-coanda\/#breadcrumb","itemListElement":[{"@type":"ListItem","position":1,"name":"Acas\u0103","item":"https:\/\/buletin.de\/bucuresti\/"},{"@type":"ListItem","position":2,"name":"Avarie la sistemul de aer condi\u0163ionat din zona de \u00eembarc\u0103ri, pe aeroportul Henri Coand\u0103"}]},{"@type":"WebSite","@id":"https:\/\/buletin.de\/bucuresti\/#website","url":"https:\/\/buletin.de\/bucuresti\/","name":"Buletin de Bucure\u0219ti","description":"\u0218tiri \u0219i investiga\u021bii esen\u021biale din capital\u0103","publisher":{"@id":"https:\/\/buletin.de\/bucuresti\/#organization"},"potentialAction":[{"@type":"SearchAction","target":{"@type":"EntryPoint","urlTemplate":"https:\/\/buletin.de\/bucuresti\/?s={search_term_string}"},"query-input":{"@type":"PropertyValueSpecification","valueRequired":true,"valueName":"search_term_string"}}],"inLanguage":"en-GB"},{"@type":"Organization","@id":"https:\/\/buletin.de\/bucuresti\/#organization","name":"Buletin de Bucure\u0219ti","url":"https:\/\/buletin.de\/bucuresti\/","logo":{"@type":"ImageObject","inLanguage":"en-GB","@id":"https:\/\/buletin.de\/bucuresti\/#\/schema\/logo\/image\/","url":"https:\/\/buletin.de\/bucuresti\/wp-content\/uploads\/logo-bdb-full-wide-vernil-transparent.png","contentUrl":"https:\/\/buletin.de\/bucuresti\/wp-content\/uploads\/logo-bdb-full-wide-vernil-transparent.png","width":1782,"height":626,"caption":"Buletin de Bucure\u0219ti"},"image":{"@id":"https:\/\/buletin.de\/bucuresti\/#\/schema\/logo\/image\/"},"sameAs":["https:\/\/www.facebook.com\/buletin.de.buc","https:\/\/www.instagram.com\/buletinde.bucuresti\/"]},{"@type":"Person","@id":"https:\/\/buletin.de\/bucuresti\/#\/schema\/person\/5272b8a057b33890940b57b837fc4ce6","name":"Ionu\u021b Lepa","image":{"@type":"ImageObject","inLanguage":"en-GB","@id":"https:\/\/buletin.de\/bucuresti\/wp-content\/uploads\/Ionut-Lepa-96x96.jpg5c4e4d9e049808799a8821652d2410a4","url":"https:\/\/buletin.de\/bucuresti\/wp-content\/uploads\/Ionut-Lepa-96x96.jpg","contentUrl":"https:\/\/buletin.de\/bucuresti\/wp-content\/uploads\/Ionut-Lepa-96x96.jpg","caption":"Ionu\u021b Lepa"},"url":"https:\/\/buletin.de\/bucuresti\/author\/ionutlepa\/"}]}},"authors":[{"term_id":22586,"user_id":8,"is_guest":0,"slug":"ionutlepa","display_name":"Ionu\u021b Lepa","avatar_url":"https:\/\/buletin.de\/bucuresti\/wp-content\/uploads\/Ionut-Lepa-96x96.jpg","0":null,"1":"","2":"","3":"","4":"","5":"","6":"","7":"","8":""}],"_links":{"self":[{"href":"https:\/\/buletin.de\/bucuresti\/wp-json\/wp\/v2\/posts\/89212","targetHints":{"allow":["GET"]}}],"collection":[{"href":"https:\/\/buletin.de\/bucuresti\/wp-json\/wp\/v2\/posts"}],"about":[{"href":"https:\/\/buletin.de\/bucuresti\/wp-json\/wp\/v2\/types\/post"}],"author":[{"embeddable":true,"href":"https:\/\/buletin.de\/bucuresti\/wp-json\/wp\/v2\/users\/8"}],"replies":[{"embeddable":true,"href":"https:\/\/buletin.de\/bucuresti\/wp-json\/wp\/v2\/comments?post=89212"}],"version-history":[{"count":2,"href":"https:\/\/buletin.de\/bucuresti\/wp-json\/wp\/v2\/posts\/89212\/revisions"}],"predecessor-version":[{"id":89215,"href":"https:\/\/buletin.de\/bucuresti\/wp-json\/wp\/v2\/posts\/89212\/revisions\/89215"}],"wp:featuredmedia":[{"embeddable":true,"href":"https:\/\/buletin.de\/bucuresti\/wp-json\/wp\/v2\/media\/5239"}],"wp:attachment":[{"href":"https:\/\/buletin.de\/bucuresti\/wp-json\/wp\/v2\/media?parent=89212"}],"wp:term":[{"taxonomy":"category","embeddable":true,"href":"https:\/\/buletin.de\/bucuresti\/wp-json\/wp\/v2\/categories?post=89212"},{"taxonomy":"post_tag","embeddable":true,"href":"https:\/\/buletin.de\/bucuresti\/wp-json\/wp\/v2\/tags?post=89212"},{"taxonomy":"author","embeddable":true,"href":"https:\/\/buletin.de\/bucuresti\/wp-json\/wp\/v2\/ppma_author?post=89212"}],"curies":[{"name":"wp","href":"https:\/\/api.w.org\/{rel}","templated":true}]}}