{"id":89141,"date":"2024-06-26T07:18:00","date_gmt":"2024-06-26T04:18:00","guid":{"rendered":"https:\/\/buletin.de\/bucuresti\/?p=89141"},"modified":"2024-06-25T21:30:39","modified_gmt":"2024-06-25T18:30:39","slug":"universitatea-din-bucuresti-scoate-la-concurs-8-000-de-locuri-la-buget-si-11-300-la-taxa-pentru-sesiunea-din-vara","status":"publish","type":"post","link":"https:\/\/buletin.de\/bucuresti\/universitatea-din-bucuresti-scoate-la-concurs-8-000-de-locuri-la-buget-si-11-300-la-taxa-pentru-sesiunea-din-vara\/","title":{"rendered":"Universitatea din Bucure\u0219ti scoate la concurs 8.000 de locuri la buget \u0219i 11.300 la tax\u0103 pentru sesiunea din var\u0103"},"content":{"rendered":"\n<p><strong>Universitatea din Bucure\u0219ti (UB) scoate la concurs 8.000 de locuri la buget \u0219i alte 11.300 de locuri la tax\u0103, pentru sesiunea de admitere din vara anului \u00een curs, se arat\u0103 \u00eentr-un comunicat al UB din 25 iunie.\u00a0\u00a0<\/strong><\/p>\n\n\n\n<p>Sesiunea de var\u0103 a concursului de admitere pentru programele de licen\u021b\u0103 \u0219i masterat se va desf\u0103\u0219ura \u00eentre 1 \u0219i 26 iulie 2024. Rezultatele vor fi afi\u0219ate p\u00e2n\u0103 pe 31 iulie, cu men\u021biunea c\u0103 fiecare facultate are propriul calendar cuprins \u00een perioada men\u021bionat\u0103.&nbsp;<\/p>\n\n\n\n<p>Viitorii studen\u021bi au posibilitatea de a pl\u0103ti taxa de \u00eenscriere online, dar \u0219i de a se \u00eenscrie propriu-zis la concursul de admitere tot online.&nbsp;<\/p>\n\n\n\n<p>Universitatea propune 4.680 de locuri la buget pentru programele de licen\u021b\u0103 la cele 19 facult\u0103\u021bi ale UB \u0219i alte 3.190 de locuri subven\u021bionate de stat pentru programele de master.&nbsp;<\/p>\n\n\n\n<p>\u0218colile doctorale ale UB scot la concurs 340 de locuri la buget, dintre care 163 sunt cu burs\u0103. Admiterea la programele doctorale se va desf\u0103\u0219ura \u00eentre 2 \u0219i 16 septembrie 2024.&nbsp;<\/p>\n\n\n\n<p>Comunicatul mai cuprinde \u0219i felul \u00een care sunt alocate locurile scoase la concurs:<\/p>\n\n\n\n<ul class=\"wp-block-list\">\n<li>81 de locuri alocate domeniilor prioritare de dezvoltare a Rom\u00e2niei;<\/li>\n\n\n\n<li>129 de locuri pentru absolven\u021bii de licee din mediul rural;<\/li>\n\n\n\n<li>76 de locuri pentru candida\u021bii de etnie rom\u0103;<\/li>\n\n\n\n<li>34 de locuri pentru candida\u021bii proveni\u021bi din sistemul de protec\u021bie social\u0103;<\/li>\n\n\n\n<li>25 de locuri pentru persoanele cu cerin\u021be educa\u021bionale speciale;<\/li>\n\n\n\n<li>50 de locuri pentru candida\u021bii care vor s\u0103 urmeze studiile \u00een cadrul programelor de masterat didactic.&nbsp;<\/li>\n<\/ul>\n\n\n\n<p>Olimpicii \u0219i medalia\u021bii la nivel european \u0219i mondial vor avea o sesiune special\u0103 de admitere, care va avea loc \u00eenaintea sesiunii pentru to\u021bi candida\u021bii. UB scoate la concurs 15 locuri pentru programele de licen\u021b\u0103 \u0219i alte 5 pentru studiile de masterat. Sportivii se pot \u00eenscrie \u00eentre 1 \u0219i 12 iulie, iar rezultatele finale vor fi afi\u0219ate pe 15 iulie, conform <a href=\"https:\/\/admitere.unibuc.ro\/olimpici\/\">site-ului universit\u0103\u021bii<\/a>.&nbsp;<\/p>\n\n\n\n<p>\u00cen plus, studen\u021bii medalia\u021bi cu aur, argint \u0219i bronz la olimpiadele \u0219tiin\u021bifice \u0219i competi\u021biile interna\u021bionale vor beneficia de burse. Cei care se \u00eencadreaz\u0103 pentru acest tip de remunerare sunt medalia\u021bii la jocuri olimpice, campionate mondiale \u0219i europene, campionate mondiale universitare pentru sporturile olimpice \u0219i \u0219ah, inclusiv cele organizate pentru persoanele cu dizabilit\u0103\u021bi.\u00a0<\/p>\n\n\n\n<p><\/p>\n\n\n\n<p><strong>CITE\u015eTE \u015eI:<\/strong><\/p>\n\n\n\n<figure class=\"wp-block-embed is-type-wp-embed is-provider-buletin-de-bucure-ti wp-block-embed-buletin-de-bucure-ti\"><div class=\"wp-block-embed__wrapper\">\n<blockquote class=\"wp-embedded-content\" data-secret=\"JsI0PvybFx\"><a href=\"https:\/\/buletin.de\/bucuresti\/scoli-nu-inchisori-elevii-protesteaza-in-fata-ministerului-educatiei-din-cauza-proiectului-care-propune-detentia-in-scoli\/\">\u201e\u0218coli, nu \u00eenchisori!\u201d Elevii protesteaz\u0103 \u00een fa\u021ba Ministerului Educa\u021biei, din cauza proiectului care propune \u201edeten\u021bia\u201d \u00een \u0219coli<\/a><\/blockquote><iframe class=\"wp-embedded-content\" sandbox=\"allow-scripts\" security=\"restricted\" style=\"position: absolute; clip: rect(1px, 1px, 1px, 1px);\" title=\"&#8220;\u201e\u0218coli, nu \u00eenchisori!\u201d Elevii protesteaz\u0103 \u00een fa\u021ba Ministerului Educa\u021biei, din cauza proiectului care propune \u201edeten\u021bia\u201d \u00een \u0219coli&#8221; &#8212; Buletin de Bucure\u0219ti\" src=\"https:\/\/buletin.de\/bucuresti\/scoli-nu-inchisori-elevii-protesteaza-in-fata-ministerului-educatiei-din-cauza-proiectului-care-propune-detentia-in-scoli\/embed\/#?secret=zvpHfV55Rd#?secret=JsI0PvybFx\" data-secret=\"JsI0PvybFx\" width=\"600\" height=\"338\" frameborder=\"0\" marginwidth=\"0\" marginheight=\"0\" scrolling=\"no\"><\/iframe>\n<\/div><\/figure>\n","protected":false},"excerpt":{"rendered":"<p>Universitatea din Bucure\u0219ti (UB) scoate la concurs 8.000 de locuri la buget \u0219i alte 11.300 de locuri la tax\u0103, pentru sesiunea de admitere din vara anului \u00een curs, se arat\u0103 \u00eentr-un comunicat al UB din 25 iunie.\u00a0\u00a0 Sesiunea de var\u0103 a concursului de admitere pentru programele de licen\u021b\u0103 \u0219i masterat se va desf\u0103\u0219ura \u00eentre 1 [&hellip;]<\/p>\n","protected":false},"author":58,"featured_media":89149,"comment_status":"closed","ping_status":"open","sticky":false,"template":"","format":"standard","meta":{"_acf_changed":false,"inline_featured_image":false,"ngg_post_thumbnail":0,"footnotes":""},"categories":[6994,3421,62],"tags":[1199,12993,12992,5310],"ppma_author":[22581],"class_list":["post-89141","post","type-post","status-publish","format-standard","has-post-thumbnail","hentry","category-stiri-2","category-educatie","category-stiri","tag-admitere","tag-locuri-buget","tag-sesiune-de-vara","tag-universitatea-din-bucuresti"],"acf":[],"yoast_head":"<!-- This site is optimized with the Yoast SEO Premium plugin v25.3 (Yoast SEO v27.4) - https:\/\/yoast.com\/product\/yoast-seo-premium-wordpress\/ -->\n<title>Universitatea din Bucure\u0219ti scoate la concurs 8.000 de locuri la buget \u0219i 11.300 la tax\u0103 pentru sesiunea din var\u0103 - Buletin de Bucure\u0219ti<\/title>\n<meta name=\"robots\" content=\"index, follow, max-snippet:-1, max-image-preview:large, max-video-preview:-1\" \/>\n<link rel=\"canonical\" href=\"https:\/\/buletin.de\/bucuresti\/universitatea-din-bucuresti-scoate-la-concurs-8-000-de-locuri-la-buget-si-11-300-la-taxa-pentru-sesiunea-din-vara\/\" \/>\n<meta property=\"og:locale\" content=\"en_GB\" \/>\n<meta property=\"og:type\" content=\"article\" \/>\n<meta property=\"og:title\" content=\"Universitatea din Bucure\u0219ti scoate la concurs 8.000 de locuri la buget \u0219i 11.300 la tax\u0103 pentru sesiunea din var\u0103\" \/>\n<meta property=\"og:description\" content=\"Universitatea din Bucure\u0219ti (UB) scoate la concurs 8.000 de locuri la buget \u0219i alte 11.300 de locuri la tax\u0103, pentru sesiunea de admitere din vara anului \u00een curs, se arat\u0103 \u00eentr-un comunicat al UB din 25 iunie.\u00a0\u00a0 Sesiunea de var\u0103 a concursului de admitere pentru programele de licen\u021b\u0103 \u0219i masterat se va desf\u0103\u0219ura \u00eentre 1 [&hellip;]\" \/>\n<meta property=\"og:url\" content=\"https:\/\/buletin.de\/bucuresti\/universitatea-din-bucuresti-scoate-la-concurs-8-000-de-locuri-la-buget-si-11-300-la-taxa-pentru-sesiunea-din-vara\/\" \/>\n<meta property=\"og:site_name\" content=\"Buletin de Bucure\u0219ti\" \/>\n<meta property=\"article:publisher\" content=\"https:\/\/www.facebook.com\/buletin.de.buc\" \/>\n<meta property=\"article:published_time\" content=\"2024-06-26T04:18:00+00:00\" \/>\n<meta property=\"og:image\" content=\"https:\/\/buletin.de\/bucuresti\/wp-content\/uploads\/unibuc-background.jpg\" \/>\n\t<meta property=\"og:image:width\" content=\"2000\" \/>\n\t<meta property=\"og:image:height\" content=\"1333\" \/>\n\t<meta property=\"og:image:type\" content=\"image\/jpeg\" \/>\n<meta name=\"author\" content=\"Ana Anghel-Dimache\" \/>\n<meta name=\"twitter:card\" content=\"summary_large_image\" \/>\n<meta name=\"twitter:label1\" content=\"Written by\" \/>\n\t<meta name=\"twitter:data1\" content=\"Ana Anghel-Dimache\" \/>\n\t<meta name=\"twitter:label2\" content=\"Estimated reading time\" \/>\n\t<meta name=\"twitter:data2\" content=\"2 minutes\" \/>\n<script type=\"application\/ld+json\" class=\"yoast-schema-graph\">{\"@context\":\"https:\\\/\\\/schema.org\",\"@graph\":[{\"@type\":\"Article\",\"@id\":\"https:\\\/\\\/buletin.de\\\/bucuresti\\\/universitatea-din-bucuresti-scoate-la-concurs-8-000-de-locuri-la-buget-si-11-300-la-taxa-pentru-sesiunea-din-vara\\\/#article\",\"isPartOf\":{\"@id\":\"https:\\\/\\\/buletin.de\\\/bucuresti\\\/universitatea-din-bucuresti-scoate-la-concurs-8-000-de-locuri-la-buget-si-11-300-la-taxa-pentru-sesiunea-din-vara\\\/\"},\"author\":{\"name\":\"Ana Anghel-Dimache\",\"@id\":\"https:\\\/\\\/buletin.de\\\/bucuresti\\\/#\\\/schema\\\/person\\\/359459245996e200ed7c807f71f0551a\"},\"headline\":\"Universitatea din Bucure\u0219ti scoate la concurs 8.000 de locuri la buget \u0219i 11.300 la tax\u0103 pentru sesiunea din var\u0103\",\"datePublished\":\"2024-06-26T04:18:00+00:00\",\"mainEntityOfPage\":{\"@id\":\"https:\\\/\\\/buletin.de\\\/bucuresti\\\/universitatea-din-bucuresti-scoate-la-concurs-8-000-de-locuri-la-buget-si-11-300-la-taxa-pentru-sesiunea-din-vara\\\/\"},\"wordCount\":392,\"publisher\":{\"@id\":\"https:\\\/\\\/buletin.de\\\/bucuresti\\\/#organization\"},\"image\":{\"@id\":\"https:\\\/\\\/buletin.de\\\/bucuresti\\\/universitatea-din-bucuresti-scoate-la-concurs-8-000-de-locuri-la-buget-si-11-300-la-taxa-pentru-sesiunea-din-vara\\\/#primaryimage\"},\"thumbnailUrl\":\"https:\\\/\\\/buletin.de\\\/bucuresti\\\/wp-content\\\/uploads\\\/unibuc-background.jpg\",\"keywords\":[\"admitere\",\"locuri buget\",\"sesiune de var\u0103\",\"Universitatea din Bucure\u0219ti\"],\"articleSection\":[\"Articole\",\"Educa\u021bie\",\"\u0218tiri\"],\"inLanguage\":\"en-GB\",\"copyrightYear\":\"2024\",\"copyrightHolder\":{\"@id\":\"https:\\\/\\\/buletin.de\\\/bucuresti\\\/#organization\"}},{\"@type\":\"WebPage\",\"@id\":\"https:\\\/\\\/buletin.de\\\/bucuresti\\\/universitatea-din-bucuresti-scoate-la-concurs-8-000-de-locuri-la-buget-si-11-300-la-taxa-pentru-sesiunea-din-vara\\\/\",\"url\":\"https:\\\/\\\/buletin.de\\\/bucuresti\\\/universitatea-din-bucuresti-scoate-la-concurs-8-000-de-locuri-la-buget-si-11-300-la-taxa-pentru-sesiunea-din-vara\\\/\",\"name\":\"Universitatea din Bucure\u0219ti scoate la concurs 8.000 de locuri la buget \u0219i 11.300 la tax\u0103 pentru sesiunea din var\u0103 - Buletin de Bucure\u0219ti\",\"isPartOf\":{\"@id\":\"https:\\\/\\\/buletin.de\\\/bucuresti\\\/#website\"},\"primaryImageOfPage\":{\"@id\":\"https:\\\/\\\/buletin.de\\\/bucuresti\\\/universitatea-din-bucuresti-scoate-la-concurs-8-000-de-locuri-la-buget-si-11-300-la-taxa-pentru-sesiunea-din-vara\\\/#primaryimage\"},\"image\":{\"@id\":\"https:\\\/\\\/buletin.de\\\/bucuresti\\\/universitatea-din-bucuresti-scoate-la-concurs-8-000-de-locuri-la-buget-si-11-300-la-taxa-pentru-sesiunea-din-vara\\\/#primaryimage\"},\"thumbnailUrl\":\"https:\\\/\\\/buletin.de\\\/bucuresti\\\/wp-content\\\/uploads\\\/unibuc-background.jpg\",\"datePublished\":\"2024-06-26T04:18:00+00:00\",\"breadcrumb\":{\"@id\":\"https:\\\/\\\/buletin.de\\\/bucuresti\\\/universitatea-din-bucuresti-scoate-la-concurs-8-000-de-locuri-la-buget-si-11-300-la-taxa-pentru-sesiunea-din-vara\\\/#breadcrumb\"},\"inLanguage\":\"en-GB\",\"potentialAction\":[{\"@type\":\"ReadAction\",\"target\":[\"https:\\\/\\\/buletin.de\\\/bucuresti\\\/universitatea-din-bucuresti-scoate-la-concurs-8-000-de-locuri-la-buget-si-11-300-la-taxa-pentru-sesiunea-din-vara\\\/\"]}]},{\"@type\":\"ImageObject\",\"inLanguage\":\"en-GB\",\"@id\":\"https:\\\/\\\/buletin.de\\\/bucuresti\\\/universitatea-din-bucuresti-scoate-la-concurs-8-000-de-locuri-la-buget-si-11-300-la-taxa-pentru-sesiunea-din-vara\\\/#primaryimage\",\"url\":\"https:\\\/\\\/buletin.de\\\/bucuresti\\\/wp-content\\\/uploads\\\/unibuc-background.jpg\",\"contentUrl\":\"https:\\\/\\\/buletin.de\\\/bucuresti\\\/wp-content\\\/uploads\\\/unibuc-background.jpg\",\"width\":2000,\"height\":1333,\"caption\":\"Bucure\u0219tiul a crescut, oficial, cu doar 2.000 de locuitori \u00een ultimul deceniu FOTO: Facebook \\\/ Universitatea din Bucure\u0219ti\"},{\"@type\":\"BreadcrumbList\",\"@id\":\"https:\\\/\\\/buletin.de\\\/bucuresti\\\/universitatea-din-bucuresti-scoate-la-concurs-8-000-de-locuri-la-buget-si-11-300-la-taxa-pentru-sesiunea-din-vara\\\/#breadcrumb\",\"itemListElement\":[{\"@type\":\"ListItem\",\"position\":1,\"name\":\"Acas\u0103\",\"item\":\"https:\\\/\\\/buletin.de\\\/bucuresti\\\/\"},{\"@type\":\"ListItem\",\"position\":2,\"name\":\"Universitatea din Bucure\u0219ti scoate la concurs 8.000 de locuri la buget \u0219i 11.300 la tax\u0103 pentru sesiunea din var\u0103\"}]},{\"@type\":\"WebSite\",\"@id\":\"https:\\\/\\\/buletin.de\\\/bucuresti\\\/#website\",\"url\":\"https:\\\/\\\/buletin.de\\\/bucuresti\\\/\",\"name\":\"Buletin de Bucure\u0219ti\",\"description\":\"\u0218tiri \u0219i investiga\u021bii esen\u021biale din capital\u0103\",\"publisher\":{\"@id\":\"https:\\\/\\\/buletin.de\\\/bucuresti\\\/#organization\"},\"potentialAction\":[{\"@type\":\"SearchAction\",\"target\":{\"@type\":\"EntryPoint\",\"urlTemplate\":\"https:\\\/\\\/buletin.de\\\/bucuresti\\\/?s={search_term_string}\"},\"query-input\":{\"@type\":\"PropertyValueSpecification\",\"valueRequired\":true,\"valueName\":\"search_term_string\"}}],\"inLanguage\":\"en-GB\"},{\"@type\":\"Organization\",\"@id\":\"https:\\\/\\\/buletin.de\\\/bucuresti\\\/#organization\",\"name\":\"Buletin de Bucure\u0219ti\",\"url\":\"https:\\\/\\\/buletin.de\\\/bucuresti\\\/\",\"logo\":{\"@type\":\"ImageObject\",\"inLanguage\":\"en-GB\",\"@id\":\"https:\\\/\\\/buletin.de\\\/bucuresti\\\/#\\\/schema\\\/logo\\\/image\\\/\",\"url\":\"https:\\\/\\\/buletin.de\\\/bucuresti\\\/wp-content\\\/uploads\\\/logo-bdb-full-wide-vernil-transparent.png\",\"contentUrl\":\"https:\\\/\\\/buletin.de\\\/bucuresti\\\/wp-content\\\/uploads\\\/logo-bdb-full-wide-vernil-transparent.png\",\"width\":1782,\"height\":626,\"caption\":\"Buletin de Bucure\u0219ti\"},\"image\":{\"@id\":\"https:\\\/\\\/buletin.de\\\/bucuresti\\\/#\\\/schema\\\/logo\\\/image\\\/\"},\"sameAs\":[\"https:\\\/\\\/www.facebook.com\\\/buletin.de.buc\",\"https:\\\/\\\/www.instagram.com\\\/buletinde.bucuresti\\\/\"]},{\"@type\":\"Person\",\"@id\":\"https:\\\/\\\/buletin.de\\\/bucuresti\\\/#\\\/schema\\\/person\\\/359459245996e200ed7c807f71f0551a\",\"name\":\"Ana Anghel-Dimache\",\"image\":{\"@type\":\"ImageObject\",\"inLanguage\":\"en-GB\",\"@id\":\"https:\\\/\\\/buletin.de\\\/bucuresti\\\/wp-content\\\/uploads\\\/Ana-Anghel-Dimache-96x96.jpg861145fc2c4f1fe57dc81b59a6cfb674\",\"url\":\"https:\\\/\\\/buletin.de\\\/bucuresti\\\/wp-content\\\/uploads\\\/Ana-Anghel-Dimache-96x96.jpg\",\"contentUrl\":\"https:\\\/\\\/buletin.de\\\/bucuresti\\\/wp-content\\\/uploads\\\/Ana-Anghel-Dimache-96x96.jpg\",\"caption\":\"Ana Anghel-Dimache\"},\"description\":\"Sunt student\u0103 la jurnalism \u0219i m-am n\u0103scut \u00een Bucure\u0219ti, ora\u0219 plin de pove\u0219ti care merit\u0103 explorate. \u00cemi place s\u0103 scriu despre subiecte politice, de mediu \u0219i legate de transportul din Capital\u0103. \u00cencerc s\u0103 pictez o imagine c\u00e2t mai sincer\u0103 a realit\u0103\u021bii \u0219i sus\u021bin presa independent\u0103 pentru c\u0103 este esen\u021bial s\u0103 pot reda faptele \u00een formele lor adev\u0103rate.\",\"url\":\"https:\\\/\\\/buletin.de\\\/bucuresti\\\/author\\\/ana-dimache\\\/\"}]}<\/script>\n<!-- \/ Yoast SEO Premium plugin. -->","yoast_head_json":{"title":"Universitatea din Bucure\u0219ti scoate la concurs 8.000 de locuri la buget \u0219i 11.300 la tax\u0103 pentru sesiunea din var\u0103 - Buletin de Bucure\u0219ti","robots":{"index":"index","follow":"follow","max-snippet":"max-snippet:-1","max-image-preview":"max-image-preview:large","max-video-preview":"max-video-preview:-1"},"canonical":"https:\/\/buletin.de\/bucuresti\/universitatea-din-bucuresti-scoate-la-concurs-8-000-de-locuri-la-buget-si-11-300-la-taxa-pentru-sesiunea-din-vara\/","og_locale":"en_GB","og_type":"article","og_title":"Universitatea din Bucure\u0219ti scoate la concurs 8.000 de locuri la buget \u0219i 11.300 la tax\u0103 pentru sesiunea din var\u0103","og_description":"Universitatea din Bucure\u0219ti (UB) scoate la concurs 8.000 de locuri la buget \u0219i alte 11.300 de locuri la tax\u0103, pentru sesiunea de admitere din vara anului \u00een curs, se arat\u0103 \u00eentr-un comunicat al UB din 25 iunie.\u00a0\u00a0 Sesiunea de var\u0103 a concursului de admitere pentru programele de licen\u021b\u0103 \u0219i masterat se va desf\u0103\u0219ura \u00eentre 1 [&hellip;]","og_url":"https:\/\/buletin.de\/bucuresti\/universitatea-din-bucuresti-scoate-la-concurs-8-000-de-locuri-la-buget-si-11-300-la-taxa-pentru-sesiunea-din-vara\/","og_site_name":"Buletin de Bucure\u0219ti","article_publisher":"https:\/\/www.facebook.com\/buletin.de.buc","article_published_time":"2024-06-26T04:18:00+00:00","og_image":[{"width":2000,"height":1333,"url":"https:\/\/buletin.de\/bucuresti\/wp-content\/uploads\/unibuc-background.jpg","type":"image\/jpeg"}],"author":"Ana Anghel-Dimache","twitter_card":"summary_large_image","twitter_misc":{"Written by":"Ana Anghel-Dimache","Estimated reading time":"2 minutes"},"schema":{"@context":"https:\/\/schema.org","@graph":[{"@type":"Article","@id":"https:\/\/buletin.de\/bucuresti\/universitatea-din-bucuresti-scoate-la-concurs-8-000-de-locuri-la-buget-si-11-300-la-taxa-pentru-sesiunea-din-vara\/#article","isPartOf":{"@id":"https:\/\/buletin.de\/bucuresti\/universitatea-din-bucuresti-scoate-la-concurs-8-000-de-locuri-la-buget-si-11-300-la-taxa-pentru-sesiunea-din-vara\/"},"author":{"name":"Ana Anghel-Dimache","@id":"https:\/\/buletin.de\/bucuresti\/#\/schema\/person\/359459245996e200ed7c807f71f0551a"},"headline":"Universitatea din Bucure\u0219ti scoate la concurs 8.000 de locuri la buget \u0219i 11.300 la tax\u0103 pentru sesiunea din var\u0103","datePublished":"2024-06-26T04:18:00+00:00","mainEntityOfPage":{"@id":"https:\/\/buletin.de\/bucuresti\/universitatea-din-bucuresti-scoate-la-concurs-8-000-de-locuri-la-buget-si-11-300-la-taxa-pentru-sesiunea-din-vara\/"},"wordCount":392,"publisher":{"@id":"https:\/\/buletin.de\/bucuresti\/#organization"},"image":{"@id":"https:\/\/buletin.de\/bucuresti\/universitatea-din-bucuresti-scoate-la-concurs-8-000-de-locuri-la-buget-si-11-300-la-taxa-pentru-sesiunea-din-vara\/#primaryimage"},"thumbnailUrl":"https:\/\/buletin.de\/bucuresti\/wp-content\/uploads\/unibuc-background.jpg","keywords":["admitere","locuri buget","sesiune de var\u0103","Universitatea din Bucure\u0219ti"],"articleSection":["Articole","Educa\u021bie","\u0218tiri"],"inLanguage":"en-GB","copyrightYear":"2024","copyrightHolder":{"@id":"https:\/\/buletin.de\/bucuresti\/#organization"}},{"@type":"WebPage","@id":"https:\/\/buletin.de\/bucuresti\/universitatea-din-bucuresti-scoate-la-concurs-8-000-de-locuri-la-buget-si-11-300-la-taxa-pentru-sesiunea-din-vara\/","url":"https:\/\/buletin.de\/bucuresti\/universitatea-din-bucuresti-scoate-la-concurs-8-000-de-locuri-la-buget-si-11-300-la-taxa-pentru-sesiunea-din-vara\/","name":"Universitatea din Bucure\u0219ti scoate la concurs 8.000 de locuri la buget \u0219i 11.300 la tax\u0103 pentru sesiunea din var\u0103 - Buletin de Bucure\u0219ti","isPartOf":{"@id":"https:\/\/buletin.de\/bucuresti\/#website"},"primaryImageOfPage":{"@id":"https:\/\/buletin.de\/bucuresti\/universitatea-din-bucuresti-scoate-la-concurs-8-000-de-locuri-la-buget-si-11-300-la-taxa-pentru-sesiunea-din-vara\/#primaryimage"},"image":{"@id":"https:\/\/buletin.de\/bucuresti\/universitatea-din-bucuresti-scoate-la-concurs-8-000-de-locuri-la-buget-si-11-300-la-taxa-pentru-sesiunea-din-vara\/#primaryimage"},"thumbnailUrl":"https:\/\/buletin.de\/bucuresti\/wp-content\/uploads\/unibuc-background.jpg","datePublished":"2024-06-26T04:18:00+00:00","breadcrumb":{"@id":"https:\/\/buletin.de\/bucuresti\/universitatea-din-bucuresti-scoate-la-concurs-8-000-de-locuri-la-buget-si-11-300-la-taxa-pentru-sesiunea-din-vara\/#breadcrumb"},"inLanguage":"en-GB","potentialAction":[{"@type":"ReadAction","target":["https:\/\/buletin.de\/bucuresti\/universitatea-din-bucuresti-scoate-la-concurs-8-000-de-locuri-la-buget-si-11-300-la-taxa-pentru-sesiunea-din-vara\/"]}]},{"@type":"ImageObject","inLanguage":"en-GB","@id":"https:\/\/buletin.de\/bucuresti\/universitatea-din-bucuresti-scoate-la-concurs-8-000-de-locuri-la-buget-si-11-300-la-taxa-pentru-sesiunea-din-vara\/#primaryimage","url":"https:\/\/buletin.de\/bucuresti\/wp-content\/uploads\/unibuc-background.jpg","contentUrl":"https:\/\/buletin.de\/bucuresti\/wp-content\/uploads\/unibuc-background.jpg","width":2000,"height":1333,"caption":"Bucure\u0219tiul a crescut, oficial, cu doar 2.000 de locuitori \u00een ultimul deceniu FOTO: Facebook \/ Universitatea din Bucure\u0219ti"},{"@type":"BreadcrumbList","@id":"https:\/\/buletin.de\/bucuresti\/universitatea-din-bucuresti-scoate-la-concurs-8-000-de-locuri-la-buget-si-11-300-la-taxa-pentru-sesiunea-din-vara\/#breadcrumb","itemListElement":[{"@type":"ListItem","position":1,"name":"Acas\u0103","item":"https:\/\/buletin.de\/bucuresti\/"},{"@type":"ListItem","position":2,"name":"Universitatea din Bucure\u0219ti scoate la concurs 8.000 de locuri la buget \u0219i 11.300 la tax\u0103 pentru sesiunea din var\u0103"}]},{"@type":"WebSite","@id":"https:\/\/buletin.de\/bucuresti\/#website","url":"https:\/\/buletin.de\/bucuresti\/","name":"Buletin de Bucure\u0219ti","description":"\u0218tiri \u0219i investiga\u021bii esen\u021biale din capital\u0103","publisher":{"@id":"https:\/\/buletin.de\/bucuresti\/#organization"},"potentialAction":[{"@type":"SearchAction","target":{"@type":"EntryPoint","urlTemplate":"https:\/\/buletin.de\/bucuresti\/?s={search_term_string}"},"query-input":{"@type":"PropertyValueSpecification","valueRequired":true,"valueName":"search_term_string"}}],"inLanguage":"en-GB"},{"@type":"Organization","@id":"https:\/\/buletin.de\/bucuresti\/#organization","name":"Buletin de Bucure\u0219ti","url":"https:\/\/buletin.de\/bucuresti\/","logo":{"@type":"ImageObject","inLanguage":"en-GB","@id":"https:\/\/buletin.de\/bucuresti\/#\/schema\/logo\/image\/","url":"https:\/\/buletin.de\/bucuresti\/wp-content\/uploads\/logo-bdb-full-wide-vernil-transparent.png","contentUrl":"https:\/\/buletin.de\/bucuresti\/wp-content\/uploads\/logo-bdb-full-wide-vernil-transparent.png","width":1782,"height":626,"caption":"Buletin de Bucure\u0219ti"},"image":{"@id":"https:\/\/buletin.de\/bucuresti\/#\/schema\/logo\/image\/"},"sameAs":["https:\/\/www.facebook.com\/buletin.de.buc","https:\/\/www.instagram.com\/buletinde.bucuresti\/"]},{"@type":"Person","@id":"https:\/\/buletin.de\/bucuresti\/#\/schema\/person\/359459245996e200ed7c807f71f0551a","name":"Ana Anghel-Dimache","image":{"@type":"ImageObject","inLanguage":"en-GB","@id":"https:\/\/buletin.de\/bucuresti\/wp-content\/uploads\/Ana-Anghel-Dimache-96x96.jpg861145fc2c4f1fe57dc81b59a6cfb674","url":"https:\/\/buletin.de\/bucuresti\/wp-content\/uploads\/Ana-Anghel-Dimache-96x96.jpg","contentUrl":"https:\/\/buletin.de\/bucuresti\/wp-content\/uploads\/Ana-Anghel-Dimache-96x96.jpg","caption":"Ana Anghel-Dimache"},"description":"Sunt student\u0103 la jurnalism \u0219i m-am n\u0103scut \u00een Bucure\u0219ti, ora\u0219 plin de pove\u0219ti care merit\u0103 explorate. \u00cemi place s\u0103 scriu despre subiecte politice, de mediu \u0219i legate de transportul din Capital\u0103. \u00cencerc s\u0103 pictez o imagine c\u00e2t mai sincer\u0103 a realit\u0103\u021bii \u0219i sus\u021bin presa independent\u0103 pentru c\u0103 este esen\u021bial s\u0103 pot reda faptele \u00een formele lor adev\u0103rate.","url":"https:\/\/buletin.de\/bucuresti\/author\/ana-dimache\/"}]}},"authors":[{"term_id":22581,"user_id":58,"is_guest":0,"slug":"ana-dimache","display_name":"Ana Anghel-Dimache","avatar_url":"https:\/\/buletin.de\/bucuresti\/wp-content\/uploads\/Ana-Anghel-Dimache-96x96.jpg","0":null,"1":"","2":"","3":"","4":"","5":"","6":"","7":"","8":""}],"_links":{"self":[{"href":"https:\/\/buletin.de\/bucuresti\/wp-json\/wp\/v2\/posts\/89141","targetHints":{"allow":["GET"]}}],"collection":[{"href":"https:\/\/buletin.de\/bucuresti\/wp-json\/wp\/v2\/posts"}],"about":[{"href":"https:\/\/buletin.de\/bucuresti\/wp-json\/wp\/v2\/types\/post"}],"author":[{"embeddable":true,"href":"https:\/\/buletin.de\/bucuresti\/wp-json\/wp\/v2\/users\/58"}],"replies":[{"embeddable":true,"href":"https:\/\/buletin.de\/bucuresti\/wp-json\/wp\/v2\/comments?post=89141"}],"version-history":[{"count":3,"href":"https:\/\/buletin.de\/bucuresti\/wp-json\/wp\/v2\/posts\/89141\/revisions"}],"predecessor-version":[{"id":89169,"href":"https:\/\/buletin.de\/bucuresti\/wp-json\/wp\/v2\/posts\/89141\/revisions\/89169"}],"wp:featuredmedia":[{"embeddable":true,"href":"https:\/\/buletin.de\/bucuresti\/wp-json\/wp\/v2\/media\/89149"}],"wp:attachment":[{"href":"https:\/\/buletin.de\/bucuresti\/wp-json\/wp\/v2\/media?parent=89141"}],"wp:term":[{"taxonomy":"category","embeddable":true,"href":"https:\/\/buletin.de\/bucuresti\/wp-json\/wp\/v2\/categories?post=89141"},{"taxonomy":"post_tag","embeddable":true,"href":"https:\/\/buletin.de\/bucuresti\/wp-json\/wp\/v2\/tags?post=89141"},{"taxonomy":"author","embeddable":true,"href":"https:\/\/buletin.de\/bucuresti\/wp-json\/wp\/v2\/ppma_author?post=89141"}],"curies":[{"name":"wp","href":"https:\/\/api.w.org\/{rel}","templated":true}]}}