{"id":89135,"date":"2024-06-25T13:46:41","date_gmt":"2024-06-25T10:46:41","guid":{"rendered":"https:\/\/buletin.de\/bucuresti\/?p=89135"},"modified":"2024-06-25T13:46:41","modified_gmt":"2024-06-25T10:46:41","slug":"scoli-nu-inchisori-elevii-protesteaza-in-fata-ministerului-educatiei-din-cauza-proiectului-care-propune-detentia-in-scoli","status":"publish","type":"post","link":"https:\/\/buletin.de\/bucuresti\/scoli-nu-inchisori-elevii-protesteaza-in-fata-ministerului-educatiei-din-cauza-proiectului-care-propune-detentia-in-scoli\/","title":{"rendered":"\u201e\u0218coli, nu \u00eenchisori!\u201d Elevii protesteaz\u0103 \u00een fa\u021ba Ministerului Educa\u021biei, din cauza proiectului care propune \u201edeten\u021bia\u201d \u00een \u0219coli"},"content":{"rendered":"\n<p><strong>Tineri din Uniunea Elevilor Reprezentan\u0163i \u0219i din Asocia\u0163ia Elevilor din Bucure\u015fti \u015fi Ilfov (AEBI) protesteaz\u0103 ast\u0103zi, 25 iunie, de la ora 11:00, \u00een fa\u021ba Ministerului Educa\u021biei din cauza reglement\u0103rilor proiectelor Statutului Elevului \u015fi Regulamentul-cadru de Organizare \u015fi Func\u0163ionare a Unit\u0103\u0163ilor de \u00cenv\u0103\u0163\u0103m\u00e2nt Preuniversitar (ROFUIP). Elevii se revolt\u0103 \u00een fa\u021ba propunerilor \u0219i pentru c\u0103 nu au fost consulta\u021bi, conform <a href=\"https:\/\/www.edupedu.ro\/video-mai-multe-asociatii-de-elevi-din-tara-protesteaza-in-fata-ministerului-educatiei-nemultumite-de-proiectele-privind-statutul-elevului-si-rofuip\/\">Edupedu<\/a>.\u00a0<\/strong><\/p>\n\n\n\n<p>Elevii sunt nemul\u021bumi\u021bi de propunerea proiectelor men\u021bionate, \u00een special din cauza propunerii unei s\u0103li special alocate pentru elevii care deranjeaz\u0103 orele, la decizia profesorului. Ei sunt nemul\u021bumi\u021bi c\u0103 nu au fost consulta\u021bi \u00een scrierea proiectelor \u201ede\u015fi Legea 198\/2023 prevede acest lucru, \u00een cazul asocia\u0163iilor na\u0163ionale de elevi\u201d, sus\u021bin elevii \u00eentr-un comunicat.\u00a0\u00a0<\/p>\n\n\n\n<figure class=\"wp-block-embed is-type-video is-provider-youtube wp-block-embed-youtube wp-embed-aspect-16-9 wp-has-aspect-ratio\"><div class=\"wp-block-embed__wrapper\">\n<div class=\"jlvid_container\"><iframe title=\"Elevii protesteaz\u0103 ast\u0103zi \u00een fa\u021ba Ministerului Educa\u021biei\" width=\"1200\" height=\"675\" src=\"https:\/\/www.youtube.com\/embed\/l4NRSq477co?feature=oembed\" frameborder=\"0\" allow=\"accelerometer; autoplay; clipboard-write; encrypted-media; gyroscope; picture-in-picture; web-share\" referrerpolicy=\"strict-origin-when-cross-origin\" allowfullscreen><\/iframe><\/div>\n<\/div><\/figure>\n\n\n\n<p>\u00cen cadrul proiectului Elevului 2024, a fost introdus\u0103 aceast\u0103 sal\u0103 de deten\u021bie care \u00eei vizeaz\u0103 pe elevii care \u00eentrerup \u00eentr-un fel orele. Profesorii pot decide s\u0103 le dea \u201electur\u0103 suplimentar\u0103\u201d \u0219i s\u0103 completeze fi\u0219e de lucru.&nbsp;<\/p>\n\n\n\n<p>Ei au cerut \u201celiminarea alin. (2) din art. 14 privind camera de deten\u0163ie pentru elevii care au un comportament inadecvat \u00een timpul orei de curs, deoarece reglementarea propus\u0103 \u00eencalc\u0103 dreptul elevilor la educa\u0163ie \u015fi nu rezolv\u0103 adev\u0103rata problem\u0103 \u015fi lit. (h) din art. 15, care \u00eencurajeaz\u0103 confiscarea telefoanelor mobile ale elevilor, deoarece se \u00eencalc\u0103 dreptul acestora la proprietate privat\u0103\u201d, se arat\u0103 \u00een comunicatul Uniunii Elevilor Reprezentan\u0163i (UER) \u015fi Asocia\u0163iei Elevilor din Bucure\u015fti \u015fi Ilfov.&nbsp;<\/p>\n\n\n\n<p>Ministerul Educa\u021biei a pus \u00een dezbatere public\u0103 proiectele \u00een data de 12 iunie. Elevii acuz\u0103 le-a fost ignorat proiectul \u201eStatutul Elevului 2.0\u201d pe care l-au depus cu c\u00e2teva luni \u00een urm\u0103. Ei cereau implementarea unei metodologii prin care s\u0103 poat\u0103 trimit\u0103 feedback anonim pentru profesori.&nbsp;<\/p>\n\n\n\n<p>Reprezentan\u021bii elevilor au mai trimis amendamente legate de normele de igien\u0103 \u0219i s\u0103n\u0103tate \u00een \u0219coli \u201eprin dotarea claselor cu mobilier adecvat pentru v\u00e2rsta \u015fi nevoile fizice ale elevilor\u201d \u0219i au cerut respectarea unui orar care \u201es\u0103 nu dep\u0103\u015feasc\u0103 4 ore pe zi pentru \u00eenv\u0103\u0163\u0103m\u00e2ntul primar, 5 ore pe zi pentru \u00eenv\u0103\u0163\u0103m\u00e2ntul gimnazial \u015fi 6 ore pe zi pentru \u00eenv\u0103\u0163\u0103m\u00e2ntul liceal\/tehnologic\u201d \u0219i respectarea dreptului de a nu sus\u021bine dou\u0103 sau mai multe evalu\u0103ri \u00een aceea\u0219i zi sau \u00een zile consecutive.&nbsp;&nbsp;<\/p>\n\n\n\n<p>Elevii \u0219i-au mai ar\u0103tat nemul\u021bumirea fa\u021b\u0103 de prevederea din proiectul Statutul Elevului 2024 care sus\u021bine c\u0103 angaja\u021bii \u0219colilor pot confisca telefoanele celor care le folosesc \u00een timpul orei \u0219i le pot returna doar unui p\u0103rinte la finalul cursurilor.&nbsp;<\/p>\n","protected":false},"excerpt":{"rendered":"<p>Tineri din Uniunea Elevilor Reprezentan\u0163i \u0219i din Asocia\u0163ia Elevilor din Bucure\u015fti \u015fi Ilfov (AEBI) protesteaz\u0103 ast\u0103zi, 25 iunie, de la ora 11:00, \u00een fa\u021ba Ministerului Educa\u021biei din cauza reglement\u0103rilor proiectelor Statutului Elevului \u015fi Regulamentul-cadru de Organizare \u015fi Func\u0163ionare a Unit\u0103\u0163ilor de \u00cenv\u0103\u0163\u0103m\u00e2nt Preuniversitar (ROFUIP). Elevii se revolt\u0103 \u00een fa\u021ba propunerilor \u0219i pentru c\u0103 nu au [&hellip;]<\/p>\n","protected":false},"author":58,"featured_media":89138,"comment_status":"closed","ping_status":"open","sticky":false,"template":"","format":"standard","meta":{"_acf_changed":false,"inline_featured_image":false,"ngg_post_thumbnail":0,"footnotes":""},"categories":[6994,3421,9026,62],"tags":[12990,12991],"ppma_author":[22581],"class_list":["post-89135","post","type-post","status-publish","format-standard","has-post-thumbnail","hentry","category-stiri-2","category-educatie","category-eveniment","category-stiri","tag-protest-elevi-ministerul-educatiei","tag-sala-detentie-scoli"],"acf":[],"yoast_head":"<!-- This site is optimized with the Yoast SEO Premium plugin v25.3 (Yoast SEO v27.4) - https:\/\/yoast.com\/product\/yoast-seo-premium-wordpress\/ -->\n<title>\u201e\u0218coli, nu \u00eenchisori!\u201d Elevii protesteaz\u0103 \u00een fa\u021ba Ministerului Educa\u021biei, din cauza proiectului care propune \u201edeten\u021bia\u201d \u00een \u0219coli - Buletin de Bucure\u0219ti<\/title>\n<meta name=\"robots\" content=\"index, follow, max-snippet:-1, max-image-preview:large, max-video-preview:-1\" \/>\n<link rel=\"canonical\" href=\"https:\/\/buletin.de\/bucuresti\/scoli-nu-inchisori-elevii-protesteaza-in-fata-ministerului-educatiei-din-cauza-proiectului-care-propune-detentia-in-scoli\/\" \/>\n<meta property=\"og:locale\" content=\"en_GB\" \/>\n<meta property=\"og:type\" content=\"article\" \/>\n<meta property=\"og:title\" content=\"\u201e\u0218coli, nu \u00eenchisori!\u201d Elevii protesteaz\u0103 \u00een fa\u021ba Ministerului Educa\u021biei, din cauza proiectului care propune \u201edeten\u021bia\u201d \u00een \u0219coli\" \/>\n<meta property=\"og:description\" content=\"Tineri din Uniunea Elevilor Reprezentan\u0163i \u0219i din Asocia\u0163ia Elevilor din Bucure\u015fti \u015fi Ilfov (AEBI) protesteaz\u0103 ast\u0103zi, 25 iunie, de la ora 11:00, \u00een fa\u021ba Ministerului Educa\u021biei din cauza reglement\u0103rilor proiectelor Statutului Elevului \u015fi Regulamentul-cadru de Organizare \u015fi Func\u0163ionare a Unit\u0103\u0163ilor de \u00cenv\u0103\u0163\u0103m\u00e2nt Preuniversitar (ROFUIP). Elevii se revolt\u0103 \u00een fa\u021ba propunerilor \u0219i pentru c\u0103 nu au [&hellip;]\" \/>\n<meta property=\"og:url\" content=\"https:\/\/buletin.de\/bucuresti\/scoli-nu-inchisori-elevii-protesteaza-in-fata-ministerului-educatiei-din-cauza-proiectului-care-propune-detentia-in-scoli\/\" \/>\n<meta property=\"og:site_name\" content=\"Buletin de Bucure\u0219ti\" \/>\n<meta property=\"article:publisher\" content=\"https:\/\/www.facebook.com\/buletin.de.buc\" \/>\n<meta property=\"article:published_time\" content=\"2024-06-25T10:46:41+00:00\" \/>\n<meta property=\"og:image\" content=\"https:\/\/buletin.de\/bucuresti\/wp-content\/uploads\/elevi-protest-ministerul-educatiei.jpeg\" \/>\n\t<meta property=\"og:image:width\" content=\"768\" \/>\n\t<meta property=\"og:image:height\" content=\"576\" \/>\n\t<meta property=\"og:image:type\" content=\"image\/jpeg\" \/>\n<meta name=\"author\" content=\"Ana Anghel-Dimache\" \/>\n<meta name=\"twitter:card\" content=\"summary_large_image\" \/>\n<meta name=\"twitter:label1\" content=\"Written by\" \/>\n\t<meta name=\"twitter:data1\" content=\"Ana Anghel-Dimache\" \/>\n\t<meta name=\"twitter:label2\" content=\"Estimated reading time\" \/>\n\t<meta name=\"twitter:data2\" content=\"2 minutes\" \/>\n<script type=\"application\/ld+json\" class=\"yoast-schema-graph\">{\"@context\":\"https:\\\/\\\/schema.org\",\"@graph\":[{\"@type\":\"Article\",\"@id\":\"https:\\\/\\\/buletin.de\\\/bucuresti\\\/scoli-nu-inchisori-elevii-protesteaza-in-fata-ministerului-educatiei-din-cauza-proiectului-care-propune-detentia-in-scoli\\\/#article\",\"isPartOf\":{\"@id\":\"https:\\\/\\\/buletin.de\\\/bucuresti\\\/scoli-nu-inchisori-elevii-protesteaza-in-fata-ministerului-educatiei-din-cauza-proiectului-care-propune-detentia-in-scoli\\\/\"},\"author\":{\"name\":\"Ana Anghel-Dimache\",\"@id\":\"https:\\\/\\\/buletin.de\\\/bucuresti\\\/#\\\/schema\\\/person\\\/359459245996e200ed7c807f71f0551a\"},\"headline\":\"\u201e\u0218coli, nu \u00eenchisori!\u201d Elevii protesteaz\u0103 \u00een fa\u021ba Ministerului Educa\u021biei, din cauza proiectului care propune \u201edeten\u021bia\u201d \u00een \u0219coli\",\"datePublished\":\"2024-06-25T10:46:41+00:00\",\"mainEntityOfPage\":{\"@id\":\"https:\\\/\\\/buletin.de\\\/bucuresti\\\/scoli-nu-inchisori-elevii-protesteaza-in-fata-ministerului-educatiei-din-cauza-proiectului-care-propune-detentia-in-scoli\\\/\"},\"wordCount\":458,\"publisher\":{\"@id\":\"https:\\\/\\\/buletin.de\\\/bucuresti\\\/#organization\"},\"image\":{\"@id\":\"https:\\\/\\\/buletin.de\\\/bucuresti\\\/scoli-nu-inchisori-elevii-protesteaza-in-fata-ministerului-educatiei-din-cauza-proiectului-care-propune-detentia-in-scoli\\\/#primaryimage\"},\"thumbnailUrl\":\"https:\\\/\\\/buletin.de\\\/bucuresti\\\/wp-content\\\/uploads\\\/elevi-protest-ministerul-educatiei.jpeg\",\"keywords\":[\"protest elevi ministerul educatiei\",\"sala detentie scoli\"],\"articleSection\":[\"Articole\",\"Educa\u021bie\",\"Eveniment\",\"\u0218tiri\"],\"inLanguage\":\"en-GB\",\"copyrightYear\":\"2024\",\"copyrightHolder\":{\"@id\":\"https:\\\/\\\/buletin.de\\\/bucuresti\\\/#organization\"}},{\"@type\":\"WebPage\",\"@id\":\"https:\\\/\\\/buletin.de\\\/bucuresti\\\/scoli-nu-inchisori-elevii-protesteaza-in-fata-ministerului-educatiei-din-cauza-proiectului-care-propune-detentia-in-scoli\\\/\",\"url\":\"https:\\\/\\\/buletin.de\\\/bucuresti\\\/scoli-nu-inchisori-elevii-protesteaza-in-fata-ministerului-educatiei-din-cauza-proiectului-care-propune-detentia-in-scoli\\\/\",\"name\":\"\u201e\u0218coli, nu \u00eenchisori!\u201d Elevii protesteaz\u0103 \u00een fa\u021ba Ministerului Educa\u021biei, din cauza proiectului care propune \u201edeten\u021bia\u201d \u00een \u0219coli - Buletin de Bucure\u0219ti\",\"isPartOf\":{\"@id\":\"https:\\\/\\\/buletin.de\\\/bucuresti\\\/#website\"},\"primaryImageOfPage\":{\"@id\":\"https:\\\/\\\/buletin.de\\\/bucuresti\\\/scoli-nu-inchisori-elevii-protesteaza-in-fata-ministerului-educatiei-din-cauza-proiectului-care-propune-detentia-in-scoli\\\/#primaryimage\"},\"image\":{\"@id\":\"https:\\\/\\\/buletin.de\\\/bucuresti\\\/scoli-nu-inchisori-elevii-protesteaza-in-fata-ministerului-educatiei-din-cauza-proiectului-care-propune-detentia-in-scoli\\\/#primaryimage\"},\"thumbnailUrl\":\"https:\\\/\\\/buletin.de\\\/bucuresti\\\/wp-content\\\/uploads\\\/elevi-protest-ministerul-educatiei.jpeg\",\"datePublished\":\"2024-06-25T10:46:41+00:00\",\"breadcrumb\":{\"@id\":\"https:\\\/\\\/buletin.de\\\/bucuresti\\\/scoli-nu-inchisori-elevii-protesteaza-in-fata-ministerului-educatiei-din-cauza-proiectului-care-propune-detentia-in-scoli\\\/#breadcrumb\"},\"inLanguage\":\"en-GB\",\"potentialAction\":[{\"@type\":\"ReadAction\",\"target\":[\"https:\\\/\\\/buletin.de\\\/bucuresti\\\/scoli-nu-inchisori-elevii-protesteaza-in-fata-ministerului-educatiei-din-cauza-proiectului-care-propune-detentia-in-scoli\\\/\"]}]},{\"@type\":\"ImageObject\",\"inLanguage\":\"en-GB\",\"@id\":\"https:\\\/\\\/buletin.de\\\/bucuresti\\\/scoli-nu-inchisori-elevii-protesteaza-in-fata-ministerului-educatiei-din-cauza-proiectului-care-propune-detentia-in-scoli\\\/#primaryimage\",\"url\":\"https:\\\/\\\/buletin.de\\\/bucuresti\\\/wp-content\\\/uploads\\\/elevi-protest-ministerul-educatiei.jpeg\",\"contentUrl\":\"https:\\\/\\\/buletin.de\\\/bucuresti\\\/wp-content\\\/uploads\\\/elevi-protest-ministerul-educatiei.jpeg\",\"width\":768,\"height\":576,\"caption\":\"FOTO: Uniunea Elevilor Reprezentan\u0163i, via edupedu.ro\"},{\"@type\":\"BreadcrumbList\",\"@id\":\"https:\\\/\\\/buletin.de\\\/bucuresti\\\/scoli-nu-inchisori-elevii-protesteaza-in-fata-ministerului-educatiei-din-cauza-proiectului-care-propune-detentia-in-scoli\\\/#breadcrumb\",\"itemListElement\":[{\"@type\":\"ListItem\",\"position\":1,\"name\":\"Acas\u0103\",\"item\":\"https:\\\/\\\/buletin.de\\\/bucuresti\\\/\"},{\"@type\":\"ListItem\",\"position\":2,\"name\":\"\u201e\u0218coli, nu \u00eenchisori!\u201d Elevii protesteaz\u0103 \u00een fa\u021ba Ministerului Educa\u021biei, din cauza proiectului care propune \u201edeten\u021bia\u201d \u00een \u0219coli\"}]},{\"@type\":\"WebSite\",\"@id\":\"https:\\\/\\\/buletin.de\\\/bucuresti\\\/#website\",\"url\":\"https:\\\/\\\/buletin.de\\\/bucuresti\\\/\",\"name\":\"Buletin de Bucure\u0219ti\",\"description\":\"\u0218tiri \u0219i investiga\u021bii esen\u021biale din capital\u0103\",\"publisher\":{\"@id\":\"https:\\\/\\\/buletin.de\\\/bucuresti\\\/#organization\"},\"potentialAction\":[{\"@type\":\"SearchAction\",\"target\":{\"@type\":\"EntryPoint\",\"urlTemplate\":\"https:\\\/\\\/buletin.de\\\/bucuresti\\\/?s={search_term_string}\"},\"query-input\":{\"@type\":\"PropertyValueSpecification\",\"valueRequired\":true,\"valueName\":\"search_term_string\"}}],\"inLanguage\":\"en-GB\"},{\"@type\":\"Organization\",\"@id\":\"https:\\\/\\\/buletin.de\\\/bucuresti\\\/#organization\",\"name\":\"Buletin de Bucure\u0219ti\",\"url\":\"https:\\\/\\\/buletin.de\\\/bucuresti\\\/\",\"logo\":{\"@type\":\"ImageObject\",\"inLanguage\":\"en-GB\",\"@id\":\"https:\\\/\\\/buletin.de\\\/bucuresti\\\/#\\\/schema\\\/logo\\\/image\\\/\",\"url\":\"https:\\\/\\\/buletin.de\\\/bucuresti\\\/wp-content\\\/uploads\\\/logo-bdb-full-wide-vernil-transparent.png\",\"contentUrl\":\"https:\\\/\\\/buletin.de\\\/bucuresti\\\/wp-content\\\/uploads\\\/logo-bdb-full-wide-vernil-transparent.png\",\"width\":1782,\"height\":626,\"caption\":\"Buletin de Bucure\u0219ti\"},\"image\":{\"@id\":\"https:\\\/\\\/buletin.de\\\/bucuresti\\\/#\\\/schema\\\/logo\\\/image\\\/\"},\"sameAs\":[\"https:\\\/\\\/www.facebook.com\\\/buletin.de.buc\",\"https:\\\/\\\/www.instagram.com\\\/buletinde.bucuresti\\\/\"]},{\"@type\":\"Person\",\"@id\":\"https:\\\/\\\/buletin.de\\\/bucuresti\\\/#\\\/schema\\\/person\\\/359459245996e200ed7c807f71f0551a\",\"name\":\"Ana Anghel-Dimache\",\"image\":{\"@type\":\"ImageObject\",\"inLanguage\":\"en-GB\",\"@id\":\"https:\\\/\\\/buletin.de\\\/bucuresti\\\/wp-content\\\/uploads\\\/Ana-Anghel-Dimache-96x96.jpg861145fc2c4f1fe57dc81b59a6cfb674\",\"url\":\"https:\\\/\\\/buletin.de\\\/bucuresti\\\/wp-content\\\/uploads\\\/Ana-Anghel-Dimache-96x96.jpg\",\"contentUrl\":\"https:\\\/\\\/buletin.de\\\/bucuresti\\\/wp-content\\\/uploads\\\/Ana-Anghel-Dimache-96x96.jpg\",\"caption\":\"Ana Anghel-Dimache\"},\"description\":\"Sunt student\u0103 la jurnalism \u0219i m-am n\u0103scut \u00een Bucure\u0219ti, ora\u0219 plin de pove\u0219ti care merit\u0103 explorate. \u00cemi place s\u0103 scriu despre subiecte politice, de mediu \u0219i legate de transportul din Capital\u0103. \u00cencerc s\u0103 pictez o imagine c\u00e2t mai sincer\u0103 a realit\u0103\u021bii \u0219i sus\u021bin presa independent\u0103 pentru c\u0103 este esen\u021bial s\u0103 pot reda faptele \u00een formele lor adev\u0103rate.\",\"url\":\"https:\\\/\\\/buletin.de\\\/bucuresti\\\/author\\\/ana-dimache\\\/\"}]}<\/script>\n<!-- \/ Yoast SEO Premium plugin. -->","yoast_head_json":{"title":"\u201e\u0218coli, nu \u00eenchisori!\u201d Elevii protesteaz\u0103 \u00een fa\u021ba Ministerului Educa\u021biei, din cauza proiectului care propune \u201edeten\u021bia\u201d \u00een \u0219coli - Buletin de Bucure\u0219ti","robots":{"index":"index","follow":"follow","max-snippet":"max-snippet:-1","max-image-preview":"max-image-preview:large","max-video-preview":"max-video-preview:-1"},"canonical":"https:\/\/buletin.de\/bucuresti\/scoli-nu-inchisori-elevii-protesteaza-in-fata-ministerului-educatiei-din-cauza-proiectului-care-propune-detentia-in-scoli\/","og_locale":"en_GB","og_type":"article","og_title":"\u201e\u0218coli, nu \u00eenchisori!\u201d Elevii protesteaz\u0103 \u00een fa\u021ba Ministerului Educa\u021biei, din cauza proiectului care propune \u201edeten\u021bia\u201d \u00een \u0219coli","og_description":"Tineri din Uniunea Elevilor Reprezentan\u0163i \u0219i din Asocia\u0163ia Elevilor din Bucure\u015fti \u015fi Ilfov (AEBI) protesteaz\u0103 ast\u0103zi, 25 iunie, de la ora 11:00, \u00een fa\u021ba Ministerului Educa\u021biei din cauza reglement\u0103rilor proiectelor Statutului Elevului \u015fi Regulamentul-cadru de Organizare \u015fi Func\u0163ionare a Unit\u0103\u0163ilor de \u00cenv\u0103\u0163\u0103m\u00e2nt Preuniversitar (ROFUIP). Elevii se revolt\u0103 \u00een fa\u021ba propunerilor \u0219i pentru c\u0103 nu au [&hellip;]","og_url":"https:\/\/buletin.de\/bucuresti\/scoli-nu-inchisori-elevii-protesteaza-in-fata-ministerului-educatiei-din-cauza-proiectului-care-propune-detentia-in-scoli\/","og_site_name":"Buletin de Bucure\u0219ti","article_publisher":"https:\/\/www.facebook.com\/buletin.de.buc","article_published_time":"2024-06-25T10:46:41+00:00","og_image":[{"width":768,"height":576,"url":"https:\/\/buletin.de\/bucuresti\/wp-content\/uploads\/elevi-protest-ministerul-educatiei.jpeg","type":"image\/jpeg"}],"author":"Ana Anghel-Dimache","twitter_card":"summary_large_image","twitter_misc":{"Written by":"Ana Anghel-Dimache","Estimated reading time":"2 minutes"},"schema":{"@context":"https:\/\/schema.org","@graph":[{"@type":"Article","@id":"https:\/\/buletin.de\/bucuresti\/scoli-nu-inchisori-elevii-protesteaza-in-fata-ministerului-educatiei-din-cauza-proiectului-care-propune-detentia-in-scoli\/#article","isPartOf":{"@id":"https:\/\/buletin.de\/bucuresti\/scoli-nu-inchisori-elevii-protesteaza-in-fata-ministerului-educatiei-din-cauza-proiectului-care-propune-detentia-in-scoli\/"},"author":{"name":"Ana Anghel-Dimache","@id":"https:\/\/buletin.de\/bucuresti\/#\/schema\/person\/359459245996e200ed7c807f71f0551a"},"headline":"\u201e\u0218coli, nu \u00eenchisori!\u201d Elevii protesteaz\u0103 \u00een fa\u021ba Ministerului Educa\u021biei, din cauza proiectului care propune \u201edeten\u021bia\u201d \u00een \u0219coli","datePublished":"2024-06-25T10:46:41+00:00","mainEntityOfPage":{"@id":"https:\/\/buletin.de\/bucuresti\/scoli-nu-inchisori-elevii-protesteaza-in-fata-ministerului-educatiei-din-cauza-proiectului-care-propune-detentia-in-scoli\/"},"wordCount":458,"publisher":{"@id":"https:\/\/buletin.de\/bucuresti\/#organization"},"image":{"@id":"https:\/\/buletin.de\/bucuresti\/scoli-nu-inchisori-elevii-protesteaza-in-fata-ministerului-educatiei-din-cauza-proiectului-care-propune-detentia-in-scoli\/#primaryimage"},"thumbnailUrl":"https:\/\/buletin.de\/bucuresti\/wp-content\/uploads\/elevi-protest-ministerul-educatiei.jpeg","keywords":["protest elevi ministerul educatiei","sala detentie scoli"],"articleSection":["Articole","Educa\u021bie","Eveniment","\u0218tiri"],"inLanguage":"en-GB","copyrightYear":"2024","copyrightHolder":{"@id":"https:\/\/buletin.de\/bucuresti\/#organization"}},{"@type":"WebPage","@id":"https:\/\/buletin.de\/bucuresti\/scoli-nu-inchisori-elevii-protesteaza-in-fata-ministerului-educatiei-din-cauza-proiectului-care-propune-detentia-in-scoli\/","url":"https:\/\/buletin.de\/bucuresti\/scoli-nu-inchisori-elevii-protesteaza-in-fata-ministerului-educatiei-din-cauza-proiectului-care-propune-detentia-in-scoli\/","name":"\u201e\u0218coli, nu \u00eenchisori!\u201d Elevii protesteaz\u0103 \u00een fa\u021ba Ministerului Educa\u021biei, din cauza proiectului care propune \u201edeten\u021bia\u201d \u00een \u0219coli - Buletin de Bucure\u0219ti","isPartOf":{"@id":"https:\/\/buletin.de\/bucuresti\/#website"},"primaryImageOfPage":{"@id":"https:\/\/buletin.de\/bucuresti\/scoli-nu-inchisori-elevii-protesteaza-in-fata-ministerului-educatiei-din-cauza-proiectului-care-propune-detentia-in-scoli\/#primaryimage"},"image":{"@id":"https:\/\/buletin.de\/bucuresti\/scoli-nu-inchisori-elevii-protesteaza-in-fata-ministerului-educatiei-din-cauza-proiectului-care-propune-detentia-in-scoli\/#primaryimage"},"thumbnailUrl":"https:\/\/buletin.de\/bucuresti\/wp-content\/uploads\/elevi-protest-ministerul-educatiei.jpeg","datePublished":"2024-06-25T10:46:41+00:00","breadcrumb":{"@id":"https:\/\/buletin.de\/bucuresti\/scoli-nu-inchisori-elevii-protesteaza-in-fata-ministerului-educatiei-din-cauza-proiectului-care-propune-detentia-in-scoli\/#breadcrumb"},"inLanguage":"en-GB","potentialAction":[{"@type":"ReadAction","target":["https:\/\/buletin.de\/bucuresti\/scoli-nu-inchisori-elevii-protesteaza-in-fata-ministerului-educatiei-din-cauza-proiectului-care-propune-detentia-in-scoli\/"]}]},{"@type":"ImageObject","inLanguage":"en-GB","@id":"https:\/\/buletin.de\/bucuresti\/scoli-nu-inchisori-elevii-protesteaza-in-fata-ministerului-educatiei-din-cauza-proiectului-care-propune-detentia-in-scoli\/#primaryimage","url":"https:\/\/buletin.de\/bucuresti\/wp-content\/uploads\/elevi-protest-ministerul-educatiei.jpeg","contentUrl":"https:\/\/buletin.de\/bucuresti\/wp-content\/uploads\/elevi-protest-ministerul-educatiei.jpeg","width":768,"height":576,"caption":"FOTO: Uniunea Elevilor Reprezentan\u0163i, via edupedu.ro"},{"@type":"BreadcrumbList","@id":"https:\/\/buletin.de\/bucuresti\/scoli-nu-inchisori-elevii-protesteaza-in-fata-ministerului-educatiei-din-cauza-proiectului-care-propune-detentia-in-scoli\/#breadcrumb","itemListElement":[{"@type":"ListItem","position":1,"name":"Acas\u0103","item":"https:\/\/buletin.de\/bucuresti\/"},{"@type":"ListItem","position":2,"name":"\u201e\u0218coli, nu \u00eenchisori!\u201d Elevii protesteaz\u0103 \u00een fa\u021ba Ministerului Educa\u021biei, din cauza proiectului care propune \u201edeten\u021bia\u201d \u00een \u0219coli"}]},{"@type":"WebSite","@id":"https:\/\/buletin.de\/bucuresti\/#website","url":"https:\/\/buletin.de\/bucuresti\/","name":"Buletin de Bucure\u0219ti","description":"\u0218tiri \u0219i investiga\u021bii esen\u021biale din capital\u0103","publisher":{"@id":"https:\/\/buletin.de\/bucuresti\/#organization"},"potentialAction":[{"@type":"SearchAction","target":{"@type":"EntryPoint","urlTemplate":"https:\/\/buletin.de\/bucuresti\/?s={search_term_string}"},"query-input":{"@type":"PropertyValueSpecification","valueRequired":true,"valueName":"search_term_string"}}],"inLanguage":"en-GB"},{"@type":"Organization","@id":"https:\/\/buletin.de\/bucuresti\/#organization","name":"Buletin de Bucure\u0219ti","url":"https:\/\/buletin.de\/bucuresti\/","logo":{"@type":"ImageObject","inLanguage":"en-GB","@id":"https:\/\/buletin.de\/bucuresti\/#\/schema\/logo\/image\/","url":"https:\/\/buletin.de\/bucuresti\/wp-content\/uploads\/logo-bdb-full-wide-vernil-transparent.png","contentUrl":"https:\/\/buletin.de\/bucuresti\/wp-content\/uploads\/logo-bdb-full-wide-vernil-transparent.png","width":1782,"height":626,"caption":"Buletin de Bucure\u0219ti"},"image":{"@id":"https:\/\/buletin.de\/bucuresti\/#\/schema\/logo\/image\/"},"sameAs":["https:\/\/www.facebook.com\/buletin.de.buc","https:\/\/www.instagram.com\/buletinde.bucuresti\/"]},{"@type":"Person","@id":"https:\/\/buletin.de\/bucuresti\/#\/schema\/person\/359459245996e200ed7c807f71f0551a","name":"Ana Anghel-Dimache","image":{"@type":"ImageObject","inLanguage":"en-GB","@id":"https:\/\/buletin.de\/bucuresti\/wp-content\/uploads\/Ana-Anghel-Dimache-96x96.jpg861145fc2c4f1fe57dc81b59a6cfb674","url":"https:\/\/buletin.de\/bucuresti\/wp-content\/uploads\/Ana-Anghel-Dimache-96x96.jpg","contentUrl":"https:\/\/buletin.de\/bucuresti\/wp-content\/uploads\/Ana-Anghel-Dimache-96x96.jpg","caption":"Ana Anghel-Dimache"},"description":"Sunt student\u0103 la jurnalism \u0219i m-am n\u0103scut \u00een Bucure\u0219ti, ora\u0219 plin de pove\u0219ti care merit\u0103 explorate. \u00cemi place s\u0103 scriu despre subiecte politice, de mediu \u0219i legate de transportul din Capital\u0103. \u00cencerc s\u0103 pictez o imagine c\u00e2t mai sincer\u0103 a realit\u0103\u021bii \u0219i sus\u021bin presa independent\u0103 pentru c\u0103 este esen\u021bial s\u0103 pot reda faptele \u00een formele lor adev\u0103rate.","url":"https:\/\/buletin.de\/bucuresti\/author\/ana-dimache\/"}]}},"authors":[{"term_id":22581,"user_id":58,"is_guest":0,"slug":"ana-dimache","display_name":"Ana Anghel-Dimache","avatar_url":"https:\/\/buletin.de\/bucuresti\/wp-content\/uploads\/Ana-Anghel-Dimache-96x96.jpg","0":null,"1":"","2":"","3":"","4":"","5":"","6":"","7":"","8":""}],"_links":{"self":[{"href":"https:\/\/buletin.de\/bucuresti\/wp-json\/wp\/v2\/posts\/89135","targetHints":{"allow":["GET"]}}],"collection":[{"href":"https:\/\/buletin.de\/bucuresti\/wp-json\/wp\/v2\/posts"}],"about":[{"href":"https:\/\/buletin.de\/bucuresti\/wp-json\/wp\/v2\/types\/post"}],"author":[{"embeddable":true,"href":"https:\/\/buletin.de\/bucuresti\/wp-json\/wp\/v2\/users\/58"}],"replies":[{"embeddable":true,"href":"https:\/\/buletin.de\/bucuresti\/wp-json\/wp\/v2\/comments?post=89135"}],"version-history":[{"count":1,"href":"https:\/\/buletin.de\/bucuresti\/wp-json\/wp\/v2\/posts\/89135\/revisions"}],"predecessor-version":[{"id":89139,"href":"https:\/\/buletin.de\/bucuresti\/wp-json\/wp\/v2\/posts\/89135\/revisions\/89139"}],"wp:featuredmedia":[{"embeddable":true,"href":"https:\/\/buletin.de\/bucuresti\/wp-json\/wp\/v2\/media\/89138"}],"wp:attachment":[{"href":"https:\/\/buletin.de\/bucuresti\/wp-json\/wp\/v2\/media?parent=89135"}],"wp:term":[{"taxonomy":"category","embeddable":true,"href":"https:\/\/buletin.de\/bucuresti\/wp-json\/wp\/v2\/categories?post=89135"},{"taxonomy":"post_tag","embeddable":true,"href":"https:\/\/buletin.de\/bucuresti\/wp-json\/wp\/v2\/tags?post=89135"},{"taxonomy":"author","embeddable":true,"href":"https:\/\/buletin.de\/bucuresti\/wp-json\/wp\/v2\/ppma_author?post=89135"}],"curies":[{"name":"wp","href":"https:\/\/api.w.org\/{rel}","templated":true}]}}