{"id":89131,"date":"2024-06-25T12:59:25","date_gmt":"2024-06-25T09:59:25","guid":{"rendered":"https:\/\/buletin.de\/bucuresti\/?p=89131"},"modified":"2024-06-25T12:59:26","modified_gmt":"2024-06-25T09:59:26","slug":"primul-transplant-pulmonar-din-acest-an-realizat-cu-succes-la-spitalul-sfanta-maria","status":"publish","type":"post","link":"https:\/\/buletin.de\/bucuresti\/primul-transplant-pulmonar-din-acest-an-realizat-cu-succes-la-spitalul-sfanta-maria\/","title":{"rendered":"Primul transplant pulmonar din acest an, realizat cu succes la Spitalul Sf\u00e2nta Maria"},"content":{"rendered":"\n<p><strong>O pacient\u0103 de 45 de ani cu bronhopneumopatie obstructiv\u0103 cronic\u0103 poate s\u0103 respire bine dup\u0103 un transplant de pl\u0103m\u00e2ni realizat la Spitalul Sf\u00e2nta Maria din Capital\u0103. Este primul transplant pulmonar realizat cu succes \u00een acest an.<\/strong><\/p>\n\n\n\n<p>Dup\u0103 opera\u0163ia realizat\u0103 \u00een noaptea de s\u00e2mb\u0103t\u0103 spre duminic\u0103, 23-24 iunie, pacienta a r\u0103mas la ATI, iar medicii spun c\u0103 evolu\u0163ia postoperatorie este una favorabil\u0103. <\/p>\n\n\n\n<blockquote class=\"wp-block-quote is-layout-flow wp-block-quote-is-layout-flow\">\n<p class=\"has-medium-font-size\"><strong>\u00cen Rom\u00e2nia avem o list\u0103 cu \u00eenc\u0103 5 receptori, \u0219i noi avem \u00een program ca to\u021bi s\u0103 beneficieze de transplant pulmonar anul acesta, cu condi\u021bia s\u0103 avem \u0219i donatori compatibili. \u00cen cazul pl\u0103m\u00e2nului, este foarte important\u0103 grupa sanguin\u0103 \u0219i compatibilitatea de \u00eenal\u021bime donator-receptor.<\/strong><\/p>\n<cite>Prof. Dr. Narcis Copc\u0103, managerul Spitalului Clinic \u201eSf. Maria\u201d<\/cite><\/blockquote>\n\n\n\n<p>Pl\u0103m\u00e2nii au fost recolta\u0163i de la o alt\u0103 pacient\u0103 care se afla \u00een moarte cerebral\u0103. De altfel, toate organele \u015fi \u0163esuturile necesare salv\u0103rii altor vie\u0163i au fost recoltate la spitalul Elias, \u00een a treia opera\u0163ie de acest fel de la spitalul bucure\u015ftean \u015fi a 41-a la nivel na\u0163ional, din 2024. <\/p>\n\n\n\n<blockquote class=\"wp-block-quote is-layout-flow wp-block-quote-is-layout-flow\">\n<p class=\"has-medium-font-size\"><strong>Astfel 7 pacien\u021bi au putut fi transplanta\u021bi cu pl\u0103m\u00e2n, ficat, rinichi \u0219i cornee, datorit\u0103 faptului c\u0103 familia \u0219i-a exprimat acordul pentru a dona organele pacientei decedate.<\/strong><\/p>\n<cite>agen\u0163ia na\u0163ional\u0103 de transplant<\/cite><\/blockquote>\n\n\n\n<p>Agen\u0163ia Na\u0163ional\u0103 pentru Transplant a scris \u00een detaliu care au fost etapele acestei proceduri:<\/p>\n\n\n\n<p>Duminic\u0103, echipa ATI a Spitalului Universitar de Urgen\u021b\u0103 Elias, format\u0103 din doamna Dr. Ioana Popescu Garotescu &#8211; coordonator intraspitalicesc de transplant \u0219i Dr. Andreea Stroi \u2013 KDP, Dr. Vulpe Gabriela &#8211; neurolog \u0219i echipa de reziden\u021bi dedica\u021bi compus\u0103 din dr. Cristina Rusu, dr. Matei Neicutescu, \u0219i dr. Liviu Butaliu, a f\u0103cut posibil ca gestul familiei unei paciente \u00een v\u00e2rst\u0103 de 45 de ani, aflat\u0103 \u00een moarte cerebral\u0103 s\u0103 nu fie \u00een zadar \u0219i o minune s\u0103 se petreac\u0103 pentru al\u021bi semeni afla\u021bi \u00een cump\u0103n\u0103. Mul\u021bumim pentru efort \u0219i d\u0103ruire echipei care a pornit resorturile speran\u021bei pentru 4 pacien\u021bi a c\u0103ror unic\u0103 \u0219ans\u0103 la via\u021b\u0103 era un transplant de pl\u0103m\u00e2n, ficat sau rinichi.<\/p>\n\n\n\n<p>Pentru interven\u021biile de prelevare, au fost prezente echipele chirurgicale ale Spitalului Sf\u00e2nta Maria, condus\u0103 de Dr. Drago\u0219 Chiri\u021b\u0103 \u00eempreuna cu dr. Alexandru Martiniuc \u0219i echipele ale <a href=\"https:\/\/www.facebook.com\/InstitutulClinicFundeni?__cft__[0]=AZX83KuucBD8VrKHJMEhDcnliHpmLOJHwrwnCiZHXESfkD-AQbTHLmMwugUBGHlzyuO80BBbMMdWJHTW-yHoxaHa6gnfTMdBBVDRgvDiGp37zl51Gn5_d2ZcQT3PP02yJlOTQVUN8_JnscCMrzxdTkhCQDBVoByOReI3acrDYd4MI2LVbIESE1Gu81U850xuGcknKJ69-KxXpJVVZ8brDfwN&amp;__tn__=-]K-R\">Institutul Clinic Fundeni<\/a> conduse de Dr. Radu Zamfir, Dr. Gheorghe Potlog &#8211; pentru ficat \u0219i Dr. Vlad Olaru &#8211; pentru rinichi. Efortul lor ne\u00eencetat a fost preluat de echipele multidisciplinare din centrele de transplant: chirurgi, anestezi\u0219ti, cardiologi, gastroentelorgi, nefrologi, medici de laborator.<\/p>\n\n\n\n<p>Astfel, firul vie\u021bii a fost re\u00eennodat pentru o pacient\u0103 critic\u0103 de 45 de ani datorit\u0103 interven\u021biei de transplant de pl\u0103m\u00e2n realizat\u0103 de echipa de profesioni\u0219ti a Spitalului Sf\u00e2nta Maria.<\/p>\n\n\n\n<p>La Centrul de Transplant Hepatic al Institutul Clinic Fundeni, o alt\u0103 pacient\u0103 de 35 de ani a \u00eenvins moartea datorit\u0103 interven\u021biei de transplant hepatic cu hemificat drept, realizat\u0103 cu succes de echipa chirurgical\u0103 condus\u0103 de Prof. Dr. Vladislav Bra\u0219oveanu, al\u0103turi de echipa ATI \u2013 coordonat\u0103 de Conf. Dr. Gabriela Droc \u0219i echipa compus\u0103 din Dr. Sibel \u0218oarece \u0219i Dr. Diana Jelea. Ficatul st\u00e2ng a fost transplantat unui pacient pediatric la Spitalul Grigore Alexandrescu \u00een v\u00e2rsta de 13 ani cu o boal\u0103 congenital\u0103 foarte grav\u0103.<\/p>\n\n\n\n<p>\u00cen acela\u0219i timp, echipele Centrului de Uronefrologie \u0219i Transplant Renal Fundeni aduceau \u0219ansa la o via\u021b\u0103 normal\u0103 pentru al\u021bi 2 pacien\u021bi \u00een v\u00e2rst\u0103 de 16 \u0219i 58 de ani compatibili cu grefele. Cele 2 interven\u021bii de transplant renal au fost realizate de echipele de chirurgi coordonate de Dr. C\u0103t\u0103lin Baston \u0219i Dr. Constantin G\u00eengu, cu suportul ATI \u2013 Dr. Liliana Domni\u015for.<\/p>\n\n\n\n<p>Iar transplanturile de cornee au fost efectuate la Spitalul Clinic de Urgen\u021be Oftalmologice Bucure\u0219ti de c\u0103tre echipele coordonate de Prof. Marian Burcea \u00eempreun\u0103 cu Dr. Alina Gheorghe \u0219i Dr. Valentin Dinu.<\/p>\n\n\n\n<p>Dedicarea \u0219i efortul echipelor medicale, de la donare la transplant, demonstreaz\u0103, prin rezultate, c\u0103 transplantul este interven\u021bia salvatoare de vie\u021bi realizat\u0103 la cel mai \u00eenalt grad de profesionalism \u0219i responsabilitate.<\/p>\n\n\n\n<p><\/p>\n\n\n\n<p><strong>CITE\u015eTE \u015eI:<\/strong><\/p>\n\n\n\n<figure class=\"wp-block-embed is-type-wp-embed is-provider-buletin-de-bucure-ti wp-block-embed-buletin-de-bucure-ti\"><div class=\"wp-block-embed__wrapper\">\n<blockquote class=\"wp-embedded-content\" data-secret=\"lIYsQztomy\"><a href=\"https:\/\/buletin.de\/bucuresti\/vieti-salvate-dupa-primul-transplant-de-organe-din-acest-an-trei-oameni-au-o-noua-sansa-dupa-prelevarile-de-la-elias\/\">Vie\u0163i salvate dup\u0103 primul transplant de organe din acest an. Trei oameni au o nou\u0103 \u015fans\u0103, dup\u0103 prelev\u0103rile de la Elias<\/a><\/blockquote><iframe class=\"wp-embedded-content\" sandbox=\"allow-scripts\" security=\"restricted\" style=\"position: absolute; clip: rect(1px, 1px, 1px, 1px);\" title=\"&#8220;Vie\u0163i salvate dup\u0103 primul transplant de organe din acest an. Trei oameni au o nou\u0103 \u015fans\u0103, dup\u0103 prelev\u0103rile de la Elias&#8221; &#8212; Buletin de Bucure\u0219ti\" src=\"https:\/\/buletin.de\/bucuresti\/vieti-salvate-dupa-primul-transplant-de-organe-din-acest-an-trei-oameni-au-o-noua-sansa-dupa-prelevarile-de-la-elias\/embed\/#?secret=nZk5ahL6k2#?secret=lIYsQztomy\" data-secret=\"lIYsQztomy\" width=\"600\" height=\"338\" frameborder=\"0\" marginwidth=\"0\" marginheight=\"0\" scrolling=\"no\"><\/iframe>\n<\/div><\/figure>\n","protected":false},"excerpt":{"rendered":"<p>O pacient\u0103 de 45 de ani cu bronhopneumopatie obstructiv\u0103 cronic\u0103 poate s\u0103 respire bine dup\u0103 un transplant de pl\u0103m\u00e2ni realizat la Spitalul Sf\u00e2nta Maria din Capital\u0103. Este primul transplant pulmonar realizat cu succes \u00een acest an. Dup\u0103 opera\u0163ia realizat\u0103 \u00een noaptea de s\u00e2mb\u0103t\u0103 spre duminic\u0103, 23-24 iunie, pacienta a r\u0103mas la ATI, iar medicii spun [&hellip;]<\/p>\n","protected":false},"author":8,"featured_media":89132,"comment_status":"closed","ping_status":"open","sticky":false,"template":"","format":"standard","meta":{"_acf_changed":false,"inline_featured_image":false,"ngg_post_thumbnail":0,"footnotes":""},"categories":[6994,5762,4],"tags":[12983,474,12988,12986,12985,12982,12984,12987],"ppma_author":[22586],"class_list":["post-89131","post","type-post","status-publish","format-standard","has-post-thumbnail","hentry","category-stiri-2","category-main","category-sanatate","tag-ant","tag-assmb","tag-pacienta-moarte-cerebrala-recoltare-organe-spital-bucuresti","tag-recoltare-organe-elias","tag-transplant-bucuresti","tag-transplant-pulmonar-sf-maria","tag-vieti-salvate-bucuresti","tag-vieti-salvate-dupa-recoltare-organe"],"acf":[],"yoast_head":"<!-- This site is optimized with the Yoast SEO Premium plugin v25.3 (Yoast SEO v27.4) - https:\/\/yoast.com\/product\/yoast-seo-premium-wordpress\/ -->\n<title>Primul transplant pulmonar din acest an, realizat cu succes la Spitalul Sf\u00e2nta Maria - Buletin de Bucure\u0219ti<\/title>\n<meta name=\"robots\" content=\"index, follow, max-snippet:-1, max-image-preview:large, max-video-preview:-1\" \/>\n<link rel=\"canonical\" href=\"https:\/\/buletin.de\/bucuresti\/primul-transplant-pulmonar-din-acest-an-realizat-cu-succes-la-spitalul-sfanta-maria\/\" \/>\n<meta property=\"og:locale\" content=\"en_GB\" \/>\n<meta property=\"og:type\" content=\"article\" \/>\n<meta property=\"og:title\" content=\"Primul transplant pulmonar din acest an, realizat cu succes la Spitalul Sf\u00e2nta Maria\" \/>\n<meta property=\"og:description\" content=\"O pacient\u0103 de 45 de ani cu bronhopneumopatie obstructiv\u0103 cronic\u0103 poate s\u0103 respire bine dup\u0103 un transplant de pl\u0103m\u00e2ni realizat la Spitalul Sf\u00e2nta Maria din Capital\u0103. Este primul transplant pulmonar realizat cu succes \u00een acest an. Dup\u0103 opera\u0163ia realizat\u0103 \u00een noaptea de s\u00e2mb\u0103t\u0103 spre duminic\u0103, 23-24 iunie, pacienta a r\u0103mas la ATI, iar medicii spun [&hellip;]\" \/>\n<meta property=\"og:url\" content=\"https:\/\/buletin.de\/bucuresti\/primul-transplant-pulmonar-din-acest-an-realizat-cu-succes-la-spitalul-sfanta-maria\/\" \/>\n<meta property=\"og:site_name\" content=\"Buletin de Bucure\u0219ti\" \/>\n<meta property=\"article:publisher\" content=\"https:\/\/www.facebook.com\/buletin.de.buc\" \/>\n<meta property=\"article:published_time\" content=\"2024-06-25T09:59:25+00:00\" \/>\n<meta property=\"article:modified_time\" content=\"2024-06-25T09:59:26+00:00\" \/>\n<meta property=\"og:image\" content=\"https:\/\/buletin.de\/bucuresti\/wp-content\/uploads\/sala-operatie-sf-maria.jpg\" \/>\n\t<meta property=\"og:image:width\" content=\"2000\" \/>\n\t<meta property=\"og:image:height\" content=\"1333\" \/>\n\t<meta property=\"og:image:type\" content=\"image\/jpeg\" \/>\n<meta name=\"author\" content=\"Ionu\u021b Lepa\" \/>\n<meta name=\"twitter:card\" content=\"summary_large_image\" \/>\n<meta name=\"twitter:label1\" content=\"Written by\" \/>\n\t<meta name=\"twitter:data1\" content=\"Ionu\u021b Lepa\" \/>\n\t<meta name=\"twitter:label2\" content=\"Estimated reading time\" \/>\n\t<meta name=\"twitter:data2\" content=\"3 minutes\" \/>\n<script type=\"application\/ld+json\" class=\"yoast-schema-graph\">{\"@context\":\"https:\\\/\\\/schema.org\",\"@graph\":[{\"@type\":\"Article\",\"@id\":\"https:\\\/\\\/buletin.de\\\/bucuresti\\\/primul-transplant-pulmonar-din-acest-an-realizat-cu-succes-la-spitalul-sfanta-maria\\\/#article\",\"isPartOf\":{\"@id\":\"https:\\\/\\\/buletin.de\\\/bucuresti\\\/primul-transplant-pulmonar-din-acest-an-realizat-cu-succes-la-spitalul-sfanta-maria\\\/\"},\"author\":{\"name\":\"Ionu\u021b Lepa\",\"@id\":\"https:\\\/\\\/buletin.de\\\/bucuresti\\\/#\\\/schema\\\/person\\\/5272b8a057b33890940b57b837fc4ce6\"},\"headline\":\"Primul transplant pulmonar din acest an, realizat cu succes la Spitalul Sf\u00e2nta Maria\",\"datePublished\":\"2024-06-25T09:59:25+00:00\",\"dateModified\":\"2024-06-25T09:59:26+00:00\",\"mainEntityOfPage\":{\"@id\":\"https:\\\/\\\/buletin.de\\\/bucuresti\\\/primul-transplant-pulmonar-din-acest-an-realizat-cu-succes-la-spitalul-sfanta-maria\\\/\"},\"wordCount\":702,\"publisher\":{\"@id\":\"https:\\\/\\\/buletin.de\\\/bucuresti\\\/#organization\"},\"image\":{\"@id\":\"https:\\\/\\\/buletin.de\\\/bucuresti\\\/primul-transplant-pulmonar-din-acest-an-realizat-cu-succes-la-spitalul-sfanta-maria\\\/#primaryimage\"},\"thumbnailUrl\":\"https:\\\/\\\/buletin.de\\\/bucuresti\\\/wp-content\\\/uploads\\\/sala-operatie-sf-maria.jpg\",\"keywords\":[\"ant\",\"assmb\",\"pacienta moarte cerebrala recoltare organe spital bucuresti\",\"recoltare organe elias\",\"transplant bucuresti\",\"transplant pulmonar sf maria\",\"vieti salvate bucuresti\",\"vieti salvate dupa recoltare organe\"],\"articleSection\":[\"Articole\",\"Main\",\"S\u0103n\u0103tate\"],\"inLanguage\":\"en-GB\",\"copyrightYear\":\"2024\",\"copyrightHolder\":{\"@id\":\"https:\\\/\\\/buletin.de\\\/bucuresti\\\/#organization\"}},{\"@type\":\"WebPage\",\"@id\":\"https:\\\/\\\/buletin.de\\\/bucuresti\\\/primul-transplant-pulmonar-din-acest-an-realizat-cu-succes-la-spitalul-sfanta-maria\\\/\",\"url\":\"https:\\\/\\\/buletin.de\\\/bucuresti\\\/primul-transplant-pulmonar-din-acest-an-realizat-cu-succes-la-spitalul-sfanta-maria\\\/\",\"name\":\"Primul transplant pulmonar din acest an, realizat cu succes la Spitalul Sf\u00e2nta Maria - Buletin de Bucure\u0219ti\",\"isPartOf\":{\"@id\":\"https:\\\/\\\/buletin.de\\\/bucuresti\\\/#website\"},\"primaryImageOfPage\":{\"@id\":\"https:\\\/\\\/buletin.de\\\/bucuresti\\\/primul-transplant-pulmonar-din-acest-an-realizat-cu-succes-la-spitalul-sfanta-maria\\\/#primaryimage\"},\"image\":{\"@id\":\"https:\\\/\\\/buletin.de\\\/bucuresti\\\/primul-transplant-pulmonar-din-acest-an-realizat-cu-succes-la-spitalul-sfanta-maria\\\/#primaryimage\"},\"thumbnailUrl\":\"https:\\\/\\\/buletin.de\\\/bucuresti\\\/wp-content\\\/uploads\\\/sala-operatie-sf-maria.jpg\",\"datePublished\":\"2024-06-25T09:59:25+00:00\",\"dateModified\":\"2024-06-25T09:59:26+00:00\",\"breadcrumb\":{\"@id\":\"https:\\\/\\\/buletin.de\\\/bucuresti\\\/primul-transplant-pulmonar-din-acest-an-realizat-cu-succes-la-spitalul-sfanta-maria\\\/#breadcrumb\"},\"inLanguage\":\"en-GB\",\"potentialAction\":[{\"@type\":\"ReadAction\",\"target\":[\"https:\\\/\\\/buletin.de\\\/bucuresti\\\/primul-transplant-pulmonar-din-acest-an-realizat-cu-succes-la-spitalul-sfanta-maria\\\/\"]}]},{\"@type\":\"ImageObject\",\"inLanguage\":\"en-GB\",\"@id\":\"https:\\\/\\\/buletin.de\\\/bucuresti\\\/primul-transplant-pulmonar-din-acest-an-realizat-cu-succes-la-spitalul-sfanta-maria\\\/#primaryimage\",\"url\":\"https:\\\/\\\/buletin.de\\\/bucuresti\\\/wp-content\\\/uploads\\\/sala-operatie-sf-maria.jpg\",\"contentUrl\":\"https:\\\/\\\/buletin.de\\\/bucuresti\\\/wp-content\\\/uploads\\\/sala-operatie-sf-maria.jpg\",\"width\":2000,\"height\":1333,\"caption\":\"Nicu\u0219or Dan despre penele de curent de la spitale: \u201eNu sunt probleme la ASSMB\u201d FOTO: FB \\\/ ASSMB\"},{\"@type\":\"BreadcrumbList\",\"@id\":\"https:\\\/\\\/buletin.de\\\/bucuresti\\\/primul-transplant-pulmonar-din-acest-an-realizat-cu-succes-la-spitalul-sfanta-maria\\\/#breadcrumb\",\"itemListElement\":[{\"@type\":\"ListItem\",\"position\":1,\"name\":\"Acas\u0103\",\"item\":\"https:\\\/\\\/buletin.de\\\/bucuresti\\\/\"},{\"@type\":\"ListItem\",\"position\":2,\"name\":\"Primul transplant pulmonar din acest an, realizat cu succes la Spitalul Sf\u00e2nta Maria\"}]},{\"@type\":\"WebSite\",\"@id\":\"https:\\\/\\\/buletin.de\\\/bucuresti\\\/#website\",\"url\":\"https:\\\/\\\/buletin.de\\\/bucuresti\\\/\",\"name\":\"Buletin de Bucure\u0219ti\",\"description\":\"\u0218tiri \u0219i investiga\u021bii esen\u021biale din capital\u0103\",\"publisher\":{\"@id\":\"https:\\\/\\\/buletin.de\\\/bucuresti\\\/#organization\"},\"potentialAction\":[{\"@type\":\"SearchAction\",\"target\":{\"@type\":\"EntryPoint\",\"urlTemplate\":\"https:\\\/\\\/buletin.de\\\/bucuresti\\\/?s={search_term_string}\"},\"query-input\":{\"@type\":\"PropertyValueSpecification\",\"valueRequired\":true,\"valueName\":\"search_term_string\"}}],\"inLanguage\":\"en-GB\"},{\"@type\":\"Organization\",\"@id\":\"https:\\\/\\\/buletin.de\\\/bucuresti\\\/#organization\",\"name\":\"Buletin de Bucure\u0219ti\",\"url\":\"https:\\\/\\\/buletin.de\\\/bucuresti\\\/\",\"logo\":{\"@type\":\"ImageObject\",\"inLanguage\":\"en-GB\",\"@id\":\"https:\\\/\\\/buletin.de\\\/bucuresti\\\/#\\\/schema\\\/logo\\\/image\\\/\",\"url\":\"https:\\\/\\\/buletin.de\\\/bucuresti\\\/wp-content\\\/uploads\\\/logo-bdb-full-wide-vernil-transparent.png\",\"contentUrl\":\"https:\\\/\\\/buletin.de\\\/bucuresti\\\/wp-content\\\/uploads\\\/logo-bdb-full-wide-vernil-transparent.png\",\"width\":1782,\"height\":626,\"caption\":\"Buletin de Bucure\u0219ti\"},\"image\":{\"@id\":\"https:\\\/\\\/buletin.de\\\/bucuresti\\\/#\\\/schema\\\/logo\\\/image\\\/\"},\"sameAs\":[\"https:\\\/\\\/www.facebook.com\\\/buletin.de.buc\",\"https:\\\/\\\/www.instagram.com\\\/buletinde.bucuresti\\\/\"]},{\"@type\":\"Person\",\"@id\":\"https:\\\/\\\/buletin.de\\\/bucuresti\\\/#\\\/schema\\\/person\\\/5272b8a057b33890940b57b837fc4ce6\",\"name\":\"Ionu\u021b Lepa\",\"image\":{\"@type\":\"ImageObject\",\"inLanguage\":\"en-GB\",\"@id\":\"https:\\\/\\\/buletin.de\\\/bucuresti\\\/wp-content\\\/uploads\\\/Ionut-Lepa-96x96.jpg5c4e4d9e049808799a8821652d2410a4\",\"url\":\"https:\\\/\\\/buletin.de\\\/bucuresti\\\/wp-content\\\/uploads\\\/Ionut-Lepa-96x96.jpg\",\"contentUrl\":\"https:\\\/\\\/buletin.de\\\/bucuresti\\\/wp-content\\\/uploads\\\/Ionut-Lepa-96x96.jpg\",\"caption\":\"Ionu\u021b Lepa\"},\"url\":\"https:\\\/\\\/buletin.de\\\/bucuresti\\\/author\\\/ionutlepa\\\/\"}]}<\/script>\n<!-- \/ Yoast SEO Premium plugin. -->","yoast_head_json":{"title":"Primul transplant pulmonar din acest an, realizat cu succes la Spitalul Sf\u00e2nta Maria - Buletin de Bucure\u0219ti","robots":{"index":"index","follow":"follow","max-snippet":"max-snippet:-1","max-image-preview":"max-image-preview:large","max-video-preview":"max-video-preview:-1"},"canonical":"https:\/\/buletin.de\/bucuresti\/primul-transplant-pulmonar-din-acest-an-realizat-cu-succes-la-spitalul-sfanta-maria\/","og_locale":"en_GB","og_type":"article","og_title":"Primul transplant pulmonar din acest an, realizat cu succes la Spitalul Sf\u00e2nta Maria","og_description":"O pacient\u0103 de 45 de ani cu bronhopneumopatie obstructiv\u0103 cronic\u0103 poate s\u0103 respire bine dup\u0103 un transplant de pl\u0103m\u00e2ni realizat la Spitalul Sf\u00e2nta Maria din Capital\u0103. Este primul transplant pulmonar realizat cu succes \u00een acest an. Dup\u0103 opera\u0163ia realizat\u0103 \u00een noaptea de s\u00e2mb\u0103t\u0103 spre duminic\u0103, 23-24 iunie, pacienta a r\u0103mas la ATI, iar medicii spun [&hellip;]","og_url":"https:\/\/buletin.de\/bucuresti\/primul-transplant-pulmonar-din-acest-an-realizat-cu-succes-la-spitalul-sfanta-maria\/","og_site_name":"Buletin de Bucure\u0219ti","article_publisher":"https:\/\/www.facebook.com\/buletin.de.buc","article_published_time":"2024-06-25T09:59:25+00:00","article_modified_time":"2024-06-25T09:59:26+00:00","og_image":[{"width":2000,"height":1333,"url":"https:\/\/buletin.de\/bucuresti\/wp-content\/uploads\/sala-operatie-sf-maria.jpg","type":"image\/jpeg"}],"author":"Ionu\u021b Lepa","twitter_card":"summary_large_image","twitter_misc":{"Written by":"Ionu\u021b Lepa","Estimated reading time":"3 minutes"},"schema":{"@context":"https:\/\/schema.org","@graph":[{"@type":"Article","@id":"https:\/\/buletin.de\/bucuresti\/primul-transplant-pulmonar-din-acest-an-realizat-cu-succes-la-spitalul-sfanta-maria\/#article","isPartOf":{"@id":"https:\/\/buletin.de\/bucuresti\/primul-transplant-pulmonar-din-acest-an-realizat-cu-succes-la-spitalul-sfanta-maria\/"},"author":{"name":"Ionu\u021b Lepa","@id":"https:\/\/buletin.de\/bucuresti\/#\/schema\/person\/5272b8a057b33890940b57b837fc4ce6"},"headline":"Primul transplant pulmonar din acest an, realizat cu succes la Spitalul Sf\u00e2nta Maria","datePublished":"2024-06-25T09:59:25+00:00","dateModified":"2024-06-25T09:59:26+00:00","mainEntityOfPage":{"@id":"https:\/\/buletin.de\/bucuresti\/primul-transplant-pulmonar-din-acest-an-realizat-cu-succes-la-spitalul-sfanta-maria\/"},"wordCount":702,"publisher":{"@id":"https:\/\/buletin.de\/bucuresti\/#organization"},"image":{"@id":"https:\/\/buletin.de\/bucuresti\/primul-transplant-pulmonar-din-acest-an-realizat-cu-succes-la-spitalul-sfanta-maria\/#primaryimage"},"thumbnailUrl":"https:\/\/buletin.de\/bucuresti\/wp-content\/uploads\/sala-operatie-sf-maria.jpg","keywords":["ant","assmb","pacienta moarte cerebrala recoltare organe spital bucuresti","recoltare organe elias","transplant bucuresti","transplant pulmonar sf maria","vieti salvate bucuresti","vieti salvate dupa recoltare organe"],"articleSection":["Articole","Main","S\u0103n\u0103tate"],"inLanguage":"en-GB","copyrightYear":"2024","copyrightHolder":{"@id":"https:\/\/buletin.de\/bucuresti\/#organization"}},{"@type":"WebPage","@id":"https:\/\/buletin.de\/bucuresti\/primul-transplant-pulmonar-din-acest-an-realizat-cu-succes-la-spitalul-sfanta-maria\/","url":"https:\/\/buletin.de\/bucuresti\/primul-transplant-pulmonar-din-acest-an-realizat-cu-succes-la-spitalul-sfanta-maria\/","name":"Primul transplant pulmonar din acest an, realizat cu succes la Spitalul Sf\u00e2nta Maria - Buletin de Bucure\u0219ti","isPartOf":{"@id":"https:\/\/buletin.de\/bucuresti\/#website"},"primaryImageOfPage":{"@id":"https:\/\/buletin.de\/bucuresti\/primul-transplant-pulmonar-din-acest-an-realizat-cu-succes-la-spitalul-sfanta-maria\/#primaryimage"},"image":{"@id":"https:\/\/buletin.de\/bucuresti\/primul-transplant-pulmonar-din-acest-an-realizat-cu-succes-la-spitalul-sfanta-maria\/#primaryimage"},"thumbnailUrl":"https:\/\/buletin.de\/bucuresti\/wp-content\/uploads\/sala-operatie-sf-maria.jpg","datePublished":"2024-06-25T09:59:25+00:00","dateModified":"2024-06-25T09:59:26+00:00","breadcrumb":{"@id":"https:\/\/buletin.de\/bucuresti\/primul-transplant-pulmonar-din-acest-an-realizat-cu-succes-la-spitalul-sfanta-maria\/#breadcrumb"},"inLanguage":"en-GB","potentialAction":[{"@type":"ReadAction","target":["https:\/\/buletin.de\/bucuresti\/primul-transplant-pulmonar-din-acest-an-realizat-cu-succes-la-spitalul-sfanta-maria\/"]}]},{"@type":"ImageObject","inLanguage":"en-GB","@id":"https:\/\/buletin.de\/bucuresti\/primul-transplant-pulmonar-din-acest-an-realizat-cu-succes-la-spitalul-sfanta-maria\/#primaryimage","url":"https:\/\/buletin.de\/bucuresti\/wp-content\/uploads\/sala-operatie-sf-maria.jpg","contentUrl":"https:\/\/buletin.de\/bucuresti\/wp-content\/uploads\/sala-operatie-sf-maria.jpg","width":2000,"height":1333,"caption":"Nicu\u0219or Dan despre penele de curent de la spitale: \u201eNu sunt probleme la ASSMB\u201d FOTO: FB \/ ASSMB"},{"@type":"BreadcrumbList","@id":"https:\/\/buletin.de\/bucuresti\/primul-transplant-pulmonar-din-acest-an-realizat-cu-succes-la-spitalul-sfanta-maria\/#breadcrumb","itemListElement":[{"@type":"ListItem","position":1,"name":"Acas\u0103","item":"https:\/\/buletin.de\/bucuresti\/"},{"@type":"ListItem","position":2,"name":"Primul transplant pulmonar din acest an, realizat cu succes la Spitalul Sf\u00e2nta Maria"}]},{"@type":"WebSite","@id":"https:\/\/buletin.de\/bucuresti\/#website","url":"https:\/\/buletin.de\/bucuresti\/","name":"Buletin de Bucure\u0219ti","description":"\u0218tiri \u0219i investiga\u021bii esen\u021biale din capital\u0103","publisher":{"@id":"https:\/\/buletin.de\/bucuresti\/#organization"},"potentialAction":[{"@type":"SearchAction","target":{"@type":"EntryPoint","urlTemplate":"https:\/\/buletin.de\/bucuresti\/?s={search_term_string}"},"query-input":{"@type":"PropertyValueSpecification","valueRequired":true,"valueName":"search_term_string"}}],"inLanguage":"en-GB"},{"@type":"Organization","@id":"https:\/\/buletin.de\/bucuresti\/#organization","name":"Buletin de Bucure\u0219ti","url":"https:\/\/buletin.de\/bucuresti\/","logo":{"@type":"ImageObject","inLanguage":"en-GB","@id":"https:\/\/buletin.de\/bucuresti\/#\/schema\/logo\/image\/","url":"https:\/\/buletin.de\/bucuresti\/wp-content\/uploads\/logo-bdb-full-wide-vernil-transparent.png","contentUrl":"https:\/\/buletin.de\/bucuresti\/wp-content\/uploads\/logo-bdb-full-wide-vernil-transparent.png","width":1782,"height":626,"caption":"Buletin de Bucure\u0219ti"},"image":{"@id":"https:\/\/buletin.de\/bucuresti\/#\/schema\/logo\/image\/"},"sameAs":["https:\/\/www.facebook.com\/buletin.de.buc","https:\/\/www.instagram.com\/buletinde.bucuresti\/"]},{"@type":"Person","@id":"https:\/\/buletin.de\/bucuresti\/#\/schema\/person\/5272b8a057b33890940b57b837fc4ce6","name":"Ionu\u021b Lepa","image":{"@type":"ImageObject","inLanguage":"en-GB","@id":"https:\/\/buletin.de\/bucuresti\/wp-content\/uploads\/Ionut-Lepa-96x96.jpg5c4e4d9e049808799a8821652d2410a4","url":"https:\/\/buletin.de\/bucuresti\/wp-content\/uploads\/Ionut-Lepa-96x96.jpg","contentUrl":"https:\/\/buletin.de\/bucuresti\/wp-content\/uploads\/Ionut-Lepa-96x96.jpg","caption":"Ionu\u021b Lepa"},"url":"https:\/\/buletin.de\/bucuresti\/author\/ionutlepa\/"}]}},"authors":[{"term_id":22586,"user_id":8,"is_guest":0,"slug":"ionutlepa","display_name":"Ionu\u021b Lepa","avatar_url":"https:\/\/buletin.de\/bucuresti\/wp-content\/uploads\/Ionut-Lepa-96x96.jpg","0":null,"1":"","2":"","3":"","4":"","5":"","6":"","7":"","8":""}],"_links":{"self":[{"href":"https:\/\/buletin.de\/bucuresti\/wp-json\/wp\/v2\/posts\/89131","targetHints":{"allow":["GET"]}}],"collection":[{"href":"https:\/\/buletin.de\/bucuresti\/wp-json\/wp\/v2\/posts"}],"about":[{"href":"https:\/\/buletin.de\/bucuresti\/wp-json\/wp\/v2\/types\/post"}],"author":[{"embeddable":true,"href":"https:\/\/buletin.de\/bucuresti\/wp-json\/wp\/v2\/users\/8"}],"replies":[{"embeddable":true,"href":"https:\/\/buletin.de\/bucuresti\/wp-json\/wp\/v2\/comments?post=89131"}],"version-history":[{"count":1,"href":"https:\/\/buletin.de\/bucuresti\/wp-json\/wp\/v2\/posts\/89131\/revisions"}],"predecessor-version":[{"id":89133,"href":"https:\/\/buletin.de\/bucuresti\/wp-json\/wp\/v2\/posts\/89131\/revisions\/89133"}],"wp:featuredmedia":[{"embeddable":true,"href":"https:\/\/buletin.de\/bucuresti\/wp-json\/wp\/v2\/media\/89132"}],"wp:attachment":[{"href":"https:\/\/buletin.de\/bucuresti\/wp-json\/wp\/v2\/media?parent=89131"}],"wp:term":[{"taxonomy":"category","embeddable":true,"href":"https:\/\/buletin.de\/bucuresti\/wp-json\/wp\/v2\/categories?post=89131"},{"taxonomy":"post_tag","embeddable":true,"href":"https:\/\/buletin.de\/bucuresti\/wp-json\/wp\/v2\/tags?post=89131"},{"taxonomy":"author","embeddable":true,"href":"https:\/\/buletin.de\/bucuresti\/wp-json\/wp\/v2\/ppma_author?post=89131"}],"curies":[{"name":"wp","href":"https:\/\/api.w.org\/{rel}","templated":true}]}}