{"id":89119,"date":"2024-06-26T06:45:00","date_gmt":"2024-06-26T03:45:00","guid":{"rendered":"https:\/\/buletin.de\/bucuresti\/?p=89119"},"modified":"2024-06-26T00:15:18","modified_gmt":"2024-06-25T21:15:18","slug":"stagiunea-de-vara-filme-concerte-spectacole-de-teatru-si-dans-organizate-pe-acoperisul-teatrului-national","status":"publish","type":"post","link":"https:\/\/buletin.de\/bucuresti\/stagiunea-de-vara-filme-concerte-spectacole-de-teatru-si-dans-organizate-pe-acoperisul-teatrului-national\/","title":{"rendered":"Stagiunea de var\u0103: filme, concerte, spectacole de teatru \u0219i dans, organizate pe acoperi\u0219ul Teatrului Na\u021bional"},"content":{"rendered":"\n<p><strong>\u00cen aceast\u0103 var\u0103, iubitorii de teatru \u0219i nu numai, sunt a\u0219tepta\u021bi la amfiteatrul \u00een aer liber de pe acoperi\u0219ul <strong>Teatrului Na\u0163ional I.L. Caragiale din Bucure\u015ft<\/strong>i (TNB). Biletele se pot achizi\u021biona exclusiv online, noteaz\u0103 <a href=\"https:\/\/www.agerpres.ro\/cultura\/2024\/06\/25\/nopti-de-vara-la-amfiteatru-tnb-concerte-spectacole-de-teatru-si-dans-filme-de-colectie-si-intalniri-cu-artisti--1318191\">Agerpes<\/a>.<\/strong><\/p>\n\n\n\n<p>Stagiunea de var\u0103 a TNB cuprinde, printre altele, o serie de concerte, spectacole, filme \u0219i \u00eent\u00e2lniri cu arti\u0219tii organizate seara, \u00een amfiteatru. Seria de evenimente \u00een aer liber este deschis\u0103 cu un concert Byron, programat \u00een data de 10 iulie.<\/p>\n\n\n\n<iframe width=\"560\" height=\"315\" src=\"https:\/\/www.youtube.com\/embed\/HEufm57E0PA?si=fYQGgHmZ1RTliYfB\" title=\"YouTube video player\" frameborder=\"0\" allow=\"accelerometer; autoplay; clipboard-write; encrypted-media; gyroscope; picture-in-picture; web-share\" referrerpolicy=\"strict-origin-when-cross-origin\" allowfullscreen><\/iframe>\n\n\n\n<blockquote class=\"wp-block-quote is-layout-flow wp-block-quote-is-layout-flow\">\n<p class=\"has-medium-font-size\">Concerte, spectacole de teatru \u015fi dans, filme de colec\u0163ie sau cele mai recente produc\u0163ii cinematografice, \u00eent\u00e2lniri cu arti\u015fti, vor putea fi v\u0103zute \u015fi tr\u0103ite, \u00een aceast\u0103 var\u0103, sub cerul \u00eenstelat al Bucure\u015ftiului, la Amfiteatru TNB.<\/p>\n<cite>Comunicat de pres\u0103 TNB, via Agerpres<\/cite><\/blockquote>\n\n\n\n<p>Programul pentru lunile iulie \u0219i august este disponibil pe <a href=\"https:\/\/www.tnb.ro\/ro\/calendar?year=2024&amp;month=6\">tnb.ro<\/a>. Casa de bilete r\u0103m\u00e2ne deschis\u0103 doar p\u00e2n\u0103 duminic\u0103, 30 iulie. Ulterior, aceasta se va \u00eenchide pe toat\u0103 perioada verii, iar biletele se vor putea cump\u0103ra exclusiv online, se arat\u0103 \u00eentr-<a href=\"https:\/\/www.tnb.ro\/ro\/casa-de-bilete-inchisa-24-iunie\">un comunicat al institu\u021biei<\/a>.<\/p>\n\n\n\n<p>Amfiteatrul este situat pe acoperi\u0219ul Teatrului Na\u021bional, la 24 metri deasupra Pie\u0163ei Universit\u0103\u0163ii. Capacitatea maxim\u0103 este de 299 locuri numerotate pentru spectatori, dispuse pe gradene \u00een trepte.<\/p>\n\n\n\n<p><strong>CITE\u0218TE \u0218I:<\/strong><\/p>\n\n\n\n<figure class=\"wp-block-embed is-type-wp-embed is-provider-buletin-de-bucure-ti wp-block-embed-buletin-de-bucure-ti\"><div class=\"wp-block-embed__wrapper\">\n<blockquote class=\"wp-embedded-content\" data-secret=\"rQHurwq0CS\"><a href=\"https:\/\/buletin.de\/bucuresti\/reportaj-magia-regala-din-subsolul-teatrului-national-cum-prind-viata-obiectele-din-alta-epoca\/\">REPORTAJ | Secretele de la TNB(I): Magia regal\u0103 de la subsol \u0219i cum prind via\u0163\u0103 obiectele din alt\u0103 epoc\u0103<\/a><\/blockquote><iframe class=\"wp-embedded-content\" sandbox=\"allow-scripts\" security=\"restricted\" style=\"position: absolute; clip: rect(1px, 1px, 1px, 1px);\" title=\"&#8220;REPORTAJ | Secretele de la TNB(I): Magia regal\u0103 de la subsol \u0219i cum prind via\u0163\u0103 obiectele din alt\u0103 epoc\u0103&#8221; &#8212; Buletin de Bucure\u0219ti\" src=\"https:\/\/buletin.de\/bucuresti\/reportaj-magia-regala-din-subsolul-teatrului-national-cum-prind-viata-obiectele-din-alta-epoca\/embed\/#?secret=nsvhkmpF3Q#?secret=rQHurwq0CS\" data-secret=\"rQHurwq0CS\" width=\"600\" height=\"338\" frameborder=\"0\" marginwidth=\"0\" marginheight=\"0\" scrolling=\"no\"><\/iframe>\n<\/div><\/figure>\n","protected":false},"excerpt":{"rendered":"<p>\u00cen aceast\u0103 var\u0103, iubitorii de teatru \u0219i nu numai, sunt a\u0219tepta\u021bi la amfiteatrul \u00een aer liber de pe acoperi\u0219ul Teatrului Na\u0163ional I.L. Caragiale din Bucure\u015fti (TNB). Biletele se pot achizi\u021biona exclusiv online, noteaz\u0103 Agerpes. Stagiunea de var\u0103 a TNB cuprinde, printre altele, o serie de concerte, spectacole, filme \u0219i \u00eent\u00e2lniri cu arti\u0219tii organizate seara, \u00een [&hellip;]<\/p>\n","protected":false},"author":55,"featured_media":89171,"comment_status":"closed","ping_status":"open","sticky":false,"template":"","format":"standard","meta":{"_acf_changed":false,"inline_featured_image":false,"ngg_post_thumbnail":0,"footnotes":""},"categories":[6994,81,62],"tags":[12996,12998,4847,6741,12999,13000,12997,12994,12995,4085],"ppma_author":[22573],"class_list":["post-89119","post","type-post","status-publish","format-standard","has-post-thumbnail","hentry","category-stiri-2","category-cultura","category-stiri","tag-amfiteatru","tag-bilete-online","tag-concerte","tag-filme","tag-intalniri-cu-artistii","tag-program-vara-tnb","tag-spectacole-pe-acoperisul-tnb","tag-stagiunea-de-vara","tag-teatru-in-aer-liber","tag-tnb"],"acf":[],"yoast_head":"<!-- This site is optimized with the Yoast SEO Premium plugin v25.3 (Yoast SEO v27.4) - https:\/\/yoast.com\/product\/yoast-seo-premium-wordpress\/ -->\n<title>Stagiunea de var\u0103: filme, concerte, spectacole de teatru \u0219i dans, organizate pe acoperi\u0219ul Teatrului Na\u021bional - Buletin de Bucure\u0219ti<\/title>\n<meta name=\"robots\" content=\"index, follow, max-snippet:-1, max-image-preview:large, max-video-preview:-1\" \/>\n<link rel=\"canonical\" href=\"https:\/\/buletin.de\/bucuresti\/stagiunea-de-vara-filme-concerte-spectacole-de-teatru-si-dans-organizate-pe-acoperisul-teatrului-national\/\" \/>\n<meta property=\"og:locale\" content=\"en_GB\" \/>\n<meta property=\"og:type\" content=\"article\" \/>\n<meta property=\"og:title\" content=\"Stagiunea de var\u0103: filme, concerte, spectacole de teatru \u0219i dans, organizate pe acoperi\u0219ul Teatrului Na\u021bional\" \/>\n<meta property=\"og:description\" content=\"\u00cen aceast\u0103 var\u0103, iubitorii de teatru \u0219i nu numai, sunt a\u0219tepta\u021bi la amfiteatrul \u00een aer liber de pe acoperi\u0219ul Teatrului Na\u0163ional I.L. Caragiale din Bucure\u015fti (TNB). Biletele se pot achizi\u021biona exclusiv online, noteaz\u0103 Agerpes. Stagiunea de var\u0103 a TNB cuprinde, printre altele, o serie de concerte, spectacole, filme \u0219i \u00eent\u00e2lniri cu arti\u0219tii organizate seara, \u00een [&hellip;]\" \/>\n<meta property=\"og:url\" content=\"https:\/\/buletin.de\/bucuresti\/stagiunea-de-vara-filme-concerte-spectacole-de-teatru-si-dans-organizate-pe-acoperisul-teatrului-national\/\" \/>\n<meta property=\"og:site_name\" content=\"Buletin de Bucure\u0219ti\" \/>\n<meta property=\"article:publisher\" content=\"https:\/\/www.facebook.com\/buletin.de.buc\" \/>\n<meta property=\"article:published_time\" content=\"2024-06-26T03:45:00+00:00\" \/>\n<meta property=\"og:image\" content=\"https:\/\/buletin.de\/bucuresti\/wp-content\/uploads\/Amfiteatru-TNB.jpg\" \/>\n\t<meta property=\"og:image:width\" content=\"683\" \/>\n\t<meta property=\"og:image:height\" content=\"455\" \/>\n\t<meta property=\"og:image:type\" content=\"image\/jpeg\" \/>\n<meta name=\"author\" content=\"Andreea Tudor\" \/>\n<meta name=\"twitter:card\" content=\"summary_large_image\" \/>\n<meta name=\"twitter:label1\" content=\"Written by\" \/>\n\t<meta name=\"twitter:data1\" content=\"Andreea Tudor\" \/>\n\t<meta name=\"twitter:label2\" content=\"Estimated reading time\" \/>\n\t<meta name=\"twitter:data2\" content=\"1 minute\" \/>\n<script type=\"application\/ld+json\" class=\"yoast-schema-graph\">{\"@context\":\"https:\\\/\\\/schema.org\",\"@graph\":[{\"@type\":\"Article\",\"@id\":\"https:\\\/\\\/buletin.de\\\/bucuresti\\\/stagiunea-de-vara-filme-concerte-spectacole-de-teatru-si-dans-organizate-pe-acoperisul-teatrului-national\\\/#article\",\"isPartOf\":{\"@id\":\"https:\\\/\\\/buletin.de\\\/bucuresti\\\/stagiunea-de-vara-filme-concerte-spectacole-de-teatru-si-dans-organizate-pe-acoperisul-teatrului-national\\\/\"},\"author\":{\"name\":\"Andreea Tudor\",\"@id\":\"https:\\\/\\\/buletin.de\\\/bucuresti\\\/#\\\/schema\\\/person\\\/150590659efde715459d159da012f501\"},\"headline\":\"Stagiunea de var\u0103: filme, concerte, spectacole de teatru \u0219i dans, organizate pe acoperi\u0219ul Teatrului Na\u021bional\",\"datePublished\":\"2024-06-26T03:45:00+00:00\",\"mainEntityOfPage\":{\"@id\":\"https:\\\/\\\/buletin.de\\\/bucuresti\\\/stagiunea-de-vara-filme-concerte-spectacole-de-teatru-si-dans-organizate-pe-acoperisul-teatrului-national\\\/\"},\"wordCount\":232,\"publisher\":{\"@id\":\"https:\\\/\\\/buletin.de\\\/bucuresti\\\/#organization\"},\"image\":{\"@id\":\"https:\\\/\\\/buletin.de\\\/bucuresti\\\/stagiunea-de-vara-filme-concerte-spectacole-de-teatru-si-dans-organizate-pe-acoperisul-teatrului-national\\\/#primaryimage\"},\"thumbnailUrl\":\"https:\\\/\\\/buletin.de\\\/bucuresti\\\/wp-content\\\/uploads\\\/Amfiteatru-TNB.jpg\",\"keywords\":[\"amfiteatru\",\"bilete online\",\"Concerte\",\"filme\",\"intalniri cu artistii\",\"program vara tnb\",\"spectacole pe acoperisul TNB\",\"stagiunea de vara\",\"teatru in aer liber\",\"TNB\"],\"articleSection\":[\"Articole\",\"Cultur\u0103\",\"\u0218tiri\"],\"inLanguage\":\"en-GB\",\"copyrightYear\":\"2024\",\"copyrightHolder\":{\"@id\":\"https:\\\/\\\/buletin.de\\\/bucuresti\\\/#organization\"}},{\"@type\":\"WebPage\",\"@id\":\"https:\\\/\\\/buletin.de\\\/bucuresti\\\/stagiunea-de-vara-filme-concerte-spectacole-de-teatru-si-dans-organizate-pe-acoperisul-teatrului-national\\\/\",\"url\":\"https:\\\/\\\/buletin.de\\\/bucuresti\\\/stagiunea-de-vara-filme-concerte-spectacole-de-teatru-si-dans-organizate-pe-acoperisul-teatrului-national\\\/\",\"name\":\"Stagiunea de var\u0103: filme, concerte, spectacole de teatru \u0219i dans, organizate pe acoperi\u0219ul Teatrului Na\u021bional - Buletin de Bucure\u0219ti\",\"isPartOf\":{\"@id\":\"https:\\\/\\\/buletin.de\\\/bucuresti\\\/#website\"},\"primaryImageOfPage\":{\"@id\":\"https:\\\/\\\/buletin.de\\\/bucuresti\\\/stagiunea-de-vara-filme-concerte-spectacole-de-teatru-si-dans-organizate-pe-acoperisul-teatrului-national\\\/#primaryimage\"},\"image\":{\"@id\":\"https:\\\/\\\/buletin.de\\\/bucuresti\\\/stagiunea-de-vara-filme-concerte-spectacole-de-teatru-si-dans-organizate-pe-acoperisul-teatrului-national\\\/#primaryimage\"},\"thumbnailUrl\":\"https:\\\/\\\/buletin.de\\\/bucuresti\\\/wp-content\\\/uploads\\\/Amfiteatru-TNB.jpg\",\"datePublished\":\"2024-06-26T03:45:00+00:00\",\"breadcrumb\":{\"@id\":\"https:\\\/\\\/buletin.de\\\/bucuresti\\\/stagiunea-de-vara-filme-concerte-spectacole-de-teatru-si-dans-organizate-pe-acoperisul-teatrului-national\\\/#breadcrumb\"},\"inLanguage\":\"en-GB\",\"potentialAction\":[{\"@type\":\"ReadAction\",\"target\":[\"https:\\\/\\\/buletin.de\\\/bucuresti\\\/stagiunea-de-vara-filme-concerte-spectacole-de-teatru-si-dans-organizate-pe-acoperisul-teatrului-national\\\/\"]}]},{\"@type\":\"ImageObject\",\"inLanguage\":\"en-GB\",\"@id\":\"https:\\\/\\\/buletin.de\\\/bucuresti\\\/stagiunea-de-vara-filme-concerte-spectacole-de-teatru-si-dans-organizate-pe-acoperisul-teatrului-national\\\/#primaryimage\",\"url\":\"https:\\\/\\\/buletin.de\\\/bucuresti\\\/wp-content\\\/uploads\\\/Amfiteatru-TNB.jpg\",\"contentUrl\":\"https:\\\/\\\/buletin.de\\\/bucuresti\\\/wp-content\\\/uploads\\\/Amfiteatru-TNB.jpg\",\"width\":683,\"height\":455,\"caption\":\"FOTO: tnb.ro\"},{\"@type\":\"BreadcrumbList\",\"@id\":\"https:\\\/\\\/buletin.de\\\/bucuresti\\\/stagiunea-de-vara-filme-concerte-spectacole-de-teatru-si-dans-organizate-pe-acoperisul-teatrului-national\\\/#breadcrumb\",\"itemListElement\":[{\"@type\":\"ListItem\",\"position\":1,\"name\":\"Acas\u0103\",\"item\":\"https:\\\/\\\/buletin.de\\\/bucuresti\\\/\"},{\"@type\":\"ListItem\",\"position\":2,\"name\":\"Stagiunea de var\u0103: filme, concerte, spectacole de teatru \u0219i dans, organizate pe acoperi\u0219ul Teatrului Na\u021bional\"}]},{\"@type\":\"WebSite\",\"@id\":\"https:\\\/\\\/buletin.de\\\/bucuresti\\\/#website\",\"url\":\"https:\\\/\\\/buletin.de\\\/bucuresti\\\/\",\"name\":\"Buletin de Bucure\u0219ti\",\"description\":\"\u0218tiri \u0219i investiga\u021bii esen\u021biale din capital\u0103\",\"publisher\":{\"@id\":\"https:\\\/\\\/buletin.de\\\/bucuresti\\\/#organization\"},\"potentialAction\":[{\"@type\":\"SearchAction\",\"target\":{\"@type\":\"EntryPoint\",\"urlTemplate\":\"https:\\\/\\\/buletin.de\\\/bucuresti\\\/?s={search_term_string}\"},\"query-input\":{\"@type\":\"PropertyValueSpecification\",\"valueRequired\":true,\"valueName\":\"search_term_string\"}}],\"inLanguage\":\"en-GB\"},{\"@type\":\"Organization\",\"@id\":\"https:\\\/\\\/buletin.de\\\/bucuresti\\\/#organization\",\"name\":\"Buletin de Bucure\u0219ti\",\"url\":\"https:\\\/\\\/buletin.de\\\/bucuresti\\\/\",\"logo\":{\"@type\":\"ImageObject\",\"inLanguage\":\"en-GB\",\"@id\":\"https:\\\/\\\/buletin.de\\\/bucuresti\\\/#\\\/schema\\\/logo\\\/image\\\/\",\"url\":\"https:\\\/\\\/buletin.de\\\/bucuresti\\\/wp-content\\\/uploads\\\/logo-bdb-full-wide-vernil-transparent.png\",\"contentUrl\":\"https:\\\/\\\/buletin.de\\\/bucuresti\\\/wp-content\\\/uploads\\\/logo-bdb-full-wide-vernil-transparent.png\",\"width\":1782,\"height\":626,\"caption\":\"Buletin de Bucure\u0219ti\"},\"image\":{\"@id\":\"https:\\\/\\\/buletin.de\\\/bucuresti\\\/#\\\/schema\\\/logo\\\/image\\\/\"},\"sameAs\":[\"https:\\\/\\\/www.facebook.com\\\/buletin.de.buc\",\"https:\\\/\\\/www.instagram.com\\\/buletinde.bucuresti\\\/\"]},{\"@type\":\"Person\",\"@id\":\"https:\\\/\\\/buletin.de\\\/bucuresti\\\/#\\\/schema\\\/person\\\/150590659efde715459d159da012f501\",\"name\":\"Andreea Tudor\",\"image\":{\"@type\":\"ImageObject\",\"inLanguage\":\"en-GB\",\"@id\":\"https:\\\/\\\/secure.gravatar.com\\\/avatar\\\/a88705a186ab0b67f3349bcbced506c09e37256fbaad0e7f3bd1a79b4599f589?s=96&d=monsterid&r=g79290610aa1a65c2b86eebc2ca5aee8f\",\"url\":\"https:\\\/\\\/secure.gravatar.com\\\/avatar\\\/a88705a186ab0b67f3349bcbced506c09e37256fbaad0e7f3bd1a79b4599f589?s=96&d=monsterid&r=g\",\"contentUrl\":\"https:\\\/\\\/secure.gravatar.com\\\/avatar\\\/a88705a186ab0b67f3349bcbced506c09e37256fbaad0e7f3bd1a79b4599f589?s=96&d=monsterid&r=g\",\"caption\":\"Andreea Tudor\"},\"description\":\"N\u0103scut\u0103 \u0219i crescut\u0103 \u00een Bucure\u0219ti, sus\u021bin\u0103toare a presei independente. A\u0219a am ajuns redactor la Buletin de Bucure\u0219ti. Fiind eu, \u00eens\u0103mi, parte a sistemului de \u00eenv\u0103\u021b\u0103m\u00e2nt rom\u00e2nesc \u0219i pasionat\u0103 de domeniul social, pun sub lup\u0103 tot ceea ce se \u00eent\u00e2mpl\u0103 \u00een sfera educa\u021biei. Cred cu t\u0103rie c\u0103 presa \u201epentru cet\u0103\u021beni\u201d este presa independent\u0103. Oamenii au nevoie de o informare corect\u0103 pentru a \u00een\u021belege pe deplin ce se \u00eent\u00e2mpl\u0103 \u00een jurul lor \u0219i pentru a lua ac\u021biune \u00eempotriva nedrept\u0103\u021bilor.\",\"url\":\"https:\\\/\\\/buletin.de\\\/bucuresti\\\/author\\\/andreeatudor\\\/\"}]}<\/script>\n<!-- \/ Yoast SEO Premium plugin. -->","yoast_head_json":{"title":"Stagiunea de var\u0103: filme, concerte, spectacole de teatru \u0219i dans, organizate pe acoperi\u0219ul Teatrului Na\u021bional - Buletin de Bucure\u0219ti","robots":{"index":"index","follow":"follow","max-snippet":"max-snippet:-1","max-image-preview":"max-image-preview:large","max-video-preview":"max-video-preview:-1"},"canonical":"https:\/\/buletin.de\/bucuresti\/stagiunea-de-vara-filme-concerte-spectacole-de-teatru-si-dans-organizate-pe-acoperisul-teatrului-national\/","og_locale":"en_GB","og_type":"article","og_title":"Stagiunea de var\u0103: filme, concerte, spectacole de teatru \u0219i dans, organizate pe acoperi\u0219ul Teatrului Na\u021bional","og_description":"\u00cen aceast\u0103 var\u0103, iubitorii de teatru \u0219i nu numai, sunt a\u0219tepta\u021bi la amfiteatrul \u00een aer liber de pe acoperi\u0219ul Teatrului Na\u0163ional I.L. Caragiale din Bucure\u015fti (TNB). Biletele se pot achizi\u021biona exclusiv online, noteaz\u0103 Agerpes. Stagiunea de var\u0103 a TNB cuprinde, printre altele, o serie de concerte, spectacole, filme \u0219i \u00eent\u00e2lniri cu arti\u0219tii organizate seara, \u00een [&hellip;]","og_url":"https:\/\/buletin.de\/bucuresti\/stagiunea-de-vara-filme-concerte-spectacole-de-teatru-si-dans-organizate-pe-acoperisul-teatrului-national\/","og_site_name":"Buletin de Bucure\u0219ti","article_publisher":"https:\/\/www.facebook.com\/buletin.de.buc","article_published_time":"2024-06-26T03:45:00+00:00","og_image":[{"width":683,"height":455,"url":"https:\/\/buletin.de\/bucuresti\/wp-content\/uploads\/Amfiteatru-TNB.jpg","type":"image\/jpeg"}],"author":"Andreea Tudor","twitter_card":"summary_large_image","twitter_misc":{"Written by":"Andreea Tudor","Estimated reading time":"1 minute"},"schema":{"@context":"https:\/\/schema.org","@graph":[{"@type":"Article","@id":"https:\/\/buletin.de\/bucuresti\/stagiunea-de-vara-filme-concerte-spectacole-de-teatru-si-dans-organizate-pe-acoperisul-teatrului-national\/#article","isPartOf":{"@id":"https:\/\/buletin.de\/bucuresti\/stagiunea-de-vara-filme-concerte-spectacole-de-teatru-si-dans-organizate-pe-acoperisul-teatrului-national\/"},"author":{"name":"Andreea Tudor","@id":"https:\/\/buletin.de\/bucuresti\/#\/schema\/person\/150590659efde715459d159da012f501"},"headline":"Stagiunea de var\u0103: filme, concerte, spectacole de teatru \u0219i dans, organizate pe acoperi\u0219ul Teatrului Na\u021bional","datePublished":"2024-06-26T03:45:00+00:00","mainEntityOfPage":{"@id":"https:\/\/buletin.de\/bucuresti\/stagiunea-de-vara-filme-concerte-spectacole-de-teatru-si-dans-organizate-pe-acoperisul-teatrului-national\/"},"wordCount":232,"publisher":{"@id":"https:\/\/buletin.de\/bucuresti\/#organization"},"image":{"@id":"https:\/\/buletin.de\/bucuresti\/stagiunea-de-vara-filme-concerte-spectacole-de-teatru-si-dans-organizate-pe-acoperisul-teatrului-national\/#primaryimage"},"thumbnailUrl":"https:\/\/buletin.de\/bucuresti\/wp-content\/uploads\/Amfiteatru-TNB.jpg","keywords":["amfiteatru","bilete online","Concerte","filme","intalniri cu artistii","program vara tnb","spectacole pe acoperisul TNB","stagiunea de vara","teatru in aer liber","TNB"],"articleSection":["Articole","Cultur\u0103","\u0218tiri"],"inLanguage":"en-GB","copyrightYear":"2024","copyrightHolder":{"@id":"https:\/\/buletin.de\/bucuresti\/#organization"}},{"@type":"WebPage","@id":"https:\/\/buletin.de\/bucuresti\/stagiunea-de-vara-filme-concerte-spectacole-de-teatru-si-dans-organizate-pe-acoperisul-teatrului-national\/","url":"https:\/\/buletin.de\/bucuresti\/stagiunea-de-vara-filme-concerte-spectacole-de-teatru-si-dans-organizate-pe-acoperisul-teatrului-national\/","name":"Stagiunea de var\u0103: filme, concerte, spectacole de teatru \u0219i dans, organizate pe acoperi\u0219ul Teatrului Na\u021bional - Buletin de Bucure\u0219ti","isPartOf":{"@id":"https:\/\/buletin.de\/bucuresti\/#website"},"primaryImageOfPage":{"@id":"https:\/\/buletin.de\/bucuresti\/stagiunea-de-vara-filme-concerte-spectacole-de-teatru-si-dans-organizate-pe-acoperisul-teatrului-national\/#primaryimage"},"image":{"@id":"https:\/\/buletin.de\/bucuresti\/stagiunea-de-vara-filme-concerte-spectacole-de-teatru-si-dans-organizate-pe-acoperisul-teatrului-national\/#primaryimage"},"thumbnailUrl":"https:\/\/buletin.de\/bucuresti\/wp-content\/uploads\/Amfiteatru-TNB.jpg","datePublished":"2024-06-26T03:45:00+00:00","breadcrumb":{"@id":"https:\/\/buletin.de\/bucuresti\/stagiunea-de-vara-filme-concerte-spectacole-de-teatru-si-dans-organizate-pe-acoperisul-teatrului-national\/#breadcrumb"},"inLanguage":"en-GB","potentialAction":[{"@type":"ReadAction","target":["https:\/\/buletin.de\/bucuresti\/stagiunea-de-vara-filme-concerte-spectacole-de-teatru-si-dans-organizate-pe-acoperisul-teatrului-national\/"]}]},{"@type":"ImageObject","inLanguage":"en-GB","@id":"https:\/\/buletin.de\/bucuresti\/stagiunea-de-vara-filme-concerte-spectacole-de-teatru-si-dans-organizate-pe-acoperisul-teatrului-national\/#primaryimage","url":"https:\/\/buletin.de\/bucuresti\/wp-content\/uploads\/Amfiteatru-TNB.jpg","contentUrl":"https:\/\/buletin.de\/bucuresti\/wp-content\/uploads\/Amfiteatru-TNB.jpg","width":683,"height":455,"caption":"FOTO: tnb.ro"},{"@type":"BreadcrumbList","@id":"https:\/\/buletin.de\/bucuresti\/stagiunea-de-vara-filme-concerte-spectacole-de-teatru-si-dans-organizate-pe-acoperisul-teatrului-national\/#breadcrumb","itemListElement":[{"@type":"ListItem","position":1,"name":"Acas\u0103","item":"https:\/\/buletin.de\/bucuresti\/"},{"@type":"ListItem","position":2,"name":"Stagiunea de var\u0103: filme, concerte, spectacole de teatru \u0219i dans, organizate pe acoperi\u0219ul Teatrului Na\u021bional"}]},{"@type":"WebSite","@id":"https:\/\/buletin.de\/bucuresti\/#website","url":"https:\/\/buletin.de\/bucuresti\/","name":"Buletin de Bucure\u0219ti","description":"\u0218tiri \u0219i investiga\u021bii esen\u021biale din capital\u0103","publisher":{"@id":"https:\/\/buletin.de\/bucuresti\/#organization"},"potentialAction":[{"@type":"SearchAction","target":{"@type":"EntryPoint","urlTemplate":"https:\/\/buletin.de\/bucuresti\/?s={search_term_string}"},"query-input":{"@type":"PropertyValueSpecification","valueRequired":true,"valueName":"search_term_string"}}],"inLanguage":"en-GB"},{"@type":"Organization","@id":"https:\/\/buletin.de\/bucuresti\/#organization","name":"Buletin de Bucure\u0219ti","url":"https:\/\/buletin.de\/bucuresti\/","logo":{"@type":"ImageObject","inLanguage":"en-GB","@id":"https:\/\/buletin.de\/bucuresti\/#\/schema\/logo\/image\/","url":"https:\/\/buletin.de\/bucuresti\/wp-content\/uploads\/logo-bdb-full-wide-vernil-transparent.png","contentUrl":"https:\/\/buletin.de\/bucuresti\/wp-content\/uploads\/logo-bdb-full-wide-vernil-transparent.png","width":1782,"height":626,"caption":"Buletin de Bucure\u0219ti"},"image":{"@id":"https:\/\/buletin.de\/bucuresti\/#\/schema\/logo\/image\/"},"sameAs":["https:\/\/www.facebook.com\/buletin.de.buc","https:\/\/www.instagram.com\/buletinde.bucuresti\/"]},{"@type":"Person","@id":"https:\/\/buletin.de\/bucuresti\/#\/schema\/person\/150590659efde715459d159da012f501","name":"Andreea Tudor","image":{"@type":"ImageObject","inLanguage":"en-GB","@id":"https:\/\/secure.gravatar.com\/avatar\/a88705a186ab0b67f3349bcbced506c09e37256fbaad0e7f3bd1a79b4599f589?s=96&d=monsterid&r=g79290610aa1a65c2b86eebc2ca5aee8f","url":"https:\/\/secure.gravatar.com\/avatar\/a88705a186ab0b67f3349bcbced506c09e37256fbaad0e7f3bd1a79b4599f589?s=96&d=monsterid&r=g","contentUrl":"https:\/\/secure.gravatar.com\/avatar\/a88705a186ab0b67f3349bcbced506c09e37256fbaad0e7f3bd1a79b4599f589?s=96&d=monsterid&r=g","caption":"Andreea Tudor"},"description":"N\u0103scut\u0103 \u0219i crescut\u0103 \u00een Bucure\u0219ti, sus\u021bin\u0103toare a presei independente. A\u0219a am ajuns redactor la Buletin de Bucure\u0219ti. Fiind eu, \u00eens\u0103mi, parte a sistemului de \u00eenv\u0103\u021b\u0103m\u00e2nt rom\u00e2nesc \u0219i pasionat\u0103 de domeniul social, pun sub lup\u0103 tot ceea ce se \u00eent\u00e2mpl\u0103 \u00een sfera educa\u021biei. Cred cu t\u0103rie c\u0103 presa \u201epentru cet\u0103\u021beni\u201d este presa independent\u0103. Oamenii au nevoie de o informare corect\u0103 pentru a \u00een\u021belege pe deplin ce se \u00eent\u00e2mpl\u0103 \u00een jurul lor \u0219i pentru a lua ac\u021biune \u00eempotriva nedrept\u0103\u021bilor.","url":"https:\/\/buletin.de\/bucuresti\/author\/andreeatudor\/"}]}},"authors":[{"term_id":22573,"user_id":55,"is_guest":0,"slug":"andreeatudor","display_name":"Andreea Tudor","avatar_url":"https:\/\/secure.gravatar.com\/avatar\/a88705a186ab0b67f3349bcbced506c09e37256fbaad0e7f3bd1a79b4599f589?s=96&d=monsterid&r=g","0":null,"1":"","2":"","3":"","4":"","5":"","6":"","7":"","8":""}],"_links":{"self":[{"href":"https:\/\/buletin.de\/bucuresti\/wp-json\/wp\/v2\/posts\/89119","targetHints":{"allow":["GET"]}}],"collection":[{"href":"https:\/\/buletin.de\/bucuresti\/wp-json\/wp\/v2\/posts"}],"about":[{"href":"https:\/\/buletin.de\/bucuresti\/wp-json\/wp\/v2\/types\/post"}],"author":[{"embeddable":true,"href":"https:\/\/buletin.de\/bucuresti\/wp-json\/wp\/v2\/users\/55"}],"replies":[{"embeddable":true,"href":"https:\/\/buletin.de\/bucuresti\/wp-json\/wp\/v2\/comments?post=89119"}],"version-history":[{"count":6,"href":"https:\/\/buletin.de\/bucuresti\/wp-json\/wp\/v2\/posts\/89119\/revisions"}],"predecessor-version":[{"id":89173,"href":"https:\/\/buletin.de\/bucuresti\/wp-json\/wp\/v2\/posts\/89119\/revisions\/89173"}],"wp:featuredmedia":[{"embeddable":true,"href":"https:\/\/buletin.de\/bucuresti\/wp-json\/wp\/v2\/media\/89171"}],"wp:attachment":[{"href":"https:\/\/buletin.de\/bucuresti\/wp-json\/wp\/v2\/media?parent=89119"}],"wp:term":[{"taxonomy":"category","embeddable":true,"href":"https:\/\/buletin.de\/bucuresti\/wp-json\/wp\/v2\/categories?post=89119"},{"taxonomy":"post_tag","embeddable":true,"href":"https:\/\/buletin.de\/bucuresti\/wp-json\/wp\/v2\/tags?post=89119"},{"taxonomy":"author","embeddable":true,"href":"https:\/\/buletin.de\/bucuresti\/wp-json\/wp\/v2\/ppma_author?post=89119"}],"curies":[{"name":"wp","href":"https:\/\/api.w.org\/{rel}","templated":true}]}}