{"id":89051,"date":"2024-06-25T05:53:34","date_gmt":"2024-06-25T02:53:34","guid":{"rendered":"https:\/\/buletin.de\/bucuresti\/?p=89051"},"modified":"2024-10-08T12:17:17","modified_gmt":"2024-10-08T09:17:17","slug":"12-piscine-din-bucuresti-si-ilfov-unde-te-poti-racori-vara-aceasta-ii","status":"publish","type":"post","link":"https:\/\/buletin.de\/bucuresti\/12-piscine-din-bucuresti-si-ilfov-unde-te-poti-racori-vara-aceasta-ii\/","title":{"rendered":"12 piscine din Bucure\u0219ti \u0219i Ilfov unde te po\u021bi r\u0103cori vara aceasta (II)"},"content":{"rendered":"\n<p><strong>De la \u0219tranduri care \u00ee\u021bi aduc aminte de copil\u0103rie, la piscine pe malul lacului: piscine din Bucure\u0219ti \u0219i Ilfov. <\/strong><\/p>\n\n\n\n<p>Dac\u0103 vrei s\u0103 profi\u021bi la maximum de zilele arz\u0103toare \u0219i de serile pline de c\u0103ldur\u0103 care ne a\u0219teapt\u0103, iat\u0103 o selec\u021bie de alte 12 locuri unde te po\u021bi r\u0103cori aproape de cas\u0103.<\/p>\n\n\n\n<h2 class=\"wp-block-heading has-medium-font-size\"><a href=\"https:\/\/clubul-diplomatic.ro\/piscina\/\"><strong>Clubul Diplomatic<\/strong><\/a><\/h2>\n\n\n\n<figure class=\"wp-block-image size-large\"><a href=\"https:\/\/buletin.de\/bucuresti\/wp-content\/uploads\/19388344_1922018384677097_3137272452018111750_o.jpg\"><img fetchpriority=\"high\" decoding=\"async\" width=\"900\" height=\"526\" src=\"data:image\/gif;base64,R0lGODlhAQABAAAAACH5BAEKAAEALAAAAAABAAEAAAICTAEAOw==\" data-src=\"https:\/\/buletin.de\/bucuresti\/wp-content\/uploads\/19388344_1922018384677097_3137272452018111750_o-900x526.jpg\" alt=\"\" class=\"wp-image-89052 lazyload\" data-sizes=\"auto\" data-srcset=\"https:\/\/buletin.de\/bucuresti\/wp-content\/uploads\/19388344_1922018384677097_3137272452018111750_o-900x526.jpg 900w, https:\/\/buletin.de\/bucuresti\/wp-content\/uploads\/19388344_1922018384677097_3137272452018111750_o-300x175.jpg 300w, https:\/\/buletin.de\/bucuresti\/wp-content\/uploads\/19388344_1922018384677097_3137272452018111750_o-768x449.jpg 768w, https:\/\/buletin.de\/bucuresti\/wp-content\/uploads\/19388344_1922018384677097_3137272452018111750_o-1100x643.jpg 1100w, https:\/\/buletin.de\/bucuresti\/wp-content\/uploads\/19388344_1922018384677097_3137272452018111750_o-600x351.jpg 600w, https:\/\/buletin.de\/bucuresti\/wp-content\/uploads\/19388344_1922018384677097_3137272452018111750_o-20x12.jpg 20w, https:\/\/buletin.de\/bucuresti\/wp-content\/uploads\/19388344_1922018384677097_3137272452018111750_o.jpg 1185w\" sizes=\"(max-width: 900px) 100vw, 900px\" \/><\/a><figcaption class=\"wp-element-caption\">FOTO: Facebook \/ The POOL by clubul diplomatic<\/figcaption><\/figure>\n\n\n\n<p>Clubul din nordul Capitalei ofer\u0103 o piscin\u0103 de dimensiuni mari pentru adul\u021bi \u0219i una pentru copii, dar \u0219i pool-baruri \u0219i lounge-uri.<\/p>\n\n\n\n<p><strong>Loca\u021bie:<\/strong> Bucure\u0219ti, Parcul Her\u0103str\u0103u<\/p>\n\n\n\n<p><strong>Program:<\/strong><\/p>\n\n\n\n<ul class=\"wp-block-list\">\n<li>Luni: de la 14:00 la 19:00<\/li>\n\n\n\n<li>De mar\u021bi p\u00e2n\u0103 duminic\u0103: de la 9:00 la 19:00<\/li>\n<\/ul>\n\n\n\n<p><strong>Tarife de intrare \u00een zilele de luni:<\/strong><\/p>\n\n\n\n<ul class=\"wp-block-list\">\n<li>Adul\u021bi: 70 de lei<\/li>\n\n\n\n<li>Copii \u00eentre 3 \u0219i 14 ani: 40 de lei<\/li>\n<\/ul>\n\n\n\n<p><strong>Tarife de intrare de mar\u021bi p\u00e2n\u0103 vineri:<\/strong><\/p>\n\n\n\n<ul class=\"wp-block-list\">\n<li>Adul\u021bi: 130 de lei<\/li>\n\n\n\n<li>Copii \u00eentre 3 \u0219i 14 ani: 80 de lei<\/li>\n<\/ul>\n\n\n\n<p><strong>Tarife de intrare \u00een weekend:<\/strong><\/p>\n\n\n\n<ul class=\"wp-block-list\">\n<li>Adul\u021bi: 180 de lei<\/li>\n\n\n\n<li>Copii \u00eentre 3 \u0219i 14 ani: 120 de lei<\/li>\n<\/ul>\n\n\n\n<p>Copii cu varsta de pana la 3 ani au intrarea gratuit\u0103, iar pre\u021bul de \u00eenchirere al unui prosop este de 30 de lei.<\/p>\n\n\n\n<h2 class=\"wp-block-heading has-medium-font-size\">Piscine din Bucure\u0219ti \u0219i Ilfov: <strong><a href=\"https:\/\/kundalini.bar\/\">Kundalini Pool Bar<\/a><\/strong><\/h2>\n\n\n\n<figure class=\"wp-block-image size-large\"><a href=\"https:\/\/buletin.de\/bucuresti\/wp-content\/uploads\/piscina-kundalini.jpeg\"><img decoding=\"async\" width=\"900\" height=\"675\" src=\"data:image\/gif;base64,R0lGODlhAQABAAAAACH5BAEKAAEALAAAAAABAAEAAAICTAEAOw==\" data-src=\"https:\/\/buletin.de\/bucuresti\/wp-content\/uploads\/piscina-kundalini-900x675.jpeg\" alt=\"Piscine din Bucure\u0219ti \u0219i Ilfov. FOTO: kundalini.bar\" class=\"wp-image-89053 lazyload\" data-sizes=\"auto\" data-srcset=\"https:\/\/buletin.de\/bucuresti\/wp-content\/uploads\/piscina-kundalini-900x675.jpeg 900w, https:\/\/buletin.de\/bucuresti\/wp-content\/uploads\/piscina-kundalini-300x225.jpeg 300w, https:\/\/buletin.de\/bucuresti\/wp-content\/uploads\/piscina-kundalini-768x576.jpeg 768w, https:\/\/buletin.de\/bucuresti\/wp-content\/uploads\/piscina-kundalini-600x450.jpeg 600w, https:\/\/buletin.de\/bucuresti\/wp-content\/uploads\/piscina-kundalini-20x15.jpeg 20w, https:\/\/buletin.de\/bucuresti\/wp-content\/uploads\/piscina-kundalini.jpeg 1024w\" sizes=\"(max-width: 900px) 100vw, 900px\" \/><\/a><figcaption class=\"wp-element-caption\">Piscine din Bucure\u0219ti \u0219i Ilfov. FOTO: kundalini.bar<\/figcaption><\/figure>\n\n\n\n<p>Amplasat \u00een Parcul Tei din Capital\u0103, Kundalini Pool Bar pune la dispozi\u021bie o piscin\u0103 \u00eenconjurat\u0103 de \u0219ezlonguri, o zon\u0103 de lounge \u0219i una VIP, dar \u0219i un bar \u0219i un restaurant, unde pre\u021bul unei beri la draft \u00eencepe de la 18 lei, iar o pizza este \u00een jur de 50 de lei.<\/p>\n\n\n\n<p><strong>Loca\u021bie:<\/strong> Bucure\u0219ti, Parcul Tei<\/p>\n\n\n\n<p><strong>Program:<\/strong> de mar\u021bi p\u00e2n\u0103 duminic\u0103 \u00eentre 10:00 \u0219i 18:30<\/p>\n\n\n\n<p><strong>Tarife de intrare de mar\u021bi p\u00e2n\u0103 vineri: <\/strong>70 de lei<\/p>\n\n\n\n<p><strong>Tarife de intrare \u00een weekend: <\/strong>100 de lei<\/p>\n\n\n\n<p>Pre\u021bul de intrare \u00een zona VIP a localului este de 200 de lei pentru dou\u0103 persoane, \u00een timpul s\u0103pt\u0103m\u00e2nii, iar \u00een weekend 300 de lei pentru dou\u0103 persoane. \u0218ezlongul \u0219i prosopul sunt incluse \u00een pre\u021b.<\/p>\n\n\n\n<h2 class=\"wp-block-heading has-medium-font-size\"><a href=\"https:\/\/www.studio1.com.ro\/crazy-pool\"><strong>West Gate<\/strong><\/a><\/h2>\n\n\n\n<figure class=\"wp-block-image size-large\"><a href=\"https:\/\/buletin.de\/bucuresti\/wp-content\/uploads\/417433273_1050885406891950_7776996434807524551_n.jpg\"><img decoding=\"async\" width=\"900\" height=\"599\" src=\"data:image\/gif;base64,R0lGODlhAQABAAAAACH5BAEKAAEALAAAAAABAAEAAAICTAEAOw==\" data-src=\"https:\/\/buletin.de\/bucuresti\/wp-content\/uploads\/417433273_1050885406891950_7776996434807524551_n-900x599.jpg\" alt=\"\" class=\"wp-image-89054 lazyload\" data-sizes=\"auto\" data-srcset=\"https:\/\/buletin.de\/bucuresti\/wp-content\/uploads\/417433273_1050885406891950_7776996434807524551_n-900x599.jpg 900w, https:\/\/buletin.de\/bucuresti\/wp-content\/uploads\/417433273_1050885406891950_7776996434807524551_n-300x200.jpg 300w, https:\/\/buletin.de\/bucuresti\/wp-content\/uploads\/417433273_1050885406891950_7776996434807524551_n-768x511.jpg 768w, https:\/\/buletin.de\/bucuresti\/wp-content\/uploads\/417433273_1050885406891950_7776996434807524551_n-1536x1021.jpg 1536w, https:\/\/buletin.de\/bucuresti\/wp-content\/uploads\/417433273_1050885406891950_7776996434807524551_n-1600x1064.jpg 1600w, https:\/\/buletin.de\/bucuresti\/wp-content\/uploads\/417433273_1050885406891950_7776996434807524551_n-1100x732.jpg 1100w, https:\/\/buletin.de\/bucuresti\/wp-content\/uploads\/417433273_1050885406891950_7776996434807524551_n-600x399.jpg 600w, https:\/\/buletin.de\/bucuresti\/wp-content\/uploads\/417433273_1050885406891950_7776996434807524551_n-20x13.jpg 20w, https:\/\/buletin.de\/bucuresti\/wp-content\/uploads\/417433273_1050885406891950_7776996434807524551_n.jpg 2000w\" sizes=\"(max-width: 900px) 100vw, 900px\" \/><\/a><figcaption class=\"wp-element-caption\">FOTO: Facebook \/ Crazy Pool by West Gate<\/figcaption><\/figure>\n\n\n\n<p>Crazy Pool by West Gate are o piscin\u0103 cu ap\u0103 \u00eenc\u0103lzit\u0103 cu energie solar\u0103, \u00eenconjurat\u0103 de o pist\u0103 de alergare, 200 de \u0219ezlonguri cu umbrel\u0103, 400 de metri p\u0103tra\u021bi de plaj\u0103, bar, restaurant \u0219i o teras\u0103 \u00een aer liber.<\/p>\n\n\n\n<p><strong>Loca\u021bie:<\/strong> Bucure\u0219ti, cartierul Militari<\/p>\n\n\n\n<p><strong>Program:<\/strong>&nbsp;<\/p>\n\n\n\n<ul class=\"wp-block-list\">\n<li>De luni p\u00e2n\u0103 joi: 11:00 &#8211; 20:00<\/li>\n\n\n\n<li>Vineri: 11:00 &#8211; 21:00<\/li>\n\n\n\n<li>S\u00e2mb\u0103t\u0103 \u0219i duminic\u0103: 10:00 &#8211; 21:00<\/li>\n<\/ul>\n\n\n\n<p><strong>Tarife de intrare de luni p\u00e2n\u0103 vineri:<\/strong><\/p>\n\n\n\n<ul class=\"wp-block-list\">\n<li>Adul\u021bi: 75 de lei<\/li>\n\n\n\n<li>Copii \u00eentre 2 \u0219i 6 ani: 25 de lei<\/li>\n\n\n\n<li>Copii \u00eentre 6 \u0219i 14 ani: 30 de lei<\/li>\n<\/ul>\n\n\n\n<p><strong>Tarife de intrare \u00een weekend:<\/strong><\/p>\n\n\n\n<ul class=\"wp-block-list\">\n<li>Adul\u021bi: 100 de lei<\/li>\n\n\n\n<li>Copii \u00eentre 2 \u0219i 6 ani: 25 de lei<\/li>\n\n\n\n<li>Copii \u00eentre 6 \u0219i 14 ani: 30 de lei<\/li>\n<\/ul>\n\n\n\n<p>\u00cen timpul s\u0103pt\u0103m\u00e2nii, persoanele care ajung dup\u0103 ora 17:00 au reducere 50%, iar, \u00een zilele de mar\u021bi, dou\u0103 persoane pl\u0103tesc un singur bilet.<\/p>\n\n\n\n<h2 class=\"wp-block-heading has-medium-font-size\">Piscine din Bucure\u0219ti \u0219i Ilfov: <a href=\"https:\/\/www.hotelmarivila.ro\/ro\/pool\"><strong>Complex Mari Vila<\/strong><\/a><\/h2>\n\n\n\n<figure class=\"wp-block-image size-large\"><a href=\"https:\/\/buletin.de\/bucuresti\/wp-content\/uploads\/WhatsApp-Image-2024-06-24-at-21.08.29.jpeg\"><img loading=\"lazy\" decoding=\"async\" width=\"900\" height=\"506\" src=\"data:image\/gif;base64,R0lGODlhAQABAAAAACH5BAEKAAEALAAAAAABAAEAAAICTAEAOw==\" data-src=\"https:\/\/buletin.de\/bucuresti\/wp-content\/uploads\/WhatsApp-Image-2024-06-24-at-21.08.29-900x506.jpeg\" alt=\"Piscine din Bucure\u0219ti \u0219i Ilfov. FOTO: hotelmarivila.ro\" class=\"wp-image-89056 lazyload\" data-sizes=\"auto\" data-srcset=\"https:\/\/buletin.de\/bucuresti\/wp-content\/uploads\/WhatsApp-Image-2024-06-24-at-21.08.29-900x506.jpeg 900w, https:\/\/buletin.de\/bucuresti\/wp-content\/uploads\/WhatsApp-Image-2024-06-24-at-21.08.29-300x169.jpeg 300w, https:\/\/buletin.de\/bucuresti\/wp-content\/uploads\/WhatsApp-Image-2024-06-24-at-21.08.29-768x432.jpeg 768w, https:\/\/buletin.de\/bucuresti\/wp-content\/uploads\/WhatsApp-Image-2024-06-24-at-21.08.29-1536x864.jpeg 1536w, https:\/\/buletin.de\/bucuresti\/wp-content\/uploads\/WhatsApp-Image-2024-06-24-at-21.08.29-1100x619.jpeg 1100w, https:\/\/buletin.de\/bucuresti\/wp-content\/uploads\/WhatsApp-Image-2024-06-24-at-21.08.29-600x338.jpeg 600w, https:\/\/buletin.de\/bucuresti\/wp-content\/uploads\/WhatsApp-Image-2024-06-24-at-21.08.29-20x11.jpeg 20w, https:\/\/buletin.de\/bucuresti\/wp-content\/uploads\/WhatsApp-Image-2024-06-24-at-21.08.29.jpeg 1600w\" sizes=\"(max-width: 900px) 100vw, 900px\" \/><\/a><figcaption class=\"wp-element-caption\">Piscine din Bucure\u0219ti \u0219i Ilfov. FOTO: hotelmarivila.ro<\/figcaption><\/figure>\n\n\n\n<p>Complexul pune la dispozi\u021bie dou\u0103 piscine, una pentru adul\u021bi, de dimensiuni mari \u0219i una mai mic\u0103, pentru copii, situate \u00een incinta exterioar\u0103 a hotelului Mari Vila. Pe cele dou\u0103 terase ale hotelului se afl\u0103 un bar \u0219i un restaurant. Piscina pentru adul\u021bi are 225 de metri p\u0103tra\u021bi, cu o ad\u00e2ncime de p\u00e2n\u0103 la 1,70 metri, iar cea pentru copii este de 48 de metri p\u0103tra\u021bi, cu ad\u00e2ncimea de 60 de centimetri. Temperatura apei este de aproximativ 26-28 de grade Celsius.<\/p>\n\n\n\n<p><strong>Loca\u021bie:<\/strong> Bucure\u0219ti, zona Theodor Pallady<\/p>\n\n\n\n<p><strong>Program:<\/strong> zilnic \u00eentre 9:00 \u0219i 20:00<\/p>\n\n\n\n<p><strong>Tarife de intrare de luni p\u00e2n\u0103 vineri:<\/strong><\/p>\n\n\n\n<ul class=\"wp-block-list\">\n<li>Adul\u021bi: 95 de lei<\/li>\n\n\n\n<li>Copii p\u00e2n\u0103 \u00een 12 ani: 75 de lei<\/li>\n<\/ul>\n\n\n\n<p><strong>Tarife de intrare \u00een weekend:<\/strong><\/p>\n\n\n\n<ul class=\"wp-block-list\">\n<li>Adul\u021bi: 130 de lei<\/li>\n\n\n\n<li>Copii p\u00e2n\u0103 \u00een 12 ani: 90 de lei<\/li>\n<\/ul>\n\n\n\n<p>Pre\u021bul unei beri la draft \u00eencepe la 15 lei, iar o por\u021bie de patru mici cu mu\u0219tar este de 20 de lei.<\/p>\n\n\n\n<h2 class=\"wp-block-heading has-medium-font-size\"><a href=\"https:\/\/guava.ro\/beach\/\"><strong>Guava Beach<\/strong><\/a><\/h2>\n\n\n\n<figure class=\"wp-block-image size-large\"><a href=\"https:\/\/buletin.de\/bucuresti\/wp-content\/uploads\/beach-3.jpg\"><img loading=\"lazy\" decoding=\"async\" width=\"900\" height=\"587\" src=\"data:image\/gif;base64,R0lGODlhAQABAAAAACH5BAEKAAEALAAAAAABAAEAAAICTAEAOw==\" data-src=\"https:\/\/buletin.de\/bucuresti\/wp-content\/uploads\/beach-3-900x587.jpg\" alt=\"\" class=\"wp-image-89058 lazyload\" data-sizes=\"auto\" data-srcset=\"https:\/\/buletin.de\/bucuresti\/wp-content\/uploads\/beach-3-900x587.jpg 900w, https:\/\/buletin.de\/bucuresti\/wp-content\/uploads\/beach-3-300x196.jpg 300w, https:\/\/buletin.de\/bucuresti\/wp-content\/uploads\/beach-3-768x501.jpg 768w, https:\/\/buletin.de\/bucuresti\/wp-content\/uploads\/beach-3-1536x1002.jpg 1536w, https:\/\/buletin.de\/bucuresti\/wp-content\/uploads\/beach-3-1600x1044.jpg 1600w, https:\/\/buletin.de\/bucuresti\/wp-content\/uploads\/beach-3-1100x718.jpg 1100w, https:\/\/buletin.de\/bucuresti\/wp-content\/uploads\/beach-3-600x392.jpg 600w, https:\/\/buletin.de\/bucuresti\/wp-content\/uploads\/beach-3-20x13.jpg 20w, https:\/\/buletin.de\/bucuresti\/wp-content\/uploads\/beach-3.jpg 2000w\" sizes=\"(max-width: 900px) 100vw, 900px\" \/><\/a><figcaption class=\"wp-element-caption\">FOTO: guava.ro<\/figcaption><\/figure>\n\n\n\n<p>Localul are o priveli\u0219te asupra lacului Floreasca, iar pe l\u00e2ng\u0103 piscin\u0103, exist\u0103 \u0219i diferite spa\u0163ii de dining, spa\u021bii de joac\u0103 pentru copii, foi\u0219oare \u00een gr\u0103din\u0103 \u0219i un restaurant pe malul Lacului Floreasca.<\/p>\n\n\n\n<p><strong>Loca\u021bie:<\/strong> Bucure\u0219ti, cartierul Floreasca<\/p>\n\n\n\n<p><strong>Program: <\/strong>zilnic \u00eentre 10:00 \u0219i 20:00<\/p>\n\n\n\n<p><strong>Tarife de intrare de luni p\u00e2n\u0103 joi:<\/strong><\/p>\n\n\n\n<ul class=\"wp-block-list\">\n<li>Adul\u021bi: 150 de lei<\/li>\n\n\n\n<li>Copii cu \u00een\u0103l\u021bimea \u00eentre 95 \u0219i 130 de centimetri: 50 de lei<\/li>\n<\/ul>\n\n\n\n<p><strong>Tarife de intrare de vineri p\u00e2n\u0103 duminic\u0103: <\/strong>200 de lei<\/p>\n\n\n\n<p>Pre\u021bul de intrare pentru adul\u021bi include un \u0219ezlong \u0219i un prosop, iar pre\u021bul de intrare de vineri p\u00e2n\u0103 duminic\u0103 care include un \u0219ezlong VIP XL \u0219i un prosop este de 450 de lei.<br><br>Copiii sub 95 de centimetri au intrarea gratuit\u0103.<\/p>\n\n\n\n<h2 class=\"wp-block-heading has-medium-font-size\">Piscine din Bucure\u0219ti \u0219i Ilfov: <a href=\"https:\/\/www.facebook.com\/StrandulCopiilorVacaresti\"><strong>\u0218trandul V\u0103c\u0103re\u0219ti<\/strong><\/a><\/h2>\n\n\n\n<figure class=\"wp-block-image size-large\"><a href=\"https:\/\/buletin.de\/bucuresti\/wp-content\/uploads\/299205808_550724833516142_2083431316887392792_n.jpg\"><img loading=\"lazy\" decoding=\"async\" width=\"900\" height=\"596\" src=\"data:image\/gif;base64,R0lGODlhAQABAAAAACH5BAEKAAEALAAAAAABAAEAAAICTAEAOw==\" data-src=\"https:\/\/buletin.de\/bucuresti\/wp-content\/uploads\/299205808_550724833516142_2083431316887392792_n-900x596.jpg\" alt=\"\" class=\"wp-image-89059 lazyload\" data-sizes=\"auto\" data-srcset=\"https:\/\/buletin.de\/bucuresti\/wp-content\/uploads\/299205808_550724833516142_2083431316887392792_n-900x596.jpg 900w, https:\/\/buletin.de\/bucuresti\/wp-content\/uploads\/299205808_550724833516142_2083431316887392792_n-300x199.jpg 300w, https:\/\/buletin.de\/bucuresti\/wp-content\/uploads\/299205808_550724833516142_2083431316887392792_n-768x509.jpg 768w, https:\/\/buletin.de\/bucuresti\/wp-content\/uploads\/299205808_550724833516142_2083431316887392792_n-1536x1017.jpg 1536w, https:\/\/buletin.de\/bucuresti\/wp-content\/uploads\/299205808_550724833516142_2083431316887392792_n-1600x1059.jpg 1600w, https:\/\/buletin.de\/bucuresti\/wp-content\/uploads\/299205808_550724833516142_2083431316887392792_n-1100x728.jpg 1100w, https:\/\/buletin.de\/bucuresti\/wp-content\/uploads\/299205808_550724833516142_2083431316887392792_n-600x397.jpg 600w, https:\/\/buletin.de\/bucuresti\/wp-content\/uploads\/299205808_550724833516142_2083431316887392792_n-20x13.jpg 20w, https:\/\/buletin.de\/bucuresti\/wp-content\/uploads\/299205808_550724833516142_2083431316887392792_n.jpg 2048w\" sizes=\"(max-width: 900px) 100vw, 900px\" \/><\/a><figcaption class=\"wp-element-caption\">FOTO: Facebook \/ Strandul Copiilor Vacaresti<\/figcaption><\/figure>\n\n\n\n<p>\u0218trandul din Sectorul 4 al Capitalei ofer\u0103 un bazin olimpic pentru adul\u021bi, dou\u0103 bazine pentru copii, du\u0219uri \u0219i cabine. De asemenea, \u00een jurul bazinelor este o plaj\u0103 cu gazon, pe care sunt amplasate \u0219ezlonguri.<\/p>\n\n\n\n<p><strong>Loca\u021bie:<\/strong> Bucure\u0219ti, cartierul V\u0103c\u0103re\u0219ti<\/p>\n\n\n\n<p><strong>Program:<\/strong> zilnic \u00eentre 9:00 \u0219i 19:00<\/p>\n\n\n\n<p><strong>Tarife de intrare de luni p\u00e2n\u0103 vineri: <\/strong>50 de lei<\/p>\n\n\n\n<p><strong>Tarife de intrare \u00een weekend: <\/strong>60 de lei<\/p>\n\n\n\n<h2 class=\"wp-block-heading has-medium-font-size\"><a href=\"https:\/\/www.clubulcopiilor.ro\/loc\/piscina-cartierul-solar\/\"><strong>Piscina din Cartierul Solar<\/strong><\/a><\/h2>\n\n\n\n<figure class=\"wp-block-image size-full\"><a href=\"https:\/\/buletin.de\/bucuresti\/wp-content\/uploads\/WhatsApp-Image-2024-06-24-at-21.15.22.jpeg\"><img loading=\"lazy\" decoding=\"async\" width=\"812\" height=\"611\" src=\"data:image\/gif;base64,R0lGODlhAQABAAAAACH5BAEKAAEALAAAAAABAAEAAAICTAEAOw==\" data-src=\"https:\/\/buletin.de\/bucuresti\/wp-content\/uploads\/WhatsApp-Image-2024-06-24-at-21.15.22.jpeg\" alt=\"Piscine din Bucure\u0219ti \u0219i Ilfov. FOTO: Instagram \/ Cartierul Solar\" class=\"wp-image-89060 lazyload\" data-sizes=\"auto\" data-srcset=\"https:\/\/buletin.de\/bucuresti\/wp-content\/uploads\/WhatsApp-Image-2024-06-24-at-21.15.22.jpeg 812w, https:\/\/buletin.de\/bucuresti\/wp-content\/uploads\/WhatsApp-Image-2024-06-24-at-21.15.22-300x226.jpeg 300w, https:\/\/buletin.de\/bucuresti\/wp-content\/uploads\/WhatsApp-Image-2024-06-24-at-21.15.22-768x578.jpeg 768w, https:\/\/buletin.de\/bucuresti\/wp-content\/uploads\/WhatsApp-Image-2024-06-24-at-21.15.22-600x451.jpeg 600w, https:\/\/buletin.de\/bucuresti\/wp-content\/uploads\/WhatsApp-Image-2024-06-24-at-21.15.22-20x15.jpeg 20w\" sizes=\"(max-width: 812px) 100vw, 812px\" \/><\/a><figcaption class=\"wp-element-caption\">Piscine din Bucure\u0219ti \u0219i Ilfov. FOTO: Instagram \/ Cartierul Solar<\/figcaption><\/figure>\n\n\n\n<p>Amplasat\u0103 \u00eentr-un cartier reziden\u021bial de la marginea Bucure\u0219tiului, piscina este pentru toate v\u00e2rstele, av\u00e2nd o lungime de 20 de metri, l\u0103\u021bimea de 15 metri \u0219i ad\u00e2ncimea de 1,4 metri. \u00cen apropierea piscinei se afl\u0103 un bar, \u0219ezlonguri \u0219i baldachine.<\/p>\n\n\n\n<p><strong>Loca\u021bie:<\/strong> Bucure\u0219ti, Sector 4<\/p>\n\n\n\n<p><strong>Program:<\/strong> zilnic \u00eentre 9:00 \u0219i 19:00<\/p>\n\n\n\n<p><strong>Tarife de intrare de luni p\u00e2n\u0103 vineri:<\/strong><\/p>\n\n\n\n<ul class=\"wp-block-list\">\n<li>Adul\u021bi: 50 de lei<\/li>\n\n\n\n<li>Copii \u00eentre 5 \u0219i 14 ani: 30 de lei<\/li>\n<\/ul>\n\n\n\n<p><strong>Tarife de intrare \u00een weekend:<\/strong><\/p>\n\n\n\n<ul class=\"wp-block-list\">\n<li>Adul\u021bi: 70 de lei<\/li>\n\n\n\n<li>Copii \u00eentre 5 \u0219i 14 ani: 40 de lei<\/li>\n<\/ul>\n\n\n\n<p>Copiii mai mici de 5 ani au accesul gratuit. De asemenea, vizitatorii au acces \u0219i la servicii de masaj.<\/p>\n\n\n\n<h2 class=\"wp-block-heading has-medium-font-size\"><strong><a href=\"https:\/\/www.facebook.com\/LaPlagebyThePool\/\">La Plage Club<\/a><\/strong><\/h2>\n\n\n\n<p>Amplasat la intrarea \u00een Bucure\u0219ti, La Plage de\u021bine o plaj\u0103 cu nisip fin, un restaurant, un club, dar \u0219i zone cu baldachine, umbrele \u0219i palmieri exotici.<\/p>\n\n\n\n<p><strong>Loca\u021bie:<\/strong> Otopeni<\/p>\n\n\n\n<p><strong>Program:<\/strong> zilnic \u00eentre 10:00 \u0219i 20:00<\/p>\n\n\n\n<p><strong>Tarif de intrare de luni p\u00e2n\u0103 vineri: <\/strong>60 de lei<\/p>\n\n\n\n<p><strong>Tarif de intrare \u00een weekend: <\/strong>120 de lei<\/p>\n\n\n\n<h2 class=\"wp-block-heading has-medium-font-size\"><a href=\"https:\/\/piscinaspa.ro\/despre\/\"><strong>Piscina Spa Domne\u0219ti<\/strong><\/a><\/h2>\n\n\n\n<figure class=\"wp-block-image size-large\"><a href=\"https:\/\/buletin.de\/bucuresti\/wp-content\/uploads\/9-1.jpg\"><img loading=\"lazy\" decoding=\"async\" width=\"900\" height=\"598\" src=\"data:image\/gif;base64,R0lGODlhAQABAAAAACH5BAEKAAEALAAAAAABAAEAAAICTAEAOw==\" data-src=\"https:\/\/buletin.de\/bucuresti\/wp-content\/uploads\/9-1-900x598.jpg\" alt=\"\" class=\"wp-image-89062 lazyload\" data-sizes=\"auto\" data-srcset=\"https:\/\/buletin.de\/bucuresti\/wp-content\/uploads\/9-1-900x598.jpg 900w, https:\/\/buletin.de\/bucuresti\/wp-content\/uploads\/9-1-300x199.jpg 300w, https:\/\/buletin.de\/bucuresti\/wp-content\/uploads\/9-1-768x510.jpg 768w, https:\/\/buletin.de\/bucuresti\/wp-content\/uploads\/9-1-600x399.jpg 600w, https:\/\/buletin.de\/bucuresti\/wp-content\/uploads\/9-1-20x13.jpg 20w, https:\/\/buletin.de\/bucuresti\/wp-content\/uploads\/9-1.jpg 960w\" sizes=\"(max-width: 900px) 100vw, 900px\" \/><\/a><figcaption class=\"wp-element-caption\">FOTO: piscinaspa.ro<\/figcaption><\/figure>\n\n\n\n<p>Amplasat \u00een interiorul complexului Curtea Domneasc\u0103, spa-ul de\u021bine dou\u0103 piscine \u00eenconjurate de \u0219ezlonguri \u0219i baldachine. Una dintre piscine are o ad\u00e2ncime de 1,4 metri, iar cealalt\u0103, pentru copii, de 0,4 metri.<\/p>\n\n\n\n<p><strong>Loca\u021bie:<\/strong> Domne\u0219ti<\/p>\n\n\n\n<p><strong>Program:<\/strong>&nbsp;<\/p>\n\n\n\n<ul class=\"wp-block-list\">\n<li>De luni p\u00e2n\u0103 s\u00e2mb\u0103t\u0103: 10:00 &#8211; 21:00<\/li>\n\n\n\n<li>Duminic\u0103: 10:00 &#8211; 20:00<\/li>\n<\/ul>\n\n\n\n<p><strong>Tarife de intrare de luni p\u00e2n\u0103 vineri:<\/strong><\/p>\n\n\n\n<ul class=\"wp-block-list\">\n<li>Adul\u021bi: 70 de lei<\/li>\n\n\n\n<li>Copii peste 7 ani: 70 de lei<\/li>\n\n\n\n<li>Copii sub 7 ani: 60 de lei<\/li>\n<\/ul>\n\n\n\n<p><strong>Tarife de intrare \u00een weekend:<\/strong><\/p>\n\n\n\n<ul class=\"wp-block-list\">\n<li>Adul\u021bi: 110 lei<\/li>\n\n\n\n<li>Copii peste 7 ani: 110 lei<\/li>\n\n\n\n<li>Copii sub 7 ani: 70 de lei<\/li>\n<\/ul>\n\n\n\n<p>Copiii mai mici de 2 ani au acces gratuit, iar pre\u021bul de acces include un \u0219ezlong. De asemenea, copiii sub 16 ani nu au voie ne\u00eenso\u021bi\u021bi la piscin\u0103.<\/p>\n\n\n\n<h2 class=\"wp-block-heading has-medium-font-size\">Piscine din Bucure\u0219ti \u0219i Ilfov: <a href=\"https:\/\/bonbonclub.ro\/piscina-exterioara\/\"><strong>Bon Bon Club<\/strong><\/a><\/h2>\n\n\n\n<figure class=\"wp-block-image size-large\"><a href=\"https:\/\/buletin.de\/bucuresti\/wp-content\/uploads\/445782352_962700125861133_6752002139550095551_n.jpg\"><img loading=\"lazy\" decoding=\"async\" width=\"900\" height=\"675\" src=\"data:image\/gif;base64,R0lGODlhAQABAAAAACH5BAEKAAEALAAAAAABAAEAAAICTAEAOw==\" data-src=\"https:\/\/buletin.de\/bucuresti\/wp-content\/uploads\/445782352_962700125861133_6752002139550095551_n-900x675.jpg\" alt=\"Piscine din Bucure\u0219ti \u0219i Ilfov. FOTO: Facebook \/ Bon Bon Club\" class=\"wp-image-89063 lazyload\" data-sizes=\"auto\" data-srcset=\"https:\/\/buletin.de\/bucuresti\/wp-content\/uploads\/445782352_962700125861133_6752002139550095551_n-900x675.jpg 900w, https:\/\/buletin.de\/bucuresti\/wp-content\/uploads\/445782352_962700125861133_6752002139550095551_n-300x225.jpg 300w, https:\/\/buletin.de\/bucuresti\/wp-content\/uploads\/445782352_962700125861133_6752002139550095551_n-768x576.jpg 768w, https:\/\/buletin.de\/bucuresti\/wp-content\/uploads\/445782352_962700125861133_6752002139550095551_n-600x450.jpg 600w, https:\/\/buletin.de\/bucuresti\/wp-content\/uploads\/445782352_962700125861133_6752002139550095551_n-20x15.jpg 20w, https:\/\/buletin.de\/bucuresti\/wp-content\/uploads\/445782352_962700125861133_6752002139550095551_n.jpg 960w\" sizes=\"(max-width: 900px) 100vw, 900px\" \/><\/a><figcaption class=\"wp-element-caption\">Piscine din Bucure\u0219ti \u0219i Ilfov. FOTO: Facebook \/ Bon Bon Club<\/figcaption><\/figure>\n\n\n\n<p><strong>Loca\u021bie:<\/strong> Dragomire\u0219ti-Vale<\/p>\n\n\n\n<p><strong>Program:<\/strong> zilnic \u00eentre 9:00 \u0219i 21:00<\/p>\n\n\n\n<p><strong>Tarife de intrare de luni p\u00e2n\u0103 vineri:<\/strong><\/p>\n\n\n\n<ul class=\"wp-block-list\">\n<li>Adul\u021bi: 40 de lei<\/li>\n\n\n\n<li>Copii \u00eentre 5 \u0219i 10 ani: 20 de lei<\/li>\n<\/ul>\n\n\n\n<p><strong>Tarife de intrare \u00een weekend:<\/strong><\/p>\n\n\n\n<ul class=\"wp-block-list\">\n<li>Adul\u021bi: 60 de lei<\/li>\n\n\n\n<li>Copii \u00eentre 5 \u0219i 10 ani: 30 de lei<\/li>\n<\/ul>\n\n\n\n<p>Copiii p\u00e2n\u0103 \u00een 5 ani au intrarea gratuit\u0103. Pre\u021bul unui baldachin este de 100 de lei. De asemenea, localul are \u0219i o zon\u0103 VIP, unde pre\u021bul de intrare pentru un adult este de 100 de lei, iar pentru copiii \u00eentre 5 \u0219i 10 ani este de 50 de lei.<\/p>\n\n\n\n<h2 class=\"wp-block-heading has-medium-font-size\"><strong><a href=\"https:\/\/domeniilesaftica.ro\/piscina\/\">Aqua del Mar &#8211; Domeniile S\u0103ftica<\/a><\/strong><\/h2>\n\n\n\n<figure class=\"wp-block-image size-large\"><a href=\"https:\/\/buletin.de\/bucuresti\/wp-content\/uploads\/domeniilesaftica_piscina-1.jpg\"><img loading=\"lazy\" decoding=\"async\" width=\"900\" height=\"600\" src=\"data:image\/gif;base64,R0lGODlhAQABAAAAACH5BAEKAAEALAAAAAABAAEAAAICTAEAOw==\" data-src=\"https:\/\/buletin.de\/bucuresti\/wp-content\/uploads\/domeniilesaftica_piscina-1-900x600.jpg\" alt=\"\" class=\"wp-image-89064 lazyload\" data-sizes=\"auto\" data-srcset=\"https:\/\/buletin.de\/bucuresti\/wp-content\/uploads\/domeniilesaftica_piscina-1-900x600.jpg 900w, https:\/\/buletin.de\/bucuresti\/wp-content\/uploads\/domeniilesaftica_piscina-1-300x200.jpg 300w, https:\/\/buletin.de\/bucuresti\/wp-content\/uploads\/domeniilesaftica_piscina-1-768x512.jpg 768w, https:\/\/buletin.de\/bucuresti\/wp-content\/uploads\/domeniilesaftica_piscina-1-1100x733.jpg 1100w, https:\/\/buletin.de\/bucuresti\/wp-content\/uploads\/domeniilesaftica_piscina-1-600x400.jpg 600w, https:\/\/buletin.de\/bucuresti\/wp-content\/uploads\/domeniilesaftica_piscina-1-20x13.jpg 20w, https:\/\/buletin.de\/bucuresti\/wp-content\/uploads\/domeniilesaftica_piscina-1.jpg 1200w\" sizes=\"(max-width: 900px) 100vw, 900px\" \/><\/a><figcaption class=\"wp-element-caption\">FOTO: domeniilesaftica.ro<\/figcaption><\/figure>\n\n\n\n<p>Localul are o piscin\u0103 cu o ad\u00e2ncime care ajunge p\u00e2n\u0103 la 1,90 metri, bar \u0219i restaurant, plaj\u0103 cu nisip \u0219i baldachine \u0219i Wi-Fi gratuit.<\/p>\n\n\n\n<p><strong>Loca\u021bie:<\/strong> S\u0103ftica<\/p>\n\n\n\n<p><strong>Program:<\/strong><\/p>\n\n\n\n<ul class=\"wp-block-list\">\n<li>De luni p\u00e2n\u0103 joi: 10:00 &#8211; 19:00<\/li>\n\n\n\n<li>De vineri p\u00e2n\u0103 duminic\u0103: 10:00 &#8211; 17:30<\/li>\n<\/ul>\n\n\n\n<p><strong>Tarife de intrare de luni p\u00e2n\u0103 vineri:<\/strong><\/p>\n\n\n\n<ul class=\"wp-block-list\">\n<li>Adul\u021bi: 70 de lei<\/li>\n\n\n\n<li>Copii \u00eentre 3 \u0219i 13 ani: 50 de lei<\/li>\n<\/ul>\n\n\n\n<p><strong>Tarife de intrare \u00een weekend: <\/strong>100 de lei<\/p>\n\n\n\n<h2 class=\"wp-block-heading has-medium-font-size\">Piscine din Bucure\u0219ti \u0219i Ilfov: <a href=\"http:\/\/casadepiatra.com.ro\">Complex Casa de Piatr\u0103<\/a><\/h2>\n\n\n\n<figure class=\"wp-block-image size-full\"><a href=\"https:\/\/buletin.de\/bucuresti\/wp-content\/uploads\/1_piscina.jpg\"><img loading=\"lazy\" decoding=\"async\" width=\"795\" height=\"530\" src=\"data:image\/gif;base64,R0lGODlhAQABAAAAACH5BAEKAAEALAAAAAABAAEAAAICTAEAOw==\" data-src=\"https:\/\/buletin.de\/bucuresti\/wp-content\/uploads\/1_piscina.jpg\" alt=\"Piscine din Bucure\u0219ti \u0219i Ilfov. FOTO: casadepiatra.com.ro\" class=\"wp-image-89065 lazyload\" data-sizes=\"auto\" data-srcset=\"https:\/\/buletin.de\/bucuresti\/wp-content\/uploads\/1_piscina.jpg 795w, https:\/\/buletin.de\/bucuresti\/wp-content\/uploads\/1_piscina-300x200.jpg 300w, https:\/\/buletin.de\/bucuresti\/wp-content\/uploads\/1_piscina-768x512.jpg 768w, https:\/\/buletin.de\/bucuresti\/wp-content\/uploads\/1_piscina-600x400.jpg 600w, https:\/\/buletin.de\/bucuresti\/wp-content\/uploads\/1_piscina-20x13.jpg 20w\" sizes=\"(max-width: 795px) 100vw, 795px\" \/><\/a><figcaption class=\"wp-element-caption\">Piscine din Bucure\u0219ti \u0219i Ilfov. FOTO: casadepiatra.com.ro<\/figcaption><\/figure>\n\n\n\n<p><strong>Loca\u021bie:<\/strong> Pantelimon<\/p>\n\n\n\n<p><strong>Program:<\/strong> zilnic \u00eentre 9:00 \u0219i 19:00<\/p>\n\n\n\n<p><strong>Tarife de intrare de luni p\u00e2n\u0103 vineri:<\/strong><\/p>\n\n\n\n<ul class=\"wp-block-list\">\n<li>Adul\u021bi: 40 de lei<\/li>\n\n\n\n<li>Copii sub 1,4 metri \u00een\u0103l\u021bime: 20 de lei<\/li>\n<\/ul>\n\n\n\n<p><strong>Tarife de intrare \u00een weekend:&nbsp;<\/strong><\/p>\n\n\n\n<ul class=\"wp-block-list\">\n<li>Adul\u021bi: 60 de lei<\/li>\n\n\n\n<li>Copii sub 1,4 metri \u00een\u0103l\u021bime: 30 de lei<\/li>\n<\/ul>\n\n\n\n<p>Copiii sub 3 ani au intrarea gratuit\u0103. De asemenea, accesul cu b\u0103uturi \u0219i m\u00e2ncare din exterior este permis.<\/p>\n\n\n\n<p><strong>CITE\u015eTE \u015eI:<\/strong> <a href=\"https:\/\/buletin.de\/bucuresti\/12-piscine-si-parcuri-acvatice-din-bucuresti-si-ilfov-unde-te-poti-racori-vara-aceasta\/\" target=\"_blank\" rel=\"noreferrer noopener\"><strong>12 piscine \u0219i parcuri acvatice din Bucure\u0219ti \u0219i Ilfov unde te po\u021bi r\u0103cori vara aceasta<\/strong><\/a><\/p>\n","protected":false},"excerpt":{"rendered":"<p>De la \u0219tranduri care \u00ee\u021bi aduc aminte de copil\u0103rie, la piscine pe malul lacului: piscine din Bucure\u0219ti \u0219i Ilfov. Dac\u0103 vrei s\u0103 profi\u021bi la maximum de zilele arz\u0103toare \u0219i de serile pline de c\u0103ldur\u0103 care ne a\u0219teapt\u0103, iat\u0103 o selec\u021bie de alte 12 locuri unde te po\u021bi r\u0103cori aproape de cas\u0103. Clubul Diplomatic Clubul din [&hellip;]<\/p>\n","protected":false},"author":59,"featured_media":89070,"comment_status":"closed","ping_status":"open","sticky":false,"template":"","format":"standard","meta":{"_acf_changed":false,"inline_featured_image":false,"ngg_post_thumbnail":0,"footnotes":""},"categories":[6994,5762],"tags":[12968,12967,6024,12810,12963,12966,12964,12965],"ppma_author":[22572],"class_list":["post-89051","post","type-post","status-publish","format-standard","has-post-thumbnail","hentry","category-stiri-2","category-main","tag-capitala-piscina","tag-distractie-apa-bucuresti","tag-piscina-bucuresti","tag-piscine-bucuresti","tag-piscine-ilfov","tag-preturi-piscine-bucuresti","tag-strand-bucuresti","tag-water-park-bucuresti"],"acf":[],"yoast_head":"<!-- This site is optimized with the Yoast SEO Premium plugin v25.3 (Yoast SEO v27.5) - https:\/\/yoast.com\/product\/yoast-seo-premium-wordpress\/ -->\n<title>12 piscine din Bucure\u0219ti \u0219i Ilfov unde te po\u021bi r\u0103cori vara aceasta (II) - Buletin de Bucure\u0219ti<\/title>\n<meta name=\"description\" content=\"De la \u0219tranduri care \u00ee\u021bi aduc aminte de copil\u0103rie, la piscine pe malul lacului: piscine din Bucure\u0219ti \u0219i Ilfov.\" \/>\n<meta name=\"robots\" content=\"index, follow, max-snippet:-1, max-image-preview:large, max-video-preview:-1\" \/>\n<link rel=\"canonical\" href=\"https:\/\/buletin.de\/bucuresti\/12-piscine-din-bucuresti-si-ilfov-unde-te-poti-racori-vara-aceasta-ii\/\" \/>\n<meta property=\"og:locale\" content=\"en_GB\" \/>\n<meta property=\"og:type\" content=\"article\" \/>\n<meta property=\"og:title\" content=\"12 piscine din Bucure\u0219ti \u0219i Ilfov unde te po\u021bi r\u0103cori vara aceasta (II)\" \/>\n<meta property=\"og:description\" content=\"De la \u0219tranduri care \u00ee\u021bi aduc aminte de copil\u0103rie, la piscine pe malul lacului: piscine din Bucure\u0219ti \u0219i Ilfov.\" \/>\n<meta property=\"og:url\" content=\"https:\/\/buletin.de\/bucuresti\/12-piscine-din-bucuresti-si-ilfov-unde-te-poti-racori-vara-aceasta-ii\/\" \/>\n<meta property=\"og:site_name\" content=\"Buletin de Bucure\u0219ti\" \/>\n<meta property=\"article:publisher\" content=\"https:\/\/www.facebook.com\/buletin.de.buc\" \/>\n<meta property=\"article:published_time\" content=\"2024-06-25T02:53:34+00:00\" \/>\n<meta property=\"article:modified_time\" content=\"2024-10-08T09:17:17+00:00\" \/>\n<meta property=\"og:image\" content=\"https:\/\/buletin.de\/bucuresti\/wp-content\/uploads\/cpvqb3q_asc.jpg\" \/>\n\t<meta property=\"og:image:width\" content=\"1500\" \/>\n\t<meta property=\"og:image:height\" content=\"1200\" \/>\n\t<meta property=\"og:image:type\" content=\"image\/jpeg\" \/>\n<meta name=\"author\" content=\"C\u0103t\u0103lin Anghel-Dimache\" \/>\n<meta name=\"twitter:card\" content=\"summary_large_image\" \/>\n<meta name=\"twitter:label1\" content=\"Written by\" \/>\n\t<meta name=\"twitter:data1\" content=\"C\u0103t\u0103lin Anghel-Dimache\" \/>\n\t<meta name=\"twitter:label2\" content=\"Estimated reading time\" \/>\n\t<meta name=\"twitter:data2\" content=\"9 minutes\" \/>\n<script type=\"application\/ld+json\" class=\"yoast-schema-graph\">{\"@context\":\"https:\\\/\\\/schema.org\",\"@graph\":[{\"@type\":\"Article\",\"@id\":\"https:\\\/\\\/buletin.de\\\/bucuresti\\\/12-piscine-din-bucuresti-si-ilfov-unde-te-poti-racori-vara-aceasta-ii\\\/#article\",\"isPartOf\":{\"@id\":\"https:\\\/\\\/buletin.de\\\/bucuresti\\\/12-piscine-din-bucuresti-si-ilfov-unde-te-poti-racori-vara-aceasta-ii\\\/\"},\"author\":{\"name\":\"C\u0103t\u0103lin Anghel-Dimache\",\"@id\":\"https:\\\/\\\/buletin.de\\\/bucuresti\\\/#\\\/schema\\\/person\\\/0ac9db30080482be87c7386a30f98796\"},\"headline\":\"12 piscine din Bucure\u0219ti \u0219i Ilfov unde te po\u021bi r\u0103cori vara aceasta (II)\",\"datePublished\":\"2024-06-25T02:53:34+00:00\",\"dateModified\":\"2024-10-08T09:17:17+00:00\",\"mainEntityOfPage\":{\"@id\":\"https:\\\/\\\/buletin.de\\\/bucuresti\\\/12-piscine-din-bucuresti-si-ilfov-unde-te-poti-racori-vara-aceasta-ii\\\/\"},\"wordCount\":1447,\"publisher\":{\"@id\":\"https:\\\/\\\/buletin.de\\\/bucuresti\\\/#organization\"},\"image\":{\"@id\":\"https:\\\/\\\/buletin.de\\\/bucuresti\\\/12-piscine-din-bucuresti-si-ilfov-unde-te-poti-racori-vara-aceasta-ii\\\/#primaryimage\"},\"thumbnailUrl\":\"https:\\\/\\\/buletin.de\\\/bucuresti\\\/wp-content\\\/uploads\\\/cpvqb3q_asc.jpg\",\"keywords\":[\"capitala piscina\",\"distractie apa bucuresti\",\"piscina bucuresti\",\"piscine bucure\u0219ti\",\"piscine ilfov\",\"preturi piscine bucuresti\",\"strand bucuresti\",\"water park bucuresti\"],\"articleSection\":[\"Articole\",\"Main\"],\"inLanguage\":\"en-GB\",\"copyrightYear\":\"2024\",\"copyrightHolder\":{\"@id\":\"https:\\\/\\\/buletin.de\\\/bucuresti\\\/#organization\"}},{\"@type\":\"WebPage\",\"@id\":\"https:\\\/\\\/buletin.de\\\/bucuresti\\\/12-piscine-din-bucuresti-si-ilfov-unde-te-poti-racori-vara-aceasta-ii\\\/\",\"url\":\"https:\\\/\\\/buletin.de\\\/bucuresti\\\/12-piscine-din-bucuresti-si-ilfov-unde-te-poti-racori-vara-aceasta-ii\\\/\",\"name\":\"12 piscine din Bucure\u0219ti \u0219i Ilfov unde te po\u021bi r\u0103cori vara aceasta (II) - Buletin de Bucure\u0219ti\",\"isPartOf\":{\"@id\":\"https:\\\/\\\/buletin.de\\\/bucuresti\\\/#website\"},\"primaryImageOfPage\":{\"@id\":\"https:\\\/\\\/buletin.de\\\/bucuresti\\\/12-piscine-din-bucuresti-si-ilfov-unde-te-poti-racori-vara-aceasta-ii\\\/#primaryimage\"},\"image\":{\"@id\":\"https:\\\/\\\/buletin.de\\\/bucuresti\\\/12-piscine-din-bucuresti-si-ilfov-unde-te-poti-racori-vara-aceasta-ii\\\/#primaryimage\"},\"thumbnailUrl\":\"https:\\\/\\\/buletin.de\\\/bucuresti\\\/wp-content\\\/uploads\\\/cpvqb3q_asc.jpg\",\"datePublished\":\"2024-06-25T02:53:34+00:00\",\"dateModified\":\"2024-10-08T09:17:17+00:00\",\"description\":\"De la \u0219tranduri care \u00ee\u021bi aduc aminte de copil\u0103rie, la piscine pe malul lacului: piscine din Bucure\u0219ti \u0219i Ilfov.\",\"breadcrumb\":{\"@id\":\"https:\\\/\\\/buletin.de\\\/bucuresti\\\/12-piscine-din-bucuresti-si-ilfov-unde-te-poti-racori-vara-aceasta-ii\\\/#breadcrumb\"},\"inLanguage\":\"en-GB\",\"potentialAction\":[{\"@type\":\"ReadAction\",\"target\":[\"https:\\\/\\\/buletin.de\\\/bucuresti\\\/12-piscine-din-bucuresti-si-ilfov-unde-te-poti-racori-vara-aceasta-ii\\\/\"]}]},{\"@type\":\"ImageObject\",\"inLanguage\":\"en-GB\",\"@id\":\"https:\\\/\\\/buletin.de\\\/bucuresti\\\/12-piscine-din-bucuresti-si-ilfov-unde-te-poti-racori-vara-aceasta-ii\\\/#primaryimage\",\"url\":\"https:\\\/\\\/buletin.de\\\/bucuresti\\\/wp-content\\\/uploads\\\/cpvqb3q_asc.jpg\",\"contentUrl\":\"https:\\\/\\\/buletin.de\\\/bucuresti\\\/wp-content\\\/uploads\\\/cpvqb3q_asc.jpg\",\"width\":1500,\"height\":1200,\"caption\":\"Piscine din Bucure\u0219ti \u0219i Ilfov. Photo by Arturo Rivera\"},{\"@type\":\"BreadcrumbList\",\"@id\":\"https:\\\/\\\/buletin.de\\\/bucuresti\\\/12-piscine-din-bucuresti-si-ilfov-unde-te-poti-racori-vara-aceasta-ii\\\/#breadcrumb\",\"itemListElement\":[{\"@type\":\"ListItem\",\"position\":1,\"name\":\"Acas\u0103\",\"item\":\"https:\\\/\\\/buletin.de\\\/bucuresti\\\/\"},{\"@type\":\"ListItem\",\"position\":2,\"name\":\"12 piscine din Bucure\u0219ti \u0219i Ilfov unde te po\u021bi r\u0103cori vara aceasta (II)\"}]},{\"@type\":\"WebSite\",\"@id\":\"https:\\\/\\\/buletin.de\\\/bucuresti\\\/#website\",\"url\":\"https:\\\/\\\/buletin.de\\\/bucuresti\\\/\",\"name\":\"Buletin de Bucure\u0219ti\",\"description\":\"\u0218tiri \u0219i investiga\u021bii esen\u021biale din capital\u0103\",\"publisher\":{\"@id\":\"https:\\\/\\\/buletin.de\\\/bucuresti\\\/#organization\"},\"potentialAction\":[{\"@type\":\"SearchAction\",\"target\":{\"@type\":\"EntryPoint\",\"urlTemplate\":\"https:\\\/\\\/buletin.de\\\/bucuresti\\\/?s={search_term_string}\"},\"query-input\":{\"@type\":\"PropertyValueSpecification\",\"valueRequired\":true,\"valueName\":\"search_term_string\"}}],\"inLanguage\":\"en-GB\"},{\"@type\":\"Organization\",\"@id\":\"https:\\\/\\\/buletin.de\\\/bucuresti\\\/#organization\",\"name\":\"Buletin de Bucure\u0219ti\",\"url\":\"https:\\\/\\\/buletin.de\\\/bucuresti\\\/\",\"logo\":{\"@type\":\"ImageObject\",\"inLanguage\":\"en-GB\",\"@id\":\"https:\\\/\\\/buletin.de\\\/bucuresti\\\/#\\\/schema\\\/logo\\\/image\\\/\",\"url\":\"https:\\\/\\\/buletin.de\\\/bucuresti\\\/wp-content\\\/uploads\\\/logo-bdb-full-wide-vernil-transparent.png\",\"contentUrl\":\"https:\\\/\\\/buletin.de\\\/bucuresti\\\/wp-content\\\/uploads\\\/logo-bdb-full-wide-vernil-transparent.png\",\"width\":1782,\"height\":626,\"caption\":\"Buletin de Bucure\u0219ti\"},\"image\":{\"@id\":\"https:\\\/\\\/buletin.de\\\/bucuresti\\\/#\\\/schema\\\/logo\\\/image\\\/\"},\"sameAs\":[\"https:\\\/\\\/www.facebook.com\\\/buletin.de.buc\",\"https:\\\/\\\/www.instagram.com\\\/buletinde.bucuresti\\\/\"]},{\"@type\":\"Person\",\"@id\":\"https:\\\/\\\/buletin.de\\\/bucuresti\\\/#\\\/schema\\\/person\\\/0ac9db30080482be87c7386a30f98796\",\"name\":\"C\u0103t\u0103lin Anghel-Dimache\",\"image\":{\"@type\":\"ImageObject\",\"inLanguage\":\"en-GB\",\"@id\":\"https:\\\/\\\/buletin.de\\\/bucuresti\\\/wp-content\\\/uploads\\\/Catalin-Anghel-Dimache-96x96.jpgbd9e43c5b25186d5b8e917ac61ad86c4\",\"url\":\"https:\\\/\\\/buletin.de\\\/bucuresti\\\/wp-content\\\/uploads\\\/Catalin-Anghel-Dimache-96x96.jpg\",\"contentUrl\":\"https:\\\/\\\/buletin.de\\\/bucuresti\\\/wp-content\\\/uploads\\\/Catalin-Anghel-Dimache-96x96.jpg\",\"caption\":\"C\u0103t\u0103lin Anghel-Dimache\"},\"description\":\"A absolvit Facultatea de Jurnalism \u0219i \u0218tiin\u021bele Comunic\u0103rii a Universit\u0103\u021bii din Bucure\u0219ti \u00een 2024. Scrie despre mediu \u0219i teme sociale, dar \u0219i despre cum se reflect\u0103 ele \u00een via\u021ba cotidian\u0103 a bucure\u0219tenilor, cu un ochi atent la pove\u0219tile personale din spatele titlurilor. N\u0103scut \u0219i crescut \u00een Bucure\u0219ti, a f\u0103cut un pas c\u0103tre presa local\u0103, din pasiune pentru ora\u0219ul s\u0103u \u0219i oamenii din el.\",\"url\":\"https:\\\/\\\/buletin.de\\\/bucuresti\\\/author\\\/catalin-anghel-dimache\\\/\"}]}<\/script>\n<!-- \/ Yoast SEO Premium plugin. -->","yoast_head_json":{"title":"12 piscine din Bucure\u0219ti \u0219i Ilfov unde te po\u021bi r\u0103cori vara aceasta (II) - Buletin de Bucure\u0219ti","description":"De la \u0219tranduri care \u00ee\u021bi aduc aminte de copil\u0103rie, la piscine pe malul lacului: piscine din Bucure\u0219ti \u0219i Ilfov.","robots":{"index":"index","follow":"follow","max-snippet":"max-snippet:-1","max-image-preview":"max-image-preview:large","max-video-preview":"max-video-preview:-1"},"canonical":"https:\/\/buletin.de\/bucuresti\/12-piscine-din-bucuresti-si-ilfov-unde-te-poti-racori-vara-aceasta-ii\/","og_locale":"en_GB","og_type":"article","og_title":"12 piscine din Bucure\u0219ti \u0219i Ilfov unde te po\u021bi r\u0103cori vara aceasta (II)","og_description":"De la \u0219tranduri care \u00ee\u021bi aduc aminte de copil\u0103rie, la piscine pe malul lacului: piscine din Bucure\u0219ti \u0219i Ilfov.","og_url":"https:\/\/buletin.de\/bucuresti\/12-piscine-din-bucuresti-si-ilfov-unde-te-poti-racori-vara-aceasta-ii\/","og_site_name":"Buletin de Bucure\u0219ti","article_publisher":"https:\/\/www.facebook.com\/buletin.de.buc","article_published_time":"2024-06-25T02:53:34+00:00","article_modified_time":"2024-10-08T09:17:17+00:00","og_image":[{"width":1500,"height":1200,"url":"https:\/\/buletin.de\/bucuresti\/wp-content\/uploads\/cpvqb3q_asc.jpg","type":"image\/jpeg"}],"author":"C\u0103t\u0103lin Anghel-Dimache","twitter_card":"summary_large_image","twitter_misc":{"Written by":"C\u0103t\u0103lin Anghel-Dimache","Estimated reading time":"9 minutes"},"schema":{"@context":"https:\/\/schema.org","@graph":[{"@type":"Article","@id":"https:\/\/buletin.de\/bucuresti\/12-piscine-din-bucuresti-si-ilfov-unde-te-poti-racori-vara-aceasta-ii\/#article","isPartOf":{"@id":"https:\/\/buletin.de\/bucuresti\/12-piscine-din-bucuresti-si-ilfov-unde-te-poti-racori-vara-aceasta-ii\/"},"author":{"name":"C\u0103t\u0103lin Anghel-Dimache","@id":"https:\/\/buletin.de\/bucuresti\/#\/schema\/person\/0ac9db30080482be87c7386a30f98796"},"headline":"12 piscine din Bucure\u0219ti \u0219i Ilfov unde te po\u021bi r\u0103cori vara aceasta (II)","datePublished":"2024-06-25T02:53:34+00:00","dateModified":"2024-10-08T09:17:17+00:00","mainEntityOfPage":{"@id":"https:\/\/buletin.de\/bucuresti\/12-piscine-din-bucuresti-si-ilfov-unde-te-poti-racori-vara-aceasta-ii\/"},"wordCount":1447,"publisher":{"@id":"https:\/\/buletin.de\/bucuresti\/#organization"},"image":{"@id":"https:\/\/buletin.de\/bucuresti\/12-piscine-din-bucuresti-si-ilfov-unde-te-poti-racori-vara-aceasta-ii\/#primaryimage"},"thumbnailUrl":"https:\/\/buletin.de\/bucuresti\/wp-content\/uploads\/cpvqb3q_asc.jpg","keywords":["capitala piscina","distractie apa bucuresti","piscina bucuresti","piscine bucure\u0219ti","piscine ilfov","preturi piscine bucuresti","strand bucuresti","water park bucuresti"],"articleSection":["Articole","Main"],"inLanguage":"en-GB","copyrightYear":"2024","copyrightHolder":{"@id":"https:\/\/buletin.de\/bucuresti\/#organization"}},{"@type":"WebPage","@id":"https:\/\/buletin.de\/bucuresti\/12-piscine-din-bucuresti-si-ilfov-unde-te-poti-racori-vara-aceasta-ii\/","url":"https:\/\/buletin.de\/bucuresti\/12-piscine-din-bucuresti-si-ilfov-unde-te-poti-racori-vara-aceasta-ii\/","name":"12 piscine din Bucure\u0219ti \u0219i Ilfov unde te po\u021bi r\u0103cori vara aceasta (II) - Buletin de Bucure\u0219ti","isPartOf":{"@id":"https:\/\/buletin.de\/bucuresti\/#website"},"primaryImageOfPage":{"@id":"https:\/\/buletin.de\/bucuresti\/12-piscine-din-bucuresti-si-ilfov-unde-te-poti-racori-vara-aceasta-ii\/#primaryimage"},"image":{"@id":"https:\/\/buletin.de\/bucuresti\/12-piscine-din-bucuresti-si-ilfov-unde-te-poti-racori-vara-aceasta-ii\/#primaryimage"},"thumbnailUrl":"https:\/\/buletin.de\/bucuresti\/wp-content\/uploads\/cpvqb3q_asc.jpg","datePublished":"2024-06-25T02:53:34+00:00","dateModified":"2024-10-08T09:17:17+00:00","description":"De la \u0219tranduri care \u00ee\u021bi aduc aminte de copil\u0103rie, la piscine pe malul lacului: piscine din Bucure\u0219ti \u0219i Ilfov.","breadcrumb":{"@id":"https:\/\/buletin.de\/bucuresti\/12-piscine-din-bucuresti-si-ilfov-unde-te-poti-racori-vara-aceasta-ii\/#breadcrumb"},"inLanguage":"en-GB","potentialAction":[{"@type":"ReadAction","target":["https:\/\/buletin.de\/bucuresti\/12-piscine-din-bucuresti-si-ilfov-unde-te-poti-racori-vara-aceasta-ii\/"]}]},{"@type":"ImageObject","inLanguage":"en-GB","@id":"https:\/\/buletin.de\/bucuresti\/12-piscine-din-bucuresti-si-ilfov-unde-te-poti-racori-vara-aceasta-ii\/#primaryimage","url":"https:\/\/buletin.de\/bucuresti\/wp-content\/uploads\/cpvqb3q_asc.jpg","contentUrl":"https:\/\/buletin.de\/bucuresti\/wp-content\/uploads\/cpvqb3q_asc.jpg","width":1500,"height":1200,"caption":"Piscine din Bucure\u0219ti \u0219i Ilfov. Photo by Arturo Rivera"},{"@type":"BreadcrumbList","@id":"https:\/\/buletin.de\/bucuresti\/12-piscine-din-bucuresti-si-ilfov-unde-te-poti-racori-vara-aceasta-ii\/#breadcrumb","itemListElement":[{"@type":"ListItem","position":1,"name":"Acas\u0103","item":"https:\/\/buletin.de\/bucuresti\/"},{"@type":"ListItem","position":2,"name":"12 piscine din Bucure\u0219ti \u0219i Ilfov unde te po\u021bi r\u0103cori vara aceasta (II)"}]},{"@type":"WebSite","@id":"https:\/\/buletin.de\/bucuresti\/#website","url":"https:\/\/buletin.de\/bucuresti\/","name":"Buletin de Bucure\u0219ti","description":"\u0218tiri \u0219i investiga\u021bii esen\u021biale din capital\u0103","publisher":{"@id":"https:\/\/buletin.de\/bucuresti\/#organization"},"potentialAction":[{"@type":"SearchAction","target":{"@type":"EntryPoint","urlTemplate":"https:\/\/buletin.de\/bucuresti\/?s={search_term_string}"},"query-input":{"@type":"PropertyValueSpecification","valueRequired":true,"valueName":"search_term_string"}}],"inLanguage":"en-GB"},{"@type":"Organization","@id":"https:\/\/buletin.de\/bucuresti\/#organization","name":"Buletin de Bucure\u0219ti","url":"https:\/\/buletin.de\/bucuresti\/","logo":{"@type":"ImageObject","inLanguage":"en-GB","@id":"https:\/\/buletin.de\/bucuresti\/#\/schema\/logo\/image\/","url":"https:\/\/buletin.de\/bucuresti\/wp-content\/uploads\/logo-bdb-full-wide-vernil-transparent.png","contentUrl":"https:\/\/buletin.de\/bucuresti\/wp-content\/uploads\/logo-bdb-full-wide-vernil-transparent.png","width":1782,"height":626,"caption":"Buletin de Bucure\u0219ti"},"image":{"@id":"https:\/\/buletin.de\/bucuresti\/#\/schema\/logo\/image\/"},"sameAs":["https:\/\/www.facebook.com\/buletin.de.buc","https:\/\/www.instagram.com\/buletinde.bucuresti\/"]},{"@type":"Person","@id":"https:\/\/buletin.de\/bucuresti\/#\/schema\/person\/0ac9db30080482be87c7386a30f98796","name":"C\u0103t\u0103lin Anghel-Dimache","image":{"@type":"ImageObject","inLanguage":"en-GB","@id":"https:\/\/buletin.de\/bucuresti\/wp-content\/uploads\/Catalin-Anghel-Dimache-96x96.jpgbd9e43c5b25186d5b8e917ac61ad86c4","url":"https:\/\/buletin.de\/bucuresti\/wp-content\/uploads\/Catalin-Anghel-Dimache-96x96.jpg","contentUrl":"https:\/\/buletin.de\/bucuresti\/wp-content\/uploads\/Catalin-Anghel-Dimache-96x96.jpg","caption":"C\u0103t\u0103lin Anghel-Dimache"},"description":"A absolvit Facultatea de Jurnalism \u0219i \u0218tiin\u021bele Comunic\u0103rii a Universit\u0103\u021bii din Bucure\u0219ti \u00een 2024. Scrie despre mediu \u0219i teme sociale, dar \u0219i despre cum se reflect\u0103 ele \u00een via\u021ba cotidian\u0103 a bucure\u0219tenilor, cu un ochi atent la pove\u0219tile personale din spatele titlurilor. N\u0103scut \u0219i crescut \u00een Bucure\u0219ti, a f\u0103cut un pas c\u0103tre presa local\u0103, din pasiune pentru ora\u0219ul s\u0103u \u0219i oamenii din el.","url":"https:\/\/buletin.de\/bucuresti\/author\/catalin-anghel-dimache\/"}]}},"authors":[{"term_id":22572,"user_id":59,"is_guest":0,"slug":"catalin-anghel-dimache","display_name":"C\u0103t\u0103lin Anghel-Dimache","avatar_url":"https:\/\/buletin.de\/bucuresti\/wp-content\/uploads\/Catalin-Anghel-Dimache-96x96.jpg","0":null,"1":"","2":"","3":"","4":"","5":"","6":"","7":"","8":""}],"_links":{"self":[{"href":"https:\/\/buletin.de\/bucuresti\/wp-json\/wp\/v2\/posts\/89051","targetHints":{"allow":["GET"]}}],"collection":[{"href":"https:\/\/buletin.de\/bucuresti\/wp-json\/wp\/v2\/posts"}],"about":[{"href":"https:\/\/buletin.de\/bucuresti\/wp-json\/wp\/v2\/types\/post"}],"author":[{"embeddable":true,"href":"https:\/\/buletin.de\/bucuresti\/wp-json\/wp\/v2\/users\/59"}],"replies":[{"embeddable":true,"href":"https:\/\/buletin.de\/bucuresti\/wp-json\/wp\/v2\/comments?post=89051"}],"version-history":[{"count":4,"href":"https:\/\/buletin.de\/bucuresti\/wp-json\/wp\/v2\/posts\/89051\/revisions"}],"predecessor-version":[{"id":91808,"href":"https:\/\/buletin.de\/bucuresti\/wp-json\/wp\/v2\/posts\/89051\/revisions\/91808"}],"wp:featuredmedia":[{"embeddable":true,"href":"https:\/\/buletin.de\/bucuresti\/wp-json\/wp\/v2\/media\/89070"}],"wp:attachment":[{"href":"https:\/\/buletin.de\/bucuresti\/wp-json\/wp\/v2\/media?parent=89051"}],"wp:term":[{"taxonomy":"category","embeddable":true,"href":"https:\/\/buletin.de\/bucuresti\/wp-json\/wp\/v2\/categories?post=89051"},{"taxonomy":"post_tag","embeddable":true,"href":"https:\/\/buletin.de\/bucuresti\/wp-json\/wp\/v2\/tags?post=89051"},{"taxonomy":"author","embeddable":true,"href":"https:\/\/buletin.de\/bucuresti\/wp-json\/wp\/v2\/ppma_author?post=89051"}],"curies":[{"name":"wp","href":"https:\/\/api.w.org\/{rel}","templated":true}]}}