{"id":88842,"date":"2024-06-20T14:22:04","date_gmt":"2024-06-20T11:22:04","guid":{"rendered":"https:\/\/buletin.de\/bucuresti\/?p=88842"},"modified":"2024-06-20T14:22:04","modified_gmt":"2024-06-20T11:22:04","slug":"val-de-abandonuri-canine-in-bucuresti-si-imprejurimi-oamenii-nu-se-tem-nici-macar-de-amenzile-cu-cinci-cifre","status":"publish","type":"post","link":"https:\/\/buletin.de\/bucuresti\/val-de-abandonuri-canine-in-bucuresti-si-imprejurimi-oamenii-nu-se-tem-nici-macar-de-amenzile-cu-cinci-cifre\/","title":{"rendered":"Val de abandonuri canine \u00een Bucure\u015fti \u015fi \u00eemprejurimi. Oamenii nu se tem nici m\u0103car de amenzile cu cinci cifre"},"content":{"rendered":"\n<p><strong>Asocia\u021bia pentru Protec\u021bia Animaleleor trage un semnal de alarm\u0103 asupra num\u0103rului mare de c\u0103\u021bei abandona\u021bi, din ultima perioad\u0103. \u00cen ultimele 10 zile, din patrupedele l\u0103sate pe str\u0103zi, 56 au fost pui.<\/strong><\/p>\n\n\n\n<p>ASPA precizeaz\u0103 c\u0103, ieri, 19 iunie, doi pui au fost abandona\u021bi \u00een complexul Metav Biharia, din strada Biharia, Sector 1. Marca \u0219i culoarea ma\u0219inii din care au fost arunca\u021bi, se cunoa\u0219te, mai ales c\u0103 \u00een zon\u0103 sunt camere de supraveghere. Cei doi pui au fost du\u0219i la ASPA Bragadiru. Tot ieri, \u00een urma unei sesiz\u0103ri f\u0103cute de Poli\u021bia Local\u0103 a Sectorului 2, pe strada Gherghi\u021bei a fost capturat\u0103 o femel\u0103 \u00eempreun\u0103 cu \u0219apte pui, care au fost du\u0219i tot la ad\u0103postul ASPA Bragadiru. Puii vor fi da\u021bi spre adop\u021bie, iar mama va fi sterilizat\u0103.<\/p>\n\n\n\n<figure class=\"wp-block-gallery has-nested-images columns-default is-cropped wp-block-gallery-1 is-layout-flex wp-block-gallery-is-layout-flex\">\n<figure class=\"wp-block-image size-large\"><img fetchpriority=\"high\" decoding=\"async\" width=\"720\" height=\"900\" data-id=\"88848\" src=\"data:image\/gif;base64,R0lGODlhAQABAAAAACH5BAEKAAEALAAAAAABAAEAAAICTAEAOw==\" data-src=\"https:\/\/buletin.de\/bucuresti\/wp-content\/uploads\/448658045_817768623841610_842420587558619927_n-720x900.jpg\" alt=\"\" class=\"wp-image-88848 lazyload\" data-sizes=\"auto\" data-srcset=\"https:\/\/buletin.de\/bucuresti\/wp-content\/uploads\/448658045_817768623841610_842420587558619927_n-720x900.jpg 720w, https:\/\/buletin.de\/bucuresti\/wp-content\/uploads\/448658045_817768623841610_842420587558619927_n-240x300.jpg 240w, https:\/\/buletin.de\/bucuresti\/wp-content\/uploads\/448658045_817768623841610_842420587558619927_n-768x960.jpg 768w, https:\/\/buletin.de\/bucuresti\/wp-content\/uploads\/448658045_817768623841610_842420587558619927_n-1229x1536.jpg 1229w, https:\/\/buletin.de\/bucuresti\/wp-content\/uploads\/448658045_817768623841610_842420587558619927_n-1100x1375.jpg 1100w, https:\/\/buletin.de\/bucuresti\/wp-content\/uploads\/448658045_817768623841610_842420587558619927_n-600x750.jpg 600w, https:\/\/buletin.de\/bucuresti\/wp-content\/uploads\/448658045_817768623841610_842420587558619927_n-20x25.jpg 20w, https:\/\/buletin.de\/bucuresti\/wp-content\/uploads\/448658045_817768623841610_842420587558619927_n.jpg 1512w\" sizes=\"(max-width: 720px) 100vw, 720px\" \/><\/figure>\n\n\n\n<figure class=\"wp-block-image size-large\"><img decoding=\"async\" width=\"720\" height=\"900\" data-id=\"88851\" src=\"data:image\/gif;base64,R0lGODlhAQABAAAAACH5BAEKAAEALAAAAAABAAEAAAICTAEAOw==\" data-src=\"https:\/\/buletin.de\/bucuresti\/wp-content\/uploads\/448681358_817769303841542_116921874005601676_n-720x900.jpg\" alt=\"\" class=\"wp-image-88851 lazyload\" data-sizes=\"auto\" data-srcset=\"https:\/\/buletin.de\/bucuresti\/wp-content\/uploads\/448681358_817769303841542_116921874005601676_n-720x900.jpg 720w, https:\/\/buletin.de\/bucuresti\/wp-content\/uploads\/448681358_817769303841542_116921874005601676_n-240x300.jpg 240w, https:\/\/buletin.de\/bucuresti\/wp-content\/uploads\/448681358_817769303841542_116921874005601676_n-768x960.jpg 768w, https:\/\/buletin.de\/bucuresti\/wp-content\/uploads\/448681358_817769303841542_116921874005601676_n-1229x1536.jpg 1229w, https:\/\/buletin.de\/bucuresti\/wp-content\/uploads\/448681358_817769303841542_116921874005601676_n-1100x1375.jpg 1100w, https:\/\/buletin.de\/bucuresti\/wp-content\/uploads\/448681358_817769303841542_116921874005601676_n-600x750.jpg 600w, https:\/\/buletin.de\/bucuresti\/wp-content\/uploads\/448681358_817769303841542_116921874005601676_n-20x25.jpg 20w, https:\/\/buletin.de\/bucuresti\/wp-content\/uploads\/448681358_817769303841542_116921874005601676_n.jpg 1512w\" sizes=\"(max-width: 720px) 100vw, 720px\" \/><\/figure>\n\n\n\n<figure class=\"wp-block-image size-large\"><img decoding=\"async\" width=\"720\" height=\"900\" data-id=\"88849\" src=\"data:image\/gif;base64,R0lGODlhAQABAAAAACH5BAEKAAEALAAAAAABAAEAAAICTAEAOw==\" data-src=\"https:\/\/buletin.de\/bucuresti\/wp-content\/uploads\/448547769_817772330507906_479654481339931377_n-720x900.jpg\" alt=\"\" class=\"wp-image-88849 lazyload\" data-sizes=\"auto\" data-srcset=\"https:\/\/buletin.de\/bucuresti\/wp-content\/uploads\/448547769_817772330507906_479654481339931377_n-720x900.jpg 720w, https:\/\/buletin.de\/bucuresti\/wp-content\/uploads\/448547769_817772330507906_479654481339931377_n-240x300.jpg 240w, https:\/\/buletin.de\/bucuresti\/wp-content\/uploads\/448547769_817772330507906_479654481339931377_n-768x960.jpg 768w, https:\/\/buletin.de\/bucuresti\/wp-content\/uploads\/448547769_817772330507906_479654481339931377_n-1229x1536.jpg 1229w, https:\/\/buletin.de\/bucuresti\/wp-content\/uploads\/448547769_817772330507906_479654481339931377_n-1100x1375.jpg 1100w, https:\/\/buletin.de\/bucuresti\/wp-content\/uploads\/448547769_817772330507906_479654481339931377_n-600x750.jpg 600w, https:\/\/buletin.de\/bucuresti\/wp-content\/uploads\/448547769_817772330507906_479654481339931377_n-20x25.jpg 20w, https:\/\/buletin.de\/bucuresti\/wp-content\/uploads\/448547769_817772330507906_479654481339931377_n.jpg 1512w\" sizes=\"(max-width: 720px) 100vw, 720px\" \/><\/figure>\n\n\n\n<figure class=\"wp-block-image size-large\"><img loading=\"lazy\" decoding=\"async\" width=\"720\" height=\"900\" data-id=\"88847\" src=\"data:image\/gif;base64,R0lGODlhAQABAAAAACH5BAEKAAEALAAAAAABAAEAAAICTAEAOw==\" data-src=\"https:\/\/buletin.de\/bucuresti\/wp-content\/uploads\/448791810_817770093841463_8770288752400863470_n-720x900.jpg\" alt=\"\" class=\"wp-image-88847 lazyload\" data-sizes=\"auto\" data-srcset=\"https:\/\/buletin.de\/bucuresti\/wp-content\/uploads\/448791810_817770093841463_8770288752400863470_n-720x900.jpg 720w, https:\/\/buletin.de\/bucuresti\/wp-content\/uploads\/448791810_817770093841463_8770288752400863470_n-240x300.jpg 240w, https:\/\/buletin.de\/bucuresti\/wp-content\/uploads\/448791810_817770093841463_8770288752400863470_n-768x960.jpg 768w, https:\/\/buletin.de\/bucuresti\/wp-content\/uploads\/448791810_817770093841463_8770288752400863470_n-1229x1536.jpg 1229w, https:\/\/buletin.de\/bucuresti\/wp-content\/uploads\/448791810_817770093841463_8770288752400863470_n-1100x1375.jpg 1100w, https:\/\/buletin.de\/bucuresti\/wp-content\/uploads\/448791810_817770093841463_8770288752400863470_n-600x750.jpg 600w, https:\/\/buletin.de\/bucuresti\/wp-content\/uploads\/448791810_817770093841463_8770288752400863470_n-20x25.jpg 20w, https:\/\/buletin.de\/bucuresti\/wp-content\/uploads\/448791810_817770093841463_8770288752400863470_n.jpg 1512w\" sizes=\"(max-width: 720px) 100vw, 720px\" \/><\/figure>\n\n\n\n<figure class=\"wp-block-image size-large\"><img loading=\"lazy\" decoding=\"async\" width=\"720\" height=\"900\" data-id=\"88850\" src=\"data:image\/gif;base64,R0lGODlhAQABAAAAACH5BAEKAAEALAAAAAABAAEAAAICTAEAOw==\" data-src=\"https:\/\/buletin.de\/bucuresti\/wp-content\/uploads\/448609321_817771723841300_7646713468780259062_n-720x900.jpg\" alt=\"\" class=\"wp-image-88850 lazyload\" data-sizes=\"auto\" data-srcset=\"https:\/\/buletin.de\/bucuresti\/wp-content\/uploads\/448609321_817771723841300_7646713468780259062_n-720x900.jpg 720w, https:\/\/buletin.de\/bucuresti\/wp-content\/uploads\/448609321_817771723841300_7646713468780259062_n-240x300.jpg 240w, https:\/\/buletin.de\/bucuresti\/wp-content\/uploads\/448609321_817771723841300_7646713468780259062_n-768x960.jpg 768w, https:\/\/buletin.de\/bucuresti\/wp-content\/uploads\/448609321_817771723841300_7646713468780259062_n-1229x1536.jpg 1229w, https:\/\/buletin.de\/bucuresti\/wp-content\/uploads\/448609321_817771723841300_7646713468780259062_n-1100x1375.jpg 1100w, https:\/\/buletin.de\/bucuresti\/wp-content\/uploads\/448609321_817771723841300_7646713468780259062_n-600x750.jpg 600w, https:\/\/buletin.de\/bucuresti\/wp-content\/uploads\/448609321_817771723841300_7646713468780259062_n-20x25.jpg 20w, https:\/\/buletin.de\/bucuresti\/wp-content\/uploads\/448609321_817771723841300_7646713468780259062_n.jpg 1512w\" sizes=\"(max-width: 720px) 100vw, 720px\" \/><\/figure>\n<\/figure>\n\n\n\n<p>Serviciul pentru Protec\u021bia Animalelor din cadrul Direc\u021biei Generale de Poli\u021bie a Municipiului Bucure\u0219ti \u00eei va identifica \u0219i sanc\u021biona pe cei vinova\u021bi.<\/p>\n\n\n\n<p>Amenzile care se aplic\u0103 pentru abandonarea animalelor sunt cuprinse \u00eentre 3.000 \u0219i 12.000 de lei.<\/p>\n\n\n\n<p><strong>CITE\u0218TE \u0218I:<\/strong><\/p>\n\n\n\n<figure class=\"wp-block-embed is-type-wp-embed is-provider-buletin-de-bucure-ti wp-block-embed-buletin-de-bucure-ti\"><div class=\"wp-block-embed__wrapper\">\n<blockquote class=\"wp-embedded-content\" data-secret=\"uwsiSS1i9A\"><a href=\"https:\/\/buletin.de\/bucuresti\/targ-de-adoptii-la-art-safari-15-catei-in-cautarea-unui-camin\/\">T\u00e2rg de adop\u021bii la Art Safari. 15 c\u0103\u021bei, \u00een c\u0103utarea unui c\u0103min<\/a><\/blockquote><iframe class=\"wp-embedded-content\" sandbox=\"allow-scripts\" security=\"restricted\" style=\"position: absolute; clip: rect(1px, 1px, 1px, 1px);\" title=\"&#8220;T\u00e2rg de adop\u021bii la Art Safari. 15 c\u0103\u021bei, \u00een c\u0103utarea unui c\u0103min&#8221; &#8212; Buletin de Bucure\u0219ti\" src=\"https:\/\/buletin.de\/bucuresti\/targ-de-adoptii-la-art-safari-15-catei-in-cautarea-unui-camin\/embed\/#?secret=9OBU6JnixL#?secret=uwsiSS1i9A\" data-secret=\"uwsiSS1i9A\" width=\"600\" height=\"338\" frameborder=\"0\" marginwidth=\"0\" marginheight=\"0\" scrolling=\"no\"><\/iframe>\n<\/div><\/figure>\n","protected":false},"excerpt":{"rendered":"<p>Asocia\u021bia pentru Protec\u021bia Animaleleor trage un semnal de alarm\u0103 asupra num\u0103rului mare de c\u0103\u021bei abandona\u021bi, din ultima perioad\u0103. \u00cen ultimele 10 zile, din patrupedele l\u0103sate pe str\u0103zi, 56 au fost pui. ASPA precizeaz\u0103 c\u0103, ieri, 19 iunie, doi pui au fost abandona\u021bi \u00een complexul Metav Biharia, din strada Biharia, Sector 1. Marca \u0219i culoarea ma\u0219inii [&hellip;]<\/p>\n","protected":false},"author":49,"featured_media":88844,"comment_status":"closed","ping_status":"open","sticky":false,"template":"","format":"standard","meta":{"_acf_changed":false,"inline_featured_image":false,"ngg_post_thumbnail":0,"footnotes":""},"categories":[6994,62],"tags":[12908,3229,12909],"ppma_author":[22574],"class_list":["post-88842","post","type-post","status-publish","format-standard","has-post-thumbnail","hentry","category-stiri-2","category-stiri","tag-abandon-catei","tag-aspa","tag-aspa-bragadiru"],"acf":[],"yoast_head":"<!-- This site is optimized with the Yoast SEO Premium plugin v25.3 (Yoast SEO v27.5) - https:\/\/yoast.com\/product\/yoast-seo-premium-wordpress\/ -->\n<title>Val de abandonuri canine \u00een Bucure\u015fti \u015fi \u00eemprejurimi. Oamenii nu se tem nici m\u0103car de amenzile cu cinci cifre - Buletin de Bucure\u0219ti<\/title>\n<meta name=\"robots\" content=\"index, follow, max-snippet:-1, max-image-preview:large, max-video-preview:-1\" \/>\n<link rel=\"canonical\" href=\"https:\/\/buletin.de\/bucuresti\/val-de-abandonuri-canine-in-bucuresti-si-imprejurimi-oamenii-nu-se-tem-nici-macar-de-amenzile-cu-cinci-cifre\/\" \/>\n<meta property=\"og:locale\" content=\"en_GB\" \/>\n<meta property=\"og:type\" content=\"article\" \/>\n<meta property=\"og:title\" content=\"Val de abandonuri canine \u00een Bucure\u015fti \u015fi \u00eemprejurimi. Oamenii nu se tem nici m\u0103car de amenzile cu cinci cifre\" \/>\n<meta property=\"og:description\" content=\"Asocia\u021bia pentru Protec\u021bia Animaleleor trage un semnal de alarm\u0103 asupra num\u0103rului mare de c\u0103\u021bei abandona\u021bi, din ultima perioad\u0103. \u00cen ultimele 10 zile, din patrupedele l\u0103sate pe str\u0103zi, 56 au fost pui. ASPA precizeaz\u0103 c\u0103, ieri, 19 iunie, doi pui au fost abandona\u021bi \u00een complexul Metav Biharia, din strada Biharia, Sector 1. Marca \u0219i culoarea ma\u0219inii [&hellip;]\" \/>\n<meta property=\"og:url\" content=\"https:\/\/buletin.de\/bucuresti\/val-de-abandonuri-canine-in-bucuresti-si-imprejurimi-oamenii-nu-se-tem-nici-macar-de-amenzile-cu-cinci-cifre\/\" \/>\n<meta property=\"og:site_name\" content=\"Buletin de Bucure\u0219ti\" \/>\n<meta property=\"article:publisher\" content=\"https:\/\/www.facebook.com\/buletin.de.buc\" \/>\n<meta property=\"article:published_time\" content=\"2024-06-20T11:22:04+00:00\" \/>\n<meta property=\"og:image\" content=\"https:\/\/buletin.de\/bucuresti\/wp-content\/uploads\/448698519_817767957175010_5498566088342870110_n.jpg\" \/>\n\t<meta property=\"og:image:width\" content=\"1512\" \/>\n\t<meta property=\"og:image:height\" content=\"1890\" \/>\n\t<meta property=\"og:image:type\" content=\"image\/jpeg\" \/>\n<meta name=\"author\" content=\"Diana Matei\" \/>\n<meta name=\"twitter:card\" content=\"summary_large_image\" \/>\n<meta name=\"twitter:label1\" content=\"Written by\" \/>\n\t<meta name=\"twitter:data1\" content=\"Diana Matei\" \/>\n\t<meta name=\"twitter:label2\" content=\"Estimated reading time\" \/>\n\t<meta name=\"twitter:data2\" content=\"2 minutes\" \/>\n<script type=\"application\/ld+json\" class=\"yoast-schema-graph\">{\"@context\":\"https:\\\/\\\/schema.org\",\"@graph\":[{\"@type\":\"Article\",\"@id\":\"https:\\\/\\\/buletin.de\\\/bucuresti\\\/val-de-abandonuri-canine-in-bucuresti-si-imprejurimi-oamenii-nu-se-tem-nici-macar-de-amenzile-cu-cinci-cifre\\\/#article\",\"isPartOf\":{\"@id\":\"https:\\\/\\\/buletin.de\\\/bucuresti\\\/val-de-abandonuri-canine-in-bucuresti-si-imprejurimi-oamenii-nu-se-tem-nici-macar-de-amenzile-cu-cinci-cifre\\\/\"},\"author\":{\"name\":\"Diana Matei\",\"@id\":\"https:\\\/\\\/buletin.de\\\/bucuresti\\\/#\\\/schema\\\/person\\\/7e46040573290777280a0835d81ea4ea\"},\"headline\":\"Val de abandonuri canine \u00een Bucure\u015fti \u015fi \u00eemprejurimi. Oamenii nu se tem nici m\u0103car de amenzile cu cinci cifre\",\"datePublished\":\"2024-06-20T11:22:04+00:00\",\"mainEntityOfPage\":{\"@id\":\"https:\\\/\\\/buletin.de\\\/bucuresti\\\/val-de-abandonuri-canine-in-bucuresti-si-imprejurimi-oamenii-nu-se-tem-nici-macar-de-amenzile-cu-cinci-cifre\\\/\"},\"wordCount\":210,\"publisher\":{\"@id\":\"https:\\\/\\\/buletin.de\\\/bucuresti\\\/#organization\"},\"image\":{\"@id\":\"https:\\\/\\\/buletin.de\\\/bucuresti\\\/val-de-abandonuri-canine-in-bucuresti-si-imprejurimi-oamenii-nu-se-tem-nici-macar-de-amenzile-cu-cinci-cifre\\\/#primaryimage\"},\"thumbnailUrl\":\"https:\\\/\\\/buletin.de\\\/bucuresti\\\/wp-content\\\/uploads\\\/448698519_817767957175010_5498566088342870110_n.jpg\",\"keywords\":[\"abandon catei\",\"aspa\",\"ASPA Bragadiru\"],\"articleSection\":[\"Articole\",\"\u0218tiri\"],\"inLanguage\":\"en-GB\",\"copyrightYear\":\"2024\",\"copyrightHolder\":{\"@id\":\"https:\\\/\\\/buletin.de\\\/bucuresti\\\/#organization\"}},{\"@type\":\"WebPage\",\"@id\":\"https:\\\/\\\/buletin.de\\\/bucuresti\\\/val-de-abandonuri-canine-in-bucuresti-si-imprejurimi-oamenii-nu-se-tem-nici-macar-de-amenzile-cu-cinci-cifre\\\/\",\"url\":\"https:\\\/\\\/buletin.de\\\/bucuresti\\\/val-de-abandonuri-canine-in-bucuresti-si-imprejurimi-oamenii-nu-se-tem-nici-macar-de-amenzile-cu-cinci-cifre\\\/\",\"name\":\"Val de abandonuri canine \u00een Bucure\u015fti \u015fi \u00eemprejurimi. Oamenii nu se tem nici m\u0103car de amenzile cu cinci cifre - Buletin de Bucure\u0219ti\",\"isPartOf\":{\"@id\":\"https:\\\/\\\/buletin.de\\\/bucuresti\\\/#website\"},\"primaryImageOfPage\":{\"@id\":\"https:\\\/\\\/buletin.de\\\/bucuresti\\\/val-de-abandonuri-canine-in-bucuresti-si-imprejurimi-oamenii-nu-se-tem-nici-macar-de-amenzile-cu-cinci-cifre\\\/#primaryimage\"},\"image\":{\"@id\":\"https:\\\/\\\/buletin.de\\\/bucuresti\\\/val-de-abandonuri-canine-in-bucuresti-si-imprejurimi-oamenii-nu-se-tem-nici-macar-de-amenzile-cu-cinci-cifre\\\/#primaryimage\"},\"thumbnailUrl\":\"https:\\\/\\\/buletin.de\\\/bucuresti\\\/wp-content\\\/uploads\\\/448698519_817767957175010_5498566088342870110_n.jpg\",\"datePublished\":\"2024-06-20T11:22:04+00:00\",\"breadcrumb\":{\"@id\":\"https:\\\/\\\/buletin.de\\\/bucuresti\\\/val-de-abandonuri-canine-in-bucuresti-si-imprejurimi-oamenii-nu-se-tem-nici-macar-de-amenzile-cu-cinci-cifre\\\/#breadcrumb\"},\"inLanguage\":\"en-GB\",\"potentialAction\":[{\"@type\":\"ReadAction\",\"target\":[\"https:\\\/\\\/buletin.de\\\/bucuresti\\\/val-de-abandonuri-canine-in-bucuresti-si-imprejurimi-oamenii-nu-se-tem-nici-macar-de-amenzile-cu-cinci-cifre\\\/\"]}]},{\"@type\":\"ImageObject\",\"inLanguage\":\"en-GB\",\"@id\":\"https:\\\/\\\/buletin.de\\\/bucuresti\\\/val-de-abandonuri-canine-in-bucuresti-si-imprejurimi-oamenii-nu-se-tem-nici-macar-de-amenzile-cu-cinci-cifre\\\/#primaryimage\",\"url\":\"https:\\\/\\\/buletin.de\\\/bucuresti\\\/wp-content\\\/uploads\\\/448698519_817767957175010_5498566088342870110_n.jpg\",\"contentUrl\":\"https:\\\/\\\/buletin.de\\\/bucuresti\\\/wp-content\\\/uploads\\\/448698519_817767957175010_5498566088342870110_n.jpg\",\"width\":1512,\"height\":1890,\"caption\":\"FOTO: ASPA\"},{\"@type\":\"BreadcrumbList\",\"@id\":\"https:\\\/\\\/buletin.de\\\/bucuresti\\\/val-de-abandonuri-canine-in-bucuresti-si-imprejurimi-oamenii-nu-se-tem-nici-macar-de-amenzile-cu-cinci-cifre\\\/#breadcrumb\",\"itemListElement\":[{\"@type\":\"ListItem\",\"position\":1,\"name\":\"Acas\u0103\",\"item\":\"https:\\\/\\\/buletin.de\\\/bucuresti\\\/\"},{\"@type\":\"ListItem\",\"position\":2,\"name\":\"Val de abandonuri canine \u00een Bucure\u015fti \u015fi \u00eemprejurimi. Oamenii nu se tem nici m\u0103car de amenzile cu cinci cifre\"}]},{\"@type\":\"WebSite\",\"@id\":\"https:\\\/\\\/buletin.de\\\/bucuresti\\\/#website\",\"url\":\"https:\\\/\\\/buletin.de\\\/bucuresti\\\/\",\"name\":\"Buletin de Bucure\u0219ti\",\"description\":\"\u0218tiri \u0219i investiga\u021bii esen\u021biale din capital\u0103\",\"publisher\":{\"@id\":\"https:\\\/\\\/buletin.de\\\/bucuresti\\\/#organization\"},\"potentialAction\":[{\"@type\":\"SearchAction\",\"target\":{\"@type\":\"EntryPoint\",\"urlTemplate\":\"https:\\\/\\\/buletin.de\\\/bucuresti\\\/?s={search_term_string}\"},\"query-input\":{\"@type\":\"PropertyValueSpecification\",\"valueRequired\":true,\"valueName\":\"search_term_string\"}}],\"inLanguage\":\"en-GB\"},{\"@type\":\"Organization\",\"@id\":\"https:\\\/\\\/buletin.de\\\/bucuresti\\\/#organization\",\"name\":\"Buletin de Bucure\u0219ti\",\"url\":\"https:\\\/\\\/buletin.de\\\/bucuresti\\\/\",\"logo\":{\"@type\":\"ImageObject\",\"inLanguage\":\"en-GB\",\"@id\":\"https:\\\/\\\/buletin.de\\\/bucuresti\\\/#\\\/schema\\\/logo\\\/image\\\/\",\"url\":\"https:\\\/\\\/buletin.de\\\/bucuresti\\\/wp-content\\\/uploads\\\/logo-bdb-full-wide-vernil-transparent.png\",\"contentUrl\":\"https:\\\/\\\/buletin.de\\\/bucuresti\\\/wp-content\\\/uploads\\\/logo-bdb-full-wide-vernil-transparent.png\",\"width\":1782,\"height\":626,\"caption\":\"Buletin de Bucure\u0219ti\"},\"image\":{\"@id\":\"https:\\\/\\\/buletin.de\\\/bucuresti\\\/#\\\/schema\\\/logo\\\/image\\\/\"},\"sameAs\":[\"https:\\\/\\\/www.facebook.com\\\/buletin.de.buc\",\"https:\\\/\\\/www.instagram.com\\\/buletinde.bucuresti\\\/\"]},{\"@type\":\"Person\",\"@id\":\"https:\\\/\\\/buletin.de\\\/bucuresti\\\/#\\\/schema\\\/person\\\/7e46040573290777280a0835d81ea4ea\",\"name\":\"Diana Matei\",\"image\":{\"@type\":\"ImageObject\",\"inLanguage\":\"en-GB\",\"@id\":\"https:\\\/\\\/buletin.de\\\/bucuresti\\\/wp-content\\\/uploads\\\/9-2-96x96.jpg1e8590b30871d70e62ebcdaf2eff570c\",\"url\":\"https:\\\/\\\/buletin.de\\\/bucuresti\\\/wp-content\\\/uploads\\\/9-2-96x96.jpg\",\"contentUrl\":\"https:\\\/\\\/buletin.de\\\/bucuresti\\\/wp-content\\\/uploads\\\/9-2-96x96.jpg\",\"caption\":\"Diana Matei\"},\"url\":\"https:\\\/\\\/buletin.de\\\/bucuresti\\\/author\\\/dianamatei\\\/\"}]}<\/script>\n<!-- \/ Yoast SEO Premium plugin. -->","yoast_head_json":{"title":"Val de abandonuri canine \u00een Bucure\u015fti \u015fi \u00eemprejurimi. Oamenii nu se tem nici m\u0103car de amenzile cu cinci cifre - Buletin de Bucure\u0219ti","robots":{"index":"index","follow":"follow","max-snippet":"max-snippet:-1","max-image-preview":"max-image-preview:large","max-video-preview":"max-video-preview:-1"},"canonical":"https:\/\/buletin.de\/bucuresti\/val-de-abandonuri-canine-in-bucuresti-si-imprejurimi-oamenii-nu-se-tem-nici-macar-de-amenzile-cu-cinci-cifre\/","og_locale":"en_GB","og_type":"article","og_title":"Val de abandonuri canine \u00een Bucure\u015fti \u015fi \u00eemprejurimi. Oamenii nu se tem nici m\u0103car de amenzile cu cinci cifre","og_description":"Asocia\u021bia pentru Protec\u021bia Animaleleor trage un semnal de alarm\u0103 asupra num\u0103rului mare de c\u0103\u021bei abandona\u021bi, din ultima perioad\u0103. \u00cen ultimele 10 zile, din patrupedele l\u0103sate pe str\u0103zi, 56 au fost pui. ASPA precizeaz\u0103 c\u0103, ieri, 19 iunie, doi pui au fost abandona\u021bi \u00een complexul Metav Biharia, din strada Biharia, Sector 1. Marca \u0219i culoarea ma\u0219inii [&hellip;]","og_url":"https:\/\/buletin.de\/bucuresti\/val-de-abandonuri-canine-in-bucuresti-si-imprejurimi-oamenii-nu-se-tem-nici-macar-de-amenzile-cu-cinci-cifre\/","og_site_name":"Buletin de Bucure\u0219ti","article_publisher":"https:\/\/www.facebook.com\/buletin.de.buc","article_published_time":"2024-06-20T11:22:04+00:00","og_image":[{"width":1512,"height":1890,"url":"https:\/\/buletin.de\/bucuresti\/wp-content\/uploads\/448698519_817767957175010_5498566088342870110_n.jpg","type":"image\/jpeg"}],"author":"Diana Matei","twitter_card":"summary_large_image","twitter_misc":{"Written by":"Diana Matei","Estimated reading time":"2 minutes"},"schema":{"@context":"https:\/\/schema.org","@graph":[{"@type":"Article","@id":"https:\/\/buletin.de\/bucuresti\/val-de-abandonuri-canine-in-bucuresti-si-imprejurimi-oamenii-nu-se-tem-nici-macar-de-amenzile-cu-cinci-cifre\/#article","isPartOf":{"@id":"https:\/\/buletin.de\/bucuresti\/val-de-abandonuri-canine-in-bucuresti-si-imprejurimi-oamenii-nu-se-tem-nici-macar-de-amenzile-cu-cinci-cifre\/"},"author":{"name":"Diana Matei","@id":"https:\/\/buletin.de\/bucuresti\/#\/schema\/person\/7e46040573290777280a0835d81ea4ea"},"headline":"Val de abandonuri canine \u00een Bucure\u015fti \u015fi \u00eemprejurimi. Oamenii nu se tem nici m\u0103car de amenzile cu cinci cifre","datePublished":"2024-06-20T11:22:04+00:00","mainEntityOfPage":{"@id":"https:\/\/buletin.de\/bucuresti\/val-de-abandonuri-canine-in-bucuresti-si-imprejurimi-oamenii-nu-se-tem-nici-macar-de-amenzile-cu-cinci-cifre\/"},"wordCount":210,"publisher":{"@id":"https:\/\/buletin.de\/bucuresti\/#organization"},"image":{"@id":"https:\/\/buletin.de\/bucuresti\/val-de-abandonuri-canine-in-bucuresti-si-imprejurimi-oamenii-nu-se-tem-nici-macar-de-amenzile-cu-cinci-cifre\/#primaryimage"},"thumbnailUrl":"https:\/\/buletin.de\/bucuresti\/wp-content\/uploads\/448698519_817767957175010_5498566088342870110_n.jpg","keywords":["abandon catei","aspa","ASPA Bragadiru"],"articleSection":["Articole","\u0218tiri"],"inLanguage":"en-GB","copyrightYear":"2024","copyrightHolder":{"@id":"https:\/\/buletin.de\/bucuresti\/#organization"}},{"@type":"WebPage","@id":"https:\/\/buletin.de\/bucuresti\/val-de-abandonuri-canine-in-bucuresti-si-imprejurimi-oamenii-nu-se-tem-nici-macar-de-amenzile-cu-cinci-cifre\/","url":"https:\/\/buletin.de\/bucuresti\/val-de-abandonuri-canine-in-bucuresti-si-imprejurimi-oamenii-nu-se-tem-nici-macar-de-amenzile-cu-cinci-cifre\/","name":"Val de abandonuri canine \u00een Bucure\u015fti \u015fi \u00eemprejurimi. Oamenii nu se tem nici m\u0103car de amenzile cu cinci cifre - Buletin de Bucure\u0219ti","isPartOf":{"@id":"https:\/\/buletin.de\/bucuresti\/#website"},"primaryImageOfPage":{"@id":"https:\/\/buletin.de\/bucuresti\/val-de-abandonuri-canine-in-bucuresti-si-imprejurimi-oamenii-nu-se-tem-nici-macar-de-amenzile-cu-cinci-cifre\/#primaryimage"},"image":{"@id":"https:\/\/buletin.de\/bucuresti\/val-de-abandonuri-canine-in-bucuresti-si-imprejurimi-oamenii-nu-se-tem-nici-macar-de-amenzile-cu-cinci-cifre\/#primaryimage"},"thumbnailUrl":"https:\/\/buletin.de\/bucuresti\/wp-content\/uploads\/448698519_817767957175010_5498566088342870110_n.jpg","datePublished":"2024-06-20T11:22:04+00:00","breadcrumb":{"@id":"https:\/\/buletin.de\/bucuresti\/val-de-abandonuri-canine-in-bucuresti-si-imprejurimi-oamenii-nu-se-tem-nici-macar-de-amenzile-cu-cinci-cifre\/#breadcrumb"},"inLanguage":"en-GB","potentialAction":[{"@type":"ReadAction","target":["https:\/\/buletin.de\/bucuresti\/val-de-abandonuri-canine-in-bucuresti-si-imprejurimi-oamenii-nu-se-tem-nici-macar-de-amenzile-cu-cinci-cifre\/"]}]},{"@type":"ImageObject","inLanguage":"en-GB","@id":"https:\/\/buletin.de\/bucuresti\/val-de-abandonuri-canine-in-bucuresti-si-imprejurimi-oamenii-nu-se-tem-nici-macar-de-amenzile-cu-cinci-cifre\/#primaryimage","url":"https:\/\/buletin.de\/bucuresti\/wp-content\/uploads\/448698519_817767957175010_5498566088342870110_n.jpg","contentUrl":"https:\/\/buletin.de\/bucuresti\/wp-content\/uploads\/448698519_817767957175010_5498566088342870110_n.jpg","width":1512,"height":1890,"caption":"FOTO: ASPA"},{"@type":"BreadcrumbList","@id":"https:\/\/buletin.de\/bucuresti\/val-de-abandonuri-canine-in-bucuresti-si-imprejurimi-oamenii-nu-se-tem-nici-macar-de-amenzile-cu-cinci-cifre\/#breadcrumb","itemListElement":[{"@type":"ListItem","position":1,"name":"Acas\u0103","item":"https:\/\/buletin.de\/bucuresti\/"},{"@type":"ListItem","position":2,"name":"Val de abandonuri canine \u00een Bucure\u015fti \u015fi \u00eemprejurimi. Oamenii nu se tem nici m\u0103car de amenzile cu cinci cifre"}]},{"@type":"WebSite","@id":"https:\/\/buletin.de\/bucuresti\/#website","url":"https:\/\/buletin.de\/bucuresti\/","name":"Buletin de Bucure\u0219ti","description":"\u0218tiri \u0219i investiga\u021bii esen\u021biale din capital\u0103","publisher":{"@id":"https:\/\/buletin.de\/bucuresti\/#organization"},"potentialAction":[{"@type":"SearchAction","target":{"@type":"EntryPoint","urlTemplate":"https:\/\/buletin.de\/bucuresti\/?s={search_term_string}"},"query-input":{"@type":"PropertyValueSpecification","valueRequired":true,"valueName":"search_term_string"}}],"inLanguage":"en-GB"},{"@type":"Organization","@id":"https:\/\/buletin.de\/bucuresti\/#organization","name":"Buletin de Bucure\u0219ti","url":"https:\/\/buletin.de\/bucuresti\/","logo":{"@type":"ImageObject","inLanguage":"en-GB","@id":"https:\/\/buletin.de\/bucuresti\/#\/schema\/logo\/image\/","url":"https:\/\/buletin.de\/bucuresti\/wp-content\/uploads\/logo-bdb-full-wide-vernil-transparent.png","contentUrl":"https:\/\/buletin.de\/bucuresti\/wp-content\/uploads\/logo-bdb-full-wide-vernil-transparent.png","width":1782,"height":626,"caption":"Buletin de Bucure\u0219ti"},"image":{"@id":"https:\/\/buletin.de\/bucuresti\/#\/schema\/logo\/image\/"},"sameAs":["https:\/\/www.facebook.com\/buletin.de.buc","https:\/\/www.instagram.com\/buletinde.bucuresti\/"]},{"@type":"Person","@id":"https:\/\/buletin.de\/bucuresti\/#\/schema\/person\/7e46040573290777280a0835d81ea4ea","name":"Diana Matei","image":{"@type":"ImageObject","inLanguage":"en-GB","@id":"https:\/\/buletin.de\/bucuresti\/wp-content\/uploads\/9-2-96x96.jpg1e8590b30871d70e62ebcdaf2eff570c","url":"https:\/\/buletin.de\/bucuresti\/wp-content\/uploads\/9-2-96x96.jpg","contentUrl":"https:\/\/buletin.de\/bucuresti\/wp-content\/uploads\/9-2-96x96.jpg","caption":"Diana Matei"},"url":"https:\/\/buletin.de\/bucuresti\/author\/dianamatei\/"}]}},"authors":[{"term_id":22574,"user_id":49,"is_guest":0,"slug":"dianamatei","display_name":"Diana Matei","avatar_url":"https:\/\/buletin.de\/bucuresti\/wp-content\/uploads\/9-2-96x96.jpg","0":null,"1":"","2":"","3":"","4":"","5":"","6":"","7":"","8":""}],"_links":{"self":[{"href":"https:\/\/buletin.de\/bucuresti\/wp-json\/wp\/v2\/posts\/88842","targetHints":{"allow":["GET"]}}],"collection":[{"href":"https:\/\/buletin.de\/bucuresti\/wp-json\/wp\/v2\/posts"}],"about":[{"href":"https:\/\/buletin.de\/bucuresti\/wp-json\/wp\/v2\/types\/post"}],"author":[{"embeddable":true,"href":"https:\/\/buletin.de\/bucuresti\/wp-json\/wp\/v2\/users\/49"}],"replies":[{"embeddable":true,"href":"https:\/\/buletin.de\/bucuresti\/wp-json\/wp\/v2\/comments?post=88842"}],"version-history":[{"count":3,"href":"https:\/\/buletin.de\/bucuresti\/wp-json\/wp\/v2\/posts\/88842\/revisions"}],"predecessor-version":[{"id":88855,"href":"https:\/\/buletin.de\/bucuresti\/wp-json\/wp\/v2\/posts\/88842\/revisions\/88855"}],"wp:featuredmedia":[{"embeddable":true,"href":"https:\/\/buletin.de\/bucuresti\/wp-json\/wp\/v2\/media\/88844"}],"wp:attachment":[{"href":"https:\/\/buletin.de\/bucuresti\/wp-json\/wp\/v2\/media?parent=88842"}],"wp:term":[{"taxonomy":"category","embeddable":true,"href":"https:\/\/buletin.de\/bucuresti\/wp-json\/wp\/v2\/categories?post=88842"},{"taxonomy":"post_tag","embeddable":true,"href":"https:\/\/buletin.de\/bucuresti\/wp-json\/wp\/v2\/tags?post=88842"},{"taxonomy":"author","embeddable":true,"href":"https:\/\/buletin.de\/bucuresti\/wp-json\/wp\/v2\/ppma_author?post=88842"}],"curies":[{"name":"wp","href":"https:\/\/api.w.org\/{rel}","templated":true}]}}