{"id":88763,"date":"2024-06-20T07:32:00","date_gmt":"2024-06-20T04:32:00","guid":{"rendered":"https:\/\/buletin.de\/bucuresti\/?p=88763"},"modified":"2024-06-20T01:42:02","modified_gmt":"2024-06-19T22:42:02","slug":"concerte-workshopuri-si-proiectii-de-film-dedicate-comunitatii-lgbtq-programul-complet-al-bucharest-pride-2024","status":"publish","type":"post","link":"https:\/\/buletin.de\/bucuresti\/concerte-workshopuri-si-proiectii-de-film-dedicate-comunitatii-lgbtq-programul-complet-al-bucharest-pride-2024\/","title":{"rendered":"Concerte, workshopuri \u0219i proiec\u021bii de film dedicate comunit\u0103\u021bii LGBTQ+. Programul complet al Bucharest PRIDE 2024"},"content":{"rendered":"\n<p><strong>Cea de-a nou\u0103sprezecea edi\u021bie a Bucharest PRIDE se va desf\u0103\u0219ura \u00een perioada 21-29 iunie. Sub umbrela tematic\u0103 \u201eWe are ready\u201d, <a href=\"https:\/\/acceptromania.ro\">organizatorii<\/a> promit o serie de evenimente culturale \u0219i comunitare, menite s\u0103 sublinieze&nbsp;nevoia urgent\u0103 de recunoa\u0219tere legal\u0103 \u0219i protec\u021bie a tuturor familiilor formate din persoane de acela\u0219i sex. <\/strong><\/p>\n\n\n\n<p>Punctul culminant va fi pe <strong>29 iunie<\/strong>, moment \u00een care peste 25.000 de oameni sunt a\u0219tepta\u021bi \u00een strad\u0103\u00a0pentru a celebra\u00a0comunitatea LGBTQIA+, potrivit <a href=\"https:\/\/www.bucharestpride.ro\/bucharest-pride-2024\/?lang=ro\">bucharestpride.ro<\/a>.<\/p>\n\n\n\n<p>Conform datelor publicate \u00een cel mai recent studiu <a href=\"https:\/\/acceptromania.ro\">ACCEPT<\/a>, <strong>56%&nbsp;dintre rom\u00e2ni sunt de acord cu c\u0103s\u0103toria sau cu o alt\u0103 form\u0103 de recunoa\u0219tere legal\u0103 a familiilor formate din persoane de acela\u0219i sex<\/strong> \u2013 cu 13% mai mult dec\u00e2t \u00een 2021.<\/p>\n\n\n\n<blockquote class=\"wp-block-quote is-layout-flow wp-block-quote-is-layout-flow\">\n<p class=\"has-medium-font-size\"><strong><em>Suntem preg\u0103ti\u021bi<\/em><\/strong>&nbsp;este despre noi to\u021bi: persoane LGBTQIA+, familiile noastre, alia\u021bi ai comunit\u0103\u021bii \u2013 oameni care zi de zi fac pa\u0219i c\u0103tre o lume mai primitoare, mai divers\u0103, mai incluziv\u0103. Cu to\u021bii suntem, \u00eentr-o form\u0103 sau alta, preg\u0103ti\u021bi pentru iubire! Suntem doar \u00een etape diferite de acceptare a acestui fapt.<\/p>\n<cite>&nbsp;Florian-Mihail P\u0103un, coordonatorul Bucharest Pride 2024<\/cite><\/blockquote>\n\n\n\n<h2 class=\"wp-block-heading\">Mar\u0219ul Bucharest PRIDE 2024<\/h2>\n\n\n\n<p>Mar\u0219ul Bucharest PRIDE se va desf\u0103\u0219ura pe 29 iunie, \u00eencep\u00e2nd cu ora 16:00. O or\u0103 va fi dedicat\u0103 \u00eent\u00e2lnirii participan\u021bilor pe Calea Victoriei (intersec\u021bie cu Strada Gheorghe Manu \u0219i trotuarele adiacente C\u0103ii Victoriei).<\/p>\n\n\n\n<p>Ulterior, timp de dou\u0103 ore, cei prezen\u021bi vor parcurge urm\u0103torul traseu: intersec\u021bie Pia\u021ba Victoriei cu Calea Victoriei \u2013 Calea Victoriei \u2013 Pod Na\u021biunile Unite \u2013 Bd. Na\u021biunile Unite \u2013 traversare Bd. Libert\u0103\u021bii \u2013 alveola Parc Izvor \u2013 Parc Izvor (orele 17:00 \u2013 19:00).<\/p>\n\n\n\n<p>Mar\u015ful se va \u00eencheia \u00een Parcul Izvor, \u00eentre orele 19:00 &#8211; 22:00. Participan\u021bii sunt ruga\u021bi s\u0103 semnaleze voluntarilor, organizatorilor sau for\u021belor de ordine orice comportament abuziv sau violent at\u00e2t din punct de vedere fizic, c\u00e2t \u0219i verbal. Pentru mai multe detalii, accesa\u021bi <a href=\"https:\/\/www.facebook.com\/events\/1647641769383475?locale=ro_RO\">pagina de Facebook a evenimentului<\/a>.<\/p>\n\n\n\n<p>\u00cen 2023, mar\u0219ul comunit\u0103\u021bii LGBTQIA+ a atras peste 25.000 de persoane. Pentru edi\u021bia din acest an, \u201eorganizatorii preconizeaz\u0103 o cre\u0219tere exponen\u021bial\u0103 a gradului de participare, ca reac\u021bie la atitudinea sfid\u0103toare pe care Guvernul o afi\u0219eaz\u0103 \u00een raport cu nevoile comunit\u0103\u021bii LGBTQIA+ din Rom\u00e2nia.\u201d, potrivit&nbsp;<a href=\"https:\/\/www.bucharestpride.ro\/bucharest-pride-2024\/?lang=ro\">bucharestpride.ro<\/a>.<\/p>\n\n\n\n<figure class=\"wp-block-gallery has-nested-images columns-default is-cropped wp-block-gallery-1 is-layout-flex wp-block-gallery-is-layout-flex\">\n<figure class=\"wp-block-image size-large\"><img fetchpriority=\"high\" decoding=\"async\" width=\"506\" height=\"900\" data-id=\"88793\" src=\"data:image\/gif;base64,R0lGODlhAQABAAAAACH5BAEKAAEALAAAAAABAAEAAAICTAEAOw==\" data-src=\"https:\/\/buletin.de\/bucuresti\/wp-content\/uploads\/Pride-2-506x900.jpg\" alt=\"\" class=\"wp-image-88793 lazyload\" data-sizes=\"auto\" data-srcset=\"https:\/\/buletin.de\/bucuresti\/wp-content\/uploads\/Pride-2-506x900.jpg 506w, https:\/\/buletin.de\/bucuresti\/wp-content\/uploads\/Pride-2-169x300.jpg 169w, https:\/\/buletin.de\/bucuresti\/wp-content\/uploads\/Pride-2-768x1365.jpg 768w, https:\/\/buletin.de\/bucuresti\/wp-content\/uploads\/Pride-2-600x1067.jpg 600w, https:\/\/buletin.de\/bucuresti\/wp-content\/uploads\/Pride-2-20x36.jpg 20w, https:\/\/buletin.de\/bucuresti\/wp-content\/uploads\/Pride-2.jpg 828w\" sizes=\"(max-width: 506px) 100vw, 506px\" \/><\/figure>\n\n\n\n<figure class=\"wp-block-image size-large\"><img decoding=\"async\" width=\"675\" height=\"900\" data-id=\"88792\" src=\"data:image\/gif;base64,R0lGODlhAQABAAAAACH5BAEKAAEALAAAAAABAAEAAAICTAEAOw==\" data-src=\"https:\/\/buletin.de\/bucuresti\/wp-content\/uploads\/Pride-675x900.jpg\" alt=\"\" class=\"wp-image-88792 lazyload\" data-sizes=\"auto\" data-srcset=\"https:\/\/buletin.de\/bucuresti\/wp-content\/uploads\/Pride-675x900.jpg 675w, https:\/\/buletin.de\/bucuresti\/wp-content\/uploads\/Pride-225x300.jpg 225w, https:\/\/buletin.de\/bucuresti\/wp-content\/uploads\/Pride-768x1024.jpg 768w, https:\/\/buletin.de\/bucuresti\/wp-content\/uploads\/Pride-1152x1536.jpg 1152w, https:\/\/buletin.de\/bucuresti\/wp-content\/uploads\/Pride-1100x1467.jpg 1100w, https:\/\/buletin.de\/bucuresti\/wp-content\/uploads\/Pride-600x800.jpg 600w, https:\/\/buletin.de\/bucuresti\/wp-content\/uploads\/Pride-20x27.jpg 20w, https:\/\/buletin.de\/bucuresti\/wp-content\/uploads\/Pride.jpg 1200w\" sizes=\"(max-width: 675px) 100vw, 675px\" \/><\/figure>\n<figcaption class=\"blocks-gallery-caption wp-element-caption\">FOTO: Ana Ionescu<\/figcaption><\/figure>\n\n\n\n<h2 class=\"wp-block-heading\">PRIDE Park 2024<\/h2>\n\n\n\n<p>Dac\u0103 primul mar\u0219 Bucharest PRIDE a fost organizat \u00een 2004, prima edi\u021bie PRIDE PARK a avut loc \u00een 2021. Festivalul se va desf\u0103\u0219ura \u00een Parcul Izvor, \u00een perioada 28-29 iunie. Evenimentul \u00ee\u0219i propune s\u0103 aduc\u0103 arti\u0219tii queer \u00een lumina reflectoarelor, printr-o serie de performance-uri, concerte \u0219i workshopuri organizate \u00een aer liber.<\/p>\n\n\n\n<p>Programul complet al evenimentului:<\/p>\n\n\n\n<p><strong>Vineri, 28 iunie&nbsp;<\/strong><\/p>\n\n\n\n<ul class=\"wp-block-list\">\n<li>Ready for joy | Arts &amp; Crafts w\/ voluntarx ACCEPT &#8211; ora 12.00<\/li>\n\n\n\n<li>Bibliotec\u0103 vie | cu p\u0103rin\u021bi \u0219i membri ai familiilor LGBTQIA+ &#8211; ora 12.00<\/li>\n\n\n\n<li>Pride Park Grand Opening &#8211; ora 14.00<\/li>\n\n\n\n<li>Ready for joy | Valuri de bucurii &#8211; activit\u0103\u021bi w\/ Egal Oradea &#8211; ora 14.00<\/li>\n\n\n\n<li>Bimboteca | DJ set &#8211; ora 15.00<\/li>\n\n\n\n<li>Dar Adal | DJ set &#8211; ora 17.00<\/li>\n\n\n\n<li>GRWM | the drag show that will get you fully prepped &#8211; ora 18.30<\/li>\n\n\n\n<li>Poft\u0103 de sfori | Rope performance &#8211; ora 19.30<\/li>\n\n\n\n<li>Best of Both Worlds &#8211; In and Out of the Closet | Pole Dance Show &#8211; 20.00<\/li>\n\n\n\n<li>CorpFluid_Concert_LIVE &#8211; ora 20.30<\/li>\n<\/ul>\n\n\n\n<p><strong>S\u00e2mb\u0103t\u0103, 29 iunie&nbsp;<\/strong><\/p>\n\n\n\n<ul class=\"wp-block-list\">\n<li>Yoga Session w\/ Ral Bratu &#8211; ora 11.00<\/li>\n\n\n\n<li>Queer Joy | Atelier de teatru queer w\/ Alini Medoia &#8211; 13.00<\/li>\n\n\n\n<li>Concert Krrysopher &#8211; ora 20.00<\/li>\n\n\n\n<li>Concert Olivia Addams &#8211; 20.30<\/li>\n<\/ul>\n\n\n\n<p>G\u0103si\u021bi mai multe detalii pe <a href=\"https:\/\/www.facebook.com\/events\/1691902911619570?locale=ro_RO\">pagina de Facebook a evenimentului<\/a>.<\/p>\n\n\n\n<h2 class=\"wp-block-heading\">Programul Bucharest PRIDE 2024<\/h2>\n\n\n\n<p>Bucharest PRIDE debuteaz\u0103 la Nook Club cu a 57-a edi\u021bie a Queer Night. Aceasta va \u00eencepe vineri, 21 iunie, de la ora 22:00.<\/p>\n\n\n\n<p>S\u0103pt\u0103m\u00e2na PRIDE se \u00eencheie tot cu o petrecere, \u201eWe are ready\u201d, organizat\u0103 \u00een Control. Aceasta va avea loc s\u00e2mb\u0103t\u0103 29 iunie, de la aceea\u0219i or\u0103.<\/p>\n\n\n\n<p>\u00centre timp, organizatorii au preg\u0103tit o varietate de momente artistice \u0219i workshopuri, de la proiec\u021bii de film \u0219i discu\u021bii cu p\u0103rin\u021bii persoanelor queer p\u00e2n\u0103 la ateliere shibari \u0219i cursuri de auto-ap\u0103rare.<\/p>\n\n\n\n<p>Programul complet poate fi vizualizat <strong><a href=\"https:\/\/www.facebook.com\/events\/314968275018516\/?ref=newsfeed\">aici<\/a><\/strong>.<\/p>\n\n\n\n<p><strong>CITE\u0218TE \u0218I:<\/strong><\/p>\n\n\n\n<figure class=\"wp-block-embed is-type-wp-embed is-provider-buletin-de-bucure-ti wp-block-embed-buletin-de-bucure-ti\"><div class=\"wp-block-embed__wrapper\">\n<blockquote class=\"wp-embedded-content\" data-secret=\"Tb9ZKYxsix\"><a href=\"https:\/\/buletin.de\/bucuresti\/editorial-mandria-de-a-merge-la-pride\/\">EDITORIAL | M\u00e2ndria de a merge la \u201ePride&#8221;<\/a><\/blockquote><iframe class=\"wp-embedded-content\" sandbox=\"allow-scripts\" security=\"restricted\" style=\"position: absolute; clip: rect(1px, 1px, 1px, 1px);\" title=\"&#8220;EDITORIAL | M\u00e2ndria de a merge la \u201ePride&#8221;&#8221; &#8212; Buletin de Bucure\u0219ti\" src=\"https:\/\/buletin.de\/bucuresti\/editorial-mandria-de-a-merge-la-pride\/embed\/#?secret=BprG31SFyy#?secret=Tb9ZKYxsix\" data-secret=\"Tb9ZKYxsix\" width=\"600\" height=\"338\" frameborder=\"0\" marginwidth=\"0\" marginheight=\"0\" scrolling=\"no\"><\/iframe>\n<\/div><\/figure>\n","protected":false},"excerpt":{"rendered":"<p>Cea de-a nou\u0103sprezecea edi\u021bie a Bucharest PRIDE se va desf\u0103\u0219ura \u00een perioada 21-29 iunie. Sub umbrela tematic\u0103 \u201eWe are ready\u201d, organizatorii promit o serie de evenimente culturale \u0219i comunitare, menite s\u0103 sublinieze&nbsp;nevoia urgent\u0103 de recunoa\u0219tere legal\u0103 \u0219i protec\u021bie a tuturor familiilor formate din persoane de acela\u0219i sex. Punctul culminant va fi pe 29 iunie, moment [&hellip;]<\/p>\n","protected":false},"author":55,"featured_media":88777,"comment_status":"closed","ping_status":"open","sticky":false,"template":"","format":"standard","meta":{"_acf_changed":false,"inline_featured_image":false,"ngg_post_thumbnail":0,"footnotes":""},"categories":[6994,9026,5762],"tags":[12887,6528,9,12890,12885,12884,12888,12886,12416,12889],"ppma_author":[22573],"class_list":["post-88763","post","type-post","status-publish","format-standard","has-post-thumbnail","hentry","category-stiri-2","category-eveniment","category-main","tag-asociatia-accept-2","tag-bucharest-pride","tag-bucuresti","tag-drepturile-persoanelor-lgbtq","tag-mars-pride-bucuresti","tag-pride-2024","tag-pride-park","tag-program-pride-2024","tag-queer","tag-we-are-ready"],"acf":[],"yoast_head":"<!-- This site is optimized with the Yoast SEO Premium plugin v25.3 (Yoast SEO v27.4) - https:\/\/yoast.com\/product\/yoast-seo-premium-wordpress\/ -->\n<title>Concerte, workshopuri \u0219i proiec\u021bii de film dedicate comunit\u0103\u021bii LGBTQ+. Programul complet al Bucharest PRIDE 2024 - Buletin de Bucure\u0219ti<\/title>\n<meta name=\"robots\" content=\"index, follow, max-snippet:-1, max-image-preview:large, max-video-preview:-1\" \/>\n<link rel=\"canonical\" href=\"https:\/\/buletin.de\/bucuresti\/concerte-workshopuri-si-proiectii-de-film-dedicate-comunitatii-lgbtq-programul-complet-al-bucharest-pride-2024\/\" \/>\n<meta property=\"og:locale\" content=\"en_GB\" \/>\n<meta property=\"og:type\" content=\"article\" \/>\n<meta property=\"og:title\" content=\"Concerte, workshopuri \u0219i proiec\u021bii de film dedicate comunit\u0103\u021bii LGBTQ+. Programul complet al Bucharest PRIDE 2024\" \/>\n<meta property=\"og:description\" content=\"Cea de-a nou\u0103sprezecea edi\u021bie a Bucharest PRIDE se va desf\u0103\u0219ura \u00een perioada 21-29 iunie. Sub umbrela tematic\u0103 \u201eWe are ready\u201d, organizatorii promit o serie de evenimente culturale \u0219i comunitare, menite s\u0103 sublinieze&nbsp;nevoia urgent\u0103 de recunoa\u0219tere legal\u0103 \u0219i protec\u021bie a tuturor familiilor formate din persoane de acela\u0219i sex. Punctul culminant va fi pe 29 iunie, moment [&hellip;]\" \/>\n<meta property=\"og:url\" content=\"https:\/\/buletin.de\/bucuresti\/concerte-workshopuri-si-proiectii-de-film-dedicate-comunitatii-lgbtq-programul-complet-al-bucharest-pride-2024\/\" \/>\n<meta property=\"og:site_name\" content=\"Buletin de Bucure\u0219ti\" \/>\n<meta property=\"article:publisher\" content=\"https:\/\/www.facebook.com\/buletin.de.buc\" \/>\n<meta property=\"article:published_time\" content=\"2024-06-20T04:32:00+00:00\" \/>\n<meta property=\"og:image\" content=\"https:\/\/buletin.de\/bucuresti\/wp-content\/uploads\/Pride-2023.jpg\" \/>\n\t<meta property=\"og:image:width\" content=\"2048\" \/>\n\t<meta property=\"og:image:height\" content=\"1365\" \/>\n\t<meta property=\"og:image:type\" content=\"image\/jpeg\" \/>\n<meta name=\"author\" content=\"Andreea Tudor\" \/>\n<meta name=\"twitter:card\" content=\"summary_large_image\" \/>\n<meta name=\"twitter:label1\" content=\"Written by\" \/>\n\t<meta name=\"twitter:data1\" content=\"Andreea Tudor\" \/>\n\t<meta name=\"twitter:label2\" content=\"Estimated reading time\" \/>\n\t<meta name=\"twitter:data2\" content=\"4 minutes\" \/>\n<script type=\"application\/ld+json\" class=\"yoast-schema-graph\">{\"@context\":\"https:\\\/\\\/schema.org\",\"@graph\":[{\"@type\":\"Article\",\"@id\":\"https:\\\/\\\/buletin.de\\\/bucuresti\\\/concerte-workshopuri-si-proiectii-de-film-dedicate-comunitatii-lgbtq-programul-complet-al-bucharest-pride-2024\\\/#article\",\"isPartOf\":{\"@id\":\"https:\\\/\\\/buletin.de\\\/bucuresti\\\/concerte-workshopuri-si-proiectii-de-film-dedicate-comunitatii-lgbtq-programul-complet-al-bucharest-pride-2024\\\/\"},\"author\":{\"name\":\"Andreea Tudor\",\"@id\":\"https:\\\/\\\/buletin.de\\\/bucuresti\\\/#\\\/schema\\\/person\\\/150590659efde715459d159da012f501\"},\"headline\":\"Concerte, workshopuri \u0219i proiec\u021bii de film dedicate comunit\u0103\u021bii LGBTQ+. Programul complet al Bucharest PRIDE 2024\",\"datePublished\":\"2024-06-20T04:32:00+00:00\",\"mainEntityOfPage\":{\"@id\":\"https:\\\/\\\/buletin.de\\\/bucuresti\\\/concerte-workshopuri-si-proiectii-de-film-dedicate-comunitatii-lgbtq-programul-complet-al-bucharest-pride-2024\\\/\"},\"wordCount\":705,\"publisher\":{\"@id\":\"https:\\\/\\\/buletin.de\\\/bucuresti\\\/#organization\"},\"image\":{\"@id\":\"https:\\\/\\\/buletin.de\\\/bucuresti\\\/concerte-workshopuri-si-proiectii-de-film-dedicate-comunitatii-lgbtq-programul-complet-al-bucharest-pride-2024\\\/#primaryimage\"},\"thumbnailUrl\":\"https:\\\/\\\/buletin.de\\\/bucuresti\\\/wp-content\\\/uploads\\\/Pride-2023.jpg\",\"keywords\":[\"Asociatia ACCEPT\",\"bucharest pride\",\"bucuresti\",\"drepturile persoanelor lgbtq+\",\"mars pride bucuresti\",\"pride 2024\",\"pride park\",\"program pride 2024\",\"queer\",\"we are ready\"],\"articleSection\":[\"Articole\",\"Eveniment\",\"Main\"],\"inLanguage\":\"en-GB\",\"copyrightYear\":\"2024\",\"copyrightHolder\":{\"@id\":\"https:\\\/\\\/buletin.de\\\/bucuresti\\\/#organization\"}},{\"@type\":\"WebPage\",\"@id\":\"https:\\\/\\\/buletin.de\\\/bucuresti\\\/concerte-workshopuri-si-proiectii-de-film-dedicate-comunitatii-lgbtq-programul-complet-al-bucharest-pride-2024\\\/\",\"url\":\"https:\\\/\\\/buletin.de\\\/bucuresti\\\/concerte-workshopuri-si-proiectii-de-film-dedicate-comunitatii-lgbtq-programul-complet-al-bucharest-pride-2024\\\/\",\"name\":\"Concerte, workshopuri \u0219i proiec\u021bii de film dedicate comunit\u0103\u021bii LGBTQ+. Programul complet al Bucharest PRIDE 2024 - Buletin de Bucure\u0219ti\",\"isPartOf\":{\"@id\":\"https:\\\/\\\/buletin.de\\\/bucuresti\\\/#website\"},\"primaryImageOfPage\":{\"@id\":\"https:\\\/\\\/buletin.de\\\/bucuresti\\\/concerte-workshopuri-si-proiectii-de-film-dedicate-comunitatii-lgbtq-programul-complet-al-bucharest-pride-2024\\\/#primaryimage\"},\"image\":{\"@id\":\"https:\\\/\\\/buletin.de\\\/bucuresti\\\/concerte-workshopuri-si-proiectii-de-film-dedicate-comunitatii-lgbtq-programul-complet-al-bucharest-pride-2024\\\/#primaryimage\"},\"thumbnailUrl\":\"https:\\\/\\\/buletin.de\\\/bucuresti\\\/wp-content\\\/uploads\\\/Pride-2023.jpg\",\"datePublished\":\"2024-06-20T04:32:00+00:00\",\"breadcrumb\":{\"@id\":\"https:\\\/\\\/buletin.de\\\/bucuresti\\\/concerte-workshopuri-si-proiectii-de-film-dedicate-comunitatii-lgbtq-programul-complet-al-bucharest-pride-2024\\\/#breadcrumb\"},\"inLanguage\":\"en-GB\",\"potentialAction\":[{\"@type\":\"ReadAction\",\"target\":[\"https:\\\/\\\/buletin.de\\\/bucuresti\\\/concerte-workshopuri-si-proiectii-de-film-dedicate-comunitatii-lgbtq-programul-complet-al-bucharest-pride-2024\\\/\"]}]},{\"@type\":\"ImageObject\",\"inLanguage\":\"en-GB\",\"@id\":\"https:\\\/\\\/buletin.de\\\/bucuresti\\\/concerte-workshopuri-si-proiectii-de-film-dedicate-comunitatii-lgbtq-programul-complet-al-bucharest-pride-2024\\\/#primaryimage\",\"url\":\"https:\\\/\\\/buletin.de\\\/bucuresti\\\/wp-content\\\/uploads\\\/Pride-2023.jpg\",\"contentUrl\":\"https:\\\/\\\/buletin.de\\\/bucuresti\\\/wp-content\\\/uploads\\\/Pride-2023.jpg\",\"width\":2048,\"height\":1365,\"caption\":\"FOTO: Mar\u0219 Pride 2023\\\/ Surs\u0103: FB\\\/ MozaiQ\"},{\"@type\":\"BreadcrumbList\",\"@id\":\"https:\\\/\\\/buletin.de\\\/bucuresti\\\/concerte-workshopuri-si-proiectii-de-film-dedicate-comunitatii-lgbtq-programul-complet-al-bucharest-pride-2024\\\/#breadcrumb\",\"itemListElement\":[{\"@type\":\"ListItem\",\"position\":1,\"name\":\"Acas\u0103\",\"item\":\"https:\\\/\\\/buletin.de\\\/bucuresti\\\/\"},{\"@type\":\"ListItem\",\"position\":2,\"name\":\"Concerte, workshopuri \u0219i proiec\u021bii de film dedicate comunit\u0103\u021bii LGBTQ+. Programul complet al Bucharest PRIDE 2024\"}]},{\"@type\":\"WebSite\",\"@id\":\"https:\\\/\\\/buletin.de\\\/bucuresti\\\/#website\",\"url\":\"https:\\\/\\\/buletin.de\\\/bucuresti\\\/\",\"name\":\"Buletin de Bucure\u0219ti\",\"description\":\"\u0218tiri \u0219i investiga\u021bii esen\u021biale din capital\u0103\",\"publisher\":{\"@id\":\"https:\\\/\\\/buletin.de\\\/bucuresti\\\/#organization\"},\"potentialAction\":[{\"@type\":\"SearchAction\",\"target\":{\"@type\":\"EntryPoint\",\"urlTemplate\":\"https:\\\/\\\/buletin.de\\\/bucuresti\\\/?s={search_term_string}\"},\"query-input\":{\"@type\":\"PropertyValueSpecification\",\"valueRequired\":true,\"valueName\":\"search_term_string\"}}],\"inLanguage\":\"en-GB\"},{\"@type\":\"Organization\",\"@id\":\"https:\\\/\\\/buletin.de\\\/bucuresti\\\/#organization\",\"name\":\"Buletin de Bucure\u0219ti\",\"url\":\"https:\\\/\\\/buletin.de\\\/bucuresti\\\/\",\"logo\":{\"@type\":\"ImageObject\",\"inLanguage\":\"en-GB\",\"@id\":\"https:\\\/\\\/buletin.de\\\/bucuresti\\\/#\\\/schema\\\/logo\\\/image\\\/\",\"url\":\"https:\\\/\\\/buletin.de\\\/bucuresti\\\/wp-content\\\/uploads\\\/logo-bdb-full-wide-vernil-transparent.png\",\"contentUrl\":\"https:\\\/\\\/buletin.de\\\/bucuresti\\\/wp-content\\\/uploads\\\/logo-bdb-full-wide-vernil-transparent.png\",\"width\":1782,\"height\":626,\"caption\":\"Buletin de Bucure\u0219ti\"},\"image\":{\"@id\":\"https:\\\/\\\/buletin.de\\\/bucuresti\\\/#\\\/schema\\\/logo\\\/image\\\/\"},\"sameAs\":[\"https:\\\/\\\/www.facebook.com\\\/buletin.de.buc\",\"https:\\\/\\\/www.instagram.com\\\/buletinde.bucuresti\\\/\"]},{\"@type\":\"Person\",\"@id\":\"https:\\\/\\\/buletin.de\\\/bucuresti\\\/#\\\/schema\\\/person\\\/150590659efde715459d159da012f501\",\"name\":\"Andreea Tudor\",\"image\":{\"@type\":\"ImageObject\",\"inLanguage\":\"en-GB\",\"@id\":\"https:\\\/\\\/secure.gravatar.com\\\/avatar\\\/a88705a186ab0b67f3349bcbced506c09e37256fbaad0e7f3bd1a79b4599f589?s=96&d=monsterid&r=g79290610aa1a65c2b86eebc2ca5aee8f\",\"url\":\"https:\\\/\\\/secure.gravatar.com\\\/avatar\\\/a88705a186ab0b67f3349bcbced506c09e37256fbaad0e7f3bd1a79b4599f589?s=96&d=monsterid&r=g\",\"contentUrl\":\"https:\\\/\\\/secure.gravatar.com\\\/avatar\\\/a88705a186ab0b67f3349bcbced506c09e37256fbaad0e7f3bd1a79b4599f589?s=96&d=monsterid&r=g\",\"caption\":\"Andreea Tudor\"},\"description\":\"N\u0103scut\u0103 \u0219i crescut\u0103 \u00een Bucure\u0219ti, sus\u021bin\u0103toare a presei independente. A\u0219a am ajuns redactor la Buletin de Bucure\u0219ti. Fiind eu, \u00eens\u0103mi, parte a sistemului de \u00eenv\u0103\u021b\u0103m\u00e2nt rom\u00e2nesc \u0219i pasionat\u0103 de domeniul social, pun sub lup\u0103 tot ceea ce se \u00eent\u00e2mpl\u0103 \u00een sfera educa\u021biei. Cred cu t\u0103rie c\u0103 presa \u201epentru cet\u0103\u021beni\u201d este presa independent\u0103. Oamenii au nevoie de o informare corect\u0103 pentru a \u00een\u021belege pe deplin ce se \u00eent\u00e2mpl\u0103 \u00een jurul lor \u0219i pentru a lua ac\u021biune \u00eempotriva nedrept\u0103\u021bilor.\",\"url\":\"https:\\\/\\\/buletin.de\\\/bucuresti\\\/author\\\/andreeatudor\\\/\"}]}<\/script>\n<!-- \/ Yoast SEO Premium plugin. -->","yoast_head_json":{"title":"Concerte, workshopuri \u0219i proiec\u021bii de film dedicate comunit\u0103\u021bii LGBTQ+. Programul complet al Bucharest PRIDE 2024 - Buletin de Bucure\u0219ti","robots":{"index":"index","follow":"follow","max-snippet":"max-snippet:-1","max-image-preview":"max-image-preview:large","max-video-preview":"max-video-preview:-1"},"canonical":"https:\/\/buletin.de\/bucuresti\/concerte-workshopuri-si-proiectii-de-film-dedicate-comunitatii-lgbtq-programul-complet-al-bucharest-pride-2024\/","og_locale":"en_GB","og_type":"article","og_title":"Concerte, workshopuri \u0219i proiec\u021bii de film dedicate comunit\u0103\u021bii LGBTQ+. Programul complet al Bucharest PRIDE 2024","og_description":"Cea de-a nou\u0103sprezecea edi\u021bie a Bucharest PRIDE se va desf\u0103\u0219ura \u00een perioada 21-29 iunie. Sub umbrela tematic\u0103 \u201eWe are ready\u201d, organizatorii promit o serie de evenimente culturale \u0219i comunitare, menite s\u0103 sublinieze&nbsp;nevoia urgent\u0103 de recunoa\u0219tere legal\u0103 \u0219i protec\u021bie a tuturor familiilor formate din persoane de acela\u0219i sex. Punctul culminant va fi pe 29 iunie, moment [&hellip;]","og_url":"https:\/\/buletin.de\/bucuresti\/concerte-workshopuri-si-proiectii-de-film-dedicate-comunitatii-lgbtq-programul-complet-al-bucharest-pride-2024\/","og_site_name":"Buletin de Bucure\u0219ti","article_publisher":"https:\/\/www.facebook.com\/buletin.de.buc","article_published_time":"2024-06-20T04:32:00+00:00","og_image":[{"width":2048,"height":1365,"url":"https:\/\/buletin.de\/bucuresti\/wp-content\/uploads\/Pride-2023.jpg","type":"image\/jpeg"}],"author":"Andreea Tudor","twitter_card":"summary_large_image","twitter_misc":{"Written by":"Andreea Tudor","Estimated reading time":"4 minutes"},"schema":{"@context":"https:\/\/schema.org","@graph":[{"@type":"Article","@id":"https:\/\/buletin.de\/bucuresti\/concerte-workshopuri-si-proiectii-de-film-dedicate-comunitatii-lgbtq-programul-complet-al-bucharest-pride-2024\/#article","isPartOf":{"@id":"https:\/\/buletin.de\/bucuresti\/concerte-workshopuri-si-proiectii-de-film-dedicate-comunitatii-lgbtq-programul-complet-al-bucharest-pride-2024\/"},"author":{"name":"Andreea Tudor","@id":"https:\/\/buletin.de\/bucuresti\/#\/schema\/person\/150590659efde715459d159da012f501"},"headline":"Concerte, workshopuri \u0219i proiec\u021bii de film dedicate comunit\u0103\u021bii LGBTQ+. Programul complet al Bucharest PRIDE 2024","datePublished":"2024-06-20T04:32:00+00:00","mainEntityOfPage":{"@id":"https:\/\/buletin.de\/bucuresti\/concerte-workshopuri-si-proiectii-de-film-dedicate-comunitatii-lgbtq-programul-complet-al-bucharest-pride-2024\/"},"wordCount":705,"publisher":{"@id":"https:\/\/buletin.de\/bucuresti\/#organization"},"image":{"@id":"https:\/\/buletin.de\/bucuresti\/concerte-workshopuri-si-proiectii-de-film-dedicate-comunitatii-lgbtq-programul-complet-al-bucharest-pride-2024\/#primaryimage"},"thumbnailUrl":"https:\/\/buletin.de\/bucuresti\/wp-content\/uploads\/Pride-2023.jpg","keywords":["Asociatia ACCEPT","bucharest pride","bucuresti","drepturile persoanelor lgbtq+","mars pride bucuresti","pride 2024","pride park","program pride 2024","queer","we are ready"],"articleSection":["Articole","Eveniment","Main"],"inLanguage":"en-GB","copyrightYear":"2024","copyrightHolder":{"@id":"https:\/\/buletin.de\/bucuresti\/#organization"}},{"@type":"WebPage","@id":"https:\/\/buletin.de\/bucuresti\/concerte-workshopuri-si-proiectii-de-film-dedicate-comunitatii-lgbtq-programul-complet-al-bucharest-pride-2024\/","url":"https:\/\/buletin.de\/bucuresti\/concerte-workshopuri-si-proiectii-de-film-dedicate-comunitatii-lgbtq-programul-complet-al-bucharest-pride-2024\/","name":"Concerte, workshopuri \u0219i proiec\u021bii de film dedicate comunit\u0103\u021bii LGBTQ+. Programul complet al Bucharest PRIDE 2024 - Buletin de Bucure\u0219ti","isPartOf":{"@id":"https:\/\/buletin.de\/bucuresti\/#website"},"primaryImageOfPage":{"@id":"https:\/\/buletin.de\/bucuresti\/concerte-workshopuri-si-proiectii-de-film-dedicate-comunitatii-lgbtq-programul-complet-al-bucharest-pride-2024\/#primaryimage"},"image":{"@id":"https:\/\/buletin.de\/bucuresti\/concerte-workshopuri-si-proiectii-de-film-dedicate-comunitatii-lgbtq-programul-complet-al-bucharest-pride-2024\/#primaryimage"},"thumbnailUrl":"https:\/\/buletin.de\/bucuresti\/wp-content\/uploads\/Pride-2023.jpg","datePublished":"2024-06-20T04:32:00+00:00","breadcrumb":{"@id":"https:\/\/buletin.de\/bucuresti\/concerte-workshopuri-si-proiectii-de-film-dedicate-comunitatii-lgbtq-programul-complet-al-bucharest-pride-2024\/#breadcrumb"},"inLanguage":"en-GB","potentialAction":[{"@type":"ReadAction","target":["https:\/\/buletin.de\/bucuresti\/concerte-workshopuri-si-proiectii-de-film-dedicate-comunitatii-lgbtq-programul-complet-al-bucharest-pride-2024\/"]}]},{"@type":"ImageObject","inLanguage":"en-GB","@id":"https:\/\/buletin.de\/bucuresti\/concerte-workshopuri-si-proiectii-de-film-dedicate-comunitatii-lgbtq-programul-complet-al-bucharest-pride-2024\/#primaryimage","url":"https:\/\/buletin.de\/bucuresti\/wp-content\/uploads\/Pride-2023.jpg","contentUrl":"https:\/\/buletin.de\/bucuresti\/wp-content\/uploads\/Pride-2023.jpg","width":2048,"height":1365,"caption":"FOTO: Mar\u0219 Pride 2023\/ Surs\u0103: FB\/ MozaiQ"},{"@type":"BreadcrumbList","@id":"https:\/\/buletin.de\/bucuresti\/concerte-workshopuri-si-proiectii-de-film-dedicate-comunitatii-lgbtq-programul-complet-al-bucharest-pride-2024\/#breadcrumb","itemListElement":[{"@type":"ListItem","position":1,"name":"Acas\u0103","item":"https:\/\/buletin.de\/bucuresti\/"},{"@type":"ListItem","position":2,"name":"Concerte, workshopuri \u0219i proiec\u021bii de film dedicate comunit\u0103\u021bii LGBTQ+. Programul complet al Bucharest PRIDE 2024"}]},{"@type":"WebSite","@id":"https:\/\/buletin.de\/bucuresti\/#website","url":"https:\/\/buletin.de\/bucuresti\/","name":"Buletin de Bucure\u0219ti","description":"\u0218tiri \u0219i investiga\u021bii esen\u021biale din capital\u0103","publisher":{"@id":"https:\/\/buletin.de\/bucuresti\/#organization"},"potentialAction":[{"@type":"SearchAction","target":{"@type":"EntryPoint","urlTemplate":"https:\/\/buletin.de\/bucuresti\/?s={search_term_string}"},"query-input":{"@type":"PropertyValueSpecification","valueRequired":true,"valueName":"search_term_string"}}],"inLanguage":"en-GB"},{"@type":"Organization","@id":"https:\/\/buletin.de\/bucuresti\/#organization","name":"Buletin de Bucure\u0219ti","url":"https:\/\/buletin.de\/bucuresti\/","logo":{"@type":"ImageObject","inLanguage":"en-GB","@id":"https:\/\/buletin.de\/bucuresti\/#\/schema\/logo\/image\/","url":"https:\/\/buletin.de\/bucuresti\/wp-content\/uploads\/logo-bdb-full-wide-vernil-transparent.png","contentUrl":"https:\/\/buletin.de\/bucuresti\/wp-content\/uploads\/logo-bdb-full-wide-vernil-transparent.png","width":1782,"height":626,"caption":"Buletin de Bucure\u0219ti"},"image":{"@id":"https:\/\/buletin.de\/bucuresti\/#\/schema\/logo\/image\/"},"sameAs":["https:\/\/www.facebook.com\/buletin.de.buc","https:\/\/www.instagram.com\/buletinde.bucuresti\/"]},{"@type":"Person","@id":"https:\/\/buletin.de\/bucuresti\/#\/schema\/person\/150590659efde715459d159da012f501","name":"Andreea Tudor","image":{"@type":"ImageObject","inLanguage":"en-GB","@id":"https:\/\/secure.gravatar.com\/avatar\/a88705a186ab0b67f3349bcbced506c09e37256fbaad0e7f3bd1a79b4599f589?s=96&d=monsterid&r=g79290610aa1a65c2b86eebc2ca5aee8f","url":"https:\/\/secure.gravatar.com\/avatar\/a88705a186ab0b67f3349bcbced506c09e37256fbaad0e7f3bd1a79b4599f589?s=96&d=monsterid&r=g","contentUrl":"https:\/\/secure.gravatar.com\/avatar\/a88705a186ab0b67f3349bcbced506c09e37256fbaad0e7f3bd1a79b4599f589?s=96&d=monsterid&r=g","caption":"Andreea Tudor"},"description":"N\u0103scut\u0103 \u0219i crescut\u0103 \u00een Bucure\u0219ti, sus\u021bin\u0103toare a presei independente. A\u0219a am ajuns redactor la Buletin de Bucure\u0219ti. Fiind eu, \u00eens\u0103mi, parte a sistemului de \u00eenv\u0103\u021b\u0103m\u00e2nt rom\u00e2nesc \u0219i pasionat\u0103 de domeniul social, pun sub lup\u0103 tot ceea ce se \u00eent\u00e2mpl\u0103 \u00een sfera educa\u021biei. Cred cu t\u0103rie c\u0103 presa \u201epentru cet\u0103\u021beni\u201d este presa independent\u0103. Oamenii au nevoie de o informare corect\u0103 pentru a \u00een\u021belege pe deplin ce se \u00eent\u00e2mpl\u0103 \u00een jurul lor \u0219i pentru a lua ac\u021biune \u00eempotriva nedrept\u0103\u021bilor.","url":"https:\/\/buletin.de\/bucuresti\/author\/andreeatudor\/"}]}},"authors":[{"term_id":22573,"user_id":55,"is_guest":0,"slug":"andreeatudor","display_name":"Andreea Tudor","avatar_url":"https:\/\/secure.gravatar.com\/avatar\/a88705a186ab0b67f3349bcbced506c09e37256fbaad0e7f3bd1a79b4599f589?s=96&d=monsterid&r=g","0":null,"1":"","2":"","3":"","4":"","5":"","6":"","7":"","8":""}],"_links":{"self":[{"href":"https:\/\/buletin.de\/bucuresti\/wp-json\/wp\/v2\/posts\/88763","targetHints":{"allow":["GET"]}}],"collection":[{"href":"https:\/\/buletin.de\/bucuresti\/wp-json\/wp\/v2\/posts"}],"about":[{"href":"https:\/\/buletin.de\/bucuresti\/wp-json\/wp\/v2\/types\/post"}],"author":[{"embeddable":true,"href":"https:\/\/buletin.de\/bucuresti\/wp-json\/wp\/v2\/users\/55"}],"replies":[{"embeddable":true,"href":"https:\/\/buletin.de\/bucuresti\/wp-json\/wp\/v2\/comments?post=88763"}],"version-history":[{"count":13,"href":"https:\/\/buletin.de\/bucuresti\/wp-json\/wp\/v2\/posts\/88763\/revisions"}],"predecessor-version":[{"id":88800,"href":"https:\/\/buletin.de\/bucuresti\/wp-json\/wp\/v2\/posts\/88763\/revisions\/88800"}],"wp:featuredmedia":[{"embeddable":true,"href":"https:\/\/buletin.de\/bucuresti\/wp-json\/wp\/v2\/media\/88777"}],"wp:attachment":[{"href":"https:\/\/buletin.de\/bucuresti\/wp-json\/wp\/v2\/media?parent=88763"}],"wp:term":[{"taxonomy":"category","embeddable":true,"href":"https:\/\/buletin.de\/bucuresti\/wp-json\/wp\/v2\/categories?post=88763"},{"taxonomy":"post_tag","embeddable":true,"href":"https:\/\/buletin.de\/bucuresti\/wp-json\/wp\/v2\/tags?post=88763"},{"taxonomy":"author","embeddable":true,"href":"https:\/\/buletin.de\/bucuresti\/wp-json\/wp\/v2\/ppma_author?post=88763"}],"curies":[{"name":"wp","href":"https:\/\/api.w.org\/{rel}","templated":true}]}}