{"id":88736,"date":"2024-06-19T14:40:14","date_gmt":"2024-06-19T11:40:14","guid":{"rendered":"https:\/\/buletin.de\/bucuresti\/?p=88736"},"modified":"2024-06-20T14:27:01","modified_gmt":"2024-06-20T11:27:01","slug":"trei-linii-stb-deviate-de-vineri-seara-pana-duminica-dimineata","status":"publish","type":"post","link":"https:\/\/buletin.de\/bucuresti\/trei-linii-stb-deviate-de-vineri-seara-pana-duminica-dimineata\/","title":{"rendered":"Trei linii STB deviate, de vineri sear\u0103 p\u00e2n\u0103 duminic\u0103 diminea\u021b\u0103"},"content":{"rendered":"\n<p><strong>ACTUALIZARE<\/strong>: <strong>\u00a0Ca urmare a adresei transmisE de organizatorul Festivalului Interna\u021bional de Folclor \u201eMuzici \u0219i Tradi\u021bii \u00een Bucure\u0219ti\u201d, restric\u021biile de circula\u021bie de pe \u0218oseaua Kiseleff nu vor mai fi aplicate, iar liniile de autobuz 100, 203 \u0219i 205 vor circula normal.<\/strong><\/p>\n\n\n\n<p><strong>Liniile 100, 203 \u0219i 205 vor fi deviate, de vineri sear<strong>\u0103<\/strong> p\u00e2n\u0103 duminic\u0103 diminea\u021b\u0103, pentru desf\u0103\u0219urarea Festivalului Interna\u021bional de Folclor.<\/strong><\/p>\n\n\n\n<p><strong>Liniile de autobuz 100, 203 \u0219i 205&nbsp;<\/strong>vor func\u021biona pe trasee modificate, \u00een perioada&nbsp;<strong>21.06.2024 (\u00eencep\u00e2nd cu ora 18.00) \u2013 23.06.2024 (p\u00e2n\u0103 la ora 07.00)<\/strong>. Traficul va fi restric\u021bionat pe&nbsp;<strong>\u0218oseaua Kiseleff<\/strong>, \u00eentre&nbsp;<strong>Strada Arhitect Ion Mincu&nbsp;<\/strong>\u0219i&nbsp;<strong>Pia\u021ba Victoriei<\/strong>.<\/p>\n\n\n\n<p>Cele trei linii de transport public vor func\u021biona astfel:<\/p>\n\n\n\n<ul class=\"wp-block-list\">\n<li><strong>Linia 100&nbsp;<\/strong>va func\u021biona pe traseul de baz\u0103 \u00eentre terminalul \u201eAeroportul Henri Coand\u0103 Sosiri\u201d \u015fi Pia\u021ba Arcul de Triumf, apoi pe un traseu modificat pe sensul spre \u201ePia\u021ba Unirii 2\u201d pe Bd.&nbsp;Mare\u0219al Constantin Prezan, Bd. Aviatorilor, Pia\u021ba Victoriei, Bd. Lasc\u0103r Catargiu, Bd.&nbsp;General Gheorghe Magheru, Bd. Nicolae B\u0103lcescu, Bd. I. C. Br\u0103tianu, Pia\u021ba Unirii. Sensul opus nu va fi modificat.&nbsp;<strong>Linia 100 va func\u021biona pe acela\u0219i traseu \u0219i \u00een nop\u021bile de 21\/ 22.06.2024 \u0219i 22\/ 23.06.2024.<\/strong><\/li>\n\n\n\n<li><strong>Linia 203&nbsp;<\/strong>va func\u021biona pe traseul de baz\u0103 \u00eentre terminalul \u201eCartier Greenfield\u201d \u0219i Pia\u021ba Arcul de Triumf, apoi pe un traseu modificat pe sensul spre Pia\u021ba Victoriei pe Bd.&nbsp;Mare\u0219al Constantin Prezan, Bd. Aviatorilor, Pia\u021ba Victoriei. Sensul opus nu va fi modificat.<\/li>\n\n\n\n<li><strong>Linia 205&nbsp;<\/strong>va func\u0163iona pe traseul de baz\u0103 \u00eentre terminalul \u201eStr\u0103ule\u0219ti\u201d \u015fi Pia\u021ba Arcul de Triumf, apoi pe un traseu modificat pe sensul spre \u201ePia\u021ba Uniri 2\u201d pe Bd.&nbsp;Mare\u0219al Constantin Prezan, Bd. Aviatorilor, Pia\u021ba Victoriei, Bd. Lasc\u0103r Catargiu, Bd.&nbsp;General Gheorghe Magheru, Bd. Nicolae B\u0103lcescu, Bd. I. C. Br\u0103tianu, Str. Halelor, terminal \u201ePia\u021ba Unirii&nbsp;2\u201d. Sensul opus nu va fi modificat.<\/li>\n<\/ul>\n\n\n\n<p><strong>CITE\u0218TE \u0218I:<\/strong><\/p>\n\n\n\n<figure class=\"wp-block-embed is-type-wp-embed is-provider-buletin-de-bucure-ti wp-block-embed-buletin-de-bucure-ti\"><div class=\"wp-block-embed__wrapper\">\n<blockquote class=\"wp-embedded-content\" data-secret=\"G5p33VTrZG\"><a href=\"https:\/\/buletin.de\/bucuresti\/wizz-air-infiinteaza-o-ruta-noua-de-la-bucuresti-spre-izmir\/\">Wizz Air \u00eenfiin\u021beaz\u0103 o rut\u0103 nou\u0103, de la Bucure\u0219ti spre Izmir<\/a><\/blockquote><iframe class=\"wp-embedded-content\" sandbox=\"allow-scripts\" security=\"restricted\" style=\"position: absolute; clip: rect(1px, 1px, 1px, 1px);\" title=\"&#8220;Wizz Air \u00eenfiin\u021beaz\u0103 o rut\u0103 nou\u0103, de la Bucure\u0219ti spre Izmir&#8221; &#8212; Buletin de Bucure\u0219ti\" src=\"https:\/\/buletin.de\/bucuresti\/wizz-air-infiinteaza-o-ruta-noua-de-la-bucuresti-spre-izmir\/embed\/#?secret=9RXQO6Oshs#?secret=G5p33VTrZG\" data-secret=\"G5p33VTrZG\" width=\"600\" height=\"338\" frameborder=\"0\" marginwidth=\"0\" marginheight=\"0\" scrolling=\"no\"><\/iframe>\n<\/div><\/figure>\n\n\n\n<p><\/p>\n\n\n\n<p><\/p>\n","protected":false},"excerpt":{"rendered":"<p>ACTUALIZARE: \u00a0Ca urmare a adresei transmisE de organizatorul Festivalului Interna\u021bional de Folclor \u201eMuzici \u0219i Tradi\u021bii \u00een Bucure\u0219ti\u201d, restric\u021biile de circula\u021bie de pe \u0218oseaua Kiseleff nu vor mai fi aplicate, iar liniile de autobuz 100, 203 \u0219i 205 vor circula normal. Liniile 100, 203 \u0219i 205 vor fi deviate, de vineri sear\u0103 p\u00e2n\u0103 duminic\u0103 diminea\u021b\u0103, pentru [&hellip;]<\/p>\n","protected":false},"author":49,"featured_media":84059,"comment_status":"closed","ping_status":"open","sticky":false,"template":"","format":"standard","meta":{"_acf_changed":false,"inline_featured_image":false,"ngg_post_thumbnail":0,"footnotes":""},"categories":[6994,62,650],"tags":[12876,8140,9996,6626,12875,2842],"ppma_author":[22574],"class_list":["post-88736","post","type-post","status-publish","format-standard","has-post-thumbnail","hentry","category-stiri-2","category-stiri","category-transport","tag-festivalul-international-de-folclor-2","tag-linia-100","tag-linia-203","tag-linia-205","tag-linii-deviate","tag-tpbi"],"acf":[],"yoast_head":"<!-- This site is optimized with the Yoast SEO Premium plugin v25.3 (Yoast SEO v27.5) - https:\/\/yoast.com\/product\/yoast-seo-premium-wordpress\/ -->\n<title>Trei linii STB deviate, de vineri sear\u0103 p\u00e2n\u0103 duminic\u0103 diminea\u021b\u0103 - Buletin de Bucure\u0219ti<\/title>\n<meta name=\"robots\" content=\"index, follow, max-snippet:-1, max-image-preview:large, max-video-preview:-1\" \/>\n<link rel=\"canonical\" href=\"https:\/\/buletin.de\/bucuresti\/trei-linii-stb-deviate-de-vineri-seara-pana-duminica-dimineata\/\" \/>\n<meta property=\"og:locale\" content=\"en_GB\" \/>\n<meta property=\"og:type\" content=\"article\" \/>\n<meta property=\"og:title\" content=\"Trei linii STB deviate, de vineri sear\u0103 p\u00e2n\u0103 duminic\u0103 diminea\u021b\u0103\" \/>\n<meta property=\"og:description\" content=\"ACTUALIZARE: \u00a0Ca urmare a adresei transmisE de organizatorul Festivalului Interna\u021bional de Folclor \u201eMuzici \u0219i Tradi\u021bii \u00een Bucure\u0219ti\u201d, restric\u021biile de circula\u021bie de pe \u0218oseaua Kiseleff nu vor mai fi aplicate, iar liniile de autobuz 100, 203 \u0219i 205 vor circula normal. Liniile 100, 203 \u0219i 205 vor fi deviate, de vineri sear\u0103 p\u00e2n\u0103 duminic\u0103 diminea\u021b\u0103, pentru [&hellip;]\" \/>\n<meta property=\"og:url\" content=\"https:\/\/buletin.de\/bucuresti\/trei-linii-stb-deviate-de-vineri-seara-pana-duminica-dimineata\/\" \/>\n<meta property=\"og:site_name\" content=\"Buletin de Bucure\u0219ti\" \/>\n<meta property=\"article:publisher\" content=\"https:\/\/www.facebook.com\/buletin.de.buc\" \/>\n<meta property=\"article:published_time\" content=\"2024-06-19T11:40:14+00:00\" \/>\n<meta property=\"article:modified_time\" content=\"2024-06-20T11:27:01+00:00\" \/>\n<meta property=\"og:image\" content=\"https:\/\/buletin.de\/bucuresti\/wp-content\/uploads\/linia-205-900x754.png\" \/>\n\t<meta property=\"og:image:width\" content=\"900\" \/>\n\t<meta property=\"og:image:height\" content=\"754\" \/>\n\t<meta property=\"og:image:type\" content=\"image\/png\" \/>\n<meta name=\"author\" content=\"Diana Matei\" \/>\n<meta name=\"twitter:card\" content=\"summary_large_image\" \/>\n<meta name=\"twitter:label1\" content=\"Written by\" \/>\n\t<meta name=\"twitter:data1\" content=\"Diana Matei\" \/>\n\t<meta name=\"twitter:label2\" content=\"Estimated reading time\" \/>\n\t<meta name=\"twitter:data2\" content=\"2 minutes\" \/>\n<script type=\"application\/ld+json\" class=\"yoast-schema-graph\">{\"@context\":\"https:\\\/\\\/schema.org\",\"@graph\":[{\"@type\":\"Article\",\"@id\":\"https:\\\/\\\/buletin.de\\\/bucuresti\\\/trei-linii-stb-deviate-de-vineri-seara-pana-duminica-dimineata\\\/#article\",\"isPartOf\":{\"@id\":\"https:\\\/\\\/buletin.de\\\/bucuresti\\\/trei-linii-stb-deviate-de-vineri-seara-pana-duminica-dimineata\\\/\"},\"author\":{\"name\":\"Diana Matei\",\"@id\":\"https:\\\/\\\/buletin.de\\\/bucuresti\\\/#\\\/schema\\\/person\\\/7e46040573290777280a0835d81ea4ea\"},\"headline\":\"Trei linii STB deviate, de vineri sear\u0103 p\u00e2n\u0103 duminic\u0103 diminea\u021b\u0103\",\"datePublished\":\"2024-06-19T11:40:14+00:00\",\"dateModified\":\"2024-06-20T11:27:01+00:00\",\"mainEntityOfPage\":{\"@id\":\"https:\\\/\\\/buletin.de\\\/bucuresti\\\/trei-linii-stb-deviate-de-vineri-seara-pana-duminica-dimineata\\\/\"},\"wordCount\":342,\"publisher\":{\"@id\":\"https:\\\/\\\/buletin.de\\\/bucuresti\\\/#organization\"},\"image\":{\"@id\":\"https:\\\/\\\/buletin.de\\\/bucuresti\\\/trei-linii-stb-deviate-de-vineri-seara-pana-duminica-dimineata\\\/#primaryimage\"},\"thumbnailUrl\":\"https:\\\/\\\/buletin.de\\\/bucuresti\\\/wp-content\\\/uploads\\\/linia-205.png\",\"keywords\":[\"Festivalul Interna\u021bional de Folclor\",\"Linia 100\",\"linia 203\",\"linia 205\",\"linii deviate\",\"tpbi\"],\"articleSection\":[\"Articole\",\"\u0218tiri\",\"Transport\"],\"inLanguage\":\"en-GB\",\"copyrightYear\":\"2024\",\"copyrightHolder\":{\"@id\":\"https:\\\/\\\/buletin.de\\\/bucuresti\\\/#organization\"}},{\"@type\":\"WebPage\",\"@id\":\"https:\\\/\\\/buletin.de\\\/bucuresti\\\/trei-linii-stb-deviate-de-vineri-seara-pana-duminica-dimineata\\\/\",\"url\":\"https:\\\/\\\/buletin.de\\\/bucuresti\\\/trei-linii-stb-deviate-de-vineri-seara-pana-duminica-dimineata\\\/\",\"name\":\"Trei linii STB deviate, de vineri sear\u0103 p\u00e2n\u0103 duminic\u0103 diminea\u021b\u0103 - Buletin de Bucure\u0219ti\",\"isPartOf\":{\"@id\":\"https:\\\/\\\/buletin.de\\\/bucuresti\\\/#website\"},\"primaryImageOfPage\":{\"@id\":\"https:\\\/\\\/buletin.de\\\/bucuresti\\\/trei-linii-stb-deviate-de-vineri-seara-pana-duminica-dimineata\\\/#primaryimage\"},\"image\":{\"@id\":\"https:\\\/\\\/buletin.de\\\/bucuresti\\\/trei-linii-stb-deviate-de-vineri-seara-pana-duminica-dimineata\\\/#primaryimage\"},\"thumbnailUrl\":\"https:\\\/\\\/buletin.de\\\/bucuresti\\\/wp-content\\\/uploads\\\/linia-205.png\",\"datePublished\":\"2024-06-19T11:40:14+00:00\",\"dateModified\":\"2024-06-20T11:27:01+00:00\",\"breadcrumb\":{\"@id\":\"https:\\\/\\\/buletin.de\\\/bucuresti\\\/trei-linii-stb-deviate-de-vineri-seara-pana-duminica-dimineata\\\/#breadcrumb\"},\"inLanguage\":\"en-GB\",\"potentialAction\":[{\"@type\":\"ReadAction\",\"target\":[\"https:\\\/\\\/buletin.de\\\/bucuresti\\\/trei-linii-stb-deviate-de-vineri-seara-pana-duminica-dimineata\\\/\"]}]},{\"@type\":\"ImageObject\",\"inLanguage\":\"en-GB\",\"@id\":\"https:\\\/\\\/buletin.de\\\/bucuresti\\\/trei-linii-stb-deviate-de-vineri-seara-pana-duminica-dimineata\\\/#primaryimage\",\"url\":\"https:\\\/\\\/buletin.de\\\/bucuresti\\\/wp-content\\\/uploads\\\/linia-205.png\",\"contentUrl\":\"https:\\\/\\\/buletin.de\\\/bucuresti\\\/wp-content\\\/uploads\\\/linia-205.png\",\"width\":2000,\"height\":1676,\"caption\":\"FOTO:TPBI\"},{\"@type\":\"BreadcrumbList\",\"@id\":\"https:\\\/\\\/buletin.de\\\/bucuresti\\\/trei-linii-stb-deviate-de-vineri-seara-pana-duminica-dimineata\\\/#breadcrumb\",\"itemListElement\":[{\"@type\":\"ListItem\",\"position\":1,\"name\":\"Acas\u0103\",\"item\":\"https:\\\/\\\/buletin.de\\\/bucuresti\\\/\"},{\"@type\":\"ListItem\",\"position\":2,\"name\":\"Trei linii STB deviate, de vineri sear\u0103 p\u00e2n\u0103 duminic\u0103 diminea\u021b\u0103\"}]},{\"@type\":\"WebSite\",\"@id\":\"https:\\\/\\\/buletin.de\\\/bucuresti\\\/#website\",\"url\":\"https:\\\/\\\/buletin.de\\\/bucuresti\\\/\",\"name\":\"Buletin de Bucure\u0219ti\",\"description\":\"\u0218tiri \u0219i investiga\u021bii esen\u021biale din capital\u0103\",\"publisher\":{\"@id\":\"https:\\\/\\\/buletin.de\\\/bucuresti\\\/#organization\"},\"potentialAction\":[{\"@type\":\"SearchAction\",\"target\":{\"@type\":\"EntryPoint\",\"urlTemplate\":\"https:\\\/\\\/buletin.de\\\/bucuresti\\\/?s={search_term_string}\"},\"query-input\":{\"@type\":\"PropertyValueSpecification\",\"valueRequired\":true,\"valueName\":\"search_term_string\"}}],\"inLanguage\":\"en-GB\"},{\"@type\":\"Organization\",\"@id\":\"https:\\\/\\\/buletin.de\\\/bucuresti\\\/#organization\",\"name\":\"Buletin de Bucure\u0219ti\",\"url\":\"https:\\\/\\\/buletin.de\\\/bucuresti\\\/\",\"logo\":{\"@type\":\"ImageObject\",\"inLanguage\":\"en-GB\",\"@id\":\"https:\\\/\\\/buletin.de\\\/bucuresti\\\/#\\\/schema\\\/logo\\\/image\\\/\",\"url\":\"https:\\\/\\\/buletin.de\\\/bucuresti\\\/wp-content\\\/uploads\\\/logo-bdb-full-wide-vernil-transparent.png\",\"contentUrl\":\"https:\\\/\\\/buletin.de\\\/bucuresti\\\/wp-content\\\/uploads\\\/logo-bdb-full-wide-vernil-transparent.png\",\"width\":1782,\"height\":626,\"caption\":\"Buletin de Bucure\u0219ti\"},\"image\":{\"@id\":\"https:\\\/\\\/buletin.de\\\/bucuresti\\\/#\\\/schema\\\/logo\\\/image\\\/\"},\"sameAs\":[\"https:\\\/\\\/www.facebook.com\\\/buletin.de.buc\",\"https:\\\/\\\/www.instagram.com\\\/buletinde.bucuresti\\\/\"]},{\"@type\":\"Person\",\"@id\":\"https:\\\/\\\/buletin.de\\\/bucuresti\\\/#\\\/schema\\\/person\\\/7e46040573290777280a0835d81ea4ea\",\"name\":\"Diana Matei\",\"image\":{\"@type\":\"ImageObject\",\"inLanguage\":\"en-GB\",\"@id\":\"https:\\\/\\\/buletin.de\\\/bucuresti\\\/wp-content\\\/uploads\\\/9-2-96x96.jpg1e8590b30871d70e62ebcdaf2eff570c\",\"url\":\"https:\\\/\\\/buletin.de\\\/bucuresti\\\/wp-content\\\/uploads\\\/9-2-96x96.jpg\",\"contentUrl\":\"https:\\\/\\\/buletin.de\\\/bucuresti\\\/wp-content\\\/uploads\\\/9-2-96x96.jpg\",\"caption\":\"Diana Matei\"},\"url\":\"https:\\\/\\\/buletin.de\\\/bucuresti\\\/author\\\/dianamatei\\\/\"}]}<\/script>\n<!-- \/ Yoast SEO Premium plugin. -->","yoast_head_json":{"title":"Trei linii STB deviate, de vineri sear\u0103 p\u00e2n\u0103 duminic\u0103 diminea\u021b\u0103 - Buletin de Bucure\u0219ti","robots":{"index":"index","follow":"follow","max-snippet":"max-snippet:-1","max-image-preview":"max-image-preview:large","max-video-preview":"max-video-preview:-1"},"canonical":"https:\/\/buletin.de\/bucuresti\/trei-linii-stb-deviate-de-vineri-seara-pana-duminica-dimineata\/","og_locale":"en_GB","og_type":"article","og_title":"Trei linii STB deviate, de vineri sear\u0103 p\u00e2n\u0103 duminic\u0103 diminea\u021b\u0103","og_description":"ACTUALIZARE: \u00a0Ca urmare a adresei transmisE de organizatorul Festivalului Interna\u021bional de Folclor \u201eMuzici \u0219i Tradi\u021bii \u00een Bucure\u0219ti\u201d, restric\u021biile de circula\u021bie de pe \u0218oseaua Kiseleff nu vor mai fi aplicate, iar liniile de autobuz 100, 203 \u0219i 205 vor circula normal. Liniile 100, 203 \u0219i 205 vor fi deviate, de vineri sear\u0103 p\u00e2n\u0103 duminic\u0103 diminea\u021b\u0103, pentru [&hellip;]","og_url":"https:\/\/buletin.de\/bucuresti\/trei-linii-stb-deviate-de-vineri-seara-pana-duminica-dimineata\/","og_site_name":"Buletin de Bucure\u0219ti","article_publisher":"https:\/\/www.facebook.com\/buletin.de.buc","article_published_time":"2024-06-19T11:40:14+00:00","article_modified_time":"2024-06-20T11:27:01+00:00","og_image":[{"width":900,"height":754,"url":"https:\/\/buletin.de\/bucuresti\/wp-content\/uploads\/linia-205-900x754.png","type":"image\/png"}],"author":"Diana Matei","twitter_card":"summary_large_image","twitter_misc":{"Written by":"Diana Matei","Estimated reading time":"2 minutes"},"schema":{"@context":"https:\/\/schema.org","@graph":[{"@type":"Article","@id":"https:\/\/buletin.de\/bucuresti\/trei-linii-stb-deviate-de-vineri-seara-pana-duminica-dimineata\/#article","isPartOf":{"@id":"https:\/\/buletin.de\/bucuresti\/trei-linii-stb-deviate-de-vineri-seara-pana-duminica-dimineata\/"},"author":{"name":"Diana Matei","@id":"https:\/\/buletin.de\/bucuresti\/#\/schema\/person\/7e46040573290777280a0835d81ea4ea"},"headline":"Trei linii STB deviate, de vineri sear\u0103 p\u00e2n\u0103 duminic\u0103 diminea\u021b\u0103","datePublished":"2024-06-19T11:40:14+00:00","dateModified":"2024-06-20T11:27:01+00:00","mainEntityOfPage":{"@id":"https:\/\/buletin.de\/bucuresti\/trei-linii-stb-deviate-de-vineri-seara-pana-duminica-dimineata\/"},"wordCount":342,"publisher":{"@id":"https:\/\/buletin.de\/bucuresti\/#organization"},"image":{"@id":"https:\/\/buletin.de\/bucuresti\/trei-linii-stb-deviate-de-vineri-seara-pana-duminica-dimineata\/#primaryimage"},"thumbnailUrl":"https:\/\/buletin.de\/bucuresti\/wp-content\/uploads\/linia-205.png","keywords":["Festivalul Interna\u021bional de Folclor","Linia 100","linia 203","linia 205","linii deviate","tpbi"],"articleSection":["Articole","\u0218tiri","Transport"],"inLanguage":"en-GB","copyrightYear":"2024","copyrightHolder":{"@id":"https:\/\/buletin.de\/bucuresti\/#organization"}},{"@type":"WebPage","@id":"https:\/\/buletin.de\/bucuresti\/trei-linii-stb-deviate-de-vineri-seara-pana-duminica-dimineata\/","url":"https:\/\/buletin.de\/bucuresti\/trei-linii-stb-deviate-de-vineri-seara-pana-duminica-dimineata\/","name":"Trei linii STB deviate, de vineri sear\u0103 p\u00e2n\u0103 duminic\u0103 diminea\u021b\u0103 - Buletin de Bucure\u0219ti","isPartOf":{"@id":"https:\/\/buletin.de\/bucuresti\/#website"},"primaryImageOfPage":{"@id":"https:\/\/buletin.de\/bucuresti\/trei-linii-stb-deviate-de-vineri-seara-pana-duminica-dimineata\/#primaryimage"},"image":{"@id":"https:\/\/buletin.de\/bucuresti\/trei-linii-stb-deviate-de-vineri-seara-pana-duminica-dimineata\/#primaryimage"},"thumbnailUrl":"https:\/\/buletin.de\/bucuresti\/wp-content\/uploads\/linia-205.png","datePublished":"2024-06-19T11:40:14+00:00","dateModified":"2024-06-20T11:27:01+00:00","breadcrumb":{"@id":"https:\/\/buletin.de\/bucuresti\/trei-linii-stb-deviate-de-vineri-seara-pana-duminica-dimineata\/#breadcrumb"},"inLanguage":"en-GB","potentialAction":[{"@type":"ReadAction","target":["https:\/\/buletin.de\/bucuresti\/trei-linii-stb-deviate-de-vineri-seara-pana-duminica-dimineata\/"]}]},{"@type":"ImageObject","inLanguage":"en-GB","@id":"https:\/\/buletin.de\/bucuresti\/trei-linii-stb-deviate-de-vineri-seara-pana-duminica-dimineata\/#primaryimage","url":"https:\/\/buletin.de\/bucuresti\/wp-content\/uploads\/linia-205.png","contentUrl":"https:\/\/buletin.de\/bucuresti\/wp-content\/uploads\/linia-205.png","width":2000,"height":1676,"caption":"FOTO:TPBI"},{"@type":"BreadcrumbList","@id":"https:\/\/buletin.de\/bucuresti\/trei-linii-stb-deviate-de-vineri-seara-pana-duminica-dimineata\/#breadcrumb","itemListElement":[{"@type":"ListItem","position":1,"name":"Acas\u0103","item":"https:\/\/buletin.de\/bucuresti\/"},{"@type":"ListItem","position":2,"name":"Trei linii STB deviate, de vineri sear\u0103 p\u00e2n\u0103 duminic\u0103 diminea\u021b\u0103"}]},{"@type":"WebSite","@id":"https:\/\/buletin.de\/bucuresti\/#website","url":"https:\/\/buletin.de\/bucuresti\/","name":"Buletin de Bucure\u0219ti","description":"\u0218tiri \u0219i investiga\u021bii esen\u021biale din capital\u0103","publisher":{"@id":"https:\/\/buletin.de\/bucuresti\/#organization"},"potentialAction":[{"@type":"SearchAction","target":{"@type":"EntryPoint","urlTemplate":"https:\/\/buletin.de\/bucuresti\/?s={search_term_string}"},"query-input":{"@type":"PropertyValueSpecification","valueRequired":true,"valueName":"search_term_string"}}],"inLanguage":"en-GB"},{"@type":"Organization","@id":"https:\/\/buletin.de\/bucuresti\/#organization","name":"Buletin de Bucure\u0219ti","url":"https:\/\/buletin.de\/bucuresti\/","logo":{"@type":"ImageObject","inLanguage":"en-GB","@id":"https:\/\/buletin.de\/bucuresti\/#\/schema\/logo\/image\/","url":"https:\/\/buletin.de\/bucuresti\/wp-content\/uploads\/logo-bdb-full-wide-vernil-transparent.png","contentUrl":"https:\/\/buletin.de\/bucuresti\/wp-content\/uploads\/logo-bdb-full-wide-vernil-transparent.png","width":1782,"height":626,"caption":"Buletin de Bucure\u0219ti"},"image":{"@id":"https:\/\/buletin.de\/bucuresti\/#\/schema\/logo\/image\/"},"sameAs":["https:\/\/www.facebook.com\/buletin.de.buc","https:\/\/www.instagram.com\/buletinde.bucuresti\/"]},{"@type":"Person","@id":"https:\/\/buletin.de\/bucuresti\/#\/schema\/person\/7e46040573290777280a0835d81ea4ea","name":"Diana Matei","image":{"@type":"ImageObject","inLanguage":"en-GB","@id":"https:\/\/buletin.de\/bucuresti\/wp-content\/uploads\/9-2-96x96.jpg1e8590b30871d70e62ebcdaf2eff570c","url":"https:\/\/buletin.de\/bucuresti\/wp-content\/uploads\/9-2-96x96.jpg","contentUrl":"https:\/\/buletin.de\/bucuresti\/wp-content\/uploads\/9-2-96x96.jpg","caption":"Diana Matei"},"url":"https:\/\/buletin.de\/bucuresti\/author\/dianamatei\/"}]}},"authors":[{"term_id":22574,"user_id":49,"is_guest":0,"slug":"dianamatei","display_name":"Diana Matei","avatar_url":"https:\/\/buletin.de\/bucuresti\/wp-content\/uploads\/9-2-96x96.jpg","0":null,"1":"","2":"","3":"","4":"","5":"","6":"","7":"","8":""}],"_links":{"self":[{"href":"https:\/\/buletin.de\/bucuresti\/wp-json\/wp\/v2\/posts\/88736","targetHints":{"allow":["GET"]}}],"collection":[{"href":"https:\/\/buletin.de\/bucuresti\/wp-json\/wp\/v2\/posts"}],"about":[{"href":"https:\/\/buletin.de\/bucuresti\/wp-json\/wp\/v2\/types\/post"}],"author":[{"embeddable":true,"href":"https:\/\/buletin.de\/bucuresti\/wp-json\/wp\/v2\/users\/49"}],"replies":[{"embeddable":true,"href":"https:\/\/buletin.de\/bucuresti\/wp-json\/wp\/v2\/comments?post=88736"}],"version-history":[{"count":3,"href":"https:\/\/buletin.de\/bucuresti\/wp-json\/wp\/v2\/posts\/88736\/revisions"}],"predecessor-version":[{"id":88856,"href":"https:\/\/buletin.de\/bucuresti\/wp-json\/wp\/v2\/posts\/88736\/revisions\/88856"}],"wp:featuredmedia":[{"embeddable":true,"href":"https:\/\/buletin.de\/bucuresti\/wp-json\/wp\/v2\/media\/84059"}],"wp:attachment":[{"href":"https:\/\/buletin.de\/bucuresti\/wp-json\/wp\/v2\/media?parent=88736"}],"wp:term":[{"taxonomy":"category","embeddable":true,"href":"https:\/\/buletin.de\/bucuresti\/wp-json\/wp\/v2\/categories?post=88736"},{"taxonomy":"post_tag","embeddable":true,"href":"https:\/\/buletin.de\/bucuresti\/wp-json\/wp\/v2\/tags?post=88736"},{"taxonomy":"author","embeddable":true,"href":"https:\/\/buletin.de\/bucuresti\/wp-json\/wp\/v2\/ppma_author?post=88736"}],"curies":[{"name":"wp","href":"https:\/\/api.w.org\/{rel}","templated":true}]}}